{"id":861458,"date":"2016-02-24T04:18:12","date_gmt":"2016-02-24T04:18:12","guid":{"rendered":"http:\/\/www.eldigitaldeasturias.com\/noticias\/?p=861458"},"modified":"2016-02-24T04:18:12","modified_gmt":"2016-02-24T04:18:12","slug":"el-juez-que-investiga-el-presunto-blanqueo-del-pp-valenciano-pregunta-al-senado-si-barbera-es-parlamentaria","status":"publish","type":"post","link":"https:\/\/www.eldigitaldeasturias.com\/noticias\/el-juez-que-investiga-el-presunto-blanqueo-del-pp-valenciano-pregunta-al-senado-si-barbera-es-parlamentaria\/","title":{"rendered":"El juez que investiga el presunto blanqueo del PP valenciano pregunta al Senado si Barber\u00e1 es parlamentaria"},"content":{"rendered":"<p><img loading=\"lazy\" decoding=\"async\" class=\"alignleft size-medium wp-image-861459\" src=\"https:\/\/www.eldigitaldeasturias.com\/noticias\/wp-content\/uploads\/2016\/02\/fotonoticia_20160223122207_800-360x270.jpg\" alt=\"fotonoticia_20160223122207_800\" width=\"360\" height=\"270\" srcset=\"https:\/\/www.eldigitaldeasturias.com\/noticias\/wp-content\/uploads\/2016\/02\/fotonoticia_20160223122207_800-360x270.jpg 360w, https:\/\/www.eldigitaldeasturias.com\/noticias\/wp-content\/uploads\/2016\/02\/fotonoticia_20160223122207_800-768x576.jpg 768w, https:\/\/www.eldigitaldeasturias.com\/noticias\/wp-content\/uploads\/2016\/02\/fotonoticia_20160223122207_800-650x488.jpg 650w, https:\/\/www.eldigitaldeasturias.com\/noticias\/wp-content\/uploads\/2016\/02\/fotonoticia_20160223122207_800-125x95.jpg 125w, https:\/\/www.eldigitaldeasturias.com\/noticias\/wp-content\/uploads\/2016\/02\/fotonoticia_20160223122207_800-100x75.jpg 100w, https:\/\/www.eldigitaldeasturias.com\/noticias\/wp-content\/uploads\/2016\/02\/fotonoticia_20160223122207_800.jpg 800w\" sizes=\"auto, (max-width: 360px) 100vw, 360px\" \/>El Juzgado de Instrucci\u00f3n n\u00famero 18 de Valencia, que instruye la Operaci\u00f3n Taula y el caso Imelsa, ha remitido un escrito al Senado en el que le pregunta si la exalcaldesa de Valencia Rita Barber\u00e1 es senadora, seg\u00fan han confirmado a Europa Press en la C\u00e1mara Alta. Esta diligencia suele registrarse cuando los \u00f3rganos judiciales tienen que investigar a un aforado nacional, puesto que en caso afirmativo deben enviar la causa al Tribunal Supremo.<\/p>\n<p>El escrito ser\u00e1 revisado por la Mesa de la instituci\u00f3n, que se re\u00fane este mediod\u00eda, han indicado las mismas fuentes.<\/p>\n<p>El nombre de Rita Barber\u00e1 sali\u00f3 a relucir desde el primer momento en el que se destap\u00f3 p\u00fablicamente la Operaci\u00f3n Taula, a finales del pasado mes de enero, un caso relacionado inicialmente con presuntas irregularidades en contrataciones p\u00fablicas de la empresa Imelsa, de la Diputaci\u00f3n de Valencia; y posteriormente con un presunto delito de blanqueo del PP, por el que han acabado investigadas &#8211;imputadas antes de la reforma de la LeCrim&#8211; 49 personas entre concejales, exediles, asesores y exasesores del PP valenciano . El juzgado investiga ambas piezas por separado.<\/p>\n<p>Tanto Fiscal\u00eda Anticorrupci\u00f3n como la Guardia Civil sospechan &#8211;de forma indiciaria&#8211; que tanto Barber\u00e1 como el expresidente de la Generalitat Valenciana Francisco Camps y el exvicepresidente del Gobierno valenciano y diputado del PP por Alicante Gerardo Camps estar\u00edan implicados en el presunto blanqueo del dinero que se est\u00e1 investigando y que principalmente estaba orquestado por el exvicepresidente de la Diputaci\u00f3n y exgerente de Ciegsa -empresa p\u00fablica de la Generalitat&#8211; M\u00e1ximo Caturla, han informado a Europa Press fuentes conocedoras del procedimiento.<\/p>\n<p>Sin embargo, ninguna de estas tres personas &#8211;ni Barber\u00e1, ni Francisco Camps ni Gerardo Camps&#8211; han sido detenidas o citadas a declarar en calidad de investigadas en el juzgado por este asunto, puesto que la ley no lo permite. Al tener los tres la condici\u00f3n de aforados, el juzgado de Valencia que lleva el procedimiento, cuando tenga suficientes indicios, deber\u00eda remitir la causa a un \u00f3rgano superior, en esta ocasi\u00f3n el Tribunal Supremo, puesto que la exprimera edil es senadora.<\/p>\n<p>PEDIR LA IMPUTACI\u00d3N<\/p>\n<p>Los investigadores estaban esperando a que terminen de declarar los investigados en la pieza del supuesto blanqueo del PP &#8211;los interrogatorios concluyeron este lunes&#8211; para determinar si con sus testimonios, documentos y grabaciones que obran en la causa pueden pedir la imputaci\u00f3n de Barber\u00e1, Francisco Camps y Gerardo Camps.<\/p>\n<p>Tras estudiarlo, ser\u00e1 el fiscal el que tenga que elevar un informe a la titular del juzgado valenciano pidiendo que el procedimiento se remita al Tribunal Supremo al hallar indicios de delito contra personas aforadas. Este paso todav\u00eda no se ha producido, aunque s\u00ed podr\u00eda registrarse en los pr\u00f3ximos meses, han confirmado a Europa Press fuentes conocedoras del caso.<\/p>\n<p>Mientras tanto, el juzgado ha dado un paso m\u00e1s en este asunto y ya ha preguntado al Senado si Rita Barber\u00e1 es parlamentaria, lo que le obligar\u00eda a remitirle la causa en caso de que Fiscal\u00eda solicitara su imputaci\u00f3n por presunto blanqueo de capitales.<\/p>\n<p>El juzgado que investiga este procedimiento, que est\u00e1 declarado secreto hasta el 14 de marzo, instruye las dos piezas por separado. Los delitos que se imputan a los investigados &#8211;en total, unas 80 personas&#8211; son, en diferentes grados, prevaricaci\u00f3n administrativa, malversaci\u00f3n de caudales, tr\u00e1fico de influencias, cohecho, fraude, falsedad y blanqueo de capitales. Por el \u00f3rgano judicial ya han desfilado todos los investigados y una gran mayor\u00eda se ha acogido a su derecho a no declarar.<\/p>\n","protected":false},"excerpt":{"rendered":"<p>El Juzgado de Instrucci\u00f3n n\u00famero 18 de Valencia, que instruye la Operaci\u00f3n Taula y el caso Imelsa, ha remitido un escrito al Senado en el que le pregunta si la exalcaldesa de Valencia Rita Barber\u00e1 es senadora, seg\u00fan han confirmado a Europa Press en la C\u00e1mara Alta. Esta diligencia suele registrarse cuando los \u00f3rganos judiciales [&hellip;]<\/p>\n","protected":false},"author":1,"featured_media":861459,"comment_status":"closed","ping_status":"closed","sticky":false,"template":"","format":"standard","meta":{"footnotes":""},"categories":[1],"tags":[],"class_list":["post-861458","post","type-post","status-publish","format-standard","has-post-thumbnail","hentry","category-actualidad"],"aioseo_notices":[],"aioseo_head":"\n\t\t<!-- All in One SEO Pro 4.9.6.2 - aioseo.com -->\n\t<meta name=\"description\" content=\"El Juzgado de Instrucci\u00f3n n\u00famero 18 de Valencia, que instruye la Operaci\u00f3n Taula y el caso Imelsa, ha remitido un escrito al Senado en el que le pregunta si la exalcaldesa de Valencia Rita Barber\u00e1 es senadora, seg\u00fan han confirmado a Europa Press en la C\u00e1mara Alta. Esta diligencia suele registrarse cuando los \u00f3rganos judiciales\" \/>\n\t<meta name=\"robots\" content=\"max-image-preview:large\" \/>\n\t<meta name=\"author\" content=\"El Digital de Asturias\"\/>\n\t<meta name=\"google-site-verification\" content=\"UA-38556648-1\" \/>\n\t<meta name=\"msvalidate.01\" content=\"7dfe9f3f1b24437ab69f4f2559babe99\" \/>\n\t<meta name=\"keywords\" content=\"actualidad\" \/>\n\t<link rel=\"canonical\" href=\"https:\/\/www.eldigitaldeasturias.com\/noticias\/el-juez-que-investiga-el-presunto-blanqueo-del-pp-valenciano-pregunta-al-senado-si-barbera-es-parlamentaria\/\" \/>\n\t<meta name=\"generator\" content=\"All in One SEO Pro (AIOSEO) 4.9.6.2\" \/>\n\t\t<meta property=\"og:locale\" content=\"es_ES\" \/>\n\t\t<meta property=\"og:site_name\" content=\"El Digital de Asturias\" \/>\n\t\t<meta property=\"og:type\" content=\"article\" \/>\n\t\t<meta property=\"og:title\" content=\"El juez que investiga el presunto blanqueo del PP valenciano pregunta al Senado si Barber\u00e1 es parlamentaria - El Digital de Asturias\" \/>\n\t\t<meta property=\"og:description\" content=\"El Juzgado de Instrucci\u00f3n n\u00famero 18 de Valencia, que instruye la Operaci\u00f3n Taula y el caso Imelsa, ha remitido un escrito al Senado en el que le pregunta si la exalcaldesa de Valencia Rita Barber\u00e1 es senadora, seg\u00fan han confirmado a Europa Press en la C\u00e1mara Alta. Esta diligencia suele registrarse cuando los \u00f3rganos judiciales\" \/>\n\t\t<meta property=\"og:url\" content=\"https:\/\/www.eldigitaldeasturias.com\/noticias\/el-juez-que-investiga-el-presunto-blanqueo-del-pp-valenciano-pregunta-al-senado-si-barbera-es-parlamentaria\/\" \/>\n\t\t<meta property=\"og:image\" content=\"https:\/\/www.eldigitaldeasturias.com\/noticias\/wp-content\/uploads\/2016\/02\/fotonoticia_20160223122207_800.jpg\" \/>\n\t\t<meta property=\"og:image:secure_url\" content=\"https:\/\/www.eldigitaldeasturias.com\/noticias\/wp-content\/uploads\/2016\/02\/fotonoticia_20160223122207_800.jpg\" \/>\n\t\t<meta property=\"og:image:width\" content=\"800\" \/>\n\t\t<meta property=\"og:image:height\" content=\"600\" \/>\n\t\t<meta property=\"article:tag\" content=\"actualidad\" \/>\n\t\t<meta property=\"article:published_time\" content=\"2016-02-24T04:18:12+00:00\" \/>\n\t\t<meta property=\"article:modified_time\" content=\"2016-02-24T04:18:12+00:00\" \/>\n\t\t<meta property=\"article:publisher\" content=\"https:\/\/facebook.com\/eldigitaldeasturias\" \/>\n\t\t<meta name=\"twitter:card\" content=\"summary_large_image\" \/>\n\t\t<meta name=\"twitter:title\" content=\"El juez que investiga el presunto blanqueo del PP valenciano pregunta al Senado si Barber\u00e1 es parlamentaria - El Digital de Asturias\" \/>\n\t\t<meta name=\"twitter:description\" content=\"El Juzgado de Instrucci\u00f3n n\u00famero 18 de Valencia, que instruye la Operaci\u00f3n Taula y el caso Imelsa, ha remitido un escrito al Senado en el que le pregunta si la exalcaldesa de Valencia Rita Barber\u00e1 es senadora, seg\u00fan han confirmado a Europa Press en la C\u00e1mara Alta. Esta diligencia suele registrarse cuando los \u00f3rganos judiciales\" \/>\n\t\t<meta name=\"twitter:image\" content=\"https:\/\/www.eldigitaldeasturias.com\/noticias\/wp-content\/uploads\/2016\/02\/fotonoticia_20160223122207_800.jpg\" \/>\n\t\t<meta name=\"twitter:label1\" content=\"Escrito por\" \/>\n\t\t<meta name=\"twitter:data1\" content=\"El Digital de Asturias\" \/>\n\t\t<meta name=\"twitter:label2\" content=\"Tiempo de lectura estimado\" \/>\n\t\t<meta name=\"twitter:data2\" content=\"3 minutos\" \/>\n\t\t<script type=\"application\/ld+json\" class=\"aioseo-schema\">\n\t\t\t{\"@context\":\"https:\\\/\\\/schema.org\",\"@graph\":[{\"@type\":\"BlogPosting\",\"@id\":\"https:\\\/\\\/www.eldigitaldeasturias.com\\\/noticias\\\/el-juez-que-investiga-el-presunto-blanqueo-del-pp-valenciano-pregunta-al-senado-si-barbera-es-parlamentaria\\\/#blogposting\",\"name\":\"El juez que investiga el presunto blanqueo del PP valenciano pregunta al Senado si Barber\\u00e1 es parlamentaria - El Digital de Asturias\",\"headline\":\"El juez que investiga el presunto blanqueo del PP valenciano pregunta al Senado si Barber\\u00e1 es parlamentaria\",\"author\":{\"@id\":\"https:\\\/\\\/www.eldigitaldeasturias.com\\\/noticias\\\/author\\\/admin\\\/#author\"},\"publisher\":{\"@id\":\"https:\\\/\\\/www.eldigitaldeasturias.com\\\/noticias\\\/#organization\"},\"image\":{\"@type\":\"ImageObject\",\"url\":\"https:\\\/\\\/www.eldigitaldeasturias.com\\\/noticias\\\/wp-content\\\/uploads\\\/2016\\\/02\\\/fotonoticia_20160223122207_800.jpg\",\"width\":800,\"height\":600},\"datePublished\":\"2016-02-24T04:18:12+01:00\",\"dateModified\":\"2016-02-24T04:18:12+01:00\",\"inLanguage\":\"es-ES\",\"mainEntityOfPage\":{\"@id\":\"https:\\\/\\\/www.eldigitaldeasturias.com\\\/noticias\\\/el-juez-que-investiga-el-presunto-blanqueo-del-pp-valenciano-pregunta-al-senado-si-barbera-es-parlamentaria\\\/#webpage\"},\"isPartOf\":{\"@id\":\"https:\\\/\\\/www.eldigitaldeasturias.com\\\/noticias\\\/el-juez-que-investiga-el-presunto-blanqueo-del-pp-valenciano-pregunta-al-senado-si-barbera-es-parlamentaria\\\/#webpage\"},\"articleSection\":\"Actualidad\"},{\"@type\":\"BreadcrumbList\",\"@id\":\"https:\\\/\\\/www.eldigitaldeasturias.com\\\/noticias\\\/el-juez-que-investiga-el-presunto-blanqueo-del-pp-valenciano-pregunta-al-senado-si-barbera-es-parlamentaria\\\/#breadcrumblist\",\"itemListElement\":[{\"@type\":\"ListItem\",\"@id\":\"https:\\\/\\\/www.eldigitaldeasturias.com\\\/noticias#listItem\",\"position\":1,\"name\":\"Home\",\"item\":\"https:\\\/\\\/www.eldigitaldeasturias.com\\\/noticias\",\"nextItem\":{\"@type\":\"ListItem\",\"@id\":\"https:\\\/\\\/www.eldigitaldeasturias.com\\\/noticias\\\/category\\\/actualidad\\\/#listItem\",\"name\":\"Actualidad\"}},{\"@type\":\"ListItem\",\"@id\":\"https:\\\/\\\/www.eldigitaldeasturias.com\\\/noticias\\\/category\\\/actualidad\\\/#listItem\",\"position\":2,\"name\":\"Actualidad\",\"item\":\"https:\\\/\\\/www.eldigitaldeasturias.com\\\/noticias\\\/category\\\/actualidad\\\/\",\"nextItem\":{\"@type\":\"ListItem\",\"@id\":\"https:\\\/\\\/www.eldigitaldeasturias.com\\\/noticias\\\/el-juez-que-investiga-el-presunto-blanqueo-del-pp-valenciano-pregunta-al-senado-si-barbera-es-parlamentaria\\\/#listItem\",\"name\":\"El juez que investiga el presunto blanqueo del PP valenciano pregunta al Senado si Barber\\u00e1 es parlamentaria\"},\"previousItem\":{\"@type\":\"ListItem\",\"@id\":\"https:\\\/\\\/www.eldigitaldeasturias.com\\\/noticias#listItem\",\"name\":\"Home\"}},{\"@type\":\"ListItem\",\"@id\":\"https:\\\/\\\/www.eldigitaldeasturias.com\\\/noticias\\\/el-juez-que-investiga-el-presunto-blanqueo-del-pp-valenciano-pregunta-al-senado-si-barbera-es-parlamentaria\\\/#listItem\",\"position\":3,\"name\":\"El juez que investiga el presunto blanqueo del PP valenciano pregunta al Senado si Barber\\u00e1 es parlamentaria\",\"previousItem\":{\"@type\":\"ListItem\",\"@id\":\"https:\\\/\\\/www.eldigitaldeasturias.com\\\/noticias\\\/category\\\/actualidad\\\/#listItem\",\"name\":\"Actualidad\"}}]},{\"@type\":\"Organization\",\"@id\":\"https:\\\/\\\/www.eldigitaldeasturias.com\\\/noticias\\\/#organization\",\"name\":\"El Digital de Asturias\",\"description\":\"Hemeroteca\",\"url\":\"https:\\\/\\\/www.eldigitaldeasturias.com\\\/noticias\\\/\",\"email\":\"info@eldigitaldeasturias.com\",\"telephone\":\"+34652131393\",\"logo\":{\"@type\":\"ImageObject\",\"url\":\"https:\\\/\\\/www.eldigitaldeasturias.com\\\/noticias\\\/wp-content\\\/uploads\\\/2020\\\/12\\\/EDA.jpg\",\"@id\":\"https:\\\/\\\/www.eldigitaldeasturias.com\\\/noticias\\\/el-juez-que-investiga-el-presunto-blanqueo-del-pp-valenciano-pregunta-al-senado-si-barbera-es-parlamentaria\\\/#organizationLogo\",\"width\":649,\"height\":297},\"image\":{\"@id\":\"https:\\\/\\\/www.eldigitaldeasturias.com\\\/noticias\\\/el-juez-que-investiga-el-presunto-blanqueo-del-pp-valenciano-pregunta-al-senado-si-barbera-es-parlamentaria\\\/#organizationLogo\"},\"sameAs\":[\"https:\\\/\\\/facebook.com\\\/eldigitaldeasturias\",\"https:\\\/\\\/www.youtube.com\\\/channel\\\/UCZP-2wLEB9Rv6erhFmqVnvg\"],\"address\":{\"@id\":\"https:\\\/\\\/www.eldigitaldeasturias.com\\\/noticias\\\/#postaladdress\",\"@type\":\"PostalAddress\",\"streetAddress\":\"san antonio 4,\",\"postalCode\":\"33430\",\"addressLocality\":\"Cand\\u00e1s\",\"addressRegion\":\"Asturias\",\"addressCountry\":\"ES\"}},{\"@type\":\"Person\",\"@id\":\"https:\\\/\\\/www.eldigitaldeasturias.com\\\/noticias\\\/author\\\/admin\\\/#author\",\"url\":\"https:\\\/\\\/www.eldigitaldeasturias.com\\\/noticias\\\/author\\\/admin\\\/\",\"name\":\"El Digital de Asturias\",\"image\":{\"@type\":\"ImageObject\",\"@id\":\"https:\\\/\\\/www.eldigitaldeasturias.com\\\/noticias\\\/el-juez-que-investiga-el-presunto-blanqueo-del-pp-valenciano-pregunta-al-senado-si-barbera-es-parlamentaria\\\/#authorImage\",\"url\":\"https:\\\/\\\/www.eldigitaldeasturias.com\\\/noticias\\\/wp-content\\\/litespeed\\\/avatar\\\/18677e78aa0546b92d9dbf31ec7d7668.jpg?ver=1777290358\",\"width\":96,\"height\":96,\"caption\":\"El Digital de Asturias\"}},{\"@type\":\"WebPage\",\"@id\":\"https:\\\/\\\/www.eldigitaldeasturias.com\\\/noticias\\\/el-juez-que-investiga-el-presunto-blanqueo-del-pp-valenciano-pregunta-al-senado-si-barbera-es-parlamentaria\\\/#webpage\",\"url\":\"https:\\\/\\\/www.eldigitaldeasturias.com\\\/noticias\\\/el-juez-que-investiga-el-presunto-blanqueo-del-pp-valenciano-pregunta-al-senado-si-barbera-es-parlamentaria\\\/\",\"name\":\"El juez que investiga el presunto blanqueo del PP valenciano pregunta al Senado si Barber\\u00e1 es parlamentaria - El Digital de Asturias\",\"description\":\"El Juzgado de Instrucci\\u00f3n n\\u00famero 18 de Valencia, que instruye la Operaci\\u00f3n Taula y el caso Imelsa, ha remitido un escrito al Senado en el que le pregunta si la exalcaldesa de Valencia Rita Barber\\u00e1 es senadora, seg\\u00fan han confirmado a Europa Press en la C\\u00e1mara Alta. Esta diligencia suele registrarse cuando los \\u00f3rganos judiciales\",\"inLanguage\":\"es-ES\",\"isPartOf\":{\"@id\":\"https:\\\/\\\/www.eldigitaldeasturias.com\\\/noticias\\\/#website\"},\"breadcrumb\":{\"@id\":\"https:\\\/\\\/www.eldigitaldeasturias.com\\\/noticias\\\/el-juez-que-investiga-el-presunto-blanqueo-del-pp-valenciano-pregunta-al-senado-si-barbera-es-parlamentaria\\\/#breadcrumblist\"},\"author\":{\"@id\":\"https:\\\/\\\/www.eldigitaldeasturias.com\\\/noticias\\\/author\\\/admin\\\/#author\"},\"creator\":{\"@id\":\"https:\\\/\\\/www.eldigitaldeasturias.com\\\/noticias\\\/author\\\/admin\\\/#author\"},\"image\":{\"@type\":\"ImageObject\",\"url\":\"https:\\\/\\\/www.eldigitaldeasturias.com\\\/noticias\\\/wp-content\\\/uploads\\\/2016\\\/02\\\/fotonoticia_20160223122207_800.jpg\",\"@id\":\"https:\\\/\\\/www.eldigitaldeasturias.com\\\/noticias\\\/el-juez-que-investiga-el-presunto-blanqueo-del-pp-valenciano-pregunta-al-senado-si-barbera-es-parlamentaria\\\/#mainImage\",\"width\":800,\"height\":600},\"primaryImageOfPage\":{\"@id\":\"https:\\\/\\\/www.eldigitaldeasturias.com\\\/noticias\\\/el-juez-que-investiga-el-presunto-blanqueo-del-pp-valenciano-pregunta-al-senado-si-barbera-es-parlamentaria\\\/#mainImage\"},\"datePublished\":\"2016-02-24T04:18:12+01:00\",\"dateModified\":\"2016-02-24T04:18:12+01:00\"},{\"@type\":\"WebSite\",\"@id\":\"https:\\\/\\\/www.eldigitaldeasturias.com\\\/noticias\\\/#website\",\"url\":\"https:\\\/\\\/www.eldigitaldeasturias.com\\\/noticias\\\/\",\"name\":\"El Digital de Asturias - Diario de actualidad y noticias\",\"alternateName\":\"El Digital de Asturias - Diario de actualidad y noticias\",\"description\":\"Hemeroteca\",\"inLanguage\":\"es-ES\",\"publisher\":{\"@id\":\"https:\\\/\\\/www.eldigitaldeasturias.com\\\/noticias\\\/#organization\"}}]}\n\t\t<\/script>\n\t\t<!-- All in One SEO Pro -->\r\n\t\t<title>El juez que investiga el presunto blanqueo del PP valenciano pregunta al Senado si Barber\u00e1 es parlamentaria - El Digital de Asturias<\/title>\n\n","aioseo_head_json":{"title":"El juez que investiga el presunto blanqueo del PP valenciano pregunta al Senado si Barber\u00e1 es parlamentaria - El Digital de Asturias","description":"El Juzgado de Instrucci\u00f3n n\u00famero 18 de Valencia, que instruye la Operaci\u00f3n Taula y el caso Imelsa, ha remitido un escrito al Senado en el que le pregunta si la exalcaldesa de Valencia Rita Barber\u00e1 es senadora, seg\u00fan han confirmado a Europa Press en la C\u00e1mara Alta. Esta diligencia suele registrarse cuando los \u00f3rganos judiciales","canonical_url":"https:\/\/www.eldigitaldeasturias.com\/noticias\/el-juez-que-investiga-el-presunto-blanqueo-del-pp-valenciano-pregunta-al-senado-si-barbera-es-parlamentaria\/","robots":"max-image-preview:large","keywords":"actualidad","webmasterTools":{"google-site-verification":"UA-38556648-1","msvalidate.01":"7dfe9f3f1b24437ab69f4f2559babe99","miscellaneous":""},"schema":{"@context":"https:\/\/schema.org","@graph":[{"@type":"BlogPosting","@id":"https:\/\/www.eldigitaldeasturias.com\/noticias\/el-juez-que-investiga-el-presunto-blanqueo-del-pp-valenciano-pregunta-al-senado-si-barbera-es-parlamentaria\/#blogposting","name":"El juez que investiga el presunto blanqueo del PP valenciano pregunta al Senado si Barber\u00e1 es parlamentaria - El Digital de Asturias","headline":"El juez que investiga el presunto blanqueo del PP valenciano pregunta al Senado si Barber\u00e1 es parlamentaria","author":{"@id":"https:\/\/www.eldigitaldeasturias.com\/noticias\/author\/admin\/#author"},"publisher":{"@id":"https:\/\/www.eldigitaldeasturias.com\/noticias\/#organization"},"image":{"@type":"ImageObject","url":"https:\/\/www.eldigitaldeasturias.com\/noticias\/wp-content\/uploads\/2016\/02\/fotonoticia_20160223122207_800.jpg","width":800,"height":600},"datePublished":"2016-02-24T04:18:12+01:00","dateModified":"2016-02-24T04:18:12+01:00","inLanguage":"es-ES","mainEntityOfPage":{"@id":"https:\/\/www.eldigitaldeasturias.com\/noticias\/el-juez-que-investiga-el-presunto-blanqueo-del-pp-valenciano-pregunta-al-senado-si-barbera-es-parlamentaria\/#webpage"},"isPartOf":{"@id":"https:\/\/www.eldigitaldeasturias.com\/noticias\/el-juez-que-investiga-el-presunto-blanqueo-del-pp-valenciano-pregunta-al-senado-si-barbera-es-parlamentaria\/#webpage"},"articleSection":"Actualidad"},{"@type":"BreadcrumbList","@id":"https:\/\/www.eldigitaldeasturias.com\/noticias\/el-juez-que-investiga-el-presunto-blanqueo-del-pp-valenciano-pregunta-al-senado-si-barbera-es-parlamentaria\/#breadcrumblist","itemListElement":[{"@type":"ListItem","@id":"https:\/\/www.eldigitaldeasturias.com\/noticias#listItem","position":1,"name":"Home","item":"https:\/\/www.eldigitaldeasturias.com\/noticias","nextItem":{"@type":"ListItem","@id":"https:\/\/www.eldigitaldeasturias.com\/noticias\/category\/actualidad\/#listItem","name":"Actualidad"}},{"@type":"ListItem","@id":"https:\/\/www.eldigitaldeasturias.com\/noticias\/category\/actualidad\/#listItem","position":2,"name":"Actualidad","item":"https:\/\/www.eldigitaldeasturias.com\/noticias\/category\/actualidad\/","nextItem":{"@type":"ListItem","@id":"https:\/\/www.eldigitaldeasturias.com\/noticias\/el-juez-que-investiga-el-presunto-blanqueo-del-pp-valenciano-pregunta-al-senado-si-barbera-es-parlamentaria\/#listItem","name":"El juez que investiga el presunto blanqueo del PP valenciano pregunta al Senado si Barber\u00e1 es parlamentaria"},"previousItem":{"@type":"ListItem","@id":"https:\/\/www.eldigitaldeasturias.com\/noticias#listItem","name":"Home"}},{"@type":"ListItem","@id":"https:\/\/www.eldigitaldeasturias.com\/noticias\/el-juez-que-investiga-el-presunto-blanqueo-del-pp-valenciano-pregunta-al-senado-si-barbera-es-parlamentaria\/#listItem","position":3,"name":"El juez que investiga el presunto blanqueo del PP valenciano pregunta al Senado si Barber\u00e1 es parlamentaria","previousItem":{"@type":"ListItem","@id":"https:\/\/www.eldigitaldeasturias.com\/noticias\/category\/actualidad\/#listItem","name":"Actualidad"}}]},{"@type":"Organization","@id":"https:\/\/www.eldigitaldeasturias.com\/noticias\/#organization","name":"El Digital de Asturias","description":"Hemeroteca","url":"https:\/\/www.eldigitaldeasturias.com\/noticias\/","email":"info@eldigitaldeasturias.com","telephone":"+34652131393","logo":{"@type":"ImageObject","url":"https:\/\/www.eldigitaldeasturias.com\/noticias\/wp-content\/uploads\/2020\/12\/EDA.jpg","@id":"https:\/\/www.eldigitaldeasturias.com\/noticias\/el-juez-que-investiga-el-presunto-blanqueo-del-pp-valenciano-pregunta-al-senado-si-barbera-es-parlamentaria\/#organizationLogo","width":649,"height":297},"image":{"@id":"https:\/\/www.eldigitaldeasturias.com\/noticias\/el-juez-que-investiga-el-presunto-blanqueo-del-pp-valenciano-pregunta-al-senado-si-barbera-es-parlamentaria\/#organizationLogo"},"sameAs":["https:\/\/facebook.com\/eldigitaldeasturias","https:\/\/www.youtube.com\/channel\/UCZP-2wLEB9Rv6erhFmqVnvg"],"address":{"@id":"https:\/\/www.eldigitaldeasturias.com\/noticias\/#postaladdress","@type":"PostalAddress","streetAddress":"san antonio 4,","postalCode":"33430","addressLocality":"Cand\u00e1s","addressRegion":"Asturias","addressCountry":"ES"}},{"@type":"Person","@id":"https:\/\/www.eldigitaldeasturias.com\/noticias\/author\/admin\/#author","url":"https:\/\/www.eldigitaldeasturias.com\/noticias\/author\/admin\/","name":"El Digital de Asturias","image":{"@type":"ImageObject","@id":"https:\/\/www.eldigitaldeasturias.com\/noticias\/el-juez-que-investiga-el-presunto-blanqueo-del-pp-valenciano-pregunta-al-senado-si-barbera-es-parlamentaria\/#authorImage","url":"https:\/\/www.eldigitaldeasturias.com\/noticias\/wp-content\/litespeed\/avatar\/18677e78aa0546b92d9dbf31ec7d7668.jpg?ver=1777290358","width":96,"height":96,"caption":"El Digital de Asturias"}},{"@type":"WebPage","@id":"https:\/\/www.eldigitaldeasturias.com\/noticias\/el-juez-que-investiga-el-presunto-blanqueo-del-pp-valenciano-pregunta-al-senado-si-barbera-es-parlamentaria\/#webpage","url":"https:\/\/www.eldigitaldeasturias.com\/noticias\/el-juez-que-investiga-el-presunto-blanqueo-del-pp-valenciano-pregunta-al-senado-si-barbera-es-parlamentaria\/","name":"El juez que investiga el presunto blanqueo del PP valenciano pregunta al Senado si Barber\u00e1 es parlamentaria - El Digital de Asturias","description":"El Juzgado de Instrucci\u00f3n n\u00famero 18 de Valencia, que instruye la Operaci\u00f3n Taula y el caso Imelsa, ha remitido un escrito al Senado en el que le pregunta si la exalcaldesa de Valencia Rita Barber\u00e1 es senadora, seg\u00fan han confirmado a Europa Press en la C\u00e1mara Alta. Esta diligencia suele registrarse cuando los \u00f3rganos judiciales","inLanguage":"es-ES","isPartOf":{"@id":"https:\/\/www.eldigitaldeasturias.com\/noticias\/#website"},"breadcrumb":{"@id":"https:\/\/www.eldigitaldeasturias.com\/noticias\/el-juez-que-investiga-el-presunto-blanqueo-del-pp-valenciano-pregunta-al-senado-si-barbera-es-parlamentaria\/#breadcrumblist"},"author":{"@id":"https:\/\/www.eldigitaldeasturias.com\/noticias\/author\/admin\/#author"},"creator":{"@id":"https:\/\/www.eldigitaldeasturias.com\/noticias\/author\/admin\/#author"},"image":{"@type":"ImageObject","url":"https:\/\/www.eldigitaldeasturias.com\/noticias\/wp-content\/uploads\/2016\/02\/fotonoticia_20160223122207_800.jpg","@id":"https:\/\/www.eldigitaldeasturias.com\/noticias\/el-juez-que-investiga-el-presunto-blanqueo-del-pp-valenciano-pregunta-al-senado-si-barbera-es-parlamentaria\/#mainImage","width":800,"height":600},"primaryImageOfPage":{"@id":"https:\/\/www.eldigitaldeasturias.com\/noticias\/el-juez-que-investiga-el-presunto-blanqueo-del-pp-valenciano-pregunta-al-senado-si-barbera-es-parlamentaria\/#mainImage"},"datePublished":"2016-02-24T04:18:12+01:00","dateModified":"2016-02-24T04:18:12+01:00"},{"@type":"WebSite","@id":"https:\/\/www.eldigitaldeasturias.com\/noticias\/#website","url":"https:\/\/www.eldigitaldeasturias.com\/noticias\/","name":"El Digital de Asturias - Diario de actualidad y noticias","alternateName":"El Digital de Asturias - Diario de actualidad y noticias","description":"Hemeroteca","inLanguage":"es-ES","publisher":{"@id":"https:\/\/www.eldigitaldeasturias.com\/noticias\/#organization"}}]},"og:locale":"es_ES","og:site_name":"El Digital de Asturias","og:type":"article","og:title":"El juez que investiga el presunto blanqueo del PP valenciano pregunta al Senado si Barber\u00e1 es parlamentaria - El Digital de Asturias","og:description":"El Juzgado de Instrucci\u00f3n n\u00famero 18 de Valencia, que instruye la Operaci\u00f3n Taula y el caso Imelsa, ha remitido un escrito al Senado en el que le pregunta si la exalcaldesa de Valencia Rita Barber\u00e1 es senadora, seg\u00fan han confirmado a Europa Press en la C\u00e1mara Alta. Esta diligencia suele registrarse cuando los \u00f3rganos judiciales","og:url":"https:\/\/www.eldigitaldeasturias.com\/noticias\/el-juez-que-investiga-el-presunto-blanqueo-del-pp-valenciano-pregunta-al-senado-si-barbera-es-parlamentaria\/","og:image":"https:\/\/www.eldigitaldeasturias.com\/noticias\/wp-content\/uploads\/2016\/02\/fotonoticia_20160223122207_800.jpg","og:image:secure_url":"https:\/\/www.eldigitaldeasturias.com\/noticias\/wp-content\/uploads\/2016\/02\/fotonoticia_20160223122207_800.jpg","og:image:width":800,"og:image:height":600,"article:tag":["actualidad"],"article:published_time":"2016-02-24T04:18:12+00:00","article:modified_time":"2016-02-24T04:18:12+00:00","article:publisher":"https:\/\/facebook.com\/eldigitaldeasturias","twitter:card":"summary_large_image","twitter:title":"El juez que investiga el presunto blanqueo del PP valenciano pregunta al Senado si Barber\u00e1 es parlamentaria - El Digital de Asturias","twitter:description":"El Juzgado de Instrucci\u00f3n n\u00famero 18 de Valencia, que instruye la Operaci\u00f3n Taula y el caso Imelsa, ha remitido un escrito al Senado en el que le pregunta si la exalcaldesa de Valencia Rita Barber\u00e1 es senadora, seg\u00fan han confirmado a Europa Press en la C\u00e1mara Alta. Esta diligencia suele registrarse cuando los \u00f3rganos judiciales","twitter:image":"https:\/\/www.eldigitaldeasturias.com\/noticias\/wp-content\/uploads\/2016\/02\/fotonoticia_20160223122207_800.jpg","twitter:label1":"Escrito por","twitter:data1":"El Digital de Asturias","twitter:label2":"Tiempo de lectura estimado","twitter:data2":"3 minutos"},"aioseo_meta_data":{"post_id":"861458","title":null,"description":null,"keywords":null,"keyphrases":null,"primary_term":null,"canonical_url":null,"og_title":null,"og_description":null,"og_object_type":"default","og_image_type":"default","og_image_url":null,"og_image_width":null,"og_image_height":null,"og_image_custom_url":null,"og_image_custom_fields":null,"og_video":null,"og_custom_url":null,"og_article_section":null,"og_article_tags":null,"twitter_use_og":false,"twitter_card":"default","twitter_image_type":"default","twitter_image_url":null,"twitter_image_custom_url":null,"twitter_image_custom_fields":null,"twitter_title":null,"twitter_description":null,"schema":{"blockGraphs":[],"customGraphs":[],"default":{"data":{"Article":[],"Course":[],"Dataset":[],"FAQPage":[],"Movie":[],"Person":[],"Product":[],"ProductReview":[],"Car":[],"Recipe":[],"Service":[],"SoftwareApplication":[],"WebPage":[]},"graphName":"","isEnabled":true},"graphs":[],"defaultGraph":"","defaultPostTypeGraph":""},"schema_type":null,"schema_type_options":null,"pillar_content":false,"robots_default":true,"robots_noindex":false,"robots_noarchive":false,"robots_nosnippet":false,"robots_nofollow":false,"robots_noimageindex":false,"robots_noodp":false,"robots_notranslate":false,"robots_max_snippet":null,"robots_max_videopreview":null,"robots_max_imagepreview":"large","priority":null,"frequency":null,"local_seo":null,"seo_analyzer_scan_date":"2025-12-10 21:19:09","breadcrumb_settings":null,"limit_modified_date":false,"open_ai":null,"ai":null,"created":"2021-01-22 18:07:33","updated":"2025-12-10 21:19:09"},"aioseo_breadcrumb":"<div class=\"aioseo-breadcrumbs\"><span class=\"aioseo-breadcrumb\">\n\t<a href=\"https:\/\/www.eldigitaldeasturias.com\/noticias\" title=\"Home\">Home<\/a>\n<\/span><span class=\"aioseo-breadcrumb-separator\">\u2013<\/span><span class=\"aioseo-breadcrumb\">\n\t<a href=\"https:\/\/www.eldigitaldeasturias.com\/noticias\/category\/actualidad\/\" title=\"Actualidad\">Actualidad<\/a>\n<\/span><span class=\"aioseo-breadcrumb-separator\">\u2013<\/span><span class=\"aioseo-breadcrumb\">\n\t<a href=\"https:\/\/www.eldigitaldeasturias.com\/noticias\/el-juez-que-investiga-el-presunto-blanqueo-del-pp-valenciano-pregunta-al-senado-si-barbera-es-parlamentaria\/\" title=\"El juez que investiga el presunto blanqueo del PP valenciano pregunta al Senado si Barber\u00e1 es parlamentaria\">El juez que investiga el presunto blanqueo del PP valenciano pregunta al Senado si Barber\u00e1 es parlamentaria<\/a>\n<\/span><\/div>","aioseo_breadcrumb_json":[{"label":"Home","link":"https:\/\/www.eldigitaldeasturias.com\/noticias"},{"label":"Actualidad","link":"https:\/\/www.eldigitaldeasturias.com\/noticias\/category\/actualidad\/"},{"label":"El juez que investiga el presunto blanqueo del PP valenciano pregunta al Senado si Barber\u00e1 es parlamentaria","link":"https:\/\/www.eldigitaldeasturias.com\/noticias\/el-juez-que-investiga-el-presunto-blanqueo-del-pp-valenciano-pregunta-al-senado-si-barbera-es-parlamentaria\/"}],"_links":{"self":[{"href":"https:\/\/www.eldigitaldeasturias.com\/noticias\/wp-json\/wp\/v2\/posts\/861458","targetHints":{"allow":["GET"]}}],"collection":[{"href":"https:\/\/www.eldigitaldeasturias.com\/noticias\/wp-json\/wp\/v2\/posts"}],"about":[{"href":"https:\/\/www.eldigitaldeasturias.com\/noticias\/wp-json\/wp\/v2\/types\/post"}],"author":[{"embeddable":true,"href":"https:\/\/www.eldigitaldeasturias.com\/noticias\/wp-json\/wp\/v2\/users\/1"}],"replies":[{"embeddable":true,"href":"https:\/\/www.eldigitaldeasturias.com\/noticias\/wp-json\/wp\/v2\/comments?post=861458"}],"version-history":[{"count":0,"href":"https:\/\/www.eldigitaldeasturias.com\/noticias\/wp-json\/wp\/v2\/posts\/861458\/revisions"}],"wp:featuredmedia":[{"embeddable":true,"href":"https:\/\/www.eldigitaldeasturias.com\/noticias\/wp-json\/wp\/v2\/media\/861459"}],"wp:attachment":[{"href":"https:\/\/www.eldigitaldeasturias.com\/noticias\/wp-json\/wp\/v2\/media?parent=861458"}],"wp:term":[{"taxonomy":"category","embeddable":true,"href":"https:\/\/www.eldigitaldeasturias.com\/noticias\/wp-json\/wp\/v2\/categories?post=861458"},{"taxonomy":"post_tag","embeddable":true,"href":"https:\/\/www.eldigitaldeasturias.com\/noticias\/wp-json\/wp\/v2\/tags?post=861458"}],"curies":[{"name":"wp","href":"https:\/\/api.w.org\/{rel}","templated":true}]}}