{"id":861455,"date":"2016-02-24T04:16:29","date_gmt":"2016-02-24T04:16:29","guid":{"rendered":"http:\/\/www.eldigitaldeasturias.com\/noticias\/?p=861455"},"modified":"2016-02-24T04:16:29","modified_gmt":"2016-02-24T04:16:29","slug":"miquel-iceta-yo-he-cogido-asiento-para-la-segunda-votacion","status":"publish","type":"post","link":"https:\/\/www.eldigitaldeasturias.com\/noticias\/miquel-iceta-yo-he-cogido-asiento-para-la-segunda-votacion\/","title":{"rendered":"Miquel Iceta \u00abYo he cogido asiento para la segunda votaci\u00f3n\u00bb"},"content":{"rendered":"<p><img loading=\"lazy\" decoding=\"async\" class=\"alignleft size-medium wp-image-861456\" src=\"https:\/\/www.eldigitaldeasturias.com\/noticias\/wp-content\/uploads\/2016\/02\/fotonoticia_20160223120417_800-360x270.jpg\" alt=\"fotonoticia_20160223120417_800\" width=\"360\" height=\"270\" srcset=\"https:\/\/www.eldigitaldeasturias.com\/noticias\/wp-content\/uploads\/2016\/02\/fotonoticia_20160223120417_800-360x270.jpg 360w, https:\/\/www.eldigitaldeasturias.com\/noticias\/wp-content\/uploads\/2016\/02\/fotonoticia_20160223120417_800-768x576.jpg 768w, https:\/\/www.eldigitaldeasturias.com\/noticias\/wp-content\/uploads\/2016\/02\/fotonoticia_20160223120417_800-650x488.jpg 650w, https:\/\/www.eldigitaldeasturias.com\/noticias\/wp-content\/uploads\/2016\/02\/fotonoticia_20160223120417_800-125x95.jpg 125w, https:\/\/www.eldigitaldeasturias.com\/noticias\/wp-content\/uploads\/2016\/02\/fotonoticia_20160223120417_800-100x75.jpg 100w, https:\/\/www.eldigitaldeasturias.com\/noticias\/wp-content\/uploads\/2016\/02\/fotonoticia_20160223120417_800.jpg 800w\" sizes=\"auto, (max-width: 360px) 100vw, 360px\" \/>El l\u00edder del PSC, Miquel Iceta, ha defendido este martes un pacto de Gobierno entre el PSOE y C&#8217;s pese a que \u00e9l preferir\u00eda un acuerdo entre formaciones netamente de izquierdas: \u00abPara echar a la derecha m\u00e1s derecha quiz\u00e1 debes pactar con la derecha menos derecha\u00bb.<\/p>\n<p>\u00abLos ciudadanos no dieron una mayor\u00eda absoluta a la izquierda\u00bb y ahora hay que formular pactos para lograr acabar con el Gobierno del PP, ha defendido Iceta en una entrevista en el diario &#8216;Ara&#8217; recogida por Europa Press.<\/p>\n<p>Ha asegurado que C&#8217;s es un partido de centroderecha, pese a que \u00aben Catalunya la visi\u00f3n es muy diferente\u00bb, y ha defendido que se al\u00ede con el PSOE para configurar un Gobierno progresista pese a que hay puntos muy divergentes entre la formaci\u00f3n de Albert Rivera y los socialistas.<\/p>\n<p>Ha citado como ejemplo la inmersi\u00f3n ling\u00fc\u00edstica y la reforma de la Constituci\u00f3n: \u00ab\u00bfC&#8217;s quiere una reforma constitucional recentralizadora? Pues no podr\u00e1 ser\u00bb.<\/p>\n<p>Aunque al PSC le interesar\u00eda m\u00e1s un pacto con Podemos que fuera tolerado por C&#8217;s con una abstenci\u00f3n, Iceta ha bendecido la estrategia del PSOE de priorizar a la formaci\u00f3n que lidera Albert Rivera.<\/p>\n<p>A\u00fan as\u00ed, ha admitido que es muy dif\u00edcil que el l\u00edder del PSOE, Pedro S\u00e1nchez, logre ser investido en la primera votaci\u00f3n, que requiere mayor\u00eda absoluta de votos: \u00abYo he cogido asiento para la segunda votaci\u00f3n\u00bb.<\/p>\n<p>Sobre incluir a Podemos en el pacto, ha dicho que \u00abhay formas de vencer a los adversarios y abrazarlos no es una menor\u00bb, y ha apostado porque Pablo Iglesias forme parte del acuerdo para un Gobierno progresista.<\/p>\n<p>\u00abPodemos propone un refer\u00e9ndum en el programa, pero \u00bfqu\u00e9 refer\u00e9ndum? \u00a1Si no dicen lo que preguntan!\u00bb, por lo que Iceta les anima a aclararse y a participar de un planteamiento negociador transversal.<\/p>\n<p>TRES LEYES INDEPENDENTISTAS<\/p>\n<p>Sobre la situaci\u00f3n en Catalunya, ha destacado que tramitar las tres leyes independentistas \u00abtiene un punto de ilegalidad necesariamente\u00bb aunque JxS\u00ed y la CUP se esfuercen en lo contrario.<\/p>\n<p>Tambi\u00e9n ha lamentado que el Govern critique al Tribunal Constitucional (TC) y luego \u00abpresente alegaciones\u00bb en favor de sus intereses, y ha lamentado que el presidente, Carles Puigdemont, repita a menudo que su cargo es provisonal.<\/p>\n<p>Preguntado por la huelga de los trabajadores del Metro de Barcelona, ha lamentado los altos costes que tiene para los ciudadanos y los trabajadores, y ha a\u00f1adido que, \u00abdesde el punto de vista de los sindicatos, Ada Colau no es diferente a otro alcalde\u00bb.<\/p>\n","protected":false},"excerpt":{"rendered":"<p>El l\u00edder del PSC, Miquel Iceta, ha defendido este martes un pacto de Gobierno entre el PSOE y C&#8217;s pese a que \u00e9l preferir\u00eda un acuerdo entre formaciones netamente de izquierdas: \u00abPara echar a la derecha m\u00e1s derecha quiz\u00e1 debes pactar con la derecha menos derecha\u00bb. \u00abLos ciudadanos no dieron una mayor\u00eda absoluta a la [&hellip;]<\/p>\n","protected":false},"author":1,"featured_media":861456,"comment_status":"closed","ping_status":"closed","sticky":false,"template":"","format":"standard","meta":{"footnotes":""},"categories":[1],"tags":[],"class_list":["post-861455","post","type-post","status-publish","format-standard","has-post-thumbnail","hentry","category-actualidad"],"aioseo_notices":[],"aioseo_head":"\n\t\t<!-- All in One SEO Pro 4.9.6.2 - aioseo.com -->\n\t<meta name=\"description\" content=\"El l\u00edder del PSC, Miquel Iceta, ha defendido este martes un pacto de Gobierno entre el PSOE y C&#039;s pese a que \u00e9l preferir\u00eda un acuerdo entre formaciones netamente de izquierdas: &quot;Para echar a la derecha m\u00e1s derecha quiz\u00e1 debes pactar con la derecha menos derecha&quot;. &quot;Los ciudadanos no dieron una mayor\u00eda absoluta a la\" \/>\n\t<meta name=\"robots\" content=\"max-image-preview:large\" \/>\n\t<meta name=\"author\" content=\"El Digital de Asturias\"\/>\n\t<meta name=\"google-site-verification\" content=\"UA-38556648-1\" \/>\n\t<meta name=\"msvalidate.01\" content=\"7dfe9f3f1b24437ab69f4f2559babe99\" \/>\n\t<meta name=\"keywords\" content=\"actualidad\" \/>\n\t<link rel=\"canonical\" href=\"https:\/\/www.eldigitaldeasturias.com\/noticias\/miquel-iceta-yo-he-cogido-asiento-para-la-segunda-votacion\/\" \/>\n\t<meta name=\"generator\" content=\"All in One SEO Pro (AIOSEO) 4.9.6.2\" \/>\n\t\t<meta property=\"og:locale\" content=\"es_ES\" \/>\n\t\t<meta property=\"og:site_name\" content=\"El Digital de Asturias\" \/>\n\t\t<meta property=\"og:type\" content=\"article\" \/>\n\t\t<meta property=\"og:title\" content=\"Miquel Iceta \u00abYo he cogido asiento para la segunda votaci\u00f3n\u00bb - El Digital de Asturias\" \/>\n\t\t<meta property=\"og:description\" content=\"El l\u00edder del PSC, Miquel Iceta, ha defendido este martes un pacto de Gobierno entre el PSOE y C&#039;s pese a que \u00e9l preferir\u00eda un acuerdo entre formaciones netamente de izquierdas: &quot;Para echar a la derecha m\u00e1s derecha quiz\u00e1 debes pactar con la derecha menos derecha&quot;. &quot;Los ciudadanos no dieron una mayor\u00eda absoluta a la\" \/>\n\t\t<meta property=\"og:url\" content=\"https:\/\/www.eldigitaldeasturias.com\/noticias\/miquel-iceta-yo-he-cogido-asiento-para-la-segunda-votacion\/\" \/>\n\t\t<meta property=\"og:image\" content=\"https:\/\/www.eldigitaldeasturias.com\/noticias\/wp-content\/uploads\/2016\/02\/fotonoticia_20160223120417_800.jpg\" \/>\n\t\t<meta property=\"og:image:secure_url\" content=\"https:\/\/www.eldigitaldeasturias.com\/noticias\/wp-content\/uploads\/2016\/02\/fotonoticia_20160223120417_800.jpg\" \/>\n\t\t<meta property=\"og:image:width\" content=\"800\" \/>\n\t\t<meta property=\"og:image:height\" content=\"600\" \/>\n\t\t<meta property=\"article:tag\" content=\"actualidad\" \/>\n\t\t<meta property=\"article:published_time\" content=\"2016-02-24T04:16:29+00:00\" \/>\n\t\t<meta property=\"article:modified_time\" content=\"2016-02-24T04:16:29+00:00\" \/>\n\t\t<meta property=\"article:publisher\" content=\"https:\/\/facebook.com\/eldigitaldeasturias\" \/>\n\t\t<meta name=\"twitter:card\" content=\"summary_large_image\" \/>\n\t\t<meta name=\"twitter:title\" content=\"Miquel Iceta \u00abYo he cogido asiento para la segunda votaci\u00f3n\u00bb - El Digital de Asturias\" \/>\n\t\t<meta name=\"twitter:description\" content=\"El l\u00edder del PSC, Miquel Iceta, ha defendido este martes un pacto de Gobierno entre el PSOE y C&#039;s pese a que \u00e9l preferir\u00eda un acuerdo entre formaciones netamente de izquierdas: &quot;Para echar a la derecha m\u00e1s derecha quiz\u00e1 debes pactar con la derecha menos derecha&quot;. &quot;Los ciudadanos no dieron una mayor\u00eda absoluta a la\" \/>\n\t\t<meta name=\"twitter:image\" content=\"https:\/\/www.eldigitaldeasturias.com\/noticias\/wp-content\/uploads\/2016\/02\/fotonoticia_20160223120417_800.jpg\" \/>\n\t\t<meta name=\"twitter:label1\" content=\"Escrito por\" \/>\n\t\t<meta name=\"twitter:data1\" content=\"El Digital de Asturias\" \/>\n\t\t<meta name=\"twitter:label2\" content=\"Tiempo de lectura estimado\" \/>\n\t\t<meta name=\"twitter:data2\" content=\"2 minutos\" \/>\n\t\t<script type=\"application\/ld+json\" class=\"aioseo-schema\">\n\t\t\t{\"@context\":\"https:\\\/\\\/schema.org\",\"@graph\":[{\"@type\":\"BlogPosting\",\"@id\":\"https:\\\/\\\/www.eldigitaldeasturias.com\\\/noticias\\\/miquel-iceta-yo-he-cogido-asiento-para-la-segunda-votacion\\\/#blogposting\",\"name\":\"Miquel Iceta \\u00abYo he cogido asiento para la segunda votaci\\u00f3n\\u00bb - El Digital de Asturias\",\"headline\":\"Miquel Iceta \\u00abYo he cogido asiento para la segunda votaci\\u00f3n\\u00bb\",\"author\":{\"@id\":\"https:\\\/\\\/www.eldigitaldeasturias.com\\\/noticias\\\/author\\\/admin\\\/#author\"},\"publisher\":{\"@id\":\"https:\\\/\\\/www.eldigitaldeasturias.com\\\/noticias\\\/#organization\"},\"image\":{\"@type\":\"ImageObject\",\"url\":\"https:\\\/\\\/www.eldigitaldeasturias.com\\\/noticias\\\/wp-content\\\/uploads\\\/2016\\\/02\\\/fotonoticia_20160223120417_800.jpg\",\"width\":800,\"height\":600},\"datePublished\":\"2016-02-24T04:16:29+01:00\",\"dateModified\":\"2016-02-24T04:16:29+01:00\",\"inLanguage\":\"es-ES\",\"mainEntityOfPage\":{\"@id\":\"https:\\\/\\\/www.eldigitaldeasturias.com\\\/noticias\\\/miquel-iceta-yo-he-cogido-asiento-para-la-segunda-votacion\\\/#webpage\"},\"isPartOf\":{\"@id\":\"https:\\\/\\\/www.eldigitaldeasturias.com\\\/noticias\\\/miquel-iceta-yo-he-cogido-asiento-para-la-segunda-votacion\\\/#webpage\"},\"articleSection\":\"Actualidad\"},{\"@type\":\"BreadcrumbList\",\"@id\":\"https:\\\/\\\/www.eldigitaldeasturias.com\\\/noticias\\\/miquel-iceta-yo-he-cogido-asiento-para-la-segunda-votacion\\\/#breadcrumblist\",\"itemListElement\":[{\"@type\":\"ListItem\",\"@id\":\"https:\\\/\\\/www.eldigitaldeasturias.com\\\/noticias#listItem\",\"position\":1,\"name\":\"Home\",\"item\":\"https:\\\/\\\/www.eldigitaldeasturias.com\\\/noticias\",\"nextItem\":{\"@type\":\"ListItem\",\"@id\":\"https:\\\/\\\/www.eldigitaldeasturias.com\\\/noticias\\\/category\\\/actualidad\\\/#listItem\",\"name\":\"Actualidad\"}},{\"@type\":\"ListItem\",\"@id\":\"https:\\\/\\\/www.eldigitaldeasturias.com\\\/noticias\\\/category\\\/actualidad\\\/#listItem\",\"position\":2,\"name\":\"Actualidad\",\"item\":\"https:\\\/\\\/www.eldigitaldeasturias.com\\\/noticias\\\/category\\\/actualidad\\\/\",\"nextItem\":{\"@type\":\"ListItem\",\"@id\":\"https:\\\/\\\/www.eldigitaldeasturias.com\\\/noticias\\\/miquel-iceta-yo-he-cogido-asiento-para-la-segunda-votacion\\\/#listItem\",\"name\":\"Miquel Iceta \\u00abYo he cogido asiento para la segunda votaci\\u00f3n\\u00bb\"},\"previousItem\":{\"@type\":\"ListItem\",\"@id\":\"https:\\\/\\\/www.eldigitaldeasturias.com\\\/noticias#listItem\",\"name\":\"Home\"}},{\"@type\":\"ListItem\",\"@id\":\"https:\\\/\\\/www.eldigitaldeasturias.com\\\/noticias\\\/miquel-iceta-yo-he-cogido-asiento-para-la-segunda-votacion\\\/#listItem\",\"position\":3,\"name\":\"Miquel Iceta \\u00abYo he cogido asiento para la segunda votaci\\u00f3n\\u00bb\",\"previousItem\":{\"@type\":\"ListItem\",\"@id\":\"https:\\\/\\\/www.eldigitaldeasturias.com\\\/noticias\\\/category\\\/actualidad\\\/#listItem\",\"name\":\"Actualidad\"}}]},{\"@type\":\"Organization\",\"@id\":\"https:\\\/\\\/www.eldigitaldeasturias.com\\\/noticias\\\/#organization\",\"name\":\"El Digital de Asturias\",\"description\":\"Hemeroteca\",\"url\":\"https:\\\/\\\/www.eldigitaldeasturias.com\\\/noticias\\\/\",\"email\":\"info@eldigitaldeasturias.com\",\"telephone\":\"+34652131393\",\"logo\":{\"@type\":\"ImageObject\",\"url\":\"https:\\\/\\\/www.eldigitaldeasturias.com\\\/noticias\\\/wp-content\\\/uploads\\\/2020\\\/12\\\/EDA.jpg\",\"@id\":\"https:\\\/\\\/www.eldigitaldeasturias.com\\\/noticias\\\/miquel-iceta-yo-he-cogido-asiento-para-la-segunda-votacion\\\/#organizationLogo\",\"width\":649,\"height\":297},\"image\":{\"@id\":\"https:\\\/\\\/www.eldigitaldeasturias.com\\\/noticias\\\/miquel-iceta-yo-he-cogido-asiento-para-la-segunda-votacion\\\/#organizationLogo\"},\"sameAs\":[\"https:\\\/\\\/facebook.com\\\/eldigitaldeasturias\",\"https:\\\/\\\/www.youtube.com\\\/channel\\\/UCZP-2wLEB9Rv6erhFmqVnvg\"],\"address\":{\"@id\":\"https:\\\/\\\/www.eldigitaldeasturias.com\\\/noticias\\\/#postaladdress\",\"@type\":\"PostalAddress\",\"streetAddress\":\"san antonio 4,\",\"postalCode\":\"33430\",\"addressLocality\":\"Cand\\u00e1s\",\"addressRegion\":\"Asturias\",\"addressCountry\":\"ES\"}},{\"@type\":\"Person\",\"@id\":\"https:\\\/\\\/www.eldigitaldeasturias.com\\\/noticias\\\/author\\\/admin\\\/#author\",\"url\":\"https:\\\/\\\/www.eldigitaldeasturias.com\\\/noticias\\\/author\\\/admin\\\/\",\"name\":\"El Digital de Asturias\",\"image\":{\"@type\":\"ImageObject\",\"@id\":\"https:\\\/\\\/www.eldigitaldeasturias.com\\\/noticias\\\/miquel-iceta-yo-he-cogido-asiento-para-la-segunda-votacion\\\/#authorImage\",\"url\":\"https:\\\/\\\/www.eldigitaldeasturias.com\\\/noticias\\\/wp-content\\\/litespeed\\\/avatar\\\/18677e78aa0546b92d9dbf31ec7d7668.jpg?ver=1777290358\",\"width\":96,\"height\":96,\"caption\":\"El Digital de Asturias\"}},{\"@type\":\"WebPage\",\"@id\":\"https:\\\/\\\/www.eldigitaldeasturias.com\\\/noticias\\\/miquel-iceta-yo-he-cogido-asiento-para-la-segunda-votacion\\\/#webpage\",\"url\":\"https:\\\/\\\/www.eldigitaldeasturias.com\\\/noticias\\\/miquel-iceta-yo-he-cogido-asiento-para-la-segunda-votacion\\\/\",\"name\":\"Miquel Iceta \\u00abYo he cogido asiento para la segunda votaci\\u00f3n\\u00bb - El Digital de Asturias\",\"description\":\"El l\\u00edder del PSC, Miquel Iceta, ha defendido este martes un pacto de Gobierno entre el PSOE y C's pese a que \\u00e9l preferir\\u00eda un acuerdo entre formaciones netamente de izquierdas: \\\"Para echar a la derecha m\\u00e1s derecha quiz\\u00e1 debes pactar con la derecha menos derecha\\\". \\\"Los ciudadanos no dieron una mayor\\u00eda absoluta a la\",\"inLanguage\":\"es-ES\",\"isPartOf\":{\"@id\":\"https:\\\/\\\/www.eldigitaldeasturias.com\\\/noticias\\\/#website\"},\"breadcrumb\":{\"@id\":\"https:\\\/\\\/www.eldigitaldeasturias.com\\\/noticias\\\/miquel-iceta-yo-he-cogido-asiento-para-la-segunda-votacion\\\/#breadcrumblist\"},\"author\":{\"@id\":\"https:\\\/\\\/www.eldigitaldeasturias.com\\\/noticias\\\/author\\\/admin\\\/#author\"},\"creator\":{\"@id\":\"https:\\\/\\\/www.eldigitaldeasturias.com\\\/noticias\\\/author\\\/admin\\\/#author\"},\"image\":{\"@type\":\"ImageObject\",\"url\":\"https:\\\/\\\/www.eldigitaldeasturias.com\\\/noticias\\\/wp-content\\\/uploads\\\/2016\\\/02\\\/fotonoticia_20160223120417_800.jpg\",\"@id\":\"https:\\\/\\\/www.eldigitaldeasturias.com\\\/noticias\\\/miquel-iceta-yo-he-cogido-asiento-para-la-segunda-votacion\\\/#mainImage\",\"width\":800,\"height\":600},\"primaryImageOfPage\":{\"@id\":\"https:\\\/\\\/www.eldigitaldeasturias.com\\\/noticias\\\/miquel-iceta-yo-he-cogido-asiento-para-la-segunda-votacion\\\/#mainImage\"},\"datePublished\":\"2016-02-24T04:16:29+01:00\",\"dateModified\":\"2016-02-24T04:16:29+01:00\"},{\"@type\":\"WebSite\",\"@id\":\"https:\\\/\\\/www.eldigitaldeasturias.com\\\/noticias\\\/#website\",\"url\":\"https:\\\/\\\/www.eldigitaldeasturias.com\\\/noticias\\\/\",\"name\":\"El Digital de Asturias - Diario de actualidad y noticias\",\"alternateName\":\"El Digital de Asturias - Diario de actualidad y noticias\",\"description\":\"Hemeroteca\",\"inLanguage\":\"es-ES\",\"publisher\":{\"@id\":\"https:\\\/\\\/www.eldigitaldeasturias.com\\\/noticias\\\/#organization\"}}]}\n\t\t<\/script>\n\t\t<!-- All in One SEO Pro -->\r\n\t\t<title>Miquel Iceta \u00abYo he cogido asiento para la segunda votaci\u00f3n\u00bb - El Digital de Asturias<\/title>\n\n","aioseo_head_json":{"title":"Miquel Iceta \u00abYo he cogido asiento para la segunda votaci\u00f3n\u00bb - El Digital de Asturias","description":"El l\u00edder del PSC, Miquel Iceta, ha defendido este martes un pacto de Gobierno entre el PSOE y C's pese a que \u00e9l preferir\u00eda un acuerdo entre formaciones netamente de izquierdas: \"Para echar a la derecha m\u00e1s derecha quiz\u00e1 debes pactar con la derecha menos derecha\". \"Los ciudadanos no dieron una mayor\u00eda absoluta a la","canonical_url":"https:\/\/www.eldigitaldeasturias.com\/noticias\/miquel-iceta-yo-he-cogido-asiento-para-la-segunda-votacion\/","robots":"max-image-preview:large","keywords":"actualidad","webmasterTools":{"google-site-verification":"UA-38556648-1","msvalidate.01":"7dfe9f3f1b24437ab69f4f2559babe99","miscellaneous":""},"schema":{"@context":"https:\/\/schema.org","@graph":[{"@type":"BlogPosting","@id":"https:\/\/www.eldigitaldeasturias.com\/noticias\/miquel-iceta-yo-he-cogido-asiento-para-la-segunda-votacion\/#blogposting","name":"Miquel Iceta \u00abYo he cogido asiento para la segunda votaci\u00f3n\u00bb - El Digital de Asturias","headline":"Miquel Iceta \u00abYo he cogido asiento para la segunda votaci\u00f3n\u00bb","author":{"@id":"https:\/\/www.eldigitaldeasturias.com\/noticias\/author\/admin\/#author"},"publisher":{"@id":"https:\/\/www.eldigitaldeasturias.com\/noticias\/#organization"},"image":{"@type":"ImageObject","url":"https:\/\/www.eldigitaldeasturias.com\/noticias\/wp-content\/uploads\/2016\/02\/fotonoticia_20160223120417_800.jpg","width":800,"height":600},"datePublished":"2016-02-24T04:16:29+01:00","dateModified":"2016-02-24T04:16:29+01:00","inLanguage":"es-ES","mainEntityOfPage":{"@id":"https:\/\/www.eldigitaldeasturias.com\/noticias\/miquel-iceta-yo-he-cogido-asiento-para-la-segunda-votacion\/#webpage"},"isPartOf":{"@id":"https:\/\/www.eldigitaldeasturias.com\/noticias\/miquel-iceta-yo-he-cogido-asiento-para-la-segunda-votacion\/#webpage"},"articleSection":"Actualidad"},{"@type":"BreadcrumbList","@id":"https:\/\/www.eldigitaldeasturias.com\/noticias\/miquel-iceta-yo-he-cogido-asiento-para-la-segunda-votacion\/#breadcrumblist","itemListElement":[{"@type":"ListItem","@id":"https:\/\/www.eldigitaldeasturias.com\/noticias#listItem","position":1,"name":"Home","item":"https:\/\/www.eldigitaldeasturias.com\/noticias","nextItem":{"@type":"ListItem","@id":"https:\/\/www.eldigitaldeasturias.com\/noticias\/category\/actualidad\/#listItem","name":"Actualidad"}},{"@type":"ListItem","@id":"https:\/\/www.eldigitaldeasturias.com\/noticias\/category\/actualidad\/#listItem","position":2,"name":"Actualidad","item":"https:\/\/www.eldigitaldeasturias.com\/noticias\/category\/actualidad\/","nextItem":{"@type":"ListItem","@id":"https:\/\/www.eldigitaldeasturias.com\/noticias\/miquel-iceta-yo-he-cogido-asiento-para-la-segunda-votacion\/#listItem","name":"Miquel Iceta \u00abYo he cogido asiento para la segunda votaci\u00f3n\u00bb"},"previousItem":{"@type":"ListItem","@id":"https:\/\/www.eldigitaldeasturias.com\/noticias#listItem","name":"Home"}},{"@type":"ListItem","@id":"https:\/\/www.eldigitaldeasturias.com\/noticias\/miquel-iceta-yo-he-cogido-asiento-para-la-segunda-votacion\/#listItem","position":3,"name":"Miquel Iceta \u00abYo he cogido asiento para la segunda votaci\u00f3n\u00bb","previousItem":{"@type":"ListItem","@id":"https:\/\/www.eldigitaldeasturias.com\/noticias\/category\/actualidad\/#listItem","name":"Actualidad"}}]},{"@type":"Organization","@id":"https:\/\/www.eldigitaldeasturias.com\/noticias\/#organization","name":"El Digital de Asturias","description":"Hemeroteca","url":"https:\/\/www.eldigitaldeasturias.com\/noticias\/","email":"info@eldigitaldeasturias.com","telephone":"+34652131393","logo":{"@type":"ImageObject","url":"https:\/\/www.eldigitaldeasturias.com\/noticias\/wp-content\/uploads\/2020\/12\/EDA.jpg","@id":"https:\/\/www.eldigitaldeasturias.com\/noticias\/miquel-iceta-yo-he-cogido-asiento-para-la-segunda-votacion\/#organizationLogo","width":649,"height":297},"image":{"@id":"https:\/\/www.eldigitaldeasturias.com\/noticias\/miquel-iceta-yo-he-cogido-asiento-para-la-segunda-votacion\/#organizationLogo"},"sameAs":["https:\/\/facebook.com\/eldigitaldeasturias","https:\/\/www.youtube.com\/channel\/UCZP-2wLEB9Rv6erhFmqVnvg"],"address":{"@id":"https:\/\/www.eldigitaldeasturias.com\/noticias\/#postaladdress","@type":"PostalAddress","streetAddress":"san antonio 4,","postalCode":"33430","addressLocality":"Cand\u00e1s","addressRegion":"Asturias","addressCountry":"ES"}},{"@type":"Person","@id":"https:\/\/www.eldigitaldeasturias.com\/noticias\/author\/admin\/#author","url":"https:\/\/www.eldigitaldeasturias.com\/noticias\/author\/admin\/","name":"El Digital de Asturias","image":{"@type":"ImageObject","@id":"https:\/\/www.eldigitaldeasturias.com\/noticias\/miquel-iceta-yo-he-cogido-asiento-para-la-segunda-votacion\/#authorImage","url":"https:\/\/www.eldigitaldeasturias.com\/noticias\/wp-content\/litespeed\/avatar\/18677e78aa0546b92d9dbf31ec7d7668.jpg?ver=1777290358","width":96,"height":96,"caption":"El Digital de Asturias"}},{"@type":"WebPage","@id":"https:\/\/www.eldigitaldeasturias.com\/noticias\/miquel-iceta-yo-he-cogido-asiento-para-la-segunda-votacion\/#webpage","url":"https:\/\/www.eldigitaldeasturias.com\/noticias\/miquel-iceta-yo-he-cogido-asiento-para-la-segunda-votacion\/","name":"Miquel Iceta \u00abYo he cogido asiento para la segunda votaci\u00f3n\u00bb - El Digital de Asturias","description":"El l\u00edder del PSC, Miquel Iceta, ha defendido este martes un pacto de Gobierno entre el PSOE y C's pese a que \u00e9l preferir\u00eda un acuerdo entre formaciones netamente de izquierdas: \"Para echar a la derecha m\u00e1s derecha quiz\u00e1 debes pactar con la derecha menos derecha\". \"Los ciudadanos no dieron una mayor\u00eda absoluta a la","inLanguage":"es-ES","isPartOf":{"@id":"https:\/\/www.eldigitaldeasturias.com\/noticias\/#website"},"breadcrumb":{"@id":"https:\/\/www.eldigitaldeasturias.com\/noticias\/miquel-iceta-yo-he-cogido-asiento-para-la-segunda-votacion\/#breadcrumblist"},"author":{"@id":"https:\/\/www.eldigitaldeasturias.com\/noticias\/author\/admin\/#author"},"creator":{"@id":"https:\/\/www.eldigitaldeasturias.com\/noticias\/author\/admin\/#author"},"image":{"@type":"ImageObject","url":"https:\/\/www.eldigitaldeasturias.com\/noticias\/wp-content\/uploads\/2016\/02\/fotonoticia_20160223120417_800.jpg","@id":"https:\/\/www.eldigitaldeasturias.com\/noticias\/miquel-iceta-yo-he-cogido-asiento-para-la-segunda-votacion\/#mainImage","width":800,"height":600},"primaryImageOfPage":{"@id":"https:\/\/www.eldigitaldeasturias.com\/noticias\/miquel-iceta-yo-he-cogido-asiento-para-la-segunda-votacion\/#mainImage"},"datePublished":"2016-02-24T04:16:29+01:00","dateModified":"2016-02-24T04:16:29+01:00"},{"@type":"WebSite","@id":"https:\/\/www.eldigitaldeasturias.com\/noticias\/#website","url":"https:\/\/www.eldigitaldeasturias.com\/noticias\/","name":"El Digital de Asturias - Diario de actualidad y noticias","alternateName":"El Digital de Asturias - Diario de actualidad y noticias","description":"Hemeroteca","inLanguage":"es-ES","publisher":{"@id":"https:\/\/www.eldigitaldeasturias.com\/noticias\/#organization"}}]},"og:locale":"es_ES","og:site_name":"El Digital de Asturias","og:type":"article","og:title":"Miquel Iceta \u00abYo he cogido asiento para la segunda votaci\u00f3n\u00bb - El Digital de Asturias","og:description":"El l\u00edder del PSC, Miquel Iceta, ha defendido este martes un pacto de Gobierno entre el PSOE y C's pese a que \u00e9l preferir\u00eda un acuerdo entre formaciones netamente de izquierdas: &quot;Para echar a la derecha m\u00e1s derecha quiz\u00e1 debes pactar con la derecha menos derecha&quot;. &quot;Los ciudadanos no dieron una mayor\u00eda absoluta a la","og:url":"https:\/\/www.eldigitaldeasturias.com\/noticias\/miquel-iceta-yo-he-cogido-asiento-para-la-segunda-votacion\/","og:image":"https:\/\/www.eldigitaldeasturias.com\/noticias\/wp-content\/uploads\/2016\/02\/fotonoticia_20160223120417_800.jpg","og:image:secure_url":"https:\/\/www.eldigitaldeasturias.com\/noticias\/wp-content\/uploads\/2016\/02\/fotonoticia_20160223120417_800.jpg","og:image:width":800,"og:image:height":600,"article:tag":["actualidad"],"article:published_time":"2016-02-24T04:16:29+00:00","article:modified_time":"2016-02-24T04:16:29+00:00","article:publisher":"https:\/\/facebook.com\/eldigitaldeasturias","twitter:card":"summary_large_image","twitter:title":"Miquel Iceta \u00abYo he cogido asiento para la segunda votaci\u00f3n\u00bb - El Digital de Asturias","twitter:description":"El l\u00edder del PSC, Miquel Iceta, ha defendido este martes un pacto de Gobierno entre el PSOE y C's pese a que \u00e9l preferir\u00eda un acuerdo entre formaciones netamente de izquierdas: &quot;Para echar a la derecha m\u00e1s derecha quiz\u00e1 debes pactar con la derecha menos derecha&quot;. &quot;Los ciudadanos no dieron una mayor\u00eda absoluta a la","twitter:image":"https:\/\/www.eldigitaldeasturias.com\/noticias\/wp-content\/uploads\/2016\/02\/fotonoticia_20160223120417_800.jpg","twitter:label1":"Escrito por","twitter:data1":"El Digital de Asturias","twitter:label2":"Tiempo de lectura estimado","twitter:data2":"2 minutos"},"aioseo_meta_data":{"post_id":"861455","title":null,"description":null,"keywords":null,"keyphrases":null,"primary_term":null,"canonical_url":null,"og_title":null,"og_description":null,"og_object_type":"default","og_image_type":"default","og_image_url":null,"og_image_width":null,"og_image_height":null,"og_image_custom_url":null,"og_image_custom_fields":null,"og_video":null,"og_custom_url":null,"og_article_section":null,"og_article_tags":null,"twitter_use_og":false,"twitter_card":"default","twitter_image_type":"default","twitter_image_url":null,"twitter_image_custom_url":null,"twitter_image_custom_fields":null,"twitter_title":null,"twitter_description":null,"schema":{"blockGraphs":[],"customGraphs":[],"default":{"data":{"Article":[],"Course":[],"Dataset":[],"FAQPage":[],"Movie":[],"Person":[],"Product":[],"ProductReview":[],"Car":[],"Recipe":[],"Service":[],"SoftwareApplication":[],"WebPage":[]},"graphName":"","isEnabled":true},"graphs":[],"defaultGraph":"","defaultPostTypeGraph":""},"schema_type":null,"schema_type_options":null,"pillar_content":false,"robots_default":true,"robots_noindex":false,"robots_noarchive":false,"robots_nosnippet":false,"robots_nofollow":false,"robots_noimageindex":false,"robots_noodp":false,"robots_notranslate":false,"robots_max_snippet":null,"robots_max_videopreview":null,"robots_max_imagepreview":"large","priority":null,"frequency":null,"local_seo":null,"seo_analyzer_scan_date":"2025-12-10 21:19:09","breadcrumb_settings":null,"limit_modified_date":false,"open_ai":null,"ai":null,"created":"2021-01-23 11:56:09","updated":"2025-12-10 21:19:09"},"aioseo_breadcrumb":"<div class=\"aioseo-breadcrumbs\"><span class=\"aioseo-breadcrumb\">\n\t<a href=\"https:\/\/www.eldigitaldeasturias.com\/noticias\" title=\"Home\">Home<\/a>\n<\/span><span class=\"aioseo-breadcrumb-separator\">\u2013<\/span><span class=\"aioseo-breadcrumb\">\n\t<a href=\"https:\/\/www.eldigitaldeasturias.com\/noticias\/category\/actualidad\/\" title=\"Actualidad\">Actualidad<\/a>\n<\/span><span class=\"aioseo-breadcrumb-separator\">\u2013<\/span><span class=\"aioseo-breadcrumb\">\n\t<a href=\"https:\/\/www.eldigitaldeasturias.com\/noticias\/miquel-iceta-yo-he-cogido-asiento-para-la-segunda-votacion\/\" title=\"Miquel Iceta \u00abYo he cogido asiento para la segunda votaci\u00f3n\u00bb\">Miquel Iceta \u00abYo he cogido asiento para la segunda votaci\u00f3n\u00bb<\/a>\n<\/span><\/div>","aioseo_breadcrumb_json":[{"label":"Home","link":"https:\/\/www.eldigitaldeasturias.com\/noticias"},{"label":"Actualidad","link":"https:\/\/www.eldigitaldeasturias.com\/noticias\/category\/actualidad\/"},{"label":"Miquel Iceta \u00abYo he cogido asiento para la segunda votaci\u00f3n\u00bb","link":"https:\/\/www.eldigitaldeasturias.com\/noticias\/miquel-iceta-yo-he-cogido-asiento-para-la-segunda-votacion\/"}],"_links":{"self":[{"href":"https:\/\/www.eldigitaldeasturias.com\/noticias\/wp-json\/wp\/v2\/posts\/861455","targetHints":{"allow":["GET"]}}],"collection":[{"href":"https:\/\/www.eldigitaldeasturias.com\/noticias\/wp-json\/wp\/v2\/posts"}],"about":[{"href":"https:\/\/www.eldigitaldeasturias.com\/noticias\/wp-json\/wp\/v2\/types\/post"}],"author":[{"embeddable":true,"href":"https:\/\/www.eldigitaldeasturias.com\/noticias\/wp-json\/wp\/v2\/users\/1"}],"replies":[{"embeddable":true,"href":"https:\/\/www.eldigitaldeasturias.com\/noticias\/wp-json\/wp\/v2\/comments?post=861455"}],"version-history":[{"count":0,"href":"https:\/\/www.eldigitaldeasturias.com\/noticias\/wp-json\/wp\/v2\/posts\/861455\/revisions"}],"wp:featuredmedia":[{"embeddable":true,"href":"https:\/\/www.eldigitaldeasturias.com\/noticias\/wp-json\/wp\/v2\/media\/861456"}],"wp:attachment":[{"href":"https:\/\/www.eldigitaldeasturias.com\/noticias\/wp-json\/wp\/v2\/media?parent=861455"}],"wp:term":[{"taxonomy":"category","embeddable":true,"href":"https:\/\/www.eldigitaldeasturias.com\/noticias\/wp-json\/wp\/v2\/categories?post=861455"},{"taxonomy":"post_tag","embeddable":true,"href":"https:\/\/www.eldigitaldeasturias.com\/noticias\/wp-json\/wp\/v2\/tags?post=861455"}],"curies":[{"name":"wp","href":"https:\/\/api.w.org\/{rel}","templated":true}]}}