{"id":861446,"date":"2016-02-24T04:09:49","date_gmt":"2016-02-24T04:09:49","guid":{"rendered":"http:\/\/www.eldigitaldeasturias.com\/noticias\/?p=861446"},"modified":"2016-02-24T04:09:49","modified_gmt":"2016-02-24T04:09:49","slug":"carles-puigdemont-la-independencia-es-irrenunciable","status":"publish","type":"post","link":"https:\/\/www.eldigitaldeasturias.com\/noticias\/carles-puigdemont-la-independencia-es-irrenunciable\/","title":{"rendered":"Carles Puigdemont \u00abLa independencia es irrenunciable\u00bb"},"content":{"rendered":"<p><img loading=\"lazy\" decoding=\"async\" class=\"alignleft size-medium wp-image-861447\" src=\"https:\/\/www.eldigitaldeasturias.com\/noticias\/wp-content\/uploads\/2016\/02\/fotonoticia_20160223105040_800-360x270.jpg\" alt=\"fotonoticia_20160223105040_800\" width=\"360\" height=\"270\" srcset=\"https:\/\/www.eldigitaldeasturias.com\/noticias\/wp-content\/uploads\/2016\/02\/fotonoticia_20160223105040_800-360x270.jpg 360w, https:\/\/www.eldigitaldeasturias.com\/noticias\/wp-content\/uploads\/2016\/02\/fotonoticia_20160223105040_800-768x576.jpg 768w, https:\/\/www.eldigitaldeasturias.com\/noticias\/wp-content\/uploads\/2016\/02\/fotonoticia_20160223105040_800-650x488.jpg 650w, https:\/\/www.eldigitaldeasturias.com\/noticias\/wp-content\/uploads\/2016\/02\/fotonoticia_20160223105040_800-125x95.jpg 125w, https:\/\/www.eldigitaldeasturias.com\/noticias\/wp-content\/uploads\/2016\/02\/fotonoticia_20160223105040_800-100x75.jpg 100w, https:\/\/www.eldigitaldeasturias.com\/noticias\/wp-content\/uploads\/2016\/02\/fotonoticia_20160223105040_800.jpg 800w\" sizes=\"auto, (max-width: 360px) 100vw, 360px\" \/>El presidente de la Generalitat, Carles Puigdemont, ha avisado este martes de que el despliegue de la hoja de ruta independentista es \u00abinolvidable, ineludible e irrenunciable\u00bb porque es un mandato democr\u00e1tico, y ha garantizado que se har\u00e1 con la m\u00e1xima seguridad jur\u00eddica.<\/p>\n<p>\u00abEs el encargo que nos ha hecho el pueblo y tengo el compromiso de hacerlo\u00bb, ha destacado Puigdemont en el acto de toma de posesi\u00f3n en el Sal\u00f3 Sant Jordi del Palau de la Generalitat de cinco de los 15 juristas que conforman la Comisi\u00f3n Jur\u00eddica Asesora, que vela por la legalidad de la actuaci\u00f3n de las distintas administraciones catalanas.<\/p>\n<p>Le ha pedido a los juristas que tambi\u00e9n sean \u00abfieles al pueblo\u00bb catal\u00e1n en su labor de asesorar al Govern para que la construcci\u00f3n de las estructuras de Estado que le faltan a Catalunya se haga cumpliendo con la legalidad catalana.<\/p>\n<p>\u00abOs animo a todos en la labor que sab\u00e9is que tendr\u00e9is que hacer en el momento especial en el que os ha tocado servir al pa\u00eds\u00bb, en el que es necesario actuar con respeto a la tradici\u00f3n jur\u00eddica de Catalunya, que se basa en el lema que llevan los miembros de la Comisi\u00f3n en su distintivo: &#8216;Seny i saber&#8217;.<\/p>\n<p>En Catalunya, \u00ablas leyes y las normas se hacen con la colaboraci\u00f3n de todos los estamentos y no son disposiciones autoritarias\u00bb porque se hacen desde el rigor que garantizan \u00f3rganos como la Comisi\u00f3n Jur\u00eddica Asesora.<\/p>\n<p>\u00abEstos valores seguir\u00e1n estando en el Estado democr\u00e1tico que estamos construyendo\u00bb pese a cualquier obst\u00e1culo o impedimento, ha manifestado el presidente catal\u00e1n.<\/p>\n<p>Para Puigdemont, la Comisi\u00f3n Jur\u00eddica Asesora es una estructura de Estado \u00abque garantizar\u00e1 el buen hacer, el rigor y la seguridad de los trabajos que las instituciones deben hacer para desplegar el inolvidable, ineludible e irrenunciable encargo del pueblo de Catalu\u00f1a\u00bb.<\/p>\n<p>\u00abY es en base a este encargo, que os animo hacer vuestro trabajo\u00bb como siempre, desde que se cre\u00f3 este \u00f3rgano a principios del siglo XX, antes que la Constituci\u00f3n espa\u00f1ola, ha concluido Puigdemont.<\/p>\n<p>EL CONSEJO DE ESTADO DE CATALU\u00d1A<\/p>\n<p>El presidente de la Comisi\u00f3n Jur\u00eddica Asesora, Albert Lamarca, ha asegurado que el ente que lidera es \u00abcomo un consejo de Estado de Catalunya\u00bb y ha asegurado que la principal legalidad es la que responde a la voluntad expresada por el Parlament.<\/p>\n<p>Ha criticado a quienes ponen \u00abescollos\u00bb a esta legalidad, en alusi\u00f3n a c\u00f3mo afronta el Estado el proceso soberanista, y se ha comprometido a trabajar codo con codo con el Govern para que todas sus acciones se ajusten a la legalidad catalana.<\/p>\n<p>\u00abHay gente a quien no le gusta que haya gobiernos, leyes, sentencias, parlamentos y gobiernos que sean justos y se expresen en catal\u00e1n\u00bb, ha a\u00f1adido Lamarca, que ha destacado que la independencia de los juristas es la mejor garant\u00eda de \u00e9xito para las administraciones.<\/p>\n<p>Ha dicho que los juristas de la Generalitat har\u00edan un mal servicio a Catalunya si no trabajan con independencia: \u00abNi sabremos ni podremos mentir cuando el Govern nos pida consejo para garantizar la solvencia jur\u00eddica de las decisiones que deba tomar\u00bb.<\/p>\n<p>Han asistido al acto numerosos miembros del Govern, como el vicepresidente y conseller de Econom\u00eda y Hacienda, Oriol Junqueras; la consellera de Presidencia y portavoz del Govern, Neus Munt\u00e9; la de Gobernaci\u00f3n y Vivienda, Meritxell Borr\u00e0s; el de Exteriores, Ra\u00fcl Romeva; el de Interior, Jordi Jan\u00e9; el de Salud, Toni Com\u00edn; el de Justicia, Carles Mund\u00f3, y el de Territorio y Sostenibilidad, Josep Rull.<\/p>\n","protected":false},"excerpt":{"rendered":"<p>El presidente de la Generalitat, Carles Puigdemont, ha avisado este martes de que el despliegue de la hoja de ruta independentista es \u00abinolvidable, ineludible e irrenunciable\u00bb porque es un mandato democr\u00e1tico, y ha garantizado que se har\u00e1 con la m\u00e1xima seguridad jur\u00eddica. \u00abEs el encargo que nos ha hecho el pueblo y tengo el compromiso [&hellip;]<\/p>\n","protected":false},"author":1,"featured_media":861447,"comment_status":"closed","ping_status":"closed","sticky":false,"template":"","format":"standard","meta":{"footnotes":""},"categories":[1],"tags":[],"class_list":["post-861446","post","type-post","status-publish","format-standard","has-post-thumbnail","hentry","category-actualidad"],"aioseo_notices":[],"aioseo_head":"\n\t\t<!-- All in One SEO Pro 4.9.6.2 - aioseo.com -->\n\t<meta name=\"description\" content=\"El presidente de la Generalitat, Carles Puigdemont, ha avisado este martes de que el despliegue de la hoja de ruta independentista es &quot;inolvidable, ineludible e irrenunciable&quot; porque es un mandato democr\u00e1tico, y ha garantizado que se har\u00e1 con la m\u00e1xima seguridad jur\u00eddica. &quot;Es el encargo que nos ha hecho el pueblo y tengo el compromiso\" \/>\n\t<meta name=\"robots\" content=\"max-image-preview:large\" \/>\n\t<meta name=\"author\" content=\"El Digital de Asturias\"\/>\n\t<meta name=\"google-site-verification\" content=\"UA-38556648-1\" \/>\n\t<meta name=\"msvalidate.01\" content=\"7dfe9f3f1b24437ab69f4f2559babe99\" \/>\n\t<meta name=\"keywords\" content=\"actualidad\" \/>\n\t<link rel=\"canonical\" href=\"https:\/\/www.eldigitaldeasturias.com\/noticias\/carles-puigdemont-la-independencia-es-irrenunciable\/\" \/>\n\t<meta name=\"generator\" content=\"All in One SEO Pro (AIOSEO) 4.9.6.2\" \/>\n\t\t<meta property=\"og:locale\" content=\"es_ES\" \/>\n\t\t<meta property=\"og:site_name\" content=\"El Digital de Asturias\" \/>\n\t\t<meta property=\"og:type\" content=\"article\" \/>\n\t\t<meta property=\"og:title\" content=\"Carles Puigdemont \u00abLa independencia es irrenunciable\u00bb - El Digital de Asturias\" \/>\n\t\t<meta property=\"og:description\" content=\"El presidente de la Generalitat, Carles Puigdemont, ha avisado este martes de que el despliegue de la hoja de ruta independentista es &quot;inolvidable, ineludible e irrenunciable&quot; porque es un mandato democr\u00e1tico, y ha garantizado que se har\u00e1 con la m\u00e1xima seguridad jur\u00eddica. &quot;Es el encargo que nos ha hecho el pueblo y tengo el compromiso\" \/>\n\t\t<meta property=\"og:url\" content=\"https:\/\/www.eldigitaldeasturias.com\/noticias\/carles-puigdemont-la-independencia-es-irrenunciable\/\" \/>\n\t\t<meta property=\"og:image\" content=\"https:\/\/www.eldigitaldeasturias.com\/noticias\/wp-content\/uploads\/2016\/02\/fotonoticia_20160223105040_800.jpg\" \/>\n\t\t<meta property=\"og:image:secure_url\" content=\"https:\/\/www.eldigitaldeasturias.com\/noticias\/wp-content\/uploads\/2016\/02\/fotonoticia_20160223105040_800.jpg\" \/>\n\t\t<meta property=\"og:image:width\" content=\"800\" \/>\n\t\t<meta property=\"og:image:height\" content=\"600\" \/>\n\t\t<meta property=\"article:tag\" content=\"actualidad\" \/>\n\t\t<meta property=\"article:published_time\" content=\"2016-02-24T04:09:49+00:00\" \/>\n\t\t<meta property=\"article:modified_time\" content=\"2016-02-24T04:09:49+00:00\" \/>\n\t\t<meta property=\"article:publisher\" content=\"https:\/\/facebook.com\/eldigitaldeasturias\" \/>\n\t\t<meta name=\"twitter:card\" content=\"summary_large_image\" \/>\n\t\t<meta name=\"twitter:title\" content=\"Carles Puigdemont \u00abLa independencia es irrenunciable\u00bb - El Digital de Asturias\" \/>\n\t\t<meta name=\"twitter:description\" content=\"El presidente de la Generalitat, Carles Puigdemont, ha avisado este martes de que el despliegue de la hoja de ruta independentista es &quot;inolvidable, ineludible e irrenunciable&quot; porque es un mandato democr\u00e1tico, y ha garantizado que se har\u00e1 con la m\u00e1xima seguridad jur\u00eddica. &quot;Es el encargo que nos ha hecho el pueblo y tengo el compromiso\" \/>\n\t\t<meta name=\"twitter:image\" content=\"https:\/\/www.eldigitaldeasturias.com\/noticias\/wp-content\/uploads\/2016\/02\/fotonoticia_20160223105040_800.jpg\" \/>\n\t\t<meta name=\"twitter:label1\" content=\"Escrito por\" \/>\n\t\t<meta name=\"twitter:data1\" content=\"El Digital de Asturias\" \/>\n\t\t<meta name=\"twitter:label2\" content=\"Tiempo de lectura estimado\" \/>\n\t\t<meta name=\"twitter:data2\" content=\"3 minutos\" \/>\n\t\t<script type=\"application\/ld+json\" class=\"aioseo-schema\">\n\t\t\t{\"@context\":\"https:\\\/\\\/schema.org\",\"@graph\":[{\"@type\":\"BlogPosting\",\"@id\":\"https:\\\/\\\/www.eldigitaldeasturias.com\\\/noticias\\\/carles-puigdemont-la-independencia-es-irrenunciable\\\/#blogposting\",\"name\":\"Carles Puigdemont \\u00abLa independencia es irrenunciable\\u00bb - El Digital de Asturias\",\"headline\":\"Carles Puigdemont \\u00abLa independencia es irrenunciable\\u00bb\",\"author\":{\"@id\":\"https:\\\/\\\/www.eldigitaldeasturias.com\\\/noticias\\\/author\\\/admin\\\/#author\"},\"publisher\":{\"@id\":\"https:\\\/\\\/www.eldigitaldeasturias.com\\\/noticias\\\/#organization\"},\"image\":{\"@type\":\"ImageObject\",\"url\":\"https:\\\/\\\/www.eldigitaldeasturias.com\\\/noticias\\\/wp-content\\\/uploads\\\/2016\\\/02\\\/fotonoticia_20160223105040_800.jpg\",\"width\":800,\"height\":600},\"datePublished\":\"2016-02-24T04:09:49+01:00\",\"dateModified\":\"2016-02-24T04:09:49+01:00\",\"inLanguage\":\"es-ES\",\"mainEntityOfPage\":{\"@id\":\"https:\\\/\\\/www.eldigitaldeasturias.com\\\/noticias\\\/carles-puigdemont-la-independencia-es-irrenunciable\\\/#webpage\"},\"isPartOf\":{\"@id\":\"https:\\\/\\\/www.eldigitaldeasturias.com\\\/noticias\\\/carles-puigdemont-la-independencia-es-irrenunciable\\\/#webpage\"},\"articleSection\":\"Actualidad\"},{\"@type\":\"BreadcrumbList\",\"@id\":\"https:\\\/\\\/www.eldigitaldeasturias.com\\\/noticias\\\/carles-puigdemont-la-independencia-es-irrenunciable\\\/#breadcrumblist\",\"itemListElement\":[{\"@type\":\"ListItem\",\"@id\":\"https:\\\/\\\/www.eldigitaldeasturias.com\\\/noticias#listItem\",\"position\":1,\"name\":\"Home\",\"item\":\"https:\\\/\\\/www.eldigitaldeasturias.com\\\/noticias\",\"nextItem\":{\"@type\":\"ListItem\",\"@id\":\"https:\\\/\\\/www.eldigitaldeasturias.com\\\/noticias\\\/category\\\/actualidad\\\/#listItem\",\"name\":\"Actualidad\"}},{\"@type\":\"ListItem\",\"@id\":\"https:\\\/\\\/www.eldigitaldeasturias.com\\\/noticias\\\/category\\\/actualidad\\\/#listItem\",\"position\":2,\"name\":\"Actualidad\",\"item\":\"https:\\\/\\\/www.eldigitaldeasturias.com\\\/noticias\\\/category\\\/actualidad\\\/\",\"nextItem\":{\"@type\":\"ListItem\",\"@id\":\"https:\\\/\\\/www.eldigitaldeasturias.com\\\/noticias\\\/carles-puigdemont-la-independencia-es-irrenunciable\\\/#listItem\",\"name\":\"Carles Puigdemont \\u00abLa independencia es irrenunciable\\u00bb\"},\"previousItem\":{\"@type\":\"ListItem\",\"@id\":\"https:\\\/\\\/www.eldigitaldeasturias.com\\\/noticias#listItem\",\"name\":\"Home\"}},{\"@type\":\"ListItem\",\"@id\":\"https:\\\/\\\/www.eldigitaldeasturias.com\\\/noticias\\\/carles-puigdemont-la-independencia-es-irrenunciable\\\/#listItem\",\"position\":3,\"name\":\"Carles Puigdemont \\u00abLa independencia es irrenunciable\\u00bb\",\"previousItem\":{\"@type\":\"ListItem\",\"@id\":\"https:\\\/\\\/www.eldigitaldeasturias.com\\\/noticias\\\/category\\\/actualidad\\\/#listItem\",\"name\":\"Actualidad\"}}]},{\"@type\":\"Organization\",\"@id\":\"https:\\\/\\\/www.eldigitaldeasturias.com\\\/noticias\\\/#organization\",\"name\":\"El Digital de Asturias\",\"description\":\"Hemeroteca\",\"url\":\"https:\\\/\\\/www.eldigitaldeasturias.com\\\/noticias\\\/\",\"email\":\"info@eldigitaldeasturias.com\",\"telephone\":\"+34652131393\",\"logo\":{\"@type\":\"ImageObject\",\"url\":\"https:\\\/\\\/www.eldigitaldeasturias.com\\\/noticias\\\/wp-content\\\/uploads\\\/2020\\\/12\\\/EDA.jpg\",\"@id\":\"https:\\\/\\\/www.eldigitaldeasturias.com\\\/noticias\\\/carles-puigdemont-la-independencia-es-irrenunciable\\\/#organizationLogo\",\"width\":649,\"height\":297},\"image\":{\"@id\":\"https:\\\/\\\/www.eldigitaldeasturias.com\\\/noticias\\\/carles-puigdemont-la-independencia-es-irrenunciable\\\/#organizationLogo\"},\"sameAs\":[\"https:\\\/\\\/facebook.com\\\/eldigitaldeasturias\",\"https:\\\/\\\/www.youtube.com\\\/channel\\\/UCZP-2wLEB9Rv6erhFmqVnvg\"],\"address\":{\"@id\":\"https:\\\/\\\/www.eldigitaldeasturias.com\\\/noticias\\\/#postaladdress\",\"@type\":\"PostalAddress\",\"streetAddress\":\"san antonio 4,\",\"postalCode\":\"33430\",\"addressLocality\":\"Cand\\u00e1s\",\"addressRegion\":\"Asturias\",\"addressCountry\":\"ES\"}},{\"@type\":\"Person\",\"@id\":\"https:\\\/\\\/www.eldigitaldeasturias.com\\\/noticias\\\/author\\\/admin\\\/#author\",\"url\":\"https:\\\/\\\/www.eldigitaldeasturias.com\\\/noticias\\\/author\\\/admin\\\/\",\"name\":\"El Digital de Asturias\",\"image\":{\"@type\":\"ImageObject\",\"@id\":\"https:\\\/\\\/www.eldigitaldeasturias.com\\\/noticias\\\/carles-puigdemont-la-independencia-es-irrenunciable\\\/#authorImage\",\"url\":\"https:\\\/\\\/www.eldigitaldeasturias.com\\\/noticias\\\/wp-content\\\/litespeed\\\/avatar\\\/18677e78aa0546b92d9dbf31ec7d7668.jpg?ver=1777290358\",\"width\":96,\"height\":96,\"caption\":\"El Digital de Asturias\"}},{\"@type\":\"WebPage\",\"@id\":\"https:\\\/\\\/www.eldigitaldeasturias.com\\\/noticias\\\/carles-puigdemont-la-independencia-es-irrenunciable\\\/#webpage\",\"url\":\"https:\\\/\\\/www.eldigitaldeasturias.com\\\/noticias\\\/carles-puigdemont-la-independencia-es-irrenunciable\\\/\",\"name\":\"Carles Puigdemont \\u00abLa independencia es irrenunciable\\u00bb - El Digital de Asturias\",\"description\":\"El presidente de la Generalitat, Carles Puigdemont, ha avisado este martes de que el despliegue de la hoja de ruta independentista es \\\"inolvidable, ineludible e irrenunciable\\\" porque es un mandato democr\\u00e1tico, y ha garantizado que se har\\u00e1 con la m\\u00e1xima seguridad jur\\u00eddica. \\\"Es el encargo que nos ha hecho el pueblo y tengo el compromiso\",\"inLanguage\":\"es-ES\",\"isPartOf\":{\"@id\":\"https:\\\/\\\/www.eldigitaldeasturias.com\\\/noticias\\\/#website\"},\"breadcrumb\":{\"@id\":\"https:\\\/\\\/www.eldigitaldeasturias.com\\\/noticias\\\/carles-puigdemont-la-independencia-es-irrenunciable\\\/#breadcrumblist\"},\"author\":{\"@id\":\"https:\\\/\\\/www.eldigitaldeasturias.com\\\/noticias\\\/author\\\/admin\\\/#author\"},\"creator\":{\"@id\":\"https:\\\/\\\/www.eldigitaldeasturias.com\\\/noticias\\\/author\\\/admin\\\/#author\"},\"image\":{\"@type\":\"ImageObject\",\"url\":\"https:\\\/\\\/www.eldigitaldeasturias.com\\\/noticias\\\/wp-content\\\/uploads\\\/2016\\\/02\\\/fotonoticia_20160223105040_800.jpg\",\"@id\":\"https:\\\/\\\/www.eldigitaldeasturias.com\\\/noticias\\\/carles-puigdemont-la-independencia-es-irrenunciable\\\/#mainImage\",\"width\":800,\"height\":600},\"primaryImageOfPage\":{\"@id\":\"https:\\\/\\\/www.eldigitaldeasturias.com\\\/noticias\\\/carles-puigdemont-la-independencia-es-irrenunciable\\\/#mainImage\"},\"datePublished\":\"2016-02-24T04:09:49+01:00\",\"dateModified\":\"2016-02-24T04:09:49+01:00\"},{\"@type\":\"WebSite\",\"@id\":\"https:\\\/\\\/www.eldigitaldeasturias.com\\\/noticias\\\/#website\",\"url\":\"https:\\\/\\\/www.eldigitaldeasturias.com\\\/noticias\\\/\",\"name\":\"El Digital de Asturias - Diario de actualidad y noticias\",\"alternateName\":\"El Digital de Asturias - Diario de actualidad y noticias\",\"description\":\"Hemeroteca\",\"inLanguage\":\"es-ES\",\"publisher\":{\"@id\":\"https:\\\/\\\/www.eldigitaldeasturias.com\\\/noticias\\\/#organization\"}}]}\n\t\t<\/script>\n\t\t<!-- All in One SEO Pro -->\r\n\t\t<title>Carles Puigdemont \u00abLa independencia es irrenunciable\u00bb - El Digital de Asturias<\/title>\n\n","aioseo_head_json":{"title":"Carles Puigdemont \u00abLa independencia es irrenunciable\u00bb - El Digital de Asturias","description":"El presidente de la Generalitat, Carles Puigdemont, ha avisado este martes de que el despliegue de la hoja de ruta independentista es \"inolvidable, ineludible e irrenunciable\" porque es un mandato democr\u00e1tico, y ha garantizado que se har\u00e1 con la m\u00e1xima seguridad jur\u00eddica. \"Es el encargo que nos ha hecho el pueblo y tengo el compromiso","canonical_url":"https:\/\/www.eldigitaldeasturias.com\/noticias\/carles-puigdemont-la-independencia-es-irrenunciable\/","robots":"max-image-preview:large","keywords":"actualidad","webmasterTools":{"google-site-verification":"UA-38556648-1","msvalidate.01":"7dfe9f3f1b24437ab69f4f2559babe99","miscellaneous":""},"schema":{"@context":"https:\/\/schema.org","@graph":[{"@type":"BlogPosting","@id":"https:\/\/www.eldigitaldeasturias.com\/noticias\/carles-puigdemont-la-independencia-es-irrenunciable\/#blogposting","name":"Carles Puigdemont \u00abLa independencia es irrenunciable\u00bb - El Digital de Asturias","headline":"Carles Puigdemont \u00abLa independencia es irrenunciable\u00bb","author":{"@id":"https:\/\/www.eldigitaldeasturias.com\/noticias\/author\/admin\/#author"},"publisher":{"@id":"https:\/\/www.eldigitaldeasturias.com\/noticias\/#organization"},"image":{"@type":"ImageObject","url":"https:\/\/www.eldigitaldeasturias.com\/noticias\/wp-content\/uploads\/2016\/02\/fotonoticia_20160223105040_800.jpg","width":800,"height":600},"datePublished":"2016-02-24T04:09:49+01:00","dateModified":"2016-02-24T04:09:49+01:00","inLanguage":"es-ES","mainEntityOfPage":{"@id":"https:\/\/www.eldigitaldeasturias.com\/noticias\/carles-puigdemont-la-independencia-es-irrenunciable\/#webpage"},"isPartOf":{"@id":"https:\/\/www.eldigitaldeasturias.com\/noticias\/carles-puigdemont-la-independencia-es-irrenunciable\/#webpage"},"articleSection":"Actualidad"},{"@type":"BreadcrumbList","@id":"https:\/\/www.eldigitaldeasturias.com\/noticias\/carles-puigdemont-la-independencia-es-irrenunciable\/#breadcrumblist","itemListElement":[{"@type":"ListItem","@id":"https:\/\/www.eldigitaldeasturias.com\/noticias#listItem","position":1,"name":"Home","item":"https:\/\/www.eldigitaldeasturias.com\/noticias","nextItem":{"@type":"ListItem","@id":"https:\/\/www.eldigitaldeasturias.com\/noticias\/category\/actualidad\/#listItem","name":"Actualidad"}},{"@type":"ListItem","@id":"https:\/\/www.eldigitaldeasturias.com\/noticias\/category\/actualidad\/#listItem","position":2,"name":"Actualidad","item":"https:\/\/www.eldigitaldeasturias.com\/noticias\/category\/actualidad\/","nextItem":{"@type":"ListItem","@id":"https:\/\/www.eldigitaldeasturias.com\/noticias\/carles-puigdemont-la-independencia-es-irrenunciable\/#listItem","name":"Carles Puigdemont \u00abLa independencia es irrenunciable\u00bb"},"previousItem":{"@type":"ListItem","@id":"https:\/\/www.eldigitaldeasturias.com\/noticias#listItem","name":"Home"}},{"@type":"ListItem","@id":"https:\/\/www.eldigitaldeasturias.com\/noticias\/carles-puigdemont-la-independencia-es-irrenunciable\/#listItem","position":3,"name":"Carles Puigdemont \u00abLa independencia es irrenunciable\u00bb","previousItem":{"@type":"ListItem","@id":"https:\/\/www.eldigitaldeasturias.com\/noticias\/category\/actualidad\/#listItem","name":"Actualidad"}}]},{"@type":"Organization","@id":"https:\/\/www.eldigitaldeasturias.com\/noticias\/#organization","name":"El Digital de Asturias","description":"Hemeroteca","url":"https:\/\/www.eldigitaldeasturias.com\/noticias\/","email":"info@eldigitaldeasturias.com","telephone":"+34652131393","logo":{"@type":"ImageObject","url":"https:\/\/www.eldigitaldeasturias.com\/noticias\/wp-content\/uploads\/2020\/12\/EDA.jpg","@id":"https:\/\/www.eldigitaldeasturias.com\/noticias\/carles-puigdemont-la-independencia-es-irrenunciable\/#organizationLogo","width":649,"height":297},"image":{"@id":"https:\/\/www.eldigitaldeasturias.com\/noticias\/carles-puigdemont-la-independencia-es-irrenunciable\/#organizationLogo"},"sameAs":["https:\/\/facebook.com\/eldigitaldeasturias","https:\/\/www.youtube.com\/channel\/UCZP-2wLEB9Rv6erhFmqVnvg"],"address":{"@id":"https:\/\/www.eldigitaldeasturias.com\/noticias\/#postaladdress","@type":"PostalAddress","streetAddress":"san antonio 4,","postalCode":"33430","addressLocality":"Cand\u00e1s","addressRegion":"Asturias","addressCountry":"ES"}},{"@type":"Person","@id":"https:\/\/www.eldigitaldeasturias.com\/noticias\/author\/admin\/#author","url":"https:\/\/www.eldigitaldeasturias.com\/noticias\/author\/admin\/","name":"El Digital de Asturias","image":{"@type":"ImageObject","@id":"https:\/\/www.eldigitaldeasturias.com\/noticias\/carles-puigdemont-la-independencia-es-irrenunciable\/#authorImage","url":"https:\/\/www.eldigitaldeasturias.com\/noticias\/wp-content\/litespeed\/avatar\/18677e78aa0546b92d9dbf31ec7d7668.jpg?ver=1777290358","width":96,"height":96,"caption":"El Digital de Asturias"}},{"@type":"WebPage","@id":"https:\/\/www.eldigitaldeasturias.com\/noticias\/carles-puigdemont-la-independencia-es-irrenunciable\/#webpage","url":"https:\/\/www.eldigitaldeasturias.com\/noticias\/carles-puigdemont-la-independencia-es-irrenunciable\/","name":"Carles Puigdemont \u00abLa independencia es irrenunciable\u00bb - El Digital de Asturias","description":"El presidente de la Generalitat, Carles Puigdemont, ha avisado este martes de que el despliegue de la hoja de ruta independentista es \"inolvidable, ineludible e irrenunciable\" porque es un mandato democr\u00e1tico, y ha garantizado que se har\u00e1 con la m\u00e1xima seguridad jur\u00eddica. \"Es el encargo que nos ha hecho el pueblo y tengo el compromiso","inLanguage":"es-ES","isPartOf":{"@id":"https:\/\/www.eldigitaldeasturias.com\/noticias\/#website"},"breadcrumb":{"@id":"https:\/\/www.eldigitaldeasturias.com\/noticias\/carles-puigdemont-la-independencia-es-irrenunciable\/#breadcrumblist"},"author":{"@id":"https:\/\/www.eldigitaldeasturias.com\/noticias\/author\/admin\/#author"},"creator":{"@id":"https:\/\/www.eldigitaldeasturias.com\/noticias\/author\/admin\/#author"},"image":{"@type":"ImageObject","url":"https:\/\/www.eldigitaldeasturias.com\/noticias\/wp-content\/uploads\/2016\/02\/fotonoticia_20160223105040_800.jpg","@id":"https:\/\/www.eldigitaldeasturias.com\/noticias\/carles-puigdemont-la-independencia-es-irrenunciable\/#mainImage","width":800,"height":600},"primaryImageOfPage":{"@id":"https:\/\/www.eldigitaldeasturias.com\/noticias\/carles-puigdemont-la-independencia-es-irrenunciable\/#mainImage"},"datePublished":"2016-02-24T04:09:49+01:00","dateModified":"2016-02-24T04:09:49+01:00"},{"@type":"WebSite","@id":"https:\/\/www.eldigitaldeasturias.com\/noticias\/#website","url":"https:\/\/www.eldigitaldeasturias.com\/noticias\/","name":"El Digital de Asturias - Diario de actualidad y noticias","alternateName":"El Digital de Asturias - Diario de actualidad y noticias","description":"Hemeroteca","inLanguage":"es-ES","publisher":{"@id":"https:\/\/www.eldigitaldeasturias.com\/noticias\/#organization"}}]},"og:locale":"es_ES","og:site_name":"El Digital de Asturias","og:type":"article","og:title":"Carles Puigdemont \u00abLa independencia es irrenunciable\u00bb - El Digital de Asturias","og:description":"El presidente de la Generalitat, Carles Puigdemont, ha avisado este martes de que el despliegue de la hoja de ruta independentista es &quot;inolvidable, ineludible e irrenunciable&quot; porque es un mandato democr\u00e1tico, y ha garantizado que se har\u00e1 con la m\u00e1xima seguridad jur\u00eddica. &quot;Es el encargo que nos ha hecho el pueblo y tengo el compromiso","og:url":"https:\/\/www.eldigitaldeasturias.com\/noticias\/carles-puigdemont-la-independencia-es-irrenunciable\/","og:image":"https:\/\/www.eldigitaldeasturias.com\/noticias\/wp-content\/uploads\/2016\/02\/fotonoticia_20160223105040_800.jpg","og:image:secure_url":"https:\/\/www.eldigitaldeasturias.com\/noticias\/wp-content\/uploads\/2016\/02\/fotonoticia_20160223105040_800.jpg","og:image:width":800,"og:image:height":600,"article:tag":["actualidad"],"article:published_time":"2016-02-24T04:09:49+00:00","article:modified_time":"2016-02-24T04:09:49+00:00","article:publisher":"https:\/\/facebook.com\/eldigitaldeasturias","twitter:card":"summary_large_image","twitter:title":"Carles Puigdemont \u00abLa independencia es irrenunciable\u00bb - El Digital de Asturias","twitter:description":"El presidente de la Generalitat, Carles Puigdemont, ha avisado este martes de que el despliegue de la hoja de ruta independentista es &quot;inolvidable, ineludible e irrenunciable&quot; porque es un mandato democr\u00e1tico, y ha garantizado que se har\u00e1 con la m\u00e1xima seguridad jur\u00eddica. &quot;Es el encargo que nos ha hecho el pueblo y tengo el compromiso","twitter:image":"https:\/\/www.eldigitaldeasturias.com\/noticias\/wp-content\/uploads\/2016\/02\/fotonoticia_20160223105040_800.jpg","twitter:label1":"Escrito por","twitter:data1":"El Digital de Asturias","twitter:label2":"Tiempo de lectura estimado","twitter:data2":"3 minutos"},"aioseo_meta_data":{"post_id":"861446","title":null,"description":null,"keywords":null,"keyphrases":null,"primary_term":null,"canonical_url":null,"og_title":null,"og_description":null,"og_object_type":"default","og_image_type":"default","og_image_url":null,"og_image_width":null,"og_image_height":null,"og_image_custom_url":null,"og_image_custom_fields":null,"og_video":null,"og_custom_url":null,"og_article_section":null,"og_article_tags":null,"twitter_use_og":false,"twitter_card":"default","twitter_image_type":"default","twitter_image_url":null,"twitter_image_custom_url":null,"twitter_image_custom_fields":null,"twitter_title":null,"twitter_description":null,"schema":{"blockGraphs":[],"customGraphs":[],"default":{"data":{"Article":[],"Course":[],"Dataset":[],"FAQPage":[],"Movie":[],"Person":[],"Product":[],"ProductReview":[],"Car":[],"Recipe":[],"Service":[],"SoftwareApplication":[],"WebPage":[]},"graphName":"","isEnabled":true},"graphs":[],"defaultGraph":"","defaultPostTypeGraph":""},"schema_type":null,"schema_type_options":null,"pillar_content":false,"robots_default":true,"robots_noindex":false,"robots_noarchive":false,"robots_nosnippet":false,"robots_nofollow":false,"robots_noimageindex":false,"robots_noodp":false,"robots_notranslate":false,"robots_max_snippet":null,"robots_max_videopreview":null,"robots_max_imagepreview":"large","priority":null,"frequency":null,"local_seo":null,"seo_analyzer_scan_date":"2025-12-10 21:17:10","breadcrumb_settings":null,"limit_modified_date":false,"open_ai":null,"ai":null,"created":"2021-01-23 11:56:09","updated":"2025-12-10 21:17:10"},"aioseo_breadcrumb":"<div class=\"aioseo-breadcrumbs\"><span class=\"aioseo-breadcrumb\">\n\t<a href=\"https:\/\/www.eldigitaldeasturias.com\/noticias\" title=\"Home\">Home<\/a>\n<\/span><span class=\"aioseo-breadcrumb-separator\">\u2013<\/span><span class=\"aioseo-breadcrumb\">\n\t<a href=\"https:\/\/www.eldigitaldeasturias.com\/noticias\/category\/actualidad\/\" title=\"Actualidad\">Actualidad<\/a>\n<\/span><span class=\"aioseo-breadcrumb-separator\">\u2013<\/span><span class=\"aioseo-breadcrumb\">\n\t<a href=\"https:\/\/www.eldigitaldeasturias.com\/noticias\/carles-puigdemont-la-independencia-es-irrenunciable\/\" title=\"Carles Puigdemont \u00abLa independencia es irrenunciable\u00bb\">Carles Puigdemont \u00abLa independencia es irrenunciable\u00bb<\/a>\n<\/span><\/div>","aioseo_breadcrumb_json":[{"label":"Home","link":"https:\/\/www.eldigitaldeasturias.com\/noticias"},{"label":"Actualidad","link":"https:\/\/www.eldigitaldeasturias.com\/noticias\/category\/actualidad\/"},{"label":"Carles Puigdemont \u00abLa independencia es irrenunciable\u00bb","link":"https:\/\/www.eldigitaldeasturias.com\/noticias\/carles-puigdemont-la-independencia-es-irrenunciable\/"}],"_links":{"self":[{"href":"https:\/\/www.eldigitaldeasturias.com\/noticias\/wp-json\/wp\/v2\/posts\/861446","targetHints":{"allow":["GET"]}}],"collection":[{"href":"https:\/\/www.eldigitaldeasturias.com\/noticias\/wp-json\/wp\/v2\/posts"}],"about":[{"href":"https:\/\/www.eldigitaldeasturias.com\/noticias\/wp-json\/wp\/v2\/types\/post"}],"author":[{"embeddable":true,"href":"https:\/\/www.eldigitaldeasturias.com\/noticias\/wp-json\/wp\/v2\/users\/1"}],"replies":[{"embeddable":true,"href":"https:\/\/www.eldigitaldeasturias.com\/noticias\/wp-json\/wp\/v2\/comments?post=861446"}],"version-history":[{"count":0,"href":"https:\/\/www.eldigitaldeasturias.com\/noticias\/wp-json\/wp\/v2\/posts\/861446\/revisions"}],"wp:featuredmedia":[{"embeddable":true,"href":"https:\/\/www.eldigitaldeasturias.com\/noticias\/wp-json\/wp\/v2\/media\/861447"}],"wp:attachment":[{"href":"https:\/\/www.eldigitaldeasturias.com\/noticias\/wp-json\/wp\/v2\/media?parent=861446"}],"wp:term":[{"taxonomy":"category","embeddable":true,"href":"https:\/\/www.eldigitaldeasturias.com\/noticias\/wp-json\/wp\/v2\/categories?post=861446"},{"taxonomy":"post_tag","embeddable":true,"href":"https:\/\/www.eldigitaldeasturias.com\/noticias\/wp-json\/wp\/v2\/tags?post=861446"}],"curies":[{"name":"wp","href":"https:\/\/api.w.org\/{rel}","templated":true}]}}