{"id":861425,"date":"2016-02-23T19:28:57","date_gmt":"2016-02-23T19:28:57","guid":{"rendered":"http:\/\/www.eldigitaldeasturias.com\/noticias\/?p=861425"},"modified":"2016-02-23T19:28:57","modified_gmt":"2016-02-23T19:28:57","slug":"el-jefe-del-ejercito-de-israel-ordena-que-los-soldados-con-permiso-de-vacaciones-porten-sus-armas","status":"publish","type":"post","link":"https:\/\/www.eldigitaldeasturias.com\/noticias\/el-jefe-del-ejercito-de-israel-ordena-que-los-soldados-con-permiso-de-vacaciones-porten-sus-armas\/","title":{"rendered":"El jefe del Ej\u00e9rcito de Israel ordena que los soldados con permiso de vacaciones porten sus armas"},"content":{"rendered":"<p><img loading=\"lazy\" decoding=\"async\" class=\"alignleft size-medium wp-image-861426\" src=\"https:\/\/www.eldigitaldeasturias.com\/noticias\/wp-content\/uploads\/2016\/02\/fotonoticia_20160223142145_800-360x240.jpg\" alt=\"fotonoticia_20160223142145_800\" width=\"360\" height=\"240\" srcset=\"https:\/\/www.eldigitaldeasturias.com\/noticias\/wp-content\/uploads\/2016\/02\/fotonoticia_20160223142145_800-360x240.jpg 360w, https:\/\/www.eldigitaldeasturias.com\/noticias\/wp-content\/uploads\/2016\/02\/fotonoticia_20160223142145_800-768x513.jpg 768w, https:\/\/www.eldigitaldeasturias.com\/noticias\/wp-content\/uploads\/2016\/02\/fotonoticia_20160223142145_800-650x434.jpg 650w, https:\/\/www.eldigitaldeasturias.com\/noticias\/wp-content\/uploads\/2016\/02\/fotonoticia_20160223142145_800-84x55.jpg 84w, https:\/\/www.eldigitaldeasturias.com\/noticias\/wp-content\/uploads\/2016\/02\/fotonoticia_20160223142145_800-49x32.jpg 49w, https:\/\/www.eldigitaldeasturias.com\/noticias\/wp-content\/uploads\/2016\/02\/fotonoticia_20160223142145_800.jpg 800w\" sizes=\"auto, (max-width: 360px) 100vw, 360px\" \/>El jefe del Ej\u00e9rcito de Israel, Gadi Eisenkot, ha ordenado este lunes que se cambien las \u00f3rdenes que exigen a los soldados entregar las armas antes de abandonar la base por vacaciones, tras el asesinato de un soldado fuera de servicio la semana pasada.<\/p>\n<p>La pol\u00edtica de las Fuerzas de Defensa de Israel (FDI) contempla que los soldados que salgan para unas vacaciones superiores a los tres d\u00edas deben dejar sus armas en la armer\u00eda de la base con el objetivo de evitar que sean robadas.<\/p>\n<p>Sin embargo, la orden de Eisenkot implica que los soldados se llevar\u00e1n sus armas a casa tras ser instruidos sobre normas de seguridad para evitar su robo, seg\u00fan ha informado el diario israel\u00ed &#8216;Yedioth Ahronoth&#8217;.<\/p>\n<p>El sargento Tuvia Yanai Weissman, de 21 a\u00f1os de edad, falleci\u00f3 la semana pasada tras ser apu\u00f1alado en un supermercado de un asentamiento en Cisjordania, suceso que se sald\u00f3 con otro civil israel\u00ed herido.<\/p>\n","protected":false},"excerpt":{"rendered":"<p>El jefe del Ej\u00e9rcito de Israel, Gadi Eisenkot, ha ordenado este lunes que se cambien las \u00f3rdenes que exigen a los soldados entregar las armas antes de abandonar la base por vacaciones, tras el asesinato de un soldado fuera de servicio la semana pasada. La pol\u00edtica de las Fuerzas de Defensa de Israel (FDI) contempla [&hellip;]<\/p>\n","protected":false},"author":1,"featured_media":861426,"comment_status":"closed","ping_status":"closed","sticky":false,"template":"","format":"standard","meta":{"footnotes":""},"categories":[1],"tags":[],"class_list":["post-861425","post","type-post","status-publish","format-standard","has-post-thumbnail","hentry","category-actualidad"],"aioseo_notices":[],"aioseo_head":"\n\t\t<!-- All in One SEO Pro 4.9.6.2 - aioseo.com -->\n\t<meta name=\"description\" content=\"El jefe del Ej\u00e9rcito de Israel, Gadi Eisenkot, ha ordenado este lunes que se cambien las \u00f3rdenes que exigen a los soldados entregar las armas antes de abandonar la base por vacaciones, tras el asesinato de un soldado fuera de servicio la semana pasada. La pol\u00edtica de las Fuerzas de Defensa de Israel (FDI) contempla\" \/>\n\t<meta name=\"robots\" content=\"max-image-preview:large\" \/>\n\t<meta name=\"author\" content=\"El Digital de Asturias\"\/>\n\t<meta name=\"google-site-verification\" content=\"UA-38556648-1\" \/>\n\t<meta name=\"msvalidate.01\" content=\"7dfe9f3f1b24437ab69f4f2559babe99\" \/>\n\t<meta name=\"keywords\" content=\"actualidad\" \/>\n\t<link rel=\"canonical\" href=\"https:\/\/www.eldigitaldeasturias.com\/noticias\/el-jefe-del-ejercito-de-israel-ordena-que-los-soldados-con-permiso-de-vacaciones-porten-sus-armas\/\" \/>\n\t<meta name=\"generator\" content=\"All in One SEO Pro (AIOSEO) 4.9.6.2\" \/>\n\t\t<meta property=\"og:locale\" content=\"es_ES\" \/>\n\t\t<meta property=\"og:site_name\" content=\"El Digital de Asturias\" \/>\n\t\t<meta property=\"og:type\" content=\"article\" \/>\n\t\t<meta property=\"og:title\" content=\"El jefe del Ej\u00e9rcito de Israel ordena que los soldados con permiso de vacaciones porten sus armas - El Digital de Asturias\" \/>\n\t\t<meta property=\"og:description\" content=\"El jefe del Ej\u00e9rcito de Israel, Gadi Eisenkot, ha ordenado este lunes que se cambien las \u00f3rdenes que exigen a los soldados entregar las armas antes de abandonar la base por vacaciones, tras el asesinato de un soldado fuera de servicio la semana pasada. La pol\u00edtica de las Fuerzas de Defensa de Israel (FDI) contempla\" \/>\n\t\t<meta property=\"og:url\" content=\"https:\/\/www.eldigitaldeasturias.com\/noticias\/el-jefe-del-ejercito-de-israel-ordena-que-los-soldados-con-permiso-de-vacaciones-porten-sus-armas\/\" \/>\n\t\t<meta property=\"og:image\" content=\"https:\/\/www.eldigitaldeasturias.com\/noticias\/wp-content\/uploads\/2016\/02\/fotonoticia_20160223142145_800.jpg\" \/>\n\t\t<meta property=\"og:image:secure_url\" content=\"https:\/\/www.eldigitaldeasturias.com\/noticias\/wp-content\/uploads\/2016\/02\/fotonoticia_20160223142145_800.jpg\" \/>\n\t\t<meta property=\"og:image:width\" content=\"800\" \/>\n\t\t<meta property=\"og:image:height\" content=\"534\" \/>\n\t\t<meta property=\"article:tag\" content=\"actualidad\" \/>\n\t\t<meta property=\"article:published_time\" content=\"2016-02-23T19:28:57+00:00\" \/>\n\t\t<meta property=\"article:modified_time\" content=\"2016-02-23T19:28:57+00:00\" \/>\n\t\t<meta property=\"article:publisher\" content=\"https:\/\/facebook.com\/eldigitaldeasturias\" \/>\n\t\t<meta name=\"twitter:card\" content=\"summary_large_image\" \/>\n\t\t<meta name=\"twitter:title\" content=\"El jefe del Ej\u00e9rcito de Israel ordena que los soldados con permiso de vacaciones porten sus armas - El Digital de Asturias\" \/>\n\t\t<meta name=\"twitter:description\" content=\"El jefe del Ej\u00e9rcito de Israel, Gadi Eisenkot, ha ordenado este lunes que se cambien las \u00f3rdenes que exigen a los soldados entregar las armas antes de abandonar la base por vacaciones, tras el asesinato de un soldado fuera de servicio la semana pasada. La pol\u00edtica de las Fuerzas de Defensa de Israel (FDI) contempla\" \/>\n\t\t<meta name=\"twitter:image\" content=\"https:\/\/www.eldigitaldeasturias.com\/noticias\/wp-content\/uploads\/2016\/02\/fotonoticia_20160223142145_800.jpg\" \/>\n\t\t<meta name=\"twitter:label1\" content=\"Escrito por\" \/>\n\t\t<meta name=\"twitter:data1\" content=\"El Digital de Asturias\" \/>\n\t\t<meta name=\"twitter:label2\" content=\"Tiempo de lectura estimado\" \/>\n\t\t<meta name=\"twitter:data2\" content=\"1 minuto\" \/>\n\t\t<script type=\"application\/ld+json\" class=\"aioseo-schema\">\n\t\t\t{\"@context\":\"https:\\\/\\\/schema.org\",\"@graph\":[{\"@type\":\"BlogPosting\",\"@id\":\"https:\\\/\\\/www.eldigitaldeasturias.com\\\/noticias\\\/el-jefe-del-ejercito-de-israel-ordena-que-los-soldados-con-permiso-de-vacaciones-porten-sus-armas\\\/#blogposting\",\"name\":\"El jefe del Ej\\u00e9rcito de Israel ordena que los soldados con permiso de vacaciones porten sus armas - El Digital de Asturias\",\"headline\":\"El jefe del Ej\\u00e9rcito de Israel ordena que los soldados con permiso de vacaciones porten sus armas\",\"author\":{\"@id\":\"https:\\\/\\\/www.eldigitaldeasturias.com\\\/noticias\\\/author\\\/admin\\\/#author\"},\"publisher\":{\"@id\":\"https:\\\/\\\/www.eldigitaldeasturias.com\\\/noticias\\\/#organization\"},\"image\":{\"@type\":\"ImageObject\",\"url\":\"https:\\\/\\\/www.eldigitaldeasturias.com\\\/noticias\\\/wp-content\\\/uploads\\\/2016\\\/02\\\/fotonoticia_20160223142145_800.jpg\",\"width\":800,\"height\":534},\"datePublished\":\"2016-02-23T19:28:57+01:00\",\"dateModified\":\"2016-02-23T19:28:57+01:00\",\"inLanguage\":\"es-ES\",\"mainEntityOfPage\":{\"@id\":\"https:\\\/\\\/www.eldigitaldeasturias.com\\\/noticias\\\/el-jefe-del-ejercito-de-israel-ordena-que-los-soldados-con-permiso-de-vacaciones-porten-sus-armas\\\/#webpage\"},\"isPartOf\":{\"@id\":\"https:\\\/\\\/www.eldigitaldeasturias.com\\\/noticias\\\/el-jefe-del-ejercito-de-israel-ordena-que-los-soldados-con-permiso-de-vacaciones-porten-sus-armas\\\/#webpage\"},\"articleSection\":\"Actualidad\"},{\"@type\":\"BreadcrumbList\",\"@id\":\"https:\\\/\\\/www.eldigitaldeasturias.com\\\/noticias\\\/el-jefe-del-ejercito-de-israel-ordena-que-los-soldados-con-permiso-de-vacaciones-porten-sus-armas\\\/#breadcrumblist\",\"itemListElement\":[{\"@type\":\"ListItem\",\"@id\":\"https:\\\/\\\/www.eldigitaldeasturias.com\\\/noticias#listItem\",\"position\":1,\"name\":\"Home\",\"item\":\"https:\\\/\\\/www.eldigitaldeasturias.com\\\/noticias\",\"nextItem\":{\"@type\":\"ListItem\",\"@id\":\"https:\\\/\\\/www.eldigitaldeasturias.com\\\/noticias\\\/category\\\/actualidad\\\/#listItem\",\"name\":\"Actualidad\"}},{\"@type\":\"ListItem\",\"@id\":\"https:\\\/\\\/www.eldigitaldeasturias.com\\\/noticias\\\/category\\\/actualidad\\\/#listItem\",\"position\":2,\"name\":\"Actualidad\",\"item\":\"https:\\\/\\\/www.eldigitaldeasturias.com\\\/noticias\\\/category\\\/actualidad\\\/\",\"nextItem\":{\"@type\":\"ListItem\",\"@id\":\"https:\\\/\\\/www.eldigitaldeasturias.com\\\/noticias\\\/el-jefe-del-ejercito-de-israel-ordena-que-los-soldados-con-permiso-de-vacaciones-porten-sus-armas\\\/#listItem\",\"name\":\"El jefe del Ej\\u00e9rcito de Israel ordena que los soldados con permiso de vacaciones porten sus armas\"},\"previousItem\":{\"@type\":\"ListItem\",\"@id\":\"https:\\\/\\\/www.eldigitaldeasturias.com\\\/noticias#listItem\",\"name\":\"Home\"}},{\"@type\":\"ListItem\",\"@id\":\"https:\\\/\\\/www.eldigitaldeasturias.com\\\/noticias\\\/el-jefe-del-ejercito-de-israel-ordena-que-los-soldados-con-permiso-de-vacaciones-porten-sus-armas\\\/#listItem\",\"position\":3,\"name\":\"El jefe del Ej\\u00e9rcito de Israel ordena que los soldados con permiso de vacaciones porten sus armas\",\"previousItem\":{\"@type\":\"ListItem\",\"@id\":\"https:\\\/\\\/www.eldigitaldeasturias.com\\\/noticias\\\/category\\\/actualidad\\\/#listItem\",\"name\":\"Actualidad\"}}]},{\"@type\":\"Organization\",\"@id\":\"https:\\\/\\\/www.eldigitaldeasturias.com\\\/noticias\\\/#organization\",\"name\":\"El Digital de Asturias\",\"description\":\"Hemeroteca\",\"url\":\"https:\\\/\\\/www.eldigitaldeasturias.com\\\/noticias\\\/\",\"email\":\"info@eldigitaldeasturias.com\",\"telephone\":\"+34652131393\",\"logo\":{\"@type\":\"ImageObject\",\"url\":\"https:\\\/\\\/www.eldigitaldeasturias.com\\\/noticias\\\/wp-content\\\/uploads\\\/2020\\\/12\\\/EDA.jpg\",\"@id\":\"https:\\\/\\\/www.eldigitaldeasturias.com\\\/noticias\\\/el-jefe-del-ejercito-de-israel-ordena-que-los-soldados-con-permiso-de-vacaciones-porten-sus-armas\\\/#organizationLogo\",\"width\":649,\"height\":297},\"image\":{\"@id\":\"https:\\\/\\\/www.eldigitaldeasturias.com\\\/noticias\\\/el-jefe-del-ejercito-de-israel-ordena-que-los-soldados-con-permiso-de-vacaciones-porten-sus-armas\\\/#organizationLogo\"},\"sameAs\":[\"https:\\\/\\\/facebook.com\\\/eldigitaldeasturias\",\"https:\\\/\\\/www.youtube.com\\\/channel\\\/UCZP-2wLEB9Rv6erhFmqVnvg\"],\"address\":{\"@id\":\"https:\\\/\\\/www.eldigitaldeasturias.com\\\/noticias\\\/#postaladdress\",\"@type\":\"PostalAddress\",\"streetAddress\":\"san antonio 4,\",\"postalCode\":\"33430\",\"addressLocality\":\"Cand\\u00e1s\",\"addressRegion\":\"Asturias\",\"addressCountry\":\"ES\"}},{\"@type\":\"Person\",\"@id\":\"https:\\\/\\\/www.eldigitaldeasturias.com\\\/noticias\\\/author\\\/admin\\\/#author\",\"url\":\"https:\\\/\\\/www.eldigitaldeasturias.com\\\/noticias\\\/author\\\/admin\\\/\",\"name\":\"El Digital de Asturias\",\"image\":{\"@type\":\"ImageObject\",\"@id\":\"https:\\\/\\\/www.eldigitaldeasturias.com\\\/noticias\\\/el-jefe-del-ejercito-de-israel-ordena-que-los-soldados-con-permiso-de-vacaciones-porten-sus-armas\\\/#authorImage\",\"url\":\"https:\\\/\\\/www.eldigitaldeasturias.com\\\/noticias\\\/wp-content\\\/litespeed\\\/avatar\\\/18677e78aa0546b92d9dbf31ec7d7668.jpg?ver=1777290358\",\"width\":96,\"height\":96,\"caption\":\"El Digital de Asturias\"}},{\"@type\":\"WebPage\",\"@id\":\"https:\\\/\\\/www.eldigitaldeasturias.com\\\/noticias\\\/el-jefe-del-ejercito-de-israel-ordena-que-los-soldados-con-permiso-de-vacaciones-porten-sus-armas\\\/#webpage\",\"url\":\"https:\\\/\\\/www.eldigitaldeasturias.com\\\/noticias\\\/el-jefe-del-ejercito-de-israel-ordena-que-los-soldados-con-permiso-de-vacaciones-porten-sus-armas\\\/\",\"name\":\"El jefe del Ej\\u00e9rcito de Israel ordena que los soldados con permiso de vacaciones porten sus armas - El Digital de Asturias\",\"description\":\"El jefe del Ej\\u00e9rcito de Israel, Gadi Eisenkot, ha ordenado este lunes que se cambien las \\u00f3rdenes que exigen a los soldados entregar las armas antes de abandonar la base por vacaciones, tras el asesinato de un soldado fuera de servicio la semana pasada. La pol\\u00edtica de las Fuerzas de Defensa de Israel (FDI) contempla\",\"inLanguage\":\"es-ES\",\"isPartOf\":{\"@id\":\"https:\\\/\\\/www.eldigitaldeasturias.com\\\/noticias\\\/#website\"},\"breadcrumb\":{\"@id\":\"https:\\\/\\\/www.eldigitaldeasturias.com\\\/noticias\\\/el-jefe-del-ejercito-de-israel-ordena-que-los-soldados-con-permiso-de-vacaciones-porten-sus-armas\\\/#breadcrumblist\"},\"author\":{\"@id\":\"https:\\\/\\\/www.eldigitaldeasturias.com\\\/noticias\\\/author\\\/admin\\\/#author\"},\"creator\":{\"@id\":\"https:\\\/\\\/www.eldigitaldeasturias.com\\\/noticias\\\/author\\\/admin\\\/#author\"},\"image\":{\"@type\":\"ImageObject\",\"url\":\"https:\\\/\\\/www.eldigitaldeasturias.com\\\/noticias\\\/wp-content\\\/uploads\\\/2016\\\/02\\\/fotonoticia_20160223142145_800.jpg\",\"@id\":\"https:\\\/\\\/www.eldigitaldeasturias.com\\\/noticias\\\/el-jefe-del-ejercito-de-israel-ordena-que-los-soldados-con-permiso-de-vacaciones-porten-sus-armas\\\/#mainImage\",\"width\":800,\"height\":534},\"primaryImageOfPage\":{\"@id\":\"https:\\\/\\\/www.eldigitaldeasturias.com\\\/noticias\\\/el-jefe-del-ejercito-de-israel-ordena-que-los-soldados-con-permiso-de-vacaciones-porten-sus-armas\\\/#mainImage\"},\"datePublished\":\"2016-02-23T19:28:57+01:00\",\"dateModified\":\"2016-02-23T19:28:57+01:00\"},{\"@type\":\"WebSite\",\"@id\":\"https:\\\/\\\/www.eldigitaldeasturias.com\\\/noticias\\\/#website\",\"url\":\"https:\\\/\\\/www.eldigitaldeasturias.com\\\/noticias\\\/\",\"name\":\"El Digital de Asturias - Diario de actualidad y noticias\",\"alternateName\":\"El Digital de Asturias - Diario de actualidad y noticias\",\"description\":\"Hemeroteca\",\"inLanguage\":\"es-ES\",\"publisher\":{\"@id\":\"https:\\\/\\\/www.eldigitaldeasturias.com\\\/noticias\\\/#organization\"}}]}\n\t\t<\/script>\n\t\t<!-- All in One SEO Pro -->\r\n\t\t<title>El jefe del Ej\u00e9rcito de Israel ordena que los soldados con permiso de vacaciones porten sus armas - El Digital de Asturias<\/title>\n\n","aioseo_head_json":{"title":"El jefe del Ej\u00e9rcito de Israel ordena que los soldados con permiso de vacaciones porten sus armas - El Digital de Asturias","description":"El jefe del Ej\u00e9rcito de Israel, Gadi Eisenkot, ha ordenado este lunes que se cambien las \u00f3rdenes que exigen a los soldados entregar las armas antes de abandonar la base por vacaciones, tras el asesinato de un soldado fuera de servicio la semana pasada. La pol\u00edtica de las Fuerzas de Defensa de Israel (FDI) contempla","canonical_url":"https:\/\/www.eldigitaldeasturias.com\/noticias\/el-jefe-del-ejercito-de-israel-ordena-que-los-soldados-con-permiso-de-vacaciones-porten-sus-armas\/","robots":"max-image-preview:large","keywords":"actualidad","webmasterTools":{"google-site-verification":"UA-38556648-1","msvalidate.01":"7dfe9f3f1b24437ab69f4f2559babe99","miscellaneous":""},"schema":{"@context":"https:\/\/schema.org","@graph":[{"@type":"BlogPosting","@id":"https:\/\/www.eldigitaldeasturias.com\/noticias\/el-jefe-del-ejercito-de-israel-ordena-que-los-soldados-con-permiso-de-vacaciones-porten-sus-armas\/#blogposting","name":"El jefe del Ej\u00e9rcito de Israel ordena que los soldados con permiso de vacaciones porten sus armas - El Digital de Asturias","headline":"El jefe del Ej\u00e9rcito de Israel ordena que los soldados con permiso de vacaciones porten sus armas","author":{"@id":"https:\/\/www.eldigitaldeasturias.com\/noticias\/author\/admin\/#author"},"publisher":{"@id":"https:\/\/www.eldigitaldeasturias.com\/noticias\/#organization"},"image":{"@type":"ImageObject","url":"https:\/\/www.eldigitaldeasturias.com\/noticias\/wp-content\/uploads\/2016\/02\/fotonoticia_20160223142145_800.jpg","width":800,"height":534},"datePublished":"2016-02-23T19:28:57+01:00","dateModified":"2016-02-23T19:28:57+01:00","inLanguage":"es-ES","mainEntityOfPage":{"@id":"https:\/\/www.eldigitaldeasturias.com\/noticias\/el-jefe-del-ejercito-de-israel-ordena-que-los-soldados-con-permiso-de-vacaciones-porten-sus-armas\/#webpage"},"isPartOf":{"@id":"https:\/\/www.eldigitaldeasturias.com\/noticias\/el-jefe-del-ejercito-de-israel-ordena-que-los-soldados-con-permiso-de-vacaciones-porten-sus-armas\/#webpage"},"articleSection":"Actualidad"},{"@type":"BreadcrumbList","@id":"https:\/\/www.eldigitaldeasturias.com\/noticias\/el-jefe-del-ejercito-de-israel-ordena-que-los-soldados-con-permiso-de-vacaciones-porten-sus-armas\/#breadcrumblist","itemListElement":[{"@type":"ListItem","@id":"https:\/\/www.eldigitaldeasturias.com\/noticias#listItem","position":1,"name":"Home","item":"https:\/\/www.eldigitaldeasturias.com\/noticias","nextItem":{"@type":"ListItem","@id":"https:\/\/www.eldigitaldeasturias.com\/noticias\/category\/actualidad\/#listItem","name":"Actualidad"}},{"@type":"ListItem","@id":"https:\/\/www.eldigitaldeasturias.com\/noticias\/category\/actualidad\/#listItem","position":2,"name":"Actualidad","item":"https:\/\/www.eldigitaldeasturias.com\/noticias\/category\/actualidad\/","nextItem":{"@type":"ListItem","@id":"https:\/\/www.eldigitaldeasturias.com\/noticias\/el-jefe-del-ejercito-de-israel-ordena-que-los-soldados-con-permiso-de-vacaciones-porten-sus-armas\/#listItem","name":"El jefe del Ej\u00e9rcito de Israel ordena que los soldados con permiso de vacaciones porten sus armas"},"previousItem":{"@type":"ListItem","@id":"https:\/\/www.eldigitaldeasturias.com\/noticias#listItem","name":"Home"}},{"@type":"ListItem","@id":"https:\/\/www.eldigitaldeasturias.com\/noticias\/el-jefe-del-ejercito-de-israel-ordena-que-los-soldados-con-permiso-de-vacaciones-porten-sus-armas\/#listItem","position":3,"name":"El jefe del Ej\u00e9rcito de Israel ordena que los soldados con permiso de vacaciones porten sus armas","previousItem":{"@type":"ListItem","@id":"https:\/\/www.eldigitaldeasturias.com\/noticias\/category\/actualidad\/#listItem","name":"Actualidad"}}]},{"@type":"Organization","@id":"https:\/\/www.eldigitaldeasturias.com\/noticias\/#organization","name":"El Digital de Asturias","description":"Hemeroteca","url":"https:\/\/www.eldigitaldeasturias.com\/noticias\/","email":"info@eldigitaldeasturias.com","telephone":"+34652131393","logo":{"@type":"ImageObject","url":"https:\/\/www.eldigitaldeasturias.com\/noticias\/wp-content\/uploads\/2020\/12\/EDA.jpg","@id":"https:\/\/www.eldigitaldeasturias.com\/noticias\/el-jefe-del-ejercito-de-israel-ordena-que-los-soldados-con-permiso-de-vacaciones-porten-sus-armas\/#organizationLogo","width":649,"height":297},"image":{"@id":"https:\/\/www.eldigitaldeasturias.com\/noticias\/el-jefe-del-ejercito-de-israel-ordena-que-los-soldados-con-permiso-de-vacaciones-porten-sus-armas\/#organizationLogo"},"sameAs":["https:\/\/facebook.com\/eldigitaldeasturias","https:\/\/www.youtube.com\/channel\/UCZP-2wLEB9Rv6erhFmqVnvg"],"address":{"@id":"https:\/\/www.eldigitaldeasturias.com\/noticias\/#postaladdress","@type":"PostalAddress","streetAddress":"san antonio 4,","postalCode":"33430","addressLocality":"Cand\u00e1s","addressRegion":"Asturias","addressCountry":"ES"}},{"@type":"Person","@id":"https:\/\/www.eldigitaldeasturias.com\/noticias\/author\/admin\/#author","url":"https:\/\/www.eldigitaldeasturias.com\/noticias\/author\/admin\/","name":"El Digital de Asturias","image":{"@type":"ImageObject","@id":"https:\/\/www.eldigitaldeasturias.com\/noticias\/el-jefe-del-ejercito-de-israel-ordena-que-los-soldados-con-permiso-de-vacaciones-porten-sus-armas\/#authorImage","url":"https:\/\/www.eldigitaldeasturias.com\/noticias\/wp-content\/litespeed\/avatar\/18677e78aa0546b92d9dbf31ec7d7668.jpg?ver=1777290358","width":96,"height":96,"caption":"El Digital de Asturias"}},{"@type":"WebPage","@id":"https:\/\/www.eldigitaldeasturias.com\/noticias\/el-jefe-del-ejercito-de-israel-ordena-que-los-soldados-con-permiso-de-vacaciones-porten-sus-armas\/#webpage","url":"https:\/\/www.eldigitaldeasturias.com\/noticias\/el-jefe-del-ejercito-de-israel-ordena-que-los-soldados-con-permiso-de-vacaciones-porten-sus-armas\/","name":"El jefe del Ej\u00e9rcito de Israel ordena que los soldados con permiso de vacaciones porten sus armas - El Digital de Asturias","description":"El jefe del Ej\u00e9rcito de Israel, Gadi Eisenkot, ha ordenado este lunes que se cambien las \u00f3rdenes que exigen a los soldados entregar las armas antes de abandonar la base por vacaciones, tras el asesinato de un soldado fuera de servicio la semana pasada. La pol\u00edtica de las Fuerzas de Defensa de Israel (FDI) contempla","inLanguage":"es-ES","isPartOf":{"@id":"https:\/\/www.eldigitaldeasturias.com\/noticias\/#website"},"breadcrumb":{"@id":"https:\/\/www.eldigitaldeasturias.com\/noticias\/el-jefe-del-ejercito-de-israel-ordena-que-los-soldados-con-permiso-de-vacaciones-porten-sus-armas\/#breadcrumblist"},"author":{"@id":"https:\/\/www.eldigitaldeasturias.com\/noticias\/author\/admin\/#author"},"creator":{"@id":"https:\/\/www.eldigitaldeasturias.com\/noticias\/author\/admin\/#author"},"image":{"@type":"ImageObject","url":"https:\/\/www.eldigitaldeasturias.com\/noticias\/wp-content\/uploads\/2016\/02\/fotonoticia_20160223142145_800.jpg","@id":"https:\/\/www.eldigitaldeasturias.com\/noticias\/el-jefe-del-ejercito-de-israel-ordena-que-los-soldados-con-permiso-de-vacaciones-porten-sus-armas\/#mainImage","width":800,"height":534},"primaryImageOfPage":{"@id":"https:\/\/www.eldigitaldeasturias.com\/noticias\/el-jefe-del-ejercito-de-israel-ordena-que-los-soldados-con-permiso-de-vacaciones-porten-sus-armas\/#mainImage"},"datePublished":"2016-02-23T19:28:57+01:00","dateModified":"2016-02-23T19:28:57+01:00"},{"@type":"WebSite","@id":"https:\/\/www.eldigitaldeasturias.com\/noticias\/#website","url":"https:\/\/www.eldigitaldeasturias.com\/noticias\/","name":"El Digital de Asturias - Diario de actualidad y noticias","alternateName":"El Digital de Asturias - Diario de actualidad y noticias","description":"Hemeroteca","inLanguage":"es-ES","publisher":{"@id":"https:\/\/www.eldigitaldeasturias.com\/noticias\/#organization"}}]},"og:locale":"es_ES","og:site_name":"El Digital de Asturias","og:type":"article","og:title":"El jefe del Ej\u00e9rcito de Israel ordena que los soldados con permiso de vacaciones porten sus armas - El Digital de Asturias","og:description":"El jefe del Ej\u00e9rcito de Israel, Gadi Eisenkot, ha ordenado este lunes que se cambien las \u00f3rdenes que exigen a los soldados entregar las armas antes de abandonar la base por vacaciones, tras el asesinato de un soldado fuera de servicio la semana pasada. La pol\u00edtica de las Fuerzas de Defensa de Israel (FDI) contempla","og:url":"https:\/\/www.eldigitaldeasturias.com\/noticias\/el-jefe-del-ejercito-de-israel-ordena-que-los-soldados-con-permiso-de-vacaciones-porten-sus-armas\/","og:image":"https:\/\/www.eldigitaldeasturias.com\/noticias\/wp-content\/uploads\/2016\/02\/fotonoticia_20160223142145_800.jpg","og:image:secure_url":"https:\/\/www.eldigitaldeasturias.com\/noticias\/wp-content\/uploads\/2016\/02\/fotonoticia_20160223142145_800.jpg","og:image:width":800,"og:image:height":534,"article:tag":["actualidad"],"article:published_time":"2016-02-23T19:28:57+00:00","article:modified_time":"2016-02-23T19:28:57+00:00","article:publisher":"https:\/\/facebook.com\/eldigitaldeasturias","twitter:card":"summary_large_image","twitter:title":"El jefe del Ej\u00e9rcito de Israel ordena que los soldados con permiso de vacaciones porten sus armas - El Digital de Asturias","twitter:description":"El jefe del Ej\u00e9rcito de Israel, Gadi Eisenkot, ha ordenado este lunes que se cambien las \u00f3rdenes que exigen a los soldados entregar las armas antes de abandonar la base por vacaciones, tras el asesinato de un soldado fuera de servicio la semana pasada. La pol\u00edtica de las Fuerzas de Defensa de Israel (FDI) contempla","twitter:image":"https:\/\/www.eldigitaldeasturias.com\/noticias\/wp-content\/uploads\/2016\/02\/fotonoticia_20160223142145_800.jpg","twitter:label1":"Escrito por","twitter:data1":"El Digital de Asturias","twitter:label2":"Tiempo de lectura estimado","twitter:data2":"1 minuto"},"aioseo_meta_data":{"post_id":"861425","title":null,"description":null,"keywords":null,"keyphrases":null,"primary_term":null,"canonical_url":null,"og_title":null,"og_description":null,"og_object_type":"default","og_image_type":"default","og_image_url":null,"og_image_width":null,"og_image_height":null,"og_image_custom_url":null,"og_image_custom_fields":null,"og_video":null,"og_custom_url":null,"og_article_section":null,"og_article_tags":null,"twitter_use_og":false,"twitter_card":"default","twitter_image_type":"default","twitter_image_url":null,"twitter_image_custom_url":null,"twitter_image_custom_fields":null,"twitter_title":null,"twitter_description":null,"schema":{"blockGraphs":[],"customGraphs":[],"default":{"data":{"Article":[],"Course":[],"Dataset":[],"FAQPage":[],"Movie":[],"Person":[],"Product":[],"ProductReview":[],"Car":[],"Recipe":[],"Service":[],"SoftwareApplication":[],"WebPage":[]},"graphName":"","isEnabled":true},"graphs":[],"defaultGraph":"","defaultPostTypeGraph":""},"schema_type":null,"schema_type_options":null,"pillar_content":false,"robots_default":true,"robots_noindex":false,"robots_noarchive":false,"robots_nosnippet":false,"robots_nofollow":false,"robots_noimageindex":false,"robots_noodp":false,"robots_notranslate":false,"robots_max_snippet":null,"robots_max_videopreview":null,"robots_max_imagepreview":"large","priority":null,"frequency":null,"local_seo":null,"seo_analyzer_scan_date":"2025-12-10 21:13:08","breadcrumb_settings":null,"limit_modified_date":false,"open_ai":null,"ai":null,"created":"2021-01-23 15:01:14","updated":"2025-12-10 21:13:08"},"aioseo_breadcrumb":"<div class=\"aioseo-breadcrumbs\"><span class=\"aioseo-breadcrumb\">\n\t<a href=\"https:\/\/www.eldigitaldeasturias.com\/noticias\" title=\"Home\">Home<\/a>\n<\/span><span class=\"aioseo-breadcrumb-separator\">\u2013<\/span><span class=\"aioseo-breadcrumb\">\n\t<a href=\"https:\/\/www.eldigitaldeasturias.com\/noticias\/category\/actualidad\/\" title=\"Actualidad\">Actualidad<\/a>\n<\/span><span class=\"aioseo-breadcrumb-separator\">\u2013<\/span><span class=\"aioseo-breadcrumb\">\n\t<a href=\"https:\/\/www.eldigitaldeasturias.com\/noticias\/el-jefe-del-ejercito-de-israel-ordena-que-los-soldados-con-permiso-de-vacaciones-porten-sus-armas\/\" title=\"El jefe del Ej\u00e9rcito de Israel ordena que los soldados con permiso de vacaciones porten sus armas\">El jefe del Ej\u00e9rcito de Israel ordena que los soldados con permiso de vacaciones porten sus armas<\/a>\n<\/span><\/div>","aioseo_breadcrumb_json":[{"label":"Home","link":"https:\/\/www.eldigitaldeasturias.com\/noticias"},{"label":"Actualidad","link":"https:\/\/www.eldigitaldeasturias.com\/noticias\/category\/actualidad\/"},{"label":"El jefe del Ej\u00e9rcito de Israel ordena que los soldados con permiso de vacaciones porten sus armas","link":"https:\/\/www.eldigitaldeasturias.com\/noticias\/el-jefe-del-ejercito-de-israel-ordena-que-los-soldados-con-permiso-de-vacaciones-porten-sus-armas\/"}],"_links":{"self":[{"href":"https:\/\/www.eldigitaldeasturias.com\/noticias\/wp-json\/wp\/v2\/posts\/861425","targetHints":{"allow":["GET"]}}],"collection":[{"href":"https:\/\/www.eldigitaldeasturias.com\/noticias\/wp-json\/wp\/v2\/posts"}],"about":[{"href":"https:\/\/www.eldigitaldeasturias.com\/noticias\/wp-json\/wp\/v2\/types\/post"}],"author":[{"embeddable":true,"href":"https:\/\/www.eldigitaldeasturias.com\/noticias\/wp-json\/wp\/v2\/users\/1"}],"replies":[{"embeddable":true,"href":"https:\/\/www.eldigitaldeasturias.com\/noticias\/wp-json\/wp\/v2\/comments?post=861425"}],"version-history":[{"count":0,"href":"https:\/\/www.eldigitaldeasturias.com\/noticias\/wp-json\/wp\/v2\/posts\/861425\/revisions"}],"wp:featuredmedia":[{"embeddable":true,"href":"https:\/\/www.eldigitaldeasturias.com\/noticias\/wp-json\/wp\/v2\/media\/861426"}],"wp:attachment":[{"href":"https:\/\/www.eldigitaldeasturias.com\/noticias\/wp-json\/wp\/v2\/media?parent=861425"}],"wp:term":[{"taxonomy":"category","embeddable":true,"href":"https:\/\/www.eldigitaldeasturias.com\/noticias\/wp-json\/wp\/v2\/categories?post=861425"},{"taxonomy":"post_tag","embeddable":true,"href":"https:\/\/www.eldigitaldeasturias.com\/noticias\/wp-json\/wp\/v2\/tags?post=861425"}],"curies":[{"name":"wp","href":"https:\/\/api.w.org\/{rel}","templated":true}]}}