{"id":861403,"date":"2016-02-23T19:14:36","date_gmt":"2016-02-23T19:14:36","guid":{"rendered":"http:\/\/www.eldigitaldeasturias.com\/noticias\/?p=861403"},"modified":"2016-02-23T19:14:36","modified_gmt":"2016-02-23T19:14:36","slug":"mas-de-110-000-inmigrantes-y-refugiados-han-llegado-a-europa","status":"publish","type":"post","link":"https:\/\/www.eldigitaldeasturias.com\/noticias\/mas-de-110-000-inmigrantes-y-refugiados-han-llegado-a-europa\/","title":{"rendered":"M\u00e1s de 110.000 inmigrantes y refugiados han llegado a Europa"},"content":{"rendered":"<p><img loading=\"lazy\" decoding=\"async\" class=\"alignleft size-medium wp-image-861404\" src=\"https:\/\/www.eldigitaldeasturias.com\/noticias\/wp-content\/uploads\/2016\/02\/fotonoticia_20160223125350_800-360x226.jpg\" alt=\"fotonoticia_20160223125350_800\" width=\"360\" height=\"226\" srcset=\"https:\/\/www.eldigitaldeasturias.com\/noticias\/wp-content\/uploads\/2016\/02\/fotonoticia_20160223125350_800-360x226.jpg 360w, https:\/\/www.eldigitaldeasturias.com\/noticias\/wp-content\/uploads\/2016\/02\/fotonoticia_20160223125350_800-768x483.jpg 768w, https:\/\/www.eldigitaldeasturias.com\/noticias\/wp-content\/uploads\/2016\/02\/fotonoticia_20160223125350_800-650x409.jpg 650w, https:\/\/www.eldigitaldeasturias.com\/noticias\/wp-content\/uploads\/2016\/02\/fotonoticia_20160223125350_800-49x32.jpg 49w, https:\/\/www.eldigitaldeasturias.com\/noticias\/wp-content\/uploads\/2016\/02\/fotonoticia_20160223125350_800-480x300.jpg 480w, https:\/\/www.eldigitaldeasturias.com\/noticias\/wp-content\/uploads\/2016\/02\/fotonoticia_20160223125350_800.jpg 800w\" sizes=\"auto, (max-width: 360px) 100vw, 360px\" \/>M\u00e1s de 110.000 inmigrantes y refugiados han llegado v\u00eda mar\u00edtima y terrestre a Europa desde enero hasta el 18 de febrero de 2016, seg\u00fan las estimaciones de la Organizaci\u00f3n Internacional para las Migraciones (OIM).<\/p>\n<p>Seg\u00fan los \u00faltimos datos publicados este lunes por la OIM, desde que comenz\u00f3 el a\u00f1o han perdido la vida 413 personas que intentaban llegar a Europa. La ruta del Egeo se ha convertido en la m\u00e1s mort\u00edfera, con 321 muertos en las primeras semanas del a\u00f1o, frente a las 92 registradas en el Mediterr\u00e1neo Central.<\/p>\n<p>Grecia sigue siendo el principal pa\u00eds de entrada en Europa, con 102.547 llegadas desde el 1 de enero, mientras que a Italia han arribado 7.507 personas hasta el momento.<\/p>\n<p>De acuerdo con los \u00faltimos datos del Alto Comisionado de la ONU para los Refugiados (ACNUR), ligeramente inferiores a los de la OIM, la cifra de llegadas de inmigrantes y refugiados se sit\u00faa en 105.479 y la de muertos en 406.<\/p>\n<p>El 85 por ciento de los que llegaron a Europa proceden de los diez principales pa\u00edses emisores de refugiados. Adem\u00e1s, el 34 por ciento de los que llegan son ni\u00f1os y el 20 por ciento mujeres, siendo pues mayor\u00eda frente a los hombres adultos, que hasta principios del a\u00f1o 2015 eran quienes sol\u00edan jugarse la vida en el mar en busca de un futuro mejor.<\/p>\n","protected":false},"excerpt":{"rendered":"<p>M\u00e1s de 110.000 inmigrantes y refugiados han llegado v\u00eda mar\u00edtima y terrestre a Europa desde enero hasta el 18 de febrero de 2016, seg\u00fan las estimaciones de la Organizaci\u00f3n Internacional para las Migraciones (OIM). Seg\u00fan los \u00faltimos datos publicados este lunes por la OIM, desde que comenz\u00f3 el a\u00f1o han perdido la vida 413 personas [&hellip;]<\/p>\n","protected":false},"author":1,"featured_media":861404,"comment_status":"closed","ping_status":"closed","sticky":false,"template":"","format":"standard","meta":{"footnotes":""},"categories":[1],"tags":[],"class_list":["post-861403","post","type-post","status-publish","format-standard","has-post-thumbnail","hentry","category-actualidad"],"aioseo_notices":[],"aioseo_head":"\n\t\t<!-- All in One SEO Pro 4.9.6.2 - aioseo.com -->\n\t<meta name=\"description\" content=\"M\u00e1s de 110.000 inmigrantes y refugiados han llegado v\u00eda mar\u00edtima y terrestre a Europa desde enero hasta el 18 de febrero de 2016, seg\u00fan las estimaciones de la Organizaci\u00f3n Internacional para las Migraciones (OIM). Seg\u00fan los \u00faltimos datos publicados este lunes por la OIM, desde que comenz\u00f3 el a\u00f1o han perdido la vida 413 personas\" \/>\n\t<meta name=\"robots\" content=\"max-image-preview:large\" \/>\n\t<meta name=\"author\" content=\"El Digital de Asturias\"\/>\n\t<meta name=\"google-site-verification\" content=\"UA-38556648-1\" \/>\n\t<meta name=\"msvalidate.01\" content=\"7dfe9f3f1b24437ab69f4f2559babe99\" \/>\n\t<meta name=\"keywords\" content=\"actualidad\" \/>\n\t<link rel=\"canonical\" href=\"https:\/\/www.eldigitaldeasturias.com\/noticias\/mas-de-110-000-inmigrantes-y-refugiados-han-llegado-a-europa\/\" \/>\n\t<meta name=\"generator\" content=\"All in One SEO Pro (AIOSEO) 4.9.6.2\" \/>\n\t\t<meta property=\"og:locale\" content=\"es_ES\" \/>\n\t\t<meta property=\"og:site_name\" content=\"El Digital de Asturias\" \/>\n\t\t<meta property=\"og:type\" content=\"article\" \/>\n\t\t<meta property=\"og:title\" content=\"M\u00e1s de 110.000 inmigrantes y refugiados han llegado a Europa - El Digital de Asturias\" \/>\n\t\t<meta property=\"og:description\" content=\"M\u00e1s de 110.000 inmigrantes y refugiados han llegado v\u00eda mar\u00edtima y terrestre a Europa desde enero hasta el 18 de febrero de 2016, seg\u00fan las estimaciones de la Organizaci\u00f3n Internacional para las Migraciones (OIM). Seg\u00fan los \u00faltimos datos publicados este lunes por la OIM, desde que comenz\u00f3 el a\u00f1o han perdido la vida 413 personas\" \/>\n\t\t<meta property=\"og:url\" content=\"https:\/\/www.eldigitaldeasturias.com\/noticias\/mas-de-110-000-inmigrantes-y-refugiados-han-llegado-a-europa\/\" \/>\n\t\t<meta property=\"og:image\" content=\"https:\/\/www.eldigitaldeasturias.com\/noticias\/wp-content\/uploads\/2016\/02\/fotonoticia_20160223125350_800.jpg\" \/>\n\t\t<meta property=\"og:image:secure_url\" content=\"https:\/\/www.eldigitaldeasturias.com\/noticias\/wp-content\/uploads\/2016\/02\/fotonoticia_20160223125350_800.jpg\" \/>\n\t\t<meta property=\"og:image:width\" content=\"800\" \/>\n\t\t<meta property=\"og:image:height\" content=\"503\" \/>\n\t\t<meta property=\"article:tag\" content=\"actualidad\" \/>\n\t\t<meta property=\"article:published_time\" content=\"2016-02-23T19:14:36+00:00\" \/>\n\t\t<meta property=\"article:modified_time\" content=\"2016-02-23T19:14:36+00:00\" \/>\n\t\t<meta property=\"article:publisher\" content=\"https:\/\/facebook.com\/eldigitaldeasturias\" \/>\n\t\t<meta name=\"twitter:card\" content=\"summary_large_image\" \/>\n\t\t<meta name=\"twitter:title\" content=\"M\u00e1s de 110.000 inmigrantes y refugiados han llegado a Europa - El Digital de Asturias\" \/>\n\t\t<meta name=\"twitter:description\" content=\"M\u00e1s de 110.000 inmigrantes y refugiados han llegado v\u00eda mar\u00edtima y terrestre a Europa desde enero hasta el 18 de febrero de 2016, seg\u00fan las estimaciones de la Organizaci\u00f3n Internacional para las Migraciones (OIM). Seg\u00fan los \u00faltimos datos publicados este lunes por la OIM, desde que comenz\u00f3 el a\u00f1o han perdido la vida 413 personas\" \/>\n\t\t<meta name=\"twitter:image\" content=\"https:\/\/www.eldigitaldeasturias.com\/noticias\/wp-content\/uploads\/2016\/02\/fotonoticia_20160223125350_800.jpg\" \/>\n\t\t<meta name=\"twitter:label1\" content=\"Escrito por\" \/>\n\t\t<meta name=\"twitter:data1\" content=\"El Digital de Asturias\" \/>\n\t\t<meta name=\"twitter:label2\" content=\"Tiempo de lectura estimado\" \/>\n\t\t<meta name=\"twitter:data2\" content=\"1 minuto\" \/>\n\t\t<script type=\"application\/ld+json\" class=\"aioseo-schema\">\n\t\t\t{\"@context\":\"https:\\\/\\\/schema.org\",\"@graph\":[{\"@type\":\"BlogPosting\",\"@id\":\"https:\\\/\\\/www.eldigitaldeasturias.com\\\/noticias\\\/mas-de-110-000-inmigrantes-y-refugiados-han-llegado-a-europa\\\/#blogposting\",\"name\":\"M\\u00e1s de 110.000 inmigrantes y refugiados han llegado a Europa - El Digital de Asturias\",\"headline\":\"M\\u00e1s de 110.000 inmigrantes y refugiados han llegado a Europa\",\"author\":{\"@id\":\"https:\\\/\\\/www.eldigitaldeasturias.com\\\/noticias\\\/author\\\/admin\\\/#author\"},\"publisher\":{\"@id\":\"https:\\\/\\\/www.eldigitaldeasturias.com\\\/noticias\\\/#organization\"},\"image\":{\"@type\":\"ImageObject\",\"url\":\"https:\\\/\\\/www.eldigitaldeasturias.com\\\/noticias\\\/wp-content\\\/uploads\\\/2016\\\/02\\\/fotonoticia_20160223125350_800.jpg\",\"width\":800,\"height\":503},\"datePublished\":\"2016-02-23T19:14:36+01:00\",\"dateModified\":\"2016-02-23T19:14:36+01:00\",\"inLanguage\":\"es-ES\",\"mainEntityOfPage\":{\"@id\":\"https:\\\/\\\/www.eldigitaldeasturias.com\\\/noticias\\\/mas-de-110-000-inmigrantes-y-refugiados-han-llegado-a-europa\\\/#webpage\"},\"isPartOf\":{\"@id\":\"https:\\\/\\\/www.eldigitaldeasturias.com\\\/noticias\\\/mas-de-110-000-inmigrantes-y-refugiados-han-llegado-a-europa\\\/#webpage\"},\"articleSection\":\"Actualidad\"},{\"@type\":\"BreadcrumbList\",\"@id\":\"https:\\\/\\\/www.eldigitaldeasturias.com\\\/noticias\\\/mas-de-110-000-inmigrantes-y-refugiados-han-llegado-a-europa\\\/#breadcrumblist\",\"itemListElement\":[{\"@type\":\"ListItem\",\"@id\":\"https:\\\/\\\/www.eldigitaldeasturias.com\\\/noticias#listItem\",\"position\":1,\"name\":\"Home\",\"item\":\"https:\\\/\\\/www.eldigitaldeasturias.com\\\/noticias\",\"nextItem\":{\"@type\":\"ListItem\",\"@id\":\"https:\\\/\\\/www.eldigitaldeasturias.com\\\/noticias\\\/category\\\/actualidad\\\/#listItem\",\"name\":\"Actualidad\"}},{\"@type\":\"ListItem\",\"@id\":\"https:\\\/\\\/www.eldigitaldeasturias.com\\\/noticias\\\/category\\\/actualidad\\\/#listItem\",\"position\":2,\"name\":\"Actualidad\",\"item\":\"https:\\\/\\\/www.eldigitaldeasturias.com\\\/noticias\\\/category\\\/actualidad\\\/\",\"nextItem\":{\"@type\":\"ListItem\",\"@id\":\"https:\\\/\\\/www.eldigitaldeasturias.com\\\/noticias\\\/mas-de-110-000-inmigrantes-y-refugiados-han-llegado-a-europa\\\/#listItem\",\"name\":\"M\\u00e1s de 110.000 inmigrantes y refugiados han llegado a Europa\"},\"previousItem\":{\"@type\":\"ListItem\",\"@id\":\"https:\\\/\\\/www.eldigitaldeasturias.com\\\/noticias#listItem\",\"name\":\"Home\"}},{\"@type\":\"ListItem\",\"@id\":\"https:\\\/\\\/www.eldigitaldeasturias.com\\\/noticias\\\/mas-de-110-000-inmigrantes-y-refugiados-han-llegado-a-europa\\\/#listItem\",\"position\":3,\"name\":\"M\\u00e1s de 110.000 inmigrantes y refugiados han llegado a Europa\",\"previousItem\":{\"@type\":\"ListItem\",\"@id\":\"https:\\\/\\\/www.eldigitaldeasturias.com\\\/noticias\\\/category\\\/actualidad\\\/#listItem\",\"name\":\"Actualidad\"}}]},{\"@type\":\"Organization\",\"@id\":\"https:\\\/\\\/www.eldigitaldeasturias.com\\\/noticias\\\/#organization\",\"name\":\"El Digital de Asturias\",\"description\":\"Hemeroteca\",\"url\":\"https:\\\/\\\/www.eldigitaldeasturias.com\\\/noticias\\\/\",\"email\":\"info@eldigitaldeasturias.com\",\"telephone\":\"+34652131393\",\"logo\":{\"@type\":\"ImageObject\",\"url\":\"https:\\\/\\\/www.eldigitaldeasturias.com\\\/noticias\\\/wp-content\\\/uploads\\\/2020\\\/12\\\/EDA.jpg\",\"@id\":\"https:\\\/\\\/www.eldigitaldeasturias.com\\\/noticias\\\/mas-de-110-000-inmigrantes-y-refugiados-han-llegado-a-europa\\\/#organizationLogo\",\"width\":649,\"height\":297},\"image\":{\"@id\":\"https:\\\/\\\/www.eldigitaldeasturias.com\\\/noticias\\\/mas-de-110-000-inmigrantes-y-refugiados-han-llegado-a-europa\\\/#organizationLogo\"},\"sameAs\":[\"https:\\\/\\\/facebook.com\\\/eldigitaldeasturias\",\"https:\\\/\\\/www.youtube.com\\\/channel\\\/UCZP-2wLEB9Rv6erhFmqVnvg\"],\"address\":{\"@id\":\"https:\\\/\\\/www.eldigitaldeasturias.com\\\/noticias\\\/#postaladdress\",\"@type\":\"PostalAddress\",\"streetAddress\":\"san antonio 4,\",\"postalCode\":\"33430\",\"addressLocality\":\"Cand\\u00e1s\",\"addressRegion\":\"Asturias\",\"addressCountry\":\"ES\"}},{\"@type\":\"Person\",\"@id\":\"https:\\\/\\\/www.eldigitaldeasturias.com\\\/noticias\\\/author\\\/admin\\\/#author\",\"url\":\"https:\\\/\\\/www.eldigitaldeasturias.com\\\/noticias\\\/author\\\/admin\\\/\",\"name\":\"El Digital de Asturias\",\"image\":{\"@type\":\"ImageObject\",\"@id\":\"https:\\\/\\\/www.eldigitaldeasturias.com\\\/noticias\\\/mas-de-110-000-inmigrantes-y-refugiados-han-llegado-a-europa\\\/#authorImage\",\"url\":\"https:\\\/\\\/www.eldigitaldeasturias.com\\\/noticias\\\/wp-content\\\/litespeed\\\/avatar\\\/18677e78aa0546b92d9dbf31ec7d7668.jpg?ver=1777290358\",\"width\":96,\"height\":96,\"caption\":\"El Digital de Asturias\"}},{\"@type\":\"WebPage\",\"@id\":\"https:\\\/\\\/www.eldigitaldeasturias.com\\\/noticias\\\/mas-de-110-000-inmigrantes-y-refugiados-han-llegado-a-europa\\\/#webpage\",\"url\":\"https:\\\/\\\/www.eldigitaldeasturias.com\\\/noticias\\\/mas-de-110-000-inmigrantes-y-refugiados-han-llegado-a-europa\\\/\",\"name\":\"M\\u00e1s de 110.000 inmigrantes y refugiados han llegado a Europa - El Digital de Asturias\",\"description\":\"M\\u00e1s de 110.000 inmigrantes y refugiados han llegado v\\u00eda mar\\u00edtima y terrestre a Europa desde enero hasta el 18 de febrero de 2016, seg\\u00fan las estimaciones de la Organizaci\\u00f3n Internacional para las Migraciones (OIM). Seg\\u00fan los \\u00faltimos datos publicados este lunes por la OIM, desde que comenz\\u00f3 el a\\u00f1o han perdido la vida 413 personas\",\"inLanguage\":\"es-ES\",\"isPartOf\":{\"@id\":\"https:\\\/\\\/www.eldigitaldeasturias.com\\\/noticias\\\/#website\"},\"breadcrumb\":{\"@id\":\"https:\\\/\\\/www.eldigitaldeasturias.com\\\/noticias\\\/mas-de-110-000-inmigrantes-y-refugiados-han-llegado-a-europa\\\/#breadcrumblist\"},\"author\":{\"@id\":\"https:\\\/\\\/www.eldigitaldeasturias.com\\\/noticias\\\/author\\\/admin\\\/#author\"},\"creator\":{\"@id\":\"https:\\\/\\\/www.eldigitaldeasturias.com\\\/noticias\\\/author\\\/admin\\\/#author\"},\"image\":{\"@type\":\"ImageObject\",\"url\":\"https:\\\/\\\/www.eldigitaldeasturias.com\\\/noticias\\\/wp-content\\\/uploads\\\/2016\\\/02\\\/fotonoticia_20160223125350_800.jpg\",\"@id\":\"https:\\\/\\\/www.eldigitaldeasturias.com\\\/noticias\\\/mas-de-110-000-inmigrantes-y-refugiados-han-llegado-a-europa\\\/#mainImage\",\"width\":800,\"height\":503},\"primaryImageOfPage\":{\"@id\":\"https:\\\/\\\/www.eldigitaldeasturias.com\\\/noticias\\\/mas-de-110-000-inmigrantes-y-refugiados-han-llegado-a-europa\\\/#mainImage\"},\"datePublished\":\"2016-02-23T19:14:36+01:00\",\"dateModified\":\"2016-02-23T19:14:36+01:00\"},{\"@type\":\"WebSite\",\"@id\":\"https:\\\/\\\/www.eldigitaldeasturias.com\\\/noticias\\\/#website\",\"url\":\"https:\\\/\\\/www.eldigitaldeasturias.com\\\/noticias\\\/\",\"name\":\"El Digital de Asturias - Diario de actualidad y noticias\",\"alternateName\":\"El Digital de Asturias - Diario de actualidad y noticias\",\"description\":\"Hemeroteca\",\"inLanguage\":\"es-ES\",\"publisher\":{\"@id\":\"https:\\\/\\\/www.eldigitaldeasturias.com\\\/noticias\\\/#organization\"}}]}\n\t\t<\/script>\n\t\t<!-- All in One SEO Pro -->\r\n\t\t<title>M\u00e1s de 110.000 inmigrantes y refugiados han llegado a Europa - El Digital de Asturias<\/title>\n\n","aioseo_head_json":{"title":"M\u00e1s de 110.000 inmigrantes y refugiados han llegado a Europa - El Digital de Asturias","description":"M\u00e1s de 110.000 inmigrantes y refugiados han llegado v\u00eda mar\u00edtima y terrestre a Europa desde enero hasta el 18 de febrero de 2016, seg\u00fan las estimaciones de la Organizaci\u00f3n Internacional para las Migraciones (OIM). Seg\u00fan los \u00faltimos datos publicados este lunes por la OIM, desde que comenz\u00f3 el a\u00f1o han perdido la vida 413 personas","canonical_url":"https:\/\/www.eldigitaldeasturias.com\/noticias\/mas-de-110-000-inmigrantes-y-refugiados-han-llegado-a-europa\/","robots":"max-image-preview:large","keywords":"actualidad","webmasterTools":{"google-site-verification":"UA-38556648-1","msvalidate.01":"7dfe9f3f1b24437ab69f4f2559babe99","miscellaneous":""},"schema":{"@context":"https:\/\/schema.org","@graph":[{"@type":"BlogPosting","@id":"https:\/\/www.eldigitaldeasturias.com\/noticias\/mas-de-110-000-inmigrantes-y-refugiados-han-llegado-a-europa\/#blogposting","name":"M\u00e1s de 110.000 inmigrantes y refugiados han llegado a Europa - El Digital de Asturias","headline":"M\u00e1s de 110.000 inmigrantes y refugiados han llegado a Europa","author":{"@id":"https:\/\/www.eldigitaldeasturias.com\/noticias\/author\/admin\/#author"},"publisher":{"@id":"https:\/\/www.eldigitaldeasturias.com\/noticias\/#organization"},"image":{"@type":"ImageObject","url":"https:\/\/www.eldigitaldeasturias.com\/noticias\/wp-content\/uploads\/2016\/02\/fotonoticia_20160223125350_800.jpg","width":800,"height":503},"datePublished":"2016-02-23T19:14:36+01:00","dateModified":"2016-02-23T19:14:36+01:00","inLanguage":"es-ES","mainEntityOfPage":{"@id":"https:\/\/www.eldigitaldeasturias.com\/noticias\/mas-de-110-000-inmigrantes-y-refugiados-han-llegado-a-europa\/#webpage"},"isPartOf":{"@id":"https:\/\/www.eldigitaldeasturias.com\/noticias\/mas-de-110-000-inmigrantes-y-refugiados-han-llegado-a-europa\/#webpage"},"articleSection":"Actualidad"},{"@type":"BreadcrumbList","@id":"https:\/\/www.eldigitaldeasturias.com\/noticias\/mas-de-110-000-inmigrantes-y-refugiados-han-llegado-a-europa\/#breadcrumblist","itemListElement":[{"@type":"ListItem","@id":"https:\/\/www.eldigitaldeasturias.com\/noticias#listItem","position":1,"name":"Home","item":"https:\/\/www.eldigitaldeasturias.com\/noticias","nextItem":{"@type":"ListItem","@id":"https:\/\/www.eldigitaldeasturias.com\/noticias\/category\/actualidad\/#listItem","name":"Actualidad"}},{"@type":"ListItem","@id":"https:\/\/www.eldigitaldeasturias.com\/noticias\/category\/actualidad\/#listItem","position":2,"name":"Actualidad","item":"https:\/\/www.eldigitaldeasturias.com\/noticias\/category\/actualidad\/","nextItem":{"@type":"ListItem","@id":"https:\/\/www.eldigitaldeasturias.com\/noticias\/mas-de-110-000-inmigrantes-y-refugiados-han-llegado-a-europa\/#listItem","name":"M\u00e1s de 110.000 inmigrantes y refugiados han llegado a Europa"},"previousItem":{"@type":"ListItem","@id":"https:\/\/www.eldigitaldeasturias.com\/noticias#listItem","name":"Home"}},{"@type":"ListItem","@id":"https:\/\/www.eldigitaldeasturias.com\/noticias\/mas-de-110-000-inmigrantes-y-refugiados-han-llegado-a-europa\/#listItem","position":3,"name":"M\u00e1s de 110.000 inmigrantes y refugiados han llegado a Europa","previousItem":{"@type":"ListItem","@id":"https:\/\/www.eldigitaldeasturias.com\/noticias\/category\/actualidad\/#listItem","name":"Actualidad"}}]},{"@type":"Organization","@id":"https:\/\/www.eldigitaldeasturias.com\/noticias\/#organization","name":"El Digital de Asturias","description":"Hemeroteca","url":"https:\/\/www.eldigitaldeasturias.com\/noticias\/","email":"info@eldigitaldeasturias.com","telephone":"+34652131393","logo":{"@type":"ImageObject","url":"https:\/\/www.eldigitaldeasturias.com\/noticias\/wp-content\/uploads\/2020\/12\/EDA.jpg","@id":"https:\/\/www.eldigitaldeasturias.com\/noticias\/mas-de-110-000-inmigrantes-y-refugiados-han-llegado-a-europa\/#organizationLogo","width":649,"height":297},"image":{"@id":"https:\/\/www.eldigitaldeasturias.com\/noticias\/mas-de-110-000-inmigrantes-y-refugiados-han-llegado-a-europa\/#organizationLogo"},"sameAs":["https:\/\/facebook.com\/eldigitaldeasturias","https:\/\/www.youtube.com\/channel\/UCZP-2wLEB9Rv6erhFmqVnvg"],"address":{"@id":"https:\/\/www.eldigitaldeasturias.com\/noticias\/#postaladdress","@type":"PostalAddress","streetAddress":"san antonio 4,","postalCode":"33430","addressLocality":"Cand\u00e1s","addressRegion":"Asturias","addressCountry":"ES"}},{"@type":"Person","@id":"https:\/\/www.eldigitaldeasturias.com\/noticias\/author\/admin\/#author","url":"https:\/\/www.eldigitaldeasturias.com\/noticias\/author\/admin\/","name":"El Digital de Asturias","image":{"@type":"ImageObject","@id":"https:\/\/www.eldigitaldeasturias.com\/noticias\/mas-de-110-000-inmigrantes-y-refugiados-han-llegado-a-europa\/#authorImage","url":"https:\/\/www.eldigitaldeasturias.com\/noticias\/wp-content\/litespeed\/avatar\/18677e78aa0546b92d9dbf31ec7d7668.jpg?ver=1777290358","width":96,"height":96,"caption":"El Digital de Asturias"}},{"@type":"WebPage","@id":"https:\/\/www.eldigitaldeasturias.com\/noticias\/mas-de-110-000-inmigrantes-y-refugiados-han-llegado-a-europa\/#webpage","url":"https:\/\/www.eldigitaldeasturias.com\/noticias\/mas-de-110-000-inmigrantes-y-refugiados-han-llegado-a-europa\/","name":"M\u00e1s de 110.000 inmigrantes y refugiados han llegado a Europa - El Digital de Asturias","description":"M\u00e1s de 110.000 inmigrantes y refugiados han llegado v\u00eda mar\u00edtima y terrestre a Europa desde enero hasta el 18 de febrero de 2016, seg\u00fan las estimaciones de la Organizaci\u00f3n Internacional para las Migraciones (OIM). Seg\u00fan los \u00faltimos datos publicados este lunes por la OIM, desde que comenz\u00f3 el a\u00f1o han perdido la vida 413 personas","inLanguage":"es-ES","isPartOf":{"@id":"https:\/\/www.eldigitaldeasturias.com\/noticias\/#website"},"breadcrumb":{"@id":"https:\/\/www.eldigitaldeasturias.com\/noticias\/mas-de-110-000-inmigrantes-y-refugiados-han-llegado-a-europa\/#breadcrumblist"},"author":{"@id":"https:\/\/www.eldigitaldeasturias.com\/noticias\/author\/admin\/#author"},"creator":{"@id":"https:\/\/www.eldigitaldeasturias.com\/noticias\/author\/admin\/#author"},"image":{"@type":"ImageObject","url":"https:\/\/www.eldigitaldeasturias.com\/noticias\/wp-content\/uploads\/2016\/02\/fotonoticia_20160223125350_800.jpg","@id":"https:\/\/www.eldigitaldeasturias.com\/noticias\/mas-de-110-000-inmigrantes-y-refugiados-han-llegado-a-europa\/#mainImage","width":800,"height":503},"primaryImageOfPage":{"@id":"https:\/\/www.eldigitaldeasturias.com\/noticias\/mas-de-110-000-inmigrantes-y-refugiados-han-llegado-a-europa\/#mainImage"},"datePublished":"2016-02-23T19:14:36+01:00","dateModified":"2016-02-23T19:14:36+01:00"},{"@type":"WebSite","@id":"https:\/\/www.eldigitaldeasturias.com\/noticias\/#website","url":"https:\/\/www.eldigitaldeasturias.com\/noticias\/","name":"El Digital de Asturias - Diario de actualidad y noticias","alternateName":"El Digital de Asturias - Diario de actualidad y noticias","description":"Hemeroteca","inLanguage":"es-ES","publisher":{"@id":"https:\/\/www.eldigitaldeasturias.com\/noticias\/#organization"}}]},"og:locale":"es_ES","og:site_name":"El Digital de Asturias","og:type":"article","og:title":"M\u00e1s de 110.000 inmigrantes y refugiados han llegado a Europa - El Digital de Asturias","og:description":"M\u00e1s de 110.000 inmigrantes y refugiados han llegado v\u00eda mar\u00edtima y terrestre a Europa desde enero hasta el 18 de febrero de 2016, seg\u00fan las estimaciones de la Organizaci\u00f3n Internacional para las Migraciones (OIM). Seg\u00fan los \u00faltimos datos publicados este lunes por la OIM, desde que comenz\u00f3 el a\u00f1o han perdido la vida 413 personas","og:url":"https:\/\/www.eldigitaldeasturias.com\/noticias\/mas-de-110-000-inmigrantes-y-refugiados-han-llegado-a-europa\/","og:image":"https:\/\/www.eldigitaldeasturias.com\/noticias\/wp-content\/uploads\/2016\/02\/fotonoticia_20160223125350_800.jpg","og:image:secure_url":"https:\/\/www.eldigitaldeasturias.com\/noticias\/wp-content\/uploads\/2016\/02\/fotonoticia_20160223125350_800.jpg","og:image:width":800,"og:image:height":503,"article:tag":["actualidad"],"article:published_time":"2016-02-23T19:14:36+00:00","article:modified_time":"2016-02-23T19:14:36+00:00","article:publisher":"https:\/\/facebook.com\/eldigitaldeasturias","twitter:card":"summary_large_image","twitter:title":"M\u00e1s de 110.000 inmigrantes y refugiados han llegado a Europa - El Digital de Asturias","twitter:description":"M\u00e1s de 110.000 inmigrantes y refugiados han llegado v\u00eda mar\u00edtima y terrestre a Europa desde enero hasta el 18 de febrero de 2016, seg\u00fan las estimaciones de la Organizaci\u00f3n Internacional para las Migraciones (OIM). Seg\u00fan los \u00faltimos datos publicados este lunes por la OIM, desde que comenz\u00f3 el a\u00f1o han perdido la vida 413 personas","twitter:image":"https:\/\/www.eldigitaldeasturias.com\/noticias\/wp-content\/uploads\/2016\/02\/fotonoticia_20160223125350_800.jpg","twitter:label1":"Escrito por","twitter:data1":"El Digital de Asturias","twitter:label2":"Tiempo de lectura estimado","twitter:data2":"1 minuto"},"aioseo_meta_data":{"post_id":"861403","title":null,"description":null,"keywords":null,"keyphrases":null,"primary_term":null,"canonical_url":null,"og_title":null,"og_description":null,"og_object_type":"default","og_image_type":"default","og_image_url":null,"og_image_width":null,"og_image_height":null,"og_image_custom_url":null,"og_image_custom_fields":null,"og_video":null,"og_custom_url":null,"og_article_section":null,"og_article_tags":null,"twitter_use_og":false,"twitter_card":"default","twitter_image_type":"default","twitter_image_url":null,"twitter_image_custom_url":null,"twitter_image_custom_fields":null,"twitter_title":null,"twitter_description":null,"schema":{"blockGraphs":[],"customGraphs":[],"default":{"data":{"Article":[],"Course":[],"Dataset":[],"FAQPage":[],"Movie":[],"Person":[],"Product":[],"ProductReview":[],"Car":[],"Recipe":[],"Service":[],"SoftwareApplication":[],"WebPage":[]},"graphName":"","isEnabled":true},"graphs":[],"defaultGraph":"","defaultPostTypeGraph":""},"schema_type":null,"schema_type_options":null,"pillar_content":false,"robots_default":true,"robots_noindex":false,"robots_noarchive":false,"robots_nosnippet":false,"robots_nofollow":false,"robots_noimageindex":false,"robots_noodp":false,"robots_notranslate":false,"robots_max_snippet":null,"robots_max_videopreview":null,"robots_max_imagepreview":"large","priority":null,"frequency":null,"local_seo":null,"seo_analyzer_scan_date":"2025-12-10 21:09:10","breadcrumb_settings":null,"limit_modified_date":false,"open_ai":null,"ai":null,"created":"2021-01-23 15:01:14","updated":"2025-12-10 21:09:10"},"aioseo_breadcrumb":"<div class=\"aioseo-breadcrumbs\"><span class=\"aioseo-breadcrumb\">\n\t<a href=\"https:\/\/www.eldigitaldeasturias.com\/noticias\" title=\"Home\">Home<\/a>\n<\/span><span class=\"aioseo-breadcrumb-separator\">\u2013<\/span><span class=\"aioseo-breadcrumb\">\n\t<a href=\"https:\/\/www.eldigitaldeasturias.com\/noticias\/category\/actualidad\/\" title=\"Actualidad\">Actualidad<\/a>\n<\/span><span class=\"aioseo-breadcrumb-separator\">\u2013<\/span><span class=\"aioseo-breadcrumb\">\n\t<a href=\"https:\/\/www.eldigitaldeasturias.com\/noticias\/mas-de-110-000-inmigrantes-y-refugiados-han-llegado-a-europa\/\" title=\"M\u00e1s de 110.000 inmigrantes y refugiados han llegado a Europa\">M\u00e1s de 110.000 inmigrantes y refugiados han llegado a Europa<\/a>\n<\/span><\/div>","aioseo_breadcrumb_json":[{"label":"Home","link":"https:\/\/www.eldigitaldeasturias.com\/noticias"},{"label":"Actualidad","link":"https:\/\/www.eldigitaldeasturias.com\/noticias\/category\/actualidad\/"},{"label":"M\u00e1s de 110.000 inmigrantes y refugiados han llegado a Europa","link":"https:\/\/www.eldigitaldeasturias.com\/noticias\/mas-de-110-000-inmigrantes-y-refugiados-han-llegado-a-europa\/"}],"_links":{"self":[{"href":"https:\/\/www.eldigitaldeasturias.com\/noticias\/wp-json\/wp\/v2\/posts\/861403","targetHints":{"allow":["GET"]}}],"collection":[{"href":"https:\/\/www.eldigitaldeasturias.com\/noticias\/wp-json\/wp\/v2\/posts"}],"about":[{"href":"https:\/\/www.eldigitaldeasturias.com\/noticias\/wp-json\/wp\/v2\/types\/post"}],"author":[{"embeddable":true,"href":"https:\/\/www.eldigitaldeasturias.com\/noticias\/wp-json\/wp\/v2\/users\/1"}],"replies":[{"embeddable":true,"href":"https:\/\/www.eldigitaldeasturias.com\/noticias\/wp-json\/wp\/v2\/comments?post=861403"}],"version-history":[{"count":0,"href":"https:\/\/www.eldigitaldeasturias.com\/noticias\/wp-json\/wp\/v2\/posts\/861403\/revisions"}],"wp:featuredmedia":[{"embeddable":true,"href":"https:\/\/www.eldigitaldeasturias.com\/noticias\/wp-json\/wp\/v2\/media\/861404"}],"wp:attachment":[{"href":"https:\/\/www.eldigitaldeasturias.com\/noticias\/wp-json\/wp\/v2\/media?parent=861403"}],"wp:term":[{"taxonomy":"category","embeddable":true,"href":"https:\/\/www.eldigitaldeasturias.com\/noticias\/wp-json\/wp\/v2\/categories?post=861403"},{"taxonomy":"post_tag","embeddable":true,"href":"https:\/\/www.eldigitaldeasturias.com\/noticias\/wp-json\/wp\/v2\/tags?post=861403"}],"curies":[{"name":"wp","href":"https:\/\/api.w.org\/{rel}","templated":true}]}}