{"id":861398,"date":"2016-02-23T19:11:41","date_gmt":"2016-02-23T19:11:41","guid":{"rendered":"http:\/\/www.eldigitaldeasturias.com\/noticias\/?p=861398"},"modified":"2016-02-23T19:11:41","modified_gmt":"2016-02-23T19:11:41","slug":"nueva-ronda-de-dialogo-en-kabul-para-intentar-fijar-una-fecha-para-las-conversaciones-con-los-taliban","status":"publish","type":"post","link":"https:\/\/www.eldigitaldeasturias.com\/noticias\/nueva-ronda-de-dialogo-en-kabul-para-intentar-fijar-una-fecha-para-las-conversaciones-con-los-taliban\/","title":{"rendered":"Nueva ronda de di\u00e1logo en Kabul para intentar fijar una fecha para las conversaciones con los talib\u00e1n"},"content":{"rendered":"<p><img loading=\"lazy\" decoding=\"async\" class=\"alignleft size-medium wp-image-861399\" src=\"https:\/\/www.eldigitaldeasturias.com\/noticias\/wp-content\/uploads\/2016\/02\/fotonoticia_20160223122843_800-360x248.jpg\" alt=\"fotonoticia_20160223122843_800\" width=\"360\" height=\"248\" srcset=\"https:\/\/www.eldigitaldeasturias.com\/noticias\/wp-content\/uploads\/2016\/02\/fotonoticia_20160223122843_800-360x248.jpg 360w, https:\/\/www.eldigitaldeasturias.com\/noticias\/wp-content\/uploads\/2016\/02\/fotonoticia_20160223122843_800-768x528.jpg 768w, https:\/\/www.eldigitaldeasturias.com\/noticias\/wp-content\/uploads\/2016\/02\/fotonoticia_20160223122843_800-650x447.jpg 650w, https:\/\/www.eldigitaldeasturias.com\/noticias\/wp-content\/uploads\/2016\/02\/fotonoticia_20160223122843_800-210x144.jpg 210w, https:\/\/www.eldigitaldeasturias.com\/noticias\/wp-content\/uploads\/2016\/02\/fotonoticia_20160223122843_800.jpg 800w\" sizes=\"auto, (max-width: 360px) 100vw, 360px\" \/>Altos cargos de Afganist\u00e1n, Pakist\u00e1n, Estados Unidos y China se reunir\u00e1n este martes en Kabul para intentar fijar una fecha para las primeras conversaciones directas con los talib\u00e1n desde la ruptura del anterior proceso de di\u00e1logo en 2015.<\/p>\n<p>En un encuentro celebrado en Islamabad en enero, altos cargos de estos cuatro pa\u00edses aseguraron que las conversaciones directas entre el Gobierno de Kabul y los talib\u00e1n deber\u00edan comenzar a finales de febrero.<\/p>\n<p>El ministro de Asuntos Exteriores de Afganist\u00e1n, Salahuddin Rabbani, ha reiterado el llamamiento a los talib\u00e1n para que se unan a las conversaciones de paz y ha dicho que la reuni\u00f3n de este martes preparar\u00e1 el camino para que las reuniones directas comiencen pronto.<\/p>\n<p>\u00abQueremos que este grupo decida los detalles de las conversaciones entre el Gobierno afgano y los grupos de talib\u00e1n a finales de febrero\u00bb, ha afirmado el jefe de la diplomacia afgana, en un discurso al inicio de la reuni\u00f3n con representantes de Pakist\u00e1n, Estados Unidos y China.<\/p>\n<p>El lunes, el jefe del Ej\u00e9rcito de Pakist\u00e1n, el general Raheel Sharif, se reuni\u00f3 con autoridades de Qatar, donde los talib\u00e1n tienen una oficina de representaci\u00f3n pol\u00edtica, para preparar el camino para el encuentro de este martes, el caurto de una serie de reuniones cuatrilaterales destinadas a sentar las bases del di\u00e1logo entre el Ejecutivo de Kabul y los talib\u00e1n afganos.<\/p>\n<p>Los talib\u00e1n afganos, marcados por las disputas internas desde el anuncio en 2015 de la muerte de su l\u00edder y fundador, el mul\u00e1 Mohamed Omar, todav\u00eda no han aclarado si participar\u00e1n en las conversaciones con el Gobierno afgano.<\/p>\n<p>El nuevo l\u00edder de los talib\u00e1n afganos, el mul\u00e1 Ajtar Mansur, ha puesto una serie de condiciones previas para participar en las conversaciones, incluida la retirada de todas las fuerzas extranjeras de Afganist\u00e1n, y una facci\u00f3n de su grupo rechaza negociar con el Ejecutivo.<\/p>\n<p>A pesar de esas disputas internas, altos cargos del Gobierno afgano han expresado su confianza en que al menos algunas facciones del movimiento talib\u00e1n puedan sumarse al di\u00e1logo. Un portavoz de los talib\u00e1n ha dicho que no habr\u00e1 representantes de su grupo en la reuni\u00f3n de este martes.<\/p>\n<p>Las conversaciones a cuatro bandas de este martes llegan en un momento en el que el pa\u00eds sigue sufriendo el azote de la violencia talib\u00e1n, un movimiento que ha aumentado sus ataques desde el repliegue de la mayor parte de las fuerzas internacionales de combate a finales de 2014.<\/p>\n<p>El pasado fin de semana, el Ejecutivo afgano confirm\u00f3 la retirada de sus fuerzas de dos distritos clave de Helmand, en el sur del pa\u00eds, lo que deja la mitad norte de esta provincia en manos de los milicianos talib\u00e1n.<\/p>\n","protected":false},"excerpt":{"rendered":"<p>Altos cargos de Afganist\u00e1n, Pakist\u00e1n, Estados Unidos y China se reunir\u00e1n este martes en Kabul para intentar fijar una fecha para las primeras conversaciones directas con los talib\u00e1n desde la ruptura del anterior proceso de di\u00e1logo en 2015. En un encuentro celebrado en Islamabad en enero, altos cargos de estos cuatro pa\u00edses aseguraron que las [&hellip;]<\/p>\n","protected":false},"author":1,"featured_media":861399,"comment_status":"closed","ping_status":"closed","sticky":false,"template":"","format":"standard","meta":{"footnotes":""},"categories":[1],"tags":[],"class_list":["post-861398","post","type-post","status-publish","format-standard","has-post-thumbnail","hentry","category-actualidad"],"aioseo_notices":[],"aioseo_head":"\n\t\t<!-- All in One SEO Pro 4.9.6.2 - aioseo.com -->\n\t<meta name=\"description\" content=\"Altos cargos de Afganist\u00e1n, Pakist\u00e1n, Estados Unidos y China se reunir\u00e1n este martes en Kabul para intentar fijar una fecha para las primeras conversaciones directas con los talib\u00e1n desde la ruptura del anterior proceso de di\u00e1logo en 2015. En un encuentro celebrado en Islamabad en enero, altos cargos de estos cuatro pa\u00edses aseguraron que las\" \/>\n\t<meta name=\"robots\" content=\"max-image-preview:large\" \/>\n\t<meta name=\"author\" content=\"El Digital de Asturias\"\/>\n\t<meta name=\"google-site-verification\" content=\"UA-38556648-1\" \/>\n\t<meta name=\"msvalidate.01\" content=\"7dfe9f3f1b24437ab69f4f2559babe99\" \/>\n\t<meta name=\"keywords\" content=\"actualidad\" \/>\n\t<link rel=\"canonical\" href=\"https:\/\/www.eldigitaldeasturias.com\/noticias\/nueva-ronda-de-dialogo-en-kabul-para-intentar-fijar-una-fecha-para-las-conversaciones-con-los-taliban\/\" \/>\n\t<meta name=\"generator\" content=\"All in One SEO Pro (AIOSEO) 4.9.6.2\" \/>\n\t\t<meta property=\"og:locale\" content=\"es_ES\" \/>\n\t\t<meta property=\"og:site_name\" content=\"El Digital de Asturias\" \/>\n\t\t<meta property=\"og:type\" content=\"article\" \/>\n\t\t<meta property=\"og:title\" content=\"Nueva ronda de di\u00e1logo en Kabul para intentar fijar una fecha para las conversaciones con los talib\u00e1n - El Digital de Asturias\" \/>\n\t\t<meta property=\"og:description\" content=\"Altos cargos de Afganist\u00e1n, Pakist\u00e1n, Estados Unidos y China se reunir\u00e1n este martes en Kabul para intentar fijar una fecha para las primeras conversaciones directas con los talib\u00e1n desde la ruptura del anterior proceso de di\u00e1logo en 2015. En un encuentro celebrado en Islamabad en enero, altos cargos de estos cuatro pa\u00edses aseguraron que las\" \/>\n\t\t<meta property=\"og:url\" content=\"https:\/\/www.eldigitaldeasturias.com\/noticias\/nueva-ronda-de-dialogo-en-kabul-para-intentar-fijar-una-fecha-para-las-conversaciones-con-los-taliban\/\" \/>\n\t\t<meta property=\"og:image\" content=\"https:\/\/www.eldigitaldeasturias.com\/noticias\/wp-content\/uploads\/2016\/02\/fotonoticia_20160223122843_800.jpg\" \/>\n\t\t<meta property=\"og:image:secure_url\" content=\"https:\/\/www.eldigitaldeasturias.com\/noticias\/wp-content\/uploads\/2016\/02\/fotonoticia_20160223122843_800.jpg\" \/>\n\t\t<meta property=\"og:image:width\" content=\"800\" \/>\n\t\t<meta property=\"og:image:height\" content=\"550\" \/>\n\t\t<meta property=\"article:tag\" content=\"actualidad\" \/>\n\t\t<meta property=\"article:published_time\" content=\"2016-02-23T19:11:41+00:00\" \/>\n\t\t<meta property=\"article:modified_time\" content=\"2016-02-23T19:11:41+00:00\" \/>\n\t\t<meta property=\"article:publisher\" content=\"https:\/\/facebook.com\/eldigitaldeasturias\" \/>\n\t\t<meta name=\"twitter:card\" content=\"summary_large_image\" \/>\n\t\t<meta name=\"twitter:title\" content=\"Nueva ronda de di\u00e1logo en Kabul para intentar fijar una fecha para las conversaciones con los talib\u00e1n - El Digital de Asturias\" \/>\n\t\t<meta name=\"twitter:description\" content=\"Altos cargos de Afganist\u00e1n, Pakist\u00e1n, Estados Unidos y China se reunir\u00e1n este martes en Kabul para intentar fijar una fecha para las primeras conversaciones directas con los talib\u00e1n desde la ruptura del anterior proceso de di\u00e1logo en 2015. En un encuentro celebrado en Islamabad en enero, altos cargos de estos cuatro pa\u00edses aseguraron que las\" \/>\n\t\t<meta name=\"twitter:image\" content=\"https:\/\/www.eldigitaldeasturias.com\/noticias\/wp-content\/uploads\/2016\/02\/fotonoticia_20160223122843_800.jpg\" \/>\n\t\t<meta name=\"twitter:label1\" content=\"Escrito por\" \/>\n\t\t<meta name=\"twitter:data1\" content=\"El Digital de Asturias\" \/>\n\t\t<meta name=\"twitter:label2\" content=\"Tiempo de lectura estimado\" \/>\n\t\t<meta name=\"twitter:data2\" content=\"2 minutos\" \/>\n\t\t<script type=\"application\/ld+json\" class=\"aioseo-schema\">\n\t\t\t{\"@context\":\"https:\\\/\\\/schema.org\",\"@graph\":[{\"@type\":\"BlogPosting\",\"@id\":\"https:\\\/\\\/www.eldigitaldeasturias.com\\\/noticias\\\/nueva-ronda-de-dialogo-en-kabul-para-intentar-fijar-una-fecha-para-las-conversaciones-con-los-taliban\\\/#blogposting\",\"name\":\"Nueva ronda de di\\u00e1logo en Kabul para intentar fijar una fecha para las conversaciones con los talib\\u00e1n - El Digital de Asturias\",\"headline\":\"Nueva ronda de di\\u00e1logo en Kabul para intentar fijar una fecha para las conversaciones con los talib\\u00e1n\",\"author\":{\"@id\":\"https:\\\/\\\/www.eldigitaldeasturias.com\\\/noticias\\\/author\\\/admin\\\/#author\"},\"publisher\":{\"@id\":\"https:\\\/\\\/www.eldigitaldeasturias.com\\\/noticias\\\/#organization\"},\"image\":{\"@type\":\"ImageObject\",\"url\":\"https:\\\/\\\/www.eldigitaldeasturias.com\\\/noticias\\\/wp-content\\\/uploads\\\/2016\\\/02\\\/fotonoticia_20160223122843_800.jpg\",\"width\":800,\"height\":550},\"datePublished\":\"2016-02-23T19:11:41+01:00\",\"dateModified\":\"2016-02-23T19:11:41+01:00\",\"inLanguage\":\"es-ES\",\"mainEntityOfPage\":{\"@id\":\"https:\\\/\\\/www.eldigitaldeasturias.com\\\/noticias\\\/nueva-ronda-de-dialogo-en-kabul-para-intentar-fijar-una-fecha-para-las-conversaciones-con-los-taliban\\\/#webpage\"},\"isPartOf\":{\"@id\":\"https:\\\/\\\/www.eldigitaldeasturias.com\\\/noticias\\\/nueva-ronda-de-dialogo-en-kabul-para-intentar-fijar-una-fecha-para-las-conversaciones-con-los-taliban\\\/#webpage\"},\"articleSection\":\"Actualidad\"},{\"@type\":\"BreadcrumbList\",\"@id\":\"https:\\\/\\\/www.eldigitaldeasturias.com\\\/noticias\\\/nueva-ronda-de-dialogo-en-kabul-para-intentar-fijar-una-fecha-para-las-conversaciones-con-los-taliban\\\/#breadcrumblist\",\"itemListElement\":[{\"@type\":\"ListItem\",\"@id\":\"https:\\\/\\\/www.eldigitaldeasturias.com\\\/noticias#listItem\",\"position\":1,\"name\":\"Home\",\"item\":\"https:\\\/\\\/www.eldigitaldeasturias.com\\\/noticias\",\"nextItem\":{\"@type\":\"ListItem\",\"@id\":\"https:\\\/\\\/www.eldigitaldeasturias.com\\\/noticias\\\/category\\\/actualidad\\\/#listItem\",\"name\":\"Actualidad\"}},{\"@type\":\"ListItem\",\"@id\":\"https:\\\/\\\/www.eldigitaldeasturias.com\\\/noticias\\\/category\\\/actualidad\\\/#listItem\",\"position\":2,\"name\":\"Actualidad\",\"item\":\"https:\\\/\\\/www.eldigitaldeasturias.com\\\/noticias\\\/category\\\/actualidad\\\/\",\"nextItem\":{\"@type\":\"ListItem\",\"@id\":\"https:\\\/\\\/www.eldigitaldeasturias.com\\\/noticias\\\/nueva-ronda-de-dialogo-en-kabul-para-intentar-fijar-una-fecha-para-las-conversaciones-con-los-taliban\\\/#listItem\",\"name\":\"Nueva ronda de di\\u00e1logo en Kabul para intentar fijar una fecha para las conversaciones con los talib\\u00e1n\"},\"previousItem\":{\"@type\":\"ListItem\",\"@id\":\"https:\\\/\\\/www.eldigitaldeasturias.com\\\/noticias#listItem\",\"name\":\"Home\"}},{\"@type\":\"ListItem\",\"@id\":\"https:\\\/\\\/www.eldigitaldeasturias.com\\\/noticias\\\/nueva-ronda-de-dialogo-en-kabul-para-intentar-fijar-una-fecha-para-las-conversaciones-con-los-taliban\\\/#listItem\",\"position\":3,\"name\":\"Nueva ronda de di\\u00e1logo en Kabul para intentar fijar una fecha para las conversaciones con los talib\\u00e1n\",\"previousItem\":{\"@type\":\"ListItem\",\"@id\":\"https:\\\/\\\/www.eldigitaldeasturias.com\\\/noticias\\\/category\\\/actualidad\\\/#listItem\",\"name\":\"Actualidad\"}}]},{\"@type\":\"Organization\",\"@id\":\"https:\\\/\\\/www.eldigitaldeasturias.com\\\/noticias\\\/#organization\",\"name\":\"El Digital de Asturias\",\"description\":\"Hemeroteca\",\"url\":\"https:\\\/\\\/www.eldigitaldeasturias.com\\\/noticias\\\/\",\"email\":\"info@eldigitaldeasturias.com\",\"telephone\":\"+34652131393\",\"logo\":{\"@type\":\"ImageObject\",\"url\":\"https:\\\/\\\/www.eldigitaldeasturias.com\\\/noticias\\\/wp-content\\\/uploads\\\/2020\\\/12\\\/EDA.jpg\",\"@id\":\"https:\\\/\\\/www.eldigitaldeasturias.com\\\/noticias\\\/nueva-ronda-de-dialogo-en-kabul-para-intentar-fijar-una-fecha-para-las-conversaciones-con-los-taliban\\\/#organizationLogo\",\"width\":649,\"height\":297},\"image\":{\"@id\":\"https:\\\/\\\/www.eldigitaldeasturias.com\\\/noticias\\\/nueva-ronda-de-dialogo-en-kabul-para-intentar-fijar-una-fecha-para-las-conversaciones-con-los-taliban\\\/#organizationLogo\"},\"sameAs\":[\"https:\\\/\\\/facebook.com\\\/eldigitaldeasturias\",\"https:\\\/\\\/www.youtube.com\\\/channel\\\/UCZP-2wLEB9Rv6erhFmqVnvg\"],\"address\":{\"@id\":\"https:\\\/\\\/www.eldigitaldeasturias.com\\\/noticias\\\/#postaladdress\",\"@type\":\"PostalAddress\",\"streetAddress\":\"san antonio 4,\",\"postalCode\":\"33430\",\"addressLocality\":\"Cand\\u00e1s\",\"addressRegion\":\"Asturias\",\"addressCountry\":\"ES\"}},{\"@type\":\"Person\",\"@id\":\"https:\\\/\\\/www.eldigitaldeasturias.com\\\/noticias\\\/author\\\/admin\\\/#author\",\"url\":\"https:\\\/\\\/www.eldigitaldeasturias.com\\\/noticias\\\/author\\\/admin\\\/\",\"name\":\"El Digital de Asturias\",\"image\":{\"@type\":\"ImageObject\",\"@id\":\"https:\\\/\\\/www.eldigitaldeasturias.com\\\/noticias\\\/nueva-ronda-de-dialogo-en-kabul-para-intentar-fijar-una-fecha-para-las-conversaciones-con-los-taliban\\\/#authorImage\",\"url\":\"https:\\\/\\\/www.eldigitaldeasturias.com\\\/noticias\\\/wp-content\\\/litespeed\\\/avatar\\\/18677e78aa0546b92d9dbf31ec7d7668.jpg?ver=1777290358\",\"width\":96,\"height\":96,\"caption\":\"El Digital de Asturias\"}},{\"@type\":\"WebPage\",\"@id\":\"https:\\\/\\\/www.eldigitaldeasturias.com\\\/noticias\\\/nueva-ronda-de-dialogo-en-kabul-para-intentar-fijar-una-fecha-para-las-conversaciones-con-los-taliban\\\/#webpage\",\"url\":\"https:\\\/\\\/www.eldigitaldeasturias.com\\\/noticias\\\/nueva-ronda-de-dialogo-en-kabul-para-intentar-fijar-una-fecha-para-las-conversaciones-con-los-taliban\\\/\",\"name\":\"Nueva ronda de di\\u00e1logo en Kabul para intentar fijar una fecha para las conversaciones con los talib\\u00e1n - El Digital de Asturias\",\"description\":\"Altos cargos de Afganist\\u00e1n, Pakist\\u00e1n, Estados Unidos y China se reunir\\u00e1n este martes en Kabul para intentar fijar una fecha para las primeras conversaciones directas con los talib\\u00e1n desde la ruptura del anterior proceso de di\\u00e1logo en 2015. En un encuentro celebrado en Islamabad en enero, altos cargos de estos cuatro pa\\u00edses aseguraron que las\",\"inLanguage\":\"es-ES\",\"isPartOf\":{\"@id\":\"https:\\\/\\\/www.eldigitaldeasturias.com\\\/noticias\\\/#website\"},\"breadcrumb\":{\"@id\":\"https:\\\/\\\/www.eldigitaldeasturias.com\\\/noticias\\\/nueva-ronda-de-dialogo-en-kabul-para-intentar-fijar-una-fecha-para-las-conversaciones-con-los-taliban\\\/#breadcrumblist\"},\"author\":{\"@id\":\"https:\\\/\\\/www.eldigitaldeasturias.com\\\/noticias\\\/author\\\/admin\\\/#author\"},\"creator\":{\"@id\":\"https:\\\/\\\/www.eldigitaldeasturias.com\\\/noticias\\\/author\\\/admin\\\/#author\"},\"image\":{\"@type\":\"ImageObject\",\"url\":\"https:\\\/\\\/www.eldigitaldeasturias.com\\\/noticias\\\/wp-content\\\/uploads\\\/2016\\\/02\\\/fotonoticia_20160223122843_800.jpg\",\"@id\":\"https:\\\/\\\/www.eldigitaldeasturias.com\\\/noticias\\\/nueva-ronda-de-dialogo-en-kabul-para-intentar-fijar-una-fecha-para-las-conversaciones-con-los-taliban\\\/#mainImage\",\"width\":800,\"height\":550},\"primaryImageOfPage\":{\"@id\":\"https:\\\/\\\/www.eldigitaldeasturias.com\\\/noticias\\\/nueva-ronda-de-dialogo-en-kabul-para-intentar-fijar-una-fecha-para-las-conversaciones-con-los-taliban\\\/#mainImage\"},\"datePublished\":\"2016-02-23T19:11:41+01:00\",\"dateModified\":\"2016-02-23T19:11:41+01:00\"},{\"@type\":\"WebSite\",\"@id\":\"https:\\\/\\\/www.eldigitaldeasturias.com\\\/noticias\\\/#website\",\"url\":\"https:\\\/\\\/www.eldigitaldeasturias.com\\\/noticias\\\/\",\"name\":\"El Digital de Asturias - Diario de actualidad y noticias\",\"alternateName\":\"El Digital de Asturias - Diario de actualidad y noticias\",\"description\":\"Hemeroteca\",\"inLanguage\":\"es-ES\",\"publisher\":{\"@id\":\"https:\\\/\\\/www.eldigitaldeasturias.com\\\/noticias\\\/#organization\"}}]}\n\t\t<\/script>\n\t\t<!-- All in One SEO Pro -->\r\n\t\t<title>Nueva ronda de di\u00e1logo en Kabul para intentar fijar una fecha para las conversaciones con los talib\u00e1n - El Digital de Asturias<\/title>\n\n","aioseo_head_json":{"title":"Nueva ronda de di\u00e1logo en Kabul para intentar fijar una fecha para las conversaciones con los talib\u00e1n - El Digital de Asturias","description":"Altos cargos de Afganist\u00e1n, Pakist\u00e1n, Estados Unidos y China se reunir\u00e1n este martes en Kabul para intentar fijar una fecha para las primeras conversaciones directas con los talib\u00e1n desde la ruptura del anterior proceso de di\u00e1logo en 2015. En un encuentro celebrado en Islamabad en enero, altos cargos de estos cuatro pa\u00edses aseguraron que las","canonical_url":"https:\/\/www.eldigitaldeasturias.com\/noticias\/nueva-ronda-de-dialogo-en-kabul-para-intentar-fijar-una-fecha-para-las-conversaciones-con-los-taliban\/","robots":"max-image-preview:large","keywords":"actualidad","webmasterTools":{"google-site-verification":"UA-38556648-1","msvalidate.01":"7dfe9f3f1b24437ab69f4f2559babe99","miscellaneous":""},"schema":{"@context":"https:\/\/schema.org","@graph":[{"@type":"BlogPosting","@id":"https:\/\/www.eldigitaldeasturias.com\/noticias\/nueva-ronda-de-dialogo-en-kabul-para-intentar-fijar-una-fecha-para-las-conversaciones-con-los-taliban\/#blogposting","name":"Nueva ronda de di\u00e1logo en Kabul para intentar fijar una fecha para las conversaciones con los talib\u00e1n - El Digital de Asturias","headline":"Nueva ronda de di\u00e1logo en Kabul para intentar fijar una fecha para las conversaciones con los talib\u00e1n","author":{"@id":"https:\/\/www.eldigitaldeasturias.com\/noticias\/author\/admin\/#author"},"publisher":{"@id":"https:\/\/www.eldigitaldeasturias.com\/noticias\/#organization"},"image":{"@type":"ImageObject","url":"https:\/\/www.eldigitaldeasturias.com\/noticias\/wp-content\/uploads\/2016\/02\/fotonoticia_20160223122843_800.jpg","width":800,"height":550},"datePublished":"2016-02-23T19:11:41+01:00","dateModified":"2016-02-23T19:11:41+01:00","inLanguage":"es-ES","mainEntityOfPage":{"@id":"https:\/\/www.eldigitaldeasturias.com\/noticias\/nueva-ronda-de-dialogo-en-kabul-para-intentar-fijar-una-fecha-para-las-conversaciones-con-los-taliban\/#webpage"},"isPartOf":{"@id":"https:\/\/www.eldigitaldeasturias.com\/noticias\/nueva-ronda-de-dialogo-en-kabul-para-intentar-fijar-una-fecha-para-las-conversaciones-con-los-taliban\/#webpage"},"articleSection":"Actualidad"},{"@type":"BreadcrumbList","@id":"https:\/\/www.eldigitaldeasturias.com\/noticias\/nueva-ronda-de-dialogo-en-kabul-para-intentar-fijar-una-fecha-para-las-conversaciones-con-los-taliban\/#breadcrumblist","itemListElement":[{"@type":"ListItem","@id":"https:\/\/www.eldigitaldeasturias.com\/noticias#listItem","position":1,"name":"Home","item":"https:\/\/www.eldigitaldeasturias.com\/noticias","nextItem":{"@type":"ListItem","@id":"https:\/\/www.eldigitaldeasturias.com\/noticias\/category\/actualidad\/#listItem","name":"Actualidad"}},{"@type":"ListItem","@id":"https:\/\/www.eldigitaldeasturias.com\/noticias\/category\/actualidad\/#listItem","position":2,"name":"Actualidad","item":"https:\/\/www.eldigitaldeasturias.com\/noticias\/category\/actualidad\/","nextItem":{"@type":"ListItem","@id":"https:\/\/www.eldigitaldeasturias.com\/noticias\/nueva-ronda-de-dialogo-en-kabul-para-intentar-fijar-una-fecha-para-las-conversaciones-con-los-taliban\/#listItem","name":"Nueva ronda de di\u00e1logo en Kabul para intentar fijar una fecha para las conversaciones con los talib\u00e1n"},"previousItem":{"@type":"ListItem","@id":"https:\/\/www.eldigitaldeasturias.com\/noticias#listItem","name":"Home"}},{"@type":"ListItem","@id":"https:\/\/www.eldigitaldeasturias.com\/noticias\/nueva-ronda-de-dialogo-en-kabul-para-intentar-fijar-una-fecha-para-las-conversaciones-con-los-taliban\/#listItem","position":3,"name":"Nueva ronda de di\u00e1logo en Kabul para intentar fijar una fecha para las conversaciones con los talib\u00e1n","previousItem":{"@type":"ListItem","@id":"https:\/\/www.eldigitaldeasturias.com\/noticias\/category\/actualidad\/#listItem","name":"Actualidad"}}]},{"@type":"Organization","@id":"https:\/\/www.eldigitaldeasturias.com\/noticias\/#organization","name":"El Digital de Asturias","description":"Hemeroteca","url":"https:\/\/www.eldigitaldeasturias.com\/noticias\/","email":"info@eldigitaldeasturias.com","telephone":"+34652131393","logo":{"@type":"ImageObject","url":"https:\/\/www.eldigitaldeasturias.com\/noticias\/wp-content\/uploads\/2020\/12\/EDA.jpg","@id":"https:\/\/www.eldigitaldeasturias.com\/noticias\/nueva-ronda-de-dialogo-en-kabul-para-intentar-fijar-una-fecha-para-las-conversaciones-con-los-taliban\/#organizationLogo","width":649,"height":297},"image":{"@id":"https:\/\/www.eldigitaldeasturias.com\/noticias\/nueva-ronda-de-dialogo-en-kabul-para-intentar-fijar-una-fecha-para-las-conversaciones-con-los-taliban\/#organizationLogo"},"sameAs":["https:\/\/facebook.com\/eldigitaldeasturias","https:\/\/www.youtube.com\/channel\/UCZP-2wLEB9Rv6erhFmqVnvg"],"address":{"@id":"https:\/\/www.eldigitaldeasturias.com\/noticias\/#postaladdress","@type":"PostalAddress","streetAddress":"san antonio 4,","postalCode":"33430","addressLocality":"Cand\u00e1s","addressRegion":"Asturias","addressCountry":"ES"}},{"@type":"Person","@id":"https:\/\/www.eldigitaldeasturias.com\/noticias\/author\/admin\/#author","url":"https:\/\/www.eldigitaldeasturias.com\/noticias\/author\/admin\/","name":"El Digital de Asturias","image":{"@type":"ImageObject","@id":"https:\/\/www.eldigitaldeasturias.com\/noticias\/nueva-ronda-de-dialogo-en-kabul-para-intentar-fijar-una-fecha-para-las-conversaciones-con-los-taliban\/#authorImage","url":"https:\/\/www.eldigitaldeasturias.com\/noticias\/wp-content\/litespeed\/avatar\/18677e78aa0546b92d9dbf31ec7d7668.jpg?ver=1777290358","width":96,"height":96,"caption":"El Digital de Asturias"}},{"@type":"WebPage","@id":"https:\/\/www.eldigitaldeasturias.com\/noticias\/nueva-ronda-de-dialogo-en-kabul-para-intentar-fijar-una-fecha-para-las-conversaciones-con-los-taliban\/#webpage","url":"https:\/\/www.eldigitaldeasturias.com\/noticias\/nueva-ronda-de-dialogo-en-kabul-para-intentar-fijar-una-fecha-para-las-conversaciones-con-los-taliban\/","name":"Nueva ronda de di\u00e1logo en Kabul para intentar fijar una fecha para las conversaciones con los talib\u00e1n - El Digital de Asturias","description":"Altos cargos de Afganist\u00e1n, Pakist\u00e1n, Estados Unidos y China se reunir\u00e1n este martes en Kabul para intentar fijar una fecha para las primeras conversaciones directas con los talib\u00e1n desde la ruptura del anterior proceso de di\u00e1logo en 2015. En un encuentro celebrado en Islamabad en enero, altos cargos de estos cuatro pa\u00edses aseguraron que las","inLanguage":"es-ES","isPartOf":{"@id":"https:\/\/www.eldigitaldeasturias.com\/noticias\/#website"},"breadcrumb":{"@id":"https:\/\/www.eldigitaldeasturias.com\/noticias\/nueva-ronda-de-dialogo-en-kabul-para-intentar-fijar-una-fecha-para-las-conversaciones-con-los-taliban\/#breadcrumblist"},"author":{"@id":"https:\/\/www.eldigitaldeasturias.com\/noticias\/author\/admin\/#author"},"creator":{"@id":"https:\/\/www.eldigitaldeasturias.com\/noticias\/author\/admin\/#author"},"image":{"@type":"ImageObject","url":"https:\/\/www.eldigitaldeasturias.com\/noticias\/wp-content\/uploads\/2016\/02\/fotonoticia_20160223122843_800.jpg","@id":"https:\/\/www.eldigitaldeasturias.com\/noticias\/nueva-ronda-de-dialogo-en-kabul-para-intentar-fijar-una-fecha-para-las-conversaciones-con-los-taliban\/#mainImage","width":800,"height":550},"primaryImageOfPage":{"@id":"https:\/\/www.eldigitaldeasturias.com\/noticias\/nueva-ronda-de-dialogo-en-kabul-para-intentar-fijar-una-fecha-para-las-conversaciones-con-los-taliban\/#mainImage"},"datePublished":"2016-02-23T19:11:41+01:00","dateModified":"2016-02-23T19:11:41+01:00"},{"@type":"WebSite","@id":"https:\/\/www.eldigitaldeasturias.com\/noticias\/#website","url":"https:\/\/www.eldigitaldeasturias.com\/noticias\/","name":"El Digital de Asturias - Diario de actualidad y noticias","alternateName":"El Digital de Asturias - Diario de actualidad y noticias","description":"Hemeroteca","inLanguage":"es-ES","publisher":{"@id":"https:\/\/www.eldigitaldeasturias.com\/noticias\/#organization"}}]},"og:locale":"es_ES","og:site_name":"El Digital de Asturias","og:type":"article","og:title":"Nueva ronda de di\u00e1logo en Kabul para intentar fijar una fecha para las conversaciones con los talib\u00e1n - El Digital de Asturias","og:description":"Altos cargos de Afganist\u00e1n, Pakist\u00e1n, Estados Unidos y China se reunir\u00e1n este martes en Kabul para intentar fijar una fecha para las primeras conversaciones directas con los talib\u00e1n desde la ruptura del anterior proceso de di\u00e1logo en 2015. En un encuentro celebrado en Islamabad en enero, altos cargos de estos cuatro pa\u00edses aseguraron que las","og:url":"https:\/\/www.eldigitaldeasturias.com\/noticias\/nueva-ronda-de-dialogo-en-kabul-para-intentar-fijar-una-fecha-para-las-conversaciones-con-los-taliban\/","og:image":"https:\/\/www.eldigitaldeasturias.com\/noticias\/wp-content\/uploads\/2016\/02\/fotonoticia_20160223122843_800.jpg","og:image:secure_url":"https:\/\/www.eldigitaldeasturias.com\/noticias\/wp-content\/uploads\/2016\/02\/fotonoticia_20160223122843_800.jpg","og:image:width":800,"og:image:height":550,"article:tag":["actualidad"],"article:published_time":"2016-02-23T19:11:41+00:00","article:modified_time":"2016-02-23T19:11:41+00:00","article:publisher":"https:\/\/facebook.com\/eldigitaldeasturias","twitter:card":"summary_large_image","twitter:title":"Nueva ronda de di\u00e1logo en Kabul para intentar fijar una fecha para las conversaciones con los talib\u00e1n - El Digital de Asturias","twitter:description":"Altos cargos de Afganist\u00e1n, Pakist\u00e1n, Estados Unidos y China se reunir\u00e1n este martes en Kabul para intentar fijar una fecha para las primeras conversaciones directas con los talib\u00e1n desde la ruptura del anterior proceso de di\u00e1logo en 2015. En un encuentro celebrado en Islamabad en enero, altos cargos de estos cuatro pa\u00edses aseguraron que las","twitter:image":"https:\/\/www.eldigitaldeasturias.com\/noticias\/wp-content\/uploads\/2016\/02\/fotonoticia_20160223122843_800.jpg","twitter:label1":"Escrito por","twitter:data1":"El Digital de Asturias","twitter:label2":"Tiempo de lectura estimado","twitter:data2":"2 minutos"},"aioseo_meta_data":{"post_id":"861398","title":null,"description":null,"keywords":null,"keyphrases":null,"primary_term":null,"canonical_url":null,"og_title":null,"og_description":null,"og_object_type":"default","og_image_type":"default","og_image_url":null,"og_image_width":null,"og_image_height":null,"og_image_custom_url":null,"og_image_custom_fields":null,"og_video":null,"og_custom_url":null,"og_article_section":null,"og_article_tags":null,"twitter_use_og":false,"twitter_card":"default","twitter_image_type":"default","twitter_image_url":null,"twitter_image_custom_url":null,"twitter_image_custom_fields":null,"twitter_title":null,"twitter_description":null,"schema":{"blockGraphs":[],"customGraphs":[],"default":{"data":{"Article":[],"Course":[],"Dataset":[],"FAQPage":[],"Movie":[],"Person":[],"Product":[],"ProductReview":[],"Car":[],"Recipe":[],"Service":[],"SoftwareApplication":[],"WebPage":[]},"graphName":"","isEnabled":true},"graphs":[],"defaultGraph":"","defaultPostTypeGraph":""},"schema_type":null,"schema_type_options":null,"pillar_content":false,"robots_default":true,"robots_noindex":false,"robots_noarchive":false,"robots_nosnippet":false,"robots_nofollow":false,"robots_noimageindex":false,"robots_noodp":false,"robots_notranslate":false,"robots_max_snippet":null,"robots_max_videopreview":null,"robots_max_imagepreview":"large","priority":null,"frequency":null,"local_seo":null,"seo_analyzer_scan_date":"2025-12-10 21:07:15","breadcrumb_settings":null,"limit_modified_date":false,"open_ai":null,"ai":null,"created":"2021-01-23 15:01:14","updated":"2025-12-10 21:07:15"},"aioseo_breadcrumb":"<div class=\"aioseo-breadcrumbs\"><span class=\"aioseo-breadcrumb\">\n\t<a href=\"https:\/\/www.eldigitaldeasturias.com\/noticias\" title=\"Home\">Home<\/a>\n<\/span><span class=\"aioseo-breadcrumb-separator\">\u2013<\/span><span class=\"aioseo-breadcrumb\">\n\t<a href=\"https:\/\/www.eldigitaldeasturias.com\/noticias\/category\/actualidad\/\" title=\"Actualidad\">Actualidad<\/a>\n<\/span><span class=\"aioseo-breadcrumb-separator\">\u2013<\/span><span class=\"aioseo-breadcrumb\">\n\t<a href=\"https:\/\/www.eldigitaldeasturias.com\/noticias\/nueva-ronda-de-dialogo-en-kabul-para-intentar-fijar-una-fecha-para-las-conversaciones-con-los-taliban\/\" title=\"Nueva ronda de di\u00e1logo en Kabul para intentar fijar una fecha para las conversaciones con los talib\u00e1n\">Nueva ronda de di\u00e1logo en Kabul para intentar fijar una fecha para las conversaciones con los talib\u00e1n<\/a>\n<\/span><\/div>","aioseo_breadcrumb_json":[{"label":"Home","link":"https:\/\/www.eldigitaldeasturias.com\/noticias"},{"label":"Actualidad","link":"https:\/\/www.eldigitaldeasturias.com\/noticias\/category\/actualidad\/"},{"label":"Nueva ronda de di\u00e1logo en Kabul para intentar fijar una fecha para las conversaciones con los talib\u00e1n","link":"https:\/\/www.eldigitaldeasturias.com\/noticias\/nueva-ronda-de-dialogo-en-kabul-para-intentar-fijar-una-fecha-para-las-conversaciones-con-los-taliban\/"}],"_links":{"self":[{"href":"https:\/\/www.eldigitaldeasturias.com\/noticias\/wp-json\/wp\/v2\/posts\/861398","targetHints":{"allow":["GET"]}}],"collection":[{"href":"https:\/\/www.eldigitaldeasturias.com\/noticias\/wp-json\/wp\/v2\/posts"}],"about":[{"href":"https:\/\/www.eldigitaldeasturias.com\/noticias\/wp-json\/wp\/v2\/types\/post"}],"author":[{"embeddable":true,"href":"https:\/\/www.eldigitaldeasturias.com\/noticias\/wp-json\/wp\/v2\/users\/1"}],"replies":[{"embeddable":true,"href":"https:\/\/www.eldigitaldeasturias.com\/noticias\/wp-json\/wp\/v2\/comments?post=861398"}],"version-history":[{"count":0,"href":"https:\/\/www.eldigitaldeasturias.com\/noticias\/wp-json\/wp\/v2\/posts\/861398\/revisions"}],"wp:featuredmedia":[{"embeddable":true,"href":"https:\/\/www.eldigitaldeasturias.com\/noticias\/wp-json\/wp\/v2\/media\/861399"}],"wp:attachment":[{"href":"https:\/\/www.eldigitaldeasturias.com\/noticias\/wp-json\/wp\/v2\/media?parent=861398"}],"wp:term":[{"taxonomy":"category","embeddable":true,"href":"https:\/\/www.eldigitaldeasturias.com\/noticias\/wp-json\/wp\/v2\/categories?post=861398"},{"taxonomy":"post_tag","embeddable":true,"href":"https:\/\/www.eldigitaldeasturias.com\/noticias\/wp-json\/wp\/v2\/tags?post=861398"}],"curies":[{"name":"wp","href":"https:\/\/api.w.org\/{rel}","templated":true}]}}