{"id":861382,"date":"2016-02-23T18:48:41","date_gmt":"2016-02-23T18:48:41","guid":{"rendered":"http:\/\/www.eldigitaldeasturias.com\/noticias\/?p=861382"},"modified":"2016-02-23T18:48:41","modified_gmt":"2016-02-23T18:48:41","slug":"activado-el-protocolo-por-contaminacion-atmosferica-en-el-area-de-barcelona","status":"publish","type":"post","link":"https:\/\/www.eldigitaldeasturias.com\/noticias\/activado-el-protocolo-por-contaminacion-atmosferica-en-el-area-de-barcelona\/","title":{"rendered":"Activado el protocolo por contaminaci\u00f3n atmosf\u00e9rica en el \u00e1rea de Barcelona"},"content":{"rendered":"<p><img loading=\"lazy\" decoding=\"async\" class=\"alignleft size-medium wp-image-861383\" src=\"https:\/\/www.eldigitaldeasturias.com\/noticias\/wp-content\/uploads\/2016\/02\/fotonoticia_20160223150034_800-360x270.jpg\" alt=\"fotonoticia_20160223150034_800\" width=\"360\" height=\"270\" srcset=\"https:\/\/www.eldigitaldeasturias.com\/noticias\/wp-content\/uploads\/2016\/02\/fotonoticia_20160223150034_800-360x270.jpg 360w, https:\/\/www.eldigitaldeasturias.com\/noticias\/wp-content\/uploads\/2016\/02\/fotonoticia_20160223150034_800-768x576.jpg 768w, https:\/\/www.eldigitaldeasturias.com\/noticias\/wp-content\/uploads\/2016\/02\/fotonoticia_20160223150034_800-650x488.jpg 650w, https:\/\/www.eldigitaldeasturias.com\/noticias\/wp-content\/uploads\/2016\/02\/fotonoticia_20160223150034_800-125x95.jpg 125w, https:\/\/www.eldigitaldeasturias.com\/noticias\/wp-content\/uploads\/2016\/02\/fotonoticia_20160223150034_800-100x75.jpg 100w, https:\/\/www.eldigitaldeasturias.com\/noticias\/wp-content\/uploads\/2016\/02\/fotonoticia_20160223150034_800.jpg 800w\" sizes=\"auto, (max-width: 360px) 100vw, 360px\" \/>La Conselleria de Territorio y Sostenibilidad de la Generalitat ha activado el protocolo por contaminaci\u00f3n atmosf\u00e9rica en 40 municipios del \u00e1rea metropolitana de Barcelona, ha informado en un comunicado este martes.<\/p>\n<p>La medida, prevista dentro del Plan de Mejora de la Calidad del Aire, se ha tomado a causa de \u00abuna invasi\u00f3n de polvo africano en la atm\u00f3sfera\u00bb y cuenta con otras soluciones como gestionar la velocidad en las v\u00edas r\u00e1pidas o instar a los municipios a restringir las actuaciones que generen part\u00edculas, entre otros.<\/p>\n<p>Este lunes, 23 estaciones de la Red de Vigilancia y Previsi\u00f3n de la Contaminaci\u00f3n Atmosf\u00e9rica (RVPCA) de toda Catalunya superaron el valor de referencia diaria de part\u00edculas en la atm\u00f3sfera, que es de 50 microgramos por metro c\u00fabico, y diez de ellas superaron los 80 microgramos por metro c\u00fabico.<\/p>\n<p>Algunos de los municipios afectados son Badalona, Barcelona, L&#8217;Hospitalet de Llobregat, Sant Adri\u00e0 del Bes\u00f2s, Santa Coloma de Gramenet, Castelldefels, Cornell\u00e0 de Llobregat, Gav\u00e0, Sant Andreu de la Barca, Sant Feliu de Llobregat y Sabadell, entre otros.<\/p>\n<p>Los niveles de part\u00edculas son elevados en todo el territorio, por lo que la Generalitat ha recomendado que las personas con enfermedades cardiovasculares o respiratorias moderen la actividad en el aire libre y que la poblaci\u00f3n en general evite el ejercicio f\u00edsico intensivo en el exterior.<\/p>\n","protected":false},"excerpt":{"rendered":"<p>La Conselleria de Territorio y Sostenibilidad de la Generalitat ha activado el protocolo por contaminaci\u00f3n atmosf\u00e9rica en 40 municipios del \u00e1rea metropolitana de Barcelona, ha informado en un comunicado este martes. La medida, prevista dentro del Plan de Mejora de la Calidad del Aire, se ha tomado a causa de \u00abuna invasi\u00f3n de polvo africano [&hellip;]<\/p>\n","protected":false},"author":1,"featured_media":861383,"comment_status":"closed","ping_status":"closed","sticky":false,"template":"","format":"standard","meta":{"footnotes":""},"categories":[28],"tags":[],"class_list":["post-861382","post","type-post","status-publish","format-standard","has-post-thumbnail","hentry","category-sociedad"],"aioseo_notices":[],"aioseo_head":"\n\t\t<!-- All in One SEO Pro 4.9.6.2 - aioseo.com -->\n\t<meta name=\"description\" content=\"La Conselleria de Territorio y Sostenibilidad de la Generalitat ha activado el protocolo por contaminaci\u00f3n atmosf\u00e9rica en 40 municipios del \u00e1rea metropolitana de Barcelona, ha informado en un comunicado este martes. La medida, prevista dentro del Plan de Mejora de la Calidad del Aire, se ha tomado a causa de &quot;una invasi\u00f3n de polvo africano\" \/>\n\t<meta name=\"robots\" content=\"max-image-preview:large\" \/>\n\t<meta name=\"author\" content=\"El Digital de Asturias\"\/>\n\t<meta name=\"google-site-verification\" content=\"UA-38556648-1\" \/>\n\t<meta name=\"msvalidate.01\" content=\"7dfe9f3f1b24437ab69f4f2559babe99\" \/>\n\t<meta name=\"keywords\" content=\"sociedad\" \/>\n\t<link rel=\"canonical\" href=\"https:\/\/www.eldigitaldeasturias.com\/noticias\/activado-el-protocolo-por-contaminacion-atmosferica-en-el-area-de-barcelona\/\" \/>\n\t<meta name=\"generator\" content=\"All in One SEO Pro (AIOSEO) 4.9.6.2\" \/>\n\t\t<meta property=\"og:locale\" content=\"es_ES\" \/>\n\t\t<meta property=\"og:site_name\" content=\"El Digital de Asturias\" \/>\n\t\t<meta property=\"og:type\" content=\"article\" \/>\n\t\t<meta property=\"og:title\" content=\"Activado el protocolo por contaminaci\u00f3n atmosf\u00e9rica en el \u00e1rea de Barcelona - El Digital de Asturias\" \/>\n\t\t<meta property=\"og:description\" content=\"La Conselleria de Territorio y Sostenibilidad de la Generalitat ha activado el protocolo por contaminaci\u00f3n atmosf\u00e9rica en 40 municipios del \u00e1rea metropolitana de Barcelona, ha informado en un comunicado este martes. La medida, prevista dentro del Plan de Mejora de la Calidad del Aire, se ha tomado a causa de &quot;una invasi\u00f3n de polvo africano\" \/>\n\t\t<meta property=\"og:url\" content=\"https:\/\/www.eldigitaldeasturias.com\/noticias\/activado-el-protocolo-por-contaminacion-atmosferica-en-el-area-de-barcelona\/\" \/>\n\t\t<meta property=\"og:image\" content=\"https:\/\/www.eldigitaldeasturias.com\/noticias\/wp-content\/uploads\/2016\/02\/fotonoticia_20160223150034_800.jpg\" \/>\n\t\t<meta property=\"og:image:secure_url\" content=\"https:\/\/www.eldigitaldeasturias.com\/noticias\/wp-content\/uploads\/2016\/02\/fotonoticia_20160223150034_800.jpg\" \/>\n\t\t<meta property=\"og:image:width\" content=\"800\" \/>\n\t\t<meta property=\"og:image:height\" content=\"600\" \/>\n\t\t<meta property=\"article:tag\" content=\"sociedad\" \/>\n\t\t<meta property=\"article:published_time\" content=\"2016-02-23T18:48:41+00:00\" \/>\n\t\t<meta property=\"article:modified_time\" content=\"2016-02-23T18:48:41+00:00\" \/>\n\t\t<meta property=\"article:publisher\" content=\"https:\/\/facebook.com\/eldigitaldeasturias\" \/>\n\t\t<meta name=\"twitter:card\" content=\"summary_large_image\" \/>\n\t\t<meta name=\"twitter:title\" content=\"Activado el protocolo por contaminaci\u00f3n atmosf\u00e9rica en el \u00e1rea de Barcelona - El Digital de Asturias\" \/>\n\t\t<meta name=\"twitter:description\" content=\"La Conselleria de Territorio y Sostenibilidad de la Generalitat ha activado el protocolo por contaminaci\u00f3n atmosf\u00e9rica en 40 municipios del \u00e1rea metropolitana de Barcelona, ha informado en un comunicado este martes. La medida, prevista dentro del Plan de Mejora de la Calidad del Aire, se ha tomado a causa de &quot;una invasi\u00f3n de polvo africano\" \/>\n\t\t<meta name=\"twitter:image\" content=\"https:\/\/www.eldigitaldeasturias.com\/noticias\/wp-content\/uploads\/2016\/02\/fotonoticia_20160223150034_800.jpg\" \/>\n\t\t<meta name=\"twitter:label1\" content=\"Escrito por\" \/>\n\t\t<meta name=\"twitter:data1\" content=\"El Digital de Asturias\" \/>\n\t\t<meta name=\"twitter:label2\" content=\"Tiempo de lectura estimado\" \/>\n\t\t<meta name=\"twitter:data2\" content=\"1 minuto\" \/>\n\t\t<script type=\"application\/ld+json\" class=\"aioseo-schema\">\n\t\t\t{\"@context\":\"https:\\\/\\\/schema.org\",\"@graph\":[{\"@type\":\"BlogPosting\",\"@id\":\"https:\\\/\\\/www.eldigitaldeasturias.com\\\/noticias\\\/activado-el-protocolo-por-contaminacion-atmosferica-en-el-area-de-barcelona\\\/#blogposting\",\"name\":\"Activado el protocolo por contaminaci\\u00f3n atmosf\\u00e9rica en el \\u00e1rea de Barcelona - El Digital de Asturias\",\"headline\":\"Activado el protocolo por contaminaci\\u00f3n atmosf\\u00e9rica en el \\u00e1rea de Barcelona\",\"author\":{\"@id\":\"https:\\\/\\\/www.eldigitaldeasturias.com\\\/noticias\\\/author\\\/admin\\\/#author\"},\"publisher\":{\"@id\":\"https:\\\/\\\/www.eldigitaldeasturias.com\\\/noticias\\\/#organization\"},\"image\":{\"@type\":\"ImageObject\",\"url\":\"https:\\\/\\\/www.eldigitaldeasturias.com\\\/noticias\\\/wp-content\\\/uploads\\\/2016\\\/02\\\/fotonoticia_20160223150034_800.jpg\",\"width\":800,\"height\":600},\"datePublished\":\"2016-02-23T18:48:41+01:00\",\"dateModified\":\"2016-02-23T18:48:41+01:00\",\"inLanguage\":\"es-ES\",\"mainEntityOfPage\":{\"@id\":\"https:\\\/\\\/www.eldigitaldeasturias.com\\\/noticias\\\/activado-el-protocolo-por-contaminacion-atmosferica-en-el-area-de-barcelona\\\/#webpage\"},\"isPartOf\":{\"@id\":\"https:\\\/\\\/www.eldigitaldeasturias.com\\\/noticias\\\/activado-el-protocolo-por-contaminacion-atmosferica-en-el-area-de-barcelona\\\/#webpage\"},\"articleSection\":\"Sociedad\"},{\"@type\":\"BreadcrumbList\",\"@id\":\"https:\\\/\\\/www.eldigitaldeasturias.com\\\/noticias\\\/activado-el-protocolo-por-contaminacion-atmosferica-en-el-area-de-barcelona\\\/#breadcrumblist\",\"itemListElement\":[{\"@type\":\"ListItem\",\"@id\":\"https:\\\/\\\/www.eldigitaldeasturias.com\\\/noticias#listItem\",\"position\":1,\"name\":\"Home\",\"item\":\"https:\\\/\\\/www.eldigitaldeasturias.com\\\/noticias\",\"nextItem\":{\"@type\":\"ListItem\",\"@id\":\"https:\\\/\\\/www.eldigitaldeasturias.com\\\/noticias\\\/category\\\/sociedad\\\/#listItem\",\"name\":\"Sociedad\"}},{\"@type\":\"ListItem\",\"@id\":\"https:\\\/\\\/www.eldigitaldeasturias.com\\\/noticias\\\/category\\\/sociedad\\\/#listItem\",\"position\":2,\"name\":\"Sociedad\",\"item\":\"https:\\\/\\\/www.eldigitaldeasturias.com\\\/noticias\\\/category\\\/sociedad\\\/\",\"nextItem\":{\"@type\":\"ListItem\",\"@id\":\"https:\\\/\\\/www.eldigitaldeasturias.com\\\/noticias\\\/activado-el-protocolo-por-contaminacion-atmosferica-en-el-area-de-barcelona\\\/#listItem\",\"name\":\"Activado el protocolo por contaminaci\\u00f3n atmosf\\u00e9rica en el \\u00e1rea de Barcelona\"},\"previousItem\":{\"@type\":\"ListItem\",\"@id\":\"https:\\\/\\\/www.eldigitaldeasturias.com\\\/noticias#listItem\",\"name\":\"Home\"}},{\"@type\":\"ListItem\",\"@id\":\"https:\\\/\\\/www.eldigitaldeasturias.com\\\/noticias\\\/activado-el-protocolo-por-contaminacion-atmosferica-en-el-area-de-barcelona\\\/#listItem\",\"position\":3,\"name\":\"Activado el protocolo por contaminaci\\u00f3n atmosf\\u00e9rica en el \\u00e1rea de Barcelona\",\"previousItem\":{\"@type\":\"ListItem\",\"@id\":\"https:\\\/\\\/www.eldigitaldeasturias.com\\\/noticias\\\/category\\\/sociedad\\\/#listItem\",\"name\":\"Sociedad\"}}]},{\"@type\":\"Organization\",\"@id\":\"https:\\\/\\\/www.eldigitaldeasturias.com\\\/noticias\\\/#organization\",\"name\":\"El Digital de Asturias\",\"description\":\"Hemeroteca\",\"url\":\"https:\\\/\\\/www.eldigitaldeasturias.com\\\/noticias\\\/\",\"email\":\"info@eldigitaldeasturias.com\",\"telephone\":\"+34652131393\",\"logo\":{\"@type\":\"ImageObject\",\"url\":\"https:\\\/\\\/www.eldigitaldeasturias.com\\\/noticias\\\/wp-content\\\/uploads\\\/2020\\\/12\\\/EDA.jpg\",\"@id\":\"https:\\\/\\\/www.eldigitaldeasturias.com\\\/noticias\\\/activado-el-protocolo-por-contaminacion-atmosferica-en-el-area-de-barcelona\\\/#organizationLogo\",\"width\":649,\"height\":297},\"image\":{\"@id\":\"https:\\\/\\\/www.eldigitaldeasturias.com\\\/noticias\\\/activado-el-protocolo-por-contaminacion-atmosferica-en-el-area-de-barcelona\\\/#organizationLogo\"},\"sameAs\":[\"https:\\\/\\\/facebook.com\\\/eldigitaldeasturias\",\"https:\\\/\\\/www.youtube.com\\\/channel\\\/UCZP-2wLEB9Rv6erhFmqVnvg\"],\"address\":{\"@id\":\"https:\\\/\\\/www.eldigitaldeasturias.com\\\/noticias\\\/#postaladdress\",\"@type\":\"PostalAddress\",\"streetAddress\":\"san antonio 4,\",\"postalCode\":\"33430\",\"addressLocality\":\"Cand\\u00e1s\",\"addressRegion\":\"Asturias\",\"addressCountry\":\"ES\"}},{\"@type\":\"Person\",\"@id\":\"https:\\\/\\\/www.eldigitaldeasturias.com\\\/noticias\\\/author\\\/admin\\\/#author\",\"url\":\"https:\\\/\\\/www.eldigitaldeasturias.com\\\/noticias\\\/author\\\/admin\\\/\",\"name\":\"El Digital de Asturias\",\"image\":{\"@type\":\"ImageObject\",\"@id\":\"https:\\\/\\\/www.eldigitaldeasturias.com\\\/noticias\\\/activado-el-protocolo-por-contaminacion-atmosferica-en-el-area-de-barcelona\\\/#authorImage\",\"url\":\"https:\\\/\\\/www.eldigitaldeasturias.com\\\/noticias\\\/wp-content\\\/litespeed\\\/avatar\\\/18677e78aa0546b92d9dbf31ec7d7668.jpg?ver=1777290358\",\"width\":96,\"height\":96,\"caption\":\"El Digital de Asturias\"}},{\"@type\":\"WebPage\",\"@id\":\"https:\\\/\\\/www.eldigitaldeasturias.com\\\/noticias\\\/activado-el-protocolo-por-contaminacion-atmosferica-en-el-area-de-barcelona\\\/#webpage\",\"url\":\"https:\\\/\\\/www.eldigitaldeasturias.com\\\/noticias\\\/activado-el-protocolo-por-contaminacion-atmosferica-en-el-area-de-barcelona\\\/\",\"name\":\"Activado el protocolo por contaminaci\\u00f3n atmosf\\u00e9rica en el \\u00e1rea de Barcelona - El Digital de Asturias\",\"description\":\"La Conselleria de Territorio y Sostenibilidad de la Generalitat ha activado el protocolo por contaminaci\\u00f3n atmosf\\u00e9rica en 40 municipios del \\u00e1rea metropolitana de Barcelona, ha informado en un comunicado este martes. La medida, prevista dentro del Plan de Mejora de la Calidad del Aire, se ha tomado a causa de \\\"una invasi\\u00f3n de polvo africano\",\"inLanguage\":\"es-ES\",\"isPartOf\":{\"@id\":\"https:\\\/\\\/www.eldigitaldeasturias.com\\\/noticias\\\/#website\"},\"breadcrumb\":{\"@id\":\"https:\\\/\\\/www.eldigitaldeasturias.com\\\/noticias\\\/activado-el-protocolo-por-contaminacion-atmosferica-en-el-area-de-barcelona\\\/#breadcrumblist\"},\"author\":{\"@id\":\"https:\\\/\\\/www.eldigitaldeasturias.com\\\/noticias\\\/author\\\/admin\\\/#author\"},\"creator\":{\"@id\":\"https:\\\/\\\/www.eldigitaldeasturias.com\\\/noticias\\\/author\\\/admin\\\/#author\"},\"image\":{\"@type\":\"ImageObject\",\"url\":\"https:\\\/\\\/www.eldigitaldeasturias.com\\\/noticias\\\/wp-content\\\/uploads\\\/2016\\\/02\\\/fotonoticia_20160223150034_800.jpg\",\"@id\":\"https:\\\/\\\/www.eldigitaldeasturias.com\\\/noticias\\\/activado-el-protocolo-por-contaminacion-atmosferica-en-el-area-de-barcelona\\\/#mainImage\",\"width\":800,\"height\":600},\"primaryImageOfPage\":{\"@id\":\"https:\\\/\\\/www.eldigitaldeasturias.com\\\/noticias\\\/activado-el-protocolo-por-contaminacion-atmosferica-en-el-area-de-barcelona\\\/#mainImage\"},\"datePublished\":\"2016-02-23T18:48:41+01:00\",\"dateModified\":\"2016-02-23T18:48:41+01:00\"},{\"@type\":\"WebSite\",\"@id\":\"https:\\\/\\\/www.eldigitaldeasturias.com\\\/noticias\\\/#website\",\"url\":\"https:\\\/\\\/www.eldigitaldeasturias.com\\\/noticias\\\/\",\"name\":\"El Digital de Asturias - Diario de actualidad y noticias\",\"alternateName\":\"El Digital de Asturias - Diario de actualidad y noticias\",\"description\":\"Hemeroteca\",\"inLanguage\":\"es-ES\",\"publisher\":{\"@id\":\"https:\\\/\\\/www.eldigitaldeasturias.com\\\/noticias\\\/#organization\"}}]}\n\t\t<\/script>\n\t\t<!-- All in One SEO Pro -->\r\n\t\t<title>Activado el protocolo por contaminaci\u00f3n atmosf\u00e9rica en el \u00e1rea de Barcelona - El Digital de Asturias<\/title>\n\n","aioseo_head_json":{"title":"Activado el protocolo por contaminaci\u00f3n atmosf\u00e9rica en el \u00e1rea de Barcelona - El Digital de Asturias","description":"La Conselleria de Territorio y Sostenibilidad de la Generalitat ha activado el protocolo por contaminaci\u00f3n atmosf\u00e9rica en 40 municipios del \u00e1rea metropolitana de Barcelona, ha informado en un comunicado este martes. La medida, prevista dentro del Plan de Mejora de la Calidad del Aire, se ha tomado a causa de \"una invasi\u00f3n de polvo africano","canonical_url":"https:\/\/www.eldigitaldeasturias.com\/noticias\/activado-el-protocolo-por-contaminacion-atmosferica-en-el-area-de-barcelona\/","robots":"max-image-preview:large","keywords":"sociedad","webmasterTools":{"google-site-verification":"UA-38556648-1","msvalidate.01":"7dfe9f3f1b24437ab69f4f2559babe99","miscellaneous":""},"schema":{"@context":"https:\/\/schema.org","@graph":[{"@type":"BlogPosting","@id":"https:\/\/www.eldigitaldeasturias.com\/noticias\/activado-el-protocolo-por-contaminacion-atmosferica-en-el-area-de-barcelona\/#blogposting","name":"Activado el protocolo por contaminaci\u00f3n atmosf\u00e9rica en el \u00e1rea de Barcelona - El Digital de Asturias","headline":"Activado el protocolo por contaminaci\u00f3n atmosf\u00e9rica en el \u00e1rea de Barcelona","author":{"@id":"https:\/\/www.eldigitaldeasturias.com\/noticias\/author\/admin\/#author"},"publisher":{"@id":"https:\/\/www.eldigitaldeasturias.com\/noticias\/#organization"},"image":{"@type":"ImageObject","url":"https:\/\/www.eldigitaldeasturias.com\/noticias\/wp-content\/uploads\/2016\/02\/fotonoticia_20160223150034_800.jpg","width":800,"height":600},"datePublished":"2016-02-23T18:48:41+01:00","dateModified":"2016-02-23T18:48:41+01:00","inLanguage":"es-ES","mainEntityOfPage":{"@id":"https:\/\/www.eldigitaldeasturias.com\/noticias\/activado-el-protocolo-por-contaminacion-atmosferica-en-el-area-de-barcelona\/#webpage"},"isPartOf":{"@id":"https:\/\/www.eldigitaldeasturias.com\/noticias\/activado-el-protocolo-por-contaminacion-atmosferica-en-el-area-de-barcelona\/#webpage"},"articleSection":"Sociedad"},{"@type":"BreadcrumbList","@id":"https:\/\/www.eldigitaldeasturias.com\/noticias\/activado-el-protocolo-por-contaminacion-atmosferica-en-el-area-de-barcelona\/#breadcrumblist","itemListElement":[{"@type":"ListItem","@id":"https:\/\/www.eldigitaldeasturias.com\/noticias#listItem","position":1,"name":"Home","item":"https:\/\/www.eldigitaldeasturias.com\/noticias","nextItem":{"@type":"ListItem","@id":"https:\/\/www.eldigitaldeasturias.com\/noticias\/category\/sociedad\/#listItem","name":"Sociedad"}},{"@type":"ListItem","@id":"https:\/\/www.eldigitaldeasturias.com\/noticias\/category\/sociedad\/#listItem","position":2,"name":"Sociedad","item":"https:\/\/www.eldigitaldeasturias.com\/noticias\/category\/sociedad\/","nextItem":{"@type":"ListItem","@id":"https:\/\/www.eldigitaldeasturias.com\/noticias\/activado-el-protocolo-por-contaminacion-atmosferica-en-el-area-de-barcelona\/#listItem","name":"Activado el protocolo por contaminaci\u00f3n atmosf\u00e9rica en el \u00e1rea de Barcelona"},"previousItem":{"@type":"ListItem","@id":"https:\/\/www.eldigitaldeasturias.com\/noticias#listItem","name":"Home"}},{"@type":"ListItem","@id":"https:\/\/www.eldigitaldeasturias.com\/noticias\/activado-el-protocolo-por-contaminacion-atmosferica-en-el-area-de-barcelona\/#listItem","position":3,"name":"Activado el protocolo por contaminaci\u00f3n atmosf\u00e9rica en el \u00e1rea de Barcelona","previousItem":{"@type":"ListItem","@id":"https:\/\/www.eldigitaldeasturias.com\/noticias\/category\/sociedad\/#listItem","name":"Sociedad"}}]},{"@type":"Organization","@id":"https:\/\/www.eldigitaldeasturias.com\/noticias\/#organization","name":"El Digital de Asturias","description":"Hemeroteca","url":"https:\/\/www.eldigitaldeasturias.com\/noticias\/","email":"info@eldigitaldeasturias.com","telephone":"+34652131393","logo":{"@type":"ImageObject","url":"https:\/\/www.eldigitaldeasturias.com\/noticias\/wp-content\/uploads\/2020\/12\/EDA.jpg","@id":"https:\/\/www.eldigitaldeasturias.com\/noticias\/activado-el-protocolo-por-contaminacion-atmosferica-en-el-area-de-barcelona\/#organizationLogo","width":649,"height":297},"image":{"@id":"https:\/\/www.eldigitaldeasturias.com\/noticias\/activado-el-protocolo-por-contaminacion-atmosferica-en-el-area-de-barcelona\/#organizationLogo"},"sameAs":["https:\/\/facebook.com\/eldigitaldeasturias","https:\/\/www.youtube.com\/channel\/UCZP-2wLEB9Rv6erhFmqVnvg"],"address":{"@id":"https:\/\/www.eldigitaldeasturias.com\/noticias\/#postaladdress","@type":"PostalAddress","streetAddress":"san antonio 4,","postalCode":"33430","addressLocality":"Cand\u00e1s","addressRegion":"Asturias","addressCountry":"ES"}},{"@type":"Person","@id":"https:\/\/www.eldigitaldeasturias.com\/noticias\/author\/admin\/#author","url":"https:\/\/www.eldigitaldeasturias.com\/noticias\/author\/admin\/","name":"El Digital de Asturias","image":{"@type":"ImageObject","@id":"https:\/\/www.eldigitaldeasturias.com\/noticias\/activado-el-protocolo-por-contaminacion-atmosferica-en-el-area-de-barcelona\/#authorImage","url":"https:\/\/www.eldigitaldeasturias.com\/noticias\/wp-content\/litespeed\/avatar\/18677e78aa0546b92d9dbf31ec7d7668.jpg?ver=1777290358","width":96,"height":96,"caption":"El Digital de Asturias"}},{"@type":"WebPage","@id":"https:\/\/www.eldigitaldeasturias.com\/noticias\/activado-el-protocolo-por-contaminacion-atmosferica-en-el-area-de-barcelona\/#webpage","url":"https:\/\/www.eldigitaldeasturias.com\/noticias\/activado-el-protocolo-por-contaminacion-atmosferica-en-el-area-de-barcelona\/","name":"Activado el protocolo por contaminaci\u00f3n atmosf\u00e9rica en el \u00e1rea de Barcelona - El Digital de Asturias","description":"La Conselleria de Territorio y Sostenibilidad de la Generalitat ha activado el protocolo por contaminaci\u00f3n atmosf\u00e9rica en 40 municipios del \u00e1rea metropolitana de Barcelona, ha informado en un comunicado este martes. La medida, prevista dentro del Plan de Mejora de la Calidad del Aire, se ha tomado a causa de \"una invasi\u00f3n de polvo africano","inLanguage":"es-ES","isPartOf":{"@id":"https:\/\/www.eldigitaldeasturias.com\/noticias\/#website"},"breadcrumb":{"@id":"https:\/\/www.eldigitaldeasturias.com\/noticias\/activado-el-protocolo-por-contaminacion-atmosferica-en-el-area-de-barcelona\/#breadcrumblist"},"author":{"@id":"https:\/\/www.eldigitaldeasturias.com\/noticias\/author\/admin\/#author"},"creator":{"@id":"https:\/\/www.eldigitaldeasturias.com\/noticias\/author\/admin\/#author"},"image":{"@type":"ImageObject","url":"https:\/\/www.eldigitaldeasturias.com\/noticias\/wp-content\/uploads\/2016\/02\/fotonoticia_20160223150034_800.jpg","@id":"https:\/\/www.eldigitaldeasturias.com\/noticias\/activado-el-protocolo-por-contaminacion-atmosferica-en-el-area-de-barcelona\/#mainImage","width":800,"height":600},"primaryImageOfPage":{"@id":"https:\/\/www.eldigitaldeasturias.com\/noticias\/activado-el-protocolo-por-contaminacion-atmosferica-en-el-area-de-barcelona\/#mainImage"},"datePublished":"2016-02-23T18:48:41+01:00","dateModified":"2016-02-23T18:48:41+01:00"},{"@type":"WebSite","@id":"https:\/\/www.eldigitaldeasturias.com\/noticias\/#website","url":"https:\/\/www.eldigitaldeasturias.com\/noticias\/","name":"El Digital de Asturias - Diario de actualidad y noticias","alternateName":"El Digital de Asturias - Diario de actualidad y noticias","description":"Hemeroteca","inLanguage":"es-ES","publisher":{"@id":"https:\/\/www.eldigitaldeasturias.com\/noticias\/#organization"}}]},"og:locale":"es_ES","og:site_name":"El Digital de Asturias","og:type":"article","og:title":"Activado el protocolo por contaminaci\u00f3n atmosf\u00e9rica en el \u00e1rea de Barcelona - El Digital de Asturias","og:description":"La Conselleria de Territorio y Sostenibilidad de la Generalitat ha activado el protocolo por contaminaci\u00f3n atmosf\u00e9rica en 40 municipios del \u00e1rea metropolitana de Barcelona, ha informado en un comunicado este martes. La medida, prevista dentro del Plan de Mejora de la Calidad del Aire, se ha tomado a causa de &quot;una invasi\u00f3n de polvo africano","og:url":"https:\/\/www.eldigitaldeasturias.com\/noticias\/activado-el-protocolo-por-contaminacion-atmosferica-en-el-area-de-barcelona\/","og:image":"https:\/\/www.eldigitaldeasturias.com\/noticias\/wp-content\/uploads\/2016\/02\/fotonoticia_20160223150034_800.jpg","og:image:secure_url":"https:\/\/www.eldigitaldeasturias.com\/noticias\/wp-content\/uploads\/2016\/02\/fotonoticia_20160223150034_800.jpg","og:image:width":800,"og:image:height":600,"article:tag":["sociedad"],"article:published_time":"2016-02-23T18:48:41+00:00","article:modified_time":"2016-02-23T18:48:41+00:00","article:publisher":"https:\/\/facebook.com\/eldigitaldeasturias","twitter:card":"summary_large_image","twitter:title":"Activado el protocolo por contaminaci\u00f3n atmosf\u00e9rica en el \u00e1rea de Barcelona - El Digital de Asturias","twitter:description":"La Conselleria de Territorio y Sostenibilidad de la Generalitat ha activado el protocolo por contaminaci\u00f3n atmosf\u00e9rica en 40 municipios del \u00e1rea metropolitana de Barcelona, ha informado en un comunicado este martes. La medida, prevista dentro del Plan de Mejora de la Calidad del Aire, se ha tomado a causa de &quot;una invasi\u00f3n de polvo africano","twitter:image":"https:\/\/www.eldigitaldeasturias.com\/noticias\/wp-content\/uploads\/2016\/02\/fotonoticia_20160223150034_800.jpg","twitter:label1":"Escrito por","twitter:data1":"El Digital de Asturias","twitter:label2":"Tiempo de lectura estimado","twitter:data2":"1 minuto"},"aioseo_meta_data":{"post_id":"861382","title":null,"description":null,"keywords":null,"keyphrases":null,"primary_term":null,"canonical_url":null,"og_title":null,"og_description":null,"og_object_type":"default","og_image_type":"default","og_image_url":null,"og_image_width":null,"og_image_height":null,"og_image_custom_url":null,"og_image_custom_fields":null,"og_video":null,"og_custom_url":null,"og_article_section":null,"og_article_tags":null,"twitter_use_og":false,"twitter_card":"default","twitter_image_type":"default","twitter_image_url":null,"twitter_image_custom_url":null,"twitter_image_custom_fields":null,"twitter_title":null,"twitter_description":null,"schema":{"blockGraphs":[],"customGraphs":[],"default":{"data":{"Article":[],"Course":[],"Dataset":[],"FAQPage":[],"Movie":[],"Person":[],"Product":[],"ProductReview":[],"Car":[],"Recipe":[],"Service":[],"SoftwareApplication":[],"WebPage":[]},"graphName":"","isEnabled":true},"graphs":[],"defaultGraph":"","defaultPostTypeGraph":""},"schema_type":null,"schema_type_options":null,"pillar_content":false,"robots_default":true,"robots_noindex":false,"robots_noarchive":false,"robots_nosnippet":false,"robots_nofollow":false,"robots_noimageindex":false,"robots_noodp":false,"robots_notranslate":false,"robots_max_snippet":null,"robots_max_videopreview":null,"robots_max_imagepreview":"large","priority":null,"frequency":null,"local_seo":null,"seo_analyzer_scan_date":"2025-12-10 21:03:13","breadcrumb_settings":null,"limit_modified_date":false,"open_ai":null,"ai":null,"created":"2021-01-22 03:55:19","updated":"2025-12-10 21:03:13"},"aioseo_breadcrumb":"<div class=\"aioseo-breadcrumbs\"><span class=\"aioseo-breadcrumb\">\n\t<a href=\"https:\/\/www.eldigitaldeasturias.com\/noticias\" title=\"Home\">Home<\/a>\n<\/span><span class=\"aioseo-breadcrumb-separator\">\u2013<\/span><span class=\"aioseo-breadcrumb\">\n\t<a href=\"https:\/\/www.eldigitaldeasturias.com\/noticias\/category\/sociedad\/\" title=\"Sociedad\">Sociedad<\/a>\n<\/span><span class=\"aioseo-breadcrumb-separator\">\u2013<\/span><span class=\"aioseo-breadcrumb\">\n\t<a href=\"https:\/\/www.eldigitaldeasturias.com\/noticias\/activado-el-protocolo-por-contaminacion-atmosferica-en-el-area-de-barcelona\/\" title=\"Activado el protocolo por contaminaci\u00f3n atmosf\u00e9rica en el \u00e1rea de Barcelona\">Activado el protocolo por contaminaci\u00f3n atmosf\u00e9rica en el \u00e1rea de Barcelona<\/a>\n<\/span><\/div>","aioseo_breadcrumb_json":[{"label":"Home","link":"https:\/\/www.eldigitaldeasturias.com\/noticias"},{"label":"Sociedad","link":"https:\/\/www.eldigitaldeasturias.com\/noticias\/category\/sociedad\/"},{"label":"Activado el protocolo por contaminaci\u00f3n atmosf\u00e9rica en el \u00e1rea de Barcelona","link":"https:\/\/www.eldigitaldeasturias.com\/noticias\/activado-el-protocolo-por-contaminacion-atmosferica-en-el-area-de-barcelona\/"}],"_links":{"self":[{"href":"https:\/\/www.eldigitaldeasturias.com\/noticias\/wp-json\/wp\/v2\/posts\/861382","targetHints":{"allow":["GET"]}}],"collection":[{"href":"https:\/\/www.eldigitaldeasturias.com\/noticias\/wp-json\/wp\/v2\/posts"}],"about":[{"href":"https:\/\/www.eldigitaldeasturias.com\/noticias\/wp-json\/wp\/v2\/types\/post"}],"author":[{"embeddable":true,"href":"https:\/\/www.eldigitaldeasturias.com\/noticias\/wp-json\/wp\/v2\/users\/1"}],"replies":[{"embeddable":true,"href":"https:\/\/www.eldigitaldeasturias.com\/noticias\/wp-json\/wp\/v2\/comments?post=861382"}],"version-history":[{"count":0,"href":"https:\/\/www.eldigitaldeasturias.com\/noticias\/wp-json\/wp\/v2\/posts\/861382\/revisions"}],"wp:featuredmedia":[{"embeddable":true,"href":"https:\/\/www.eldigitaldeasturias.com\/noticias\/wp-json\/wp\/v2\/media\/861383"}],"wp:attachment":[{"href":"https:\/\/www.eldigitaldeasturias.com\/noticias\/wp-json\/wp\/v2\/media?parent=861382"}],"wp:term":[{"taxonomy":"category","embeddable":true,"href":"https:\/\/www.eldigitaldeasturias.com\/noticias\/wp-json\/wp\/v2\/categories?post=861382"},{"taxonomy":"post_tag","embeddable":true,"href":"https:\/\/www.eldigitaldeasturias.com\/noticias\/wp-json\/wp\/v2\/tags?post=861382"}],"curies":[{"name":"wp","href":"https:\/\/api.w.org\/{rel}","templated":true}]}}