{"id":861376,"date":"2016-02-23T18:45:34","date_gmt":"2016-02-23T18:45:34","guid":{"rendered":"http:\/\/www.eldigitaldeasturias.com\/noticias\/?p=861376"},"modified":"2016-02-23T18:45:34","modified_gmt":"2016-02-23T18:45:34","slug":"friz-prguda-la-comision-europea-no-avala-las-devoluciones-en-caliente","status":"publish","type":"post","link":"https:\/\/www.eldigitaldeasturias.com\/noticias\/friz-prguda-la-comision-europea-no-avala-las-devoluciones-en-caliente\/","title":{"rendered":"Friz-Prguda \u00abLa Comisi\u00f3n Europea no avala las devoluciones en caliente\u00bb"},"content":{"rendered":"<p><img loading=\"lazy\" decoding=\"async\" class=\"alignleft size-medium wp-image-861377\" src=\"https:\/\/www.eldigitaldeasturias.com\/noticias\/wp-content\/uploads\/2016\/02\/fotonoticia_20160223145531_800-212x320.jpg\" alt=\"fotonoticia_20160223145531_800\" width=\"212\" height=\"320\" srcset=\"https:\/\/www.eldigitaldeasturias.com\/noticias\/wp-content\/uploads\/2016\/02\/fotonoticia_20160223145531_800-212x320.jpg 212w, https:\/\/www.eldigitaldeasturias.com\/noticias\/wp-content\/uploads\/2016\/02\/fotonoticia_20160223145531_800-768x1158.jpg 768w, https:\/\/www.eldigitaldeasturias.com\/noticias\/wp-content\/uploads\/2016\/02\/fotonoticia_20160223145531_800-431x650.jpg 431w, https:\/\/www.eldigitaldeasturias.com\/noticias\/wp-content\/uploads\/2016\/02\/fotonoticia_20160223145531_800.jpg 800w\" sizes=\"auto, (max-width: 212px) 100vw, 212px\" \/>La representante del Alto Comisionado de Naciones Unidas para los Refugiados (ACNUR), Francesca Friz-Prguda, afirma que la Comisi\u00f3n Europea \u00abno avala\u00bb las devoluciones en caliente en las vallas de Ceuta y Melilla, sino el texto literal de la Ley de Extranjer\u00eda que introdujo el \u00abrechazo en frontera\u00bb, siempre que \u00e9ste se cumpla, porque recoge salvaguardas sobre protecci\u00f3n internacional.<\/p>\n<p>Seg\u00fan explica, la diferencia estriba en que la redacci\u00f3n que se introdujo con la reforma implica que ante un salto en grupo de la valla fronteriza, Espa\u00f1a, \u00aben cumplimiento de los acuerdos que ha suscrito en materia de Derechos Humanos y protecci\u00f3n internacional\u00bb debe tanto brindar la posibilidad de pedir asilo como acometer, si es el caso, \u00abun procedimiento de expulsi\u00f3n individualizado y con garant\u00edas\u00bb, algo que en una devoluci\u00f3n autom\u00e1tica y en grupo de inmigrantes no se cumple.<\/p>\n<p>En declaraciones a Europa Press, Friz-Prguda se refer\u00eda a la respuesta por escrito del comisario europeo de Interior, Dimitris Avramopoulus al grupo de Los Verdes, en la que afirmaba que la mencionada reforma espa\u00f1ola es compatible con el principio de no devoluci\u00f3n a un tercer pa\u00eds no seguro que establece la Directiva Europea de retorno.<\/p>\n<p>Su texto dec\u00eda que \u00abrevisten una importancia fundamental las salvaguardias contenidas en este &#8216;procedimiento especial&#8217; por lo que se refiere a la protecci\u00f3n internacional y a la posibilidad de solicitarla en los pasos fronterizos regulares\u00bb. \u00abAdem\u00e1s, la Comisi\u00f3n considera la reciente creaci\u00f3n en las fronteras de Ceuta y Melilla de oficinas en las que los nacionales de terceros pa\u00edses pueden presentar su solicitud de asilo un elemento positivo para garantizar el respeto del principio de no devoluci\u00f3n\u00bb, a\u00f1ad\u00eda.<\/p>\n<p>Friz-Prguda explica que \u00aben el momento en que la reforma de Extranjer\u00eda espa\u00f1ola introdujo esta salvaguarda, evidentemente se hizo perfectamente compatible con el derecho europeo\u00bb. \u00abOtra cosa es c\u00f3mo se aplica, porque tan importante es el texto de la ley como su aplicaci\u00f3n en la pr\u00e1ctica y en eso no entra la respuesta del comisario\u00bb, a\u00f1ade.<\/p>\n<p>En este sentido, incide en que las conocidas como devoluciones en caliente \u00abson absolutamente ilegales\u00bb pero no s\u00f3lo por ese principio de no devoluci\u00f3n, sino \u00abporque son en grupo\u00bb, es decir, no hay un procedimiento individualizado en el que cada persona tenga derecho a ser o\u00edda por la autoridad con asistencia de un abogado y pedir asilo si lo desea. \u00abLas devoluciones grupales son una de las prohibiciones m\u00e1s taxativas de la legislaci\u00f3n europea de Derechos Humanos\u00bb, ha sentenciado.<\/p>\n<p>Recuerda adem\u00e1s, los problemas que tienen determinados perfiles, como los ciudadanos de origen subsahariano entre quienes tambi\u00e9n hay potenciales solicitantes de asilo, para poder llegar a las oficinas en la frontera porque al carecer de documentaci\u00f3n en Marruecos, sus autoridades no les permiten cruzar a pie hasta el puesto espa\u00f1ol. Son estos perfiles los m\u00e1s frecuentes entre quienes tratan de acceder a la ciudad aut\u00f3noma saltando la valla.<\/p>\n<p>\u00abPREOCUPACI\u00d3N\u00bb POR LAS DEVOLUCIONES AUTOM\u00c1TICAS PESE A LA LEY<\/p>\n<p>De hecho, la Agencia de la ONU difundi\u00f3 un comunicado la pasada semana en relaci\u00f3n a un salto de la valla de Melilla que tuvo lugar el d\u00eda 18 de febrero y ante \u00abla posible devoluci\u00f3n autom\u00e1tica a Marruecos de un grupo de unas 10 personas de origen subsahariano\u00bb que \u00abhabr\u00edan quedado encaramadas a la valla tras un intento de salto por un grupo m\u00e1s numeroso\u00bb.<\/p>\n<p>\u00abACNUR expresa su preocupaci\u00f3n ante la posible devoluci\u00f3n inmediata a Marruecos de estas personas, sin antes llevar a cabo los tr\u00e1mites necesarios para identificarlas individualmente, comprobar sus posibles necesidades de protecci\u00f3n internacional y darles la oportunidad de ejercer su derecho a solicitar asilo, tal y como prev\u00e9 la normativa nacional, europea e internacional\u00bb, dec\u00eda el comunicado.<\/p>\n<p>Adem\u00e1s, llamaba la atenci\u00f3n \u00absobre la obligaci\u00f3n de respetar las garant\u00edas establecidas en el marco legal, nacional e internacional incluyendo la enmienda a la Ley de Extranjer\u00eda, aprobada el 12 de marzo 2015\u00bb que pasan por \u00abla identificaci\u00f3n individual de las personas y la comprobaci\u00f3n de sus posibles necesidades de protecci\u00f3n internacional, as\u00ed como la apertura de un expediente administrativo antes de proceder a su expulsi\u00f3n\u00bb.<\/p>\n","protected":false},"excerpt":{"rendered":"<p>La representante del Alto Comisionado de Naciones Unidas para los Refugiados (ACNUR), Francesca Friz-Prguda, afirma que la Comisi\u00f3n Europea \u00abno avala\u00bb las devoluciones en caliente en las vallas de Ceuta y Melilla, sino el texto literal de la Ley de Extranjer\u00eda que introdujo el \u00abrechazo en frontera\u00bb, siempre que \u00e9ste se cumpla, porque recoge salvaguardas [&hellip;]<\/p>\n","protected":false},"author":1,"featured_media":861377,"comment_status":"closed","ping_status":"closed","sticky":false,"template":"","format":"standard","meta":{"footnotes":""},"categories":[1],"tags":[],"class_list":["post-861376","post","type-post","status-publish","format-standard","has-post-thumbnail","hentry","category-actualidad"],"aioseo_notices":[],"aioseo_head":"\n\t\t<!-- All in One SEO Pro 4.9.6.2 - aioseo.com -->\n\t<meta name=\"description\" content=\"La representante del Alto Comisionado de Naciones Unidas para los Refugiados (ACNUR), Francesca Friz-Prguda, afirma que la Comisi\u00f3n Europea &quot;no avala&quot; las devoluciones en caliente en las vallas de Ceuta y Melilla, sino el texto literal de la Ley de Extranjer\u00eda que introdujo el &quot;rechazo en frontera&quot;, siempre que \u00e9ste se cumpla, porque recoge salvaguardas\" \/>\n\t<meta name=\"robots\" content=\"max-image-preview:large\" \/>\n\t<meta name=\"author\" content=\"El Digital de Asturias\"\/>\n\t<meta name=\"google-site-verification\" content=\"UA-38556648-1\" \/>\n\t<meta name=\"msvalidate.01\" content=\"7dfe9f3f1b24437ab69f4f2559babe99\" \/>\n\t<meta name=\"keywords\" content=\"actualidad\" \/>\n\t<link rel=\"canonical\" href=\"https:\/\/www.eldigitaldeasturias.com\/noticias\/friz-prguda-la-comision-europea-no-avala-las-devoluciones-en-caliente\/\" \/>\n\t<meta name=\"generator\" content=\"All in One SEO Pro (AIOSEO) 4.9.6.2\" \/>\n\t\t<meta property=\"og:locale\" content=\"es_ES\" \/>\n\t\t<meta property=\"og:site_name\" content=\"El Digital de Asturias\" \/>\n\t\t<meta property=\"og:type\" content=\"article\" \/>\n\t\t<meta property=\"og:title\" content=\"Friz-Prguda \u00abLa Comisi\u00f3n Europea no avala las devoluciones en caliente\u00bb - El Digital de Asturias\" \/>\n\t\t<meta property=\"og:description\" content=\"La representante del Alto Comisionado de Naciones Unidas para los Refugiados (ACNUR), Francesca Friz-Prguda, afirma que la Comisi\u00f3n Europea &quot;no avala&quot; las devoluciones en caliente en las vallas de Ceuta y Melilla, sino el texto literal de la Ley de Extranjer\u00eda que introdujo el &quot;rechazo en frontera&quot;, siempre que \u00e9ste se cumpla, porque recoge salvaguardas\" \/>\n\t\t<meta property=\"og:url\" content=\"https:\/\/www.eldigitaldeasturias.com\/noticias\/friz-prguda-la-comision-europea-no-avala-las-devoluciones-en-caliente\/\" \/>\n\t\t<meta property=\"og:image\" content=\"https:\/\/www.eldigitaldeasturias.com\/noticias\/wp-content\/uploads\/2016\/02\/fotonoticia_20160223145531_800.jpg\" \/>\n\t\t<meta property=\"og:image:secure_url\" content=\"https:\/\/www.eldigitaldeasturias.com\/noticias\/wp-content\/uploads\/2016\/02\/fotonoticia_20160223145531_800.jpg\" \/>\n\t\t<meta property=\"og:image:width\" content=\"800\" \/>\n\t\t<meta property=\"og:image:height\" content=\"1206\" \/>\n\t\t<meta property=\"article:tag\" content=\"actualidad\" \/>\n\t\t<meta property=\"article:published_time\" content=\"2016-02-23T18:45:34+00:00\" \/>\n\t\t<meta property=\"article:modified_time\" content=\"2016-02-23T18:45:34+00:00\" \/>\n\t\t<meta property=\"article:publisher\" content=\"https:\/\/facebook.com\/eldigitaldeasturias\" \/>\n\t\t<meta name=\"twitter:card\" content=\"summary_large_image\" \/>\n\t\t<meta name=\"twitter:title\" content=\"Friz-Prguda \u00abLa Comisi\u00f3n Europea no avala las devoluciones en caliente\u00bb - El Digital de Asturias\" \/>\n\t\t<meta name=\"twitter:description\" content=\"La representante del Alto Comisionado de Naciones Unidas para los Refugiados (ACNUR), Francesca Friz-Prguda, afirma que la Comisi\u00f3n Europea &quot;no avala&quot; las devoluciones en caliente en las vallas de Ceuta y Melilla, sino el texto literal de la Ley de Extranjer\u00eda que introdujo el &quot;rechazo en frontera&quot;, siempre que \u00e9ste se cumpla, porque recoge salvaguardas\" \/>\n\t\t<meta name=\"twitter:image\" content=\"https:\/\/www.eldigitaldeasturias.com\/noticias\/wp-content\/uploads\/2016\/02\/fotonoticia_20160223145531_800.jpg\" \/>\n\t\t<meta name=\"twitter:label1\" content=\"Escrito por\" \/>\n\t\t<meta name=\"twitter:data1\" content=\"El Digital de Asturias\" \/>\n\t\t<meta name=\"twitter:label2\" content=\"Tiempo de lectura estimado\" \/>\n\t\t<meta name=\"twitter:data2\" content=\"4 minutos\" \/>\n\t\t<script type=\"application\/ld+json\" class=\"aioseo-schema\">\n\t\t\t{\"@context\":\"https:\\\/\\\/schema.org\",\"@graph\":[{\"@type\":\"BlogPosting\",\"@id\":\"https:\\\/\\\/www.eldigitaldeasturias.com\\\/noticias\\\/friz-prguda-la-comision-europea-no-avala-las-devoluciones-en-caliente\\\/#blogposting\",\"name\":\"Friz-Prguda \\u00abLa Comisi\\u00f3n Europea no avala las devoluciones en caliente\\u00bb - El Digital de Asturias\",\"headline\":\"Friz-Prguda \\u00abLa Comisi\\u00f3n Europea no avala las devoluciones en caliente\\u00bb\",\"author\":{\"@id\":\"https:\\\/\\\/www.eldigitaldeasturias.com\\\/noticias\\\/author\\\/admin\\\/#author\"},\"publisher\":{\"@id\":\"https:\\\/\\\/www.eldigitaldeasturias.com\\\/noticias\\\/#organization\"},\"image\":{\"@type\":\"ImageObject\",\"url\":\"https:\\\/\\\/www.eldigitaldeasturias.com\\\/noticias\\\/wp-content\\\/uploads\\\/2016\\\/02\\\/fotonoticia_20160223145531_800.jpg\",\"width\":800,\"height\":1206},\"datePublished\":\"2016-02-23T18:45:34+01:00\",\"dateModified\":\"2016-02-23T18:45:34+01:00\",\"inLanguage\":\"es-ES\",\"mainEntityOfPage\":{\"@id\":\"https:\\\/\\\/www.eldigitaldeasturias.com\\\/noticias\\\/friz-prguda-la-comision-europea-no-avala-las-devoluciones-en-caliente\\\/#webpage\"},\"isPartOf\":{\"@id\":\"https:\\\/\\\/www.eldigitaldeasturias.com\\\/noticias\\\/friz-prguda-la-comision-europea-no-avala-las-devoluciones-en-caliente\\\/#webpage\"},\"articleSection\":\"Actualidad\"},{\"@type\":\"BreadcrumbList\",\"@id\":\"https:\\\/\\\/www.eldigitaldeasturias.com\\\/noticias\\\/friz-prguda-la-comision-europea-no-avala-las-devoluciones-en-caliente\\\/#breadcrumblist\",\"itemListElement\":[{\"@type\":\"ListItem\",\"@id\":\"https:\\\/\\\/www.eldigitaldeasturias.com\\\/noticias#listItem\",\"position\":1,\"name\":\"Home\",\"item\":\"https:\\\/\\\/www.eldigitaldeasturias.com\\\/noticias\",\"nextItem\":{\"@type\":\"ListItem\",\"@id\":\"https:\\\/\\\/www.eldigitaldeasturias.com\\\/noticias\\\/category\\\/actualidad\\\/#listItem\",\"name\":\"Actualidad\"}},{\"@type\":\"ListItem\",\"@id\":\"https:\\\/\\\/www.eldigitaldeasturias.com\\\/noticias\\\/category\\\/actualidad\\\/#listItem\",\"position\":2,\"name\":\"Actualidad\",\"item\":\"https:\\\/\\\/www.eldigitaldeasturias.com\\\/noticias\\\/category\\\/actualidad\\\/\",\"nextItem\":{\"@type\":\"ListItem\",\"@id\":\"https:\\\/\\\/www.eldigitaldeasturias.com\\\/noticias\\\/friz-prguda-la-comision-europea-no-avala-las-devoluciones-en-caliente\\\/#listItem\",\"name\":\"Friz-Prguda \\u00abLa Comisi\\u00f3n Europea no avala las devoluciones en caliente\\u00bb\"},\"previousItem\":{\"@type\":\"ListItem\",\"@id\":\"https:\\\/\\\/www.eldigitaldeasturias.com\\\/noticias#listItem\",\"name\":\"Home\"}},{\"@type\":\"ListItem\",\"@id\":\"https:\\\/\\\/www.eldigitaldeasturias.com\\\/noticias\\\/friz-prguda-la-comision-europea-no-avala-las-devoluciones-en-caliente\\\/#listItem\",\"position\":3,\"name\":\"Friz-Prguda \\u00abLa Comisi\\u00f3n Europea no avala las devoluciones en caliente\\u00bb\",\"previousItem\":{\"@type\":\"ListItem\",\"@id\":\"https:\\\/\\\/www.eldigitaldeasturias.com\\\/noticias\\\/category\\\/actualidad\\\/#listItem\",\"name\":\"Actualidad\"}}]},{\"@type\":\"Organization\",\"@id\":\"https:\\\/\\\/www.eldigitaldeasturias.com\\\/noticias\\\/#organization\",\"name\":\"El Digital de Asturias\",\"description\":\"Hemeroteca\",\"url\":\"https:\\\/\\\/www.eldigitaldeasturias.com\\\/noticias\\\/\",\"email\":\"info@eldigitaldeasturias.com\",\"telephone\":\"+34652131393\",\"logo\":{\"@type\":\"ImageObject\",\"url\":\"https:\\\/\\\/www.eldigitaldeasturias.com\\\/noticias\\\/wp-content\\\/uploads\\\/2020\\\/12\\\/EDA.jpg\",\"@id\":\"https:\\\/\\\/www.eldigitaldeasturias.com\\\/noticias\\\/friz-prguda-la-comision-europea-no-avala-las-devoluciones-en-caliente\\\/#organizationLogo\",\"width\":649,\"height\":297},\"image\":{\"@id\":\"https:\\\/\\\/www.eldigitaldeasturias.com\\\/noticias\\\/friz-prguda-la-comision-europea-no-avala-las-devoluciones-en-caliente\\\/#organizationLogo\"},\"sameAs\":[\"https:\\\/\\\/facebook.com\\\/eldigitaldeasturias\",\"https:\\\/\\\/www.youtube.com\\\/channel\\\/UCZP-2wLEB9Rv6erhFmqVnvg\"],\"address\":{\"@id\":\"https:\\\/\\\/www.eldigitaldeasturias.com\\\/noticias\\\/#postaladdress\",\"@type\":\"PostalAddress\",\"streetAddress\":\"san antonio 4,\",\"postalCode\":\"33430\",\"addressLocality\":\"Cand\\u00e1s\",\"addressRegion\":\"Asturias\",\"addressCountry\":\"ES\"}},{\"@type\":\"Person\",\"@id\":\"https:\\\/\\\/www.eldigitaldeasturias.com\\\/noticias\\\/author\\\/admin\\\/#author\",\"url\":\"https:\\\/\\\/www.eldigitaldeasturias.com\\\/noticias\\\/author\\\/admin\\\/\",\"name\":\"El Digital de Asturias\",\"image\":{\"@type\":\"ImageObject\",\"@id\":\"https:\\\/\\\/www.eldigitaldeasturias.com\\\/noticias\\\/friz-prguda-la-comision-europea-no-avala-las-devoluciones-en-caliente\\\/#authorImage\",\"url\":\"https:\\\/\\\/www.eldigitaldeasturias.com\\\/noticias\\\/wp-content\\\/litespeed\\\/avatar\\\/18677e78aa0546b92d9dbf31ec7d7668.jpg?ver=1777290358\",\"width\":96,\"height\":96,\"caption\":\"El Digital de Asturias\"}},{\"@type\":\"WebPage\",\"@id\":\"https:\\\/\\\/www.eldigitaldeasturias.com\\\/noticias\\\/friz-prguda-la-comision-europea-no-avala-las-devoluciones-en-caliente\\\/#webpage\",\"url\":\"https:\\\/\\\/www.eldigitaldeasturias.com\\\/noticias\\\/friz-prguda-la-comision-europea-no-avala-las-devoluciones-en-caliente\\\/\",\"name\":\"Friz-Prguda \\u00abLa Comisi\\u00f3n Europea no avala las devoluciones en caliente\\u00bb - El Digital de Asturias\",\"description\":\"La representante del Alto Comisionado de Naciones Unidas para los Refugiados (ACNUR), Francesca Friz-Prguda, afirma que la Comisi\\u00f3n Europea \\\"no avala\\\" las devoluciones en caliente en las vallas de Ceuta y Melilla, sino el texto literal de la Ley de Extranjer\\u00eda que introdujo el \\\"rechazo en frontera\\\", siempre que \\u00e9ste se cumpla, porque recoge salvaguardas\",\"inLanguage\":\"es-ES\",\"isPartOf\":{\"@id\":\"https:\\\/\\\/www.eldigitaldeasturias.com\\\/noticias\\\/#website\"},\"breadcrumb\":{\"@id\":\"https:\\\/\\\/www.eldigitaldeasturias.com\\\/noticias\\\/friz-prguda-la-comision-europea-no-avala-las-devoluciones-en-caliente\\\/#breadcrumblist\"},\"author\":{\"@id\":\"https:\\\/\\\/www.eldigitaldeasturias.com\\\/noticias\\\/author\\\/admin\\\/#author\"},\"creator\":{\"@id\":\"https:\\\/\\\/www.eldigitaldeasturias.com\\\/noticias\\\/author\\\/admin\\\/#author\"},\"image\":{\"@type\":\"ImageObject\",\"url\":\"https:\\\/\\\/www.eldigitaldeasturias.com\\\/noticias\\\/wp-content\\\/uploads\\\/2016\\\/02\\\/fotonoticia_20160223145531_800.jpg\",\"@id\":\"https:\\\/\\\/www.eldigitaldeasturias.com\\\/noticias\\\/friz-prguda-la-comision-europea-no-avala-las-devoluciones-en-caliente\\\/#mainImage\",\"width\":800,\"height\":1206},\"primaryImageOfPage\":{\"@id\":\"https:\\\/\\\/www.eldigitaldeasturias.com\\\/noticias\\\/friz-prguda-la-comision-europea-no-avala-las-devoluciones-en-caliente\\\/#mainImage\"},\"datePublished\":\"2016-02-23T18:45:34+01:00\",\"dateModified\":\"2016-02-23T18:45:34+01:00\"},{\"@type\":\"WebSite\",\"@id\":\"https:\\\/\\\/www.eldigitaldeasturias.com\\\/noticias\\\/#website\",\"url\":\"https:\\\/\\\/www.eldigitaldeasturias.com\\\/noticias\\\/\",\"name\":\"El Digital de Asturias - Diario de actualidad y noticias\",\"alternateName\":\"El Digital de Asturias - Diario de actualidad y noticias\",\"description\":\"Hemeroteca\",\"inLanguage\":\"es-ES\",\"publisher\":{\"@id\":\"https:\\\/\\\/www.eldigitaldeasturias.com\\\/noticias\\\/#organization\"}}]}\n\t\t<\/script>\n\t\t<!-- All in One SEO Pro -->\r\n\t\t<title>Friz-Prguda \u00abLa Comisi\u00f3n Europea no avala las devoluciones en caliente\u00bb - El Digital de Asturias<\/title>\n\n","aioseo_head_json":{"title":"Friz-Prguda \u00abLa Comisi\u00f3n Europea no avala las devoluciones en caliente\u00bb - El Digital de Asturias","description":"La representante del Alto Comisionado de Naciones Unidas para los Refugiados (ACNUR), Francesca Friz-Prguda, afirma que la Comisi\u00f3n Europea \"no avala\" las devoluciones en caliente en las vallas de Ceuta y Melilla, sino el texto literal de la Ley de Extranjer\u00eda que introdujo el \"rechazo en frontera\", siempre que \u00e9ste se cumpla, porque recoge salvaguardas","canonical_url":"https:\/\/www.eldigitaldeasturias.com\/noticias\/friz-prguda-la-comision-europea-no-avala-las-devoluciones-en-caliente\/","robots":"max-image-preview:large","keywords":"actualidad","webmasterTools":{"google-site-verification":"UA-38556648-1","msvalidate.01":"7dfe9f3f1b24437ab69f4f2559babe99","miscellaneous":""},"schema":{"@context":"https:\/\/schema.org","@graph":[{"@type":"BlogPosting","@id":"https:\/\/www.eldigitaldeasturias.com\/noticias\/friz-prguda-la-comision-europea-no-avala-las-devoluciones-en-caliente\/#blogposting","name":"Friz-Prguda \u00abLa Comisi\u00f3n Europea no avala las devoluciones en caliente\u00bb - El Digital de Asturias","headline":"Friz-Prguda \u00abLa Comisi\u00f3n Europea no avala las devoluciones en caliente\u00bb","author":{"@id":"https:\/\/www.eldigitaldeasturias.com\/noticias\/author\/admin\/#author"},"publisher":{"@id":"https:\/\/www.eldigitaldeasturias.com\/noticias\/#organization"},"image":{"@type":"ImageObject","url":"https:\/\/www.eldigitaldeasturias.com\/noticias\/wp-content\/uploads\/2016\/02\/fotonoticia_20160223145531_800.jpg","width":800,"height":1206},"datePublished":"2016-02-23T18:45:34+01:00","dateModified":"2016-02-23T18:45:34+01:00","inLanguage":"es-ES","mainEntityOfPage":{"@id":"https:\/\/www.eldigitaldeasturias.com\/noticias\/friz-prguda-la-comision-europea-no-avala-las-devoluciones-en-caliente\/#webpage"},"isPartOf":{"@id":"https:\/\/www.eldigitaldeasturias.com\/noticias\/friz-prguda-la-comision-europea-no-avala-las-devoluciones-en-caliente\/#webpage"},"articleSection":"Actualidad"},{"@type":"BreadcrumbList","@id":"https:\/\/www.eldigitaldeasturias.com\/noticias\/friz-prguda-la-comision-europea-no-avala-las-devoluciones-en-caliente\/#breadcrumblist","itemListElement":[{"@type":"ListItem","@id":"https:\/\/www.eldigitaldeasturias.com\/noticias#listItem","position":1,"name":"Home","item":"https:\/\/www.eldigitaldeasturias.com\/noticias","nextItem":{"@type":"ListItem","@id":"https:\/\/www.eldigitaldeasturias.com\/noticias\/category\/actualidad\/#listItem","name":"Actualidad"}},{"@type":"ListItem","@id":"https:\/\/www.eldigitaldeasturias.com\/noticias\/category\/actualidad\/#listItem","position":2,"name":"Actualidad","item":"https:\/\/www.eldigitaldeasturias.com\/noticias\/category\/actualidad\/","nextItem":{"@type":"ListItem","@id":"https:\/\/www.eldigitaldeasturias.com\/noticias\/friz-prguda-la-comision-europea-no-avala-las-devoluciones-en-caliente\/#listItem","name":"Friz-Prguda \u00abLa Comisi\u00f3n Europea no avala las devoluciones en caliente\u00bb"},"previousItem":{"@type":"ListItem","@id":"https:\/\/www.eldigitaldeasturias.com\/noticias#listItem","name":"Home"}},{"@type":"ListItem","@id":"https:\/\/www.eldigitaldeasturias.com\/noticias\/friz-prguda-la-comision-europea-no-avala-las-devoluciones-en-caliente\/#listItem","position":3,"name":"Friz-Prguda \u00abLa Comisi\u00f3n Europea no avala las devoluciones en caliente\u00bb","previousItem":{"@type":"ListItem","@id":"https:\/\/www.eldigitaldeasturias.com\/noticias\/category\/actualidad\/#listItem","name":"Actualidad"}}]},{"@type":"Organization","@id":"https:\/\/www.eldigitaldeasturias.com\/noticias\/#organization","name":"El Digital de Asturias","description":"Hemeroteca","url":"https:\/\/www.eldigitaldeasturias.com\/noticias\/","email":"info@eldigitaldeasturias.com","telephone":"+34652131393","logo":{"@type":"ImageObject","url":"https:\/\/www.eldigitaldeasturias.com\/noticias\/wp-content\/uploads\/2020\/12\/EDA.jpg","@id":"https:\/\/www.eldigitaldeasturias.com\/noticias\/friz-prguda-la-comision-europea-no-avala-las-devoluciones-en-caliente\/#organizationLogo","width":649,"height":297},"image":{"@id":"https:\/\/www.eldigitaldeasturias.com\/noticias\/friz-prguda-la-comision-europea-no-avala-las-devoluciones-en-caliente\/#organizationLogo"},"sameAs":["https:\/\/facebook.com\/eldigitaldeasturias","https:\/\/www.youtube.com\/channel\/UCZP-2wLEB9Rv6erhFmqVnvg"],"address":{"@id":"https:\/\/www.eldigitaldeasturias.com\/noticias\/#postaladdress","@type":"PostalAddress","streetAddress":"san antonio 4,","postalCode":"33430","addressLocality":"Cand\u00e1s","addressRegion":"Asturias","addressCountry":"ES"}},{"@type":"Person","@id":"https:\/\/www.eldigitaldeasturias.com\/noticias\/author\/admin\/#author","url":"https:\/\/www.eldigitaldeasturias.com\/noticias\/author\/admin\/","name":"El Digital de Asturias","image":{"@type":"ImageObject","@id":"https:\/\/www.eldigitaldeasturias.com\/noticias\/friz-prguda-la-comision-europea-no-avala-las-devoluciones-en-caliente\/#authorImage","url":"https:\/\/www.eldigitaldeasturias.com\/noticias\/wp-content\/litespeed\/avatar\/18677e78aa0546b92d9dbf31ec7d7668.jpg?ver=1777290358","width":96,"height":96,"caption":"El Digital de Asturias"}},{"@type":"WebPage","@id":"https:\/\/www.eldigitaldeasturias.com\/noticias\/friz-prguda-la-comision-europea-no-avala-las-devoluciones-en-caliente\/#webpage","url":"https:\/\/www.eldigitaldeasturias.com\/noticias\/friz-prguda-la-comision-europea-no-avala-las-devoluciones-en-caliente\/","name":"Friz-Prguda \u00abLa Comisi\u00f3n Europea no avala las devoluciones en caliente\u00bb - El Digital de Asturias","description":"La representante del Alto Comisionado de Naciones Unidas para los Refugiados (ACNUR), Francesca Friz-Prguda, afirma que la Comisi\u00f3n Europea \"no avala\" las devoluciones en caliente en las vallas de Ceuta y Melilla, sino el texto literal de la Ley de Extranjer\u00eda que introdujo el \"rechazo en frontera\", siempre que \u00e9ste se cumpla, porque recoge salvaguardas","inLanguage":"es-ES","isPartOf":{"@id":"https:\/\/www.eldigitaldeasturias.com\/noticias\/#website"},"breadcrumb":{"@id":"https:\/\/www.eldigitaldeasturias.com\/noticias\/friz-prguda-la-comision-europea-no-avala-las-devoluciones-en-caliente\/#breadcrumblist"},"author":{"@id":"https:\/\/www.eldigitaldeasturias.com\/noticias\/author\/admin\/#author"},"creator":{"@id":"https:\/\/www.eldigitaldeasturias.com\/noticias\/author\/admin\/#author"},"image":{"@type":"ImageObject","url":"https:\/\/www.eldigitaldeasturias.com\/noticias\/wp-content\/uploads\/2016\/02\/fotonoticia_20160223145531_800.jpg","@id":"https:\/\/www.eldigitaldeasturias.com\/noticias\/friz-prguda-la-comision-europea-no-avala-las-devoluciones-en-caliente\/#mainImage","width":800,"height":1206},"primaryImageOfPage":{"@id":"https:\/\/www.eldigitaldeasturias.com\/noticias\/friz-prguda-la-comision-europea-no-avala-las-devoluciones-en-caliente\/#mainImage"},"datePublished":"2016-02-23T18:45:34+01:00","dateModified":"2016-02-23T18:45:34+01:00"},{"@type":"WebSite","@id":"https:\/\/www.eldigitaldeasturias.com\/noticias\/#website","url":"https:\/\/www.eldigitaldeasturias.com\/noticias\/","name":"El Digital de Asturias - Diario de actualidad y noticias","alternateName":"El Digital de Asturias - Diario de actualidad y noticias","description":"Hemeroteca","inLanguage":"es-ES","publisher":{"@id":"https:\/\/www.eldigitaldeasturias.com\/noticias\/#organization"}}]},"og:locale":"es_ES","og:site_name":"El Digital de Asturias","og:type":"article","og:title":"Friz-Prguda \u00abLa Comisi\u00f3n Europea no avala las devoluciones en caliente\u00bb - El Digital de Asturias","og:description":"La representante del Alto Comisionado de Naciones Unidas para los Refugiados (ACNUR), Francesca Friz-Prguda, afirma que la Comisi\u00f3n Europea &quot;no avala&quot; las devoluciones en caliente en las vallas de Ceuta y Melilla, sino el texto literal de la Ley de Extranjer\u00eda que introdujo el &quot;rechazo en frontera&quot;, siempre que \u00e9ste se cumpla, porque recoge salvaguardas","og:url":"https:\/\/www.eldigitaldeasturias.com\/noticias\/friz-prguda-la-comision-europea-no-avala-las-devoluciones-en-caliente\/","og:image":"https:\/\/www.eldigitaldeasturias.com\/noticias\/wp-content\/uploads\/2016\/02\/fotonoticia_20160223145531_800.jpg","og:image:secure_url":"https:\/\/www.eldigitaldeasturias.com\/noticias\/wp-content\/uploads\/2016\/02\/fotonoticia_20160223145531_800.jpg","og:image:width":800,"og:image:height":1206,"article:tag":["actualidad"],"article:published_time":"2016-02-23T18:45:34+00:00","article:modified_time":"2016-02-23T18:45:34+00:00","article:publisher":"https:\/\/facebook.com\/eldigitaldeasturias","twitter:card":"summary_large_image","twitter:title":"Friz-Prguda \u00abLa Comisi\u00f3n Europea no avala las devoluciones en caliente\u00bb - El Digital de Asturias","twitter:description":"La representante del Alto Comisionado de Naciones Unidas para los Refugiados (ACNUR), Francesca Friz-Prguda, afirma que la Comisi\u00f3n Europea &quot;no avala&quot; las devoluciones en caliente en las vallas de Ceuta y Melilla, sino el texto literal de la Ley de Extranjer\u00eda que introdujo el &quot;rechazo en frontera&quot;, siempre que \u00e9ste se cumpla, porque recoge salvaguardas","twitter:image":"https:\/\/www.eldigitaldeasturias.com\/noticias\/wp-content\/uploads\/2016\/02\/fotonoticia_20160223145531_800.jpg","twitter:label1":"Escrito por","twitter:data1":"El Digital de Asturias","twitter:label2":"Tiempo de lectura estimado","twitter:data2":"4 minutos"},"aioseo_meta_data":{"post_id":"861376","title":null,"description":null,"keywords":null,"keyphrases":null,"primary_term":null,"canonical_url":null,"og_title":null,"og_description":null,"og_object_type":"default","og_image_type":"default","og_image_url":null,"og_image_width":null,"og_image_height":null,"og_image_custom_url":null,"og_image_custom_fields":null,"og_video":null,"og_custom_url":null,"og_article_section":null,"og_article_tags":null,"twitter_use_og":false,"twitter_card":"default","twitter_image_type":"default","twitter_image_url":null,"twitter_image_custom_url":null,"twitter_image_custom_fields":null,"twitter_title":null,"twitter_description":null,"schema":{"blockGraphs":[],"customGraphs":[],"default":{"data":{"Article":[],"Course":[],"Dataset":[],"FAQPage":[],"Movie":[],"Person":[],"Product":[],"ProductReview":[],"Car":[],"Recipe":[],"Service":[],"SoftwareApplication":[],"WebPage":[]},"graphName":"","isEnabled":true},"graphs":[],"defaultGraph":"","defaultPostTypeGraph":""},"schema_type":null,"schema_type_options":null,"pillar_content":false,"robots_default":true,"robots_noindex":false,"robots_noarchive":false,"robots_nosnippet":false,"robots_nofollow":false,"robots_noimageindex":false,"robots_noodp":false,"robots_notranslate":false,"robots_max_snippet":null,"robots_max_videopreview":null,"robots_max_imagepreview":"large","priority":null,"frequency":null,"local_seo":null,"seo_analyzer_scan_date":"2025-12-10 21:01:27","breadcrumb_settings":null,"limit_modified_date":false,"open_ai":null,"ai":null,"created":"2021-01-23 15:01:13","updated":"2025-12-10 21:01:27"},"aioseo_breadcrumb":"<div class=\"aioseo-breadcrumbs\"><span class=\"aioseo-breadcrumb\">\n\t<a href=\"https:\/\/www.eldigitaldeasturias.com\/noticias\" title=\"Home\">Home<\/a>\n<\/span><span class=\"aioseo-breadcrumb-separator\">\u2013<\/span><span class=\"aioseo-breadcrumb\">\n\t<a href=\"https:\/\/www.eldigitaldeasturias.com\/noticias\/category\/actualidad\/\" title=\"Actualidad\">Actualidad<\/a>\n<\/span><span class=\"aioseo-breadcrumb-separator\">\u2013<\/span><span class=\"aioseo-breadcrumb\">\n\t<a href=\"https:\/\/www.eldigitaldeasturias.com\/noticias\/friz-prguda-la-comision-europea-no-avala-las-devoluciones-en-caliente\/\" title=\"Friz-Prguda \u00abLa Comisi\u00f3n Europea no avala las devoluciones en caliente\u00bb\">Friz-Prguda \u00abLa Comisi\u00f3n Europea no avala las devoluciones en caliente\u00bb<\/a>\n<\/span><\/div>","aioseo_breadcrumb_json":[{"label":"Home","link":"https:\/\/www.eldigitaldeasturias.com\/noticias"},{"label":"Actualidad","link":"https:\/\/www.eldigitaldeasturias.com\/noticias\/category\/actualidad\/"},{"label":"Friz-Prguda \u00abLa Comisi\u00f3n Europea no avala las devoluciones en caliente\u00bb","link":"https:\/\/www.eldigitaldeasturias.com\/noticias\/friz-prguda-la-comision-europea-no-avala-las-devoluciones-en-caliente\/"}],"_links":{"self":[{"href":"https:\/\/www.eldigitaldeasturias.com\/noticias\/wp-json\/wp\/v2\/posts\/861376","targetHints":{"allow":["GET"]}}],"collection":[{"href":"https:\/\/www.eldigitaldeasturias.com\/noticias\/wp-json\/wp\/v2\/posts"}],"about":[{"href":"https:\/\/www.eldigitaldeasturias.com\/noticias\/wp-json\/wp\/v2\/types\/post"}],"author":[{"embeddable":true,"href":"https:\/\/www.eldigitaldeasturias.com\/noticias\/wp-json\/wp\/v2\/users\/1"}],"replies":[{"embeddable":true,"href":"https:\/\/www.eldigitaldeasturias.com\/noticias\/wp-json\/wp\/v2\/comments?post=861376"}],"version-history":[{"count":0,"href":"https:\/\/www.eldigitaldeasturias.com\/noticias\/wp-json\/wp\/v2\/posts\/861376\/revisions"}],"wp:featuredmedia":[{"embeddable":true,"href":"https:\/\/www.eldigitaldeasturias.com\/noticias\/wp-json\/wp\/v2\/media\/861377"}],"wp:attachment":[{"href":"https:\/\/www.eldigitaldeasturias.com\/noticias\/wp-json\/wp\/v2\/media?parent=861376"}],"wp:term":[{"taxonomy":"category","embeddable":true,"href":"https:\/\/www.eldigitaldeasturias.com\/noticias\/wp-json\/wp\/v2\/categories?post=861376"},{"taxonomy":"post_tag","embeddable":true,"href":"https:\/\/www.eldigitaldeasturias.com\/noticias\/wp-json\/wp\/v2\/tags?post=861376"}],"curies":[{"name":"wp","href":"https:\/\/api.w.org\/{rel}","templated":true}]}}