{"id":861373,"date":"2016-02-23T18:33:48","date_gmt":"2016-02-23T18:33:48","guid":{"rendered":"http:\/\/www.eldigitaldeasturias.com\/noticias\/?p=861373"},"modified":"2016-02-23T18:33:48","modified_gmt":"2016-02-23T18:33:48","slug":"ministerio-y-junta-se-reuniran-para-tratar-el-derribo-de-el-algarrobico","status":"publish","type":"post","link":"https:\/\/www.eldigitaldeasturias.com\/noticias\/ministerio-y-junta-se-reuniran-para-tratar-el-derribo-de-el-algarrobico\/","title":{"rendered":"Ministerio y Junta se reunir\u00e1n para tratar el derribo de El Algarrobico"},"content":{"rendered":"<p><img loading=\"lazy\" decoding=\"async\" class=\"alignleft size-medium wp-image-861374\" src=\"https:\/\/www.eldigitaldeasturias.com\/noticias\/wp-content\/uploads\/2016\/02\/fotonoticia_20160223134931_800-360x212.jpg\" alt=\"fotonoticia_20160223134931_800\" width=\"360\" height=\"212\" srcset=\"https:\/\/www.eldigitaldeasturias.com\/noticias\/wp-content\/uploads\/2016\/02\/fotonoticia_20160223134931_800-360x212.jpg 360w, https:\/\/www.eldigitaldeasturias.com\/noticias\/wp-content\/uploads\/2016\/02\/fotonoticia_20160223134931_800-768x451.jpg 768w, https:\/\/www.eldigitaldeasturias.com\/noticias\/wp-content\/uploads\/2016\/02\/fotonoticia_20160223134931_800-650x382.jpg 650w, https:\/\/www.eldigitaldeasturias.com\/noticias\/wp-content\/uploads\/2016\/02\/fotonoticia_20160223134931_800-195x115.jpg 195w, https:\/\/www.eldigitaldeasturias.com\/noticias\/wp-content\/uploads\/2016\/02\/fotonoticia_20160223134931_800.jpg 800w\" sizes=\"auto, (max-width: 360px) 100vw, 360px\" \/>La ministra de Agricultura, Alimentaci\u00f3n y Medio Ambiente en funciones, Isabel Garc\u00eda Tejerina, se reunir\u00e1 el pr\u00f3ximo lunes, 29 de febrero, a las 17.00 horas, con el consejero de Medio Ambiente de la Junta de Andaluc\u00eda, Jos\u00e9 Fiscal, para abordar las cuestiones relativas a la demolici\u00f3n del hotel El Algarrobico (Almer\u00eda), seg\u00fan han confirmado a Europa Press fuentes ministeriales.<\/p>\n<p>El hotel se levanta en suelo \u00abno urbanizable\u00bb, seg\u00fan ha determinado la \u00faltima sentencia del Tribunal Supremo, de la semana pasada, que indica tambi\u00e9n que la edificaci\u00f3n deber\u00e1 retirarse y que el enclave deber\u00e1 recuperar su estado original.<\/p>\n<p>A finales de 2011, el entonces presidente de la Junta de Andaluc\u00eda, Jos\u00e9 Antonio Gri\u00f1\u00e1n, y la ministra de Medio Ambiente y Medio Rural y Marino (MARM) Rosa Aguilar, suscribieron un protocolo de colaboraci\u00f3n para demoler el hotel y recuperar la playa en Carboneras (Almer\u00eda), cuando hubiera un pronunciamiento judicial \u00abfavorable y firme\u00bb.<\/p>\n<p>Posteriormente, el ministro de Agricultura, Alimentaci\u00f3n y Medio Ambiente Miguel Arias Ca\u00f1ete ratific\u00f3 el acuerdo entre el Ejecutivo y la administraci\u00f3n auton\u00f3mica para acometer de forma conjunta dicho proyecto, que seg\u00fan una valoraci\u00f3n realizada por Tragsa tendr\u00e1 un coste de 7,17 millones de euros.<\/p>\n<p>Este martes, la actual ministra en funciones ha explicado en declaraciones a Radio Nacional recogidas por Europa Press ha indicado que en la reuni\u00f3n con Fiscal se estudiar\u00e1 la sentencia del alto tribunal y se iniciar\u00e1n los tr\u00e1mites para derribar el hotel \u00aben el menor plazo posible\u00bb y que todos los espa\u00f1oles \u00abtengan la garant\u00eda de que nunca m\u00e1s se va a producir un desastre como este\u00bb.<\/p>\n<p>La ministra ha reiterado, asimismo, el compromiso adquirido por el Ministerio de colaborar en la recuperaci\u00f3n ambiental del espacio protegido pese a que la sentencia hace alusi\u00f3n a competencias auton\u00f3micas y municipales.<\/p>\n<p>\u00abHab\u00eda un compromiso de que si finalmente los tribunales permit\u00edan deshacerse del Algarrobico nosotros participar\u00edamos y participaremos en devolver al estado ambiental anterior esta zona y el consejero ya sabe que nosotros participaremos en ello\u00bb, ha indicado la titular de Medio Ambiente.<\/p>\n<p>Asimismo, Tejerina ha recordado que la nueva ley de Costas aprobada por el Gobierno de Mariano Rajoy incluye la \u00ab&#8216;cl\u00e1usula anti-algarrobico'\u00bb que permite a la administraci\u00f3n del Estado que, cuando una licencia municipal infringe la ley, se pueda suspender; con la nueva ley nunca m\u00e1s se va a producir una situaci\u00f3n como la del Algarrobico\u00bb.<\/p>\n","protected":false},"excerpt":{"rendered":"<p>La ministra de Agricultura, Alimentaci\u00f3n y Medio Ambiente en funciones, Isabel Garc\u00eda Tejerina, se reunir\u00e1 el pr\u00f3ximo lunes, 29 de febrero, a las 17.00 horas, con el consejero de Medio Ambiente de la Junta de Andaluc\u00eda, Jos\u00e9 Fiscal, para abordar las cuestiones relativas a la demolici\u00f3n del hotel El Algarrobico (Almer\u00eda), seg\u00fan han confirmado a [&hellip;]<\/p>\n","protected":false},"author":1,"featured_media":861374,"comment_status":"closed","ping_status":"closed","sticky":false,"template":"","format":"standard","meta":{"footnotes":""},"categories":[28],"tags":[],"class_list":["post-861373","post","type-post","status-publish","format-standard","has-post-thumbnail","hentry","category-sociedad"],"aioseo_notices":[],"aioseo_head":"\n\t\t<!-- All in One SEO Pro 4.9.6.2 - aioseo.com -->\n\t<meta name=\"description\" content=\"La ministra de Agricultura, Alimentaci\u00f3n y Medio Ambiente en funciones, Isabel Garc\u00eda Tejerina, se reunir\u00e1 el pr\u00f3ximo lunes, 29 de febrero, a las 17.00 horas, con el consejero de Medio Ambiente de la Junta de Andaluc\u00eda, Jos\u00e9 Fiscal, para abordar las cuestiones relativas a la demolici\u00f3n del hotel El Algarrobico (Almer\u00eda), seg\u00fan han confirmado a\" \/>\n\t<meta name=\"robots\" content=\"max-image-preview:large\" \/>\n\t<meta name=\"author\" content=\"El Digital de Asturias\"\/>\n\t<meta name=\"google-site-verification\" content=\"UA-38556648-1\" \/>\n\t<meta name=\"msvalidate.01\" content=\"7dfe9f3f1b24437ab69f4f2559babe99\" \/>\n\t<meta name=\"keywords\" content=\"sociedad\" \/>\n\t<link rel=\"canonical\" href=\"https:\/\/www.eldigitaldeasturias.com\/noticias\/ministerio-y-junta-se-reuniran-para-tratar-el-derribo-de-el-algarrobico\/\" \/>\n\t<meta name=\"generator\" content=\"All in One SEO Pro (AIOSEO) 4.9.6.2\" \/>\n\t\t<meta property=\"og:locale\" content=\"es_ES\" \/>\n\t\t<meta property=\"og:site_name\" content=\"El Digital de Asturias\" \/>\n\t\t<meta property=\"og:type\" content=\"article\" \/>\n\t\t<meta property=\"og:title\" content=\"Ministerio y Junta se reunir\u00e1n para tratar el derribo de El Algarrobico - El Digital de Asturias\" \/>\n\t\t<meta property=\"og:description\" content=\"La ministra de Agricultura, Alimentaci\u00f3n y Medio Ambiente en funciones, Isabel Garc\u00eda Tejerina, se reunir\u00e1 el pr\u00f3ximo lunes, 29 de febrero, a las 17.00 horas, con el consejero de Medio Ambiente de la Junta de Andaluc\u00eda, Jos\u00e9 Fiscal, para abordar las cuestiones relativas a la demolici\u00f3n del hotel El Algarrobico (Almer\u00eda), seg\u00fan han confirmado a\" \/>\n\t\t<meta property=\"og:url\" content=\"https:\/\/www.eldigitaldeasturias.com\/noticias\/ministerio-y-junta-se-reuniran-para-tratar-el-derribo-de-el-algarrobico\/\" \/>\n\t\t<meta property=\"og:image\" content=\"https:\/\/www.eldigitaldeasturias.com\/noticias\/wp-content\/uploads\/2016\/02\/fotonoticia_20160223134931_800.jpg\" \/>\n\t\t<meta property=\"og:image:secure_url\" content=\"https:\/\/www.eldigitaldeasturias.com\/noticias\/wp-content\/uploads\/2016\/02\/fotonoticia_20160223134931_800.jpg\" \/>\n\t\t<meta property=\"og:image:width\" content=\"800\" \/>\n\t\t<meta property=\"og:image:height\" content=\"470\" \/>\n\t\t<meta property=\"article:tag\" content=\"sociedad\" \/>\n\t\t<meta property=\"article:published_time\" content=\"2016-02-23T18:33:48+00:00\" \/>\n\t\t<meta property=\"article:modified_time\" content=\"2016-02-23T18:33:48+00:00\" \/>\n\t\t<meta property=\"article:publisher\" content=\"https:\/\/facebook.com\/eldigitaldeasturias\" \/>\n\t\t<meta name=\"twitter:card\" content=\"summary_large_image\" \/>\n\t\t<meta name=\"twitter:title\" content=\"Ministerio y Junta se reunir\u00e1n para tratar el derribo de El Algarrobico - El Digital de Asturias\" \/>\n\t\t<meta name=\"twitter:description\" content=\"La ministra de Agricultura, Alimentaci\u00f3n y Medio Ambiente en funciones, Isabel Garc\u00eda Tejerina, se reunir\u00e1 el pr\u00f3ximo lunes, 29 de febrero, a las 17.00 horas, con el consejero de Medio Ambiente de la Junta de Andaluc\u00eda, Jos\u00e9 Fiscal, para abordar las cuestiones relativas a la demolici\u00f3n del hotel El Algarrobico (Almer\u00eda), seg\u00fan han confirmado a\" \/>\n\t\t<meta name=\"twitter:image\" content=\"https:\/\/www.eldigitaldeasturias.com\/noticias\/wp-content\/uploads\/2016\/02\/fotonoticia_20160223134931_800.jpg\" \/>\n\t\t<meta name=\"twitter:label1\" content=\"Escrito por\" \/>\n\t\t<meta name=\"twitter:data1\" content=\"El Digital de Asturias\" \/>\n\t\t<meta name=\"twitter:label2\" content=\"Tiempo de lectura estimado\" \/>\n\t\t<meta name=\"twitter:data2\" content=\"2 minutos\" \/>\n\t\t<script type=\"application\/ld+json\" class=\"aioseo-schema\">\n\t\t\t{\"@context\":\"https:\\\/\\\/schema.org\",\"@graph\":[{\"@type\":\"BlogPosting\",\"@id\":\"https:\\\/\\\/www.eldigitaldeasturias.com\\\/noticias\\\/ministerio-y-junta-se-reuniran-para-tratar-el-derribo-de-el-algarrobico\\\/#blogposting\",\"name\":\"Ministerio y Junta se reunir\\u00e1n para tratar el derribo de El Algarrobico - El Digital de Asturias\",\"headline\":\"Ministerio y Junta se reunir\\u00e1n para tratar el derribo de El Algarrobico\",\"author\":{\"@id\":\"https:\\\/\\\/www.eldigitaldeasturias.com\\\/noticias\\\/author\\\/admin\\\/#author\"},\"publisher\":{\"@id\":\"https:\\\/\\\/www.eldigitaldeasturias.com\\\/noticias\\\/#organization\"},\"image\":{\"@type\":\"ImageObject\",\"url\":\"https:\\\/\\\/www.eldigitaldeasturias.com\\\/noticias\\\/wp-content\\\/uploads\\\/2016\\\/02\\\/fotonoticia_20160223134931_800.jpg\",\"width\":800,\"height\":470},\"datePublished\":\"2016-02-23T18:33:48+01:00\",\"dateModified\":\"2016-02-23T18:33:48+01:00\",\"inLanguage\":\"es-ES\",\"mainEntityOfPage\":{\"@id\":\"https:\\\/\\\/www.eldigitaldeasturias.com\\\/noticias\\\/ministerio-y-junta-se-reuniran-para-tratar-el-derribo-de-el-algarrobico\\\/#webpage\"},\"isPartOf\":{\"@id\":\"https:\\\/\\\/www.eldigitaldeasturias.com\\\/noticias\\\/ministerio-y-junta-se-reuniran-para-tratar-el-derribo-de-el-algarrobico\\\/#webpage\"},\"articleSection\":\"Sociedad\"},{\"@type\":\"BreadcrumbList\",\"@id\":\"https:\\\/\\\/www.eldigitaldeasturias.com\\\/noticias\\\/ministerio-y-junta-se-reuniran-para-tratar-el-derribo-de-el-algarrobico\\\/#breadcrumblist\",\"itemListElement\":[{\"@type\":\"ListItem\",\"@id\":\"https:\\\/\\\/www.eldigitaldeasturias.com\\\/noticias#listItem\",\"position\":1,\"name\":\"Home\",\"item\":\"https:\\\/\\\/www.eldigitaldeasturias.com\\\/noticias\",\"nextItem\":{\"@type\":\"ListItem\",\"@id\":\"https:\\\/\\\/www.eldigitaldeasturias.com\\\/noticias\\\/category\\\/sociedad\\\/#listItem\",\"name\":\"Sociedad\"}},{\"@type\":\"ListItem\",\"@id\":\"https:\\\/\\\/www.eldigitaldeasturias.com\\\/noticias\\\/category\\\/sociedad\\\/#listItem\",\"position\":2,\"name\":\"Sociedad\",\"item\":\"https:\\\/\\\/www.eldigitaldeasturias.com\\\/noticias\\\/category\\\/sociedad\\\/\",\"nextItem\":{\"@type\":\"ListItem\",\"@id\":\"https:\\\/\\\/www.eldigitaldeasturias.com\\\/noticias\\\/ministerio-y-junta-se-reuniran-para-tratar-el-derribo-de-el-algarrobico\\\/#listItem\",\"name\":\"Ministerio y Junta se reunir\\u00e1n para tratar el derribo de El Algarrobico\"},\"previousItem\":{\"@type\":\"ListItem\",\"@id\":\"https:\\\/\\\/www.eldigitaldeasturias.com\\\/noticias#listItem\",\"name\":\"Home\"}},{\"@type\":\"ListItem\",\"@id\":\"https:\\\/\\\/www.eldigitaldeasturias.com\\\/noticias\\\/ministerio-y-junta-se-reuniran-para-tratar-el-derribo-de-el-algarrobico\\\/#listItem\",\"position\":3,\"name\":\"Ministerio y Junta se reunir\\u00e1n para tratar el derribo de El Algarrobico\",\"previousItem\":{\"@type\":\"ListItem\",\"@id\":\"https:\\\/\\\/www.eldigitaldeasturias.com\\\/noticias\\\/category\\\/sociedad\\\/#listItem\",\"name\":\"Sociedad\"}}]},{\"@type\":\"Organization\",\"@id\":\"https:\\\/\\\/www.eldigitaldeasturias.com\\\/noticias\\\/#organization\",\"name\":\"El Digital de Asturias\",\"description\":\"Hemeroteca\",\"url\":\"https:\\\/\\\/www.eldigitaldeasturias.com\\\/noticias\\\/\",\"email\":\"info@eldigitaldeasturias.com\",\"telephone\":\"+34652131393\",\"logo\":{\"@type\":\"ImageObject\",\"url\":\"https:\\\/\\\/www.eldigitaldeasturias.com\\\/noticias\\\/wp-content\\\/uploads\\\/2020\\\/12\\\/EDA.jpg\",\"@id\":\"https:\\\/\\\/www.eldigitaldeasturias.com\\\/noticias\\\/ministerio-y-junta-se-reuniran-para-tratar-el-derribo-de-el-algarrobico\\\/#organizationLogo\",\"width\":649,\"height\":297},\"image\":{\"@id\":\"https:\\\/\\\/www.eldigitaldeasturias.com\\\/noticias\\\/ministerio-y-junta-se-reuniran-para-tratar-el-derribo-de-el-algarrobico\\\/#organizationLogo\"},\"sameAs\":[\"https:\\\/\\\/facebook.com\\\/eldigitaldeasturias\",\"https:\\\/\\\/www.youtube.com\\\/channel\\\/UCZP-2wLEB9Rv6erhFmqVnvg\"],\"address\":{\"@id\":\"https:\\\/\\\/www.eldigitaldeasturias.com\\\/noticias\\\/#postaladdress\",\"@type\":\"PostalAddress\",\"streetAddress\":\"san antonio 4,\",\"postalCode\":\"33430\",\"addressLocality\":\"Cand\\u00e1s\",\"addressRegion\":\"Asturias\",\"addressCountry\":\"ES\"}},{\"@type\":\"Person\",\"@id\":\"https:\\\/\\\/www.eldigitaldeasturias.com\\\/noticias\\\/author\\\/admin\\\/#author\",\"url\":\"https:\\\/\\\/www.eldigitaldeasturias.com\\\/noticias\\\/author\\\/admin\\\/\",\"name\":\"El Digital de Asturias\",\"image\":{\"@type\":\"ImageObject\",\"@id\":\"https:\\\/\\\/www.eldigitaldeasturias.com\\\/noticias\\\/ministerio-y-junta-se-reuniran-para-tratar-el-derribo-de-el-algarrobico\\\/#authorImage\",\"url\":\"https:\\\/\\\/www.eldigitaldeasturias.com\\\/noticias\\\/wp-content\\\/litespeed\\\/avatar\\\/18677e78aa0546b92d9dbf31ec7d7668.jpg?ver=1777290358\",\"width\":96,\"height\":96,\"caption\":\"El Digital de Asturias\"}},{\"@type\":\"WebPage\",\"@id\":\"https:\\\/\\\/www.eldigitaldeasturias.com\\\/noticias\\\/ministerio-y-junta-se-reuniran-para-tratar-el-derribo-de-el-algarrobico\\\/#webpage\",\"url\":\"https:\\\/\\\/www.eldigitaldeasturias.com\\\/noticias\\\/ministerio-y-junta-se-reuniran-para-tratar-el-derribo-de-el-algarrobico\\\/\",\"name\":\"Ministerio y Junta se reunir\\u00e1n para tratar el derribo de El Algarrobico - El Digital de Asturias\",\"description\":\"La ministra de Agricultura, Alimentaci\\u00f3n y Medio Ambiente en funciones, Isabel Garc\\u00eda Tejerina, se reunir\\u00e1 el pr\\u00f3ximo lunes, 29 de febrero, a las 17.00 horas, con el consejero de Medio Ambiente de la Junta de Andaluc\\u00eda, Jos\\u00e9 Fiscal, para abordar las cuestiones relativas a la demolici\\u00f3n del hotel El Algarrobico (Almer\\u00eda), seg\\u00fan han confirmado a\",\"inLanguage\":\"es-ES\",\"isPartOf\":{\"@id\":\"https:\\\/\\\/www.eldigitaldeasturias.com\\\/noticias\\\/#website\"},\"breadcrumb\":{\"@id\":\"https:\\\/\\\/www.eldigitaldeasturias.com\\\/noticias\\\/ministerio-y-junta-se-reuniran-para-tratar-el-derribo-de-el-algarrobico\\\/#breadcrumblist\"},\"author\":{\"@id\":\"https:\\\/\\\/www.eldigitaldeasturias.com\\\/noticias\\\/author\\\/admin\\\/#author\"},\"creator\":{\"@id\":\"https:\\\/\\\/www.eldigitaldeasturias.com\\\/noticias\\\/author\\\/admin\\\/#author\"},\"image\":{\"@type\":\"ImageObject\",\"url\":\"https:\\\/\\\/www.eldigitaldeasturias.com\\\/noticias\\\/wp-content\\\/uploads\\\/2016\\\/02\\\/fotonoticia_20160223134931_800.jpg\",\"@id\":\"https:\\\/\\\/www.eldigitaldeasturias.com\\\/noticias\\\/ministerio-y-junta-se-reuniran-para-tratar-el-derribo-de-el-algarrobico\\\/#mainImage\",\"width\":800,\"height\":470},\"primaryImageOfPage\":{\"@id\":\"https:\\\/\\\/www.eldigitaldeasturias.com\\\/noticias\\\/ministerio-y-junta-se-reuniran-para-tratar-el-derribo-de-el-algarrobico\\\/#mainImage\"},\"datePublished\":\"2016-02-23T18:33:48+01:00\",\"dateModified\":\"2016-02-23T18:33:48+01:00\"},{\"@type\":\"WebSite\",\"@id\":\"https:\\\/\\\/www.eldigitaldeasturias.com\\\/noticias\\\/#website\",\"url\":\"https:\\\/\\\/www.eldigitaldeasturias.com\\\/noticias\\\/\",\"name\":\"El Digital de Asturias - Diario de actualidad y noticias\",\"alternateName\":\"El Digital de Asturias - Diario de actualidad y noticias\",\"description\":\"Hemeroteca\",\"inLanguage\":\"es-ES\",\"publisher\":{\"@id\":\"https:\\\/\\\/www.eldigitaldeasturias.com\\\/noticias\\\/#organization\"}}]}\n\t\t<\/script>\n\t\t<!-- All in One SEO Pro -->\r\n\t\t<title>Ministerio y Junta se reunir\u00e1n para tratar el derribo de El Algarrobico - El Digital de Asturias<\/title>\n\n","aioseo_head_json":{"title":"Ministerio y Junta se reunir\u00e1n para tratar el derribo de El Algarrobico - El Digital de Asturias","description":"La ministra de Agricultura, Alimentaci\u00f3n y Medio Ambiente en funciones, Isabel Garc\u00eda Tejerina, se reunir\u00e1 el pr\u00f3ximo lunes, 29 de febrero, a las 17.00 horas, con el consejero de Medio Ambiente de la Junta de Andaluc\u00eda, Jos\u00e9 Fiscal, para abordar las cuestiones relativas a la demolici\u00f3n del hotel El Algarrobico (Almer\u00eda), seg\u00fan han confirmado a","canonical_url":"https:\/\/www.eldigitaldeasturias.com\/noticias\/ministerio-y-junta-se-reuniran-para-tratar-el-derribo-de-el-algarrobico\/","robots":"max-image-preview:large","keywords":"sociedad","webmasterTools":{"google-site-verification":"UA-38556648-1","msvalidate.01":"7dfe9f3f1b24437ab69f4f2559babe99","miscellaneous":""},"schema":{"@context":"https:\/\/schema.org","@graph":[{"@type":"BlogPosting","@id":"https:\/\/www.eldigitaldeasturias.com\/noticias\/ministerio-y-junta-se-reuniran-para-tratar-el-derribo-de-el-algarrobico\/#blogposting","name":"Ministerio y Junta se reunir\u00e1n para tratar el derribo de El Algarrobico - El Digital de Asturias","headline":"Ministerio y Junta se reunir\u00e1n para tratar el derribo de El Algarrobico","author":{"@id":"https:\/\/www.eldigitaldeasturias.com\/noticias\/author\/admin\/#author"},"publisher":{"@id":"https:\/\/www.eldigitaldeasturias.com\/noticias\/#organization"},"image":{"@type":"ImageObject","url":"https:\/\/www.eldigitaldeasturias.com\/noticias\/wp-content\/uploads\/2016\/02\/fotonoticia_20160223134931_800.jpg","width":800,"height":470},"datePublished":"2016-02-23T18:33:48+01:00","dateModified":"2016-02-23T18:33:48+01:00","inLanguage":"es-ES","mainEntityOfPage":{"@id":"https:\/\/www.eldigitaldeasturias.com\/noticias\/ministerio-y-junta-se-reuniran-para-tratar-el-derribo-de-el-algarrobico\/#webpage"},"isPartOf":{"@id":"https:\/\/www.eldigitaldeasturias.com\/noticias\/ministerio-y-junta-se-reuniran-para-tratar-el-derribo-de-el-algarrobico\/#webpage"},"articleSection":"Sociedad"},{"@type":"BreadcrumbList","@id":"https:\/\/www.eldigitaldeasturias.com\/noticias\/ministerio-y-junta-se-reuniran-para-tratar-el-derribo-de-el-algarrobico\/#breadcrumblist","itemListElement":[{"@type":"ListItem","@id":"https:\/\/www.eldigitaldeasturias.com\/noticias#listItem","position":1,"name":"Home","item":"https:\/\/www.eldigitaldeasturias.com\/noticias","nextItem":{"@type":"ListItem","@id":"https:\/\/www.eldigitaldeasturias.com\/noticias\/category\/sociedad\/#listItem","name":"Sociedad"}},{"@type":"ListItem","@id":"https:\/\/www.eldigitaldeasturias.com\/noticias\/category\/sociedad\/#listItem","position":2,"name":"Sociedad","item":"https:\/\/www.eldigitaldeasturias.com\/noticias\/category\/sociedad\/","nextItem":{"@type":"ListItem","@id":"https:\/\/www.eldigitaldeasturias.com\/noticias\/ministerio-y-junta-se-reuniran-para-tratar-el-derribo-de-el-algarrobico\/#listItem","name":"Ministerio y Junta se reunir\u00e1n para tratar el derribo de El Algarrobico"},"previousItem":{"@type":"ListItem","@id":"https:\/\/www.eldigitaldeasturias.com\/noticias#listItem","name":"Home"}},{"@type":"ListItem","@id":"https:\/\/www.eldigitaldeasturias.com\/noticias\/ministerio-y-junta-se-reuniran-para-tratar-el-derribo-de-el-algarrobico\/#listItem","position":3,"name":"Ministerio y Junta se reunir\u00e1n para tratar el derribo de El Algarrobico","previousItem":{"@type":"ListItem","@id":"https:\/\/www.eldigitaldeasturias.com\/noticias\/category\/sociedad\/#listItem","name":"Sociedad"}}]},{"@type":"Organization","@id":"https:\/\/www.eldigitaldeasturias.com\/noticias\/#organization","name":"El Digital de Asturias","description":"Hemeroteca","url":"https:\/\/www.eldigitaldeasturias.com\/noticias\/","email":"info@eldigitaldeasturias.com","telephone":"+34652131393","logo":{"@type":"ImageObject","url":"https:\/\/www.eldigitaldeasturias.com\/noticias\/wp-content\/uploads\/2020\/12\/EDA.jpg","@id":"https:\/\/www.eldigitaldeasturias.com\/noticias\/ministerio-y-junta-se-reuniran-para-tratar-el-derribo-de-el-algarrobico\/#organizationLogo","width":649,"height":297},"image":{"@id":"https:\/\/www.eldigitaldeasturias.com\/noticias\/ministerio-y-junta-se-reuniran-para-tratar-el-derribo-de-el-algarrobico\/#organizationLogo"},"sameAs":["https:\/\/facebook.com\/eldigitaldeasturias","https:\/\/www.youtube.com\/channel\/UCZP-2wLEB9Rv6erhFmqVnvg"],"address":{"@id":"https:\/\/www.eldigitaldeasturias.com\/noticias\/#postaladdress","@type":"PostalAddress","streetAddress":"san antonio 4,","postalCode":"33430","addressLocality":"Cand\u00e1s","addressRegion":"Asturias","addressCountry":"ES"}},{"@type":"Person","@id":"https:\/\/www.eldigitaldeasturias.com\/noticias\/author\/admin\/#author","url":"https:\/\/www.eldigitaldeasturias.com\/noticias\/author\/admin\/","name":"El Digital de Asturias","image":{"@type":"ImageObject","@id":"https:\/\/www.eldigitaldeasturias.com\/noticias\/ministerio-y-junta-se-reuniran-para-tratar-el-derribo-de-el-algarrobico\/#authorImage","url":"https:\/\/www.eldigitaldeasturias.com\/noticias\/wp-content\/litespeed\/avatar\/18677e78aa0546b92d9dbf31ec7d7668.jpg?ver=1777290358","width":96,"height":96,"caption":"El Digital de Asturias"}},{"@type":"WebPage","@id":"https:\/\/www.eldigitaldeasturias.com\/noticias\/ministerio-y-junta-se-reuniran-para-tratar-el-derribo-de-el-algarrobico\/#webpage","url":"https:\/\/www.eldigitaldeasturias.com\/noticias\/ministerio-y-junta-se-reuniran-para-tratar-el-derribo-de-el-algarrobico\/","name":"Ministerio y Junta se reunir\u00e1n para tratar el derribo de El Algarrobico - El Digital de Asturias","description":"La ministra de Agricultura, Alimentaci\u00f3n y Medio Ambiente en funciones, Isabel Garc\u00eda Tejerina, se reunir\u00e1 el pr\u00f3ximo lunes, 29 de febrero, a las 17.00 horas, con el consejero de Medio Ambiente de la Junta de Andaluc\u00eda, Jos\u00e9 Fiscal, para abordar las cuestiones relativas a la demolici\u00f3n del hotel El Algarrobico (Almer\u00eda), seg\u00fan han confirmado a","inLanguage":"es-ES","isPartOf":{"@id":"https:\/\/www.eldigitaldeasturias.com\/noticias\/#website"},"breadcrumb":{"@id":"https:\/\/www.eldigitaldeasturias.com\/noticias\/ministerio-y-junta-se-reuniran-para-tratar-el-derribo-de-el-algarrobico\/#breadcrumblist"},"author":{"@id":"https:\/\/www.eldigitaldeasturias.com\/noticias\/author\/admin\/#author"},"creator":{"@id":"https:\/\/www.eldigitaldeasturias.com\/noticias\/author\/admin\/#author"},"image":{"@type":"ImageObject","url":"https:\/\/www.eldigitaldeasturias.com\/noticias\/wp-content\/uploads\/2016\/02\/fotonoticia_20160223134931_800.jpg","@id":"https:\/\/www.eldigitaldeasturias.com\/noticias\/ministerio-y-junta-se-reuniran-para-tratar-el-derribo-de-el-algarrobico\/#mainImage","width":800,"height":470},"primaryImageOfPage":{"@id":"https:\/\/www.eldigitaldeasturias.com\/noticias\/ministerio-y-junta-se-reuniran-para-tratar-el-derribo-de-el-algarrobico\/#mainImage"},"datePublished":"2016-02-23T18:33:48+01:00","dateModified":"2016-02-23T18:33:48+01:00"},{"@type":"WebSite","@id":"https:\/\/www.eldigitaldeasturias.com\/noticias\/#website","url":"https:\/\/www.eldigitaldeasturias.com\/noticias\/","name":"El Digital de Asturias - Diario de actualidad y noticias","alternateName":"El Digital de Asturias - Diario de actualidad y noticias","description":"Hemeroteca","inLanguage":"es-ES","publisher":{"@id":"https:\/\/www.eldigitaldeasturias.com\/noticias\/#organization"}}]},"og:locale":"es_ES","og:site_name":"El Digital de Asturias","og:type":"article","og:title":"Ministerio y Junta se reunir\u00e1n para tratar el derribo de El Algarrobico - El Digital de Asturias","og:description":"La ministra de Agricultura, Alimentaci\u00f3n y Medio Ambiente en funciones, Isabel Garc\u00eda Tejerina, se reunir\u00e1 el pr\u00f3ximo lunes, 29 de febrero, a las 17.00 horas, con el consejero de Medio Ambiente de la Junta de Andaluc\u00eda, Jos\u00e9 Fiscal, para abordar las cuestiones relativas a la demolici\u00f3n del hotel El Algarrobico (Almer\u00eda), seg\u00fan han confirmado a","og:url":"https:\/\/www.eldigitaldeasturias.com\/noticias\/ministerio-y-junta-se-reuniran-para-tratar-el-derribo-de-el-algarrobico\/","og:image":"https:\/\/www.eldigitaldeasturias.com\/noticias\/wp-content\/uploads\/2016\/02\/fotonoticia_20160223134931_800.jpg","og:image:secure_url":"https:\/\/www.eldigitaldeasturias.com\/noticias\/wp-content\/uploads\/2016\/02\/fotonoticia_20160223134931_800.jpg","og:image:width":800,"og:image:height":470,"article:tag":["sociedad"],"article:published_time":"2016-02-23T18:33:48+00:00","article:modified_time":"2016-02-23T18:33:48+00:00","article:publisher":"https:\/\/facebook.com\/eldigitaldeasturias","twitter:card":"summary_large_image","twitter:title":"Ministerio y Junta se reunir\u00e1n para tratar el derribo de El Algarrobico - El Digital de Asturias","twitter:description":"La ministra de Agricultura, Alimentaci\u00f3n y Medio Ambiente en funciones, Isabel Garc\u00eda Tejerina, se reunir\u00e1 el pr\u00f3ximo lunes, 29 de febrero, a las 17.00 horas, con el consejero de Medio Ambiente de la Junta de Andaluc\u00eda, Jos\u00e9 Fiscal, para abordar las cuestiones relativas a la demolici\u00f3n del hotel El Algarrobico (Almer\u00eda), seg\u00fan han confirmado a","twitter:image":"https:\/\/www.eldigitaldeasturias.com\/noticias\/wp-content\/uploads\/2016\/02\/fotonoticia_20160223134931_800.jpg","twitter:label1":"Escrito por","twitter:data1":"El Digital de Asturias","twitter:label2":"Tiempo de lectura estimado","twitter:data2":"2 minutos"},"aioseo_meta_data":{"post_id":"861373","title":null,"description":null,"keywords":null,"keyphrases":null,"primary_term":null,"canonical_url":null,"og_title":null,"og_description":null,"og_object_type":"default","og_image_type":"default","og_image_url":null,"og_image_width":null,"og_image_height":null,"og_image_custom_url":null,"og_image_custom_fields":null,"og_video":null,"og_custom_url":null,"og_article_section":null,"og_article_tags":null,"twitter_use_og":false,"twitter_card":"default","twitter_image_type":"default","twitter_image_url":null,"twitter_image_custom_url":null,"twitter_image_custom_fields":null,"twitter_title":null,"twitter_description":null,"schema":{"blockGraphs":[],"customGraphs":[],"default":{"data":{"Article":[],"Course":[],"Dataset":[],"FAQPage":[],"Movie":[],"Person":[],"Product":[],"ProductReview":[],"Car":[],"Recipe":[],"Service":[],"SoftwareApplication":[],"WebPage":[]},"graphName":"","isEnabled":true},"graphs":[],"defaultGraph":"","defaultPostTypeGraph":""},"schema_type":null,"schema_type_options":null,"pillar_content":false,"robots_default":true,"robots_noindex":false,"robots_noarchive":false,"robots_nosnippet":false,"robots_nofollow":false,"robots_noimageindex":false,"robots_noodp":false,"robots_notranslate":false,"robots_max_snippet":null,"robots_max_videopreview":null,"robots_max_imagepreview":"large","priority":null,"frequency":null,"local_seo":null,"seo_analyzer_scan_date":"2025-12-10 21:01:25","breadcrumb_settings":null,"limit_modified_date":false,"open_ai":null,"ai":null,"created":"2021-01-23 15:01:13","updated":"2025-12-10 21:01:25"},"aioseo_breadcrumb":"<div class=\"aioseo-breadcrumbs\"><span class=\"aioseo-breadcrumb\">\n\t<a href=\"https:\/\/www.eldigitaldeasturias.com\/noticias\" title=\"Home\">Home<\/a>\n<\/span><span class=\"aioseo-breadcrumb-separator\">\u2013<\/span><span class=\"aioseo-breadcrumb\">\n\t<a href=\"https:\/\/www.eldigitaldeasturias.com\/noticias\/category\/sociedad\/\" title=\"Sociedad\">Sociedad<\/a>\n<\/span><span class=\"aioseo-breadcrumb-separator\">\u2013<\/span><span class=\"aioseo-breadcrumb\">\n\t<a href=\"https:\/\/www.eldigitaldeasturias.com\/noticias\/ministerio-y-junta-se-reuniran-para-tratar-el-derribo-de-el-algarrobico\/\" title=\"Ministerio y Junta se reunir\u00e1n para tratar el derribo de El Algarrobico\">Ministerio y Junta se reunir\u00e1n para tratar el derribo de El Algarrobico<\/a>\n<\/span><\/div>","aioseo_breadcrumb_json":[{"label":"Home","link":"https:\/\/www.eldigitaldeasturias.com\/noticias"},{"label":"Sociedad","link":"https:\/\/www.eldigitaldeasturias.com\/noticias\/category\/sociedad\/"},{"label":"Ministerio y Junta se reunir\u00e1n para tratar el derribo de El Algarrobico","link":"https:\/\/www.eldigitaldeasturias.com\/noticias\/ministerio-y-junta-se-reuniran-para-tratar-el-derribo-de-el-algarrobico\/"}],"_links":{"self":[{"href":"https:\/\/www.eldigitaldeasturias.com\/noticias\/wp-json\/wp\/v2\/posts\/861373","targetHints":{"allow":["GET"]}}],"collection":[{"href":"https:\/\/www.eldigitaldeasturias.com\/noticias\/wp-json\/wp\/v2\/posts"}],"about":[{"href":"https:\/\/www.eldigitaldeasturias.com\/noticias\/wp-json\/wp\/v2\/types\/post"}],"author":[{"embeddable":true,"href":"https:\/\/www.eldigitaldeasturias.com\/noticias\/wp-json\/wp\/v2\/users\/1"}],"replies":[{"embeddable":true,"href":"https:\/\/www.eldigitaldeasturias.com\/noticias\/wp-json\/wp\/v2\/comments?post=861373"}],"version-history":[{"count":0,"href":"https:\/\/www.eldigitaldeasturias.com\/noticias\/wp-json\/wp\/v2\/posts\/861373\/revisions"}],"wp:featuredmedia":[{"embeddable":true,"href":"https:\/\/www.eldigitaldeasturias.com\/noticias\/wp-json\/wp\/v2\/media\/861374"}],"wp:attachment":[{"href":"https:\/\/www.eldigitaldeasturias.com\/noticias\/wp-json\/wp\/v2\/media?parent=861373"}],"wp:term":[{"taxonomy":"category","embeddable":true,"href":"https:\/\/www.eldigitaldeasturias.com\/noticias\/wp-json\/wp\/v2\/categories?post=861373"},{"taxonomy":"post_tag","embeddable":true,"href":"https:\/\/www.eldigitaldeasturias.com\/noticias\/wp-json\/wp\/v2\/tags?post=861373"}],"curies":[{"name":"wp","href":"https:\/\/api.w.org\/{rel}","templated":true}]}}