{"id":861370,"date":"2016-02-23T18:32:01","date_gmt":"2016-02-23T18:32:01","guid":{"rendered":"http:\/\/www.eldigitaldeasturias.com\/noticias\/?p=861370"},"modified":"2016-02-23T18:32:01","modified_gmt":"2016-02-23T18:32:01","slug":"los-accesos-del-madrid-arena-estaban-cerrados-con-candados","status":"publish","type":"post","link":"https:\/\/www.eldigitaldeasturias.com\/noticias\/los-accesos-del-madrid-arena-estaban-cerrados-con-candados\/","title":{"rendered":"Los accesos del Madrid Arena estaban cerrados con candados"},"content":{"rendered":"<p><img loading=\"lazy\" decoding=\"async\" class=\"alignleft size-medium wp-image-861371\" src=\"https:\/\/www.eldigitaldeasturias.com\/noticias\/wp-content\/uploads\/2016\/02\/fotonoticia_20160223134837_800-360x240.jpg\" alt=\"fotonoticia_20160223134837_800\" width=\"360\" height=\"240\" srcset=\"https:\/\/www.eldigitaldeasturias.com\/noticias\/wp-content\/uploads\/2016\/02\/fotonoticia_20160223134837_800-360x240.jpg 360w, https:\/\/www.eldigitaldeasturias.com\/noticias\/wp-content\/uploads\/2016\/02\/fotonoticia_20160223134837_800-768x513.jpg 768w, https:\/\/www.eldigitaldeasturias.com\/noticias\/wp-content\/uploads\/2016\/02\/fotonoticia_20160223134837_800-650x434.jpg 650w, https:\/\/www.eldigitaldeasturias.com\/noticias\/wp-content\/uploads\/2016\/02\/fotonoticia_20160223134837_800-84x55.jpg 84w, https:\/\/www.eldigitaldeasturias.com\/noticias\/wp-content\/uploads\/2016\/02\/fotonoticia_20160223134837_800-49x32.jpg 49w, https:\/\/www.eldigitaldeasturias.com\/noticias\/wp-content\/uploads\/2016\/02\/fotonoticia_20160223134837_800.jpg 800w\" sizes=\"auto, (max-width: 360px) 100vw, 360px\" \/>El joven que llev\u00f3 a la enfermer\u00eda a la joven fallecida en el Madrid Arena Katia Esteban, Pablo Estrada, ha asegurado este martes durante su declaraci\u00f3n que la traslad\u00f3 hasta la enfermer\u00eda y que la dej\u00f3 en el suelo porque se lo dijo \u00abun hombre con traje y canoso\u00bb que hab\u00eda dentro del botiqu\u00edn, pero que no vio a nadie que atendiera a la joven, que falleci\u00f3 tras ser aplastada en la avalancha.<\/p>\n<p>As\u00ed lo ha afirmado Estrada en la Sala Cero de la Audiencia Provincial de Madrid, donde tambi\u00e9n ha asegurado que antes de acudir a la enfermer\u00eda realiz\u00f3 la reanimaci\u00f3n cardiopulmonar a Esteban. En la enfermer\u00eda pudo ver \u00aba una chica sentada en una camilla y a un chico con sangre en la cara\u00bb, ambos lesionados de la avalancha. Estrada se qued\u00f3 fuera de la enfermer\u00eda.<\/p>\n<p>El testigo ha relatado que cuando consigui\u00f3 salir, intent\u00f3 ayudar a personas a liberarse de la avalancha. Entonces vio a \u00abvarias chicas en el suelo\u00bb, y las intent\u00f3 levantar.<\/p>\n<p>ACCESOS CERRADOS<\/p>\n<p>Tambi\u00e9n ha testificado Marina M\u00e1rquez, quien ha indicado que al lado del vomitorio en el que se produjo la avalancha hab\u00eda accesos cerrados con candados. \u00abTanto el lado izquierdo como el derecho estaban cerrados\u00bb, ha afirmado. Respecto a c\u00f3mo se produjo la avalancha, ha asegurado que la gente que estaba en la pista principal se volc\u00f3 hacia ellos. M\u00e1rquez se qued\u00f3 en el inicio del vomitorio, al lado de la pared, junto a una amiga \u00aby el resto del cuerpo totalmente aplastado\u00bb.<\/p>\n<p>No recuerda el tiempo exacto en el que estuvo aprisionada en la avalancha, pero fue liberada por asistentes a la fiesta. Una vez sali\u00f3 del vomitorio, el personal de Seguridad le dijo que se alejaran de all\u00ed. M\u00e1rquez ha se\u00f1alado que en el vomitorio \u00abhab\u00eda mucha agresividad por parte de la gente\u00bb. \u00abNo hab\u00eda compasi\u00f3n, ya que si te pisaban, mala suerte\u00bb, ha relatado la testigo.<\/p>\n<p>Marina M\u00e1rquez trabajaba en una tienda en la que se vend\u00edan entradas para la macrofiesta de Halloween del 1 de noviembre de 2012. Seg\u00fan ha se\u00f1alado eran \u00abuno o dos tacos\u00bb de 20 entradas cada uno. Adem\u00e1s ha indicado que las entradas se retiraron d\u00edas antes de la macrofiesta. Por su parte, Ana Peinado ha asegurado en su declaraci\u00f3n como testigo, &#8211;donde han primado los \u00abno recuerdo\u00bb&#8211;, que ella se qued\u00f3 con la entrada del festival, algo que le pareci\u00f3 \u00abraro\u00bb.<\/p>\n<p>\u00abPURO AZAR\u00bb<\/p>\n<p>Miguel Lorente, asistente a la fiesta que estuvo haciendo botell\u00f3n en las inmediaciones del Madrid Arena, ha se\u00f1alado que decidi\u00f3 salir por el vomitorio de la avalancha por \u00abpuro azar\u00bb.<\/p>\n<p>En contra de lo se\u00f1alado por M\u00e1rquez, Lorente ha afirmado que las entradas laterales de la pista s\u00ed estaban abiertas. Cuando estaban comenzando a salir, empez\u00f3 a notar empujones hasta que cay\u00f3 al suelo y fue liberado gracias a un asistente a la fiesta.<\/p>\n<p>Tras ayudar a algunas personas a abandonar el tap\u00f3n humano, Lorente acudi\u00f3 junto a sus amigos a una sala en la que estuvieron \u00abunos quince minutos\u00bb, y desde la que vieron pasar a miembros de Seguridad que llevaban a \u00abchicas desmayadas\u00bb. Respecto a las entradas, ha indicado que tras cog\u00e9rsela un miembro de Seguridad para pasar al recinto, la echaron a una caja negra.<\/p>\n<p>Paula Jerez, tambi\u00e9n asistente a la macrofiesta, ha indicado que ella entr\u00f3 al recinto con una entrada individual, aunque sus amigos accedieron con una grupal \u00abpara unas ocho personas\u00bb. Ha afirmado que ni le registraron el bolso, ni le pidieron documentaci\u00f3n y cree recordar que tampoco le pidieron la entrada.<\/p>\n<p>\u00abCOMO ESTAR EN EL INFIERNO\u00bb<\/p>\n<p>Jerez ha dicho que era \u00abhorrible\u00bb la cantidad de personas que hab\u00eda en el pabell\u00f3n. Adem\u00e1s ha se\u00f1alado que en el vomitorio se qued\u00f3 \u00aben el medio\u00bb, aprisionada entre personas por delante y detr\u00e1s. \u00abEra como estar en el infierno, hab\u00eda zapatos por el suelo, gente chillando&#8230; era horroroso\u00bb, ha relatado la testigo.<\/p>\n<p>Una vez fuera de la avalancha, Jerez se quiso acercar a una joven que hab\u00eda visto en el suelo y dijo a miembros de Seguridad que ayudaran, \u00abque hab\u00eda gente muriendo\u00bb, y a ella le dijeron que se fuera de all\u00ed porque \u00abno pintaba nada\u00bb.<\/p>\n<p>En la sesi\u00f3n de este martes tambi\u00e9n ha testificado el que fuera novio de Carmen Rodr\u00edguez, amiga de tres de las fallecidas (Katia, Roc\u00edo y Cristina) , Daniel Mart\u00edn. El joven ha asegurado que decidieron salir de la pista porque la situaci\u00f3n era \u00abmuy agobiante\u00bb y acudieron al vomitorio \u00abagarrados como en medio c\u00edrculo\u00bb. En un momento dado, se vieron atrapados, sin posibilidad de salir. Fue entonces cuando \u00abla gente comenz\u00f3 a hundirse ya que no hab\u00eda espacio para apoyar los pies y andar de forma normal\u00bb.<\/p>\n<p>El testigo ha asegurado que sinti\u00f3 \u00abmucha presi\u00f3n\u00bb hasta que consigui\u00f3 ser liberado por un chico que estaba tambi\u00e9n en la avalancha. Carmen Rodr\u00edguez consigui\u00f3 salir \u00abun poco\u00bb, aunque se qued\u00f3 en la avalancha. Daniel Mart\u00edn ha confirmado que la puerta del lateral del vomitorio fue \u00abechada abajo\u00bb por todo el personal de la avalancha y que vio a personal con chaleco amarillo ayudando \u00abde manera muy descontrolada\u00bb.<\/p>\n","protected":false},"excerpt":{"rendered":"<p>El joven que llev\u00f3 a la enfermer\u00eda a la joven fallecida en el Madrid Arena Katia Esteban, Pablo Estrada, ha asegurado este martes durante su declaraci\u00f3n que la traslad\u00f3 hasta la enfermer\u00eda y que la dej\u00f3 en el suelo porque se lo dijo \u00abun hombre con traje y canoso\u00bb que hab\u00eda dentro del botiqu\u00edn, pero [&hellip;]<\/p>\n","protected":false},"author":1,"featured_media":861371,"comment_status":"closed","ping_status":"closed","sticky":false,"template":"","format":"standard","meta":{"footnotes":""},"categories":[1],"tags":[],"class_list":["post-861370","post","type-post","status-publish","format-standard","has-post-thumbnail","hentry","category-actualidad"],"aioseo_notices":[],"aioseo_head":"\n\t\t<!-- All in One SEO Pro 4.9.6.2 - aioseo.com -->\n\t<meta name=\"description\" content=\"El joven que llev\u00f3 a la enfermer\u00eda a la joven fallecida en el Madrid Arena Katia Esteban, Pablo Estrada, ha asegurado este martes durante su declaraci\u00f3n que la traslad\u00f3 hasta la enfermer\u00eda y que la dej\u00f3 en el suelo porque se lo dijo &quot;un hombre con traje y canoso&quot; que hab\u00eda dentro del botiqu\u00edn, pero\" \/>\n\t<meta name=\"robots\" content=\"max-image-preview:large\" \/>\n\t<meta name=\"author\" content=\"El Digital de Asturias\"\/>\n\t<meta name=\"google-site-verification\" content=\"UA-38556648-1\" \/>\n\t<meta name=\"msvalidate.01\" content=\"7dfe9f3f1b24437ab69f4f2559babe99\" \/>\n\t<meta name=\"keywords\" content=\"actualidad\" \/>\n\t<link rel=\"canonical\" href=\"https:\/\/www.eldigitaldeasturias.com\/noticias\/los-accesos-del-madrid-arena-estaban-cerrados-con-candados\/\" \/>\n\t<meta name=\"generator\" content=\"All in One SEO Pro (AIOSEO) 4.9.6.2\" \/>\n\t\t<meta property=\"og:locale\" content=\"es_ES\" \/>\n\t\t<meta property=\"og:site_name\" content=\"El Digital de Asturias\" \/>\n\t\t<meta property=\"og:type\" content=\"article\" \/>\n\t\t<meta property=\"og:title\" content=\"Los accesos del Madrid Arena estaban cerrados con candados - El Digital de Asturias\" \/>\n\t\t<meta property=\"og:description\" content=\"El joven que llev\u00f3 a la enfermer\u00eda a la joven fallecida en el Madrid Arena Katia Esteban, Pablo Estrada, ha asegurado este martes durante su declaraci\u00f3n que la traslad\u00f3 hasta la enfermer\u00eda y que la dej\u00f3 en el suelo porque se lo dijo &quot;un hombre con traje y canoso&quot; que hab\u00eda dentro del botiqu\u00edn, pero\" \/>\n\t\t<meta property=\"og:url\" content=\"https:\/\/www.eldigitaldeasturias.com\/noticias\/los-accesos-del-madrid-arena-estaban-cerrados-con-candados\/\" \/>\n\t\t<meta property=\"og:image\" content=\"https:\/\/www.eldigitaldeasturias.com\/noticias\/wp-content\/uploads\/2016\/02\/fotonoticia_20160223134837_800.jpg\" \/>\n\t\t<meta property=\"og:image:secure_url\" content=\"https:\/\/www.eldigitaldeasturias.com\/noticias\/wp-content\/uploads\/2016\/02\/fotonoticia_20160223134837_800.jpg\" \/>\n\t\t<meta property=\"og:image:width\" content=\"800\" \/>\n\t\t<meta property=\"og:image:height\" content=\"534\" \/>\n\t\t<meta property=\"article:tag\" content=\"actualidad\" \/>\n\t\t<meta property=\"article:published_time\" content=\"2016-02-23T18:32:01+00:00\" \/>\n\t\t<meta property=\"article:modified_time\" content=\"2016-02-23T18:32:01+00:00\" \/>\n\t\t<meta property=\"article:publisher\" content=\"https:\/\/facebook.com\/eldigitaldeasturias\" \/>\n\t\t<meta name=\"twitter:card\" content=\"summary_large_image\" \/>\n\t\t<meta name=\"twitter:title\" content=\"Los accesos del Madrid Arena estaban cerrados con candados - El Digital de Asturias\" \/>\n\t\t<meta name=\"twitter:description\" content=\"El joven que llev\u00f3 a la enfermer\u00eda a la joven fallecida en el Madrid Arena Katia Esteban, Pablo Estrada, ha asegurado este martes durante su declaraci\u00f3n que la traslad\u00f3 hasta la enfermer\u00eda y que la dej\u00f3 en el suelo porque se lo dijo &quot;un hombre con traje y canoso&quot; que hab\u00eda dentro del botiqu\u00edn, pero\" \/>\n\t\t<meta name=\"twitter:image\" content=\"https:\/\/www.eldigitaldeasturias.com\/noticias\/wp-content\/uploads\/2016\/02\/fotonoticia_20160223134837_800.jpg\" \/>\n\t\t<meta name=\"twitter:label1\" content=\"Escrito por\" \/>\n\t\t<meta name=\"twitter:data1\" content=\"El Digital de Asturias\" \/>\n\t\t<meta name=\"twitter:label2\" content=\"Tiempo de lectura estimado\" \/>\n\t\t<meta name=\"twitter:data2\" content=\"4 minutos\" \/>\n\t\t<script type=\"application\/ld+json\" class=\"aioseo-schema\">\n\t\t\t{\"@context\":\"https:\\\/\\\/schema.org\",\"@graph\":[{\"@type\":\"BlogPosting\",\"@id\":\"https:\\\/\\\/www.eldigitaldeasturias.com\\\/noticias\\\/los-accesos-del-madrid-arena-estaban-cerrados-con-candados\\\/#blogposting\",\"name\":\"Los accesos del Madrid Arena estaban cerrados con candados - El Digital de Asturias\",\"headline\":\"Los accesos del Madrid Arena estaban cerrados con candados\",\"author\":{\"@id\":\"https:\\\/\\\/www.eldigitaldeasturias.com\\\/noticias\\\/author\\\/admin\\\/#author\"},\"publisher\":{\"@id\":\"https:\\\/\\\/www.eldigitaldeasturias.com\\\/noticias\\\/#organization\"},\"image\":{\"@type\":\"ImageObject\",\"url\":\"https:\\\/\\\/www.eldigitaldeasturias.com\\\/noticias\\\/wp-content\\\/uploads\\\/2016\\\/02\\\/fotonoticia_20160223134837_800.jpg\",\"width\":800,\"height\":534},\"datePublished\":\"2016-02-23T18:32:01+01:00\",\"dateModified\":\"2016-02-23T18:32:01+01:00\",\"inLanguage\":\"es-ES\",\"mainEntityOfPage\":{\"@id\":\"https:\\\/\\\/www.eldigitaldeasturias.com\\\/noticias\\\/los-accesos-del-madrid-arena-estaban-cerrados-con-candados\\\/#webpage\"},\"isPartOf\":{\"@id\":\"https:\\\/\\\/www.eldigitaldeasturias.com\\\/noticias\\\/los-accesos-del-madrid-arena-estaban-cerrados-con-candados\\\/#webpage\"},\"articleSection\":\"Actualidad\"},{\"@type\":\"BreadcrumbList\",\"@id\":\"https:\\\/\\\/www.eldigitaldeasturias.com\\\/noticias\\\/los-accesos-del-madrid-arena-estaban-cerrados-con-candados\\\/#breadcrumblist\",\"itemListElement\":[{\"@type\":\"ListItem\",\"@id\":\"https:\\\/\\\/www.eldigitaldeasturias.com\\\/noticias#listItem\",\"position\":1,\"name\":\"Home\",\"item\":\"https:\\\/\\\/www.eldigitaldeasturias.com\\\/noticias\",\"nextItem\":{\"@type\":\"ListItem\",\"@id\":\"https:\\\/\\\/www.eldigitaldeasturias.com\\\/noticias\\\/category\\\/actualidad\\\/#listItem\",\"name\":\"Actualidad\"}},{\"@type\":\"ListItem\",\"@id\":\"https:\\\/\\\/www.eldigitaldeasturias.com\\\/noticias\\\/category\\\/actualidad\\\/#listItem\",\"position\":2,\"name\":\"Actualidad\",\"item\":\"https:\\\/\\\/www.eldigitaldeasturias.com\\\/noticias\\\/category\\\/actualidad\\\/\",\"nextItem\":{\"@type\":\"ListItem\",\"@id\":\"https:\\\/\\\/www.eldigitaldeasturias.com\\\/noticias\\\/los-accesos-del-madrid-arena-estaban-cerrados-con-candados\\\/#listItem\",\"name\":\"Los accesos del Madrid Arena estaban cerrados con candados\"},\"previousItem\":{\"@type\":\"ListItem\",\"@id\":\"https:\\\/\\\/www.eldigitaldeasturias.com\\\/noticias#listItem\",\"name\":\"Home\"}},{\"@type\":\"ListItem\",\"@id\":\"https:\\\/\\\/www.eldigitaldeasturias.com\\\/noticias\\\/los-accesos-del-madrid-arena-estaban-cerrados-con-candados\\\/#listItem\",\"position\":3,\"name\":\"Los accesos del Madrid Arena estaban cerrados con candados\",\"previousItem\":{\"@type\":\"ListItem\",\"@id\":\"https:\\\/\\\/www.eldigitaldeasturias.com\\\/noticias\\\/category\\\/actualidad\\\/#listItem\",\"name\":\"Actualidad\"}}]},{\"@type\":\"Organization\",\"@id\":\"https:\\\/\\\/www.eldigitaldeasturias.com\\\/noticias\\\/#organization\",\"name\":\"El Digital de Asturias\",\"description\":\"Hemeroteca\",\"url\":\"https:\\\/\\\/www.eldigitaldeasturias.com\\\/noticias\\\/\",\"email\":\"info@eldigitaldeasturias.com\",\"telephone\":\"+34652131393\",\"logo\":{\"@type\":\"ImageObject\",\"url\":\"https:\\\/\\\/www.eldigitaldeasturias.com\\\/noticias\\\/wp-content\\\/uploads\\\/2020\\\/12\\\/EDA.jpg\",\"@id\":\"https:\\\/\\\/www.eldigitaldeasturias.com\\\/noticias\\\/los-accesos-del-madrid-arena-estaban-cerrados-con-candados\\\/#organizationLogo\",\"width\":649,\"height\":297},\"image\":{\"@id\":\"https:\\\/\\\/www.eldigitaldeasturias.com\\\/noticias\\\/los-accesos-del-madrid-arena-estaban-cerrados-con-candados\\\/#organizationLogo\"},\"sameAs\":[\"https:\\\/\\\/facebook.com\\\/eldigitaldeasturias\",\"https:\\\/\\\/www.youtube.com\\\/channel\\\/UCZP-2wLEB9Rv6erhFmqVnvg\"],\"address\":{\"@id\":\"https:\\\/\\\/www.eldigitaldeasturias.com\\\/noticias\\\/#postaladdress\",\"@type\":\"PostalAddress\",\"streetAddress\":\"san antonio 4,\",\"postalCode\":\"33430\",\"addressLocality\":\"Cand\\u00e1s\",\"addressRegion\":\"Asturias\",\"addressCountry\":\"ES\"}},{\"@type\":\"Person\",\"@id\":\"https:\\\/\\\/www.eldigitaldeasturias.com\\\/noticias\\\/author\\\/admin\\\/#author\",\"url\":\"https:\\\/\\\/www.eldigitaldeasturias.com\\\/noticias\\\/author\\\/admin\\\/\",\"name\":\"El Digital de Asturias\",\"image\":{\"@type\":\"ImageObject\",\"@id\":\"https:\\\/\\\/www.eldigitaldeasturias.com\\\/noticias\\\/los-accesos-del-madrid-arena-estaban-cerrados-con-candados\\\/#authorImage\",\"url\":\"https:\\\/\\\/www.eldigitaldeasturias.com\\\/noticias\\\/wp-content\\\/litespeed\\\/avatar\\\/18677e78aa0546b92d9dbf31ec7d7668.jpg?ver=1777290358\",\"width\":96,\"height\":96,\"caption\":\"El Digital de Asturias\"}},{\"@type\":\"WebPage\",\"@id\":\"https:\\\/\\\/www.eldigitaldeasturias.com\\\/noticias\\\/los-accesos-del-madrid-arena-estaban-cerrados-con-candados\\\/#webpage\",\"url\":\"https:\\\/\\\/www.eldigitaldeasturias.com\\\/noticias\\\/los-accesos-del-madrid-arena-estaban-cerrados-con-candados\\\/\",\"name\":\"Los accesos del Madrid Arena estaban cerrados con candados - El Digital de Asturias\",\"description\":\"El joven que llev\\u00f3 a la enfermer\\u00eda a la joven fallecida en el Madrid Arena Katia Esteban, Pablo Estrada, ha asegurado este martes durante su declaraci\\u00f3n que la traslad\\u00f3 hasta la enfermer\\u00eda y que la dej\\u00f3 en el suelo porque se lo dijo \\\"un hombre con traje y canoso\\\" que hab\\u00eda dentro del botiqu\\u00edn, pero\",\"inLanguage\":\"es-ES\",\"isPartOf\":{\"@id\":\"https:\\\/\\\/www.eldigitaldeasturias.com\\\/noticias\\\/#website\"},\"breadcrumb\":{\"@id\":\"https:\\\/\\\/www.eldigitaldeasturias.com\\\/noticias\\\/los-accesos-del-madrid-arena-estaban-cerrados-con-candados\\\/#breadcrumblist\"},\"author\":{\"@id\":\"https:\\\/\\\/www.eldigitaldeasturias.com\\\/noticias\\\/author\\\/admin\\\/#author\"},\"creator\":{\"@id\":\"https:\\\/\\\/www.eldigitaldeasturias.com\\\/noticias\\\/author\\\/admin\\\/#author\"},\"image\":{\"@type\":\"ImageObject\",\"url\":\"https:\\\/\\\/www.eldigitaldeasturias.com\\\/noticias\\\/wp-content\\\/uploads\\\/2016\\\/02\\\/fotonoticia_20160223134837_800.jpg\",\"@id\":\"https:\\\/\\\/www.eldigitaldeasturias.com\\\/noticias\\\/los-accesos-del-madrid-arena-estaban-cerrados-con-candados\\\/#mainImage\",\"width\":800,\"height\":534},\"primaryImageOfPage\":{\"@id\":\"https:\\\/\\\/www.eldigitaldeasturias.com\\\/noticias\\\/los-accesos-del-madrid-arena-estaban-cerrados-con-candados\\\/#mainImage\"},\"datePublished\":\"2016-02-23T18:32:01+01:00\",\"dateModified\":\"2016-02-23T18:32:01+01:00\"},{\"@type\":\"WebSite\",\"@id\":\"https:\\\/\\\/www.eldigitaldeasturias.com\\\/noticias\\\/#website\",\"url\":\"https:\\\/\\\/www.eldigitaldeasturias.com\\\/noticias\\\/\",\"name\":\"El Digital de Asturias - Diario de actualidad y noticias\",\"alternateName\":\"El Digital de Asturias - Diario de actualidad y noticias\",\"description\":\"Hemeroteca\",\"inLanguage\":\"es-ES\",\"publisher\":{\"@id\":\"https:\\\/\\\/www.eldigitaldeasturias.com\\\/noticias\\\/#organization\"}}]}\n\t\t<\/script>\n\t\t<!-- All in One SEO Pro -->\r\n\t\t<title>Los accesos del Madrid Arena estaban cerrados con candados - El Digital de Asturias<\/title>\n\n","aioseo_head_json":{"title":"Los accesos del Madrid Arena estaban cerrados con candados - El Digital de Asturias","description":"El joven que llev\u00f3 a la enfermer\u00eda a la joven fallecida en el Madrid Arena Katia Esteban, Pablo Estrada, ha asegurado este martes durante su declaraci\u00f3n que la traslad\u00f3 hasta la enfermer\u00eda y que la dej\u00f3 en el suelo porque se lo dijo \"un hombre con traje y canoso\" que hab\u00eda dentro del botiqu\u00edn, pero","canonical_url":"https:\/\/www.eldigitaldeasturias.com\/noticias\/los-accesos-del-madrid-arena-estaban-cerrados-con-candados\/","robots":"max-image-preview:large","keywords":"actualidad","webmasterTools":{"google-site-verification":"UA-38556648-1","msvalidate.01":"7dfe9f3f1b24437ab69f4f2559babe99","miscellaneous":""},"schema":{"@context":"https:\/\/schema.org","@graph":[{"@type":"BlogPosting","@id":"https:\/\/www.eldigitaldeasturias.com\/noticias\/los-accesos-del-madrid-arena-estaban-cerrados-con-candados\/#blogposting","name":"Los accesos del Madrid Arena estaban cerrados con candados - El Digital de Asturias","headline":"Los accesos del Madrid Arena estaban cerrados con candados","author":{"@id":"https:\/\/www.eldigitaldeasturias.com\/noticias\/author\/admin\/#author"},"publisher":{"@id":"https:\/\/www.eldigitaldeasturias.com\/noticias\/#organization"},"image":{"@type":"ImageObject","url":"https:\/\/www.eldigitaldeasturias.com\/noticias\/wp-content\/uploads\/2016\/02\/fotonoticia_20160223134837_800.jpg","width":800,"height":534},"datePublished":"2016-02-23T18:32:01+01:00","dateModified":"2016-02-23T18:32:01+01:00","inLanguage":"es-ES","mainEntityOfPage":{"@id":"https:\/\/www.eldigitaldeasturias.com\/noticias\/los-accesos-del-madrid-arena-estaban-cerrados-con-candados\/#webpage"},"isPartOf":{"@id":"https:\/\/www.eldigitaldeasturias.com\/noticias\/los-accesos-del-madrid-arena-estaban-cerrados-con-candados\/#webpage"},"articleSection":"Actualidad"},{"@type":"BreadcrumbList","@id":"https:\/\/www.eldigitaldeasturias.com\/noticias\/los-accesos-del-madrid-arena-estaban-cerrados-con-candados\/#breadcrumblist","itemListElement":[{"@type":"ListItem","@id":"https:\/\/www.eldigitaldeasturias.com\/noticias#listItem","position":1,"name":"Home","item":"https:\/\/www.eldigitaldeasturias.com\/noticias","nextItem":{"@type":"ListItem","@id":"https:\/\/www.eldigitaldeasturias.com\/noticias\/category\/actualidad\/#listItem","name":"Actualidad"}},{"@type":"ListItem","@id":"https:\/\/www.eldigitaldeasturias.com\/noticias\/category\/actualidad\/#listItem","position":2,"name":"Actualidad","item":"https:\/\/www.eldigitaldeasturias.com\/noticias\/category\/actualidad\/","nextItem":{"@type":"ListItem","@id":"https:\/\/www.eldigitaldeasturias.com\/noticias\/los-accesos-del-madrid-arena-estaban-cerrados-con-candados\/#listItem","name":"Los accesos del Madrid Arena estaban cerrados con candados"},"previousItem":{"@type":"ListItem","@id":"https:\/\/www.eldigitaldeasturias.com\/noticias#listItem","name":"Home"}},{"@type":"ListItem","@id":"https:\/\/www.eldigitaldeasturias.com\/noticias\/los-accesos-del-madrid-arena-estaban-cerrados-con-candados\/#listItem","position":3,"name":"Los accesos del Madrid Arena estaban cerrados con candados","previousItem":{"@type":"ListItem","@id":"https:\/\/www.eldigitaldeasturias.com\/noticias\/category\/actualidad\/#listItem","name":"Actualidad"}}]},{"@type":"Organization","@id":"https:\/\/www.eldigitaldeasturias.com\/noticias\/#organization","name":"El Digital de Asturias","description":"Hemeroteca","url":"https:\/\/www.eldigitaldeasturias.com\/noticias\/","email":"info@eldigitaldeasturias.com","telephone":"+34652131393","logo":{"@type":"ImageObject","url":"https:\/\/www.eldigitaldeasturias.com\/noticias\/wp-content\/uploads\/2020\/12\/EDA.jpg","@id":"https:\/\/www.eldigitaldeasturias.com\/noticias\/los-accesos-del-madrid-arena-estaban-cerrados-con-candados\/#organizationLogo","width":649,"height":297},"image":{"@id":"https:\/\/www.eldigitaldeasturias.com\/noticias\/los-accesos-del-madrid-arena-estaban-cerrados-con-candados\/#organizationLogo"},"sameAs":["https:\/\/facebook.com\/eldigitaldeasturias","https:\/\/www.youtube.com\/channel\/UCZP-2wLEB9Rv6erhFmqVnvg"],"address":{"@id":"https:\/\/www.eldigitaldeasturias.com\/noticias\/#postaladdress","@type":"PostalAddress","streetAddress":"san antonio 4,","postalCode":"33430","addressLocality":"Cand\u00e1s","addressRegion":"Asturias","addressCountry":"ES"}},{"@type":"Person","@id":"https:\/\/www.eldigitaldeasturias.com\/noticias\/author\/admin\/#author","url":"https:\/\/www.eldigitaldeasturias.com\/noticias\/author\/admin\/","name":"El Digital de Asturias","image":{"@type":"ImageObject","@id":"https:\/\/www.eldigitaldeasturias.com\/noticias\/los-accesos-del-madrid-arena-estaban-cerrados-con-candados\/#authorImage","url":"https:\/\/www.eldigitaldeasturias.com\/noticias\/wp-content\/litespeed\/avatar\/18677e78aa0546b92d9dbf31ec7d7668.jpg?ver=1777290358","width":96,"height":96,"caption":"El Digital de Asturias"}},{"@type":"WebPage","@id":"https:\/\/www.eldigitaldeasturias.com\/noticias\/los-accesos-del-madrid-arena-estaban-cerrados-con-candados\/#webpage","url":"https:\/\/www.eldigitaldeasturias.com\/noticias\/los-accesos-del-madrid-arena-estaban-cerrados-con-candados\/","name":"Los accesos del Madrid Arena estaban cerrados con candados - El Digital de Asturias","description":"El joven que llev\u00f3 a la enfermer\u00eda a la joven fallecida en el Madrid Arena Katia Esteban, Pablo Estrada, ha asegurado este martes durante su declaraci\u00f3n que la traslad\u00f3 hasta la enfermer\u00eda y que la dej\u00f3 en el suelo porque se lo dijo \"un hombre con traje y canoso\" que hab\u00eda dentro del botiqu\u00edn, pero","inLanguage":"es-ES","isPartOf":{"@id":"https:\/\/www.eldigitaldeasturias.com\/noticias\/#website"},"breadcrumb":{"@id":"https:\/\/www.eldigitaldeasturias.com\/noticias\/los-accesos-del-madrid-arena-estaban-cerrados-con-candados\/#breadcrumblist"},"author":{"@id":"https:\/\/www.eldigitaldeasturias.com\/noticias\/author\/admin\/#author"},"creator":{"@id":"https:\/\/www.eldigitaldeasturias.com\/noticias\/author\/admin\/#author"},"image":{"@type":"ImageObject","url":"https:\/\/www.eldigitaldeasturias.com\/noticias\/wp-content\/uploads\/2016\/02\/fotonoticia_20160223134837_800.jpg","@id":"https:\/\/www.eldigitaldeasturias.com\/noticias\/los-accesos-del-madrid-arena-estaban-cerrados-con-candados\/#mainImage","width":800,"height":534},"primaryImageOfPage":{"@id":"https:\/\/www.eldigitaldeasturias.com\/noticias\/los-accesos-del-madrid-arena-estaban-cerrados-con-candados\/#mainImage"},"datePublished":"2016-02-23T18:32:01+01:00","dateModified":"2016-02-23T18:32:01+01:00"},{"@type":"WebSite","@id":"https:\/\/www.eldigitaldeasturias.com\/noticias\/#website","url":"https:\/\/www.eldigitaldeasturias.com\/noticias\/","name":"El Digital de Asturias - Diario de actualidad y noticias","alternateName":"El Digital de Asturias - Diario de actualidad y noticias","description":"Hemeroteca","inLanguage":"es-ES","publisher":{"@id":"https:\/\/www.eldigitaldeasturias.com\/noticias\/#organization"}}]},"og:locale":"es_ES","og:site_name":"El Digital de Asturias","og:type":"article","og:title":"Los accesos del Madrid Arena estaban cerrados con candados - El Digital de Asturias","og:description":"El joven que llev\u00f3 a la enfermer\u00eda a la joven fallecida en el Madrid Arena Katia Esteban, Pablo Estrada, ha asegurado este martes durante su declaraci\u00f3n que la traslad\u00f3 hasta la enfermer\u00eda y que la dej\u00f3 en el suelo porque se lo dijo &quot;un hombre con traje y canoso&quot; que hab\u00eda dentro del botiqu\u00edn, pero","og:url":"https:\/\/www.eldigitaldeasturias.com\/noticias\/los-accesos-del-madrid-arena-estaban-cerrados-con-candados\/","og:image":"https:\/\/www.eldigitaldeasturias.com\/noticias\/wp-content\/uploads\/2016\/02\/fotonoticia_20160223134837_800.jpg","og:image:secure_url":"https:\/\/www.eldigitaldeasturias.com\/noticias\/wp-content\/uploads\/2016\/02\/fotonoticia_20160223134837_800.jpg","og:image:width":800,"og:image:height":534,"article:tag":["actualidad"],"article:published_time":"2016-02-23T18:32:01+00:00","article:modified_time":"2016-02-23T18:32:01+00:00","article:publisher":"https:\/\/facebook.com\/eldigitaldeasturias","twitter:card":"summary_large_image","twitter:title":"Los accesos del Madrid Arena estaban cerrados con candados - El Digital de Asturias","twitter:description":"El joven que llev\u00f3 a la enfermer\u00eda a la joven fallecida en el Madrid Arena Katia Esteban, Pablo Estrada, ha asegurado este martes durante su declaraci\u00f3n que la traslad\u00f3 hasta la enfermer\u00eda y que la dej\u00f3 en el suelo porque se lo dijo &quot;un hombre con traje y canoso&quot; que hab\u00eda dentro del botiqu\u00edn, pero","twitter:image":"https:\/\/www.eldigitaldeasturias.com\/noticias\/wp-content\/uploads\/2016\/02\/fotonoticia_20160223134837_800.jpg","twitter:label1":"Escrito por","twitter:data1":"El Digital de Asturias","twitter:label2":"Tiempo de lectura estimado","twitter:data2":"4 minutos"},"aioseo_meta_data":{"post_id":"861370","title":null,"description":null,"keywords":null,"keyphrases":null,"primary_term":null,"canonical_url":null,"og_title":null,"og_description":null,"og_object_type":"default","og_image_type":"default","og_image_url":null,"og_image_width":null,"og_image_height":null,"og_image_custom_url":null,"og_image_custom_fields":null,"og_video":null,"og_custom_url":null,"og_article_section":null,"og_article_tags":null,"twitter_use_og":false,"twitter_card":"default","twitter_image_type":"default","twitter_image_url":null,"twitter_image_custom_url":null,"twitter_image_custom_fields":null,"twitter_title":null,"twitter_description":null,"schema":{"blockGraphs":[],"customGraphs":[],"default":{"data":{"Article":[],"Course":[],"Dataset":[],"FAQPage":[],"Movie":[],"Person":[],"Product":[],"ProductReview":[],"Car":[],"Recipe":[],"Service":[],"SoftwareApplication":[],"WebPage":[]},"graphName":"","isEnabled":true},"graphs":[],"defaultGraph":"","defaultPostTypeGraph":""},"schema_type":null,"schema_type_options":null,"pillar_content":false,"robots_default":true,"robots_noindex":false,"robots_noarchive":false,"robots_nosnippet":false,"robots_nofollow":false,"robots_noimageindex":false,"robots_noodp":false,"robots_notranslate":false,"robots_max_snippet":null,"robots_max_videopreview":null,"robots_max_imagepreview":"large","priority":null,"frequency":null,"local_seo":null,"seo_analyzer_scan_date":"2025-12-10 21:01:25","breadcrumb_settings":null,"limit_modified_date":false,"open_ai":null,"ai":null,"created":"2021-01-23 15:01:13","updated":"2025-12-10 21:01:25"},"aioseo_breadcrumb":"<div class=\"aioseo-breadcrumbs\"><span class=\"aioseo-breadcrumb\">\n\t<a href=\"https:\/\/www.eldigitaldeasturias.com\/noticias\" title=\"Home\">Home<\/a>\n<\/span><span class=\"aioseo-breadcrumb-separator\">\u2013<\/span><span class=\"aioseo-breadcrumb\">\n\t<a href=\"https:\/\/www.eldigitaldeasturias.com\/noticias\/category\/actualidad\/\" title=\"Actualidad\">Actualidad<\/a>\n<\/span><span class=\"aioseo-breadcrumb-separator\">\u2013<\/span><span class=\"aioseo-breadcrumb\">\n\t<a href=\"https:\/\/www.eldigitaldeasturias.com\/noticias\/los-accesos-del-madrid-arena-estaban-cerrados-con-candados\/\" title=\"Los accesos del Madrid Arena estaban cerrados con candados\">Los accesos del Madrid Arena estaban cerrados con candados<\/a>\n<\/span><\/div>","aioseo_breadcrumb_json":[{"label":"Home","link":"https:\/\/www.eldigitaldeasturias.com\/noticias"},{"label":"Actualidad","link":"https:\/\/www.eldigitaldeasturias.com\/noticias\/category\/actualidad\/"},{"label":"Los accesos del Madrid Arena estaban cerrados con candados","link":"https:\/\/www.eldigitaldeasturias.com\/noticias\/los-accesos-del-madrid-arena-estaban-cerrados-con-candados\/"}],"_links":{"self":[{"href":"https:\/\/www.eldigitaldeasturias.com\/noticias\/wp-json\/wp\/v2\/posts\/861370","targetHints":{"allow":["GET"]}}],"collection":[{"href":"https:\/\/www.eldigitaldeasturias.com\/noticias\/wp-json\/wp\/v2\/posts"}],"about":[{"href":"https:\/\/www.eldigitaldeasturias.com\/noticias\/wp-json\/wp\/v2\/types\/post"}],"author":[{"embeddable":true,"href":"https:\/\/www.eldigitaldeasturias.com\/noticias\/wp-json\/wp\/v2\/users\/1"}],"replies":[{"embeddable":true,"href":"https:\/\/www.eldigitaldeasturias.com\/noticias\/wp-json\/wp\/v2\/comments?post=861370"}],"version-history":[{"count":0,"href":"https:\/\/www.eldigitaldeasturias.com\/noticias\/wp-json\/wp\/v2\/posts\/861370\/revisions"}],"wp:featuredmedia":[{"embeddable":true,"href":"https:\/\/www.eldigitaldeasturias.com\/noticias\/wp-json\/wp\/v2\/media\/861371"}],"wp:attachment":[{"href":"https:\/\/www.eldigitaldeasturias.com\/noticias\/wp-json\/wp\/v2\/media?parent=861370"}],"wp:term":[{"taxonomy":"category","embeddable":true,"href":"https:\/\/www.eldigitaldeasturias.com\/noticias\/wp-json\/wp\/v2\/categories?post=861370"},{"taxonomy":"post_tag","embeddable":true,"href":"https:\/\/www.eldigitaldeasturias.com\/noticias\/wp-json\/wp\/v2\/tags?post=861370"}],"curies":[{"name":"wp","href":"https:\/\/api.w.org\/{rel}","templated":true}]}}