{"id":861367,"date":"2016-02-23T18:29:09","date_gmt":"2016-02-23T18:29:09","guid":{"rendered":"http:\/\/www.eldigitaldeasturias.com\/noticias\/?p=861367"},"modified":"2016-02-23T18:29:09","modified_gmt":"2016-02-23T18:29:09","slug":"martin-ravallion-premio-fundacion-bbva-de-cooperacion","status":"publish","type":"post","link":"https:\/\/www.eldigitaldeasturias.com\/noticias\/martin-ravallion-premio-fundacion-bbva-de-cooperacion\/","title":{"rendered":"Martin Ravallion, Premio Fundaci\u00f3n BBVA de Cooperaci\u00f3n"},"content":{"rendered":"<p><img loading=\"lazy\" decoding=\"async\" class=\"alignleft size-medium wp-image-861368\" src=\"https:\/\/www.eldigitaldeasturias.com\/noticias\/wp-content\/uploads\/2016\/02\/fotonoticia_20160223134811_800-360x240.jpg\" alt=\"fotonoticia_20160223134811_800\" width=\"360\" height=\"240\" srcset=\"https:\/\/www.eldigitaldeasturias.com\/noticias\/wp-content\/uploads\/2016\/02\/fotonoticia_20160223134811_800-360x240.jpg 360w, https:\/\/www.eldigitaldeasturias.com\/noticias\/wp-content\/uploads\/2016\/02\/fotonoticia_20160223134811_800-768x512.jpg 768w, https:\/\/www.eldigitaldeasturias.com\/noticias\/wp-content\/uploads\/2016\/02\/fotonoticia_20160223134811_800-650x433.jpg 650w, https:\/\/www.eldigitaldeasturias.com\/noticias\/wp-content\/uploads\/2016\/02\/fotonoticia_20160223134811_800-84x55.jpg 84w, https:\/\/www.eldigitaldeasturias.com\/noticias\/wp-content\/uploads\/2016\/02\/fotonoticia_20160223134811_800-49x32.jpg 49w, https:\/\/www.eldigitaldeasturias.com\/noticias\/wp-content\/uploads\/2016\/02\/fotonoticia_20160223134811_800.jpg 800w\" sizes=\"auto, (max-width: 360px) 100vw, 360px\" \/>El economista australiano Martin Ravallion ha resultado ganador del Premio Fundaci\u00f3n BBVA Fronteras del Conocimiento en la categor\u00eda de Cooperaci\u00f3n al Desarrollo por cuantificar el nivel de pobreza extrema y marcar objetivos concretos en la cooperaci\u00f3n al desarrollo.<\/p>\n<p>Ravallion fue pionero en la medici\u00f3n de la pobreza con indicadores aplicables internacionalmente. As\u00ed, en 1991 fue el primer firmante de un art\u00edculo que fij\u00f3 en un d\u00f3lar diario el umbral de pobreza extrema por debajo del cual la supervivencia no era posible.<\/p>\n<p>Estos premios, creados en 2008 y dotados con 400.000 euros para cada una de las categor\u00edas, pretenden reconocer a los autores de avances significativos en distintas \u00e1reas cient\u00edficas, tecnol\u00f3gicas y art\u00edsticas, disciplinas que responden al mapa del conocimiento en la \u00faltima parte del siglo XX y en el presente, as\u00ed como a retos fundamentales como el cambio clim\u00e1tico y la cooperaci\u00f3n al desarrollo.<\/p>\n<p>Ravallion ha explicado que ese umbral de pobreza ha sido asumido universalmente, \u00abporque nada por debajo de eso podr\u00eda ser razonable para sobrevivir\u00bb. \u00abSi buscamos un est\u00e1ndar global debemos concentrarnos en el m\u00ednimo de los pa\u00edses m\u00e1s pobres\u00bb, ha explicado.<\/p>\n<p>Para destacar la importancia de la contribuci\u00f3n de Ravallion, el jurado ha recordado la frase de Lord Kelvin: \u00abLo que no se mide no puede ser mejorado\u00bb, y ha se\u00f1alado que antes se hablaba de pobreza en t\u00e9rminos abstractos o subjetivos, \u00abe incluso hab\u00eda cierta reticencia a pensar que pudiera medirse objetivamente, pero gracias al trabajo del galardonado ha sido posible dise\u00f1ar pol\u00edticas p\u00fablicas de lucha contra la pobreza extrema con metas m\u00e1s claras, incluida la de su eliminaci\u00f3n\u00bb.<\/p>\n<p>Los Objetivos del Milenio, o los m\u00e1s recientes Objetivos para el Desarrollo Sostenible, han podido apoyarse en esos indicadores para fijarse una de sus metas, eliminar la pobreza extrema en 2030, un objetivo sobre el que Ravallion es optimista: \u00abEstamos de hecho en el camino correcto, considerando los importantes avances logrados en esa direcci\u00f3n por muchos pa\u00edses en desarrollo en las \u00faltimas d\u00e9cadas\u00bb, sin embargo, ha a\u00f1adido que en este trayecto hay amenazas: el cambio clim\u00e1tico, la recesi\u00f3n global y el aumento de la desigualdad.<\/p>\n<p>En este sentido, ha advertido de que aunque la pobreza extrema puede reducirse al tiempo que aumenta la desigualdad, a la larga, \u00abla desigualdad puede impedir sacar de la pobreza a mil millones de personas en los pr\u00f3ximos 15 a\u00f1os\u00bb.<\/p>\n<p>RAVALLION NO QUER\u00cdA SER POBRE<\/p>\n<p>El economista lleg\u00f3 en 1988 al Banco Mundial y eran escasos los economistas que trabajaban en la medici\u00f3n de la pobreza, pero se uni\u00f3 a un grupo profundamente interesado en estos temas. Su l\u00ednea de investigaci\u00f3n tiene ra\u00edces en su propio origen. Nacido en Australia en 1952 en una familia humilde recuerda haber recibido ayudas sociales, por lo que tom\u00f3 una determinaci\u00f3n: \u00abNo quer\u00eda ser pobre\u00bb. Tras estudiar en la Universidad de Sidney, en 1981 Martin Ravallion se doctor\u00f3 en Econom\u00eda en la London School of Economics (donde adem\u00e1s ejerci\u00f3 la docencia).<\/p>\n<p>Continu\u00f3 su carrera investigadora en la Universidad de Oxford y la Universidad Nacional Australiana, hasta que en 1988 se traslad\u00f3 a Washington, donde comenz\u00f3 a trabajar como economista en el Banco Mundial. Para entonces ya se hab\u00eda dado cuenta de que las condiciones de vida de una infancia humilde en Australia, como la suya, no eran comparables a las de las personas que viv\u00edan en la pobreza en la India. De ah\u00ed la importancia de establecer criterios precisos para valorar comparativamente las situaciones de pobreza en distintos pa\u00edses.<\/p>\n<p>Sus contribuciones seminales a la investigaci\u00f3n sobre el desarrollo, particularmente la pobreza y las pol\u00edticas para eliminarla, le llevaron a ser director del Grupo de Investigaci\u00f3n del Desarrollo del Banco Mundial. All\u00ed, sus ideas y m\u00e9todos fueron a su vez enriquecidos por su interacci\u00f3n con muchos investigadores con objetivos comunes. En 2008, fue coautor del informe en el que se estimaba que en 25 a\u00f1os las personas que viv\u00edan en pobreza extrema en el mundo hab\u00edan disminuido de los 1.900 millones (uno de cada dos) en 1981 a 1.400 millones (uno de cada cuatro) en 2005. En ese momento, el umbral de pobreza se situaba en 1,25 d\u00f3lares\/d\u00eda. La \u00faltima medici\u00f3n, de 2012, estima que ese umbral se sit\u00faa en 1,90 d\u00f3lares\/d\u00eda.<\/p>\n<p>La contribuci\u00f3n de Ravallion es tambi\u00e9n \u00abesencial\u00bb, seg\u00fan el acta del jurado, por su an\u00e1lisis de la relaci\u00f3n entre el crecimiento econ\u00f3mico y la pobreza. A partir de observaciones econ\u00f3micas en diversos pa\u00edses demostr\u00f3 que el crecimiento es condici\u00f3n necesaria para reducir la pobreza, aunque no siempre resulta suficiente, especialmente en contextos de alta desigualdad de ingresos y de acceso a servicios p\u00fablicos como la educaci\u00f3n y la salud. En tales casos, la acci\u00f3n complementaria de las pol\u00edticas pol\u00edticas sociales es imprescindible.<\/p>\n<p>Tras dejar el Banco Mundial, desde 2013 Martin Ravallion es titular de la c\u00e1tedra de Econom\u00eda Edmond D. Villani en la Universidad de Georgetown. Adem\u00e1s, ha asesorado a numerosos gobiernos y agencias internacionales sobre la pobreza y las pol\u00edticas para luchar contra ella. Es autor de m\u00e1s de 200 trabajos en revistas especializadas y cinco libros. En enero de este mismo a\u00f1o acaba de publicar el \u00faltimo: The Economics of Poverty: History, Measurement and Policy, editado por Oxford University Press.<\/p>\n","protected":false},"excerpt":{"rendered":"<p>El economista australiano Martin Ravallion ha resultado ganador del Premio Fundaci\u00f3n BBVA Fronteras del Conocimiento en la categor\u00eda de Cooperaci\u00f3n al Desarrollo por cuantificar el nivel de pobreza extrema y marcar objetivos concretos en la cooperaci\u00f3n al desarrollo. Ravallion fue pionero en la medici\u00f3n de la pobreza con indicadores aplicables internacionalmente. As\u00ed, en 1991 fue [&hellip;]<\/p>\n","protected":false},"author":1,"featured_media":861368,"comment_status":"closed","ping_status":"closed","sticky":false,"template":"","format":"standard","meta":{"footnotes":""},"categories":[28],"tags":[],"class_list":["post-861367","post","type-post","status-publish","format-standard","has-post-thumbnail","hentry","category-sociedad"],"aioseo_notices":[],"aioseo_head":"\n\t\t<!-- All in One SEO Pro 4.9.6.2 - aioseo.com -->\n\t<meta name=\"description\" content=\"El economista australiano Martin Ravallion ha resultado ganador del Premio Fundaci\u00f3n BBVA Fronteras del Conocimiento en la categor\u00eda de Cooperaci\u00f3n al Desarrollo por cuantificar el nivel de pobreza extrema y marcar objetivos concretos en la cooperaci\u00f3n al desarrollo. Ravallion fue pionero en la medici\u00f3n de la pobreza con indicadores aplicables internacionalmente. As\u00ed, en 1991 fue\" \/>\n\t<meta name=\"robots\" content=\"max-image-preview:large\" \/>\n\t<meta name=\"author\" content=\"El Digital de Asturias\"\/>\n\t<meta name=\"google-site-verification\" content=\"UA-38556648-1\" \/>\n\t<meta name=\"msvalidate.01\" content=\"7dfe9f3f1b24437ab69f4f2559babe99\" \/>\n\t<meta name=\"keywords\" content=\"sociedad\" \/>\n\t<link rel=\"canonical\" href=\"https:\/\/www.eldigitaldeasturias.com\/noticias\/martin-ravallion-premio-fundacion-bbva-de-cooperacion\/\" \/>\n\t<meta name=\"generator\" content=\"All in One SEO Pro (AIOSEO) 4.9.6.2\" \/>\n\t\t<meta property=\"og:locale\" content=\"es_ES\" \/>\n\t\t<meta property=\"og:site_name\" content=\"El Digital de Asturias\" \/>\n\t\t<meta property=\"og:type\" content=\"article\" \/>\n\t\t<meta property=\"og:title\" content=\"Martin Ravallion, Premio Fundaci\u00f3n BBVA de Cooperaci\u00f3n - El Digital de Asturias\" \/>\n\t\t<meta property=\"og:description\" content=\"El economista australiano Martin Ravallion ha resultado ganador del Premio Fundaci\u00f3n BBVA Fronteras del Conocimiento en la categor\u00eda de Cooperaci\u00f3n al Desarrollo por cuantificar el nivel de pobreza extrema y marcar objetivos concretos en la cooperaci\u00f3n al desarrollo. Ravallion fue pionero en la medici\u00f3n de la pobreza con indicadores aplicables internacionalmente. As\u00ed, en 1991 fue\" \/>\n\t\t<meta property=\"og:url\" content=\"https:\/\/www.eldigitaldeasturias.com\/noticias\/martin-ravallion-premio-fundacion-bbva-de-cooperacion\/\" \/>\n\t\t<meta property=\"og:image\" content=\"https:\/\/www.eldigitaldeasturias.com\/noticias\/wp-content\/uploads\/2016\/02\/fotonoticia_20160223134811_800.jpg\" \/>\n\t\t<meta property=\"og:image:secure_url\" content=\"https:\/\/www.eldigitaldeasturias.com\/noticias\/wp-content\/uploads\/2016\/02\/fotonoticia_20160223134811_800.jpg\" \/>\n\t\t<meta property=\"og:image:width\" content=\"800\" \/>\n\t\t<meta property=\"og:image:height\" content=\"533\" \/>\n\t\t<meta property=\"article:tag\" content=\"sociedad\" \/>\n\t\t<meta property=\"article:published_time\" content=\"2016-02-23T18:29:09+00:00\" \/>\n\t\t<meta property=\"article:modified_time\" content=\"2016-02-23T18:29:09+00:00\" \/>\n\t\t<meta property=\"article:publisher\" content=\"https:\/\/facebook.com\/eldigitaldeasturias\" \/>\n\t\t<meta name=\"twitter:card\" content=\"summary_large_image\" \/>\n\t\t<meta name=\"twitter:title\" content=\"Martin Ravallion, Premio Fundaci\u00f3n BBVA de Cooperaci\u00f3n - El Digital de Asturias\" \/>\n\t\t<meta name=\"twitter:description\" content=\"El economista australiano Martin Ravallion ha resultado ganador del Premio Fundaci\u00f3n BBVA Fronteras del Conocimiento en la categor\u00eda de Cooperaci\u00f3n al Desarrollo por cuantificar el nivel de pobreza extrema y marcar objetivos concretos en la cooperaci\u00f3n al desarrollo. Ravallion fue pionero en la medici\u00f3n de la pobreza con indicadores aplicables internacionalmente. As\u00ed, en 1991 fue\" \/>\n\t\t<meta name=\"twitter:image\" content=\"https:\/\/www.eldigitaldeasturias.com\/noticias\/wp-content\/uploads\/2016\/02\/fotonoticia_20160223134811_800.jpg\" \/>\n\t\t<meta name=\"twitter:label1\" content=\"Escrito por\" \/>\n\t\t<meta name=\"twitter:data1\" content=\"El Digital de Asturias\" \/>\n\t\t<meta name=\"twitter:label2\" content=\"Tiempo de lectura estimado\" \/>\n\t\t<meta name=\"twitter:data2\" content=\"5 minutos\" \/>\n\t\t<script type=\"application\/ld+json\" class=\"aioseo-schema\">\n\t\t\t{\"@context\":\"https:\\\/\\\/schema.org\",\"@graph\":[{\"@type\":\"BlogPosting\",\"@id\":\"https:\\\/\\\/www.eldigitaldeasturias.com\\\/noticias\\\/martin-ravallion-premio-fundacion-bbva-de-cooperacion\\\/#blogposting\",\"name\":\"Martin Ravallion, Premio Fundaci\\u00f3n BBVA de Cooperaci\\u00f3n - El Digital de Asturias\",\"headline\":\"Martin Ravallion, Premio Fundaci\\u00f3n BBVA de Cooperaci\\u00f3n\",\"author\":{\"@id\":\"https:\\\/\\\/www.eldigitaldeasturias.com\\\/noticias\\\/author\\\/admin\\\/#author\"},\"publisher\":{\"@id\":\"https:\\\/\\\/www.eldigitaldeasturias.com\\\/noticias\\\/#organization\"},\"image\":{\"@type\":\"ImageObject\",\"url\":\"https:\\\/\\\/www.eldigitaldeasturias.com\\\/noticias\\\/wp-content\\\/uploads\\\/2016\\\/02\\\/fotonoticia_20160223134811_800.jpg\",\"width\":800,\"height\":533},\"datePublished\":\"2016-02-23T18:29:09+01:00\",\"dateModified\":\"2016-02-23T18:29:09+01:00\",\"inLanguage\":\"es-ES\",\"mainEntityOfPage\":{\"@id\":\"https:\\\/\\\/www.eldigitaldeasturias.com\\\/noticias\\\/martin-ravallion-premio-fundacion-bbva-de-cooperacion\\\/#webpage\"},\"isPartOf\":{\"@id\":\"https:\\\/\\\/www.eldigitaldeasturias.com\\\/noticias\\\/martin-ravallion-premio-fundacion-bbva-de-cooperacion\\\/#webpage\"},\"articleSection\":\"Sociedad\"},{\"@type\":\"BreadcrumbList\",\"@id\":\"https:\\\/\\\/www.eldigitaldeasturias.com\\\/noticias\\\/martin-ravallion-premio-fundacion-bbva-de-cooperacion\\\/#breadcrumblist\",\"itemListElement\":[{\"@type\":\"ListItem\",\"@id\":\"https:\\\/\\\/www.eldigitaldeasturias.com\\\/noticias#listItem\",\"position\":1,\"name\":\"Home\",\"item\":\"https:\\\/\\\/www.eldigitaldeasturias.com\\\/noticias\",\"nextItem\":{\"@type\":\"ListItem\",\"@id\":\"https:\\\/\\\/www.eldigitaldeasturias.com\\\/noticias\\\/category\\\/sociedad\\\/#listItem\",\"name\":\"Sociedad\"}},{\"@type\":\"ListItem\",\"@id\":\"https:\\\/\\\/www.eldigitaldeasturias.com\\\/noticias\\\/category\\\/sociedad\\\/#listItem\",\"position\":2,\"name\":\"Sociedad\",\"item\":\"https:\\\/\\\/www.eldigitaldeasturias.com\\\/noticias\\\/category\\\/sociedad\\\/\",\"nextItem\":{\"@type\":\"ListItem\",\"@id\":\"https:\\\/\\\/www.eldigitaldeasturias.com\\\/noticias\\\/martin-ravallion-premio-fundacion-bbva-de-cooperacion\\\/#listItem\",\"name\":\"Martin Ravallion, Premio Fundaci\\u00f3n BBVA de Cooperaci\\u00f3n\"},\"previousItem\":{\"@type\":\"ListItem\",\"@id\":\"https:\\\/\\\/www.eldigitaldeasturias.com\\\/noticias#listItem\",\"name\":\"Home\"}},{\"@type\":\"ListItem\",\"@id\":\"https:\\\/\\\/www.eldigitaldeasturias.com\\\/noticias\\\/martin-ravallion-premio-fundacion-bbva-de-cooperacion\\\/#listItem\",\"position\":3,\"name\":\"Martin Ravallion, Premio Fundaci\\u00f3n BBVA de Cooperaci\\u00f3n\",\"previousItem\":{\"@type\":\"ListItem\",\"@id\":\"https:\\\/\\\/www.eldigitaldeasturias.com\\\/noticias\\\/category\\\/sociedad\\\/#listItem\",\"name\":\"Sociedad\"}}]},{\"@type\":\"Organization\",\"@id\":\"https:\\\/\\\/www.eldigitaldeasturias.com\\\/noticias\\\/#organization\",\"name\":\"El Digital de Asturias\",\"description\":\"Hemeroteca\",\"url\":\"https:\\\/\\\/www.eldigitaldeasturias.com\\\/noticias\\\/\",\"email\":\"info@eldigitaldeasturias.com\",\"telephone\":\"+34652131393\",\"logo\":{\"@type\":\"ImageObject\",\"url\":\"https:\\\/\\\/www.eldigitaldeasturias.com\\\/noticias\\\/wp-content\\\/uploads\\\/2020\\\/12\\\/EDA.jpg\",\"@id\":\"https:\\\/\\\/www.eldigitaldeasturias.com\\\/noticias\\\/martin-ravallion-premio-fundacion-bbva-de-cooperacion\\\/#organizationLogo\",\"width\":649,\"height\":297},\"image\":{\"@id\":\"https:\\\/\\\/www.eldigitaldeasturias.com\\\/noticias\\\/martin-ravallion-premio-fundacion-bbva-de-cooperacion\\\/#organizationLogo\"},\"sameAs\":[\"https:\\\/\\\/facebook.com\\\/eldigitaldeasturias\",\"https:\\\/\\\/www.youtube.com\\\/channel\\\/UCZP-2wLEB9Rv6erhFmqVnvg\"],\"address\":{\"@id\":\"https:\\\/\\\/www.eldigitaldeasturias.com\\\/noticias\\\/#postaladdress\",\"@type\":\"PostalAddress\",\"streetAddress\":\"san antonio 4,\",\"postalCode\":\"33430\",\"addressLocality\":\"Cand\\u00e1s\",\"addressRegion\":\"Asturias\",\"addressCountry\":\"ES\"}},{\"@type\":\"Person\",\"@id\":\"https:\\\/\\\/www.eldigitaldeasturias.com\\\/noticias\\\/author\\\/admin\\\/#author\",\"url\":\"https:\\\/\\\/www.eldigitaldeasturias.com\\\/noticias\\\/author\\\/admin\\\/\",\"name\":\"El Digital de Asturias\",\"image\":{\"@type\":\"ImageObject\",\"@id\":\"https:\\\/\\\/www.eldigitaldeasturias.com\\\/noticias\\\/martin-ravallion-premio-fundacion-bbva-de-cooperacion\\\/#authorImage\",\"url\":\"https:\\\/\\\/www.eldigitaldeasturias.com\\\/noticias\\\/wp-content\\\/litespeed\\\/avatar\\\/18677e78aa0546b92d9dbf31ec7d7668.jpg?ver=1777290358\",\"width\":96,\"height\":96,\"caption\":\"El Digital de Asturias\"}},{\"@type\":\"WebPage\",\"@id\":\"https:\\\/\\\/www.eldigitaldeasturias.com\\\/noticias\\\/martin-ravallion-premio-fundacion-bbva-de-cooperacion\\\/#webpage\",\"url\":\"https:\\\/\\\/www.eldigitaldeasturias.com\\\/noticias\\\/martin-ravallion-premio-fundacion-bbva-de-cooperacion\\\/\",\"name\":\"Martin Ravallion, Premio Fundaci\\u00f3n BBVA de Cooperaci\\u00f3n - El Digital de Asturias\",\"description\":\"El economista australiano Martin Ravallion ha resultado ganador del Premio Fundaci\\u00f3n BBVA Fronteras del Conocimiento en la categor\\u00eda de Cooperaci\\u00f3n al Desarrollo por cuantificar el nivel de pobreza extrema y marcar objetivos concretos en la cooperaci\\u00f3n al desarrollo. Ravallion fue pionero en la medici\\u00f3n de la pobreza con indicadores aplicables internacionalmente. As\\u00ed, en 1991 fue\",\"inLanguage\":\"es-ES\",\"isPartOf\":{\"@id\":\"https:\\\/\\\/www.eldigitaldeasturias.com\\\/noticias\\\/#website\"},\"breadcrumb\":{\"@id\":\"https:\\\/\\\/www.eldigitaldeasturias.com\\\/noticias\\\/martin-ravallion-premio-fundacion-bbva-de-cooperacion\\\/#breadcrumblist\"},\"author\":{\"@id\":\"https:\\\/\\\/www.eldigitaldeasturias.com\\\/noticias\\\/author\\\/admin\\\/#author\"},\"creator\":{\"@id\":\"https:\\\/\\\/www.eldigitaldeasturias.com\\\/noticias\\\/author\\\/admin\\\/#author\"},\"image\":{\"@type\":\"ImageObject\",\"url\":\"https:\\\/\\\/www.eldigitaldeasturias.com\\\/noticias\\\/wp-content\\\/uploads\\\/2016\\\/02\\\/fotonoticia_20160223134811_800.jpg\",\"@id\":\"https:\\\/\\\/www.eldigitaldeasturias.com\\\/noticias\\\/martin-ravallion-premio-fundacion-bbva-de-cooperacion\\\/#mainImage\",\"width\":800,\"height\":533},\"primaryImageOfPage\":{\"@id\":\"https:\\\/\\\/www.eldigitaldeasturias.com\\\/noticias\\\/martin-ravallion-premio-fundacion-bbva-de-cooperacion\\\/#mainImage\"},\"datePublished\":\"2016-02-23T18:29:09+01:00\",\"dateModified\":\"2016-02-23T18:29:09+01:00\"},{\"@type\":\"WebSite\",\"@id\":\"https:\\\/\\\/www.eldigitaldeasturias.com\\\/noticias\\\/#website\",\"url\":\"https:\\\/\\\/www.eldigitaldeasturias.com\\\/noticias\\\/\",\"name\":\"El Digital de Asturias - Diario de actualidad y noticias\",\"alternateName\":\"El Digital de Asturias - Diario de actualidad y noticias\",\"description\":\"Hemeroteca\",\"inLanguage\":\"es-ES\",\"publisher\":{\"@id\":\"https:\\\/\\\/www.eldigitaldeasturias.com\\\/noticias\\\/#organization\"}}]}\n\t\t<\/script>\n\t\t<!-- All in One SEO Pro -->\r\n\t\t<title>Martin Ravallion, Premio Fundaci\u00f3n BBVA de Cooperaci\u00f3n - El Digital de Asturias<\/title>\n\n","aioseo_head_json":{"title":"Martin Ravallion, Premio Fundaci\u00f3n BBVA de Cooperaci\u00f3n - El Digital de Asturias","description":"El economista australiano Martin Ravallion ha resultado ganador del Premio Fundaci\u00f3n BBVA Fronteras del Conocimiento en la categor\u00eda de Cooperaci\u00f3n al Desarrollo por cuantificar el nivel de pobreza extrema y marcar objetivos concretos en la cooperaci\u00f3n al desarrollo. Ravallion fue pionero en la medici\u00f3n de la pobreza con indicadores aplicables internacionalmente. As\u00ed, en 1991 fue","canonical_url":"https:\/\/www.eldigitaldeasturias.com\/noticias\/martin-ravallion-premio-fundacion-bbva-de-cooperacion\/","robots":"max-image-preview:large","keywords":"sociedad","webmasterTools":{"google-site-verification":"UA-38556648-1","msvalidate.01":"7dfe9f3f1b24437ab69f4f2559babe99","miscellaneous":""},"schema":{"@context":"https:\/\/schema.org","@graph":[{"@type":"BlogPosting","@id":"https:\/\/www.eldigitaldeasturias.com\/noticias\/martin-ravallion-premio-fundacion-bbva-de-cooperacion\/#blogposting","name":"Martin Ravallion, Premio Fundaci\u00f3n BBVA de Cooperaci\u00f3n - El Digital de Asturias","headline":"Martin Ravallion, Premio Fundaci\u00f3n BBVA de Cooperaci\u00f3n","author":{"@id":"https:\/\/www.eldigitaldeasturias.com\/noticias\/author\/admin\/#author"},"publisher":{"@id":"https:\/\/www.eldigitaldeasturias.com\/noticias\/#organization"},"image":{"@type":"ImageObject","url":"https:\/\/www.eldigitaldeasturias.com\/noticias\/wp-content\/uploads\/2016\/02\/fotonoticia_20160223134811_800.jpg","width":800,"height":533},"datePublished":"2016-02-23T18:29:09+01:00","dateModified":"2016-02-23T18:29:09+01:00","inLanguage":"es-ES","mainEntityOfPage":{"@id":"https:\/\/www.eldigitaldeasturias.com\/noticias\/martin-ravallion-premio-fundacion-bbva-de-cooperacion\/#webpage"},"isPartOf":{"@id":"https:\/\/www.eldigitaldeasturias.com\/noticias\/martin-ravallion-premio-fundacion-bbva-de-cooperacion\/#webpage"},"articleSection":"Sociedad"},{"@type":"BreadcrumbList","@id":"https:\/\/www.eldigitaldeasturias.com\/noticias\/martin-ravallion-premio-fundacion-bbva-de-cooperacion\/#breadcrumblist","itemListElement":[{"@type":"ListItem","@id":"https:\/\/www.eldigitaldeasturias.com\/noticias#listItem","position":1,"name":"Home","item":"https:\/\/www.eldigitaldeasturias.com\/noticias","nextItem":{"@type":"ListItem","@id":"https:\/\/www.eldigitaldeasturias.com\/noticias\/category\/sociedad\/#listItem","name":"Sociedad"}},{"@type":"ListItem","@id":"https:\/\/www.eldigitaldeasturias.com\/noticias\/category\/sociedad\/#listItem","position":2,"name":"Sociedad","item":"https:\/\/www.eldigitaldeasturias.com\/noticias\/category\/sociedad\/","nextItem":{"@type":"ListItem","@id":"https:\/\/www.eldigitaldeasturias.com\/noticias\/martin-ravallion-premio-fundacion-bbva-de-cooperacion\/#listItem","name":"Martin Ravallion, Premio Fundaci\u00f3n BBVA de Cooperaci\u00f3n"},"previousItem":{"@type":"ListItem","@id":"https:\/\/www.eldigitaldeasturias.com\/noticias#listItem","name":"Home"}},{"@type":"ListItem","@id":"https:\/\/www.eldigitaldeasturias.com\/noticias\/martin-ravallion-premio-fundacion-bbva-de-cooperacion\/#listItem","position":3,"name":"Martin Ravallion, Premio Fundaci\u00f3n BBVA de Cooperaci\u00f3n","previousItem":{"@type":"ListItem","@id":"https:\/\/www.eldigitaldeasturias.com\/noticias\/category\/sociedad\/#listItem","name":"Sociedad"}}]},{"@type":"Organization","@id":"https:\/\/www.eldigitaldeasturias.com\/noticias\/#organization","name":"El Digital de Asturias","description":"Hemeroteca","url":"https:\/\/www.eldigitaldeasturias.com\/noticias\/","email":"info@eldigitaldeasturias.com","telephone":"+34652131393","logo":{"@type":"ImageObject","url":"https:\/\/www.eldigitaldeasturias.com\/noticias\/wp-content\/uploads\/2020\/12\/EDA.jpg","@id":"https:\/\/www.eldigitaldeasturias.com\/noticias\/martin-ravallion-premio-fundacion-bbva-de-cooperacion\/#organizationLogo","width":649,"height":297},"image":{"@id":"https:\/\/www.eldigitaldeasturias.com\/noticias\/martin-ravallion-premio-fundacion-bbva-de-cooperacion\/#organizationLogo"},"sameAs":["https:\/\/facebook.com\/eldigitaldeasturias","https:\/\/www.youtube.com\/channel\/UCZP-2wLEB9Rv6erhFmqVnvg"],"address":{"@id":"https:\/\/www.eldigitaldeasturias.com\/noticias\/#postaladdress","@type":"PostalAddress","streetAddress":"san antonio 4,","postalCode":"33430","addressLocality":"Cand\u00e1s","addressRegion":"Asturias","addressCountry":"ES"}},{"@type":"Person","@id":"https:\/\/www.eldigitaldeasturias.com\/noticias\/author\/admin\/#author","url":"https:\/\/www.eldigitaldeasturias.com\/noticias\/author\/admin\/","name":"El Digital de Asturias","image":{"@type":"ImageObject","@id":"https:\/\/www.eldigitaldeasturias.com\/noticias\/martin-ravallion-premio-fundacion-bbva-de-cooperacion\/#authorImage","url":"https:\/\/www.eldigitaldeasturias.com\/noticias\/wp-content\/litespeed\/avatar\/18677e78aa0546b92d9dbf31ec7d7668.jpg?ver=1777290358","width":96,"height":96,"caption":"El Digital de Asturias"}},{"@type":"WebPage","@id":"https:\/\/www.eldigitaldeasturias.com\/noticias\/martin-ravallion-premio-fundacion-bbva-de-cooperacion\/#webpage","url":"https:\/\/www.eldigitaldeasturias.com\/noticias\/martin-ravallion-premio-fundacion-bbva-de-cooperacion\/","name":"Martin Ravallion, Premio Fundaci\u00f3n BBVA de Cooperaci\u00f3n - El Digital de Asturias","description":"El economista australiano Martin Ravallion ha resultado ganador del Premio Fundaci\u00f3n BBVA Fronteras del Conocimiento en la categor\u00eda de Cooperaci\u00f3n al Desarrollo por cuantificar el nivel de pobreza extrema y marcar objetivos concretos en la cooperaci\u00f3n al desarrollo. Ravallion fue pionero en la medici\u00f3n de la pobreza con indicadores aplicables internacionalmente. As\u00ed, en 1991 fue","inLanguage":"es-ES","isPartOf":{"@id":"https:\/\/www.eldigitaldeasturias.com\/noticias\/#website"},"breadcrumb":{"@id":"https:\/\/www.eldigitaldeasturias.com\/noticias\/martin-ravallion-premio-fundacion-bbva-de-cooperacion\/#breadcrumblist"},"author":{"@id":"https:\/\/www.eldigitaldeasturias.com\/noticias\/author\/admin\/#author"},"creator":{"@id":"https:\/\/www.eldigitaldeasturias.com\/noticias\/author\/admin\/#author"},"image":{"@type":"ImageObject","url":"https:\/\/www.eldigitaldeasturias.com\/noticias\/wp-content\/uploads\/2016\/02\/fotonoticia_20160223134811_800.jpg","@id":"https:\/\/www.eldigitaldeasturias.com\/noticias\/martin-ravallion-premio-fundacion-bbva-de-cooperacion\/#mainImage","width":800,"height":533},"primaryImageOfPage":{"@id":"https:\/\/www.eldigitaldeasturias.com\/noticias\/martin-ravallion-premio-fundacion-bbva-de-cooperacion\/#mainImage"},"datePublished":"2016-02-23T18:29:09+01:00","dateModified":"2016-02-23T18:29:09+01:00"},{"@type":"WebSite","@id":"https:\/\/www.eldigitaldeasturias.com\/noticias\/#website","url":"https:\/\/www.eldigitaldeasturias.com\/noticias\/","name":"El Digital de Asturias - Diario de actualidad y noticias","alternateName":"El Digital de Asturias - Diario de actualidad y noticias","description":"Hemeroteca","inLanguage":"es-ES","publisher":{"@id":"https:\/\/www.eldigitaldeasturias.com\/noticias\/#organization"}}]},"og:locale":"es_ES","og:site_name":"El Digital de Asturias","og:type":"article","og:title":"Martin Ravallion, Premio Fundaci\u00f3n BBVA de Cooperaci\u00f3n - El Digital de Asturias","og:description":"El economista australiano Martin Ravallion ha resultado ganador del Premio Fundaci\u00f3n BBVA Fronteras del Conocimiento en la categor\u00eda de Cooperaci\u00f3n al Desarrollo por cuantificar el nivel de pobreza extrema y marcar objetivos concretos en la cooperaci\u00f3n al desarrollo. Ravallion fue pionero en la medici\u00f3n de la pobreza con indicadores aplicables internacionalmente. As\u00ed, en 1991 fue","og:url":"https:\/\/www.eldigitaldeasturias.com\/noticias\/martin-ravallion-premio-fundacion-bbva-de-cooperacion\/","og:image":"https:\/\/www.eldigitaldeasturias.com\/noticias\/wp-content\/uploads\/2016\/02\/fotonoticia_20160223134811_800.jpg","og:image:secure_url":"https:\/\/www.eldigitaldeasturias.com\/noticias\/wp-content\/uploads\/2016\/02\/fotonoticia_20160223134811_800.jpg","og:image:width":800,"og:image:height":533,"article:tag":["sociedad"],"article:published_time":"2016-02-23T18:29:09+00:00","article:modified_time":"2016-02-23T18:29:09+00:00","article:publisher":"https:\/\/facebook.com\/eldigitaldeasturias","twitter:card":"summary_large_image","twitter:title":"Martin Ravallion, Premio Fundaci\u00f3n BBVA de Cooperaci\u00f3n - El Digital de Asturias","twitter:description":"El economista australiano Martin Ravallion ha resultado ganador del Premio Fundaci\u00f3n BBVA Fronteras del Conocimiento en la categor\u00eda de Cooperaci\u00f3n al Desarrollo por cuantificar el nivel de pobreza extrema y marcar objetivos concretos en la cooperaci\u00f3n al desarrollo. Ravallion fue pionero en la medici\u00f3n de la pobreza con indicadores aplicables internacionalmente. As\u00ed, en 1991 fue","twitter:image":"https:\/\/www.eldigitaldeasturias.com\/noticias\/wp-content\/uploads\/2016\/02\/fotonoticia_20160223134811_800.jpg","twitter:label1":"Escrito por","twitter:data1":"El Digital de Asturias","twitter:label2":"Tiempo de lectura estimado","twitter:data2":"5 minutos"},"aioseo_meta_data":{"post_id":"861367","title":null,"description":null,"keywords":null,"keyphrases":null,"primary_term":null,"canonical_url":null,"og_title":null,"og_description":null,"og_object_type":"default","og_image_type":"default","og_image_url":null,"og_image_width":null,"og_image_height":null,"og_image_custom_url":null,"og_image_custom_fields":null,"og_video":null,"og_custom_url":null,"og_article_section":null,"og_article_tags":null,"twitter_use_og":false,"twitter_card":"default","twitter_image_type":"default","twitter_image_url":null,"twitter_image_custom_url":null,"twitter_image_custom_fields":null,"twitter_title":null,"twitter_description":null,"schema":{"blockGraphs":[],"customGraphs":[],"default":{"data":{"Article":[],"Course":[],"Dataset":[],"FAQPage":[],"Movie":[],"Person":[],"Product":[],"ProductReview":[],"Car":[],"Recipe":[],"Service":[],"SoftwareApplication":[],"WebPage":[]},"graphName":"","isEnabled":true},"graphs":[],"defaultGraph":"","defaultPostTypeGraph":""},"schema_type":null,"schema_type_options":null,"pillar_content":false,"robots_default":true,"robots_noindex":false,"robots_noarchive":false,"robots_nosnippet":false,"robots_nofollow":false,"robots_noimageindex":false,"robots_noodp":false,"robots_notranslate":false,"robots_max_snippet":null,"robots_max_videopreview":null,"robots_max_imagepreview":"large","priority":null,"frequency":null,"local_seo":null,"seo_analyzer_scan_date":"2025-12-10 20:59:10","breadcrumb_settings":null,"limit_modified_date":false,"open_ai":null,"ai":null,"created":"2021-01-23 15:01:13","updated":"2025-12-10 20:59:10"},"aioseo_breadcrumb":"<div class=\"aioseo-breadcrumbs\"><span class=\"aioseo-breadcrumb\">\n\t<a href=\"https:\/\/www.eldigitaldeasturias.com\/noticias\" title=\"Home\">Home<\/a>\n<\/span><span class=\"aioseo-breadcrumb-separator\">\u2013<\/span><span class=\"aioseo-breadcrumb\">\n\t<a href=\"https:\/\/www.eldigitaldeasturias.com\/noticias\/category\/sociedad\/\" title=\"Sociedad\">Sociedad<\/a>\n<\/span><span class=\"aioseo-breadcrumb-separator\">\u2013<\/span><span class=\"aioseo-breadcrumb\">\n\t<a href=\"https:\/\/www.eldigitaldeasturias.com\/noticias\/martin-ravallion-premio-fundacion-bbva-de-cooperacion\/\" title=\"Martin Ravallion, Premio Fundaci\u00f3n BBVA de Cooperaci\u00f3n\">Martin Ravallion, Premio Fundaci\u00f3n BBVA de Cooperaci\u00f3n<\/a>\n<\/span><\/div>","aioseo_breadcrumb_json":[{"label":"Home","link":"https:\/\/www.eldigitaldeasturias.com\/noticias"},{"label":"Sociedad","link":"https:\/\/www.eldigitaldeasturias.com\/noticias\/category\/sociedad\/"},{"label":"Martin Ravallion, Premio Fundaci\u00f3n BBVA de Cooperaci\u00f3n","link":"https:\/\/www.eldigitaldeasturias.com\/noticias\/martin-ravallion-premio-fundacion-bbva-de-cooperacion\/"}],"_links":{"self":[{"href":"https:\/\/www.eldigitaldeasturias.com\/noticias\/wp-json\/wp\/v2\/posts\/861367","targetHints":{"allow":["GET"]}}],"collection":[{"href":"https:\/\/www.eldigitaldeasturias.com\/noticias\/wp-json\/wp\/v2\/posts"}],"about":[{"href":"https:\/\/www.eldigitaldeasturias.com\/noticias\/wp-json\/wp\/v2\/types\/post"}],"author":[{"embeddable":true,"href":"https:\/\/www.eldigitaldeasturias.com\/noticias\/wp-json\/wp\/v2\/users\/1"}],"replies":[{"embeddable":true,"href":"https:\/\/www.eldigitaldeasturias.com\/noticias\/wp-json\/wp\/v2\/comments?post=861367"}],"version-history":[{"count":0,"href":"https:\/\/www.eldigitaldeasturias.com\/noticias\/wp-json\/wp\/v2\/posts\/861367\/revisions"}],"wp:featuredmedia":[{"embeddable":true,"href":"https:\/\/www.eldigitaldeasturias.com\/noticias\/wp-json\/wp\/v2\/media\/861368"}],"wp:attachment":[{"href":"https:\/\/www.eldigitaldeasturias.com\/noticias\/wp-json\/wp\/v2\/media?parent=861367"}],"wp:term":[{"taxonomy":"category","embeddable":true,"href":"https:\/\/www.eldigitaldeasturias.com\/noticias\/wp-json\/wp\/v2\/categories?post=861367"},{"taxonomy":"post_tag","embeddable":true,"href":"https:\/\/www.eldigitaldeasturias.com\/noticias\/wp-json\/wp\/v2\/tags?post=861367"}],"curies":[{"name":"wp","href":"https:\/\/api.w.org\/{rel}","templated":true}]}}