{"id":861363,"date":"2016-02-23T18:18:37","date_gmt":"2016-02-23T18:18:37","guid":{"rendered":"http:\/\/www.eldigitaldeasturias.com\/noticias\/?p=861363"},"modified":"2016-02-23T18:18:37","modified_gmt":"2016-02-23T18:18:37","slug":"alonso-afirma-que-la-tendencia-en-asesinatos-de-violencia-de-genero-no-esta-en-ascenso","status":"publish","type":"post","link":"https:\/\/www.eldigitaldeasturias.com\/noticias\/alonso-afirma-que-la-tendencia-en-asesinatos-de-violencia-de-genero-no-esta-en-ascenso\/","title":{"rendered":"Alonso afirma que \u00abla tendencia\u00bb en asesinatos de violencia de g\u00e9nero \u00abno est\u00e1 en ascenso\u00bb"},"content":{"rendered":"<p><img loading=\"lazy\" decoding=\"async\" class=\"alignleft size-medium wp-image-861365\" src=\"https:\/\/www.eldigitaldeasturias.com\/noticias\/wp-content\/uploads\/2016\/02\/fotonoticia_20160223120701_800-360x240.jpg\" alt=\"fotonoticia_20160223120701_800\" width=\"360\" height=\"240\" srcset=\"https:\/\/www.eldigitaldeasturias.com\/noticias\/wp-content\/uploads\/2016\/02\/fotonoticia_20160223120701_800-360x240.jpg 360w, https:\/\/www.eldigitaldeasturias.com\/noticias\/wp-content\/uploads\/2016\/02\/fotonoticia_20160223120701_800-768x513.jpg 768w, https:\/\/www.eldigitaldeasturias.com\/noticias\/wp-content\/uploads\/2016\/02\/fotonoticia_20160223120701_800-650x434.jpg 650w, https:\/\/www.eldigitaldeasturias.com\/noticias\/wp-content\/uploads\/2016\/02\/fotonoticia_20160223120701_800-84x55.jpg 84w, https:\/\/www.eldigitaldeasturias.com\/noticias\/wp-content\/uploads\/2016\/02\/fotonoticia_20160223120701_800-49x32.jpg 49w, https:\/\/www.eldigitaldeasturias.com\/noticias\/wp-content\/uploads\/2016\/02\/fotonoticia_20160223120701_800.jpg 800w\" sizes=\"auto, (max-width: 360px) 100vw, 360px\" \/>El ministro de Sanidad, Servicios Sociales e Igualdad en funciones, Alfonso Alonso, ha afirmado este martes que \u00aba nivel global la tendencia es que el n\u00famero de casos\u00bb de homicidios por violencia de g\u00e9nero \u00abno est\u00e1 en ascenso\u00bb pese al \u00abmal arranque de a\u00f1o\u00bb, con 10 mujeres asesinadas en este contexto y dos casos m\u00e1s a\u00fan por esclarecer.<\/p>\n<p>\u00abNosotros vemos las cosas en perspectiva. El d\u00eda que ocurre un caso es un mal d\u00eda para nosotros, tenemos que expresar la condena y la necesidad de seguir trabajando de manera coordinada (&#8230;) M\u00e1s all\u00e1 de las penalidades del d\u00eda a d\u00eda hay que trabajar con la mirada puesta en el futuro\u00bb, ha se\u00f1alado en declaraciones a los medios en Madrid.<\/p>\n<p>Para Alonso, la persistencia de los asesinatos de mujeres en Espa\u00f1a \u00abrecuerda que esto sigue siendo una prioridad de car\u00e1cter nacional\u00bb. \u00abAhora que se est\u00e1 en negociaciones para pensar en el futuro, est\u00e1 bien que se considere la importancia de que esto sea una pol\u00edtica de Estado y no territorio para enfrentarse\u00bb, ha a\u00f1adido.<\/p>\n","protected":false},"excerpt":{"rendered":"<p>El ministro de Sanidad, Servicios Sociales e Igualdad en funciones, Alfonso Alonso, ha afirmado este martes que \u00aba nivel global la tendencia es que el n\u00famero de casos\u00bb de homicidios por violencia de g\u00e9nero \u00abno est\u00e1 en ascenso\u00bb pese al \u00abmal arranque de a\u00f1o\u00bb, con 10 mujeres asesinadas en este contexto y dos casos m\u00e1s [&hellip;]<\/p>\n","protected":false},"author":1,"featured_media":861365,"comment_status":"closed","ping_status":"closed","sticky":false,"template":"","format":"standard","meta":{"footnotes":""},"categories":[5],"tags":[],"class_list":["post-861363","post","type-post","status-publish","format-standard","has-post-thumbnail","hentry","category-sucesos"],"aioseo_notices":[],"aioseo_head":"\n\t\t<!-- All in One SEO Pro 4.9.6.2 - aioseo.com -->\n\t<meta name=\"description\" content=\"El ministro de Sanidad, Servicios Sociales e Igualdad en funciones, Alfonso Alonso, ha afirmado este martes que &quot;a nivel global la tendencia es que el n\u00famero de casos&quot; de homicidios por violencia de g\u00e9nero &quot;no est\u00e1 en ascenso&quot; pese al &quot;mal arranque de a\u00f1o&quot;, con 10 mujeres asesinadas en este contexto y dos casos m\u00e1s\" \/>\n\t<meta name=\"robots\" content=\"max-image-preview:large\" \/>\n\t<meta name=\"author\" content=\"El Digital de Asturias\"\/>\n\t<meta name=\"google-site-verification\" content=\"UA-38556648-1\" \/>\n\t<meta name=\"msvalidate.01\" content=\"7dfe9f3f1b24437ab69f4f2559babe99\" \/>\n\t<meta name=\"keywords\" content=\"sucesos\" \/>\n\t<link rel=\"canonical\" href=\"https:\/\/www.eldigitaldeasturias.com\/noticias\/alonso-afirma-que-la-tendencia-en-asesinatos-de-violencia-de-genero-no-esta-en-ascenso\/\" \/>\n\t<meta name=\"generator\" content=\"All in One SEO Pro (AIOSEO) 4.9.6.2\" \/>\n\t\t<meta property=\"og:locale\" content=\"es_ES\" \/>\n\t\t<meta property=\"og:site_name\" content=\"El Digital de Asturias\" \/>\n\t\t<meta property=\"og:type\" content=\"article\" \/>\n\t\t<meta property=\"og:title\" content=\"Alonso afirma que \u00abla tendencia\u00bb en asesinatos de violencia de g\u00e9nero \u00abno est\u00e1 en ascenso\u00bb - El Digital de Asturias\" \/>\n\t\t<meta property=\"og:description\" content=\"El ministro de Sanidad, Servicios Sociales e Igualdad en funciones, Alfonso Alonso, ha afirmado este martes que &quot;a nivel global la tendencia es que el n\u00famero de casos&quot; de homicidios por violencia de g\u00e9nero &quot;no est\u00e1 en ascenso&quot; pese al &quot;mal arranque de a\u00f1o&quot;, con 10 mujeres asesinadas en este contexto y dos casos m\u00e1s\" \/>\n\t\t<meta property=\"og:url\" content=\"https:\/\/www.eldigitaldeasturias.com\/noticias\/alonso-afirma-que-la-tendencia-en-asesinatos-de-violencia-de-genero-no-esta-en-ascenso\/\" \/>\n\t\t<meta property=\"og:image\" content=\"https:\/\/www.eldigitaldeasturias.com\/noticias\/wp-content\/uploads\/2016\/02\/fotonoticia_20160223120701_800.jpg\" \/>\n\t\t<meta property=\"og:image:secure_url\" content=\"https:\/\/www.eldigitaldeasturias.com\/noticias\/wp-content\/uploads\/2016\/02\/fotonoticia_20160223120701_800.jpg\" \/>\n\t\t<meta property=\"og:image:width\" content=\"800\" \/>\n\t\t<meta property=\"og:image:height\" content=\"534\" \/>\n\t\t<meta property=\"article:tag\" content=\"sucesos\" \/>\n\t\t<meta property=\"article:published_time\" content=\"2016-02-23T18:18:37+00:00\" \/>\n\t\t<meta property=\"article:modified_time\" content=\"2016-02-23T18:18:37+00:00\" \/>\n\t\t<meta property=\"article:publisher\" content=\"https:\/\/facebook.com\/eldigitaldeasturias\" \/>\n\t\t<meta name=\"twitter:card\" content=\"summary_large_image\" \/>\n\t\t<meta name=\"twitter:title\" content=\"Alonso afirma que \u00abla tendencia\u00bb en asesinatos de violencia de g\u00e9nero \u00abno est\u00e1 en ascenso\u00bb - El Digital de Asturias\" \/>\n\t\t<meta name=\"twitter:description\" content=\"El ministro de Sanidad, Servicios Sociales e Igualdad en funciones, Alfonso Alonso, ha afirmado este martes que &quot;a nivel global la tendencia es que el n\u00famero de casos&quot; de homicidios por violencia de g\u00e9nero &quot;no est\u00e1 en ascenso&quot; pese al &quot;mal arranque de a\u00f1o&quot;, con 10 mujeres asesinadas en este contexto y dos casos m\u00e1s\" \/>\n\t\t<meta name=\"twitter:image\" content=\"https:\/\/www.eldigitaldeasturias.com\/noticias\/wp-content\/uploads\/2016\/02\/fotonoticia_20160223120701_800.jpg\" \/>\n\t\t<meta name=\"twitter:label1\" content=\"Escrito por\" \/>\n\t\t<meta name=\"twitter:data1\" content=\"El Digital de Asturias\" \/>\n\t\t<meta name=\"twitter:label2\" content=\"Tiempo de lectura estimado\" \/>\n\t\t<meta name=\"twitter:data2\" content=\"1 minuto\" \/>\n\t\t<script type=\"application\/ld+json\" class=\"aioseo-schema\">\n\t\t\t{\"@context\":\"https:\\\/\\\/schema.org\",\"@graph\":[{\"@type\":\"BlogPosting\",\"@id\":\"https:\\\/\\\/www.eldigitaldeasturias.com\\\/noticias\\\/alonso-afirma-que-la-tendencia-en-asesinatos-de-violencia-de-genero-no-esta-en-ascenso\\\/#blogposting\",\"name\":\"Alonso afirma que \\u00abla tendencia\\u00bb en asesinatos de violencia de g\\u00e9nero \\u00abno est\\u00e1 en ascenso\\u00bb - El Digital de Asturias\",\"headline\":\"Alonso afirma que \\u00abla tendencia\\u00bb en asesinatos de violencia de g\\u00e9nero \\u00abno est\\u00e1 en ascenso\\u00bb\",\"author\":{\"@id\":\"https:\\\/\\\/www.eldigitaldeasturias.com\\\/noticias\\\/author\\\/admin\\\/#author\"},\"publisher\":{\"@id\":\"https:\\\/\\\/www.eldigitaldeasturias.com\\\/noticias\\\/#organization\"},\"image\":{\"@type\":\"ImageObject\",\"url\":\"https:\\\/\\\/www.eldigitaldeasturias.com\\\/noticias\\\/wp-content\\\/uploads\\\/2016\\\/02\\\/fotonoticia_20160223120701_800.jpg\",\"width\":800,\"height\":534},\"datePublished\":\"2016-02-23T18:18:37+01:00\",\"dateModified\":\"2016-02-23T18:18:37+01:00\",\"inLanguage\":\"es-ES\",\"mainEntityOfPage\":{\"@id\":\"https:\\\/\\\/www.eldigitaldeasturias.com\\\/noticias\\\/alonso-afirma-que-la-tendencia-en-asesinatos-de-violencia-de-genero-no-esta-en-ascenso\\\/#webpage\"},\"isPartOf\":{\"@id\":\"https:\\\/\\\/www.eldigitaldeasturias.com\\\/noticias\\\/alonso-afirma-que-la-tendencia-en-asesinatos-de-violencia-de-genero-no-esta-en-ascenso\\\/#webpage\"},\"articleSection\":\"Sucesos\"},{\"@type\":\"BreadcrumbList\",\"@id\":\"https:\\\/\\\/www.eldigitaldeasturias.com\\\/noticias\\\/alonso-afirma-que-la-tendencia-en-asesinatos-de-violencia-de-genero-no-esta-en-ascenso\\\/#breadcrumblist\",\"itemListElement\":[{\"@type\":\"ListItem\",\"@id\":\"https:\\\/\\\/www.eldigitaldeasturias.com\\\/noticias#listItem\",\"position\":1,\"name\":\"Home\",\"item\":\"https:\\\/\\\/www.eldigitaldeasturias.com\\\/noticias\",\"nextItem\":{\"@type\":\"ListItem\",\"@id\":\"https:\\\/\\\/www.eldigitaldeasturias.com\\\/noticias\\\/category\\\/sucesos\\\/#listItem\",\"name\":\"Sucesos\"}},{\"@type\":\"ListItem\",\"@id\":\"https:\\\/\\\/www.eldigitaldeasturias.com\\\/noticias\\\/category\\\/sucesos\\\/#listItem\",\"position\":2,\"name\":\"Sucesos\",\"item\":\"https:\\\/\\\/www.eldigitaldeasturias.com\\\/noticias\\\/category\\\/sucesos\\\/\",\"nextItem\":{\"@type\":\"ListItem\",\"@id\":\"https:\\\/\\\/www.eldigitaldeasturias.com\\\/noticias\\\/alonso-afirma-que-la-tendencia-en-asesinatos-de-violencia-de-genero-no-esta-en-ascenso\\\/#listItem\",\"name\":\"Alonso afirma que \\u00abla tendencia\\u00bb en asesinatos de violencia de g\\u00e9nero \\u00abno est\\u00e1 en ascenso\\u00bb\"},\"previousItem\":{\"@type\":\"ListItem\",\"@id\":\"https:\\\/\\\/www.eldigitaldeasturias.com\\\/noticias#listItem\",\"name\":\"Home\"}},{\"@type\":\"ListItem\",\"@id\":\"https:\\\/\\\/www.eldigitaldeasturias.com\\\/noticias\\\/alonso-afirma-que-la-tendencia-en-asesinatos-de-violencia-de-genero-no-esta-en-ascenso\\\/#listItem\",\"position\":3,\"name\":\"Alonso afirma que \\u00abla tendencia\\u00bb en asesinatos de violencia de g\\u00e9nero \\u00abno est\\u00e1 en ascenso\\u00bb\",\"previousItem\":{\"@type\":\"ListItem\",\"@id\":\"https:\\\/\\\/www.eldigitaldeasturias.com\\\/noticias\\\/category\\\/sucesos\\\/#listItem\",\"name\":\"Sucesos\"}}]},{\"@type\":\"Organization\",\"@id\":\"https:\\\/\\\/www.eldigitaldeasturias.com\\\/noticias\\\/#organization\",\"name\":\"El Digital de Asturias\",\"description\":\"Hemeroteca\",\"url\":\"https:\\\/\\\/www.eldigitaldeasturias.com\\\/noticias\\\/\",\"email\":\"info@eldigitaldeasturias.com\",\"telephone\":\"+34652131393\",\"logo\":{\"@type\":\"ImageObject\",\"url\":\"https:\\\/\\\/www.eldigitaldeasturias.com\\\/noticias\\\/wp-content\\\/uploads\\\/2020\\\/12\\\/EDA.jpg\",\"@id\":\"https:\\\/\\\/www.eldigitaldeasturias.com\\\/noticias\\\/alonso-afirma-que-la-tendencia-en-asesinatos-de-violencia-de-genero-no-esta-en-ascenso\\\/#organizationLogo\",\"width\":649,\"height\":297},\"image\":{\"@id\":\"https:\\\/\\\/www.eldigitaldeasturias.com\\\/noticias\\\/alonso-afirma-que-la-tendencia-en-asesinatos-de-violencia-de-genero-no-esta-en-ascenso\\\/#organizationLogo\"},\"sameAs\":[\"https:\\\/\\\/facebook.com\\\/eldigitaldeasturias\",\"https:\\\/\\\/www.youtube.com\\\/channel\\\/UCZP-2wLEB9Rv6erhFmqVnvg\"],\"address\":{\"@id\":\"https:\\\/\\\/www.eldigitaldeasturias.com\\\/noticias\\\/#postaladdress\",\"@type\":\"PostalAddress\",\"streetAddress\":\"san antonio 4,\",\"postalCode\":\"33430\",\"addressLocality\":\"Cand\\u00e1s\",\"addressRegion\":\"Asturias\",\"addressCountry\":\"ES\"}},{\"@type\":\"Person\",\"@id\":\"https:\\\/\\\/www.eldigitaldeasturias.com\\\/noticias\\\/author\\\/admin\\\/#author\",\"url\":\"https:\\\/\\\/www.eldigitaldeasturias.com\\\/noticias\\\/author\\\/admin\\\/\",\"name\":\"El Digital de Asturias\",\"image\":{\"@type\":\"ImageObject\",\"@id\":\"https:\\\/\\\/www.eldigitaldeasturias.com\\\/noticias\\\/alonso-afirma-que-la-tendencia-en-asesinatos-de-violencia-de-genero-no-esta-en-ascenso\\\/#authorImage\",\"url\":\"https:\\\/\\\/www.eldigitaldeasturias.com\\\/noticias\\\/wp-content\\\/litespeed\\\/avatar\\\/18677e78aa0546b92d9dbf31ec7d7668.jpg?ver=1777290358\",\"width\":96,\"height\":96,\"caption\":\"El Digital de Asturias\"}},{\"@type\":\"WebPage\",\"@id\":\"https:\\\/\\\/www.eldigitaldeasturias.com\\\/noticias\\\/alonso-afirma-que-la-tendencia-en-asesinatos-de-violencia-de-genero-no-esta-en-ascenso\\\/#webpage\",\"url\":\"https:\\\/\\\/www.eldigitaldeasturias.com\\\/noticias\\\/alonso-afirma-que-la-tendencia-en-asesinatos-de-violencia-de-genero-no-esta-en-ascenso\\\/\",\"name\":\"Alonso afirma que \\u00abla tendencia\\u00bb en asesinatos de violencia de g\\u00e9nero \\u00abno est\\u00e1 en ascenso\\u00bb - El Digital de Asturias\",\"description\":\"El ministro de Sanidad, Servicios Sociales e Igualdad en funciones, Alfonso Alonso, ha afirmado este martes que \\\"a nivel global la tendencia es que el n\\u00famero de casos\\\" de homicidios por violencia de g\\u00e9nero \\\"no est\\u00e1 en ascenso\\\" pese al \\\"mal arranque de a\\u00f1o\\\", con 10 mujeres asesinadas en este contexto y dos casos m\\u00e1s\",\"inLanguage\":\"es-ES\",\"isPartOf\":{\"@id\":\"https:\\\/\\\/www.eldigitaldeasturias.com\\\/noticias\\\/#website\"},\"breadcrumb\":{\"@id\":\"https:\\\/\\\/www.eldigitaldeasturias.com\\\/noticias\\\/alonso-afirma-que-la-tendencia-en-asesinatos-de-violencia-de-genero-no-esta-en-ascenso\\\/#breadcrumblist\"},\"author\":{\"@id\":\"https:\\\/\\\/www.eldigitaldeasturias.com\\\/noticias\\\/author\\\/admin\\\/#author\"},\"creator\":{\"@id\":\"https:\\\/\\\/www.eldigitaldeasturias.com\\\/noticias\\\/author\\\/admin\\\/#author\"},\"image\":{\"@type\":\"ImageObject\",\"url\":\"https:\\\/\\\/www.eldigitaldeasturias.com\\\/noticias\\\/wp-content\\\/uploads\\\/2016\\\/02\\\/fotonoticia_20160223120701_800.jpg\",\"@id\":\"https:\\\/\\\/www.eldigitaldeasturias.com\\\/noticias\\\/alonso-afirma-que-la-tendencia-en-asesinatos-de-violencia-de-genero-no-esta-en-ascenso\\\/#mainImage\",\"width\":800,\"height\":534},\"primaryImageOfPage\":{\"@id\":\"https:\\\/\\\/www.eldigitaldeasturias.com\\\/noticias\\\/alonso-afirma-que-la-tendencia-en-asesinatos-de-violencia-de-genero-no-esta-en-ascenso\\\/#mainImage\"},\"datePublished\":\"2016-02-23T18:18:37+01:00\",\"dateModified\":\"2016-02-23T18:18:37+01:00\"},{\"@type\":\"WebSite\",\"@id\":\"https:\\\/\\\/www.eldigitaldeasturias.com\\\/noticias\\\/#website\",\"url\":\"https:\\\/\\\/www.eldigitaldeasturias.com\\\/noticias\\\/\",\"name\":\"El Digital de Asturias - Diario de actualidad y noticias\",\"alternateName\":\"El Digital de Asturias - Diario de actualidad y noticias\",\"description\":\"Hemeroteca\",\"inLanguage\":\"es-ES\",\"publisher\":{\"@id\":\"https:\\\/\\\/www.eldigitaldeasturias.com\\\/noticias\\\/#organization\"}}]}\n\t\t<\/script>\n\t\t<!-- All in One SEO Pro -->\r\n\t\t<title>Alonso afirma que \u00abla tendencia\u00bb en asesinatos de violencia de g\u00e9nero \u00abno est\u00e1 en ascenso\u00bb - El Digital de Asturias<\/title>\n\n","aioseo_head_json":{"title":"Alonso afirma que \u00abla tendencia\u00bb en asesinatos de violencia de g\u00e9nero \u00abno est\u00e1 en ascenso\u00bb - El Digital de Asturias","description":"El ministro de Sanidad, Servicios Sociales e Igualdad en funciones, Alfonso Alonso, ha afirmado este martes que \"a nivel global la tendencia es que el n\u00famero de casos\" de homicidios por violencia de g\u00e9nero \"no est\u00e1 en ascenso\" pese al \"mal arranque de a\u00f1o\", con 10 mujeres asesinadas en este contexto y dos casos m\u00e1s","canonical_url":"https:\/\/www.eldigitaldeasturias.com\/noticias\/alonso-afirma-que-la-tendencia-en-asesinatos-de-violencia-de-genero-no-esta-en-ascenso\/","robots":"max-image-preview:large","keywords":"sucesos","webmasterTools":{"google-site-verification":"UA-38556648-1","msvalidate.01":"7dfe9f3f1b24437ab69f4f2559babe99","miscellaneous":""},"schema":{"@context":"https:\/\/schema.org","@graph":[{"@type":"BlogPosting","@id":"https:\/\/www.eldigitaldeasturias.com\/noticias\/alonso-afirma-que-la-tendencia-en-asesinatos-de-violencia-de-genero-no-esta-en-ascenso\/#blogposting","name":"Alonso afirma que \u00abla tendencia\u00bb en asesinatos de violencia de g\u00e9nero \u00abno est\u00e1 en ascenso\u00bb - El Digital de Asturias","headline":"Alonso afirma que \u00abla tendencia\u00bb en asesinatos de violencia de g\u00e9nero \u00abno est\u00e1 en ascenso\u00bb","author":{"@id":"https:\/\/www.eldigitaldeasturias.com\/noticias\/author\/admin\/#author"},"publisher":{"@id":"https:\/\/www.eldigitaldeasturias.com\/noticias\/#organization"},"image":{"@type":"ImageObject","url":"https:\/\/www.eldigitaldeasturias.com\/noticias\/wp-content\/uploads\/2016\/02\/fotonoticia_20160223120701_800.jpg","width":800,"height":534},"datePublished":"2016-02-23T18:18:37+01:00","dateModified":"2016-02-23T18:18:37+01:00","inLanguage":"es-ES","mainEntityOfPage":{"@id":"https:\/\/www.eldigitaldeasturias.com\/noticias\/alonso-afirma-que-la-tendencia-en-asesinatos-de-violencia-de-genero-no-esta-en-ascenso\/#webpage"},"isPartOf":{"@id":"https:\/\/www.eldigitaldeasturias.com\/noticias\/alonso-afirma-que-la-tendencia-en-asesinatos-de-violencia-de-genero-no-esta-en-ascenso\/#webpage"},"articleSection":"Sucesos"},{"@type":"BreadcrumbList","@id":"https:\/\/www.eldigitaldeasturias.com\/noticias\/alonso-afirma-que-la-tendencia-en-asesinatos-de-violencia-de-genero-no-esta-en-ascenso\/#breadcrumblist","itemListElement":[{"@type":"ListItem","@id":"https:\/\/www.eldigitaldeasturias.com\/noticias#listItem","position":1,"name":"Home","item":"https:\/\/www.eldigitaldeasturias.com\/noticias","nextItem":{"@type":"ListItem","@id":"https:\/\/www.eldigitaldeasturias.com\/noticias\/category\/sucesos\/#listItem","name":"Sucesos"}},{"@type":"ListItem","@id":"https:\/\/www.eldigitaldeasturias.com\/noticias\/category\/sucesos\/#listItem","position":2,"name":"Sucesos","item":"https:\/\/www.eldigitaldeasturias.com\/noticias\/category\/sucesos\/","nextItem":{"@type":"ListItem","@id":"https:\/\/www.eldigitaldeasturias.com\/noticias\/alonso-afirma-que-la-tendencia-en-asesinatos-de-violencia-de-genero-no-esta-en-ascenso\/#listItem","name":"Alonso afirma que \u00abla tendencia\u00bb en asesinatos de violencia de g\u00e9nero \u00abno est\u00e1 en ascenso\u00bb"},"previousItem":{"@type":"ListItem","@id":"https:\/\/www.eldigitaldeasturias.com\/noticias#listItem","name":"Home"}},{"@type":"ListItem","@id":"https:\/\/www.eldigitaldeasturias.com\/noticias\/alonso-afirma-que-la-tendencia-en-asesinatos-de-violencia-de-genero-no-esta-en-ascenso\/#listItem","position":3,"name":"Alonso afirma que \u00abla tendencia\u00bb en asesinatos de violencia de g\u00e9nero \u00abno est\u00e1 en ascenso\u00bb","previousItem":{"@type":"ListItem","@id":"https:\/\/www.eldigitaldeasturias.com\/noticias\/category\/sucesos\/#listItem","name":"Sucesos"}}]},{"@type":"Organization","@id":"https:\/\/www.eldigitaldeasturias.com\/noticias\/#organization","name":"El Digital de Asturias","description":"Hemeroteca","url":"https:\/\/www.eldigitaldeasturias.com\/noticias\/","email":"info@eldigitaldeasturias.com","telephone":"+34652131393","logo":{"@type":"ImageObject","url":"https:\/\/www.eldigitaldeasturias.com\/noticias\/wp-content\/uploads\/2020\/12\/EDA.jpg","@id":"https:\/\/www.eldigitaldeasturias.com\/noticias\/alonso-afirma-que-la-tendencia-en-asesinatos-de-violencia-de-genero-no-esta-en-ascenso\/#organizationLogo","width":649,"height":297},"image":{"@id":"https:\/\/www.eldigitaldeasturias.com\/noticias\/alonso-afirma-que-la-tendencia-en-asesinatos-de-violencia-de-genero-no-esta-en-ascenso\/#organizationLogo"},"sameAs":["https:\/\/facebook.com\/eldigitaldeasturias","https:\/\/www.youtube.com\/channel\/UCZP-2wLEB9Rv6erhFmqVnvg"],"address":{"@id":"https:\/\/www.eldigitaldeasturias.com\/noticias\/#postaladdress","@type":"PostalAddress","streetAddress":"san antonio 4,","postalCode":"33430","addressLocality":"Cand\u00e1s","addressRegion":"Asturias","addressCountry":"ES"}},{"@type":"Person","@id":"https:\/\/www.eldigitaldeasturias.com\/noticias\/author\/admin\/#author","url":"https:\/\/www.eldigitaldeasturias.com\/noticias\/author\/admin\/","name":"El Digital de Asturias","image":{"@type":"ImageObject","@id":"https:\/\/www.eldigitaldeasturias.com\/noticias\/alonso-afirma-que-la-tendencia-en-asesinatos-de-violencia-de-genero-no-esta-en-ascenso\/#authorImage","url":"https:\/\/www.eldigitaldeasturias.com\/noticias\/wp-content\/litespeed\/avatar\/18677e78aa0546b92d9dbf31ec7d7668.jpg?ver=1777290358","width":96,"height":96,"caption":"El Digital de Asturias"}},{"@type":"WebPage","@id":"https:\/\/www.eldigitaldeasturias.com\/noticias\/alonso-afirma-que-la-tendencia-en-asesinatos-de-violencia-de-genero-no-esta-en-ascenso\/#webpage","url":"https:\/\/www.eldigitaldeasturias.com\/noticias\/alonso-afirma-que-la-tendencia-en-asesinatos-de-violencia-de-genero-no-esta-en-ascenso\/","name":"Alonso afirma que \u00abla tendencia\u00bb en asesinatos de violencia de g\u00e9nero \u00abno est\u00e1 en ascenso\u00bb - El Digital de Asturias","description":"El ministro de Sanidad, Servicios Sociales e Igualdad en funciones, Alfonso Alonso, ha afirmado este martes que \"a nivel global la tendencia es que el n\u00famero de casos\" de homicidios por violencia de g\u00e9nero \"no est\u00e1 en ascenso\" pese al \"mal arranque de a\u00f1o\", con 10 mujeres asesinadas en este contexto y dos casos m\u00e1s","inLanguage":"es-ES","isPartOf":{"@id":"https:\/\/www.eldigitaldeasturias.com\/noticias\/#website"},"breadcrumb":{"@id":"https:\/\/www.eldigitaldeasturias.com\/noticias\/alonso-afirma-que-la-tendencia-en-asesinatos-de-violencia-de-genero-no-esta-en-ascenso\/#breadcrumblist"},"author":{"@id":"https:\/\/www.eldigitaldeasturias.com\/noticias\/author\/admin\/#author"},"creator":{"@id":"https:\/\/www.eldigitaldeasturias.com\/noticias\/author\/admin\/#author"},"image":{"@type":"ImageObject","url":"https:\/\/www.eldigitaldeasturias.com\/noticias\/wp-content\/uploads\/2016\/02\/fotonoticia_20160223120701_800.jpg","@id":"https:\/\/www.eldigitaldeasturias.com\/noticias\/alonso-afirma-que-la-tendencia-en-asesinatos-de-violencia-de-genero-no-esta-en-ascenso\/#mainImage","width":800,"height":534},"primaryImageOfPage":{"@id":"https:\/\/www.eldigitaldeasturias.com\/noticias\/alonso-afirma-que-la-tendencia-en-asesinatos-de-violencia-de-genero-no-esta-en-ascenso\/#mainImage"},"datePublished":"2016-02-23T18:18:37+01:00","dateModified":"2016-02-23T18:18:37+01:00"},{"@type":"WebSite","@id":"https:\/\/www.eldigitaldeasturias.com\/noticias\/#website","url":"https:\/\/www.eldigitaldeasturias.com\/noticias\/","name":"El Digital de Asturias - Diario de actualidad y noticias","alternateName":"El Digital de Asturias - Diario de actualidad y noticias","description":"Hemeroteca","inLanguage":"es-ES","publisher":{"@id":"https:\/\/www.eldigitaldeasturias.com\/noticias\/#organization"}}]},"og:locale":"es_ES","og:site_name":"El Digital de Asturias","og:type":"article","og:title":"Alonso afirma que \u00abla tendencia\u00bb en asesinatos de violencia de g\u00e9nero \u00abno est\u00e1 en ascenso\u00bb - El Digital de Asturias","og:description":"El ministro de Sanidad, Servicios Sociales e Igualdad en funciones, Alfonso Alonso, ha afirmado este martes que &quot;a nivel global la tendencia es que el n\u00famero de casos&quot; de homicidios por violencia de g\u00e9nero &quot;no est\u00e1 en ascenso&quot; pese al &quot;mal arranque de a\u00f1o&quot;, con 10 mujeres asesinadas en este contexto y dos casos m\u00e1s","og:url":"https:\/\/www.eldigitaldeasturias.com\/noticias\/alonso-afirma-que-la-tendencia-en-asesinatos-de-violencia-de-genero-no-esta-en-ascenso\/","og:image":"https:\/\/www.eldigitaldeasturias.com\/noticias\/wp-content\/uploads\/2016\/02\/fotonoticia_20160223120701_800.jpg","og:image:secure_url":"https:\/\/www.eldigitaldeasturias.com\/noticias\/wp-content\/uploads\/2016\/02\/fotonoticia_20160223120701_800.jpg","og:image:width":800,"og:image:height":534,"article:tag":["sucesos"],"article:published_time":"2016-02-23T18:18:37+00:00","article:modified_time":"2016-02-23T18:18:37+00:00","article:publisher":"https:\/\/facebook.com\/eldigitaldeasturias","twitter:card":"summary_large_image","twitter:title":"Alonso afirma que \u00abla tendencia\u00bb en asesinatos de violencia de g\u00e9nero \u00abno est\u00e1 en ascenso\u00bb - El Digital de Asturias","twitter:description":"El ministro de Sanidad, Servicios Sociales e Igualdad en funciones, Alfonso Alonso, ha afirmado este martes que &quot;a nivel global la tendencia es que el n\u00famero de casos&quot; de homicidios por violencia de g\u00e9nero &quot;no est\u00e1 en ascenso&quot; pese al &quot;mal arranque de a\u00f1o&quot;, con 10 mujeres asesinadas en este contexto y dos casos m\u00e1s","twitter:image":"https:\/\/www.eldigitaldeasturias.com\/noticias\/wp-content\/uploads\/2016\/02\/fotonoticia_20160223120701_800.jpg","twitter:label1":"Escrito por","twitter:data1":"El Digital de Asturias","twitter:label2":"Tiempo de lectura estimado","twitter:data2":"1 minuto"},"aioseo_meta_data":{"post_id":"861363","title":null,"description":null,"keywords":null,"keyphrases":null,"primary_term":null,"canonical_url":null,"og_title":null,"og_description":null,"og_object_type":"default","og_image_type":"default","og_image_url":null,"og_image_width":null,"og_image_height":null,"og_image_custom_url":null,"og_image_custom_fields":null,"og_video":null,"og_custom_url":null,"og_article_section":null,"og_article_tags":null,"twitter_use_og":false,"twitter_card":"default","twitter_image_type":"default","twitter_image_url":null,"twitter_image_custom_url":null,"twitter_image_custom_fields":null,"twitter_title":null,"twitter_description":null,"schema":{"blockGraphs":[],"customGraphs":[],"default":{"data":{"Article":[],"Course":[],"Dataset":[],"FAQPage":[],"Movie":[],"Person":[],"Product":[],"ProductReview":[],"Car":[],"Recipe":[],"Service":[],"SoftwareApplication":[],"WebPage":[]},"graphName":"","isEnabled":true},"graphs":[],"defaultGraph":"","defaultPostTypeGraph":""},"schema_type":null,"schema_type_options":null,"pillar_content":false,"robots_default":true,"robots_noindex":false,"robots_noarchive":false,"robots_nosnippet":false,"robots_nofollow":false,"robots_noimageindex":false,"robots_noodp":false,"robots_notranslate":false,"robots_max_snippet":null,"robots_max_videopreview":null,"robots_max_imagepreview":"large","priority":null,"frequency":null,"local_seo":null,"seo_analyzer_scan_date":"2025-12-10 20:59:10","breadcrumb_settings":null,"limit_modified_date":false,"open_ai":null,"ai":null,"created":"2021-01-23 15:01:13","updated":"2025-12-10 20:59:10"},"aioseo_breadcrumb":"<div class=\"aioseo-breadcrumbs\"><span class=\"aioseo-breadcrumb\">\n\t<a href=\"https:\/\/www.eldigitaldeasturias.com\/noticias\" title=\"Home\">Home<\/a>\n<\/span><span class=\"aioseo-breadcrumb-separator\">\u2013<\/span><span class=\"aioseo-breadcrumb\">\n\t<a href=\"https:\/\/www.eldigitaldeasturias.com\/noticias\/category\/sucesos\/\" title=\"Sucesos\">Sucesos<\/a>\n<\/span><span class=\"aioseo-breadcrumb-separator\">\u2013<\/span><span class=\"aioseo-breadcrumb\">\n\t<a href=\"https:\/\/www.eldigitaldeasturias.com\/noticias\/alonso-afirma-que-la-tendencia-en-asesinatos-de-violencia-de-genero-no-esta-en-ascenso\/\" title=\"Alonso afirma que \u00abla tendencia\u00bb en asesinatos de violencia de g\u00e9nero \u00abno est\u00e1 en ascenso\u00bb\">Alonso afirma que \u00abla tendencia\u00bb en asesinatos de violencia de g\u00e9nero \u00abno est\u00e1 en ascenso\u00bb<\/a>\n<\/span><\/div>","aioseo_breadcrumb_json":[{"label":"Home","link":"https:\/\/www.eldigitaldeasturias.com\/noticias"},{"label":"Sucesos","link":"https:\/\/www.eldigitaldeasturias.com\/noticias\/category\/sucesos\/"},{"label":"Alonso afirma que \u00abla tendencia\u00bb en asesinatos de violencia de g\u00e9nero \u00abno est\u00e1 en ascenso\u00bb","link":"https:\/\/www.eldigitaldeasturias.com\/noticias\/alonso-afirma-que-la-tendencia-en-asesinatos-de-violencia-de-genero-no-esta-en-ascenso\/"}],"_links":{"self":[{"href":"https:\/\/www.eldigitaldeasturias.com\/noticias\/wp-json\/wp\/v2\/posts\/861363","targetHints":{"allow":["GET"]}}],"collection":[{"href":"https:\/\/www.eldigitaldeasturias.com\/noticias\/wp-json\/wp\/v2\/posts"}],"about":[{"href":"https:\/\/www.eldigitaldeasturias.com\/noticias\/wp-json\/wp\/v2\/types\/post"}],"author":[{"embeddable":true,"href":"https:\/\/www.eldigitaldeasturias.com\/noticias\/wp-json\/wp\/v2\/users\/1"}],"replies":[{"embeddable":true,"href":"https:\/\/www.eldigitaldeasturias.com\/noticias\/wp-json\/wp\/v2\/comments?post=861363"}],"version-history":[{"count":0,"href":"https:\/\/www.eldigitaldeasturias.com\/noticias\/wp-json\/wp\/v2\/posts\/861363\/revisions"}],"wp:featuredmedia":[{"embeddable":true,"href":"https:\/\/www.eldigitaldeasturias.com\/noticias\/wp-json\/wp\/v2\/media\/861365"}],"wp:attachment":[{"href":"https:\/\/www.eldigitaldeasturias.com\/noticias\/wp-json\/wp\/v2\/media?parent=861363"}],"wp:term":[{"taxonomy":"category","embeddable":true,"href":"https:\/\/www.eldigitaldeasturias.com\/noticias\/wp-json\/wp\/v2\/categories?post=861363"},{"taxonomy":"post_tag","embeddable":true,"href":"https:\/\/www.eldigitaldeasturias.com\/noticias\/wp-json\/wp\/v2\/tags?post=861363"}],"curies":[{"name":"wp","href":"https:\/\/api.w.org\/{rel}","templated":true}]}}