{"id":861358,"date":"2016-02-23T18:15:27","date_gmt":"2016-02-23T18:15:27","guid":{"rendered":"http:\/\/www.eldigitaldeasturias.com\/noticias\/?p=861358"},"modified":"2016-02-23T18:15:27","modified_gmt":"2016-02-23T18:15:27","slug":"la-airef-no-aprecia-riesgos-para-sostener-la-prestacion-de-paro-de-los-autonomos-a-medio-plazo","status":"publish","type":"post","link":"https:\/\/www.eldigitaldeasturias.com\/noticias\/la-airef-no-aprecia-riesgos-para-sostener-la-prestacion-de-paro-de-los-autonomos-a-medio-plazo\/","title":{"rendered":"La AIReF no aprecia riesgos para sostener la prestaci\u00f3n de paro de los aut\u00f3nomos \u00aba medio plazo\u00bb"},"content":{"rendered":"<p><img loading=\"lazy\" decoding=\"async\" class=\"alignleft size-medium wp-image-861359\" src=\"https:\/\/www.eldigitaldeasturias.com\/noticias\/wp-content\/uploads\/2016\/02\/fotonoticia_20160223122140_800-360x224.jpg\" alt=\"fotonoticia_20160223122140_800\" width=\"360\" height=\"224\" srcset=\"https:\/\/www.eldigitaldeasturias.com\/noticias\/wp-content\/uploads\/2016\/02\/fotonoticia_20160223122140_800-360x224.jpg 360w, https:\/\/www.eldigitaldeasturias.com\/noticias\/wp-content\/uploads\/2016\/02\/fotonoticia_20160223122140_800-768x478.jpg 768w, https:\/\/www.eldigitaldeasturias.com\/noticias\/wp-content\/uploads\/2016\/02\/fotonoticia_20160223122140_800-650x405.jpg 650w, https:\/\/www.eldigitaldeasturias.com\/noticias\/wp-content\/uploads\/2016\/02\/fotonoticia_20160223122140_800-480x300.jpg 480w, https:\/\/www.eldigitaldeasturias.com\/noticias\/wp-content\/uploads\/2016\/02\/fotonoticia_20160223122140_800.jpg 800w\" sizes=\"auto, (max-width: 360px) 100vw, 360px\" \/>La Autoridad Independiente de Responsabilidad Fiscal (AIReF) no aprecia riesgos sobre la sostenibilidad financiera de la prestaci\u00f3n de cese de actividad de los aut\u00f3nomos \u00aba medio plazo\u00bb debido a que la recaudaci\u00f3n por esta contingencia supera el gasto.<\/p>\n<p>Eso s\u00ed, la AIReF confirma que el reconocimiento de esta prestaci\u00f3n sigue siendo limitado, porque la involuntariedad en el cese de la actividad \u00abes dif\u00edcil de determinar y de valorar\u00bb.<\/p>\n<p>\u00abLos requisitos de acceso a la prestaci\u00f3n deben ser necesariamente exigentes, pero en la pr\u00e1ctica supone de hecho una barrera de acceso a la prestaci\u00f3n\u00bb, subraya el organismo.<\/p>\n<p>El hecho de que sea dif\u00edcil acceder a esta prestaci\u00f3n y que sea voluntaria para los aut\u00f3nomos ha provocado una reducci\u00f3n de cotizantes, pero la AIReF se\u00f1ala que, de momento, esta ca\u00edda \u00abno supone un riesgo para la sostenibilidad del sistema de protecci\u00f3n por cese de actividad porque la recaudaci\u00f3n es muy superior al gasto en prestaciones\u00bb.<\/p>\n<p>El organismo ha hecho estas consideraciones despu\u00e9s de analizar en un informe si la f\u00f3rmula para calcular el tipo de cotizaci\u00f3n de la prestaci\u00f3n por cese de actividad de los aut\u00f3nomos es o no adecuada.<\/p>\n<p>Seg\u00fan la AIReF, es procedente aplicar para este a\u00f1o el tipo m\u00ednimo marcado por la ley (anualmente lo fija la Ley de Presupuestos Generales del Estado), dado que el resultado de aplicar la f\u00f3rmula establecida para el c\u00e1lculo de dicha prestaci\u00f3n ofrece un tipo muy inferior a ese m\u00ednimo.<\/p>\n<p>En concreto, la norma establece un tope de cotizaci\u00f3n m\u00e1ximo del 4% y un tope m\u00ednimo del 2,2%, el vigente en la actualidad. El resultado de aplicar la f\u00f3rmula es un 0,2%, \u00abun tipo de cotizaci\u00f3n muy inferior al m\u00ednimo fijado por la ley\u00bb.<\/p>\n<p>En opini\u00f3n de la AIReF, existe todav\u00eda \u00abmucho margen\u00bb en el nivel de gasto para igualar la actual recaudaci\u00f3n por esta contingencia y hasta que eso ocurra no ser\u00e1 necesario aumentar el tipo de cotizaci\u00f3n.<\/p>\n<p>El organismo presidido por Jos\u00e9 Luis Escriv\u00e1 se\u00f1ala adem\u00e1s en su informe que los aut\u00f3nomos que reciben prestaci\u00f3n de paro presentan posteriormente periodos de actividad inferiores, unos 33 d\u00edas menos, que el resto de aut\u00f3nomos durante el primer a\u00f1o posterior a la baja.<\/p>\n<p>En todo caso, la AIRef efect\u00faa una serie de recomendaciones al Ministerio de Empleo y Seguridad Social, entre ellas la de dar mayor transparencia a este procedimiento. As\u00ed, aconseja incluir en los Presupuestos Generales del Estado la informaci\u00f3n que permita realizar los c\u00e1lculos de la f\u00f3rmula para estimar el tipo de equilibrio de la prestaci\u00f3n por cese de actividad.<\/p>\n<p>A medio plazo y en vista de que la f\u00f3rmula actual puede suponer un comportamiento \u00abproc\u00edclico\u00bb de la estimaci\u00f3n del tipo, la AIReF cree que se podr\u00eda considerar ampliar el periodo considerado de ingresos y gastos que se utiliza en la f\u00f3rmula.<\/p>\n","protected":false},"excerpt":{"rendered":"<p>La Autoridad Independiente de Responsabilidad Fiscal (AIReF) no aprecia riesgos sobre la sostenibilidad financiera de la prestaci\u00f3n de cese de actividad de los aut\u00f3nomos \u00aba medio plazo\u00bb debido a que la recaudaci\u00f3n por esta contingencia supera el gasto. Eso s\u00ed, la AIReF confirma que el reconocimiento de esta prestaci\u00f3n sigue siendo limitado, porque la involuntariedad [&hellip;]<\/p>\n","protected":false},"author":1,"featured_media":861359,"comment_status":"closed","ping_status":"closed","sticky":false,"template":"","format":"standard","meta":{"footnotes":""},"categories":[1],"tags":[],"class_list":["post-861358","post","type-post","status-publish","format-standard","has-post-thumbnail","hentry","category-actualidad"],"aioseo_notices":[],"aioseo_head":"\n\t\t<!-- All in One SEO Pro 4.9.6.2 - aioseo.com -->\n\t<meta name=\"description\" content=\"La Autoridad Independiente de Responsabilidad Fiscal (AIReF) no aprecia riesgos sobre la sostenibilidad financiera de la prestaci\u00f3n de cese de actividad de los aut\u00f3nomos &quot;a medio plazo&quot; debido a que la recaudaci\u00f3n por esta contingencia supera el gasto. Eso s\u00ed, la AIReF confirma que el reconocimiento de esta prestaci\u00f3n sigue siendo limitado, porque la involuntariedad\" \/>\n\t<meta name=\"robots\" content=\"max-image-preview:large\" \/>\n\t<meta name=\"author\" content=\"El Digital de Asturias\"\/>\n\t<meta name=\"google-site-verification\" content=\"UA-38556648-1\" \/>\n\t<meta name=\"msvalidate.01\" content=\"7dfe9f3f1b24437ab69f4f2559babe99\" \/>\n\t<meta name=\"keywords\" content=\"actualidad\" \/>\n\t<link rel=\"canonical\" href=\"https:\/\/www.eldigitaldeasturias.com\/noticias\/la-airef-no-aprecia-riesgos-para-sostener-la-prestacion-de-paro-de-los-autonomos-a-medio-plazo\/\" \/>\n\t<meta name=\"generator\" content=\"All in One SEO Pro (AIOSEO) 4.9.6.2\" \/>\n\t\t<meta property=\"og:locale\" content=\"es_ES\" \/>\n\t\t<meta property=\"og:site_name\" content=\"El Digital de Asturias\" \/>\n\t\t<meta property=\"og:type\" content=\"article\" \/>\n\t\t<meta property=\"og:title\" content=\"La AIReF no aprecia riesgos para sostener la prestaci\u00f3n de paro de los aut\u00f3nomos \u00aba medio plazo\u00bb - El Digital de Asturias\" \/>\n\t\t<meta property=\"og:description\" content=\"La Autoridad Independiente de Responsabilidad Fiscal (AIReF) no aprecia riesgos sobre la sostenibilidad financiera de la prestaci\u00f3n de cese de actividad de los aut\u00f3nomos &quot;a medio plazo&quot; debido a que la recaudaci\u00f3n por esta contingencia supera el gasto. Eso s\u00ed, la AIReF confirma que el reconocimiento de esta prestaci\u00f3n sigue siendo limitado, porque la involuntariedad\" \/>\n\t\t<meta property=\"og:url\" content=\"https:\/\/www.eldigitaldeasturias.com\/noticias\/la-airef-no-aprecia-riesgos-para-sostener-la-prestacion-de-paro-de-los-autonomos-a-medio-plazo\/\" \/>\n\t\t<meta property=\"og:image\" content=\"https:\/\/www.eldigitaldeasturias.com\/noticias\/wp-content\/uploads\/2016\/02\/fotonoticia_20160223122140_800.jpg\" \/>\n\t\t<meta property=\"og:image:secure_url\" content=\"https:\/\/www.eldigitaldeasturias.com\/noticias\/wp-content\/uploads\/2016\/02\/fotonoticia_20160223122140_800.jpg\" \/>\n\t\t<meta property=\"og:image:width\" content=\"800\" \/>\n\t\t<meta property=\"og:image:height\" content=\"498\" \/>\n\t\t<meta property=\"article:tag\" content=\"actualidad\" \/>\n\t\t<meta property=\"article:published_time\" content=\"2016-02-23T18:15:27+00:00\" \/>\n\t\t<meta property=\"article:modified_time\" content=\"2016-02-23T18:15:27+00:00\" \/>\n\t\t<meta property=\"article:publisher\" content=\"https:\/\/facebook.com\/eldigitaldeasturias\" \/>\n\t\t<meta name=\"twitter:card\" content=\"summary_large_image\" \/>\n\t\t<meta name=\"twitter:title\" content=\"La AIReF no aprecia riesgos para sostener la prestaci\u00f3n de paro de los aut\u00f3nomos \u00aba medio plazo\u00bb - El Digital de Asturias\" \/>\n\t\t<meta name=\"twitter:description\" content=\"La Autoridad Independiente de Responsabilidad Fiscal (AIReF) no aprecia riesgos sobre la sostenibilidad financiera de la prestaci\u00f3n de cese de actividad de los aut\u00f3nomos &quot;a medio plazo&quot; debido a que la recaudaci\u00f3n por esta contingencia supera el gasto. Eso s\u00ed, la AIReF confirma que el reconocimiento de esta prestaci\u00f3n sigue siendo limitado, porque la involuntariedad\" \/>\n\t\t<meta name=\"twitter:image\" content=\"https:\/\/www.eldigitaldeasturias.com\/noticias\/wp-content\/uploads\/2016\/02\/fotonoticia_20160223122140_800.jpg\" \/>\n\t\t<meta name=\"twitter:label1\" content=\"Escrito por\" \/>\n\t\t<meta name=\"twitter:data1\" content=\"El Digital de Asturias\" \/>\n\t\t<meta name=\"twitter:label2\" content=\"Tiempo de lectura estimado\" \/>\n\t\t<meta name=\"twitter:data2\" content=\"3 minutos\" \/>\n\t\t<script type=\"application\/ld+json\" class=\"aioseo-schema\">\n\t\t\t{\"@context\":\"https:\\\/\\\/schema.org\",\"@graph\":[{\"@type\":\"BlogPosting\",\"@id\":\"https:\\\/\\\/www.eldigitaldeasturias.com\\\/noticias\\\/la-airef-no-aprecia-riesgos-para-sostener-la-prestacion-de-paro-de-los-autonomos-a-medio-plazo\\\/#blogposting\",\"name\":\"La AIReF no aprecia riesgos para sostener la prestaci\\u00f3n de paro de los aut\\u00f3nomos \\u00aba medio plazo\\u00bb - El Digital de Asturias\",\"headline\":\"La AIReF no aprecia riesgos para sostener la prestaci\\u00f3n de paro de los aut\\u00f3nomos \\u00aba medio plazo\\u00bb\",\"author\":{\"@id\":\"https:\\\/\\\/www.eldigitaldeasturias.com\\\/noticias\\\/author\\\/admin\\\/#author\"},\"publisher\":{\"@id\":\"https:\\\/\\\/www.eldigitaldeasturias.com\\\/noticias\\\/#organization\"},\"image\":{\"@type\":\"ImageObject\",\"url\":\"https:\\\/\\\/www.eldigitaldeasturias.com\\\/noticias\\\/wp-content\\\/uploads\\\/2016\\\/02\\\/fotonoticia_20160223122140_800.jpg\",\"width\":800,\"height\":498},\"datePublished\":\"2016-02-23T18:15:27+01:00\",\"dateModified\":\"2016-02-23T18:15:27+01:00\",\"inLanguage\":\"es-ES\",\"mainEntityOfPage\":{\"@id\":\"https:\\\/\\\/www.eldigitaldeasturias.com\\\/noticias\\\/la-airef-no-aprecia-riesgos-para-sostener-la-prestacion-de-paro-de-los-autonomos-a-medio-plazo\\\/#webpage\"},\"isPartOf\":{\"@id\":\"https:\\\/\\\/www.eldigitaldeasturias.com\\\/noticias\\\/la-airef-no-aprecia-riesgos-para-sostener-la-prestacion-de-paro-de-los-autonomos-a-medio-plazo\\\/#webpage\"},\"articleSection\":\"Actualidad\"},{\"@type\":\"BreadcrumbList\",\"@id\":\"https:\\\/\\\/www.eldigitaldeasturias.com\\\/noticias\\\/la-airef-no-aprecia-riesgos-para-sostener-la-prestacion-de-paro-de-los-autonomos-a-medio-plazo\\\/#breadcrumblist\",\"itemListElement\":[{\"@type\":\"ListItem\",\"@id\":\"https:\\\/\\\/www.eldigitaldeasturias.com\\\/noticias#listItem\",\"position\":1,\"name\":\"Home\",\"item\":\"https:\\\/\\\/www.eldigitaldeasturias.com\\\/noticias\",\"nextItem\":{\"@type\":\"ListItem\",\"@id\":\"https:\\\/\\\/www.eldigitaldeasturias.com\\\/noticias\\\/category\\\/actualidad\\\/#listItem\",\"name\":\"Actualidad\"}},{\"@type\":\"ListItem\",\"@id\":\"https:\\\/\\\/www.eldigitaldeasturias.com\\\/noticias\\\/category\\\/actualidad\\\/#listItem\",\"position\":2,\"name\":\"Actualidad\",\"item\":\"https:\\\/\\\/www.eldigitaldeasturias.com\\\/noticias\\\/category\\\/actualidad\\\/\",\"nextItem\":{\"@type\":\"ListItem\",\"@id\":\"https:\\\/\\\/www.eldigitaldeasturias.com\\\/noticias\\\/la-airef-no-aprecia-riesgos-para-sostener-la-prestacion-de-paro-de-los-autonomos-a-medio-plazo\\\/#listItem\",\"name\":\"La AIReF no aprecia riesgos para sostener la prestaci\\u00f3n de paro de los aut\\u00f3nomos \\u00aba medio plazo\\u00bb\"},\"previousItem\":{\"@type\":\"ListItem\",\"@id\":\"https:\\\/\\\/www.eldigitaldeasturias.com\\\/noticias#listItem\",\"name\":\"Home\"}},{\"@type\":\"ListItem\",\"@id\":\"https:\\\/\\\/www.eldigitaldeasturias.com\\\/noticias\\\/la-airef-no-aprecia-riesgos-para-sostener-la-prestacion-de-paro-de-los-autonomos-a-medio-plazo\\\/#listItem\",\"position\":3,\"name\":\"La AIReF no aprecia riesgos para sostener la prestaci\\u00f3n de paro de los aut\\u00f3nomos \\u00aba medio plazo\\u00bb\",\"previousItem\":{\"@type\":\"ListItem\",\"@id\":\"https:\\\/\\\/www.eldigitaldeasturias.com\\\/noticias\\\/category\\\/actualidad\\\/#listItem\",\"name\":\"Actualidad\"}}]},{\"@type\":\"Organization\",\"@id\":\"https:\\\/\\\/www.eldigitaldeasturias.com\\\/noticias\\\/#organization\",\"name\":\"El Digital de Asturias\",\"description\":\"Hemeroteca\",\"url\":\"https:\\\/\\\/www.eldigitaldeasturias.com\\\/noticias\\\/\",\"email\":\"info@eldigitaldeasturias.com\",\"telephone\":\"+34652131393\",\"logo\":{\"@type\":\"ImageObject\",\"url\":\"https:\\\/\\\/www.eldigitaldeasturias.com\\\/noticias\\\/wp-content\\\/uploads\\\/2020\\\/12\\\/EDA.jpg\",\"@id\":\"https:\\\/\\\/www.eldigitaldeasturias.com\\\/noticias\\\/la-airef-no-aprecia-riesgos-para-sostener-la-prestacion-de-paro-de-los-autonomos-a-medio-plazo\\\/#organizationLogo\",\"width\":649,\"height\":297},\"image\":{\"@id\":\"https:\\\/\\\/www.eldigitaldeasturias.com\\\/noticias\\\/la-airef-no-aprecia-riesgos-para-sostener-la-prestacion-de-paro-de-los-autonomos-a-medio-plazo\\\/#organizationLogo\"},\"sameAs\":[\"https:\\\/\\\/facebook.com\\\/eldigitaldeasturias\",\"https:\\\/\\\/www.youtube.com\\\/channel\\\/UCZP-2wLEB9Rv6erhFmqVnvg\"],\"address\":{\"@id\":\"https:\\\/\\\/www.eldigitaldeasturias.com\\\/noticias\\\/#postaladdress\",\"@type\":\"PostalAddress\",\"streetAddress\":\"san antonio 4,\",\"postalCode\":\"33430\",\"addressLocality\":\"Cand\\u00e1s\",\"addressRegion\":\"Asturias\",\"addressCountry\":\"ES\"}},{\"@type\":\"Person\",\"@id\":\"https:\\\/\\\/www.eldigitaldeasturias.com\\\/noticias\\\/author\\\/admin\\\/#author\",\"url\":\"https:\\\/\\\/www.eldigitaldeasturias.com\\\/noticias\\\/author\\\/admin\\\/\",\"name\":\"El Digital de Asturias\",\"image\":{\"@type\":\"ImageObject\",\"@id\":\"https:\\\/\\\/www.eldigitaldeasturias.com\\\/noticias\\\/la-airef-no-aprecia-riesgos-para-sostener-la-prestacion-de-paro-de-los-autonomos-a-medio-plazo\\\/#authorImage\",\"url\":\"https:\\\/\\\/www.eldigitaldeasturias.com\\\/noticias\\\/wp-content\\\/litespeed\\\/avatar\\\/18677e78aa0546b92d9dbf31ec7d7668.jpg?ver=1777290358\",\"width\":96,\"height\":96,\"caption\":\"El Digital de Asturias\"}},{\"@type\":\"WebPage\",\"@id\":\"https:\\\/\\\/www.eldigitaldeasturias.com\\\/noticias\\\/la-airef-no-aprecia-riesgos-para-sostener-la-prestacion-de-paro-de-los-autonomos-a-medio-plazo\\\/#webpage\",\"url\":\"https:\\\/\\\/www.eldigitaldeasturias.com\\\/noticias\\\/la-airef-no-aprecia-riesgos-para-sostener-la-prestacion-de-paro-de-los-autonomos-a-medio-plazo\\\/\",\"name\":\"La AIReF no aprecia riesgos para sostener la prestaci\\u00f3n de paro de los aut\\u00f3nomos \\u00aba medio plazo\\u00bb - El Digital de Asturias\",\"description\":\"La Autoridad Independiente de Responsabilidad Fiscal (AIReF) no aprecia riesgos sobre la sostenibilidad financiera de la prestaci\\u00f3n de cese de actividad de los aut\\u00f3nomos \\\"a medio plazo\\\" debido a que la recaudaci\\u00f3n por esta contingencia supera el gasto. Eso s\\u00ed, la AIReF confirma que el reconocimiento de esta prestaci\\u00f3n sigue siendo limitado, porque la involuntariedad\",\"inLanguage\":\"es-ES\",\"isPartOf\":{\"@id\":\"https:\\\/\\\/www.eldigitaldeasturias.com\\\/noticias\\\/#website\"},\"breadcrumb\":{\"@id\":\"https:\\\/\\\/www.eldigitaldeasturias.com\\\/noticias\\\/la-airef-no-aprecia-riesgos-para-sostener-la-prestacion-de-paro-de-los-autonomos-a-medio-plazo\\\/#breadcrumblist\"},\"author\":{\"@id\":\"https:\\\/\\\/www.eldigitaldeasturias.com\\\/noticias\\\/author\\\/admin\\\/#author\"},\"creator\":{\"@id\":\"https:\\\/\\\/www.eldigitaldeasturias.com\\\/noticias\\\/author\\\/admin\\\/#author\"},\"image\":{\"@type\":\"ImageObject\",\"url\":\"https:\\\/\\\/www.eldigitaldeasturias.com\\\/noticias\\\/wp-content\\\/uploads\\\/2016\\\/02\\\/fotonoticia_20160223122140_800.jpg\",\"@id\":\"https:\\\/\\\/www.eldigitaldeasturias.com\\\/noticias\\\/la-airef-no-aprecia-riesgos-para-sostener-la-prestacion-de-paro-de-los-autonomos-a-medio-plazo\\\/#mainImage\",\"width\":800,\"height\":498},\"primaryImageOfPage\":{\"@id\":\"https:\\\/\\\/www.eldigitaldeasturias.com\\\/noticias\\\/la-airef-no-aprecia-riesgos-para-sostener-la-prestacion-de-paro-de-los-autonomos-a-medio-plazo\\\/#mainImage\"},\"datePublished\":\"2016-02-23T18:15:27+01:00\",\"dateModified\":\"2016-02-23T18:15:27+01:00\"},{\"@type\":\"WebSite\",\"@id\":\"https:\\\/\\\/www.eldigitaldeasturias.com\\\/noticias\\\/#website\",\"url\":\"https:\\\/\\\/www.eldigitaldeasturias.com\\\/noticias\\\/\",\"name\":\"El Digital de Asturias - Diario de actualidad y noticias\",\"alternateName\":\"El Digital de Asturias - Diario de actualidad y noticias\",\"description\":\"Hemeroteca\",\"inLanguage\":\"es-ES\",\"publisher\":{\"@id\":\"https:\\\/\\\/www.eldigitaldeasturias.com\\\/noticias\\\/#organization\"}}]}\n\t\t<\/script>\n\t\t<!-- All in One SEO Pro -->\r\n\t\t<title>La AIReF no aprecia riesgos para sostener la prestaci\u00f3n de paro de los aut\u00f3nomos \u00aba medio plazo\u00bb - El Digital de Asturias<\/title>\n\n","aioseo_head_json":{"title":"La AIReF no aprecia riesgos para sostener la prestaci\u00f3n de paro de los aut\u00f3nomos \u00aba medio plazo\u00bb - El Digital de Asturias","description":"La Autoridad Independiente de Responsabilidad Fiscal (AIReF) no aprecia riesgos sobre la sostenibilidad financiera de la prestaci\u00f3n de cese de actividad de los aut\u00f3nomos \"a medio plazo\" debido a que la recaudaci\u00f3n por esta contingencia supera el gasto. Eso s\u00ed, la AIReF confirma que el reconocimiento de esta prestaci\u00f3n sigue siendo limitado, porque la involuntariedad","canonical_url":"https:\/\/www.eldigitaldeasturias.com\/noticias\/la-airef-no-aprecia-riesgos-para-sostener-la-prestacion-de-paro-de-los-autonomos-a-medio-plazo\/","robots":"max-image-preview:large","keywords":"actualidad","webmasterTools":{"google-site-verification":"UA-38556648-1","msvalidate.01":"7dfe9f3f1b24437ab69f4f2559babe99","miscellaneous":""},"schema":{"@context":"https:\/\/schema.org","@graph":[{"@type":"BlogPosting","@id":"https:\/\/www.eldigitaldeasturias.com\/noticias\/la-airef-no-aprecia-riesgos-para-sostener-la-prestacion-de-paro-de-los-autonomos-a-medio-plazo\/#blogposting","name":"La AIReF no aprecia riesgos para sostener la prestaci\u00f3n de paro de los aut\u00f3nomos \u00aba medio plazo\u00bb - El Digital de Asturias","headline":"La AIReF no aprecia riesgos para sostener la prestaci\u00f3n de paro de los aut\u00f3nomos \u00aba medio plazo\u00bb","author":{"@id":"https:\/\/www.eldigitaldeasturias.com\/noticias\/author\/admin\/#author"},"publisher":{"@id":"https:\/\/www.eldigitaldeasturias.com\/noticias\/#organization"},"image":{"@type":"ImageObject","url":"https:\/\/www.eldigitaldeasturias.com\/noticias\/wp-content\/uploads\/2016\/02\/fotonoticia_20160223122140_800.jpg","width":800,"height":498},"datePublished":"2016-02-23T18:15:27+01:00","dateModified":"2016-02-23T18:15:27+01:00","inLanguage":"es-ES","mainEntityOfPage":{"@id":"https:\/\/www.eldigitaldeasturias.com\/noticias\/la-airef-no-aprecia-riesgos-para-sostener-la-prestacion-de-paro-de-los-autonomos-a-medio-plazo\/#webpage"},"isPartOf":{"@id":"https:\/\/www.eldigitaldeasturias.com\/noticias\/la-airef-no-aprecia-riesgos-para-sostener-la-prestacion-de-paro-de-los-autonomos-a-medio-plazo\/#webpage"},"articleSection":"Actualidad"},{"@type":"BreadcrumbList","@id":"https:\/\/www.eldigitaldeasturias.com\/noticias\/la-airef-no-aprecia-riesgos-para-sostener-la-prestacion-de-paro-de-los-autonomos-a-medio-plazo\/#breadcrumblist","itemListElement":[{"@type":"ListItem","@id":"https:\/\/www.eldigitaldeasturias.com\/noticias#listItem","position":1,"name":"Home","item":"https:\/\/www.eldigitaldeasturias.com\/noticias","nextItem":{"@type":"ListItem","@id":"https:\/\/www.eldigitaldeasturias.com\/noticias\/category\/actualidad\/#listItem","name":"Actualidad"}},{"@type":"ListItem","@id":"https:\/\/www.eldigitaldeasturias.com\/noticias\/category\/actualidad\/#listItem","position":2,"name":"Actualidad","item":"https:\/\/www.eldigitaldeasturias.com\/noticias\/category\/actualidad\/","nextItem":{"@type":"ListItem","@id":"https:\/\/www.eldigitaldeasturias.com\/noticias\/la-airef-no-aprecia-riesgos-para-sostener-la-prestacion-de-paro-de-los-autonomos-a-medio-plazo\/#listItem","name":"La AIReF no aprecia riesgos para sostener la prestaci\u00f3n de paro de los aut\u00f3nomos \u00aba medio plazo\u00bb"},"previousItem":{"@type":"ListItem","@id":"https:\/\/www.eldigitaldeasturias.com\/noticias#listItem","name":"Home"}},{"@type":"ListItem","@id":"https:\/\/www.eldigitaldeasturias.com\/noticias\/la-airef-no-aprecia-riesgos-para-sostener-la-prestacion-de-paro-de-los-autonomos-a-medio-plazo\/#listItem","position":3,"name":"La AIReF no aprecia riesgos para sostener la prestaci\u00f3n de paro de los aut\u00f3nomos \u00aba medio plazo\u00bb","previousItem":{"@type":"ListItem","@id":"https:\/\/www.eldigitaldeasturias.com\/noticias\/category\/actualidad\/#listItem","name":"Actualidad"}}]},{"@type":"Organization","@id":"https:\/\/www.eldigitaldeasturias.com\/noticias\/#organization","name":"El Digital de Asturias","description":"Hemeroteca","url":"https:\/\/www.eldigitaldeasturias.com\/noticias\/","email":"info@eldigitaldeasturias.com","telephone":"+34652131393","logo":{"@type":"ImageObject","url":"https:\/\/www.eldigitaldeasturias.com\/noticias\/wp-content\/uploads\/2020\/12\/EDA.jpg","@id":"https:\/\/www.eldigitaldeasturias.com\/noticias\/la-airef-no-aprecia-riesgos-para-sostener-la-prestacion-de-paro-de-los-autonomos-a-medio-plazo\/#organizationLogo","width":649,"height":297},"image":{"@id":"https:\/\/www.eldigitaldeasturias.com\/noticias\/la-airef-no-aprecia-riesgos-para-sostener-la-prestacion-de-paro-de-los-autonomos-a-medio-plazo\/#organizationLogo"},"sameAs":["https:\/\/facebook.com\/eldigitaldeasturias","https:\/\/www.youtube.com\/channel\/UCZP-2wLEB9Rv6erhFmqVnvg"],"address":{"@id":"https:\/\/www.eldigitaldeasturias.com\/noticias\/#postaladdress","@type":"PostalAddress","streetAddress":"san antonio 4,","postalCode":"33430","addressLocality":"Cand\u00e1s","addressRegion":"Asturias","addressCountry":"ES"}},{"@type":"Person","@id":"https:\/\/www.eldigitaldeasturias.com\/noticias\/author\/admin\/#author","url":"https:\/\/www.eldigitaldeasturias.com\/noticias\/author\/admin\/","name":"El Digital de Asturias","image":{"@type":"ImageObject","@id":"https:\/\/www.eldigitaldeasturias.com\/noticias\/la-airef-no-aprecia-riesgos-para-sostener-la-prestacion-de-paro-de-los-autonomos-a-medio-plazo\/#authorImage","url":"https:\/\/www.eldigitaldeasturias.com\/noticias\/wp-content\/litespeed\/avatar\/18677e78aa0546b92d9dbf31ec7d7668.jpg?ver=1777290358","width":96,"height":96,"caption":"El Digital de Asturias"}},{"@type":"WebPage","@id":"https:\/\/www.eldigitaldeasturias.com\/noticias\/la-airef-no-aprecia-riesgos-para-sostener-la-prestacion-de-paro-de-los-autonomos-a-medio-plazo\/#webpage","url":"https:\/\/www.eldigitaldeasturias.com\/noticias\/la-airef-no-aprecia-riesgos-para-sostener-la-prestacion-de-paro-de-los-autonomos-a-medio-plazo\/","name":"La AIReF no aprecia riesgos para sostener la prestaci\u00f3n de paro de los aut\u00f3nomos \u00aba medio plazo\u00bb - El Digital de Asturias","description":"La Autoridad Independiente de Responsabilidad Fiscal (AIReF) no aprecia riesgos sobre la sostenibilidad financiera de la prestaci\u00f3n de cese de actividad de los aut\u00f3nomos \"a medio plazo\" debido a que la recaudaci\u00f3n por esta contingencia supera el gasto. Eso s\u00ed, la AIReF confirma que el reconocimiento de esta prestaci\u00f3n sigue siendo limitado, porque la involuntariedad","inLanguage":"es-ES","isPartOf":{"@id":"https:\/\/www.eldigitaldeasturias.com\/noticias\/#website"},"breadcrumb":{"@id":"https:\/\/www.eldigitaldeasturias.com\/noticias\/la-airef-no-aprecia-riesgos-para-sostener-la-prestacion-de-paro-de-los-autonomos-a-medio-plazo\/#breadcrumblist"},"author":{"@id":"https:\/\/www.eldigitaldeasturias.com\/noticias\/author\/admin\/#author"},"creator":{"@id":"https:\/\/www.eldigitaldeasturias.com\/noticias\/author\/admin\/#author"},"image":{"@type":"ImageObject","url":"https:\/\/www.eldigitaldeasturias.com\/noticias\/wp-content\/uploads\/2016\/02\/fotonoticia_20160223122140_800.jpg","@id":"https:\/\/www.eldigitaldeasturias.com\/noticias\/la-airef-no-aprecia-riesgos-para-sostener-la-prestacion-de-paro-de-los-autonomos-a-medio-plazo\/#mainImage","width":800,"height":498},"primaryImageOfPage":{"@id":"https:\/\/www.eldigitaldeasturias.com\/noticias\/la-airef-no-aprecia-riesgos-para-sostener-la-prestacion-de-paro-de-los-autonomos-a-medio-plazo\/#mainImage"},"datePublished":"2016-02-23T18:15:27+01:00","dateModified":"2016-02-23T18:15:27+01:00"},{"@type":"WebSite","@id":"https:\/\/www.eldigitaldeasturias.com\/noticias\/#website","url":"https:\/\/www.eldigitaldeasturias.com\/noticias\/","name":"El Digital de Asturias - Diario de actualidad y noticias","alternateName":"El Digital de Asturias - Diario de actualidad y noticias","description":"Hemeroteca","inLanguage":"es-ES","publisher":{"@id":"https:\/\/www.eldigitaldeasturias.com\/noticias\/#organization"}}]},"og:locale":"es_ES","og:site_name":"El Digital de Asturias","og:type":"article","og:title":"La AIReF no aprecia riesgos para sostener la prestaci\u00f3n de paro de los aut\u00f3nomos \u00aba medio plazo\u00bb - El Digital de Asturias","og:description":"La Autoridad Independiente de Responsabilidad Fiscal (AIReF) no aprecia riesgos sobre la sostenibilidad financiera de la prestaci\u00f3n de cese de actividad de los aut\u00f3nomos &quot;a medio plazo&quot; debido a que la recaudaci\u00f3n por esta contingencia supera el gasto. Eso s\u00ed, la AIReF confirma que el reconocimiento de esta prestaci\u00f3n sigue siendo limitado, porque la involuntariedad","og:url":"https:\/\/www.eldigitaldeasturias.com\/noticias\/la-airef-no-aprecia-riesgos-para-sostener-la-prestacion-de-paro-de-los-autonomos-a-medio-plazo\/","og:image":"https:\/\/www.eldigitaldeasturias.com\/noticias\/wp-content\/uploads\/2016\/02\/fotonoticia_20160223122140_800.jpg","og:image:secure_url":"https:\/\/www.eldigitaldeasturias.com\/noticias\/wp-content\/uploads\/2016\/02\/fotonoticia_20160223122140_800.jpg","og:image:width":800,"og:image:height":498,"article:tag":["actualidad"],"article:published_time":"2016-02-23T18:15:27+00:00","article:modified_time":"2016-02-23T18:15:27+00:00","article:publisher":"https:\/\/facebook.com\/eldigitaldeasturias","twitter:card":"summary_large_image","twitter:title":"La AIReF no aprecia riesgos para sostener la prestaci\u00f3n de paro de los aut\u00f3nomos \u00aba medio plazo\u00bb - El Digital de Asturias","twitter:description":"La Autoridad Independiente de Responsabilidad Fiscal (AIReF) no aprecia riesgos sobre la sostenibilidad financiera de la prestaci\u00f3n de cese de actividad de los aut\u00f3nomos &quot;a medio plazo&quot; debido a que la recaudaci\u00f3n por esta contingencia supera el gasto. Eso s\u00ed, la AIReF confirma que el reconocimiento de esta prestaci\u00f3n sigue siendo limitado, porque la involuntariedad","twitter:image":"https:\/\/www.eldigitaldeasturias.com\/noticias\/wp-content\/uploads\/2016\/02\/fotonoticia_20160223122140_800.jpg","twitter:label1":"Escrito por","twitter:data1":"El Digital de Asturias","twitter:label2":"Tiempo de lectura estimado","twitter:data2":"3 minutos"},"aioseo_meta_data":{"post_id":"861358","title":null,"description":null,"keywords":null,"keyphrases":null,"primary_term":null,"canonical_url":null,"og_title":null,"og_description":null,"og_object_type":"default","og_image_type":"default","og_image_url":null,"og_image_width":null,"og_image_height":null,"og_image_custom_url":null,"og_image_custom_fields":null,"og_video":null,"og_custom_url":null,"og_article_section":null,"og_article_tags":null,"twitter_use_og":false,"twitter_card":"default","twitter_image_type":"default","twitter_image_url":null,"twitter_image_custom_url":null,"twitter_image_custom_fields":null,"twitter_title":null,"twitter_description":null,"schema":{"blockGraphs":[],"customGraphs":[],"default":{"data":{"Article":[],"Course":[],"Dataset":[],"FAQPage":[],"Movie":[],"Person":[],"Product":[],"ProductReview":[],"Car":[],"Recipe":[],"Service":[],"SoftwareApplication":[],"WebPage":[]},"graphName":"","isEnabled":true},"graphs":[],"defaultGraph":"","defaultPostTypeGraph":""},"schema_type":null,"schema_type_options":null,"pillar_content":false,"robots_default":true,"robots_noindex":false,"robots_noarchive":false,"robots_nosnippet":false,"robots_nofollow":false,"robots_noimageindex":false,"robots_noodp":false,"robots_notranslate":false,"robots_max_snippet":null,"robots_max_videopreview":null,"robots_max_imagepreview":"large","priority":null,"frequency":null,"local_seo":null,"seo_analyzer_scan_date":"2025-12-10 20:59:08","breadcrumb_settings":null,"limit_modified_date":false,"open_ai":null,"ai":null,"created":"2021-01-23 15:01:13","updated":"2025-12-10 20:59:08"},"aioseo_breadcrumb":"<div class=\"aioseo-breadcrumbs\"><span class=\"aioseo-breadcrumb\">\n\t<a href=\"https:\/\/www.eldigitaldeasturias.com\/noticias\" title=\"Home\">Home<\/a>\n<\/span><span class=\"aioseo-breadcrumb-separator\">\u2013<\/span><span class=\"aioseo-breadcrumb\">\n\t<a href=\"https:\/\/www.eldigitaldeasturias.com\/noticias\/category\/actualidad\/\" title=\"Actualidad\">Actualidad<\/a>\n<\/span><span class=\"aioseo-breadcrumb-separator\">\u2013<\/span><span class=\"aioseo-breadcrumb\">\n\t<a href=\"https:\/\/www.eldigitaldeasturias.com\/noticias\/la-airef-no-aprecia-riesgos-para-sostener-la-prestacion-de-paro-de-los-autonomos-a-medio-plazo\/\" title=\"La AIReF no aprecia riesgos para sostener la prestaci\u00f3n de paro de los aut\u00f3nomos \u00aba medio plazo\u00bb\">La AIReF no aprecia riesgos para sostener la prestaci\u00f3n de paro de los aut\u00f3nomos \u00aba medio plazo\u00bb<\/a>\n<\/span><\/div>","aioseo_breadcrumb_json":[{"label":"Home","link":"https:\/\/www.eldigitaldeasturias.com\/noticias"},{"label":"Actualidad","link":"https:\/\/www.eldigitaldeasturias.com\/noticias\/category\/actualidad\/"},{"label":"La AIReF no aprecia riesgos para sostener la prestaci\u00f3n de paro de los aut\u00f3nomos \u00aba medio plazo\u00bb","link":"https:\/\/www.eldigitaldeasturias.com\/noticias\/la-airef-no-aprecia-riesgos-para-sostener-la-prestacion-de-paro-de-los-autonomos-a-medio-plazo\/"}],"_links":{"self":[{"href":"https:\/\/www.eldigitaldeasturias.com\/noticias\/wp-json\/wp\/v2\/posts\/861358","targetHints":{"allow":["GET"]}}],"collection":[{"href":"https:\/\/www.eldigitaldeasturias.com\/noticias\/wp-json\/wp\/v2\/posts"}],"about":[{"href":"https:\/\/www.eldigitaldeasturias.com\/noticias\/wp-json\/wp\/v2\/types\/post"}],"author":[{"embeddable":true,"href":"https:\/\/www.eldigitaldeasturias.com\/noticias\/wp-json\/wp\/v2\/users\/1"}],"replies":[{"embeddable":true,"href":"https:\/\/www.eldigitaldeasturias.com\/noticias\/wp-json\/wp\/v2\/comments?post=861358"}],"version-history":[{"count":0,"href":"https:\/\/www.eldigitaldeasturias.com\/noticias\/wp-json\/wp\/v2\/posts\/861358\/revisions"}],"wp:featuredmedia":[{"embeddable":true,"href":"https:\/\/www.eldigitaldeasturias.com\/noticias\/wp-json\/wp\/v2\/media\/861359"}],"wp:attachment":[{"href":"https:\/\/www.eldigitaldeasturias.com\/noticias\/wp-json\/wp\/v2\/media?parent=861358"}],"wp:term":[{"taxonomy":"category","embeddable":true,"href":"https:\/\/www.eldigitaldeasturias.com\/noticias\/wp-json\/wp\/v2\/categories?post=861358"},{"taxonomy":"post_tag","embeddable":true,"href":"https:\/\/www.eldigitaldeasturias.com\/noticias\/wp-json\/wp\/v2\/tags?post=861358"}],"curies":[{"name":"wp","href":"https:\/\/api.w.org\/{rel}","templated":true}]}}