{"id":861353,"date":"2016-02-23T16:12:47","date_gmt":"2016-02-23T16:12:47","guid":{"rendered":"http:\/\/www.eldigitaldeasturias.com\/noticias\/?p=861353"},"modified":"2016-02-23T16:12:47","modified_gmt":"2016-02-23T16:12:47","slug":"la-asociacion-de-promotores-musicales-defiende-la-entrada-de-menores-a-los-conciertos","status":"publish","type":"post","link":"https:\/\/www.eldigitaldeasturias.com\/noticias\/la-asociacion-de-promotores-musicales-defiende-la-entrada-de-menores-a-los-conciertos\/","title":{"rendered":"La Asociaci\u00f3n de Promotores Musicales \u201cdefiende\u201d la entrada de menores a los conciertos"},"content":{"rendered":"<p><img loading=\"lazy\" decoding=\"async\" class=\"alignleft size-medium wp-image-861354\" src=\"https:\/\/www.eldigitaldeasturias.com\/noticias\/wp-content\/uploads\/2016\/02\/fotonoticia_20160223143547_800-360x270.jpg\" alt=\"fotonoticia_20160223143547_800\" width=\"360\" height=\"270\" srcset=\"https:\/\/www.eldigitaldeasturias.com\/noticias\/wp-content\/uploads\/2016\/02\/fotonoticia_20160223143547_800-360x270.jpg 360w, https:\/\/www.eldigitaldeasturias.com\/noticias\/wp-content\/uploads\/2016\/02\/fotonoticia_20160223143547_800-768x576.jpg 768w, https:\/\/www.eldigitaldeasturias.com\/noticias\/wp-content\/uploads\/2016\/02\/fotonoticia_20160223143547_800-650x488.jpg 650w, https:\/\/www.eldigitaldeasturias.com\/noticias\/wp-content\/uploads\/2016\/02\/fotonoticia_20160223143547_800-125x95.jpg 125w, https:\/\/www.eldigitaldeasturias.com\/noticias\/wp-content\/uploads\/2016\/02\/fotonoticia_20160223143547_800-100x75.jpg 100w, https:\/\/www.eldigitaldeasturias.com\/noticias\/wp-content\/uploads\/2016\/02\/fotonoticia_20160223143547_800.jpg 800w\" sizes=\"auto, (max-width: 360px) 100vw, 360px\" \/>La Asociaci\u00f3n de Promotores Musicales (APM) ha defendido que los menores de edad puedan asistir a espect\u00e1culos y conciertos en directo en la Comunidad de Madrid porque va a generar una cultura musical, que va a ser buena para la industria en el futuro.<\/p>\n<p>As\u00ed lo ha puesto de manifiesto el presidente de la asociaci\u00f3n, Pascual Egea, durante la presentaci\u00f3n del VII Anuario de la m\u00fasica en vivo, en la que tambi\u00e9n ha participado el vicepresidente de la APM, Neo Sala.<\/p>\n<p>En este sentido, ha asegurado que la asociaci\u00f3n ha recibido con \u00abmucha alegr\u00eda\u00bb la noticia de la modificaci\u00f3n de la ley de Espect\u00e1culos P\u00fablicos y Actividades Recreativas, por la que se permite la entrada de los menores a salas donde se vayan a representar estos espect\u00e1culos en la Comunidad de Madrid. Egea ha recordado que de hecho la Asociaci\u00f3n de Promotores Musicales ha entregado este mes el IX Premio Backstage a la plataforma juvenil \u00a1Queremos entrar! por su contribuci\u00f3n al cambio legal.<\/p>\n<p>A su juicio, se ha creado un \u00abvac\u00edo generacional\u00bb porque hay un p\u00fablico que no ha podido acceder a los conciertos hasta los 18 a\u00f1os y eso ha dejado \u00abun hueco ah\u00ed, una generaci\u00f3n o dos que no van a los conciertos\u00bb. Adem\u00e1s, ha indicado que gracias a la nueva norma se retoma \u00abque todos estos chavales vayan a los conciertos y puedan disfrutar\u00bb y que los padres puedan tambi\u00e9n disfrutar con sus hijos de la m\u00fasica en directo.<\/p>\n<p>\u00abCon esta reforma, yo puedo ir con mi hijo de ocho a\u00f1os, si lo considero oportuno, a ver un concierto. No s\u00f3lo con el de 16, sino con el de 8 a\u00f1os\u00bb, ha subrayado, para despu\u00e9s destacar la parte econ\u00f3mica que rodea al cambio legislativo ya que \u00abse venden m\u00e1s tickets\u00bb.<\/p>\n<p>No obstante, Egea ha insistido en que \u00ablo m\u00e1s importante es el movimiento cultural, es la educaci\u00f3n musical a los chavales\u00bb. \u00abQue vean la m\u00fasica en directo como un entretenimiento m\u00e1s, no como algo raro que hace mi padre. Aqu\u00ed lo que est\u00e1 pasando es que vas a un concierto y son todo cuarentones, cincuentones, y llega un chaval de 20 a\u00f1os y dice: &#8216;Yo qu\u00e9 pinto aqu\u00ed'\u00bb, ha zanjado.<\/p>\n","protected":false},"excerpt":{"rendered":"<p>La Asociaci\u00f3n de Promotores Musicales (APM) ha defendido que los menores de edad puedan asistir a espect\u00e1culos y conciertos en directo en la Comunidad de Madrid porque va a generar una cultura musical, que va a ser buena para la industria en el futuro. As\u00ed lo ha puesto de manifiesto el presidente de la asociaci\u00f3n, [&hellip;]<\/p>\n","protected":false},"author":1,"featured_media":861354,"comment_status":"closed","ping_status":"closed","sticky":false,"template":"","format":"standard","meta":{"footnotes":""},"categories":[1],"tags":[],"class_list":["post-861353","post","type-post","status-publish","format-standard","has-post-thumbnail","hentry","category-actualidad"],"aioseo_notices":[],"aioseo_head":"\n\t\t<!-- All in One SEO Pro 4.9.6.2 - aioseo.com -->\n\t<meta name=\"description\" content=\"La Asociaci\u00f3n de Promotores Musicales (APM) ha defendido que los menores de edad puedan asistir a espect\u00e1culos y conciertos en directo en la Comunidad de Madrid porque va a generar una cultura musical, que va a ser buena para la industria en el futuro. As\u00ed lo ha puesto de manifiesto el presidente de la asociaci\u00f3n,\" \/>\n\t<meta name=\"robots\" content=\"max-image-preview:large\" \/>\n\t<meta name=\"author\" content=\"El Digital de Asturias\"\/>\n\t<meta name=\"google-site-verification\" content=\"UA-38556648-1\" \/>\n\t<meta name=\"msvalidate.01\" content=\"7dfe9f3f1b24437ab69f4f2559babe99\" \/>\n\t<meta name=\"keywords\" content=\"actualidad\" \/>\n\t<link rel=\"canonical\" href=\"https:\/\/www.eldigitaldeasturias.com\/noticias\/la-asociacion-de-promotores-musicales-defiende-la-entrada-de-menores-a-los-conciertos\/\" \/>\n\t<meta name=\"generator\" content=\"All in One SEO Pro (AIOSEO) 4.9.6.2\" \/>\n\t\t<meta property=\"og:locale\" content=\"es_ES\" \/>\n\t\t<meta property=\"og:site_name\" content=\"El Digital de Asturias\" \/>\n\t\t<meta property=\"og:type\" content=\"article\" \/>\n\t\t<meta property=\"og:title\" content=\"La Asociaci\u00f3n de Promotores Musicales \u201cdefiende\u201d la entrada de menores a los conciertos - El Digital de Asturias\" \/>\n\t\t<meta property=\"og:description\" content=\"La Asociaci\u00f3n de Promotores Musicales (APM) ha defendido que los menores de edad puedan asistir a espect\u00e1culos y conciertos en directo en la Comunidad de Madrid porque va a generar una cultura musical, que va a ser buena para la industria en el futuro. As\u00ed lo ha puesto de manifiesto el presidente de la asociaci\u00f3n,\" \/>\n\t\t<meta property=\"og:url\" content=\"https:\/\/www.eldigitaldeasturias.com\/noticias\/la-asociacion-de-promotores-musicales-defiende-la-entrada-de-menores-a-los-conciertos\/\" \/>\n\t\t<meta property=\"og:image\" content=\"https:\/\/www.eldigitaldeasturias.com\/noticias\/wp-content\/uploads\/2016\/02\/fotonoticia_20160223143547_800.jpg\" \/>\n\t\t<meta property=\"og:image:secure_url\" content=\"https:\/\/www.eldigitaldeasturias.com\/noticias\/wp-content\/uploads\/2016\/02\/fotonoticia_20160223143547_800.jpg\" \/>\n\t\t<meta property=\"og:image:width\" content=\"800\" \/>\n\t\t<meta property=\"og:image:height\" content=\"600\" \/>\n\t\t<meta property=\"article:tag\" content=\"actualidad\" \/>\n\t\t<meta property=\"article:published_time\" content=\"2016-02-23T16:12:47+00:00\" \/>\n\t\t<meta property=\"article:modified_time\" content=\"2016-02-23T16:12:47+00:00\" \/>\n\t\t<meta property=\"article:publisher\" content=\"https:\/\/facebook.com\/eldigitaldeasturias\" \/>\n\t\t<meta name=\"twitter:card\" content=\"summary_large_image\" \/>\n\t\t<meta name=\"twitter:title\" content=\"La Asociaci\u00f3n de Promotores Musicales \u201cdefiende\u201d la entrada de menores a los conciertos - El Digital de Asturias\" \/>\n\t\t<meta name=\"twitter:description\" content=\"La Asociaci\u00f3n de Promotores Musicales (APM) ha defendido que los menores de edad puedan asistir a espect\u00e1culos y conciertos en directo en la Comunidad de Madrid porque va a generar una cultura musical, que va a ser buena para la industria en el futuro. As\u00ed lo ha puesto de manifiesto el presidente de la asociaci\u00f3n,\" \/>\n\t\t<meta name=\"twitter:image\" content=\"https:\/\/www.eldigitaldeasturias.com\/noticias\/wp-content\/uploads\/2016\/02\/fotonoticia_20160223143547_800.jpg\" \/>\n\t\t<meta name=\"twitter:label1\" content=\"Escrito por\" \/>\n\t\t<meta name=\"twitter:data1\" content=\"El Digital de Asturias\" \/>\n\t\t<meta name=\"twitter:label2\" content=\"Tiempo de lectura estimado\" \/>\n\t\t<meta name=\"twitter:data2\" content=\"2 minutos\" \/>\n\t\t<script type=\"application\/ld+json\" class=\"aioseo-schema\">\n\t\t\t{\"@context\":\"https:\\\/\\\/schema.org\",\"@graph\":[{\"@type\":\"BlogPosting\",\"@id\":\"https:\\\/\\\/www.eldigitaldeasturias.com\\\/noticias\\\/la-asociacion-de-promotores-musicales-defiende-la-entrada-de-menores-a-los-conciertos\\\/#blogposting\",\"name\":\"La Asociaci\\u00f3n de Promotores Musicales \\u201cdefiende\\u201d la entrada de menores a los conciertos - El Digital de Asturias\",\"headline\":\"La Asociaci\\u00f3n de Promotores Musicales \\u201cdefiende\\u201d la entrada de menores a los conciertos\",\"author\":{\"@id\":\"https:\\\/\\\/www.eldigitaldeasturias.com\\\/noticias\\\/author\\\/admin\\\/#author\"},\"publisher\":{\"@id\":\"https:\\\/\\\/www.eldigitaldeasturias.com\\\/noticias\\\/#organization\"},\"image\":{\"@type\":\"ImageObject\",\"url\":\"https:\\\/\\\/www.eldigitaldeasturias.com\\\/noticias\\\/wp-content\\\/uploads\\\/2016\\\/02\\\/fotonoticia_20160223143547_800.jpg\",\"width\":800,\"height\":600},\"datePublished\":\"2016-02-23T16:12:47+01:00\",\"dateModified\":\"2016-02-23T16:12:47+01:00\",\"inLanguage\":\"es-ES\",\"mainEntityOfPage\":{\"@id\":\"https:\\\/\\\/www.eldigitaldeasturias.com\\\/noticias\\\/la-asociacion-de-promotores-musicales-defiende-la-entrada-de-menores-a-los-conciertos\\\/#webpage\"},\"isPartOf\":{\"@id\":\"https:\\\/\\\/www.eldigitaldeasturias.com\\\/noticias\\\/la-asociacion-de-promotores-musicales-defiende-la-entrada-de-menores-a-los-conciertos\\\/#webpage\"},\"articleSection\":\"Actualidad\"},{\"@type\":\"BreadcrumbList\",\"@id\":\"https:\\\/\\\/www.eldigitaldeasturias.com\\\/noticias\\\/la-asociacion-de-promotores-musicales-defiende-la-entrada-de-menores-a-los-conciertos\\\/#breadcrumblist\",\"itemListElement\":[{\"@type\":\"ListItem\",\"@id\":\"https:\\\/\\\/www.eldigitaldeasturias.com\\\/noticias#listItem\",\"position\":1,\"name\":\"Home\",\"item\":\"https:\\\/\\\/www.eldigitaldeasturias.com\\\/noticias\",\"nextItem\":{\"@type\":\"ListItem\",\"@id\":\"https:\\\/\\\/www.eldigitaldeasturias.com\\\/noticias\\\/category\\\/actualidad\\\/#listItem\",\"name\":\"Actualidad\"}},{\"@type\":\"ListItem\",\"@id\":\"https:\\\/\\\/www.eldigitaldeasturias.com\\\/noticias\\\/category\\\/actualidad\\\/#listItem\",\"position\":2,\"name\":\"Actualidad\",\"item\":\"https:\\\/\\\/www.eldigitaldeasturias.com\\\/noticias\\\/category\\\/actualidad\\\/\",\"nextItem\":{\"@type\":\"ListItem\",\"@id\":\"https:\\\/\\\/www.eldigitaldeasturias.com\\\/noticias\\\/la-asociacion-de-promotores-musicales-defiende-la-entrada-de-menores-a-los-conciertos\\\/#listItem\",\"name\":\"La Asociaci\\u00f3n de Promotores Musicales \\u201cdefiende\\u201d la entrada de menores a los conciertos\"},\"previousItem\":{\"@type\":\"ListItem\",\"@id\":\"https:\\\/\\\/www.eldigitaldeasturias.com\\\/noticias#listItem\",\"name\":\"Home\"}},{\"@type\":\"ListItem\",\"@id\":\"https:\\\/\\\/www.eldigitaldeasturias.com\\\/noticias\\\/la-asociacion-de-promotores-musicales-defiende-la-entrada-de-menores-a-los-conciertos\\\/#listItem\",\"position\":3,\"name\":\"La Asociaci\\u00f3n de Promotores Musicales \\u201cdefiende\\u201d la entrada de menores a los conciertos\",\"previousItem\":{\"@type\":\"ListItem\",\"@id\":\"https:\\\/\\\/www.eldigitaldeasturias.com\\\/noticias\\\/category\\\/actualidad\\\/#listItem\",\"name\":\"Actualidad\"}}]},{\"@type\":\"Organization\",\"@id\":\"https:\\\/\\\/www.eldigitaldeasturias.com\\\/noticias\\\/#organization\",\"name\":\"El Digital de Asturias\",\"description\":\"Hemeroteca\",\"url\":\"https:\\\/\\\/www.eldigitaldeasturias.com\\\/noticias\\\/\",\"email\":\"info@eldigitaldeasturias.com\",\"telephone\":\"+34652131393\",\"logo\":{\"@type\":\"ImageObject\",\"url\":\"https:\\\/\\\/www.eldigitaldeasturias.com\\\/noticias\\\/wp-content\\\/uploads\\\/2020\\\/12\\\/EDA.jpg\",\"@id\":\"https:\\\/\\\/www.eldigitaldeasturias.com\\\/noticias\\\/la-asociacion-de-promotores-musicales-defiende-la-entrada-de-menores-a-los-conciertos\\\/#organizationLogo\",\"width\":649,\"height\":297},\"image\":{\"@id\":\"https:\\\/\\\/www.eldigitaldeasturias.com\\\/noticias\\\/la-asociacion-de-promotores-musicales-defiende-la-entrada-de-menores-a-los-conciertos\\\/#organizationLogo\"},\"sameAs\":[\"https:\\\/\\\/facebook.com\\\/eldigitaldeasturias\",\"https:\\\/\\\/www.youtube.com\\\/channel\\\/UCZP-2wLEB9Rv6erhFmqVnvg\"],\"address\":{\"@id\":\"https:\\\/\\\/www.eldigitaldeasturias.com\\\/noticias\\\/#postaladdress\",\"@type\":\"PostalAddress\",\"streetAddress\":\"san antonio 4,\",\"postalCode\":\"33430\",\"addressLocality\":\"Cand\\u00e1s\",\"addressRegion\":\"Asturias\",\"addressCountry\":\"ES\"}},{\"@type\":\"Person\",\"@id\":\"https:\\\/\\\/www.eldigitaldeasturias.com\\\/noticias\\\/author\\\/admin\\\/#author\",\"url\":\"https:\\\/\\\/www.eldigitaldeasturias.com\\\/noticias\\\/author\\\/admin\\\/\",\"name\":\"El Digital de Asturias\",\"image\":{\"@type\":\"ImageObject\",\"@id\":\"https:\\\/\\\/www.eldigitaldeasturias.com\\\/noticias\\\/la-asociacion-de-promotores-musicales-defiende-la-entrada-de-menores-a-los-conciertos\\\/#authorImage\",\"url\":\"https:\\\/\\\/www.eldigitaldeasturias.com\\\/noticias\\\/wp-content\\\/litespeed\\\/avatar\\\/18677e78aa0546b92d9dbf31ec7d7668.jpg?ver=1777290358\",\"width\":96,\"height\":96,\"caption\":\"El Digital de Asturias\"}},{\"@type\":\"WebPage\",\"@id\":\"https:\\\/\\\/www.eldigitaldeasturias.com\\\/noticias\\\/la-asociacion-de-promotores-musicales-defiende-la-entrada-de-menores-a-los-conciertos\\\/#webpage\",\"url\":\"https:\\\/\\\/www.eldigitaldeasturias.com\\\/noticias\\\/la-asociacion-de-promotores-musicales-defiende-la-entrada-de-menores-a-los-conciertos\\\/\",\"name\":\"La Asociaci\\u00f3n de Promotores Musicales \\u201cdefiende\\u201d la entrada de menores a los conciertos - El Digital de Asturias\",\"description\":\"La Asociaci\\u00f3n de Promotores Musicales (APM) ha defendido que los menores de edad puedan asistir a espect\\u00e1culos y conciertos en directo en la Comunidad de Madrid porque va a generar una cultura musical, que va a ser buena para la industria en el futuro. As\\u00ed lo ha puesto de manifiesto el presidente de la asociaci\\u00f3n,\",\"inLanguage\":\"es-ES\",\"isPartOf\":{\"@id\":\"https:\\\/\\\/www.eldigitaldeasturias.com\\\/noticias\\\/#website\"},\"breadcrumb\":{\"@id\":\"https:\\\/\\\/www.eldigitaldeasturias.com\\\/noticias\\\/la-asociacion-de-promotores-musicales-defiende-la-entrada-de-menores-a-los-conciertos\\\/#breadcrumblist\"},\"author\":{\"@id\":\"https:\\\/\\\/www.eldigitaldeasturias.com\\\/noticias\\\/author\\\/admin\\\/#author\"},\"creator\":{\"@id\":\"https:\\\/\\\/www.eldigitaldeasturias.com\\\/noticias\\\/author\\\/admin\\\/#author\"},\"image\":{\"@type\":\"ImageObject\",\"url\":\"https:\\\/\\\/www.eldigitaldeasturias.com\\\/noticias\\\/wp-content\\\/uploads\\\/2016\\\/02\\\/fotonoticia_20160223143547_800.jpg\",\"@id\":\"https:\\\/\\\/www.eldigitaldeasturias.com\\\/noticias\\\/la-asociacion-de-promotores-musicales-defiende-la-entrada-de-menores-a-los-conciertos\\\/#mainImage\",\"width\":800,\"height\":600},\"primaryImageOfPage\":{\"@id\":\"https:\\\/\\\/www.eldigitaldeasturias.com\\\/noticias\\\/la-asociacion-de-promotores-musicales-defiende-la-entrada-de-menores-a-los-conciertos\\\/#mainImage\"},\"datePublished\":\"2016-02-23T16:12:47+01:00\",\"dateModified\":\"2016-02-23T16:12:47+01:00\"},{\"@type\":\"WebSite\",\"@id\":\"https:\\\/\\\/www.eldigitaldeasturias.com\\\/noticias\\\/#website\",\"url\":\"https:\\\/\\\/www.eldigitaldeasturias.com\\\/noticias\\\/\",\"name\":\"El Digital de Asturias - Diario de actualidad y noticias\",\"alternateName\":\"El Digital de Asturias - Diario de actualidad y noticias\",\"description\":\"Hemeroteca\",\"inLanguage\":\"es-ES\",\"publisher\":{\"@id\":\"https:\\\/\\\/www.eldigitaldeasturias.com\\\/noticias\\\/#organization\"}}]}\n\t\t<\/script>\n\t\t<!-- All in One SEO Pro -->\r\n\t\t<title>La Asociaci\u00f3n de Promotores Musicales \u201cdefiende\u201d la entrada de menores a los conciertos - El Digital de Asturias<\/title>\n\n","aioseo_head_json":{"title":"La Asociaci\u00f3n de Promotores Musicales \u201cdefiende\u201d la entrada de menores a los conciertos - El Digital de Asturias","description":"La Asociaci\u00f3n de Promotores Musicales (APM) ha defendido que los menores de edad puedan asistir a espect\u00e1culos y conciertos en directo en la Comunidad de Madrid porque va a generar una cultura musical, que va a ser buena para la industria en el futuro. As\u00ed lo ha puesto de manifiesto el presidente de la asociaci\u00f3n,","canonical_url":"https:\/\/www.eldigitaldeasturias.com\/noticias\/la-asociacion-de-promotores-musicales-defiende-la-entrada-de-menores-a-los-conciertos\/","robots":"max-image-preview:large","keywords":"actualidad","webmasterTools":{"google-site-verification":"UA-38556648-1","msvalidate.01":"7dfe9f3f1b24437ab69f4f2559babe99","miscellaneous":""},"schema":{"@context":"https:\/\/schema.org","@graph":[{"@type":"BlogPosting","@id":"https:\/\/www.eldigitaldeasturias.com\/noticias\/la-asociacion-de-promotores-musicales-defiende-la-entrada-de-menores-a-los-conciertos\/#blogposting","name":"La Asociaci\u00f3n de Promotores Musicales \u201cdefiende\u201d la entrada de menores a los conciertos - El Digital de Asturias","headline":"La Asociaci\u00f3n de Promotores Musicales \u201cdefiende\u201d la entrada de menores a los conciertos","author":{"@id":"https:\/\/www.eldigitaldeasturias.com\/noticias\/author\/admin\/#author"},"publisher":{"@id":"https:\/\/www.eldigitaldeasturias.com\/noticias\/#organization"},"image":{"@type":"ImageObject","url":"https:\/\/www.eldigitaldeasturias.com\/noticias\/wp-content\/uploads\/2016\/02\/fotonoticia_20160223143547_800.jpg","width":800,"height":600},"datePublished":"2016-02-23T16:12:47+01:00","dateModified":"2016-02-23T16:12:47+01:00","inLanguage":"es-ES","mainEntityOfPage":{"@id":"https:\/\/www.eldigitaldeasturias.com\/noticias\/la-asociacion-de-promotores-musicales-defiende-la-entrada-de-menores-a-los-conciertos\/#webpage"},"isPartOf":{"@id":"https:\/\/www.eldigitaldeasturias.com\/noticias\/la-asociacion-de-promotores-musicales-defiende-la-entrada-de-menores-a-los-conciertos\/#webpage"},"articleSection":"Actualidad"},{"@type":"BreadcrumbList","@id":"https:\/\/www.eldigitaldeasturias.com\/noticias\/la-asociacion-de-promotores-musicales-defiende-la-entrada-de-menores-a-los-conciertos\/#breadcrumblist","itemListElement":[{"@type":"ListItem","@id":"https:\/\/www.eldigitaldeasturias.com\/noticias#listItem","position":1,"name":"Home","item":"https:\/\/www.eldigitaldeasturias.com\/noticias","nextItem":{"@type":"ListItem","@id":"https:\/\/www.eldigitaldeasturias.com\/noticias\/category\/actualidad\/#listItem","name":"Actualidad"}},{"@type":"ListItem","@id":"https:\/\/www.eldigitaldeasturias.com\/noticias\/category\/actualidad\/#listItem","position":2,"name":"Actualidad","item":"https:\/\/www.eldigitaldeasturias.com\/noticias\/category\/actualidad\/","nextItem":{"@type":"ListItem","@id":"https:\/\/www.eldigitaldeasturias.com\/noticias\/la-asociacion-de-promotores-musicales-defiende-la-entrada-de-menores-a-los-conciertos\/#listItem","name":"La Asociaci\u00f3n de Promotores Musicales \u201cdefiende\u201d la entrada de menores a los conciertos"},"previousItem":{"@type":"ListItem","@id":"https:\/\/www.eldigitaldeasturias.com\/noticias#listItem","name":"Home"}},{"@type":"ListItem","@id":"https:\/\/www.eldigitaldeasturias.com\/noticias\/la-asociacion-de-promotores-musicales-defiende-la-entrada-de-menores-a-los-conciertos\/#listItem","position":3,"name":"La Asociaci\u00f3n de Promotores Musicales \u201cdefiende\u201d la entrada de menores a los conciertos","previousItem":{"@type":"ListItem","@id":"https:\/\/www.eldigitaldeasturias.com\/noticias\/category\/actualidad\/#listItem","name":"Actualidad"}}]},{"@type":"Organization","@id":"https:\/\/www.eldigitaldeasturias.com\/noticias\/#organization","name":"El Digital de Asturias","description":"Hemeroteca","url":"https:\/\/www.eldigitaldeasturias.com\/noticias\/","email":"info@eldigitaldeasturias.com","telephone":"+34652131393","logo":{"@type":"ImageObject","url":"https:\/\/www.eldigitaldeasturias.com\/noticias\/wp-content\/uploads\/2020\/12\/EDA.jpg","@id":"https:\/\/www.eldigitaldeasturias.com\/noticias\/la-asociacion-de-promotores-musicales-defiende-la-entrada-de-menores-a-los-conciertos\/#organizationLogo","width":649,"height":297},"image":{"@id":"https:\/\/www.eldigitaldeasturias.com\/noticias\/la-asociacion-de-promotores-musicales-defiende-la-entrada-de-menores-a-los-conciertos\/#organizationLogo"},"sameAs":["https:\/\/facebook.com\/eldigitaldeasturias","https:\/\/www.youtube.com\/channel\/UCZP-2wLEB9Rv6erhFmqVnvg"],"address":{"@id":"https:\/\/www.eldigitaldeasturias.com\/noticias\/#postaladdress","@type":"PostalAddress","streetAddress":"san antonio 4,","postalCode":"33430","addressLocality":"Cand\u00e1s","addressRegion":"Asturias","addressCountry":"ES"}},{"@type":"Person","@id":"https:\/\/www.eldigitaldeasturias.com\/noticias\/author\/admin\/#author","url":"https:\/\/www.eldigitaldeasturias.com\/noticias\/author\/admin\/","name":"El Digital de Asturias","image":{"@type":"ImageObject","@id":"https:\/\/www.eldigitaldeasturias.com\/noticias\/la-asociacion-de-promotores-musicales-defiende-la-entrada-de-menores-a-los-conciertos\/#authorImage","url":"https:\/\/www.eldigitaldeasturias.com\/noticias\/wp-content\/litespeed\/avatar\/18677e78aa0546b92d9dbf31ec7d7668.jpg?ver=1777290358","width":96,"height":96,"caption":"El Digital de Asturias"}},{"@type":"WebPage","@id":"https:\/\/www.eldigitaldeasturias.com\/noticias\/la-asociacion-de-promotores-musicales-defiende-la-entrada-de-menores-a-los-conciertos\/#webpage","url":"https:\/\/www.eldigitaldeasturias.com\/noticias\/la-asociacion-de-promotores-musicales-defiende-la-entrada-de-menores-a-los-conciertos\/","name":"La Asociaci\u00f3n de Promotores Musicales \u201cdefiende\u201d la entrada de menores a los conciertos - El Digital de Asturias","description":"La Asociaci\u00f3n de Promotores Musicales (APM) ha defendido que los menores de edad puedan asistir a espect\u00e1culos y conciertos en directo en la Comunidad de Madrid porque va a generar una cultura musical, que va a ser buena para la industria en el futuro. As\u00ed lo ha puesto de manifiesto el presidente de la asociaci\u00f3n,","inLanguage":"es-ES","isPartOf":{"@id":"https:\/\/www.eldigitaldeasturias.com\/noticias\/#website"},"breadcrumb":{"@id":"https:\/\/www.eldigitaldeasturias.com\/noticias\/la-asociacion-de-promotores-musicales-defiende-la-entrada-de-menores-a-los-conciertos\/#breadcrumblist"},"author":{"@id":"https:\/\/www.eldigitaldeasturias.com\/noticias\/author\/admin\/#author"},"creator":{"@id":"https:\/\/www.eldigitaldeasturias.com\/noticias\/author\/admin\/#author"},"image":{"@type":"ImageObject","url":"https:\/\/www.eldigitaldeasturias.com\/noticias\/wp-content\/uploads\/2016\/02\/fotonoticia_20160223143547_800.jpg","@id":"https:\/\/www.eldigitaldeasturias.com\/noticias\/la-asociacion-de-promotores-musicales-defiende-la-entrada-de-menores-a-los-conciertos\/#mainImage","width":800,"height":600},"primaryImageOfPage":{"@id":"https:\/\/www.eldigitaldeasturias.com\/noticias\/la-asociacion-de-promotores-musicales-defiende-la-entrada-de-menores-a-los-conciertos\/#mainImage"},"datePublished":"2016-02-23T16:12:47+01:00","dateModified":"2016-02-23T16:12:47+01:00"},{"@type":"WebSite","@id":"https:\/\/www.eldigitaldeasturias.com\/noticias\/#website","url":"https:\/\/www.eldigitaldeasturias.com\/noticias\/","name":"El Digital de Asturias - Diario de actualidad y noticias","alternateName":"El Digital de Asturias - Diario de actualidad y noticias","description":"Hemeroteca","inLanguage":"es-ES","publisher":{"@id":"https:\/\/www.eldigitaldeasturias.com\/noticias\/#organization"}}]},"og:locale":"es_ES","og:site_name":"El Digital de Asturias","og:type":"article","og:title":"La Asociaci\u00f3n de Promotores Musicales \u201cdefiende\u201d la entrada de menores a los conciertos - El Digital de Asturias","og:description":"La Asociaci\u00f3n de Promotores Musicales (APM) ha defendido que los menores de edad puedan asistir a espect\u00e1culos y conciertos en directo en la Comunidad de Madrid porque va a generar una cultura musical, que va a ser buena para la industria en el futuro. As\u00ed lo ha puesto de manifiesto el presidente de la asociaci\u00f3n,","og:url":"https:\/\/www.eldigitaldeasturias.com\/noticias\/la-asociacion-de-promotores-musicales-defiende-la-entrada-de-menores-a-los-conciertos\/","og:image":"https:\/\/www.eldigitaldeasturias.com\/noticias\/wp-content\/uploads\/2016\/02\/fotonoticia_20160223143547_800.jpg","og:image:secure_url":"https:\/\/www.eldigitaldeasturias.com\/noticias\/wp-content\/uploads\/2016\/02\/fotonoticia_20160223143547_800.jpg","og:image:width":800,"og:image:height":600,"article:tag":["actualidad"],"article:published_time":"2016-02-23T16:12:47+00:00","article:modified_time":"2016-02-23T16:12:47+00:00","article:publisher":"https:\/\/facebook.com\/eldigitaldeasturias","twitter:card":"summary_large_image","twitter:title":"La Asociaci\u00f3n de Promotores Musicales \u201cdefiende\u201d la entrada de menores a los conciertos - El Digital de Asturias","twitter:description":"La Asociaci\u00f3n de Promotores Musicales (APM) ha defendido que los menores de edad puedan asistir a espect\u00e1culos y conciertos en directo en la Comunidad de Madrid porque va a generar una cultura musical, que va a ser buena para la industria en el futuro. As\u00ed lo ha puesto de manifiesto el presidente de la asociaci\u00f3n,","twitter:image":"https:\/\/www.eldigitaldeasturias.com\/noticias\/wp-content\/uploads\/2016\/02\/fotonoticia_20160223143547_800.jpg","twitter:label1":"Escrito por","twitter:data1":"El Digital de Asturias","twitter:label2":"Tiempo de lectura estimado","twitter:data2":"2 minutos"},"aioseo_meta_data":{"post_id":"861353","title":null,"description":null,"keywords":null,"keyphrases":null,"primary_term":null,"canonical_url":null,"og_title":null,"og_description":null,"og_object_type":"default","og_image_type":"default","og_image_url":null,"og_image_width":null,"og_image_height":null,"og_image_custom_url":null,"og_image_custom_fields":null,"og_video":null,"og_custom_url":null,"og_article_section":null,"og_article_tags":null,"twitter_use_og":false,"twitter_card":"default","twitter_image_type":"default","twitter_image_url":null,"twitter_image_custom_url":null,"twitter_image_custom_fields":null,"twitter_title":null,"twitter_description":null,"schema":{"blockGraphs":[],"customGraphs":[],"default":{"data":{"Article":[],"Course":[],"Dataset":[],"FAQPage":[],"Movie":[],"Person":[],"Product":[],"ProductReview":[],"Car":[],"Recipe":[],"Service":[],"SoftwareApplication":[],"WebPage":[]},"graphName":"","isEnabled":true},"graphs":[],"defaultGraph":"","defaultPostTypeGraph":""},"schema_type":null,"schema_type_options":null,"pillar_content":false,"robots_default":true,"robots_noindex":false,"robots_noarchive":false,"robots_nosnippet":false,"robots_nofollow":false,"robots_noimageindex":false,"robots_noodp":false,"robots_notranslate":false,"robots_max_snippet":null,"robots_max_videopreview":null,"robots_max_imagepreview":"large","priority":null,"frequency":null,"local_seo":null,"seo_analyzer_scan_date":"2025-12-10 20:57:09","breadcrumb_settings":null,"limit_modified_date":false,"open_ai":null,"ai":null,"created":"2021-01-22 16:18:47","updated":"2025-12-10 20:57:09"},"aioseo_breadcrumb":"<div class=\"aioseo-breadcrumbs\"><span class=\"aioseo-breadcrumb\">\n\t<a href=\"https:\/\/www.eldigitaldeasturias.com\/noticias\" title=\"Home\">Home<\/a>\n<\/span><span class=\"aioseo-breadcrumb-separator\">\u2013<\/span><span class=\"aioseo-breadcrumb\">\n\t<a href=\"https:\/\/www.eldigitaldeasturias.com\/noticias\/category\/actualidad\/\" title=\"Actualidad\">Actualidad<\/a>\n<\/span><span class=\"aioseo-breadcrumb-separator\">\u2013<\/span><span class=\"aioseo-breadcrumb\">\n\t<a href=\"https:\/\/www.eldigitaldeasturias.com\/noticias\/la-asociacion-de-promotores-musicales-defiende-la-entrada-de-menores-a-los-conciertos\/\" title=\"La Asociaci\u00f3n de Promotores Musicales \u201cdefiende\u201d la entrada de menores a los conciertos\">La Asociaci\u00f3n de Promotores Musicales \u201cdefiende\u201d la entrada de menores a los conciertos<\/a>\n<\/span><\/div>","aioseo_breadcrumb_json":[{"label":"Home","link":"https:\/\/www.eldigitaldeasturias.com\/noticias"},{"label":"Actualidad","link":"https:\/\/www.eldigitaldeasturias.com\/noticias\/category\/actualidad\/"},{"label":"La Asociaci\u00f3n de Promotores Musicales \u201cdefiende\u201d la entrada de menores a los conciertos","link":"https:\/\/www.eldigitaldeasturias.com\/noticias\/la-asociacion-de-promotores-musicales-defiende-la-entrada-de-menores-a-los-conciertos\/"}],"_links":{"self":[{"href":"https:\/\/www.eldigitaldeasturias.com\/noticias\/wp-json\/wp\/v2\/posts\/861353","targetHints":{"allow":["GET"]}}],"collection":[{"href":"https:\/\/www.eldigitaldeasturias.com\/noticias\/wp-json\/wp\/v2\/posts"}],"about":[{"href":"https:\/\/www.eldigitaldeasturias.com\/noticias\/wp-json\/wp\/v2\/types\/post"}],"author":[{"embeddable":true,"href":"https:\/\/www.eldigitaldeasturias.com\/noticias\/wp-json\/wp\/v2\/users\/1"}],"replies":[{"embeddable":true,"href":"https:\/\/www.eldigitaldeasturias.com\/noticias\/wp-json\/wp\/v2\/comments?post=861353"}],"version-history":[{"count":0,"href":"https:\/\/www.eldigitaldeasturias.com\/noticias\/wp-json\/wp\/v2\/posts\/861353\/revisions"}],"wp:featuredmedia":[{"embeddable":true,"href":"https:\/\/www.eldigitaldeasturias.com\/noticias\/wp-json\/wp\/v2\/media\/861354"}],"wp:attachment":[{"href":"https:\/\/www.eldigitaldeasturias.com\/noticias\/wp-json\/wp\/v2\/media?parent=861353"}],"wp:term":[{"taxonomy":"category","embeddable":true,"href":"https:\/\/www.eldigitaldeasturias.com\/noticias\/wp-json\/wp\/v2\/categories?post=861353"},{"taxonomy":"post_tag","embeddable":true,"href":"https:\/\/www.eldigitaldeasturias.com\/noticias\/wp-json\/wp\/v2\/tags?post=861353"}],"curies":[{"name":"wp","href":"https:\/\/api.w.org\/{rel}","templated":true}]}}