{"id":861350,"date":"2016-02-23T16:10:04","date_gmt":"2016-02-23T16:10:04","guid":{"rendered":"http:\/\/www.eldigitaldeasturias.com\/noticias\/?p=861350"},"modified":"2016-02-23T16:10:04","modified_gmt":"2016-02-23T16:10:04","slug":"la-comunidad-de-madrid-se-reunira-con-el-langui","status":"publish","type":"post","link":"https:\/\/www.eldigitaldeasturias.com\/noticias\/la-comunidad-de-madrid-se-reunira-con-el-langui\/","title":{"rendered":"La Comunidad de Madrid se reunir\u00e1 con El Langui"},"content":{"rendered":"<p><img loading=\"lazy\" decoding=\"async\" class=\"alignleft size-medium wp-image-861351\" src=\"https:\/\/www.eldigitaldeasturias.com\/noticias\/wp-content\/uploads\/2016\/02\/fotonoticia_20160223142425_800-360x270.jpg\" alt=\"fotonoticia_20160223142425_800\" width=\"360\" height=\"270\" srcset=\"https:\/\/www.eldigitaldeasturias.com\/noticias\/wp-content\/uploads\/2016\/02\/fotonoticia_20160223142425_800-360x270.jpg 360w, https:\/\/www.eldigitaldeasturias.com\/noticias\/wp-content\/uploads\/2016\/02\/fotonoticia_20160223142425_800-768x576.jpg 768w, https:\/\/www.eldigitaldeasturias.com\/noticias\/wp-content\/uploads\/2016\/02\/fotonoticia_20160223142425_800-650x488.jpg 650w, https:\/\/www.eldigitaldeasturias.com\/noticias\/wp-content\/uploads\/2016\/02\/fotonoticia_20160223142425_800-125x95.jpg 125w, https:\/\/www.eldigitaldeasturias.com\/noticias\/wp-content\/uploads\/2016\/02\/fotonoticia_20160223142425_800-100x75.jpg 100w, https:\/\/www.eldigitaldeasturias.com\/noticias\/wp-content\/uploads\/2016\/02\/fotonoticia_20160223142425_800.jpg 800w\" sizes=\"auto, (max-width: 360px) 100vw, 360px\" \/>El consejero de Transportes, Infraestructuras y Vivienda de la Comunidad de Madrid, Pedro Roll\u00e1n, se re\u00fane este jueves con Juan Manuel Montilla, &#8216;El Langui&#8217;, para hablar del acceso de las sillas de ruedas a los autobuses, ha avanzado este jueves el consejero de Presidencia y Justicia, \u00c1ngel Garrido.<\/p>\n<p>Esta reuni\u00f3n se produce despu\u00e9s de que el conocido actor haya bloqueado dos veces el paso de un autob\u00fas para denunciar la falta de accesibilidad de este medio de transporte, al no poder acceder al mismo con su silla de ruedas.<\/p>\n<p>&#8216;El Langui&#8217; ha denunciado en las redes sociales que \u00ablos animales pueden subir y viajar\u00bb en los medios de transporte p\u00fablico pero parece que \u00ablas personas no\u00bb y ha advertido de que seguir\u00e1 \u00abparando autobuses hasta que todas las flotas interurbanas sean accesibles\u00bb.<\/p>\n<p>Tambi\u00e9n ha alertado de que seguir\u00e1 en esta posici\u00f3n hasta que la Comunidad de Madrid y el Consorcio Regional de Transportes \u00abhagan cumplir con el derecho que tienen las personas\u00bb.<\/p>\n<p>Preguntado al respecto en rueda de prensa posterior al Consejo de Gobierno, Garrido ha lamentado la situaci\u00f3n a la que se tuvo que enfrentar el actor y ha informado de que el jueves Roll\u00e1n se reunir\u00e1 con &#8216;El Langui&#8217; para hablar con \u00e9l y explicarle lo que se quiere hacer.<\/p>\n<p>Garrido ha relatado que el reglamento de viajeros no contempla el acceso de este tipo de veh\u00edculos y hay \u00abun vac\u00edo legal que hace que se produzcan situaciones que pueden ser de tensi\u00f3n\u00bb que todos lamentan.<\/p>\n<p>Lo que va a hacer el Ejecutivo auton\u00f3mico es, a trav\u00e9s de la comisi\u00f3n t\u00e9cnica de accesibilidad en medios de transporte, estudiar las posibles alternativas para que estos veh\u00edculos puedan tener una posible incorporaci\u00f3n a los autobuses.<\/p>\n","protected":false},"excerpt":{"rendered":"<p>El consejero de Transportes, Infraestructuras y Vivienda de la Comunidad de Madrid, Pedro Roll\u00e1n, se re\u00fane este jueves con Juan Manuel Montilla, &#8216;El Langui&#8217;, para hablar del acceso de las sillas de ruedas a los autobuses, ha avanzado este jueves el consejero de Presidencia y Justicia, \u00c1ngel Garrido. Esta reuni\u00f3n se produce despu\u00e9s de que [&hellip;]<\/p>\n","protected":false},"author":1,"featured_media":861351,"comment_status":"closed","ping_status":"closed","sticky":false,"template":"","format":"standard","meta":{"footnotes":""},"categories":[1],"tags":[],"class_list":["post-861350","post","type-post","status-publish","format-standard","has-post-thumbnail","hentry","category-actualidad"],"aioseo_notices":[],"aioseo_head":"\n\t\t<!-- All in One SEO Pro 4.9.6.2 - aioseo.com -->\n\t<meta name=\"description\" content=\"El consejero de Transportes, Infraestructuras y Vivienda de la Comunidad de Madrid, Pedro Roll\u00e1n, se re\u00fane este jueves con Juan Manuel Montilla, &#039;El Langui&#039;, para hablar del acceso de las sillas de ruedas a los autobuses, ha avanzado este jueves el consejero de Presidencia y Justicia, \u00c1ngel Garrido. Esta reuni\u00f3n se produce despu\u00e9s de que\" \/>\n\t<meta name=\"robots\" content=\"max-image-preview:large\" \/>\n\t<meta name=\"author\" content=\"El Digital de Asturias\"\/>\n\t<meta name=\"google-site-verification\" content=\"UA-38556648-1\" \/>\n\t<meta name=\"msvalidate.01\" content=\"7dfe9f3f1b24437ab69f4f2559babe99\" \/>\n\t<meta name=\"keywords\" content=\"actualidad\" \/>\n\t<link rel=\"canonical\" href=\"https:\/\/www.eldigitaldeasturias.com\/noticias\/la-comunidad-de-madrid-se-reunira-con-el-langui\/\" \/>\n\t<meta name=\"generator\" content=\"All in One SEO Pro (AIOSEO) 4.9.6.2\" \/>\n\t\t<meta property=\"og:locale\" content=\"es_ES\" \/>\n\t\t<meta property=\"og:site_name\" content=\"El Digital de Asturias\" \/>\n\t\t<meta property=\"og:type\" content=\"article\" \/>\n\t\t<meta property=\"og:title\" content=\"La Comunidad de Madrid se reunir\u00e1 con El Langui - El Digital de Asturias\" \/>\n\t\t<meta property=\"og:description\" content=\"El consejero de Transportes, Infraestructuras y Vivienda de la Comunidad de Madrid, Pedro Roll\u00e1n, se re\u00fane este jueves con Juan Manuel Montilla, &#039;El Langui&#039;, para hablar del acceso de las sillas de ruedas a los autobuses, ha avanzado este jueves el consejero de Presidencia y Justicia, \u00c1ngel Garrido. Esta reuni\u00f3n se produce despu\u00e9s de que\" \/>\n\t\t<meta property=\"og:url\" content=\"https:\/\/www.eldigitaldeasturias.com\/noticias\/la-comunidad-de-madrid-se-reunira-con-el-langui\/\" \/>\n\t\t<meta property=\"og:image\" content=\"https:\/\/www.eldigitaldeasturias.com\/noticias\/wp-content\/uploads\/2016\/02\/fotonoticia_20160223142425_800.jpg\" \/>\n\t\t<meta property=\"og:image:secure_url\" content=\"https:\/\/www.eldigitaldeasturias.com\/noticias\/wp-content\/uploads\/2016\/02\/fotonoticia_20160223142425_800.jpg\" \/>\n\t\t<meta property=\"og:image:width\" content=\"800\" \/>\n\t\t<meta property=\"og:image:height\" content=\"600\" \/>\n\t\t<meta property=\"article:tag\" content=\"actualidad\" \/>\n\t\t<meta property=\"article:published_time\" content=\"2016-02-23T16:10:04+00:00\" \/>\n\t\t<meta property=\"article:modified_time\" content=\"2016-02-23T16:10:04+00:00\" \/>\n\t\t<meta property=\"article:publisher\" content=\"https:\/\/facebook.com\/eldigitaldeasturias\" \/>\n\t\t<meta name=\"twitter:card\" content=\"summary_large_image\" \/>\n\t\t<meta name=\"twitter:title\" content=\"La Comunidad de Madrid se reunir\u00e1 con El Langui - El Digital de Asturias\" \/>\n\t\t<meta name=\"twitter:description\" content=\"El consejero de Transportes, Infraestructuras y Vivienda de la Comunidad de Madrid, Pedro Roll\u00e1n, se re\u00fane este jueves con Juan Manuel Montilla, &#039;El Langui&#039;, para hablar del acceso de las sillas de ruedas a los autobuses, ha avanzado este jueves el consejero de Presidencia y Justicia, \u00c1ngel Garrido. Esta reuni\u00f3n se produce despu\u00e9s de que\" \/>\n\t\t<meta name=\"twitter:image\" content=\"https:\/\/www.eldigitaldeasturias.com\/noticias\/wp-content\/uploads\/2016\/02\/fotonoticia_20160223142425_800.jpg\" \/>\n\t\t<meta name=\"twitter:label1\" content=\"Escrito por\" \/>\n\t\t<meta name=\"twitter:data1\" content=\"El Digital de Asturias\" \/>\n\t\t<meta name=\"twitter:label2\" content=\"Tiempo de lectura estimado\" \/>\n\t\t<meta name=\"twitter:data2\" content=\"2 minutos\" \/>\n\t\t<script type=\"application\/ld+json\" class=\"aioseo-schema\">\n\t\t\t{\"@context\":\"https:\\\/\\\/schema.org\",\"@graph\":[{\"@type\":\"BlogPosting\",\"@id\":\"https:\\\/\\\/www.eldigitaldeasturias.com\\\/noticias\\\/la-comunidad-de-madrid-se-reunira-con-el-langui\\\/#blogposting\",\"name\":\"La Comunidad de Madrid se reunir\\u00e1 con El Langui - El Digital de Asturias\",\"headline\":\"La Comunidad de Madrid se reunir\\u00e1 con El Langui\",\"author\":{\"@id\":\"https:\\\/\\\/www.eldigitaldeasturias.com\\\/noticias\\\/author\\\/admin\\\/#author\"},\"publisher\":{\"@id\":\"https:\\\/\\\/www.eldigitaldeasturias.com\\\/noticias\\\/#organization\"},\"image\":{\"@type\":\"ImageObject\",\"url\":\"https:\\\/\\\/www.eldigitaldeasturias.com\\\/noticias\\\/wp-content\\\/uploads\\\/2016\\\/02\\\/fotonoticia_20160223142425_800.jpg\",\"width\":800,\"height\":600},\"datePublished\":\"2016-02-23T16:10:04+01:00\",\"dateModified\":\"2016-02-23T16:10:04+01:00\",\"inLanguage\":\"es-ES\",\"mainEntityOfPage\":{\"@id\":\"https:\\\/\\\/www.eldigitaldeasturias.com\\\/noticias\\\/la-comunidad-de-madrid-se-reunira-con-el-langui\\\/#webpage\"},\"isPartOf\":{\"@id\":\"https:\\\/\\\/www.eldigitaldeasturias.com\\\/noticias\\\/la-comunidad-de-madrid-se-reunira-con-el-langui\\\/#webpage\"},\"articleSection\":\"Actualidad\"},{\"@type\":\"BreadcrumbList\",\"@id\":\"https:\\\/\\\/www.eldigitaldeasturias.com\\\/noticias\\\/la-comunidad-de-madrid-se-reunira-con-el-langui\\\/#breadcrumblist\",\"itemListElement\":[{\"@type\":\"ListItem\",\"@id\":\"https:\\\/\\\/www.eldigitaldeasturias.com\\\/noticias#listItem\",\"position\":1,\"name\":\"Home\",\"item\":\"https:\\\/\\\/www.eldigitaldeasturias.com\\\/noticias\",\"nextItem\":{\"@type\":\"ListItem\",\"@id\":\"https:\\\/\\\/www.eldigitaldeasturias.com\\\/noticias\\\/category\\\/actualidad\\\/#listItem\",\"name\":\"Actualidad\"}},{\"@type\":\"ListItem\",\"@id\":\"https:\\\/\\\/www.eldigitaldeasturias.com\\\/noticias\\\/category\\\/actualidad\\\/#listItem\",\"position\":2,\"name\":\"Actualidad\",\"item\":\"https:\\\/\\\/www.eldigitaldeasturias.com\\\/noticias\\\/category\\\/actualidad\\\/\",\"nextItem\":{\"@type\":\"ListItem\",\"@id\":\"https:\\\/\\\/www.eldigitaldeasturias.com\\\/noticias\\\/la-comunidad-de-madrid-se-reunira-con-el-langui\\\/#listItem\",\"name\":\"La Comunidad de Madrid se reunir\\u00e1 con El Langui\"},\"previousItem\":{\"@type\":\"ListItem\",\"@id\":\"https:\\\/\\\/www.eldigitaldeasturias.com\\\/noticias#listItem\",\"name\":\"Home\"}},{\"@type\":\"ListItem\",\"@id\":\"https:\\\/\\\/www.eldigitaldeasturias.com\\\/noticias\\\/la-comunidad-de-madrid-se-reunira-con-el-langui\\\/#listItem\",\"position\":3,\"name\":\"La Comunidad de Madrid se reunir\\u00e1 con El Langui\",\"previousItem\":{\"@type\":\"ListItem\",\"@id\":\"https:\\\/\\\/www.eldigitaldeasturias.com\\\/noticias\\\/category\\\/actualidad\\\/#listItem\",\"name\":\"Actualidad\"}}]},{\"@type\":\"Organization\",\"@id\":\"https:\\\/\\\/www.eldigitaldeasturias.com\\\/noticias\\\/#organization\",\"name\":\"El Digital de Asturias\",\"description\":\"Hemeroteca\",\"url\":\"https:\\\/\\\/www.eldigitaldeasturias.com\\\/noticias\\\/\",\"email\":\"info@eldigitaldeasturias.com\",\"telephone\":\"+34652131393\",\"logo\":{\"@type\":\"ImageObject\",\"url\":\"https:\\\/\\\/www.eldigitaldeasturias.com\\\/noticias\\\/wp-content\\\/uploads\\\/2020\\\/12\\\/EDA.jpg\",\"@id\":\"https:\\\/\\\/www.eldigitaldeasturias.com\\\/noticias\\\/la-comunidad-de-madrid-se-reunira-con-el-langui\\\/#organizationLogo\",\"width\":649,\"height\":297},\"image\":{\"@id\":\"https:\\\/\\\/www.eldigitaldeasturias.com\\\/noticias\\\/la-comunidad-de-madrid-se-reunira-con-el-langui\\\/#organizationLogo\"},\"sameAs\":[\"https:\\\/\\\/facebook.com\\\/eldigitaldeasturias\",\"https:\\\/\\\/www.youtube.com\\\/channel\\\/UCZP-2wLEB9Rv6erhFmqVnvg\"],\"address\":{\"@id\":\"https:\\\/\\\/www.eldigitaldeasturias.com\\\/noticias\\\/#postaladdress\",\"@type\":\"PostalAddress\",\"streetAddress\":\"san antonio 4,\",\"postalCode\":\"33430\",\"addressLocality\":\"Cand\\u00e1s\",\"addressRegion\":\"Asturias\",\"addressCountry\":\"ES\"}},{\"@type\":\"Person\",\"@id\":\"https:\\\/\\\/www.eldigitaldeasturias.com\\\/noticias\\\/author\\\/admin\\\/#author\",\"url\":\"https:\\\/\\\/www.eldigitaldeasturias.com\\\/noticias\\\/author\\\/admin\\\/\",\"name\":\"El Digital de Asturias\",\"image\":{\"@type\":\"ImageObject\",\"@id\":\"https:\\\/\\\/www.eldigitaldeasturias.com\\\/noticias\\\/la-comunidad-de-madrid-se-reunira-con-el-langui\\\/#authorImage\",\"url\":\"https:\\\/\\\/www.eldigitaldeasturias.com\\\/noticias\\\/wp-content\\\/litespeed\\\/avatar\\\/18677e78aa0546b92d9dbf31ec7d7668.jpg?ver=1777290358\",\"width\":96,\"height\":96,\"caption\":\"El Digital de Asturias\"}},{\"@type\":\"WebPage\",\"@id\":\"https:\\\/\\\/www.eldigitaldeasturias.com\\\/noticias\\\/la-comunidad-de-madrid-se-reunira-con-el-langui\\\/#webpage\",\"url\":\"https:\\\/\\\/www.eldigitaldeasturias.com\\\/noticias\\\/la-comunidad-de-madrid-se-reunira-con-el-langui\\\/\",\"name\":\"La Comunidad de Madrid se reunir\\u00e1 con El Langui - El Digital de Asturias\",\"description\":\"El consejero de Transportes, Infraestructuras y Vivienda de la Comunidad de Madrid, Pedro Roll\\u00e1n, se re\\u00fane este jueves con Juan Manuel Montilla, 'El Langui', para hablar del acceso de las sillas de ruedas a los autobuses, ha avanzado este jueves el consejero de Presidencia y Justicia, \\u00c1ngel Garrido. Esta reuni\\u00f3n se produce despu\\u00e9s de que\",\"inLanguage\":\"es-ES\",\"isPartOf\":{\"@id\":\"https:\\\/\\\/www.eldigitaldeasturias.com\\\/noticias\\\/#website\"},\"breadcrumb\":{\"@id\":\"https:\\\/\\\/www.eldigitaldeasturias.com\\\/noticias\\\/la-comunidad-de-madrid-se-reunira-con-el-langui\\\/#breadcrumblist\"},\"author\":{\"@id\":\"https:\\\/\\\/www.eldigitaldeasturias.com\\\/noticias\\\/author\\\/admin\\\/#author\"},\"creator\":{\"@id\":\"https:\\\/\\\/www.eldigitaldeasturias.com\\\/noticias\\\/author\\\/admin\\\/#author\"},\"image\":{\"@type\":\"ImageObject\",\"url\":\"https:\\\/\\\/www.eldigitaldeasturias.com\\\/noticias\\\/wp-content\\\/uploads\\\/2016\\\/02\\\/fotonoticia_20160223142425_800.jpg\",\"@id\":\"https:\\\/\\\/www.eldigitaldeasturias.com\\\/noticias\\\/la-comunidad-de-madrid-se-reunira-con-el-langui\\\/#mainImage\",\"width\":800,\"height\":600},\"primaryImageOfPage\":{\"@id\":\"https:\\\/\\\/www.eldigitaldeasturias.com\\\/noticias\\\/la-comunidad-de-madrid-se-reunira-con-el-langui\\\/#mainImage\"},\"datePublished\":\"2016-02-23T16:10:04+01:00\",\"dateModified\":\"2016-02-23T16:10:04+01:00\"},{\"@type\":\"WebSite\",\"@id\":\"https:\\\/\\\/www.eldigitaldeasturias.com\\\/noticias\\\/#website\",\"url\":\"https:\\\/\\\/www.eldigitaldeasturias.com\\\/noticias\\\/\",\"name\":\"El Digital de Asturias - Diario de actualidad y noticias\",\"alternateName\":\"El Digital de Asturias - Diario de actualidad y noticias\",\"description\":\"Hemeroteca\",\"inLanguage\":\"es-ES\",\"publisher\":{\"@id\":\"https:\\\/\\\/www.eldigitaldeasturias.com\\\/noticias\\\/#organization\"}}]}\n\t\t<\/script>\n\t\t<!-- All in One SEO Pro -->\r\n\t\t<title>La Comunidad de Madrid se reunir\u00e1 con El Langui - El Digital de Asturias<\/title>\n\n","aioseo_head_json":{"title":"La Comunidad de Madrid se reunir\u00e1 con El Langui - El Digital de Asturias","description":"El consejero de Transportes, Infraestructuras y Vivienda de la Comunidad de Madrid, Pedro Roll\u00e1n, se re\u00fane este jueves con Juan Manuel Montilla, 'El Langui', para hablar del acceso de las sillas de ruedas a los autobuses, ha avanzado este jueves el consejero de Presidencia y Justicia, \u00c1ngel Garrido. Esta reuni\u00f3n se produce despu\u00e9s de que","canonical_url":"https:\/\/www.eldigitaldeasturias.com\/noticias\/la-comunidad-de-madrid-se-reunira-con-el-langui\/","robots":"max-image-preview:large","keywords":"actualidad","webmasterTools":{"google-site-verification":"UA-38556648-1","msvalidate.01":"7dfe9f3f1b24437ab69f4f2559babe99","miscellaneous":""},"schema":{"@context":"https:\/\/schema.org","@graph":[{"@type":"BlogPosting","@id":"https:\/\/www.eldigitaldeasturias.com\/noticias\/la-comunidad-de-madrid-se-reunira-con-el-langui\/#blogposting","name":"La Comunidad de Madrid se reunir\u00e1 con El Langui - El Digital de Asturias","headline":"La Comunidad de Madrid se reunir\u00e1 con El Langui","author":{"@id":"https:\/\/www.eldigitaldeasturias.com\/noticias\/author\/admin\/#author"},"publisher":{"@id":"https:\/\/www.eldigitaldeasturias.com\/noticias\/#organization"},"image":{"@type":"ImageObject","url":"https:\/\/www.eldigitaldeasturias.com\/noticias\/wp-content\/uploads\/2016\/02\/fotonoticia_20160223142425_800.jpg","width":800,"height":600},"datePublished":"2016-02-23T16:10:04+01:00","dateModified":"2016-02-23T16:10:04+01:00","inLanguage":"es-ES","mainEntityOfPage":{"@id":"https:\/\/www.eldigitaldeasturias.com\/noticias\/la-comunidad-de-madrid-se-reunira-con-el-langui\/#webpage"},"isPartOf":{"@id":"https:\/\/www.eldigitaldeasturias.com\/noticias\/la-comunidad-de-madrid-se-reunira-con-el-langui\/#webpage"},"articleSection":"Actualidad"},{"@type":"BreadcrumbList","@id":"https:\/\/www.eldigitaldeasturias.com\/noticias\/la-comunidad-de-madrid-se-reunira-con-el-langui\/#breadcrumblist","itemListElement":[{"@type":"ListItem","@id":"https:\/\/www.eldigitaldeasturias.com\/noticias#listItem","position":1,"name":"Home","item":"https:\/\/www.eldigitaldeasturias.com\/noticias","nextItem":{"@type":"ListItem","@id":"https:\/\/www.eldigitaldeasturias.com\/noticias\/category\/actualidad\/#listItem","name":"Actualidad"}},{"@type":"ListItem","@id":"https:\/\/www.eldigitaldeasturias.com\/noticias\/category\/actualidad\/#listItem","position":2,"name":"Actualidad","item":"https:\/\/www.eldigitaldeasturias.com\/noticias\/category\/actualidad\/","nextItem":{"@type":"ListItem","@id":"https:\/\/www.eldigitaldeasturias.com\/noticias\/la-comunidad-de-madrid-se-reunira-con-el-langui\/#listItem","name":"La Comunidad de Madrid se reunir\u00e1 con El Langui"},"previousItem":{"@type":"ListItem","@id":"https:\/\/www.eldigitaldeasturias.com\/noticias#listItem","name":"Home"}},{"@type":"ListItem","@id":"https:\/\/www.eldigitaldeasturias.com\/noticias\/la-comunidad-de-madrid-se-reunira-con-el-langui\/#listItem","position":3,"name":"La Comunidad de Madrid se reunir\u00e1 con El Langui","previousItem":{"@type":"ListItem","@id":"https:\/\/www.eldigitaldeasturias.com\/noticias\/category\/actualidad\/#listItem","name":"Actualidad"}}]},{"@type":"Organization","@id":"https:\/\/www.eldigitaldeasturias.com\/noticias\/#organization","name":"El Digital de Asturias","description":"Hemeroteca","url":"https:\/\/www.eldigitaldeasturias.com\/noticias\/","email":"info@eldigitaldeasturias.com","telephone":"+34652131393","logo":{"@type":"ImageObject","url":"https:\/\/www.eldigitaldeasturias.com\/noticias\/wp-content\/uploads\/2020\/12\/EDA.jpg","@id":"https:\/\/www.eldigitaldeasturias.com\/noticias\/la-comunidad-de-madrid-se-reunira-con-el-langui\/#organizationLogo","width":649,"height":297},"image":{"@id":"https:\/\/www.eldigitaldeasturias.com\/noticias\/la-comunidad-de-madrid-se-reunira-con-el-langui\/#organizationLogo"},"sameAs":["https:\/\/facebook.com\/eldigitaldeasturias","https:\/\/www.youtube.com\/channel\/UCZP-2wLEB9Rv6erhFmqVnvg"],"address":{"@id":"https:\/\/www.eldigitaldeasturias.com\/noticias\/#postaladdress","@type":"PostalAddress","streetAddress":"san antonio 4,","postalCode":"33430","addressLocality":"Cand\u00e1s","addressRegion":"Asturias","addressCountry":"ES"}},{"@type":"Person","@id":"https:\/\/www.eldigitaldeasturias.com\/noticias\/author\/admin\/#author","url":"https:\/\/www.eldigitaldeasturias.com\/noticias\/author\/admin\/","name":"El Digital de Asturias","image":{"@type":"ImageObject","@id":"https:\/\/www.eldigitaldeasturias.com\/noticias\/la-comunidad-de-madrid-se-reunira-con-el-langui\/#authorImage","url":"https:\/\/www.eldigitaldeasturias.com\/noticias\/wp-content\/litespeed\/avatar\/18677e78aa0546b92d9dbf31ec7d7668.jpg?ver=1777290358","width":96,"height":96,"caption":"El Digital de Asturias"}},{"@type":"WebPage","@id":"https:\/\/www.eldigitaldeasturias.com\/noticias\/la-comunidad-de-madrid-se-reunira-con-el-langui\/#webpage","url":"https:\/\/www.eldigitaldeasturias.com\/noticias\/la-comunidad-de-madrid-se-reunira-con-el-langui\/","name":"La Comunidad de Madrid se reunir\u00e1 con El Langui - El Digital de Asturias","description":"El consejero de Transportes, Infraestructuras y Vivienda de la Comunidad de Madrid, Pedro Roll\u00e1n, se re\u00fane este jueves con Juan Manuel Montilla, 'El Langui', para hablar del acceso de las sillas de ruedas a los autobuses, ha avanzado este jueves el consejero de Presidencia y Justicia, \u00c1ngel Garrido. Esta reuni\u00f3n se produce despu\u00e9s de que","inLanguage":"es-ES","isPartOf":{"@id":"https:\/\/www.eldigitaldeasturias.com\/noticias\/#website"},"breadcrumb":{"@id":"https:\/\/www.eldigitaldeasturias.com\/noticias\/la-comunidad-de-madrid-se-reunira-con-el-langui\/#breadcrumblist"},"author":{"@id":"https:\/\/www.eldigitaldeasturias.com\/noticias\/author\/admin\/#author"},"creator":{"@id":"https:\/\/www.eldigitaldeasturias.com\/noticias\/author\/admin\/#author"},"image":{"@type":"ImageObject","url":"https:\/\/www.eldigitaldeasturias.com\/noticias\/wp-content\/uploads\/2016\/02\/fotonoticia_20160223142425_800.jpg","@id":"https:\/\/www.eldigitaldeasturias.com\/noticias\/la-comunidad-de-madrid-se-reunira-con-el-langui\/#mainImage","width":800,"height":600},"primaryImageOfPage":{"@id":"https:\/\/www.eldigitaldeasturias.com\/noticias\/la-comunidad-de-madrid-se-reunira-con-el-langui\/#mainImage"},"datePublished":"2016-02-23T16:10:04+01:00","dateModified":"2016-02-23T16:10:04+01:00"},{"@type":"WebSite","@id":"https:\/\/www.eldigitaldeasturias.com\/noticias\/#website","url":"https:\/\/www.eldigitaldeasturias.com\/noticias\/","name":"El Digital de Asturias - Diario de actualidad y noticias","alternateName":"El Digital de Asturias - Diario de actualidad y noticias","description":"Hemeroteca","inLanguage":"es-ES","publisher":{"@id":"https:\/\/www.eldigitaldeasturias.com\/noticias\/#organization"}}]},"og:locale":"es_ES","og:site_name":"El Digital de Asturias","og:type":"article","og:title":"La Comunidad de Madrid se reunir\u00e1 con El Langui - El Digital de Asturias","og:description":"El consejero de Transportes, Infraestructuras y Vivienda de la Comunidad de Madrid, Pedro Roll\u00e1n, se re\u00fane este jueves con Juan Manuel Montilla, 'El Langui', para hablar del acceso de las sillas de ruedas a los autobuses, ha avanzado este jueves el consejero de Presidencia y Justicia, \u00c1ngel Garrido. Esta reuni\u00f3n se produce despu\u00e9s de que","og:url":"https:\/\/www.eldigitaldeasturias.com\/noticias\/la-comunidad-de-madrid-se-reunira-con-el-langui\/","og:image":"https:\/\/www.eldigitaldeasturias.com\/noticias\/wp-content\/uploads\/2016\/02\/fotonoticia_20160223142425_800.jpg","og:image:secure_url":"https:\/\/www.eldigitaldeasturias.com\/noticias\/wp-content\/uploads\/2016\/02\/fotonoticia_20160223142425_800.jpg","og:image:width":800,"og:image:height":600,"article:tag":["actualidad"],"article:published_time":"2016-02-23T16:10:04+00:00","article:modified_time":"2016-02-23T16:10:04+00:00","article:publisher":"https:\/\/facebook.com\/eldigitaldeasturias","twitter:card":"summary_large_image","twitter:title":"La Comunidad de Madrid se reunir\u00e1 con El Langui - El Digital de Asturias","twitter:description":"El consejero de Transportes, Infraestructuras y Vivienda de la Comunidad de Madrid, Pedro Roll\u00e1n, se re\u00fane este jueves con Juan Manuel Montilla, 'El Langui', para hablar del acceso de las sillas de ruedas a los autobuses, ha avanzado este jueves el consejero de Presidencia y Justicia, \u00c1ngel Garrido. Esta reuni\u00f3n se produce despu\u00e9s de que","twitter:image":"https:\/\/www.eldigitaldeasturias.com\/noticias\/wp-content\/uploads\/2016\/02\/fotonoticia_20160223142425_800.jpg","twitter:label1":"Escrito por","twitter:data1":"El Digital de Asturias","twitter:label2":"Tiempo de lectura estimado","twitter:data2":"2 minutos"},"aioseo_meta_data":{"post_id":"861350","title":null,"description":null,"keywords":null,"keyphrases":null,"primary_term":null,"canonical_url":null,"og_title":null,"og_description":null,"og_object_type":"default","og_image_type":"default","og_image_url":null,"og_image_width":null,"og_image_height":null,"og_image_custom_url":null,"og_image_custom_fields":null,"og_video":null,"og_custom_url":null,"og_article_section":null,"og_article_tags":null,"twitter_use_og":false,"twitter_card":"default","twitter_image_type":"default","twitter_image_url":null,"twitter_image_custom_url":null,"twitter_image_custom_fields":null,"twitter_title":null,"twitter_description":null,"schema":{"blockGraphs":[],"customGraphs":[],"default":{"data":{"Article":[],"Course":[],"Dataset":[],"FAQPage":[],"Movie":[],"Person":[],"Product":[],"ProductReview":[],"Car":[],"Recipe":[],"Service":[],"SoftwareApplication":[],"WebPage":[]},"graphName":"","isEnabled":true},"graphs":[],"defaultGraph":"","defaultPostTypeGraph":""},"schema_type":null,"schema_type_options":null,"pillar_content":false,"robots_default":true,"robots_noindex":false,"robots_noarchive":false,"robots_nosnippet":false,"robots_nofollow":false,"robots_noimageindex":false,"robots_noodp":false,"robots_notranslate":false,"robots_max_snippet":null,"robots_max_videopreview":null,"robots_max_imagepreview":"large","priority":null,"frequency":null,"local_seo":null,"seo_analyzer_scan_date":"2025-12-10 20:57:08","breadcrumb_settings":null,"limit_modified_date":false,"open_ai":null,"ai":null,"created":"2021-01-22 16:18:47","updated":"2025-12-10 20:57:08"},"aioseo_breadcrumb":"<div class=\"aioseo-breadcrumbs\"><span class=\"aioseo-breadcrumb\">\n\t<a href=\"https:\/\/www.eldigitaldeasturias.com\/noticias\" title=\"Home\">Home<\/a>\n<\/span><span class=\"aioseo-breadcrumb-separator\">\u2013<\/span><span class=\"aioseo-breadcrumb\">\n\t<a href=\"https:\/\/www.eldigitaldeasturias.com\/noticias\/category\/actualidad\/\" title=\"Actualidad\">Actualidad<\/a>\n<\/span><span class=\"aioseo-breadcrumb-separator\">\u2013<\/span><span class=\"aioseo-breadcrumb\">\n\t<a href=\"https:\/\/www.eldigitaldeasturias.com\/noticias\/la-comunidad-de-madrid-se-reunira-con-el-langui\/\" title=\"La Comunidad de Madrid se reunir\u00e1 con El Langui\">La Comunidad de Madrid se reunir\u00e1 con El Langui<\/a>\n<\/span><\/div>","aioseo_breadcrumb_json":[{"label":"Home","link":"https:\/\/www.eldigitaldeasturias.com\/noticias"},{"label":"Actualidad","link":"https:\/\/www.eldigitaldeasturias.com\/noticias\/category\/actualidad\/"},{"label":"La Comunidad de Madrid se reunir\u00e1 con El Langui","link":"https:\/\/www.eldigitaldeasturias.com\/noticias\/la-comunidad-de-madrid-se-reunira-con-el-langui\/"}],"_links":{"self":[{"href":"https:\/\/www.eldigitaldeasturias.com\/noticias\/wp-json\/wp\/v2\/posts\/861350","targetHints":{"allow":["GET"]}}],"collection":[{"href":"https:\/\/www.eldigitaldeasturias.com\/noticias\/wp-json\/wp\/v2\/posts"}],"about":[{"href":"https:\/\/www.eldigitaldeasturias.com\/noticias\/wp-json\/wp\/v2\/types\/post"}],"author":[{"embeddable":true,"href":"https:\/\/www.eldigitaldeasturias.com\/noticias\/wp-json\/wp\/v2\/users\/1"}],"replies":[{"embeddable":true,"href":"https:\/\/www.eldigitaldeasturias.com\/noticias\/wp-json\/wp\/v2\/comments?post=861350"}],"version-history":[{"count":0,"href":"https:\/\/www.eldigitaldeasturias.com\/noticias\/wp-json\/wp\/v2\/posts\/861350\/revisions"}],"wp:featuredmedia":[{"embeddable":true,"href":"https:\/\/www.eldigitaldeasturias.com\/noticias\/wp-json\/wp\/v2\/media\/861351"}],"wp:attachment":[{"href":"https:\/\/www.eldigitaldeasturias.com\/noticias\/wp-json\/wp\/v2\/media?parent=861350"}],"wp:term":[{"taxonomy":"category","embeddable":true,"href":"https:\/\/www.eldigitaldeasturias.com\/noticias\/wp-json\/wp\/v2\/categories?post=861350"},{"taxonomy":"post_tag","embeddable":true,"href":"https:\/\/www.eldigitaldeasturias.com\/noticias\/wp-json\/wp\/v2\/tags?post=861350"}],"curies":[{"name":"wp","href":"https:\/\/api.w.org\/{rel}","templated":true}]}}