{"id":861347,"date":"2016-02-23T16:08:19","date_gmt":"2016-02-23T16:08:19","guid":{"rendered":"http:\/\/www.eldigitaldeasturias.com\/noticias\/?p=861347"},"modified":"2016-02-23T16:08:19","modified_gmt":"2016-02-23T16:08:19","slug":"la-musica-en-vivo-en-espana-facturo-1945-millones-de-euros-en-2015","status":"publish","type":"post","link":"https:\/\/www.eldigitaldeasturias.com\/noticias\/la-musica-en-vivo-en-espana-facturo-1945-millones-de-euros-en-2015\/","title":{"rendered":"La m\u00fasica en vivo en Espa\u00f1a factur\u00f3 194,5 millones de euros en 2015"},"content":{"rendered":"<p><img loading=\"lazy\" decoding=\"async\" class=\"alignleft size-medium wp-image-861348\" src=\"https:\/\/www.eldigitaldeasturias.com\/noticias\/wp-content\/uploads\/2016\/02\/fotonoticia_20160223124036_800-360x240.jpg\" alt=\"fotonoticia_20160223124036_800\" width=\"360\" height=\"240\" srcset=\"https:\/\/www.eldigitaldeasturias.com\/noticias\/wp-content\/uploads\/2016\/02\/fotonoticia_20160223124036_800-360x240.jpg 360w, https:\/\/www.eldigitaldeasturias.com\/noticias\/wp-content\/uploads\/2016\/02\/fotonoticia_20160223124036_800-768x513.jpg 768w, https:\/\/www.eldigitaldeasturias.com\/noticias\/wp-content\/uploads\/2016\/02\/fotonoticia_20160223124036_800-650x434.jpg 650w, https:\/\/www.eldigitaldeasturias.com\/noticias\/wp-content\/uploads\/2016\/02\/fotonoticia_20160223124036_800-84x55.jpg 84w, https:\/\/www.eldigitaldeasturias.com\/noticias\/wp-content\/uploads\/2016\/02\/fotonoticia_20160223124036_800-49x32.jpg 49w, https:\/\/www.eldigitaldeasturias.com\/noticias\/wp-content\/uploads\/2016\/02\/fotonoticia_20160223124036_800.jpg 800w\" sizes=\"auto, (max-width: 360px) 100vw, 360px\" \/>La m\u00fasica en vivo en Espa\u00f1a factur\u00f3 194,5 millones de euros en 2015, un 12,1% m\u00e1s que el a\u00f1o anterior cuando se facturaron 173, 5 millones de euros, y encadena as\u00ed dos a\u00f1os de crecimiento.<\/p>\n<p>As\u00ed lo ha puesto de manifiesto la Asociaci\u00f3n de Promotores Musicales (APM) durante la presentaci\u00f3n del VII Anuario de la m\u00fasica en vivo, en la que han participado el presidente y el vicepresidente de la asociaci\u00f3n, Pascual Egea y Neo Sala, respectivamente.<\/p>\n<p>\u00abEl a\u00f1o 2015 nos levanta una leve sonrisa en los labios con respecto a a\u00f1os anteriores porque volvemos a tener un crecimiento de un 12% de facturaci\u00f3n neta con respecto a 2014\u00bb, ha explicado Egea, al tiempo que ha agregado que a\u00fan as\u00ed la m\u00fasica en vivo en Espa\u00f1a contin\u00faa por debajo de la facturaci\u00f3n de 2011 en un 5,26%.<\/p>\n<p>En este sentido, el presidente de la APM ha indicado que los datos muestran que el sector est\u00e1 \u00ablevantado cabeza\u00bb, pero contin\u00faa \u00absin salir\u00bb de donde est\u00e1 metido tras la subida del IVA cultural.<\/p>\n","protected":false},"excerpt":{"rendered":"<p>La m\u00fasica en vivo en Espa\u00f1a factur\u00f3 194,5 millones de euros en 2015, un 12,1% m\u00e1s que el a\u00f1o anterior cuando se facturaron 173, 5 millones de euros, y encadena as\u00ed dos a\u00f1os de crecimiento. As\u00ed lo ha puesto de manifiesto la Asociaci\u00f3n de Promotores Musicales (APM) durante la presentaci\u00f3n del VII Anuario de la [&hellip;]<\/p>\n","protected":false},"author":1,"featured_media":861348,"comment_status":"closed","ping_status":"closed","sticky":false,"template":"","format":"standard","meta":{"footnotes":""},"categories":[50],"tags":[],"class_list":["post-861347","post","type-post","status-publish","format-standard","has-post-thumbnail","hentry","category-revista-de-ocio"],"aioseo_notices":[],"aioseo_head":"\n\t\t<!-- All in One SEO Pro 4.9.6.2 - aioseo.com -->\n\t<meta name=\"description\" content=\"La m\u00fasica en vivo en Espa\u00f1a factur\u00f3 194,5 millones de euros en 2015, un 12,1% m\u00e1s que el a\u00f1o anterior cuando se facturaron 173, 5 millones de euros, y encadena as\u00ed dos a\u00f1os de crecimiento. As\u00ed lo ha puesto de manifiesto la Asociaci\u00f3n de Promotores Musicales (APM) durante la presentaci\u00f3n del VII Anuario de la\" \/>\n\t<meta name=\"robots\" content=\"max-image-preview:large\" \/>\n\t<meta name=\"author\" content=\"El Digital de Asturias\"\/>\n\t<meta name=\"google-site-verification\" content=\"UA-38556648-1\" \/>\n\t<meta name=\"msvalidate.01\" content=\"7dfe9f3f1b24437ab69f4f2559babe99\" \/>\n\t<meta name=\"keywords\" content=\"revista de ocio\" \/>\n\t<link rel=\"canonical\" href=\"https:\/\/www.eldigitaldeasturias.com\/noticias\/la-musica-en-vivo-en-espana-facturo-1945-millones-de-euros-en-2015\/\" \/>\n\t<meta name=\"generator\" content=\"All in One SEO Pro (AIOSEO) 4.9.6.2\" \/>\n\t\t<meta property=\"og:locale\" content=\"es_ES\" \/>\n\t\t<meta property=\"og:site_name\" content=\"El Digital de Asturias\" \/>\n\t\t<meta property=\"og:type\" content=\"article\" \/>\n\t\t<meta property=\"og:title\" content=\"La m\u00fasica en vivo en Espa\u00f1a factur\u00f3 194,5 millones de euros en 2015 - El Digital de Asturias\" \/>\n\t\t<meta property=\"og:description\" content=\"La m\u00fasica en vivo en Espa\u00f1a factur\u00f3 194,5 millones de euros en 2015, un 12,1% m\u00e1s que el a\u00f1o anterior cuando se facturaron 173, 5 millones de euros, y encadena as\u00ed dos a\u00f1os de crecimiento. As\u00ed lo ha puesto de manifiesto la Asociaci\u00f3n de Promotores Musicales (APM) durante la presentaci\u00f3n del VII Anuario de la\" \/>\n\t\t<meta property=\"og:url\" content=\"https:\/\/www.eldigitaldeasturias.com\/noticias\/la-musica-en-vivo-en-espana-facturo-1945-millones-de-euros-en-2015\/\" \/>\n\t\t<meta property=\"og:image\" content=\"https:\/\/www.eldigitaldeasturias.com\/noticias\/wp-content\/uploads\/2016\/02\/fotonoticia_20160223124036_800.jpg\" \/>\n\t\t<meta property=\"og:image:secure_url\" content=\"https:\/\/www.eldigitaldeasturias.com\/noticias\/wp-content\/uploads\/2016\/02\/fotonoticia_20160223124036_800.jpg\" \/>\n\t\t<meta property=\"og:image:width\" content=\"800\" \/>\n\t\t<meta property=\"og:image:height\" content=\"534\" \/>\n\t\t<meta property=\"article:tag\" content=\"revista de ocio\" \/>\n\t\t<meta property=\"article:published_time\" content=\"2016-02-23T16:08:19+00:00\" \/>\n\t\t<meta property=\"article:modified_time\" content=\"2016-02-23T16:08:19+00:00\" \/>\n\t\t<meta property=\"article:publisher\" content=\"https:\/\/facebook.com\/eldigitaldeasturias\" \/>\n\t\t<meta name=\"twitter:card\" content=\"summary_large_image\" \/>\n\t\t<meta name=\"twitter:title\" content=\"La m\u00fasica en vivo en Espa\u00f1a factur\u00f3 194,5 millones de euros en 2015 - El Digital de Asturias\" \/>\n\t\t<meta name=\"twitter:description\" content=\"La m\u00fasica en vivo en Espa\u00f1a factur\u00f3 194,5 millones de euros en 2015, un 12,1% m\u00e1s que el a\u00f1o anterior cuando se facturaron 173, 5 millones de euros, y encadena as\u00ed dos a\u00f1os de crecimiento. As\u00ed lo ha puesto de manifiesto la Asociaci\u00f3n de Promotores Musicales (APM) durante la presentaci\u00f3n del VII Anuario de la\" \/>\n\t\t<meta name=\"twitter:image\" content=\"https:\/\/www.eldigitaldeasturias.com\/noticias\/wp-content\/uploads\/2016\/02\/fotonoticia_20160223124036_800.jpg\" \/>\n\t\t<meta name=\"twitter:label1\" content=\"Escrito por\" \/>\n\t\t<meta name=\"twitter:data1\" content=\"El Digital de Asturias\" \/>\n\t\t<meta name=\"twitter:label2\" content=\"Tiempo de lectura estimado\" \/>\n\t\t<meta name=\"twitter:data2\" content=\"1 minuto\" \/>\n\t\t<script type=\"application\/ld+json\" class=\"aioseo-schema\">\n\t\t\t{\"@context\":\"https:\\\/\\\/schema.org\",\"@graph\":[{\"@type\":\"BlogPosting\",\"@id\":\"https:\\\/\\\/www.eldigitaldeasturias.com\\\/noticias\\\/la-musica-en-vivo-en-espana-facturo-1945-millones-de-euros-en-2015\\\/#blogposting\",\"name\":\"La m\\u00fasica en vivo en Espa\\u00f1a factur\\u00f3 194,5 millones de euros en 2015 - El Digital de Asturias\",\"headline\":\"La m\\u00fasica en vivo en Espa\\u00f1a factur\\u00f3 194,5 millones de euros en 2015\",\"author\":{\"@id\":\"https:\\\/\\\/www.eldigitaldeasturias.com\\\/noticias\\\/author\\\/admin\\\/#author\"},\"publisher\":{\"@id\":\"https:\\\/\\\/www.eldigitaldeasturias.com\\\/noticias\\\/#organization\"},\"image\":{\"@type\":\"ImageObject\",\"url\":\"https:\\\/\\\/www.eldigitaldeasturias.com\\\/noticias\\\/wp-content\\\/uploads\\\/2016\\\/02\\\/fotonoticia_20160223124036_800.jpg\",\"width\":800,\"height\":534},\"datePublished\":\"2016-02-23T16:08:19+01:00\",\"dateModified\":\"2016-02-23T16:08:19+01:00\",\"inLanguage\":\"es-ES\",\"mainEntityOfPage\":{\"@id\":\"https:\\\/\\\/www.eldigitaldeasturias.com\\\/noticias\\\/la-musica-en-vivo-en-espana-facturo-1945-millones-de-euros-en-2015\\\/#webpage\"},\"isPartOf\":{\"@id\":\"https:\\\/\\\/www.eldigitaldeasturias.com\\\/noticias\\\/la-musica-en-vivo-en-espana-facturo-1945-millones-de-euros-en-2015\\\/#webpage\"},\"articleSection\":\"Revista de Ocio\"},{\"@type\":\"BreadcrumbList\",\"@id\":\"https:\\\/\\\/www.eldigitaldeasturias.com\\\/noticias\\\/la-musica-en-vivo-en-espana-facturo-1945-millones-de-euros-en-2015\\\/#breadcrumblist\",\"itemListElement\":[{\"@type\":\"ListItem\",\"@id\":\"https:\\\/\\\/www.eldigitaldeasturias.com\\\/noticias#listItem\",\"position\":1,\"name\":\"Home\",\"item\":\"https:\\\/\\\/www.eldigitaldeasturias.com\\\/noticias\",\"nextItem\":{\"@type\":\"ListItem\",\"@id\":\"https:\\\/\\\/www.eldigitaldeasturias.com\\\/noticias\\\/category\\\/revista-de-ocio\\\/#listItem\",\"name\":\"Revista de Ocio\"}},{\"@type\":\"ListItem\",\"@id\":\"https:\\\/\\\/www.eldigitaldeasturias.com\\\/noticias\\\/category\\\/revista-de-ocio\\\/#listItem\",\"position\":2,\"name\":\"Revista de Ocio\",\"item\":\"https:\\\/\\\/www.eldigitaldeasturias.com\\\/noticias\\\/category\\\/revista-de-ocio\\\/\",\"nextItem\":{\"@type\":\"ListItem\",\"@id\":\"https:\\\/\\\/www.eldigitaldeasturias.com\\\/noticias\\\/la-musica-en-vivo-en-espana-facturo-1945-millones-de-euros-en-2015\\\/#listItem\",\"name\":\"La m\\u00fasica en vivo en Espa\\u00f1a factur\\u00f3 194,5 millones de euros en 2015\"},\"previousItem\":{\"@type\":\"ListItem\",\"@id\":\"https:\\\/\\\/www.eldigitaldeasturias.com\\\/noticias#listItem\",\"name\":\"Home\"}},{\"@type\":\"ListItem\",\"@id\":\"https:\\\/\\\/www.eldigitaldeasturias.com\\\/noticias\\\/la-musica-en-vivo-en-espana-facturo-1945-millones-de-euros-en-2015\\\/#listItem\",\"position\":3,\"name\":\"La m\\u00fasica en vivo en Espa\\u00f1a factur\\u00f3 194,5 millones de euros en 2015\",\"previousItem\":{\"@type\":\"ListItem\",\"@id\":\"https:\\\/\\\/www.eldigitaldeasturias.com\\\/noticias\\\/category\\\/revista-de-ocio\\\/#listItem\",\"name\":\"Revista de Ocio\"}}]},{\"@type\":\"Organization\",\"@id\":\"https:\\\/\\\/www.eldigitaldeasturias.com\\\/noticias\\\/#organization\",\"name\":\"El Digital de Asturias\",\"description\":\"Hemeroteca\",\"url\":\"https:\\\/\\\/www.eldigitaldeasturias.com\\\/noticias\\\/\",\"email\":\"info@eldigitaldeasturias.com\",\"telephone\":\"+34652131393\",\"logo\":{\"@type\":\"ImageObject\",\"url\":\"https:\\\/\\\/www.eldigitaldeasturias.com\\\/noticias\\\/wp-content\\\/uploads\\\/2020\\\/12\\\/EDA.jpg\",\"@id\":\"https:\\\/\\\/www.eldigitaldeasturias.com\\\/noticias\\\/la-musica-en-vivo-en-espana-facturo-1945-millones-de-euros-en-2015\\\/#organizationLogo\",\"width\":649,\"height\":297},\"image\":{\"@id\":\"https:\\\/\\\/www.eldigitaldeasturias.com\\\/noticias\\\/la-musica-en-vivo-en-espana-facturo-1945-millones-de-euros-en-2015\\\/#organizationLogo\"},\"sameAs\":[\"https:\\\/\\\/facebook.com\\\/eldigitaldeasturias\",\"https:\\\/\\\/www.youtube.com\\\/channel\\\/UCZP-2wLEB9Rv6erhFmqVnvg\"],\"address\":{\"@id\":\"https:\\\/\\\/www.eldigitaldeasturias.com\\\/noticias\\\/#postaladdress\",\"@type\":\"PostalAddress\",\"streetAddress\":\"san antonio 4,\",\"postalCode\":\"33430\",\"addressLocality\":\"Cand\\u00e1s\",\"addressRegion\":\"Asturias\",\"addressCountry\":\"ES\"}},{\"@type\":\"Person\",\"@id\":\"https:\\\/\\\/www.eldigitaldeasturias.com\\\/noticias\\\/author\\\/admin\\\/#author\",\"url\":\"https:\\\/\\\/www.eldigitaldeasturias.com\\\/noticias\\\/author\\\/admin\\\/\",\"name\":\"El Digital de Asturias\",\"image\":{\"@type\":\"ImageObject\",\"@id\":\"https:\\\/\\\/www.eldigitaldeasturias.com\\\/noticias\\\/la-musica-en-vivo-en-espana-facturo-1945-millones-de-euros-en-2015\\\/#authorImage\",\"url\":\"https:\\\/\\\/www.eldigitaldeasturias.com\\\/noticias\\\/wp-content\\\/litespeed\\\/avatar\\\/18677e78aa0546b92d9dbf31ec7d7668.jpg?ver=1777290358\",\"width\":96,\"height\":96,\"caption\":\"El Digital de Asturias\"}},{\"@type\":\"WebPage\",\"@id\":\"https:\\\/\\\/www.eldigitaldeasturias.com\\\/noticias\\\/la-musica-en-vivo-en-espana-facturo-1945-millones-de-euros-en-2015\\\/#webpage\",\"url\":\"https:\\\/\\\/www.eldigitaldeasturias.com\\\/noticias\\\/la-musica-en-vivo-en-espana-facturo-1945-millones-de-euros-en-2015\\\/\",\"name\":\"La m\\u00fasica en vivo en Espa\\u00f1a factur\\u00f3 194,5 millones de euros en 2015 - El Digital de Asturias\",\"description\":\"La m\\u00fasica en vivo en Espa\\u00f1a factur\\u00f3 194,5 millones de euros en 2015, un 12,1% m\\u00e1s que el a\\u00f1o anterior cuando se facturaron 173, 5 millones de euros, y encadena as\\u00ed dos a\\u00f1os de crecimiento. As\\u00ed lo ha puesto de manifiesto la Asociaci\\u00f3n de Promotores Musicales (APM) durante la presentaci\\u00f3n del VII Anuario de la\",\"inLanguage\":\"es-ES\",\"isPartOf\":{\"@id\":\"https:\\\/\\\/www.eldigitaldeasturias.com\\\/noticias\\\/#website\"},\"breadcrumb\":{\"@id\":\"https:\\\/\\\/www.eldigitaldeasturias.com\\\/noticias\\\/la-musica-en-vivo-en-espana-facturo-1945-millones-de-euros-en-2015\\\/#breadcrumblist\"},\"author\":{\"@id\":\"https:\\\/\\\/www.eldigitaldeasturias.com\\\/noticias\\\/author\\\/admin\\\/#author\"},\"creator\":{\"@id\":\"https:\\\/\\\/www.eldigitaldeasturias.com\\\/noticias\\\/author\\\/admin\\\/#author\"},\"image\":{\"@type\":\"ImageObject\",\"url\":\"https:\\\/\\\/www.eldigitaldeasturias.com\\\/noticias\\\/wp-content\\\/uploads\\\/2016\\\/02\\\/fotonoticia_20160223124036_800.jpg\",\"@id\":\"https:\\\/\\\/www.eldigitaldeasturias.com\\\/noticias\\\/la-musica-en-vivo-en-espana-facturo-1945-millones-de-euros-en-2015\\\/#mainImage\",\"width\":800,\"height\":534},\"primaryImageOfPage\":{\"@id\":\"https:\\\/\\\/www.eldigitaldeasturias.com\\\/noticias\\\/la-musica-en-vivo-en-espana-facturo-1945-millones-de-euros-en-2015\\\/#mainImage\"},\"datePublished\":\"2016-02-23T16:08:19+01:00\",\"dateModified\":\"2016-02-23T16:08:19+01:00\"},{\"@type\":\"WebSite\",\"@id\":\"https:\\\/\\\/www.eldigitaldeasturias.com\\\/noticias\\\/#website\",\"url\":\"https:\\\/\\\/www.eldigitaldeasturias.com\\\/noticias\\\/\",\"name\":\"El Digital de Asturias - Diario de actualidad y noticias\",\"alternateName\":\"El Digital de Asturias - Diario de actualidad y noticias\",\"description\":\"Hemeroteca\",\"inLanguage\":\"es-ES\",\"publisher\":{\"@id\":\"https:\\\/\\\/www.eldigitaldeasturias.com\\\/noticias\\\/#organization\"}}]}\n\t\t<\/script>\n\t\t<!-- All in One SEO Pro -->\r\n\t\t<title>La m\u00fasica en vivo en Espa\u00f1a factur\u00f3 194,5 millones de euros en 2015 - El Digital de Asturias<\/title>\n\n","aioseo_head_json":{"title":"La m\u00fasica en vivo en Espa\u00f1a factur\u00f3 194,5 millones de euros en 2015 - El Digital de Asturias","description":"La m\u00fasica en vivo en Espa\u00f1a factur\u00f3 194,5 millones de euros en 2015, un 12,1% m\u00e1s que el a\u00f1o anterior cuando se facturaron 173, 5 millones de euros, y encadena as\u00ed dos a\u00f1os de crecimiento. As\u00ed lo ha puesto de manifiesto la Asociaci\u00f3n de Promotores Musicales (APM) durante la presentaci\u00f3n del VII Anuario de la","canonical_url":"https:\/\/www.eldigitaldeasturias.com\/noticias\/la-musica-en-vivo-en-espana-facturo-1945-millones-de-euros-en-2015\/","robots":"max-image-preview:large","keywords":"revista de ocio","webmasterTools":{"google-site-verification":"UA-38556648-1","msvalidate.01":"7dfe9f3f1b24437ab69f4f2559babe99","miscellaneous":""},"schema":{"@context":"https:\/\/schema.org","@graph":[{"@type":"BlogPosting","@id":"https:\/\/www.eldigitaldeasturias.com\/noticias\/la-musica-en-vivo-en-espana-facturo-1945-millones-de-euros-en-2015\/#blogposting","name":"La m\u00fasica en vivo en Espa\u00f1a factur\u00f3 194,5 millones de euros en 2015 - El Digital de Asturias","headline":"La m\u00fasica en vivo en Espa\u00f1a factur\u00f3 194,5 millones de euros en 2015","author":{"@id":"https:\/\/www.eldigitaldeasturias.com\/noticias\/author\/admin\/#author"},"publisher":{"@id":"https:\/\/www.eldigitaldeasturias.com\/noticias\/#organization"},"image":{"@type":"ImageObject","url":"https:\/\/www.eldigitaldeasturias.com\/noticias\/wp-content\/uploads\/2016\/02\/fotonoticia_20160223124036_800.jpg","width":800,"height":534},"datePublished":"2016-02-23T16:08:19+01:00","dateModified":"2016-02-23T16:08:19+01:00","inLanguage":"es-ES","mainEntityOfPage":{"@id":"https:\/\/www.eldigitaldeasturias.com\/noticias\/la-musica-en-vivo-en-espana-facturo-1945-millones-de-euros-en-2015\/#webpage"},"isPartOf":{"@id":"https:\/\/www.eldigitaldeasturias.com\/noticias\/la-musica-en-vivo-en-espana-facturo-1945-millones-de-euros-en-2015\/#webpage"},"articleSection":"Revista de Ocio"},{"@type":"BreadcrumbList","@id":"https:\/\/www.eldigitaldeasturias.com\/noticias\/la-musica-en-vivo-en-espana-facturo-1945-millones-de-euros-en-2015\/#breadcrumblist","itemListElement":[{"@type":"ListItem","@id":"https:\/\/www.eldigitaldeasturias.com\/noticias#listItem","position":1,"name":"Home","item":"https:\/\/www.eldigitaldeasturias.com\/noticias","nextItem":{"@type":"ListItem","@id":"https:\/\/www.eldigitaldeasturias.com\/noticias\/category\/revista-de-ocio\/#listItem","name":"Revista de Ocio"}},{"@type":"ListItem","@id":"https:\/\/www.eldigitaldeasturias.com\/noticias\/category\/revista-de-ocio\/#listItem","position":2,"name":"Revista de Ocio","item":"https:\/\/www.eldigitaldeasturias.com\/noticias\/category\/revista-de-ocio\/","nextItem":{"@type":"ListItem","@id":"https:\/\/www.eldigitaldeasturias.com\/noticias\/la-musica-en-vivo-en-espana-facturo-1945-millones-de-euros-en-2015\/#listItem","name":"La m\u00fasica en vivo en Espa\u00f1a factur\u00f3 194,5 millones de euros en 2015"},"previousItem":{"@type":"ListItem","@id":"https:\/\/www.eldigitaldeasturias.com\/noticias#listItem","name":"Home"}},{"@type":"ListItem","@id":"https:\/\/www.eldigitaldeasturias.com\/noticias\/la-musica-en-vivo-en-espana-facturo-1945-millones-de-euros-en-2015\/#listItem","position":3,"name":"La m\u00fasica en vivo en Espa\u00f1a factur\u00f3 194,5 millones de euros en 2015","previousItem":{"@type":"ListItem","@id":"https:\/\/www.eldigitaldeasturias.com\/noticias\/category\/revista-de-ocio\/#listItem","name":"Revista de Ocio"}}]},{"@type":"Organization","@id":"https:\/\/www.eldigitaldeasturias.com\/noticias\/#organization","name":"El Digital de Asturias","description":"Hemeroteca","url":"https:\/\/www.eldigitaldeasturias.com\/noticias\/","email":"info@eldigitaldeasturias.com","telephone":"+34652131393","logo":{"@type":"ImageObject","url":"https:\/\/www.eldigitaldeasturias.com\/noticias\/wp-content\/uploads\/2020\/12\/EDA.jpg","@id":"https:\/\/www.eldigitaldeasturias.com\/noticias\/la-musica-en-vivo-en-espana-facturo-1945-millones-de-euros-en-2015\/#organizationLogo","width":649,"height":297},"image":{"@id":"https:\/\/www.eldigitaldeasturias.com\/noticias\/la-musica-en-vivo-en-espana-facturo-1945-millones-de-euros-en-2015\/#organizationLogo"},"sameAs":["https:\/\/facebook.com\/eldigitaldeasturias","https:\/\/www.youtube.com\/channel\/UCZP-2wLEB9Rv6erhFmqVnvg"],"address":{"@id":"https:\/\/www.eldigitaldeasturias.com\/noticias\/#postaladdress","@type":"PostalAddress","streetAddress":"san antonio 4,","postalCode":"33430","addressLocality":"Cand\u00e1s","addressRegion":"Asturias","addressCountry":"ES"}},{"@type":"Person","@id":"https:\/\/www.eldigitaldeasturias.com\/noticias\/author\/admin\/#author","url":"https:\/\/www.eldigitaldeasturias.com\/noticias\/author\/admin\/","name":"El Digital de Asturias","image":{"@type":"ImageObject","@id":"https:\/\/www.eldigitaldeasturias.com\/noticias\/la-musica-en-vivo-en-espana-facturo-1945-millones-de-euros-en-2015\/#authorImage","url":"https:\/\/www.eldigitaldeasturias.com\/noticias\/wp-content\/litespeed\/avatar\/18677e78aa0546b92d9dbf31ec7d7668.jpg?ver=1777290358","width":96,"height":96,"caption":"El Digital de Asturias"}},{"@type":"WebPage","@id":"https:\/\/www.eldigitaldeasturias.com\/noticias\/la-musica-en-vivo-en-espana-facturo-1945-millones-de-euros-en-2015\/#webpage","url":"https:\/\/www.eldigitaldeasturias.com\/noticias\/la-musica-en-vivo-en-espana-facturo-1945-millones-de-euros-en-2015\/","name":"La m\u00fasica en vivo en Espa\u00f1a factur\u00f3 194,5 millones de euros en 2015 - El Digital de Asturias","description":"La m\u00fasica en vivo en Espa\u00f1a factur\u00f3 194,5 millones de euros en 2015, un 12,1% m\u00e1s que el a\u00f1o anterior cuando se facturaron 173, 5 millones de euros, y encadena as\u00ed dos a\u00f1os de crecimiento. As\u00ed lo ha puesto de manifiesto la Asociaci\u00f3n de Promotores Musicales (APM) durante la presentaci\u00f3n del VII Anuario de la","inLanguage":"es-ES","isPartOf":{"@id":"https:\/\/www.eldigitaldeasturias.com\/noticias\/#website"},"breadcrumb":{"@id":"https:\/\/www.eldigitaldeasturias.com\/noticias\/la-musica-en-vivo-en-espana-facturo-1945-millones-de-euros-en-2015\/#breadcrumblist"},"author":{"@id":"https:\/\/www.eldigitaldeasturias.com\/noticias\/author\/admin\/#author"},"creator":{"@id":"https:\/\/www.eldigitaldeasturias.com\/noticias\/author\/admin\/#author"},"image":{"@type":"ImageObject","url":"https:\/\/www.eldigitaldeasturias.com\/noticias\/wp-content\/uploads\/2016\/02\/fotonoticia_20160223124036_800.jpg","@id":"https:\/\/www.eldigitaldeasturias.com\/noticias\/la-musica-en-vivo-en-espana-facturo-1945-millones-de-euros-en-2015\/#mainImage","width":800,"height":534},"primaryImageOfPage":{"@id":"https:\/\/www.eldigitaldeasturias.com\/noticias\/la-musica-en-vivo-en-espana-facturo-1945-millones-de-euros-en-2015\/#mainImage"},"datePublished":"2016-02-23T16:08:19+01:00","dateModified":"2016-02-23T16:08:19+01:00"},{"@type":"WebSite","@id":"https:\/\/www.eldigitaldeasturias.com\/noticias\/#website","url":"https:\/\/www.eldigitaldeasturias.com\/noticias\/","name":"El Digital de Asturias - Diario de actualidad y noticias","alternateName":"El Digital de Asturias - Diario de actualidad y noticias","description":"Hemeroteca","inLanguage":"es-ES","publisher":{"@id":"https:\/\/www.eldigitaldeasturias.com\/noticias\/#organization"}}]},"og:locale":"es_ES","og:site_name":"El Digital de Asturias","og:type":"article","og:title":"La m\u00fasica en vivo en Espa\u00f1a factur\u00f3 194,5 millones de euros en 2015 - El Digital de Asturias","og:description":"La m\u00fasica en vivo en Espa\u00f1a factur\u00f3 194,5 millones de euros en 2015, un 12,1% m\u00e1s que el a\u00f1o anterior cuando se facturaron 173, 5 millones de euros, y encadena as\u00ed dos a\u00f1os de crecimiento. As\u00ed lo ha puesto de manifiesto la Asociaci\u00f3n de Promotores Musicales (APM) durante la presentaci\u00f3n del VII Anuario de la","og:url":"https:\/\/www.eldigitaldeasturias.com\/noticias\/la-musica-en-vivo-en-espana-facturo-1945-millones-de-euros-en-2015\/","og:image":"https:\/\/www.eldigitaldeasturias.com\/noticias\/wp-content\/uploads\/2016\/02\/fotonoticia_20160223124036_800.jpg","og:image:secure_url":"https:\/\/www.eldigitaldeasturias.com\/noticias\/wp-content\/uploads\/2016\/02\/fotonoticia_20160223124036_800.jpg","og:image:width":800,"og:image:height":534,"article:tag":["revista de ocio"],"article:published_time":"2016-02-23T16:08:19+00:00","article:modified_time":"2016-02-23T16:08:19+00:00","article:publisher":"https:\/\/facebook.com\/eldigitaldeasturias","twitter:card":"summary_large_image","twitter:title":"La m\u00fasica en vivo en Espa\u00f1a factur\u00f3 194,5 millones de euros en 2015 - El Digital de Asturias","twitter:description":"La m\u00fasica en vivo en Espa\u00f1a factur\u00f3 194,5 millones de euros en 2015, un 12,1% m\u00e1s que el a\u00f1o anterior cuando se facturaron 173, 5 millones de euros, y encadena as\u00ed dos a\u00f1os de crecimiento. As\u00ed lo ha puesto de manifiesto la Asociaci\u00f3n de Promotores Musicales (APM) durante la presentaci\u00f3n del VII Anuario de la","twitter:image":"https:\/\/www.eldigitaldeasturias.com\/noticias\/wp-content\/uploads\/2016\/02\/fotonoticia_20160223124036_800.jpg","twitter:label1":"Escrito por","twitter:data1":"El Digital de Asturias","twitter:label2":"Tiempo de lectura estimado","twitter:data2":"1 minuto"},"aioseo_meta_data":{"post_id":"861347","title":null,"description":null,"keywords":null,"keyphrases":null,"primary_term":null,"canonical_url":null,"og_title":null,"og_description":null,"og_object_type":"default","og_image_type":"default","og_image_url":null,"og_image_width":null,"og_image_height":null,"og_image_custom_url":null,"og_image_custom_fields":null,"og_video":null,"og_custom_url":null,"og_article_section":null,"og_article_tags":null,"twitter_use_og":false,"twitter_card":"default","twitter_image_type":"default","twitter_image_url":null,"twitter_image_custom_url":null,"twitter_image_custom_fields":null,"twitter_title":null,"twitter_description":null,"schema":{"blockGraphs":[],"customGraphs":[],"default":{"data":{"Article":[],"Course":[],"Dataset":[],"FAQPage":[],"Movie":[],"Person":[],"Product":[],"ProductReview":[],"Car":[],"Recipe":[],"Service":[],"SoftwareApplication":[],"WebPage":[]},"graphName":"","isEnabled":true},"graphs":[],"defaultGraph":"","defaultPostTypeGraph":""},"schema_type":null,"schema_type_options":null,"pillar_content":false,"robots_default":true,"robots_noindex":false,"robots_noarchive":false,"robots_nosnippet":false,"robots_nofollow":false,"robots_noimageindex":false,"robots_noodp":false,"robots_notranslate":false,"robots_max_snippet":null,"robots_max_videopreview":null,"robots_max_imagepreview":"large","priority":null,"frequency":null,"local_seo":null,"seo_analyzer_scan_date":"2025-12-10 20:57:08","breadcrumb_settings":null,"limit_modified_date":false,"open_ai":null,"ai":null,"created":"2021-01-23 15:00:19","updated":"2025-12-10 20:57:08"},"aioseo_breadcrumb":"<div class=\"aioseo-breadcrumbs\"><span class=\"aioseo-breadcrumb\">\n\t<a href=\"https:\/\/www.eldigitaldeasturias.com\/noticias\" title=\"Home\">Home<\/a>\n<\/span><span class=\"aioseo-breadcrumb-separator\">\u2013<\/span><span class=\"aioseo-breadcrumb\">\n\t<a href=\"https:\/\/www.eldigitaldeasturias.com\/noticias\/category\/revista-de-ocio\/\" title=\"Revista de Ocio\">Revista de Ocio<\/a>\n<\/span><span class=\"aioseo-breadcrumb-separator\">\u2013<\/span><span class=\"aioseo-breadcrumb\">\n\t<a href=\"https:\/\/www.eldigitaldeasturias.com\/noticias\/la-musica-en-vivo-en-espana-facturo-1945-millones-de-euros-en-2015\/\" title=\"La m\u00fasica en vivo en Espa\u00f1a factur\u00f3 194,5 millones de euros en 2015\">La m\u00fasica en vivo en Espa\u00f1a factur\u00f3 194,5 millones de euros en 2015<\/a>\n<\/span><\/div>","aioseo_breadcrumb_json":[{"label":"Home","link":"https:\/\/www.eldigitaldeasturias.com\/noticias"},{"label":"Revista de Ocio","link":"https:\/\/www.eldigitaldeasturias.com\/noticias\/category\/revista-de-ocio\/"},{"label":"La m\u00fasica en vivo en Espa\u00f1a factur\u00f3 194,5 millones de euros en 2015","link":"https:\/\/www.eldigitaldeasturias.com\/noticias\/la-musica-en-vivo-en-espana-facturo-1945-millones-de-euros-en-2015\/"}],"_links":{"self":[{"href":"https:\/\/www.eldigitaldeasturias.com\/noticias\/wp-json\/wp\/v2\/posts\/861347","targetHints":{"allow":["GET"]}}],"collection":[{"href":"https:\/\/www.eldigitaldeasturias.com\/noticias\/wp-json\/wp\/v2\/posts"}],"about":[{"href":"https:\/\/www.eldigitaldeasturias.com\/noticias\/wp-json\/wp\/v2\/types\/post"}],"author":[{"embeddable":true,"href":"https:\/\/www.eldigitaldeasturias.com\/noticias\/wp-json\/wp\/v2\/users\/1"}],"replies":[{"embeddable":true,"href":"https:\/\/www.eldigitaldeasturias.com\/noticias\/wp-json\/wp\/v2\/comments?post=861347"}],"version-history":[{"count":0,"href":"https:\/\/www.eldigitaldeasturias.com\/noticias\/wp-json\/wp\/v2\/posts\/861347\/revisions"}],"wp:featuredmedia":[{"embeddable":true,"href":"https:\/\/www.eldigitaldeasturias.com\/noticias\/wp-json\/wp\/v2\/media\/861348"}],"wp:attachment":[{"href":"https:\/\/www.eldigitaldeasturias.com\/noticias\/wp-json\/wp\/v2\/media?parent=861347"}],"wp:term":[{"taxonomy":"category","embeddable":true,"href":"https:\/\/www.eldigitaldeasturias.com\/noticias\/wp-json\/wp\/v2\/categories?post=861347"},{"taxonomy":"post_tag","embeddable":true,"href":"https:\/\/www.eldigitaldeasturias.com\/noticias\/wp-json\/wp\/v2\/tags?post=861347"}],"curies":[{"name":"wp","href":"https:\/\/api.w.org\/{rel}","templated":true}]}}