{"id":861341,"date":"2016-02-23T16:02:14","date_gmt":"2016-02-23T16:02:14","guid":{"rendered":"http:\/\/www.eldigitaldeasturias.com\/noticias\/?p=861341"},"modified":"2016-02-23T16:02:14","modified_gmt":"2016-02-23T16:02:14","slug":"zakk-wylde-presentara-nuevo-disco-en-madrid-barcelona-y-bilbao","status":"publish","type":"post","link":"https:\/\/www.eldigitaldeasturias.com\/noticias\/zakk-wylde-presentara-nuevo-disco-en-madrid-barcelona-y-bilbao\/","title":{"rendered":"Zakk Wylde presentar\u00e1 nuevo disco en Madrid, Barcelona y Bilbao"},"content":{"rendered":"<p><img loading=\"lazy\" decoding=\"async\" class=\"alignleft size-medium wp-image-861342\" src=\"https:\/\/www.eldigitaldeasturias.com\/noticias\/wp-content\/uploads\/2016\/02\/fotonoticia_20160223120553_800-360x240.jpg\" alt=\"fotonoticia_20160223120553_800\" width=\"360\" height=\"240\" srcset=\"https:\/\/www.eldigitaldeasturias.com\/noticias\/wp-content\/uploads\/2016\/02\/fotonoticia_20160223120553_800-360x240.jpg 360w, https:\/\/www.eldigitaldeasturias.com\/noticias\/wp-content\/uploads\/2016\/02\/fotonoticia_20160223120553_800-768x512.jpg 768w, https:\/\/www.eldigitaldeasturias.com\/noticias\/wp-content\/uploads\/2016\/02\/fotonoticia_20160223120553_800-650x433.jpg 650w, https:\/\/www.eldigitaldeasturias.com\/noticias\/wp-content\/uploads\/2016\/02\/fotonoticia_20160223120553_800-84x55.jpg 84w, https:\/\/www.eldigitaldeasturias.com\/noticias\/wp-content\/uploads\/2016\/02\/fotonoticia_20160223120553_800-49x32.jpg 49w, https:\/\/www.eldigitaldeasturias.com\/noticias\/wp-content\/uploads\/2016\/02\/fotonoticia_20160223120553_800.jpg 800w\" sizes=\"auto, (max-width: 360px) 100vw, 360px\" \/>Despu\u00e9s de 20 a\u00f1os el guitarrista Zakk Wylde publicar\u00e1 el pr\u00f3ximo 8 de abril un nuevo disco en solitario titulado &#8216;Book of Shadows II&#8217;, que tendr\u00e1 su correspondiente gira de presentaci\u00f3n con tres paradas en Espa\u00f1a.<\/p>\n<p>Las entradas se ponen a la venta el viernes 26 de febrero a partir de las red Ticketmaster, informa la promotora Rock n Rock. Estas son las fechas: Madrid (13 de junio en La Riviera), Barcelona (14 de junio en Sala Barts dentro del Guitar Bcn 2016) y Bilbao (15 de junio en Santana 27).<\/p>\n<p>Zakk Wylde, m\u00fasico y guitarrista de Heavy Metal y Hard Rock, es conocido por haber sido guitarrista de la banda de Ozzy Osbourne desde 1987 hasta 2010 y por ser el l\u00edder, guitarrista, pianista y vocalista de su propia banda Black Label Society.<\/p>\n<p>Wylde ha estado trabajando duramente en el material de su nuevo \u00e1lbum desde que termin\u00f3 su gira \u00abUnblackened\u00bb con Black Label Society la primavera pasada.<\/p>\n<p>Todas las canciones de \u00abBook of Shadows II\u00bb han sido grabadas en su propio estudio \u00abThe Black Vatican\u00bb. Para su nuevo disco Zakk Wylde ha grabado m\u00e1s de 40 pistas b\u00e1sicas con el estilo claro de Black Label Society, que combina el ac\u00fastico, el piano y las guitarras el\u00e9ctricas.<\/p>\n<p>El artista invitado que abrir\u00e1 los conciertos en Madrid y Barcelona ser\u00e1 Jared James Nichols, joven cantante, guitarrista y compositor que es considerado como la nueva revoluci\u00f3n en el mundo del blues rock. En los pr\u00f3ximos d\u00edas se anunciar\u00e1 el artista que acompa\u00f1ar\u00e1 a Zakk Wylde en el concierto de Bilbao.<\/p>\n","protected":false},"excerpt":{"rendered":"<p>Despu\u00e9s de 20 a\u00f1os el guitarrista Zakk Wylde publicar\u00e1 el pr\u00f3ximo 8 de abril un nuevo disco en solitario titulado &#8216;Book of Shadows II&#8217;, que tendr\u00e1 su correspondiente gira de presentaci\u00f3n con tres paradas en Espa\u00f1a. Las entradas se ponen a la venta el viernes 26 de febrero a partir de las red Ticketmaster, informa [&hellip;]<\/p>\n","protected":false},"author":1,"featured_media":861342,"comment_status":"closed","ping_status":"closed","sticky":false,"template":"","format":"standard","meta":{"footnotes":""},"categories":[50],"tags":[],"class_list":["post-861341","post","type-post","status-publish","format-standard","has-post-thumbnail","hentry","category-revista-de-ocio"],"aioseo_notices":[],"aioseo_head":"\n\t\t<!-- All in One SEO Pro 4.9.6.2 - aioseo.com -->\n\t<meta name=\"description\" content=\"Despu\u00e9s de 20 a\u00f1os el guitarrista Zakk Wylde publicar\u00e1 el pr\u00f3ximo 8 de abril un nuevo disco en solitario titulado &#039;Book of Shadows II&#039;, que tendr\u00e1 su correspondiente gira de presentaci\u00f3n con tres paradas en Espa\u00f1a. Las entradas se ponen a la venta el viernes 26 de febrero a partir de las red Ticketmaster, informa\" \/>\n\t<meta name=\"robots\" content=\"max-image-preview:large\" \/>\n\t<meta name=\"author\" content=\"El Digital de Asturias\"\/>\n\t<meta name=\"google-site-verification\" content=\"UA-38556648-1\" \/>\n\t<meta name=\"msvalidate.01\" content=\"7dfe9f3f1b24437ab69f4f2559babe99\" \/>\n\t<meta name=\"keywords\" content=\"revista de ocio\" \/>\n\t<link rel=\"canonical\" href=\"https:\/\/www.eldigitaldeasturias.com\/noticias\/zakk-wylde-presentara-nuevo-disco-en-madrid-barcelona-y-bilbao\/\" \/>\n\t<meta name=\"generator\" content=\"All in One SEO Pro (AIOSEO) 4.9.6.2\" \/>\n\t\t<meta property=\"og:locale\" content=\"es_ES\" \/>\n\t\t<meta property=\"og:site_name\" content=\"El Digital de Asturias\" \/>\n\t\t<meta property=\"og:type\" content=\"article\" \/>\n\t\t<meta property=\"og:title\" content=\"Zakk Wylde presentar\u00e1 nuevo disco en Madrid, Barcelona y Bilbao - El Digital de Asturias\" \/>\n\t\t<meta property=\"og:description\" content=\"Despu\u00e9s de 20 a\u00f1os el guitarrista Zakk Wylde publicar\u00e1 el pr\u00f3ximo 8 de abril un nuevo disco en solitario titulado &#039;Book of Shadows II&#039;, que tendr\u00e1 su correspondiente gira de presentaci\u00f3n con tres paradas en Espa\u00f1a. Las entradas se ponen a la venta el viernes 26 de febrero a partir de las red Ticketmaster, informa\" \/>\n\t\t<meta property=\"og:url\" content=\"https:\/\/www.eldigitaldeasturias.com\/noticias\/zakk-wylde-presentara-nuevo-disco-en-madrid-barcelona-y-bilbao\/\" \/>\n\t\t<meta property=\"og:image\" content=\"https:\/\/www.eldigitaldeasturias.com\/noticias\/wp-content\/uploads\/2016\/02\/fotonoticia_20160223120553_800.jpg\" \/>\n\t\t<meta property=\"og:image:secure_url\" content=\"https:\/\/www.eldigitaldeasturias.com\/noticias\/wp-content\/uploads\/2016\/02\/fotonoticia_20160223120553_800.jpg\" \/>\n\t\t<meta property=\"og:image:width\" content=\"800\" \/>\n\t\t<meta property=\"og:image:height\" content=\"533\" \/>\n\t\t<meta property=\"article:tag\" content=\"revista de ocio\" \/>\n\t\t<meta property=\"article:published_time\" content=\"2016-02-23T16:02:14+00:00\" \/>\n\t\t<meta property=\"article:modified_time\" content=\"2016-02-23T16:02:14+00:00\" \/>\n\t\t<meta property=\"article:publisher\" content=\"https:\/\/facebook.com\/eldigitaldeasturias\" \/>\n\t\t<meta name=\"twitter:card\" content=\"summary_large_image\" \/>\n\t\t<meta name=\"twitter:title\" content=\"Zakk Wylde presentar\u00e1 nuevo disco en Madrid, Barcelona y Bilbao - El Digital de Asturias\" \/>\n\t\t<meta name=\"twitter:description\" content=\"Despu\u00e9s de 20 a\u00f1os el guitarrista Zakk Wylde publicar\u00e1 el pr\u00f3ximo 8 de abril un nuevo disco en solitario titulado &#039;Book of Shadows II&#039;, que tendr\u00e1 su correspondiente gira de presentaci\u00f3n con tres paradas en Espa\u00f1a. Las entradas se ponen a la venta el viernes 26 de febrero a partir de las red Ticketmaster, informa\" \/>\n\t\t<meta name=\"twitter:image\" content=\"https:\/\/www.eldigitaldeasturias.com\/noticias\/wp-content\/uploads\/2016\/02\/fotonoticia_20160223120553_800.jpg\" \/>\n\t\t<meta name=\"twitter:label1\" content=\"Escrito por\" \/>\n\t\t<meta name=\"twitter:data1\" content=\"El Digital de Asturias\" \/>\n\t\t<meta name=\"twitter:label2\" content=\"Tiempo de lectura estimado\" \/>\n\t\t<meta name=\"twitter:data2\" content=\"1 minuto\" \/>\n\t\t<script type=\"application\/ld+json\" class=\"aioseo-schema\">\n\t\t\t{\"@context\":\"https:\\\/\\\/schema.org\",\"@graph\":[{\"@type\":\"BlogPosting\",\"@id\":\"https:\\\/\\\/www.eldigitaldeasturias.com\\\/noticias\\\/zakk-wylde-presentara-nuevo-disco-en-madrid-barcelona-y-bilbao\\\/#blogposting\",\"name\":\"Zakk Wylde presentar\\u00e1 nuevo disco en Madrid, Barcelona y Bilbao - El Digital de Asturias\",\"headline\":\"Zakk Wylde presentar\\u00e1 nuevo disco en Madrid, Barcelona y Bilbao\",\"author\":{\"@id\":\"https:\\\/\\\/www.eldigitaldeasturias.com\\\/noticias\\\/author\\\/admin\\\/#author\"},\"publisher\":{\"@id\":\"https:\\\/\\\/www.eldigitaldeasturias.com\\\/noticias\\\/#organization\"},\"image\":{\"@type\":\"ImageObject\",\"url\":\"https:\\\/\\\/www.eldigitaldeasturias.com\\\/noticias\\\/wp-content\\\/uploads\\\/2016\\\/02\\\/fotonoticia_20160223120553_800.jpg\",\"width\":800,\"height\":533},\"datePublished\":\"2016-02-23T16:02:14+01:00\",\"dateModified\":\"2016-02-23T16:02:14+01:00\",\"inLanguage\":\"es-ES\",\"mainEntityOfPage\":{\"@id\":\"https:\\\/\\\/www.eldigitaldeasturias.com\\\/noticias\\\/zakk-wylde-presentara-nuevo-disco-en-madrid-barcelona-y-bilbao\\\/#webpage\"},\"isPartOf\":{\"@id\":\"https:\\\/\\\/www.eldigitaldeasturias.com\\\/noticias\\\/zakk-wylde-presentara-nuevo-disco-en-madrid-barcelona-y-bilbao\\\/#webpage\"},\"articleSection\":\"Revista de Ocio\"},{\"@type\":\"BreadcrumbList\",\"@id\":\"https:\\\/\\\/www.eldigitaldeasturias.com\\\/noticias\\\/zakk-wylde-presentara-nuevo-disco-en-madrid-barcelona-y-bilbao\\\/#breadcrumblist\",\"itemListElement\":[{\"@type\":\"ListItem\",\"@id\":\"https:\\\/\\\/www.eldigitaldeasturias.com\\\/noticias#listItem\",\"position\":1,\"name\":\"Home\",\"item\":\"https:\\\/\\\/www.eldigitaldeasturias.com\\\/noticias\",\"nextItem\":{\"@type\":\"ListItem\",\"@id\":\"https:\\\/\\\/www.eldigitaldeasturias.com\\\/noticias\\\/category\\\/revista-de-ocio\\\/#listItem\",\"name\":\"Revista de Ocio\"}},{\"@type\":\"ListItem\",\"@id\":\"https:\\\/\\\/www.eldigitaldeasturias.com\\\/noticias\\\/category\\\/revista-de-ocio\\\/#listItem\",\"position\":2,\"name\":\"Revista de Ocio\",\"item\":\"https:\\\/\\\/www.eldigitaldeasturias.com\\\/noticias\\\/category\\\/revista-de-ocio\\\/\",\"nextItem\":{\"@type\":\"ListItem\",\"@id\":\"https:\\\/\\\/www.eldigitaldeasturias.com\\\/noticias\\\/zakk-wylde-presentara-nuevo-disco-en-madrid-barcelona-y-bilbao\\\/#listItem\",\"name\":\"Zakk Wylde presentar\\u00e1 nuevo disco en Madrid, Barcelona y Bilbao\"},\"previousItem\":{\"@type\":\"ListItem\",\"@id\":\"https:\\\/\\\/www.eldigitaldeasturias.com\\\/noticias#listItem\",\"name\":\"Home\"}},{\"@type\":\"ListItem\",\"@id\":\"https:\\\/\\\/www.eldigitaldeasturias.com\\\/noticias\\\/zakk-wylde-presentara-nuevo-disco-en-madrid-barcelona-y-bilbao\\\/#listItem\",\"position\":3,\"name\":\"Zakk Wylde presentar\\u00e1 nuevo disco en Madrid, Barcelona y Bilbao\",\"previousItem\":{\"@type\":\"ListItem\",\"@id\":\"https:\\\/\\\/www.eldigitaldeasturias.com\\\/noticias\\\/category\\\/revista-de-ocio\\\/#listItem\",\"name\":\"Revista de Ocio\"}}]},{\"@type\":\"Organization\",\"@id\":\"https:\\\/\\\/www.eldigitaldeasturias.com\\\/noticias\\\/#organization\",\"name\":\"El Digital de Asturias\",\"description\":\"Hemeroteca\",\"url\":\"https:\\\/\\\/www.eldigitaldeasturias.com\\\/noticias\\\/\",\"email\":\"info@eldigitaldeasturias.com\",\"telephone\":\"+34652131393\",\"logo\":{\"@type\":\"ImageObject\",\"url\":\"https:\\\/\\\/www.eldigitaldeasturias.com\\\/noticias\\\/wp-content\\\/uploads\\\/2020\\\/12\\\/EDA.jpg\",\"@id\":\"https:\\\/\\\/www.eldigitaldeasturias.com\\\/noticias\\\/zakk-wylde-presentara-nuevo-disco-en-madrid-barcelona-y-bilbao\\\/#organizationLogo\",\"width\":649,\"height\":297},\"image\":{\"@id\":\"https:\\\/\\\/www.eldigitaldeasturias.com\\\/noticias\\\/zakk-wylde-presentara-nuevo-disco-en-madrid-barcelona-y-bilbao\\\/#organizationLogo\"},\"sameAs\":[\"https:\\\/\\\/facebook.com\\\/eldigitaldeasturias\",\"https:\\\/\\\/www.youtube.com\\\/channel\\\/UCZP-2wLEB9Rv6erhFmqVnvg\"],\"address\":{\"@id\":\"https:\\\/\\\/www.eldigitaldeasturias.com\\\/noticias\\\/#postaladdress\",\"@type\":\"PostalAddress\",\"streetAddress\":\"san antonio 4,\",\"postalCode\":\"33430\",\"addressLocality\":\"Cand\\u00e1s\",\"addressRegion\":\"Asturias\",\"addressCountry\":\"ES\"}},{\"@type\":\"Person\",\"@id\":\"https:\\\/\\\/www.eldigitaldeasturias.com\\\/noticias\\\/author\\\/admin\\\/#author\",\"url\":\"https:\\\/\\\/www.eldigitaldeasturias.com\\\/noticias\\\/author\\\/admin\\\/\",\"name\":\"El Digital de Asturias\",\"image\":{\"@type\":\"ImageObject\",\"@id\":\"https:\\\/\\\/www.eldigitaldeasturias.com\\\/noticias\\\/zakk-wylde-presentara-nuevo-disco-en-madrid-barcelona-y-bilbao\\\/#authorImage\",\"url\":\"https:\\\/\\\/www.eldigitaldeasturias.com\\\/noticias\\\/wp-content\\\/litespeed\\\/avatar\\\/18677e78aa0546b92d9dbf31ec7d7668.jpg?ver=1777290358\",\"width\":96,\"height\":96,\"caption\":\"El Digital de Asturias\"}},{\"@type\":\"WebPage\",\"@id\":\"https:\\\/\\\/www.eldigitaldeasturias.com\\\/noticias\\\/zakk-wylde-presentara-nuevo-disco-en-madrid-barcelona-y-bilbao\\\/#webpage\",\"url\":\"https:\\\/\\\/www.eldigitaldeasturias.com\\\/noticias\\\/zakk-wylde-presentara-nuevo-disco-en-madrid-barcelona-y-bilbao\\\/\",\"name\":\"Zakk Wylde presentar\\u00e1 nuevo disco en Madrid, Barcelona y Bilbao - El Digital de Asturias\",\"description\":\"Despu\\u00e9s de 20 a\\u00f1os el guitarrista Zakk Wylde publicar\\u00e1 el pr\\u00f3ximo 8 de abril un nuevo disco en solitario titulado 'Book of Shadows II', que tendr\\u00e1 su correspondiente gira de presentaci\\u00f3n con tres paradas en Espa\\u00f1a. Las entradas se ponen a la venta el viernes 26 de febrero a partir de las red Ticketmaster, informa\",\"inLanguage\":\"es-ES\",\"isPartOf\":{\"@id\":\"https:\\\/\\\/www.eldigitaldeasturias.com\\\/noticias\\\/#website\"},\"breadcrumb\":{\"@id\":\"https:\\\/\\\/www.eldigitaldeasturias.com\\\/noticias\\\/zakk-wylde-presentara-nuevo-disco-en-madrid-barcelona-y-bilbao\\\/#breadcrumblist\"},\"author\":{\"@id\":\"https:\\\/\\\/www.eldigitaldeasturias.com\\\/noticias\\\/author\\\/admin\\\/#author\"},\"creator\":{\"@id\":\"https:\\\/\\\/www.eldigitaldeasturias.com\\\/noticias\\\/author\\\/admin\\\/#author\"},\"image\":{\"@type\":\"ImageObject\",\"url\":\"https:\\\/\\\/www.eldigitaldeasturias.com\\\/noticias\\\/wp-content\\\/uploads\\\/2016\\\/02\\\/fotonoticia_20160223120553_800.jpg\",\"@id\":\"https:\\\/\\\/www.eldigitaldeasturias.com\\\/noticias\\\/zakk-wylde-presentara-nuevo-disco-en-madrid-barcelona-y-bilbao\\\/#mainImage\",\"width\":800,\"height\":533},\"primaryImageOfPage\":{\"@id\":\"https:\\\/\\\/www.eldigitaldeasturias.com\\\/noticias\\\/zakk-wylde-presentara-nuevo-disco-en-madrid-barcelona-y-bilbao\\\/#mainImage\"},\"datePublished\":\"2016-02-23T16:02:14+01:00\",\"dateModified\":\"2016-02-23T16:02:14+01:00\"},{\"@type\":\"WebSite\",\"@id\":\"https:\\\/\\\/www.eldigitaldeasturias.com\\\/noticias\\\/#website\",\"url\":\"https:\\\/\\\/www.eldigitaldeasturias.com\\\/noticias\\\/\",\"name\":\"El Digital de Asturias - Diario de actualidad y noticias\",\"alternateName\":\"El Digital de Asturias - Diario de actualidad y noticias\",\"description\":\"Hemeroteca\",\"inLanguage\":\"es-ES\",\"publisher\":{\"@id\":\"https:\\\/\\\/www.eldigitaldeasturias.com\\\/noticias\\\/#organization\"}}]}\n\t\t<\/script>\n\t\t<!-- All in One SEO Pro -->\r\n\t\t<title>Zakk Wylde presentar\u00e1 nuevo disco en Madrid, Barcelona y Bilbao - El Digital de Asturias<\/title>\n\n","aioseo_head_json":{"title":"Zakk Wylde presentar\u00e1 nuevo disco en Madrid, Barcelona y Bilbao - El Digital de Asturias","description":"Despu\u00e9s de 20 a\u00f1os el guitarrista Zakk Wylde publicar\u00e1 el pr\u00f3ximo 8 de abril un nuevo disco en solitario titulado 'Book of Shadows II', que tendr\u00e1 su correspondiente gira de presentaci\u00f3n con tres paradas en Espa\u00f1a. Las entradas se ponen a la venta el viernes 26 de febrero a partir de las red Ticketmaster, informa","canonical_url":"https:\/\/www.eldigitaldeasturias.com\/noticias\/zakk-wylde-presentara-nuevo-disco-en-madrid-barcelona-y-bilbao\/","robots":"max-image-preview:large","keywords":"revista de ocio","webmasterTools":{"google-site-verification":"UA-38556648-1","msvalidate.01":"7dfe9f3f1b24437ab69f4f2559babe99","miscellaneous":""},"schema":{"@context":"https:\/\/schema.org","@graph":[{"@type":"BlogPosting","@id":"https:\/\/www.eldigitaldeasturias.com\/noticias\/zakk-wylde-presentara-nuevo-disco-en-madrid-barcelona-y-bilbao\/#blogposting","name":"Zakk Wylde presentar\u00e1 nuevo disco en Madrid, Barcelona y Bilbao - El Digital de Asturias","headline":"Zakk Wylde presentar\u00e1 nuevo disco en Madrid, Barcelona y Bilbao","author":{"@id":"https:\/\/www.eldigitaldeasturias.com\/noticias\/author\/admin\/#author"},"publisher":{"@id":"https:\/\/www.eldigitaldeasturias.com\/noticias\/#organization"},"image":{"@type":"ImageObject","url":"https:\/\/www.eldigitaldeasturias.com\/noticias\/wp-content\/uploads\/2016\/02\/fotonoticia_20160223120553_800.jpg","width":800,"height":533},"datePublished":"2016-02-23T16:02:14+01:00","dateModified":"2016-02-23T16:02:14+01:00","inLanguage":"es-ES","mainEntityOfPage":{"@id":"https:\/\/www.eldigitaldeasturias.com\/noticias\/zakk-wylde-presentara-nuevo-disco-en-madrid-barcelona-y-bilbao\/#webpage"},"isPartOf":{"@id":"https:\/\/www.eldigitaldeasturias.com\/noticias\/zakk-wylde-presentara-nuevo-disco-en-madrid-barcelona-y-bilbao\/#webpage"},"articleSection":"Revista de Ocio"},{"@type":"BreadcrumbList","@id":"https:\/\/www.eldigitaldeasturias.com\/noticias\/zakk-wylde-presentara-nuevo-disco-en-madrid-barcelona-y-bilbao\/#breadcrumblist","itemListElement":[{"@type":"ListItem","@id":"https:\/\/www.eldigitaldeasturias.com\/noticias#listItem","position":1,"name":"Home","item":"https:\/\/www.eldigitaldeasturias.com\/noticias","nextItem":{"@type":"ListItem","@id":"https:\/\/www.eldigitaldeasturias.com\/noticias\/category\/revista-de-ocio\/#listItem","name":"Revista de Ocio"}},{"@type":"ListItem","@id":"https:\/\/www.eldigitaldeasturias.com\/noticias\/category\/revista-de-ocio\/#listItem","position":2,"name":"Revista de Ocio","item":"https:\/\/www.eldigitaldeasturias.com\/noticias\/category\/revista-de-ocio\/","nextItem":{"@type":"ListItem","@id":"https:\/\/www.eldigitaldeasturias.com\/noticias\/zakk-wylde-presentara-nuevo-disco-en-madrid-barcelona-y-bilbao\/#listItem","name":"Zakk Wylde presentar\u00e1 nuevo disco en Madrid, Barcelona y Bilbao"},"previousItem":{"@type":"ListItem","@id":"https:\/\/www.eldigitaldeasturias.com\/noticias#listItem","name":"Home"}},{"@type":"ListItem","@id":"https:\/\/www.eldigitaldeasturias.com\/noticias\/zakk-wylde-presentara-nuevo-disco-en-madrid-barcelona-y-bilbao\/#listItem","position":3,"name":"Zakk Wylde presentar\u00e1 nuevo disco en Madrid, Barcelona y Bilbao","previousItem":{"@type":"ListItem","@id":"https:\/\/www.eldigitaldeasturias.com\/noticias\/category\/revista-de-ocio\/#listItem","name":"Revista de Ocio"}}]},{"@type":"Organization","@id":"https:\/\/www.eldigitaldeasturias.com\/noticias\/#organization","name":"El Digital de Asturias","description":"Hemeroteca","url":"https:\/\/www.eldigitaldeasturias.com\/noticias\/","email":"info@eldigitaldeasturias.com","telephone":"+34652131393","logo":{"@type":"ImageObject","url":"https:\/\/www.eldigitaldeasturias.com\/noticias\/wp-content\/uploads\/2020\/12\/EDA.jpg","@id":"https:\/\/www.eldigitaldeasturias.com\/noticias\/zakk-wylde-presentara-nuevo-disco-en-madrid-barcelona-y-bilbao\/#organizationLogo","width":649,"height":297},"image":{"@id":"https:\/\/www.eldigitaldeasturias.com\/noticias\/zakk-wylde-presentara-nuevo-disco-en-madrid-barcelona-y-bilbao\/#organizationLogo"},"sameAs":["https:\/\/facebook.com\/eldigitaldeasturias","https:\/\/www.youtube.com\/channel\/UCZP-2wLEB9Rv6erhFmqVnvg"],"address":{"@id":"https:\/\/www.eldigitaldeasturias.com\/noticias\/#postaladdress","@type":"PostalAddress","streetAddress":"san antonio 4,","postalCode":"33430","addressLocality":"Cand\u00e1s","addressRegion":"Asturias","addressCountry":"ES"}},{"@type":"Person","@id":"https:\/\/www.eldigitaldeasturias.com\/noticias\/author\/admin\/#author","url":"https:\/\/www.eldigitaldeasturias.com\/noticias\/author\/admin\/","name":"El Digital de Asturias","image":{"@type":"ImageObject","@id":"https:\/\/www.eldigitaldeasturias.com\/noticias\/zakk-wylde-presentara-nuevo-disco-en-madrid-barcelona-y-bilbao\/#authorImage","url":"https:\/\/www.eldigitaldeasturias.com\/noticias\/wp-content\/litespeed\/avatar\/18677e78aa0546b92d9dbf31ec7d7668.jpg?ver=1777290358","width":96,"height":96,"caption":"El Digital de Asturias"}},{"@type":"WebPage","@id":"https:\/\/www.eldigitaldeasturias.com\/noticias\/zakk-wylde-presentara-nuevo-disco-en-madrid-barcelona-y-bilbao\/#webpage","url":"https:\/\/www.eldigitaldeasturias.com\/noticias\/zakk-wylde-presentara-nuevo-disco-en-madrid-barcelona-y-bilbao\/","name":"Zakk Wylde presentar\u00e1 nuevo disco en Madrid, Barcelona y Bilbao - El Digital de Asturias","description":"Despu\u00e9s de 20 a\u00f1os el guitarrista Zakk Wylde publicar\u00e1 el pr\u00f3ximo 8 de abril un nuevo disco en solitario titulado 'Book of Shadows II', que tendr\u00e1 su correspondiente gira de presentaci\u00f3n con tres paradas en Espa\u00f1a. Las entradas se ponen a la venta el viernes 26 de febrero a partir de las red Ticketmaster, informa","inLanguage":"es-ES","isPartOf":{"@id":"https:\/\/www.eldigitaldeasturias.com\/noticias\/#website"},"breadcrumb":{"@id":"https:\/\/www.eldigitaldeasturias.com\/noticias\/zakk-wylde-presentara-nuevo-disco-en-madrid-barcelona-y-bilbao\/#breadcrumblist"},"author":{"@id":"https:\/\/www.eldigitaldeasturias.com\/noticias\/author\/admin\/#author"},"creator":{"@id":"https:\/\/www.eldigitaldeasturias.com\/noticias\/author\/admin\/#author"},"image":{"@type":"ImageObject","url":"https:\/\/www.eldigitaldeasturias.com\/noticias\/wp-content\/uploads\/2016\/02\/fotonoticia_20160223120553_800.jpg","@id":"https:\/\/www.eldigitaldeasturias.com\/noticias\/zakk-wylde-presentara-nuevo-disco-en-madrid-barcelona-y-bilbao\/#mainImage","width":800,"height":533},"primaryImageOfPage":{"@id":"https:\/\/www.eldigitaldeasturias.com\/noticias\/zakk-wylde-presentara-nuevo-disco-en-madrid-barcelona-y-bilbao\/#mainImage"},"datePublished":"2016-02-23T16:02:14+01:00","dateModified":"2016-02-23T16:02:14+01:00"},{"@type":"WebSite","@id":"https:\/\/www.eldigitaldeasturias.com\/noticias\/#website","url":"https:\/\/www.eldigitaldeasturias.com\/noticias\/","name":"El Digital de Asturias - Diario de actualidad y noticias","alternateName":"El Digital de Asturias - Diario de actualidad y noticias","description":"Hemeroteca","inLanguage":"es-ES","publisher":{"@id":"https:\/\/www.eldigitaldeasturias.com\/noticias\/#organization"}}]},"og:locale":"es_ES","og:site_name":"El Digital de Asturias","og:type":"article","og:title":"Zakk Wylde presentar\u00e1 nuevo disco en Madrid, Barcelona y Bilbao - El Digital de Asturias","og:description":"Despu\u00e9s de 20 a\u00f1os el guitarrista Zakk Wylde publicar\u00e1 el pr\u00f3ximo 8 de abril un nuevo disco en solitario titulado 'Book of Shadows II', que tendr\u00e1 su correspondiente gira de presentaci\u00f3n con tres paradas en Espa\u00f1a. Las entradas se ponen a la venta el viernes 26 de febrero a partir de las red Ticketmaster, informa","og:url":"https:\/\/www.eldigitaldeasturias.com\/noticias\/zakk-wylde-presentara-nuevo-disco-en-madrid-barcelona-y-bilbao\/","og:image":"https:\/\/www.eldigitaldeasturias.com\/noticias\/wp-content\/uploads\/2016\/02\/fotonoticia_20160223120553_800.jpg","og:image:secure_url":"https:\/\/www.eldigitaldeasturias.com\/noticias\/wp-content\/uploads\/2016\/02\/fotonoticia_20160223120553_800.jpg","og:image:width":800,"og:image:height":533,"article:tag":["revista de ocio"],"article:published_time":"2016-02-23T16:02:14+00:00","article:modified_time":"2016-02-23T16:02:14+00:00","article:publisher":"https:\/\/facebook.com\/eldigitaldeasturias","twitter:card":"summary_large_image","twitter:title":"Zakk Wylde presentar\u00e1 nuevo disco en Madrid, Barcelona y Bilbao - El Digital de Asturias","twitter:description":"Despu\u00e9s de 20 a\u00f1os el guitarrista Zakk Wylde publicar\u00e1 el pr\u00f3ximo 8 de abril un nuevo disco en solitario titulado 'Book of Shadows II', que tendr\u00e1 su correspondiente gira de presentaci\u00f3n con tres paradas en Espa\u00f1a. Las entradas se ponen a la venta el viernes 26 de febrero a partir de las red Ticketmaster, informa","twitter:image":"https:\/\/www.eldigitaldeasturias.com\/noticias\/wp-content\/uploads\/2016\/02\/fotonoticia_20160223120553_800.jpg","twitter:label1":"Escrito por","twitter:data1":"El Digital de Asturias","twitter:label2":"Tiempo de lectura estimado","twitter:data2":"1 minuto"},"aioseo_meta_data":{"post_id":"861341","title":null,"description":null,"keywords":null,"keyphrases":null,"primary_term":null,"canonical_url":null,"og_title":null,"og_description":null,"og_object_type":"default","og_image_type":"default","og_image_url":null,"og_image_width":null,"og_image_height":null,"og_image_custom_url":null,"og_image_custom_fields":null,"og_video":null,"og_custom_url":null,"og_article_section":null,"og_article_tags":null,"twitter_use_og":false,"twitter_card":"default","twitter_image_type":"default","twitter_image_url":null,"twitter_image_custom_url":null,"twitter_image_custom_fields":null,"twitter_title":null,"twitter_description":null,"schema":{"blockGraphs":[],"customGraphs":[],"default":{"data":{"Article":[],"Course":[],"Dataset":[],"FAQPage":[],"Movie":[],"Person":[],"Product":[],"ProductReview":[],"Car":[],"Recipe":[],"Service":[],"SoftwareApplication":[],"WebPage":[]},"graphName":"","isEnabled":true},"graphs":[],"defaultGraph":"","defaultPostTypeGraph":""},"schema_type":null,"schema_type_options":null,"pillar_content":false,"robots_default":true,"robots_noindex":false,"robots_noarchive":false,"robots_nosnippet":false,"robots_nofollow":false,"robots_noimageindex":false,"robots_noodp":false,"robots_notranslate":false,"robots_max_snippet":null,"robots_max_videopreview":null,"robots_max_imagepreview":"large","priority":null,"frequency":null,"local_seo":null,"seo_analyzer_scan_date":"2025-12-10 20:54:25","breadcrumb_settings":null,"limit_modified_date":false,"open_ai":null,"ai":null,"created":"2021-01-23 15:00:19","updated":"2025-12-10 20:54:25"},"aioseo_breadcrumb":"<div class=\"aioseo-breadcrumbs\"><span class=\"aioseo-breadcrumb\">\n\t<a href=\"https:\/\/www.eldigitaldeasturias.com\/noticias\" title=\"Home\">Home<\/a>\n<\/span><span class=\"aioseo-breadcrumb-separator\">\u2013<\/span><span class=\"aioseo-breadcrumb\">\n\t<a href=\"https:\/\/www.eldigitaldeasturias.com\/noticias\/category\/revista-de-ocio\/\" title=\"Revista de Ocio\">Revista de Ocio<\/a>\n<\/span><span class=\"aioseo-breadcrumb-separator\">\u2013<\/span><span class=\"aioseo-breadcrumb\">\n\t<a href=\"https:\/\/www.eldigitaldeasturias.com\/noticias\/zakk-wylde-presentara-nuevo-disco-en-madrid-barcelona-y-bilbao\/\" title=\"Zakk Wylde presentar\u00e1 nuevo disco en Madrid, Barcelona y Bilbao\">Zakk Wylde presentar\u00e1 nuevo disco en Madrid, Barcelona y Bilbao<\/a>\n<\/span><\/div>","aioseo_breadcrumb_json":[{"label":"Home","link":"https:\/\/www.eldigitaldeasturias.com\/noticias"},{"label":"Revista de Ocio","link":"https:\/\/www.eldigitaldeasturias.com\/noticias\/category\/revista-de-ocio\/"},{"label":"Zakk Wylde presentar\u00e1 nuevo disco en Madrid, Barcelona y Bilbao","link":"https:\/\/www.eldigitaldeasturias.com\/noticias\/zakk-wylde-presentara-nuevo-disco-en-madrid-barcelona-y-bilbao\/"}],"_links":{"self":[{"href":"https:\/\/www.eldigitaldeasturias.com\/noticias\/wp-json\/wp\/v2\/posts\/861341","targetHints":{"allow":["GET"]}}],"collection":[{"href":"https:\/\/www.eldigitaldeasturias.com\/noticias\/wp-json\/wp\/v2\/posts"}],"about":[{"href":"https:\/\/www.eldigitaldeasturias.com\/noticias\/wp-json\/wp\/v2\/types\/post"}],"author":[{"embeddable":true,"href":"https:\/\/www.eldigitaldeasturias.com\/noticias\/wp-json\/wp\/v2\/users\/1"}],"replies":[{"embeddable":true,"href":"https:\/\/www.eldigitaldeasturias.com\/noticias\/wp-json\/wp\/v2\/comments?post=861341"}],"version-history":[{"count":0,"href":"https:\/\/www.eldigitaldeasturias.com\/noticias\/wp-json\/wp\/v2\/posts\/861341\/revisions"}],"wp:featuredmedia":[{"embeddable":true,"href":"https:\/\/www.eldigitaldeasturias.com\/noticias\/wp-json\/wp\/v2\/media\/861342"}],"wp:attachment":[{"href":"https:\/\/www.eldigitaldeasturias.com\/noticias\/wp-json\/wp\/v2\/media?parent=861341"}],"wp:term":[{"taxonomy":"category","embeddable":true,"href":"https:\/\/www.eldigitaldeasturias.com\/noticias\/wp-json\/wp\/v2\/categories?post=861341"},{"taxonomy":"post_tag","embeddable":true,"href":"https:\/\/www.eldigitaldeasturias.com\/noticias\/wp-json\/wp\/v2\/tags?post=861341"}],"curies":[{"name":"wp","href":"https:\/\/api.w.org\/{rel}","templated":true}]}}