{"id":861338,"date":"2016-02-23T16:00:57","date_gmt":"2016-02-23T16:00:57","guid":{"rendered":"http:\/\/www.eldigitaldeasturias.com\/noticias\/?p=861338"},"modified":"2016-02-23T16:00:57","modified_gmt":"2016-02-23T16:00:57","slug":"el-langui-vuelve-a-bloquear-durante-dos-horas-otro-autobus-en-madrid","status":"publish","type":"post","link":"https:\/\/www.eldigitaldeasturias.com\/noticias\/el-langui-vuelve-a-bloquear-durante-dos-horas-otro-autobus-en-madrid\/","title":{"rendered":"El Langui vuelve a bloquear durante dos horas otro autob\u00fas en Madrid"},"content":{"rendered":"<p><img loading=\"lazy\" decoding=\"async\" class=\"alignleft size-medium wp-image-861339\" src=\"https:\/\/www.eldigitaldeasturias.com\/noticias\/wp-content\/uploads\/2016\/02\/fotonoticia_20160223114227_800-360x240.jpg\" alt=\"fotonoticia_20160223114227_800\" width=\"360\" height=\"240\" srcset=\"https:\/\/www.eldigitaldeasturias.com\/noticias\/wp-content\/uploads\/2016\/02\/fotonoticia_20160223114227_800-360x240.jpg 360w, https:\/\/www.eldigitaldeasturias.com\/noticias\/wp-content\/uploads\/2016\/02\/fotonoticia_20160223114227_800-768x513.jpg 768w, https:\/\/www.eldigitaldeasturias.com\/noticias\/wp-content\/uploads\/2016\/02\/fotonoticia_20160223114227_800-650x434.jpg 650w, https:\/\/www.eldigitaldeasturias.com\/noticias\/wp-content\/uploads\/2016\/02\/fotonoticia_20160223114227_800-84x55.jpg 84w, https:\/\/www.eldigitaldeasturias.com\/noticias\/wp-content\/uploads\/2016\/02\/fotonoticia_20160223114227_800-49x32.jpg 49w, https:\/\/www.eldigitaldeasturias.com\/noticias\/wp-content\/uploads\/2016\/02\/fotonoticia_20160223114227_800.jpg 800w\" sizes=\"auto, (max-width: 360px) 100vw, 360px\" \/>Juan Manuel Montilla, m\u00e1s conocido como &#8216;El Langui&#8217;, ha vuelto a bloquear durante cerca de dos horas el paso a un autob\u00fas en San Mart\u00edn de la Vega, localidad en la que reside, para denunciar la falta de accesibilidad de este medio de transporte, al no poder acceder al mismo con su silla de ruedas.<\/p>\n<p>Se trata de la segunda acci\u00f3n de este tipo en menos de cinco d\u00edas, pues el pasado viernes bloque\u00f3 la salida durante dos horas de otro autob\u00fas de la l\u00ednea 412 en la zona intercambiador de transportes de Villaverde en protesta ante la negativa del conductor de que el discapacitado subiera al veh\u00edculo en su silla de ruedas motorizada.<\/p>\n<p>Como ha denunciado en las redes sociales, \u00ablos animales pueden subir y viajar\u00bb en los medios de transporte p\u00fablico pero parece que \u00ablas personas no\u00bb. \u00abSeguir\u00e9 parando autobuses hasta que todas las flotas interurbanas sean accesibles\u00bb, ha advertido.<\/p>\n<p>Tambi\u00e9n seguir\u00e1 en esta posici\u00f3n hasta que la Comunidad de Madrid y el Consorcio Regional de Transportes \u00abhagan cumplir con el derecho que tienen las personas\u00bb, ha se\u00f1alado en su cuenta oficial de twitter despu\u00e9s del episodio de ayer.<\/p>\n<p>El pasado viernes, el incidente finaliz\u00f3 con el traslado del famoso actor a su residencia en San Mart\u00edn de la Vega en una unidad del Samur Social, tal y como han confirmado a Europa Press fuentes del Consorcio Regional de Transportes, que explic\u00f3 que est\u00e1 prohibido el paso al veh\u00edculo con una silla de ruedas con bater\u00edas, \u00abpor su peso, dimensiones y los problemas de seguridad derivados\u00bb.<\/p>\n<p>La regla se estableci\u00f3 hace dos a\u00f1os, a ra\u00edz de un ciudadano que accedi\u00f3 con una silla de ruedas de este tipo a uno de los veh\u00edculos y, durante el viaje, \u00abperdi\u00f3 estabilidad y tuvo un incidente\u00bb, seg\u00fan las mismas fuentes.<\/p>\n<p>Adem\u00e1s, desde la entidad regional esgrimen que las plataformas de autobuses pueden tener impedimentos en levantar estas sillas motorizadas, \u00aby algunos autocares de la flota no est\u00e1n lo suficientemente adaptados en cuanto a espacio, como es el caso de los autobuses interurbanos\u00bb.<\/p>\n<p>No obstante, el Consorcio Regional de Transportes ha anunciado que est\u00e1 trabajando en una nueva normativa con una comisi\u00f3n del Ayuntamiento y el Consejo para la Promoci\u00f3n de la Accesibilidad, para determinar qu\u00e9 sillas de ruedas pueden acceder a los veh\u00edculos o qu\u00e9 adaptaciones han de realizar en los mismos.<\/p>\n","protected":false},"excerpt":{"rendered":"<p>Juan Manuel Montilla, m\u00e1s conocido como &#8216;El Langui&#8217;, ha vuelto a bloquear durante cerca de dos horas el paso a un autob\u00fas en San Mart\u00edn de la Vega, localidad en la que reside, para denunciar la falta de accesibilidad de este medio de transporte, al no poder acceder al mismo con su silla de ruedas. [&hellip;]<\/p>\n","protected":false},"author":1,"featured_media":861339,"comment_status":"closed","ping_status":"closed","sticky":false,"template":"","format":"standard","meta":{"footnotes":""},"categories":[1],"tags":[],"class_list":["post-861338","post","type-post","status-publish","format-standard","has-post-thumbnail","hentry","category-actualidad"],"aioseo_notices":[],"aioseo_head":"\n\t\t<!-- All in One SEO Pro 4.9.6.2 - aioseo.com -->\n\t<meta name=\"description\" content=\"Juan Manuel Montilla, m\u00e1s conocido como &#039;El Langui&#039;, ha vuelto a bloquear durante cerca de dos horas el paso a un autob\u00fas en San Mart\u00edn de la Vega, localidad en la que reside, para denunciar la falta de accesibilidad de este medio de transporte, al no poder acceder al mismo con su silla de ruedas.\" \/>\n\t<meta name=\"robots\" content=\"max-image-preview:large\" \/>\n\t<meta name=\"author\" content=\"El Digital de Asturias\"\/>\n\t<meta name=\"google-site-verification\" content=\"UA-38556648-1\" \/>\n\t<meta name=\"msvalidate.01\" content=\"7dfe9f3f1b24437ab69f4f2559babe99\" \/>\n\t<meta name=\"keywords\" content=\"actualidad\" \/>\n\t<link rel=\"canonical\" href=\"https:\/\/www.eldigitaldeasturias.com\/noticias\/el-langui-vuelve-a-bloquear-durante-dos-horas-otro-autobus-en-madrid\/\" \/>\n\t<meta name=\"generator\" content=\"All in One SEO Pro (AIOSEO) 4.9.6.2\" \/>\n\t\t<meta property=\"og:locale\" content=\"es_ES\" \/>\n\t\t<meta property=\"og:site_name\" content=\"El Digital de Asturias\" \/>\n\t\t<meta property=\"og:type\" content=\"article\" \/>\n\t\t<meta property=\"og:title\" content=\"El Langui vuelve a bloquear durante dos horas otro autob\u00fas en Madrid - El Digital de Asturias\" \/>\n\t\t<meta property=\"og:description\" content=\"Juan Manuel Montilla, m\u00e1s conocido como &#039;El Langui&#039;, ha vuelto a bloquear durante cerca de dos horas el paso a un autob\u00fas en San Mart\u00edn de la Vega, localidad en la que reside, para denunciar la falta de accesibilidad de este medio de transporte, al no poder acceder al mismo con su silla de ruedas.\" \/>\n\t\t<meta property=\"og:url\" content=\"https:\/\/www.eldigitaldeasturias.com\/noticias\/el-langui-vuelve-a-bloquear-durante-dos-horas-otro-autobus-en-madrid\/\" \/>\n\t\t<meta property=\"og:image\" content=\"https:\/\/www.eldigitaldeasturias.com\/noticias\/wp-content\/uploads\/2016\/02\/fotonoticia_20160223114227_800.jpg\" \/>\n\t\t<meta property=\"og:image:secure_url\" content=\"https:\/\/www.eldigitaldeasturias.com\/noticias\/wp-content\/uploads\/2016\/02\/fotonoticia_20160223114227_800.jpg\" \/>\n\t\t<meta property=\"og:image:width\" content=\"800\" \/>\n\t\t<meta property=\"og:image:height\" content=\"534\" \/>\n\t\t<meta property=\"article:tag\" content=\"actualidad\" \/>\n\t\t<meta property=\"article:published_time\" content=\"2016-02-23T16:00:57+00:00\" \/>\n\t\t<meta property=\"article:modified_time\" content=\"2016-02-23T16:00:57+00:00\" \/>\n\t\t<meta property=\"article:publisher\" content=\"https:\/\/facebook.com\/eldigitaldeasturias\" \/>\n\t\t<meta name=\"twitter:card\" content=\"summary_large_image\" \/>\n\t\t<meta name=\"twitter:title\" content=\"El Langui vuelve a bloquear durante dos horas otro autob\u00fas en Madrid - El Digital de Asturias\" \/>\n\t\t<meta name=\"twitter:description\" content=\"Juan Manuel Montilla, m\u00e1s conocido como &#039;El Langui&#039;, ha vuelto a bloquear durante cerca de dos horas el paso a un autob\u00fas en San Mart\u00edn de la Vega, localidad en la que reside, para denunciar la falta de accesibilidad de este medio de transporte, al no poder acceder al mismo con su silla de ruedas.\" \/>\n\t\t<meta name=\"twitter:image\" content=\"https:\/\/www.eldigitaldeasturias.com\/noticias\/wp-content\/uploads\/2016\/02\/fotonoticia_20160223114227_800.jpg\" \/>\n\t\t<meta name=\"twitter:label1\" content=\"Escrito por\" \/>\n\t\t<meta name=\"twitter:data1\" content=\"El Digital de Asturias\" \/>\n\t\t<meta name=\"twitter:label2\" content=\"Tiempo de lectura estimado\" \/>\n\t\t<meta name=\"twitter:data2\" content=\"2 minutos\" \/>\n\t\t<script type=\"application\/ld+json\" class=\"aioseo-schema\">\n\t\t\t{\"@context\":\"https:\\\/\\\/schema.org\",\"@graph\":[{\"@type\":\"BlogPosting\",\"@id\":\"https:\\\/\\\/www.eldigitaldeasturias.com\\\/noticias\\\/el-langui-vuelve-a-bloquear-durante-dos-horas-otro-autobus-en-madrid\\\/#blogposting\",\"name\":\"El Langui vuelve a bloquear durante dos horas otro autob\\u00fas en Madrid - El Digital de Asturias\",\"headline\":\"El Langui vuelve a bloquear durante dos horas otro autob\\u00fas en Madrid\",\"author\":{\"@id\":\"https:\\\/\\\/www.eldigitaldeasturias.com\\\/noticias\\\/author\\\/admin\\\/#author\"},\"publisher\":{\"@id\":\"https:\\\/\\\/www.eldigitaldeasturias.com\\\/noticias\\\/#organization\"},\"image\":{\"@type\":\"ImageObject\",\"url\":\"https:\\\/\\\/www.eldigitaldeasturias.com\\\/noticias\\\/wp-content\\\/uploads\\\/2016\\\/02\\\/fotonoticia_20160223114227_800.jpg\",\"width\":800,\"height\":534},\"datePublished\":\"2016-02-23T16:00:57+01:00\",\"dateModified\":\"2016-02-23T16:00:57+01:00\",\"inLanguage\":\"es-ES\",\"mainEntityOfPage\":{\"@id\":\"https:\\\/\\\/www.eldigitaldeasturias.com\\\/noticias\\\/el-langui-vuelve-a-bloquear-durante-dos-horas-otro-autobus-en-madrid\\\/#webpage\"},\"isPartOf\":{\"@id\":\"https:\\\/\\\/www.eldigitaldeasturias.com\\\/noticias\\\/el-langui-vuelve-a-bloquear-durante-dos-horas-otro-autobus-en-madrid\\\/#webpage\"},\"articleSection\":\"Actualidad\"},{\"@type\":\"BreadcrumbList\",\"@id\":\"https:\\\/\\\/www.eldigitaldeasturias.com\\\/noticias\\\/el-langui-vuelve-a-bloquear-durante-dos-horas-otro-autobus-en-madrid\\\/#breadcrumblist\",\"itemListElement\":[{\"@type\":\"ListItem\",\"@id\":\"https:\\\/\\\/www.eldigitaldeasturias.com\\\/noticias#listItem\",\"position\":1,\"name\":\"Home\",\"item\":\"https:\\\/\\\/www.eldigitaldeasturias.com\\\/noticias\",\"nextItem\":{\"@type\":\"ListItem\",\"@id\":\"https:\\\/\\\/www.eldigitaldeasturias.com\\\/noticias\\\/category\\\/actualidad\\\/#listItem\",\"name\":\"Actualidad\"}},{\"@type\":\"ListItem\",\"@id\":\"https:\\\/\\\/www.eldigitaldeasturias.com\\\/noticias\\\/category\\\/actualidad\\\/#listItem\",\"position\":2,\"name\":\"Actualidad\",\"item\":\"https:\\\/\\\/www.eldigitaldeasturias.com\\\/noticias\\\/category\\\/actualidad\\\/\",\"nextItem\":{\"@type\":\"ListItem\",\"@id\":\"https:\\\/\\\/www.eldigitaldeasturias.com\\\/noticias\\\/el-langui-vuelve-a-bloquear-durante-dos-horas-otro-autobus-en-madrid\\\/#listItem\",\"name\":\"El Langui vuelve a bloquear durante dos horas otro autob\\u00fas en Madrid\"},\"previousItem\":{\"@type\":\"ListItem\",\"@id\":\"https:\\\/\\\/www.eldigitaldeasturias.com\\\/noticias#listItem\",\"name\":\"Home\"}},{\"@type\":\"ListItem\",\"@id\":\"https:\\\/\\\/www.eldigitaldeasturias.com\\\/noticias\\\/el-langui-vuelve-a-bloquear-durante-dos-horas-otro-autobus-en-madrid\\\/#listItem\",\"position\":3,\"name\":\"El Langui vuelve a bloquear durante dos horas otro autob\\u00fas en Madrid\",\"previousItem\":{\"@type\":\"ListItem\",\"@id\":\"https:\\\/\\\/www.eldigitaldeasturias.com\\\/noticias\\\/category\\\/actualidad\\\/#listItem\",\"name\":\"Actualidad\"}}]},{\"@type\":\"Organization\",\"@id\":\"https:\\\/\\\/www.eldigitaldeasturias.com\\\/noticias\\\/#organization\",\"name\":\"El Digital de Asturias\",\"description\":\"Hemeroteca\",\"url\":\"https:\\\/\\\/www.eldigitaldeasturias.com\\\/noticias\\\/\",\"email\":\"info@eldigitaldeasturias.com\",\"telephone\":\"+34652131393\",\"logo\":{\"@type\":\"ImageObject\",\"url\":\"https:\\\/\\\/www.eldigitaldeasturias.com\\\/noticias\\\/wp-content\\\/uploads\\\/2020\\\/12\\\/EDA.jpg\",\"@id\":\"https:\\\/\\\/www.eldigitaldeasturias.com\\\/noticias\\\/el-langui-vuelve-a-bloquear-durante-dos-horas-otro-autobus-en-madrid\\\/#organizationLogo\",\"width\":649,\"height\":297},\"image\":{\"@id\":\"https:\\\/\\\/www.eldigitaldeasturias.com\\\/noticias\\\/el-langui-vuelve-a-bloquear-durante-dos-horas-otro-autobus-en-madrid\\\/#organizationLogo\"},\"sameAs\":[\"https:\\\/\\\/facebook.com\\\/eldigitaldeasturias\",\"https:\\\/\\\/www.youtube.com\\\/channel\\\/UCZP-2wLEB9Rv6erhFmqVnvg\"],\"address\":{\"@id\":\"https:\\\/\\\/www.eldigitaldeasturias.com\\\/noticias\\\/#postaladdress\",\"@type\":\"PostalAddress\",\"streetAddress\":\"san antonio 4,\",\"postalCode\":\"33430\",\"addressLocality\":\"Cand\\u00e1s\",\"addressRegion\":\"Asturias\",\"addressCountry\":\"ES\"}},{\"@type\":\"Person\",\"@id\":\"https:\\\/\\\/www.eldigitaldeasturias.com\\\/noticias\\\/author\\\/admin\\\/#author\",\"url\":\"https:\\\/\\\/www.eldigitaldeasturias.com\\\/noticias\\\/author\\\/admin\\\/\",\"name\":\"El Digital de Asturias\",\"image\":{\"@type\":\"ImageObject\",\"@id\":\"https:\\\/\\\/www.eldigitaldeasturias.com\\\/noticias\\\/el-langui-vuelve-a-bloquear-durante-dos-horas-otro-autobus-en-madrid\\\/#authorImage\",\"url\":\"https:\\\/\\\/www.eldigitaldeasturias.com\\\/noticias\\\/wp-content\\\/litespeed\\\/avatar\\\/18677e78aa0546b92d9dbf31ec7d7668.jpg?ver=1777290358\",\"width\":96,\"height\":96,\"caption\":\"El Digital de Asturias\"}},{\"@type\":\"WebPage\",\"@id\":\"https:\\\/\\\/www.eldigitaldeasturias.com\\\/noticias\\\/el-langui-vuelve-a-bloquear-durante-dos-horas-otro-autobus-en-madrid\\\/#webpage\",\"url\":\"https:\\\/\\\/www.eldigitaldeasturias.com\\\/noticias\\\/el-langui-vuelve-a-bloquear-durante-dos-horas-otro-autobus-en-madrid\\\/\",\"name\":\"El Langui vuelve a bloquear durante dos horas otro autob\\u00fas en Madrid - El Digital de Asturias\",\"description\":\"Juan Manuel Montilla, m\\u00e1s conocido como 'El Langui', ha vuelto a bloquear durante cerca de dos horas el paso a un autob\\u00fas en San Mart\\u00edn de la Vega, localidad en la que reside, para denunciar la falta de accesibilidad de este medio de transporte, al no poder acceder al mismo con su silla de ruedas.\",\"inLanguage\":\"es-ES\",\"isPartOf\":{\"@id\":\"https:\\\/\\\/www.eldigitaldeasturias.com\\\/noticias\\\/#website\"},\"breadcrumb\":{\"@id\":\"https:\\\/\\\/www.eldigitaldeasturias.com\\\/noticias\\\/el-langui-vuelve-a-bloquear-durante-dos-horas-otro-autobus-en-madrid\\\/#breadcrumblist\"},\"author\":{\"@id\":\"https:\\\/\\\/www.eldigitaldeasturias.com\\\/noticias\\\/author\\\/admin\\\/#author\"},\"creator\":{\"@id\":\"https:\\\/\\\/www.eldigitaldeasturias.com\\\/noticias\\\/author\\\/admin\\\/#author\"},\"image\":{\"@type\":\"ImageObject\",\"url\":\"https:\\\/\\\/www.eldigitaldeasturias.com\\\/noticias\\\/wp-content\\\/uploads\\\/2016\\\/02\\\/fotonoticia_20160223114227_800.jpg\",\"@id\":\"https:\\\/\\\/www.eldigitaldeasturias.com\\\/noticias\\\/el-langui-vuelve-a-bloquear-durante-dos-horas-otro-autobus-en-madrid\\\/#mainImage\",\"width\":800,\"height\":534},\"primaryImageOfPage\":{\"@id\":\"https:\\\/\\\/www.eldigitaldeasturias.com\\\/noticias\\\/el-langui-vuelve-a-bloquear-durante-dos-horas-otro-autobus-en-madrid\\\/#mainImage\"},\"datePublished\":\"2016-02-23T16:00:57+01:00\",\"dateModified\":\"2016-02-23T16:00:57+01:00\"},{\"@type\":\"WebSite\",\"@id\":\"https:\\\/\\\/www.eldigitaldeasturias.com\\\/noticias\\\/#website\",\"url\":\"https:\\\/\\\/www.eldigitaldeasturias.com\\\/noticias\\\/\",\"name\":\"El Digital de Asturias - Diario de actualidad y noticias\",\"alternateName\":\"El Digital de Asturias - Diario de actualidad y noticias\",\"description\":\"Hemeroteca\",\"inLanguage\":\"es-ES\",\"publisher\":{\"@id\":\"https:\\\/\\\/www.eldigitaldeasturias.com\\\/noticias\\\/#organization\"}}]}\n\t\t<\/script>\n\t\t<!-- All in One SEO Pro -->\r\n\t\t<title>El Langui vuelve a bloquear durante dos horas otro autob\u00fas en Madrid - El Digital de Asturias<\/title>\n\n","aioseo_head_json":{"title":"El Langui vuelve a bloquear durante dos horas otro autob\u00fas en Madrid - El Digital de Asturias","description":"Juan Manuel Montilla, m\u00e1s conocido como 'El Langui', ha vuelto a bloquear durante cerca de dos horas el paso a un autob\u00fas en San Mart\u00edn de la Vega, localidad en la que reside, para denunciar la falta de accesibilidad de este medio de transporte, al no poder acceder al mismo con su silla de ruedas.","canonical_url":"https:\/\/www.eldigitaldeasturias.com\/noticias\/el-langui-vuelve-a-bloquear-durante-dos-horas-otro-autobus-en-madrid\/","robots":"max-image-preview:large","keywords":"actualidad","webmasterTools":{"google-site-verification":"UA-38556648-1","msvalidate.01":"7dfe9f3f1b24437ab69f4f2559babe99","miscellaneous":""},"schema":{"@context":"https:\/\/schema.org","@graph":[{"@type":"BlogPosting","@id":"https:\/\/www.eldigitaldeasturias.com\/noticias\/el-langui-vuelve-a-bloquear-durante-dos-horas-otro-autobus-en-madrid\/#blogposting","name":"El Langui vuelve a bloquear durante dos horas otro autob\u00fas en Madrid - El Digital de Asturias","headline":"El Langui vuelve a bloquear durante dos horas otro autob\u00fas en Madrid","author":{"@id":"https:\/\/www.eldigitaldeasturias.com\/noticias\/author\/admin\/#author"},"publisher":{"@id":"https:\/\/www.eldigitaldeasturias.com\/noticias\/#organization"},"image":{"@type":"ImageObject","url":"https:\/\/www.eldigitaldeasturias.com\/noticias\/wp-content\/uploads\/2016\/02\/fotonoticia_20160223114227_800.jpg","width":800,"height":534},"datePublished":"2016-02-23T16:00:57+01:00","dateModified":"2016-02-23T16:00:57+01:00","inLanguage":"es-ES","mainEntityOfPage":{"@id":"https:\/\/www.eldigitaldeasturias.com\/noticias\/el-langui-vuelve-a-bloquear-durante-dos-horas-otro-autobus-en-madrid\/#webpage"},"isPartOf":{"@id":"https:\/\/www.eldigitaldeasturias.com\/noticias\/el-langui-vuelve-a-bloquear-durante-dos-horas-otro-autobus-en-madrid\/#webpage"},"articleSection":"Actualidad"},{"@type":"BreadcrumbList","@id":"https:\/\/www.eldigitaldeasturias.com\/noticias\/el-langui-vuelve-a-bloquear-durante-dos-horas-otro-autobus-en-madrid\/#breadcrumblist","itemListElement":[{"@type":"ListItem","@id":"https:\/\/www.eldigitaldeasturias.com\/noticias#listItem","position":1,"name":"Home","item":"https:\/\/www.eldigitaldeasturias.com\/noticias","nextItem":{"@type":"ListItem","@id":"https:\/\/www.eldigitaldeasturias.com\/noticias\/category\/actualidad\/#listItem","name":"Actualidad"}},{"@type":"ListItem","@id":"https:\/\/www.eldigitaldeasturias.com\/noticias\/category\/actualidad\/#listItem","position":2,"name":"Actualidad","item":"https:\/\/www.eldigitaldeasturias.com\/noticias\/category\/actualidad\/","nextItem":{"@type":"ListItem","@id":"https:\/\/www.eldigitaldeasturias.com\/noticias\/el-langui-vuelve-a-bloquear-durante-dos-horas-otro-autobus-en-madrid\/#listItem","name":"El Langui vuelve a bloquear durante dos horas otro autob\u00fas en Madrid"},"previousItem":{"@type":"ListItem","@id":"https:\/\/www.eldigitaldeasturias.com\/noticias#listItem","name":"Home"}},{"@type":"ListItem","@id":"https:\/\/www.eldigitaldeasturias.com\/noticias\/el-langui-vuelve-a-bloquear-durante-dos-horas-otro-autobus-en-madrid\/#listItem","position":3,"name":"El Langui vuelve a bloquear durante dos horas otro autob\u00fas en Madrid","previousItem":{"@type":"ListItem","@id":"https:\/\/www.eldigitaldeasturias.com\/noticias\/category\/actualidad\/#listItem","name":"Actualidad"}}]},{"@type":"Organization","@id":"https:\/\/www.eldigitaldeasturias.com\/noticias\/#organization","name":"El Digital de Asturias","description":"Hemeroteca","url":"https:\/\/www.eldigitaldeasturias.com\/noticias\/","email":"info@eldigitaldeasturias.com","telephone":"+34652131393","logo":{"@type":"ImageObject","url":"https:\/\/www.eldigitaldeasturias.com\/noticias\/wp-content\/uploads\/2020\/12\/EDA.jpg","@id":"https:\/\/www.eldigitaldeasturias.com\/noticias\/el-langui-vuelve-a-bloquear-durante-dos-horas-otro-autobus-en-madrid\/#organizationLogo","width":649,"height":297},"image":{"@id":"https:\/\/www.eldigitaldeasturias.com\/noticias\/el-langui-vuelve-a-bloquear-durante-dos-horas-otro-autobus-en-madrid\/#organizationLogo"},"sameAs":["https:\/\/facebook.com\/eldigitaldeasturias","https:\/\/www.youtube.com\/channel\/UCZP-2wLEB9Rv6erhFmqVnvg"],"address":{"@id":"https:\/\/www.eldigitaldeasturias.com\/noticias\/#postaladdress","@type":"PostalAddress","streetAddress":"san antonio 4,","postalCode":"33430","addressLocality":"Cand\u00e1s","addressRegion":"Asturias","addressCountry":"ES"}},{"@type":"Person","@id":"https:\/\/www.eldigitaldeasturias.com\/noticias\/author\/admin\/#author","url":"https:\/\/www.eldigitaldeasturias.com\/noticias\/author\/admin\/","name":"El Digital de Asturias","image":{"@type":"ImageObject","@id":"https:\/\/www.eldigitaldeasturias.com\/noticias\/el-langui-vuelve-a-bloquear-durante-dos-horas-otro-autobus-en-madrid\/#authorImage","url":"https:\/\/www.eldigitaldeasturias.com\/noticias\/wp-content\/litespeed\/avatar\/18677e78aa0546b92d9dbf31ec7d7668.jpg?ver=1777290358","width":96,"height":96,"caption":"El Digital de Asturias"}},{"@type":"WebPage","@id":"https:\/\/www.eldigitaldeasturias.com\/noticias\/el-langui-vuelve-a-bloquear-durante-dos-horas-otro-autobus-en-madrid\/#webpage","url":"https:\/\/www.eldigitaldeasturias.com\/noticias\/el-langui-vuelve-a-bloquear-durante-dos-horas-otro-autobus-en-madrid\/","name":"El Langui vuelve a bloquear durante dos horas otro autob\u00fas en Madrid - El Digital de Asturias","description":"Juan Manuel Montilla, m\u00e1s conocido como 'El Langui', ha vuelto a bloquear durante cerca de dos horas el paso a un autob\u00fas en San Mart\u00edn de la Vega, localidad en la que reside, para denunciar la falta de accesibilidad de este medio de transporte, al no poder acceder al mismo con su silla de ruedas.","inLanguage":"es-ES","isPartOf":{"@id":"https:\/\/www.eldigitaldeasturias.com\/noticias\/#website"},"breadcrumb":{"@id":"https:\/\/www.eldigitaldeasturias.com\/noticias\/el-langui-vuelve-a-bloquear-durante-dos-horas-otro-autobus-en-madrid\/#breadcrumblist"},"author":{"@id":"https:\/\/www.eldigitaldeasturias.com\/noticias\/author\/admin\/#author"},"creator":{"@id":"https:\/\/www.eldigitaldeasturias.com\/noticias\/author\/admin\/#author"},"image":{"@type":"ImageObject","url":"https:\/\/www.eldigitaldeasturias.com\/noticias\/wp-content\/uploads\/2016\/02\/fotonoticia_20160223114227_800.jpg","@id":"https:\/\/www.eldigitaldeasturias.com\/noticias\/el-langui-vuelve-a-bloquear-durante-dos-horas-otro-autobus-en-madrid\/#mainImage","width":800,"height":534},"primaryImageOfPage":{"@id":"https:\/\/www.eldigitaldeasturias.com\/noticias\/el-langui-vuelve-a-bloquear-durante-dos-horas-otro-autobus-en-madrid\/#mainImage"},"datePublished":"2016-02-23T16:00:57+01:00","dateModified":"2016-02-23T16:00:57+01:00"},{"@type":"WebSite","@id":"https:\/\/www.eldigitaldeasturias.com\/noticias\/#website","url":"https:\/\/www.eldigitaldeasturias.com\/noticias\/","name":"El Digital de Asturias - Diario de actualidad y noticias","alternateName":"El Digital de Asturias - Diario de actualidad y noticias","description":"Hemeroteca","inLanguage":"es-ES","publisher":{"@id":"https:\/\/www.eldigitaldeasturias.com\/noticias\/#organization"}}]},"og:locale":"es_ES","og:site_name":"El Digital de Asturias","og:type":"article","og:title":"El Langui vuelve a bloquear durante dos horas otro autob\u00fas en Madrid - El Digital de Asturias","og:description":"Juan Manuel Montilla, m\u00e1s conocido como 'El Langui', ha vuelto a bloquear durante cerca de dos horas el paso a un autob\u00fas en San Mart\u00edn de la Vega, localidad en la que reside, para denunciar la falta de accesibilidad de este medio de transporte, al no poder acceder al mismo con su silla de ruedas.","og:url":"https:\/\/www.eldigitaldeasturias.com\/noticias\/el-langui-vuelve-a-bloquear-durante-dos-horas-otro-autobus-en-madrid\/","og:image":"https:\/\/www.eldigitaldeasturias.com\/noticias\/wp-content\/uploads\/2016\/02\/fotonoticia_20160223114227_800.jpg","og:image:secure_url":"https:\/\/www.eldigitaldeasturias.com\/noticias\/wp-content\/uploads\/2016\/02\/fotonoticia_20160223114227_800.jpg","og:image:width":800,"og:image:height":534,"article:tag":["actualidad"],"article:published_time":"2016-02-23T16:00:57+00:00","article:modified_time":"2016-02-23T16:00:57+00:00","article:publisher":"https:\/\/facebook.com\/eldigitaldeasturias","twitter:card":"summary_large_image","twitter:title":"El Langui vuelve a bloquear durante dos horas otro autob\u00fas en Madrid - El Digital de Asturias","twitter:description":"Juan Manuel Montilla, m\u00e1s conocido como 'El Langui', ha vuelto a bloquear durante cerca de dos horas el paso a un autob\u00fas en San Mart\u00edn de la Vega, localidad en la que reside, para denunciar la falta de accesibilidad de este medio de transporte, al no poder acceder al mismo con su silla de ruedas.","twitter:image":"https:\/\/www.eldigitaldeasturias.com\/noticias\/wp-content\/uploads\/2016\/02\/fotonoticia_20160223114227_800.jpg","twitter:label1":"Escrito por","twitter:data1":"El Digital de Asturias","twitter:label2":"Tiempo de lectura estimado","twitter:data2":"2 minutos"},"aioseo_meta_data":{"post_id":"861338","title":null,"description":null,"keywords":null,"keyphrases":null,"primary_term":null,"canonical_url":null,"og_title":null,"og_description":null,"og_object_type":"default","og_image_type":"default","og_image_url":null,"og_image_width":null,"og_image_height":null,"og_image_custom_url":null,"og_image_custom_fields":null,"og_video":null,"og_custom_url":null,"og_article_section":null,"og_article_tags":null,"twitter_use_og":false,"twitter_card":"default","twitter_image_type":"default","twitter_image_url":null,"twitter_image_custom_url":null,"twitter_image_custom_fields":null,"twitter_title":null,"twitter_description":null,"schema":{"blockGraphs":[],"customGraphs":[],"default":{"data":{"Article":[],"Course":[],"Dataset":[],"FAQPage":[],"Movie":[],"Person":[],"Product":[],"ProductReview":[],"Car":[],"Recipe":[],"Service":[],"SoftwareApplication":[],"WebPage":[]},"graphName":"","isEnabled":true},"graphs":[],"defaultGraph":"","defaultPostTypeGraph":""},"schema_type":null,"schema_type_options":null,"pillar_content":false,"robots_default":true,"robots_noindex":false,"robots_noarchive":false,"robots_nosnippet":false,"robots_nofollow":false,"robots_noimageindex":false,"robots_noodp":false,"robots_notranslate":false,"robots_max_snippet":null,"robots_max_videopreview":null,"robots_max_imagepreview":"large","priority":null,"frequency":null,"local_seo":null,"seo_analyzer_scan_date":"2025-12-10 20:54:24","breadcrumb_settings":null,"limit_modified_date":false,"open_ai":null,"ai":null,"created":"2021-01-22 16:18:47","updated":"2025-12-10 20:54:24"},"aioseo_breadcrumb":"<div class=\"aioseo-breadcrumbs\"><span class=\"aioseo-breadcrumb\">\n\t<a href=\"https:\/\/www.eldigitaldeasturias.com\/noticias\" title=\"Home\">Home<\/a>\n<\/span><span class=\"aioseo-breadcrumb-separator\">\u2013<\/span><span class=\"aioseo-breadcrumb\">\n\t<a href=\"https:\/\/www.eldigitaldeasturias.com\/noticias\/category\/actualidad\/\" title=\"Actualidad\">Actualidad<\/a>\n<\/span><span class=\"aioseo-breadcrumb-separator\">\u2013<\/span><span class=\"aioseo-breadcrumb\">\n\t<a href=\"https:\/\/www.eldigitaldeasturias.com\/noticias\/el-langui-vuelve-a-bloquear-durante-dos-horas-otro-autobus-en-madrid\/\" title=\"El Langui vuelve a bloquear durante dos horas otro autob\u00fas en Madrid\">El Langui vuelve a bloquear durante dos horas otro autob\u00fas en Madrid<\/a>\n<\/span><\/div>","aioseo_breadcrumb_json":[{"label":"Home","link":"https:\/\/www.eldigitaldeasturias.com\/noticias"},{"label":"Actualidad","link":"https:\/\/www.eldigitaldeasturias.com\/noticias\/category\/actualidad\/"},{"label":"El Langui vuelve a bloquear durante dos horas otro autob\u00fas en Madrid","link":"https:\/\/www.eldigitaldeasturias.com\/noticias\/el-langui-vuelve-a-bloquear-durante-dos-horas-otro-autobus-en-madrid\/"}],"_links":{"self":[{"href":"https:\/\/www.eldigitaldeasturias.com\/noticias\/wp-json\/wp\/v2\/posts\/861338","targetHints":{"allow":["GET"]}}],"collection":[{"href":"https:\/\/www.eldigitaldeasturias.com\/noticias\/wp-json\/wp\/v2\/posts"}],"about":[{"href":"https:\/\/www.eldigitaldeasturias.com\/noticias\/wp-json\/wp\/v2\/types\/post"}],"author":[{"embeddable":true,"href":"https:\/\/www.eldigitaldeasturias.com\/noticias\/wp-json\/wp\/v2\/users\/1"}],"replies":[{"embeddable":true,"href":"https:\/\/www.eldigitaldeasturias.com\/noticias\/wp-json\/wp\/v2\/comments?post=861338"}],"version-history":[{"count":0,"href":"https:\/\/www.eldigitaldeasturias.com\/noticias\/wp-json\/wp\/v2\/posts\/861338\/revisions"}],"wp:featuredmedia":[{"embeddable":true,"href":"https:\/\/www.eldigitaldeasturias.com\/noticias\/wp-json\/wp\/v2\/media\/861339"}],"wp:attachment":[{"href":"https:\/\/www.eldigitaldeasturias.com\/noticias\/wp-json\/wp\/v2\/media?parent=861338"}],"wp:term":[{"taxonomy":"category","embeddable":true,"href":"https:\/\/www.eldigitaldeasturias.com\/noticias\/wp-json\/wp\/v2\/categories?post=861338"},{"taxonomy":"post_tag","embeddable":true,"href":"https:\/\/www.eldigitaldeasturias.com\/noticias\/wp-json\/wp\/v2\/tags?post=861338"}],"curies":[{"name":"wp","href":"https:\/\/api.w.org\/{rel}","templated":true}]}}