{"id":861335,"date":"2016-02-23T15:59:29","date_gmt":"2016-02-23T15:59:29","guid":{"rendered":"http:\/\/www.eldigitaldeasturias.com\/noticias\/?p=861335"},"modified":"2016-02-23T15:59:29","modified_gmt":"2016-02-23T15:59:29","slug":"la-fundacion-sgae-rinde-homenaje-a-pedro-iturralde-en-la-sala-berlanga-de-madrid","status":"publish","type":"post","link":"https:\/\/www.eldigitaldeasturias.com\/noticias\/la-fundacion-sgae-rinde-homenaje-a-pedro-iturralde-en-la-sala-berlanga-de-madrid\/","title":{"rendered":"La Fundaci\u00f3n SGAE rinde homenaje a Pedro Iturralde en la Sala Berlanga de Madrid"},"content":{"rendered":"<p><img loading=\"lazy\" decoding=\"async\" class=\"alignleft size-medium wp-image-861336\" src=\"https:\/\/www.eldigitaldeasturias.com\/noticias\/wp-content\/uploads\/2016\/02\/fotonoticia_20160223113555_800-240x320.jpg\" alt=\"fotonoticia_20160223113555_800\" width=\"240\" height=\"320\" srcset=\"https:\/\/www.eldigitaldeasturias.com\/noticias\/wp-content\/uploads\/2016\/02\/fotonoticia_20160223113555_800-240x320.jpg 240w, https:\/\/www.eldigitaldeasturias.com\/noticias\/wp-content\/uploads\/2016\/02\/fotonoticia_20160223113555_800-768x1024.jpg 768w, https:\/\/www.eldigitaldeasturias.com\/noticias\/wp-content\/uploads\/2016\/02\/fotonoticia_20160223113555_800-487x650.jpg 487w, https:\/\/www.eldigitaldeasturias.com\/noticias\/wp-content\/uploads\/2016\/02\/fotonoticia_20160223113555_800.jpg 800w\" sizes=\"auto, (max-width: 240px) 100vw, 240px\" \/>La Fundaci\u00f3n SGAE ha organizado un homenaje al maestro de jazz Pedro Iturralde, que tendr\u00e1 lugar desde este jueves, 25 de febrero, hasta el domingo 28 de febrero, en la Sala Berlanga de Madrid, con el objetivo de recordar el valor de su figura como m\u00fasico con una serie de actos conmemorativos que pondr\u00e1n de relieve las diferentes facetas del autor.<\/p>\n<p>El jueves 25 de febrero tendr\u00e1 lugar la entrega de la Medalla de Honor de la SGAE a Pedro Iturralde por el presidente de la instituci\u00f3n, Jos\u00e9 Luis Acosta; as\u00ed como la inauguraci\u00f3n de una exposici\u00f3n en torno a su figura, con una actuaci\u00f3n especial del compositor navarro con su conocido cuarteto.<\/p>\n<p>Pedro Iturralde (saxos y clarinete), Mariano D\u00edaz (piano), Richie Ferrer (contrabajo) y Daniel Garc\u00eda (bater\u00eda) se centrar\u00e1n en su \u00faltimo trabajo grabado hasta la fecha, &#8216;EntreAmigos&#8217;.<\/p>\n<p>El viernes 26 de febrero la formaci\u00f3n Barcelona Clarinet Players interpretar\u00e1 una selecci\u00f3n de temas de su primer disco, &#8216;Toma caf\u00e9&#8217;, editado el pasado 2015, en el que adapta obras de Iturralde. Adem\u00e1s, el s\u00e1bado 27 de febrero se ha programado un concierto tributo a Pedro Iturralde.<\/p>\n<p>Finalmente, el domingo 28 de febrero ser\u00e1 el turno del cine con un marat\u00f3n que incluye la proyecci\u00f3n de los largometrajes &#8216;Nuevas amistades&#8217; (1963), de Ram\u00f3n Comas, y de &#8216;Mayores con reparos&#8217; (1966) y &#8216;El viaje a ninguna parte&#8217; (1986), estos \u00faltimos de Fernando Fern\u00e1n G\u00f3mez, para las que Iturralde compuso la banda sonora.<\/p>\n","protected":false},"excerpt":{"rendered":"<p>La Fundaci\u00f3n SGAE ha organizado un homenaje al maestro de jazz Pedro Iturralde, que tendr\u00e1 lugar desde este jueves, 25 de febrero, hasta el domingo 28 de febrero, en la Sala Berlanga de Madrid, con el objetivo de recordar el valor de su figura como m\u00fasico con una serie de actos conmemorativos que pondr\u00e1n de [&hellip;]<\/p>\n","protected":false},"author":1,"featured_media":861336,"comment_status":"closed","ping_status":"closed","sticky":false,"template":"","format":"standard","meta":{"footnotes":""},"categories":[1],"tags":[],"class_list":["post-861335","post","type-post","status-publish","format-standard","has-post-thumbnail","hentry","category-actualidad"],"aioseo_notices":[],"aioseo_head":"\n\t\t<!-- All in One SEO Pro 4.9.6.2 - aioseo.com -->\n\t<meta name=\"description\" content=\"La Fundaci\u00f3n SGAE ha organizado un homenaje al maestro de jazz Pedro Iturralde, que tendr\u00e1 lugar desde este jueves, 25 de febrero, hasta el domingo 28 de febrero, en la Sala Berlanga de Madrid, con el objetivo de recordar el valor de su figura como m\u00fasico con una serie de actos conmemorativos que pondr\u00e1n de\" \/>\n\t<meta name=\"robots\" content=\"max-image-preview:large\" \/>\n\t<meta name=\"author\" content=\"El Digital de Asturias\"\/>\n\t<meta name=\"google-site-verification\" content=\"UA-38556648-1\" \/>\n\t<meta name=\"msvalidate.01\" content=\"7dfe9f3f1b24437ab69f4f2559babe99\" \/>\n\t<meta name=\"keywords\" content=\"actualidad\" \/>\n\t<link rel=\"canonical\" href=\"https:\/\/www.eldigitaldeasturias.com\/noticias\/la-fundacion-sgae-rinde-homenaje-a-pedro-iturralde-en-la-sala-berlanga-de-madrid\/\" \/>\n\t<meta name=\"generator\" content=\"All in One SEO Pro (AIOSEO) 4.9.6.2\" \/>\n\t\t<meta property=\"og:locale\" content=\"es_ES\" \/>\n\t\t<meta property=\"og:site_name\" content=\"El Digital de Asturias\" \/>\n\t\t<meta property=\"og:type\" content=\"article\" \/>\n\t\t<meta property=\"og:title\" content=\"La Fundaci\u00f3n SGAE rinde homenaje a Pedro Iturralde en la Sala Berlanga de Madrid - El Digital de Asturias\" \/>\n\t\t<meta property=\"og:description\" content=\"La Fundaci\u00f3n SGAE ha organizado un homenaje al maestro de jazz Pedro Iturralde, que tendr\u00e1 lugar desde este jueves, 25 de febrero, hasta el domingo 28 de febrero, en la Sala Berlanga de Madrid, con el objetivo de recordar el valor de su figura como m\u00fasico con una serie de actos conmemorativos que pondr\u00e1n de\" \/>\n\t\t<meta property=\"og:url\" content=\"https:\/\/www.eldigitaldeasturias.com\/noticias\/la-fundacion-sgae-rinde-homenaje-a-pedro-iturralde-en-la-sala-berlanga-de-madrid\/\" \/>\n\t\t<meta property=\"og:image\" content=\"https:\/\/www.eldigitaldeasturias.com\/noticias\/wp-content\/uploads\/2016\/02\/fotonoticia_20160223113555_800.jpg\" \/>\n\t\t<meta property=\"og:image:secure_url\" content=\"https:\/\/www.eldigitaldeasturias.com\/noticias\/wp-content\/uploads\/2016\/02\/fotonoticia_20160223113555_800.jpg\" \/>\n\t\t<meta property=\"og:image:width\" content=\"800\" \/>\n\t\t<meta property=\"og:image:height\" content=\"1067\" \/>\n\t\t<meta property=\"article:tag\" content=\"actualidad\" \/>\n\t\t<meta property=\"article:published_time\" content=\"2016-02-23T15:59:29+00:00\" \/>\n\t\t<meta property=\"article:modified_time\" content=\"2016-02-23T15:59:29+00:00\" \/>\n\t\t<meta property=\"article:publisher\" content=\"https:\/\/facebook.com\/eldigitaldeasturias\" \/>\n\t\t<meta name=\"twitter:card\" content=\"summary_large_image\" \/>\n\t\t<meta name=\"twitter:title\" content=\"La Fundaci\u00f3n SGAE rinde homenaje a Pedro Iturralde en la Sala Berlanga de Madrid - El Digital de Asturias\" \/>\n\t\t<meta name=\"twitter:description\" content=\"La Fundaci\u00f3n SGAE ha organizado un homenaje al maestro de jazz Pedro Iturralde, que tendr\u00e1 lugar desde este jueves, 25 de febrero, hasta el domingo 28 de febrero, en la Sala Berlanga de Madrid, con el objetivo de recordar el valor de su figura como m\u00fasico con una serie de actos conmemorativos que pondr\u00e1n de\" \/>\n\t\t<meta name=\"twitter:image\" content=\"https:\/\/www.eldigitaldeasturias.com\/noticias\/wp-content\/uploads\/2016\/02\/fotonoticia_20160223113555_800.jpg\" \/>\n\t\t<meta name=\"twitter:label1\" content=\"Escrito por\" \/>\n\t\t<meta name=\"twitter:data1\" content=\"El Digital de Asturias\" \/>\n\t\t<meta name=\"twitter:label2\" content=\"Tiempo de lectura estimado\" \/>\n\t\t<meta name=\"twitter:data2\" content=\"1 minuto\" \/>\n\t\t<script type=\"application\/ld+json\" class=\"aioseo-schema\">\n\t\t\t{\"@context\":\"https:\\\/\\\/schema.org\",\"@graph\":[{\"@type\":\"BlogPosting\",\"@id\":\"https:\\\/\\\/www.eldigitaldeasturias.com\\\/noticias\\\/la-fundacion-sgae-rinde-homenaje-a-pedro-iturralde-en-la-sala-berlanga-de-madrid\\\/#blogposting\",\"name\":\"La Fundaci\\u00f3n SGAE rinde homenaje a Pedro Iturralde en la Sala Berlanga de Madrid - El Digital de Asturias\",\"headline\":\"La Fundaci\\u00f3n SGAE rinde homenaje a Pedro Iturralde en la Sala Berlanga de Madrid\",\"author\":{\"@id\":\"https:\\\/\\\/www.eldigitaldeasturias.com\\\/noticias\\\/author\\\/admin\\\/#author\"},\"publisher\":{\"@id\":\"https:\\\/\\\/www.eldigitaldeasturias.com\\\/noticias\\\/#organization\"},\"image\":{\"@type\":\"ImageObject\",\"url\":\"https:\\\/\\\/www.eldigitaldeasturias.com\\\/noticias\\\/wp-content\\\/uploads\\\/2016\\\/02\\\/fotonoticia_20160223113555_800.jpg\",\"width\":800,\"height\":1067},\"datePublished\":\"2016-02-23T15:59:29+01:00\",\"dateModified\":\"2016-02-23T15:59:29+01:00\",\"inLanguage\":\"es-ES\",\"mainEntityOfPage\":{\"@id\":\"https:\\\/\\\/www.eldigitaldeasturias.com\\\/noticias\\\/la-fundacion-sgae-rinde-homenaje-a-pedro-iturralde-en-la-sala-berlanga-de-madrid\\\/#webpage\"},\"isPartOf\":{\"@id\":\"https:\\\/\\\/www.eldigitaldeasturias.com\\\/noticias\\\/la-fundacion-sgae-rinde-homenaje-a-pedro-iturralde-en-la-sala-berlanga-de-madrid\\\/#webpage\"},\"articleSection\":\"Actualidad\"},{\"@type\":\"BreadcrumbList\",\"@id\":\"https:\\\/\\\/www.eldigitaldeasturias.com\\\/noticias\\\/la-fundacion-sgae-rinde-homenaje-a-pedro-iturralde-en-la-sala-berlanga-de-madrid\\\/#breadcrumblist\",\"itemListElement\":[{\"@type\":\"ListItem\",\"@id\":\"https:\\\/\\\/www.eldigitaldeasturias.com\\\/noticias#listItem\",\"position\":1,\"name\":\"Home\",\"item\":\"https:\\\/\\\/www.eldigitaldeasturias.com\\\/noticias\",\"nextItem\":{\"@type\":\"ListItem\",\"@id\":\"https:\\\/\\\/www.eldigitaldeasturias.com\\\/noticias\\\/category\\\/actualidad\\\/#listItem\",\"name\":\"Actualidad\"}},{\"@type\":\"ListItem\",\"@id\":\"https:\\\/\\\/www.eldigitaldeasturias.com\\\/noticias\\\/category\\\/actualidad\\\/#listItem\",\"position\":2,\"name\":\"Actualidad\",\"item\":\"https:\\\/\\\/www.eldigitaldeasturias.com\\\/noticias\\\/category\\\/actualidad\\\/\",\"nextItem\":{\"@type\":\"ListItem\",\"@id\":\"https:\\\/\\\/www.eldigitaldeasturias.com\\\/noticias\\\/la-fundacion-sgae-rinde-homenaje-a-pedro-iturralde-en-la-sala-berlanga-de-madrid\\\/#listItem\",\"name\":\"La Fundaci\\u00f3n SGAE rinde homenaje a Pedro Iturralde en la Sala Berlanga de Madrid\"},\"previousItem\":{\"@type\":\"ListItem\",\"@id\":\"https:\\\/\\\/www.eldigitaldeasturias.com\\\/noticias#listItem\",\"name\":\"Home\"}},{\"@type\":\"ListItem\",\"@id\":\"https:\\\/\\\/www.eldigitaldeasturias.com\\\/noticias\\\/la-fundacion-sgae-rinde-homenaje-a-pedro-iturralde-en-la-sala-berlanga-de-madrid\\\/#listItem\",\"position\":3,\"name\":\"La Fundaci\\u00f3n SGAE rinde homenaje a Pedro Iturralde en la Sala Berlanga de Madrid\",\"previousItem\":{\"@type\":\"ListItem\",\"@id\":\"https:\\\/\\\/www.eldigitaldeasturias.com\\\/noticias\\\/category\\\/actualidad\\\/#listItem\",\"name\":\"Actualidad\"}}]},{\"@type\":\"Organization\",\"@id\":\"https:\\\/\\\/www.eldigitaldeasturias.com\\\/noticias\\\/#organization\",\"name\":\"El Digital de Asturias\",\"description\":\"Hemeroteca\",\"url\":\"https:\\\/\\\/www.eldigitaldeasturias.com\\\/noticias\\\/\",\"email\":\"info@eldigitaldeasturias.com\",\"telephone\":\"+34652131393\",\"logo\":{\"@type\":\"ImageObject\",\"url\":\"https:\\\/\\\/www.eldigitaldeasturias.com\\\/noticias\\\/wp-content\\\/uploads\\\/2020\\\/12\\\/EDA.jpg\",\"@id\":\"https:\\\/\\\/www.eldigitaldeasturias.com\\\/noticias\\\/la-fundacion-sgae-rinde-homenaje-a-pedro-iturralde-en-la-sala-berlanga-de-madrid\\\/#organizationLogo\",\"width\":649,\"height\":297},\"image\":{\"@id\":\"https:\\\/\\\/www.eldigitaldeasturias.com\\\/noticias\\\/la-fundacion-sgae-rinde-homenaje-a-pedro-iturralde-en-la-sala-berlanga-de-madrid\\\/#organizationLogo\"},\"sameAs\":[\"https:\\\/\\\/facebook.com\\\/eldigitaldeasturias\",\"https:\\\/\\\/www.youtube.com\\\/channel\\\/UCZP-2wLEB9Rv6erhFmqVnvg\"],\"address\":{\"@id\":\"https:\\\/\\\/www.eldigitaldeasturias.com\\\/noticias\\\/#postaladdress\",\"@type\":\"PostalAddress\",\"streetAddress\":\"san antonio 4,\",\"postalCode\":\"33430\",\"addressLocality\":\"Cand\\u00e1s\",\"addressRegion\":\"Asturias\",\"addressCountry\":\"ES\"}},{\"@type\":\"Person\",\"@id\":\"https:\\\/\\\/www.eldigitaldeasturias.com\\\/noticias\\\/author\\\/admin\\\/#author\",\"url\":\"https:\\\/\\\/www.eldigitaldeasturias.com\\\/noticias\\\/author\\\/admin\\\/\",\"name\":\"El Digital de Asturias\",\"image\":{\"@type\":\"ImageObject\",\"@id\":\"https:\\\/\\\/www.eldigitaldeasturias.com\\\/noticias\\\/la-fundacion-sgae-rinde-homenaje-a-pedro-iturralde-en-la-sala-berlanga-de-madrid\\\/#authorImage\",\"url\":\"https:\\\/\\\/www.eldigitaldeasturias.com\\\/noticias\\\/wp-content\\\/litespeed\\\/avatar\\\/18677e78aa0546b92d9dbf31ec7d7668.jpg?ver=1777290358\",\"width\":96,\"height\":96,\"caption\":\"El Digital de Asturias\"}},{\"@type\":\"WebPage\",\"@id\":\"https:\\\/\\\/www.eldigitaldeasturias.com\\\/noticias\\\/la-fundacion-sgae-rinde-homenaje-a-pedro-iturralde-en-la-sala-berlanga-de-madrid\\\/#webpage\",\"url\":\"https:\\\/\\\/www.eldigitaldeasturias.com\\\/noticias\\\/la-fundacion-sgae-rinde-homenaje-a-pedro-iturralde-en-la-sala-berlanga-de-madrid\\\/\",\"name\":\"La Fundaci\\u00f3n SGAE rinde homenaje a Pedro Iturralde en la Sala Berlanga de Madrid - El Digital de Asturias\",\"description\":\"La Fundaci\\u00f3n SGAE ha organizado un homenaje al maestro de jazz Pedro Iturralde, que tendr\\u00e1 lugar desde este jueves, 25 de febrero, hasta el domingo 28 de febrero, en la Sala Berlanga de Madrid, con el objetivo de recordar el valor de su figura como m\\u00fasico con una serie de actos conmemorativos que pondr\\u00e1n de\",\"inLanguage\":\"es-ES\",\"isPartOf\":{\"@id\":\"https:\\\/\\\/www.eldigitaldeasturias.com\\\/noticias\\\/#website\"},\"breadcrumb\":{\"@id\":\"https:\\\/\\\/www.eldigitaldeasturias.com\\\/noticias\\\/la-fundacion-sgae-rinde-homenaje-a-pedro-iturralde-en-la-sala-berlanga-de-madrid\\\/#breadcrumblist\"},\"author\":{\"@id\":\"https:\\\/\\\/www.eldigitaldeasturias.com\\\/noticias\\\/author\\\/admin\\\/#author\"},\"creator\":{\"@id\":\"https:\\\/\\\/www.eldigitaldeasturias.com\\\/noticias\\\/author\\\/admin\\\/#author\"},\"image\":{\"@type\":\"ImageObject\",\"url\":\"https:\\\/\\\/www.eldigitaldeasturias.com\\\/noticias\\\/wp-content\\\/uploads\\\/2016\\\/02\\\/fotonoticia_20160223113555_800.jpg\",\"@id\":\"https:\\\/\\\/www.eldigitaldeasturias.com\\\/noticias\\\/la-fundacion-sgae-rinde-homenaje-a-pedro-iturralde-en-la-sala-berlanga-de-madrid\\\/#mainImage\",\"width\":800,\"height\":1067},\"primaryImageOfPage\":{\"@id\":\"https:\\\/\\\/www.eldigitaldeasturias.com\\\/noticias\\\/la-fundacion-sgae-rinde-homenaje-a-pedro-iturralde-en-la-sala-berlanga-de-madrid\\\/#mainImage\"},\"datePublished\":\"2016-02-23T15:59:29+01:00\",\"dateModified\":\"2016-02-23T15:59:29+01:00\"},{\"@type\":\"WebSite\",\"@id\":\"https:\\\/\\\/www.eldigitaldeasturias.com\\\/noticias\\\/#website\",\"url\":\"https:\\\/\\\/www.eldigitaldeasturias.com\\\/noticias\\\/\",\"name\":\"El Digital de Asturias - Diario de actualidad y noticias\",\"alternateName\":\"El Digital de Asturias - Diario de actualidad y noticias\",\"description\":\"Hemeroteca\",\"inLanguage\":\"es-ES\",\"publisher\":{\"@id\":\"https:\\\/\\\/www.eldigitaldeasturias.com\\\/noticias\\\/#organization\"}}]}\n\t\t<\/script>\n\t\t<!-- All in One SEO Pro -->\r\n\t\t<title>La Fundaci\u00f3n SGAE rinde homenaje a Pedro Iturralde en la Sala Berlanga de Madrid - El Digital de Asturias<\/title>\n\n","aioseo_head_json":{"title":"La Fundaci\u00f3n SGAE rinde homenaje a Pedro Iturralde en la Sala Berlanga de Madrid - El Digital de Asturias","description":"La Fundaci\u00f3n SGAE ha organizado un homenaje al maestro de jazz Pedro Iturralde, que tendr\u00e1 lugar desde este jueves, 25 de febrero, hasta el domingo 28 de febrero, en la Sala Berlanga de Madrid, con el objetivo de recordar el valor de su figura como m\u00fasico con una serie de actos conmemorativos que pondr\u00e1n de","canonical_url":"https:\/\/www.eldigitaldeasturias.com\/noticias\/la-fundacion-sgae-rinde-homenaje-a-pedro-iturralde-en-la-sala-berlanga-de-madrid\/","robots":"max-image-preview:large","keywords":"actualidad","webmasterTools":{"google-site-verification":"UA-38556648-1","msvalidate.01":"7dfe9f3f1b24437ab69f4f2559babe99","miscellaneous":""},"schema":{"@context":"https:\/\/schema.org","@graph":[{"@type":"BlogPosting","@id":"https:\/\/www.eldigitaldeasturias.com\/noticias\/la-fundacion-sgae-rinde-homenaje-a-pedro-iturralde-en-la-sala-berlanga-de-madrid\/#blogposting","name":"La Fundaci\u00f3n SGAE rinde homenaje a Pedro Iturralde en la Sala Berlanga de Madrid - El Digital de Asturias","headline":"La Fundaci\u00f3n SGAE rinde homenaje a Pedro Iturralde en la Sala Berlanga de Madrid","author":{"@id":"https:\/\/www.eldigitaldeasturias.com\/noticias\/author\/admin\/#author"},"publisher":{"@id":"https:\/\/www.eldigitaldeasturias.com\/noticias\/#organization"},"image":{"@type":"ImageObject","url":"https:\/\/www.eldigitaldeasturias.com\/noticias\/wp-content\/uploads\/2016\/02\/fotonoticia_20160223113555_800.jpg","width":800,"height":1067},"datePublished":"2016-02-23T15:59:29+01:00","dateModified":"2016-02-23T15:59:29+01:00","inLanguage":"es-ES","mainEntityOfPage":{"@id":"https:\/\/www.eldigitaldeasturias.com\/noticias\/la-fundacion-sgae-rinde-homenaje-a-pedro-iturralde-en-la-sala-berlanga-de-madrid\/#webpage"},"isPartOf":{"@id":"https:\/\/www.eldigitaldeasturias.com\/noticias\/la-fundacion-sgae-rinde-homenaje-a-pedro-iturralde-en-la-sala-berlanga-de-madrid\/#webpage"},"articleSection":"Actualidad"},{"@type":"BreadcrumbList","@id":"https:\/\/www.eldigitaldeasturias.com\/noticias\/la-fundacion-sgae-rinde-homenaje-a-pedro-iturralde-en-la-sala-berlanga-de-madrid\/#breadcrumblist","itemListElement":[{"@type":"ListItem","@id":"https:\/\/www.eldigitaldeasturias.com\/noticias#listItem","position":1,"name":"Home","item":"https:\/\/www.eldigitaldeasturias.com\/noticias","nextItem":{"@type":"ListItem","@id":"https:\/\/www.eldigitaldeasturias.com\/noticias\/category\/actualidad\/#listItem","name":"Actualidad"}},{"@type":"ListItem","@id":"https:\/\/www.eldigitaldeasturias.com\/noticias\/category\/actualidad\/#listItem","position":2,"name":"Actualidad","item":"https:\/\/www.eldigitaldeasturias.com\/noticias\/category\/actualidad\/","nextItem":{"@type":"ListItem","@id":"https:\/\/www.eldigitaldeasturias.com\/noticias\/la-fundacion-sgae-rinde-homenaje-a-pedro-iturralde-en-la-sala-berlanga-de-madrid\/#listItem","name":"La Fundaci\u00f3n SGAE rinde homenaje a Pedro Iturralde en la Sala Berlanga de Madrid"},"previousItem":{"@type":"ListItem","@id":"https:\/\/www.eldigitaldeasturias.com\/noticias#listItem","name":"Home"}},{"@type":"ListItem","@id":"https:\/\/www.eldigitaldeasturias.com\/noticias\/la-fundacion-sgae-rinde-homenaje-a-pedro-iturralde-en-la-sala-berlanga-de-madrid\/#listItem","position":3,"name":"La Fundaci\u00f3n SGAE rinde homenaje a Pedro Iturralde en la Sala Berlanga de Madrid","previousItem":{"@type":"ListItem","@id":"https:\/\/www.eldigitaldeasturias.com\/noticias\/category\/actualidad\/#listItem","name":"Actualidad"}}]},{"@type":"Organization","@id":"https:\/\/www.eldigitaldeasturias.com\/noticias\/#organization","name":"El Digital de Asturias","description":"Hemeroteca","url":"https:\/\/www.eldigitaldeasturias.com\/noticias\/","email":"info@eldigitaldeasturias.com","telephone":"+34652131393","logo":{"@type":"ImageObject","url":"https:\/\/www.eldigitaldeasturias.com\/noticias\/wp-content\/uploads\/2020\/12\/EDA.jpg","@id":"https:\/\/www.eldigitaldeasturias.com\/noticias\/la-fundacion-sgae-rinde-homenaje-a-pedro-iturralde-en-la-sala-berlanga-de-madrid\/#organizationLogo","width":649,"height":297},"image":{"@id":"https:\/\/www.eldigitaldeasturias.com\/noticias\/la-fundacion-sgae-rinde-homenaje-a-pedro-iturralde-en-la-sala-berlanga-de-madrid\/#organizationLogo"},"sameAs":["https:\/\/facebook.com\/eldigitaldeasturias","https:\/\/www.youtube.com\/channel\/UCZP-2wLEB9Rv6erhFmqVnvg"],"address":{"@id":"https:\/\/www.eldigitaldeasturias.com\/noticias\/#postaladdress","@type":"PostalAddress","streetAddress":"san antonio 4,","postalCode":"33430","addressLocality":"Cand\u00e1s","addressRegion":"Asturias","addressCountry":"ES"}},{"@type":"Person","@id":"https:\/\/www.eldigitaldeasturias.com\/noticias\/author\/admin\/#author","url":"https:\/\/www.eldigitaldeasturias.com\/noticias\/author\/admin\/","name":"El Digital de Asturias","image":{"@type":"ImageObject","@id":"https:\/\/www.eldigitaldeasturias.com\/noticias\/la-fundacion-sgae-rinde-homenaje-a-pedro-iturralde-en-la-sala-berlanga-de-madrid\/#authorImage","url":"https:\/\/www.eldigitaldeasturias.com\/noticias\/wp-content\/litespeed\/avatar\/18677e78aa0546b92d9dbf31ec7d7668.jpg?ver=1777290358","width":96,"height":96,"caption":"El Digital de Asturias"}},{"@type":"WebPage","@id":"https:\/\/www.eldigitaldeasturias.com\/noticias\/la-fundacion-sgae-rinde-homenaje-a-pedro-iturralde-en-la-sala-berlanga-de-madrid\/#webpage","url":"https:\/\/www.eldigitaldeasturias.com\/noticias\/la-fundacion-sgae-rinde-homenaje-a-pedro-iturralde-en-la-sala-berlanga-de-madrid\/","name":"La Fundaci\u00f3n SGAE rinde homenaje a Pedro Iturralde en la Sala Berlanga de Madrid - El Digital de Asturias","description":"La Fundaci\u00f3n SGAE ha organizado un homenaje al maestro de jazz Pedro Iturralde, que tendr\u00e1 lugar desde este jueves, 25 de febrero, hasta el domingo 28 de febrero, en la Sala Berlanga de Madrid, con el objetivo de recordar el valor de su figura como m\u00fasico con una serie de actos conmemorativos que pondr\u00e1n de","inLanguage":"es-ES","isPartOf":{"@id":"https:\/\/www.eldigitaldeasturias.com\/noticias\/#website"},"breadcrumb":{"@id":"https:\/\/www.eldigitaldeasturias.com\/noticias\/la-fundacion-sgae-rinde-homenaje-a-pedro-iturralde-en-la-sala-berlanga-de-madrid\/#breadcrumblist"},"author":{"@id":"https:\/\/www.eldigitaldeasturias.com\/noticias\/author\/admin\/#author"},"creator":{"@id":"https:\/\/www.eldigitaldeasturias.com\/noticias\/author\/admin\/#author"},"image":{"@type":"ImageObject","url":"https:\/\/www.eldigitaldeasturias.com\/noticias\/wp-content\/uploads\/2016\/02\/fotonoticia_20160223113555_800.jpg","@id":"https:\/\/www.eldigitaldeasturias.com\/noticias\/la-fundacion-sgae-rinde-homenaje-a-pedro-iturralde-en-la-sala-berlanga-de-madrid\/#mainImage","width":800,"height":1067},"primaryImageOfPage":{"@id":"https:\/\/www.eldigitaldeasturias.com\/noticias\/la-fundacion-sgae-rinde-homenaje-a-pedro-iturralde-en-la-sala-berlanga-de-madrid\/#mainImage"},"datePublished":"2016-02-23T15:59:29+01:00","dateModified":"2016-02-23T15:59:29+01:00"},{"@type":"WebSite","@id":"https:\/\/www.eldigitaldeasturias.com\/noticias\/#website","url":"https:\/\/www.eldigitaldeasturias.com\/noticias\/","name":"El Digital de Asturias - Diario de actualidad y noticias","alternateName":"El Digital de Asturias - Diario de actualidad y noticias","description":"Hemeroteca","inLanguage":"es-ES","publisher":{"@id":"https:\/\/www.eldigitaldeasturias.com\/noticias\/#organization"}}]},"og:locale":"es_ES","og:site_name":"El Digital de Asturias","og:type":"article","og:title":"La Fundaci\u00f3n SGAE rinde homenaje a Pedro Iturralde en la Sala Berlanga de Madrid - El Digital de Asturias","og:description":"La Fundaci\u00f3n SGAE ha organizado un homenaje al maestro de jazz Pedro Iturralde, que tendr\u00e1 lugar desde este jueves, 25 de febrero, hasta el domingo 28 de febrero, en la Sala Berlanga de Madrid, con el objetivo de recordar el valor de su figura como m\u00fasico con una serie de actos conmemorativos que pondr\u00e1n de","og:url":"https:\/\/www.eldigitaldeasturias.com\/noticias\/la-fundacion-sgae-rinde-homenaje-a-pedro-iturralde-en-la-sala-berlanga-de-madrid\/","og:image":"https:\/\/www.eldigitaldeasturias.com\/noticias\/wp-content\/uploads\/2016\/02\/fotonoticia_20160223113555_800.jpg","og:image:secure_url":"https:\/\/www.eldigitaldeasturias.com\/noticias\/wp-content\/uploads\/2016\/02\/fotonoticia_20160223113555_800.jpg","og:image:width":800,"og:image:height":1067,"article:tag":["actualidad"],"article:published_time":"2016-02-23T15:59:29+00:00","article:modified_time":"2016-02-23T15:59:29+00:00","article:publisher":"https:\/\/facebook.com\/eldigitaldeasturias","twitter:card":"summary_large_image","twitter:title":"La Fundaci\u00f3n SGAE rinde homenaje a Pedro Iturralde en la Sala Berlanga de Madrid - El Digital de Asturias","twitter:description":"La Fundaci\u00f3n SGAE ha organizado un homenaje al maestro de jazz Pedro Iturralde, que tendr\u00e1 lugar desde este jueves, 25 de febrero, hasta el domingo 28 de febrero, en la Sala Berlanga de Madrid, con el objetivo de recordar el valor de su figura como m\u00fasico con una serie de actos conmemorativos que pondr\u00e1n de","twitter:image":"https:\/\/www.eldigitaldeasturias.com\/noticias\/wp-content\/uploads\/2016\/02\/fotonoticia_20160223113555_800.jpg","twitter:label1":"Escrito por","twitter:data1":"El Digital de Asturias","twitter:label2":"Tiempo de lectura estimado","twitter:data2":"1 minuto"},"aioseo_meta_data":{"post_id":"861335","title":null,"description":null,"keywords":null,"keyphrases":null,"primary_term":null,"canonical_url":null,"og_title":null,"og_description":null,"og_object_type":"default","og_image_type":"default","og_image_url":null,"og_image_width":null,"og_image_height":null,"og_image_custom_url":null,"og_image_custom_fields":null,"og_video":null,"og_custom_url":null,"og_article_section":null,"og_article_tags":null,"twitter_use_og":false,"twitter_card":"default","twitter_image_type":"default","twitter_image_url":null,"twitter_image_custom_url":null,"twitter_image_custom_fields":null,"twitter_title":null,"twitter_description":null,"schema":{"blockGraphs":[],"customGraphs":[],"default":{"data":{"Article":[],"Course":[],"Dataset":[],"FAQPage":[],"Movie":[],"Person":[],"Product":[],"ProductReview":[],"Car":[],"Recipe":[],"Service":[],"SoftwareApplication":[],"WebPage":[]},"graphName":"","isEnabled":true},"graphs":[],"defaultGraph":"","defaultPostTypeGraph":""},"schema_type":null,"schema_type_options":null,"pillar_content":false,"robots_default":true,"robots_noindex":false,"robots_noarchive":false,"robots_nosnippet":false,"robots_nofollow":false,"robots_noimageindex":false,"robots_noodp":false,"robots_notranslate":false,"robots_max_snippet":null,"robots_max_videopreview":null,"robots_max_imagepreview":"large","priority":null,"frequency":null,"local_seo":null,"seo_analyzer_scan_date":"2025-12-10 20:54:23","breadcrumb_settings":null,"limit_modified_date":false,"open_ai":null,"ai":null,"created":"2021-01-22 16:18:47","updated":"2025-12-10 20:54:23"},"aioseo_breadcrumb":"<div class=\"aioseo-breadcrumbs\"><span class=\"aioseo-breadcrumb\">\n\t<a href=\"https:\/\/www.eldigitaldeasturias.com\/noticias\" title=\"Home\">Home<\/a>\n<\/span><span class=\"aioseo-breadcrumb-separator\">\u2013<\/span><span class=\"aioseo-breadcrumb\">\n\t<a href=\"https:\/\/www.eldigitaldeasturias.com\/noticias\/category\/actualidad\/\" title=\"Actualidad\">Actualidad<\/a>\n<\/span><span class=\"aioseo-breadcrumb-separator\">\u2013<\/span><span class=\"aioseo-breadcrumb\">\n\t<a href=\"https:\/\/www.eldigitaldeasturias.com\/noticias\/la-fundacion-sgae-rinde-homenaje-a-pedro-iturralde-en-la-sala-berlanga-de-madrid\/\" title=\"La Fundaci\u00f3n SGAE rinde homenaje a Pedro Iturralde en la Sala Berlanga de Madrid\">La Fundaci\u00f3n SGAE rinde homenaje a Pedro Iturralde en la Sala Berlanga de Madrid<\/a>\n<\/span><\/div>","aioseo_breadcrumb_json":[{"label":"Home","link":"https:\/\/www.eldigitaldeasturias.com\/noticias"},{"label":"Actualidad","link":"https:\/\/www.eldigitaldeasturias.com\/noticias\/category\/actualidad\/"},{"label":"La Fundaci\u00f3n SGAE rinde homenaje a Pedro Iturralde en la Sala Berlanga de Madrid","link":"https:\/\/www.eldigitaldeasturias.com\/noticias\/la-fundacion-sgae-rinde-homenaje-a-pedro-iturralde-en-la-sala-berlanga-de-madrid\/"}],"_links":{"self":[{"href":"https:\/\/www.eldigitaldeasturias.com\/noticias\/wp-json\/wp\/v2\/posts\/861335","targetHints":{"allow":["GET"]}}],"collection":[{"href":"https:\/\/www.eldigitaldeasturias.com\/noticias\/wp-json\/wp\/v2\/posts"}],"about":[{"href":"https:\/\/www.eldigitaldeasturias.com\/noticias\/wp-json\/wp\/v2\/types\/post"}],"author":[{"embeddable":true,"href":"https:\/\/www.eldigitaldeasturias.com\/noticias\/wp-json\/wp\/v2\/users\/1"}],"replies":[{"embeddable":true,"href":"https:\/\/www.eldigitaldeasturias.com\/noticias\/wp-json\/wp\/v2\/comments?post=861335"}],"version-history":[{"count":0,"href":"https:\/\/www.eldigitaldeasturias.com\/noticias\/wp-json\/wp\/v2\/posts\/861335\/revisions"}],"wp:featuredmedia":[{"embeddable":true,"href":"https:\/\/www.eldigitaldeasturias.com\/noticias\/wp-json\/wp\/v2\/media\/861336"}],"wp:attachment":[{"href":"https:\/\/www.eldigitaldeasturias.com\/noticias\/wp-json\/wp\/v2\/media?parent=861335"}],"wp:term":[{"taxonomy":"category","embeddable":true,"href":"https:\/\/www.eldigitaldeasturias.com\/noticias\/wp-json\/wp\/v2\/categories?post=861335"},{"taxonomy":"post_tag","embeddable":true,"href":"https:\/\/www.eldigitaldeasturias.com\/noticias\/wp-json\/wp\/v2\/tags?post=861335"}],"curies":[{"name":"wp","href":"https:\/\/api.w.org\/{rel}","templated":true}]}}