{"id":861326,"date":"2016-02-23T15:15:55","date_gmt":"2016-02-23T15:15:55","guid":{"rendered":"http:\/\/www.eldigitaldeasturias.com\/noticias\/?p=861326"},"modified":"2016-02-23T15:15:55","modified_gmt":"2016-02-23T15:15:55","slug":"enrique-cerezo-se-que-la-liga-no-esta-terminada","status":"publish","type":"post","link":"https:\/\/www.eldigitaldeasturias.com\/noticias\/enrique-cerezo-se-que-la-liga-no-esta-terminada\/","title":{"rendered":"Enrique Cerezo \u00abS\u00e9 que la liga no est\u00e1 terminada\u00bb"},"content":{"rendered":"<p><img loading=\"lazy\" decoding=\"async\" class=\"alignleft size-medium wp-image-861327\" src=\"https:\/\/www.eldigitaldeasturias.com\/noticias\/wp-content\/uploads\/2016\/02\/fotonoticia_20160223144406_800-360x240.jpg\" alt=\"fotonoticia_20160223144406_800\" width=\"360\" height=\"240\" srcset=\"https:\/\/www.eldigitaldeasturias.com\/noticias\/wp-content\/uploads\/2016\/02\/fotonoticia_20160223144406_800-360x240.jpg 360w, https:\/\/www.eldigitaldeasturias.com\/noticias\/wp-content\/uploads\/2016\/02\/fotonoticia_20160223144406_800-768x513.jpg 768w, https:\/\/www.eldigitaldeasturias.com\/noticias\/wp-content\/uploads\/2016\/02\/fotonoticia_20160223144406_800-650x434.jpg 650w, https:\/\/www.eldigitaldeasturias.com\/noticias\/wp-content\/uploads\/2016\/02\/fotonoticia_20160223144406_800-84x55.jpg 84w, https:\/\/www.eldigitaldeasturias.com\/noticias\/wp-content\/uploads\/2016\/02\/fotonoticia_20160223144406_800-49x32.jpg 49w, https:\/\/www.eldigitaldeasturias.com\/noticias\/wp-content\/uploads\/2016\/02\/fotonoticia_20160223144406_800.jpg 800w\" sizes=\"auto, (max-width: 360px) 100vw, 360px\" \/>El presidente del Atl\u00e9tico de Madrid, Enrique Cerezo, ha asegurado que el equipo estar\u00e1 \u00abal acecho\u00bb de cualquier posible oportunidad que deje el FC Barcelona y ha afirmado que \u00abmientras matem\u00e1ticamente haya opciones\u00bb, el club rojiblanco seguir\u00e1 peleando por la liga.<\/p>\n<p>\u00abS\u00e9 que la liga no est\u00e1 terminada, faltan muchos partidos, pueden pasar muchas cosas. El Barcelona est\u00e1 muy bien pero tambi\u00e9n puede perder alg\u00fan partido, nosotros tenemos que estar ah\u00ed al acecho a ver si pasa, igual que estar\u00e1n el Madrid y el Villarreal\u00bb, afirm\u00f3 el presidente en una entrevista con &#8216;Al Primer Toque&#8217; en Onda Cero que recoge Europa Press.<\/p>\n<p>El dirigente alab\u00f3 la plantilla del l\u00edder, al que describi\u00f3 como \u00abuno de los mejores equipos que hay en el mundo\u00bb, y se mostr\u00f3 seguro de que ser\u00e1 \u00abfinalista de la Liga de Campeones\u00bb. Pero reafirm\u00f3 la intenci\u00f3n del Atl\u00e9tico de \u00abesperar su oportunidad\u00bb aprovechando cualquier error cul\u00e9 y \u00abseguir luchando mientras matem\u00e1ticamente haya opciones\u00bb.<\/p>\n<p>\u00abEl Barcelona te incita a que t\u00fa sigas ganando para no perder su ritmo. Hemos tropezado con dos grandes equipos, Barcelona y Real Madrid, que tienen grandes jugadores magn\u00edficos que solucionan much\u00edsimos problemas a sus equipos. Nosotros estamos ah\u00ed, hemos ganado una liga, el a\u00f1o pasado quedamos terceros y este a\u00f1o estamos intentando hacer lo m\u00e1ximo para estar en esas tres primeras plazas\u00bb, defendi\u00f3.<\/p>\n<p>Adem\u00e1s, Cerezo se mostr\u00f3 \u00abmuy contento y orgulloso\u00bb de que el Vicente Calder\u00f3n albergue la final de la Copa entre el Barcelona y el Sevilla. \u00abYa que el Bernab\u00e9u no pod\u00eda ser escenario, nos ofrecimos a la para serlo ya que Madrid era un punto de encuentro bastante bueno\u00bb, explic\u00f3, a\u00f1adiendo que no cree que \u00abhaya pitadas\u00bb al himno espa\u00f1ol porque \u00ablos jugadores no van a dar ning\u00fan mitin\u00bb.<\/p>\n<p>Adem\u00e1s, el presidente garantiz\u00f3 que el nuevo estadio en construcci\u00f3n para el Atl\u00e9tico de Madrid ser\u00e1 tambi\u00e9n sede de importantes competiciones. \u00abEl a\u00f1o que se inaugure La Peineta, la final de &#8216;Champions&#8217; est\u00e1 pr\u00e1cticamente asegurada y la final de la Copa del Rey. Tiene una gran capacidad, unos accesos maravillosos y es muy confortable, es un espect\u00e1culo verlo\u00bb, celebr\u00f3.<\/p>\n<p>De cara al encuentro que disputar\u00e1n este mi\u00e9rcoles en &#8216;Champions&#8217; frente al PSV, el dirigente rojiblanco se mostr\u00f3 ilusionado. \u00abPara nosotros la &#8216;Champions&#8217; es una de las cosas que m\u00e1s deseamos y queremos y no vamos a perder la esperanza hasta que la consigamos. Pero son equipos muy buenos los que ya quedan y no nos podemos equivocar. Ojal\u00e1 pudi\u00e9ramos estar en la final\u00bb, dese\u00f3.<\/p>\n<p>El presidente defendi\u00f3 la continuidad de su entrenador, el &#8216;Cholo&#8217; Simeone en la entidad rojiblanca. \u00abTenemos un contrato que entre personas se da no como v\u00e1lido, si no s\u00faper v\u00e1lido. Se habla mucho de que se vaya a otros clubes, pero \u00e9l sabe muy bien d\u00f3nde quiere estar\u00bb, aclar\u00f3 Cerezo, que calific\u00f3 al argentino como un \u00abgrand\u00edsimo entrenador\u00bb que transmite \u00abdentro y fuera del campo\u00bb.<\/p>\n<p>\u00abNO PROCEDE AHORA HABLAR DEL FUTURO DE TORRES\u00bb<\/p>\n<p>Con respecto a la renovaci\u00f3n de Fernando Torres, el dirigente explic\u00f3 que el club se encuentra concentrado \u00aben terminar muy bien la temporada\u00bb y que no es momento para plantearse qu\u00e9 ocurrir\u00e1 con el delantero.<\/p>\n<p>\u00abTorres es un jugador cedido del Milan. Es una instituci\u00f3n grande del Atl\u00e9tico y no creo que haya ning\u00fan problema para nada. Pero en este momento, no podemos decir si es blanco o negro, ni procede ni es el momento\u00bb, reiter\u00f3, explicando que \u00abes una alegr\u00eda para todos los atl\u00e9ticos\u00bb la presencia del canterano en el club.<\/p>\n<p>Con respecto a la sanci\u00f3n de la FIFA, el presidente reconoci\u00f3 que desconoce si lo tendr\u00e1n \u00abf\u00e1cil o dif\u00edcil\u00bb, pero que el club ya ha recurrido y se encuentra a la espera. Del mismo modo, Cerezo indic\u00f3 que tambi\u00e9n recurrieron los horarios de liga que perjudicaban la recuperaci\u00f3n de su equipo.<\/p>\n<p>\u00abNosotros pedimos el cambio, pero si no lo conceden ser\u00e1 o porque ya es imposible o porque ya lo tienen decidido as\u00ed. Es mucha acumulaci\u00f3n de partidos y mucho viaje. Los jugadores tienen que tener su descanso, es fundamental para ellos en cada partido\u00bb, se\u00f1al\u00f3 al respecto.<\/p>\n<p>Finalmente, el dirigente reconoci\u00f3 haber visto a Augusto \u00abmuy animado\u00bb tras recuperarse de una lesi\u00f3n que parec\u00eda \u00abgrav\u00edsima\u00bb, pero de la que consigui\u00f3 recuperarse \u00abgracias a su fortaleza en un tiempo r\u00e9cord\u00bb, y que el traspaso de Jackson fue \u00abuna buena operaci\u00f3n\u00bb para todas las partes.<\/p>\n<p>&nbsp;<\/p>\n","protected":false},"excerpt":{"rendered":"<p>El presidente del Atl\u00e9tico de Madrid, Enrique Cerezo, ha asegurado que el equipo estar\u00e1 \u00abal acecho\u00bb de cualquier posible oportunidad que deje el FC Barcelona y ha afirmado que \u00abmientras matem\u00e1ticamente haya opciones\u00bb, el club rojiblanco seguir\u00e1 peleando por la liga. \u00abS\u00e9 que la liga no est\u00e1 terminada, faltan muchos partidos, pueden pasar muchas cosas. [&hellip;]<\/p>\n","protected":false},"author":1,"featured_media":861327,"comment_status":"closed","ping_status":"closed","sticky":false,"template":"","format":"standard","meta":{"footnotes":""},"categories":[1],"tags":[],"class_list":["post-861326","post","type-post","status-publish","format-standard","has-post-thumbnail","hentry","category-actualidad"],"aioseo_notices":[],"aioseo_head":"\n\t\t<!-- All in One SEO Pro 4.9.6.2 - aioseo.com -->\n\t<meta name=\"description\" content=\"El presidente del Atl\u00e9tico de Madrid, Enrique Cerezo, ha asegurado que el equipo estar\u00e1 &quot;al acecho&quot; de cualquier posible oportunidad que deje el FC Barcelona y ha afirmado que &quot;mientras matem\u00e1ticamente haya opciones&quot;, el club rojiblanco seguir\u00e1 peleando por la liga. &quot;S\u00e9 que la liga no est\u00e1 terminada, faltan muchos partidos, pueden pasar muchas cosas.\" \/>\n\t<meta name=\"robots\" content=\"max-image-preview:large\" \/>\n\t<meta name=\"author\" content=\"El Digital de Asturias\"\/>\n\t<meta name=\"google-site-verification\" content=\"UA-38556648-1\" \/>\n\t<meta name=\"msvalidate.01\" content=\"7dfe9f3f1b24437ab69f4f2559babe99\" \/>\n\t<meta name=\"keywords\" content=\"actualidad\" \/>\n\t<link rel=\"canonical\" href=\"https:\/\/www.eldigitaldeasturias.com\/noticias\/enrique-cerezo-se-que-la-liga-no-esta-terminada\/\" \/>\n\t<meta name=\"generator\" content=\"All in One SEO Pro (AIOSEO) 4.9.6.2\" \/>\n\t\t<meta property=\"og:locale\" content=\"es_ES\" \/>\n\t\t<meta property=\"og:site_name\" content=\"El Digital de Asturias\" \/>\n\t\t<meta property=\"og:type\" content=\"article\" \/>\n\t\t<meta property=\"og:title\" content=\"Enrique Cerezo \u00abS\u00e9 que la liga no est\u00e1 terminada\u00bb - El Digital de Asturias\" \/>\n\t\t<meta property=\"og:description\" content=\"El presidente del Atl\u00e9tico de Madrid, Enrique Cerezo, ha asegurado que el equipo estar\u00e1 &quot;al acecho&quot; de cualquier posible oportunidad que deje el FC Barcelona y ha afirmado que &quot;mientras matem\u00e1ticamente haya opciones&quot;, el club rojiblanco seguir\u00e1 peleando por la liga. &quot;S\u00e9 que la liga no est\u00e1 terminada, faltan muchos partidos, pueden pasar muchas cosas.\" \/>\n\t\t<meta property=\"og:url\" content=\"https:\/\/www.eldigitaldeasturias.com\/noticias\/enrique-cerezo-se-que-la-liga-no-esta-terminada\/\" \/>\n\t\t<meta property=\"og:image\" content=\"https:\/\/www.eldigitaldeasturias.com\/noticias\/wp-content\/uploads\/2016\/02\/fotonoticia_20160223144406_800.jpg\" \/>\n\t\t<meta property=\"og:image:secure_url\" content=\"https:\/\/www.eldigitaldeasturias.com\/noticias\/wp-content\/uploads\/2016\/02\/fotonoticia_20160223144406_800.jpg\" \/>\n\t\t<meta property=\"og:image:width\" content=\"800\" \/>\n\t\t<meta property=\"og:image:height\" content=\"534\" \/>\n\t\t<meta property=\"article:tag\" content=\"actualidad\" \/>\n\t\t<meta property=\"article:published_time\" content=\"2016-02-23T15:15:55+00:00\" \/>\n\t\t<meta property=\"article:modified_time\" content=\"2016-02-23T15:15:55+00:00\" \/>\n\t\t<meta property=\"article:publisher\" content=\"https:\/\/facebook.com\/eldigitaldeasturias\" \/>\n\t\t<meta name=\"twitter:card\" content=\"summary_large_image\" \/>\n\t\t<meta name=\"twitter:title\" content=\"Enrique Cerezo \u00abS\u00e9 que la liga no est\u00e1 terminada\u00bb - El Digital de Asturias\" \/>\n\t\t<meta name=\"twitter:description\" content=\"El presidente del Atl\u00e9tico de Madrid, Enrique Cerezo, ha asegurado que el equipo estar\u00e1 &quot;al acecho&quot; de cualquier posible oportunidad que deje el FC Barcelona y ha afirmado que &quot;mientras matem\u00e1ticamente haya opciones&quot;, el club rojiblanco seguir\u00e1 peleando por la liga. &quot;S\u00e9 que la liga no est\u00e1 terminada, faltan muchos partidos, pueden pasar muchas cosas.\" \/>\n\t\t<meta name=\"twitter:image\" content=\"https:\/\/www.eldigitaldeasturias.com\/noticias\/wp-content\/uploads\/2016\/02\/fotonoticia_20160223144406_800.jpg\" \/>\n\t\t<meta name=\"twitter:label1\" content=\"Escrito por\" \/>\n\t\t<meta name=\"twitter:data1\" content=\"El Digital de Asturias\" \/>\n\t\t<meta name=\"twitter:label2\" content=\"Tiempo de lectura estimado\" \/>\n\t\t<meta name=\"twitter:data2\" content=\"4 minutos\" \/>\n\t\t<script type=\"application\/ld+json\" class=\"aioseo-schema\">\n\t\t\t{\"@context\":\"https:\\\/\\\/schema.org\",\"@graph\":[{\"@type\":\"BlogPosting\",\"@id\":\"https:\\\/\\\/www.eldigitaldeasturias.com\\\/noticias\\\/enrique-cerezo-se-que-la-liga-no-esta-terminada\\\/#blogposting\",\"name\":\"Enrique Cerezo \\u00abS\\u00e9 que la liga no est\\u00e1 terminada\\u00bb - El Digital de Asturias\",\"headline\":\"Enrique Cerezo \\u00abS\\u00e9 que la liga no est\\u00e1 terminada\\u00bb\",\"author\":{\"@id\":\"https:\\\/\\\/www.eldigitaldeasturias.com\\\/noticias\\\/author\\\/admin\\\/#author\"},\"publisher\":{\"@id\":\"https:\\\/\\\/www.eldigitaldeasturias.com\\\/noticias\\\/#organization\"},\"image\":{\"@type\":\"ImageObject\",\"url\":\"https:\\\/\\\/www.eldigitaldeasturias.com\\\/noticias\\\/wp-content\\\/uploads\\\/2016\\\/02\\\/fotonoticia_20160223144406_800.jpg\",\"width\":800,\"height\":534},\"datePublished\":\"2016-02-23T15:15:55+01:00\",\"dateModified\":\"2016-02-23T15:15:55+01:00\",\"inLanguage\":\"es-ES\",\"mainEntityOfPage\":{\"@id\":\"https:\\\/\\\/www.eldigitaldeasturias.com\\\/noticias\\\/enrique-cerezo-se-que-la-liga-no-esta-terminada\\\/#webpage\"},\"isPartOf\":{\"@id\":\"https:\\\/\\\/www.eldigitaldeasturias.com\\\/noticias\\\/enrique-cerezo-se-que-la-liga-no-esta-terminada\\\/#webpage\"},\"articleSection\":\"Actualidad\"},{\"@type\":\"BreadcrumbList\",\"@id\":\"https:\\\/\\\/www.eldigitaldeasturias.com\\\/noticias\\\/enrique-cerezo-se-que-la-liga-no-esta-terminada\\\/#breadcrumblist\",\"itemListElement\":[{\"@type\":\"ListItem\",\"@id\":\"https:\\\/\\\/www.eldigitaldeasturias.com\\\/noticias#listItem\",\"position\":1,\"name\":\"Home\",\"item\":\"https:\\\/\\\/www.eldigitaldeasturias.com\\\/noticias\",\"nextItem\":{\"@type\":\"ListItem\",\"@id\":\"https:\\\/\\\/www.eldigitaldeasturias.com\\\/noticias\\\/category\\\/actualidad\\\/#listItem\",\"name\":\"Actualidad\"}},{\"@type\":\"ListItem\",\"@id\":\"https:\\\/\\\/www.eldigitaldeasturias.com\\\/noticias\\\/category\\\/actualidad\\\/#listItem\",\"position\":2,\"name\":\"Actualidad\",\"item\":\"https:\\\/\\\/www.eldigitaldeasturias.com\\\/noticias\\\/category\\\/actualidad\\\/\",\"nextItem\":{\"@type\":\"ListItem\",\"@id\":\"https:\\\/\\\/www.eldigitaldeasturias.com\\\/noticias\\\/enrique-cerezo-se-que-la-liga-no-esta-terminada\\\/#listItem\",\"name\":\"Enrique Cerezo \\u00abS\\u00e9 que la liga no est\\u00e1 terminada\\u00bb\"},\"previousItem\":{\"@type\":\"ListItem\",\"@id\":\"https:\\\/\\\/www.eldigitaldeasturias.com\\\/noticias#listItem\",\"name\":\"Home\"}},{\"@type\":\"ListItem\",\"@id\":\"https:\\\/\\\/www.eldigitaldeasturias.com\\\/noticias\\\/enrique-cerezo-se-que-la-liga-no-esta-terminada\\\/#listItem\",\"position\":3,\"name\":\"Enrique Cerezo \\u00abS\\u00e9 que la liga no est\\u00e1 terminada\\u00bb\",\"previousItem\":{\"@type\":\"ListItem\",\"@id\":\"https:\\\/\\\/www.eldigitaldeasturias.com\\\/noticias\\\/category\\\/actualidad\\\/#listItem\",\"name\":\"Actualidad\"}}]},{\"@type\":\"Organization\",\"@id\":\"https:\\\/\\\/www.eldigitaldeasturias.com\\\/noticias\\\/#organization\",\"name\":\"El Digital de Asturias\",\"description\":\"Hemeroteca\",\"url\":\"https:\\\/\\\/www.eldigitaldeasturias.com\\\/noticias\\\/\",\"email\":\"info@eldigitaldeasturias.com\",\"telephone\":\"+34652131393\",\"logo\":{\"@type\":\"ImageObject\",\"url\":\"https:\\\/\\\/www.eldigitaldeasturias.com\\\/noticias\\\/wp-content\\\/uploads\\\/2020\\\/12\\\/EDA.jpg\",\"@id\":\"https:\\\/\\\/www.eldigitaldeasturias.com\\\/noticias\\\/enrique-cerezo-se-que-la-liga-no-esta-terminada\\\/#organizationLogo\",\"width\":649,\"height\":297},\"image\":{\"@id\":\"https:\\\/\\\/www.eldigitaldeasturias.com\\\/noticias\\\/enrique-cerezo-se-que-la-liga-no-esta-terminada\\\/#organizationLogo\"},\"sameAs\":[\"https:\\\/\\\/facebook.com\\\/eldigitaldeasturias\",\"https:\\\/\\\/www.youtube.com\\\/channel\\\/UCZP-2wLEB9Rv6erhFmqVnvg\"],\"address\":{\"@id\":\"https:\\\/\\\/www.eldigitaldeasturias.com\\\/noticias\\\/#postaladdress\",\"@type\":\"PostalAddress\",\"streetAddress\":\"san antonio 4,\",\"postalCode\":\"33430\",\"addressLocality\":\"Cand\\u00e1s\",\"addressRegion\":\"Asturias\",\"addressCountry\":\"ES\"}},{\"@type\":\"Person\",\"@id\":\"https:\\\/\\\/www.eldigitaldeasturias.com\\\/noticias\\\/author\\\/admin\\\/#author\",\"url\":\"https:\\\/\\\/www.eldigitaldeasturias.com\\\/noticias\\\/author\\\/admin\\\/\",\"name\":\"El Digital de Asturias\",\"image\":{\"@type\":\"ImageObject\",\"@id\":\"https:\\\/\\\/www.eldigitaldeasturias.com\\\/noticias\\\/enrique-cerezo-se-que-la-liga-no-esta-terminada\\\/#authorImage\",\"url\":\"https:\\\/\\\/www.eldigitaldeasturias.com\\\/noticias\\\/wp-content\\\/litespeed\\\/avatar\\\/18677e78aa0546b92d9dbf31ec7d7668.jpg?ver=1777290358\",\"width\":96,\"height\":96,\"caption\":\"El Digital de Asturias\"}},{\"@type\":\"WebPage\",\"@id\":\"https:\\\/\\\/www.eldigitaldeasturias.com\\\/noticias\\\/enrique-cerezo-se-que-la-liga-no-esta-terminada\\\/#webpage\",\"url\":\"https:\\\/\\\/www.eldigitaldeasturias.com\\\/noticias\\\/enrique-cerezo-se-que-la-liga-no-esta-terminada\\\/\",\"name\":\"Enrique Cerezo \\u00abS\\u00e9 que la liga no est\\u00e1 terminada\\u00bb - El Digital de Asturias\",\"description\":\"El presidente del Atl\\u00e9tico de Madrid, Enrique Cerezo, ha asegurado que el equipo estar\\u00e1 \\\"al acecho\\\" de cualquier posible oportunidad que deje el FC Barcelona y ha afirmado que \\\"mientras matem\\u00e1ticamente haya opciones\\\", el club rojiblanco seguir\\u00e1 peleando por la liga. \\\"S\\u00e9 que la liga no est\\u00e1 terminada, faltan muchos partidos, pueden pasar muchas cosas.\",\"inLanguage\":\"es-ES\",\"isPartOf\":{\"@id\":\"https:\\\/\\\/www.eldigitaldeasturias.com\\\/noticias\\\/#website\"},\"breadcrumb\":{\"@id\":\"https:\\\/\\\/www.eldigitaldeasturias.com\\\/noticias\\\/enrique-cerezo-se-que-la-liga-no-esta-terminada\\\/#breadcrumblist\"},\"author\":{\"@id\":\"https:\\\/\\\/www.eldigitaldeasturias.com\\\/noticias\\\/author\\\/admin\\\/#author\"},\"creator\":{\"@id\":\"https:\\\/\\\/www.eldigitaldeasturias.com\\\/noticias\\\/author\\\/admin\\\/#author\"},\"image\":{\"@type\":\"ImageObject\",\"url\":\"https:\\\/\\\/www.eldigitaldeasturias.com\\\/noticias\\\/wp-content\\\/uploads\\\/2016\\\/02\\\/fotonoticia_20160223144406_800.jpg\",\"@id\":\"https:\\\/\\\/www.eldigitaldeasturias.com\\\/noticias\\\/enrique-cerezo-se-que-la-liga-no-esta-terminada\\\/#mainImage\",\"width\":800,\"height\":534},\"primaryImageOfPage\":{\"@id\":\"https:\\\/\\\/www.eldigitaldeasturias.com\\\/noticias\\\/enrique-cerezo-se-que-la-liga-no-esta-terminada\\\/#mainImage\"},\"datePublished\":\"2016-02-23T15:15:55+01:00\",\"dateModified\":\"2016-02-23T15:15:55+01:00\"},{\"@type\":\"WebSite\",\"@id\":\"https:\\\/\\\/www.eldigitaldeasturias.com\\\/noticias\\\/#website\",\"url\":\"https:\\\/\\\/www.eldigitaldeasturias.com\\\/noticias\\\/\",\"name\":\"El Digital de Asturias - Diario de actualidad y noticias\",\"alternateName\":\"El Digital de Asturias - Diario de actualidad y noticias\",\"description\":\"Hemeroteca\",\"inLanguage\":\"es-ES\",\"publisher\":{\"@id\":\"https:\\\/\\\/www.eldigitaldeasturias.com\\\/noticias\\\/#organization\"}}]}\n\t\t<\/script>\n\t\t<!-- All in One SEO Pro -->\r\n\t\t<title>Enrique Cerezo \u00abS\u00e9 que la liga no est\u00e1 terminada\u00bb - El Digital de Asturias<\/title>\n\n","aioseo_head_json":{"title":"Enrique Cerezo \u00abS\u00e9 que la liga no est\u00e1 terminada\u00bb - El Digital de Asturias","description":"El presidente del Atl\u00e9tico de Madrid, Enrique Cerezo, ha asegurado que el equipo estar\u00e1 \"al acecho\" de cualquier posible oportunidad que deje el FC Barcelona y ha afirmado que \"mientras matem\u00e1ticamente haya opciones\", el club rojiblanco seguir\u00e1 peleando por la liga. \"S\u00e9 que la liga no est\u00e1 terminada, faltan muchos partidos, pueden pasar muchas cosas.","canonical_url":"https:\/\/www.eldigitaldeasturias.com\/noticias\/enrique-cerezo-se-que-la-liga-no-esta-terminada\/","robots":"max-image-preview:large","keywords":"actualidad","webmasterTools":{"google-site-verification":"UA-38556648-1","msvalidate.01":"7dfe9f3f1b24437ab69f4f2559babe99","miscellaneous":""},"schema":{"@context":"https:\/\/schema.org","@graph":[{"@type":"BlogPosting","@id":"https:\/\/www.eldigitaldeasturias.com\/noticias\/enrique-cerezo-se-que-la-liga-no-esta-terminada\/#blogposting","name":"Enrique Cerezo \u00abS\u00e9 que la liga no est\u00e1 terminada\u00bb - El Digital de Asturias","headline":"Enrique Cerezo \u00abS\u00e9 que la liga no est\u00e1 terminada\u00bb","author":{"@id":"https:\/\/www.eldigitaldeasturias.com\/noticias\/author\/admin\/#author"},"publisher":{"@id":"https:\/\/www.eldigitaldeasturias.com\/noticias\/#organization"},"image":{"@type":"ImageObject","url":"https:\/\/www.eldigitaldeasturias.com\/noticias\/wp-content\/uploads\/2016\/02\/fotonoticia_20160223144406_800.jpg","width":800,"height":534},"datePublished":"2016-02-23T15:15:55+01:00","dateModified":"2016-02-23T15:15:55+01:00","inLanguage":"es-ES","mainEntityOfPage":{"@id":"https:\/\/www.eldigitaldeasturias.com\/noticias\/enrique-cerezo-se-que-la-liga-no-esta-terminada\/#webpage"},"isPartOf":{"@id":"https:\/\/www.eldigitaldeasturias.com\/noticias\/enrique-cerezo-se-que-la-liga-no-esta-terminada\/#webpage"},"articleSection":"Actualidad"},{"@type":"BreadcrumbList","@id":"https:\/\/www.eldigitaldeasturias.com\/noticias\/enrique-cerezo-se-que-la-liga-no-esta-terminada\/#breadcrumblist","itemListElement":[{"@type":"ListItem","@id":"https:\/\/www.eldigitaldeasturias.com\/noticias#listItem","position":1,"name":"Home","item":"https:\/\/www.eldigitaldeasturias.com\/noticias","nextItem":{"@type":"ListItem","@id":"https:\/\/www.eldigitaldeasturias.com\/noticias\/category\/actualidad\/#listItem","name":"Actualidad"}},{"@type":"ListItem","@id":"https:\/\/www.eldigitaldeasturias.com\/noticias\/category\/actualidad\/#listItem","position":2,"name":"Actualidad","item":"https:\/\/www.eldigitaldeasturias.com\/noticias\/category\/actualidad\/","nextItem":{"@type":"ListItem","@id":"https:\/\/www.eldigitaldeasturias.com\/noticias\/enrique-cerezo-se-que-la-liga-no-esta-terminada\/#listItem","name":"Enrique Cerezo \u00abS\u00e9 que la liga no est\u00e1 terminada\u00bb"},"previousItem":{"@type":"ListItem","@id":"https:\/\/www.eldigitaldeasturias.com\/noticias#listItem","name":"Home"}},{"@type":"ListItem","@id":"https:\/\/www.eldigitaldeasturias.com\/noticias\/enrique-cerezo-se-que-la-liga-no-esta-terminada\/#listItem","position":3,"name":"Enrique Cerezo \u00abS\u00e9 que la liga no est\u00e1 terminada\u00bb","previousItem":{"@type":"ListItem","@id":"https:\/\/www.eldigitaldeasturias.com\/noticias\/category\/actualidad\/#listItem","name":"Actualidad"}}]},{"@type":"Organization","@id":"https:\/\/www.eldigitaldeasturias.com\/noticias\/#organization","name":"El Digital de Asturias","description":"Hemeroteca","url":"https:\/\/www.eldigitaldeasturias.com\/noticias\/","email":"info@eldigitaldeasturias.com","telephone":"+34652131393","logo":{"@type":"ImageObject","url":"https:\/\/www.eldigitaldeasturias.com\/noticias\/wp-content\/uploads\/2020\/12\/EDA.jpg","@id":"https:\/\/www.eldigitaldeasturias.com\/noticias\/enrique-cerezo-se-que-la-liga-no-esta-terminada\/#organizationLogo","width":649,"height":297},"image":{"@id":"https:\/\/www.eldigitaldeasturias.com\/noticias\/enrique-cerezo-se-que-la-liga-no-esta-terminada\/#organizationLogo"},"sameAs":["https:\/\/facebook.com\/eldigitaldeasturias","https:\/\/www.youtube.com\/channel\/UCZP-2wLEB9Rv6erhFmqVnvg"],"address":{"@id":"https:\/\/www.eldigitaldeasturias.com\/noticias\/#postaladdress","@type":"PostalAddress","streetAddress":"san antonio 4,","postalCode":"33430","addressLocality":"Cand\u00e1s","addressRegion":"Asturias","addressCountry":"ES"}},{"@type":"Person","@id":"https:\/\/www.eldigitaldeasturias.com\/noticias\/author\/admin\/#author","url":"https:\/\/www.eldigitaldeasturias.com\/noticias\/author\/admin\/","name":"El Digital de Asturias","image":{"@type":"ImageObject","@id":"https:\/\/www.eldigitaldeasturias.com\/noticias\/enrique-cerezo-se-que-la-liga-no-esta-terminada\/#authorImage","url":"https:\/\/www.eldigitaldeasturias.com\/noticias\/wp-content\/litespeed\/avatar\/18677e78aa0546b92d9dbf31ec7d7668.jpg?ver=1777290358","width":96,"height":96,"caption":"El Digital de Asturias"}},{"@type":"WebPage","@id":"https:\/\/www.eldigitaldeasturias.com\/noticias\/enrique-cerezo-se-que-la-liga-no-esta-terminada\/#webpage","url":"https:\/\/www.eldigitaldeasturias.com\/noticias\/enrique-cerezo-se-que-la-liga-no-esta-terminada\/","name":"Enrique Cerezo \u00abS\u00e9 que la liga no est\u00e1 terminada\u00bb - El Digital de Asturias","description":"El presidente del Atl\u00e9tico de Madrid, Enrique Cerezo, ha asegurado que el equipo estar\u00e1 \"al acecho\" de cualquier posible oportunidad que deje el FC Barcelona y ha afirmado que \"mientras matem\u00e1ticamente haya opciones\", el club rojiblanco seguir\u00e1 peleando por la liga. \"S\u00e9 que la liga no est\u00e1 terminada, faltan muchos partidos, pueden pasar muchas cosas.","inLanguage":"es-ES","isPartOf":{"@id":"https:\/\/www.eldigitaldeasturias.com\/noticias\/#website"},"breadcrumb":{"@id":"https:\/\/www.eldigitaldeasturias.com\/noticias\/enrique-cerezo-se-que-la-liga-no-esta-terminada\/#breadcrumblist"},"author":{"@id":"https:\/\/www.eldigitaldeasturias.com\/noticias\/author\/admin\/#author"},"creator":{"@id":"https:\/\/www.eldigitaldeasturias.com\/noticias\/author\/admin\/#author"},"image":{"@type":"ImageObject","url":"https:\/\/www.eldigitaldeasturias.com\/noticias\/wp-content\/uploads\/2016\/02\/fotonoticia_20160223144406_800.jpg","@id":"https:\/\/www.eldigitaldeasturias.com\/noticias\/enrique-cerezo-se-que-la-liga-no-esta-terminada\/#mainImage","width":800,"height":534},"primaryImageOfPage":{"@id":"https:\/\/www.eldigitaldeasturias.com\/noticias\/enrique-cerezo-se-que-la-liga-no-esta-terminada\/#mainImage"},"datePublished":"2016-02-23T15:15:55+01:00","dateModified":"2016-02-23T15:15:55+01:00"},{"@type":"WebSite","@id":"https:\/\/www.eldigitaldeasturias.com\/noticias\/#website","url":"https:\/\/www.eldigitaldeasturias.com\/noticias\/","name":"El Digital de Asturias - Diario de actualidad y noticias","alternateName":"El Digital de Asturias - Diario de actualidad y noticias","description":"Hemeroteca","inLanguage":"es-ES","publisher":{"@id":"https:\/\/www.eldigitaldeasturias.com\/noticias\/#organization"}}]},"og:locale":"es_ES","og:site_name":"El Digital de Asturias","og:type":"article","og:title":"Enrique Cerezo \u00abS\u00e9 que la liga no est\u00e1 terminada\u00bb - El Digital de Asturias","og:description":"El presidente del Atl\u00e9tico de Madrid, Enrique Cerezo, ha asegurado que el equipo estar\u00e1 &quot;al acecho&quot; de cualquier posible oportunidad que deje el FC Barcelona y ha afirmado que &quot;mientras matem\u00e1ticamente haya opciones&quot;, el club rojiblanco seguir\u00e1 peleando por la liga. &quot;S\u00e9 que la liga no est\u00e1 terminada, faltan muchos partidos, pueden pasar muchas cosas.","og:url":"https:\/\/www.eldigitaldeasturias.com\/noticias\/enrique-cerezo-se-que-la-liga-no-esta-terminada\/","og:image":"https:\/\/www.eldigitaldeasturias.com\/noticias\/wp-content\/uploads\/2016\/02\/fotonoticia_20160223144406_800.jpg","og:image:secure_url":"https:\/\/www.eldigitaldeasturias.com\/noticias\/wp-content\/uploads\/2016\/02\/fotonoticia_20160223144406_800.jpg","og:image:width":800,"og:image:height":534,"article:tag":["actualidad"],"article:published_time":"2016-02-23T15:15:55+00:00","article:modified_time":"2016-02-23T15:15:55+00:00","article:publisher":"https:\/\/facebook.com\/eldigitaldeasturias","twitter:card":"summary_large_image","twitter:title":"Enrique Cerezo \u00abS\u00e9 que la liga no est\u00e1 terminada\u00bb - El Digital de Asturias","twitter:description":"El presidente del Atl\u00e9tico de Madrid, Enrique Cerezo, ha asegurado que el equipo estar\u00e1 &quot;al acecho&quot; de cualquier posible oportunidad que deje el FC Barcelona y ha afirmado que &quot;mientras matem\u00e1ticamente haya opciones&quot;, el club rojiblanco seguir\u00e1 peleando por la liga. &quot;S\u00e9 que la liga no est\u00e1 terminada, faltan muchos partidos, pueden pasar muchas cosas.","twitter:image":"https:\/\/www.eldigitaldeasturias.com\/noticias\/wp-content\/uploads\/2016\/02\/fotonoticia_20160223144406_800.jpg","twitter:label1":"Escrito por","twitter:data1":"El Digital de Asturias","twitter:label2":"Tiempo de lectura estimado","twitter:data2":"4 minutos"},"aioseo_meta_data":{"post_id":"861326","title":null,"description":null,"keywords":null,"keyphrases":null,"primary_term":null,"canonical_url":null,"og_title":null,"og_description":null,"og_object_type":"default","og_image_type":"default","og_image_url":null,"og_image_width":null,"og_image_height":null,"og_image_custom_url":null,"og_image_custom_fields":null,"og_video":null,"og_custom_url":null,"og_article_section":null,"og_article_tags":null,"twitter_use_og":false,"twitter_card":"default","twitter_image_type":"default","twitter_image_url":null,"twitter_image_custom_url":null,"twitter_image_custom_fields":null,"twitter_title":null,"twitter_description":null,"schema":{"blockGraphs":[],"customGraphs":[],"default":{"data":{"Article":[],"Course":[],"Dataset":[],"FAQPage":[],"Movie":[],"Person":[],"Product":[],"ProductReview":[],"Car":[],"Recipe":[],"Service":[],"SoftwareApplication":[],"WebPage":[]},"graphName":"","isEnabled":true},"graphs":[],"defaultGraph":"","defaultPostTypeGraph":""},"schema_type":null,"schema_type_options":null,"pillar_content":false,"robots_default":true,"robots_noindex":false,"robots_noarchive":false,"robots_nosnippet":false,"robots_nofollow":false,"robots_noimageindex":false,"robots_noodp":false,"robots_notranslate":false,"robots_max_snippet":null,"robots_max_videopreview":null,"robots_max_imagepreview":"large","priority":null,"frequency":null,"local_seo":null,"seo_analyzer_scan_date":"2025-12-10 20:52:07","breadcrumb_settings":null,"limit_modified_date":false,"open_ai":null,"ai":null,"created":"2021-01-22 09:10:52","updated":"2025-12-10 20:52:07"},"aioseo_breadcrumb":"<div class=\"aioseo-breadcrumbs\"><span class=\"aioseo-breadcrumb\">\n\t<a href=\"https:\/\/www.eldigitaldeasturias.com\/noticias\" title=\"Home\">Home<\/a>\n<\/span><span class=\"aioseo-breadcrumb-separator\">\u2013<\/span><span class=\"aioseo-breadcrumb\">\n\t<a href=\"https:\/\/www.eldigitaldeasturias.com\/noticias\/category\/actualidad\/\" title=\"Actualidad\">Actualidad<\/a>\n<\/span><span class=\"aioseo-breadcrumb-separator\">\u2013<\/span><span class=\"aioseo-breadcrumb\">\n\t<a href=\"https:\/\/www.eldigitaldeasturias.com\/noticias\/enrique-cerezo-se-que-la-liga-no-esta-terminada\/\" title=\"Enrique Cerezo \u00abS\u00e9 que la liga no est\u00e1 terminada\u00bb\">Enrique Cerezo \u00abS\u00e9 que la liga no est\u00e1 terminada\u00bb<\/a>\n<\/span><\/div>","aioseo_breadcrumb_json":[{"label":"Home","link":"https:\/\/www.eldigitaldeasturias.com\/noticias"},{"label":"Actualidad","link":"https:\/\/www.eldigitaldeasturias.com\/noticias\/category\/actualidad\/"},{"label":"Enrique Cerezo \u00abS\u00e9 que la liga no est\u00e1 terminada\u00bb","link":"https:\/\/www.eldigitaldeasturias.com\/noticias\/enrique-cerezo-se-que-la-liga-no-esta-terminada\/"}],"_links":{"self":[{"href":"https:\/\/www.eldigitaldeasturias.com\/noticias\/wp-json\/wp\/v2\/posts\/861326","targetHints":{"allow":["GET"]}}],"collection":[{"href":"https:\/\/www.eldigitaldeasturias.com\/noticias\/wp-json\/wp\/v2\/posts"}],"about":[{"href":"https:\/\/www.eldigitaldeasturias.com\/noticias\/wp-json\/wp\/v2\/types\/post"}],"author":[{"embeddable":true,"href":"https:\/\/www.eldigitaldeasturias.com\/noticias\/wp-json\/wp\/v2\/users\/1"}],"replies":[{"embeddable":true,"href":"https:\/\/www.eldigitaldeasturias.com\/noticias\/wp-json\/wp\/v2\/comments?post=861326"}],"version-history":[{"count":0,"href":"https:\/\/www.eldigitaldeasturias.com\/noticias\/wp-json\/wp\/v2\/posts\/861326\/revisions"}],"wp:featuredmedia":[{"embeddable":true,"href":"https:\/\/www.eldigitaldeasturias.com\/noticias\/wp-json\/wp\/v2\/media\/861327"}],"wp:attachment":[{"href":"https:\/\/www.eldigitaldeasturias.com\/noticias\/wp-json\/wp\/v2\/media?parent=861326"}],"wp:term":[{"taxonomy":"category","embeddable":true,"href":"https:\/\/www.eldigitaldeasturias.com\/noticias\/wp-json\/wp\/v2\/categories?post=861326"},{"taxonomy":"post_tag","embeddable":true,"href":"https:\/\/www.eldigitaldeasturias.com\/noticias\/wp-json\/wp\/v2\/tags?post=861326"}],"curies":[{"name":"wp","href":"https:\/\/api.w.org\/{rel}","templated":true}]}}