{"id":861323,"date":"2016-02-23T15:14:02","date_gmt":"2016-02-23T15:14:02","guid":{"rendered":"http:\/\/www.eldigitaldeasturias.com\/noticias\/?p=861323"},"modified":"2016-02-23T15:14:02","modified_gmt":"2016-02-23T15:14:02","slug":"alexis-sanchez-asegura-estar-muy-feliz-en-el-arsenal","status":"publish","type":"post","link":"https:\/\/www.eldigitaldeasturias.com\/noticias\/alexis-sanchez-asegura-estar-muy-feliz-en-el-arsenal\/","title":{"rendered":"Alexis S\u00e1nchez asegura estar \u00abmuy feliz\u00bb en el Arsenal"},"content":{"rendered":"<p><img loading=\"lazy\" decoding=\"async\" class=\"alignleft size-medium wp-image-861324\" src=\"https:\/\/www.eldigitaldeasturias.com\/noticias\/wp-content\/uploads\/2016\/02\/fotonoticia_20160223144259_800-360x224.jpg\" alt=\"fotonoticia_20160223144259_800\" width=\"360\" height=\"224\" srcset=\"https:\/\/www.eldigitaldeasturias.com\/noticias\/wp-content\/uploads\/2016\/02\/fotonoticia_20160223144259_800-360x224.jpg 360w, https:\/\/www.eldigitaldeasturias.com\/noticias\/wp-content\/uploads\/2016\/02\/fotonoticia_20160223144259_800-768x477.jpg 768w, https:\/\/www.eldigitaldeasturias.com\/noticias\/wp-content\/uploads\/2016\/02\/fotonoticia_20160223144259_800-650x404.jpg 650w, https:\/\/www.eldigitaldeasturias.com\/noticias\/wp-content\/uploads\/2016\/02\/fotonoticia_20160223144259_800-480x300.jpg 480w, https:\/\/www.eldigitaldeasturias.com\/noticias\/wp-content\/uploads\/2016\/02\/fotonoticia_20160223144259_800.jpg 800w\" sizes=\"auto, (max-width: 360px) 100vw, 360px\" \/>El jugador del Arsenal FC Alexis S\u00e1nchez ha asegurado este mi\u00e9rcoles en su cuenta de la red social Instagram que est\u00e1 muy agradecido al FC Barcelona por todo en su paso por el club, en concreto a sus excompa\u00f1eros, pero ha matizado a horas vista de su enfrentamiento en la ida de los octavos de final de la &#8216;Champions&#8217; que es \u00abmuy feliz\u00bb como &#8216;gunner&#8217;.<\/p>\n<p>\u00abQuiero agradecer al FCB, a los doctores, a los fisios, que cuidaron de m\u00ed durante mi estad\u00eda en Barcelona, y especialmente a los jugadores con los que compart\u00ed lindos momentos\u00bb, se\u00f1al\u00f3.<\/p>\n<p>Alexis, cuyo texto acompa\u00f1aba un fotomontaje en el que se le ve celebrando un gol con la camiseta del FC Barcelona y otro como &#8216;gunner&#8217;, dej\u00f3 claro que pese a tener que dejar el Bar\u00e7a est\u00e1 bien en Londres.<\/p>\n<p>\u00abPero la vida contin\u00faa y mi presente es el Arsenal&#8230; Mi casa, mi familia y estoy muy feliz de ser un Gunner\u00bb, asegur\u00f3 el internacional chileno.<\/p>\n<p>Tras llegar al Bar\u00e7a en verano de 2011 procedente del Udinese italiano, Alexis estuvo tres temporadas completas como blaugrana y, pese a su irregularidad, logr\u00f3 marcar 39 goles en un total de 88 partidos, alguno de ellos de bella factura e importancia como los que logr\u00f3 en Cl\u00e1sicos. En 2014 fue traspasado al Arsenal, donde lleva ya una campa\u00f1a y media.<\/p>\n","protected":false},"excerpt":{"rendered":"<p>El jugador del Arsenal FC Alexis S\u00e1nchez ha asegurado este mi\u00e9rcoles en su cuenta de la red social Instagram que est\u00e1 muy agradecido al FC Barcelona por todo en su paso por el club, en concreto a sus excompa\u00f1eros, pero ha matizado a horas vista de su enfrentamiento en la ida de los octavos de [&hellip;]<\/p>\n","protected":false},"author":1,"featured_media":861324,"comment_status":"closed","ping_status":"closed","sticky":false,"template":"","format":"standard","meta":{"footnotes":""},"categories":[1],"tags":[],"class_list":["post-861323","post","type-post","status-publish","format-standard","has-post-thumbnail","hentry","category-actualidad"],"aioseo_notices":[],"aioseo_head":"\n\t\t<!-- All in One SEO Pro 4.9.6.2 - aioseo.com -->\n\t<meta name=\"description\" content=\"El jugador del Arsenal FC Alexis S\u00e1nchez ha asegurado este mi\u00e9rcoles en su cuenta de la red social Instagram que est\u00e1 muy agradecido al FC Barcelona por todo en su paso por el club, en concreto a sus excompa\u00f1eros, pero ha matizado a horas vista de su enfrentamiento en la ida de los octavos de\" \/>\n\t<meta name=\"robots\" content=\"max-image-preview:large\" \/>\n\t<meta name=\"author\" content=\"El Digital de Asturias\"\/>\n\t<meta name=\"google-site-verification\" content=\"UA-38556648-1\" \/>\n\t<meta name=\"msvalidate.01\" content=\"7dfe9f3f1b24437ab69f4f2559babe99\" \/>\n\t<meta name=\"keywords\" content=\"actualidad\" \/>\n\t<link rel=\"canonical\" href=\"https:\/\/www.eldigitaldeasturias.com\/noticias\/alexis-sanchez-asegura-estar-muy-feliz-en-el-arsenal\/\" \/>\n\t<meta name=\"generator\" content=\"All in One SEO Pro (AIOSEO) 4.9.6.2\" \/>\n\t\t<meta property=\"og:locale\" content=\"es_ES\" \/>\n\t\t<meta property=\"og:site_name\" content=\"El Digital de Asturias\" \/>\n\t\t<meta property=\"og:type\" content=\"article\" \/>\n\t\t<meta property=\"og:title\" content=\"Alexis S\u00e1nchez asegura estar \u00abmuy feliz\u00bb en el Arsenal - El Digital de Asturias\" \/>\n\t\t<meta property=\"og:description\" content=\"El jugador del Arsenal FC Alexis S\u00e1nchez ha asegurado este mi\u00e9rcoles en su cuenta de la red social Instagram que est\u00e1 muy agradecido al FC Barcelona por todo en su paso por el club, en concreto a sus excompa\u00f1eros, pero ha matizado a horas vista de su enfrentamiento en la ida de los octavos de\" \/>\n\t\t<meta property=\"og:url\" content=\"https:\/\/www.eldigitaldeasturias.com\/noticias\/alexis-sanchez-asegura-estar-muy-feliz-en-el-arsenal\/\" \/>\n\t\t<meta property=\"og:image\" content=\"https:\/\/www.eldigitaldeasturias.com\/noticias\/wp-content\/uploads\/2016\/02\/fotonoticia_20160223144259_800.jpg\" \/>\n\t\t<meta property=\"og:image:secure_url\" content=\"https:\/\/www.eldigitaldeasturias.com\/noticias\/wp-content\/uploads\/2016\/02\/fotonoticia_20160223144259_800.jpg\" \/>\n\t\t<meta property=\"og:image:width\" content=\"800\" \/>\n\t\t<meta property=\"og:image:height\" content=\"497\" \/>\n\t\t<meta property=\"article:tag\" content=\"actualidad\" \/>\n\t\t<meta property=\"article:published_time\" content=\"2016-02-23T15:14:02+00:00\" \/>\n\t\t<meta property=\"article:modified_time\" content=\"2016-02-23T15:14:02+00:00\" \/>\n\t\t<meta property=\"article:publisher\" content=\"https:\/\/facebook.com\/eldigitaldeasturias\" \/>\n\t\t<meta name=\"twitter:card\" content=\"summary_large_image\" \/>\n\t\t<meta name=\"twitter:title\" content=\"Alexis S\u00e1nchez asegura estar \u00abmuy feliz\u00bb en el Arsenal - El Digital de Asturias\" \/>\n\t\t<meta name=\"twitter:description\" content=\"El jugador del Arsenal FC Alexis S\u00e1nchez ha asegurado este mi\u00e9rcoles en su cuenta de la red social Instagram que est\u00e1 muy agradecido al FC Barcelona por todo en su paso por el club, en concreto a sus excompa\u00f1eros, pero ha matizado a horas vista de su enfrentamiento en la ida de los octavos de\" \/>\n\t\t<meta name=\"twitter:image\" content=\"https:\/\/www.eldigitaldeasturias.com\/noticias\/wp-content\/uploads\/2016\/02\/fotonoticia_20160223144259_800.jpg\" \/>\n\t\t<meta name=\"twitter:label1\" content=\"Escrito por\" \/>\n\t\t<meta name=\"twitter:data1\" content=\"El Digital de Asturias\" \/>\n\t\t<meta name=\"twitter:label2\" content=\"Tiempo de lectura estimado\" \/>\n\t\t<meta name=\"twitter:data2\" content=\"1 minuto\" \/>\n\t\t<script type=\"application\/ld+json\" class=\"aioseo-schema\">\n\t\t\t{\"@context\":\"https:\\\/\\\/schema.org\",\"@graph\":[{\"@type\":\"BlogPosting\",\"@id\":\"https:\\\/\\\/www.eldigitaldeasturias.com\\\/noticias\\\/alexis-sanchez-asegura-estar-muy-feliz-en-el-arsenal\\\/#blogposting\",\"name\":\"Alexis S\\u00e1nchez asegura estar \\u00abmuy feliz\\u00bb en el Arsenal - El Digital de Asturias\",\"headline\":\"Alexis S\\u00e1nchez asegura estar \\u00abmuy feliz\\u00bb en el Arsenal\",\"author\":{\"@id\":\"https:\\\/\\\/www.eldigitaldeasturias.com\\\/noticias\\\/author\\\/admin\\\/#author\"},\"publisher\":{\"@id\":\"https:\\\/\\\/www.eldigitaldeasturias.com\\\/noticias\\\/#organization\"},\"image\":{\"@type\":\"ImageObject\",\"url\":\"https:\\\/\\\/www.eldigitaldeasturias.com\\\/noticias\\\/wp-content\\\/uploads\\\/2016\\\/02\\\/fotonoticia_20160223144259_800.jpg\",\"width\":800,\"height\":497},\"datePublished\":\"2016-02-23T15:14:02+01:00\",\"dateModified\":\"2016-02-23T15:14:02+01:00\",\"inLanguage\":\"es-ES\",\"mainEntityOfPage\":{\"@id\":\"https:\\\/\\\/www.eldigitaldeasturias.com\\\/noticias\\\/alexis-sanchez-asegura-estar-muy-feliz-en-el-arsenal\\\/#webpage\"},\"isPartOf\":{\"@id\":\"https:\\\/\\\/www.eldigitaldeasturias.com\\\/noticias\\\/alexis-sanchez-asegura-estar-muy-feliz-en-el-arsenal\\\/#webpage\"},\"articleSection\":\"Actualidad\"},{\"@type\":\"BreadcrumbList\",\"@id\":\"https:\\\/\\\/www.eldigitaldeasturias.com\\\/noticias\\\/alexis-sanchez-asegura-estar-muy-feliz-en-el-arsenal\\\/#breadcrumblist\",\"itemListElement\":[{\"@type\":\"ListItem\",\"@id\":\"https:\\\/\\\/www.eldigitaldeasturias.com\\\/noticias#listItem\",\"position\":1,\"name\":\"Home\",\"item\":\"https:\\\/\\\/www.eldigitaldeasturias.com\\\/noticias\",\"nextItem\":{\"@type\":\"ListItem\",\"@id\":\"https:\\\/\\\/www.eldigitaldeasturias.com\\\/noticias\\\/category\\\/actualidad\\\/#listItem\",\"name\":\"Actualidad\"}},{\"@type\":\"ListItem\",\"@id\":\"https:\\\/\\\/www.eldigitaldeasturias.com\\\/noticias\\\/category\\\/actualidad\\\/#listItem\",\"position\":2,\"name\":\"Actualidad\",\"item\":\"https:\\\/\\\/www.eldigitaldeasturias.com\\\/noticias\\\/category\\\/actualidad\\\/\",\"nextItem\":{\"@type\":\"ListItem\",\"@id\":\"https:\\\/\\\/www.eldigitaldeasturias.com\\\/noticias\\\/alexis-sanchez-asegura-estar-muy-feliz-en-el-arsenal\\\/#listItem\",\"name\":\"Alexis S\\u00e1nchez asegura estar \\u00abmuy feliz\\u00bb en el Arsenal\"},\"previousItem\":{\"@type\":\"ListItem\",\"@id\":\"https:\\\/\\\/www.eldigitaldeasturias.com\\\/noticias#listItem\",\"name\":\"Home\"}},{\"@type\":\"ListItem\",\"@id\":\"https:\\\/\\\/www.eldigitaldeasturias.com\\\/noticias\\\/alexis-sanchez-asegura-estar-muy-feliz-en-el-arsenal\\\/#listItem\",\"position\":3,\"name\":\"Alexis S\\u00e1nchez asegura estar \\u00abmuy feliz\\u00bb en el Arsenal\",\"previousItem\":{\"@type\":\"ListItem\",\"@id\":\"https:\\\/\\\/www.eldigitaldeasturias.com\\\/noticias\\\/category\\\/actualidad\\\/#listItem\",\"name\":\"Actualidad\"}}]},{\"@type\":\"Organization\",\"@id\":\"https:\\\/\\\/www.eldigitaldeasturias.com\\\/noticias\\\/#organization\",\"name\":\"El Digital de Asturias\",\"description\":\"Hemeroteca\",\"url\":\"https:\\\/\\\/www.eldigitaldeasturias.com\\\/noticias\\\/\",\"email\":\"info@eldigitaldeasturias.com\",\"telephone\":\"+34652131393\",\"logo\":{\"@type\":\"ImageObject\",\"url\":\"https:\\\/\\\/www.eldigitaldeasturias.com\\\/noticias\\\/wp-content\\\/uploads\\\/2020\\\/12\\\/EDA.jpg\",\"@id\":\"https:\\\/\\\/www.eldigitaldeasturias.com\\\/noticias\\\/alexis-sanchez-asegura-estar-muy-feliz-en-el-arsenal\\\/#organizationLogo\",\"width\":649,\"height\":297},\"image\":{\"@id\":\"https:\\\/\\\/www.eldigitaldeasturias.com\\\/noticias\\\/alexis-sanchez-asegura-estar-muy-feliz-en-el-arsenal\\\/#organizationLogo\"},\"sameAs\":[\"https:\\\/\\\/facebook.com\\\/eldigitaldeasturias\",\"https:\\\/\\\/www.youtube.com\\\/channel\\\/UCZP-2wLEB9Rv6erhFmqVnvg\"],\"address\":{\"@id\":\"https:\\\/\\\/www.eldigitaldeasturias.com\\\/noticias\\\/#postaladdress\",\"@type\":\"PostalAddress\",\"streetAddress\":\"san antonio 4,\",\"postalCode\":\"33430\",\"addressLocality\":\"Cand\\u00e1s\",\"addressRegion\":\"Asturias\",\"addressCountry\":\"ES\"}},{\"@type\":\"Person\",\"@id\":\"https:\\\/\\\/www.eldigitaldeasturias.com\\\/noticias\\\/author\\\/admin\\\/#author\",\"url\":\"https:\\\/\\\/www.eldigitaldeasturias.com\\\/noticias\\\/author\\\/admin\\\/\",\"name\":\"El Digital de Asturias\",\"image\":{\"@type\":\"ImageObject\",\"@id\":\"https:\\\/\\\/www.eldigitaldeasturias.com\\\/noticias\\\/alexis-sanchez-asegura-estar-muy-feliz-en-el-arsenal\\\/#authorImage\",\"url\":\"https:\\\/\\\/www.eldigitaldeasturias.com\\\/noticias\\\/wp-content\\\/litespeed\\\/avatar\\\/18677e78aa0546b92d9dbf31ec7d7668.jpg?ver=1777290358\",\"width\":96,\"height\":96,\"caption\":\"El Digital de Asturias\"}},{\"@type\":\"WebPage\",\"@id\":\"https:\\\/\\\/www.eldigitaldeasturias.com\\\/noticias\\\/alexis-sanchez-asegura-estar-muy-feliz-en-el-arsenal\\\/#webpage\",\"url\":\"https:\\\/\\\/www.eldigitaldeasturias.com\\\/noticias\\\/alexis-sanchez-asegura-estar-muy-feliz-en-el-arsenal\\\/\",\"name\":\"Alexis S\\u00e1nchez asegura estar \\u00abmuy feliz\\u00bb en el Arsenal - El Digital de Asturias\",\"description\":\"El jugador del Arsenal FC Alexis S\\u00e1nchez ha asegurado este mi\\u00e9rcoles en su cuenta de la red social Instagram que est\\u00e1 muy agradecido al FC Barcelona por todo en su paso por el club, en concreto a sus excompa\\u00f1eros, pero ha matizado a horas vista de su enfrentamiento en la ida de los octavos de\",\"inLanguage\":\"es-ES\",\"isPartOf\":{\"@id\":\"https:\\\/\\\/www.eldigitaldeasturias.com\\\/noticias\\\/#website\"},\"breadcrumb\":{\"@id\":\"https:\\\/\\\/www.eldigitaldeasturias.com\\\/noticias\\\/alexis-sanchez-asegura-estar-muy-feliz-en-el-arsenal\\\/#breadcrumblist\"},\"author\":{\"@id\":\"https:\\\/\\\/www.eldigitaldeasturias.com\\\/noticias\\\/author\\\/admin\\\/#author\"},\"creator\":{\"@id\":\"https:\\\/\\\/www.eldigitaldeasturias.com\\\/noticias\\\/author\\\/admin\\\/#author\"},\"image\":{\"@type\":\"ImageObject\",\"url\":\"https:\\\/\\\/www.eldigitaldeasturias.com\\\/noticias\\\/wp-content\\\/uploads\\\/2016\\\/02\\\/fotonoticia_20160223144259_800.jpg\",\"@id\":\"https:\\\/\\\/www.eldigitaldeasturias.com\\\/noticias\\\/alexis-sanchez-asegura-estar-muy-feliz-en-el-arsenal\\\/#mainImage\",\"width\":800,\"height\":497},\"primaryImageOfPage\":{\"@id\":\"https:\\\/\\\/www.eldigitaldeasturias.com\\\/noticias\\\/alexis-sanchez-asegura-estar-muy-feliz-en-el-arsenal\\\/#mainImage\"},\"datePublished\":\"2016-02-23T15:14:02+01:00\",\"dateModified\":\"2016-02-23T15:14:02+01:00\"},{\"@type\":\"WebSite\",\"@id\":\"https:\\\/\\\/www.eldigitaldeasturias.com\\\/noticias\\\/#website\",\"url\":\"https:\\\/\\\/www.eldigitaldeasturias.com\\\/noticias\\\/\",\"name\":\"El Digital de Asturias - Diario de actualidad y noticias\",\"alternateName\":\"El Digital de Asturias - Diario de actualidad y noticias\",\"description\":\"Hemeroteca\",\"inLanguage\":\"es-ES\",\"publisher\":{\"@id\":\"https:\\\/\\\/www.eldigitaldeasturias.com\\\/noticias\\\/#organization\"}}]}\n\t\t<\/script>\n\t\t<!-- All in One SEO Pro -->\r\n\t\t<title>Alexis S\u00e1nchez asegura estar \u00abmuy feliz\u00bb en el Arsenal - El Digital de Asturias<\/title>\n\n","aioseo_head_json":{"title":"Alexis S\u00e1nchez asegura estar \u00abmuy feliz\u00bb en el Arsenal - El Digital de Asturias","description":"El jugador del Arsenal FC Alexis S\u00e1nchez ha asegurado este mi\u00e9rcoles en su cuenta de la red social Instagram que est\u00e1 muy agradecido al FC Barcelona por todo en su paso por el club, en concreto a sus excompa\u00f1eros, pero ha matizado a horas vista de su enfrentamiento en la ida de los octavos de","canonical_url":"https:\/\/www.eldigitaldeasturias.com\/noticias\/alexis-sanchez-asegura-estar-muy-feliz-en-el-arsenal\/","robots":"max-image-preview:large","keywords":"actualidad","webmasterTools":{"google-site-verification":"UA-38556648-1","msvalidate.01":"7dfe9f3f1b24437ab69f4f2559babe99","miscellaneous":""},"schema":{"@context":"https:\/\/schema.org","@graph":[{"@type":"BlogPosting","@id":"https:\/\/www.eldigitaldeasturias.com\/noticias\/alexis-sanchez-asegura-estar-muy-feliz-en-el-arsenal\/#blogposting","name":"Alexis S\u00e1nchez asegura estar \u00abmuy feliz\u00bb en el Arsenal - El Digital de Asturias","headline":"Alexis S\u00e1nchez asegura estar \u00abmuy feliz\u00bb en el Arsenal","author":{"@id":"https:\/\/www.eldigitaldeasturias.com\/noticias\/author\/admin\/#author"},"publisher":{"@id":"https:\/\/www.eldigitaldeasturias.com\/noticias\/#organization"},"image":{"@type":"ImageObject","url":"https:\/\/www.eldigitaldeasturias.com\/noticias\/wp-content\/uploads\/2016\/02\/fotonoticia_20160223144259_800.jpg","width":800,"height":497},"datePublished":"2016-02-23T15:14:02+01:00","dateModified":"2016-02-23T15:14:02+01:00","inLanguage":"es-ES","mainEntityOfPage":{"@id":"https:\/\/www.eldigitaldeasturias.com\/noticias\/alexis-sanchez-asegura-estar-muy-feliz-en-el-arsenal\/#webpage"},"isPartOf":{"@id":"https:\/\/www.eldigitaldeasturias.com\/noticias\/alexis-sanchez-asegura-estar-muy-feliz-en-el-arsenal\/#webpage"},"articleSection":"Actualidad"},{"@type":"BreadcrumbList","@id":"https:\/\/www.eldigitaldeasturias.com\/noticias\/alexis-sanchez-asegura-estar-muy-feliz-en-el-arsenal\/#breadcrumblist","itemListElement":[{"@type":"ListItem","@id":"https:\/\/www.eldigitaldeasturias.com\/noticias#listItem","position":1,"name":"Home","item":"https:\/\/www.eldigitaldeasturias.com\/noticias","nextItem":{"@type":"ListItem","@id":"https:\/\/www.eldigitaldeasturias.com\/noticias\/category\/actualidad\/#listItem","name":"Actualidad"}},{"@type":"ListItem","@id":"https:\/\/www.eldigitaldeasturias.com\/noticias\/category\/actualidad\/#listItem","position":2,"name":"Actualidad","item":"https:\/\/www.eldigitaldeasturias.com\/noticias\/category\/actualidad\/","nextItem":{"@type":"ListItem","@id":"https:\/\/www.eldigitaldeasturias.com\/noticias\/alexis-sanchez-asegura-estar-muy-feliz-en-el-arsenal\/#listItem","name":"Alexis S\u00e1nchez asegura estar \u00abmuy feliz\u00bb en el Arsenal"},"previousItem":{"@type":"ListItem","@id":"https:\/\/www.eldigitaldeasturias.com\/noticias#listItem","name":"Home"}},{"@type":"ListItem","@id":"https:\/\/www.eldigitaldeasturias.com\/noticias\/alexis-sanchez-asegura-estar-muy-feliz-en-el-arsenal\/#listItem","position":3,"name":"Alexis S\u00e1nchez asegura estar \u00abmuy feliz\u00bb en el Arsenal","previousItem":{"@type":"ListItem","@id":"https:\/\/www.eldigitaldeasturias.com\/noticias\/category\/actualidad\/#listItem","name":"Actualidad"}}]},{"@type":"Organization","@id":"https:\/\/www.eldigitaldeasturias.com\/noticias\/#organization","name":"El Digital de Asturias","description":"Hemeroteca","url":"https:\/\/www.eldigitaldeasturias.com\/noticias\/","email":"info@eldigitaldeasturias.com","telephone":"+34652131393","logo":{"@type":"ImageObject","url":"https:\/\/www.eldigitaldeasturias.com\/noticias\/wp-content\/uploads\/2020\/12\/EDA.jpg","@id":"https:\/\/www.eldigitaldeasturias.com\/noticias\/alexis-sanchez-asegura-estar-muy-feliz-en-el-arsenal\/#organizationLogo","width":649,"height":297},"image":{"@id":"https:\/\/www.eldigitaldeasturias.com\/noticias\/alexis-sanchez-asegura-estar-muy-feliz-en-el-arsenal\/#organizationLogo"},"sameAs":["https:\/\/facebook.com\/eldigitaldeasturias","https:\/\/www.youtube.com\/channel\/UCZP-2wLEB9Rv6erhFmqVnvg"],"address":{"@id":"https:\/\/www.eldigitaldeasturias.com\/noticias\/#postaladdress","@type":"PostalAddress","streetAddress":"san antonio 4,","postalCode":"33430","addressLocality":"Cand\u00e1s","addressRegion":"Asturias","addressCountry":"ES"}},{"@type":"Person","@id":"https:\/\/www.eldigitaldeasturias.com\/noticias\/author\/admin\/#author","url":"https:\/\/www.eldigitaldeasturias.com\/noticias\/author\/admin\/","name":"El Digital de Asturias","image":{"@type":"ImageObject","@id":"https:\/\/www.eldigitaldeasturias.com\/noticias\/alexis-sanchez-asegura-estar-muy-feliz-en-el-arsenal\/#authorImage","url":"https:\/\/www.eldigitaldeasturias.com\/noticias\/wp-content\/litespeed\/avatar\/18677e78aa0546b92d9dbf31ec7d7668.jpg?ver=1777290358","width":96,"height":96,"caption":"El Digital de Asturias"}},{"@type":"WebPage","@id":"https:\/\/www.eldigitaldeasturias.com\/noticias\/alexis-sanchez-asegura-estar-muy-feliz-en-el-arsenal\/#webpage","url":"https:\/\/www.eldigitaldeasturias.com\/noticias\/alexis-sanchez-asegura-estar-muy-feliz-en-el-arsenal\/","name":"Alexis S\u00e1nchez asegura estar \u00abmuy feliz\u00bb en el Arsenal - El Digital de Asturias","description":"El jugador del Arsenal FC Alexis S\u00e1nchez ha asegurado este mi\u00e9rcoles en su cuenta de la red social Instagram que est\u00e1 muy agradecido al FC Barcelona por todo en su paso por el club, en concreto a sus excompa\u00f1eros, pero ha matizado a horas vista de su enfrentamiento en la ida de los octavos de","inLanguage":"es-ES","isPartOf":{"@id":"https:\/\/www.eldigitaldeasturias.com\/noticias\/#website"},"breadcrumb":{"@id":"https:\/\/www.eldigitaldeasturias.com\/noticias\/alexis-sanchez-asegura-estar-muy-feliz-en-el-arsenal\/#breadcrumblist"},"author":{"@id":"https:\/\/www.eldigitaldeasturias.com\/noticias\/author\/admin\/#author"},"creator":{"@id":"https:\/\/www.eldigitaldeasturias.com\/noticias\/author\/admin\/#author"},"image":{"@type":"ImageObject","url":"https:\/\/www.eldigitaldeasturias.com\/noticias\/wp-content\/uploads\/2016\/02\/fotonoticia_20160223144259_800.jpg","@id":"https:\/\/www.eldigitaldeasturias.com\/noticias\/alexis-sanchez-asegura-estar-muy-feliz-en-el-arsenal\/#mainImage","width":800,"height":497},"primaryImageOfPage":{"@id":"https:\/\/www.eldigitaldeasturias.com\/noticias\/alexis-sanchez-asegura-estar-muy-feliz-en-el-arsenal\/#mainImage"},"datePublished":"2016-02-23T15:14:02+01:00","dateModified":"2016-02-23T15:14:02+01:00"},{"@type":"WebSite","@id":"https:\/\/www.eldigitaldeasturias.com\/noticias\/#website","url":"https:\/\/www.eldigitaldeasturias.com\/noticias\/","name":"El Digital de Asturias - Diario de actualidad y noticias","alternateName":"El Digital de Asturias - Diario de actualidad y noticias","description":"Hemeroteca","inLanguage":"es-ES","publisher":{"@id":"https:\/\/www.eldigitaldeasturias.com\/noticias\/#organization"}}]},"og:locale":"es_ES","og:site_name":"El Digital de Asturias","og:type":"article","og:title":"Alexis S\u00e1nchez asegura estar \u00abmuy feliz\u00bb en el Arsenal - El Digital de Asturias","og:description":"El jugador del Arsenal FC Alexis S\u00e1nchez ha asegurado este mi\u00e9rcoles en su cuenta de la red social Instagram que est\u00e1 muy agradecido al FC Barcelona por todo en su paso por el club, en concreto a sus excompa\u00f1eros, pero ha matizado a horas vista de su enfrentamiento en la ida de los octavos de","og:url":"https:\/\/www.eldigitaldeasturias.com\/noticias\/alexis-sanchez-asegura-estar-muy-feliz-en-el-arsenal\/","og:image":"https:\/\/www.eldigitaldeasturias.com\/noticias\/wp-content\/uploads\/2016\/02\/fotonoticia_20160223144259_800.jpg","og:image:secure_url":"https:\/\/www.eldigitaldeasturias.com\/noticias\/wp-content\/uploads\/2016\/02\/fotonoticia_20160223144259_800.jpg","og:image:width":800,"og:image:height":497,"article:tag":["actualidad"],"article:published_time":"2016-02-23T15:14:02+00:00","article:modified_time":"2016-02-23T15:14:02+00:00","article:publisher":"https:\/\/facebook.com\/eldigitaldeasturias","twitter:card":"summary_large_image","twitter:title":"Alexis S\u00e1nchez asegura estar \u00abmuy feliz\u00bb en el Arsenal - El Digital de Asturias","twitter:description":"El jugador del Arsenal FC Alexis S\u00e1nchez ha asegurado este mi\u00e9rcoles en su cuenta de la red social Instagram que est\u00e1 muy agradecido al FC Barcelona por todo en su paso por el club, en concreto a sus excompa\u00f1eros, pero ha matizado a horas vista de su enfrentamiento en la ida de los octavos de","twitter:image":"https:\/\/www.eldigitaldeasturias.com\/noticias\/wp-content\/uploads\/2016\/02\/fotonoticia_20160223144259_800.jpg","twitter:label1":"Escrito por","twitter:data1":"El Digital de Asturias","twitter:label2":"Tiempo de lectura estimado","twitter:data2":"1 minuto"},"aioseo_meta_data":{"post_id":"861323","title":null,"description":null,"keywords":null,"keyphrases":null,"primary_term":null,"canonical_url":null,"og_title":null,"og_description":null,"og_object_type":"default","og_image_type":"default","og_image_url":null,"og_image_width":null,"og_image_height":null,"og_image_custom_url":null,"og_image_custom_fields":null,"og_video":null,"og_custom_url":null,"og_article_section":null,"og_article_tags":null,"twitter_use_og":false,"twitter_card":"default","twitter_image_type":"default","twitter_image_url":null,"twitter_image_custom_url":null,"twitter_image_custom_fields":null,"twitter_title":null,"twitter_description":null,"schema":{"blockGraphs":[],"customGraphs":[],"default":{"data":{"Article":[],"Course":[],"Dataset":[],"FAQPage":[],"Movie":[],"Person":[],"Product":[],"ProductReview":[],"Car":[],"Recipe":[],"Service":[],"SoftwareApplication":[],"WebPage":[]},"graphName":"","isEnabled":true},"graphs":[],"defaultGraph":"","defaultPostTypeGraph":""},"schema_type":null,"schema_type_options":null,"pillar_content":false,"robots_default":true,"robots_noindex":false,"robots_noarchive":false,"robots_nosnippet":false,"robots_nofollow":false,"robots_noimageindex":false,"robots_noodp":false,"robots_notranslate":false,"robots_max_snippet":null,"robots_max_videopreview":null,"robots_max_imagepreview":"large","priority":null,"frequency":null,"local_seo":null,"seo_analyzer_scan_date":"2025-12-10 20:52:06","breadcrumb_settings":null,"limit_modified_date":false,"open_ai":null,"ai":null,"created":"2021-01-22 16:18:47","updated":"2025-12-10 20:52:06"},"aioseo_breadcrumb":"<div class=\"aioseo-breadcrumbs\"><span class=\"aioseo-breadcrumb\">\n\t<a href=\"https:\/\/www.eldigitaldeasturias.com\/noticias\" title=\"Home\">Home<\/a>\n<\/span><span class=\"aioseo-breadcrumb-separator\">\u2013<\/span><span class=\"aioseo-breadcrumb\">\n\t<a href=\"https:\/\/www.eldigitaldeasturias.com\/noticias\/category\/actualidad\/\" title=\"Actualidad\">Actualidad<\/a>\n<\/span><span class=\"aioseo-breadcrumb-separator\">\u2013<\/span><span class=\"aioseo-breadcrumb\">\n\t<a href=\"https:\/\/www.eldigitaldeasturias.com\/noticias\/alexis-sanchez-asegura-estar-muy-feliz-en-el-arsenal\/\" title=\"Alexis S\u00e1nchez asegura estar \u00abmuy feliz\u00bb en el Arsenal\">Alexis S\u00e1nchez asegura estar \u00abmuy feliz\u00bb en el Arsenal<\/a>\n<\/span><\/div>","aioseo_breadcrumb_json":[{"label":"Home","link":"https:\/\/www.eldigitaldeasturias.com\/noticias"},{"label":"Actualidad","link":"https:\/\/www.eldigitaldeasturias.com\/noticias\/category\/actualidad\/"},{"label":"Alexis S\u00e1nchez asegura estar \u00abmuy feliz\u00bb en el Arsenal","link":"https:\/\/www.eldigitaldeasturias.com\/noticias\/alexis-sanchez-asegura-estar-muy-feliz-en-el-arsenal\/"}],"_links":{"self":[{"href":"https:\/\/www.eldigitaldeasturias.com\/noticias\/wp-json\/wp\/v2\/posts\/861323","targetHints":{"allow":["GET"]}}],"collection":[{"href":"https:\/\/www.eldigitaldeasturias.com\/noticias\/wp-json\/wp\/v2\/posts"}],"about":[{"href":"https:\/\/www.eldigitaldeasturias.com\/noticias\/wp-json\/wp\/v2\/types\/post"}],"author":[{"embeddable":true,"href":"https:\/\/www.eldigitaldeasturias.com\/noticias\/wp-json\/wp\/v2\/users\/1"}],"replies":[{"embeddable":true,"href":"https:\/\/www.eldigitaldeasturias.com\/noticias\/wp-json\/wp\/v2\/comments?post=861323"}],"version-history":[{"count":0,"href":"https:\/\/www.eldigitaldeasturias.com\/noticias\/wp-json\/wp\/v2\/posts\/861323\/revisions"}],"wp:featuredmedia":[{"embeddable":true,"href":"https:\/\/www.eldigitaldeasturias.com\/noticias\/wp-json\/wp\/v2\/media\/861324"}],"wp:attachment":[{"href":"https:\/\/www.eldigitaldeasturias.com\/noticias\/wp-json\/wp\/v2\/media?parent=861323"}],"wp:term":[{"taxonomy":"category","embeddable":true,"href":"https:\/\/www.eldigitaldeasturias.com\/noticias\/wp-json\/wp\/v2\/categories?post=861323"},{"taxonomy":"post_tag","embeddable":true,"href":"https:\/\/www.eldigitaldeasturias.com\/noticias\/wp-json\/wp\/v2\/tags?post=861323"}],"curies":[{"name":"wp","href":"https:\/\/api.w.org\/{rel}","templated":true}]}}