{"id":861314,"date":"2016-02-23T15:05:57","date_gmt":"2016-02-23T15:05:57","guid":{"rendered":"http:\/\/www.eldigitaldeasturias.com\/noticias\/?p=861314"},"modified":"2016-02-23T15:05:57","modified_gmt":"2016-02-23T15:05:57","slug":"m-clan-el-28-de-abril-en-espacio-estilo-de-oviedo","status":"publish","type":"post","link":"https:\/\/www.eldigitaldeasturias.com\/noticias\/m-clan-el-28-de-abril-en-espacio-estilo-de-oviedo\/","title":{"rendered":"M Clan el 28 de abril en Espacio Estilo, de Oviedo"},"content":{"rendered":"<p><img loading=\"lazy\" decoding=\"async\" class=\"alignleft size-medium wp-image-861315\" src=\"https:\/\/www.eldigitaldeasturias.com\/noticias\/wp-content\/uploads\/2016\/02\/fotonoticia_20160223131507_800-360x197.jpg\" alt=\"fotonoticia_20160223131507_800\" width=\"360\" height=\"197\" srcset=\"https:\/\/www.eldigitaldeasturias.com\/noticias\/wp-content\/uploads\/2016\/02\/fotonoticia_20160223131507_800-360x197.jpg 360w, https:\/\/www.eldigitaldeasturias.com\/noticias\/wp-content\/uploads\/2016\/02\/fotonoticia_20160223131507_800-768x420.jpg 768w, https:\/\/www.eldigitaldeasturias.com\/noticias\/wp-content\/uploads\/2016\/02\/fotonoticia_20160223131507_800-650x356.jpg 650w, https:\/\/www.eldigitaldeasturias.com\/noticias\/wp-content\/uploads\/2016\/02\/fotonoticia_20160223131507_800-655x360.jpg 655w, https:\/\/www.eldigitaldeasturias.com\/noticias\/wp-content\/uploads\/2016\/02\/fotonoticia_20160223131507_800.jpg 800w\" sizes=\"auto, (max-width: 360px) 100vw, 360px\" \/>M Clan y Mahou Cinco Estrellas presentan Desarmados, una gira \u00fanica con Carlos Tarque y Ricardo Ruip\u00e9rez en formato ac\u00fastico, s\u00f3lo voz y guitarra, con los \u00e9xitos m\u00e1s m\u00edticos de los murcianos durante sus veintitr\u00e9s a\u00f1os de carrera profesional.<\/p>\n<p>La gira dar\u00e1 comienzo el pr\u00f3ximo 1 de abril en Madrid (Sala But), y recorrer\u00e1 un total de 14 ciudades distintas, con un repertorio que rescatar\u00e1 canciones de ayer y de hoy. Las entradas para todas las fechas est\u00e1n ya en Ticketea.<\/p>\n<p>Las ciudades que visitar\u00e1n ser\u00e1n Madrid, Salamanca (2 de abril en Camelot), Zaragoza (8 de abril en Oasis), Vitoria (9 de abril en Sala Kubik), Granada (14 de abril en Sala Prince), M\u00e1laga (15 de abril en La Cochera Cabaret), Almendralejo (16 de abril en Sala Lio The Show).<\/p>\n<p>Ser\u00e1 turno despu\u00e9s para Valladolid (17 de abril en Kerala), Oviedo (28 de abril en Espacio Estilo), Bilbao (29 de abril en Kafe Antzokia), Santiago de Compostela (30 de abril en Malatesta), Lleida (5 de mayo en Manolita), Valencia (6 de mayo en Rock City) y Barcelona (7 de mayo en Sala Estaci\u00f3n de Francia).<\/p>\n<p>&#8216;Desarmados&#8217; se convierte en la cuarta gira Mahou tras `D\u00e9jame estar a tu lado&#8217; de Los Secretos en 2013, &#8216;P\u00f3lvora Mahou Tour&#8217; de Leiva en 2014 y &#8216;C\u00f3digo Rocker Tour&#8217; de Loquillo en 2015.<\/p>\n<p>Adem\u00e1s, M Clan junto con los dos anteriores artistas han sido protagonistas de las \u00faltimas campa\u00f1as de Mahou Cinco Estrellas. M Clan a su vez, participaron en la versi\u00f3n in\u00e9dita de &#8216;Maneras de Vivir&#8217; junto a Iv\u00e1n Ferreiro, Dani Mart\u00edn, India Mart\u00ednez y Jaime Urrutia.<\/p>\n","protected":false},"excerpt":{"rendered":"<p>M Clan y Mahou Cinco Estrellas presentan Desarmados, una gira \u00fanica con Carlos Tarque y Ricardo Ruip\u00e9rez en formato ac\u00fastico, s\u00f3lo voz y guitarra, con los \u00e9xitos m\u00e1s m\u00edticos de los murcianos durante sus veintitr\u00e9s a\u00f1os de carrera profesional. La gira dar\u00e1 comienzo el pr\u00f3ximo 1 de abril en Madrid (Sala But), y recorrer\u00e1 un [&hellip;]<\/p>\n","protected":false},"author":1,"featured_media":861315,"comment_status":"closed","ping_status":"closed","sticky":false,"template":"","format":"standard","meta":{"footnotes":""},"categories":[2],"tags":[],"class_list":["post-861314","post","type-post","status-publish","format-standard","has-post-thumbnail","hentry","category-agenda"],"aioseo_notices":[],"aioseo_head":"\n\t\t<!-- All in One SEO Pro 4.9.6.2 - aioseo.com -->\n\t<meta name=\"description\" content=\"M Clan y Mahou Cinco Estrellas presentan Desarmados, una gira \u00fanica con Carlos Tarque y Ricardo Ruip\u00e9rez en formato ac\u00fastico, s\u00f3lo voz y guitarra, con los \u00e9xitos m\u00e1s m\u00edticos de los murcianos durante sus veintitr\u00e9s a\u00f1os de carrera profesional. La gira dar\u00e1 comienzo el pr\u00f3ximo 1 de abril en Madrid (Sala But), y recorrer\u00e1 un\" \/>\n\t<meta name=\"robots\" content=\"max-image-preview:large\" \/>\n\t<meta name=\"author\" content=\"El Digital de Asturias\"\/>\n\t<meta name=\"google-site-verification\" content=\"UA-38556648-1\" \/>\n\t<meta name=\"msvalidate.01\" content=\"7dfe9f3f1b24437ab69f4f2559babe99\" \/>\n\t<meta name=\"keywords\" content=\"agenda\" \/>\n\t<link rel=\"canonical\" href=\"https:\/\/www.eldigitaldeasturias.com\/noticias\/m-clan-el-28-de-abril-en-espacio-estilo-de-oviedo\/\" \/>\n\t<meta name=\"generator\" content=\"All in One SEO Pro (AIOSEO) 4.9.6.2\" \/>\n\t\t<meta property=\"og:locale\" content=\"es_ES\" \/>\n\t\t<meta property=\"og:site_name\" content=\"El Digital de Asturias\" \/>\n\t\t<meta property=\"og:type\" content=\"article\" \/>\n\t\t<meta property=\"og:title\" content=\"M Clan el 28 de abril en Espacio Estilo, de Oviedo - El Digital de Asturias\" \/>\n\t\t<meta property=\"og:description\" content=\"M Clan y Mahou Cinco Estrellas presentan Desarmados, una gira \u00fanica con Carlos Tarque y Ricardo Ruip\u00e9rez en formato ac\u00fastico, s\u00f3lo voz y guitarra, con los \u00e9xitos m\u00e1s m\u00edticos de los murcianos durante sus veintitr\u00e9s a\u00f1os de carrera profesional. La gira dar\u00e1 comienzo el pr\u00f3ximo 1 de abril en Madrid (Sala But), y recorrer\u00e1 un\" \/>\n\t\t<meta property=\"og:url\" content=\"https:\/\/www.eldigitaldeasturias.com\/noticias\/m-clan-el-28-de-abril-en-espacio-estilo-de-oviedo\/\" \/>\n\t\t<meta property=\"og:image\" content=\"https:\/\/www.eldigitaldeasturias.com\/noticias\/wp-content\/uploads\/2016\/02\/fotonoticia_20160223131507_800.jpg\" \/>\n\t\t<meta property=\"og:image:secure_url\" content=\"https:\/\/www.eldigitaldeasturias.com\/noticias\/wp-content\/uploads\/2016\/02\/fotonoticia_20160223131507_800.jpg\" \/>\n\t\t<meta property=\"og:image:width\" content=\"800\" \/>\n\t\t<meta property=\"og:image:height\" content=\"438\" \/>\n\t\t<meta property=\"article:tag\" content=\"agenda\" \/>\n\t\t<meta property=\"article:published_time\" content=\"2016-02-23T15:05:57+00:00\" \/>\n\t\t<meta property=\"article:modified_time\" content=\"2016-02-23T15:05:57+00:00\" \/>\n\t\t<meta property=\"article:publisher\" content=\"https:\/\/facebook.com\/eldigitaldeasturias\" \/>\n\t\t<meta name=\"twitter:card\" content=\"summary_large_image\" \/>\n\t\t<meta name=\"twitter:title\" content=\"M Clan el 28 de abril en Espacio Estilo, de Oviedo - El Digital de Asturias\" \/>\n\t\t<meta name=\"twitter:description\" content=\"M Clan y Mahou Cinco Estrellas presentan Desarmados, una gira \u00fanica con Carlos Tarque y Ricardo Ruip\u00e9rez en formato ac\u00fastico, s\u00f3lo voz y guitarra, con los \u00e9xitos m\u00e1s m\u00edticos de los murcianos durante sus veintitr\u00e9s a\u00f1os de carrera profesional. La gira dar\u00e1 comienzo el pr\u00f3ximo 1 de abril en Madrid (Sala But), y recorrer\u00e1 un\" \/>\n\t\t<meta name=\"twitter:image\" content=\"https:\/\/www.eldigitaldeasturias.com\/noticias\/wp-content\/uploads\/2016\/02\/fotonoticia_20160223131507_800.jpg\" \/>\n\t\t<meta name=\"twitter:label1\" content=\"Escrito por\" \/>\n\t\t<meta name=\"twitter:data1\" content=\"El Digital de Asturias\" \/>\n\t\t<meta name=\"twitter:label2\" content=\"Tiempo de lectura estimado\" \/>\n\t\t<meta name=\"twitter:data2\" content=\"1 minuto\" \/>\n\t\t<script type=\"application\/ld+json\" class=\"aioseo-schema\">\n\t\t\t{\"@context\":\"https:\\\/\\\/schema.org\",\"@graph\":[{\"@type\":\"BlogPosting\",\"@id\":\"https:\\\/\\\/www.eldigitaldeasturias.com\\\/noticias\\\/m-clan-el-28-de-abril-en-espacio-estilo-de-oviedo\\\/#blogposting\",\"name\":\"M Clan el 28 de abril en Espacio Estilo, de Oviedo - El Digital de Asturias\",\"headline\":\"M Clan el 28 de abril en Espacio Estilo, de Oviedo\",\"author\":{\"@id\":\"https:\\\/\\\/www.eldigitaldeasturias.com\\\/noticias\\\/author\\\/admin\\\/#author\"},\"publisher\":{\"@id\":\"https:\\\/\\\/www.eldigitaldeasturias.com\\\/noticias\\\/#organization\"},\"image\":{\"@type\":\"ImageObject\",\"url\":\"https:\\\/\\\/www.eldigitaldeasturias.com\\\/noticias\\\/wp-content\\\/uploads\\\/2016\\\/02\\\/fotonoticia_20160223131507_800.jpg\",\"width\":800,\"height\":438},\"datePublished\":\"2016-02-23T15:05:57+01:00\",\"dateModified\":\"2016-02-23T15:05:57+01:00\",\"inLanguage\":\"es-ES\",\"mainEntityOfPage\":{\"@id\":\"https:\\\/\\\/www.eldigitaldeasturias.com\\\/noticias\\\/m-clan-el-28-de-abril-en-espacio-estilo-de-oviedo\\\/#webpage\"},\"isPartOf\":{\"@id\":\"https:\\\/\\\/www.eldigitaldeasturias.com\\\/noticias\\\/m-clan-el-28-de-abril-en-espacio-estilo-de-oviedo\\\/#webpage\"},\"articleSection\":\"Agenda\"},{\"@type\":\"BreadcrumbList\",\"@id\":\"https:\\\/\\\/www.eldigitaldeasturias.com\\\/noticias\\\/m-clan-el-28-de-abril-en-espacio-estilo-de-oviedo\\\/#breadcrumblist\",\"itemListElement\":[{\"@type\":\"ListItem\",\"@id\":\"https:\\\/\\\/www.eldigitaldeasturias.com\\\/noticias#listItem\",\"position\":1,\"name\":\"Home\",\"item\":\"https:\\\/\\\/www.eldigitaldeasturias.com\\\/noticias\",\"nextItem\":{\"@type\":\"ListItem\",\"@id\":\"https:\\\/\\\/www.eldigitaldeasturias.com\\\/noticias\\\/category\\\/agenda\\\/#listItem\",\"name\":\"Agenda\"}},{\"@type\":\"ListItem\",\"@id\":\"https:\\\/\\\/www.eldigitaldeasturias.com\\\/noticias\\\/category\\\/agenda\\\/#listItem\",\"position\":2,\"name\":\"Agenda\",\"item\":\"https:\\\/\\\/www.eldigitaldeasturias.com\\\/noticias\\\/category\\\/agenda\\\/\",\"nextItem\":{\"@type\":\"ListItem\",\"@id\":\"https:\\\/\\\/www.eldigitaldeasturias.com\\\/noticias\\\/m-clan-el-28-de-abril-en-espacio-estilo-de-oviedo\\\/#listItem\",\"name\":\"M Clan el 28 de abril en Espacio Estilo, de Oviedo\"},\"previousItem\":{\"@type\":\"ListItem\",\"@id\":\"https:\\\/\\\/www.eldigitaldeasturias.com\\\/noticias#listItem\",\"name\":\"Home\"}},{\"@type\":\"ListItem\",\"@id\":\"https:\\\/\\\/www.eldigitaldeasturias.com\\\/noticias\\\/m-clan-el-28-de-abril-en-espacio-estilo-de-oviedo\\\/#listItem\",\"position\":3,\"name\":\"M Clan el 28 de abril en Espacio Estilo, de Oviedo\",\"previousItem\":{\"@type\":\"ListItem\",\"@id\":\"https:\\\/\\\/www.eldigitaldeasturias.com\\\/noticias\\\/category\\\/agenda\\\/#listItem\",\"name\":\"Agenda\"}}]},{\"@type\":\"Organization\",\"@id\":\"https:\\\/\\\/www.eldigitaldeasturias.com\\\/noticias\\\/#organization\",\"name\":\"El Digital de Asturias\",\"description\":\"Hemeroteca\",\"url\":\"https:\\\/\\\/www.eldigitaldeasturias.com\\\/noticias\\\/\",\"email\":\"info@eldigitaldeasturias.com\",\"telephone\":\"+34652131393\",\"logo\":{\"@type\":\"ImageObject\",\"url\":\"https:\\\/\\\/www.eldigitaldeasturias.com\\\/noticias\\\/wp-content\\\/uploads\\\/2020\\\/12\\\/EDA.jpg\",\"@id\":\"https:\\\/\\\/www.eldigitaldeasturias.com\\\/noticias\\\/m-clan-el-28-de-abril-en-espacio-estilo-de-oviedo\\\/#organizationLogo\",\"width\":649,\"height\":297},\"image\":{\"@id\":\"https:\\\/\\\/www.eldigitaldeasturias.com\\\/noticias\\\/m-clan-el-28-de-abril-en-espacio-estilo-de-oviedo\\\/#organizationLogo\"},\"sameAs\":[\"https:\\\/\\\/facebook.com\\\/eldigitaldeasturias\",\"https:\\\/\\\/www.youtube.com\\\/channel\\\/UCZP-2wLEB9Rv6erhFmqVnvg\"],\"address\":{\"@id\":\"https:\\\/\\\/www.eldigitaldeasturias.com\\\/noticias\\\/#postaladdress\",\"@type\":\"PostalAddress\",\"streetAddress\":\"san antonio 4,\",\"postalCode\":\"33430\",\"addressLocality\":\"Cand\\u00e1s\",\"addressRegion\":\"Asturias\",\"addressCountry\":\"ES\"}},{\"@type\":\"Person\",\"@id\":\"https:\\\/\\\/www.eldigitaldeasturias.com\\\/noticias\\\/author\\\/admin\\\/#author\",\"url\":\"https:\\\/\\\/www.eldigitaldeasturias.com\\\/noticias\\\/author\\\/admin\\\/\",\"name\":\"El Digital de Asturias\",\"image\":{\"@type\":\"ImageObject\",\"@id\":\"https:\\\/\\\/www.eldigitaldeasturias.com\\\/noticias\\\/m-clan-el-28-de-abril-en-espacio-estilo-de-oviedo\\\/#authorImage\",\"url\":\"https:\\\/\\\/www.eldigitaldeasturias.com\\\/noticias\\\/wp-content\\\/litespeed\\\/avatar\\\/18677e78aa0546b92d9dbf31ec7d7668.jpg?ver=1777290358\",\"width\":96,\"height\":96,\"caption\":\"El Digital de Asturias\"}},{\"@type\":\"WebPage\",\"@id\":\"https:\\\/\\\/www.eldigitaldeasturias.com\\\/noticias\\\/m-clan-el-28-de-abril-en-espacio-estilo-de-oviedo\\\/#webpage\",\"url\":\"https:\\\/\\\/www.eldigitaldeasturias.com\\\/noticias\\\/m-clan-el-28-de-abril-en-espacio-estilo-de-oviedo\\\/\",\"name\":\"M Clan el 28 de abril en Espacio Estilo, de Oviedo - El Digital de Asturias\",\"description\":\"M Clan y Mahou Cinco Estrellas presentan Desarmados, una gira \\u00fanica con Carlos Tarque y Ricardo Ruip\\u00e9rez en formato ac\\u00fastico, s\\u00f3lo voz y guitarra, con los \\u00e9xitos m\\u00e1s m\\u00edticos de los murcianos durante sus veintitr\\u00e9s a\\u00f1os de carrera profesional. La gira dar\\u00e1 comienzo el pr\\u00f3ximo 1 de abril en Madrid (Sala But), y recorrer\\u00e1 un\",\"inLanguage\":\"es-ES\",\"isPartOf\":{\"@id\":\"https:\\\/\\\/www.eldigitaldeasturias.com\\\/noticias\\\/#website\"},\"breadcrumb\":{\"@id\":\"https:\\\/\\\/www.eldigitaldeasturias.com\\\/noticias\\\/m-clan-el-28-de-abril-en-espacio-estilo-de-oviedo\\\/#breadcrumblist\"},\"author\":{\"@id\":\"https:\\\/\\\/www.eldigitaldeasturias.com\\\/noticias\\\/author\\\/admin\\\/#author\"},\"creator\":{\"@id\":\"https:\\\/\\\/www.eldigitaldeasturias.com\\\/noticias\\\/author\\\/admin\\\/#author\"},\"image\":{\"@type\":\"ImageObject\",\"url\":\"https:\\\/\\\/www.eldigitaldeasturias.com\\\/noticias\\\/wp-content\\\/uploads\\\/2016\\\/02\\\/fotonoticia_20160223131507_800.jpg\",\"@id\":\"https:\\\/\\\/www.eldigitaldeasturias.com\\\/noticias\\\/m-clan-el-28-de-abril-en-espacio-estilo-de-oviedo\\\/#mainImage\",\"width\":800,\"height\":438},\"primaryImageOfPage\":{\"@id\":\"https:\\\/\\\/www.eldigitaldeasturias.com\\\/noticias\\\/m-clan-el-28-de-abril-en-espacio-estilo-de-oviedo\\\/#mainImage\"},\"datePublished\":\"2016-02-23T15:05:57+01:00\",\"dateModified\":\"2016-02-23T15:05:57+01:00\"},{\"@type\":\"WebSite\",\"@id\":\"https:\\\/\\\/www.eldigitaldeasturias.com\\\/noticias\\\/#website\",\"url\":\"https:\\\/\\\/www.eldigitaldeasturias.com\\\/noticias\\\/\",\"name\":\"El Digital de Asturias - Diario de actualidad y noticias\",\"alternateName\":\"El Digital de Asturias - Diario de actualidad y noticias\",\"description\":\"Hemeroteca\",\"inLanguage\":\"es-ES\",\"publisher\":{\"@id\":\"https:\\\/\\\/www.eldigitaldeasturias.com\\\/noticias\\\/#organization\"}}]}\n\t\t<\/script>\n\t\t<!-- All in One SEO Pro -->\r\n\t\t<title>M Clan el 28 de abril en Espacio Estilo, de Oviedo - El Digital de Asturias<\/title>\n\n","aioseo_head_json":{"title":"M Clan el 28 de abril en Espacio Estilo, de Oviedo - El Digital de Asturias","description":"M Clan y Mahou Cinco Estrellas presentan Desarmados, una gira \u00fanica con Carlos Tarque y Ricardo Ruip\u00e9rez en formato ac\u00fastico, s\u00f3lo voz y guitarra, con los \u00e9xitos m\u00e1s m\u00edticos de los murcianos durante sus veintitr\u00e9s a\u00f1os de carrera profesional. La gira dar\u00e1 comienzo el pr\u00f3ximo 1 de abril en Madrid (Sala But), y recorrer\u00e1 un","canonical_url":"https:\/\/www.eldigitaldeasturias.com\/noticias\/m-clan-el-28-de-abril-en-espacio-estilo-de-oviedo\/","robots":"max-image-preview:large","keywords":"agenda","webmasterTools":{"google-site-verification":"UA-38556648-1","msvalidate.01":"7dfe9f3f1b24437ab69f4f2559babe99","miscellaneous":""},"schema":{"@context":"https:\/\/schema.org","@graph":[{"@type":"BlogPosting","@id":"https:\/\/www.eldigitaldeasturias.com\/noticias\/m-clan-el-28-de-abril-en-espacio-estilo-de-oviedo\/#blogposting","name":"M Clan el 28 de abril en Espacio Estilo, de Oviedo - El Digital de Asturias","headline":"M Clan el 28 de abril en Espacio Estilo, de Oviedo","author":{"@id":"https:\/\/www.eldigitaldeasturias.com\/noticias\/author\/admin\/#author"},"publisher":{"@id":"https:\/\/www.eldigitaldeasturias.com\/noticias\/#organization"},"image":{"@type":"ImageObject","url":"https:\/\/www.eldigitaldeasturias.com\/noticias\/wp-content\/uploads\/2016\/02\/fotonoticia_20160223131507_800.jpg","width":800,"height":438},"datePublished":"2016-02-23T15:05:57+01:00","dateModified":"2016-02-23T15:05:57+01:00","inLanguage":"es-ES","mainEntityOfPage":{"@id":"https:\/\/www.eldigitaldeasturias.com\/noticias\/m-clan-el-28-de-abril-en-espacio-estilo-de-oviedo\/#webpage"},"isPartOf":{"@id":"https:\/\/www.eldigitaldeasturias.com\/noticias\/m-clan-el-28-de-abril-en-espacio-estilo-de-oviedo\/#webpage"},"articleSection":"Agenda"},{"@type":"BreadcrumbList","@id":"https:\/\/www.eldigitaldeasturias.com\/noticias\/m-clan-el-28-de-abril-en-espacio-estilo-de-oviedo\/#breadcrumblist","itemListElement":[{"@type":"ListItem","@id":"https:\/\/www.eldigitaldeasturias.com\/noticias#listItem","position":1,"name":"Home","item":"https:\/\/www.eldigitaldeasturias.com\/noticias","nextItem":{"@type":"ListItem","@id":"https:\/\/www.eldigitaldeasturias.com\/noticias\/category\/agenda\/#listItem","name":"Agenda"}},{"@type":"ListItem","@id":"https:\/\/www.eldigitaldeasturias.com\/noticias\/category\/agenda\/#listItem","position":2,"name":"Agenda","item":"https:\/\/www.eldigitaldeasturias.com\/noticias\/category\/agenda\/","nextItem":{"@type":"ListItem","@id":"https:\/\/www.eldigitaldeasturias.com\/noticias\/m-clan-el-28-de-abril-en-espacio-estilo-de-oviedo\/#listItem","name":"M Clan el 28 de abril en Espacio Estilo, de Oviedo"},"previousItem":{"@type":"ListItem","@id":"https:\/\/www.eldigitaldeasturias.com\/noticias#listItem","name":"Home"}},{"@type":"ListItem","@id":"https:\/\/www.eldigitaldeasturias.com\/noticias\/m-clan-el-28-de-abril-en-espacio-estilo-de-oviedo\/#listItem","position":3,"name":"M Clan el 28 de abril en Espacio Estilo, de Oviedo","previousItem":{"@type":"ListItem","@id":"https:\/\/www.eldigitaldeasturias.com\/noticias\/category\/agenda\/#listItem","name":"Agenda"}}]},{"@type":"Organization","@id":"https:\/\/www.eldigitaldeasturias.com\/noticias\/#organization","name":"El Digital de Asturias","description":"Hemeroteca","url":"https:\/\/www.eldigitaldeasturias.com\/noticias\/","email":"info@eldigitaldeasturias.com","telephone":"+34652131393","logo":{"@type":"ImageObject","url":"https:\/\/www.eldigitaldeasturias.com\/noticias\/wp-content\/uploads\/2020\/12\/EDA.jpg","@id":"https:\/\/www.eldigitaldeasturias.com\/noticias\/m-clan-el-28-de-abril-en-espacio-estilo-de-oviedo\/#organizationLogo","width":649,"height":297},"image":{"@id":"https:\/\/www.eldigitaldeasturias.com\/noticias\/m-clan-el-28-de-abril-en-espacio-estilo-de-oviedo\/#organizationLogo"},"sameAs":["https:\/\/facebook.com\/eldigitaldeasturias","https:\/\/www.youtube.com\/channel\/UCZP-2wLEB9Rv6erhFmqVnvg"],"address":{"@id":"https:\/\/www.eldigitaldeasturias.com\/noticias\/#postaladdress","@type":"PostalAddress","streetAddress":"san antonio 4,","postalCode":"33430","addressLocality":"Cand\u00e1s","addressRegion":"Asturias","addressCountry":"ES"}},{"@type":"Person","@id":"https:\/\/www.eldigitaldeasturias.com\/noticias\/author\/admin\/#author","url":"https:\/\/www.eldigitaldeasturias.com\/noticias\/author\/admin\/","name":"El Digital de Asturias","image":{"@type":"ImageObject","@id":"https:\/\/www.eldigitaldeasturias.com\/noticias\/m-clan-el-28-de-abril-en-espacio-estilo-de-oviedo\/#authorImage","url":"https:\/\/www.eldigitaldeasturias.com\/noticias\/wp-content\/litespeed\/avatar\/18677e78aa0546b92d9dbf31ec7d7668.jpg?ver=1777290358","width":96,"height":96,"caption":"El Digital de Asturias"}},{"@type":"WebPage","@id":"https:\/\/www.eldigitaldeasturias.com\/noticias\/m-clan-el-28-de-abril-en-espacio-estilo-de-oviedo\/#webpage","url":"https:\/\/www.eldigitaldeasturias.com\/noticias\/m-clan-el-28-de-abril-en-espacio-estilo-de-oviedo\/","name":"M Clan el 28 de abril en Espacio Estilo, de Oviedo - El Digital de Asturias","description":"M Clan y Mahou Cinco Estrellas presentan Desarmados, una gira \u00fanica con Carlos Tarque y Ricardo Ruip\u00e9rez en formato ac\u00fastico, s\u00f3lo voz y guitarra, con los \u00e9xitos m\u00e1s m\u00edticos de los murcianos durante sus veintitr\u00e9s a\u00f1os de carrera profesional. La gira dar\u00e1 comienzo el pr\u00f3ximo 1 de abril en Madrid (Sala But), y recorrer\u00e1 un","inLanguage":"es-ES","isPartOf":{"@id":"https:\/\/www.eldigitaldeasturias.com\/noticias\/#website"},"breadcrumb":{"@id":"https:\/\/www.eldigitaldeasturias.com\/noticias\/m-clan-el-28-de-abril-en-espacio-estilo-de-oviedo\/#breadcrumblist"},"author":{"@id":"https:\/\/www.eldigitaldeasturias.com\/noticias\/author\/admin\/#author"},"creator":{"@id":"https:\/\/www.eldigitaldeasturias.com\/noticias\/author\/admin\/#author"},"image":{"@type":"ImageObject","url":"https:\/\/www.eldigitaldeasturias.com\/noticias\/wp-content\/uploads\/2016\/02\/fotonoticia_20160223131507_800.jpg","@id":"https:\/\/www.eldigitaldeasturias.com\/noticias\/m-clan-el-28-de-abril-en-espacio-estilo-de-oviedo\/#mainImage","width":800,"height":438},"primaryImageOfPage":{"@id":"https:\/\/www.eldigitaldeasturias.com\/noticias\/m-clan-el-28-de-abril-en-espacio-estilo-de-oviedo\/#mainImage"},"datePublished":"2016-02-23T15:05:57+01:00","dateModified":"2016-02-23T15:05:57+01:00"},{"@type":"WebSite","@id":"https:\/\/www.eldigitaldeasturias.com\/noticias\/#website","url":"https:\/\/www.eldigitaldeasturias.com\/noticias\/","name":"El Digital de Asturias - Diario de actualidad y noticias","alternateName":"El Digital de Asturias - Diario de actualidad y noticias","description":"Hemeroteca","inLanguage":"es-ES","publisher":{"@id":"https:\/\/www.eldigitaldeasturias.com\/noticias\/#organization"}}]},"og:locale":"es_ES","og:site_name":"El Digital de Asturias","og:type":"article","og:title":"M Clan el 28 de abril en Espacio Estilo, de Oviedo - El Digital de Asturias","og:description":"M Clan y Mahou Cinco Estrellas presentan Desarmados, una gira \u00fanica con Carlos Tarque y Ricardo Ruip\u00e9rez en formato ac\u00fastico, s\u00f3lo voz y guitarra, con los \u00e9xitos m\u00e1s m\u00edticos de los murcianos durante sus veintitr\u00e9s a\u00f1os de carrera profesional. La gira dar\u00e1 comienzo el pr\u00f3ximo 1 de abril en Madrid (Sala But), y recorrer\u00e1 un","og:url":"https:\/\/www.eldigitaldeasturias.com\/noticias\/m-clan-el-28-de-abril-en-espacio-estilo-de-oviedo\/","og:image":"https:\/\/www.eldigitaldeasturias.com\/noticias\/wp-content\/uploads\/2016\/02\/fotonoticia_20160223131507_800.jpg","og:image:secure_url":"https:\/\/www.eldigitaldeasturias.com\/noticias\/wp-content\/uploads\/2016\/02\/fotonoticia_20160223131507_800.jpg","og:image:width":800,"og:image:height":438,"article:tag":["agenda"],"article:published_time":"2016-02-23T15:05:57+00:00","article:modified_time":"2016-02-23T15:05:57+00:00","article:publisher":"https:\/\/facebook.com\/eldigitaldeasturias","twitter:card":"summary_large_image","twitter:title":"M Clan el 28 de abril en Espacio Estilo, de Oviedo - El Digital de Asturias","twitter:description":"M Clan y Mahou Cinco Estrellas presentan Desarmados, una gira \u00fanica con Carlos Tarque y Ricardo Ruip\u00e9rez en formato ac\u00fastico, s\u00f3lo voz y guitarra, con los \u00e9xitos m\u00e1s m\u00edticos de los murcianos durante sus veintitr\u00e9s a\u00f1os de carrera profesional. La gira dar\u00e1 comienzo el pr\u00f3ximo 1 de abril en Madrid (Sala But), y recorrer\u00e1 un","twitter:image":"https:\/\/www.eldigitaldeasturias.com\/noticias\/wp-content\/uploads\/2016\/02\/fotonoticia_20160223131507_800.jpg","twitter:label1":"Escrito por","twitter:data1":"El Digital de Asturias","twitter:label2":"Tiempo de lectura estimado","twitter:data2":"1 minuto"},"aioseo_meta_data":{"post_id":"861314","title":null,"description":null,"keywords":null,"keyphrases":null,"primary_term":null,"canonical_url":null,"og_title":null,"og_description":null,"og_object_type":"default","og_image_type":"default","og_image_url":null,"og_image_width":null,"og_image_height":null,"og_image_custom_url":null,"og_image_custom_fields":null,"og_video":null,"og_custom_url":null,"og_article_section":null,"og_article_tags":null,"twitter_use_og":false,"twitter_card":"default","twitter_image_type":"default","twitter_image_url":null,"twitter_image_custom_url":null,"twitter_image_custom_fields":null,"twitter_title":null,"twitter_description":null,"schema":{"blockGraphs":[],"customGraphs":[],"default":{"data":{"Article":[],"Course":[],"Dataset":[],"FAQPage":[],"Movie":[],"Person":[],"Product":[],"ProductReview":[],"Car":[],"Recipe":[],"Service":[],"SoftwareApplication":[],"WebPage":[]},"graphName":"","isEnabled":true},"graphs":[],"defaultGraph":"","defaultPostTypeGraph":""},"schema_type":null,"schema_type_options":null,"pillar_content":false,"robots_default":true,"robots_noindex":false,"robots_noarchive":false,"robots_nosnippet":false,"robots_nofollow":false,"robots_noimageindex":false,"robots_noodp":false,"robots_notranslate":false,"robots_max_snippet":null,"robots_max_videopreview":null,"robots_max_imagepreview":"large","priority":null,"frequency":null,"local_seo":null,"seo_analyzer_scan_date":"2025-12-10 20:50:11","breadcrumb_settings":null,"limit_modified_date":false,"open_ai":null,"ai":null,"created":"2021-01-23 15:00:19","updated":"2025-12-10 20:50:11"},"aioseo_breadcrumb":"<div class=\"aioseo-breadcrumbs\"><span class=\"aioseo-breadcrumb\">\n\t<a href=\"https:\/\/www.eldigitaldeasturias.com\/noticias\" title=\"Home\">Home<\/a>\n<\/span><span class=\"aioseo-breadcrumb-separator\">\u2013<\/span><span class=\"aioseo-breadcrumb\">\n\t<a href=\"https:\/\/www.eldigitaldeasturias.com\/noticias\/category\/agenda\/\" title=\"Agenda\">Agenda<\/a>\n<\/span><span class=\"aioseo-breadcrumb-separator\">\u2013<\/span><span class=\"aioseo-breadcrumb\">\n\t<a href=\"https:\/\/www.eldigitaldeasturias.com\/noticias\/m-clan-el-28-de-abril-en-espacio-estilo-de-oviedo\/\" title=\"M Clan el 28 de abril en Espacio Estilo, de Oviedo\">M Clan el 28 de abril en Espacio Estilo, de Oviedo<\/a>\n<\/span><\/div>","aioseo_breadcrumb_json":[{"label":"Home","link":"https:\/\/www.eldigitaldeasturias.com\/noticias"},{"label":"Agenda","link":"https:\/\/www.eldigitaldeasturias.com\/noticias\/category\/agenda\/"},{"label":"M Clan el 28 de abril en Espacio Estilo, de Oviedo","link":"https:\/\/www.eldigitaldeasturias.com\/noticias\/m-clan-el-28-de-abril-en-espacio-estilo-de-oviedo\/"}],"_links":{"self":[{"href":"https:\/\/www.eldigitaldeasturias.com\/noticias\/wp-json\/wp\/v2\/posts\/861314","targetHints":{"allow":["GET"]}}],"collection":[{"href":"https:\/\/www.eldigitaldeasturias.com\/noticias\/wp-json\/wp\/v2\/posts"}],"about":[{"href":"https:\/\/www.eldigitaldeasturias.com\/noticias\/wp-json\/wp\/v2\/types\/post"}],"author":[{"embeddable":true,"href":"https:\/\/www.eldigitaldeasturias.com\/noticias\/wp-json\/wp\/v2\/users\/1"}],"replies":[{"embeddable":true,"href":"https:\/\/www.eldigitaldeasturias.com\/noticias\/wp-json\/wp\/v2\/comments?post=861314"}],"version-history":[{"count":0,"href":"https:\/\/www.eldigitaldeasturias.com\/noticias\/wp-json\/wp\/v2\/posts\/861314\/revisions"}],"wp:featuredmedia":[{"embeddable":true,"href":"https:\/\/www.eldigitaldeasturias.com\/noticias\/wp-json\/wp\/v2\/media\/861315"}],"wp:attachment":[{"href":"https:\/\/www.eldigitaldeasturias.com\/noticias\/wp-json\/wp\/v2\/media?parent=861314"}],"wp:term":[{"taxonomy":"category","embeddable":true,"href":"https:\/\/www.eldigitaldeasturias.com\/noticias\/wp-json\/wp\/v2\/categories?post=861314"},{"taxonomy":"post_tag","embeddable":true,"href":"https:\/\/www.eldigitaldeasturias.com\/noticias\/wp-json\/wp\/v2\/tags?post=861314"}],"curies":[{"name":"wp","href":"https:\/\/api.w.org\/{rel}","templated":true}]}}