{"id":861311,"date":"2016-02-23T15:03:27","date_gmt":"2016-02-23T15:03:27","guid":{"rendered":"http:\/\/www.eldigitaldeasturias.com\/noticias\/?p=861311"},"modified":"2016-02-23T15:03:27","modified_gmt":"2016-02-23T15:03:27","slug":"foro-pide-al-gobierno-y-al-principado-que-actuen-sobre-la-industria-antes-de-que-sea-imposible-de-solucionar","status":"publish","type":"post","link":"https:\/\/www.eldigitaldeasturias.com\/noticias\/foro-pide-al-gobierno-y-al-principado-que-actuen-sobre-la-industria-antes-de-que-sea-imposible-de-solucionar\/","title":{"rendered":"Foro pide al Gobierno y al Principado que act\u00faen sobre la industria \u00abantes de que sea imposible de solucionar\u00bb"},"content":{"rendered":"<p><img loading=\"lazy\" decoding=\"async\" class=\"alignleft size-medium wp-image-861312\" src=\"https:\/\/www.eldigitaldeasturias.com\/noticias\/wp-content\/uploads\/2016\/02\/fotonoticia_20160223131206_800-360x270.jpg\" alt=\"fotonoticia_20160223131206_800\" width=\"360\" height=\"270\" srcset=\"https:\/\/www.eldigitaldeasturias.com\/noticias\/wp-content\/uploads\/2016\/02\/fotonoticia_20160223131206_800-360x270.jpg 360w, https:\/\/www.eldigitaldeasturias.com\/noticias\/wp-content\/uploads\/2016\/02\/fotonoticia_20160223131206_800-768x576.jpg 768w, https:\/\/www.eldigitaldeasturias.com\/noticias\/wp-content\/uploads\/2016\/02\/fotonoticia_20160223131206_800-650x488.jpg 650w, https:\/\/www.eldigitaldeasturias.com\/noticias\/wp-content\/uploads\/2016\/02\/fotonoticia_20160223131206_800-125x95.jpg 125w, https:\/\/www.eldigitaldeasturias.com\/noticias\/wp-content\/uploads\/2016\/02\/fotonoticia_20160223131206_800-100x75.jpg 100w, https:\/\/www.eldigitaldeasturias.com\/noticias\/wp-content\/uploads\/2016\/02\/fotonoticia_20160223131206_800.jpg 800w\" sizes=\"auto, (max-width: 360px) 100vw, 360px\" \/>La presidenta de Foro Asturias, Cristina Coto, ha presentado este martes una bater\u00eda de iniciativas parlamentarias que su partido ha presentado en la Junta General y en el Congreso de los Diputados para pedir la aplicaci\u00f3n de \u00abmedidas urgentes\u00bb sobre la industria espa\u00f1ola \u00abantes de que sea imposible de solucionar\u00bb.<\/p>\n<p>Ante el temor suscitado por la competencia del dumping chino y las elevadas tarifas el\u00e9ctricas a las que se enfrentan las grandes industrias en Asturias y Espa\u00f1a, desde Foro han hecho hincapi\u00e9 en los riesgos que supone para \u00abmiles de trabajadores\u00bb que ven peligrar sus puestos de trabajo por el descenso de la producci\u00f3n.<\/p>\n<p>Coto ha hecho estas consideraciones en una rueda de prensa en la que ha estado acompa\u00f1ada del diputado de Foro en el Congreso, Isidro Mart\u00ednez Oblanca, quien ha defendido la misma premisa. \u00ab\u00bbLos precios el\u00e9ctricos en Espa\u00f1a no son competitivos, lo que presenta un riesgo de deslocalizaci\u00f3n de las empresas hacia otros pa\u00edses\u00bb, ha abundado. Para Asturias, esta supuesta fuga de empresas puede suponer \u00abuna cat\u00e1strofe social y econ\u00f3mica\u00bb.<\/p>\n<p>Ante estos riesgos ambos dirigentes han reclamado una tarifa \u00abcompetitiva\u00bb y estable que permita a las industrias en Espa\u00f1a competir con pa\u00edses como Francia o Alemania.<\/p>\n<p>Aunque han presentado de manera conjunta ambas iniciativas parlamentarias, Oblanca ha reconocido que, dada la situaci\u00f3n de interinidad del actual Gobierno nacional, a\u00fan no se puede debatir la medida.<\/p>\n<p>En clave nacional, Coto ha denunciado que el PSOE no incluya en su documento de negociaci\u00f3n para la investidura \u00abninguna medida\u00bb comprometida con Asturias y con la sostenibilidad de la industria.<\/p>\n<p>Preguntada por los casos de corrupci\u00f3n en el PP nacional y la dificultad que conlleva para que prospere alg\u00fan acuerdo de gobierno a nivel estatal, Coto ha puntualizado que le \u00abpreocupan m\u00e1s\u00bb los casos de corrupci\u00f3n que afectan a la Federaci\u00f3n Socialista Asturiana. \u00abSon los m\u00e1ximos coleccionistas de calabazas, con Villa, Riopedre, El Musel y la trama del cable\u00bb, ha se\u00f1alado.<\/p>\n","protected":false},"excerpt":{"rendered":"<p>La presidenta de Foro Asturias, Cristina Coto, ha presentado este martes una bater\u00eda de iniciativas parlamentarias que su partido ha presentado en la Junta General y en el Congreso de los Diputados para pedir la aplicaci\u00f3n de \u00abmedidas urgentes\u00bb sobre la industria espa\u00f1ola \u00abantes de que sea imposible de solucionar\u00bb. Ante el temor suscitado por [&hellip;]<\/p>\n","protected":false},"author":1,"featured_media":861312,"comment_status":"closed","ping_status":"closed","sticky":false,"template":"","format":"standard","meta":{"footnotes":""},"categories":[12],"tags":[],"class_list":["post-861311","post","type-post","status-publish","format-standard","has-post-thumbnail","hentry","category-actualidad-asturias"],"aioseo_notices":[],"aioseo_head":"\n\t\t<!-- All in One SEO Pro 4.9.6.2 - aioseo.com -->\n\t<meta name=\"description\" content=\"La presidenta de Foro Asturias, Cristina Coto, ha presentado este martes una bater\u00eda de iniciativas parlamentarias que su partido ha presentado en la Junta General y en el Congreso de los Diputados para pedir la aplicaci\u00f3n de &quot;medidas urgentes&quot; sobre la industria espa\u00f1ola &quot;antes de que sea imposible de solucionar&quot;. Ante el temor suscitado por\" \/>\n\t<meta name=\"robots\" content=\"max-image-preview:large\" \/>\n\t<meta name=\"author\" content=\"El Digital de Asturias\"\/>\n\t<meta name=\"google-site-verification\" content=\"UA-38556648-1\" \/>\n\t<meta name=\"msvalidate.01\" content=\"7dfe9f3f1b24437ab69f4f2559babe99\" \/>\n\t<meta name=\"keywords\" content=\"actualidad asturias\" \/>\n\t<link rel=\"canonical\" href=\"https:\/\/www.eldigitaldeasturias.com\/noticias\/foro-pide-al-gobierno-y-al-principado-que-actuen-sobre-la-industria-antes-de-que-sea-imposible-de-solucionar\/\" \/>\n\t<meta name=\"generator\" content=\"All in One SEO Pro (AIOSEO) 4.9.6.2\" \/>\n\t\t<meta property=\"og:locale\" content=\"es_ES\" \/>\n\t\t<meta property=\"og:site_name\" content=\"El Digital de Asturias\" \/>\n\t\t<meta property=\"og:type\" content=\"article\" \/>\n\t\t<meta property=\"og:title\" content=\"Foro pide al Gobierno y al Principado que act\u00faen sobre la industria \u00abantes de que sea imposible de solucionar\u00bb - El Digital de Asturias\" \/>\n\t\t<meta property=\"og:description\" content=\"La presidenta de Foro Asturias, Cristina Coto, ha presentado este martes una bater\u00eda de iniciativas parlamentarias que su partido ha presentado en la Junta General y en el Congreso de los Diputados para pedir la aplicaci\u00f3n de &quot;medidas urgentes&quot; sobre la industria espa\u00f1ola &quot;antes de que sea imposible de solucionar&quot;. Ante el temor suscitado por\" \/>\n\t\t<meta property=\"og:url\" content=\"https:\/\/www.eldigitaldeasturias.com\/noticias\/foro-pide-al-gobierno-y-al-principado-que-actuen-sobre-la-industria-antes-de-que-sea-imposible-de-solucionar\/\" \/>\n\t\t<meta property=\"og:image\" content=\"https:\/\/www.eldigitaldeasturias.com\/noticias\/wp-content\/uploads\/2016\/02\/fotonoticia_20160223131206_800.jpg\" \/>\n\t\t<meta property=\"og:image:secure_url\" content=\"https:\/\/www.eldigitaldeasturias.com\/noticias\/wp-content\/uploads\/2016\/02\/fotonoticia_20160223131206_800.jpg\" \/>\n\t\t<meta property=\"og:image:width\" content=\"800\" \/>\n\t\t<meta property=\"og:image:height\" content=\"600\" \/>\n\t\t<meta property=\"article:tag\" content=\"actualidad asturias\" \/>\n\t\t<meta property=\"article:published_time\" content=\"2016-02-23T15:03:27+00:00\" \/>\n\t\t<meta property=\"article:modified_time\" content=\"2016-02-23T15:03:27+00:00\" \/>\n\t\t<meta property=\"article:publisher\" content=\"https:\/\/facebook.com\/eldigitaldeasturias\" \/>\n\t\t<meta name=\"twitter:card\" content=\"summary_large_image\" \/>\n\t\t<meta name=\"twitter:title\" content=\"Foro pide al Gobierno y al Principado que act\u00faen sobre la industria \u00abantes de que sea imposible de solucionar\u00bb - El Digital de Asturias\" \/>\n\t\t<meta name=\"twitter:description\" content=\"La presidenta de Foro Asturias, Cristina Coto, ha presentado este martes una bater\u00eda de iniciativas parlamentarias que su partido ha presentado en la Junta General y en el Congreso de los Diputados para pedir la aplicaci\u00f3n de &quot;medidas urgentes&quot; sobre la industria espa\u00f1ola &quot;antes de que sea imposible de solucionar&quot;. Ante el temor suscitado por\" \/>\n\t\t<meta name=\"twitter:image\" content=\"https:\/\/www.eldigitaldeasturias.com\/noticias\/wp-content\/uploads\/2016\/02\/fotonoticia_20160223131206_800.jpg\" \/>\n\t\t<meta name=\"twitter:label1\" content=\"Escrito por\" \/>\n\t\t<meta name=\"twitter:data1\" content=\"El Digital de Asturias\" \/>\n\t\t<meta name=\"twitter:label2\" content=\"Tiempo de lectura estimado\" \/>\n\t\t<meta name=\"twitter:data2\" content=\"2 minutos\" \/>\n\t\t<script type=\"application\/ld+json\" class=\"aioseo-schema\">\n\t\t\t{\"@context\":\"https:\\\/\\\/schema.org\",\"@graph\":[{\"@type\":\"BlogPosting\",\"@id\":\"https:\\\/\\\/www.eldigitaldeasturias.com\\\/noticias\\\/foro-pide-al-gobierno-y-al-principado-que-actuen-sobre-la-industria-antes-de-que-sea-imposible-de-solucionar\\\/#blogposting\",\"name\":\"Foro pide al Gobierno y al Principado que act\\u00faen sobre la industria \\u00abantes de que sea imposible de solucionar\\u00bb - El Digital de Asturias\",\"headline\":\"Foro pide al Gobierno y al Principado que act\\u00faen sobre la industria \\u00abantes de que sea imposible de solucionar\\u00bb\",\"author\":{\"@id\":\"https:\\\/\\\/www.eldigitaldeasturias.com\\\/noticias\\\/author\\\/admin\\\/#author\"},\"publisher\":{\"@id\":\"https:\\\/\\\/www.eldigitaldeasturias.com\\\/noticias\\\/#organization\"},\"image\":{\"@type\":\"ImageObject\",\"url\":\"https:\\\/\\\/www.eldigitaldeasturias.com\\\/noticias\\\/wp-content\\\/uploads\\\/2016\\\/02\\\/fotonoticia_20160223131206_800.jpg\",\"width\":800,\"height\":600},\"datePublished\":\"2016-02-23T15:03:27+01:00\",\"dateModified\":\"2016-02-23T15:03:27+01:00\",\"inLanguage\":\"es-ES\",\"mainEntityOfPage\":{\"@id\":\"https:\\\/\\\/www.eldigitaldeasturias.com\\\/noticias\\\/foro-pide-al-gobierno-y-al-principado-que-actuen-sobre-la-industria-antes-de-que-sea-imposible-de-solucionar\\\/#webpage\"},\"isPartOf\":{\"@id\":\"https:\\\/\\\/www.eldigitaldeasturias.com\\\/noticias\\\/foro-pide-al-gobierno-y-al-principado-que-actuen-sobre-la-industria-antes-de-que-sea-imposible-de-solucionar\\\/#webpage\"},\"articleSection\":\"Actualidad Asturias\"},{\"@type\":\"BreadcrumbList\",\"@id\":\"https:\\\/\\\/www.eldigitaldeasturias.com\\\/noticias\\\/foro-pide-al-gobierno-y-al-principado-que-actuen-sobre-la-industria-antes-de-que-sea-imposible-de-solucionar\\\/#breadcrumblist\",\"itemListElement\":[{\"@type\":\"ListItem\",\"@id\":\"https:\\\/\\\/www.eldigitaldeasturias.com\\\/noticias#listItem\",\"position\":1,\"name\":\"Home\",\"item\":\"https:\\\/\\\/www.eldigitaldeasturias.com\\\/noticias\",\"nextItem\":{\"@type\":\"ListItem\",\"@id\":\"https:\\\/\\\/www.eldigitaldeasturias.com\\\/noticias\\\/category\\\/actualidad-asturias\\\/#listItem\",\"name\":\"Actualidad Asturias\"}},{\"@type\":\"ListItem\",\"@id\":\"https:\\\/\\\/www.eldigitaldeasturias.com\\\/noticias\\\/category\\\/actualidad-asturias\\\/#listItem\",\"position\":2,\"name\":\"Actualidad Asturias\",\"item\":\"https:\\\/\\\/www.eldigitaldeasturias.com\\\/noticias\\\/category\\\/actualidad-asturias\\\/\",\"nextItem\":{\"@type\":\"ListItem\",\"@id\":\"https:\\\/\\\/www.eldigitaldeasturias.com\\\/noticias\\\/foro-pide-al-gobierno-y-al-principado-que-actuen-sobre-la-industria-antes-de-que-sea-imposible-de-solucionar\\\/#listItem\",\"name\":\"Foro pide al Gobierno y al Principado que act\\u00faen sobre la industria \\u00abantes de que sea imposible de solucionar\\u00bb\"},\"previousItem\":{\"@type\":\"ListItem\",\"@id\":\"https:\\\/\\\/www.eldigitaldeasturias.com\\\/noticias#listItem\",\"name\":\"Home\"}},{\"@type\":\"ListItem\",\"@id\":\"https:\\\/\\\/www.eldigitaldeasturias.com\\\/noticias\\\/foro-pide-al-gobierno-y-al-principado-que-actuen-sobre-la-industria-antes-de-que-sea-imposible-de-solucionar\\\/#listItem\",\"position\":3,\"name\":\"Foro pide al Gobierno y al Principado que act\\u00faen sobre la industria \\u00abantes de que sea imposible de solucionar\\u00bb\",\"previousItem\":{\"@type\":\"ListItem\",\"@id\":\"https:\\\/\\\/www.eldigitaldeasturias.com\\\/noticias\\\/category\\\/actualidad-asturias\\\/#listItem\",\"name\":\"Actualidad Asturias\"}}]},{\"@type\":\"Organization\",\"@id\":\"https:\\\/\\\/www.eldigitaldeasturias.com\\\/noticias\\\/#organization\",\"name\":\"El Digital de Asturias\",\"description\":\"Hemeroteca\",\"url\":\"https:\\\/\\\/www.eldigitaldeasturias.com\\\/noticias\\\/\",\"email\":\"info@eldigitaldeasturias.com\",\"telephone\":\"+34652131393\",\"logo\":{\"@type\":\"ImageObject\",\"url\":\"https:\\\/\\\/www.eldigitaldeasturias.com\\\/noticias\\\/wp-content\\\/uploads\\\/2020\\\/12\\\/EDA.jpg\",\"@id\":\"https:\\\/\\\/www.eldigitaldeasturias.com\\\/noticias\\\/foro-pide-al-gobierno-y-al-principado-que-actuen-sobre-la-industria-antes-de-que-sea-imposible-de-solucionar\\\/#organizationLogo\",\"width\":649,\"height\":297},\"image\":{\"@id\":\"https:\\\/\\\/www.eldigitaldeasturias.com\\\/noticias\\\/foro-pide-al-gobierno-y-al-principado-que-actuen-sobre-la-industria-antes-de-que-sea-imposible-de-solucionar\\\/#organizationLogo\"},\"sameAs\":[\"https:\\\/\\\/facebook.com\\\/eldigitaldeasturias\",\"https:\\\/\\\/www.youtube.com\\\/channel\\\/UCZP-2wLEB9Rv6erhFmqVnvg\"],\"address\":{\"@id\":\"https:\\\/\\\/www.eldigitaldeasturias.com\\\/noticias\\\/#postaladdress\",\"@type\":\"PostalAddress\",\"streetAddress\":\"san antonio 4,\",\"postalCode\":\"33430\",\"addressLocality\":\"Cand\\u00e1s\",\"addressRegion\":\"Asturias\",\"addressCountry\":\"ES\"}},{\"@type\":\"Person\",\"@id\":\"https:\\\/\\\/www.eldigitaldeasturias.com\\\/noticias\\\/author\\\/admin\\\/#author\",\"url\":\"https:\\\/\\\/www.eldigitaldeasturias.com\\\/noticias\\\/author\\\/admin\\\/\",\"name\":\"El Digital de Asturias\",\"image\":{\"@type\":\"ImageObject\",\"@id\":\"https:\\\/\\\/www.eldigitaldeasturias.com\\\/noticias\\\/foro-pide-al-gobierno-y-al-principado-que-actuen-sobre-la-industria-antes-de-que-sea-imposible-de-solucionar\\\/#authorImage\",\"url\":\"https:\\\/\\\/www.eldigitaldeasturias.com\\\/noticias\\\/wp-content\\\/litespeed\\\/avatar\\\/18677e78aa0546b92d9dbf31ec7d7668.jpg?ver=1777290358\",\"width\":96,\"height\":96,\"caption\":\"El Digital de Asturias\"}},{\"@type\":\"WebPage\",\"@id\":\"https:\\\/\\\/www.eldigitaldeasturias.com\\\/noticias\\\/foro-pide-al-gobierno-y-al-principado-que-actuen-sobre-la-industria-antes-de-que-sea-imposible-de-solucionar\\\/#webpage\",\"url\":\"https:\\\/\\\/www.eldigitaldeasturias.com\\\/noticias\\\/foro-pide-al-gobierno-y-al-principado-que-actuen-sobre-la-industria-antes-de-que-sea-imposible-de-solucionar\\\/\",\"name\":\"Foro pide al Gobierno y al Principado que act\\u00faen sobre la industria \\u00abantes de que sea imposible de solucionar\\u00bb - El Digital de Asturias\",\"description\":\"La presidenta de Foro Asturias, Cristina Coto, ha presentado este martes una bater\\u00eda de iniciativas parlamentarias que su partido ha presentado en la Junta General y en el Congreso de los Diputados para pedir la aplicaci\\u00f3n de \\\"medidas urgentes\\\" sobre la industria espa\\u00f1ola \\\"antes de que sea imposible de solucionar\\\". Ante el temor suscitado por\",\"inLanguage\":\"es-ES\",\"isPartOf\":{\"@id\":\"https:\\\/\\\/www.eldigitaldeasturias.com\\\/noticias\\\/#website\"},\"breadcrumb\":{\"@id\":\"https:\\\/\\\/www.eldigitaldeasturias.com\\\/noticias\\\/foro-pide-al-gobierno-y-al-principado-que-actuen-sobre-la-industria-antes-de-que-sea-imposible-de-solucionar\\\/#breadcrumblist\"},\"author\":{\"@id\":\"https:\\\/\\\/www.eldigitaldeasturias.com\\\/noticias\\\/author\\\/admin\\\/#author\"},\"creator\":{\"@id\":\"https:\\\/\\\/www.eldigitaldeasturias.com\\\/noticias\\\/author\\\/admin\\\/#author\"},\"image\":{\"@type\":\"ImageObject\",\"url\":\"https:\\\/\\\/www.eldigitaldeasturias.com\\\/noticias\\\/wp-content\\\/uploads\\\/2016\\\/02\\\/fotonoticia_20160223131206_800.jpg\",\"@id\":\"https:\\\/\\\/www.eldigitaldeasturias.com\\\/noticias\\\/foro-pide-al-gobierno-y-al-principado-que-actuen-sobre-la-industria-antes-de-que-sea-imposible-de-solucionar\\\/#mainImage\",\"width\":800,\"height\":600},\"primaryImageOfPage\":{\"@id\":\"https:\\\/\\\/www.eldigitaldeasturias.com\\\/noticias\\\/foro-pide-al-gobierno-y-al-principado-que-actuen-sobre-la-industria-antes-de-que-sea-imposible-de-solucionar\\\/#mainImage\"},\"datePublished\":\"2016-02-23T15:03:27+01:00\",\"dateModified\":\"2016-02-23T15:03:27+01:00\"},{\"@type\":\"WebSite\",\"@id\":\"https:\\\/\\\/www.eldigitaldeasturias.com\\\/noticias\\\/#website\",\"url\":\"https:\\\/\\\/www.eldigitaldeasturias.com\\\/noticias\\\/\",\"name\":\"El Digital de Asturias - Diario de actualidad y noticias\",\"alternateName\":\"El Digital de Asturias - Diario de actualidad y noticias\",\"description\":\"Hemeroteca\",\"inLanguage\":\"es-ES\",\"publisher\":{\"@id\":\"https:\\\/\\\/www.eldigitaldeasturias.com\\\/noticias\\\/#organization\"}}]}\n\t\t<\/script>\n\t\t<!-- All in One SEO Pro -->\r\n\t\t<title>Foro pide al Gobierno y al Principado que act\u00faen sobre la industria \u00abantes de que sea imposible de solucionar\u00bb - El Digital de Asturias<\/title>\n\n","aioseo_head_json":{"title":"Foro pide al Gobierno y al Principado que act\u00faen sobre la industria \u00abantes de que sea imposible de solucionar\u00bb - El Digital de Asturias","description":"La presidenta de Foro Asturias, Cristina Coto, ha presentado este martes una bater\u00eda de iniciativas parlamentarias que su partido ha presentado en la Junta General y en el Congreso de los Diputados para pedir la aplicaci\u00f3n de \"medidas urgentes\" sobre la industria espa\u00f1ola \"antes de que sea imposible de solucionar\". Ante el temor suscitado por","canonical_url":"https:\/\/www.eldigitaldeasturias.com\/noticias\/foro-pide-al-gobierno-y-al-principado-que-actuen-sobre-la-industria-antes-de-que-sea-imposible-de-solucionar\/","robots":"max-image-preview:large","keywords":"actualidad asturias","webmasterTools":{"google-site-verification":"UA-38556648-1","msvalidate.01":"7dfe9f3f1b24437ab69f4f2559babe99","miscellaneous":""},"schema":{"@context":"https:\/\/schema.org","@graph":[{"@type":"BlogPosting","@id":"https:\/\/www.eldigitaldeasturias.com\/noticias\/foro-pide-al-gobierno-y-al-principado-que-actuen-sobre-la-industria-antes-de-que-sea-imposible-de-solucionar\/#blogposting","name":"Foro pide al Gobierno y al Principado que act\u00faen sobre la industria \u00abantes de que sea imposible de solucionar\u00bb - El Digital de Asturias","headline":"Foro pide al Gobierno y al Principado que act\u00faen sobre la industria \u00abantes de que sea imposible de solucionar\u00bb","author":{"@id":"https:\/\/www.eldigitaldeasturias.com\/noticias\/author\/admin\/#author"},"publisher":{"@id":"https:\/\/www.eldigitaldeasturias.com\/noticias\/#organization"},"image":{"@type":"ImageObject","url":"https:\/\/www.eldigitaldeasturias.com\/noticias\/wp-content\/uploads\/2016\/02\/fotonoticia_20160223131206_800.jpg","width":800,"height":600},"datePublished":"2016-02-23T15:03:27+01:00","dateModified":"2016-02-23T15:03:27+01:00","inLanguage":"es-ES","mainEntityOfPage":{"@id":"https:\/\/www.eldigitaldeasturias.com\/noticias\/foro-pide-al-gobierno-y-al-principado-que-actuen-sobre-la-industria-antes-de-que-sea-imposible-de-solucionar\/#webpage"},"isPartOf":{"@id":"https:\/\/www.eldigitaldeasturias.com\/noticias\/foro-pide-al-gobierno-y-al-principado-que-actuen-sobre-la-industria-antes-de-que-sea-imposible-de-solucionar\/#webpage"},"articleSection":"Actualidad Asturias"},{"@type":"BreadcrumbList","@id":"https:\/\/www.eldigitaldeasturias.com\/noticias\/foro-pide-al-gobierno-y-al-principado-que-actuen-sobre-la-industria-antes-de-que-sea-imposible-de-solucionar\/#breadcrumblist","itemListElement":[{"@type":"ListItem","@id":"https:\/\/www.eldigitaldeasturias.com\/noticias#listItem","position":1,"name":"Home","item":"https:\/\/www.eldigitaldeasturias.com\/noticias","nextItem":{"@type":"ListItem","@id":"https:\/\/www.eldigitaldeasturias.com\/noticias\/category\/actualidad-asturias\/#listItem","name":"Actualidad Asturias"}},{"@type":"ListItem","@id":"https:\/\/www.eldigitaldeasturias.com\/noticias\/category\/actualidad-asturias\/#listItem","position":2,"name":"Actualidad Asturias","item":"https:\/\/www.eldigitaldeasturias.com\/noticias\/category\/actualidad-asturias\/","nextItem":{"@type":"ListItem","@id":"https:\/\/www.eldigitaldeasturias.com\/noticias\/foro-pide-al-gobierno-y-al-principado-que-actuen-sobre-la-industria-antes-de-que-sea-imposible-de-solucionar\/#listItem","name":"Foro pide al Gobierno y al Principado que act\u00faen sobre la industria \u00abantes de que sea imposible de solucionar\u00bb"},"previousItem":{"@type":"ListItem","@id":"https:\/\/www.eldigitaldeasturias.com\/noticias#listItem","name":"Home"}},{"@type":"ListItem","@id":"https:\/\/www.eldigitaldeasturias.com\/noticias\/foro-pide-al-gobierno-y-al-principado-que-actuen-sobre-la-industria-antes-de-que-sea-imposible-de-solucionar\/#listItem","position":3,"name":"Foro pide al Gobierno y al Principado que act\u00faen sobre la industria \u00abantes de que sea imposible de solucionar\u00bb","previousItem":{"@type":"ListItem","@id":"https:\/\/www.eldigitaldeasturias.com\/noticias\/category\/actualidad-asturias\/#listItem","name":"Actualidad Asturias"}}]},{"@type":"Organization","@id":"https:\/\/www.eldigitaldeasturias.com\/noticias\/#organization","name":"El Digital de Asturias","description":"Hemeroteca","url":"https:\/\/www.eldigitaldeasturias.com\/noticias\/","email":"info@eldigitaldeasturias.com","telephone":"+34652131393","logo":{"@type":"ImageObject","url":"https:\/\/www.eldigitaldeasturias.com\/noticias\/wp-content\/uploads\/2020\/12\/EDA.jpg","@id":"https:\/\/www.eldigitaldeasturias.com\/noticias\/foro-pide-al-gobierno-y-al-principado-que-actuen-sobre-la-industria-antes-de-que-sea-imposible-de-solucionar\/#organizationLogo","width":649,"height":297},"image":{"@id":"https:\/\/www.eldigitaldeasturias.com\/noticias\/foro-pide-al-gobierno-y-al-principado-que-actuen-sobre-la-industria-antes-de-que-sea-imposible-de-solucionar\/#organizationLogo"},"sameAs":["https:\/\/facebook.com\/eldigitaldeasturias","https:\/\/www.youtube.com\/channel\/UCZP-2wLEB9Rv6erhFmqVnvg"],"address":{"@id":"https:\/\/www.eldigitaldeasturias.com\/noticias\/#postaladdress","@type":"PostalAddress","streetAddress":"san antonio 4,","postalCode":"33430","addressLocality":"Cand\u00e1s","addressRegion":"Asturias","addressCountry":"ES"}},{"@type":"Person","@id":"https:\/\/www.eldigitaldeasturias.com\/noticias\/author\/admin\/#author","url":"https:\/\/www.eldigitaldeasturias.com\/noticias\/author\/admin\/","name":"El Digital de Asturias","image":{"@type":"ImageObject","@id":"https:\/\/www.eldigitaldeasturias.com\/noticias\/foro-pide-al-gobierno-y-al-principado-que-actuen-sobre-la-industria-antes-de-que-sea-imposible-de-solucionar\/#authorImage","url":"https:\/\/www.eldigitaldeasturias.com\/noticias\/wp-content\/litespeed\/avatar\/18677e78aa0546b92d9dbf31ec7d7668.jpg?ver=1777290358","width":96,"height":96,"caption":"El Digital de Asturias"}},{"@type":"WebPage","@id":"https:\/\/www.eldigitaldeasturias.com\/noticias\/foro-pide-al-gobierno-y-al-principado-que-actuen-sobre-la-industria-antes-de-que-sea-imposible-de-solucionar\/#webpage","url":"https:\/\/www.eldigitaldeasturias.com\/noticias\/foro-pide-al-gobierno-y-al-principado-que-actuen-sobre-la-industria-antes-de-que-sea-imposible-de-solucionar\/","name":"Foro pide al Gobierno y al Principado que act\u00faen sobre la industria \u00abantes de que sea imposible de solucionar\u00bb - El Digital de Asturias","description":"La presidenta de Foro Asturias, Cristina Coto, ha presentado este martes una bater\u00eda de iniciativas parlamentarias que su partido ha presentado en la Junta General y en el Congreso de los Diputados para pedir la aplicaci\u00f3n de \"medidas urgentes\" sobre la industria espa\u00f1ola \"antes de que sea imposible de solucionar\". Ante el temor suscitado por","inLanguage":"es-ES","isPartOf":{"@id":"https:\/\/www.eldigitaldeasturias.com\/noticias\/#website"},"breadcrumb":{"@id":"https:\/\/www.eldigitaldeasturias.com\/noticias\/foro-pide-al-gobierno-y-al-principado-que-actuen-sobre-la-industria-antes-de-que-sea-imposible-de-solucionar\/#breadcrumblist"},"author":{"@id":"https:\/\/www.eldigitaldeasturias.com\/noticias\/author\/admin\/#author"},"creator":{"@id":"https:\/\/www.eldigitaldeasturias.com\/noticias\/author\/admin\/#author"},"image":{"@type":"ImageObject","url":"https:\/\/www.eldigitaldeasturias.com\/noticias\/wp-content\/uploads\/2016\/02\/fotonoticia_20160223131206_800.jpg","@id":"https:\/\/www.eldigitaldeasturias.com\/noticias\/foro-pide-al-gobierno-y-al-principado-que-actuen-sobre-la-industria-antes-de-que-sea-imposible-de-solucionar\/#mainImage","width":800,"height":600},"primaryImageOfPage":{"@id":"https:\/\/www.eldigitaldeasturias.com\/noticias\/foro-pide-al-gobierno-y-al-principado-que-actuen-sobre-la-industria-antes-de-que-sea-imposible-de-solucionar\/#mainImage"},"datePublished":"2016-02-23T15:03:27+01:00","dateModified":"2016-02-23T15:03:27+01:00"},{"@type":"WebSite","@id":"https:\/\/www.eldigitaldeasturias.com\/noticias\/#website","url":"https:\/\/www.eldigitaldeasturias.com\/noticias\/","name":"El Digital de Asturias - Diario de actualidad y noticias","alternateName":"El Digital de Asturias - Diario de actualidad y noticias","description":"Hemeroteca","inLanguage":"es-ES","publisher":{"@id":"https:\/\/www.eldigitaldeasturias.com\/noticias\/#organization"}}]},"og:locale":"es_ES","og:site_name":"El Digital de Asturias","og:type":"article","og:title":"Foro pide al Gobierno y al Principado que act\u00faen sobre la industria \u00abantes de que sea imposible de solucionar\u00bb - El Digital de Asturias","og:description":"La presidenta de Foro Asturias, Cristina Coto, ha presentado este martes una bater\u00eda de iniciativas parlamentarias que su partido ha presentado en la Junta General y en el Congreso de los Diputados para pedir la aplicaci\u00f3n de &quot;medidas urgentes&quot; sobre la industria espa\u00f1ola &quot;antes de que sea imposible de solucionar&quot;. Ante el temor suscitado por","og:url":"https:\/\/www.eldigitaldeasturias.com\/noticias\/foro-pide-al-gobierno-y-al-principado-que-actuen-sobre-la-industria-antes-de-que-sea-imposible-de-solucionar\/","og:image":"https:\/\/www.eldigitaldeasturias.com\/noticias\/wp-content\/uploads\/2016\/02\/fotonoticia_20160223131206_800.jpg","og:image:secure_url":"https:\/\/www.eldigitaldeasturias.com\/noticias\/wp-content\/uploads\/2016\/02\/fotonoticia_20160223131206_800.jpg","og:image:width":800,"og:image:height":600,"article:tag":["actualidad asturias"],"article:published_time":"2016-02-23T15:03:27+00:00","article:modified_time":"2016-02-23T15:03:27+00:00","article:publisher":"https:\/\/facebook.com\/eldigitaldeasturias","twitter:card":"summary_large_image","twitter:title":"Foro pide al Gobierno y al Principado que act\u00faen sobre la industria \u00abantes de que sea imposible de solucionar\u00bb - El Digital de Asturias","twitter:description":"La presidenta de Foro Asturias, Cristina Coto, ha presentado este martes una bater\u00eda de iniciativas parlamentarias que su partido ha presentado en la Junta General y en el Congreso de los Diputados para pedir la aplicaci\u00f3n de &quot;medidas urgentes&quot; sobre la industria espa\u00f1ola &quot;antes de que sea imposible de solucionar&quot;. Ante el temor suscitado por","twitter:image":"https:\/\/www.eldigitaldeasturias.com\/noticias\/wp-content\/uploads\/2016\/02\/fotonoticia_20160223131206_800.jpg","twitter:label1":"Escrito por","twitter:data1":"El Digital de Asturias","twitter:label2":"Tiempo de lectura estimado","twitter:data2":"2 minutos"},"aioseo_meta_data":{"post_id":"861311","title":null,"description":null,"keywords":null,"keyphrases":null,"primary_term":null,"canonical_url":null,"og_title":null,"og_description":null,"og_object_type":"default","og_image_type":"default","og_image_url":null,"og_image_width":null,"og_image_height":null,"og_image_custom_url":null,"og_image_custom_fields":null,"og_video":null,"og_custom_url":null,"og_article_section":null,"og_article_tags":null,"twitter_use_og":false,"twitter_card":"default","twitter_image_type":"default","twitter_image_url":null,"twitter_image_custom_url":null,"twitter_image_custom_fields":null,"twitter_title":null,"twitter_description":null,"schema":{"blockGraphs":[],"customGraphs":[],"default":{"data":{"Article":[],"Course":[],"Dataset":[],"FAQPage":[],"Movie":[],"Person":[],"Product":[],"ProductReview":[],"Car":[],"Recipe":[],"Service":[],"SoftwareApplication":[],"WebPage":[]},"graphName":"","isEnabled":true},"graphs":[],"defaultGraph":"","defaultPostTypeGraph":""},"schema_type":null,"schema_type_options":null,"pillar_content":false,"robots_default":true,"robots_noindex":false,"robots_noarchive":false,"robots_nosnippet":false,"robots_nofollow":false,"robots_noimageindex":false,"robots_noodp":false,"robots_notranslate":false,"robots_max_snippet":null,"robots_max_videopreview":null,"robots_max_imagepreview":"large","priority":null,"frequency":null,"local_seo":null,"seo_analyzer_scan_date":"2025-12-10 20:50:11","breadcrumb_settings":null,"limit_modified_date":false,"open_ai":null,"ai":null,"created":"2021-01-23 15:00:19","updated":"2025-12-10 20:50:11"},"aioseo_breadcrumb":"<div class=\"aioseo-breadcrumbs\"><span class=\"aioseo-breadcrumb\">\n\t<a href=\"https:\/\/www.eldigitaldeasturias.com\/noticias\" title=\"Home\">Home<\/a>\n<\/span><span class=\"aioseo-breadcrumb-separator\">\u2013<\/span><span class=\"aioseo-breadcrumb\">\n\t<a href=\"https:\/\/www.eldigitaldeasturias.com\/noticias\/category\/actualidad-asturias\/\" title=\"Actualidad Asturias\">Actualidad Asturias<\/a>\n<\/span><span class=\"aioseo-breadcrumb-separator\">\u2013<\/span><span class=\"aioseo-breadcrumb\">\n\t<a href=\"https:\/\/www.eldigitaldeasturias.com\/noticias\/foro-pide-al-gobierno-y-al-principado-que-actuen-sobre-la-industria-antes-de-que-sea-imposible-de-solucionar\/\" title=\"Foro pide al Gobierno y al Principado que act\u00faen sobre la industria \u00abantes de que sea imposible de solucionar\u00bb\">Foro pide al Gobierno y al Principado que act\u00faen sobre la industria \u00abantes de que sea imposible de solucionar\u00bb<\/a>\n<\/span><\/div>","aioseo_breadcrumb_json":[{"label":"Home","link":"https:\/\/www.eldigitaldeasturias.com\/noticias"},{"label":"Actualidad Asturias","link":"https:\/\/www.eldigitaldeasturias.com\/noticias\/category\/actualidad-asturias\/"},{"label":"Foro pide al Gobierno y al Principado que act\u00faen sobre la industria \u00abantes de que sea imposible de solucionar\u00bb","link":"https:\/\/www.eldigitaldeasturias.com\/noticias\/foro-pide-al-gobierno-y-al-principado-que-actuen-sobre-la-industria-antes-de-que-sea-imposible-de-solucionar\/"}],"_links":{"self":[{"href":"https:\/\/www.eldigitaldeasturias.com\/noticias\/wp-json\/wp\/v2\/posts\/861311","targetHints":{"allow":["GET"]}}],"collection":[{"href":"https:\/\/www.eldigitaldeasturias.com\/noticias\/wp-json\/wp\/v2\/posts"}],"about":[{"href":"https:\/\/www.eldigitaldeasturias.com\/noticias\/wp-json\/wp\/v2\/types\/post"}],"author":[{"embeddable":true,"href":"https:\/\/www.eldigitaldeasturias.com\/noticias\/wp-json\/wp\/v2\/users\/1"}],"replies":[{"embeddable":true,"href":"https:\/\/www.eldigitaldeasturias.com\/noticias\/wp-json\/wp\/v2\/comments?post=861311"}],"version-history":[{"count":0,"href":"https:\/\/www.eldigitaldeasturias.com\/noticias\/wp-json\/wp\/v2\/posts\/861311\/revisions"}],"wp:featuredmedia":[{"embeddable":true,"href":"https:\/\/www.eldigitaldeasturias.com\/noticias\/wp-json\/wp\/v2\/media\/861312"}],"wp:attachment":[{"href":"https:\/\/www.eldigitaldeasturias.com\/noticias\/wp-json\/wp\/v2\/media?parent=861311"}],"wp:term":[{"taxonomy":"category","embeddable":true,"href":"https:\/\/www.eldigitaldeasturias.com\/noticias\/wp-json\/wp\/v2\/categories?post=861311"},{"taxonomy":"post_tag","embeddable":true,"href":"https:\/\/www.eldigitaldeasturias.com\/noticias\/wp-json\/wp\/v2\/tags?post=861311"}],"curies":[{"name":"wp","href":"https:\/\/api.w.org\/{rel}","templated":true}]}}