{"id":861308,"date":"2016-02-23T14:47:10","date_gmt":"2016-02-23T14:47:10","guid":{"rendered":"http:\/\/www.eldigitaldeasturias.com\/noticias\/?p=861308"},"modified":"2016-02-23T14:47:10","modified_gmt":"2016-02-23T14:47:10","slug":"el-principado-no-actuara-contra-el-gerente-de-gitpa-si-no-hay-juicio-oral","status":"publish","type":"post","link":"https:\/\/www.eldigitaldeasturias.com\/noticias\/el-principado-no-actuara-contra-el-gerente-de-gitpa-si-no-hay-juicio-oral\/","title":{"rendered":"El Principado no actuar\u00e1 contra el gerente de Gitpa si no hay juicio oral"},"content":{"rendered":"<p><img loading=\"lazy\" decoding=\"async\" class=\"alignleft size-medium wp-image-861309\" src=\"https:\/\/www.eldigitaldeasturias.com\/noticias\/wp-content\/uploads\/2016\/02\/fotonoticia_20160223131155_800-360x238.jpg\" alt=\"fotonoticia_20160223131155_800\" width=\"360\" height=\"238\" srcset=\"https:\/\/www.eldigitaldeasturias.com\/noticias\/wp-content\/uploads\/2016\/02\/fotonoticia_20160223131155_800-360x238.jpg 360w, https:\/\/www.eldigitaldeasturias.com\/noticias\/wp-content\/uploads\/2016\/02\/fotonoticia_20160223131155_800-768x507.jpg 768w, https:\/\/www.eldigitaldeasturias.com\/noticias\/wp-content\/uploads\/2016\/02\/fotonoticia_20160223131155_800-650x429.jpg 650w, https:\/\/www.eldigitaldeasturias.com\/noticias\/wp-content\/uploads\/2016\/02\/fotonoticia_20160223131155_800-84x55.jpg 84w, https:\/\/www.eldigitaldeasturias.com\/noticias\/wp-content\/uploads\/2016\/02\/fotonoticia_20160223131155_800-49x32.jpg 49w, https:\/\/www.eldigitaldeasturias.com\/noticias\/wp-content\/uploads\/2016\/02\/fotonoticia_20160223131155_800.jpg 800w\" sizes=\"auto, (max-width: 360px) 100vw, 360px\" \/>El presidente del Gobierno de Asturias, el socialista Javier Fern\u00e1ndez, se ha referido este martes a la situaci\u00f3n de Gesti\u00f3n de Infraestructuras P\u00fablicas de Telecomunicaciones del Principado de Asturias, que ser\u00e1 investigada en la Junta General del Principado de Asturias. Fern\u00e1ndez ha recordado que en este tipo de casos la Federaci\u00f3n Socialista Asturiana (FSA)-PSOE tiene una posici\u00f3n clara y siempre ha sostenido que cualquier cargo p\u00fablico se tiene que ir de su responsabilidad en el momento en el que se abra juicio oral.<\/p>\n<p>\u00abNosotros procederemos cuando haya una evidencia o cuando el juez determine que haya juicio oral\u00bb, ha dicho Fern\u00e1ndez en unas declaraciones distribuidas por el Gobierno regional y realizadas ante los medios de comunicaci\u00f3n durante su visita a la f\u00e1brica de Mantequer\u00edas Arias, en Ribera de Arriba.<\/p>\n<p>Fern\u00e1ndez ha explicado que Fiscal\u00eda est\u00e1 investigando a dos gerentes de Gitpa. Uno fue el que destituy\u00f3 el anterior gobierno de Foro Asturias, mientras que al actual lo nombr\u00f3 Foro.<\/p>\n<p>El presidente asturiano ha insistido en que fue su gobierno el que llev\u00f3 este asunto a Fiscal\u00eda y que se refiere a una prevaricaci\u00f3n administrativa, y no a \u00abfinanciaci\u00f3n de partidos ni ese tipo de cosas de las que o\u00edmos hablar ahora\u00bb.<\/p>\n<p>ACUERDO DE IZQUIERDAS<\/p>\n<p>Por otro lado, Fern\u00e1ndez tambi\u00e9n ha salido al paso de las declaraciones del portavoz de IU, Gaspar Llamazares, quien pidi\u00f3 en Asturias un acuerdo \u00abde la izquierda\u00bb para facilitar la gobernabilidad en Asturias.<\/p>\n<p>Javier Fern\u00e1ndez ha replicado que la intenci\u00f3n de llegar a un acuerdo m\u00e1s amplio de izquierdas la ha tenido desde el momento en el que consigui\u00f3 ser investido presidente, pero que no ha sido posible. \u00abNuestros esfuerzos van a seguir yendo en esa direcci\u00f3n\u00bb, ha zanjado.<\/p>\n","protected":false},"excerpt":{"rendered":"<p>El presidente del Gobierno de Asturias, el socialista Javier Fern\u00e1ndez, se ha referido este martes a la situaci\u00f3n de Gesti\u00f3n de Infraestructuras P\u00fablicas de Telecomunicaciones del Principado de Asturias, que ser\u00e1 investigada en la Junta General del Principado de Asturias. Fern\u00e1ndez ha recordado que en este tipo de casos la Federaci\u00f3n Socialista Asturiana (FSA)-PSOE tiene [&hellip;]<\/p>\n","protected":false},"author":1,"featured_media":861309,"comment_status":"closed","ping_status":"closed","sticky":false,"template":"","format":"standard","meta":{"footnotes":""},"categories":[12],"tags":[],"class_list":["post-861308","post","type-post","status-publish","format-standard","has-post-thumbnail","hentry","category-actualidad-asturias"],"aioseo_notices":[],"aioseo_head":"\n\t\t<!-- All in One SEO Pro 4.9.6.2 - aioseo.com -->\n\t<meta name=\"description\" content=\"El presidente del Gobierno de Asturias, el socialista Javier Fern\u00e1ndez, se ha referido este martes a la situaci\u00f3n de Gesti\u00f3n de Infraestructuras P\u00fablicas de Telecomunicaciones del Principado de Asturias, que ser\u00e1 investigada en la Junta General del Principado de Asturias. Fern\u00e1ndez ha recordado que en este tipo de casos la Federaci\u00f3n Socialista Asturiana (FSA)-PSOE tiene\" \/>\n\t<meta name=\"robots\" content=\"max-image-preview:large\" \/>\n\t<meta name=\"author\" content=\"El Digital de Asturias\"\/>\n\t<meta name=\"google-site-verification\" content=\"UA-38556648-1\" \/>\n\t<meta name=\"msvalidate.01\" content=\"7dfe9f3f1b24437ab69f4f2559babe99\" \/>\n\t<meta name=\"keywords\" content=\"actualidad asturias\" \/>\n\t<link rel=\"canonical\" href=\"https:\/\/www.eldigitaldeasturias.com\/noticias\/el-principado-no-actuara-contra-el-gerente-de-gitpa-si-no-hay-juicio-oral\/\" \/>\n\t<meta name=\"generator\" content=\"All in One SEO Pro (AIOSEO) 4.9.6.2\" \/>\n\t\t<meta property=\"og:locale\" content=\"es_ES\" \/>\n\t\t<meta property=\"og:site_name\" content=\"El Digital de Asturias\" \/>\n\t\t<meta property=\"og:type\" content=\"article\" \/>\n\t\t<meta property=\"og:title\" content=\"El Principado no actuar\u00e1 contra el gerente de Gitpa si no hay juicio oral - El Digital de Asturias\" \/>\n\t\t<meta property=\"og:description\" content=\"El presidente del Gobierno de Asturias, el socialista Javier Fern\u00e1ndez, se ha referido este martes a la situaci\u00f3n de Gesti\u00f3n de Infraestructuras P\u00fablicas de Telecomunicaciones del Principado de Asturias, que ser\u00e1 investigada en la Junta General del Principado de Asturias. Fern\u00e1ndez ha recordado que en este tipo de casos la Federaci\u00f3n Socialista Asturiana (FSA)-PSOE tiene\" \/>\n\t\t<meta property=\"og:url\" content=\"https:\/\/www.eldigitaldeasturias.com\/noticias\/el-principado-no-actuara-contra-el-gerente-de-gitpa-si-no-hay-juicio-oral\/\" \/>\n\t\t<meta property=\"og:image\" content=\"https:\/\/www.eldigitaldeasturias.com\/noticias\/wp-content\/uploads\/2016\/02\/fotonoticia_20160223131155_800.jpg\" \/>\n\t\t<meta property=\"og:image:secure_url\" content=\"https:\/\/www.eldigitaldeasturias.com\/noticias\/wp-content\/uploads\/2016\/02\/fotonoticia_20160223131155_800.jpg\" \/>\n\t\t<meta property=\"og:image:width\" content=\"800\" \/>\n\t\t<meta property=\"og:image:height\" content=\"528\" \/>\n\t\t<meta property=\"article:tag\" content=\"actualidad asturias\" \/>\n\t\t<meta property=\"article:published_time\" content=\"2016-02-23T14:47:10+00:00\" \/>\n\t\t<meta property=\"article:modified_time\" content=\"2016-02-23T14:47:10+00:00\" \/>\n\t\t<meta property=\"article:publisher\" content=\"https:\/\/facebook.com\/eldigitaldeasturias\" \/>\n\t\t<meta name=\"twitter:card\" content=\"summary_large_image\" \/>\n\t\t<meta name=\"twitter:title\" content=\"El Principado no actuar\u00e1 contra el gerente de Gitpa si no hay juicio oral - El Digital de Asturias\" \/>\n\t\t<meta name=\"twitter:description\" content=\"El presidente del Gobierno de Asturias, el socialista Javier Fern\u00e1ndez, se ha referido este martes a la situaci\u00f3n de Gesti\u00f3n de Infraestructuras P\u00fablicas de Telecomunicaciones del Principado de Asturias, que ser\u00e1 investigada en la Junta General del Principado de Asturias. Fern\u00e1ndez ha recordado que en este tipo de casos la Federaci\u00f3n Socialista Asturiana (FSA)-PSOE tiene\" \/>\n\t\t<meta name=\"twitter:image\" content=\"https:\/\/www.eldigitaldeasturias.com\/noticias\/wp-content\/uploads\/2016\/02\/fotonoticia_20160223131155_800.jpg\" \/>\n\t\t<meta name=\"twitter:label1\" content=\"Escrito por\" \/>\n\t\t<meta name=\"twitter:data1\" content=\"El Digital de Asturias\" \/>\n\t\t<meta name=\"twitter:label2\" content=\"Tiempo de lectura estimado\" \/>\n\t\t<meta name=\"twitter:data2\" content=\"2 minutos\" \/>\n\t\t<script type=\"application\/ld+json\" class=\"aioseo-schema\">\n\t\t\t{\"@context\":\"https:\\\/\\\/schema.org\",\"@graph\":[{\"@type\":\"BlogPosting\",\"@id\":\"https:\\\/\\\/www.eldigitaldeasturias.com\\\/noticias\\\/el-principado-no-actuara-contra-el-gerente-de-gitpa-si-no-hay-juicio-oral\\\/#blogposting\",\"name\":\"El Principado no actuar\\u00e1 contra el gerente de Gitpa si no hay juicio oral - El Digital de Asturias\",\"headline\":\"El Principado no actuar\\u00e1 contra el gerente de Gitpa si no hay juicio oral\",\"author\":{\"@id\":\"https:\\\/\\\/www.eldigitaldeasturias.com\\\/noticias\\\/author\\\/admin\\\/#author\"},\"publisher\":{\"@id\":\"https:\\\/\\\/www.eldigitaldeasturias.com\\\/noticias\\\/#organization\"},\"image\":{\"@type\":\"ImageObject\",\"url\":\"https:\\\/\\\/www.eldigitaldeasturias.com\\\/noticias\\\/wp-content\\\/uploads\\\/2016\\\/02\\\/fotonoticia_20160223131155_800.jpg\",\"width\":800,\"height\":528},\"datePublished\":\"2016-02-23T14:47:10+01:00\",\"dateModified\":\"2016-02-23T14:47:10+01:00\",\"inLanguage\":\"es-ES\",\"mainEntityOfPage\":{\"@id\":\"https:\\\/\\\/www.eldigitaldeasturias.com\\\/noticias\\\/el-principado-no-actuara-contra-el-gerente-de-gitpa-si-no-hay-juicio-oral\\\/#webpage\"},\"isPartOf\":{\"@id\":\"https:\\\/\\\/www.eldigitaldeasturias.com\\\/noticias\\\/el-principado-no-actuara-contra-el-gerente-de-gitpa-si-no-hay-juicio-oral\\\/#webpage\"},\"articleSection\":\"Actualidad Asturias\"},{\"@type\":\"BreadcrumbList\",\"@id\":\"https:\\\/\\\/www.eldigitaldeasturias.com\\\/noticias\\\/el-principado-no-actuara-contra-el-gerente-de-gitpa-si-no-hay-juicio-oral\\\/#breadcrumblist\",\"itemListElement\":[{\"@type\":\"ListItem\",\"@id\":\"https:\\\/\\\/www.eldigitaldeasturias.com\\\/noticias#listItem\",\"position\":1,\"name\":\"Home\",\"item\":\"https:\\\/\\\/www.eldigitaldeasturias.com\\\/noticias\",\"nextItem\":{\"@type\":\"ListItem\",\"@id\":\"https:\\\/\\\/www.eldigitaldeasturias.com\\\/noticias\\\/category\\\/actualidad-asturias\\\/#listItem\",\"name\":\"Actualidad Asturias\"}},{\"@type\":\"ListItem\",\"@id\":\"https:\\\/\\\/www.eldigitaldeasturias.com\\\/noticias\\\/category\\\/actualidad-asturias\\\/#listItem\",\"position\":2,\"name\":\"Actualidad Asturias\",\"item\":\"https:\\\/\\\/www.eldigitaldeasturias.com\\\/noticias\\\/category\\\/actualidad-asturias\\\/\",\"nextItem\":{\"@type\":\"ListItem\",\"@id\":\"https:\\\/\\\/www.eldigitaldeasturias.com\\\/noticias\\\/el-principado-no-actuara-contra-el-gerente-de-gitpa-si-no-hay-juicio-oral\\\/#listItem\",\"name\":\"El Principado no actuar\\u00e1 contra el gerente de Gitpa si no hay juicio oral\"},\"previousItem\":{\"@type\":\"ListItem\",\"@id\":\"https:\\\/\\\/www.eldigitaldeasturias.com\\\/noticias#listItem\",\"name\":\"Home\"}},{\"@type\":\"ListItem\",\"@id\":\"https:\\\/\\\/www.eldigitaldeasturias.com\\\/noticias\\\/el-principado-no-actuara-contra-el-gerente-de-gitpa-si-no-hay-juicio-oral\\\/#listItem\",\"position\":3,\"name\":\"El Principado no actuar\\u00e1 contra el gerente de Gitpa si no hay juicio oral\",\"previousItem\":{\"@type\":\"ListItem\",\"@id\":\"https:\\\/\\\/www.eldigitaldeasturias.com\\\/noticias\\\/category\\\/actualidad-asturias\\\/#listItem\",\"name\":\"Actualidad Asturias\"}}]},{\"@type\":\"Organization\",\"@id\":\"https:\\\/\\\/www.eldigitaldeasturias.com\\\/noticias\\\/#organization\",\"name\":\"El Digital de Asturias\",\"description\":\"Hemeroteca\",\"url\":\"https:\\\/\\\/www.eldigitaldeasturias.com\\\/noticias\\\/\",\"email\":\"info@eldigitaldeasturias.com\",\"telephone\":\"+34652131393\",\"logo\":{\"@type\":\"ImageObject\",\"url\":\"https:\\\/\\\/www.eldigitaldeasturias.com\\\/noticias\\\/wp-content\\\/uploads\\\/2020\\\/12\\\/EDA.jpg\",\"@id\":\"https:\\\/\\\/www.eldigitaldeasturias.com\\\/noticias\\\/el-principado-no-actuara-contra-el-gerente-de-gitpa-si-no-hay-juicio-oral\\\/#organizationLogo\",\"width\":649,\"height\":297},\"image\":{\"@id\":\"https:\\\/\\\/www.eldigitaldeasturias.com\\\/noticias\\\/el-principado-no-actuara-contra-el-gerente-de-gitpa-si-no-hay-juicio-oral\\\/#organizationLogo\"},\"sameAs\":[\"https:\\\/\\\/facebook.com\\\/eldigitaldeasturias\",\"https:\\\/\\\/www.youtube.com\\\/channel\\\/UCZP-2wLEB9Rv6erhFmqVnvg\"],\"address\":{\"@id\":\"https:\\\/\\\/www.eldigitaldeasturias.com\\\/noticias\\\/#postaladdress\",\"@type\":\"PostalAddress\",\"streetAddress\":\"san antonio 4,\",\"postalCode\":\"33430\",\"addressLocality\":\"Cand\\u00e1s\",\"addressRegion\":\"Asturias\",\"addressCountry\":\"ES\"}},{\"@type\":\"Person\",\"@id\":\"https:\\\/\\\/www.eldigitaldeasturias.com\\\/noticias\\\/author\\\/admin\\\/#author\",\"url\":\"https:\\\/\\\/www.eldigitaldeasturias.com\\\/noticias\\\/author\\\/admin\\\/\",\"name\":\"El Digital de Asturias\",\"image\":{\"@type\":\"ImageObject\",\"@id\":\"https:\\\/\\\/www.eldigitaldeasturias.com\\\/noticias\\\/el-principado-no-actuara-contra-el-gerente-de-gitpa-si-no-hay-juicio-oral\\\/#authorImage\",\"url\":\"https:\\\/\\\/www.eldigitaldeasturias.com\\\/noticias\\\/wp-content\\\/litespeed\\\/avatar\\\/18677e78aa0546b92d9dbf31ec7d7668.jpg?ver=1777290358\",\"width\":96,\"height\":96,\"caption\":\"El Digital de Asturias\"}},{\"@type\":\"WebPage\",\"@id\":\"https:\\\/\\\/www.eldigitaldeasturias.com\\\/noticias\\\/el-principado-no-actuara-contra-el-gerente-de-gitpa-si-no-hay-juicio-oral\\\/#webpage\",\"url\":\"https:\\\/\\\/www.eldigitaldeasturias.com\\\/noticias\\\/el-principado-no-actuara-contra-el-gerente-de-gitpa-si-no-hay-juicio-oral\\\/\",\"name\":\"El Principado no actuar\\u00e1 contra el gerente de Gitpa si no hay juicio oral - El Digital de Asturias\",\"description\":\"El presidente del Gobierno de Asturias, el socialista Javier Fern\\u00e1ndez, se ha referido este martes a la situaci\\u00f3n de Gesti\\u00f3n de Infraestructuras P\\u00fablicas de Telecomunicaciones del Principado de Asturias, que ser\\u00e1 investigada en la Junta General del Principado de Asturias. Fern\\u00e1ndez ha recordado que en este tipo de casos la Federaci\\u00f3n Socialista Asturiana (FSA)-PSOE tiene\",\"inLanguage\":\"es-ES\",\"isPartOf\":{\"@id\":\"https:\\\/\\\/www.eldigitaldeasturias.com\\\/noticias\\\/#website\"},\"breadcrumb\":{\"@id\":\"https:\\\/\\\/www.eldigitaldeasturias.com\\\/noticias\\\/el-principado-no-actuara-contra-el-gerente-de-gitpa-si-no-hay-juicio-oral\\\/#breadcrumblist\"},\"author\":{\"@id\":\"https:\\\/\\\/www.eldigitaldeasturias.com\\\/noticias\\\/author\\\/admin\\\/#author\"},\"creator\":{\"@id\":\"https:\\\/\\\/www.eldigitaldeasturias.com\\\/noticias\\\/author\\\/admin\\\/#author\"},\"image\":{\"@type\":\"ImageObject\",\"url\":\"https:\\\/\\\/www.eldigitaldeasturias.com\\\/noticias\\\/wp-content\\\/uploads\\\/2016\\\/02\\\/fotonoticia_20160223131155_800.jpg\",\"@id\":\"https:\\\/\\\/www.eldigitaldeasturias.com\\\/noticias\\\/el-principado-no-actuara-contra-el-gerente-de-gitpa-si-no-hay-juicio-oral\\\/#mainImage\",\"width\":800,\"height\":528},\"primaryImageOfPage\":{\"@id\":\"https:\\\/\\\/www.eldigitaldeasturias.com\\\/noticias\\\/el-principado-no-actuara-contra-el-gerente-de-gitpa-si-no-hay-juicio-oral\\\/#mainImage\"},\"datePublished\":\"2016-02-23T14:47:10+01:00\",\"dateModified\":\"2016-02-23T14:47:10+01:00\"},{\"@type\":\"WebSite\",\"@id\":\"https:\\\/\\\/www.eldigitaldeasturias.com\\\/noticias\\\/#website\",\"url\":\"https:\\\/\\\/www.eldigitaldeasturias.com\\\/noticias\\\/\",\"name\":\"El Digital de Asturias - Diario de actualidad y noticias\",\"alternateName\":\"El Digital de Asturias - Diario de actualidad y noticias\",\"description\":\"Hemeroteca\",\"inLanguage\":\"es-ES\",\"publisher\":{\"@id\":\"https:\\\/\\\/www.eldigitaldeasturias.com\\\/noticias\\\/#organization\"}}]}\n\t\t<\/script>\n\t\t<!-- All in One SEO Pro -->\r\n\t\t<title>El Principado no actuar\u00e1 contra el gerente de Gitpa si no hay juicio oral - El Digital de Asturias<\/title>\n\n","aioseo_head_json":{"title":"El Principado no actuar\u00e1 contra el gerente de Gitpa si no hay juicio oral - El Digital de Asturias","description":"El presidente del Gobierno de Asturias, el socialista Javier Fern\u00e1ndez, se ha referido este martes a la situaci\u00f3n de Gesti\u00f3n de Infraestructuras P\u00fablicas de Telecomunicaciones del Principado de Asturias, que ser\u00e1 investigada en la Junta General del Principado de Asturias. Fern\u00e1ndez ha recordado que en este tipo de casos la Federaci\u00f3n Socialista Asturiana (FSA)-PSOE tiene","canonical_url":"https:\/\/www.eldigitaldeasturias.com\/noticias\/el-principado-no-actuara-contra-el-gerente-de-gitpa-si-no-hay-juicio-oral\/","robots":"max-image-preview:large","keywords":"actualidad asturias","webmasterTools":{"google-site-verification":"UA-38556648-1","msvalidate.01":"7dfe9f3f1b24437ab69f4f2559babe99","miscellaneous":""},"schema":{"@context":"https:\/\/schema.org","@graph":[{"@type":"BlogPosting","@id":"https:\/\/www.eldigitaldeasturias.com\/noticias\/el-principado-no-actuara-contra-el-gerente-de-gitpa-si-no-hay-juicio-oral\/#blogposting","name":"El Principado no actuar\u00e1 contra el gerente de Gitpa si no hay juicio oral - El Digital de Asturias","headline":"El Principado no actuar\u00e1 contra el gerente de Gitpa si no hay juicio oral","author":{"@id":"https:\/\/www.eldigitaldeasturias.com\/noticias\/author\/admin\/#author"},"publisher":{"@id":"https:\/\/www.eldigitaldeasturias.com\/noticias\/#organization"},"image":{"@type":"ImageObject","url":"https:\/\/www.eldigitaldeasturias.com\/noticias\/wp-content\/uploads\/2016\/02\/fotonoticia_20160223131155_800.jpg","width":800,"height":528},"datePublished":"2016-02-23T14:47:10+01:00","dateModified":"2016-02-23T14:47:10+01:00","inLanguage":"es-ES","mainEntityOfPage":{"@id":"https:\/\/www.eldigitaldeasturias.com\/noticias\/el-principado-no-actuara-contra-el-gerente-de-gitpa-si-no-hay-juicio-oral\/#webpage"},"isPartOf":{"@id":"https:\/\/www.eldigitaldeasturias.com\/noticias\/el-principado-no-actuara-contra-el-gerente-de-gitpa-si-no-hay-juicio-oral\/#webpage"},"articleSection":"Actualidad Asturias"},{"@type":"BreadcrumbList","@id":"https:\/\/www.eldigitaldeasturias.com\/noticias\/el-principado-no-actuara-contra-el-gerente-de-gitpa-si-no-hay-juicio-oral\/#breadcrumblist","itemListElement":[{"@type":"ListItem","@id":"https:\/\/www.eldigitaldeasturias.com\/noticias#listItem","position":1,"name":"Home","item":"https:\/\/www.eldigitaldeasturias.com\/noticias","nextItem":{"@type":"ListItem","@id":"https:\/\/www.eldigitaldeasturias.com\/noticias\/category\/actualidad-asturias\/#listItem","name":"Actualidad Asturias"}},{"@type":"ListItem","@id":"https:\/\/www.eldigitaldeasturias.com\/noticias\/category\/actualidad-asturias\/#listItem","position":2,"name":"Actualidad Asturias","item":"https:\/\/www.eldigitaldeasturias.com\/noticias\/category\/actualidad-asturias\/","nextItem":{"@type":"ListItem","@id":"https:\/\/www.eldigitaldeasturias.com\/noticias\/el-principado-no-actuara-contra-el-gerente-de-gitpa-si-no-hay-juicio-oral\/#listItem","name":"El Principado no actuar\u00e1 contra el gerente de Gitpa si no hay juicio oral"},"previousItem":{"@type":"ListItem","@id":"https:\/\/www.eldigitaldeasturias.com\/noticias#listItem","name":"Home"}},{"@type":"ListItem","@id":"https:\/\/www.eldigitaldeasturias.com\/noticias\/el-principado-no-actuara-contra-el-gerente-de-gitpa-si-no-hay-juicio-oral\/#listItem","position":3,"name":"El Principado no actuar\u00e1 contra el gerente de Gitpa si no hay juicio oral","previousItem":{"@type":"ListItem","@id":"https:\/\/www.eldigitaldeasturias.com\/noticias\/category\/actualidad-asturias\/#listItem","name":"Actualidad Asturias"}}]},{"@type":"Organization","@id":"https:\/\/www.eldigitaldeasturias.com\/noticias\/#organization","name":"El Digital de Asturias","description":"Hemeroteca","url":"https:\/\/www.eldigitaldeasturias.com\/noticias\/","email":"info@eldigitaldeasturias.com","telephone":"+34652131393","logo":{"@type":"ImageObject","url":"https:\/\/www.eldigitaldeasturias.com\/noticias\/wp-content\/uploads\/2020\/12\/EDA.jpg","@id":"https:\/\/www.eldigitaldeasturias.com\/noticias\/el-principado-no-actuara-contra-el-gerente-de-gitpa-si-no-hay-juicio-oral\/#organizationLogo","width":649,"height":297},"image":{"@id":"https:\/\/www.eldigitaldeasturias.com\/noticias\/el-principado-no-actuara-contra-el-gerente-de-gitpa-si-no-hay-juicio-oral\/#organizationLogo"},"sameAs":["https:\/\/facebook.com\/eldigitaldeasturias","https:\/\/www.youtube.com\/channel\/UCZP-2wLEB9Rv6erhFmqVnvg"],"address":{"@id":"https:\/\/www.eldigitaldeasturias.com\/noticias\/#postaladdress","@type":"PostalAddress","streetAddress":"san antonio 4,","postalCode":"33430","addressLocality":"Cand\u00e1s","addressRegion":"Asturias","addressCountry":"ES"}},{"@type":"Person","@id":"https:\/\/www.eldigitaldeasturias.com\/noticias\/author\/admin\/#author","url":"https:\/\/www.eldigitaldeasturias.com\/noticias\/author\/admin\/","name":"El Digital de Asturias","image":{"@type":"ImageObject","@id":"https:\/\/www.eldigitaldeasturias.com\/noticias\/el-principado-no-actuara-contra-el-gerente-de-gitpa-si-no-hay-juicio-oral\/#authorImage","url":"https:\/\/www.eldigitaldeasturias.com\/noticias\/wp-content\/litespeed\/avatar\/18677e78aa0546b92d9dbf31ec7d7668.jpg?ver=1777290358","width":96,"height":96,"caption":"El Digital de Asturias"}},{"@type":"WebPage","@id":"https:\/\/www.eldigitaldeasturias.com\/noticias\/el-principado-no-actuara-contra-el-gerente-de-gitpa-si-no-hay-juicio-oral\/#webpage","url":"https:\/\/www.eldigitaldeasturias.com\/noticias\/el-principado-no-actuara-contra-el-gerente-de-gitpa-si-no-hay-juicio-oral\/","name":"El Principado no actuar\u00e1 contra el gerente de Gitpa si no hay juicio oral - El Digital de Asturias","description":"El presidente del Gobierno de Asturias, el socialista Javier Fern\u00e1ndez, se ha referido este martes a la situaci\u00f3n de Gesti\u00f3n de Infraestructuras P\u00fablicas de Telecomunicaciones del Principado de Asturias, que ser\u00e1 investigada en la Junta General del Principado de Asturias. Fern\u00e1ndez ha recordado que en este tipo de casos la Federaci\u00f3n Socialista Asturiana (FSA)-PSOE tiene","inLanguage":"es-ES","isPartOf":{"@id":"https:\/\/www.eldigitaldeasturias.com\/noticias\/#website"},"breadcrumb":{"@id":"https:\/\/www.eldigitaldeasturias.com\/noticias\/el-principado-no-actuara-contra-el-gerente-de-gitpa-si-no-hay-juicio-oral\/#breadcrumblist"},"author":{"@id":"https:\/\/www.eldigitaldeasturias.com\/noticias\/author\/admin\/#author"},"creator":{"@id":"https:\/\/www.eldigitaldeasturias.com\/noticias\/author\/admin\/#author"},"image":{"@type":"ImageObject","url":"https:\/\/www.eldigitaldeasturias.com\/noticias\/wp-content\/uploads\/2016\/02\/fotonoticia_20160223131155_800.jpg","@id":"https:\/\/www.eldigitaldeasturias.com\/noticias\/el-principado-no-actuara-contra-el-gerente-de-gitpa-si-no-hay-juicio-oral\/#mainImage","width":800,"height":528},"primaryImageOfPage":{"@id":"https:\/\/www.eldigitaldeasturias.com\/noticias\/el-principado-no-actuara-contra-el-gerente-de-gitpa-si-no-hay-juicio-oral\/#mainImage"},"datePublished":"2016-02-23T14:47:10+01:00","dateModified":"2016-02-23T14:47:10+01:00"},{"@type":"WebSite","@id":"https:\/\/www.eldigitaldeasturias.com\/noticias\/#website","url":"https:\/\/www.eldigitaldeasturias.com\/noticias\/","name":"El Digital de Asturias - Diario de actualidad y noticias","alternateName":"El Digital de Asturias - Diario de actualidad y noticias","description":"Hemeroteca","inLanguage":"es-ES","publisher":{"@id":"https:\/\/www.eldigitaldeasturias.com\/noticias\/#organization"}}]},"og:locale":"es_ES","og:site_name":"El Digital de Asturias","og:type":"article","og:title":"El Principado no actuar\u00e1 contra el gerente de Gitpa si no hay juicio oral - El Digital de Asturias","og:description":"El presidente del Gobierno de Asturias, el socialista Javier Fern\u00e1ndez, se ha referido este martes a la situaci\u00f3n de Gesti\u00f3n de Infraestructuras P\u00fablicas de Telecomunicaciones del Principado de Asturias, que ser\u00e1 investigada en la Junta General del Principado de Asturias. Fern\u00e1ndez ha recordado que en este tipo de casos la Federaci\u00f3n Socialista Asturiana (FSA)-PSOE tiene","og:url":"https:\/\/www.eldigitaldeasturias.com\/noticias\/el-principado-no-actuara-contra-el-gerente-de-gitpa-si-no-hay-juicio-oral\/","og:image":"https:\/\/www.eldigitaldeasturias.com\/noticias\/wp-content\/uploads\/2016\/02\/fotonoticia_20160223131155_800.jpg","og:image:secure_url":"https:\/\/www.eldigitaldeasturias.com\/noticias\/wp-content\/uploads\/2016\/02\/fotonoticia_20160223131155_800.jpg","og:image:width":800,"og:image:height":528,"article:tag":["actualidad asturias"],"article:published_time":"2016-02-23T14:47:10+00:00","article:modified_time":"2016-02-23T14:47:10+00:00","article:publisher":"https:\/\/facebook.com\/eldigitaldeasturias","twitter:card":"summary_large_image","twitter:title":"El Principado no actuar\u00e1 contra el gerente de Gitpa si no hay juicio oral - El Digital de Asturias","twitter:description":"El presidente del Gobierno de Asturias, el socialista Javier Fern\u00e1ndez, se ha referido este martes a la situaci\u00f3n de Gesti\u00f3n de Infraestructuras P\u00fablicas de Telecomunicaciones del Principado de Asturias, que ser\u00e1 investigada en la Junta General del Principado de Asturias. Fern\u00e1ndez ha recordado que en este tipo de casos la Federaci\u00f3n Socialista Asturiana (FSA)-PSOE tiene","twitter:image":"https:\/\/www.eldigitaldeasturias.com\/noticias\/wp-content\/uploads\/2016\/02\/fotonoticia_20160223131155_800.jpg","twitter:label1":"Escrito por","twitter:data1":"El Digital de Asturias","twitter:label2":"Tiempo de lectura estimado","twitter:data2":"2 minutos"},"aioseo_meta_data":{"post_id":"861308","title":null,"description":null,"keywords":null,"keyphrases":null,"primary_term":null,"canonical_url":null,"og_title":null,"og_description":null,"og_object_type":"default","og_image_type":"default","og_image_url":null,"og_image_width":null,"og_image_height":null,"og_image_custom_url":null,"og_image_custom_fields":null,"og_video":null,"og_custom_url":null,"og_article_section":null,"og_article_tags":null,"twitter_use_og":false,"twitter_card":"default","twitter_image_type":"default","twitter_image_url":null,"twitter_image_custom_url":null,"twitter_image_custom_fields":null,"twitter_title":null,"twitter_description":null,"schema":{"blockGraphs":[],"customGraphs":[],"default":{"data":{"Article":[],"Course":[],"Dataset":[],"FAQPage":[],"Movie":[],"Person":[],"Product":[],"ProductReview":[],"Car":[],"Recipe":[],"Service":[],"SoftwareApplication":[],"WebPage":[]},"graphName":"","isEnabled":true},"graphs":[],"defaultGraph":"","defaultPostTypeGraph":""},"schema_type":null,"schema_type_options":null,"pillar_content":false,"robots_default":true,"robots_noindex":false,"robots_noarchive":false,"robots_nosnippet":false,"robots_nofollow":false,"robots_noimageindex":false,"robots_noodp":false,"robots_notranslate":false,"robots_max_snippet":null,"robots_max_videopreview":null,"robots_max_imagepreview":"large","priority":null,"frequency":null,"local_seo":null,"seo_analyzer_scan_date":"2025-12-10 20:50:10","breadcrumb_settings":null,"limit_modified_date":false,"open_ai":null,"ai":null,"created":"2021-01-23 00:30:05","updated":"2025-12-10 20:50:10"},"aioseo_breadcrumb":"<div class=\"aioseo-breadcrumbs\"><span class=\"aioseo-breadcrumb\">\n\t<a href=\"https:\/\/www.eldigitaldeasturias.com\/noticias\" title=\"Home\">Home<\/a>\n<\/span><span class=\"aioseo-breadcrumb-separator\">\u2013<\/span><span class=\"aioseo-breadcrumb\">\n\t<a href=\"https:\/\/www.eldigitaldeasturias.com\/noticias\/category\/actualidad-asturias\/\" title=\"Actualidad Asturias\">Actualidad Asturias<\/a>\n<\/span><span class=\"aioseo-breadcrumb-separator\">\u2013<\/span><span class=\"aioseo-breadcrumb\">\n\t<a href=\"https:\/\/www.eldigitaldeasturias.com\/noticias\/el-principado-no-actuara-contra-el-gerente-de-gitpa-si-no-hay-juicio-oral\/\" title=\"El Principado no actuar\u00e1 contra el gerente de Gitpa si no hay juicio oral\">El Principado no actuar\u00e1 contra el gerente de Gitpa si no hay juicio oral<\/a>\n<\/span><\/div>","aioseo_breadcrumb_json":[{"label":"Home","link":"https:\/\/www.eldigitaldeasturias.com\/noticias"},{"label":"Actualidad Asturias","link":"https:\/\/www.eldigitaldeasturias.com\/noticias\/category\/actualidad-asturias\/"},{"label":"El Principado no actuar\u00e1 contra el gerente de Gitpa si no hay juicio oral","link":"https:\/\/www.eldigitaldeasturias.com\/noticias\/el-principado-no-actuara-contra-el-gerente-de-gitpa-si-no-hay-juicio-oral\/"}],"_links":{"self":[{"href":"https:\/\/www.eldigitaldeasturias.com\/noticias\/wp-json\/wp\/v2\/posts\/861308","targetHints":{"allow":["GET"]}}],"collection":[{"href":"https:\/\/www.eldigitaldeasturias.com\/noticias\/wp-json\/wp\/v2\/posts"}],"about":[{"href":"https:\/\/www.eldigitaldeasturias.com\/noticias\/wp-json\/wp\/v2\/types\/post"}],"author":[{"embeddable":true,"href":"https:\/\/www.eldigitaldeasturias.com\/noticias\/wp-json\/wp\/v2\/users\/1"}],"replies":[{"embeddable":true,"href":"https:\/\/www.eldigitaldeasturias.com\/noticias\/wp-json\/wp\/v2\/comments?post=861308"}],"version-history":[{"count":0,"href":"https:\/\/www.eldigitaldeasturias.com\/noticias\/wp-json\/wp\/v2\/posts\/861308\/revisions"}],"wp:featuredmedia":[{"embeddable":true,"href":"https:\/\/www.eldigitaldeasturias.com\/noticias\/wp-json\/wp\/v2\/media\/861309"}],"wp:attachment":[{"href":"https:\/\/www.eldigitaldeasturias.com\/noticias\/wp-json\/wp\/v2\/media?parent=861308"}],"wp:term":[{"taxonomy":"category","embeddable":true,"href":"https:\/\/www.eldigitaldeasturias.com\/noticias\/wp-json\/wp\/v2\/categories?post=861308"},{"taxonomy":"post_tag","embeddable":true,"href":"https:\/\/www.eldigitaldeasturias.com\/noticias\/wp-json\/wp\/v2\/tags?post=861308"}],"curies":[{"name":"wp","href":"https:\/\/api.w.org\/{rel}","templated":true}]}}