{"id":861299,"date":"2016-02-23T14:40:00","date_gmt":"2016-02-23T14:40:00","guid":{"rendered":"http:\/\/www.eldigitaldeasturias.com\/noticias\/?p=861299"},"modified":"2016-02-23T14:40:00","modified_gmt":"2016-02-23T14:40:00","slug":"ciudadanos-pide-a-fernandez-que-emule-a-sanchez-y-se-siente-a-dialogar-con-el-centro-y-la-derecha","status":"publish","type":"post","link":"https:\/\/www.eldigitaldeasturias.com\/noticias\/ciudadanos-pide-a-fernandez-que-emule-a-sanchez-y-se-siente-a-dialogar-con-el-centro-y-la-derecha\/","title":{"rendered":"Ciudadanos pide a Fern\u00e1ndez que emule a S\u00e1nchez y se siente a dialogar con el centro y la derecha"},"content":{"rendered":"<p><img loading=\"lazy\" decoding=\"async\" class=\"alignleft size-medium wp-image-861300\" src=\"https:\/\/www.eldigitaldeasturias.com\/noticias\/wp-content\/uploads\/2016\/02\/fotonoticia_20160223124037_800-360x270.jpg\" alt=\"fotonoticia_20160223124037_800\" width=\"360\" height=\"270\" srcset=\"https:\/\/www.eldigitaldeasturias.com\/noticias\/wp-content\/uploads\/2016\/02\/fotonoticia_20160223124037_800-360x270.jpg 360w, https:\/\/www.eldigitaldeasturias.com\/noticias\/wp-content\/uploads\/2016\/02\/fotonoticia_20160223124037_800-768x576.jpg 768w, https:\/\/www.eldigitaldeasturias.com\/noticias\/wp-content\/uploads\/2016\/02\/fotonoticia_20160223124037_800-650x488.jpg 650w, https:\/\/www.eldigitaldeasturias.com\/noticias\/wp-content\/uploads\/2016\/02\/fotonoticia_20160223124037_800-125x95.jpg 125w, https:\/\/www.eldigitaldeasturias.com\/noticias\/wp-content\/uploads\/2016\/02\/fotonoticia_20160223124037_800-100x75.jpg 100w, https:\/\/www.eldigitaldeasturias.com\/noticias\/wp-content\/uploads\/2016\/02\/fotonoticia_20160223124037_800.jpg 800w\" sizes=\"auto, (max-width: 360px) 100vw, 360px\" \/>Si este lunes el portavoz de IU, Gaspar Llamazares, ped\u00eda a Javier Fern\u00e1ndez un gran acuerdo de las fuerzas de la izquierda en Asturias, este martes ha sido el portavoz de Ciudadanos, Nicanor Garc\u00eda, el que ha pedido al presidente asturiano que emule a Pedro S\u00e1nchez y abra el di\u00e1logo a las fuerzas del centro y la derecha para sacar a Asturias \u00abdel imp\u00e1s y la par\u00e1lisis\u00bb.<\/p>\n<p>Garc\u00eda ha destacado que su grupo parlamentaria no tiene suficiente fuerza para forzar las negociaciones, de lo contrario ya lo hubiesen hecho, porque a su juicio hay que salir de la situaci\u00f3n de par\u00e1lisis de la regi\u00f3n y para ello es necesario un acuerdo que permita contar con un presupuesto que cumpla ciertas premisas.<\/p>\n<p>El portavoz de Ciudadanos ha insistido en que ese intento de acuerdo para lograr un presupuesto fracas\u00f3 con las fuerzas de la izquierda, por lo que ahora se hace necesario dialogar con las fuerzas del centro y de la derecha. De ah\u00ed que considere el di\u00e1logo entre PSOE, PP y Ciudadanos como la base para dicho acuerdo.<\/p>\n<p>\u00abEl PP y el PSOE no pueden seguir enfrentados. Es necesario que se sienten a dialogar y a ello les invitamos desde Ciudadanos. No tenemos porque hablar de un nuevo presupuesto, hay otros mecanismos para corregir la situaci\u00f3n de pr\u00f3rroga\u00bb, ha insistido Garc\u00eda.<\/p>\n<p>Ha indicado que son sabedores de que \u00abJavier Fern\u00e1ndez no se siente c\u00f3modo con un presupuesto acordado con la derecha\u00bb pero le ha advertido que \u00abGobernar no es s\u00f3lo estar c\u00f3modo\u00bb. As\u00ed mismo ha insistido en que Ciudadanos no se niega a dialogar con las fuerzas de izquierdas pero ha insistido en que \u00absi el acuerdo para el presupuesto fracas\u00f3 con esas fuerzas habr\u00e1 que intentarlo con otras\u00bb.<\/p>\n<p>Nicanor Garc\u00eda ha destacado varias premisas a tener en cuenta para lograr ese acuerdo que pasar\u00edan por un presupuesto que no aumente la presi\u00f3n fiscal ni aborde nuevos impuestos; que se corrija el error de salto del impuesto de sucesiones; mantener el volumen inversor o incluso incrementarlo a trav\u00e9s de cr\u00e9ditos extraordinarios; apostar por la I+D+i y elaborar una agenda de medidas concretas para pymes y aut\u00f3nomos.<\/p>\n","protected":false},"excerpt":{"rendered":"<p>Si este lunes el portavoz de IU, Gaspar Llamazares, ped\u00eda a Javier Fern\u00e1ndez un gran acuerdo de las fuerzas de la izquierda en Asturias, este martes ha sido el portavoz de Ciudadanos, Nicanor Garc\u00eda, el que ha pedido al presidente asturiano que emule a Pedro S\u00e1nchez y abra el di\u00e1logo a las fuerzas del centro [&hellip;]<\/p>\n","protected":false},"author":1,"featured_media":861300,"comment_status":"closed","ping_status":"closed","sticky":false,"template":"","format":"standard","meta":{"footnotes":""},"categories":[12],"tags":[],"class_list":["post-861299","post","type-post","status-publish","format-standard","has-post-thumbnail","hentry","category-actualidad-asturias"],"aioseo_notices":[],"aioseo_head":"\n\t\t<!-- All in One SEO Pro 4.9.6.2 - aioseo.com -->\n\t<meta name=\"description\" content=\"Si este lunes el portavoz de IU, Gaspar Llamazares, ped\u00eda a Javier Fern\u00e1ndez un gran acuerdo de las fuerzas de la izquierda en Asturias, este martes ha sido el portavoz de Ciudadanos, Nicanor Garc\u00eda, el que ha pedido al presidente asturiano que emule a Pedro S\u00e1nchez y abra el di\u00e1logo a las fuerzas del centro\" \/>\n\t<meta name=\"robots\" content=\"max-image-preview:large\" \/>\n\t<meta name=\"author\" content=\"El Digital de Asturias\"\/>\n\t<meta name=\"google-site-verification\" content=\"UA-38556648-1\" \/>\n\t<meta name=\"msvalidate.01\" content=\"7dfe9f3f1b24437ab69f4f2559babe99\" \/>\n\t<meta name=\"keywords\" content=\"actualidad asturias\" \/>\n\t<link rel=\"canonical\" href=\"https:\/\/www.eldigitaldeasturias.com\/noticias\/ciudadanos-pide-a-fernandez-que-emule-a-sanchez-y-se-siente-a-dialogar-con-el-centro-y-la-derecha\/\" \/>\n\t<meta name=\"generator\" content=\"All in One SEO Pro (AIOSEO) 4.9.6.2\" \/>\n\t\t<meta property=\"og:locale\" content=\"es_ES\" \/>\n\t\t<meta property=\"og:site_name\" content=\"El Digital de Asturias\" \/>\n\t\t<meta property=\"og:type\" content=\"article\" \/>\n\t\t<meta property=\"og:title\" content=\"Ciudadanos pide a Fern\u00e1ndez que emule a S\u00e1nchez y se siente a dialogar con el centro y la derecha - El Digital de Asturias\" \/>\n\t\t<meta property=\"og:description\" content=\"Si este lunes el portavoz de IU, Gaspar Llamazares, ped\u00eda a Javier Fern\u00e1ndez un gran acuerdo de las fuerzas de la izquierda en Asturias, este martes ha sido el portavoz de Ciudadanos, Nicanor Garc\u00eda, el que ha pedido al presidente asturiano que emule a Pedro S\u00e1nchez y abra el di\u00e1logo a las fuerzas del centro\" \/>\n\t\t<meta property=\"og:url\" content=\"https:\/\/www.eldigitaldeasturias.com\/noticias\/ciudadanos-pide-a-fernandez-que-emule-a-sanchez-y-se-siente-a-dialogar-con-el-centro-y-la-derecha\/\" \/>\n\t\t<meta property=\"og:image\" content=\"https:\/\/www.eldigitaldeasturias.com\/noticias\/wp-content\/uploads\/2016\/02\/fotonoticia_20160223124037_800.jpg\" \/>\n\t\t<meta property=\"og:image:secure_url\" content=\"https:\/\/www.eldigitaldeasturias.com\/noticias\/wp-content\/uploads\/2016\/02\/fotonoticia_20160223124037_800.jpg\" \/>\n\t\t<meta property=\"og:image:width\" content=\"800\" \/>\n\t\t<meta property=\"og:image:height\" content=\"600\" \/>\n\t\t<meta property=\"article:tag\" content=\"actualidad asturias\" \/>\n\t\t<meta property=\"article:published_time\" content=\"2016-02-23T14:40:00+00:00\" \/>\n\t\t<meta property=\"article:modified_time\" content=\"2016-02-23T14:40:00+00:00\" \/>\n\t\t<meta property=\"article:publisher\" content=\"https:\/\/facebook.com\/eldigitaldeasturias\" \/>\n\t\t<meta name=\"twitter:card\" content=\"summary_large_image\" \/>\n\t\t<meta name=\"twitter:title\" content=\"Ciudadanos pide a Fern\u00e1ndez que emule a S\u00e1nchez y se siente a dialogar con el centro y la derecha - El Digital de Asturias\" \/>\n\t\t<meta name=\"twitter:description\" content=\"Si este lunes el portavoz de IU, Gaspar Llamazares, ped\u00eda a Javier Fern\u00e1ndez un gran acuerdo de las fuerzas de la izquierda en Asturias, este martes ha sido el portavoz de Ciudadanos, Nicanor Garc\u00eda, el que ha pedido al presidente asturiano que emule a Pedro S\u00e1nchez y abra el di\u00e1logo a las fuerzas del centro\" \/>\n\t\t<meta name=\"twitter:image\" content=\"https:\/\/www.eldigitaldeasturias.com\/noticias\/wp-content\/uploads\/2016\/02\/fotonoticia_20160223124037_800.jpg\" \/>\n\t\t<meta name=\"twitter:label1\" content=\"Escrito por\" \/>\n\t\t<meta name=\"twitter:data1\" content=\"El Digital de Asturias\" \/>\n\t\t<meta name=\"twitter:label2\" content=\"Tiempo de lectura estimado\" \/>\n\t\t<meta name=\"twitter:data2\" content=\"2 minutos\" \/>\n\t\t<script type=\"application\/ld+json\" class=\"aioseo-schema\">\n\t\t\t{\"@context\":\"https:\\\/\\\/schema.org\",\"@graph\":[{\"@type\":\"BlogPosting\",\"@id\":\"https:\\\/\\\/www.eldigitaldeasturias.com\\\/noticias\\\/ciudadanos-pide-a-fernandez-que-emule-a-sanchez-y-se-siente-a-dialogar-con-el-centro-y-la-derecha\\\/#blogposting\",\"name\":\"Ciudadanos pide a Fern\\u00e1ndez que emule a S\\u00e1nchez y se siente a dialogar con el centro y la derecha - El Digital de Asturias\",\"headline\":\"Ciudadanos pide a Fern\\u00e1ndez que emule a S\\u00e1nchez y se siente a dialogar con el centro y la derecha\",\"author\":{\"@id\":\"https:\\\/\\\/www.eldigitaldeasturias.com\\\/noticias\\\/author\\\/admin\\\/#author\"},\"publisher\":{\"@id\":\"https:\\\/\\\/www.eldigitaldeasturias.com\\\/noticias\\\/#organization\"},\"image\":{\"@type\":\"ImageObject\",\"url\":\"https:\\\/\\\/www.eldigitaldeasturias.com\\\/noticias\\\/wp-content\\\/uploads\\\/2016\\\/02\\\/fotonoticia_20160223124037_800.jpg\",\"width\":800,\"height\":600},\"datePublished\":\"2016-02-23T14:40:00+01:00\",\"dateModified\":\"2016-02-23T14:40:00+01:00\",\"inLanguage\":\"es-ES\",\"mainEntityOfPage\":{\"@id\":\"https:\\\/\\\/www.eldigitaldeasturias.com\\\/noticias\\\/ciudadanos-pide-a-fernandez-que-emule-a-sanchez-y-se-siente-a-dialogar-con-el-centro-y-la-derecha\\\/#webpage\"},\"isPartOf\":{\"@id\":\"https:\\\/\\\/www.eldigitaldeasturias.com\\\/noticias\\\/ciudadanos-pide-a-fernandez-que-emule-a-sanchez-y-se-siente-a-dialogar-con-el-centro-y-la-derecha\\\/#webpage\"},\"articleSection\":\"Actualidad Asturias\"},{\"@type\":\"BreadcrumbList\",\"@id\":\"https:\\\/\\\/www.eldigitaldeasturias.com\\\/noticias\\\/ciudadanos-pide-a-fernandez-que-emule-a-sanchez-y-se-siente-a-dialogar-con-el-centro-y-la-derecha\\\/#breadcrumblist\",\"itemListElement\":[{\"@type\":\"ListItem\",\"@id\":\"https:\\\/\\\/www.eldigitaldeasturias.com\\\/noticias#listItem\",\"position\":1,\"name\":\"Home\",\"item\":\"https:\\\/\\\/www.eldigitaldeasturias.com\\\/noticias\",\"nextItem\":{\"@type\":\"ListItem\",\"@id\":\"https:\\\/\\\/www.eldigitaldeasturias.com\\\/noticias\\\/category\\\/actualidad-asturias\\\/#listItem\",\"name\":\"Actualidad Asturias\"}},{\"@type\":\"ListItem\",\"@id\":\"https:\\\/\\\/www.eldigitaldeasturias.com\\\/noticias\\\/category\\\/actualidad-asturias\\\/#listItem\",\"position\":2,\"name\":\"Actualidad Asturias\",\"item\":\"https:\\\/\\\/www.eldigitaldeasturias.com\\\/noticias\\\/category\\\/actualidad-asturias\\\/\",\"nextItem\":{\"@type\":\"ListItem\",\"@id\":\"https:\\\/\\\/www.eldigitaldeasturias.com\\\/noticias\\\/ciudadanos-pide-a-fernandez-que-emule-a-sanchez-y-se-siente-a-dialogar-con-el-centro-y-la-derecha\\\/#listItem\",\"name\":\"Ciudadanos pide a Fern\\u00e1ndez que emule a S\\u00e1nchez y se siente a dialogar con el centro y la derecha\"},\"previousItem\":{\"@type\":\"ListItem\",\"@id\":\"https:\\\/\\\/www.eldigitaldeasturias.com\\\/noticias#listItem\",\"name\":\"Home\"}},{\"@type\":\"ListItem\",\"@id\":\"https:\\\/\\\/www.eldigitaldeasturias.com\\\/noticias\\\/ciudadanos-pide-a-fernandez-que-emule-a-sanchez-y-se-siente-a-dialogar-con-el-centro-y-la-derecha\\\/#listItem\",\"position\":3,\"name\":\"Ciudadanos pide a Fern\\u00e1ndez que emule a S\\u00e1nchez y se siente a dialogar con el centro y la derecha\",\"previousItem\":{\"@type\":\"ListItem\",\"@id\":\"https:\\\/\\\/www.eldigitaldeasturias.com\\\/noticias\\\/category\\\/actualidad-asturias\\\/#listItem\",\"name\":\"Actualidad Asturias\"}}]},{\"@type\":\"Organization\",\"@id\":\"https:\\\/\\\/www.eldigitaldeasturias.com\\\/noticias\\\/#organization\",\"name\":\"El Digital de Asturias\",\"description\":\"Hemeroteca\",\"url\":\"https:\\\/\\\/www.eldigitaldeasturias.com\\\/noticias\\\/\",\"email\":\"info@eldigitaldeasturias.com\",\"telephone\":\"+34652131393\",\"logo\":{\"@type\":\"ImageObject\",\"url\":\"https:\\\/\\\/www.eldigitaldeasturias.com\\\/noticias\\\/wp-content\\\/uploads\\\/2020\\\/12\\\/EDA.jpg\",\"@id\":\"https:\\\/\\\/www.eldigitaldeasturias.com\\\/noticias\\\/ciudadanos-pide-a-fernandez-que-emule-a-sanchez-y-se-siente-a-dialogar-con-el-centro-y-la-derecha\\\/#organizationLogo\",\"width\":649,\"height\":297},\"image\":{\"@id\":\"https:\\\/\\\/www.eldigitaldeasturias.com\\\/noticias\\\/ciudadanos-pide-a-fernandez-que-emule-a-sanchez-y-se-siente-a-dialogar-con-el-centro-y-la-derecha\\\/#organizationLogo\"},\"sameAs\":[\"https:\\\/\\\/facebook.com\\\/eldigitaldeasturias\",\"https:\\\/\\\/www.youtube.com\\\/channel\\\/UCZP-2wLEB9Rv6erhFmqVnvg\"],\"address\":{\"@id\":\"https:\\\/\\\/www.eldigitaldeasturias.com\\\/noticias\\\/#postaladdress\",\"@type\":\"PostalAddress\",\"streetAddress\":\"san antonio 4,\",\"postalCode\":\"33430\",\"addressLocality\":\"Cand\\u00e1s\",\"addressRegion\":\"Asturias\",\"addressCountry\":\"ES\"}},{\"@type\":\"Person\",\"@id\":\"https:\\\/\\\/www.eldigitaldeasturias.com\\\/noticias\\\/author\\\/admin\\\/#author\",\"url\":\"https:\\\/\\\/www.eldigitaldeasturias.com\\\/noticias\\\/author\\\/admin\\\/\",\"name\":\"El Digital de Asturias\",\"image\":{\"@type\":\"ImageObject\",\"@id\":\"https:\\\/\\\/www.eldigitaldeasturias.com\\\/noticias\\\/ciudadanos-pide-a-fernandez-que-emule-a-sanchez-y-se-siente-a-dialogar-con-el-centro-y-la-derecha\\\/#authorImage\",\"url\":\"https:\\\/\\\/www.eldigitaldeasturias.com\\\/noticias\\\/wp-content\\\/litespeed\\\/avatar\\\/18677e78aa0546b92d9dbf31ec7d7668.jpg?ver=1777290358\",\"width\":96,\"height\":96,\"caption\":\"El Digital de Asturias\"}},{\"@type\":\"WebPage\",\"@id\":\"https:\\\/\\\/www.eldigitaldeasturias.com\\\/noticias\\\/ciudadanos-pide-a-fernandez-que-emule-a-sanchez-y-se-siente-a-dialogar-con-el-centro-y-la-derecha\\\/#webpage\",\"url\":\"https:\\\/\\\/www.eldigitaldeasturias.com\\\/noticias\\\/ciudadanos-pide-a-fernandez-que-emule-a-sanchez-y-se-siente-a-dialogar-con-el-centro-y-la-derecha\\\/\",\"name\":\"Ciudadanos pide a Fern\\u00e1ndez que emule a S\\u00e1nchez y se siente a dialogar con el centro y la derecha - El Digital de Asturias\",\"description\":\"Si este lunes el portavoz de IU, Gaspar Llamazares, ped\\u00eda a Javier Fern\\u00e1ndez un gran acuerdo de las fuerzas de la izquierda en Asturias, este martes ha sido el portavoz de Ciudadanos, Nicanor Garc\\u00eda, el que ha pedido al presidente asturiano que emule a Pedro S\\u00e1nchez y abra el di\\u00e1logo a las fuerzas del centro\",\"inLanguage\":\"es-ES\",\"isPartOf\":{\"@id\":\"https:\\\/\\\/www.eldigitaldeasturias.com\\\/noticias\\\/#website\"},\"breadcrumb\":{\"@id\":\"https:\\\/\\\/www.eldigitaldeasturias.com\\\/noticias\\\/ciudadanos-pide-a-fernandez-que-emule-a-sanchez-y-se-siente-a-dialogar-con-el-centro-y-la-derecha\\\/#breadcrumblist\"},\"author\":{\"@id\":\"https:\\\/\\\/www.eldigitaldeasturias.com\\\/noticias\\\/author\\\/admin\\\/#author\"},\"creator\":{\"@id\":\"https:\\\/\\\/www.eldigitaldeasturias.com\\\/noticias\\\/author\\\/admin\\\/#author\"},\"image\":{\"@type\":\"ImageObject\",\"url\":\"https:\\\/\\\/www.eldigitaldeasturias.com\\\/noticias\\\/wp-content\\\/uploads\\\/2016\\\/02\\\/fotonoticia_20160223124037_800.jpg\",\"@id\":\"https:\\\/\\\/www.eldigitaldeasturias.com\\\/noticias\\\/ciudadanos-pide-a-fernandez-que-emule-a-sanchez-y-se-siente-a-dialogar-con-el-centro-y-la-derecha\\\/#mainImage\",\"width\":800,\"height\":600},\"primaryImageOfPage\":{\"@id\":\"https:\\\/\\\/www.eldigitaldeasturias.com\\\/noticias\\\/ciudadanos-pide-a-fernandez-que-emule-a-sanchez-y-se-siente-a-dialogar-con-el-centro-y-la-derecha\\\/#mainImage\"},\"datePublished\":\"2016-02-23T14:40:00+01:00\",\"dateModified\":\"2016-02-23T14:40:00+01:00\"},{\"@type\":\"WebSite\",\"@id\":\"https:\\\/\\\/www.eldigitaldeasturias.com\\\/noticias\\\/#website\",\"url\":\"https:\\\/\\\/www.eldigitaldeasturias.com\\\/noticias\\\/\",\"name\":\"El Digital de Asturias - Diario de actualidad y noticias\",\"alternateName\":\"El Digital de Asturias - Diario de actualidad y noticias\",\"description\":\"Hemeroteca\",\"inLanguage\":\"es-ES\",\"publisher\":{\"@id\":\"https:\\\/\\\/www.eldigitaldeasturias.com\\\/noticias\\\/#organization\"}}]}\n\t\t<\/script>\n\t\t<!-- All in One SEO Pro -->\r\n\t\t<title>Ciudadanos pide a Fern\u00e1ndez que emule a S\u00e1nchez y se siente a dialogar con el centro y la derecha - El Digital de Asturias<\/title>\n\n","aioseo_head_json":{"title":"Ciudadanos pide a Fern\u00e1ndez que emule a S\u00e1nchez y se siente a dialogar con el centro y la derecha - El Digital de Asturias","description":"Si este lunes el portavoz de IU, Gaspar Llamazares, ped\u00eda a Javier Fern\u00e1ndez un gran acuerdo de las fuerzas de la izquierda en Asturias, este martes ha sido el portavoz de Ciudadanos, Nicanor Garc\u00eda, el que ha pedido al presidente asturiano que emule a Pedro S\u00e1nchez y abra el di\u00e1logo a las fuerzas del centro","canonical_url":"https:\/\/www.eldigitaldeasturias.com\/noticias\/ciudadanos-pide-a-fernandez-que-emule-a-sanchez-y-se-siente-a-dialogar-con-el-centro-y-la-derecha\/","robots":"max-image-preview:large","keywords":"actualidad asturias","webmasterTools":{"google-site-verification":"UA-38556648-1","msvalidate.01":"7dfe9f3f1b24437ab69f4f2559babe99","miscellaneous":""},"schema":{"@context":"https:\/\/schema.org","@graph":[{"@type":"BlogPosting","@id":"https:\/\/www.eldigitaldeasturias.com\/noticias\/ciudadanos-pide-a-fernandez-que-emule-a-sanchez-y-se-siente-a-dialogar-con-el-centro-y-la-derecha\/#blogposting","name":"Ciudadanos pide a Fern\u00e1ndez que emule a S\u00e1nchez y se siente a dialogar con el centro y la derecha - El Digital de Asturias","headline":"Ciudadanos pide a Fern\u00e1ndez que emule a S\u00e1nchez y se siente a dialogar con el centro y la derecha","author":{"@id":"https:\/\/www.eldigitaldeasturias.com\/noticias\/author\/admin\/#author"},"publisher":{"@id":"https:\/\/www.eldigitaldeasturias.com\/noticias\/#organization"},"image":{"@type":"ImageObject","url":"https:\/\/www.eldigitaldeasturias.com\/noticias\/wp-content\/uploads\/2016\/02\/fotonoticia_20160223124037_800.jpg","width":800,"height":600},"datePublished":"2016-02-23T14:40:00+01:00","dateModified":"2016-02-23T14:40:00+01:00","inLanguage":"es-ES","mainEntityOfPage":{"@id":"https:\/\/www.eldigitaldeasturias.com\/noticias\/ciudadanos-pide-a-fernandez-que-emule-a-sanchez-y-se-siente-a-dialogar-con-el-centro-y-la-derecha\/#webpage"},"isPartOf":{"@id":"https:\/\/www.eldigitaldeasturias.com\/noticias\/ciudadanos-pide-a-fernandez-que-emule-a-sanchez-y-se-siente-a-dialogar-con-el-centro-y-la-derecha\/#webpage"},"articleSection":"Actualidad Asturias"},{"@type":"BreadcrumbList","@id":"https:\/\/www.eldigitaldeasturias.com\/noticias\/ciudadanos-pide-a-fernandez-que-emule-a-sanchez-y-se-siente-a-dialogar-con-el-centro-y-la-derecha\/#breadcrumblist","itemListElement":[{"@type":"ListItem","@id":"https:\/\/www.eldigitaldeasturias.com\/noticias#listItem","position":1,"name":"Home","item":"https:\/\/www.eldigitaldeasturias.com\/noticias","nextItem":{"@type":"ListItem","@id":"https:\/\/www.eldigitaldeasturias.com\/noticias\/category\/actualidad-asturias\/#listItem","name":"Actualidad Asturias"}},{"@type":"ListItem","@id":"https:\/\/www.eldigitaldeasturias.com\/noticias\/category\/actualidad-asturias\/#listItem","position":2,"name":"Actualidad Asturias","item":"https:\/\/www.eldigitaldeasturias.com\/noticias\/category\/actualidad-asturias\/","nextItem":{"@type":"ListItem","@id":"https:\/\/www.eldigitaldeasturias.com\/noticias\/ciudadanos-pide-a-fernandez-que-emule-a-sanchez-y-se-siente-a-dialogar-con-el-centro-y-la-derecha\/#listItem","name":"Ciudadanos pide a Fern\u00e1ndez que emule a S\u00e1nchez y se siente a dialogar con el centro y la derecha"},"previousItem":{"@type":"ListItem","@id":"https:\/\/www.eldigitaldeasturias.com\/noticias#listItem","name":"Home"}},{"@type":"ListItem","@id":"https:\/\/www.eldigitaldeasturias.com\/noticias\/ciudadanos-pide-a-fernandez-que-emule-a-sanchez-y-se-siente-a-dialogar-con-el-centro-y-la-derecha\/#listItem","position":3,"name":"Ciudadanos pide a Fern\u00e1ndez que emule a S\u00e1nchez y se siente a dialogar con el centro y la derecha","previousItem":{"@type":"ListItem","@id":"https:\/\/www.eldigitaldeasturias.com\/noticias\/category\/actualidad-asturias\/#listItem","name":"Actualidad Asturias"}}]},{"@type":"Organization","@id":"https:\/\/www.eldigitaldeasturias.com\/noticias\/#organization","name":"El Digital de Asturias","description":"Hemeroteca","url":"https:\/\/www.eldigitaldeasturias.com\/noticias\/","email":"info@eldigitaldeasturias.com","telephone":"+34652131393","logo":{"@type":"ImageObject","url":"https:\/\/www.eldigitaldeasturias.com\/noticias\/wp-content\/uploads\/2020\/12\/EDA.jpg","@id":"https:\/\/www.eldigitaldeasturias.com\/noticias\/ciudadanos-pide-a-fernandez-que-emule-a-sanchez-y-se-siente-a-dialogar-con-el-centro-y-la-derecha\/#organizationLogo","width":649,"height":297},"image":{"@id":"https:\/\/www.eldigitaldeasturias.com\/noticias\/ciudadanos-pide-a-fernandez-que-emule-a-sanchez-y-se-siente-a-dialogar-con-el-centro-y-la-derecha\/#organizationLogo"},"sameAs":["https:\/\/facebook.com\/eldigitaldeasturias","https:\/\/www.youtube.com\/channel\/UCZP-2wLEB9Rv6erhFmqVnvg"],"address":{"@id":"https:\/\/www.eldigitaldeasturias.com\/noticias\/#postaladdress","@type":"PostalAddress","streetAddress":"san antonio 4,","postalCode":"33430","addressLocality":"Cand\u00e1s","addressRegion":"Asturias","addressCountry":"ES"}},{"@type":"Person","@id":"https:\/\/www.eldigitaldeasturias.com\/noticias\/author\/admin\/#author","url":"https:\/\/www.eldigitaldeasturias.com\/noticias\/author\/admin\/","name":"El Digital de Asturias","image":{"@type":"ImageObject","@id":"https:\/\/www.eldigitaldeasturias.com\/noticias\/ciudadanos-pide-a-fernandez-que-emule-a-sanchez-y-se-siente-a-dialogar-con-el-centro-y-la-derecha\/#authorImage","url":"https:\/\/www.eldigitaldeasturias.com\/noticias\/wp-content\/litespeed\/avatar\/18677e78aa0546b92d9dbf31ec7d7668.jpg?ver=1777290358","width":96,"height":96,"caption":"El Digital de Asturias"}},{"@type":"WebPage","@id":"https:\/\/www.eldigitaldeasturias.com\/noticias\/ciudadanos-pide-a-fernandez-que-emule-a-sanchez-y-se-siente-a-dialogar-con-el-centro-y-la-derecha\/#webpage","url":"https:\/\/www.eldigitaldeasturias.com\/noticias\/ciudadanos-pide-a-fernandez-que-emule-a-sanchez-y-se-siente-a-dialogar-con-el-centro-y-la-derecha\/","name":"Ciudadanos pide a Fern\u00e1ndez que emule a S\u00e1nchez y se siente a dialogar con el centro y la derecha - El Digital de Asturias","description":"Si este lunes el portavoz de IU, Gaspar Llamazares, ped\u00eda a Javier Fern\u00e1ndez un gran acuerdo de las fuerzas de la izquierda en Asturias, este martes ha sido el portavoz de Ciudadanos, Nicanor Garc\u00eda, el que ha pedido al presidente asturiano que emule a Pedro S\u00e1nchez y abra el di\u00e1logo a las fuerzas del centro","inLanguage":"es-ES","isPartOf":{"@id":"https:\/\/www.eldigitaldeasturias.com\/noticias\/#website"},"breadcrumb":{"@id":"https:\/\/www.eldigitaldeasturias.com\/noticias\/ciudadanos-pide-a-fernandez-que-emule-a-sanchez-y-se-siente-a-dialogar-con-el-centro-y-la-derecha\/#breadcrumblist"},"author":{"@id":"https:\/\/www.eldigitaldeasturias.com\/noticias\/author\/admin\/#author"},"creator":{"@id":"https:\/\/www.eldigitaldeasturias.com\/noticias\/author\/admin\/#author"},"image":{"@type":"ImageObject","url":"https:\/\/www.eldigitaldeasturias.com\/noticias\/wp-content\/uploads\/2016\/02\/fotonoticia_20160223124037_800.jpg","@id":"https:\/\/www.eldigitaldeasturias.com\/noticias\/ciudadanos-pide-a-fernandez-que-emule-a-sanchez-y-se-siente-a-dialogar-con-el-centro-y-la-derecha\/#mainImage","width":800,"height":600},"primaryImageOfPage":{"@id":"https:\/\/www.eldigitaldeasturias.com\/noticias\/ciudadanos-pide-a-fernandez-que-emule-a-sanchez-y-se-siente-a-dialogar-con-el-centro-y-la-derecha\/#mainImage"},"datePublished":"2016-02-23T14:40:00+01:00","dateModified":"2016-02-23T14:40:00+01:00"},{"@type":"WebSite","@id":"https:\/\/www.eldigitaldeasturias.com\/noticias\/#website","url":"https:\/\/www.eldigitaldeasturias.com\/noticias\/","name":"El Digital de Asturias - Diario de actualidad y noticias","alternateName":"El Digital de Asturias - Diario de actualidad y noticias","description":"Hemeroteca","inLanguage":"es-ES","publisher":{"@id":"https:\/\/www.eldigitaldeasturias.com\/noticias\/#organization"}}]},"og:locale":"es_ES","og:site_name":"El Digital de Asturias","og:type":"article","og:title":"Ciudadanos pide a Fern\u00e1ndez que emule a S\u00e1nchez y se siente a dialogar con el centro y la derecha - El Digital de Asturias","og:description":"Si este lunes el portavoz de IU, Gaspar Llamazares, ped\u00eda a Javier Fern\u00e1ndez un gran acuerdo de las fuerzas de la izquierda en Asturias, este martes ha sido el portavoz de Ciudadanos, Nicanor Garc\u00eda, el que ha pedido al presidente asturiano que emule a Pedro S\u00e1nchez y abra el di\u00e1logo a las fuerzas del centro","og:url":"https:\/\/www.eldigitaldeasturias.com\/noticias\/ciudadanos-pide-a-fernandez-que-emule-a-sanchez-y-se-siente-a-dialogar-con-el-centro-y-la-derecha\/","og:image":"https:\/\/www.eldigitaldeasturias.com\/noticias\/wp-content\/uploads\/2016\/02\/fotonoticia_20160223124037_800.jpg","og:image:secure_url":"https:\/\/www.eldigitaldeasturias.com\/noticias\/wp-content\/uploads\/2016\/02\/fotonoticia_20160223124037_800.jpg","og:image:width":800,"og:image:height":600,"article:tag":["actualidad asturias"],"article:published_time":"2016-02-23T14:40:00+00:00","article:modified_time":"2016-02-23T14:40:00+00:00","article:publisher":"https:\/\/facebook.com\/eldigitaldeasturias","twitter:card":"summary_large_image","twitter:title":"Ciudadanos pide a Fern\u00e1ndez que emule a S\u00e1nchez y se siente a dialogar con el centro y la derecha - El Digital de Asturias","twitter:description":"Si este lunes el portavoz de IU, Gaspar Llamazares, ped\u00eda a Javier Fern\u00e1ndez un gran acuerdo de las fuerzas de la izquierda en Asturias, este martes ha sido el portavoz de Ciudadanos, Nicanor Garc\u00eda, el que ha pedido al presidente asturiano que emule a Pedro S\u00e1nchez y abra el di\u00e1logo a las fuerzas del centro","twitter:image":"https:\/\/www.eldigitaldeasturias.com\/noticias\/wp-content\/uploads\/2016\/02\/fotonoticia_20160223124037_800.jpg","twitter:label1":"Escrito por","twitter:data1":"El Digital de Asturias","twitter:label2":"Tiempo de lectura estimado","twitter:data2":"2 minutos"},"aioseo_meta_data":{"post_id":"861299","title":null,"description":null,"keywords":null,"keyphrases":null,"primary_term":null,"canonical_url":null,"og_title":null,"og_description":null,"og_object_type":"default","og_image_type":"default","og_image_url":null,"og_image_width":null,"og_image_height":null,"og_image_custom_url":null,"og_image_custom_fields":null,"og_video":null,"og_custom_url":null,"og_article_section":null,"og_article_tags":null,"twitter_use_og":false,"twitter_card":"default","twitter_image_type":"default","twitter_image_url":null,"twitter_image_custom_url":null,"twitter_image_custom_fields":null,"twitter_title":null,"twitter_description":null,"schema":{"blockGraphs":[],"customGraphs":[],"default":{"data":{"Article":[],"Course":[],"Dataset":[],"FAQPage":[],"Movie":[],"Person":[],"Product":[],"ProductReview":[],"Car":[],"Recipe":[],"Service":[],"SoftwareApplication":[],"WebPage":[]},"graphName":"","isEnabled":true},"graphs":[],"defaultGraph":"","defaultPostTypeGraph":""},"schema_type":null,"schema_type_options":null,"pillar_content":false,"robots_default":true,"robots_noindex":false,"robots_noarchive":false,"robots_nosnippet":false,"robots_nofollow":false,"robots_noimageindex":false,"robots_noodp":false,"robots_notranslate":false,"robots_max_snippet":null,"robots_max_videopreview":null,"robots_max_imagepreview":"large","priority":null,"frequency":null,"local_seo":null,"seo_analyzer_scan_date":"2025-12-10 20:48:13","breadcrumb_settings":null,"limit_modified_date":false,"open_ai":null,"ai":null,"created":"2021-01-23 15:00:19","updated":"2025-12-10 20:48:13"},"aioseo_breadcrumb":"<div class=\"aioseo-breadcrumbs\"><span class=\"aioseo-breadcrumb\">\n\t<a href=\"https:\/\/www.eldigitaldeasturias.com\/noticias\" title=\"Home\">Home<\/a>\n<\/span><span class=\"aioseo-breadcrumb-separator\">\u2013<\/span><span class=\"aioseo-breadcrumb\">\n\t<a href=\"https:\/\/www.eldigitaldeasturias.com\/noticias\/category\/actualidad-asturias\/\" title=\"Actualidad Asturias\">Actualidad Asturias<\/a>\n<\/span><span class=\"aioseo-breadcrumb-separator\">\u2013<\/span><span class=\"aioseo-breadcrumb\">\n\t<a href=\"https:\/\/www.eldigitaldeasturias.com\/noticias\/ciudadanos-pide-a-fernandez-que-emule-a-sanchez-y-se-siente-a-dialogar-con-el-centro-y-la-derecha\/\" title=\"Ciudadanos pide a Fern\u00e1ndez que emule a S\u00e1nchez y se siente a dialogar con el centro y la derecha\">Ciudadanos pide a Fern\u00e1ndez que emule a S\u00e1nchez y se siente a dialogar con el centro y la derecha<\/a>\n<\/span><\/div>","aioseo_breadcrumb_json":[{"label":"Home","link":"https:\/\/www.eldigitaldeasturias.com\/noticias"},{"label":"Actualidad Asturias","link":"https:\/\/www.eldigitaldeasturias.com\/noticias\/category\/actualidad-asturias\/"},{"label":"Ciudadanos pide a Fern\u00e1ndez que emule a S\u00e1nchez y se siente a dialogar con el centro y la derecha","link":"https:\/\/www.eldigitaldeasturias.com\/noticias\/ciudadanos-pide-a-fernandez-que-emule-a-sanchez-y-se-siente-a-dialogar-con-el-centro-y-la-derecha\/"}],"_links":{"self":[{"href":"https:\/\/www.eldigitaldeasturias.com\/noticias\/wp-json\/wp\/v2\/posts\/861299","targetHints":{"allow":["GET"]}}],"collection":[{"href":"https:\/\/www.eldigitaldeasturias.com\/noticias\/wp-json\/wp\/v2\/posts"}],"about":[{"href":"https:\/\/www.eldigitaldeasturias.com\/noticias\/wp-json\/wp\/v2\/types\/post"}],"author":[{"embeddable":true,"href":"https:\/\/www.eldigitaldeasturias.com\/noticias\/wp-json\/wp\/v2\/users\/1"}],"replies":[{"embeddable":true,"href":"https:\/\/www.eldigitaldeasturias.com\/noticias\/wp-json\/wp\/v2\/comments?post=861299"}],"version-history":[{"count":0,"href":"https:\/\/www.eldigitaldeasturias.com\/noticias\/wp-json\/wp\/v2\/posts\/861299\/revisions"}],"wp:featuredmedia":[{"embeddable":true,"href":"https:\/\/www.eldigitaldeasturias.com\/noticias\/wp-json\/wp\/v2\/media\/861300"}],"wp:attachment":[{"href":"https:\/\/www.eldigitaldeasturias.com\/noticias\/wp-json\/wp\/v2\/media?parent=861299"}],"wp:term":[{"taxonomy":"category","embeddable":true,"href":"https:\/\/www.eldigitaldeasturias.com\/noticias\/wp-json\/wp\/v2\/categories?post=861299"},{"taxonomy":"post_tag","embeddable":true,"href":"https:\/\/www.eldigitaldeasturias.com\/noticias\/wp-json\/wp\/v2\/tags?post=861299"}],"curies":[{"name":"wp","href":"https:\/\/api.w.org\/{rel}","templated":true}]}}