{"id":861294,"date":"2016-02-23T14:30:13","date_gmt":"2016-02-23T14:30:13","guid":{"rendered":"http:\/\/www.eldigitaldeasturias.com\/noticias\/?p=861294"},"modified":"2016-02-23T14:30:46","modified_gmt":"2016-02-23T14:30:46","slug":"ccoo-afirma-que-la-nueva-politica-apuesta-por-la-desaparicion-del-carbon-a-corto-plazo","status":"publish","type":"post","link":"https:\/\/www.eldigitaldeasturias.com\/noticias\/ccoo-afirma-que-la-nueva-politica-apuesta-por-la-desaparicion-del-carbon-a-corto-plazo\/","title":{"rendered":"CCOO afirma que \u00abla nueva pol\u00edtica apuesta por la desaparici\u00f3n\u00bb del carb\u00f3n a \u00abcorto plazo\u00bb"},"content":{"rendered":"<p><img loading=\"lazy\" decoding=\"async\" class=\"alignleft size-medium wp-image-1018\" src=\"https:\/\/www.eldigitaldeasturias.com\/noticias\/wp-content\/uploads\/2013\/09\/carbon_20130920131909_800-360x240.jpg\" alt=\"carbon_20130920131909_800\" width=\"360\" height=\"240\" srcset=\"https:\/\/www.eldigitaldeasturias.com\/noticias\/wp-content\/uploads\/2013\/09\/carbon_20130920131909_800-360x240.jpg 360w, https:\/\/www.eldigitaldeasturias.com\/noticias\/wp-content\/uploads\/2013\/09\/carbon_20130920131909_800-650x433.jpg 650w, https:\/\/www.eldigitaldeasturias.com\/noticias\/wp-content\/uploads\/2013\/09\/carbon_20130920131909_800-84x55.jpg 84w, https:\/\/www.eldigitaldeasturias.com\/noticias\/wp-content\/uploads\/2013\/09\/carbon_20130920131909_800-49x32.jpg 49w, https:\/\/www.eldigitaldeasturias.com\/noticias\/wp-content\/uploads\/2013\/09\/carbon_20130920131909_800.jpg 750w\" sizes=\"auto, (max-width: 360px) 100vw, 360px\" \/>CCOO de Hunosa ha criticado este martes que las \u00abintenciones de los partidos que dicen representar la nueva pol\u00edtica apuestan por la desaparici\u00f3n a corto plazo del sector del carb\u00f3n y de cambiar el modelo econ\u00f3mica de las comarcas mineras\u00bb. Adem\u00e1s se\u00f1alan que el discurso que utilizan estas formaciones \u00abes el mismo\u00bb que el de los \u00abpartidos tradicionales desde hace d\u00e9cadas\u00bb.<\/p>\n<p>Seg\u00fan ha explicado este sindicato en una nota de prensa, dichas formaciones \u00abrespaldan la pol\u00edtica europea de poner fecha de finalizaci\u00f3n a los combustibles f\u00f3siles en nuestro pa\u00eds y manifiestan que el carb\u00f3n no tienen cabida en el siglo XXI\u00bb. \u00abSin embargo omiten que en el 2015 aument\u00f3 la generaci\u00f3n el\u00e9ctrica por quema de carb\u00f3n un 23 por ciento que ese mineral es de importaci\u00f3n\u00bb, se afirma desde CCOO.<\/p>\n<p>Asimismo, el sindicato argumenta que Hunosa, a trav\u00e9s de su t\u00e9rmica de la Pereda, adem\u00e1s de \u00abla quema de carb\u00f3n para la generaci\u00f3n de energ\u00eda el\u00e9ctrica tambi\u00e9n contribuye a la mejora medioambiental y a la recuperaci\u00f3n de espacios degradados en las cuentas mineras, a trav\u00e9s de la eliminaci\u00f3n de escombreras y la descontaminaci\u00f3n de los sueldos utilizados en antiguas explotaciones mineras\u00bb.<\/p>\n<p>&nbsp;<\/p>\n<p>&nbsp;<\/p>\n","protected":false},"excerpt":{"rendered":"<p>CCOO de Hunosa ha criticado este martes que las \u00abintenciones de los partidos que dicen representar la nueva pol\u00edtica apuestan por la desaparici\u00f3n a corto plazo del sector del carb\u00f3n y de cambiar el modelo econ\u00f3mica de las comarcas mineras\u00bb. Adem\u00e1s se\u00f1alan que el discurso que utilizan estas formaciones \u00abes el mismo\u00bb que el de [&hellip;]<\/p>\n","protected":false},"author":1,"featured_media":1018,"comment_status":"closed","ping_status":"closed","sticky":false,"template":"","format":"standard","meta":{"footnotes":""},"categories":[12],"tags":[],"class_list":["post-861294","post","type-post","status-publish","format-standard","has-post-thumbnail","hentry","category-actualidad-asturias"],"aioseo_notices":[],"aioseo_head":"\n\t\t<!-- All in One SEO Pro 4.9.6.2 - aioseo.com -->\n\t<meta name=\"description\" content=\"CCOO de Hunosa ha criticado este martes que las &quot;intenciones de los partidos que dicen representar la nueva pol\u00edtica apuestan por la desaparici\u00f3n a corto plazo del sector del carb\u00f3n y de cambiar el modelo econ\u00f3mica de las comarcas mineras&quot;. Adem\u00e1s se\u00f1alan que el discurso que utilizan estas formaciones &quot;es el mismo&quot; que el de\" \/>\n\t<meta name=\"robots\" content=\"max-image-preview:large\" \/>\n\t<meta name=\"author\" content=\"El Digital de Asturias\"\/>\n\t<meta name=\"google-site-verification\" content=\"UA-38556648-1\" \/>\n\t<meta name=\"msvalidate.01\" content=\"7dfe9f3f1b24437ab69f4f2559babe99\" \/>\n\t<meta name=\"keywords\" content=\"actualidad asturias\" \/>\n\t<link rel=\"canonical\" href=\"https:\/\/www.eldigitaldeasturias.com\/noticias\/ccoo-afirma-que-la-nueva-politica-apuesta-por-la-desaparicion-del-carbon-a-corto-plazo\/\" \/>\n\t<meta name=\"generator\" content=\"All in One SEO Pro (AIOSEO) 4.9.6.2\" \/>\n\t\t<meta property=\"og:locale\" content=\"es_ES\" \/>\n\t\t<meta property=\"og:site_name\" content=\"El Digital de Asturias\" \/>\n\t\t<meta property=\"og:type\" content=\"article\" \/>\n\t\t<meta property=\"og:title\" content=\"CCOO afirma que \u00abla nueva pol\u00edtica apuesta por la desaparici\u00f3n\u00bb del carb\u00f3n a \u00abcorto plazo\u00bb - El Digital de Asturias\" \/>\n\t\t<meta property=\"og:description\" content=\"CCOO de Hunosa ha criticado este martes que las &quot;intenciones de los partidos que dicen representar la nueva pol\u00edtica apuestan por la desaparici\u00f3n a corto plazo del sector del carb\u00f3n y de cambiar el modelo econ\u00f3mica de las comarcas mineras&quot;. Adem\u00e1s se\u00f1alan que el discurso que utilizan estas formaciones &quot;es el mismo&quot; que el de\" \/>\n\t\t<meta property=\"og:url\" content=\"https:\/\/www.eldigitaldeasturias.com\/noticias\/ccoo-afirma-que-la-nueva-politica-apuesta-por-la-desaparicion-del-carbon-a-corto-plazo\/\" \/>\n\t\t<meta property=\"og:image\" content=\"https:\/\/www.eldigitaldeasturias.com\/noticias\/wp-content\/uploads\/2013\/09\/carbon_20130920131909_800.jpg\" \/>\n\t\t<meta property=\"og:image:secure_url\" content=\"https:\/\/www.eldigitaldeasturias.com\/noticias\/wp-content\/uploads\/2013\/09\/carbon_20130920131909_800.jpg\" \/>\n\t\t<meta property=\"og:image:width\" content=\"750\" \/>\n\t\t<meta property=\"og:image:height\" content=\"500\" \/>\n\t\t<meta property=\"article:tag\" content=\"actualidad asturias\" \/>\n\t\t<meta property=\"article:published_time\" content=\"2016-02-23T14:30:13+00:00\" \/>\n\t\t<meta property=\"article:modified_time\" content=\"2016-02-23T14:30:46+00:00\" \/>\n\t\t<meta property=\"article:publisher\" content=\"https:\/\/facebook.com\/eldigitaldeasturias\" \/>\n\t\t<meta name=\"twitter:card\" content=\"summary_large_image\" \/>\n\t\t<meta name=\"twitter:title\" content=\"CCOO afirma que \u00abla nueva pol\u00edtica apuesta por la desaparici\u00f3n\u00bb del carb\u00f3n a \u00abcorto plazo\u00bb - El Digital de Asturias\" \/>\n\t\t<meta name=\"twitter:description\" content=\"CCOO de Hunosa ha criticado este martes que las &quot;intenciones de los partidos que dicen representar la nueva pol\u00edtica apuestan por la desaparici\u00f3n a corto plazo del sector del carb\u00f3n y de cambiar el modelo econ\u00f3mica de las comarcas mineras&quot;. Adem\u00e1s se\u00f1alan que el discurso que utilizan estas formaciones &quot;es el mismo&quot; que el de\" \/>\n\t\t<meta name=\"twitter:image\" content=\"https:\/\/www.eldigitaldeasturias.com\/noticias\/wp-content\/uploads\/2013\/09\/carbon_20130920131909_800.jpg\" \/>\n\t\t<meta name=\"twitter:label1\" content=\"Escrito por\" \/>\n\t\t<meta name=\"twitter:data1\" content=\"El Digital de Asturias\" \/>\n\t\t<meta name=\"twitter:label2\" content=\"Tiempo de lectura estimado\" \/>\n\t\t<meta name=\"twitter:data2\" content=\"1 minuto\" \/>\n\t\t<script type=\"application\/ld+json\" class=\"aioseo-schema\">\n\t\t\t{\"@context\":\"https:\\\/\\\/schema.org\",\"@graph\":[{\"@type\":\"BlogPosting\",\"@id\":\"https:\\\/\\\/www.eldigitaldeasturias.com\\\/noticias\\\/ccoo-afirma-que-la-nueva-politica-apuesta-por-la-desaparicion-del-carbon-a-corto-plazo\\\/#blogposting\",\"name\":\"CCOO afirma que \\u00abla nueva pol\\u00edtica apuesta por la desaparici\\u00f3n\\u00bb del carb\\u00f3n a \\u00abcorto plazo\\u00bb - El Digital de Asturias\",\"headline\":\"CCOO afirma que \\u00abla nueva pol\\u00edtica apuesta por la desaparici\\u00f3n\\u00bb del carb\\u00f3n a \\u00abcorto plazo\\u00bb\",\"author\":{\"@id\":\"https:\\\/\\\/www.eldigitaldeasturias.com\\\/noticias\\\/author\\\/admin\\\/#author\"},\"publisher\":{\"@id\":\"https:\\\/\\\/www.eldigitaldeasturias.com\\\/noticias\\\/#organization\"},\"image\":{\"@type\":\"ImageObject\",\"url\":\"https:\\\/\\\/www.eldigitaldeasturias.com\\\/noticias\\\/wp-content\\\/uploads\\\/2013\\\/09\\\/carbon_20130920131909_800.jpg\",\"width\":750,\"height\":500},\"datePublished\":\"2016-02-23T14:30:13+01:00\",\"dateModified\":\"2016-02-23T14:30:46+01:00\",\"inLanguage\":\"es-ES\",\"mainEntityOfPage\":{\"@id\":\"https:\\\/\\\/www.eldigitaldeasturias.com\\\/noticias\\\/ccoo-afirma-que-la-nueva-politica-apuesta-por-la-desaparicion-del-carbon-a-corto-plazo\\\/#webpage\"},\"isPartOf\":{\"@id\":\"https:\\\/\\\/www.eldigitaldeasturias.com\\\/noticias\\\/ccoo-afirma-que-la-nueva-politica-apuesta-por-la-desaparicion-del-carbon-a-corto-plazo\\\/#webpage\"},\"articleSection\":\"Actualidad Asturias\"},{\"@type\":\"BreadcrumbList\",\"@id\":\"https:\\\/\\\/www.eldigitaldeasturias.com\\\/noticias\\\/ccoo-afirma-que-la-nueva-politica-apuesta-por-la-desaparicion-del-carbon-a-corto-plazo\\\/#breadcrumblist\",\"itemListElement\":[{\"@type\":\"ListItem\",\"@id\":\"https:\\\/\\\/www.eldigitaldeasturias.com\\\/noticias#listItem\",\"position\":1,\"name\":\"Home\",\"item\":\"https:\\\/\\\/www.eldigitaldeasturias.com\\\/noticias\",\"nextItem\":{\"@type\":\"ListItem\",\"@id\":\"https:\\\/\\\/www.eldigitaldeasturias.com\\\/noticias\\\/category\\\/actualidad-asturias\\\/#listItem\",\"name\":\"Actualidad Asturias\"}},{\"@type\":\"ListItem\",\"@id\":\"https:\\\/\\\/www.eldigitaldeasturias.com\\\/noticias\\\/category\\\/actualidad-asturias\\\/#listItem\",\"position\":2,\"name\":\"Actualidad Asturias\",\"item\":\"https:\\\/\\\/www.eldigitaldeasturias.com\\\/noticias\\\/category\\\/actualidad-asturias\\\/\",\"nextItem\":{\"@type\":\"ListItem\",\"@id\":\"https:\\\/\\\/www.eldigitaldeasturias.com\\\/noticias\\\/ccoo-afirma-que-la-nueva-politica-apuesta-por-la-desaparicion-del-carbon-a-corto-plazo\\\/#listItem\",\"name\":\"CCOO afirma que \\u00abla nueva pol\\u00edtica apuesta por la desaparici\\u00f3n\\u00bb del carb\\u00f3n a \\u00abcorto plazo\\u00bb\"},\"previousItem\":{\"@type\":\"ListItem\",\"@id\":\"https:\\\/\\\/www.eldigitaldeasturias.com\\\/noticias#listItem\",\"name\":\"Home\"}},{\"@type\":\"ListItem\",\"@id\":\"https:\\\/\\\/www.eldigitaldeasturias.com\\\/noticias\\\/ccoo-afirma-que-la-nueva-politica-apuesta-por-la-desaparicion-del-carbon-a-corto-plazo\\\/#listItem\",\"position\":3,\"name\":\"CCOO afirma que \\u00abla nueva pol\\u00edtica apuesta por la desaparici\\u00f3n\\u00bb del carb\\u00f3n a \\u00abcorto plazo\\u00bb\",\"previousItem\":{\"@type\":\"ListItem\",\"@id\":\"https:\\\/\\\/www.eldigitaldeasturias.com\\\/noticias\\\/category\\\/actualidad-asturias\\\/#listItem\",\"name\":\"Actualidad Asturias\"}}]},{\"@type\":\"Organization\",\"@id\":\"https:\\\/\\\/www.eldigitaldeasturias.com\\\/noticias\\\/#organization\",\"name\":\"El Digital de Asturias\",\"description\":\"Hemeroteca\",\"url\":\"https:\\\/\\\/www.eldigitaldeasturias.com\\\/noticias\\\/\",\"email\":\"info@eldigitaldeasturias.com\",\"telephone\":\"+34652131393\",\"logo\":{\"@type\":\"ImageObject\",\"url\":\"https:\\\/\\\/www.eldigitaldeasturias.com\\\/noticias\\\/wp-content\\\/uploads\\\/2020\\\/12\\\/EDA.jpg\",\"@id\":\"https:\\\/\\\/www.eldigitaldeasturias.com\\\/noticias\\\/ccoo-afirma-que-la-nueva-politica-apuesta-por-la-desaparicion-del-carbon-a-corto-plazo\\\/#organizationLogo\",\"width\":649,\"height\":297},\"image\":{\"@id\":\"https:\\\/\\\/www.eldigitaldeasturias.com\\\/noticias\\\/ccoo-afirma-que-la-nueva-politica-apuesta-por-la-desaparicion-del-carbon-a-corto-plazo\\\/#organizationLogo\"},\"sameAs\":[\"https:\\\/\\\/facebook.com\\\/eldigitaldeasturias\",\"https:\\\/\\\/www.youtube.com\\\/channel\\\/UCZP-2wLEB9Rv6erhFmqVnvg\"],\"address\":{\"@id\":\"https:\\\/\\\/www.eldigitaldeasturias.com\\\/noticias\\\/#postaladdress\",\"@type\":\"PostalAddress\",\"streetAddress\":\"san antonio 4,\",\"postalCode\":\"33430\",\"addressLocality\":\"Cand\\u00e1s\",\"addressRegion\":\"Asturias\",\"addressCountry\":\"ES\"}},{\"@type\":\"Person\",\"@id\":\"https:\\\/\\\/www.eldigitaldeasturias.com\\\/noticias\\\/author\\\/admin\\\/#author\",\"url\":\"https:\\\/\\\/www.eldigitaldeasturias.com\\\/noticias\\\/author\\\/admin\\\/\",\"name\":\"El Digital de Asturias\",\"image\":{\"@type\":\"ImageObject\",\"@id\":\"https:\\\/\\\/www.eldigitaldeasturias.com\\\/noticias\\\/ccoo-afirma-que-la-nueva-politica-apuesta-por-la-desaparicion-del-carbon-a-corto-plazo\\\/#authorImage\",\"url\":\"https:\\\/\\\/www.eldigitaldeasturias.com\\\/noticias\\\/wp-content\\\/litespeed\\\/avatar\\\/18677e78aa0546b92d9dbf31ec7d7668.jpg?ver=1777290358\",\"width\":96,\"height\":96,\"caption\":\"El Digital de Asturias\"}},{\"@type\":\"WebPage\",\"@id\":\"https:\\\/\\\/www.eldigitaldeasturias.com\\\/noticias\\\/ccoo-afirma-que-la-nueva-politica-apuesta-por-la-desaparicion-del-carbon-a-corto-plazo\\\/#webpage\",\"url\":\"https:\\\/\\\/www.eldigitaldeasturias.com\\\/noticias\\\/ccoo-afirma-que-la-nueva-politica-apuesta-por-la-desaparicion-del-carbon-a-corto-plazo\\\/\",\"name\":\"CCOO afirma que \\u00abla nueva pol\\u00edtica apuesta por la desaparici\\u00f3n\\u00bb del carb\\u00f3n a \\u00abcorto plazo\\u00bb - El Digital de Asturias\",\"description\":\"CCOO de Hunosa ha criticado este martes que las \\\"intenciones de los partidos que dicen representar la nueva pol\\u00edtica apuestan por la desaparici\\u00f3n a corto plazo del sector del carb\\u00f3n y de cambiar el modelo econ\\u00f3mica de las comarcas mineras\\\". Adem\\u00e1s se\\u00f1alan que el discurso que utilizan estas formaciones \\\"es el mismo\\\" que el de\",\"inLanguage\":\"es-ES\",\"isPartOf\":{\"@id\":\"https:\\\/\\\/www.eldigitaldeasturias.com\\\/noticias\\\/#website\"},\"breadcrumb\":{\"@id\":\"https:\\\/\\\/www.eldigitaldeasturias.com\\\/noticias\\\/ccoo-afirma-que-la-nueva-politica-apuesta-por-la-desaparicion-del-carbon-a-corto-plazo\\\/#breadcrumblist\"},\"author\":{\"@id\":\"https:\\\/\\\/www.eldigitaldeasturias.com\\\/noticias\\\/author\\\/admin\\\/#author\"},\"creator\":{\"@id\":\"https:\\\/\\\/www.eldigitaldeasturias.com\\\/noticias\\\/author\\\/admin\\\/#author\"},\"image\":{\"@type\":\"ImageObject\",\"url\":\"https:\\\/\\\/www.eldigitaldeasturias.com\\\/noticias\\\/wp-content\\\/uploads\\\/2013\\\/09\\\/carbon_20130920131909_800.jpg\",\"@id\":\"https:\\\/\\\/www.eldigitaldeasturias.com\\\/noticias\\\/ccoo-afirma-que-la-nueva-politica-apuesta-por-la-desaparicion-del-carbon-a-corto-plazo\\\/#mainImage\",\"width\":750,\"height\":500},\"primaryImageOfPage\":{\"@id\":\"https:\\\/\\\/www.eldigitaldeasturias.com\\\/noticias\\\/ccoo-afirma-que-la-nueva-politica-apuesta-por-la-desaparicion-del-carbon-a-corto-plazo\\\/#mainImage\"},\"datePublished\":\"2016-02-23T14:30:13+01:00\",\"dateModified\":\"2016-02-23T14:30:46+01:00\"},{\"@type\":\"WebSite\",\"@id\":\"https:\\\/\\\/www.eldigitaldeasturias.com\\\/noticias\\\/#website\",\"url\":\"https:\\\/\\\/www.eldigitaldeasturias.com\\\/noticias\\\/\",\"name\":\"El Digital de Asturias - Diario de actualidad y noticias\",\"alternateName\":\"El Digital de Asturias - Diario de actualidad y noticias\",\"description\":\"Hemeroteca\",\"inLanguage\":\"es-ES\",\"publisher\":{\"@id\":\"https:\\\/\\\/www.eldigitaldeasturias.com\\\/noticias\\\/#organization\"}}]}\n\t\t<\/script>\n\t\t<!-- All in One SEO Pro -->\r\n\t\t<title>CCOO afirma que \u00abla nueva pol\u00edtica apuesta por la desaparici\u00f3n\u00bb del carb\u00f3n a \u00abcorto plazo\u00bb - El Digital de Asturias<\/title>\n\n","aioseo_head_json":{"title":"CCOO afirma que \u00abla nueva pol\u00edtica apuesta por la desaparici\u00f3n\u00bb del carb\u00f3n a \u00abcorto plazo\u00bb - El Digital de Asturias","description":"CCOO de Hunosa ha criticado este martes que las \"intenciones de los partidos que dicen representar la nueva pol\u00edtica apuestan por la desaparici\u00f3n a corto plazo del sector del carb\u00f3n y de cambiar el modelo econ\u00f3mica de las comarcas mineras\". Adem\u00e1s se\u00f1alan que el discurso que utilizan estas formaciones \"es el mismo\" que el de","canonical_url":"https:\/\/www.eldigitaldeasturias.com\/noticias\/ccoo-afirma-que-la-nueva-politica-apuesta-por-la-desaparicion-del-carbon-a-corto-plazo\/","robots":"max-image-preview:large","keywords":"actualidad asturias","webmasterTools":{"google-site-verification":"UA-38556648-1","msvalidate.01":"7dfe9f3f1b24437ab69f4f2559babe99","miscellaneous":""},"schema":{"@context":"https:\/\/schema.org","@graph":[{"@type":"BlogPosting","@id":"https:\/\/www.eldigitaldeasturias.com\/noticias\/ccoo-afirma-que-la-nueva-politica-apuesta-por-la-desaparicion-del-carbon-a-corto-plazo\/#blogposting","name":"CCOO afirma que \u00abla nueva pol\u00edtica apuesta por la desaparici\u00f3n\u00bb del carb\u00f3n a \u00abcorto plazo\u00bb - El Digital de Asturias","headline":"CCOO afirma que \u00abla nueva pol\u00edtica apuesta por la desaparici\u00f3n\u00bb del carb\u00f3n a \u00abcorto plazo\u00bb","author":{"@id":"https:\/\/www.eldigitaldeasturias.com\/noticias\/author\/admin\/#author"},"publisher":{"@id":"https:\/\/www.eldigitaldeasturias.com\/noticias\/#organization"},"image":{"@type":"ImageObject","url":"https:\/\/www.eldigitaldeasturias.com\/noticias\/wp-content\/uploads\/2013\/09\/carbon_20130920131909_800.jpg","width":750,"height":500},"datePublished":"2016-02-23T14:30:13+01:00","dateModified":"2016-02-23T14:30:46+01:00","inLanguage":"es-ES","mainEntityOfPage":{"@id":"https:\/\/www.eldigitaldeasturias.com\/noticias\/ccoo-afirma-que-la-nueva-politica-apuesta-por-la-desaparicion-del-carbon-a-corto-plazo\/#webpage"},"isPartOf":{"@id":"https:\/\/www.eldigitaldeasturias.com\/noticias\/ccoo-afirma-que-la-nueva-politica-apuesta-por-la-desaparicion-del-carbon-a-corto-plazo\/#webpage"},"articleSection":"Actualidad Asturias"},{"@type":"BreadcrumbList","@id":"https:\/\/www.eldigitaldeasturias.com\/noticias\/ccoo-afirma-que-la-nueva-politica-apuesta-por-la-desaparicion-del-carbon-a-corto-plazo\/#breadcrumblist","itemListElement":[{"@type":"ListItem","@id":"https:\/\/www.eldigitaldeasturias.com\/noticias#listItem","position":1,"name":"Home","item":"https:\/\/www.eldigitaldeasturias.com\/noticias","nextItem":{"@type":"ListItem","@id":"https:\/\/www.eldigitaldeasturias.com\/noticias\/category\/actualidad-asturias\/#listItem","name":"Actualidad Asturias"}},{"@type":"ListItem","@id":"https:\/\/www.eldigitaldeasturias.com\/noticias\/category\/actualidad-asturias\/#listItem","position":2,"name":"Actualidad Asturias","item":"https:\/\/www.eldigitaldeasturias.com\/noticias\/category\/actualidad-asturias\/","nextItem":{"@type":"ListItem","@id":"https:\/\/www.eldigitaldeasturias.com\/noticias\/ccoo-afirma-que-la-nueva-politica-apuesta-por-la-desaparicion-del-carbon-a-corto-plazo\/#listItem","name":"CCOO afirma que \u00abla nueva pol\u00edtica apuesta por la desaparici\u00f3n\u00bb del carb\u00f3n a \u00abcorto plazo\u00bb"},"previousItem":{"@type":"ListItem","@id":"https:\/\/www.eldigitaldeasturias.com\/noticias#listItem","name":"Home"}},{"@type":"ListItem","@id":"https:\/\/www.eldigitaldeasturias.com\/noticias\/ccoo-afirma-que-la-nueva-politica-apuesta-por-la-desaparicion-del-carbon-a-corto-plazo\/#listItem","position":3,"name":"CCOO afirma que \u00abla nueva pol\u00edtica apuesta por la desaparici\u00f3n\u00bb del carb\u00f3n a \u00abcorto plazo\u00bb","previousItem":{"@type":"ListItem","@id":"https:\/\/www.eldigitaldeasturias.com\/noticias\/category\/actualidad-asturias\/#listItem","name":"Actualidad Asturias"}}]},{"@type":"Organization","@id":"https:\/\/www.eldigitaldeasturias.com\/noticias\/#organization","name":"El Digital de Asturias","description":"Hemeroteca","url":"https:\/\/www.eldigitaldeasturias.com\/noticias\/","email":"info@eldigitaldeasturias.com","telephone":"+34652131393","logo":{"@type":"ImageObject","url":"https:\/\/www.eldigitaldeasturias.com\/noticias\/wp-content\/uploads\/2020\/12\/EDA.jpg","@id":"https:\/\/www.eldigitaldeasturias.com\/noticias\/ccoo-afirma-que-la-nueva-politica-apuesta-por-la-desaparicion-del-carbon-a-corto-plazo\/#organizationLogo","width":649,"height":297},"image":{"@id":"https:\/\/www.eldigitaldeasturias.com\/noticias\/ccoo-afirma-que-la-nueva-politica-apuesta-por-la-desaparicion-del-carbon-a-corto-plazo\/#organizationLogo"},"sameAs":["https:\/\/facebook.com\/eldigitaldeasturias","https:\/\/www.youtube.com\/channel\/UCZP-2wLEB9Rv6erhFmqVnvg"],"address":{"@id":"https:\/\/www.eldigitaldeasturias.com\/noticias\/#postaladdress","@type":"PostalAddress","streetAddress":"san antonio 4,","postalCode":"33430","addressLocality":"Cand\u00e1s","addressRegion":"Asturias","addressCountry":"ES"}},{"@type":"Person","@id":"https:\/\/www.eldigitaldeasturias.com\/noticias\/author\/admin\/#author","url":"https:\/\/www.eldigitaldeasturias.com\/noticias\/author\/admin\/","name":"El Digital de Asturias","image":{"@type":"ImageObject","@id":"https:\/\/www.eldigitaldeasturias.com\/noticias\/ccoo-afirma-que-la-nueva-politica-apuesta-por-la-desaparicion-del-carbon-a-corto-plazo\/#authorImage","url":"https:\/\/www.eldigitaldeasturias.com\/noticias\/wp-content\/litespeed\/avatar\/18677e78aa0546b92d9dbf31ec7d7668.jpg?ver=1777290358","width":96,"height":96,"caption":"El Digital de Asturias"}},{"@type":"WebPage","@id":"https:\/\/www.eldigitaldeasturias.com\/noticias\/ccoo-afirma-que-la-nueva-politica-apuesta-por-la-desaparicion-del-carbon-a-corto-plazo\/#webpage","url":"https:\/\/www.eldigitaldeasturias.com\/noticias\/ccoo-afirma-que-la-nueva-politica-apuesta-por-la-desaparicion-del-carbon-a-corto-plazo\/","name":"CCOO afirma que \u00abla nueva pol\u00edtica apuesta por la desaparici\u00f3n\u00bb del carb\u00f3n a \u00abcorto plazo\u00bb - El Digital de Asturias","description":"CCOO de Hunosa ha criticado este martes que las \"intenciones de los partidos que dicen representar la nueva pol\u00edtica apuestan por la desaparici\u00f3n a corto plazo del sector del carb\u00f3n y de cambiar el modelo econ\u00f3mica de las comarcas mineras\". Adem\u00e1s se\u00f1alan que el discurso que utilizan estas formaciones \"es el mismo\" que el de","inLanguage":"es-ES","isPartOf":{"@id":"https:\/\/www.eldigitaldeasturias.com\/noticias\/#website"},"breadcrumb":{"@id":"https:\/\/www.eldigitaldeasturias.com\/noticias\/ccoo-afirma-que-la-nueva-politica-apuesta-por-la-desaparicion-del-carbon-a-corto-plazo\/#breadcrumblist"},"author":{"@id":"https:\/\/www.eldigitaldeasturias.com\/noticias\/author\/admin\/#author"},"creator":{"@id":"https:\/\/www.eldigitaldeasturias.com\/noticias\/author\/admin\/#author"},"image":{"@type":"ImageObject","url":"https:\/\/www.eldigitaldeasturias.com\/noticias\/wp-content\/uploads\/2013\/09\/carbon_20130920131909_800.jpg","@id":"https:\/\/www.eldigitaldeasturias.com\/noticias\/ccoo-afirma-que-la-nueva-politica-apuesta-por-la-desaparicion-del-carbon-a-corto-plazo\/#mainImage","width":750,"height":500},"primaryImageOfPage":{"@id":"https:\/\/www.eldigitaldeasturias.com\/noticias\/ccoo-afirma-que-la-nueva-politica-apuesta-por-la-desaparicion-del-carbon-a-corto-plazo\/#mainImage"},"datePublished":"2016-02-23T14:30:13+01:00","dateModified":"2016-02-23T14:30:46+01:00"},{"@type":"WebSite","@id":"https:\/\/www.eldigitaldeasturias.com\/noticias\/#website","url":"https:\/\/www.eldigitaldeasturias.com\/noticias\/","name":"El Digital de Asturias - Diario de actualidad y noticias","alternateName":"El Digital de Asturias - Diario de actualidad y noticias","description":"Hemeroteca","inLanguage":"es-ES","publisher":{"@id":"https:\/\/www.eldigitaldeasturias.com\/noticias\/#organization"}}]},"og:locale":"es_ES","og:site_name":"El Digital de Asturias","og:type":"article","og:title":"CCOO afirma que \u00abla nueva pol\u00edtica apuesta por la desaparici\u00f3n\u00bb del carb\u00f3n a \u00abcorto plazo\u00bb - El Digital de Asturias","og:description":"CCOO de Hunosa ha criticado este martes que las &quot;intenciones de los partidos que dicen representar la nueva pol\u00edtica apuestan por la desaparici\u00f3n a corto plazo del sector del carb\u00f3n y de cambiar el modelo econ\u00f3mica de las comarcas mineras&quot;. Adem\u00e1s se\u00f1alan que el discurso que utilizan estas formaciones &quot;es el mismo&quot; que el de","og:url":"https:\/\/www.eldigitaldeasturias.com\/noticias\/ccoo-afirma-que-la-nueva-politica-apuesta-por-la-desaparicion-del-carbon-a-corto-plazo\/","og:image":"https:\/\/www.eldigitaldeasturias.com\/noticias\/wp-content\/uploads\/2013\/09\/carbon_20130920131909_800.jpg","og:image:secure_url":"https:\/\/www.eldigitaldeasturias.com\/noticias\/wp-content\/uploads\/2013\/09\/carbon_20130920131909_800.jpg","og:image:width":750,"og:image:height":500,"article:tag":["actualidad asturias"],"article:published_time":"2016-02-23T14:30:13+00:00","article:modified_time":"2016-02-23T14:30:46+00:00","article:publisher":"https:\/\/facebook.com\/eldigitaldeasturias","twitter:card":"summary_large_image","twitter:title":"CCOO afirma que \u00abla nueva pol\u00edtica apuesta por la desaparici\u00f3n\u00bb del carb\u00f3n a \u00abcorto plazo\u00bb - El Digital de Asturias","twitter:description":"CCOO de Hunosa ha criticado este martes que las &quot;intenciones de los partidos que dicen representar la nueva pol\u00edtica apuestan por la desaparici\u00f3n a corto plazo del sector del carb\u00f3n y de cambiar el modelo econ\u00f3mica de las comarcas mineras&quot;. Adem\u00e1s se\u00f1alan que el discurso que utilizan estas formaciones &quot;es el mismo&quot; que el de","twitter:image":"https:\/\/www.eldigitaldeasturias.com\/noticias\/wp-content\/uploads\/2013\/09\/carbon_20130920131909_800.jpg","twitter:label1":"Escrito por","twitter:data1":"El Digital de Asturias","twitter:label2":"Tiempo de lectura estimado","twitter:data2":"1 minuto"},"aioseo_meta_data":{"post_id":"861294","title":null,"description":null,"keywords":null,"keyphrases":null,"primary_term":null,"canonical_url":null,"og_title":null,"og_description":null,"og_object_type":"default","og_image_type":"default","og_image_url":null,"og_image_width":null,"og_image_height":null,"og_image_custom_url":null,"og_image_custom_fields":null,"og_video":null,"og_custom_url":null,"og_article_section":null,"og_article_tags":null,"twitter_use_og":false,"twitter_card":"default","twitter_image_type":"default","twitter_image_url":null,"twitter_image_custom_url":null,"twitter_image_custom_fields":null,"twitter_title":null,"twitter_description":null,"schema":{"blockGraphs":[],"customGraphs":[],"default":{"data":{"Article":[],"Course":[],"Dataset":[],"FAQPage":[],"Movie":[],"Person":[],"Product":[],"ProductReview":[],"Car":[],"Recipe":[],"Service":[],"SoftwareApplication":[],"WebPage":[]},"graphName":"","isEnabled":true},"graphs":[],"defaultGraph":"","defaultPostTypeGraph":""},"schema_type":null,"schema_type_options":null,"pillar_content":false,"robots_default":true,"robots_noindex":false,"robots_noarchive":false,"robots_nosnippet":false,"robots_nofollow":false,"robots_noimageindex":false,"robots_noodp":false,"robots_notranslate":false,"robots_max_snippet":null,"robots_max_videopreview":null,"robots_max_imagepreview":"large","priority":null,"frequency":null,"local_seo":null,"seo_analyzer_scan_date":"2025-12-10 20:46:14","breadcrumb_settings":null,"limit_modified_date":false,"open_ai":null,"ai":null,"created":"2021-01-23 15:00:19","updated":"2025-12-10 20:46:14"},"aioseo_breadcrumb":"<div class=\"aioseo-breadcrumbs\"><span class=\"aioseo-breadcrumb\">\n\t<a href=\"https:\/\/www.eldigitaldeasturias.com\/noticias\" title=\"Home\">Home<\/a>\n<\/span><span class=\"aioseo-breadcrumb-separator\">\u2013<\/span><span class=\"aioseo-breadcrumb\">\n\t<a href=\"https:\/\/www.eldigitaldeasturias.com\/noticias\/category\/actualidad-asturias\/\" title=\"Actualidad Asturias\">Actualidad Asturias<\/a>\n<\/span><span class=\"aioseo-breadcrumb-separator\">\u2013<\/span><span class=\"aioseo-breadcrumb\">\n\t<a href=\"https:\/\/www.eldigitaldeasturias.com\/noticias\/ccoo-afirma-que-la-nueva-politica-apuesta-por-la-desaparicion-del-carbon-a-corto-plazo\/\" title=\"CCOO afirma que \u00abla nueva pol\u00edtica apuesta por la desaparici\u00f3n\u00bb del carb\u00f3n a \u00abcorto plazo\u00bb\">CCOO afirma que \u00abla nueva pol\u00edtica apuesta por la desaparici\u00f3n\u00bb del carb\u00f3n a \u00abcorto plazo\u00bb<\/a>\n<\/span><\/div>","aioseo_breadcrumb_json":[{"label":"Home","link":"https:\/\/www.eldigitaldeasturias.com\/noticias"},{"label":"Actualidad Asturias","link":"https:\/\/www.eldigitaldeasturias.com\/noticias\/category\/actualidad-asturias\/"},{"label":"CCOO afirma que \u00abla nueva pol\u00edtica apuesta por la desaparici\u00f3n\u00bb del carb\u00f3n a \u00abcorto plazo\u00bb","link":"https:\/\/www.eldigitaldeasturias.com\/noticias\/ccoo-afirma-que-la-nueva-politica-apuesta-por-la-desaparicion-del-carbon-a-corto-plazo\/"}],"_links":{"self":[{"href":"https:\/\/www.eldigitaldeasturias.com\/noticias\/wp-json\/wp\/v2\/posts\/861294","targetHints":{"allow":["GET"]}}],"collection":[{"href":"https:\/\/www.eldigitaldeasturias.com\/noticias\/wp-json\/wp\/v2\/posts"}],"about":[{"href":"https:\/\/www.eldigitaldeasturias.com\/noticias\/wp-json\/wp\/v2\/types\/post"}],"author":[{"embeddable":true,"href":"https:\/\/www.eldigitaldeasturias.com\/noticias\/wp-json\/wp\/v2\/users\/1"}],"replies":[{"embeddable":true,"href":"https:\/\/www.eldigitaldeasturias.com\/noticias\/wp-json\/wp\/v2\/comments?post=861294"}],"version-history":[{"count":0,"href":"https:\/\/www.eldigitaldeasturias.com\/noticias\/wp-json\/wp\/v2\/posts\/861294\/revisions"}],"wp:featuredmedia":[{"embeddable":true,"href":"https:\/\/www.eldigitaldeasturias.com\/noticias\/wp-json\/wp\/v2\/media\/1018"}],"wp:attachment":[{"href":"https:\/\/www.eldigitaldeasturias.com\/noticias\/wp-json\/wp\/v2\/media?parent=861294"}],"wp:term":[{"taxonomy":"category","embeddable":true,"href":"https:\/\/www.eldigitaldeasturias.com\/noticias\/wp-json\/wp\/v2\/categories?post=861294"},{"taxonomy":"post_tag","embeddable":true,"href":"https:\/\/www.eldigitaldeasturias.com\/noticias\/wp-json\/wp\/v2\/tags?post=861294"}],"curies":[{"name":"wp","href":"https:\/\/api.w.org\/{rel}","templated":true}]}}