{"id":861289,"date":"2016-02-23T14:24:54","date_gmt":"2016-02-23T14:24:54","guid":{"rendered":"http:\/\/www.eldigitaldeasturias.com\/noticias\/?p=861289"},"modified":"2016-02-23T14:24:54","modified_gmt":"2016-02-23T14:24:54","slug":"condenado-un-vecino-de-pravia-por-prender-un-fuego-sin-autorizacion","status":"publish","type":"post","link":"https:\/\/www.eldigitaldeasturias.com\/noticias\/condenado-un-vecino-de-pravia-por-prender-un-fuego-sin-autorizacion\/","title":{"rendered":"Condenado un vecino de Pravia por prender un fuego sin autorizaci\u00f3n"},"content":{"rendered":"<p><img loading=\"lazy\" decoding=\"async\" class=\"alignleft size-medium wp-image-811982\" src=\"https:\/\/www.eldigitaldeasturias.com\/noticias\/wp-content\/uploads\/2015\/10\/juzgado-360x241.jpg\" alt=\"juzgado\" width=\"360\" height=\"241\" srcset=\"https:\/\/www.eldigitaldeasturias.com\/noticias\/wp-content\/uploads\/2015\/10\/juzgado-360x241.jpg 360w, https:\/\/www.eldigitaldeasturias.com\/noticias\/wp-content\/uploads\/2015\/10\/juzgado-650x436.jpg 650w, https:\/\/www.eldigitaldeasturias.com\/noticias\/wp-content\/uploads\/2015\/10\/juzgado.jpg 800w\" sizes=\"auto, (max-width: 360px) 100vw, 360px\" \/>El Juzgado de lo Penal N\u00famero 2 de Avil\u00e9s ha condenado a un vecino de Pravia a seis meses de prisi\u00f3n y al pago de 720 euros de multa por prender fuego a varios montones de restos de corta de eucaliptos, en una finca de su propiedad, en Carcab\u00edn, localidad de las Pi\u00f1eras en Pravia.<\/p>\n<p>El fuego afect\u00f3 a una superficie de 1,15 hect\u00e1reas en un solo foco, la vegetaci\u00f3n estaba compuesta de restos de corta de eucalipto talado en una superficie de 0,79 hect\u00e1reas, m\u00e1s otras 0,36 hect\u00e1reas de arbolado joven de regeneraci\u00f3n natural compuesto por roble, casta\u00f1o, abedul y eucalipto, junto a matorral de tojo y helecho.<\/p>\n<p>El incendio fue extinguido a las 20.05 horas del 10 de marzo de 2014 por Bomberos de Asturias, ascendiendo el importe de los gastos de extinci\u00f3n a 6.207,69 euros.<\/p>\n<p>El acusado prendi\u00f3 el fuego sin autorizaci\u00f3n de la Consejer\u00eda de Agroganader\u00eda y Recursos Aut\u00f3ctonos y sin adoptar las m\u00e1s elementales precauciones tendentes a evitar la propagaci\u00f3n del fuego, que avanz\u00f3 con facilidad debido a la cantidad de combustible acumulado y a las condiciones meteorol\u00f3gicas favorables.<\/p>\n<p>Adem\u00e1s de la pena de prisi\u00f3n, el acusado deber\u00e1 abonar en concepto de responsabilidad civil la cantidad de 6.207,69 euros al Cuerpo de Bomberos del Principado.<\/p>\n","protected":false},"excerpt":{"rendered":"<p>El Juzgado de lo Penal N\u00famero 2 de Avil\u00e9s ha condenado a un vecino de Pravia a seis meses de prisi\u00f3n y al pago de 720 euros de multa por prender fuego a varios montones de restos de corta de eucaliptos, en una finca de su propiedad, en Carcab\u00edn, localidad de las Pi\u00f1eras en Pravia. [&hellip;]<\/p>\n","protected":false},"author":1,"featured_media":811982,"comment_status":"closed","ping_status":"closed","sticky":false,"template":"","format":"standard","meta":{"footnotes":""},"categories":[5],"tags":[],"class_list":["post-861289","post","type-post","status-publish","format-standard","has-post-thumbnail","hentry","category-sucesos"],"aioseo_notices":[],"aioseo_head":"\n\t\t<!-- All in One SEO Pro 4.9.6.2 - aioseo.com -->\n\t<meta name=\"description\" content=\"El Juzgado de lo Penal N\u00famero 2 de Avil\u00e9s ha condenado a un vecino de Pravia a seis meses de prisi\u00f3n y al pago de 720 euros de multa por prender fuego a varios montones de restos de corta de eucaliptos, en una finca de su propiedad, en Carcab\u00edn, localidad de las Pi\u00f1eras en Pravia.\" \/>\n\t<meta name=\"robots\" content=\"max-image-preview:large\" \/>\n\t<meta name=\"author\" content=\"El Digital de Asturias\"\/>\n\t<meta name=\"google-site-verification\" content=\"UA-38556648-1\" \/>\n\t<meta name=\"msvalidate.01\" content=\"7dfe9f3f1b24437ab69f4f2559babe99\" \/>\n\t<meta name=\"keywords\" content=\"sucesos\" \/>\n\t<link rel=\"canonical\" href=\"https:\/\/www.eldigitaldeasturias.com\/noticias\/condenado-un-vecino-de-pravia-por-prender-un-fuego-sin-autorizacion\/\" \/>\n\t<meta name=\"generator\" content=\"All in One SEO Pro (AIOSEO) 4.9.6.2\" \/>\n\t\t<meta property=\"og:locale\" content=\"es_ES\" \/>\n\t\t<meta property=\"og:site_name\" content=\"El Digital de Asturias\" \/>\n\t\t<meta property=\"og:type\" content=\"article\" \/>\n\t\t<meta property=\"og:title\" content=\"Condenado un vecino de Pravia por prender un fuego sin autorizaci\u00f3n - El Digital de Asturias\" \/>\n\t\t<meta property=\"og:description\" content=\"El Juzgado de lo Penal N\u00famero 2 de Avil\u00e9s ha condenado a un vecino de Pravia a seis meses de prisi\u00f3n y al pago de 720 euros de multa por prender fuego a varios montones de restos de corta de eucaliptos, en una finca de su propiedad, en Carcab\u00edn, localidad de las Pi\u00f1eras en Pravia.\" \/>\n\t\t<meta property=\"og:url\" content=\"https:\/\/www.eldigitaldeasturias.com\/noticias\/condenado-un-vecino-de-pravia-por-prender-un-fuego-sin-autorizacion\/\" \/>\n\t\t<meta property=\"og:image\" content=\"https:\/\/www.eldigitaldeasturias.com\/noticias\/wp-content\/uploads\/2015\/10\/juzgado.jpg\" \/>\n\t\t<meta property=\"og:image:secure_url\" content=\"https:\/\/www.eldigitaldeasturias.com\/noticias\/wp-content\/uploads\/2015\/10\/juzgado.jpg\" \/>\n\t\t<meta property=\"og:image:width\" content=\"800\" \/>\n\t\t<meta property=\"og:image:height\" content=\"536\" \/>\n\t\t<meta property=\"article:tag\" content=\"sucesos\" \/>\n\t\t<meta property=\"article:published_time\" content=\"2016-02-23T14:24:54+00:00\" \/>\n\t\t<meta property=\"article:modified_time\" content=\"2016-02-23T14:24:54+00:00\" \/>\n\t\t<meta property=\"article:publisher\" content=\"https:\/\/facebook.com\/eldigitaldeasturias\" \/>\n\t\t<meta name=\"twitter:card\" content=\"summary_large_image\" \/>\n\t\t<meta name=\"twitter:title\" content=\"Condenado un vecino de Pravia por prender un fuego sin autorizaci\u00f3n - El Digital de Asturias\" \/>\n\t\t<meta name=\"twitter:description\" content=\"El Juzgado de lo Penal N\u00famero 2 de Avil\u00e9s ha condenado a un vecino de Pravia a seis meses de prisi\u00f3n y al pago de 720 euros de multa por prender fuego a varios montones de restos de corta de eucaliptos, en una finca de su propiedad, en Carcab\u00edn, localidad de las Pi\u00f1eras en Pravia.\" \/>\n\t\t<meta name=\"twitter:image\" content=\"https:\/\/www.eldigitaldeasturias.com\/noticias\/wp-content\/uploads\/2015\/10\/juzgado.jpg\" \/>\n\t\t<meta name=\"twitter:label1\" content=\"Escrito por\" \/>\n\t\t<meta name=\"twitter:data1\" content=\"El Digital de Asturias\" \/>\n\t\t<meta name=\"twitter:label2\" content=\"Tiempo de lectura estimado\" \/>\n\t\t<meta name=\"twitter:data2\" content=\"1 minuto\" \/>\n\t\t<script type=\"application\/ld+json\" class=\"aioseo-schema\">\n\t\t\t{\"@context\":\"https:\\\/\\\/schema.org\",\"@graph\":[{\"@type\":\"BlogPosting\",\"@id\":\"https:\\\/\\\/www.eldigitaldeasturias.com\\\/noticias\\\/condenado-un-vecino-de-pravia-por-prender-un-fuego-sin-autorizacion\\\/#blogposting\",\"name\":\"Condenado un vecino de Pravia por prender un fuego sin autorizaci\\u00f3n - El Digital de Asturias\",\"headline\":\"Condenado un vecino de Pravia por prender un fuego sin autorizaci\\u00f3n\",\"author\":{\"@id\":\"https:\\\/\\\/www.eldigitaldeasturias.com\\\/noticias\\\/author\\\/admin\\\/#author\"},\"publisher\":{\"@id\":\"https:\\\/\\\/www.eldigitaldeasturias.com\\\/noticias\\\/#organization\"},\"image\":{\"@type\":\"ImageObject\",\"url\":\"https:\\\/\\\/www.eldigitaldeasturias.com\\\/noticias\\\/wp-content\\\/uploads\\\/2015\\\/10\\\/juzgado.jpg\",\"width\":800,\"height\":536},\"datePublished\":\"2016-02-23T14:24:54+01:00\",\"dateModified\":\"2016-02-23T14:24:54+01:00\",\"inLanguage\":\"es-ES\",\"mainEntityOfPage\":{\"@id\":\"https:\\\/\\\/www.eldigitaldeasturias.com\\\/noticias\\\/condenado-un-vecino-de-pravia-por-prender-un-fuego-sin-autorizacion\\\/#webpage\"},\"isPartOf\":{\"@id\":\"https:\\\/\\\/www.eldigitaldeasturias.com\\\/noticias\\\/condenado-un-vecino-de-pravia-por-prender-un-fuego-sin-autorizacion\\\/#webpage\"},\"articleSection\":\"Sucesos\"},{\"@type\":\"BreadcrumbList\",\"@id\":\"https:\\\/\\\/www.eldigitaldeasturias.com\\\/noticias\\\/condenado-un-vecino-de-pravia-por-prender-un-fuego-sin-autorizacion\\\/#breadcrumblist\",\"itemListElement\":[{\"@type\":\"ListItem\",\"@id\":\"https:\\\/\\\/www.eldigitaldeasturias.com\\\/noticias#listItem\",\"position\":1,\"name\":\"Home\",\"item\":\"https:\\\/\\\/www.eldigitaldeasturias.com\\\/noticias\",\"nextItem\":{\"@type\":\"ListItem\",\"@id\":\"https:\\\/\\\/www.eldigitaldeasturias.com\\\/noticias\\\/category\\\/sucesos\\\/#listItem\",\"name\":\"Sucesos\"}},{\"@type\":\"ListItem\",\"@id\":\"https:\\\/\\\/www.eldigitaldeasturias.com\\\/noticias\\\/category\\\/sucesos\\\/#listItem\",\"position\":2,\"name\":\"Sucesos\",\"item\":\"https:\\\/\\\/www.eldigitaldeasturias.com\\\/noticias\\\/category\\\/sucesos\\\/\",\"nextItem\":{\"@type\":\"ListItem\",\"@id\":\"https:\\\/\\\/www.eldigitaldeasturias.com\\\/noticias\\\/condenado-un-vecino-de-pravia-por-prender-un-fuego-sin-autorizacion\\\/#listItem\",\"name\":\"Condenado un vecino de Pravia por prender un fuego sin autorizaci\\u00f3n\"},\"previousItem\":{\"@type\":\"ListItem\",\"@id\":\"https:\\\/\\\/www.eldigitaldeasturias.com\\\/noticias#listItem\",\"name\":\"Home\"}},{\"@type\":\"ListItem\",\"@id\":\"https:\\\/\\\/www.eldigitaldeasturias.com\\\/noticias\\\/condenado-un-vecino-de-pravia-por-prender-un-fuego-sin-autorizacion\\\/#listItem\",\"position\":3,\"name\":\"Condenado un vecino de Pravia por prender un fuego sin autorizaci\\u00f3n\",\"previousItem\":{\"@type\":\"ListItem\",\"@id\":\"https:\\\/\\\/www.eldigitaldeasturias.com\\\/noticias\\\/category\\\/sucesos\\\/#listItem\",\"name\":\"Sucesos\"}}]},{\"@type\":\"Organization\",\"@id\":\"https:\\\/\\\/www.eldigitaldeasturias.com\\\/noticias\\\/#organization\",\"name\":\"El Digital de Asturias\",\"description\":\"Hemeroteca\",\"url\":\"https:\\\/\\\/www.eldigitaldeasturias.com\\\/noticias\\\/\",\"email\":\"info@eldigitaldeasturias.com\",\"telephone\":\"+34652131393\",\"logo\":{\"@type\":\"ImageObject\",\"url\":\"https:\\\/\\\/www.eldigitaldeasturias.com\\\/noticias\\\/wp-content\\\/uploads\\\/2020\\\/12\\\/EDA.jpg\",\"@id\":\"https:\\\/\\\/www.eldigitaldeasturias.com\\\/noticias\\\/condenado-un-vecino-de-pravia-por-prender-un-fuego-sin-autorizacion\\\/#organizationLogo\",\"width\":649,\"height\":297},\"image\":{\"@id\":\"https:\\\/\\\/www.eldigitaldeasturias.com\\\/noticias\\\/condenado-un-vecino-de-pravia-por-prender-un-fuego-sin-autorizacion\\\/#organizationLogo\"},\"sameAs\":[\"https:\\\/\\\/facebook.com\\\/eldigitaldeasturias\",\"https:\\\/\\\/www.youtube.com\\\/channel\\\/UCZP-2wLEB9Rv6erhFmqVnvg\"],\"address\":{\"@id\":\"https:\\\/\\\/www.eldigitaldeasturias.com\\\/noticias\\\/#postaladdress\",\"@type\":\"PostalAddress\",\"streetAddress\":\"san antonio 4,\",\"postalCode\":\"33430\",\"addressLocality\":\"Cand\\u00e1s\",\"addressRegion\":\"Asturias\",\"addressCountry\":\"ES\"}},{\"@type\":\"Person\",\"@id\":\"https:\\\/\\\/www.eldigitaldeasturias.com\\\/noticias\\\/author\\\/admin\\\/#author\",\"url\":\"https:\\\/\\\/www.eldigitaldeasturias.com\\\/noticias\\\/author\\\/admin\\\/\",\"name\":\"El Digital de Asturias\",\"image\":{\"@type\":\"ImageObject\",\"@id\":\"https:\\\/\\\/www.eldigitaldeasturias.com\\\/noticias\\\/condenado-un-vecino-de-pravia-por-prender-un-fuego-sin-autorizacion\\\/#authorImage\",\"url\":\"https:\\\/\\\/www.eldigitaldeasturias.com\\\/noticias\\\/wp-content\\\/litespeed\\\/avatar\\\/18677e78aa0546b92d9dbf31ec7d7668.jpg?ver=1777290358\",\"width\":96,\"height\":96,\"caption\":\"El Digital de Asturias\"}},{\"@type\":\"WebPage\",\"@id\":\"https:\\\/\\\/www.eldigitaldeasturias.com\\\/noticias\\\/condenado-un-vecino-de-pravia-por-prender-un-fuego-sin-autorizacion\\\/#webpage\",\"url\":\"https:\\\/\\\/www.eldigitaldeasturias.com\\\/noticias\\\/condenado-un-vecino-de-pravia-por-prender-un-fuego-sin-autorizacion\\\/\",\"name\":\"Condenado un vecino de Pravia por prender un fuego sin autorizaci\\u00f3n - El Digital de Asturias\",\"description\":\"El Juzgado de lo Penal N\\u00famero 2 de Avil\\u00e9s ha condenado a un vecino de Pravia a seis meses de prisi\\u00f3n y al pago de 720 euros de multa por prender fuego a varios montones de restos de corta de eucaliptos, en una finca de su propiedad, en Carcab\\u00edn, localidad de las Pi\\u00f1eras en Pravia.\",\"inLanguage\":\"es-ES\",\"isPartOf\":{\"@id\":\"https:\\\/\\\/www.eldigitaldeasturias.com\\\/noticias\\\/#website\"},\"breadcrumb\":{\"@id\":\"https:\\\/\\\/www.eldigitaldeasturias.com\\\/noticias\\\/condenado-un-vecino-de-pravia-por-prender-un-fuego-sin-autorizacion\\\/#breadcrumblist\"},\"author\":{\"@id\":\"https:\\\/\\\/www.eldigitaldeasturias.com\\\/noticias\\\/author\\\/admin\\\/#author\"},\"creator\":{\"@id\":\"https:\\\/\\\/www.eldigitaldeasturias.com\\\/noticias\\\/author\\\/admin\\\/#author\"},\"image\":{\"@type\":\"ImageObject\",\"url\":\"https:\\\/\\\/www.eldigitaldeasturias.com\\\/noticias\\\/wp-content\\\/uploads\\\/2015\\\/10\\\/juzgado.jpg\",\"@id\":\"https:\\\/\\\/www.eldigitaldeasturias.com\\\/noticias\\\/condenado-un-vecino-de-pravia-por-prender-un-fuego-sin-autorizacion\\\/#mainImage\",\"width\":800,\"height\":536},\"primaryImageOfPage\":{\"@id\":\"https:\\\/\\\/www.eldigitaldeasturias.com\\\/noticias\\\/condenado-un-vecino-de-pravia-por-prender-un-fuego-sin-autorizacion\\\/#mainImage\"},\"datePublished\":\"2016-02-23T14:24:54+01:00\",\"dateModified\":\"2016-02-23T14:24:54+01:00\"},{\"@type\":\"WebSite\",\"@id\":\"https:\\\/\\\/www.eldigitaldeasturias.com\\\/noticias\\\/#website\",\"url\":\"https:\\\/\\\/www.eldigitaldeasturias.com\\\/noticias\\\/\",\"name\":\"El Digital de Asturias - Diario de actualidad y noticias\",\"alternateName\":\"El Digital de Asturias - Diario de actualidad y noticias\",\"description\":\"Hemeroteca\",\"inLanguage\":\"es-ES\",\"publisher\":{\"@id\":\"https:\\\/\\\/www.eldigitaldeasturias.com\\\/noticias\\\/#organization\"}}]}\n\t\t<\/script>\n\t\t<!-- All in One SEO Pro -->\r\n\t\t<title>Condenado un vecino de Pravia por prender un fuego sin autorizaci\u00f3n - El Digital de Asturias<\/title>\n\n","aioseo_head_json":{"title":"Condenado un vecino de Pravia por prender un fuego sin autorizaci\u00f3n - El Digital de Asturias","description":"El Juzgado de lo Penal N\u00famero 2 de Avil\u00e9s ha condenado a un vecino de Pravia a seis meses de prisi\u00f3n y al pago de 720 euros de multa por prender fuego a varios montones de restos de corta de eucaliptos, en una finca de su propiedad, en Carcab\u00edn, localidad de las Pi\u00f1eras en Pravia.","canonical_url":"https:\/\/www.eldigitaldeasturias.com\/noticias\/condenado-un-vecino-de-pravia-por-prender-un-fuego-sin-autorizacion\/","robots":"max-image-preview:large","keywords":"sucesos","webmasterTools":{"google-site-verification":"UA-38556648-1","msvalidate.01":"7dfe9f3f1b24437ab69f4f2559babe99","miscellaneous":""},"schema":{"@context":"https:\/\/schema.org","@graph":[{"@type":"BlogPosting","@id":"https:\/\/www.eldigitaldeasturias.com\/noticias\/condenado-un-vecino-de-pravia-por-prender-un-fuego-sin-autorizacion\/#blogposting","name":"Condenado un vecino de Pravia por prender un fuego sin autorizaci\u00f3n - El Digital de Asturias","headline":"Condenado un vecino de Pravia por prender un fuego sin autorizaci\u00f3n","author":{"@id":"https:\/\/www.eldigitaldeasturias.com\/noticias\/author\/admin\/#author"},"publisher":{"@id":"https:\/\/www.eldigitaldeasturias.com\/noticias\/#organization"},"image":{"@type":"ImageObject","url":"https:\/\/www.eldigitaldeasturias.com\/noticias\/wp-content\/uploads\/2015\/10\/juzgado.jpg","width":800,"height":536},"datePublished":"2016-02-23T14:24:54+01:00","dateModified":"2016-02-23T14:24:54+01:00","inLanguage":"es-ES","mainEntityOfPage":{"@id":"https:\/\/www.eldigitaldeasturias.com\/noticias\/condenado-un-vecino-de-pravia-por-prender-un-fuego-sin-autorizacion\/#webpage"},"isPartOf":{"@id":"https:\/\/www.eldigitaldeasturias.com\/noticias\/condenado-un-vecino-de-pravia-por-prender-un-fuego-sin-autorizacion\/#webpage"},"articleSection":"Sucesos"},{"@type":"BreadcrumbList","@id":"https:\/\/www.eldigitaldeasturias.com\/noticias\/condenado-un-vecino-de-pravia-por-prender-un-fuego-sin-autorizacion\/#breadcrumblist","itemListElement":[{"@type":"ListItem","@id":"https:\/\/www.eldigitaldeasturias.com\/noticias#listItem","position":1,"name":"Home","item":"https:\/\/www.eldigitaldeasturias.com\/noticias","nextItem":{"@type":"ListItem","@id":"https:\/\/www.eldigitaldeasturias.com\/noticias\/category\/sucesos\/#listItem","name":"Sucesos"}},{"@type":"ListItem","@id":"https:\/\/www.eldigitaldeasturias.com\/noticias\/category\/sucesos\/#listItem","position":2,"name":"Sucesos","item":"https:\/\/www.eldigitaldeasturias.com\/noticias\/category\/sucesos\/","nextItem":{"@type":"ListItem","@id":"https:\/\/www.eldigitaldeasturias.com\/noticias\/condenado-un-vecino-de-pravia-por-prender-un-fuego-sin-autorizacion\/#listItem","name":"Condenado un vecino de Pravia por prender un fuego sin autorizaci\u00f3n"},"previousItem":{"@type":"ListItem","@id":"https:\/\/www.eldigitaldeasturias.com\/noticias#listItem","name":"Home"}},{"@type":"ListItem","@id":"https:\/\/www.eldigitaldeasturias.com\/noticias\/condenado-un-vecino-de-pravia-por-prender-un-fuego-sin-autorizacion\/#listItem","position":3,"name":"Condenado un vecino de Pravia por prender un fuego sin autorizaci\u00f3n","previousItem":{"@type":"ListItem","@id":"https:\/\/www.eldigitaldeasturias.com\/noticias\/category\/sucesos\/#listItem","name":"Sucesos"}}]},{"@type":"Organization","@id":"https:\/\/www.eldigitaldeasturias.com\/noticias\/#organization","name":"El Digital de Asturias","description":"Hemeroteca","url":"https:\/\/www.eldigitaldeasturias.com\/noticias\/","email":"info@eldigitaldeasturias.com","telephone":"+34652131393","logo":{"@type":"ImageObject","url":"https:\/\/www.eldigitaldeasturias.com\/noticias\/wp-content\/uploads\/2020\/12\/EDA.jpg","@id":"https:\/\/www.eldigitaldeasturias.com\/noticias\/condenado-un-vecino-de-pravia-por-prender-un-fuego-sin-autorizacion\/#organizationLogo","width":649,"height":297},"image":{"@id":"https:\/\/www.eldigitaldeasturias.com\/noticias\/condenado-un-vecino-de-pravia-por-prender-un-fuego-sin-autorizacion\/#organizationLogo"},"sameAs":["https:\/\/facebook.com\/eldigitaldeasturias","https:\/\/www.youtube.com\/channel\/UCZP-2wLEB9Rv6erhFmqVnvg"],"address":{"@id":"https:\/\/www.eldigitaldeasturias.com\/noticias\/#postaladdress","@type":"PostalAddress","streetAddress":"san antonio 4,","postalCode":"33430","addressLocality":"Cand\u00e1s","addressRegion":"Asturias","addressCountry":"ES"}},{"@type":"Person","@id":"https:\/\/www.eldigitaldeasturias.com\/noticias\/author\/admin\/#author","url":"https:\/\/www.eldigitaldeasturias.com\/noticias\/author\/admin\/","name":"El Digital de Asturias","image":{"@type":"ImageObject","@id":"https:\/\/www.eldigitaldeasturias.com\/noticias\/condenado-un-vecino-de-pravia-por-prender-un-fuego-sin-autorizacion\/#authorImage","url":"https:\/\/www.eldigitaldeasturias.com\/noticias\/wp-content\/litespeed\/avatar\/18677e78aa0546b92d9dbf31ec7d7668.jpg?ver=1777290358","width":96,"height":96,"caption":"El Digital de Asturias"}},{"@type":"WebPage","@id":"https:\/\/www.eldigitaldeasturias.com\/noticias\/condenado-un-vecino-de-pravia-por-prender-un-fuego-sin-autorizacion\/#webpage","url":"https:\/\/www.eldigitaldeasturias.com\/noticias\/condenado-un-vecino-de-pravia-por-prender-un-fuego-sin-autorizacion\/","name":"Condenado un vecino de Pravia por prender un fuego sin autorizaci\u00f3n - El Digital de Asturias","description":"El Juzgado de lo Penal N\u00famero 2 de Avil\u00e9s ha condenado a un vecino de Pravia a seis meses de prisi\u00f3n y al pago de 720 euros de multa por prender fuego a varios montones de restos de corta de eucaliptos, en una finca de su propiedad, en Carcab\u00edn, localidad de las Pi\u00f1eras en Pravia.","inLanguage":"es-ES","isPartOf":{"@id":"https:\/\/www.eldigitaldeasturias.com\/noticias\/#website"},"breadcrumb":{"@id":"https:\/\/www.eldigitaldeasturias.com\/noticias\/condenado-un-vecino-de-pravia-por-prender-un-fuego-sin-autorizacion\/#breadcrumblist"},"author":{"@id":"https:\/\/www.eldigitaldeasturias.com\/noticias\/author\/admin\/#author"},"creator":{"@id":"https:\/\/www.eldigitaldeasturias.com\/noticias\/author\/admin\/#author"},"image":{"@type":"ImageObject","url":"https:\/\/www.eldigitaldeasturias.com\/noticias\/wp-content\/uploads\/2015\/10\/juzgado.jpg","@id":"https:\/\/www.eldigitaldeasturias.com\/noticias\/condenado-un-vecino-de-pravia-por-prender-un-fuego-sin-autorizacion\/#mainImage","width":800,"height":536},"primaryImageOfPage":{"@id":"https:\/\/www.eldigitaldeasturias.com\/noticias\/condenado-un-vecino-de-pravia-por-prender-un-fuego-sin-autorizacion\/#mainImage"},"datePublished":"2016-02-23T14:24:54+01:00","dateModified":"2016-02-23T14:24:54+01:00"},{"@type":"WebSite","@id":"https:\/\/www.eldigitaldeasturias.com\/noticias\/#website","url":"https:\/\/www.eldigitaldeasturias.com\/noticias\/","name":"El Digital de Asturias - Diario de actualidad y noticias","alternateName":"El Digital de Asturias - Diario de actualidad y noticias","description":"Hemeroteca","inLanguage":"es-ES","publisher":{"@id":"https:\/\/www.eldigitaldeasturias.com\/noticias\/#organization"}}]},"og:locale":"es_ES","og:site_name":"El Digital de Asturias","og:type":"article","og:title":"Condenado un vecino de Pravia por prender un fuego sin autorizaci\u00f3n - El Digital de Asturias","og:description":"El Juzgado de lo Penal N\u00famero 2 de Avil\u00e9s ha condenado a un vecino de Pravia a seis meses de prisi\u00f3n y al pago de 720 euros de multa por prender fuego a varios montones de restos de corta de eucaliptos, en una finca de su propiedad, en Carcab\u00edn, localidad de las Pi\u00f1eras en Pravia.","og:url":"https:\/\/www.eldigitaldeasturias.com\/noticias\/condenado-un-vecino-de-pravia-por-prender-un-fuego-sin-autorizacion\/","og:image":"https:\/\/www.eldigitaldeasturias.com\/noticias\/wp-content\/uploads\/2015\/10\/juzgado.jpg","og:image:secure_url":"https:\/\/www.eldigitaldeasturias.com\/noticias\/wp-content\/uploads\/2015\/10\/juzgado.jpg","og:image:width":800,"og:image:height":536,"article:tag":["sucesos"],"article:published_time":"2016-02-23T14:24:54+00:00","article:modified_time":"2016-02-23T14:24:54+00:00","article:publisher":"https:\/\/facebook.com\/eldigitaldeasturias","twitter:card":"summary_large_image","twitter:title":"Condenado un vecino de Pravia por prender un fuego sin autorizaci\u00f3n - El Digital de Asturias","twitter:description":"El Juzgado de lo Penal N\u00famero 2 de Avil\u00e9s ha condenado a un vecino de Pravia a seis meses de prisi\u00f3n y al pago de 720 euros de multa por prender fuego a varios montones de restos de corta de eucaliptos, en una finca de su propiedad, en Carcab\u00edn, localidad de las Pi\u00f1eras en Pravia.","twitter:image":"https:\/\/www.eldigitaldeasturias.com\/noticias\/wp-content\/uploads\/2015\/10\/juzgado.jpg","twitter:label1":"Escrito por","twitter:data1":"El Digital de Asturias","twitter:label2":"Tiempo de lectura estimado","twitter:data2":"1 minuto"},"aioseo_meta_data":{"post_id":"861289","title":null,"description":null,"keywords":null,"keyphrases":null,"primary_term":null,"canonical_url":null,"og_title":null,"og_description":null,"og_object_type":"default","og_image_type":"default","og_image_url":null,"og_image_width":null,"og_image_height":null,"og_image_custom_url":null,"og_image_custom_fields":null,"og_video":null,"og_custom_url":null,"og_article_section":null,"og_article_tags":null,"twitter_use_og":false,"twitter_card":"default","twitter_image_type":"default","twitter_image_url":null,"twitter_image_custom_url":null,"twitter_image_custom_fields":null,"twitter_title":null,"twitter_description":null,"schema":{"blockGraphs":[],"customGraphs":[],"default":{"data":{"Article":[],"Course":[],"Dataset":[],"FAQPage":[],"Movie":[],"Person":[],"Product":[],"ProductReview":[],"Car":[],"Recipe":[],"Service":[],"SoftwareApplication":[],"WebPage":[]},"graphName":"","isEnabled":true},"graphs":[],"defaultGraph":"","defaultPostTypeGraph":""},"schema_type":null,"schema_type_options":null,"pillar_content":false,"robots_default":true,"robots_noindex":false,"robots_noarchive":false,"robots_nosnippet":false,"robots_nofollow":false,"robots_noimageindex":false,"robots_noodp":false,"robots_notranslate":false,"robots_max_snippet":null,"robots_max_videopreview":null,"robots_max_imagepreview":"large","priority":null,"frequency":null,"local_seo":null,"seo_analyzer_scan_date":"2025-12-10 20:46:10","breadcrumb_settings":null,"limit_modified_date":false,"open_ai":null,"ai":null,"created":"2021-01-23 15:00:19","updated":"2025-12-10 20:46:10"},"aioseo_breadcrumb":"<div class=\"aioseo-breadcrumbs\"><span class=\"aioseo-breadcrumb\">\n\t<a href=\"https:\/\/www.eldigitaldeasturias.com\/noticias\" title=\"Home\">Home<\/a>\n<\/span><span class=\"aioseo-breadcrumb-separator\">\u2013<\/span><span class=\"aioseo-breadcrumb\">\n\t<a href=\"https:\/\/www.eldigitaldeasturias.com\/noticias\/category\/sucesos\/\" title=\"Sucesos\">Sucesos<\/a>\n<\/span><span class=\"aioseo-breadcrumb-separator\">\u2013<\/span><span class=\"aioseo-breadcrumb\">\n\t<a href=\"https:\/\/www.eldigitaldeasturias.com\/noticias\/condenado-un-vecino-de-pravia-por-prender-un-fuego-sin-autorizacion\/\" title=\"Condenado un vecino de Pravia por prender un fuego sin autorizaci\u00f3n\">Condenado un vecino de Pravia por prender un fuego sin autorizaci\u00f3n<\/a>\n<\/span><\/div>","aioseo_breadcrumb_json":[{"label":"Home","link":"https:\/\/www.eldigitaldeasturias.com\/noticias"},{"label":"Sucesos","link":"https:\/\/www.eldigitaldeasturias.com\/noticias\/category\/sucesos\/"},{"label":"Condenado un vecino de Pravia por prender un fuego sin autorizaci\u00f3n","link":"https:\/\/www.eldigitaldeasturias.com\/noticias\/condenado-un-vecino-de-pravia-por-prender-un-fuego-sin-autorizacion\/"}],"_links":{"self":[{"href":"https:\/\/www.eldigitaldeasturias.com\/noticias\/wp-json\/wp\/v2\/posts\/861289","targetHints":{"allow":["GET"]}}],"collection":[{"href":"https:\/\/www.eldigitaldeasturias.com\/noticias\/wp-json\/wp\/v2\/posts"}],"about":[{"href":"https:\/\/www.eldigitaldeasturias.com\/noticias\/wp-json\/wp\/v2\/types\/post"}],"author":[{"embeddable":true,"href":"https:\/\/www.eldigitaldeasturias.com\/noticias\/wp-json\/wp\/v2\/users\/1"}],"replies":[{"embeddable":true,"href":"https:\/\/www.eldigitaldeasturias.com\/noticias\/wp-json\/wp\/v2\/comments?post=861289"}],"version-history":[{"count":0,"href":"https:\/\/www.eldigitaldeasturias.com\/noticias\/wp-json\/wp\/v2\/posts\/861289\/revisions"}],"wp:featuredmedia":[{"embeddable":true,"href":"https:\/\/www.eldigitaldeasturias.com\/noticias\/wp-json\/wp\/v2\/media\/811982"}],"wp:attachment":[{"href":"https:\/\/www.eldigitaldeasturias.com\/noticias\/wp-json\/wp\/v2\/media?parent=861289"}],"wp:term":[{"taxonomy":"category","embeddable":true,"href":"https:\/\/www.eldigitaldeasturias.com\/noticias\/wp-json\/wp\/v2\/categories?post=861289"},{"taxonomy":"post_tag","embeddable":true,"href":"https:\/\/www.eldigitaldeasturias.com\/noticias\/wp-json\/wp\/v2\/tags?post=861289"}],"curies":[{"name":"wp","href":"https:\/\/api.w.org\/{rel}","templated":true}]}}