{"id":861279,"date":"2016-02-23T14:15:12","date_gmt":"2016-02-23T14:15:12","guid":{"rendered":"http:\/\/www.eldigitaldeasturias.com\/noticias\/?p=861279"},"modified":"2016-02-23T14:15:12","modified_gmt":"2016-02-23T14:15:12","slug":"nueva-edicion-en-oviedo-de-la-noche-es-tuya-y-doce-17","status":"publish","type":"post","link":"https:\/\/www.eldigitaldeasturias.com\/noticias\/nueva-edicion-en-oviedo-de-la-noche-es-tuya-y-doce-17\/","title":{"rendered":"Nueva edici\u00f3n en Oviedo de \u00abLa noche es Tuya\u00bb y \u00abDoce 17\u00bb"},"content":{"rendered":"<p><img loading=\"lazy\" decoding=\"async\" class=\"alignleft size-medium wp-image-861280\" src=\"https:\/\/www.eldigitaldeasturias.com\/noticias\/wp-content\/uploads\/2016\/02\/fotonoticia_20160223112806_800-360x270.jpg\" alt=\"fotonoticia_20160223112806_800\" width=\"360\" height=\"270\" srcset=\"https:\/\/www.eldigitaldeasturias.com\/noticias\/wp-content\/uploads\/2016\/02\/fotonoticia_20160223112806_800-360x270.jpg 360w, https:\/\/www.eldigitaldeasturias.com\/noticias\/wp-content\/uploads\/2016\/02\/fotonoticia_20160223112806_800-768x576.jpg 768w, https:\/\/www.eldigitaldeasturias.com\/noticias\/wp-content\/uploads\/2016\/02\/fotonoticia_20160223112806_800-650x488.jpg 650w, https:\/\/www.eldigitaldeasturias.com\/noticias\/wp-content\/uploads\/2016\/02\/fotonoticia_20160223112806_800-125x95.jpg 125w, https:\/\/www.eldigitaldeasturias.com\/noticias\/wp-content\/uploads\/2016\/02\/fotonoticia_20160223112806_800-100x75.jpg 100w, https:\/\/www.eldigitaldeasturias.com\/noticias\/wp-content\/uploads\/2016\/02\/fotonoticia_20160223112806_800.jpg 800w\" sizes=\"auto, (max-width: 360px) 100vw, 360px\" \/>El Ayuntamiento de Oviedo ha puesto en marcha una nueva edici\u00f3n de los programas &#8216;La noche es Tuya&#8217; y &#8216;Doce17&#8217;, con el objetivo \u00abde cambiar los determinantes individuales, sociales y ambientales que promueven el uso de sustancias entre la poblaci\u00f3n adolescente y juvenil\u00bb.<\/p>\n<p>As\u00ed lo ha anunciado este martes la concejala de Atenci\u00f3n de las Personas e Igualdad, Marisa Ponga, en una rueda de prensa, donde ha se\u00f1alado que el plan de Ocio Juvenil \u00abcomplementa las intervenciones que desde el proyecto Municipal sobre Drogas\u00bb se realizan. En esta ocasi\u00f3n se desarrollar\u00e1n \u00ab144 actividades y como novedad se incorporar\u00e1 a este proyecto el centro social de Vallob\u00edn II\u00bb.<\/p>\n<p>En concreto, las actividades de &#8216;La noche es Tuya&#8217; est\u00e1n dirigidas a j\u00f3venes de entre 18 y 35 a\u00f1os y se celebrar\u00e1n desde el 26 de febrero hasta el 23 de abril, durante las noches de los viernes y los s\u00e1bados. Entre las novedades que se incluyen en este proyecto se encuentran \u00abla esgrima, las cocinas del mundo y las manualidades\u00bb.<\/p>\n<p>Por su parte, la programaci\u00f3n Doce17 est\u00e1 destinada a chicos de entre 12 y 17 a\u00f1os y los trabajos se desarrollar\u00e1n entre el 27 de febrero y el 24 de abril desde las 17.00 horas hasta las 20.00 de los viernes, s\u00e1bados y domingos. Entre las nuevas actividades que se incorporar\u00e1n a este programa se encuentran los \u00abbailes de cine, let&#8217;s dance y la cocina\u00bb.<\/p>\n<p>Todas estas actividades \u00abson gratuitas y aquellos que quieran asistir no necesitar\u00e1n inscribirse\u00bb, aunque los menores de edad que acudan a estos programas necesitar\u00e1n entregar \u00abuna autorizaci\u00f3n de sus padres y la fotocopia del DNI de ellos y de sus progenitores\u00bb<\/p>\n","protected":false},"excerpt":{"rendered":"<p>El Ayuntamiento de Oviedo ha puesto en marcha una nueva edici\u00f3n de los programas &#8216;La noche es Tuya&#8217; y &#8216;Doce17&#8217;, con el objetivo \u00abde cambiar los determinantes individuales, sociales y ambientales que promueven el uso de sustancias entre la poblaci\u00f3n adolescente y juvenil\u00bb. As\u00ed lo ha anunciado este martes la concejala de Atenci\u00f3n de las [&hellip;]<\/p>\n","protected":false},"author":1,"featured_media":861280,"comment_status":"closed","ping_status":"closed","sticky":false,"template":"","format":"standard","meta":{"footnotes":""},"categories":[12],"tags":[],"class_list":["post-861279","post","type-post","status-publish","format-standard","has-post-thumbnail","hentry","category-actualidad-asturias"],"aioseo_notices":[],"aioseo_head":"\n\t\t<!-- All in One SEO Pro 4.9.6.2 - aioseo.com -->\n\t<meta name=\"description\" content=\"El Ayuntamiento de Oviedo ha puesto en marcha una nueva edici\u00f3n de los programas &#039;La noche es Tuya&#039; y &#039;Doce17&#039;, con el objetivo &quot;de cambiar los determinantes individuales, sociales y ambientales que promueven el uso de sustancias entre la poblaci\u00f3n adolescente y juvenil&quot;. As\u00ed lo ha anunciado este martes la concejala de Atenci\u00f3n de las\" \/>\n\t<meta name=\"robots\" content=\"max-image-preview:large\" \/>\n\t<meta name=\"author\" content=\"El Digital de Asturias\"\/>\n\t<meta name=\"google-site-verification\" content=\"UA-38556648-1\" \/>\n\t<meta name=\"msvalidate.01\" content=\"7dfe9f3f1b24437ab69f4f2559babe99\" \/>\n\t<meta name=\"keywords\" content=\"actualidad asturias\" \/>\n\t<link rel=\"canonical\" href=\"https:\/\/www.eldigitaldeasturias.com\/noticias\/nueva-edicion-en-oviedo-de-la-noche-es-tuya-y-doce-17\/\" \/>\n\t<meta name=\"generator\" content=\"All in One SEO Pro (AIOSEO) 4.9.6.2\" \/>\n\t\t<meta property=\"og:locale\" content=\"es_ES\" \/>\n\t\t<meta property=\"og:site_name\" content=\"El Digital de Asturias\" \/>\n\t\t<meta property=\"og:type\" content=\"article\" \/>\n\t\t<meta property=\"og:title\" content=\"Nueva edici\u00f3n en Oviedo de \u00abLa noche es Tuya\u00bb y \u00abDoce 17\u00bb - El Digital de Asturias\" \/>\n\t\t<meta property=\"og:description\" content=\"El Ayuntamiento de Oviedo ha puesto en marcha una nueva edici\u00f3n de los programas &#039;La noche es Tuya&#039; y &#039;Doce17&#039;, con el objetivo &quot;de cambiar los determinantes individuales, sociales y ambientales que promueven el uso de sustancias entre la poblaci\u00f3n adolescente y juvenil&quot;. As\u00ed lo ha anunciado este martes la concejala de Atenci\u00f3n de las\" \/>\n\t\t<meta property=\"og:url\" content=\"https:\/\/www.eldigitaldeasturias.com\/noticias\/nueva-edicion-en-oviedo-de-la-noche-es-tuya-y-doce-17\/\" \/>\n\t\t<meta property=\"og:image\" content=\"https:\/\/www.eldigitaldeasturias.com\/noticias\/wp-content\/uploads\/2016\/02\/fotonoticia_20160223112806_800.jpg\" \/>\n\t\t<meta property=\"og:image:secure_url\" content=\"https:\/\/www.eldigitaldeasturias.com\/noticias\/wp-content\/uploads\/2016\/02\/fotonoticia_20160223112806_800.jpg\" \/>\n\t\t<meta property=\"og:image:width\" content=\"800\" \/>\n\t\t<meta property=\"og:image:height\" content=\"600\" \/>\n\t\t<meta property=\"article:tag\" content=\"actualidad asturias\" \/>\n\t\t<meta property=\"article:published_time\" content=\"2016-02-23T14:15:12+00:00\" \/>\n\t\t<meta property=\"article:modified_time\" content=\"2016-02-23T14:15:12+00:00\" \/>\n\t\t<meta property=\"article:publisher\" content=\"https:\/\/facebook.com\/eldigitaldeasturias\" \/>\n\t\t<meta name=\"twitter:card\" content=\"summary_large_image\" \/>\n\t\t<meta name=\"twitter:title\" content=\"Nueva edici\u00f3n en Oviedo de \u00abLa noche es Tuya\u00bb y \u00abDoce 17\u00bb - El Digital de Asturias\" \/>\n\t\t<meta name=\"twitter:description\" content=\"El Ayuntamiento de Oviedo ha puesto en marcha una nueva edici\u00f3n de los programas &#039;La noche es Tuya&#039; y &#039;Doce17&#039;, con el objetivo &quot;de cambiar los determinantes individuales, sociales y ambientales que promueven el uso de sustancias entre la poblaci\u00f3n adolescente y juvenil&quot;. As\u00ed lo ha anunciado este martes la concejala de Atenci\u00f3n de las\" \/>\n\t\t<meta name=\"twitter:image\" content=\"https:\/\/www.eldigitaldeasturias.com\/noticias\/wp-content\/uploads\/2016\/02\/fotonoticia_20160223112806_800.jpg\" \/>\n\t\t<meta name=\"twitter:label1\" content=\"Escrito por\" \/>\n\t\t<meta name=\"twitter:data1\" content=\"El Digital de Asturias\" \/>\n\t\t<meta name=\"twitter:label2\" content=\"Tiempo de lectura estimado\" \/>\n\t\t<meta name=\"twitter:data2\" content=\"1 minuto\" \/>\n\t\t<script type=\"application\/ld+json\" class=\"aioseo-schema\">\n\t\t\t{\"@context\":\"https:\\\/\\\/schema.org\",\"@graph\":[{\"@type\":\"BlogPosting\",\"@id\":\"https:\\\/\\\/www.eldigitaldeasturias.com\\\/noticias\\\/nueva-edicion-en-oviedo-de-la-noche-es-tuya-y-doce-17\\\/#blogposting\",\"name\":\"Nueva edici\\u00f3n en Oviedo de \\u00abLa noche es Tuya\\u00bb y \\u00abDoce 17\\u00bb - El Digital de Asturias\",\"headline\":\"Nueva edici\\u00f3n en Oviedo de \\u00abLa noche es Tuya\\u00bb y \\u00abDoce 17\\u00bb\",\"author\":{\"@id\":\"https:\\\/\\\/www.eldigitaldeasturias.com\\\/noticias\\\/author\\\/admin\\\/#author\"},\"publisher\":{\"@id\":\"https:\\\/\\\/www.eldigitaldeasturias.com\\\/noticias\\\/#organization\"},\"image\":{\"@type\":\"ImageObject\",\"url\":\"https:\\\/\\\/www.eldigitaldeasturias.com\\\/noticias\\\/wp-content\\\/uploads\\\/2016\\\/02\\\/fotonoticia_20160223112806_800.jpg\",\"width\":800,\"height\":600},\"datePublished\":\"2016-02-23T14:15:12+01:00\",\"dateModified\":\"2016-02-23T14:15:12+01:00\",\"inLanguage\":\"es-ES\",\"mainEntityOfPage\":{\"@id\":\"https:\\\/\\\/www.eldigitaldeasturias.com\\\/noticias\\\/nueva-edicion-en-oviedo-de-la-noche-es-tuya-y-doce-17\\\/#webpage\"},\"isPartOf\":{\"@id\":\"https:\\\/\\\/www.eldigitaldeasturias.com\\\/noticias\\\/nueva-edicion-en-oviedo-de-la-noche-es-tuya-y-doce-17\\\/#webpage\"},\"articleSection\":\"Actualidad Asturias\"},{\"@type\":\"BreadcrumbList\",\"@id\":\"https:\\\/\\\/www.eldigitaldeasturias.com\\\/noticias\\\/nueva-edicion-en-oviedo-de-la-noche-es-tuya-y-doce-17\\\/#breadcrumblist\",\"itemListElement\":[{\"@type\":\"ListItem\",\"@id\":\"https:\\\/\\\/www.eldigitaldeasturias.com\\\/noticias#listItem\",\"position\":1,\"name\":\"Home\",\"item\":\"https:\\\/\\\/www.eldigitaldeasturias.com\\\/noticias\",\"nextItem\":{\"@type\":\"ListItem\",\"@id\":\"https:\\\/\\\/www.eldigitaldeasturias.com\\\/noticias\\\/category\\\/actualidad-asturias\\\/#listItem\",\"name\":\"Actualidad Asturias\"}},{\"@type\":\"ListItem\",\"@id\":\"https:\\\/\\\/www.eldigitaldeasturias.com\\\/noticias\\\/category\\\/actualidad-asturias\\\/#listItem\",\"position\":2,\"name\":\"Actualidad Asturias\",\"item\":\"https:\\\/\\\/www.eldigitaldeasturias.com\\\/noticias\\\/category\\\/actualidad-asturias\\\/\",\"nextItem\":{\"@type\":\"ListItem\",\"@id\":\"https:\\\/\\\/www.eldigitaldeasturias.com\\\/noticias\\\/nueva-edicion-en-oviedo-de-la-noche-es-tuya-y-doce-17\\\/#listItem\",\"name\":\"Nueva edici\\u00f3n en Oviedo de \\u00abLa noche es Tuya\\u00bb y \\u00abDoce 17\\u00bb\"},\"previousItem\":{\"@type\":\"ListItem\",\"@id\":\"https:\\\/\\\/www.eldigitaldeasturias.com\\\/noticias#listItem\",\"name\":\"Home\"}},{\"@type\":\"ListItem\",\"@id\":\"https:\\\/\\\/www.eldigitaldeasturias.com\\\/noticias\\\/nueva-edicion-en-oviedo-de-la-noche-es-tuya-y-doce-17\\\/#listItem\",\"position\":3,\"name\":\"Nueva edici\\u00f3n en Oviedo de \\u00abLa noche es Tuya\\u00bb y \\u00abDoce 17\\u00bb\",\"previousItem\":{\"@type\":\"ListItem\",\"@id\":\"https:\\\/\\\/www.eldigitaldeasturias.com\\\/noticias\\\/category\\\/actualidad-asturias\\\/#listItem\",\"name\":\"Actualidad Asturias\"}}]},{\"@type\":\"Organization\",\"@id\":\"https:\\\/\\\/www.eldigitaldeasturias.com\\\/noticias\\\/#organization\",\"name\":\"El Digital de Asturias\",\"description\":\"Hemeroteca\",\"url\":\"https:\\\/\\\/www.eldigitaldeasturias.com\\\/noticias\\\/\",\"email\":\"info@eldigitaldeasturias.com\",\"telephone\":\"+34652131393\",\"logo\":{\"@type\":\"ImageObject\",\"url\":\"https:\\\/\\\/www.eldigitaldeasturias.com\\\/noticias\\\/wp-content\\\/uploads\\\/2020\\\/12\\\/EDA.jpg\",\"@id\":\"https:\\\/\\\/www.eldigitaldeasturias.com\\\/noticias\\\/nueva-edicion-en-oviedo-de-la-noche-es-tuya-y-doce-17\\\/#organizationLogo\",\"width\":649,\"height\":297},\"image\":{\"@id\":\"https:\\\/\\\/www.eldigitaldeasturias.com\\\/noticias\\\/nueva-edicion-en-oviedo-de-la-noche-es-tuya-y-doce-17\\\/#organizationLogo\"},\"sameAs\":[\"https:\\\/\\\/facebook.com\\\/eldigitaldeasturias\",\"https:\\\/\\\/www.youtube.com\\\/channel\\\/UCZP-2wLEB9Rv6erhFmqVnvg\"],\"address\":{\"@id\":\"https:\\\/\\\/www.eldigitaldeasturias.com\\\/noticias\\\/#postaladdress\",\"@type\":\"PostalAddress\",\"streetAddress\":\"san antonio 4,\",\"postalCode\":\"33430\",\"addressLocality\":\"Cand\\u00e1s\",\"addressRegion\":\"Asturias\",\"addressCountry\":\"ES\"}},{\"@type\":\"Person\",\"@id\":\"https:\\\/\\\/www.eldigitaldeasturias.com\\\/noticias\\\/author\\\/admin\\\/#author\",\"url\":\"https:\\\/\\\/www.eldigitaldeasturias.com\\\/noticias\\\/author\\\/admin\\\/\",\"name\":\"El Digital de Asturias\",\"image\":{\"@type\":\"ImageObject\",\"@id\":\"https:\\\/\\\/www.eldigitaldeasturias.com\\\/noticias\\\/nueva-edicion-en-oviedo-de-la-noche-es-tuya-y-doce-17\\\/#authorImage\",\"url\":\"https:\\\/\\\/www.eldigitaldeasturias.com\\\/noticias\\\/wp-content\\\/litespeed\\\/avatar\\\/18677e78aa0546b92d9dbf31ec7d7668.jpg?ver=1777290358\",\"width\":96,\"height\":96,\"caption\":\"El Digital de Asturias\"}},{\"@type\":\"WebPage\",\"@id\":\"https:\\\/\\\/www.eldigitaldeasturias.com\\\/noticias\\\/nueva-edicion-en-oviedo-de-la-noche-es-tuya-y-doce-17\\\/#webpage\",\"url\":\"https:\\\/\\\/www.eldigitaldeasturias.com\\\/noticias\\\/nueva-edicion-en-oviedo-de-la-noche-es-tuya-y-doce-17\\\/\",\"name\":\"Nueva edici\\u00f3n en Oviedo de \\u00abLa noche es Tuya\\u00bb y \\u00abDoce 17\\u00bb - El Digital de Asturias\",\"description\":\"El Ayuntamiento de Oviedo ha puesto en marcha una nueva edici\\u00f3n de los programas 'La noche es Tuya' y 'Doce17', con el objetivo \\\"de cambiar los determinantes individuales, sociales y ambientales que promueven el uso de sustancias entre la poblaci\\u00f3n adolescente y juvenil\\\". As\\u00ed lo ha anunciado este martes la concejala de Atenci\\u00f3n de las\",\"inLanguage\":\"es-ES\",\"isPartOf\":{\"@id\":\"https:\\\/\\\/www.eldigitaldeasturias.com\\\/noticias\\\/#website\"},\"breadcrumb\":{\"@id\":\"https:\\\/\\\/www.eldigitaldeasturias.com\\\/noticias\\\/nueva-edicion-en-oviedo-de-la-noche-es-tuya-y-doce-17\\\/#breadcrumblist\"},\"author\":{\"@id\":\"https:\\\/\\\/www.eldigitaldeasturias.com\\\/noticias\\\/author\\\/admin\\\/#author\"},\"creator\":{\"@id\":\"https:\\\/\\\/www.eldigitaldeasturias.com\\\/noticias\\\/author\\\/admin\\\/#author\"},\"image\":{\"@type\":\"ImageObject\",\"url\":\"https:\\\/\\\/www.eldigitaldeasturias.com\\\/noticias\\\/wp-content\\\/uploads\\\/2016\\\/02\\\/fotonoticia_20160223112806_800.jpg\",\"@id\":\"https:\\\/\\\/www.eldigitaldeasturias.com\\\/noticias\\\/nueva-edicion-en-oviedo-de-la-noche-es-tuya-y-doce-17\\\/#mainImage\",\"width\":800,\"height\":600},\"primaryImageOfPage\":{\"@id\":\"https:\\\/\\\/www.eldigitaldeasturias.com\\\/noticias\\\/nueva-edicion-en-oviedo-de-la-noche-es-tuya-y-doce-17\\\/#mainImage\"},\"datePublished\":\"2016-02-23T14:15:12+01:00\",\"dateModified\":\"2016-02-23T14:15:12+01:00\"},{\"@type\":\"WebSite\",\"@id\":\"https:\\\/\\\/www.eldigitaldeasturias.com\\\/noticias\\\/#website\",\"url\":\"https:\\\/\\\/www.eldigitaldeasturias.com\\\/noticias\\\/\",\"name\":\"El Digital de Asturias - Diario de actualidad y noticias\",\"alternateName\":\"El Digital de Asturias - Diario de actualidad y noticias\",\"description\":\"Hemeroteca\",\"inLanguage\":\"es-ES\",\"publisher\":{\"@id\":\"https:\\\/\\\/www.eldigitaldeasturias.com\\\/noticias\\\/#organization\"}}]}\n\t\t<\/script>\n\t\t<!-- All in One SEO Pro -->\r\n\t\t<title>Nueva edici\u00f3n en Oviedo de \u00abLa noche es Tuya\u00bb y \u00abDoce 17\u00bb - El Digital de Asturias<\/title>\n\n","aioseo_head_json":{"title":"Nueva edici\u00f3n en Oviedo de \u00abLa noche es Tuya\u00bb y \u00abDoce 17\u00bb - El Digital de Asturias","description":"El Ayuntamiento de Oviedo ha puesto en marcha una nueva edici\u00f3n de los programas 'La noche es Tuya' y 'Doce17', con el objetivo \"de cambiar los determinantes individuales, sociales y ambientales que promueven el uso de sustancias entre la poblaci\u00f3n adolescente y juvenil\". As\u00ed lo ha anunciado este martes la concejala de Atenci\u00f3n de las","canonical_url":"https:\/\/www.eldigitaldeasturias.com\/noticias\/nueva-edicion-en-oviedo-de-la-noche-es-tuya-y-doce-17\/","robots":"max-image-preview:large","keywords":"actualidad asturias","webmasterTools":{"google-site-verification":"UA-38556648-1","msvalidate.01":"7dfe9f3f1b24437ab69f4f2559babe99","miscellaneous":""},"schema":{"@context":"https:\/\/schema.org","@graph":[{"@type":"BlogPosting","@id":"https:\/\/www.eldigitaldeasturias.com\/noticias\/nueva-edicion-en-oviedo-de-la-noche-es-tuya-y-doce-17\/#blogposting","name":"Nueva edici\u00f3n en Oviedo de \u00abLa noche es Tuya\u00bb y \u00abDoce 17\u00bb - El Digital de Asturias","headline":"Nueva edici\u00f3n en Oviedo de \u00abLa noche es Tuya\u00bb y \u00abDoce 17\u00bb","author":{"@id":"https:\/\/www.eldigitaldeasturias.com\/noticias\/author\/admin\/#author"},"publisher":{"@id":"https:\/\/www.eldigitaldeasturias.com\/noticias\/#organization"},"image":{"@type":"ImageObject","url":"https:\/\/www.eldigitaldeasturias.com\/noticias\/wp-content\/uploads\/2016\/02\/fotonoticia_20160223112806_800.jpg","width":800,"height":600},"datePublished":"2016-02-23T14:15:12+01:00","dateModified":"2016-02-23T14:15:12+01:00","inLanguage":"es-ES","mainEntityOfPage":{"@id":"https:\/\/www.eldigitaldeasturias.com\/noticias\/nueva-edicion-en-oviedo-de-la-noche-es-tuya-y-doce-17\/#webpage"},"isPartOf":{"@id":"https:\/\/www.eldigitaldeasturias.com\/noticias\/nueva-edicion-en-oviedo-de-la-noche-es-tuya-y-doce-17\/#webpage"},"articleSection":"Actualidad Asturias"},{"@type":"BreadcrumbList","@id":"https:\/\/www.eldigitaldeasturias.com\/noticias\/nueva-edicion-en-oviedo-de-la-noche-es-tuya-y-doce-17\/#breadcrumblist","itemListElement":[{"@type":"ListItem","@id":"https:\/\/www.eldigitaldeasturias.com\/noticias#listItem","position":1,"name":"Home","item":"https:\/\/www.eldigitaldeasturias.com\/noticias","nextItem":{"@type":"ListItem","@id":"https:\/\/www.eldigitaldeasturias.com\/noticias\/category\/actualidad-asturias\/#listItem","name":"Actualidad Asturias"}},{"@type":"ListItem","@id":"https:\/\/www.eldigitaldeasturias.com\/noticias\/category\/actualidad-asturias\/#listItem","position":2,"name":"Actualidad Asturias","item":"https:\/\/www.eldigitaldeasturias.com\/noticias\/category\/actualidad-asturias\/","nextItem":{"@type":"ListItem","@id":"https:\/\/www.eldigitaldeasturias.com\/noticias\/nueva-edicion-en-oviedo-de-la-noche-es-tuya-y-doce-17\/#listItem","name":"Nueva edici\u00f3n en Oviedo de \u00abLa noche es Tuya\u00bb y \u00abDoce 17\u00bb"},"previousItem":{"@type":"ListItem","@id":"https:\/\/www.eldigitaldeasturias.com\/noticias#listItem","name":"Home"}},{"@type":"ListItem","@id":"https:\/\/www.eldigitaldeasturias.com\/noticias\/nueva-edicion-en-oviedo-de-la-noche-es-tuya-y-doce-17\/#listItem","position":3,"name":"Nueva edici\u00f3n en Oviedo de \u00abLa noche es Tuya\u00bb y \u00abDoce 17\u00bb","previousItem":{"@type":"ListItem","@id":"https:\/\/www.eldigitaldeasturias.com\/noticias\/category\/actualidad-asturias\/#listItem","name":"Actualidad Asturias"}}]},{"@type":"Organization","@id":"https:\/\/www.eldigitaldeasturias.com\/noticias\/#organization","name":"El Digital de Asturias","description":"Hemeroteca","url":"https:\/\/www.eldigitaldeasturias.com\/noticias\/","email":"info@eldigitaldeasturias.com","telephone":"+34652131393","logo":{"@type":"ImageObject","url":"https:\/\/www.eldigitaldeasturias.com\/noticias\/wp-content\/uploads\/2020\/12\/EDA.jpg","@id":"https:\/\/www.eldigitaldeasturias.com\/noticias\/nueva-edicion-en-oviedo-de-la-noche-es-tuya-y-doce-17\/#organizationLogo","width":649,"height":297},"image":{"@id":"https:\/\/www.eldigitaldeasturias.com\/noticias\/nueva-edicion-en-oviedo-de-la-noche-es-tuya-y-doce-17\/#organizationLogo"},"sameAs":["https:\/\/facebook.com\/eldigitaldeasturias","https:\/\/www.youtube.com\/channel\/UCZP-2wLEB9Rv6erhFmqVnvg"],"address":{"@id":"https:\/\/www.eldigitaldeasturias.com\/noticias\/#postaladdress","@type":"PostalAddress","streetAddress":"san antonio 4,","postalCode":"33430","addressLocality":"Cand\u00e1s","addressRegion":"Asturias","addressCountry":"ES"}},{"@type":"Person","@id":"https:\/\/www.eldigitaldeasturias.com\/noticias\/author\/admin\/#author","url":"https:\/\/www.eldigitaldeasturias.com\/noticias\/author\/admin\/","name":"El Digital de Asturias","image":{"@type":"ImageObject","@id":"https:\/\/www.eldigitaldeasturias.com\/noticias\/nueva-edicion-en-oviedo-de-la-noche-es-tuya-y-doce-17\/#authorImage","url":"https:\/\/www.eldigitaldeasturias.com\/noticias\/wp-content\/litespeed\/avatar\/18677e78aa0546b92d9dbf31ec7d7668.jpg?ver=1777290358","width":96,"height":96,"caption":"El Digital de Asturias"}},{"@type":"WebPage","@id":"https:\/\/www.eldigitaldeasturias.com\/noticias\/nueva-edicion-en-oviedo-de-la-noche-es-tuya-y-doce-17\/#webpage","url":"https:\/\/www.eldigitaldeasturias.com\/noticias\/nueva-edicion-en-oviedo-de-la-noche-es-tuya-y-doce-17\/","name":"Nueva edici\u00f3n en Oviedo de \u00abLa noche es Tuya\u00bb y \u00abDoce 17\u00bb - El Digital de Asturias","description":"El Ayuntamiento de Oviedo ha puesto en marcha una nueva edici\u00f3n de los programas 'La noche es Tuya' y 'Doce17', con el objetivo \"de cambiar los determinantes individuales, sociales y ambientales que promueven el uso de sustancias entre la poblaci\u00f3n adolescente y juvenil\". As\u00ed lo ha anunciado este martes la concejala de Atenci\u00f3n de las","inLanguage":"es-ES","isPartOf":{"@id":"https:\/\/www.eldigitaldeasturias.com\/noticias\/#website"},"breadcrumb":{"@id":"https:\/\/www.eldigitaldeasturias.com\/noticias\/nueva-edicion-en-oviedo-de-la-noche-es-tuya-y-doce-17\/#breadcrumblist"},"author":{"@id":"https:\/\/www.eldigitaldeasturias.com\/noticias\/author\/admin\/#author"},"creator":{"@id":"https:\/\/www.eldigitaldeasturias.com\/noticias\/author\/admin\/#author"},"image":{"@type":"ImageObject","url":"https:\/\/www.eldigitaldeasturias.com\/noticias\/wp-content\/uploads\/2016\/02\/fotonoticia_20160223112806_800.jpg","@id":"https:\/\/www.eldigitaldeasturias.com\/noticias\/nueva-edicion-en-oviedo-de-la-noche-es-tuya-y-doce-17\/#mainImage","width":800,"height":600},"primaryImageOfPage":{"@id":"https:\/\/www.eldigitaldeasturias.com\/noticias\/nueva-edicion-en-oviedo-de-la-noche-es-tuya-y-doce-17\/#mainImage"},"datePublished":"2016-02-23T14:15:12+01:00","dateModified":"2016-02-23T14:15:12+01:00"},{"@type":"WebSite","@id":"https:\/\/www.eldigitaldeasturias.com\/noticias\/#website","url":"https:\/\/www.eldigitaldeasturias.com\/noticias\/","name":"El Digital de Asturias - Diario de actualidad y noticias","alternateName":"El Digital de Asturias - Diario de actualidad y noticias","description":"Hemeroteca","inLanguage":"es-ES","publisher":{"@id":"https:\/\/www.eldigitaldeasturias.com\/noticias\/#organization"}}]},"og:locale":"es_ES","og:site_name":"El Digital de Asturias","og:type":"article","og:title":"Nueva edici\u00f3n en Oviedo de \u00abLa noche es Tuya\u00bb y \u00abDoce 17\u00bb - El Digital de Asturias","og:description":"El Ayuntamiento de Oviedo ha puesto en marcha una nueva edici\u00f3n de los programas 'La noche es Tuya' y 'Doce17', con el objetivo &quot;de cambiar los determinantes individuales, sociales y ambientales que promueven el uso de sustancias entre la poblaci\u00f3n adolescente y juvenil&quot;. As\u00ed lo ha anunciado este martes la concejala de Atenci\u00f3n de las","og:url":"https:\/\/www.eldigitaldeasturias.com\/noticias\/nueva-edicion-en-oviedo-de-la-noche-es-tuya-y-doce-17\/","og:image":"https:\/\/www.eldigitaldeasturias.com\/noticias\/wp-content\/uploads\/2016\/02\/fotonoticia_20160223112806_800.jpg","og:image:secure_url":"https:\/\/www.eldigitaldeasturias.com\/noticias\/wp-content\/uploads\/2016\/02\/fotonoticia_20160223112806_800.jpg","og:image:width":800,"og:image:height":600,"article:tag":["actualidad asturias"],"article:published_time":"2016-02-23T14:15:12+00:00","article:modified_time":"2016-02-23T14:15:12+00:00","article:publisher":"https:\/\/facebook.com\/eldigitaldeasturias","twitter:card":"summary_large_image","twitter:title":"Nueva edici\u00f3n en Oviedo de \u00abLa noche es Tuya\u00bb y \u00abDoce 17\u00bb - El Digital de Asturias","twitter:description":"El Ayuntamiento de Oviedo ha puesto en marcha una nueva edici\u00f3n de los programas 'La noche es Tuya' y 'Doce17', con el objetivo &quot;de cambiar los determinantes individuales, sociales y ambientales que promueven el uso de sustancias entre la poblaci\u00f3n adolescente y juvenil&quot;. As\u00ed lo ha anunciado este martes la concejala de Atenci\u00f3n de las","twitter:image":"https:\/\/www.eldigitaldeasturias.com\/noticias\/wp-content\/uploads\/2016\/02\/fotonoticia_20160223112806_800.jpg","twitter:label1":"Escrito por","twitter:data1":"El Digital de Asturias","twitter:label2":"Tiempo de lectura estimado","twitter:data2":"1 minuto"},"aioseo_meta_data":{"post_id":"861279","title":null,"description":null,"keywords":null,"keyphrases":null,"primary_term":null,"canonical_url":null,"og_title":null,"og_description":null,"og_object_type":"default","og_image_type":"default","og_image_url":null,"og_image_width":null,"og_image_height":null,"og_image_custom_url":null,"og_image_custom_fields":null,"og_video":null,"og_custom_url":null,"og_article_section":null,"og_article_tags":null,"twitter_use_og":false,"twitter_card":"default","twitter_image_type":"default","twitter_image_url":null,"twitter_image_custom_url":null,"twitter_image_custom_fields":null,"twitter_title":null,"twitter_description":null,"schema":{"blockGraphs":[],"customGraphs":[],"default":{"data":{"Article":[],"Course":[],"Dataset":[],"FAQPage":[],"Movie":[],"Person":[],"Product":[],"ProductReview":[],"Car":[],"Recipe":[],"Service":[],"SoftwareApplication":[],"WebPage":[]},"graphName":"","isEnabled":true},"graphs":[],"defaultGraph":"","defaultPostTypeGraph":""},"schema_type":null,"schema_type_options":null,"pillar_content":false,"robots_default":true,"robots_noindex":false,"robots_noarchive":false,"robots_nosnippet":false,"robots_nofollow":false,"robots_noimageindex":false,"robots_noodp":false,"robots_notranslate":false,"robots_max_snippet":null,"robots_max_videopreview":null,"robots_max_imagepreview":"large","priority":null,"frequency":null,"local_seo":null,"seo_analyzer_scan_date":"2025-12-10 20:44:08","breadcrumb_settings":null,"limit_modified_date":false,"open_ai":null,"ai":null,"created":"2021-01-23 15:00:19","updated":"2025-12-10 20:44:08"},"aioseo_breadcrumb":"<div class=\"aioseo-breadcrumbs\"><span class=\"aioseo-breadcrumb\">\n\t<a href=\"https:\/\/www.eldigitaldeasturias.com\/noticias\" title=\"Home\">Home<\/a>\n<\/span><span class=\"aioseo-breadcrumb-separator\">\u2013<\/span><span class=\"aioseo-breadcrumb\">\n\t<a href=\"https:\/\/www.eldigitaldeasturias.com\/noticias\/category\/actualidad-asturias\/\" title=\"Actualidad Asturias\">Actualidad Asturias<\/a>\n<\/span><span class=\"aioseo-breadcrumb-separator\">\u2013<\/span><span class=\"aioseo-breadcrumb\">\n\t<a href=\"https:\/\/www.eldigitaldeasturias.com\/noticias\/nueva-edicion-en-oviedo-de-la-noche-es-tuya-y-doce-17\/\" title=\"Nueva edici\u00f3n en Oviedo de \u00abLa noche es Tuya\u00bb y \u00abDoce 17\u00bb\">Nueva edici\u00f3n en Oviedo de \u00abLa noche es Tuya\u00bb y \u00abDoce 17\u00bb<\/a>\n<\/span><\/div>","aioseo_breadcrumb_json":[{"label":"Home","link":"https:\/\/www.eldigitaldeasturias.com\/noticias"},{"label":"Actualidad Asturias","link":"https:\/\/www.eldigitaldeasturias.com\/noticias\/category\/actualidad-asturias\/"},{"label":"Nueva edici\u00f3n en Oviedo de \u00abLa noche es Tuya\u00bb y \u00abDoce 17\u00bb","link":"https:\/\/www.eldigitaldeasturias.com\/noticias\/nueva-edicion-en-oviedo-de-la-noche-es-tuya-y-doce-17\/"}],"_links":{"self":[{"href":"https:\/\/www.eldigitaldeasturias.com\/noticias\/wp-json\/wp\/v2\/posts\/861279","targetHints":{"allow":["GET"]}}],"collection":[{"href":"https:\/\/www.eldigitaldeasturias.com\/noticias\/wp-json\/wp\/v2\/posts"}],"about":[{"href":"https:\/\/www.eldigitaldeasturias.com\/noticias\/wp-json\/wp\/v2\/types\/post"}],"author":[{"embeddable":true,"href":"https:\/\/www.eldigitaldeasturias.com\/noticias\/wp-json\/wp\/v2\/users\/1"}],"replies":[{"embeddable":true,"href":"https:\/\/www.eldigitaldeasturias.com\/noticias\/wp-json\/wp\/v2\/comments?post=861279"}],"version-history":[{"count":0,"href":"https:\/\/www.eldigitaldeasturias.com\/noticias\/wp-json\/wp\/v2\/posts\/861279\/revisions"}],"wp:featuredmedia":[{"embeddable":true,"href":"https:\/\/www.eldigitaldeasturias.com\/noticias\/wp-json\/wp\/v2\/media\/861280"}],"wp:attachment":[{"href":"https:\/\/www.eldigitaldeasturias.com\/noticias\/wp-json\/wp\/v2\/media?parent=861279"}],"wp:term":[{"taxonomy":"category","embeddable":true,"href":"https:\/\/www.eldigitaldeasturias.com\/noticias\/wp-json\/wp\/v2\/categories?post=861279"},{"taxonomy":"post_tag","embeddable":true,"href":"https:\/\/www.eldigitaldeasturias.com\/noticias\/wp-json\/wp\/v2\/tags?post=861279"}],"curies":[{"name":"wp","href":"https:\/\/api.w.org\/{rel}","templated":true}]}}