{"id":861274,"date":"2016-02-23T14:08:14","date_gmt":"2016-02-23T14:08:14","guid":{"rendered":"http:\/\/www.eldigitaldeasturias.com\/noticias\/?p=861274"},"modified":"2016-02-23T14:08:14","modified_gmt":"2016-02-23T14:08:14","slug":"prendes-pide-una-tarifa-estable-para-las-empresas","status":"publish","type":"post","link":"https:\/\/www.eldigitaldeasturias.com\/noticias\/prendes-pide-una-tarifa-estable-para-las-empresas\/","title":{"rendered":"Prendes pide una tarifa estable para las empresas"},"content":{"rendered":"<p><img loading=\"lazy\" decoding=\"async\" class=\"alignleft size-medium wp-image-861275\" src=\"https:\/\/www.eldigitaldeasturias.com\/noticias\/wp-content\/uploads\/2016\/02\/fotonoticia_20160223112054_800-360x240.jpg\" alt=\"fotonoticia_20160223112054_800\" width=\"360\" height=\"240\" srcset=\"https:\/\/www.eldigitaldeasturias.com\/noticias\/wp-content\/uploads\/2016\/02\/fotonoticia_20160223112054_800-360x240.jpg 360w, https:\/\/www.eldigitaldeasturias.com\/noticias\/wp-content\/uploads\/2016\/02\/fotonoticia_20160223112054_800-768x512.jpg 768w, https:\/\/www.eldigitaldeasturias.com\/noticias\/wp-content\/uploads\/2016\/02\/fotonoticia_20160223112054_800-650x433.jpg 650w, https:\/\/www.eldigitaldeasturias.com\/noticias\/wp-content\/uploads\/2016\/02\/fotonoticia_20160223112054_800-84x55.jpg 84w, https:\/\/www.eldigitaldeasturias.com\/noticias\/wp-content\/uploads\/2016\/02\/fotonoticia_20160223112054_800-49x32.jpg 49w, https:\/\/www.eldigitaldeasturias.com\/noticias\/wp-content\/uploads\/2016\/02\/fotonoticia_20160223112054_800.jpg 800w\" sizes=\"auto, (max-width: 360px) 100vw, 360px\" \/>El diputado de Ciudadanos por Asturias, Ignacio Prendes, ha expresado este martes la necesidad de encontrar una soluci\u00f3n para el problema que tienen las grandes compa\u00f1\u00edas industriales en Espa\u00f1a ante la carencia de una tarifa el\u00e9ctrica estable y competitiva, as\u00ed como la conveniencia de establecer un sistema de precios para la energ\u00eda que dote a las compa\u00f1\u00edas de m\u00e1s estabilidad y competitividad.<\/p>\n<p>Prendes ha hecho estas declaraciones tras reunirse en Madrid con el Presidente de Alcoa Espa\u00f1a, Rub\u00e9n Bartolom\u00e9, para conocer la situaci\u00f3n en la que se encuentra la filial de la multinacional estadounidense, con plantas en Avil\u00e9s, A Coru\u00f1a y San Cipri\u00e1n.<\/p>\n<p>Durante el encuentro, Prendes y Bartolom\u00e9 han abordado las crecientes dificultades que encuentran las grandes compa\u00f1\u00edas industriales en Espa\u00f1a debido a la carencia de una tarifa el\u00e9ctrica estable y competitiva. La ausencia de un horizonte de estabilidad y previsi\u00f3n para los precios de la electricidad en nuestro pa\u00eds entorpece la planificaci\u00f3n empresarial en el medio plazo, y supone una anomal\u00eda respecto a la mayor\u00eda de nuestros vecinos europeos.<\/p>\n<p>El diputado de Ciudadanos se ha comprometido a celebrar, en las pr\u00f3ximas semanas, una reuni\u00f3n con los responsables de econom\u00eda e industria de Ciudadanos que explore las distintas opciones para afrontar la cuesti\u00f3n.<\/p>\n","protected":false},"excerpt":{"rendered":"<p>El diputado de Ciudadanos por Asturias, Ignacio Prendes, ha expresado este martes la necesidad de encontrar una soluci\u00f3n para el problema que tienen las grandes compa\u00f1\u00edas industriales en Espa\u00f1a ante la carencia de una tarifa el\u00e9ctrica estable y competitiva, as\u00ed como la conveniencia de establecer un sistema de precios para la energ\u00eda que dote a [&hellip;]<\/p>\n","protected":false},"author":1,"featured_media":861275,"comment_status":"closed","ping_status":"closed","sticky":false,"template":"","format":"standard","meta":{"footnotes":""},"categories":[12],"tags":[],"class_list":["post-861274","post","type-post","status-publish","format-standard","has-post-thumbnail","hentry","category-actualidad-asturias"],"aioseo_notices":[],"aioseo_head":"\n\t\t<!-- All in One SEO Pro 4.9.6.2 - aioseo.com -->\n\t<meta name=\"description\" content=\"El diputado de Ciudadanos por Asturias, Ignacio Prendes, ha expresado este martes la necesidad de encontrar una soluci\u00f3n para el problema que tienen las grandes compa\u00f1\u00edas industriales en Espa\u00f1a ante la carencia de una tarifa el\u00e9ctrica estable y competitiva, as\u00ed como la conveniencia de establecer un sistema de precios para la energ\u00eda que dote a\" \/>\n\t<meta name=\"robots\" content=\"max-image-preview:large\" \/>\n\t<meta name=\"author\" content=\"El Digital de Asturias\"\/>\n\t<meta name=\"google-site-verification\" content=\"UA-38556648-1\" \/>\n\t<meta name=\"msvalidate.01\" content=\"7dfe9f3f1b24437ab69f4f2559babe99\" \/>\n\t<meta name=\"keywords\" content=\"actualidad asturias\" \/>\n\t<link rel=\"canonical\" href=\"https:\/\/www.eldigitaldeasturias.com\/noticias\/prendes-pide-una-tarifa-estable-para-las-empresas\/\" \/>\n\t<meta name=\"generator\" content=\"All in One SEO Pro (AIOSEO) 4.9.6.2\" \/>\n\t\t<meta property=\"og:locale\" content=\"es_ES\" \/>\n\t\t<meta property=\"og:site_name\" content=\"El Digital de Asturias\" \/>\n\t\t<meta property=\"og:type\" content=\"article\" \/>\n\t\t<meta property=\"og:title\" content=\"Prendes pide una tarifa estable para las empresas - El Digital de Asturias\" \/>\n\t\t<meta property=\"og:description\" content=\"El diputado de Ciudadanos por Asturias, Ignacio Prendes, ha expresado este martes la necesidad de encontrar una soluci\u00f3n para el problema que tienen las grandes compa\u00f1\u00edas industriales en Espa\u00f1a ante la carencia de una tarifa el\u00e9ctrica estable y competitiva, as\u00ed como la conveniencia de establecer un sistema de precios para la energ\u00eda que dote a\" \/>\n\t\t<meta property=\"og:url\" content=\"https:\/\/www.eldigitaldeasturias.com\/noticias\/prendes-pide-una-tarifa-estable-para-las-empresas\/\" \/>\n\t\t<meta property=\"og:image\" content=\"https:\/\/www.eldigitaldeasturias.com\/noticias\/wp-content\/uploads\/2016\/02\/fotonoticia_20160223112054_800.jpg\" \/>\n\t\t<meta property=\"og:image:secure_url\" content=\"https:\/\/www.eldigitaldeasturias.com\/noticias\/wp-content\/uploads\/2016\/02\/fotonoticia_20160223112054_800.jpg\" \/>\n\t\t<meta property=\"og:image:width\" content=\"800\" \/>\n\t\t<meta property=\"og:image:height\" content=\"533\" \/>\n\t\t<meta property=\"article:tag\" content=\"actualidad asturias\" \/>\n\t\t<meta property=\"article:published_time\" content=\"2016-02-23T14:08:14+00:00\" \/>\n\t\t<meta property=\"article:modified_time\" content=\"2016-02-23T14:08:14+00:00\" \/>\n\t\t<meta property=\"article:publisher\" content=\"https:\/\/facebook.com\/eldigitaldeasturias\" \/>\n\t\t<meta name=\"twitter:card\" content=\"summary_large_image\" \/>\n\t\t<meta name=\"twitter:title\" content=\"Prendes pide una tarifa estable para las empresas - El Digital de Asturias\" \/>\n\t\t<meta name=\"twitter:description\" content=\"El diputado de Ciudadanos por Asturias, Ignacio Prendes, ha expresado este martes la necesidad de encontrar una soluci\u00f3n para el problema que tienen las grandes compa\u00f1\u00edas industriales en Espa\u00f1a ante la carencia de una tarifa el\u00e9ctrica estable y competitiva, as\u00ed como la conveniencia de establecer un sistema de precios para la energ\u00eda que dote a\" \/>\n\t\t<meta name=\"twitter:image\" content=\"https:\/\/www.eldigitaldeasturias.com\/noticias\/wp-content\/uploads\/2016\/02\/fotonoticia_20160223112054_800.jpg\" \/>\n\t\t<meta name=\"twitter:label1\" content=\"Escrito por\" \/>\n\t\t<meta name=\"twitter:data1\" content=\"El Digital de Asturias\" \/>\n\t\t<meta name=\"twitter:label2\" content=\"Tiempo de lectura estimado\" \/>\n\t\t<meta name=\"twitter:data2\" content=\"1 minuto\" \/>\n\t\t<script type=\"application\/ld+json\" class=\"aioseo-schema\">\n\t\t\t{\"@context\":\"https:\\\/\\\/schema.org\",\"@graph\":[{\"@type\":\"BlogPosting\",\"@id\":\"https:\\\/\\\/www.eldigitaldeasturias.com\\\/noticias\\\/prendes-pide-una-tarifa-estable-para-las-empresas\\\/#blogposting\",\"name\":\"Prendes pide una tarifa estable para las empresas - El Digital de Asturias\",\"headline\":\"Prendes pide una tarifa estable para las empresas\",\"author\":{\"@id\":\"https:\\\/\\\/www.eldigitaldeasturias.com\\\/noticias\\\/author\\\/admin\\\/#author\"},\"publisher\":{\"@id\":\"https:\\\/\\\/www.eldigitaldeasturias.com\\\/noticias\\\/#organization\"},\"image\":{\"@type\":\"ImageObject\",\"url\":\"https:\\\/\\\/www.eldigitaldeasturias.com\\\/noticias\\\/wp-content\\\/uploads\\\/2016\\\/02\\\/fotonoticia_20160223112054_800.jpg\",\"width\":800,\"height\":533},\"datePublished\":\"2016-02-23T14:08:14+01:00\",\"dateModified\":\"2016-02-23T14:08:14+01:00\",\"inLanguage\":\"es-ES\",\"mainEntityOfPage\":{\"@id\":\"https:\\\/\\\/www.eldigitaldeasturias.com\\\/noticias\\\/prendes-pide-una-tarifa-estable-para-las-empresas\\\/#webpage\"},\"isPartOf\":{\"@id\":\"https:\\\/\\\/www.eldigitaldeasturias.com\\\/noticias\\\/prendes-pide-una-tarifa-estable-para-las-empresas\\\/#webpage\"},\"articleSection\":\"Actualidad Asturias\"},{\"@type\":\"BreadcrumbList\",\"@id\":\"https:\\\/\\\/www.eldigitaldeasturias.com\\\/noticias\\\/prendes-pide-una-tarifa-estable-para-las-empresas\\\/#breadcrumblist\",\"itemListElement\":[{\"@type\":\"ListItem\",\"@id\":\"https:\\\/\\\/www.eldigitaldeasturias.com\\\/noticias#listItem\",\"position\":1,\"name\":\"Home\",\"item\":\"https:\\\/\\\/www.eldigitaldeasturias.com\\\/noticias\",\"nextItem\":{\"@type\":\"ListItem\",\"@id\":\"https:\\\/\\\/www.eldigitaldeasturias.com\\\/noticias\\\/category\\\/actualidad-asturias\\\/#listItem\",\"name\":\"Actualidad Asturias\"}},{\"@type\":\"ListItem\",\"@id\":\"https:\\\/\\\/www.eldigitaldeasturias.com\\\/noticias\\\/category\\\/actualidad-asturias\\\/#listItem\",\"position\":2,\"name\":\"Actualidad Asturias\",\"item\":\"https:\\\/\\\/www.eldigitaldeasturias.com\\\/noticias\\\/category\\\/actualidad-asturias\\\/\",\"nextItem\":{\"@type\":\"ListItem\",\"@id\":\"https:\\\/\\\/www.eldigitaldeasturias.com\\\/noticias\\\/prendes-pide-una-tarifa-estable-para-las-empresas\\\/#listItem\",\"name\":\"Prendes pide una tarifa estable para las empresas\"},\"previousItem\":{\"@type\":\"ListItem\",\"@id\":\"https:\\\/\\\/www.eldigitaldeasturias.com\\\/noticias#listItem\",\"name\":\"Home\"}},{\"@type\":\"ListItem\",\"@id\":\"https:\\\/\\\/www.eldigitaldeasturias.com\\\/noticias\\\/prendes-pide-una-tarifa-estable-para-las-empresas\\\/#listItem\",\"position\":3,\"name\":\"Prendes pide una tarifa estable para las empresas\",\"previousItem\":{\"@type\":\"ListItem\",\"@id\":\"https:\\\/\\\/www.eldigitaldeasturias.com\\\/noticias\\\/category\\\/actualidad-asturias\\\/#listItem\",\"name\":\"Actualidad Asturias\"}}]},{\"@type\":\"Organization\",\"@id\":\"https:\\\/\\\/www.eldigitaldeasturias.com\\\/noticias\\\/#organization\",\"name\":\"El Digital de Asturias\",\"description\":\"Hemeroteca\",\"url\":\"https:\\\/\\\/www.eldigitaldeasturias.com\\\/noticias\\\/\",\"email\":\"info@eldigitaldeasturias.com\",\"telephone\":\"+34652131393\",\"logo\":{\"@type\":\"ImageObject\",\"url\":\"https:\\\/\\\/www.eldigitaldeasturias.com\\\/noticias\\\/wp-content\\\/uploads\\\/2020\\\/12\\\/EDA.jpg\",\"@id\":\"https:\\\/\\\/www.eldigitaldeasturias.com\\\/noticias\\\/prendes-pide-una-tarifa-estable-para-las-empresas\\\/#organizationLogo\",\"width\":649,\"height\":297},\"image\":{\"@id\":\"https:\\\/\\\/www.eldigitaldeasturias.com\\\/noticias\\\/prendes-pide-una-tarifa-estable-para-las-empresas\\\/#organizationLogo\"},\"sameAs\":[\"https:\\\/\\\/facebook.com\\\/eldigitaldeasturias\",\"https:\\\/\\\/www.youtube.com\\\/channel\\\/UCZP-2wLEB9Rv6erhFmqVnvg\"],\"address\":{\"@id\":\"https:\\\/\\\/www.eldigitaldeasturias.com\\\/noticias\\\/#postaladdress\",\"@type\":\"PostalAddress\",\"streetAddress\":\"san antonio 4,\",\"postalCode\":\"33430\",\"addressLocality\":\"Cand\\u00e1s\",\"addressRegion\":\"Asturias\",\"addressCountry\":\"ES\"}},{\"@type\":\"Person\",\"@id\":\"https:\\\/\\\/www.eldigitaldeasturias.com\\\/noticias\\\/author\\\/admin\\\/#author\",\"url\":\"https:\\\/\\\/www.eldigitaldeasturias.com\\\/noticias\\\/author\\\/admin\\\/\",\"name\":\"El Digital de Asturias\",\"image\":{\"@type\":\"ImageObject\",\"@id\":\"https:\\\/\\\/www.eldigitaldeasturias.com\\\/noticias\\\/prendes-pide-una-tarifa-estable-para-las-empresas\\\/#authorImage\",\"url\":\"https:\\\/\\\/www.eldigitaldeasturias.com\\\/noticias\\\/wp-content\\\/litespeed\\\/avatar\\\/18677e78aa0546b92d9dbf31ec7d7668.jpg?ver=1777290358\",\"width\":96,\"height\":96,\"caption\":\"El Digital de Asturias\"}},{\"@type\":\"WebPage\",\"@id\":\"https:\\\/\\\/www.eldigitaldeasturias.com\\\/noticias\\\/prendes-pide-una-tarifa-estable-para-las-empresas\\\/#webpage\",\"url\":\"https:\\\/\\\/www.eldigitaldeasturias.com\\\/noticias\\\/prendes-pide-una-tarifa-estable-para-las-empresas\\\/\",\"name\":\"Prendes pide una tarifa estable para las empresas - El Digital de Asturias\",\"description\":\"El diputado de Ciudadanos por Asturias, Ignacio Prendes, ha expresado este martes la necesidad de encontrar una soluci\\u00f3n para el problema que tienen las grandes compa\\u00f1\\u00edas industriales en Espa\\u00f1a ante la carencia de una tarifa el\\u00e9ctrica estable y competitiva, as\\u00ed como la conveniencia de establecer un sistema de precios para la energ\\u00eda que dote a\",\"inLanguage\":\"es-ES\",\"isPartOf\":{\"@id\":\"https:\\\/\\\/www.eldigitaldeasturias.com\\\/noticias\\\/#website\"},\"breadcrumb\":{\"@id\":\"https:\\\/\\\/www.eldigitaldeasturias.com\\\/noticias\\\/prendes-pide-una-tarifa-estable-para-las-empresas\\\/#breadcrumblist\"},\"author\":{\"@id\":\"https:\\\/\\\/www.eldigitaldeasturias.com\\\/noticias\\\/author\\\/admin\\\/#author\"},\"creator\":{\"@id\":\"https:\\\/\\\/www.eldigitaldeasturias.com\\\/noticias\\\/author\\\/admin\\\/#author\"},\"image\":{\"@type\":\"ImageObject\",\"url\":\"https:\\\/\\\/www.eldigitaldeasturias.com\\\/noticias\\\/wp-content\\\/uploads\\\/2016\\\/02\\\/fotonoticia_20160223112054_800.jpg\",\"@id\":\"https:\\\/\\\/www.eldigitaldeasturias.com\\\/noticias\\\/prendes-pide-una-tarifa-estable-para-las-empresas\\\/#mainImage\",\"width\":800,\"height\":533},\"primaryImageOfPage\":{\"@id\":\"https:\\\/\\\/www.eldigitaldeasturias.com\\\/noticias\\\/prendes-pide-una-tarifa-estable-para-las-empresas\\\/#mainImage\"},\"datePublished\":\"2016-02-23T14:08:14+01:00\",\"dateModified\":\"2016-02-23T14:08:14+01:00\"},{\"@type\":\"WebSite\",\"@id\":\"https:\\\/\\\/www.eldigitaldeasturias.com\\\/noticias\\\/#website\",\"url\":\"https:\\\/\\\/www.eldigitaldeasturias.com\\\/noticias\\\/\",\"name\":\"El Digital de Asturias - Diario de actualidad y noticias\",\"alternateName\":\"El Digital de Asturias - Diario de actualidad y noticias\",\"description\":\"Hemeroteca\",\"inLanguage\":\"es-ES\",\"publisher\":{\"@id\":\"https:\\\/\\\/www.eldigitaldeasturias.com\\\/noticias\\\/#organization\"}}]}\n\t\t<\/script>\n\t\t<!-- All in One SEO Pro -->\r\n\t\t<title>Prendes pide una tarifa estable para las empresas - El Digital de Asturias<\/title>\n\n","aioseo_head_json":{"title":"Prendes pide una tarifa estable para las empresas - El Digital de Asturias","description":"El diputado de Ciudadanos por Asturias, Ignacio Prendes, ha expresado este martes la necesidad de encontrar una soluci\u00f3n para el problema que tienen las grandes compa\u00f1\u00edas industriales en Espa\u00f1a ante la carencia de una tarifa el\u00e9ctrica estable y competitiva, as\u00ed como la conveniencia de establecer un sistema de precios para la energ\u00eda que dote a","canonical_url":"https:\/\/www.eldigitaldeasturias.com\/noticias\/prendes-pide-una-tarifa-estable-para-las-empresas\/","robots":"max-image-preview:large","keywords":"actualidad asturias","webmasterTools":{"google-site-verification":"UA-38556648-1","msvalidate.01":"7dfe9f3f1b24437ab69f4f2559babe99","miscellaneous":""},"schema":{"@context":"https:\/\/schema.org","@graph":[{"@type":"BlogPosting","@id":"https:\/\/www.eldigitaldeasturias.com\/noticias\/prendes-pide-una-tarifa-estable-para-las-empresas\/#blogposting","name":"Prendes pide una tarifa estable para las empresas - El Digital de Asturias","headline":"Prendes pide una tarifa estable para las empresas","author":{"@id":"https:\/\/www.eldigitaldeasturias.com\/noticias\/author\/admin\/#author"},"publisher":{"@id":"https:\/\/www.eldigitaldeasturias.com\/noticias\/#organization"},"image":{"@type":"ImageObject","url":"https:\/\/www.eldigitaldeasturias.com\/noticias\/wp-content\/uploads\/2016\/02\/fotonoticia_20160223112054_800.jpg","width":800,"height":533},"datePublished":"2016-02-23T14:08:14+01:00","dateModified":"2016-02-23T14:08:14+01:00","inLanguage":"es-ES","mainEntityOfPage":{"@id":"https:\/\/www.eldigitaldeasturias.com\/noticias\/prendes-pide-una-tarifa-estable-para-las-empresas\/#webpage"},"isPartOf":{"@id":"https:\/\/www.eldigitaldeasturias.com\/noticias\/prendes-pide-una-tarifa-estable-para-las-empresas\/#webpage"},"articleSection":"Actualidad Asturias"},{"@type":"BreadcrumbList","@id":"https:\/\/www.eldigitaldeasturias.com\/noticias\/prendes-pide-una-tarifa-estable-para-las-empresas\/#breadcrumblist","itemListElement":[{"@type":"ListItem","@id":"https:\/\/www.eldigitaldeasturias.com\/noticias#listItem","position":1,"name":"Home","item":"https:\/\/www.eldigitaldeasturias.com\/noticias","nextItem":{"@type":"ListItem","@id":"https:\/\/www.eldigitaldeasturias.com\/noticias\/category\/actualidad-asturias\/#listItem","name":"Actualidad Asturias"}},{"@type":"ListItem","@id":"https:\/\/www.eldigitaldeasturias.com\/noticias\/category\/actualidad-asturias\/#listItem","position":2,"name":"Actualidad Asturias","item":"https:\/\/www.eldigitaldeasturias.com\/noticias\/category\/actualidad-asturias\/","nextItem":{"@type":"ListItem","@id":"https:\/\/www.eldigitaldeasturias.com\/noticias\/prendes-pide-una-tarifa-estable-para-las-empresas\/#listItem","name":"Prendes pide una tarifa estable para las empresas"},"previousItem":{"@type":"ListItem","@id":"https:\/\/www.eldigitaldeasturias.com\/noticias#listItem","name":"Home"}},{"@type":"ListItem","@id":"https:\/\/www.eldigitaldeasturias.com\/noticias\/prendes-pide-una-tarifa-estable-para-las-empresas\/#listItem","position":3,"name":"Prendes pide una tarifa estable para las empresas","previousItem":{"@type":"ListItem","@id":"https:\/\/www.eldigitaldeasturias.com\/noticias\/category\/actualidad-asturias\/#listItem","name":"Actualidad Asturias"}}]},{"@type":"Organization","@id":"https:\/\/www.eldigitaldeasturias.com\/noticias\/#organization","name":"El Digital de Asturias","description":"Hemeroteca","url":"https:\/\/www.eldigitaldeasturias.com\/noticias\/","email":"info@eldigitaldeasturias.com","telephone":"+34652131393","logo":{"@type":"ImageObject","url":"https:\/\/www.eldigitaldeasturias.com\/noticias\/wp-content\/uploads\/2020\/12\/EDA.jpg","@id":"https:\/\/www.eldigitaldeasturias.com\/noticias\/prendes-pide-una-tarifa-estable-para-las-empresas\/#organizationLogo","width":649,"height":297},"image":{"@id":"https:\/\/www.eldigitaldeasturias.com\/noticias\/prendes-pide-una-tarifa-estable-para-las-empresas\/#organizationLogo"},"sameAs":["https:\/\/facebook.com\/eldigitaldeasturias","https:\/\/www.youtube.com\/channel\/UCZP-2wLEB9Rv6erhFmqVnvg"],"address":{"@id":"https:\/\/www.eldigitaldeasturias.com\/noticias\/#postaladdress","@type":"PostalAddress","streetAddress":"san antonio 4,","postalCode":"33430","addressLocality":"Cand\u00e1s","addressRegion":"Asturias","addressCountry":"ES"}},{"@type":"Person","@id":"https:\/\/www.eldigitaldeasturias.com\/noticias\/author\/admin\/#author","url":"https:\/\/www.eldigitaldeasturias.com\/noticias\/author\/admin\/","name":"El Digital de Asturias","image":{"@type":"ImageObject","@id":"https:\/\/www.eldigitaldeasturias.com\/noticias\/prendes-pide-una-tarifa-estable-para-las-empresas\/#authorImage","url":"https:\/\/www.eldigitaldeasturias.com\/noticias\/wp-content\/litespeed\/avatar\/18677e78aa0546b92d9dbf31ec7d7668.jpg?ver=1777290358","width":96,"height":96,"caption":"El Digital de Asturias"}},{"@type":"WebPage","@id":"https:\/\/www.eldigitaldeasturias.com\/noticias\/prendes-pide-una-tarifa-estable-para-las-empresas\/#webpage","url":"https:\/\/www.eldigitaldeasturias.com\/noticias\/prendes-pide-una-tarifa-estable-para-las-empresas\/","name":"Prendes pide una tarifa estable para las empresas - El Digital de Asturias","description":"El diputado de Ciudadanos por Asturias, Ignacio Prendes, ha expresado este martes la necesidad de encontrar una soluci\u00f3n para el problema que tienen las grandes compa\u00f1\u00edas industriales en Espa\u00f1a ante la carencia de una tarifa el\u00e9ctrica estable y competitiva, as\u00ed como la conveniencia de establecer un sistema de precios para la energ\u00eda que dote a","inLanguage":"es-ES","isPartOf":{"@id":"https:\/\/www.eldigitaldeasturias.com\/noticias\/#website"},"breadcrumb":{"@id":"https:\/\/www.eldigitaldeasturias.com\/noticias\/prendes-pide-una-tarifa-estable-para-las-empresas\/#breadcrumblist"},"author":{"@id":"https:\/\/www.eldigitaldeasturias.com\/noticias\/author\/admin\/#author"},"creator":{"@id":"https:\/\/www.eldigitaldeasturias.com\/noticias\/author\/admin\/#author"},"image":{"@type":"ImageObject","url":"https:\/\/www.eldigitaldeasturias.com\/noticias\/wp-content\/uploads\/2016\/02\/fotonoticia_20160223112054_800.jpg","@id":"https:\/\/www.eldigitaldeasturias.com\/noticias\/prendes-pide-una-tarifa-estable-para-las-empresas\/#mainImage","width":800,"height":533},"primaryImageOfPage":{"@id":"https:\/\/www.eldigitaldeasturias.com\/noticias\/prendes-pide-una-tarifa-estable-para-las-empresas\/#mainImage"},"datePublished":"2016-02-23T14:08:14+01:00","dateModified":"2016-02-23T14:08:14+01:00"},{"@type":"WebSite","@id":"https:\/\/www.eldigitaldeasturias.com\/noticias\/#website","url":"https:\/\/www.eldigitaldeasturias.com\/noticias\/","name":"El Digital de Asturias - Diario de actualidad y noticias","alternateName":"El Digital de Asturias - Diario de actualidad y noticias","description":"Hemeroteca","inLanguage":"es-ES","publisher":{"@id":"https:\/\/www.eldigitaldeasturias.com\/noticias\/#organization"}}]},"og:locale":"es_ES","og:site_name":"El Digital de Asturias","og:type":"article","og:title":"Prendes pide una tarifa estable para las empresas - El Digital de Asturias","og:description":"El diputado de Ciudadanos por Asturias, Ignacio Prendes, ha expresado este martes la necesidad de encontrar una soluci\u00f3n para el problema que tienen las grandes compa\u00f1\u00edas industriales en Espa\u00f1a ante la carencia de una tarifa el\u00e9ctrica estable y competitiva, as\u00ed como la conveniencia de establecer un sistema de precios para la energ\u00eda que dote a","og:url":"https:\/\/www.eldigitaldeasturias.com\/noticias\/prendes-pide-una-tarifa-estable-para-las-empresas\/","og:image":"https:\/\/www.eldigitaldeasturias.com\/noticias\/wp-content\/uploads\/2016\/02\/fotonoticia_20160223112054_800.jpg","og:image:secure_url":"https:\/\/www.eldigitaldeasturias.com\/noticias\/wp-content\/uploads\/2016\/02\/fotonoticia_20160223112054_800.jpg","og:image:width":800,"og:image:height":533,"article:tag":["actualidad asturias"],"article:published_time":"2016-02-23T14:08:14+00:00","article:modified_time":"2016-02-23T14:08:14+00:00","article:publisher":"https:\/\/facebook.com\/eldigitaldeasturias","twitter:card":"summary_large_image","twitter:title":"Prendes pide una tarifa estable para las empresas - El Digital de Asturias","twitter:description":"El diputado de Ciudadanos por Asturias, Ignacio Prendes, ha expresado este martes la necesidad de encontrar una soluci\u00f3n para el problema que tienen las grandes compa\u00f1\u00edas industriales en Espa\u00f1a ante la carencia de una tarifa el\u00e9ctrica estable y competitiva, as\u00ed como la conveniencia de establecer un sistema de precios para la energ\u00eda que dote a","twitter:image":"https:\/\/www.eldigitaldeasturias.com\/noticias\/wp-content\/uploads\/2016\/02\/fotonoticia_20160223112054_800.jpg","twitter:label1":"Escrito por","twitter:data1":"El Digital de Asturias","twitter:label2":"Tiempo de lectura estimado","twitter:data2":"1 minuto"},"aioseo_meta_data":{"post_id":"861274","title":null,"description":null,"keywords":null,"keyphrases":null,"primary_term":null,"canonical_url":null,"og_title":null,"og_description":null,"og_object_type":"default","og_image_type":"default","og_image_url":null,"og_image_width":null,"og_image_height":null,"og_image_custom_url":null,"og_image_custom_fields":null,"og_video":null,"og_custom_url":null,"og_article_section":null,"og_article_tags":null,"twitter_use_og":false,"twitter_card":"default","twitter_image_type":"default","twitter_image_url":null,"twitter_image_custom_url":null,"twitter_image_custom_fields":null,"twitter_title":null,"twitter_description":null,"schema":{"blockGraphs":[],"customGraphs":[],"default":{"data":{"Article":[],"Course":[],"Dataset":[],"FAQPage":[],"Movie":[],"Person":[],"Product":[],"ProductReview":[],"Car":[],"Recipe":[],"Service":[],"SoftwareApplication":[],"WebPage":[]},"graphName":"","isEnabled":true},"graphs":[],"defaultGraph":"","defaultPostTypeGraph":""},"schema_type":null,"schema_type_options":null,"pillar_content":false,"robots_default":true,"robots_noindex":false,"robots_noarchive":false,"robots_nosnippet":false,"robots_nofollow":false,"robots_noimageindex":false,"robots_noodp":false,"robots_notranslate":false,"robots_max_snippet":null,"robots_max_videopreview":null,"robots_max_imagepreview":"large","priority":null,"frequency":null,"local_seo":null,"seo_analyzer_scan_date":"2025-12-10 20:44:07","breadcrumb_settings":null,"limit_modified_date":false,"open_ai":null,"ai":null,"created":"2021-01-22 20:38:41","updated":"2025-12-10 20:44:07"},"aioseo_breadcrumb":"<div class=\"aioseo-breadcrumbs\"><span class=\"aioseo-breadcrumb\">\n\t<a href=\"https:\/\/www.eldigitaldeasturias.com\/noticias\" title=\"Home\">Home<\/a>\n<\/span><span class=\"aioseo-breadcrumb-separator\">\u2013<\/span><span class=\"aioseo-breadcrumb\">\n\t<a href=\"https:\/\/www.eldigitaldeasturias.com\/noticias\/category\/actualidad-asturias\/\" title=\"Actualidad Asturias\">Actualidad Asturias<\/a>\n<\/span><span class=\"aioseo-breadcrumb-separator\">\u2013<\/span><span class=\"aioseo-breadcrumb\">\n\t<a href=\"https:\/\/www.eldigitaldeasturias.com\/noticias\/prendes-pide-una-tarifa-estable-para-las-empresas\/\" title=\"Prendes pide una tarifa estable para las empresas\">Prendes pide una tarifa estable para las empresas<\/a>\n<\/span><\/div>","aioseo_breadcrumb_json":[{"label":"Home","link":"https:\/\/www.eldigitaldeasturias.com\/noticias"},{"label":"Actualidad Asturias","link":"https:\/\/www.eldigitaldeasturias.com\/noticias\/category\/actualidad-asturias\/"},{"label":"Prendes pide una tarifa estable para las empresas","link":"https:\/\/www.eldigitaldeasturias.com\/noticias\/prendes-pide-una-tarifa-estable-para-las-empresas\/"}],"_links":{"self":[{"href":"https:\/\/www.eldigitaldeasturias.com\/noticias\/wp-json\/wp\/v2\/posts\/861274","targetHints":{"allow":["GET"]}}],"collection":[{"href":"https:\/\/www.eldigitaldeasturias.com\/noticias\/wp-json\/wp\/v2\/posts"}],"about":[{"href":"https:\/\/www.eldigitaldeasturias.com\/noticias\/wp-json\/wp\/v2\/types\/post"}],"author":[{"embeddable":true,"href":"https:\/\/www.eldigitaldeasturias.com\/noticias\/wp-json\/wp\/v2\/users\/1"}],"replies":[{"embeddable":true,"href":"https:\/\/www.eldigitaldeasturias.com\/noticias\/wp-json\/wp\/v2\/comments?post=861274"}],"version-history":[{"count":0,"href":"https:\/\/www.eldigitaldeasturias.com\/noticias\/wp-json\/wp\/v2\/posts\/861274\/revisions"}],"wp:featuredmedia":[{"embeddable":true,"href":"https:\/\/www.eldigitaldeasturias.com\/noticias\/wp-json\/wp\/v2\/media\/861275"}],"wp:attachment":[{"href":"https:\/\/www.eldigitaldeasturias.com\/noticias\/wp-json\/wp\/v2\/media?parent=861274"}],"wp:term":[{"taxonomy":"category","embeddable":true,"href":"https:\/\/www.eldigitaldeasturias.com\/noticias\/wp-json\/wp\/v2\/categories?post=861274"},{"taxonomy":"post_tag","embeddable":true,"href":"https:\/\/www.eldigitaldeasturias.com\/noticias\/wp-json\/wp\/v2\/tags?post=861274"}],"curies":[{"name":"wp","href":"https:\/\/api.w.org\/{rel}","templated":true}]}}