{"id":861272,"date":"2016-02-23T14:06:10","date_gmt":"2016-02-23T14:06:10","guid":{"rendered":"http:\/\/www.eldigitaldeasturias.com\/noticias\/?p=861272"},"modified":"2016-02-23T14:06:10","modified_gmt":"2016-02-23T14:06:10","slug":"un-detenido-en-gijon-por-conduccion-temeraria","status":"publish","type":"post","link":"https:\/\/www.eldigitaldeasturias.com\/noticias\/un-detenido-en-gijon-por-conduccion-temeraria\/","title":{"rendered":"Un detenido en Gij\u00f3n por conducci\u00f3n temeraria"},"content":{"rendered":"<p><img loading=\"lazy\" decoding=\"async\" class=\"alignleft size-medium wp-image-629144\" src=\"https:\/\/www.eldigitaldeasturias.com\/noticias\/wp-content\/uploads\/2014\/09\/6687743w-360x227.jpg\" alt=\"policia\" width=\"360\" height=\"227\" srcset=\"https:\/\/www.eldigitaldeasturias.com\/noticias\/wp-content\/uploads\/2014\/09\/6687743w-360x227.jpg 360w, https:\/\/www.eldigitaldeasturias.com\/noticias\/wp-content\/uploads\/2014\/09\/6687743w-768x484.jpg 768w, https:\/\/www.eldigitaldeasturias.com\/noticias\/wp-content\/uploads\/2014\/09\/6687743w-650x410.jpg 650w, https:\/\/www.eldigitaldeasturias.com\/noticias\/wp-content\/uploads\/2014\/09\/6687743w-269x170.jpg 269w, https:\/\/www.eldigitaldeasturias.com\/noticias\/wp-content\/uploads\/2014\/09\/6687743w.jpg 800w\" sizes=\"auto, (max-width: 360px) 100vw, 360px\" \/>Agentes del Cuerpo Nacional de Polic\u00eda han detenido en Gij\u00f3n a un joven de 19 a\u00f1os acusado de intimidar con una botella rota de sidra a un hombre, vecino de Gij\u00f3n, para que le entregara la cartera y el m\u00f3vil. El arrestado ten\u00eda antecedentes por delitos violentos.<\/p>\n<p>Seg\u00fan una nota de prensa de la Comisar\u00eda gijonesa, los hechos sucedieron a las 22.30 horas del pasado d\u00eda 20, cuando la v\u00edctima se encontraba a la puerta de la sidrer\u00eda tomando una consumici\u00f3n. En un momento dado, se le acerc\u00f3 un joven y le inst\u00f3 a que le entregase el tel\u00e9fono m\u00f3vil y la cartera.<\/p>\n<p>Al no conseguir su prop\u00f3sito, cogi\u00f3 una de las botellas de sidra que hab\u00eda en el alfeizar de la ventana, la rompi\u00f3 y le amenaz\u00f3 con un trozo de cristal para que le entregara sus pertenencias. Fue entonces cuando la v\u00edctima se refugi\u00f3 en el establecimiento y solicit\u00f3 ayuda a la Polic\u00eda.<\/p>\n<p>A la llegada de los agentes, este joven se puso muy agresivo y comenz\u00f3 a romper todas las botellas y vasos que hab\u00eda en la parte exterior. Fue detenido por un robo con intimidaci\u00f3n y resistencia a agente de la autoridad.<\/p>\n<p><strong>CLIENTE AGREDIDO<\/strong><\/p>\n<p>Por otro lado, la Polic\u00eda ha detenido a un hombre de 30 a\u00f1os de edad, vecino de Grado, por supuestamente causar lesiones a un cliente en un bar del barrio del Natahoyo con el que mantuvo una discusi\u00f3n.<\/p>\n<p>El herido manifest\u00f3 que hab\u00eda insistido para que &#8216;pincharan&#8217; una determinada canci\u00f3n en el establecimiento y un trabajador del mismo que, en ese momento estaba poniendo las canciones, le agredi\u00f3 propin\u00e1ndole un golpe en la cabeza. La v\u00edctima sufri\u00f3 heridas de las que tuvo que ser asistido en un centro hospitalario y requiri\u00f3 grapas para suturar la herida. El agresor fue identificado y detenido por un delito de lesiones.<\/p>\n<p><strong>CONDUCCI\u00d3N TEMERARIA<\/strong><\/p>\n<p>Tambi\u00e9n se ha denunciado por desobediencia y conducci\u00f3n temeraria a un joven de 22 a\u00f1os, vecino de El Coto, que desoy\u00f3 los requerimientos policiales y se dio a la fuga a bordo de su veh\u00edculo.<\/p>\n<p>Los hechos tuvieron lugar sobre las 1.15 horas del pasado d\u00eda 20, cuando los agentes, que patrullaban por el Camino de la Baliciega, observaron a un veh\u00edculo que realizaba maniobras extra\u00f1as.<\/p>\n<p>Ante la actitud de su conductor, los agentes trataron de identificarle, por lo que requirieron que parase el motor y mostrase su documentaci\u00f3n. Cuando los agentes se aproximaron al coche, el conductor realiz\u00f3 una maniobra inesperada y emprendi\u00f3 la marcha.<\/p>\n<p>En su huida, incumpli\u00f3 las normas de circulaci\u00f3n, como no respetar las se\u00f1ales ni los l\u00edmites de velocidad, poniendo en riesgo potencial al resto de usuarios de la v\u00eda. Fue localizado en el barrio de Nuevo Roces y sancionado por desobediencia a agente de la autoridad y por conducci\u00f3n temeraria. El conductor aleg\u00f3 que se hab\u00eda puesto nervioso y que esa fue la \u00fanica raz\u00f3n por la que huy\u00f3 de la patrulla policial.<\/p>\n<p>&nbsp;<\/p>\n","protected":false},"excerpt":{"rendered":"<p>Agentes del Cuerpo Nacional de Polic\u00eda han detenido en Gij\u00f3n a un joven de 19 a\u00f1os acusado de intimidar con una botella rota de sidra a un hombre, vecino de Gij\u00f3n, para que le entregara la cartera y el m\u00f3vil. El arrestado ten\u00eda antecedentes por delitos violentos. Seg\u00fan una nota de prensa de la Comisar\u00eda [&hellip;]<\/p>\n","protected":false},"author":1,"featured_media":632581,"comment_status":"closed","ping_status":"closed","sticky":false,"template":"","format":"standard","meta":{"footnotes":""},"categories":[5],"tags":[],"class_list":["post-861272","post","type-post","status-publish","format-standard","has-post-thumbnail","hentry","category-sucesos"],"aioseo_notices":[],"aioseo_head":"\n\t\t<!-- All in One SEO Pro 4.9.6.2 - aioseo.com -->\n\t<meta name=\"description\" content=\"Agentes del Cuerpo Nacional de Polic\u00eda han detenido en Gij\u00f3n a un joven de 19 a\u00f1os acusado de intimidar con una botella rota de sidra a un hombre, vecino de Gij\u00f3n, para que le entregara la cartera y el m\u00f3vil. El arrestado ten\u00eda antecedentes por delitos violentos. Seg\u00fan una nota de prensa de la Comisar\u00eda\" \/>\n\t<meta name=\"robots\" content=\"max-image-preview:large\" \/>\n\t<meta name=\"author\" content=\"El Digital de Asturias\"\/>\n\t<meta name=\"google-site-verification\" content=\"UA-38556648-1\" \/>\n\t<meta name=\"msvalidate.01\" content=\"7dfe9f3f1b24437ab69f4f2559babe99\" \/>\n\t<meta name=\"keywords\" content=\"sucesos\" \/>\n\t<link rel=\"canonical\" href=\"https:\/\/www.eldigitaldeasturias.com\/noticias\/un-detenido-en-gijon-por-conduccion-temeraria\/\" \/>\n\t<meta name=\"generator\" content=\"All in One SEO Pro (AIOSEO) 4.9.6.2\" \/>\n\t\t<meta property=\"og:locale\" content=\"es_ES\" \/>\n\t\t<meta property=\"og:site_name\" content=\"El Digital de Asturias\" \/>\n\t\t<meta property=\"og:type\" content=\"article\" \/>\n\t\t<meta property=\"og:title\" content=\"Un detenido en Gij\u00f3n por conducci\u00f3n temeraria - El Digital de Asturias\" \/>\n\t\t<meta property=\"og:description\" content=\"Agentes del Cuerpo Nacional de Polic\u00eda han detenido en Gij\u00f3n a un joven de 19 a\u00f1os acusado de intimidar con una botella rota de sidra a un hombre, vecino de Gij\u00f3n, para que le entregara la cartera y el m\u00f3vil. El arrestado ten\u00eda antecedentes por delitos violentos. Seg\u00fan una nota de prensa de la Comisar\u00eda\" \/>\n\t\t<meta property=\"og:url\" content=\"https:\/\/www.eldigitaldeasturias.com\/noticias\/un-detenido-en-gijon-por-conduccion-temeraria\/\" \/>\n\t\t<meta property=\"og:image\" content=\"https:\/\/www.eldigitaldeasturias.com\/noticias\/wp-content\/uploads\/2014\/10\/6696272w.jpg\" \/>\n\t\t<meta property=\"og:image:secure_url\" content=\"https:\/\/www.eldigitaldeasturias.com\/noticias\/wp-content\/uploads\/2014\/10\/6696272w.jpg\" \/>\n\t\t<meta property=\"og:image:width\" content=\"800\" \/>\n\t\t<meta property=\"og:image:height\" content=\"504\" \/>\n\t\t<meta property=\"article:tag\" content=\"sucesos\" \/>\n\t\t<meta property=\"article:published_time\" content=\"2016-02-23T14:06:10+00:00\" \/>\n\t\t<meta property=\"article:modified_time\" content=\"2016-02-23T14:06:10+00:00\" \/>\n\t\t<meta property=\"article:publisher\" content=\"https:\/\/facebook.com\/eldigitaldeasturias\" \/>\n\t\t<meta name=\"twitter:card\" content=\"summary_large_image\" \/>\n\t\t<meta name=\"twitter:title\" content=\"Un detenido en Gij\u00f3n por conducci\u00f3n temeraria - El Digital de Asturias\" \/>\n\t\t<meta name=\"twitter:description\" content=\"Agentes del Cuerpo Nacional de Polic\u00eda han detenido en Gij\u00f3n a un joven de 19 a\u00f1os acusado de intimidar con una botella rota de sidra a un hombre, vecino de Gij\u00f3n, para que le entregara la cartera y el m\u00f3vil. El arrestado ten\u00eda antecedentes por delitos violentos. Seg\u00fan una nota de prensa de la Comisar\u00eda\" \/>\n\t\t<meta name=\"twitter:image\" content=\"https:\/\/www.eldigitaldeasturias.com\/noticias\/wp-content\/uploads\/2014\/10\/6696272w.jpg\" \/>\n\t\t<meta name=\"twitter:label1\" content=\"Escrito por\" \/>\n\t\t<meta name=\"twitter:data1\" content=\"El Digital de Asturias\" \/>\n\t\t<meta name=\"twitter:label2\" content=\"Tiempo de lectura estimado\" \/>\n\t\t<meta name=\"twitter:data2\" content=\"3 minutos\" \/>\n\t\t<script type=\"application\/ld+json\" class=\"aioseo-schema\">\n\t\t\t{\"@context\":\"https:\\\/\\\/schema.org\",\"@graph\":[{\"@type\":\"BlogPosting\",\"@id\":\"https:\\\/\\\/www.eldigitaldeasturias.com\\\/noticias\\\/un-detenido-en-gijon-por-conduccion-temeraria\\\/#blogposting\",\"name\":\"Un detenido en Gij\\u00f3n por conducci\\u00f3n temeraria - El Digital de Asturias\",\"headline\":\"Un detenido en Gij\\u00f3n por conducci\\u00f3n temeraria\",\"author\":{\"@id\":\"https:\\\/\\\/www.eldigitaldeasturias.com\\\/noticias\\\/author\\\/admin\\\/#author\"},\"publisher\":{\"@id\":\"https:\\\/\\\/www.eldigitaldeasturias.com\\\/noticias\\\/#organization\"},\"image\":{\"@type\":\"ImageObject\",\"url\":\"https:\\\/\\\/www.eldigitaldeasturias.com\\\/noticias\\\/wp-content\\\/uploads\\\/2014\\\/10\\\/6696272w.jpg\",\"width\":800,\"height\":504},\"datePublished\":\"2016-02-23T14:06:10+01:00\",\"dateModified\":\"2016-02-23T14:06:10+01:00\",\"inLanguage\":\"es-ES\",\"mainEntityOfPage\":{\"@id\":\"https:\\\/\\\/www.eldigitaldeasturias.com\\\/noticias\\\/un-detenido-en-gijon-por-conduccion-temeraria\\\/#webpage\"},\"isPartOf\":{\"@id\":\"https:\\\/\\\/www.eldigitaldeasturias.com\\\/noticias\\\/un-detenido-en-gijon-por-conduccion-temeraria\\\/#webpage\"},\"articleSection\":\"Sucesos\"},{\"@type\":\"BreadcrumbList\",\"@id\":\"https:\\\/\\\/www.eldigitaldeasturias.com\\\/noticias\\\/un-detenido-en-gijon-por-conduccion-temeraria\\\/#breadcrumblist\",\"itemListElement\":[{\"@type\":\"ListItem\",\"@id\":\"https:\\\/\\\/www.eldigitaldeasturias.com\\\/noticias#listItem\",\"position\":1,\"name\":\"Home\",\"item\":\"https:\\\/\\\/www.eldigitaldeasturias.com\\\/noticias\",\"nextItem\":{\"@type\":\"ListItem\",\"@id\":\"https:\\\/\\\/www.eldigitaldeasturias.com\\\/noticias\\\/category\\\/sucesos\\\/#listItem\",\"name\":\"Sucesos\"}},{\"@type\":\"ListItem\",\"@id\":\"https:\\\/\\\/www.eldigitaldeasturias.com\\\/noticias\\\/category\\\/sucesos\\\/#listItem\",\"position\":2,\"name\":\"Sucesos\",\"item\":\"https:\\\/\\\/www.eldigitaldeasturias.com\\\/noticias\\\/category\\\/sucesos\\\/\",\"nextItem\":{\"@type\":\"ListItem\",\"@id\":\"https:\\\/\\\/www.eldigitaldeasturias.com\\\/noticias\\\/un-detenido-en-gijon-por-conduccion-temeraria\\\/#listItem\",\"name\":\"Un detenido en Gij\\u00f3n por conducci\\u00f3n temeraria\"},\"previousItem\":{\"@type\":\"ListItem\",\"@id\":\"https:\\\/\\\/www.eldigitaldeasturias.com\\\/noticias#listItem\",\"name\":\"Home\"}},{\"@type\":\"ListItem\",\"@id\":\"https:\\\/\\\/www.eldigitaldeasturias.com\\\/noticias\\\/un-detenido-en-gijon-por-conduccion-temeraria\\\/#listItem\",\"position\":3,\"name\":\"Un detenido en Gij\\u00f3n por conducci\\u00f3n temeraria\",\"previousItem\":{\"@type\":\"ListItem\",\"@id\":\"https:\\\/\\\/www.eldigitaldeasturias.com\\\/noticias\\\/category\\\/sucesos\\\/#listItem\",\"name\":\"Sucesos\"}}]},{\"@type\":\"Organization\",\"@id\":\"https:\\\/\\\/www.eldigitaldeasturias.com\\\/noticias\\\/#organization\",\"name\":\"El Digital de Asturias\",\"description\":\"Hemeroteca\",\"url\":\"https:\\\/\\\/www.eldigitaldeasturias.com\\\/noticias\\\/\",\"email\":\"info@eldigitaldeasturias.com\",\"telephone\":\"+34652131393\",\"logo\":{\"@type\":\"ImageObject\",\"url\":\"https:\\\/\\\/www.eldigitaldeasturias.com\\\/noticias\\\/wp-content\\\/uploads\\\/2020\\\/12\\\/EDA.jpg\",\"@id\":\"https:\\\/\\\/www.eldigitaldeasturias.com\\\/noticias\\\/un-detenido-en-gijon-por-conduccion-temeraria\\\/#organizationLogo\",\"width\":649,\"height\":297},\"image\":{\"@id\":\"https:\\\/\\\/www.eldigitaldeasturias.com\\\/noticias\\\/un-detenido-en-gijon-por-conduccion-temeraria\\\/#organizationLogo\"},\"sameAs\":[\"https:\\\/\\\/facebook.com\\\/eldigitaldeasturias\",\"https:\\\/\\\/www.youtube.com\\\/channel\\\/UCZP-2wLEB9Rv6erhFmqVnvg\"],\"address\":{\"@id\":\"https:\\\/\\\/www.eldigitaldeasturias.com\\\/noticias\\\/#postaladdress\",\"@type\":\"PostalAddress\",\"streetAddress\":\"san antonio 4,\",\"postalCode\":\"33430\",\"addressLocality\":\"Cand\\u00e1s\",\"addressRegion\":\"Asturias\",\"addressCountry\":\"ES\"}},{\"@type\":\"Person\",\"@id\":\"https:\\\/\\\/www.eldigitaldeasturias.com\\\/noticias\\\/author\\\/admin\\\/#author\",\"url\":\"https:\\\/\\\/www.eldigitaldeasturias.com\\\/noticias\\\/author\\\/admin\\\/\",\"name\":\"El Digital de Asturias\",\"image\":{\"@type\":\"ImageObject\",\"@id\":\"https:\\\/\\\/www.eldigitaldeasturias.com\\\/noticias\\\/un-detenido-en-gijon-por-conduccion-temeraria\\\/#authorImage\",\"url\":\"https:\\\/\\\/www.eldigitaldeasturias.com\\\/noticias\\\/wp-content\\\/litespeed\\\/avatar\\\/18677e78aa0546b92d9dbf31ec7d7668.jpg?ver=1777290358\",\"width\":96,\"height\":96,\"caption\":\"El Digital de Asturias\"}},{\"@type\":\"WebPage\",\"@id\":\"https:\\\/\\\/www.eldigitaldeasturias.com\\\/noticias\\\/un-detenido-en-gijon-por-conduccion-temeraria\\\/#webpage\",\"url\":\"https:\\\/\\\/www.eldigitaldeasturias.com\\\/noticias\\\/un-detenido-en-gijon-por-conduccion-temeraria\\\/\",\"name\":\"Un detenido en Gij\\u00f3n por conducci\\u00f3n temeraria - El Digital de Asturias\",\"description\":\"Agentes del Cuerpo Nacional de Polic\\u00eda han detenido en Gij\\u00f3n a un joven de 19 a\\u00f1os acusado de intimidar con una botella rota de sidra a un hombre, vecino de Gij\\u00f3n, para que le entregara la cartera y el m\\u00f3vil. El arrestado ten\\u00eda antecedentes por delitos violentos. Seg\\u00fan una nota de prensa de la Comisar\\u00eda\",\"inLanguage\":\"es-ES\",\"isPartOf\":{\"@id\":\"https:\\\/\\\/www.eldigitaldeasturias.com\\\/noticias\\\/#website\"},\"breadcrumb\":{\"@id\":\"https:\\\/\\\/www.eldigitaldeasturias.com\\\/noticias\\\/un-detenido-en-gijon-por-conduccion-temeraria\\\/#breadcrumblist\"},\"author\":{\"@id\":\"https:\\\/\\\/www.eldigitaldeasturias.com\\\/noticias\\\/author\\\/admin\\\/#author\"},\"creator\":{\"@id\":\"https:\\\/\\\/www.eldigitaldeasturias.com\\\/noticias\\\/author\\\/admin\\\/#author\"},\"image\":{\"@type\":\"ImageObject\",\"url\":\"https:\\\/\\\/www.eldigitaldeasturias.com\\\/noticias\\\/wp-content\\\/uploads\\\/2014\\\/10\\\/6696272w.jpg\",\"@id\":\"https:\\\/\\\/www.eldigitaldeasturias.com\\\/noticias\\\/un-detenido-en-gijon-por-conduccion-temeraria\\\/#mainImage\",\"width\":800,\"height\":504},\"primaryImageOfPage\":{\"@id\":\"https:\\\/\\\/www.eldigitaldeasturias.com\\\/noticias\\\/un-detenido-en-gijon-por-conduccion-temeraria\\\/#mainImage\"},\"datePublished\":\"2016-02-23T14:06:10+01:00\",\"dateModified\":\"2016-02-23T14:06:10+01:00\"},{\"@type\":\"WebSite\",\"@id\":\"https:\\\/\\\/www.eldigitaldeasturias.com\\\/noticias\\\/#website\",\"url\":\"https:\\\/\\\/www.eldigitaldeasturias.com\\\/noticias\\\/\",\"name\":\"El Digital de Asturias - Diario de actualidad y noticias\",\"alternateName\":\"El Digital de Asturias - Diario de actualidad y noticias\",\"description\":\"Hemeroteca\",\"inLanguage\":\"es-ES\",\"publisher\":{\"@id\":\"https:\\\/\\\/www.eldigitaldeasturias.com\\\/noticias\\\/#organization\"}}]}\n\t\t<\/script>\n\t\t<!-- All in One SEO Pro -->\r\n\t\t<title>Un detenido en Gij\u00f3n por conducci\u00f3n temeraria - El Digital de Asturias<\/title>\n\n","aioseo_head_json":{"title":"Un detenido en Gij\u00f3n por conducci\u00f3n temeraria - El Digital de Asturias","description":"Agentes del Cuerpo Nacional de Polic\u00eda han detenido en Gij\u00f3n a un joven de 19 a\u00f1os acusado de intimidar con una botella rota de sidra a un hombre, vecino de Gij\u00f3n, para que le entregara la cartera y el m\u00f3vil. El arrestado ten\u00eda antecedentes por delitos violentos. Seg\u00fan una nota de prensa de la Comisar\u00eda","canonical_url":"https:\/\/www.eldigitaldeasturias.com\/noticias\/un-detenido-en-gijon-por-conduccion-temeraria\/","robots":"max-image-preview:large","keywords":"sucesos","webmasterTools":{"google-site-verification":"UA-38556648-1","msvalidate.01":"7dfe9f3f1b24437ab69f4f2559babe99","miscellaneous":""},"schema":{"@context":"https:\/\/schema.org","@graph":[{"@type":"BlogPosting","@id":"https:\/\/www.eldigitaldeasturias.com\/noticias\/un-detenido-en-gijon-por-conduccion-temeraria\/#blogposting","name":"Un detenido en Gij\u00f3n por conducci\u00f3n temeraria - El Digital de Asturias","headline":"Un detenido en Gij\u00f3n por conducci\u00f3n temeraria","author":{"@id":"https:\/\/www.eldigitaldeasturias.com\/noticias\/author\/admin\/#author"},"publisher":{"@id":"https:\/\/www.eldigitaldeasturias.com\/noticias\/#organization"},"image":{"@type":"ImageObject","url":"https:\/\/www.eldigitaldeasturias.com\/noticias\/wp-content\/uploads\/2014\/10\/6696272w.jpg","width":800,"height":504},"datePublished":"2016-02-23T14:06:10+01:00","dateModified":"2016-02-23T14:06:10+01:00","inLanguage":"es-ES","mainEntityOfPage":{"@id":"https:\/\/www.eldigitaldeasturias.com\/noticias\/un-detenido-en-gijon-por-conduccion-temeraria\/#webpage"},"isPartOf":{"@id":"https:\/\/www.eldigitaldeasturias.com\/noticias\/un-detenido-en-gijon-por-conduccion-temeraria\/#webpage"},"articleSection":"Sucesos"},{"@type":"BreadcrumbList","@id":"https:\/\/www.eldigitaldeasturias.com\/noticias\/un-detenido-en-gijon-por-conduccion-temeraria\/#breadcrumblist","itemListElement":[{"@type":"ListItem","@id":"https:\/\/www.eldigitaldeasturias.com\/noticias#listItem","position":1,"name":"Home","item":"https:\/\/www.eldigitaldeasturias.com\/noticias","nextItem":{"@type":"ListItem","@id":"https:\/\/www.eldigitaldeasturias.com\/noticias\/category\/sucesos\/#listItem","name":"Sucesos"}},{"@type":"ListItem","@id":"https:\/\/www.eldigitaldeasturias.com\/noticias\/category\/sucesos\/#listItem","position":2,"name":"Sucesos","item":"https:\/\/www.eldigitaldeasturias.com\/noticias\/category\/sucesos\/","nextItem":{"@type":"ListItem","@id":"https:\/\/www.eldigitaldeasturias.com\/noticias\/un-detenido-en-gijon-por-conduccion-temeraria\/#listItem","name":"Un detenido en Gij\u00f3n por conducci\u00f3n temeraria"},"previousItem":{"@type":"ListItem","@id":"https:\/\/www.eldigitaldeasturias.com\/noticias#listItem","name":"Home"}},{"@type":"ListItem","@id":"https:\/\/www.eldigitaldeasturias.com\/noticias\/un-detenido-en-gijon-por-conduccion-temeraria\/#listItem","position":3,"name":"Un detenido en Gij\u00f3n por conducci\u00f3n temeraria","previousItem":{"@type":"ListItem","@id":"https:\/\/www.eldigitaldeasturias.com\/noticias\/category\/sucesos\/#listItem","name":"Sucesos"}}]},{"@type":"Organization","@id":"https:\/\/www.eldigitaldeasturias.com\/noticias\/#organization","name":"El Digital de Asturias","description":"Hemeroteca","url":"https:\/\/www.eldigitaldeasturias.com\/noticias\/","email":"info@eldigitaldeasturias.com","telephone":"+34652131393","logo":{"@type":"ImageObject","url":"https:\/\/www.eldigitaldeasturias.com\/noticias\/wp-content\/uploads\/2020\/12\/EDA.jpg","@id":"https:\/\/www.eldigitaldeasturias.com\/noticias\/un-detenido-en-gijon-por-conduccion-temeraria\/#organizationLogo","width":649,"height":297},"image":{"@id":"https:\/\/www.eldigitaldeasturias.com\/noticias\/un-detenido-en-gijon-por-conduccion-temeraria\/#organizationLogo"},"sameAs":["https:\/\/facebook.com\/eldigitaldeasturias","https:\/\/www.youtube.com\/channel\/UCZP-2wLEB9Rv6erhFmqVnvg"],"address":{"@id":"https:\/\/www.eldigitaldeasturias.com\/noticias\/#postaladdress","@type":"PostalAddress","streetAddress":"san antonio 4,","postalCode":"33430","addressLocality":"Cand\u00e1s","addressRegion":"Asturias","addressCountry":"ES"}},{"@type":"Person","@id":"https:\/\/www.eldigitaldeasturias.com\/noticias\/author\/admin\/#author","url":"https:\/\/www.eldigitaldeasturias.com\/noticias\/author\/admin\/","name":"El Digital de Asturias","image":{"@type":"ImageObject","@id":"https:\/\/www.eldigitaldeasturias.com\/noticias\/un-detenido-en-gijon-por-conduccion-temeraria\/#authorImage","url":"https:\/\/www.eldigitaldeasturias.com\/noticias\/wp-content\/litespeed\/avatar\/18677e78aa0546b92d9dbf31ec7d7668.jpg?ver=1777290358","width":96,"height":96,"caption":"El Digital de Asturias"}},{"@type":"WebPage","@id":"https:\/\/www.eldigitaldeasturias.com\/noticias\/un-detenido-en-gijon-por-conduccion-temeraria\/#webpage","url":"https:\/\/www.eldigitaldeasturias.com\/noticias\/un-detenido-en-gijon-por-conduccion-temeraria\/","name":"Un detenido en Gij\u00f3n por conducci\u00f3n temeraria - El Digital de Asturias","description":"Agentes del Cuerpo Nacional de Polic\u00eda han detenido en Gij\u00f3n a un joven de 19 a\u00f1os acusado de intimidar con una botella rota de sidra a un hombre, vecino de Gij\u00f3n, para que le entregara la cartera y el m\u00f3vil. El arrestado ten\u00eda antecedentes por delitos violentos. Seg\u00fan una nota de prensa de la Comisar\u00eda","inLanguage":"es-ES","isPartOf":{"@id":"https:\/\/www.eldigitaldeasturias.com\/noticias\/#website"},"breadcrumb":{"@id":"https:\/\/www.eldigitaldeasturias.com\/noticias\/un-detenido-en-gijon-por-conduccion-temeraria\/#breadcrumblist"},"author":{"@id":"https:\/\/www.eldigitaldeasturias.com\/noticias\/author\/admin\/#author"},"creator":{"@id":"https:\/\/www.eldigitaldeasturias.com\/noticias\/author\/admin\/#author"},"image":{"@type":"ImageObject","url":"https:\/\/www.eldigitaldeasturias.com\/noticias\/wp-content\/uploads\/2014\/10\/6696272w.jpg","@id":"https:\/\/www.eldigitaldeasturias.com\/noticias\/un-detenido-en-gijon-por-conduccion-temeraria\/#mainImage","width":800,"height":504},"primaryImageOfPage":{"@id":"https:\/\/www.eldigitaldeasturias.com\/noticias\/un-detenido-en-gijon-por-conduccion-temeraria\/#mainImage"},"datePublished":"2016-02-23T14:06:10+01:00","dateModified":"2016-02-23T14:06:10+01:00"},{"@type":"WebSite","@id":"https:\/\/www.eldigitaldeasturias.com\/noticias\/#website","url":"https:\/\/www.eldigitaldeasturias.com\/noticias\/","name":"El Digital de Asturias - Diario de actualidad y noticias","alternateName":"El Digital de Asturias - Diario de actualidad y noticias","description":"Hemeroteca","inLanguage":"es-ES","publisher":{"@id":"https:\/\/www.eldigitaldeasturias.com\/noticias\/#organization"}}]},"og:locale":"es_ES","og:site_name":"El Digital de Asturias","og:type":"article","og:title":"Un detenido en Gij\u00f3n por conducci\u00f3n temeraria - El Digital de Asturias","og:description":"Agentes del Cuerpo Nacional de Polic\u00eda han detenido en Gij\u00f3n a un joven de 19 a\u00f1os acusado de intimidar con una botella rota de sidra a un hombre, vecino de Gij\u00f3n, para que le entregara la cartera y el m\u00f3vil. El arrestado ten\u00eda antecedentes por delitos violentos. Seg\u00fan una nota de prensa de la Comisar\u00eda","og:url":"https:\/\/www.eldigitaldeasturias.com\/noticias\/un-detenido-en-gijon-por-conduccion-temeraria\/","og:image":"https:\/\/www.eldigitaldeasturias.com\/noticias\/wp-content\/uploads\/2014\/10\/6696272w.jpg","og:image:secure_url":"https:\/\/www.eldigitaldeasturias.com\/noticias\/wp-content\/uploads\/2014\/10\/6696272w.jpg","og:image:width":800,"og:image:height":504,"article:tag":["sucesos"],"article:published_time":"2016-02-23T14:06:10+00:00","article:modified_time":"2016-02-23T14:06:10+00:00","article:publisher":"https:\/\/facebook.com\/eldigitaldeasturias","twitter:card":"summary_large_image","twitter:title":"Un detenido en Gij\u00f3n por conducci\u00f3n temeraria - El Digital de Asturias","twitter:description":"Agentes del Cuerpo Nacional de Polic\u00eda han detenido en Gij\u00f3n a un joven de 19 a\u00f1os acusado de intimidar con una botella rota de sidra a un hombre, vecino de Gij\u00f3n, para que le entregara la cartera y el m\u00f3vil. El arrestado ten\u00eda antecedentes por delitos violentos. Seg\u00fan una nota de prensa de la Comisar\u00eda","twitter:image":"https:\/\/www.eldigitaldeasturias.com\/noticias\/wp-content\/uploads\/2014\/10\/6696272w.jpg","twitter:label1":"Escrito por","twitter:data1":"El Digital de Asturias","twitter:label2":"Tiempo de lectura estimado","twitter:data2":"3 minutos"},"aioseo_meta_data":{"post_id":"861272","title":null,"description":null,"keywords":null,"keyphrases":null,"primary_term":null,"canonical_url":null,"og_title":null,"og_description":null,"og_object_type":"default","og_image_type":"default","og_image_url":null,"og_image_width":null,"og_image_height":null,"og_image_custom_url":null,"og_image_custom_fields":null,"og_video":null,"og_custom_url":null,"og_article_section":null,"og_article_tags":null,"twitter_use_og":false,"twitter_card":"default","twitter_image_type":"default","twitter_image_url":null,"twitter_image_custom_url":null,"twitter_image_custom_fields":null,"twitter_title":null,"twitter_description":null,"schema":{"blockGraphs":[],"customGraphs":[],"default":{"data":{"Article":[],"Course":[],"Dataset":[],"FAQPage":[],"Movie":[],"Person":[],"Product":[],"ProductReview":[],"Car":[],"Recipe":[],"Service":[],"SoftwareApplication":[],"WebPage":[]},"graphName":"","isEnabled":true},"graphs":[],"defaultGraph":"","defaultPostTypeGraph":""},"schema_type":null,"schema_type_options":null,"pillar_content":false,"robots_default":true,"robots_noindex":false,"robots_noarchive":false,"robots_nosnippet":false,"robots_nofollow":false,"robots_noimageindex":false,"robots_noodp":false,"robots_notranslate":false,"robots_max_snippet":null,"robots_max_videopreview":null,"robots_max_imagepreview":"large","priority":null,"frequency":null,"local_seo":null,"seo_analyzer_scan_date":"2025-12-10 20:42:20","breadcrumb_settings":null,"limit_modified_date":false,"open_ai":null,"ai":null,"created":"2021-01-23 15:00:19","updated":"2025-12-10 20:42:20"},"aioseo_breadcrumb":"<div class=\"aioseo-breadcrumbs\"><span class=\"aioseo-breadcrumb\">\n\t<a href=\"https:\/\/www.eldigitaldeasturias.com\/noticias\" title=\"Home\">Home<\/a>\n<\/span><span class=\"aioseo-breadcrumb-separator\">\u2013<\/span><span class=\"aioseo-breadcrumb\">\n\t<a href=\"https:\/\/www.eldigitaldeasturias.com\/noticias\/category\/sucesos\/\" title=\"Sucesos\">Sucesos<\/a>\n<\/span><span class=\"aioseo-breadcrumb-separator\">\u2013<\/span><span class=\"aioseo-breadcrumb\">\n\t<a href=\"https:\/\/www.eldigitaldeasturias.com\/noticias\/un-detenido-en-gijon-por-conduccion-temeraria\/\" title=\"Un detenido en Gij\u00f3n por conducci\u00f3n temeraria\">Un detenido en Gij\u00f3n por conducci\u00f3n temeraria<\/a>\n<\/span><\/div>","aioseo_breadcrumb_json":[{"label":"Home","link":"https:\/\/www.eldigitaldeasturias.com\/noticias"},{"label":"Sucesos","link":"https:\/\/www.eldigitaldeasturias.com\/noticias\/category\/sucesos\/"},{"label":"Un detenido en Gij\u00f3n por conducci\u00f3n temeraria","link":"https:\/\/www.eldigitaldeasturias.com\/noticias\/un-detenido-en-gijon-por-conduccion-temeraria\/"}],"_links":{"self":[{"href":"https:\/\/www.eldigitaldeasturias.com\/noticias\/wp-json\/wp\/v2\/posts\/861272","targetHints":{"allow":["GET"]}}],"collection":[{"href":"https:\/\/www.eldigitaldeasturias.com\/noticias\/wp-json\/wp\/v2\/posts"}],"about":[{"href":"https:\/\/www.eldigitaldeasturias.com\/noticias\/wp-json\/wp\/v2\/types\/post"}],"author":[{"embeddable":true,"href":"https:\/\/www.eldigitaldeasturias.com\/noticias\/wp-json\/wp\/v2\/users\/1"}],"replies":[{"embeddable":true,"href":"https:\/\/www.eldigitaldeasturias.com\/noticias\/wp-json\/wp\/v2\/comments?post=861272"}],"version-history":[{"count":0,"href":"https:\/\/www.eldigitaldeasturias.com\/noticias\/wp-json\/wp\/v2\/posts\/861272\/revisions"}],"wp:featuredmedia":[{"embeddable":true,"href":"https:\/\/www.eldigitaldeasturias.com\/noticias\/wp-json\/wp\/v2\/media\/632581"}],"wp:attachment":[{"href":"https:\/\/www.eldigitaldeasturias.com\/noticias\/wp-json\/wp\/v2\/media?parent=861272"}],"wp:term":[{"taxonomy":"category","embeddable":true,"href":"https:\/\/www.eldigitaldeasturias.com\/noticias\/wp-json\/wp\/v2\/categories?post=861272"},{"taxonomy":"post_tag","embeddable":true,"href":"https:\/\/www.eldigitaldeasturias.com\/noticias\/wp-json\/wp\/v2\/tags?post=861272"}],"curies":[{"name":"wp","href":"https:\/\/api.w.org\/{rel}","templated":true}]}}