{"id":861266,"date":"2016-02-23T10:42:27","date_gmt":"2016-02-23T10:42:27","guid":{"rendered":"http:\/\/www.eldigitaldeasturias.com\/noticias\/?p=861266"},"modified":"2016-02-23T10:42:27","modified_gmt":"2016-02-23T10:42:27","slug":"los-empleados-del-metro-de-barcelona-mantienen-la-huelga-del-miercoles","status":"publish","type":"post","link":"https:\/\/www.eldigitaldeasturias.com\/noticias\/los-empleados-del-metro-de-barcelona-mantienen-la-huelga-del-miercoles\/","title":{"rendered":"Los empleados del Metro de Barcelona mantienen la huelga del mi\u00e9rcoles"},"content":{"rendered":"<p><img loading=\"lazy\" decoding=\"async\" class=\"alignleft size-medium wp-image-861267\" src=\"https:\/\/www.eldigitaldeasturias.com\/noticias\/wp-content\/uploads\/2016\/02\/fotonoticia_20160223101747_800-360x240.jpg\" alt=\"fotonoticia_20160223101747_800\" width=\"360\" height=\"240\" srcset=\"https:\/\/www.eldigitaldeasturias.com\/noticias\/wp-content\/uploads\/2016\/02\/fotonoticia_20160223101747_800-360x240.jpg 360w, https:\/\/www.eldigitaldeasturias.com\/noticias\/wp-content\/uploads\/2016\/02\/fotonoticia_20160223101747_800-768x513.jpg 768w, https:\/\/www.eldigitaldeasturias.com\/noticias\/wp-content\/uploads\/2016\/02\/fotonoticia_20160223101747_800-650x434.jpg 650w, https:\/\/www.eldigitaldeasturias.com\/noticias\/wp-content\/uploads\/2016\/02\/fotonoticia_20160223101747_800-84x55.jpg 84w, https:\/\/www.eldigitaldeasturias.com\/noticias\/wp-content\/uploads\/2016\/02\/fotonoticia_20160223101747_800-49x32.jpg 49w, https:\/\/www.eldigitaldeasturias.com\/noticias\/wp-content\/uploads\/2016\/02\/fotonoticia_20160223101747_800.jpg 800w\" sizes=\"auto, (max-width: 360px) 100vw, 360px\" \/>Los trabajadores del Metro han asegurado este martes de madrugada que no han conseguido un acuerdo con Transports Metropolitans de Barcelona (TMB) sobre el convenio colectivo, por lo que los empleados mantienen la huelga de 24 horas prevista para el mi\u00e9rcoles, teniendo en cuenta, adem\u00e1s, que los huelguistas ven cada vez menos tiempo para convocar las asambleas que deber\u00edan ratificar un acuerdo.<\/p>\n<p>\u00abLa negociaci\u00f3n est\u00e1 rota\u00bb, ha asegurado a los periodistas sobre las 2.30 horas el portavoz del comit\u00e9 de huelga, \u00d3scar S\u00e1nchez, tras cinco horas de reuni\u00f3n en la Secretar\u00eda de Trabajo de la Generalitat &#8211;despu\u00e9s de que los trabajadores hicieran una nueva propuesta este lunes&#8211;, aunque S\u00e1nchez ha explicado que la reuni\u00f3n puede seguir este martes por la noche a petici\u00f3n de la Generalitat &#8211;como mediadora&#8211; para seguir exponiendo las posturas de todas las partes.<\/p>\n<p>La reuni\u00f3n se ha celebrado desde las 20.30 horas, tras una manifestaci\u00f3n de los trabajadores que ha recorrido el centro de Barcelona, durante una jornada de huelga que ha coincidido con el primer d\u00eda del Mobile World Congress (MWC) y que ha contado con servicios m\u00ednimos del 50% en las horas punta y del 30% el resto del d\u00eda.<\/p>\n","protected":false},"excerpt":{"rendered":"<p>Los trabajadores del Metro han asegurado este martes de madrugada que no han conseguido un acuerdo con Transports Metropolitans de Barcelona (TMB) sobre el convenio colectivo, por lo que los empleados mantienen la huelga de 24 horas prevista para el mi\u00e9rcoles, teniendo en cuenta, adem\u00e1s, que los huelguistas ven cada vez menos tiempo para convocar [&hellip;]<\/p>\n","protected":false},"author":1,"featured_media":861267,"comment_status":"closed","ping_status":"closed","sticky":false,"template":"","format":"standard","meta":{"footnotes":""},"categories":[1],"tags":[],"class_list":["post-861266","post","type-post","status-publish","format-standard","has-post-thumbnail","hentry","category-actualidad"],"aioseo_notices":[],"aioseo_head":"\n\t\t<!-- All in One SEO Pro 4.9.6.2 - aioseo.com -->\n\t<meta name=\"description\" content=\"Los trabajadores del Metro han asegurado este martes de madrugada que no han conseguido un acuerdo con Transports Metropolitans de Barcelona (TMB) sobre el convenio colectivo, por lo que los empleados mantienen la huelga de 24 horas prevista para el mi\u00e9rcoles, teniendo en cuenta, adem\u00e1s, que los huelguistas ven cada vez menos tiempo para convocar\" \/>\n\t<meta name=\"robots\" content=\"max-image-preview:large\" \/>\n\t<meta name=\"author\" content=\"El Digital de Asturias\"\/>\n\t<meta name=\"google-site-verification\" content=\"UA-38556648-1\" \/>\n\t<meta name=\"msvalidate.01\" content=\"7dfe9f3f1b24437ab69f4f2559babe99\" \/>\n\t<meta name=\"keywords\" content=\"actualidad\" \/>\n\t<link rel=\"canonical\" href=\"https:\/\/www.eldigitaldeasturias.com\/noticias\/los-empleados-del-metro-de-barcelona-mantienen-la-huelga-del-miercoles\/\" \/>\n\t<meta name=\"generator\" content=\"All in One SEO Pro (AIOSEO) 4.9.6.2\" \/>\n\t\t<meta property=\"og:locale\" content=\"es_ES\" \/>\n\t\t<meta property=\"og:site_name\" content=\"El Digital de Asturias\" \/>\n\t\t<meta property=\"og:type\" content=\"article\" \/>\n\t\t<meta property=\"og:title\" content=\"Los empleados del Metro de Barcelona mantienen la huelga del mi\u00e9rcoles - El Digital de Asturias\" \/>\n\t\t<meta property=\"og:description\" content=\"Los trabajadores del Metro han asegurado este martes de madrugada que no han conseguido un acuerdo con Transports Metropolitans de Barcelona (TMB) sobre el convenio colectivo, por lo que los empleados mantienen la huelga de 24 horas prevista para el mi\u00e9rcoles, teniendo en cuenta, adem\u00e1s, que los huelguistas ven cada vez menos tiempo para convocar\" \/>\n\t\t<meta property=\"og:url\" content=\"https:\/\/www.eldigitaldeasturias.com\/noticias\/los-empleados-del-metro-de-barcelona-mantienen-la-huelga-del-miercoles\/\" \/>\n\t\t<meta property=\"og:image\" content=\"https:\/\/www.eldigitaldeasturias.com\/noticias\/wp-content\/uploads\/2016\/02\/fotonoticia_20160223101747_800.jpg\" \/>\n\t\t<meta property=\"og:image:secure_url\" content=\"https:\/\/www.eldigitaldeasturias.com\/noticias\/wp-content\/uploads\/2016\/02\/fotonoticia_20160223101747_800.jpg\" \/>\n\t\t<meta property=\"og:image:width\" content=\"800\" \/>\n\t\t<meta property=\"og:image:height\" content=\"534\" \/>\n\t\t<meta property=\"article:tag\" content=\"actualidad\" \/>\n\t\t<meta property=\"article:published_time\" content=\"2016-02-23T10:42:27+00:00\" \/>\n\t\t<meta property=\"article:modified_time\" content=\"2016-02-23T10:42:27+00:00\" \/>\n\t\t<meta property=\"article:publisher\" content=\"https:\/\/facebook.com\/eldigitaldeasturias\" \/>\n\t\t<meta name=\"twitter:card\" content=\"summary_large_image\" \/>\n\t\t<meta name=\"twitter:title\" content=\"Los empleados del Metro de Barcelona mantienen la huelga del mi\u00e9rcoles - El Digital de Asturias\" \/>\n\t\t<meta name=\"twitter:description\" content=\"Los trabajadores del Metro han asegurado este martes de madrugada que no han conseguido un acuerdo con Transports Metropolitans de Barcelona (TMB) sobre el convenio colectivo, por lo que los empleados mantienen la huelga de 24 horas prevista para el mi\u00e9rcoles, teniendo en cuenta, adem\u00e1s, que los huelguistas ven cada vez menos tiempo para convocar\" \/>\n\t\t<meta name=\"twitter:image\" content=\"https:\/\/www.eldigitaldeasturias.com\/noticias\/wp-content\/uploads\/2016\/02\/fotonoticia_20160223101747_800.jpg\" \/>\n\t\t<meta name=\"twitter:label1\" content=\"Escrito por\" \/>\n\t\t<meta name=\"twitter:data1\" content=\"El Digital de Asturias\" \/>\n\t\t<meta name=\"twitter:label2\" content=\"Tiempo de lectura estimado\" \/>\n\t\t<meta name=\"twitter:data2\" content=\"1 minuto\" \/>\n\t\t<script type=\"application\/ld+json\" class=\"aioseo-schema\">\n\t\t\t{\"@context\":\"https:\\\/\\\/schema.org\",\"@graph\":[{\"@type\":\"BlogPosting\",\"@id\":\"https:\\\/\\\/www.eldigitaldeasturias.com\\\/noticias\\\/los-empleados-del-metro-de-barcelona-mantienen-la-huelga-del-miercoles\\\/#blogposting\",\"name\":\"Los empleados del Metro de Barcelona mantienen la huelga del mi\\u00e9rcoles - El Digital de Asturias\",\"headline\":\"Los empleados del Metro de Barcelona mantienen la huelga del mi\\u00e9rcoles\",\"author\":{\"@id\":\"https:\\\/\\\/www.eldigitaldeasturias.com\\\/noticias\\\/author\\\/admin\\\/#author\"},\"publisher\":{\"@id\":\"https:\\\/\\\/www.eldigitaldeasturias.com\\\/noticias\\\/#organization\"},\"image\":{\"@type\":\"ImageObject\",\"url\":\"https:\\\/\\\/www.eldigitaldeasturias.com\\\/noticias\\\/wp-content\\\/uploads\\\/2016\\\/02\\\/fotonoticia_20160223101747_800.jpg\",\"width\":800,\"height\":534},\"datePublished\":\"2016-02-23T10:42:27+01:00\",\"dateModified\":\"2016-02-23T10:42:27+01:00\",\"inLanguage\":\"es-ES\",\"mainEntityOfPage\":{\"@id\":\"https:\\\/\\\/www.eldigitaldeasturias.com\\\/noticias\\\/los-empleados-del-metro-de-barcelona-mantienen-la-huelga-del-miercoles\\\/#webpage\"},\"isPartOf\":{\"@id\":\"https:\\\/\\\/www.eldigitaldeasturias.com\\\/noticias\\\/los-empleados-del-metro-de-barcelona-mantienen-la-huelga-del-miercoles\\\/#webpage\"},\"articleSection\":\"Actualidad\"},{\"@type\":\"BreadcrumbList\",\"@id\":\"https:\\\/\\\/www.eldigitaldeasturias.com\\\/noticias\\\/los-empleados-del-metro-de-barcelona-mantienen-la-huelga-del-miercoles\\\/#breadcrumblist\",\"itemListElement\":[{\"@type\":\"ListItem\",\"@id\":\"https:\\\/\\\/www.eldigitaldeasturias.com\\\/noticias#listItem\",\"position\":1,\"name\":\"Home\",\"item\":\"https:\\\/\\\/www.eldigitaldeasturias.com\\\/noticias\",\"nextItem\":{\"@type\":\"ListItem\",\"@id\":\"https:\\\/\\\/www.eldigitaldeasturias.com\\\/noticias\\\/category\\\/actualidad\\\/#listItem\",\"name\":\"Actualidad\"}},{\"@type\":\"ListItem\",\"@id\":\"https:\\\/\\\/www.eldigitaldeasturias.com\\\/noticias\\\/category\\\/actualidad\\\/#listItem\",\"position\":2,\"name\":\"Actualidad\",\"item\":\"https:\\\/\\\/www.eldigitaldeasturias.com\\\/noticias\\\/category\\\/actualidad\\\/\",\"nextItem\":{\"@type\":\"ListItem\",\"@id\":\"https:\\\/\\\/www.eldigitaldeasturias.com\\\/noticias\\\/los-empleados-del-metro-de-barcelona-mantienen-la-huelga-del-miercoles\\\/#listItem\",\"name\":\"Los empleados del Metro de Barcelona mantienen la huelga del mi\\u00e9rcoles\"},\"previousItem\":{\"@type\":\"ListItem\",\"@id\":\"https:\\\/\\\/www.eldigitaldeasturias.com\\\/noticias#listItem\",\"name\":\"Home\"}},{\"@type\":\"ListItem\",\"@id\":\"https:\\\/\\\/www.eldigitaldeasturias.com\\\/noticias\\\/los-empleados-del-metro-de-barcelona-mantienen-la-huelga-del-miercoles\\\/#listItem\",\"position\":3,\"name\":\"Los empleados del Metro de Barcelona mantienen la huelga del mi\\u00e9rcoles\",\"previousItem\":{\"@type\":\"ListItem\",\"@id\":\"https:\\\/\\\/www.eldigitaldeasturias.com\\\/noticias\\\/category\\\/actualidad\\\/#listItem\",\"name\":\"Actualidad\"}}]},{\"@type\":\"Organization\",\"@id\":\"https:\\\/\\\/www.eldigitaldeasturias.com\\\/noticias\\\/#organization\",\"name\":\"El Digital de Asturias\",\"description\":\"Hemeroteca\",\"url\":\"https:\\\/\\\/www.eldigitaldeasturias.com\\\/noticias\\\/\",\"email\":\"info@eldigitaldeasturias.com\",\"telephone\":\"+34652131393\",\"logo\":{\"@type\":\"ImageObject\",\"url\":\"https:\\\/\\\/www.eldigitaldeasturias.com\\\/noticias\\\/wp-content\\\/uploads\\\/2020\\\/12\\\/EDA.jpg\",\"@id\":\"https:\\\/\\\/www.eldigitaldeasturias.com\\\/noticias\\\/los-empleados-del-metro-de-barcelona-mantienen-la-huelga-del-miercoles\\\/#organizationLogo\",\"width\":649,\"height\":297},\"image\":{\"@id\":\"https:\\\/\\\/www.eldigitaldeasturias.com\\\/noticias\\\/los-empleados-del-metro-de-barcelona-mantienen-la-huelga-del-miercoles\\\/#organizationLogo\"},\"sameAs\":[\"https:\\\/\\\/facebook.com\\\/eldigitaldeasturias\",\"https:\\\/\\\/www.youtube.com\\\/channel\\\/UCZP-2wLEB9Rv6erhFmqVnvg\"],\"address\":{\"@id\":\"https:\\\/\\\/www.eldigitaldeasturias.com\\\/noticias\\\/#postaladdress\",\"@type\":\"PostalAddress\",\"streetAddress\":\"san antonio 4,\",\"postalCode\":\"33430\",\"addressLocality\":\"Cand\\u00e1s\",\"addressRegion\":\"Asturias\",\"addressCountry\":\"ES\"}},{\"@type\":\"Person\",\"@id\":\"https:\\\/\\\/www.eldigitaldeasturias.com\\\/noticias\\\/author\\\/admin\\\/#author\",\"url\":\"https:\\\/\\\/www.eldigitaldeasturias.com\\\/noticias\\\/author\\\/admin\\\/\",\"name\":\"El Digital de Asturias\",\"image\":{\"@type\":\"ImageObject\",\"@id\":\"https:\\\/\\\/www.eldigitaldeasturias.com\\\/noticias\\\/los-empleados-del-metro-de-barcelona-mantienen-la-huelga-del-miercoles\\\/#authorImage\",\"url\":\"https:\\\/\\\/www.eldigitaldeasturias.com\\\/noticias\\\/wp-content\\\/litespeed\\\/avatar\\\/18677e78aa0546b92d9dbf31ec7d7668.jpg?ver=1777290358\",\"width\":96,\"height\":96,\"caption\":\"El Digital de Asturias\"}},{\"@type\":\"WebPage\",\"@id\":\"https:\\\/\\\/www.eldigitaldeasturias.com\\\/noticias\\\/los-empleados-del-metro-de-barcelona-mantienen-la-huelga-del-miercoles\\\/#webpage\",\"url\":\"https:\\\/\\\/www.eldigitaldeasturias.com\\\/noticias\\\/los-empleados-del-metro-de-barcelona-mantienen-la-huelga-del-miercoles\\\/\",\"name\":\"Los empleados del Metro de Barcelona mantienen la huelga del mi\\u00e9rcoles - El Digital de Asturias\",\"description\":\"Los trabajadores del Metro han asegurado este martes de madrugada que no han conseguido un acuerdo con Transports Metropolitans de Barcelona (TMB) sobre el convenio colectivo, por lo que los empleados mantienen la huelga de 24 horas prevista para el mi\\u00e9rcoles, teniendo en cuenta, adem\\u00e1s, que los huelguistas ven cada vez menos tiempo para convocar\",\"inLanguage\":\"es-ES\",\"isPartOf\":{\"@id\":\"https:\\\/\\\/www.eldigitaldeasturias.com\\\/noticias\\\/#website\"},\"breadcrumb\":{\"@id\":\"https:\\\/\\\/www.eldigitaldeasturias.com\\\/noticias\\\/los-empleados-del-metro-de-barcelona-mantienen-la-huelga-del-miercoles\\\/#breadcrumblist\"},\"author\":{\"@id\":\"https:\\\/\\\/www.eldigitaldeasturias.com\\\/noticias\\\/author\\\/admin\\\/#author\"},\"creator\":{\"@id\":\"https:\\\/\\\/www.eldigitaldeasturias.com\\\/noticias\\\/author\\\/admin\\\/#author\"},\"image\":{\"@type\":\"ImageObject\",\"url\":\"https:\\\/\\\/www.eldigitaldeasturias.com\\\/noticias\\\/wp-content\\\/uploads\\\/2016\\\/02\\\/fotonoticia_20160223101747_800.jpg\",\"@id\":\"https:\\\/\\\/www.eldigitaldeasturias.com\\\/noticias\\\/los-empleados-del-metro-de-barcelona-mantienen-la-huelga-del-miercoles\\\/#mainImage\",\"width\":800,\"height\":534},\"primaryImageOfPage\":{\"@id\":\"https:\\\/\\\/www.eldigitaldeasturias.com\\\/noticias\\\/los-empleados-del-metro-de-barcelona-mantienen-la-huelga-del-miercoles\\\/#mainImage\"},\"datePublished\":\"2016-02-23T10:42:27+01:00\",\"dateModified\":\"2016-02-23T10:42:27+01:00\"},{\"@type\":\"WebSite\",\"@id\":\"https:\\\/\\\/www.eldigitaldeasturias.com\\\/noticias\\\/#website\",\"url\":\"https:\\\/\\\/www.eldigitaldeasturias.com\\\/noticias\\\/\",\"name\":\"El Digital de Asturias - Diario de actualidad y noticias\",\"alternateName\":\"El Digital de Asturias - Diario de actualidad y noticias\",\"description\":\"Hemeroteca\",\"inLanguage\":\"es-ES\",\"publisher\":{\"@id\":\"https:\\\/\\\/www.eldigitaldeasturias.com\\\/noticias\\\/#organization\"}}]}\n\t\t<\/script>\n\t\t<!-- All in One SEO Pro -->\r\n\t\t<title>Los empleados del Metro de Barcelona mantienen la huelga del mi\u00e9rcoles - El Digital de Asturias<\/title>\n\n","aioseo_head_json":{"title":"Los empleados del Metro de Barcelona mantienen la huelga del mi\u00e9rcoles - El Digital de Asturias","description":"Los trabajadores del Metro han asegurado este martes de madrugada que no han conseguido un acuerdo con Transports Metropolitans de Barcelona (TMB) sobre el convenio colectivo, por lo que los empleados mantienen la huelga de 24 horas prevista para el mi\u00e9rcoles, teniendo en cuenta, adem\u00e1s, que los huelguistas ven cada vez menos tiempo para convocar","canonical_url":"https:\/\/www.eldigitaldeasturias.com\/noticias\/los-empleados-del-metro-de-barcelona-mantienen-la-huelga-del-miercoles\/","robots":"max-image-preview:large","keywords":"actualidad","webmasterTools":{"google-site-verification":"UA-38556648-1","msvalidate.01":"7dfe9f3f1b24437ab69f4f2559babe99","miscellaneous":""},"schema":{"@context":"https:\/\/schema.org","@graph":[{"@type":"BlogPosting","@id":"https:\/\/www.eldigitaldeasturias.com\/noticias\/los-empleados-del-metro-de-barcelona-mantienen-la-huelga-del-miercoles\/#blogposting","name":"Los empleados del Metro de Barcelona mantienen la huelga del mi\u00e9rcoles - El Digital de Asturias","headline":"Los empleados del Metro de Barcelona mantienen la huelga del mi\u00e9rcoles","author":{"@id":"https:\/\/www.eldigitaldeasturias.com\/noticias\/author\/admin\/#author"},"publisher":{"@id":"https:\/\/www.eldigitaldeasturias.com\/noticias\/#organization"},"image":{"@type":"ImageObject","url":"https:\/\/www.eldigitaldeasturias.com\/noticias\/wp-content\/uploads\/2016\/02\/fotonoticia_20160223101747_800.jpg","width":800,"height":534},"datePublished":"2016-02-23T10:42:27+01:00","dateModified":"2016-02-23T10:42:27+01:00","inLanguage":"es-ES","mainEntityOfPage":{"@id":"https:\/\/www.eldigitaldeasturias.com\/noticias\/los-empleados-del-metro-de-barcelona-mantienen-la-huelga-del-miercoles\/#webpage"},"isPartOf":{"@id":"https:\/\/www.eldigitaldeasturias.com\/noticias\/los-empleados-del-metro-de-barcelona-mantienen-la-huelga-del-miercoles\/#webpage"},"articleSection":"Actualidad"},{"@type":"BreadcrumbList","@id":"https:\/\/www.eldigitaldeasturias.com\/noticias\/los-empleados-del-metro-de-barcelona-mantienen-la-huelga-del-miercoles\/#breadcrumblist","itemListElement":[{"@type":"ListItem","@id":"https:\/\/www.eldigitaldeasturias.com\/noticias#listItem","position":1,"name":"Home","item":"https:\/\/www.eldigitaldeasturias.com\/noticias","nextItem":{"@type":"ListItem","@id":"https:\/\/www.eldigitaldeasturias.com\/noticias\/category\/actualidad\/#listItem","name":"Actualidad"}},{"@type":"ListItem","@id":"https:\/\/www.eldigitaldeasturias.com\/noticias\/category\/actualidad\/#listItem","position":2,"name":"Actualidad","item":"https:\/\/www.eldigitaldeasturias.com\/noticias\/category\/actualidad\/","nextItem":{"@type":"ListItem","@id":"https:\/\/www.eldigitaldeasturias.com\/noticias\/los-empleados-del-metro-de-barcelona-mantienen-la-huelga-del-miercoles\/#listItem","name":"Los empleados del Metro de Barcelona mantienen la huelga del mi\u00e9rcoles"},"previousItem":{"@type":"ListItem","@id":"https:\/\/www.eldigitaldeasturias.com\/noticias#listItem","name":"Home"}},{"@type":"ListItem","@id":"https:\/\/www.eldigitaldeasturias.com\/noticias\/los-empleados-del-metro-de-barcelona-mantienen-la-huelga-del-miercoles\/#listItem","position":3,"name":"Los empleados del Metro de Barcelona mantienen la huelga del mi\u00e9rcoles","previousItem":{"@type":"ListItem","@id":"https:\/\/www.eldigitaldeasturias.com\/noticias\/category\/actualidad\/#listItem","name":"Actualidad"}}]},{"@type":"Organization","@id":"https:\/\/www.eldigitaldeasturias.com\/noticias\/#organization","name":"El Digital de Asturias","description":"Hemeroteca","url":"https:\/\/www.eldigitaldeasturias.com\/noticias\/","email":"info@eldigitaldeasturias.com","telephone":"+34652131393","logo":{"@type":"ImageObject","url":"https:\/\/www.eldigitaldeasturias.com\/noticias\/wp-content\/uploads\/2020\/12\/EDA.jpg","@id":"https:\/\/www.eldigitaldeasturias.com\/noticias\/los-empleados-del-metro-de-barcelona-mantienen-la-huelga-del-miercoles\/#organizationLogo","width":649,"height":297},"image":{"@id":"https:\/\/www.eldigitaldeasturias.com\/noticias\/los-empleados-del-metro-de-barcelona-mantienen-la-huelga-del-miercoles\/#organizationLogo"},"sameAs":["https:\/\/facebook.com\/eldigitaldeasturias","https:\/\/www.youtube.com\/channel\/UCZP-2wLEB9Rv6erhFmqVnvg"],"address":{"@id":"https:\/\/www.eldigitaldeasturias.com\/noticias\/#postaladdress","@type":"PostalAddress","streetAddress":"san antonio 4,","postalCode":"33430","addressLocality":"Cand\u00e1s","addressRegion":"Asturias","addressCountry":"ES"}},{"@type":"Person","@id":"https:\/\/www.eldigitaldeasturias.com\/noticias\/author\/admin\/#author","url":"https:\/\/www.eldigitaldeasturias.com\/noticias\/author\/admin\/","name":"El Digital de Asturias","image":{"@type":"ImageObject","@id":"https:\/\/www.eldigitaldeasturias.com\/noticias\/los-empleados-del-metro-de-barcelona-mantienen-la-huelga-del-miercoles\/#authorImage","url":"https:\/\/www.eldigitaldeasturias.com\/noticias\/wp-content\/litespeed\/avatar\/18677e78aa0546b92d9dbf31ec7d7668.jpg?ver=1777290358","width":96,"height":96,"caption":"El Digital de Asturias"}},{"@type":"WebPage","@id":"https:\/\/www.eldigitaldeasturias.com\/noticias\/los-empleados-del-metro-de-barcelona-mantienen-la-huelga-del-miercoles\/#webpage","url":"https:\/\/www.eldigitaldeasturias.com\/noticias\/los-empleados-del-metro-de-barcelona-mantienen-la-huelga-del-miercoles\/","name":"Los empleados del Metro de Barcelona mantienen la huelga del mi\u00e9rcoles - El Digital de Asturias","description":"Los trabajadores del Metro han asegurado este martes de madrugada que no han conseguido un acuerdo con Transports Metropolitans de Barcelona (TMB) sobre el convenio colectivo, por lo que los empleados mantienen la huelga de 24 horas prevista para el mi\u00e9rcoles, teniendo en cuenta, adem\u00e1s, que los huelguistas ven cada vez menos tiempo para convocar","inLanguage":"es-ES","isPartOf":{"@id":"https:\/\/www.eldigitaldeasturias.com\/noticias\/#website"},"breadcrumb":{"@id":"https:\/\/www.eldigitaldeasturias.com\/noticias\/los-empleados-del-metro-de-barcelona-mantienen-la-huelga-del-miercoles\/#breadcrumblist"},"author":{"@id":"https:\/\/www.eldigitaldeasturias.com\/noticias\/author\/admin\/#author"},"creator":{"@id":"https:\/\/www.eldigitaldeasturias.com\/noticias\/author\/admin\/#author"},"image":{"@type":"ImageObject","url":"https:\/\/www.eldigitaldeasturias.com\/noticias\/wp-content\/uploads\/2016\/02\/fotonoticia_20160223101747_800.jpg","@id":"https:\/\/www.eldigitaldeasturias.com\/noticias\/los-empleados-del-metro-de-barcelona-mantienen-la-huelga-del-miercoles\/#mainImage","width":800,"height":534},"primaryImageOfPage":{"@id":"https:\/\/www.eldigitaldeasturias.com\/noticias\/los-empleados-del-metro-de-barcelona-mantienen-la-huelga-del-miercoles\/#mainImage"},"datePublished":"2016-02-23T10:42:27+01:00","dateModified":"2016-02-23T10:42:27+01:00"},{"@type":"WebSite","@id":"https:\/\/www.eldigitaldeasturias.com\/noticias\/#website","url":"https:\/\/www.eldigitaldeasturias.com\/noticias\/","name":"El Digital de Asturias - Diario de actualidad y noticias","alternateName":"El Digital de Asturias - Diario de actualidad y noticias","description":"Hemeroteca","inLanguage":"es-ES","publisher":{"@id":"https:\/\/www.eldigitaldeasturias.com\/noticias\/#organization"}}]},"og:locale":"es_ES","og:site_name":"El Digital de Asturias","og:type":"article","og:title":"Los empleados del Metro de Barcelona mantienen la huelga del mi\u00e9rcoles - El Digital de Asturias","og:description":"Los trabajadores del Metro han asegurado este martes de madrugada que no han conseguido un acuerdo con Transports Metropolitans de Barcelona (TMB) sobre el convenio colectivo, por lo que los empleados mantienen la huelga de 24 horas prevista para el mi\u00e9rcoles, teniendo en cuenta, adem\u00e1s, que los huelguistas ven cada vez menos tiempo para convocar","og:url":"https:\/\/www.eldigitaldeasturias.com\/noticias\/los-empleados-del-metro-de-barcelona-mantienen-la-huelga-del-miercoles\/","og:image":"https:\/\/www.eldigitaldeasturias.com\/noticias\/wp-content\/uploads\/2016\/02\/fotonoticia_20160223101747_800.jpg","og:image:secure_url":"https:\/\/www.eldigitaldeasturias.com\/noticias\/wp-content\/uploads\/2016\/02\/fotonoticia_20160223101747_800.jpg","og:image:width":800,"og:image:height":534,"article:tag":["actualidad"],"article:published_time":"2016-02-23T10:42:27+00:00","article:modified_time":"2016-02-23T10:42:27+00:00","article:publisher":"https:\/\/facebook.com\/eldigitaldeasturias","twitter:card":"summary_large_image","twitter:title":"Los empleados del Metro de Barcelona mantienen la huelga del mi\u00e9rcoles - El Digital de Asturias","twitter:description":"Los trabajadores del Metro han asegurado este martes de madrugada que no han conseguido un acuerdo con Transports Metropolitans de Barcelona (TMB) sobre el convenio colectivo, por lo que los empleados mantienen la huelga de 24 horas prevista para el mi\u00e9rcoles, teniendo en cuenta, adem\u00e1s, que los huelguistas ven cada vez menos tiempo para convocar","twitter:image":"https:\/\/www.eldigitaldeasturias.com\/noticias\/wp-content\/uploads\/2016\/02\/fotonoticia_20160223101747_800.jpg","twitter:label1":"Escrito por","twitter:data1":"El Digital de Asturias","twitter:label2":"Tiempo de lectura estimado","twitter:data2":"1 minuto"},"aioseo_meta_data":{"post_id":"861266","title":null,"description":null,"keywords":null,"keyphrases":null,"primary_term":null,"canonical_url":null,"og_title":null,"og_description":null,"og_object_type":"default","og_image_type":"default","og_image_url":null,"og_image_width":null,"og_image_height":null,"og_image_custom_url":null,"og_image_custom_fields":null,"og_video":null,"og_custom_url":null,"og_article_section":null,"og_article_tags":null,"twitter_use_og":false,"twitter_card":"default","twitter_image_type":"default","twitter_image_url":null,"twitter_image_custom_url":null,"twitter_image_custom_fields":null,"twitter_title":null,"twitter_description":null,"schema":{"blockGraphs":[],"customGraphs":[],"default":{"data":{"Article":[],"Course":[],"Dataset":[],"FAQPage":[],"Movie":[],"Person":[],"Product":[],"ProductReview":[],"Car":[],"Recipe":[],"Service":[],"SoftwareApplication":[],"WebPage":[]},"graphName":"","isEnabled":true},"graphs":[],"defaultGraph":"","defaultPostTypeGraph":""},"schema_type":null,"schema_type_options":null,"pillar_content":false,"robots_default":true,"robots_noindex":false,"robots_noarchive":false,"robots_nosnippet":false,"robots_nofollow":false,"robots_noimageindex":false,"robots_noodp":false,"robots_notranslate":false,"robots_max_snippet":null,"robots_max_videopreview":null,"robots_max_imagepreview":"large","priority":null,"frequency":null,"local_seo":null,"seo_analyzer_scan_date":"2025-12-10 20:42:18","breadcrumb_settings":null,"limit_modified_date":false,"open_ai":null,"ai":null,"created":"2021-01-23 15:00:19","updated":"2025-12-10 20:42:18"},"aioseo_breadcrumb":"<div class=\"aioseo-breadcrumbs\"><span class=\"aioseo-breadcrumb\">\n\t<a href=\"https:\/\/www.eldigitaldeasturias.com\/noticias\" title=\"Home\">Home<\/a>\n<\/span><span class=\"aioseo-breadcrumb-separator\">\u2013<\/span><span class=\"aioseo-breadcrumb\">\n\t<a href=\"https:\/\/www.eldigitaldeasturias.com\/noticias\/category\/actualidad\/\" title=\"Actualidad\">Actualidad<\/a>\n<\/span><span class=\"aioseo-breadcrumb-separator\">\u2013<\/span><span class=\"aioseo-breadcrumb\">\n\t<a href=\"https:\/\/www.eldigitaldeasturias.com\/noticias\/los-empleados-del-metro-de-barcelona-mantienen-la-huelga-del-miercoles\/\" title=\"Los empleados del Metro de Barcelona mantienen la huelga del mi\u00e9rcoles\">Los empleados del Metro de Barcelona mantienen la huelga del mi\u00e9rcoles<\/a>\n<\/span><\/div>","aioseo_breadcrumb_json":[{"label":"Home","link":"https:\/\/www.eldigitaldeasturias.com\/noticias"},{"label":"Actualidad","link":"https:\/\/www.eldigitaldeasturias.com\/noticias\/category\/actualidad\/"},{"label":"Los empleados del Metro de Barcelona mantienen la huelga del mi\u00e9rcoles","link":"https:\/\/www.eldigitaldeasturias.com\/noticias\/los-empleados-del-metro-de-barcelona-mantienen-la-huelga-del-miercoles\/"}],"_links":{"self":[{"href":"https:\/\/www.eldigitaldeasturias.com\/noticias\/wp-json\/wp\/v2\/posts\/861266","targetHints":{"allow":["GET"]}}],"collection":[{"href":"https:\/\/www.eldigitaldeasturias.com\/noticias\/wp-json\/wp\/v2\/posts"}],"about":[{"href":"https:\/\/www.eldigitaldeasturias.com\/noticias\/wp-json\/wp\/v2\/types\/post"}],"author":[{"embeddable":true,"href":"https:\/\/www.eldigitaldeasturias.com\/noticias\/wp-json\/wp\/v2\/users\/1"}],"replies":[{"embeddable":true,"href":"https:\/\/www.eldigitaldeasturias.com\/noticias\/wp-json\/wp\/v2\/comments?post=861266"}],"version-history":[{"count":0,"href":"https:\/\/www.eldigitaldeasturias.com\/noticias\/wp-json\/wp\/v2\/posts\/861266\/revisions"}],"wp:featuredmedia":[{"embeddable":true,"href":"https:\/\/www.eldigitaldeasturias.com\/noticias\/wp-json\/wp\/v2\/media\/861267"}],"wp:attachment":[{"href":"https:\/\/www.eldigitaldeasturias.com\/noticias\/wp-json\/wp\/v2\/media?parent=861266"}],"wp:term":[{"taxonomy":"category","embeddable":true,"href":"https:\/\/www.eldigitaldeasturias.com\/noticias\/wp-json\/wp\/v2\/categories?post=861266"},{"taxonomy":"post_tag","embeddable":true,"href":"https:\/\/www.eldigitaldeasturias.com\/noticias\/wp-json\/wp\/v2\/tags?post=861266"}],"curies":[{"name":"wp","href":"https:\/\/api.w.org\/{rel}","templated":true}]}}