{"id":861263,"date":"2016-02-23T10:39:44","date_gmt":"2016-02-23T10:39:44","guid":{"rendered":"http:\/\/www.eldigitaldeasturias.com\/noticias\/?p=861263"},"modified":"2016-02-23T10:39:44","modified_gmt":"2016-02-23T10:39:44","slug":"grecia-empieza-a-trasladar-a-miles-de-inmigrantes","status":"publish","type":"post","link":"https:\/\/www.eldigitaldeasturias.com\/noticias\/grecia-empieza-a-trasladar-a-miles-de-inmigrantes\/","title":{"rendered":"Grecia empieza a trasladar a miles de inmigrantes"},"content":{"rendered":"<p><img loading=\"lazy\" decoding=\"async\" class=\"alignleft size-medium wp-image-861264\" src=\"https:\/\/www.eldigitaldeasturias.com\/noticias\/wp-content\/uploads\/2016\/02\/fotonoticia_20160223101628_800-360x240.jpg\" alt=\"fotonoticia_20160223101628_800\" width=\"360\" height=\"240\" srcset=\"https:\/\/www.eldigitaldeasturias.com\/noticias\/wp-content\/uploads\/2016\/02\/fotonoticia_20160223101628_800-360x240.jpg 360w, https:\/\/www.eldigitaldeasturias.com\/noticias\/wp-content\/uploads\/2016\/02\/fotonoticia_20160223101628_800-768x513.jpg 768w, https:\/\/www.eldigitaldeasturias.com\/noticias\/wp-content\/uploads\/2016\/02\/fotonoticia_20160223101628_800-650x434.jpg 650w, https:\/\/www.eldigitaldeasturias.com\/noticias\/wp-content\/uploads\/2016\/02\/fotonoticia_20160223101628_800-84x55.jpg 84w, https:\/\/www.eldigitaldeasturias.com\/noticias\/wp-content\/uploads\/2016\/02\/fotonoticia_20160223101628_800-49x32.jpg 49w, https:\/\/www.eldigitaldeasturias.com\/noticias\/wp-content\/uploads\/2016\/02\/fotonoticia_20160223101628_800.jpg 800w\" sizes=\"auto, (max-width: 360px) 100vw, 360px\" \/>La Polic\u00eda de Grecia ha empezado a trasladar este martes a los miles de inmigrantes que quedaron atrapados en la frontera con Macedonia debido a las restricciones a su paso impuestas por el pa\u00eds vecino.<\/p>\n<p>Los inmigrantes se hab\u00edan quedado en las v\u00edas de tren cercanas a la frontera tras lo lograr pasar a Macedonia. Testigos citados por la agencia brit\u00e1nica de noticias Reuters han se\u00f1alado que varios autobuses han llegado a la zona a primera hora del d\u00eda.<\/p>\n<p>Seg\u00fan las estimaciones recogidas por la agencia, unas 1.200 personas se encuentran en la zona de Idomeni, en su mayor\u00eda inmigrantes afganos o personas sin los documentos necesarios para continuar el viaje.<\/p>\n<p>Unas 5.000 personas se encuentran concentradas en dos puntos en el norte de Grecia, cerca de la frontera con Macedonia, mientras que las agencias humanitarias han instado a otros 4.000, que han llegado a la Grecia continental desde las islas, a que no se dirijan al norte por temor a que se cree un embudo.<\/p>\n<p>Los pa\u00edses balc\u00e1nicos a lo largo de la ruta migratoria hacia el oeste y el norte de Europa han comenzado a denegar el paso a aquellos que no proceden de pa\u00edses en conflicto como Siria e Irak.<\/p>\n<p>Macedonia ha erigido una valla met\u00e1lica con concertinas en el principal punto de paso de los inmigrantes y refugiados en su frontera sur con Grecia. El ministro de Inmigraci\u00f3n griego, Yannis Mouzalas, ha criticado a su vecino por eludir sus responsabilidades en la crisis.<\/p>\n<p>\u00abNo solo los pa\u00edses de Visegrado no han aceptado a un solo refugiado, ni siquiera han enviado una manta o una tienda de campa\u00f1a\u00bb, ha declarado a la cadena de televisi\u00f3n del Parlamento griego, en referencia a Rep\u00fablica Checa, Polonia, Hungr\u00eda y Eslovaquia. \u00abNo han enviado a un solo polic\u00eda para reforzar a Frontex tampoco\u00bb, ha remachado.<\/p>\n","protected":false},"excerpt":{"rendered":"<p>La Polic\u00eda de Grecia ha empezado a trasladar este martes a los miles de inmigrantes que quedaron atrapados en la frontera con Macedonia debido a las restricciones a su paso impuestas por el pa\u00eds vecino. Los inmigrantes se hab\u00edan quedado en las v\u00edas de tren cercanas a la frontera tras lo lograr pasar a Macedonia. [&hellip;]<\/p>\n","protected":false},"author":1,"featured_media":861264,"comment_status":"closed","ping_status":"closed","sticky":false,"template":"","format":"standard","meta":{"footnotes":""},"categories":[1],"tags":[],"class_list":["post-861263","post","type-post","status-publish","format-standard","has-post-thumbnail","hentry","category-actualidad"],"aioseo_notices":[],"aioseo_head":"\n\t\t<!-- All in One SEO Pro 4.9.6.2 - aioseo.com -->\n\t<meta name=\"description\" content=\"La Polic\u00eda de Grecia ha empezado a trasladar este martes a los miles de inmigrantes que quedaron atrapados en la frontera con Macedonia debido a las restricciones a su paso impuestas por el pa\u00eds vecino. Los inmigrantes se hab\u00edan quedado en las v\u00edas de tren cercanas a la frontera tras lo lograr pasar a Macedonia.\" \/>\n\t<meta name=\"robots\" content=\"max-image-preview:large\" \/>\n\t<meta name=\"author\" content=\"El Digital de Asturias\"\/>\n\t<meta name=\"google-site-verification\" content=\"UA-38556648-1\" \/>\n\t<meta name=\"msvalidate.01\" content=\"7dfe9f3f1b24437ab69f4f2559babe99\" \/>\n\t<meta name=\"keywords\" content=\"actualidad\" \/>\n\t<link rel=\"canonical\" href=\"https:\/\/www.eldigitaldeasturias.com\/noticias\/grecia-empieza-a-trasladar-a-miles-de-inmigrantes\/\" \/>\n\t<meta name=\"generator\" content=\"All in One SEO Pro (AIOSEO) 4.9.6.2\" \/>\n\t\t<meta property=\"og:locale\" content=\"es_ES\" \/>\n\t\t<meta property=\"og:site_name\" content=\"El Digital de Asturias\" \/>\n\t\t<meta property=\"og:type\" content=\"article\" \/>\n\t\t<meta property=\"og:title\" content=\"Grecia empieza a trasladar a miles de inmigrantes - El Digital de Asturias\" \/>\n\t\t<meta property=\"og:description\" content=\"La Polic\u00eda de Grecia ha empezado a trasladar este martes a los miles de inmigrantes que quedaron atrapados en la frontera con Macedonia debido a las restricciones a su paso impuestas por el pa\u00eds vecino. Los inmigrantes se hab\u00edan quedado en las v\u00edas de tren cercanas a la frontera tras lo lograr pasar a Macedonia.\" \/>\n\t\t<meta property=\"og:url\" content=\"https:\/\/www.eldigitaldeasturias.com\/noticias\/grecia-empieza-a-trasladar-a-miles-de-inmigrantes\/\" \/>\n\t\t<meta property=\"og:image\" content=\"https:\/\/www.eldigitaldeasturias.com\/noticias\/wp-content\/uploads\/2016\/02\/fotonoticia_20160223101628_800.jpg\" \/>\n\t\t<meta property=\"og:image:secure_url\" content=\"https:\/\/www.eldigitaldeasturias.com\/noticias\/wp-content\/uploads\/2016\/02\/fotonoticia_20160223101628_800.jpg\" \/>\n\t\t<meta property=\"og:image:width\" content=\"800\" \/>\n\t\t<meta property=\"og:image:height\" content=\"534\" \/>\n\t\t<meta property=\"article:tag\" content=\"actualidad\" \/>\n\t\t<meta property=\"article:published_time\" content=\"2016-02-23T10:39:44+00:00\" \/>\n\t\t<meta property=\"article:modified_time\" content=\"2016-02-23T10:39:44+00:00\" \/>\n\t\t<meta property=\"article:publisher\" content=\"https:\/\/facebook.com\/eldigitaldeasturias\" \/>\n\t\t<meta name=\"twitter:card\" content=\"summary_large_image\" \/>\n\t\t<meta name=\"twitter:title\" content=\"Grecia empieza a trasladar a miles de inmigrantes - El Digital de Asturias\" \/>\n\t\t<meta name=\"twitter:description\" content=\"La Polic\u00eda de Grecia ha empezado a trasladar este martes a los miles de inmigrantes que quedaron atrapados en la frontera con Macedonia debido a las restricciones a su paso impuestas por el pa\u00eds vecino. Los inmigrantes se hab\u00edan quedado en las v\u00edas de tren cercanas a la frontera tras lo lograr pasar a Macedonia.\" \/>\n\t\t<meta name=\"twitter:image\" content=\"https:\/\/www.eldigitaldeasturias.com\/noticias\/wp-content\/uploads\/2016\/02\/fotonoticia_20160223101628_800.jpg\" \/>\n\t\t<meta name=\"twitter:label1\" content=\"Escrito por\" \/>\n\t\t<meta name=\"twitter:data1\" content=\"El Digital de Asturias\" \/>\n\t\t<meta name=\"twitter:label2\" content=\"Tiempo de lectura estimado\" \/>\n\t\t<meta name=\"twitter:data2\" content=\"2 minutos\" \/>\n\t\t<script type=\"application\/ld+json\" class=\"aioseo-schema\">\n\t\t\t{\"@context\":\"https:\\\/\\\/schema.org\",\"@graph\":[{\"@type\":\"BlogPosting\",\"@id\":\"https:\\\/\\\/www.eldigitaldeasturias.com\\\/noticias\\\/grecia-empieza-a-trasladar-a-miles-de-inmigrantes\\\/#blogposting\",\"name\":\"Grecia empieza a trasladar a miles de inmigrantes - El Digital de Asturias\",\"headline\":\"Grecia empieza a trasladar a miles de inmigrantes\",\"author\":{\"@id\":\"https:\\\/\\\/www.eldigitaldeasturias.com\\\/noticias\\\/author\\\/admin\\\/#author\"},\"publisher\":{\"@id\":\"https:\\\/\\\/www.eldigitaldeasturias.com\\\/noticias\\\/#organization\"},\"image\":{\"@type\":\"ImageObject\",\"url\":\"https:\\\/\\\/www.eldigitaldeasturias.com\\\/noticias\\\/wp-content\\\/uploads\\\/2016\\\/02\\\/fotonoticia_20160223101628_800.jpg\",\"width\":800,\"height\":534},\"datePublished\":\"2016-02-23T10:39:44+01:00\",\"dateModified\":\"2016-02-23T10:39:44+01:00\",\"inLanguage\":\"es-ES\",\"mainEntityOfPage\":{\"@id\":\"https:\\\/\\\/www.eldigitaldeasturias.com\\\/noticias\\\/grecia-empieza-a-trasladar-a-miles-de-inmigrantes\\\/#webpage\"},\"isPartOf\":{\"@id\":\"https:\\\/\\\/www.eldigitaldeasturias.com\\\/noticias\\\/grecia-empieza-a-trasladar-a-miles-de-inmigrantes\\\/#webpage\"},\"articleSection\":\"Actualidad\"},{\"@type\":\"BreadcrumbList\",\"@id\":\"https:\\\/\\\/www.eldigitaldeasturias.com\\\/noticias\\\/grecia-empieza-a-trasladar-a-miles-de-inmigrantes\\\/#breadcrumblist\",\"itemListElement\":[{\"@type\":\"ListItem\",\"@id\":\"https:\\\/\\\/www.eldigitaldeasturias.com\\\/noticias#listItem\",\"position\":1,\"name\":\"Home\",\"item\":\"https:\\\/\\\/www.eldigitaldeasturias.com\\\/noticias\",\"nextItem\":{\"@type\":\"ListItem\",\"@id\":\"https:\\\/\\\/www.eldigitaldeasturias.com\\\/noticias\\\/category\\\/actualidad\\\/#listItem\",\"name\":\"Actualidad\"}},{\"@type\":\"ListItem\",\"@id\":\"https:\\\/\\\/www.eldigitaldeasturias.com\\\/noticias\\\/category\\\/actualidad\\\/#listItem\",\"position\":2,\"name\":\"Actualidad\",\"item\":\"https:\\\/\\\/www.eldigitaldeasturias.com\\\/noticias\\\/category\\\/actualidad\\\/\",\"nextItem\":{\"@type\":\"ListItem\",\"@id\":\"https:\\\/\\\/www.eldigitaldeasturias.com\\\/noticias\\\/grecia-empieza-a-trasladar-a-miles-de-inmigrantes\\\/#listItem\",\"name\":\"Grecia empieza a trasladar a miles de inmigrantes\"},\"previousItem\":{\"@type\":\"ListItem\",\"@id\":\"https:\\\/\\\/www.eldigitaldeasturias.com\\\/noticias#listItem\",\"name\":\"Home\"}},{\"@type\":\"ListItem\",\"@id\":\"https:\\\/\\\/www.eldigitaldeasturias.com\\\/noticias\\\/grecia-empieza-a-trasladar-a-miles-de-inmigrantes\\\/#listItem\",\"position\":3,\"name\":\"Grecia empieza a trasladar a miles de inmigrantes\",\"previousItem\":{\"@type\":\"ListItem\",\"@id\":\"https:\\\/\\\/www.eldigitaldeasturias.com\\\/noticias\\\/category\\\/actualidad\\\/#listItem\",\"name\":\"Actualidad\"}}]},{\"@type\":\"Organization\",\"@id\":\"https:\\\/\\\/www.eldigitaldeasturias.com\\\/noticias\\\/#organization\",\"name\":\"El Digital de Asturias\",\"description\":\"Hemeroteca\",\"url\":\"https:\\\/\\\/www.eldigitaldeasturias.com\\\/noticias\\\/\",\"email\":\"info@eldigitaldeasturias.com\",\"telephone\":\"+34652131393\",\"logo\":{\"@type\":\"ImageObject\",\"url\":\"https:\\\/\\\/www.eldigitaldeasturias.com\\\/noticias\\\/wp-content\\\/uploads\\\/2020\\\/12\\\/EDA.jpg\",\"@id\":\"https:\\\/\\\/www.eldigitaldeasturias.com\\\/noticias\\\/grecia-empieza-a-trasladar-a-miles-de-inmigrantes\\\/#organizationLogo\",\"width\":649,\"height\":297},\"image\":{\"@id\":\"https:\\\/\\\/www.eldigitaldeasturias.com\\\/noticias\\\/grecia-empieza-a-trasladar-a-miles-de-inmigrantes\\\/#organizationLogo\"},\"sameAs\":[\"https:\\\/\\\/facebook.com\\\/eldigitaldeasturias\",\"https:\\\/\\\/www.youtube.com\\\/channel\\\/UCZP-2wLEB9Rv6erhFmqVnvg\"],\"address\":{\"@id\":\"https:\\\/\\\/www.eldigitaldeasturias.com\\\/noticias\\\/#postaladdress\",\"@type\":\"PostalAddress\",\"streetAddress\":\"san antonio 4,\",\"postalCode\":\"33430\",\"addressLocality\":\"Cand\\u00e1s\",\"addressRegion\":\"Asturias\",\"addressCountry\":\"ES\"}},{\"@type\":\"Person\",\"@id\":\"https:\\\/\\\/www.eldigitaldeasturias.com\\\/noticias\\\/author\\\/admin\\\/#author\",\"url\":\"https:\\\/\\\/www.eldigitaldeasturias.com\\\/noticias\\\/author\\\/admin\\\/\",\"name\":\"El Digital de Asturias\",\"image\":{\"@type\":\"ImageObject\",\"@id\":\"https:\\\/\\\/www.eldigitaldeasturias.com\\\/noticias\\\/grecia-empieza-a-trasladar-a-miles-de-inmigrantes\\\/#authorImage\",\"url\":\"https:\\\/\\\/www.eldigitaldeasturias.com\\\/noticias\\\/wp-content\\\/litespeed\\\/avatar\\\/18677e78aa0546b92d9dbf31ec7d7668.jpg?ver=1777290358\",\"width\":96,\"height\":96,\"caption\":\"El Digital de Asturias\"}},{\"@type\":\"WebPage\",\"@id\":\"https:\\\/\\\/www.eldigitaldeasturias.com\\\/noticias\\\/grecia-empieza-a-trasladar-a-miles-de-inmigrantes\\\/#webpage\",\"url\":\"https:\\\/\\\/www.eldigitaldeasturias.com\\\/noticias\\\/grecia-empieza-a-trasladar-a-miles-de-inmigrantes\\\/\",\"name\":\"Grecia empieza a trasladar a miles de inmigrantes - El Digital de Asturias\",\"description\":\"La Polic\\u00eda de Grecia ha empezado a trasladar este martes a los miles de inmigrantes que quedaron atrapados en la frontera con Macedonia debido a las restricciones a su paso impuestas por el pa\\u00eds vecino. Los inmigrantes se hab\\u00edan quedado en las v\\u00edas de tren cercanas a la frontera tras lo lograr pasar a Macedonia.\",\"inLanguage\":\"es-ES\",\"isPartOf\":{\"@id\":\"https:\\\/\\\/www.eldigitaldeasturias.com\\\/noticias\\\/#website\"},\"breadcrumb\":{\"@id\":\"https:\\\/\\\/www.eldigitaldeasturias.com\\\/noticias\\\/grecia-empieza-a-trasladar-a-miles-de-inmigrantes\\\/#breadcrumblist\"},\"author\":{\"@id\":\"https:\\\/\\\/www.eldigitaldeasturias.com\\\/noticias\\\/author\\\/admin\\\/#author\"},\"creator\":{\"@id\":\"https:\\\/\\\/www.eldigitaldeasturias.com\\\/noticias\\\/author\\\/admin\\\/#author\"},\"image\":{\"@type\":\"ImageObject\",\"url\":\"https:\\\/\\\/www.eldigitaldeasturias.com\\\/noticias\\\/wp-content\\\/uploads\\\/2016\\\/02\\\/fotonoticia_20160223101628_800.jpg\",\"@id\":\"https:\\\/\\\/www.eldigitaldeasturias.com\\\/noticias\\\/grecia-empieza-a-trasladar-a-miles-de-inmigrantes\\\/#mainImage\",\"width\":800,\"height\":534},\"primaryImageOfPage\":{\"@id\":\"https:\\\/\\\/www.eldigitaldeasturias.com\\\/noticias\\\/grecia-empieza-a-trasladar-a-miles-de-inmigrantes\\\/#mainImage\"},\"datePublished\":\"2016-02-23T10:39:44+01:00\",\"dateModified\":\"2016-02-23T10:39:44+01:00\"},{\"@type\":\"WebSite\",\"@id\":\"https:\\\/\\\/www.eldigitaldeasturias.com\\\/noticias\\\/#website\",\"url\":\"https:\\\/\\\/www.eldigitaldeasturias.com\\\/noticias\\\/\",\"name\":\"El Digital de Asturias - Diario de actualidad y noticias\",\"alternateName\":\"El Digital de Asturias - Diario de actualidad y noticias\",\"description\":\"Hemeroteca\",\"inLanguage\":\"es-ES\",\"publisher\":{\"@id\":\"https:\\\/\\\/www.eldigitaldeasturias.com\\\/noticias\\\/#organization\"}}]}\n\t\t<\/script>\n\t\t<!-- All in One SEO Pro -->\r\n\t\t<title>Grecia empieza a trasladar a miles de inmigrantes - El Digital de Asturias<\/title>\n\n","aioseo_head_json":{"title":"Grecia empieza a trasladar a miles de inmigrantes - El Digital de Asturias","description":"La Polic\u00eda de Grecia ha empezado a trasladar este martes a los miles de inmigrantes que quedaron atrapados en la frontera con Macedonia debido a las restricciones a su paso impuestas por el pa\u00eds vecino. Los inmigrantes se hab\u00edan quedado en las v\u00edas de tren cercanas a la frontera tras lo lograr pasar a Macedonia.","canonical_url":"https:\/\/www.eldigitaldeasturias.com\/noticias\/grecia-empieza-a-trasladar-a-miles-de-inmigrantes\/","robots":"max-image-preview:large","keywords":"actualidad","webmasterTools":{"google-site-verification":"UA-38556648-1","msvalidate.01":"7dfe9f3f1b24437ab69f4f2559babe99","miscellaneous":""},"schema":{"@context":"https:\/\/schema.org","@graph":[{"@type":"BlogPosting","@id":"https:\/\/www.eldigitaldeasturias.com\/noticias\/grecia-empieza-a-trasladar-a-miles-de-inmigrantes\/#blogposting","name":"Grecia empieza a trasladar a miles de inmigrantes - El Digital de Asturias","headline":"Grecia empieza a trasladar a miles de inmigrantes","author":{"@id":"https:\/\/www.eldigitaldeasturias.com\/noticias\/author\/admin\/#author"},"publisher":{"@id":"https:\/\/www.eldigitaldeasturias.com\/noticias\/#organization"},"image":{"@type":"ImageObject","url":"https:\/\/www.eldigitaldeasturias.com\/noticias\/wp-content\/uploads\/2016\/02\/fotonoticia_20160223101628_800.jpg","width":800,"height":534},"datePublished":"2016-02-23T10:39:44+01:00","dateModified":"2016-02-23T10:39:44+01:00","inLanguage":"es-ES","mainEntityOfPage":{"@id":"https:\/\/www.eldigitaldeasturias.com\/noticias\/grecia-empieza-a-trasladar-a-miles-de-inmigrantes\/#webpage"},"isPartOf":{"@id":"https:\/\/www.eldigitaldeasturias.com\/noticias\/grecia-empieza-a-trasladar-a-miles-de-inmigrantes\/#webpage"},"articleSection":"Actualidad"},{"@type":"BreadcrumbList","@id":"https:\/\/www.eldigitaldeasturias.com\/noticias\/grecia-empieza-a-trasladar-a-miles-de-inmigrantes\/#breadcrumblist","itemListElement":[{"@type":"ListItem","@id":"https:\/\/www.eldigitaldeasturias.com\/noticias#listItem","position":1,"name":"Home","item":"https:\/\/www.eldigitaldeasturias.com\/noticias","nextItem":{"@type":"ListItem","@id":"https:\/\/www.eldigitaldeasturias.com\/noticias\/category\/actualidad\/#listItem","name":"Actualidad"}},{"@type":"ListItem","@id":"https:\/\/www.eldigitaldeasturias.com\/noticias\/category\/actualidad\/#listItem","position":2,"name":"Actualidad","item":"https:\/\/www.eldigitaldeasturias.com\/noticias\/category\/actualidad\/","nextItem":{"@type":"ListItem","@id":"https:\/\/www.eldigitaldeasturias.com\/noticias\/grecia-empieza-a-trasladar-a-miles-de-inmigrantes\/#listItem","name":"Grecia empieza a trasladar a miles de inmigrantes"},"previousItem":{"@type":"ListItem","@id":"https:\/\/www.eldigitaldeasturias.com\/noticias#listItem","name":"Home"}},{"@type":"ListItem","@id":"https:\/\/www.eldigitaldeasturias.com\/noticias\/grecia-empieza-a-trasladar-a-miles-de-inmigrantes\/#listItem","position":3,"name":"Grecia empieza a trasladar a miles de inmigrantes","previousItem":{"@type":"ListItem","@id":"https:\/\/www.eldigitaldeasturias.com\/noticias\/category\/actualidad\/#listItem","name":"Actualidad"}}]},{"@type":"Organization","@id":"https:\/\/www.eldigitaldeasturias.com\/noticias\/#organization","name":"El Digital de Asturias","description":"Hemeroteca","url":"https:\/\/www.eldigitaldeasturias.com\/noticias\/","email":"info@eldigitaldeasturias.com","telephone":"+34652131393","logo":{"@type":"ImageObject","url":"https:\/\/www.eldigitaldeasturias.com\/noticias\/wp-content\/uploads\/2020\/12\/EDA.jpg","@id":"https:\/\/www.eldigitaldeasturias.com\/noticias\/grecia-empieza-a-trasladar-a-miles-de-inmigrantes\/#organizationLogo","width":649,"height":297},"image":{"@id":"https:\/\/www.eldigitaldeasturias.com\/noticias\/grecia-empieza-a-trasladar-a-miles-de-inmigrantes\/#organizationLogo"},"sameAs":["https:\/\/facebook.com\/eldigitaldeasturias","https:\/\/www.youtube.com\/channel\/UCZP-2wLEB9Rv6erhFmqVnvg"],"address":{"@id":"https:\/\/www.eldigitaldeasturias.com\/noticias\/#postaladdress","@type":"PostalAddress","streetAddress":"san antonio 4,","postalCode":"33430","addressLocality":"Cand\u00e1s","addressRegion":"Asturias","addressCountry":"ES"}},{"@type":"Person","@id":"https:\/\/www.eldigitaldeasturias.com\/noticias\/author\/admin\/#author","url":"https:\/\/www.eldigitaldeasturias.com\/noticias\/author\/admin\/","name":"El Digital de Asturias","image":{"@type":"ImageObject","@id":"https:\/\/www.eldigitaldeasturias.com\/noticias\/grecia-empieza-a-trasladar-a-miles-de-inmigrantes\/#authorImage","url":"https:\/\/www.eldigitaldeasturias.com\/noticias\/wp-content\/litespeed\/avatar\/18677e78aa0546b92d9dbf31ec7d7668.jpg?ver=1777290358","width":96,"height":96,"caption":"El Digital de Asturias"}},{"@type":"WebPage","@id":"https:\/\/www.eldigitaldeasturias.com\/noticias\/grecia-empieza-a-trasladar-a-miles-de-inmigrantes\/#webpage","url":"https:\/\/www.eldigitaldeasturias.com\/noticias\/grecia-empieza-a-trasladar-a-miles-de-inmigrantes\/","name":"Grecia empieza a trasladar a miles de inmigrantes - El Digital de Asturias","description":"La Polic\u00eda de Grecia ha empezado a trasladar este martes a los miles de inmigrantes que quedaron atrapados en la frontera con Macedonia debido a las restricciones a su paso impuestas por el pa\u00eds vecino. Los inmigrantes se hab\u00edan quedado en las v\u00edas de tren cercanas a la frontera tras lo lograr pasar a Macedonia.","inLanguage":"es-ES","isPartOf":{"@id":"https:\/\/www.eldigitaldeasturias.com\/noticias\/#website"},"breadcrumb":{"@id":"https:\/\/www.eldigitaldeasturias.com\/noticias\/grecia-empieza-a-trasladar-a-miles-de-inmigrantes\/#breadcrumblist"},"author":{"@id":"https:\/\/www.eldigitaldeasturias.com\/noticias\/author\/admin\/#author"},"creator":{"@id":"https:\/\/www.eldigitaldeasturias.com\/noticias\/author\/admin\/#author"},"image":{"@type":"ImageObject","url":"https:\/\/www.eldigitaldeasturias.com\/noticias\/wp-content\/uploads\/2016\/02\/fotonoticia_20160223101628_800.jpg","@id":"https:\/\/www.eldigitaldeasturias.com\/noticias\/grecia-empieza-a-trasladar-a-miles-de-inmigrantes\/#mainImage","width":800,"height":534},"primaryImageOfPage":{"@id":"https:\/\/www.eldigitaldeasturias.com\/noticias\/grecia-empieza-a-trasladar-a-miles-de-inmigrantes\/#mainImage"},"datePublished":"2016-02-23T10:39:44+01:00","dateModified":"2016-02-23T10:39:44+01:00"},{"@type":"WebSite","@id":"https:\/\/www.eldigitaldeasturias.com\/noticias\/#website","url":"https:\/\/www.eldigitaldeasturias.com\/noticias\/","name":"El Digital de Asturias - Diario de actualidad y noticias","alternateName":"El Digital de Asturias - Diario de actualidad y noticias","description":"Hemeroteca","inLanguage":"es-ES","publisher":{"@id":"https:\/\/www.eldigitaldeasturias.com\/noticias\/#organization"}}]},"og:locale":"es_ES","og:site_name":"El Digital de Asturias","og:type":"article","og:title":"Grecia empieza a trasladar a miles de inmigrantes - El Digital de Asturias","og:description":"La Polic\u00eda de Grecia ha empezado a trasladar este martes a los miles de inmigrantes que quedaron atrapados en la frontera con Macedonia debido a las restricciones a su paso impuestas por el pa\u00eds vecino. Los inmigrantes se hab\u00edan quedado en las v\u00edas de tren cercanas a la frontera tras lo lograr pasar a Macedonia.","og:url":"https:\/\/www.eldigitaldeasturias.com\/noticias\/grecia-empieza-a-trasladar-a-miles-de-inmigrantes\/","og:image":"https:\/\/www.eldigitaldeasturias.com\/noticias\/wp-content\/uploads\/2016\/02\/fotonoticia_20160223101628_800.jpg","og:image:secure_url":"https:\/\/www.eldigitaldeasturias.com\/noticias\/wp-content\/uploads\/2016\/02\/fotonoticia_20160223101628_800.jpg","og:image:width":800,"og:image:height":534,"article:tag":["actualidad"],"article:published_time":"2016-02-23T10:39:44+00:00","article:modified_time":"2016-02-23T10:39:44+00:00","article:publisher":"https:\/\/facebook.com\/eldigitaldeasturias","twitter:card":"summary_large_image","twitter:title":"Grecia empieza a trasladar a miles de inmigrantes - El Digital de Asturias","twitter:description":"La Polic\u00eda de Grecia ha empezado a trasladar este martes a los miles de inmigrantes que quedaron atrapados en la frontera con Macedonia debido a las restricciones a su paso impuestas por el pa\u00eds vecino. Los inmigrantes se hab\u00edan quedado en las v\u00edas de tren cercanas a la frontera tras lo lograr pasar a Macedonia.","twitter:image":"https:\/\/www.eldigitaldeasturias.com\/noticias\/wp-content\/uploads\/2016\/02\/fotonoticia_20160223101628_800.jpg","twitter:label1":"Escrito por","twitter:data1":"El Digital de Asturias","twitter:label2":"Tiempo de lectura estimado","twitter:data2":"2 minutos"},"aioseo_meta_data":{"post_id":"861263","title":null,"description":null,"keywords":null,"keyphrases":null,"primary_term":null,"canonical_url":null,"og_title":null,"og_description":null,"og_object_type":"default","og_image_type":"default","og_image_url":null,"og_image_width":null,"og_image_height":null,"og_image_custom_url":null,"og_image_custom_fields":null,"og_video":null,"og_custom_url":null,"og_article_section":null,"og_article_tags":null,"twitter_use_og":false,"twitter_card":"default","twitter_image_type":"default","twitter_image_url":null,"twitter_image_custom_url":null,"twitter_image_custom_fields":null,"twitter_title":null,"twitter_description":null,"schema":{"blockGraphs":[],"customGraphs":[],"default":{"data":{"Article":[],"Course":[],"Dataset":[],"FAQPage":[],"Movie":[],"Person":[],"Product":[],"ProductReview":[],"Car":[],"Recipe":[],"Service":[],"SoftwareApplication":[],"WebPage":[]},"graphName":"","isEnabled":true},"graphs":[],"defaultGraph":"","defaultPostTypeGraph":""},"schema_type":null,"schema_type_options":null,"pillar_content":false,"robots_default":true,"robots_noindex":false,"robots_noarchive":false,"robots_nosnippet":false,"robots_nofollow":false,"robots_noimageindex":false,"robots_noodp":false,"robots_notranslate":false,"robots_max_snippet":null,"robots_max_videopreview":null,"robots_max_imagepreview":"large","priority":null,"frequency":null,"local_seo":null,"seo_analyzer_scan_date":"2025-12-10 20:42:18","breadcrumb_settings":null,"limit_modified_date":false,"open_ai":null,"ai":null,"created":"2021-01-23 15:00:19","updated":"2025-12-10 20:42:18"},"aioseo_breadcrumb":"<div class=\"aioseo-breadcrumbs\"><span class=\"aioseo-breadcrumb\">\n\t<a href=\"https:\/\/www.eldigitaldeasturias.com\/noticias\" title=\"Home\">Home<\/a>\n<\/span><span class=\"aioseo-breadcrumb-separator\">\u2013<\/span><span class=\"aioseo-breadcrumb\">\n\t<a href=\"https:\/\/www.eldigitaldeasturias.com\/noticias\/category\/actualidad\/\" title=\"Actualidad\">Actualidad<\/a>\n<\/span><span class=\"aioseo-breadcrumb-separator\">\u2013<\/span><span class=\"aioseo-breadcrumb\">\n\t<a href=\"https:\/\/www.eldigitaldeasturias.com\/noticias\/grecia-empieza-a-trasladar-a-miles-de-inmigrantes\/\" title=\"Grecia empieza a trasladar a miles de inmigrantes\">Grecia empieza a trasladar a miles de inmigrantes<\/a>\n<\/span><\/div>","aioseo_breadcrumb_json":[{"label":"Home","link":"https:\/\/www.eldigitaldeasturias.com\/noticias"},{"label":"Actualidad","link":"https:\/\/www.eldigitaldeasturias.com\/noticias\/category\/actualidad\/"},{"label":"Grecia empieza a trasladar a miles de inmigrantes","link":"https:\/\/www.eldigitaldeasturias.com\/noticias\/grecia-empieza-a-trasladar-a-miles-de-inmigrantes\/"}],"_links":{"self":[{"href":"https:\/\/www.eldigitaldeasturias.com\/noticias\/wp-json\/wp\/v2\/posts\/861263","targetHints":{"allow":["GET"]}}],"collection":[{"href":"https:\/\/www.eldigitaldeasturias.com\/noticias\/wp-json\/wp\/v2\/posts"}],"about":[{"href":"https:\/\/www.eldigitaldeasturias.com\/noticias\/wp-json\/wp\/v2\/types\/post"}],"author":[{"embeddable":true,"href":"https:\/\/www.eldigitaldeasturias.com\/noticias\/wp-json\/wp\/v2\/users\/1"}],"replies":[{"embeddable":true,"href":"https:\/\/www.eldigitaldeasturias.com\/noticias\/wp-json\/wp\/v2\/comments?post=861263"}],"version-history":[{"count":0,"href":"https:\/\/www.eldigitaldeasturias.com\/noticias\/wp-json\/wp\/v2\/posts\/861263\/revisions"}],"wp:featuredmedia":[{"embeddable":true,"href":"https:\/\/www.eldigitaldeasturias.com\/noticias\/wp-json\/wp\/v2\/media\/861264"}],"wp:attachment":[{"href":"https:\/\/www.eldigitaldeasturias.com\/noticias\/wp-json\/wp\/v2\/media?parent=861263"}],"wp:term":[{"taxonomy":"category","embeddable":true,"href":"https:\/\/www.eldigitaldeasturias.com\/noticias\/wp-json\/wp\/v2\/categories?post=861263"},{"taxonomy":"post_tag","embeddable":true,"href":"https:\/\/www.eldigitaldeasturias.com\/noticias\/wp-json\/wp\/v2\/tags?post=861263"}],"curies":[{"name":"wp","href":"https:\/\/api.w.org\/{rel}","templated":true}]}}