{"id":861260,"date":"2016-02-23T10:38:03","date_gmt":"2016-02-23T10:38:03","guid":{"rendered":"http:\/\/www.eldigitaldeasturias.com\/noticias\/?p=861260"},"modified":"2016-02-23T10:38:03","modified_gmt":"2016-02-23T10:38:03","slug":"las-madres-de-la-plaza-de-mayo-rechazan-la-visita-de-obama","status":"publish","type":"post","link":"https:\/\/www.eldigitaldeasturias.com\/noticias\/las-madres-de-la-plaza-de-mayo-rechazan-la-visita-de-obama\/","title":{"rendered":"Las Madres de la Plaza de Mayo rechazan la visita de Obama"},"content":{"rendered":"<p><img loading=\"lazy\" decoding=\"async\" class=\"alignleft size-medium wp-image-861261\" src=\"https:\/\/www.eldigitaldeasturias.com\/noticias\/wp-content\/uploads\/2016\/02\/fotonoticia_20160223101539_800-360x234.jpg\" alt=\"fotonoticia_20160223101539_800\" width=\"360\" height=\"234\" srcset=\"https:\/\/www.eldigitaldeasturias.com\/noticias\/wp-content\/uploads\/2016\/02\/fotonoticia_20160223101539_800-360x234.jpg 360w, https:\/\/www.eldigitaldeasturias.com\/noticias\/wp-content\/uploads\/2016\/02\/fotonoticia_20160223101539_800-768x499.jpg 768w, https:\/\/www.eldigitaldeasturias.com\/noticias\/wp-content\/uploads\/2016\/02\/fotonoticia_20160223101539_800-650x423.jpg 650w, https:\/\/www.eldigitaldeasturias.com\/noticias\/wp-content\/uploads\/2016\/02\/fotonoticia_20160223101539_800-84x55.jpg 84w, https:\/\/www.eldigitaldeasturias.com\/noticias\/wp-content\/uploads\/2016\/02\/fotonoticia_20160223101539_800-49x32.jpg 49w, https:\/\/www.eldigitaldeasturias.com\/noticias\/wp-content\/uploads\/2016\/02\/fotonoticia_20160223101539_800-460x300.jpg 460w, https:\/\/www.eldigitaldeasturias.com\/noticias\/wp-content\/uploads\/2016\/02\/fotonoticia_20160223101539_800.jpg 800w\" sizes=\"auto, (max-width: 360px) 100vw, 360px\" \/>La presidenta de las Madres de la Plaza de Mayo, Hebe de Bonafini, ha rechazado la visita del presidente de Estados Unidos, Barack Obama, a Argentina coincidiendo con el aniversario del golpe militar de 1976 y le acusa de tener \u00ablas manos manchadas de sangre\u00bb.<\/p>\n<p>A trav\u00e9s de un comunicado, la l\u00edder de la organizaci\u00f3n ha advertido de que se trata de una \u00abinvasi\u00f3n\u00bb y ha reclamado que \u00abno aparezca\u00bb en las instalaciones de la antigua Escuela de Mec\u00e1nica de la Armada (ESMA), el mayor centro de detenci\u00f3n de la dictadura militar.<\/p>\n<p>\u00abEse hombre tiene las manos manchadas de sangre y ac\u00e1 no le queremos. Nuestra organizaci\u00f3n repudia con todas sus fuerzas la llegada de Obama al pa\u00eds. Es una verg\u00fcenza mundial recibir a un tipo de esa cala\u00f1a que viene a sonre\u00edr con (el presidente argentino, Mauricio) Macri, que es peor que \u00e9l\u00bb, ha indicado De Bonafini.<\/p>\n<p>En este sentido, la presidenta de la asociaci\u00f3n de Madres de la Plaza de Mayo ha insistido en que espera que el 24 de marzo \u00abno se aparezcan por la ex ESMA\u00bb, ya que \u00abestar\u00edan burl\u00e1ndose de la lucha de los 30.000 revolucionarios\u00bb, tal y como ha publicado el diario argentino &#8216;La Naci\u00f3n&#8217;.<\/p>\n<p>\u00abEn todos los pa\u00edses en donde hubo dictaduras, estuvieron dirigidas por Estados Unidos. Obama representa eso, a ese pa\u00eds que tir\u00f3 las dos \u00fanicas bombas at\u00f3micas que tiraron en el mundo\u00bb, ha agregado De Bonafini, quien ha acusado al actual presidente argentino de ser \u00abun dictador que lleg\u00f3 por los votos\u00bb.<\/p>\n<p>MACRI HABLA DE \u00abUNA NUEVA \u00c9POCA\u00bb<\/p>\n<p>Por su parte, Macri dijo el s\u00e1bado que la confirmaci\u00f3n de la visita de su hom\u00f3logo estadounidense al pa\u00eds iniciar\u00e1 \u00abuna nueva \u00e9poca\u00bb, agregando que la misma ser\u00e1 adem\u00e1s \u00abun paso important\u00edsimo\u00bb.<\/p>\n<p>Macri public\u00f3 un texto en su cuenta en la red social Facebook bajo el t\u00edtulo &#8216;Estamos en una nueva \u00e9poca&#8217;. \u00abAyer tuvimos la confirmaci\u00f3n de que el presidente de Estados Unidos, Barack Obama, har\u00e1 el 24 de marzo una visita oficial a nuestro pa\u00eds\u00bb, dijo.<\/p>\n<p>\u00abEs una gran noticia para Argentina. Nosotros dijimos que quer\u00edamos relacionarnos con el mundo, dialogar con todos los pa\u00edses, encontrar los puntos en com\u00fan para favorecer el mutuo desarrollo, trabajar para la paz, la libertad, la prosperidad y el futuro de nuestro planeta\u00bb, agreg\u00f3.<\/p>\n","protected":false},"excerpt":{"rendered":"<p>La presidenta de las Madres de la Plaza de Mayo, Hebe de Bonafini, ha rechazado la visita del presidente de Estados Unidos, Barack Obama, a Argentina coincidiendo con el aniversario del golpe militar de 1976 y le acusa de tener \u00ablas manos manchadas de sangre\u00bb. A trav\u00e9s de un comunicado, la l\u00edder de la organizaci\u00f3n [&hellip;]<\/p>\n","protected":false},"author":1,"featured_media":861261,"comment_status":"closed","ping_status":"closed","sticky":false,"template":"","format":"standard","meta":{"footnotes":""},"categories":[1],"tags":[],"class_list":["post-861260","post","type-post","status-publish","format-standard","has-post-thumbnail","hentry","category-actualidad"],"aioseo_notices":[],"aioseo_head":"\n\t\t<!-- All in One SEO Pro 4.9.6.2 - aioseo.com -->\n\t<meta name=\"description\" content=\"La presidenta de las Madres de la Plaza de Mayo, Hebe de Bonafini, ha rechazado la visita del presidente de Estados Unidos, Barack Obama, a Argentina coincidiendo con el aniversario del golpe militar de 1976 y le acusa de tener &quot;las manos manchadas de sangre&quot;. A trav\u00e9s de un comunicado, la l\u00edder de la organizaci\u00f3n\" \/>\n\t<meta name=\"robots\" content=\"max-image-preview:large\" \/>\n\t<meta name=\"author\" content=\"El Digital de Asturias\"\/>\n\t<meta name=\"google-site-verification\" content=\"UA-38556648-1\" \/>\n\t<meta name=\"msvalidate.01\" content=\"7dfe9f3f1b24437ab69f4f2559babe99\" \/>\n\t<meta name=\"keywords\" content=\"actualidad\" \/>\n\t<link rel=\"canonical\" href=\"https:\/\/www.eldigitaldeasturias.com\/noticias\/las-madres-de-la-plaza-de-mayo-rechazan-la-visita-de-obama\/\" \/>\n\t<meta name=\"generator\" content=\"All in One SEO Pro (AIOSEO) 4.9.6.2\" \/>\n\t\t<meta property=\"og:locale\" content=\"es_ES\" \/>\n\t\t<meta property=\"og:site_name\" content=\"El Digital de Asturias\" \/>\n\t\t<meta property=\"og:type\" content=\"article\" \/>\n\t\t<meta property=\"og:title\" content=\"Las Madres de la Plaza de Mayo rechazan la visita de Obama - El Digital de Asturias\" \/>\n\t\t<meta property=\"og:description\" content=\"La presidenta de las Madres de la Plaza de Mayo, Hebe de Bonafini, ha rechazado la visita del presidente de Estados Unidos, Barack Obama, a Argentina coincidiendo con el aniversario del golpe militar de 1976 y le acusa de tener &quot;las manos manchadas de sangre&quot;. A trav\u00e9s de un comunicado, la l\u00edder de la organizaci\u00f3n\" \/>\n\t\t<meta property=\"og:url\" content=\"https:\/\/www.eldigitaldeasturias.com\/noticias\/las-madres-de-la-plaza-de-mayo-rechazan-la-visita-de-obama\/\" \/>\n\t\t<meta property=\"og:image\" content=\"https:\/\/www.eldigitaldeasturias.com\/noticias\/wp-content\/uploads\/2016\/02\/fotonoticia_20160223101539_800.jpg\" \/>\n\t\t<meta property=\"og:image:secure_url\" content=\"https:\/\/www.eldigitaldeasturias.com\/noticias\/wp-content\/uploads\/2016\/02\/fotonoticia_20160223101539_800.jpg\" \/>\n\t\t<meta property=\"og:image:width\" content=\"800\" \/>\n\t\t<meta property=\"og:image:height\" content=\"520\" \/>\n\t\t<meta property=\"article:tag\" content=\"actualidad\" \/>\n\t\t<meta property=\"article:published_time\" content=\"2016-02-23T10:38:03+00:00\" \/>\n\t\t<meta property=\"article:modified_time\" content=\"2016-02-23T10:38:03+00:00\" \/>\n\t\t<meta property=\"article:publisher\" content=\"https:\/\/facebook.com\/eldigitaldeasturias\" \/>\n\t\t<meta name=\"twitter:card\" content=\"summary_large_image\" \/>\n\t\t<meta name=\"twitter:title\" content=\"Las Madres de la Plaza de Mayo rechazan la visita de Obama - El Digital de Asturias\" \/>\n\t\t<meta name=\"twitter:description\" content=\"La presidenta de las Madres de la Plaza de Mayo, Hebe de Bonafini, ha rechazado la visita del presidente de Estados Unidos, Barack Obama, a Argentina coincidiendo con el aniversario del golpe militar de 1976 y le acusa de tener &quot;las manos manchadas de sangre&quot;. A trav\u00e9s de un comunicado, la l\u00edder de la organizaci\u00f3n\" \/>\n\t\t<meta name=\"twitter:image\" content=\"https:\/\/www.eldigitaldeasturias.com\/noticias\/wp-content\/uploads\/2016\/02\/fotonoticia_20160223101539_800.jpg\" \/>\n\t\t<meta name=\"twitter:label1\" content=\"Escrito por\" \/>\n\t\t<meta name=\"twitter:data1\" content=\"El Digital de Asturias\" \/>\n\t\t<meta name=\"twitter:label2\" content=\"Tiempo de lectura estimado\" \/>\n\t\t<meta name=\"twitter:data2\" content=\"2 minutos\" \/>\n\t\t<script type=\"application\/ld+json\" class=\"aioseo-schema\">\n\t\t\t{\"@context\":\"https:\\\/\\\/schema.org\",\"@graph\":[{\"@type\":\"BlogPosting\",\"@id\":\"https:\\\/\\\/www.eldigitaldeasturias.com\\\/noticias\\\/las-madres-de-la-plaza-de-mayo-rechazan-la-visita-de-obama\\\/#blogposting\",\"name\":\"Las Madres de la Plaza de Mayo rechazan la visita de Obama - El Digital de Asturias\",\"headline\":\"Las Madres de la Plaza de Mayo rechazan la visita de Obama\",\"author\":{\"@id\":\"https:\\\/\\\/www.eldigitaldeasturias.com\\\/noticias\\\/author\\\/admin\\\/#author\"},\"publisher\":{\"@id\":\"https:\\\/\\\/www.eldigitaldeasturias.com\\\/noticias\\\/#organization\"},\"image\":{\"@type\":\"ImageObject\",\"url\":\"https:\\\/\\\/www.eldigitaldeasturias.com\\\/noticias\\\/wp-content\\\/uploads\\\/2016\\\/02\\\/fotonoticia_20160223101539_800.jpg\",\"width\":800,\"height\":520},\"datePublished\":\"2016-02-23T10:38:03+01:00\",\"dateModified\":\"2016-02-23T10:38:03+01:00\",\"inLanguage\":\"es-ES\",\"mainEntityOfPage\":{\"@id\":\"https:\\\/\\\/www.eldigitaldeasturias.com\\\/noticias\\\/las-madres-de-la-plaza-de-mayo-rechazan-la-visita-de-obama\\\/#webpage\"},\"isPartOf\":{\"@id\":\"https:\\\/\\\/www.eldigitaldeasturias.com\\\/noticias\\\/las-madres-de-la-plaza-de-mayo-rechazan-la-visita-de-obama\\\/#webpage\"},\"articleSection\":\"Actualidad\"},{\"@type\":\"BreadcrumbList\",\"@id\":\"https:\\\/\\\/www.eldigitaldeasturias.com\\\/noticias\\\/las-madres-de-la-plaza-de-mayo-rechazan-la-visita-de-obama\\\/#breadcrumblist\",\"itemListElement\":[{\"@type\":\"ListItem\",\"@id\":\"https:\\\/\\\/www.eldigitaldeasturias.com\\\/noticias#listItem\",\"position\":1,\"name\":\"Home\",\"item\":\"https:\\\/\\\/www.eldigitaldeasturias.com\\\/noticias\",\"nextItem\":{\"@type\":\"ListItem\",\"@id\":\"https:\\\/\\\/www.eldigitaldeasturias.com\\\/noticias\\\/category\\\/actualidad\\\/#listItem\",\"name\":\"Actualidad\"}},{\"@type\":\"ListItem\",\"@id\":\"https:\\\/\\\/www.eldigitaldeasturias.com\\\/noticias\\\/category\\\/actualidad\\\/#listItem\",\"position\":2,\"name\":\"Actualidad\",\"item\":\"https:\\\/\\\/www.eldigitaldeasturias.com\\\/noticias\\\/category\\\/actualidad\\\/\",\"nextItem\":{\"@type\":\"ListItem\",\"@id\":\"https:\\\/\\\/www.eldigitaldeasturias.com\\\/noticias\\\/las-madres-de-la-plaza-de-mayo-rechazan-la-visita-de-obama\\\/#listItem\",\"name\":\"Las Madres de la Plaza de Mayo rechazan la visita de Obama\"},\"previousItem\":{\"@type\":\"ListItem\",\"@id\":\"https:\\\/\\\/www.eldigitaldeasturias.com\\\/noticias#listItem\",\"name\":\"Home\"}},{\"@type\":\"ListItem\",\"@id\":\"https:\\\/\\\/www.eldigitaldeasturias.com\\\/noticias\\\/las-madres-de-la-plaza-de-mayo-rechazan-la-visita-de-obama\\\/#listItem\",\"position\":3,\"name\":\"Las Madres de la Plaza de Mayo rechazan la visita de Obama\",\"previousItem\":{\"@type\":\"ListItem\",\"@id\":\"https:\\\/\\\/www.eldigitaldeasturias.com\\\/noticias\\\/category\\\/actualidad\\\/#listItem\",\"name\":\"Actualidad\"}}]},{\"@type\":\"Organization\",\"@id\":\"https:\\\/\\\/www.eldigitaldeasturias.com\\\/noticias\\\/#organization\",\"name\":\"El Digital de Asturias\",\"description\":\"Hemeroteca\",\"url\":\"https:\\\/\\\/www.eldigitaldeasturias.com\\\/noticias\\\/\",\"email\":\"info@eldigitaldeasturias.com\",\"telephone\":\"+34652131393\",\"logo\":{\"@type\":\"ImageObject\",\"url\":\"https:\\\/\\\/www.eldigitaldeasturias.com\\\/noticias\\\/wp-content\\\/uploads\\\/2020\\\/12\\\/EDA.jpg\",\"@id\":\"https:\\\/\\\/www.eldigitaldeasturias.com\\\/noticias\\\/las-madres-de-la-plaza-de-mayo-rechazan-la-visita-de-obama\\\/#organizationLogo\",\"width\":649,\"height\":297},\"image\":{\"@id\":\"https:\\\/\\\/www.eldigitaldeasturias.com\\\/noticias\\\/las-madres-de-la-plaza-de-mayo-rechazan-la-visita-de-obama\\\/#organizationLogo\"},\"sameAs\":[\"https:\\\/\\\/facebook.com\\\/eldigitaldeasturias\",\"https:\\\/\\\/www.youtube.com\\\/channel\\\/UCZP-2wLEB9Rv6erhFmqVnvg\"],\"address\":{\"@id\":\"https:\\\/\\\/www.eldigitaldeasturias.com\\\/noticias\\\/#postaladdress\",\"@type\":\"PostalAddress\",\"streetAddress\":\"san antonio 4,\",\"postalCode\":\"33430\",\"addressLocality\":\"Cand\\u00e1s\",\"addressRegion\":\"Asturias\",\"addressCountry\":\"ES\"}},{\"@type\":\"Person\",\"@id\":\"https:\\\/\\\/www.eldigitaldeasturias.com\\\/noticias\\\/author\\\/admin\\\/#author\",\"url\":\"https:\\\/\\\/www.eldigitaldeasturias.com\\\/noticias\\\/author\\\/admin\\\/\",\"name\":\"El Digital de Asturias\",\"image\":{\"@type\":\"ImageObject\",\"@id\":\"https:\\\/\\\/www.eldigitaldeasturias.com\\\/noticias\\\/las-madres-de-la-plaza-de-mayo-rechazan-la-visita-de-obama\\\/#authorImage\",\"url\":\"https:\\\/\\\/www.eldigitaldeasturias.com\\\/noticias\\\/wp-content\\\/litespeed\\\/avatar\\\/18677e78aa0546b92d9dbf31ec7d7668.jpg?ver=1777290358\",\"width\":96,\"height\":96,\"caption\":\"El Digital de Asturias\"}},{\"@type\":\"WebPage\",\"@id\":\"https:\\\/\\\/www.eldigitaldeasturias.com\\\/noticias\\\/las-madres-de-la-plaza-de-mayo-rechazan-la-visita-de-obama\\\/#webpage\",\"url\":\"https:\\\/\\\/www.eldigitaldeasturias.com\\\/noticias\\\/las-madres-de-la-plaza-de-mayo-rechazan-la-visita-de-obama\\\/\",\"name\":\"Las Madres de la Plaza de Mayo rechazan la visita de Obama - El Digital de Asturias\",\"description\":\"La presidenta de las Madres de la Plaza de Mayo, Hebe de Bonafini, ha rechazado la visita del presidente de Estados Unidos, Barack Obama, a Argentina coincidiendo con el aniversario del golpe militar de 1976 y le acusa de tener \\\"las manos manchadas de sangre\\\". A trav\\u00e9s de un comunicado, la l\\u00edder de la organizaci\\u00f3n\",\"inLanguage\":\"es-ES\",\"isPartOf\":{\"@id\":\"https:\\\/\\\/www.eldigitaldeasturias.com\\\/noticias\\\/#website\"},\"breadcrumb\":{\"@id\":\"https:\\\/\\\/www.eldigitaldeasturias.com\\\/noticias\\\/las-madres-de-la-plaza-de-mayo-rechazan-la-visita-de-obama\\\/#breadcrumblist\"},\"author\":{\"@id\":\"https:\\\/\\\/www.eldigitaldeasturias.com\\\/noticias\\\/author\\\/admin\\\/#author\"},\"creator\":{\"@id\":\"https:\\\/\\\/www.eldigitaldeasturias.com\\\/noticias\\\/author\\\/admin\\\/#author\"},\"image\":{\"@type\":\"ImageObject\",\"url\":\"https:\\\/\\\/www.eldigitaldeasturias.com\\\/noticias\\\/wp-content\\\/uploads\\\/2016\\\/02\\\/fotonoticia_20160223101539_800.jpg\",\"@id\":\"https:\\\/\\\/www.eldigitaldeasturias.com\\\/noticias\\\/las-madres-de-la-plaza-de-mayo-rechazan-la-visita-de-obama\\\/#mainImage\",\"width\":800,\"height\":520},\"primaryImageOfPage\":{\"@id\":\"https:\\\/\\\/www.eldigitaldeasturias.com\\\/noticias\\\/las-madres-de-la-plaza-de-mayo-rechazan-la-visita-de-obama\\\/#mainImage\"},\"datePublished\":\"2016-02-23T10:38:03+01:00\",\"dateModified\":\"2016-02-23T10:38:03+01:00\"},{\"@type\":\"WebSite\",\"@id\":\"https:\\\/\\\/www.eldigitaldeasturias.com\\\/noticias\\\/#website\",\"url\":\"https:\\\/\\\/www.eldigitaldeasturias.com\\\/noticias\\\/\",\"name\":\"El Digital de Asturias - Diario de actualidad y noticias\",\"alternateName\":\"El Digital de Asturias - Diario de actualidad y noticias\",\"description\":\"Hemeroteca\",\"inLanguage\":\"es-ES\",\"publisher\":{\"@id\":\"https:\\\/\\\/www.eldigitaldeasturias.com\\\/noticias\\\/#organization\"}}]}\n\t\t<\/script>\n\t\t<!-- All in One SEO Pro -->\r\n\t\t<title>Las Madres de la Plaza de Mayo rechazan la visita de Obama - El Digital de Asturias<\/title>\n\n","aioseo_head_json":{"title":"Las Madres de la Plaza de Mayo rechazan la visita de Obama - El Digital de Asturias","description":"La presidenta de las Madres de la Plaza de Mayo, Hebe de Bonafini, ha rechazado la visita del presidente de Estados Unidos, Barack Obama, a Argentina coincidiendo con el aniversario del golpe militar de 1976 y le acusa de tener \"las manos manchadas de sangre\". A trav\u00e9s de un comunicado, la l\u00edder de la organizaci\u00f3n","canonical_url":"https:\/\/www.eldigitaldeasturias.com\/noticias\/las-madres-de-la-plaza-de-mayo-rechazan-la-visita-de-obama\/","robots":"max-image-preview:large","keywords":"actualidad","webmasterTools":{"google-site-verification":"UA-38556648-1","msvalidate.01":"7dfe9f3f1b24437ab69f4f2559babe99","miscellaneous":""},"schema":{"@context":"https:\/\/schema.org","@graph":[{"@type":"BlogPosting","@id":"https:\/\/www.eldigitaldeasturias.com\/noticias\/las-madres-de-la-plaza-de-mayo-rechazan-la-visita-de-obama\/#blogposting","name":"Las Madres de la Plaza de Mayo rechazan la visita de Obama - El Digital de Asturias","headline":"Las Madres de la Plaza de Mayo rechazan la visita de Obama","author":{"@id":"https:\/\/www.eldigitaldeasturias.com\/noticias\/author\/admin\/#author"},"publisher":{"@id":"https:\/\/www.eldigitaldeasturias.com\/noticias\/#organization"},"image":{"@type":"ImageObject","url":"https:\/\/www.eldigitaldeasturias.com\/noticias\/wp-content\/uploads\/2016\/02\/fotonoticia_20160223101539_800.jpg","width":800,"height":520},"datePublished":"2016-02-23T10:38:03+01:00","dateModified":"2016-02-23T10:38:03+01:00","inLanguage":"es-ES","mainEntityOfPage":{"@id":"https:\/\/www.eldigitaldeasturias.com\/noticias\/las-madres-de-la-plaza-de-mayo-rechazan-la-visita-de-obama\/#webpage"},"isPartOf":{"@id":"https:\/\/www.eldigitaldeasturias.com\/noticias\/las-madres-de-la-plaza-de-mayo-rechazan-la-visita-de-obama\/#webpage"},"articleSection":"Actualidad"},{"@type":"BreadcrumbList","@id":"https:\/\/www.eldigitaldeasturias.com\/noticias\/las-madres-de-la-plaza-de-mayo-rechazan-la-visita-de-obama\/#breadcrumblist","itemListElement":[{"@type":"ListItem","@id":"https:\/\/www.eldigitaldeasturias.com\/noticias#listItem","position":1,"name":"Home","item":"https:\/\/www.eldigitaldeasturias.com\/noticias","nextItem":{"@type":"ListItem","@id":"https:\/\/www.eldigitaldeasturias.com\/noticias\/category\/actualidad\/#listItem","name":"Actualidad"}},{"@type":"ListItem","@id":"https:\/\/www.eldigitaldeasturias.com\/noticias\/category\/actualidad\/#listItem","position":2,"name":"Actualidad","item":"https:\/\/www.eldigitaldeasturias.com\/noticias\/category\/actualidad\/","nextItem":{"@type":"ListItem","@id":"https:\/\/www.eldigitaldeasturias.com\/noticias\/las-madres-de-la-plaza-de-mayo-rechazan-la-visita-de-obama\/#listItem","name":"Las Madres de la Plaza de Mayo rechazan la visita de Obama"},"previousItem":{"@type":"ListItem","@id":"https:\/\/www.eldigitaldeasturias.com\/noticias#listItem","name":"Home"}},{"@type":"ListItem","@id":"https:\/\/www.eldigitaldeasturias.com\/noticias\/las-madres-de-la-plaza-de-mayo-rechazan-la-visita-de-obama\/#listItem","position":3,"name":"Las Madres de la Plaza de Mayo rechazan la visita de Obama","previousItem":{"@type":"ListItem","@id":"https:\/\/www.eldigitaldeasturias.com\/noticias\/category\/actualidad\/#listItem","name":"Actualidad"}}]},{"@type":"Organization","@id":"https:\/\/www.eldigitaldeasturias.com\/noticias\/#organization","name":"El Digital de Asturias","description":"Hemeroteca","url":"https:\/\/www.eldigitaldeasturias.com\/noticias\/","email":"info@eldigitaldeasturias.com","telephone":"+34652131393","logo":{"@type":"ImageObject","url":"https:\/\/www.eldigitaldeasturias.com\/noticias\/wp-content\/uploads\/2020\/12\/EDA.jpg","@id":"https:\/\/www.eldigitaldeasturias.com\/noticias\/las-madres-de-la-plaza-de-mayo-rechazan-la-visita-de-obama\/#organizationLogo","width":649,"height":297},"image":{"@id":"https:\/\/www.eldigitaldeasturias.com\/noticias\/las-madres-de-la-plaza-de-mayo-rechazan-la-visita-de-obama\/#organizationLogo"},"sameAs":["https:\/\/facebook.com\/eldigitaldeasturias","https:\/\/www.youtube.com\/channel\/UCZP-2wLEB9Rv6erhFmqVnvg"],"address":{"@id":"https:\/\/www.eldigitaldeasturias.com\/noticias\/#postaladdress","@type":"PostalAddress","streetAddress":"san antonio 4,","postalCode":"33430","addressLocality":"Cand\u00e1s","addressRegion":"Asturias","addressCountry":"ES"}},{"@type":"Person","@id":"https:\/\/www.eldigitaldeasturias.com\/noticias\/author\/admin\/#author","url":"https:\/\/www.eldigitaldeasturias.com\/noticias\/author\/admin\/","name":"El Digital de Asturias","image":{"@type":"ImageObject","@id":"https:\/\/www.eldigitaldeasturias.com\/noticias\/las-madres-de-la-plaza-de-mayo-rechazan-la-visita-de-obama\/#authorImage","url":"https:\/\/www.eldigitaldeasturias.com\/noticias\/wp-content\/litespeed\/avatar\/18677e78aa0546b92d9dbf31ec7d7668.jpg?ver=1777290358","width":96,"height":96,"caption":"El Digital de Asturias"}},{"@type":"WebPage","@id":"https:\/\/www.eldigitaldeasturias.com\/noticias\/las-madres-de-la-plaza-de-mayo-rechazan-la-visita-de-obama\/#webpage","url":"https:\/\/www.eldigitaldeasturias.com\/noticias\/las-madres-de-la-plaza-de-mayo-rechazan-la-visita-de-obama\/","name":"Las Madres de la Plaza de Mayo rechazan la visita de Obama - El Digital de Asturias","description":"La presidenta de las Madres de la Plaza de Mayo, Hebe de Bonafini, ha rechazado la visita del presidente de Estados Unidos, Barack Obama, a Argentina coincidiendo con el aniversario del golpe militar de 1976 y le acusa de tener \"las manos manchadas de sangre\". A trav\u00e9s de un comunicado, la l\u00edder de la organizaci\u00f3n","inLanguage":"es-ES","isPartOf":{"@id":"https:\/\/www.eldigitaldeasturias.com\/noticias\/#website"},"breadcrumb":{"@id":"https:\/\/www.eldigitaldeasturias.com\/noticias\/las-madres-de-la-plaza-de-mayo-rechazan-la-visita-de-obama\/#breadcrumblist"},"author":{"@id":"https:\/\/www.eldigitaldeasturias.com\/noticias\/author\/admin\/#author"},"creator":{"@id":"https:\/\/www.eldigitaldeasturias.com\/noticias\/author\/admin\/#author"},"image":{"@type":"ImageObject","url":"https:\/\/www.eldigitaldeasturias.com\/noticias\/wp-content\/uploads\/2016\/02\/fotonoticia_20160223101539_800.jpg","@id":"https:\/\/www.eldigitaldeasturias.com\/noticias\/las-madres-de-la-plaza-de-mayo-rechazan-la-visita-de-obama\/#mainImage","width":800,"height":520},"primaryImageOfPage":{"@id":"https:\/\/www.eldigitaldeasturias.com\/noticias\/las-madres-de-la-plaza-de-mayo-rechazan-la-visita-de-obama\/#mainImage"},"datePublished":"2016-02-23T10:38:03+01:00","dateModified":"2016-02-23T10:38:03+01:00"},{"@type":"WebSite","@id":"https:\/\/www.eldigitaldeasturias.com\/noticias\/#website","url":"https:\/\/www.eldigitaldeasturias.com\/noticias\/","name":"El Digital de Asturias - Diario de actualidad y noticias","alternateName":"El Digital de Asturias - Diario de actualidad y noticias","description":"Hemeroteca","inLanguage":"es-ES","publisher":{"@id":"https:\/\/www.eldigitaldeasturias.com\/noticias\/#organization"}}]},"og:locale":"es_ES","og:site_name":"El Digital de Asturias","og:type":"article","og:title":"Las Madres de la Plaza de Mayo rechazan la visita de Obama - El Digital de Asturias","og:description":"La presidenta de las Madres de la Plaza de Mayo, Hebe de Bonafini, ha rechazado la visita del presidente de Estados Unidos, Barack Obama, a Argentina coincidiendo con el aniversario del golpe militar de 1976 y le acusa de tener &quot;las manos manchadas de sangre&quot;. A trav\u00e9s de un comunicado, la l\u00edder de la organizaci\u00f3n","og:url":"https:\/\/www.eldigitaldeasturias.com\/noticias\/las-madres-de-la-plaza-de-mayo-rechazan-la-visita-de-obama\/","og:image":"https:\/\/www.eldigitaldeasturias.com\/noticias\/wp-content\/uploads\/2016\/02\/fotonoticia_20160223101539_800.jpg","og:image:secure_url":"https:\/\/www.eldigitaldeasturias.com\/noticias\/wp-content\/uploads\/2016\/02\/fotonoticia_20160223101539_800.jpg","og:image:width":800,"og:image:height":520,"article:tag":["actualidad"],"article:published_time":"2016-02-23T10:38:03+00:00","article:modified_time":"2016-02-23T10:38:03+00:00","article:publisher":"https:\/\/facebook.com\/eldigitaldeasturias","twitter:card":"summary_large_image","twitter:title":"Las Madres de la Plaza de Mayo rechazan la visita de Obama - El Digital de Asturias","twitter:description":"La presidenta de las Madres de la Plaza de Mayo, Hebe de Bonafini, ha rechazado la visita del presidente de Estados Unidos, Barack Obama, a Argentina coincidiendo con el aniversario del golpe militar de 1976 y le acusa de tener &quot;las manos manchadas de sangre&quot;. A trav\u00e9s de un comunicado, la l\u00edder de la organizaci\u00f3n","twitter:image":"https:\/\/www.eldigitaldeasturias.com\/noticias\/wp-content\/uploads\/2016\/02\/fotonoticia_20160223101539_800.jpg","twitter:label1":"Escrito por","twitter:data1":"El Digital de Asturias","twitter:label2":"Tiempo de lectura estimado","twitter:data2":"2 minutos"},"aioseo_meta_data":{"post_id":"861260","title":null,"description":null,"keywords":null,"keyphrases":null,"primary_term":null,"canonical_url":null,"og_title":null,"og_description":null,"og_object_type":"default","og_image_type":"default","og_image_url":null,"og_image_width":null,"og_image_height":null,"og_image_custom_url":null,"og_image_custom_fields":null,"og_video":null,"og_custom_url":null,"og_article_section":null,"og_article_tags":null,"twitter_use_og":false,"twitter_card":"default","twitter_image_type":"default","twitter_image_url":null,"twitter_image_custom_url":null,"twitter_image_custom_fields":null,"twitter_title":null,"twitter_description":null,"schema":{"blockGraphs":[],"customGraphs":[],"default":{"data":{"Article":[],"Course":[],"Dataset":[],"FAQPage":[],"Movie":[],"Person":[],"Product":[],"ProductReview":[],"Car":[],"Recipe":[],"Service":[],"SoftwareApplication":[],"WebPage":[]},"graphName":"","isEnabled":true},"graphs":[],"defaultGraph":"","defaultPostTypeGraph":""},"schema_type":null,"schema_type_options":null,"pillar_content":false,"robots_default":true,"robots_noindex":false,"robots_noarchive":false,"robots_nosnippet":false,"robots_nofollow":false,"robots_noimageindex":false,"robots_noodp":false,"robots_notranslate":false,"robots_max_snippet":null,"robots_max_videopreview":null,"robots_max_imagepreview":"large","priority":null,"frequency":null,"local_seo":null,"seo_analyzer_scan_date":"2025-12-10 20:40:19","breadcrumb_settings":null,"limit_modified_date":false,"open_ai":null,"ai":null,"created":"2021-01-22 09:34:11","updated":"2025-12-10 20:40:19"},"aioseo_breadcrumb":"<div class=\"aioseo-breadcrumbs\"><span class=\"aioseo-breadcrumb\">\n\t<a href=\"https:\/\/www.eldigitaldeasturias.com\/noticias\" title=\"Home\">Home<\/a>\n<\/span><span class=\"aioseo-breadcrumb-separator\">\u2013<\/span><span class=\"aioseo-breadcrumb\">\n\t<a href=\"https:\/\/www.eldigitaldeasturias.com\/noticias\/category\/actualidad\/\" title=\"Actualidad\">Actualidad<\/a>\n<\/span><span class=\"aioseo-breadcrumb-separator\">\u2013<\/span><span class=\"aioseo-breadcrumb\">\n\t<a href=\"https:\/\/www.eldigitaldeasturias.com\/noticias\/las-madres-de-la-plaza-de-mayo-rechazan-la-visita-de-obama\/\" title=\"Las Madres de la Plaza de Mayo rechazan la visita de Obama\">Las Madres de la Plaza de Mayo rechazan la visita de Obama<\/a>\n<\/span><\/div>","aioseo_breadcrumb_json":[{"label":"Home","link":"https:\/\/www.eldigitaldeasturias.com\/noticias"},{"label":"Actualidad","link":"https:\/\/www.eldigitaldeasturias.com\/noticias\/category\/actualidad\/"},{"label":"Las Madres de la Plaza de Mayo rechazan la visita de Obama","link":"https:\/\/www.eldigitaldeasturias.com\/noticias\/las-madres-de-la-plaza-de-mayo-rechazan-la-visita-de-obama\/"}],"_links":{"self":[{"href":"https:\/\/www.eldigitaldeasturias.com\/noticias\/wp-json\/wp\/v2\/posts\/861260","targetHints":{"allow":["GET"]}}],"collection":[{"href":"https:\/\/www.eldigitaldeasturias.com\/noticias\/wp-json\/wp\/v2\/posts"}],"about":[{"href":"https:\/\/www.eldigitaldeasturias.com\/noticias\/wp-json\/wp\/v2\/types\/post"}],"author":[{"embeddable":true,"href":"https:\/\/www.eldigitaldeasturias.com\/noticias\/wp-json\/wp\/v2\/users\/1"}],"replies":[{"embeddable":true,"href":"https:\/\/www.eldigitaldeasturias.com\/noticias\/wp-json\/wp\/v2\/comments?post=861260"}],"version-history":[{"count":0,"href":"https:\/\/www.eldigitaldeasturias.com\/noticias\/wp-json\/wp\/v2\/posts\/861260\/revisions"}],"wp:featuredmedia":[{"embeddable":true,"href":"https:\/\/www.eldigitaldeasturias.com\/noticias\/wp-json\/wp\/v2\/media\/861261"}],"wp:attachment":[{"href":"https:\/\/www.eldigitaldeasturias.com\/noticias\/wp-json\/wp\/v2\/media?parent=861260"}],"wp:term":[{"taxonomy":"category","embeddable":true,"href":"https:\/\/www.eldigitaldeasturias.com\/noticias\/wp-json\/wp\/v2\/categories?post=861260"},{"taxonomy":"post_tag","embeddable":true,"href":"https:\/\/www.eldigitaldeasturias.com\/noticias\/wp-json\/wp\/v2\/tags?post=861260"}],"curies":[{"name":"wp","href":"https:\/\/api.w.org\/{rel}","templated":true}]}}