{"id":861256,"date":"2016-02-23T10:34:39","date_gmt":"2016-02-23T10:34:39","guid":{"rendered":"http:\/\/www.eldigitaldeasturias.com\/noticias\/?p=861256"},"modified":"2016-02-23T10:34:39","modified_gmt":"2016-02-23T10:34:39","slug":"tres-preolimpicos-espanoles-en-plena-competicion","status":"publish","type":"post","link":"https:\/\/www.eldigitaldeasturias.com\/noticias\/tres-preolimpicos-espanoles-en-plena-competicion\/","title":{"rendered":"Tres preol\u00edmpicos espa\u00f1oles en plena competici\u00f3n"},"content":{"rendered":"<p><img loading=\"lazy\" decoding=\"async\" class=\"alignleft size-medium wp-image-861257\" src=\"https:\/\/www.eldigitaldeasturias.com\/noticias\/wp-content\/uploads\/2016\/02\/simpahem-360x202.jpg\" alt=\"simpahem\" width=\"360\" height=\"202\" srcset=\"https:\/\/www.eldigitaldeasturias.com\/noticias\/wp-content\/uploads\/2016\/02\/simpahem-360x202.jpg 360w, https:\/\/www.eldigitaldeasturias.com\/noticias\/wp-content\/uploads\/2016\/02\/simpahem.jpg 361w\" sizes=\"auto, (max-width: 360px) 100vw, 360px\" \/>Los tres preol\u00edmpicos espa\u00f1oles que compiten desde ayer en R\u00edo \u2014Nicol\u00e1s Garc\u00eda Boissier, Roc\u00edo Vel\u00e1zquez y Alberto Ar\u00e9valo\u2014 est\u00e1n \u00abcon muchas ganas de hacerlo bien\u00bb en este Preol\u00edmpico de R\u00edo 2016 gtelevisado por Live Streaming FINA. Van con la presi\u00f3n justa y esperan hacer lo m\u00e1ximo en el d\u00eda y en la hora exactas para que tenga la mayor recompensa, algo muy complejo en una competici\u00f3n de este tipo donde controlar los nervios y la concentraci\u00f3n es absolutamente clave.<\/p>\n<p>Nico Garc\u00eda Boissier nos ha dicho en los \u00faltimos d\u00edas que \u00abestar\u00eda muy bien como experiencia poder ir a estos Juegos Ol\u00edmpicos. La edad buena podr\u00eda ser los 25 a\u00f1os m\u00e1s o menos que coincidir\u00eda con Tokyo en 2020 pero si puedo ir ahora encantado\u00bb. Nos dijo sobre su golpe en la rodilla que \u00abestamos bien, solo qued\u00f3 en un susto\u00bb. Su entrenador, Quique Mart\u00ednez, tiene claro que \u00abNico lleva en Europeos junior desde 2009 y siempre ha estado una una final. Tiene experiencia entre los de su edad y un cerebro privilegiado pero estamos hablando de absolutos y de los mejores\u00bb.<\/p>\n<p>LA CONCENTRACI\u00d3N, CLAVE<\/p>\n<p>Por su parte, Alberto Ar\u00e9valo dice que \u00abla clave en m\u00ed es la concentraci\u00f3n. Ahora me siento mucho m\u00e1s seguro a la hora de competir. Si todos los saltos los meto podr\u00eda tener alguna posibilidad pero es la primera vez que voy a un Preol\u00edmpico y no s\u00e9 qu\u00e9 nervios voy a tener. Podr\u00edamos llegar mucho m\u00e1s preparados a Tokyo pero si llega ahora es un sue\u00f1o cumplido y es experiencia que ganamos\u00bb. Su t\u00e9cnico, Manolo Gandarias,opina de su pupilo: \u00abCada vez es m\u00e1s consistente porque est\u00e1 haciendo las series que hacen los mejores. Ha competido poco en junior y en absoluto por lo que necesita ir bien en R\u00edo y tener la suerte de dar ese peque\u00f1o saltitoque le lleve a unos Juegos\u00bb.<\/p>\n<p>Roc\u00edo Vel\u00e1zquez es consciente tambi\u00e9n del may\u00fasculo reto pero est\u00e1 \u00absupercontenta, aunque tengo algunos fallitos t\u00e9cnicos, cada vez me encuentro mejor. Con el apoyo del p\u00fablico salt\u00e9 bastante bien el Grand Prix en Madrid. Estoy con muchas ganas en este Preol\u00edmpico y aunque no he estado nunca aqu\u00ed y parezca un poco pronto, creo que se puede conseguir, no lo veo imposible\u00bb. Gandarias refuerza su opini\u00f3n y sabe que \u00abha competido bien en las \u00faltimas semanas y tiene condiciones para estar ah\u00ed\u00bb. La hora de la verdad ha llegado y no se esconden. Toda la suerte del mundo.<\/p>\n","protected":false},"excerpt":{"rendered":"<p>Los tres preol\u00edmpicos espa\u00f1oles que compiten desde ayer en R\u00edo \u2014Nicol\u00e1s Garc\u00eda Boissier, Roc\u00edo Vel\u00e1zquez y Alberto Ar\u00e9valo\u2014 est\u00e1n \u00abcon muchas ganas de hacerlo bien\u00bb en este Preol\u00edmpico de R\u00edo 2016 gtelevisado por Live Streaming FINA. Van con la presi\u00f3n justa y esperan hacer lo m\u00e1ximo en el d\u00eda y en la hora exactas para [&hellip;]<\/p>\n","protected":false},"author":1,"featured_media":861257,"comment_status":"closed","ping_status":"closed","sticky":false,"template":"","format":"standard","meta":{"footnotes":""},"categories":[1],"tags":[],"class_list":["post-861256","post","type-post","status-publish","format-standard","has-post-thumbnail","hentry","category-actualidad"],"aioseo_notices":[],"aioseo_head":"\n\t\t<!-- All in One SEO Pro 4.9.6.2 - aioseo.com -->\n\t<meta name=\"description\" content=\"Los tres preol\u00edmpicos espa\u00f1oles que compiten desde ayer en R\u00edo \u2014Nicol\u00e1s Garc\u00eda Boissier, Roc\u00edo Vel\u00e1zquez y Alberto Ar\u00e9valo\u2014 est\u00e1n &quot;con muchas ganas de hacerlo bien&quot; en este Preol\u00edmpico de R\u00edo 2016 gtelevisado por Live Streaming FINA. Van con la presi\u00f3n justa y esperan hacer lo m\u00e1ximo en el d\u00eda y en la hora exactas para\" \/>\n\t<meta name=\"robots\" content=\"max-image-preview:large\" \/>\n\t<meta name=\"author\" content=\"El Digital de Asturias\"\/>\n\t<meta name=\"google-site-verification\" content=\"UA-38556648-1\" \/>\n\t<meta name=\"msvalidate.01\" content=\"7dfe9f3f1b24437ab69f4f2559babe99\" \/>\n\t<meta name=\"keywords\" content=\"actualidad\" \/>\n\t<link rel=\"canonical\" href=\"https:\/\/www.eldigitaldeasturias.com\/noticias\/tres-preolimpicos-espanoles-en-plena-competicion\/\" \/>\n\t<meta name=\"generator\" content=\"All in One SEO Pro (AIOSEO) 4.9.6.2\" \/>\n\t\t<meta property=\"og:locale\" content=\"es_ES\" \/>\n\t\t<meta property=\"og:site_name\" content=\"El Digital de Asturias\" \/>\n\t\t<meta property=\"og:type\" content=\"article\" \/>\n\t\t<meta property=\"og:title\" content=\"Tres preol\u00edmpicos espa\u00f1oles en plena competici\u00f3n - El Digital de Asturias\" \/>\n\t\t<meta property=\"og:description\" content=\"Los tres preol\u00edmpicos espa\u00f1oles que compiten desde ayer en R\u00edo \u2014Nicol\u00e1s Garc\u00eda Boissier, Roc\u00edo Vel\u00e1zquez y Alberto Ar\u00e9valo\u2014 est\u00e1n &quot;con muchas ganas de hacerlo bien&quot; en este Preol\u00edmpico de R\u00edo 2016 gtelevisado por Live Streaming FINA. Van con la presi\u00f3n justa y esperan hacer lo m\u00e1ximo en el d\u00eda y en la hora exactas para\" \/>\n\t\t<meta property=\"og:url\" content=\"https:\/\/www.eldigitaldeasturias.com\/noticias\/tres-preolimpicos-espanoles-en-plena-competicion\/\" \/>\n\t\t<meta property=\"og:image\" content=\"https:\/\/www.eldigitaldeasturias.com\/noticias\/wp-content\/uploads\/2016\/02\/simpahem.jpg\" \/>\n\t\t<meta property=\"og:image:secure_url\" content=\"https:\/\/www.eldigitaldeasturias.com\/noticias\/wp-content\/uploads\/2016\/02\/simpahem.jpg\" \/>\n\t\t<meta property=\"og:image:width\" content=\"361\" \/>\n\t\t<meta property=\"og:image:height\" content=\"203\" \/>\n\t\t<meta property=\"article:tag\" content=\"actualidad\" \/>\n\t\t<meta property=\"article:published_time\" content=\"2016-02-23T10:34:39+00:00\" \/>\n\t\t<meta property=\"article:modified_time\" content=\"2016-02-23T10:34:39+00:00\" \/>\n\t\t<meta property=\"article:publisher\" content=\"https:\/\/facebook.com\/eldigitaldeasturias\" \/>\n\t\t<meta name=\"twitter:card\" content=\"summary_large_image\" \/>\n\t\t<meta name=\"twitter:title\" content=\"Tres preol\u00edmpicos espa\u00f1oles en plena competici\u00f3n - El Digital de Asturias\" \/>\n\t\t<meta name=\"twitter:description\" content=\"Los tres preol\u00edmpicos espa\u00f1oles que compiten desde ayer en R\u00edo \u2014Nicol\u00e1s Garc\u00eda Boissier, Roc\u00edo Vel\u00e1zquez y Alberto Ar\u00e9valo\u2014 est\u00e1n &quot;con muchas ganas de hacerlo bien&quot; en este Preol\u00edmpico de R\u00edo 2016 gtelevisado por Live Streaming FINA. Van con la presi\u00f3n justa y esperan hacer lo m\u00e1ximo en el d\u00eda y en la hora exactas para\" \/>\n\t\t<meta name=\"twitter:image\" content=\"https:\/\/www.eldigitaldeasturias.com\/noticias\/wp-content\/uploads\/2016\/02\/simpahem.jpg\" \/>\n\t\t<meta name=\"twitter:label1\" content=\"Escrito por\" \/>\n\t\t<meta name=\"twitter:data1\" content=\"El Digital de Asturias\" \/>\n\t\t<meta name=\"twitter:label2\" content=\"Tiempo de lectura estimado\" \/>\n\t\t<meta name=\"twitter:data2\" content=\"2 minutos\" \/>\n\t\t<script type=\"application\/ld+json\" class=\"aioseo-schema\">\n\t\t\t{\"@context\":\"https:\\\/\\\/schema.org\",\"@graph\":[{\"@type\":\"BlogPosting\",\"@id\":\"https:\\\/\\\/www.eldigitaldeasturias.com\\\/noticias\\\/tres-preolimpicos-espanoles-en-plena-competicion\\\/#blogposting\",\"name\":\"Tres preol\\u00edmpicos espa\\u00f1oles en plena competici\\u00f3n - El Digital de Asturias\",\"headline\":\"Tres preol\\u00edmpicos espa\\u00f1oles en plena competici\\u00f3n\",\"author\":{\"@id\":\"https:\\\/\\\/www.eldigitaldeasturias.com\\\/noticias\\\/author\\\/admin\\\/#author\"},\"publisher\":{\"@id\":\"https:\\\/\\\/www.eldigitaldeasturias.com\\\/noticias\\\/#organization\"},\"image\":{\"@type\":\"ImageObject\",\"url\":\"https:\\\/\\\/www.eldigitaldeasturias.com\\\/noticias\\\/wp-content\\\/uploads\\\/2016\\\/02\\\/simpahem.jpg\",\"width\":361,\"height\":203},\"datePublished\":\"2016-02-23T10:34:39+01:00\",\"dateModified\":\"2016-02-23T10:34:39+01:00\",\"inLanguage\":\"es-ES\",\"mainEntityOfPage\":{\"@id\":\"https:\\\/\\\/www.eldigitaldeasturias.com\\\/noticias\\\/tres-preolimpicos-espanoles-en-plena-competicion\\\/#webpage\"},\"isPartOf\":{\"@id\":\"https:\\\/\\\/www.eldigitaldeasturias.com\\\/noticias\\\/tres-preolimpicos-espanoles-en-plena-competicion\\\/#webpage\"},\"articleSection\":\"Actualidad\"},{\"@type\":\"BreadcrumbList\",\"@id\":\"https:\\\/\\\/www.eldigitaldeasturias.com\\\/noticias\\\/tres-preolimpicos-espanoles-en-plena-competicion\\\/#breadcrumblist\",\"itemListElement\":[{\"@type\":\"ListItem\",\"@id\":\"https:\\\/\\\/www.eldigitaldeasturias.com\\\/noticias#listItem\",\"position\":1,\"name\":\"Home\",\"item\":\"https:\\\/\\\/www.eldigitaldeasturias.com\\\/noticias\",\"nextItem\":{\"@type\":\"ListItem\",\"@id\":\"https:\\\/\\\/www.eldigitaldeasturias.com\\\/noticias\\\/category\\\/actualidad\\\/#listItem\",\"name\":\"Actualidad\"}},{\"@type\":\"ListItem\",\"@id\":\"https:\\\/\\\/www.eldigitaldeasturias.com\\\/noticias\\\/category\\\/actualidad\\\/#listItem\",\"position\":2,\"name\":\"Actualidad\",\"item\":\"https:\\\/\\\/www.eldigitaldeasturias.com\\\/noticias\\\/category\\\/actualidad\\\/\",\"nextItem\":{\"@type\":\"ListItem\",\"@id\":\"https:\\\/\\\/www.eldigitaldeasturias.com\\\/noticias\\\/tres-preolimpicos-espanoles-en-plena-competicion\\\/#listItem\",\"name\":\"Tres preol\\u00edmpicos espa\\u00f1oles en plena competici\\u00f3n\"},\"previousItem\":{\"@type\":\"ListItem\",\"@id\":\"https:\\\/\\\/www.eldigitaldeasturias.com\\\/noticias#listItem\",\"name\":\"Home\"}},{\"@type\":\"ListItem\",\"@id\":\"https:\\\/\\\/www.eldigitaldeasturias.com\\\/noticias\\\/tres-preolimpicos-espanoles-en-plena-competicion\\\/#listItem\",\"position\":3,\"name\":\"Tres preol\\u00edmpicos espa\\u00f1oles en plena competici\\u00f3n\",\"previousItem\":{\"@type\":\"ListItem\",\"@id\":\"https:\\\/\\\/www.eldigitaldeasturias.com\\\/noticias\\\/category\\\/actualidad\\\/#listItem\",\"name\":\"Actualidad\"}}]},{\"@type\":\"Organization\",\"@id\":\"https:\\\/\\\/www.eldigitaldeasturias.com\\\/noticias\\\/#organization\",\"name\":\"El Digital de Asturias\",\"description\":\"Hemeroteca\",\"url\":\"https:\\\/\\\/www.eldigitaldeasturias.com\\\/noticias\\\/\",\"email\":\"info@eldigitaldeasturias.com\",\"telephone\":\"+34652131393\",\"logo\":{\"@type\":\"ImageObject\",\"url\":\"https:\\\/\\\/www.eldigitaldeasturias.com\\\/noticias\\\/wp-content\\\/uploads\\\/2020\\\/12\\\/EDA.jpg\",\"@id\":\"https:\\\/\\\/www.eldigitaldeasturias.com\\\/noticias\\\/tres-preolimpicos-espanoles-en-plena-competicion\\\/#organizationLogo\",\"width\":649,\"height\":297},\"image\":{\"@id\":\"https:\\\/\\\/www.eldigitaldeasturias.com\\\/noticias\\\/tres-preolimpicos-espanoles-en-plena-competicion\\\/#organizationLogo\"},\"sameAs\":[\"https:\\\/\\\/facebook.com\\\/eldigitaldeasturias\",\"https:\\\/\\\/www.youtube.com\\\/channel\\\/UCZP-2wLEB9Rv6erhFmqVnvg\"],\"address\":{\"@id\":\"https:\\\/\\\/www.eldigitaldeasturias.com\\\/noticias\\\/#postaladdress\",\"@type\":\"PostalAddress\",\"streetAddress\":\"san antonio 4,\",\"postalCode\":\"33430\",\"addressLocality\":\"Cand\\u00e1s\",\"addressRegion\":\"Asturias\",\"addressCountry\":\"ES\"}},{\"@type\":\"Person\",\"@id\":\"https:\\\/\\\/www.eldigitaldeasturias.com\\\/noticias\\\/author\\\/admin\\\/#author\",\"url\":\"https:\\\/\\\/www.eldigitaldeasturias.com\\\/noticias\\\/author\\\/admin\\\/\",\"name\":\"El Digital de Asturias\",\"image\":{\"@type\":\"ImageObject\",\"@id\":\"https:\\\/\\\/www.eldigitaldeasturias.com\\\/noticias\\\/tres-preolimpicos-espanoles-en-plena-competicion\\\/#authorImage\",\"url\":\"https:\\\/\\\/www.eldigitaldeasturias.com\\\/noticias\\\/wp-content\\\/litespeed\\\/avatar\\\/18677e78aa0546b92d9dbf31ec7d7668.jpg?ver=1777290358\",\"width\":96,\"height\":96,\"caption\":\"El Digital de Asturias\"}},{\"@type\":\"WebPage\",\"@id\":\"https:\\\/\\\/www.eldigitaldeasturias.com\\\/noticias\\\/tres-preolimpicos-espanoles-en-plena-competicion\\\/#webpage\",\"url\":\"https:\\\/\\\/www.eldigitaldeasturias.com\\\/noticias\\\/tres-preolimpicos-espanoles-en-plena-competicion\\\/\",\"name\":\"Tres preol\\u00edmpicos espa\\u00f1oles en plena competici\\u00f3n - El Digital de Asturias\",\"description\":\"Los tres preol\\u00edmpicos espa\\u00f1oles que compiten desde ayer en R\\u00edo \\u2014Nicol\\u00e1s Garc\\u00eda Boissier, Roc\\u00edo Vel\\u00e1zquez y Alberto Ar\\u00e9valo\\u2014 est\\u00e1n \\\"con muchas ganas de hacerlo bien\\\" en este Preol\\u00edmpico de R\\u00edo 2016 gtelevisado por Live Streaming FINA. Van con la presi\\u00f3n justa y esperan hacer lo m\\u00e1ximo en el d\\u00eda y en la hora exactas para\",\"inLanguage\":\"es-ES\",\"isPartOf\":{\"@id\":\"https:\\\/\\\/www.eldigitaldeasturias.com\\\/noticias\\\/#website\"},\"breadcrumb\":{\"@id\":\"https:\\\/\\\/www.eldigitaldeasturias.com\\\/noticias\\\/tres-preolimpicos-espanoles-en-plena-competicion\\\/#breadcrumblist\"},\"author\":{\"@id\":\"https:\\\/\\\/www.eldigitaldeasturias.com\\\/noticias\\\/author\\\/admin\\\/#author\"},\"creator\":{\"@id\":\"https:\\\/\\\/www.eldigitaldeasturias.com\\\/noticias\\\/author\\\/admin\\\/#author\"},\"image\":{\"@type\":\"ImageObject\",\"url\":\"https:\\\/\\\/www.eldigitaldeasturias.com\\\/noticias\\\/wp-content\\\/uploads\\\/2016\\\/02\\\/simpahem.jpg\",\"@id\":\"https:\\\/\\\/www.eldigitaldeasturias.com\\\/noticias\\\/tres-preolimpicos-espanoles-en-plena-competicion\\\/#mainImage\",\"width\":361,\"height\":203},\"primaryImageOfPage\":{\"@id\":\"https:\\\/\\\/www.eldigitaldeasturias.com\\\/noticias\\\/tres-preolimpicos-espanoles-en-plena-competicion\\\/#mainImage\"},\"datePublished\":\"2016-02-23T10:34:39+01:00\",\"dateModified\":\"2016-02-23T10:34:39+01:00\"},{\"@type\":\"WebSite\",\"@id\":\"https:\\\/\\\/www.eldigitaldeasturias.com\\\/noticias\\\/#website\",\"url\":\"https:\\\/\\\/www.eldigitaldeasturias.com\\\/noticias\\\/\",\"name\":\"El Digital de Asturias - Diario de actualidad y noticias\",\"alternateName\":\"El Digital de Asturias - Diario de actualidad y noticias\",\"description\":\"Hemeroteca\",\"inLanguage\":\"es-ES\",\"publisher\":{\"@id\":\"https:\\\/\\\/www.eldigitaldeasturias.com\\\/noticias\\\/#organization\"}}]}\n\t\t<\/script>\n\t\t<!-- All in One SEO Pro -->\r\n\t\t<title>Tres preol\u00edmpicos espa\u00f1oles en plena competici\u00f3n - El Digital de Asturias<\/title>\n\n","aioseo_head_json":{"title":"Tres preol\u00edmpicos espa\u00f1oles en plena competici\u00f3n - El Digital de Asturias","description":"Los tres preol\u00edmpicos espa\u00f1oles que compiten desde ayer en R\u00edo \u2014Nicol\u00e1s Garc\u00eda Boissier, Roc\u00edo Vel\u00e1zquez y Alberto Ar\u00e9valo\u2014 est\u00e1n \"con muchas ganas de hacerlo bien\" en este Preol\u00edmpico de R\u00edo 2016 gtelevisado por Live Streaming FINA. Van con la presi\u00f3n justa y esperan hacer lo m\u00e1ximo en el d\u00eda y en la hora exactas para","canonical_url":"https:\/\/www.eldigitaldeasturias.com\/noticias\/tres-preolimpicos-espanoles-en-plena-competicion\/","robots":"max-image-preview:large","keywords":"actualidad","webmasterTools":{"google-site-verification":"UA-38556648-1","msvalidate.01":"7dfe9f3f1b24437ab69f4f2559babe99","miscellaneous":""},"schema":{"@context":"https:\/\/schema.org","@graph":[{"@type":"BlogPosting","@id":"https:\/\/www.eldigitaldeasturias.com\/noticias\/tres-preolimpicos-espanoles-en-plena-competicion\/#blogposting","name":"Tres preol\u00edmpicos espa\u00f1oles en plena competici\u00f3n - El Digital de Asturias","headline":"Tres preol\u00edmpicos espa\u00f1oles en plena competici\u00f3n","author":{"@id":"https:\/\/www.eldigitaldeasturias.com\/noticias\/author\/admin\/#author"},"publisher":{"@id":"https:\/\/www.eldigitaldeasturias.com\/noticias\/#organization"},"image":{"@type":"ImageObject","url":"https:\/\/www.eldigitaldeasturias.com\/noticias\/wp-content\/uploads\/2016\/02\/simpahem.jpg","width":361,"height":203},"datePublished":"2016-02-23T10:34:39+01:00","dateModified":"2016-02-23T10:34:39+01:00","inLanguage":"es-ES","mainEntityOfPage":{"@id":"https:\/\/www.eldigitaldeasturias.com\/noticias\/tres-preolimpicos-espanoles-en-plena-competicion\/#webpage"},"isPartOf":{"@id":"https:\/\/www.eldigitaldeasturias.com\/noticias\/tres-preolimpicos-espanoles-en-plena-competicion\/#webpage"},"articleSection":"Actualidad"},{"@type":"BreadcrumbList","@id":"https:\/\/www.eldigitaldeasturias.com\/noticias\/tres-preolimpicos-espanoles-en-plena-competicion\/#breadcrumblist","itemListElement":[{"@type":"ListItem","@id":"https:\/\/www.eldigitaldeasturias.com\/noticias#listItem","position":1,"name":"Home","item":"https:\/\/www.eldigitaldeasturias.com\/noticias","nextItem":{"@type":"ListItem","@id":"https:\/\/www.eldigitaldeasturias.com\/noticias\/category\/actualidad\/#listItem","name":"Actualidad"}},{"@type":"ListItem","@id":"https:\/\/www.eldigitaldeasturias.com\/noticias\/category\/actualidad\/#listItem","position":2,"name":"Actualidad","item":"https:\/\/www.eldigitaldeasturias.com\/noticias\/category\/actualidad\/","nextItem":{"@type":"ListItem","@id":"https:\/\/www.eldigitaldeasturias.com\/noticias\/tres-preolimpicos-espanoles-en-plena-competicion\/#listItem","name":"Tres preol\u00edmpicos espa\u00f1oles en plena competici\u00f3n"},"previousItem":{"@type":"ListItem","@id":"https:\/\/www.eldigitaldeasturias.com\/noticias#listItem","name":"Home"}},{"@type":"ListItem","@id":"https:\/\/www.eldigitaldeasturias.com\/noticias\/tres-preolimpicos-espanoles-en-plena-competicion\/#listItem","position":3,"name":"Tres preol\u00edmpicos espa\u00f1oles en plena competici\u00f3n","previousItem":{"@type":"ListItem","@id":"https:\/\/www.eldigitaldeasturias.com\/noticias\/category\/actualidad\/#listItem","name":"Actualidad"}}]},{"@type":"Organization","@id":"https:\/\/www.eldigitaldeasturias.com\/noticias\/#organization","name":"El Digital de Asturias","description":"Hemeroteca","url":"https:\/\/www.eldigitaldeasturias.com\/noticias\/","email":"info@eldigitaldeasturias.com","telephone":"+34652131393","logo":{"@type":"ImageObject","url":"https:\/\/www.eldigitaldeasturias.com\/noticias\/wp-content\/uploads\/2020\/12\/EDA.jpg","@id":"https:\/\/www.eldigitaldeasturias.com\/noticias\/tres-preolimpicos-espanoles-en-plena-competicion\/#organizationLogo","width":649,"height":297},"image":{"@id":"https:\/\/www.eldigitaldeasturias.com\/noticias\/tres-preolimpicos-espanoles-en-plena-competicion\/#organizationLogo"},"sameAs":["https:\/\/facebook.com\/eldigitaldeasturias","https:\/\/www.youtube.com\/channel\/UCZP-2wLEB9Rv6erhFmqVnvg"],"address":{"@id":"https:\/\/www.eldigitaldeasturias.com\/noticias\/#postaladdress","@type":"PostalAddress","streetAddress":"san antonio 4,","postalCode":"33430","addressLocality":"Cand\u00e1s","addressRegion":"Asturias","addressCountry":"ES"}},{"@type":"Person","@id":"https:\/\/www.eldigitaldeasturias.com\/noticias\/author\/admin\/#author","url":"https:\/\/www.eldigitaldeasturias.com\/noticias\/author\/admin\/","name":"El Digital de Asturias","image":{"@type":"ImageObject","@id":"https:\/\/www.eldigitaldeasturias.com\/noticias\/tres-preolimpicos-espanoles-en-plena-competicion\/#authorImage","url":"https:\/\/www.eldigitaldeasturias.com\/noticias\/wp-content\/litespeed\/avatar\/18677e78aa0546b92d9dbf31ec7d7668.jpg?ver=1777290358","width":96,"height":96,"caption":"El Digital de Asturias"}},{"@type":"WebPage","@id":"https:\/\/www.eldigitaldeasturias.com\/noticias\/tres-preolimpicos-espanoles-en-plena-competicion\/#webpage","url":"https:\/\/www.eldigitaldeasturias.com\/noticias\/tres-preolimpicos-espanoles-en-plena-competicion\/","name":"Tres preol\u00edmpicos espa\u00f1oles en plena competici\u00f3n - El Digital de Asturias","description":"Los tres preol\u00edmpicos espa\u00f1oles que compiten desde ayer en R\u00edo \u2014Nicol\u00e1s Garc\u00eda Boissier, Roc\u00edo Vel\u00e1zquez y Alberto Ar\u00e9valo\u2014 est\u00e1n \"con muchas ganas de hacerlo bien\" en este Preol\u00edmpico de R\u00edo 2016 gtelevisado por Live Streaming FINA. Van con la presi\u00f3n justa y esperan hacer lo m\u00e1ximo en el d\u00eda y en la hora exactas para","inLanguage":"es-ES","isPartOf":{"@id":"https:\/\/www.eldigitaldeasturias.com\/noticias\/#website"},"breadcrumb":{"@id":"https:\/\/www.eldigitaldeasturias.com\/noticias\/tres-preolimpicos-espanoles-en-plena-competicion\/#breadcrumblist"},"author":{"@id":"https:\/\/www.eldigitaldeasturias.com\/noticias\/author\/admin\/#author"},"creator":{"@id":"https:\/\/www.eldigitaldeasturias.com\/noticias\/author\/admin\/#author"},"image":{"@type":"ImageObject","url":"https:\/\/www.eldigitaldeasturias.com\/noticias\/wp-content\/uploads\/2016\/02\/simpahem.jpg","@id":"https:\/\/www.eldigitaldeasturias.com\/noticias\/tres-preolimpicos-espanoles-en-plena-competicion\/#mainImage","width":361,"height":203},"primaryImageOfPage":{"@id":"https:\/\/www.eldigitaldeasturias.com\/noticias\/tres-preolimpicos-espanoles-en-plena-competicion\/#mainImage"},"datePublished":"2016-02-23T10:34:39+01:00","dateModified":"2016-02-23T10:34:39+01:00"},{"@type":"WebSite","@id":"https:\/\/www.eldigitaldeasturias.com\/noticias\/#website","url":"https:\/\/www.eldigitaldeasturias.com\/noticias\/","name":"El Digital de Asturias - Diario de actualidad y noticias","alternateName":"El Digital de Asturias - Diario de actualidad y noticias","description":"Hemeroteca","inLanguage":"es-ES","publisher":{"@id":"https:\/\/www.eldigitaldeasturias.com\/noticias\/#organization"}}]},"og:locale":"es_ES","og:site_name":"El Digital de Asturias","og:type":"article","og:title":"Tres preol\u00edmpicos espa\u00f1oles en plena competici\u00f3n - El Digital de Asturias","og:description":"Los tres preol\u00edmpicos espa\u00f1oles que compiten desde ayer en R\u00edo \u2014Nicol\u00e1s Garc\u00eda Boissier, Roc\u00edo Vel\u00e1zquez y Alberto Ar\u00e9valo\u2014 est\u00e1n &quot;con muchas ganas de hacerlo bien&quot; en este Preol\u00edmpico de R\u00edo 2016 gtelevisado por Live Streaming FINA. Van con la presi\u00f3n justa y esperan hacer lo m\u00e1ximo en el d\u00eda y en la hora exactas para","og:url":"https:\/\/www.eldigitaldeasturias.com\/noticias\/tres-preolimpicos-espanoles-en-plena-competicion\/","og:image":"https:\/\/www.eldigitaldeasturias.com\/noticias\/wp-content\/uploads\/2016\/02\/simpahem.jpg","og:image:secure_url":"https:\/\/www.eldigitaldeasturias.com\/noticias\/wp-content\/uploads\/2016\/02\/simpahem.jpg","og:image:width":361,"og:image:height":203,"article:tag":["actualidad"],"article:published_time":"2016-02-23T10:34:39+00:00","article:modified_time":"2016-02-23T10:34:39+00:00","article:publisher":"https:\/\/facebook.com\/eldigitaldeasturias","twitter:card":"summary_large_image","twitter:title":"Tres preol\u00edmpicos espa\u00f1oles en plena competici\u00f3n - El Digital de Asturias","twitter:description":"Los tres preol\u00edmpicos espa\u00f1oles que compiten desde ayer en R\u00edo \u2014Nicol\u00e1s Garc\u00eda Boissier, Roc\u00edo Vel\u00e1zquez y Alberto Ar\u00e9valo\u2014 est\u00e1n &quot;con muchas ganas de hacerlo bien&quot; en este Preol\u00edmpico de R\u00edo 2016 gtelevisado por Live Streaming FINA. Van con la presi\u00f3n justa y esperan hacer lo m\u00e1ximo en el d\u00eda y en la hora exactas para","twitter:image":"https:\/\/www.eldigitaldeasturias.com\/noticias\/wp-content\/uploads\/2016\/02\/simpahem.jpg","twitter:label1":"Escrito por","twitter:data1":"El Digital de Asturias","twitter:label2":"Tiempo de lectura estimado","twitter:data2":"2 minutos"},"aioseo_meta_data":{"post_id":"861256","title":null,"description":null,"keywords":null,"keyphrases":null,"primary_term":null,"canonical_url":null,"og_title":null,"og_description":null,"og_object_type":"default","og_image_type":"default","og_image_url":null,"og_image_width":null,"og_image_height":null,"og_image_custom_url":null,"og_image_custom_fields":null,"og_video":null,"og_custom_url":null,"og_article_section":null,"og_article_tags":null,"twitter_use_og":false,"twitter_card":"default","twitter_image_type":"default","twitter_image_url":null,"twitter_image_custom_url":null,"twitter_image_custom_fields":null,"twitter_title":null,"twitter_description":null,"schema":{"blockGraphs":[],"customGraphs":[],"default":{"data":{"Article":[],"Course":[],"Dataset":[],"FAQPage":[],"Movie":[],"Person":[],"Product":[],"ProductReview":[],"Car":[],"Recipe":[],"Service":[],"SoftwareApplication":[],"WebPage":[]},"graphName":"","isEnabled":true},"graphs":[],"defaultGraph":"","defaultPostTypeGraph":""},"schema_type":null,"schema_type_options":null,"pillar_content":false,"robots_default":true,"robots_noindex":false,"robots_noarchive":false,"robots_nosnippet":false,"robots_nofollow":false,"robots_noimageindex":false,"robots_noodp":false,"robots_notranslate":false,"robots_max_snippet":null,"robots_max_videopreview":null,"robots_max_imagepreview":"large","priority":null,"frequency":null,"local_seo":null,"seo_analyzer_scan_date":"2025-12-10 20:40:18","breadcrumb_settings":null,"limit_modified_date":false,"open_ai":null,"ai":null,"created":"2021-01-22 22:42:55","updated":"2025-12-10 20:40:18"},"aioseo_breadcrumb":"<div class=\"aioseo-breadcrumbs\"><span class=\"aioseo-breadcrumb\">\n\t<a href=\"https:\/\/www.eldigitaldeasturias.com\/noticias\" title=\"Home\">Home<\/a>\n<\/span><span class=\"aioseo-breadcrumb-separator\">\u2013<\/span><span class=\"aioseo-breadcrumb\">\n\t<a href=\"https:\/\/www.eldigitaldeasturias.com\/noticias\/category\/actualidad\/\" title=\"Actualidad\">Actualidad<\/a>\n<\/span><span class=\"aioseo-breadcrumb-separator\">\u2013<\/span><span class=\"aioseo-breadcrumb\">\n\t<a href=\"https:\/\/www.eldigitaldeasturias.com\/noticias\/tres-preolimpicos-espanoles-en-plena-competicion\/\" title=\"Tres preol\u00edmpicos espa\u00f1oles en plena competici\u00f3n\">Tres preol\u00edmpicos espa\u00f1oles en plena competici\u00f3n<\/a>\n<\/span><\/div>","aioseo_breadcrumb_json":[{"label":"Home","link":"https:\/\/www.eldigitaldeasturias.com\/noticias"},{"label":"Actualidad","link":"https:\/\/www.eldigitaldeasturias.com\/noticias\/category\/actualidad\/"},{"label":"Tres preol\u00edmpicos espa\u00f1oles en plena competici\u00f3n","link":"https:\/\/www.eldigitaldeasturias.com\/noticias\/tres-preolimpicos-espanoles-en-plena-competicion\/"}],"_links":{"self":[{"href":"https:\/\/www.eldigitaldeasturias.com\/noticias\/wp-json\/wp\/v2\/posts\/861256","targetHints":{"allow":["GET"]}}],"collection":[{"href":"https:\/\/www.eldigitaldeasturias.com\/noticias\/wp-json\/wp\/v2\/posts"}],"about":[{"href":"https:\/\/www.eldigitaldeasturias.com\/noticias\/wp-json\/wp\/v2\/types\/post"}],"author":[{"embeddable":true,"href":"https:\/\/www.eldigitaldeasturias.com\/noticias\/wp-json\/wp\/v2\/users\/1"}],"replies":[{"embeddable":true,"href":"https:\/\/www.eldigitaldeasturias.com\/noticias\/wp-json\/wp\/v2\/comments?post=861256"}],"version-history":[{"count":0,"href":"https:\/\/www.eldigitaldeasturias.com\/noticias\/wp-json\/wp\/v2\/posts\/861256\/revisions"}],"wp:featuredmedia":[{"embeddable":true,"href":"https:\/\/www.eldigitaldeasturias.com\/noticias\/wp-json\/wp\/v2\/media\/861257"}],"wp:attachment":[{"href":"https:\/\/www.eldigitaldeasturias.com\/noticias\/wp-json\/wp\/v2\/media?parent=861256"}],"wp:term":[{"taxonomy":"category","embeddable":true,"href":"https:\/\/www.eldigitaldeasturias.com\/noticias\/wp-json\/wp\/v2\/categories?post=861256"},{"taxonomy":"post_tag","embeddable":true,"href":"https:\/\/www.eldigitaldeasturias.com\/noticias\/wp-json\/wp\/v2\/tags?post=861256"}],"curies":[{"name":"wp","href":"https:\/\/api.w.org\/{rel}","templated":true}]}}