{"id":861253,"date":"2016-02-23T10:32:57","date_gmt":"2016-02-23T10:32:57","guid":{"rendered":"http:\/\/www.eldigitaldeasturias.com\/noticias\/?p=861253"},"modified":"2016-02-23T10:32:57","modified_gmt":"2016-02-23T10:32:57","slug":"fernando-alonso-y-jenson-button-ya-tienen-su-nuevo-mp4-31","status":"publish","type":"post","link":"https:\/\/www.eldigitaldeasturias.com\/noticias\/fernando-alonso-y-jenson-button-ya-tienen-su-nuevo-mp4-31\/","title":{"rendered":"Fernando Alonso y Jenson Button ya tienen su nuevo MP4-31"},"content":{"rendered":"<p><img loading=\"lazy\" decoding=\"async\" class=\"alignleft size-medium wp-image-861254\" src=\"https:\/\/www.eldigitaldeasturias.com\/noticias\/wp-content\/uploads\/2016\/02\/mc-laren-600x400-360x240.jpg\" alt=\"mc-laren-600x400\" width=\"360\" height=\"240\" srcset=\"https:\/\/www.eldigitaldeasturias.com\/noticias\/wp-content\/uploads\/2016\/02\/mc-laren-600x400-360x240.jpg 360w, https:\/\/www.eldigitaldeasturias.com\/noticias\/wp-content\/uploads\/2016\/02\/mc-laren-600x400-84x55.jpg 84w, https:\/\/www.eldigitaldeasturias.com\/noticias\/wp-content\/uploads\/2016\/02\/mc-laren-600x400-49x32.jpg 49w, https:\/\/www.eldigitaldeasturias.com\/noticias\/wp-content\/uploads\/2016\/02\/mc-laren-600x400.jpg 600w\" sizes=\"auto, (max-width: 360px) 100vw, 360px\" \/>Tras meses de trabajar, pensar, hacer, repensar y rehacer, ya est\u00e1 aqu\u00ed. Es el nuevo MP4-31, el monoplaza que McLaren-Honda desvel\u00f3 ayer en Montmel\u00f3 y que conducir\u00e1n Fernando Alonso y Jenson Button, equipado con el motor Honda RA616H.<\/p>\n<p>El MP4-31 es una evoluci\u00f3n madurada del coche del a\u00f1o pasado, con un dise\u00f1o diferente, arriesgado y agresivo, de equilibrio perfecto entre elegancia aerodin\u00e1mica y motor altamente eficiente integrado en el chasis. La continuidad en el reglamento t\u00e9cnico de la F\u00f3rmula 1 ha permitido al equipo evolucionar y fortalecer muchos de los conceptos de dise\u00f1o que se desarrollaron en el McLaren-Honda MP4-30 del a\u00f1o pasado, aunque el coche nuevo tambi\u00e9n incorpora varias innovaciones.<\/p>\n<p>El pasado domingo, Alonso quiso remarcar las buenas sensaciones de inicio temporada y las primeras impresiones ante el MP4-31. \u201cEl a\u00f1o pasado el foco estaba en McLaren-Honda y su desembarco en la competici\u00f3n. Fue un a\u00f1o dif\u00edcil del que aprendimos much\u00edsimo todos. Este invierno ha sido muy productivo para m\u00ed, con entrenamientos extremos y un trabajo muy duro en el McLaren Technology Centre\u201d. \u00bfDel coche? \u201cEl paquete aerodin\u00e1mico muestra una atenci\u00f3n al detalle incre\u00edble. De hecho, el coche entero es precioso y, desde un punto de vista aerodin\u00e1mico, est\u00e1 muy bien empaquetado. Estoy completamente preparado para el reto que nos espera\u201d, afirmaba Fernando Alonso.<\/p>\n<p>El buen sentir de Alonso era compartido por Jenson Button, que no quiso realizar pron\u00f3sticos ante lo impredecible de la F\u00f3rmula 1 pero s\u00ed transmit\u00eda optimismo ante la nueva temporada. \u201cTodos los pilotos de F1 necesitan un par\u00f3n en invierno pero yo estoy con muchas ganas de empezar y debo decir que el nuevo McLaren-Honda MP4-31 tiene una pinta tremenda\u201d. \u201cPor lo visto hasta el momento, los detalles aerodin\u00e1micos del coche tienen un aspecto fant\u00e1stico, quiero empezar a probar ya estas innovaciones\u201d.<\/p>\n<p>M\u00e1s all\u00e1 de los pilotos, Ron Dennis (Presidente ejecutivo y director ejecutivo de McLaren Technology Group), Eric Boullier (Director deportivo de McLaren Racing) y Yasuhisa Arai (Director ejecutivo de Deportes de Motor de Honda R&amp;D Co. Ltd.) se han mostrado muy optimistas en lo venidero y han dejado muy claro que renuevan confianza mutua sin fisuras. \u00bfLa ambici\u00f3n compartida? Ganar.<\/p>\n<p>\u201cNo vamos a realizar pron\u00f3sticos respecto a cu\u00e1ndo llegar\u00e1n esas victorias pero puedo decir, sin temor a contradecirme, que cada miembro de nuestro equipo ha trabajado con una dedicaci\u00f3n implacable en los \u00faltimos meses. El resultado ha sido que el desarrollo del MP4-31 ha dado un paso importante a lo largo del invierno y, por lo tanto, estoy muy orgulloso de los esfuerzos de nuestro equipo\u201d, manifest\u00f3 Dennis.<\/p>\n<p>Y es que si en algo han coincidido McLaren y Honda es en su firme apuesta por este proyecto y en la determinaci\u00f3n conjunta que, tras los obst\u00e1culos de la pasada temporada, regresa fortalecida. \u201cCreedme cuando digo que el apoyo completo de un fabricante global de autom\u00f3viles es la \u00fanica plataforma para llegar al \u00e9xito en la F\u00f3rmula 1 de hoy en d\u00eda\u201d, insist\u00eda Ron Dennis, ante lo que Honda respond\u00eda explicando que han sacado lo m\u00e1ximo de la pretemporada de cara al 2016, fortaleciendo el equipo y trabajando de forma incansable junto a los ingenieros de McLaren y ExxonMobil.<\/p>\n<p>Yasuhisa Arai describ\u00eda con estas palabras lo que esperan de los test de esta semana. \u201cHemos realizado cambios en el compresor y dem\u00e1s hardware de la unidad de potencia durante el par\u00f3n de invierno, madurando de esta manera el concepto general del a\u00f1o pasado. Durante los ocho d\u00edas de test nos vamos a centrar en probar el equilibrio del coche con el nuevo chasis y unidad de potencia, y, sobre todo, verificar la direcci\u00f3n del ERS\u201d.<\/p>\n<p>Por su parte, el director deportivo de McLaren Racing, Eric Boullier, puso el \u00e9nfasis en los test de Barcelona y en la informaci\u00f3n que recabar\u00e1n sobre el trabajo que han realizado en el garaje. \u201cLos dos test de Barcelona van a suponer una continuaci\u00f3n de la gran tarea colaborativa que han realizado todos los departamentos en pretemporada. Nuestro objetivo es pasar los cuatro d\u00edas del primer test con cuidado y de forma met\u00f3dica: extrayendo el m\u00e1ximo del tiempo disponible y centrando nuestros esfuerzos en probar nuestros sistemas centrales, procedimientos operativos y realizar pruebas electr\u00f3nicas.\u201d<\/p>\n","protected":false},"excerpt":{"rendered":"<p>Tras meses de trabajar, pensar, hacer, repensar y rehacer, ya est\u00e1 aqu\u00ed. Es el nuevo MP4-31, el monoplaza que McLaren-Honda desvel\u00f3 ayer en Montmel\u00f3 y que conducir\u00e1n Fernando Alonso y Jenson Button, equipado con el motor Honda RA616H. El MP4-31 es una evoluci\u00f3n madurada del coche del a\u00f1o pasado, con un dise\u00f1o diferente, arriesgado y [&hellip;]<\/p>\n","protected":false},"author":1,"featured_media":860692,"comment_status":"closed","ping_status":"closed","sticky":false,"template":"","format":"standard","meta":{"footnotes":""},"categories":[1],"tags":[],"class_list":["post-861253","post","type-post","status-publish","format-standard","has-post-thumbnail","hentry","category-actualidad"],"aioseo_notices":[],"aioseo_head":"\n\t\t<!-- All in One SEO Pro 4.9.6.2 - aioseo.com -->\n\t<meta name=\"description\" content=\"Tras meses de trabajar, pensar, hacer, repensar y rehacer, ya est\u00e1 aqu\u00ed. Es el nuevo MP4-31, el monoplaza que McLaren-Honda desvel\u00f3 ayer en Montmel\u00f3 y que conducir\u00e1n Fernando Alonso y Jenson Button, equipado con el motor Honda RA616H. El MP4-31 es una evoluci\u00f3n madurada del coche del a\u00f1o pasado, con un dise\u00f1o diferente, arriesgado y\" \/>\n\t<meta name=\"robots\" content=\"max-image-preview:large\" \/>\n\t<meta name=\"author\" content=\"El Digital de Asturias\"\/>\n\t<meta name=\"google-site-verification\" content=\"UA-38556648-1\" \/>\n\t<meta name=\"msvalidate.01\" content=\"7dfe9f3f1b24437ab69f4f2559babe99\" \/>\n\t<meta name=\"keywords\" content=\"actualidad\" \/>\n\t<link rel=\"canonical\" href=\"https:\/\/www.eldigitaldeasturias.com\/noticias\/fernando-alonso-y-jenson-button-ya-tienen-su-nuevo-mp4-31\/\" \/>\n\t<meta name=\"generator\" content=\"All in One SEO Pro (AIOSEO) 4.9.6.2\" \/>\n\t\t<meta property=\"og:locale\" content=\"es_ES\" \/>\n\t\t<meta property=\"og:site_name\" content=\"El Digital de Asturias\" \/>\n\t\t<meta property=\"og:type\" content=\"article\" \/>\n\t\t<meta property=\"og:title\" content=\"Fernando Alonso y Jenson Button ya tienen su nuevo MP4-31 - El Digital de Asturias\" \/>\n\t\t<meta property=\"og:description\" content=\"Tras meses de trabajar, pensar, hacer, repensar y rehacer, ya est\u00e1 aqu\u00ed. Es el nuevo MP4-31, el monoplaza que McLaren-Honda desvel\u00f3 ayer en Montmel\u00f3 y que conducir\u00e1n Fernando Alonso y Jenson Button, equipado con el motor Honda RA616H. El MP4-31 es una evoluci\u00f3n madurada del coche del a\u00f1o pasado, con un dise\u00f1o diferente, arriesgado y\" \/>\n\t\t<meta property=\"og:url\" content=\"https:\/\/www.eldigitaldeasturias.com\/noticias\/fernando-alonso-y-jenson-button-ya-tienen-su-nuevo-mp4-31\/\" \/>\n\t\t<meta property=\"og:image\" content=\"https:\/\/www.eldigitaldeasturias.com\/noticias\/wp-content\/uploads\/2016\/02\/fotonoticia_20160221142456_800.jpg\" \/>\n\t\t<meta property=\"og:image:secure_url\" content=\"https:\/\/www.eldigitaldeasturias.com\/noticias\/wp-content\/uploads\/2016\/02\/fotonoticia_20160221142456_800.jpg\" \/>\n\t\t<meta property=\"og:image:width\" content=\"800\" \/>\n\t\t<meta property=\"og:image:height\" content=\"533\" \/>\n\t\t<meta property=\"article:tag\" content=\"actualidad\" \/>\n\t\t<meta property=\"article:published_time\" content=\"2016-02-23T10:32:57+00:00\" \/>\n\t\t<meta property=\"article:modified_time\" content=\"2016-02-23T10:32:57+00:00\" \/>\n\t\t<meta property=\"article:publisher\" content=\"https:\/\/facebook.com\/eldigitaldeasturias\" \/>\n\t\t<meta name=\"twitter:card\" content=\"summary_large_image\" \/>\n\t\t<meta name=\"twitter:title\" content=\"Fernando Alonso y Jenson Button ya tienen su nuevo MP4-31 - El Digital de Asturias\" \/>\n\t\t<meta name=\"twitter:description\" content=\"Tras meses de trabajar, pensar, hacer, repensar y rehacer, ya est\u00e1 aqu\u00ed. Es el nuevo MP4-31, el monoplaza que McLaren-Honda desvel\u00f3 ayer en Montmel\u00f3 y que conducir\u00e1n Fernando Alonso y Jenson Button, equipado con el motor Honda RA616H. El MP4-31 es una evoluci\u00f3n madurada del coche del a\u00f1o pasado, con un dise\u00f1o diferente, arriesgado y\" \/>\n\t\t<meta name=\"twitter:image\" content=\"https:\/\/www.eldigitaldeasturias.com\/noticias\/wp-content\/uploads\/2016\/02\/fotonoticia_20160221142456_800.jpg\" \/>\n\t\t<meta name=\"twitter:label1\" content=\"Escrito por\" \/>\n\t\t<meta name=\"twitter:data1\" content=\"El Digital de Asturias\" \/>\n\t\t<meta name=\"twitter:label2\" content=\"Tiempo de lectura estimado\" \/>\n\t\t<meta name=\"twitter:data2\" content=\"4 minutos\" \/>\n\t\t<script type=\"application\/ld+json\" class=\"aioseo-schema\">\n\t\t\t{\"@context\":\"https:\\\/\\\/schema.org\",\"@graph\":[{\"@type\":\"BlogPosting\",\"@id\":\"https:\\\/\\\/www.eldigitaldeasturias.com\\\/noticias\\\/fernando-alonso-y-jenson-button-ya-tienen-su-nuevo-mp4-31\\\/#blogposting\",\"name\":\"Fernando Alonso y Jenson Button ya tienen su nuevo MP4-31 - El Digital de Asturias\",\"headline\":\"Fernando Alonso y Jenson Button ya tienen su nuevo MP4-31\",\"author\":{\"@id\":\"https:\\\/\\\/www.eldigitaldeasturias.com\\\/noticias\\\/author\\\/admin\\\/#author\"},\"publisher\":{\"@id\":\"https:\\\/\\\/www.eldigitaldeasturias.com\\\/noticias\\\/#organization\"},\"image\":{\"@type\":\"ImageObject\",\"url\":\"https:\\\/\\\/www.eldigitaldeasturias.com\\\/noticias\\\/wp-content\\\/uploads\\\/2016\\\/02\\\/fotonoticia_20160221142456_800.jpg\",\"width\":800,\"height\":533},\"datePublished\":\"2016-02-23T10:32:57+01:00\",\"dateModified\":\"2016-02-23T10:32:57+01:00\",\"inLanguage\":\"es-ES\",\"mainEntityOfPage\":{\"@id\":\"https:\\\/\\\/www.eldigitaldeasturias.com\\\/noticias\\\/fernando-alonso-y-jenson-button-ya-tienen-su-nuevo-mp4-31\\\/#webpage\"},\"isPartOf\":{\"@id\":\"https:\\\/\\\/www.eldigitaldeasturias.com\\\/noticias\\\/fernando-alonso-y-jenson-button-ya-tienen-su-nuevo-mp4-31\\\/#webpage\"},\"articleSection\":\"Actualidad\"},{\"@type\":\"BreadcrumbList\",\"@id\":\"https:\\\/\\\/www.eldigitaldeasturias.com\\\/noticias\\\/fernando-alonso-y-jenson-button-ya-tienen-su-nuevo-mp4-31\\\/#breadcrumblist\",\"itemListElement\":[{\"@type\":\"ListItem\",\"@id\":\"https:\\\/\\\/www.eldigitaldeasturias.com\\\/noticias#listItem\",\"position\":1,\"name\":\"Home\",\"item\":\"https:\\\/\\\/www.eldigitaldeasturias.com\\\/noticias\",\"nextItem\":{\"@type\":\"ListItem\",\"@id\":\"https:\\\/\\\/www.eldigitaldeasturias.com\\\/noticias\\\/category\\\/actualidad\\\/#listItem\",\"name\":\"Actualidad\"}},{\"@type\":\"ListItem\",\"@id\":\"https:\\\/\\\/www.eldigitaldeasturias.com\\\/noticias\\\/category\\\/actualidad\\\/#listItem\",\"position\":2,\"name\":\"Actualidad\",\"item\":\"https:\\\/\\\/www.eldigitaldeasturias.com\\\/noticias\\\/category\\\/actualidad\\\/\",\"nextItem\":{\"@type\":\"ListItem\",\"@id\":\"https:\\\/\\\/www.eldigitaldeasturias.com\\\/noticias\\\/fernando-alonso-y-jenson-button-ya-tienen-su-nuevo-mp4-31\\\/#listItem\",\"name\":\"Fernando Alonso y Jenson Button ya tienen su nuevo MP4-31\"},\"previousItem\":{\"@type\":\"ListItem\",\"@id\":\"https:\\\/\\\/www.eldigitaldeasturias.com\\\/noticias#listItem\",\"name\":\"Home\"}},{\"@type\":\"ListItem\",\"@id\":\"https:\\\/\\\/www.eldigitaldeasturias.com\\\/noticias\\\/fernando-alonso-y-jenson-button-ya-tienen-su-nuevo-mp4-31\\\/#listItem\",\"position\":3,\"name\":\"Fernando Alonso y Jenson Button ya tienen su nuevo MP4-31\",\"previousItem\":{\"@type\":\"ListItem\",\"@id\":\"https:\\\/\\\/www.eldigitaldeasturias.com\\\/noticias\\\/category\\\/actualidad\\\/#listItem\",\"name\":\"Actualidad\"}}]},{\"@type\":\"Organization\",\"@id\":\"https:\\\/\\\/www.eldigitaldeasturias.com\\\/noticias\\\/#organization\",\"name\":\"El Digital de Asturias\",\"description\":\"Hemeroteca\",\"url\":\"https:\\\/\\\/www.eldigitaldeasturias.com\\\/noticias\\\/\",\"email\":\"info@eldigitaldeasturias.com\",\"telephone\":\"+34652131393\",\"logo\":{\"@type\":\"ImageObject\",\"url\":\"https:\\\/\\\/www.eldigitaldeasturias.com\\\/noticias\\\/wp-content\\\/uploads\\\/2020\\\/12\\\/EDA.jpg\",\"@id\":\"https:\\\/\\\/www.eldigitaldeasturias.com\\\/noticias\\\/fernando-alonso-y-jenson-button-ya-tienen-su-nuevo-mp4-31\\\/#organizationLogo\",\"width\":649,\"height\":297},\"image\":{\"@id\":\"https:\\\/\\\/www.eldigitaldeasturias.com\\\/noticias\\\/fernando-alonso-y-jenson-button-ya-tienen-su-nuevo-mp4-31\\\/#organizationLogo\"},\"sameAs\":[\"https:\\\/\\\/facebook.com\\\/eldigitaldeasturias\",\"https:\\\/\\\/www.youtube.com\\\/channel\\\/UCZP-2wLEB9Rv6erhFmqVnvg\"],\"address\":{\"@id\":\"https:\\\/\\\/www.eldigitaldeasturias.com\\\/noticias\\\/#postaladdress\",\"@type\":\"PostalAddress\",\"streetAddress\":\"san antonio 4,\",\"postalCode\":\"33430\",\"addressLocality\":\"Cand\\u00e1s\",\"addressRegion\":\"Asturias\",\"addressCountry\":\"ES\"}},{\"@type\":\"Person\",\"@id\":\"https:\\\/\\\/www.eldigitaldeasturias.com\\\/noticias\\\/author\\\/admin\\\/#author\",\"url\":\"https:\\\/\\\/www.eldigitaldeasturias.com\\\/noticias\\\/author\\\/admin\\\/\",\"name\":\"El Digital de Asturias\",\"image\":{\"@type\":\"ImageObject\",\"@id\":\"https:\\\/\\\/www.eldigitaldeasturias.com\\\/noticias\\\/fernando-alonso-y-jenson-button-ya-tienen-su-nuevo-mp4-31\\\/#authorImage\",\"url\":\"https:\\\/\\\/www.eldigitaldeasturias.com\\\/noticias\\\/wp-content\\\/litespeed\\\/avatar\\\/18677e78aa0546b92d9dbf31ec7d7668.jpg?ver=1777290358\",\"width\":96,\"height\":96,\"caption\":\"El Digital de Asturias\"}},{\"@type\":\"WebPage\",\"@id\":\"https:\\\/\\\/www.eldigitaldeasturias.com\\\/noticias\\\/fernando-alonso-y-jenson-button-ya-tienen-su-nuevo-mp4-31\\\/#webpage\",\"url\":\"https:\\\/\\\/www.eldigitaldeasturias.com\\\/noticias\\\/fernando-alonso-y-jenson-button-ya-tienen-su-nuevo-mp4-31\\\/\",\"name\":\"Fernando Alonso y Jenson Button ya tienen su nuevo MP4-31 - El Digital de Asturias\",\"description\":\"Tras meses de trabajar, pensar, hacer, repensar y rehacer, ya est\\u00e1 aqu\\u00ed. Es el nuevo MP4-31, el monoplaza que McLaren-Honda desvel\\u00f3 ayer en Montmel\\u00f3 y que conducir\\u00e1n Fernando Alonso y Jenson Button, equipado con el motor Honda RA616H. El MP4-31 es una evoluci\\u00f3n madurada del coche del a\\u00f1o pasado, con un dise\\u00f1o diferente, arriesgado y\",\"inLanguage\":\"es-ES\",\"isPartOf\":{\"@id\":\"https:\\\/\\\/www.eldigitaldeasturias.com\\\/noticias\\\/#website\"},\"breadcrumb\":{\"@id\":\"https:\\\/\\\/www.eldigitaldeasturias.com\\\/noticias\\\/fernando-alonso-y-jenson-button-ya-tienen-su-nuevo-mp4-31\\\/#breadcrumblist\"},\"author\":{\"@id\":\"https:\\\/\\\/www.eldigitaldeasturias.com\\\/noticias\\\/author\\\/admin\\\/#author\"},\"creator\":{\"@id\":\"https:\\\/\\\/www.eldigitaldeasturias.com\\\/noticias\\\/author\\\/admin\\\/#author\"},\"image\":{\"@type\":\"ImageObject\",\"url\":\"https:\\\/\\\/www.eldigitaldeasturias.com\\\/noticias\\\/wp-content\\\/uploads\\\/2016\\\/02\\\/fotonoticia_20160221142456_800.jpg\",\"@id\":\"https:\\\/\\\/www.eldigitaldeasturias.com\\\/noticias\\\/fernando-alonso-y-jenson-button-ya-tienen-su-nuevo-mp4-31\\\/#mainImage\",\"width\":800,\"height\":533},\"primaryImageOfPage\":{\"@id\":\"https:\\\/\\\/www.eldigitaldeasturias.com\\\/noticias\\\/fernando-alonso-y-jenson-button-ya-tienen-su-nuevo-mp4-31\\\/#mainImage\"},\"datePublished\":\"2016-02-23T10:32:57+01:00\",\"dateModified\":\"2016-02-23T10:32:57+01:00\"},{\"@type\":\"WebSite\",\"@id\":\"https:\\\/\\\/www.eldigitaldeasturias.com\\\/noticias\\\/#website\",\"url\":\"https:\\\/\\\/www.eldigitaldeasturias.com\\\/noticias\\\/\",\"name\":\"El Digital de Asturias - Diario de actualidad y noticias\",\"alternateName\":\"El Digital de Asturias - Diario de actualidad y noticias\",\"description\":\"Hemeroteca\",\"inLanguage\":\"es-ES\",\"publisher\":{\"@id\":\"https:\\\/\\\/www.eldigitaldeasturias.com\\\/noticias\\\/#organization\"}}]}\n\t\t<\/script>\n\t\t<!-- All in One SEO Pro -->\r\n\t\t<title>Fernando Alonso y Jenson Button ya tienen su nuevo MP4-31 - El Digital de Asturias<\/title>\n\n","aioseo_head_json":{"title":"Fernando Alonso y Jenson Button ya tienen su nuevo MP4-31 - El Digital de Asturias","description":"Tras meses de trabajar, pensar, hacer, repensar y rehacer, ya est\u00e1 aqu\u00ed. Es el nuevo MP4-31, el monoplaza que McLaren-Honda desvel\u00f3 ayer en Montmel\u00f3 y que conducir\u00e1n Fernando Alonso y Jenson Button, equipado con el motor Honda RA616H. El MP4-31 es una evoluci\u00f3n madurada del coche del a\u00f1o pasado, con un dise\u00f1o diferente, arriesgado y","canonical_url":"https:\/\/www.eldigitaldeasturias.com\/noticias\/fernando-alonso-y-jenson-button-ya-tienen-su-nuevo-mp4-31\/","robots":"max-image-preview:large","keywords":"actualidad","webmasterTools":{"google-site-verification":"UA-38556648-1","msvalidate.01":"7dfe9f3f1b24437ab69f4f2559babe99","miscellaneous":""},"schema":{"@context":"https:\/\/schema.org","@graph":[{"@type":"BlogPosting","@id":"https:\/\/www.eldigitaldeasturias.com\/noticias\/fernando-alonso-y-jenson-button-ya-tienen-su-nuevo-mp4-31\/#blogposting","name":"Fernando Alonso y Jenson Button ya tienen su nuevo MP4-31 - El Digital de Asturias","headline":"Fernando Alonso y Jenson Button ya tienen su nuevo MP4-31","author":{"@id":"https:\/\/www.eldigitaldeasturias.com\/noticias\/author\/admin\/#author"},"publisher":{"@id":"https:\/\/www.eldigitaldeasturias.com\/noticias\/#organization"},"image":{"@type":"ImageObject","url":"https:\/\/www.eldigitaldeasturias.com\/noticias\/wp-content\/uploads\/2016\/02\/fotonoticia_20160221142456_800.jpg","width":800,"height":533},"datePublished":"2016-02-23T10:32:57+01:00","dateModified":"2016-02-23T10:32:57+01:00","inLanguage":"es-ES","mainEntityOfPage":{"@id":"https:\/\/www.eldigitaldeasturias.com\/noticias\/fernando-alonso-y-jenson-button-ya-tienen-su-nuevo-mp4-31\/#webpage"},"isPartOf":{"@id":"https:\/\/www.eldigitaldeasturias.com\/noticias\/fernando-alonso-y-jenson-button-ya-tienen-su-nuevo-mp4-31\/#webpage"},"articleSection":"Actualidad"},{"@type":"BreadcrumbList","@id":"https:\/\/www.eldigitaldeasturias.com\/noticias\/fernando-alonso-y-jenson-button-ya-tienen-su-nuevo-mp4-31\/#breadcrumblist","itemListElement":[{"@type":"ListItem","@id":"https:\/\/www.eldigitaldeasturias.com\/noticias#listItem","position":1,"name":"Home","item":"https:\/\/www.eldigitaldeasturias.com\/noticias","nextItem":{"@type":"ListItem","@id":"https:\/\/www.eldigitaldeasturias.com\/noticias\/category\/actualidad\/#listItem","name":"Actualidad"}},{"@type":"ListItem","@id":"https:\/\/www.eldigitaldeasturias.com\/noticias\/category\/actualidad\/#listItem","position":2,"name":"Actualidad","item":"https:\/\/www.eldigitaldeasturias.com\/noticias\/category\/actualidad\/","nextItem":{"@type":"ListItem","@id":"https:\/\/www.eldigitaldeasturias.com\/noticias\/fernando-alonso-y-jenson-button-ya-tienen-su-nuevo-mp4-31\/#listItem","name":"Fernando Alonso y Jenson Button ya tienen su nuevo MP4-31"},"previousItem":{"@type":"ListItem","@id":"https:\/\/www.eldigitaldeasturias.com\/noticias#listItem","name":"Home"}},{"@type":"ListItem","@id":"https:\/\/www.eldigitaldeasturias.com\/noticias\/fernando-alonso-y-jenson-button-ya-tienen-su-nuevo-mp4-31\/#listItem","position":3,"name":"Fernando Alonso y Jenson Button ya tienen su nuevo MP4-31","previousItem":{"@type":"ListItem","@id":"https:\/\/www.eldigitaldeasturias.com\/noticias\/category\/actualidad\/#listItem","name":"Actualidad"}}]},{"@type":"Organization","@id":"https:\/\/www.eldigitaldeasturias.com\/noticias\/#organization","name":"El Digital de Asturias","description":"Hemeroteca","url":"https:\/\/www.eldigitaldeasturias.com\/noticias\/","email":"info@eldigitaldeasturias.com","telephone":"+34652131393","logo":{"@type":"ImageObject","url":"https:\/\/www.eldigitaldeasturias.com\/noticias\/wp-content\/uploads\/2020\/12\/EDA.jpg","@id":"https:\/\/www.eldigitaldeasturias.com\/noticias\/fernando-alonso-y-jenson-button-ya-tienen-su-nuevo-mp4-31\/#organizationLogo","width":649,"height":297},"image":{"@id":"https:\/\/www.eldigitaldeasturias.com\/noticias\/fernando-alonso-y-jenson-button-ya-tienen-su-nuevo-mp4-31\/#organizationLogo"},"sameAs":["https:\/\/facebook.com\/eldigitaldeasturias","https:\/\/www.youtube.com\/channel\/UCZP-2wLEB9Rv6erhFmqVnvg"],"address":{"@id":"https:\/\/www.eldigitaldeasturias.com\/noticias\/#postaladdress","@type":"PostalAddress","streetAddress":"san antonio 4,","postalCode":"33430","addressLocality":"Cand\u00e1s","addressRegion":"Asturias","addressCountry":"ES"}},{"@type":"Person","@id":"https:\/\/www.eldigitaldeasturias.com\/noticias\/author\/admin\/#author","url":"https:\/\/www.eldigitaldeasturias.com\/noticias\/author\/admin\/","name":"El Digital de Asturias","image":{"@type":"ImageObject","@id":"https:\/\/www.eldigitaldeasturias.com\/noticias\/fernando-alonso-y-jenson-button-ya-tienen-su-nuevo-mp4-31\/#authorImage","url":"https:\/\/www.eldigitaldeasturias.com\/noticias\/wp-content\/litespeed\/avatar\/18677e78aa0546b92d9dbf31ec7d7668.jpg?ver=1777290358","width":96,"height":96,"caption":"El Digital de Asturias"}},{"@type":"WebPage","@id":"https:\/\/www.eldigitaldeasturias.com\/noticias\/fernando-alonso-y-jenson-button-ya-tienen-su-nuevo-mp4-31\/#webpage","url":"https:\/\/www.eldigitaldeasturias.com\/noticias\/fernando-alonso-y-jenson-button-ya-tienen-su-nuevo-mp4-31\/","name":"Fernando Alonso y Jenson Button ya tienen su nuevo MP4-31 - El Digital de Asturias","description":"Tras meses de trabajar, pensar, hacer, repensar y rehacer, ya est\u00e1 aqu\u00ed. Es el nuevo MP4-31, el monoplaza que McLaren-Honda desvel\u00f3 ayer en Montmel\u00f3 y que conducir\u00e1n Fernando Alonso y Jenson Button, equipado con el motor Honda RA616H. El MP4-31 es una evoluci\u00f3n madurada del coche del a\u00f1o pasado, con un dise\u00f1o diferente, arriesgado y","inLanguage":"es-ES","isPartOf":{"@id":"https:\/\/www.eldigitaldeasturias.com\/noticias\/#website"},"breadcrumb":{"@id":"https:\/\/www.eldigitaldeasturias.com\/noticias\/fernando-alonso-y-jenson-button-ya-tienen-su-nuevo-mp4-31\/#breadcrumblist"},"author":{"@id":"https:\/\/www.eldigitaldeasturias.com\/noticias\/author\/admin\/#author"},"creator":{"@id":"https:\/\/www.eldigitaldeasturias.com\/noticias\/author\/admin\/#author"},"image":{"@type":"ImageObject","url":"https:\/\/www.eldigitaldeasturias.com\/noticias\/wp-content\/uploads\/2016\/02\/fotonoticia_20160221142456_800.jpg","@id":"https:\/\/www.eldigitaldeasturias.com\/noticias\/fernando-alonso-y-jenson-button-ya-tienen-su-nuevo-mp4-31\/#mainImage","width":800,"height":533},"primaryImageOfPage":{"@id":"https:\/\/www.eldigitaldeasturias.com\/noticias\/fernando-alonso-y-jenson-button-ya-tienen-su-nuevo-mp4-31\/#mainImage"},"datePublished":"2016-02-23T10:32:57+01:00","dateModified":"2016-02-23T10:32:57+01:00"},{"@type":"WebSite","@id":"https:\/\/www.eldigitaldeasturias.com\/noticias\/#website","url":"https:\/\/www.eldigitaldeasturias.com\/noticias\/","name":"El Digital de Asturias - Diario de actualidad y noticias","alternateName":"El Digital de Asturias - Diario de actualidad y noticias","description":"Hemeroteca","inLanguage":"es-ES","publisher":{"@id":"https:\/\/www.eldigitaldeasturias.com\/noticias\/#organization"}}]},"og:locale":"es_ES","og:site_name":"El Digital de Asturias","og:type":"article","og:title":"Fernando Alonso y Jenson Button ya tienen su nuevo MP4-31 - El Digital de Asturias","og:description":"Tras meses de trabajar, pensar, hacer, repensar y rehacer, ya est\u00e1 aqu\u00ed. Es el nuevo MP4-31, el monoplaza que McLaren-Honda desvel\u00f3 ayer en Montmel\u00f3 y que conducir\u00e1n Fernando Alonso y Jenson Button, equipado con el motor Honda RA616H. El MP4-31 es una evoluci\u00f3n madurada del coche del a\u00f1o pasado, con un dise\u00f1o diferente, arriesgado y","og:url":"https:\/\/www.eldigitaldeasturias.com\/noticias\/fernando-alonso-y-jenson-button-ya-tienen-su-nuevo-mp4-31\/","og:image":"https:\/\/www.eldigitaldeasturias.com\/noticias\/wp-content\/uploads\/2016\/02\/fotonoticia_20160221142456_800.jpg","og:image:secure_url":"https:\/\/www.eldigitaldeasturias.com\/noticias\/wp-content\/uploads\/2016\/02\/fotonoticia_20160221142456_800.jpg","og:image:width":800,"og:image:height":533,"article:tag":["actualidad"],"article:published_time":"2016-02-23T10:32:57+00:00","article:modified_time":"2016-02-23T10:32:57+00:00","article:publisher":"https:\/\/facebook.com\/eldigitaldeasturias","twitter:card":"summary_large_image","twitter:title":"Fernando Alonso y Jenson Button ya tienen su nuevo MP4-31 - El Digital de Asturias","twitter:description":"Tras meses de trabajar, pensar, hacer, repensar y rehacer, ya est\u00e1 aqu\u00ed. Es el nuevo MP4-31, el monoplaza que McLaren-Honda desvel\u00f3 ayer en Montmel\u00f3 y que conducir\u00e1n Fernando Alonso y Jenson Button, equipado con el motor Honda RA616H. El MP4-31 es una evoluci\u00f3n madurada del coche del a\u00f1o pasado, con un dise\u00f1o diferente, arriesgado y","twitter:image":"https:\/\/www.eldigitaldeasturias.com\/noticias\/wp-content\/uploads\/2016\/02\/fotonoticia_20160221142456_800.jpg","twitter:label1":"Escrito por","twitter:data1":"El Digital de Asturias","twitter:label2":"Tiempo de lectura estimado","twitter:data2":"4 minutos"},"aioseo_meta_data":{"post_id":"861253","title":null,"description":null,"keywords":null,"keyphrases":null,"primary_term":null,"canonical_url":null,"og_title":null,"og_description":null,"og_object_type":"default","og_image_type":"default","og_image_url":null,"og_image_width":null,"og_image_height":null,"og_image_custom_url":null,"og_image_custom_fields":null,"og_video":null,"og_custom_url":null,"og_article_section":null,"og_article_tags":null,"twitter_use_og":false,"twitter_card":"default","twitter_image_type":"default","twitter_image_url":null,"twitter_image_custom_url":null,"twitter_image_custom_fields":null,"twitter_title":null,"twitter_description":null,"schema":{"blockGraphs":[],"customGraphs":[],"default":{"data":{"Article":[],"Course":[],"Dataset":[],"FAQPage":[],"Movie":[],"Person":[],"Product":[],"ProductReview":[],"Car":[],"Recipe":[],"Service":[],"SoftwareApplication":[],"WebPage":[]},"graphName":"","isEnabled":true},"graphs":[],"defaultGraph":"","defaultPostTypeGraph":""},"schema_type":null,"schema_type_options":null,"pillar_content":false,"robots_default":true,"robots_noindex":false,"robots_noarchive":false,"robots_nosnippet":false,"robots_nofollow":false,"robots_noimageindex":false,"robots_noodp":false,"robots_notranslate":false,"robots_max_snippet":null,"robots_max_videopreview":null,"robots_max_imagepreview":"large","priority":null,"frequency":null,"local_seo":null,"seo_analyzer_scan_date":"2025-12-10 20:40:17","breadcrumb_settings":null,"limit_modified_date":false,"open_ai":null,"ai":null,"created":"2021-01-23 15:00:19","updated":"2025-12-10 20:40:17"},"aioseo_breadcrumb":"<div class=\"aioseo-breadcrumbs\"><span class=\"aioseo-breadcrumb\">\n\t<a href=\"https:\/\/www.eldigitaldeasturias.com\/noticias\" title=\"Home\">Home<\/a>\n<\/span><span class=\"aioseo-breadcrumb-separator\">\u2013<\/span><span class=\"aioseo-breadcrumb\">\n\t<a href=\"https:\/\/www.eldigitaldeasturias.com\/noticias\/category\/actualidad\/\" title=\"Actualidad\">Actualidad<\/a>\n<\/span><span class=\"aioseo-breadcrumb-separator\">\u2013<\/span><span class=\"aioseo-breadcrumb\">\n\t<a href=\"https:\/\/www.eldigitaldeasturias.com\/noticias\/fernando-alonso-y-jenson-button-ya-tienen-su-nuevo-mp4-31\/\" title=\"Fernando Alonso y Jenson Button ya tienen su nuevo MP4-31\">Fernando Alonso y Jenson Button ya tienen su nuevo MP4-31<\/a>\n<\/span><\/div>","aioseo_breadcrumb_json":[{"label":"Home","link":"https:\/\/www.eldigitaldeasturias.com\/noticias"},{"label":"Actualidad","link":"https:\/\/www.eldigitaldeasturias.com\/noticias\/category\/actualidad\/"},{"label":"Fernando Alonso y Jenson Button ya tienen su nuevo MP4-31","link":"https:\/\/www.eldigitaldeasturias.com\/noticias\/fernando-alonso-y-jenson-button-ya-tienen-su-nuevo-mp4-31\/"}],"_links":{"self":[{"href":"https:\/\/www.eldigitaldeasturias.com\/noticias\/wp-json\/wp\/v2\/posts\/861253","targetHints":{"allow":["GET"]}}],"collection":[{"href":"https:\/\/www.eldigitaldeasturias.com\/noticias\/wp-json\/wp\/v2\/posts"}],"about":[{"href":"https:\/\/www.eldigitaldeasturias.com\/noticias\/wp-json\/wp\/v2\/types\/post"}],"author":[{"embeddable":true,"href":"https:\/\/www.eldigitaldeasturias.com\/noticias\/wp-json\/wp\/v2\/users\/1"}],"replies":[{"embeddable":true,"href":"https:\/\/www.eldigitaldeasturias.com\/noticias\/wp-json\/wp\/v2\/comments?post=861253"}],"version-history":[{"count":0,"href":"https:\/\/www.eldigitaldeasturias.com\/noticias\/wp-json\/wp\/v2\/posts\/861253\/revisions"}],"wp:featuredmedia":[{"embeddable":true,"href":"https:\/\/www.eldigitaldeasturias.com\/noticias\/wp-json\/wp\/v2\/media\/860692"}],"wp:attachment":[{"href":"https:\/\/www.eldigitaldeasturias.com\/noticias\/wp-json\/wp\/v2\/media?parent=861253"}],"wp:term":[{"taxonomy":"category","embeddable":true,"href":"https:\/\/www.eldigitaldeasturias.com\/noticias\/wp-json\/wp\/v2\/categories?post=861253"},{"taxonomy":"post_tag","embeddable":true,"href":"https:\/\/www.eldigitaldeasturias.com\/noticias\/wp-json\/wp\/v2\/tags?post=861253"}],"curies":[{"name":"wp","href":"https:\/\/api.w.org\/{rel}","templated":true}]}}