{"id":861250,"date":"2016-02-23T10:29:57","date_gmt":"2016-02-23T10:29:57","guid":{"rendered":"http:\/\/www.eldigitaldeasturias.com\/noticias\/?p=861250"},"modified":"2016-02-23T10:29:57","modified_gmt":"2016-02-23T10:29:57","slug":"el-tiempo-en-espana-martes-23-de-febrero-2016","status":"publish","type":"post","link":"https:\/\/www.eldigitaldeasturias.com\/noticias\/el-tiempo-en-espana-martes-23-de-febrero-2016\/","title":{"rendered":"El tiempo en Espa\u00f1a, martes 23 de febrero 2016"},"content":{"rendered":"<p><img loading=\"lazy\" decoding=\"async\" class=\"alignleft size-medium wp-image-861251\" src=\"https:\/\/www.eldigitaldeasturias.com\/noticias\/wp-content\/uploads\/2016\/02\/fotonoticia_20160223100542_800-360x270.jpg\" alt=\"fotonoticia_20160223100542_800\" width=\"360\" height=\"270\" srcset=\"https:\/\/www.eldigitaldeasturias.com\/noticias\/wp-content\/uploads\/2016\/02\/fotonoticia_20160223100542_800-360x270.jpg 360w, https:\/\/www.eldigitaldeasturias.com\/noticias\/wp-content\/uploads\/2016\/02\/fotonoticia_20160223100542_800-768x576.jpg 768w, https:\/\/www.eldigitaldeasturias.com\/noticias\/wp-content\/uploads\/2016\/02\/fotonoticia_20160223100542_800-650x488.jpg 650w, https:\/\/www.eldigitaldeasturias.com\/noticias\/wp-content\/uploads\/2016\/02\/fotonoticia_20160223100542_800-125x95.jpg 125w, https:\/\/www.eldigitaldeasturias.com\/noticias\/wp-content\/uploads\/2016\/02\/fotonoticia_20160223100542_800-100x75.jpg 100w, https:\/\/www.eldigitaldeasturias.com\/noticias\/wp-content\/uploads\/2016\/02\/fotonoticia_20160223100542_800.jpg 800w\" sizes=\"auto, (max-width: 360px) 100vw, 360px\" \/>Los cielos estar\u00e1n este martes nubosos o con intervalos nubosos en el extremo norte peninsular y ser\u00e1n m\u00e1s abundantes en Galicia, donde no se descartan algunas lluvias d\u00e9biles y dispersas, que en el Pirineo, ser\u00e1n en forma de nieve, seg\u00fan la Agencia Estatal de Meteorolog\u00eda (AEMET).<\/p>\n<p>Adem\u00e1s, la AEMET espera tambi\u00e9n intervalos de nubes bajas o nieblas en la meseta norte y al principio en Extremadura y Andaluc\u00eda occidental, aunque tender\u00e1n a desaparecer a lo largo del d\u00eda.<\/p>\n<p>En el resto de la Pen\u00ednsula y Baleares este martes ser\u00e1 un d\u00eda poco nuboso o despejado mientras que en Canarias el cielo estar\u00e1 nuboso en el norte de las islas de mayor relieve y no se descarta alguna lluvia d\u00e9bil e intervalos nubosos en las islas orientales. En el sur del archipi\u00e9lago estar\u00e1 poco nuboso.<\/p>\n<p>Respecto a la cota de nieve, la AEMET espera que se sit\u00fae entre 1.200 y 1.400 metros en Pirineos y en las zonas cercanas y prev\u00e9 que las temperaturas diurnas desciendan, excepto en zonas del noroeste peninsular, parte del \u00e1rea mediterr\u00e1nea y Canarias, donde aumentar\u00e1n o permanecer\u00e1n con pocos cambios.<\/p>\n<p>Tambi\u00e9n se prev\u00e9n heladas d\u00e9biles en zonas de monta\u00f1a y aleda\u00f1as de la mitad norte y sierras del sudeste peninsulares.<\/p>\n<p>El viento soplar\u00e1 desde el oeste en la Pen\u00ednsula y Baleares y ser\u00e1 de car\u00e1cter flojo en el el centro y suroeste, y con algunos intervalos de fuerte en el litoral noroeste de Galicia y en la desembocadura del Ebro, con rachas en zonas de monta\u00f1a del tercio oriental peninsular.<\/p>\n<p>Por ello, la AEMET ha activado el aviso por riesgo (amarillo) en el prelitoral sur de Tarragona, donde se esperan rachas de hasta 70 kil\u00f3metros por hora. Tambi\u00e9n, soplar\u00e1 el viento en Canarias, donde llegar\u00e1 desde el noreste y habr\u00e1 algunos intervalos de fuerte en las islas occidentales.<\/p>\n","protected":false},"excerpt":{"rendered":"<p>Los cielos estar\u00e1n este martes nubosos o con intervalos nubosos en el extremo norte peninsular y ser\u00e1n m\u00e1s abundantes en Galicia, donde no se descartan algunas lluvias d\u00e9biles y dispersas, que en el Pirineo, ser\u00e1n en forma de nieve, seg\u00fan la Agencia Estatal de Meteorolog\u00eda (AEMET). Adem\u00e1s, la AEMET espera tambi\u00e9n intervalos de nubes bajas [&hellip;]<\/p>\n","protected":false},"author":1,"featured_media":861251,"comment_status":"closed","ping_status":"closed","sticky":false,"template":"","format":"standard","meta":{"footnotes":""},"categories":[2],"tags":[],"class_list":["post-861250","post","type-post","status-publish","format-standard","has-post-thumbnail","hentry","category-agenda"],"aioseo_notices":[],"aioseo_head":"\n\t\t<!-- All in One SEO Pro 4.9.6.2 - aioseo.com -->\n\t<meta name=\"description\" content=\"Los cielos estar\u00e1n este martes nubosos o con intervalos nubosos en el extremo norte peninsular y ser\u00e1n m\u00e1s abundantes en Galicia, donde no se descartan algunas lluvias d\u00e9biles y dispersas, que en el Pirineo, ser\u00e1n en forma de nieve, seg\u00fan la Agencia Estatal de Meteorolog\u00eda (AEMET). Adem\u00e1s, la AEMET espera tambi\u00e9n intervalos de nubes bajas\" \/>\n\t<meta name=\"robots\" content=\"max-image-preview:large\" \/>\n\t<meta name=\"author\" content=\"El Digital de Asturias\"\/>\n\t<meta name=\"google-site-verification\" content=\"UA-38556648-1\" \/>\n\t<meta name=\"msvalidate.01\" content=\"7dfe9f3f1b24437ab69f4f2559babe99\" \/>\n\t<meta name=\"keywords\" content=\"agenda\" \/>\n\t<link rel=\"canonical\" href=\"https:\/\/www.eldigitaldeasturias.com\/noticias\/el-tiempo-en-espana-martes-23-de-febrero-2016\/\" \/>\n\t<meta name=\"generator\" content=\"All in One SEO Pro (AIOSEO) 4.9.6.2\" \/>\n\t\t<meta property=\"og:locale\" content=\"es_ES\" \/>\n\t\t<meta property=\"og:site_name\" content=\"El Digital de Asturias\" \/>\n\t\t<meta property=\"og:type\" content=\"article\" \/>\n\t\t<meta property=\"og:title\" content=\"El tiempo en Espa\u00f1a, martes 23 de febrero 2016 - El Digital de Asturias\" \/>\n\t\t<meta property=\"og:description\" content=\"Los cielos estar\u00e1n este martes nubosos o con intervalos nubosos en el extremo norte peninsular y ser\u00e1n m\u00e1s abundantes en Galicia, donde no se descartan algunas lluvias d\u00e9biles y dispersas, que en el Pirineo, ser\u00e1n en forma de nieve, seg\u00fan la Agencia Estatal de Meteorolog\u00eda (AEMET). Adem\u00e1s, la AEMET espera tambi\u00e9n intervalos de nubes bajas\" \/>\n\t\t<meta property=\"og:url\" content=\"https:\/\/www.eldigitaldeasturias.com\/noticias\/el-tiempo-en-espana-martes-23-de-febrero-2016\/\" \/>\n\t\t<meta property=\"og:image\" content=\"https:\/\/www.eldigitaldeasturias.com\/noticias\/wp-content\/uploads\/2016\/02\/fotonoticia_20160223100542_800.jpg\" \/>\n\t\t<meta property=\"og:image:secure_url\" content=\"https:\/\/www.eldigitaldeasturias.com\/noticias\/wp-content\/uploads\/2016\/02\/fotonoticia_20160223100542_800.jpg\" \/>\n\t\t<meta property=\"og:image:width\" content=\"800\" \/>\n\t\t<meta property=\"og:image:height\" content=\"600\" \/>\n\t\t<meta property=\"article:tag\" content=\"agenda\" \/>\n\t\t<meta property=\"article:published_time\" content=\"2016-02-23T10:29:57+00:00\" \/>\n\t\t<meta property=\"article:modified_time\" content=\"2016-02-23T10:29:57+00:00\" \/>\n\t\t<meta property=\"article:publisher\" content=\"https:\/\/facebook.com\/eldigitaldeasturias\" \/>\n\t\t<meta name=\"twitter:card\" content=\"summary_large_image\" \/>\n\t\t<meta name=\"twitter:title\" content=\"El tiempo en Espa\u00f1a, martes 23 de febrero 2016 - El Digital de Asturias\" \/>\n\t\t<meta name=\"twitter:description\" content=\"Los cielos estar\u00e1n este martes nubosos o con intervalos nubosos en el extremo norte peninsular y ser\u00e1n m\u00e1s abundantes en Galicia, donde no se descartan algunas lluvias d\u00e9biles y dispersas, que en el Pirineo, ser\u00e1n en forma de nieve, seg\u00fan la Agencia Estatal de Meteorolog\u00eda (AEMET). Adem\u00e1s, la AEMET espera tambi\u00e9n intervalos de nubes bajas\" \/>\n\t\t<meta name=\"twitter:image\" content=\"https:\/\/www.eldigitaldeasturias.com\/noticias\/wp-content\/uploads\/2016\/02\/fotonoticia_20160223100542_800.jpg\" \/>\n\t\t<meta name=\"twitter:label1\" content=\"Escrito por\" \/>\n\t\t<meta name=\"twitter:data1\" content=\"El Digital de Asturias\" \/>\n\t\t<meta name=\"twitter:label2\" content=\"Tiempo de lectura estimado\" \/>\n\t\t<meta name=\"twitter:data2\" content=\"2 minutos\" \/>\n\t\t<script type=\"application\/ld+json\" class=\"aioseo-schema\">\n\t\t\t{\"@context\":\"https:\\\/\\\/schema.org\",\"@graph\":[{\"@type\":\"BlogPosting\",\"@id\":\"https:\\\/\\\/www.eldigitaldeasturias.com\\\/noticias\\\/el-tiempo-en-espana-martes-23-de-febrero-2016\\\/#blogposting\",\"name\":\"El tiempo en Espa\\u00f1a, martes 23 de febrero 2016 - El Digital de Asturias\",\"headline\":\"El tiempo en Espa\\u00f1a, martes 23 de febrero 2016\",\"author\":{\"@id\":\"https:\\\/\\\/www.eldigitaldeasturias.com\\\/noticias\\\/author\\\/admin\\\/#author\"},\"publisher\":{\"@id\":\"https:\\\/\\\/www.eldigitaldeasturias.com\\\/noticias\\\/#organization\"},\"image\":{\"@type\":\"ImageObject\",\"url\":\"https:\\\/\\\/www.eldigitaldeasturias.com\\\/noticias\\\/wp-content\\\/uploads\\\/2016\\\/02\\\/fotonoticia_20160223100542_800.jpg\",\"width\":800,\"height\":600},\"datePublished\":\"2016-02-23T10:29:57+01:00\",\"dateModified\":\"2016-02-23T10:29:57+01:00\",\"inLanguage\":\"es-ES\",\"mainEntityOfPage\":{\"@id\":\"https:\\\/\\\/www.eldigitaldeasturias.com\\\/noticias\\\/el-tiempo-en-espana-martes-23-de-febrero-2016\\\/#webpage\"},\"isPartOf\":{\"@id\":\"https:\\\/\\\/www.eldigitaldeasturias.com\\\/noticias\\\/el-tiempo-en-espana-martes-23-de-febrero-2016\\\/#webpage\"},\"articleSection\":\"Agenda\"},{\"@type\":\"BreadcrumbList\",\"@id\":\"https:\\\/\\\/www.eldigitaldeasturias.com\\\/noticias\\\/el-tiempo-en-espana-martes-23-de-febrero-2016\\\/#breadcrumblist\",\"itemListElement\":[{\"@type\":\"ListItem\",\"@id\":\"https:\\\/\\\/www.eldigitaldeasturias.com\\\/noticias#listItem\",\"position\":1,\"name\":\"Home\",\"item\":\"https:\\\/\\\/www.eldigitaldeasturias.com\\\/noticias\",\"nextItem\":{\"@type\":\"ListItem\",\"@id\":\"https:\\\/\\\/www.eldigitaldeasturias.com\\\/noticias\\\/category\\\/agenda\\\/#listItem\",\"name\":\"Agenda\"}},{\"@type\":\"ListItem\",\"@id\":\"https:\\\/\\\/www.eldigitaldeasturias.com\\\/noticias\\\/category\\\/agenda\\\/#listItem\",\"position\":2,\"name\":\"Agenda\",\"item\":\"https:\\\/\\\/www.eldigitaldeasturias.com\\\/noticias\\\/category\\\/agenda\\\/\",\"nextItem\":{\"@type\":\"ListItem\",\"@id\":\"https:\\\/\\\/www.eldigitaldeasturias.com\\\/noticias\\\/el-tiempo-en-espana-martes-23-de-febrero-2016\\\/#listItem\",\"name\":\"El tiempo en Espa\\u00f1a, martes 23 de febrero 2016\"},\"previousItem\":{\"@type\":\"ListItem\",\"@id\":\"https:\\\/\\\/www.eldigitaldeasturias.com\\\/noticias#listItem\",\"name\":\"Home\"}},{\"@type\":\"ListItem\",\"@id\":\"https:\\\/\\\/www.eldigitaldeasturias.com\\\/noticias\\\/el-tiempo-en-espana-martes-23-de-febrero-2016\\\/#listItem\",\"position\":3,\"name\":\"El tiempo en Espa\\u00f1a, martes 23 de febrero 2016\",\"previousItem\":{\"@type\":\"ListItem\",\"@id\":\"https:\\\/\\\/www.eldigitaldeasturias.com\\\/noticias\\\/category\\\/agenda\\\/#listItem\",\"name\":\"Agenda\"}}]},{\"@type\":\"Organization\",\"@id\":\"https:\\\/\\\/www.eldigitaldeasturias.com\\\/noticias\\\/#organization\",\"name\":\"El Digital de Asturias\",\"description\":\"Hemeroteca\",\"url\":\"https:\\\/\\\/www.eldigitaldeasturias.com\\\/noticias\\\/\",\"email\":\"info@eldigitaldeasturias.com\",\"telephone\":\"+34652131393\",\"logo\":{\"@type\":\"ImageObject\",\"url\":\"https:\\\/\\\/www.eldigitaldeasturias.com\\\/noticias\\\/wp-content\\\/uploads\\\/2020\\\/12\\\/EDA.jpg\",\"@id\":\"https:\\\/\\\/www.eldigitaldeasturias.com\\\/noticias\\\/el-tiempo-en-espana-martes-23-de-febrero-2016\\\/#organizationLogo\",\"width\":649,\"height\":297},\"image\":{\"@id\":\"https:\\\/\\\/www.eldigitaldeasturias.com\\\/noticias\\\/el-tiempo-en-espana-martes-23-de-febrero-2016\\\/#organizationLogo\"},\"sameAs\":[\"https:\\\/\\\/facebook.com\\\/eldigitaldeasturias\",\"https:\\\/\\\/www.youtube.com\\\/channel\\\/UCZP-2wLEB9Rv6erhFmqVnvg\"],\"address\":{\"@id\":\"https:\\\/\\\/www.eldigitaldeasturias.com\\\/noticias\\\/#postaladdress\",\"@type\":\"PostalAddress\",\"streetAddress\":\"san antonio 4,\",\"postalCode\":\"33430\",\"addressLocality\":\"Cand\\u00e1s\",\"addressRegion\":\"Asturias\",\"addressCountry\":\"ES\"}},{\"@type\":\"Person\",\"@id\":\"https:\\\/\\\/www.eldigitaldeasturias.com\\\/noticias\\\/author\\\/admin\\\/#author\",\"url\":\"https:\\\/\\\/www.eldigitaldeasturias.com\\\/noticias\\\/author\\\/admin\\\/\",\"name\":\"El Digital de Asturias\",\"image\":{\"@type\":\"ImageObject\",\"@id\":\"https:\\\/\\\/www.eldigitaldeasturias.com\\\/noticias\\\/el-tiempo-en-espana-martes-23-de-febrero-2016\\\/#authorImage\",\"url\":\"https:\\\/\\\/www.eldigitaldeasturias.com\\\/noticias\\\/wp-content\\\/litespeed\\\/avatar\\\/18677e78aa0546b92d9dbf31ec7d7668.jpg?ver=1777290358\",\"width\":96,\"height\":96,\"caption\":\"El Digital de Asturias\"}},{\"@type\":\"WebPage\",\"@id\":\"https:\\\/\\\/www.eldigitaldeasturias.com\\\/noticias\\\/el-tiempo-en-espana-martes-23-de-febrero-2016\\\/#webpage\",\"url\":\"https:\\\/\\\/www.eldigitaldeasturias.com\\\/noticias\\\/el-tiempo-en-espana-martes-23-de-febrero-2016\\\/\",\"name\":\"El tiempo en Espa\\u00f1a, martes 23 de febrero 2016 - El Digital de Asturias\",\"description\":\"Los cielos estar\\u00e1n este martes nubosos o con intervalos nubosos en el extremo norte peninsular y ser\\u00e1n m\\u00e1s abundantes en Galicia, donde no se descartan algunas lluvias d\\u00e9biles y dispersas, que en el Pirineo, ser\\u00e1n en forma de nieve, seg\\u00fan la Agencia Estatal de Meteorolog\\u00eda (AEMET). Adem\\u00e1s, la AEMET espera tambi\\u00e9n intervalos de nubes bajas\",\"inLanguage\":\"es-ES\",\"isPartOf\":{\"@id\":\"https:\\\/\\\/www.eldigitaldeasturias.com\\\/noticias\\\/#website\"},\"breadcrumb\":{\"@id\":\"https:\\\/\\\/www.eldigitaldeasturias.com\\\/noticias\\\/el-tiempo-en-espana-martes-23-de-febrero-2016\\\/#breadcrumblist\"},\"author\":{\"@id\":\"https:\\\/\\\/www.eldigitaldeasturias.com\\\/noticias\\\/author\\\/admin\\\/#author\"},\"creator\":{\"@id\":\"https:\\\/\\\/www.eldigitaldeasturias.com\\\/noticias\\\/author\\\/admin\\\/#author\"},\"image\":{\"@type\":\"ImageObject\",\"url\":\"https:\\\/\\\/www.eldigitaldeasturias.com\\\/noticias\\\/wp-content\\\/uploads\\\/2016\\\/02\\\/fotonoticia_20160223100542_800.jpg\",\"@id\":\"https:\\\/\\\/www.eldigitaldeasturias.com\\\/noticias\\\/el-tiempo-en-espana-martes-23-de-febrero-2016\\\/#mainImage\",\"width\":800,\"height\":600},\"primaryImageOfPage\":{\"@id\":\"https:\\\/\\\/www.eldigitaldeasturias.com\\\/noticias\\\/el-tiempo-en-espana-martes-23-de-febrero-2016\\\/#mainImage\"},\"datePublished\":\"2016-02-23T10:29:57+01:00\",\"dateModified\":\"2016-02-23T10:29:57+01:00\"},{\"@type\":\"WebSite\",\"@id\":\"https:\\\/\\\/www.eldigitaldeasturias.com\\\/noticias\\\/#website\",\"url\":\"https:\\\/\\\/www.eldigitaldeasturias.com\\\/noticias\\\/\",\"name\":\"El Digital de Asturias - Diario de actualidad y noticias\",\"alternateName\":\"El Digital de Asturias - Diario de actualidad y noticias\",\"description\":\"Hemeroteca\",\"inLanguage\":\"es-ES\",\"publisher\":{\"@id\":\"https:\\\/\\\/www.eldigitaldeasturias.com\\\/noticias\\\/#organization\"}}]}\n\t\t<\/script>\n\t\t<!-- All in One SEO Pro -->\r\n\t\t<title>El tiempo en Espa\u00f1a, martes 23 de febrero 2016 - El Digital de Asturias<\/title>\n\n","aioseo_head_json":{"title":"El tiempo en Espa\u00f1a, martes 23 de febrero 2016 - El Digital de Asturias","description":"Los cielos estar\u00e1n este martes nubosos o con intervalos nubosos en el extremo norte peninsular y ser\u00e1n m\u00e1s abundantes en Galicia, donde no se descartan algunas lluvias d\u00e9biles y dispersas, que en el Pirineo, ser\u00e1n en forma de nieve, seg\u00fan la Agencia Estatal de Meteorolog\u00eda (AEMET). Adem\u00e1s, la AEMET espera tambi\u00e9n intervalos de nubes bajas","canonical_url":"https:\/\/www.eldigitaldeasturias.com\/noticias\/el-tiempo-en-espana-martes-23-de-febrero-2016\/","robots":"max-image-preview:large","keywords":"agenda","webmasterTools":{"google-site-verification":"UA-38556648-1","msvalidate.01":"7dfe9f3f1b24437ab69f4f2559babe99","miscellaneous":""},"schema":{"@context":"https:\/\/schema.org","@graph":[{"@type":"BlogPosting","@id":"https:\/\/www.eldigitaldeasturias.com\/noticias\/el-tiempo-en-espana-martes-23-de-febrero-2016\/#blogposting","name":"El tiempo en Espa\u00f1a, martes 23 de febrero 2016 - El Digital de Asturias","headline":"El tiempo en Espa\u00f1a, martes 23 de febrero 2016","author":{"@id":"https:\/\/www.eldigitaldeasturias.com\/noticias\/author\/admin\/#author"},"publisher":{"@id":"https:\/\/www.eldigitaldeasturias.com\/noticias\/#organization"},"image":{"@type":"ImageObject","url":"https:\/\/www.eldigitaldeasturias.com\/noticias\/wp-content\/uploads\/2016\/02\/fotonoticia_20160223100542_800.jpg","width":800,"height":600},"datePublished":"2016-02-23T10:29:57+01:00","dateModified":"2016-02-23T10:29:57+01:00","inLanguage":"es-ES","mainEntityOfPage":{"@id":"https:\/\/www.eldigitaldeasturias.com\/noticias\/el-tiempo-en-espana-martes-23-de-febrero-2016\/#webpage"},"isPartOf":{"@id":"https:\/\/www.eldigitaldeasturias.com\/noticias\/el-tiempo-en-espana-martes-23-de-febrero-2016\/#webpage"},"articleSection":"Agenda"},{"@type":"BreadcrumbList","@id":"https:\/\/www.eldigitaldeasturias.com\/noticias\/el-tiempo-en-espana-martes-23-de-febrero-2016\/#breadcrumblist","itemListElement":[{"@type":"ListItem","@id":"https:\/\/www.eldigitaldeasturias.com\/noticias#listItem","position":1,"name":"Home","item":"https:\/\/www.eldigitaldeasturias.com\/noticias","nextItem":{"@type":"ListItem","@id":"https:\/\/www.eldigitaldeasturias.com\/noticias\/category\/agenda\/#listItem","name":"Agenda"}},{"@type":"ListItem","@id":"https:\/\/www.eldigitaldeasturias.com\/noticias\/category\/agenda\/#listItem","position":2,"name":"Agenda","item":"https:\/\/www.eldigitaldeasturias.com\/noticias\/category\/agenda\/","nextItem":{"@type":"ListItem","@id":"https:\/\/www.eldigitaldeasturias.com\/noticias\/el-tiempo-en-espana-martes-23-de-febrero-2016\/#listItem","name":"El tiempo en Espa\u00f1a, martes 23 de febrero 2016"},"previousItem":{"@type":"ListItem","@id":"https:\/\/www.eldigitaldeasturias.com\/noticias#listItem","name":"Home"}},{"@type":"ListItem","@id":"https:\/\/www.eldigitaldeasturias.com\/noticias\/el-tiempo-en-espana-martes-23-de-febrero-2016\/#listItem","position":3,"name":"El tiempo en Espa\u00f1a, martes 23 de febrero 2016","previousItem":{"@type":"ListItem","@id":"https:\/\/www.eldigitaldeasturias.com\/noticias\/category\/agenda\/#listItem","name":"Agenda"}}]},{"@type":"Organization","@id":"https:\/\/www.eldigitaldeasturias.com\/noticias\/#organization","name":"El Digital de Asturias","description":"Hemeroteca","url":"https:\/\/www.eldigitaldeasturias.com\/noticias\/","email":"info@eldigitaldeasturias.com","telephone":"+34652131393","logo":{"@type":"ImageObject","url":"https:\/\/www.eldigitaldeasturias.com\/noticias\/wp-content\/uploads\/2020\/12\/EDA.jpg","@id":"https:\/\/www.eldigitaldeasturias.com\/noticias\/el-tiempo-en-espana-martes-23-de-febrero-2016\/#organizationLogo","width":649,"height":297},"image":{"@id":"https:\/\/www.eldigitaldeasturias.com\/noticias\/el-tiempo-en-espana-martes-23-de-febrero-2016\/#organizationLogo"},"sameAs":["https:\/\/facebook.com\/eldigitaldeasturias","https:\/\/www.youtube.com\/channel\/UCZP-2wLEB9Rv6erhFmqVnvg"],"address":{"@id":"https:\/\/www.eldigitaldeasturias.com\/noticias\/#postaladdress","@type":"PostalAddress","streetAddress":"san antonio 4,","postalCode":"33430","addressLocality":"Cand\u00e1s","addressRegion":"Asturias","addressCountry":"ES"}},{"@type":"Person","@id":"https:\/\/www.eldigitaldeasturias.com\/noticias\/author\/admin\/#author","url":"https:\/\/www.eldigitaldeasturias.com\/noticias\/author\/admin\/","name":"El Digital de Asturias","image":{"@type":"ImageObject","@id":"https:\/\/www.eldigitaldeasturias.com\/noticias\/el-tiempo-en-espana-martes-23-de-febrero-2016\/#authorImage","url":"https:\/\/www.eldigitaldeasturias.com\/noticias\/wp-content\/litespeed\/avatar\/18677e78aa0546b92d9dbf31ec7d7668.jpg?ver=1777290358","width":96,"height":96,"caption":"El Digital de Asturias"}},{"@type":"WebPage","@id":"https:\/\/www.eldigitaldeasturias.com\/noticias\/el-tiempo-en-espana-martes-23-de-febrero-2016\/#webpage","url":"https:\/\/www.eldigitaldeasturias.com\/noticias\/el-tiempo-en-espana-martes-23-de-febrero-2016\/","name":"El tiempo en Espa\u00f1a, martes 23 de febrero 2016 - El Digital de Asturias","description":"Los cielos estar\u00e1n este martes nubosos o con intervalos nubosos en el extremo norte peninsular y ser\u00e1n m\u00e1s abundantes en Galicia, donde no se descartan algunas lluvias d\u00e9biles y dispersas, que en el Pirineo, ser\u00e1n en forma de nieve, seg\u00fan la Agencia Estatal de Meteorolog\u00eda (AEMET). Adem\u00e1s, la AEMET espera tambi\u00e9n intervalos de nubes bajas","inLanguage":"es-ES","isPartOf":{"@id":"https:\/\/www.eldigitaldeasturias.com\/noticias\/#website"},"breadcrumb":{"@id":"https:\/\/www.eldigitaldeasturias.com\/noticias\/el-tiempo-en-espana-martes-23-de-febrero-2016\/#breadcrumblist"},"author":{"@id":"https:\/\/www.eldigitaldeasturias.com\/noticias\/author\/admin\/#author"},"creator":{"@id":"https:\/\/www.eldigitaldeasturias.com\/noticias\/author\/admin\/#author"},"image":{"@type":"ImageObject","url":"https:\/\/www.eldigitaldeasturias.com\/noticias\/wp-content\/uploads\/2016\/02\/fotonoticia_20160223100542_800.jpg","@id":"https:\/\/www.eldigitaldeasturias.com\/noticias\/el-tiempo-en-espana-martes-23-de-febrero-2016\/#mainImage","width":800,"height":600},"primaryImageOfPage":{"@id":"https:\/\/www.eldigitaldeasturias.com\/noticias\/el-tiempo-en-espana-martes-23-de-febrero-2016\/#mainImage"},"datePublished":"2016-02-23T10:29:57+01:00","dateModified":"2016-02-23T10:29:57+01:00"},{"@type":"WebSite","@id":"https:\/\/www.eldigitaldeasturias.com\/noticias\/#website","url":"https:\/\/www.eldigitaldeasturias.com\/noticias\/","name":"El Digital de Asturias - Diario de actualidad y noticias","alternateName":"El Digital de Asturias - Diario de actualidad y noticias","description":"Hemeroteca","inLanguage":"es-ES","publisher":{"@id":"https:\/\/www.eldigitaldeasturias.com\/noticias\/#organization"}}]},"og:locale":"es_ES","og:site_name":"El Digital de Asturias","og:type":"article","og:title":"El tiempo en Espa\u00f1a, martes 23 de febrero 2016 - El Digital de Asturias","og:description":"Los cielos estar\u00e1n este martes nubosos o con intervalos nubosos en el extremo norte peninsular y ser\u00e1n m\u00e1s abundantes en Galicia, donde no se descartan algunas lluvias d\u00e9biles y dispersas, que en el Pirineo, ser\u00e1n en forma de nieve, seg\u00fan la Agencia Estatal de Meteorolog\u00eda (AEMET). Adem\u00e1s, la AEMET espera tambi\u00e9n intervalos de nubes bajas","og:url":"https:\/\/www.eldigitaldeasturias.com\/noticias\/el-tiempo-en-espana-martes-23-de-febrero-2016\/","og:image":"https:\/\/www.eldigitaldeasturias.com\/noticias\/wp-content\/uploads\/2016\/02\/fotonoticia_20160223100542_800.jpg","og:image:secure_url":"https:\/\/www.eldigitaldeasturias.com\/noticias\/wp-content\/uploads\/2016\/02\/fotonoticia_20160223100542_800.jpg","og:image:width":800,"og:image:height":600,"article:tag":["agenda"],"article:published_time":"2016-02-23T10:29:57+00:00","article:modified_time":"2016-02-23T10:29:57+00:00","article:publisher":"https:\/\/facebook.com\/eldigitaldeasturias","twitter:card":"summary_large_image","twitter:title":"El tiempo en Espa\u00f1a, martes 23 de febrero 2016 - El Digital de Asturias","twitter:description":"Los cielos estar\u00e1n este martes nubosos o con intervalos nubosos en el extremo norte peninsular y ser\u00e1n m\u00e1s abundantes en Galicia, donde no se descartan algunas lluvias d\u00e9biles y dispersas, que en el Pirineo, ser\u00e1n en forma de nieve, seg\u00fan la Agencia Estatal de Meteorolog\u00eda (AEMET). Adem\u00e1s, la AEMET espera tambi\u00e9n intervalos de nubes bajas","twitter:image":"https:\/\/www.eldigitaldeasturias.com\/noticias\/wp-content\/uploads\/2016\/02\/fotonoticia_20160223100542_800.jpg","twitter:label1":"Escrito por","twitter:data1":"El Digital de Asturias","twitter:label2":"Tiempo de lectura estimado","twitter:data2":"2 minutos"},"aioseo_meta_data":{"post_id":"861250","title":null,"description":null,"keywords":null,"keyphrases":null,"primary_term":null,"canonical_url":null,"og_title":null,"og_description":null,"og_object_type":"default","og_image_type":"default","og_image_url":null,"og_image_width":null,"og_image_height":null,"og_image_custom_url":null,"og_image_custom_fields":null,"og_video":null,"og_custom_url":null,"og_article_section":null,"og_article_tags":null,"twitter_use_og":false,"twitter_card":"default","twitter_image_type":"default","twitter_image_url":null,"twitter_image_custom_url":null,"twitter_image_custom_fields":null,"twitter_title":null,"twitter_description":null,"schema":{"blockGraphs":[],"customGraphs":[],"default":{"data":{"Article":[],"Course":[],"Dataset":[],"FAQPage":[],"Movie":[],"Person":[],"Product":[],"ProductReview":[],"Car":[],"Recipe":[],"Service":[],"SoftwareApplication":[],"WebPage":[]},"graphName":"","isEnabled":true},"graphs":[],"defaultGraph":"","defaultPostTypeGraph":""},"schema_type":null,"schema_type_options":null,"pillar_content":false,"robots_default":true,"robots_noindex":false,"robots_noarchive":false,"robots_nosnippet":false,"robots_nofollow":false,"robots_noimageindex":false,"robots_noodp":false,"robots_notranslate":false,"robots_max_snippet":null,"robots_max_videopreview":null,"robots_max_imagepreview":"large","priority":null,"frequency":null,"local_seo":null,"seo_analyzer_scan_date":"2025-12-10 20:40:17","breadcrumb_settings":null,"limit_modified_date":false,"open_ai":null,"ai":null,"created":"2021-01-23 15:00:19","updated":"2025-12-10 20:40:17"},"aioseo_breadcrumb":"<div class=\"aioseo-breadcrumbs\"><span class=\"aioseo-breadcrumb\">\n\t<a href=\"https:\/\/www.eldigitaldeasturias.com\/noticias\" title=\"Home\">Home<\/a>\n<\/span><span class=\"aioseo-breadcrumb-separator\">\u2013<\/span><span class=\"aioseo-breadcrumb\">\n\t<a href=\"https:\/\/www.eldigitaldeasturias.com\/noticias\/category\/agenda\/\" title=\"Agenda\">Agenda<\/a>\n<\/span><span class=\"aioseo-breadcrumb-separator\">\u2013<\/span><span class=\"aioseo-breadcrumb\">\n\t<a href=\"https:\/\/www.eldigitaldeasturias.com\/noticias\/el-tiempo-en-espana-martes-23-de-febrero-2016\/\" title=\"El tiempo en Espa\u00f1a, martes 23 de febrero 2016\">El tiempo en Espa\u00f1a, martes 23 de febrero 2016<\/a>\n<\/span><\/div>","aioseo_breadcrumb_json":[{"label":"Home","link":"https:\/\/www.eldigitaldeasturias.com\/noticias"},{"label":"Agenda","link":"https:\/\/www.eldigitaldeasturias.com\/noticias\/category\/agenda\/"},{"label":"El tiempo en Espa\u00f1a, martes 23 de febrero 2016","link":"https:\/\/www.eldigitaldeasturias.com\/noticias\/el-tiempo-en-espana-martes-23-de-febrero-2016\/"}],"_links":{"self":[{"href":"https:\/\/www.eldigitaldeasturias.com\/noticias\/wp-json\/wp\/v2\/posts\/861250","targetHints":{"allow":["GET"]}}],"collection":[{"href":"https:\/\/www.eldigitaldeasturias.com\/noticias\/wp-json\/wp\/v2\/posts"}],"about":[{"href":"https:\/\/www.eldigitaldeasturias.com\/noticias\/wp-json\/wp\/v2\/types\/post"}],"author":[{"embeddable":true,"href":"https:\/\/www.eldigitaldeasturias.com\/noticias\/wp-json\/wp\/v2\/users\/1"}],"replies":[{"embeddable":true,"href":"https:\/\/www.eldigitaldeasturias.com\/noticias\/wp-json\/wp\/v2\/comments?post=861250"}],"version-history":[{"count":0,"href":"https:\/\/www.eldigitaldeasturias.com\/noticias\/wp-json\/wp\/v2\/posts\/861250\/revisions"}],"wp:featuredmedia":[{"embeddable":true,"href":"https:\/\/www.eldigitaldeasturias.com\/noticias\/wp-json\/wp\/v2\/media\/861251"}],"wp:attachment":[{"href":"https:\/\/www.eldigitaldeasturias.com\/noticias\/wp-json\/wp\/v2\/media?parent=861250"}],"wp:term":[{"taxonomy":"category","embeddable":true,"href":"https:\/\/www.eldigitaldeasturias.com\/noticias\/wp-json\/wp\/v2\/categories?post=861250"},{"taxonomy":"post_tag","embeddable":true,"href":"https:\/\/www.eldigitaldeasturias.com\/noticias\/wp-json\/wp\/v2\/tags?post=861250"}],"curies":[{"name":"wp","href":"https:\/\/api.w.org\/{rel}","templated":true}]}}