{"id":861244,"date":"2016-02-23T10:21:49","date_gmt":"2016-02-23T10:21:49","guid":{"rendered":"http:\/\/www.eldigitaldeasturias.com\/noticias\/?p=861244"},"modified":"2016-02-23T10:21:49","modified_gmt":"2016-02-23T10:21:49","slug":"el-principado-cree-que-la-igp-chosco-de-tineo-tiene-que-incorporar-a-mas-productores","status":"publish","type":"post","link":"https:\/\/www.eldigitaldeasturias.com\/noticias\/el-principado-cree-que-la-igp-chosco-de-tineo-tiene-que-incorporar-a-mas-productores\/","title":{"rendered":"El Principado cree que la IGP &#8216;Chosco de Tineo&#8217; tiene que incorporar a m\u00e1s productores"},"content":{"rendered":"<p><img loading=\"lazy\" decoding=\"async\" class=\"alignleft size-medium wp-image-824034\" src=\"https:\/\/www.eldigitaldeasturias.com\/noticias\/wp-content\/uploads\/2015\/11\/2015_11_12-M.J.Alvarez-en-JGPA--210x320.jpg\" alt=\"2015_11_12 M.J.Alvarez en JGPA\" width=\"210\" height=\"320\" srcset=\"https:\/\/www.eldigitaldeasturias.com\/noticias\/wp-content\/uploads\/2015\/11\/2015_11_12-M.J.Alvarez-en-JGPA--210x320.jpg 210w, https:\/\/www.eldigitaldeasturias.com\/noticias\/wp-content\/uploads\/2015\/11\/2015_11_12-M.J.Alvarez-en-JGPA--768x1168.jpg 768w, https:\/\/www.eldigitaldeasturias.com\/noticias\/wp-content\/uploads\/2015\/11\/2015_11_12-M.J.Alvarez-en-JGPA--427x650.jpg 427w\" sizes=\"auto, (max-width: 210px) 100vw, 210px\" \/>La consejera de Desarrollo Rural y Recursos Naturales del Gobierno asturiano, la socialista Mar\u00eda Jes\u00fas \u00c1lvarez, ha dicho este martes que la indicaci\u00f3n geogr\u00e1fica protegida (IGP) &#8216;Chosco de Tineo&#8217; tiene que crecer e incorporar a m\u00e1s productores.<\/p>\n<p>\u00c1lvarez ha comparecido en una comisi\u00f3n parlamentaria y ha sido preguntada por las medidas hacia la IGP que tiene previsto desarrollar el departamento de Desarrollo Rural y Recursos Naturales. La dirigente asturiana ha reconocido que la IGP tiene los problemas propios de ser \u00abpeque\u00f1ita\u00bb, al contar con siete productores. Tambi\u00e9n ha dicho que es importante que trabajen en materia de divulgaci\u00f3n para que el producto sea m\u00e1s conocido, sobre todo en el mercado interior.<\/p>\n<p>El diputado del PP Mat\u00edas Rodr\u00edguez Feito critic\u00f3 la gesti\u00f3n de la Consejer\u00eda hacia esta IGP, y ha afirmado que este a\u00f1o 2016 no cuenta con subvenci\u00f3n alguna. Ha acusado al Gobierno asturiano de olvidarse de Tineo y de contribuir al despoblamiento con ese tipo de \u00abchapuzas\u00bb.<\/p>\n<p>La consejera, que ha reconocido sentirse \u00abperpleja\u00bb por las acusaciones del PP, ha dicho que su departamento siempre se ha comprometido con el &#8216;Chosco de Tineo&#8217; y que el Gobierno asturiano va a seguir apoyando ese producto. Ha explicado que en 2015 la IGP recibi\u00f3 del Principado 11.400 euros, de los que aproximadamente la mitad fueron para promoci\u00f3n y la otra mitad para unos trabajos de control que hace una empresa externa.<\/p>\n","protected":false},"excerpt":{"rendered":"<p>La consejera de Desarrollo Rural y Recursos Naturales del Gobierno asturiano, la socialista Mar\u00eda Jes\u00fas \u00c1lvarez, ha dicho este martes que la indicaci\u00f3n geogr\u00e1fica protegida (IGP) &#8216;Chosco de Tineo&#8217; tiene que crecer e incorporar a m\u00e1s productores. \u00c1lvarez ha comparecido en una comisi\u00f3n parlamentaria y ha sido preguntada por las medidas hacia la IGP que [&hellip;]<\/p>\n","protected":false},"author":1,"featured_media":824034,"comment_status":"closed","ping_status":"closed","sticky":false,"template":"","format":"standard","meta":{"footnotes":""},"categories":[12],"tags":[],"class_list":["post-861244","post","type-post","status-publish","format-standard","has-post-thumbnail","hentry","category-actualidad-asturias"],"aioseo_notices":[],"aioseo_head":"\n\t\t<!-- All in One SEO Pro 4.9.6.2 - aioseo.com -->\n\t<meta name=\"description\" content=\"La consejera de Desarrollo Rural y Recursos Naturales del Gobierno asturiano, la socialista Mar\u00eda Jes\u00fas \u00c1lvarez, ha dicho este martes que la indicaci\u00f3n geogr\u00e1fica protegida (IGP) &#039;Chosco de Tineo&#039; tiene que crecer e incorporar a m\u00e1s productores. \u00c1lvarez ha comparecido en una comisi\u00f3n parlamentaria y ha sido preguntada por las medidas hacia la IGP que\" \/>\n\t<meta name=\"robots\" content=\"max-image-preview:large\" \/>\n\t<meta name=\"author\" content=\"El Digital de Asturias\"\/>\n\t<meta name=\"google-site-verification\" content=\"UA-38556648-1\" \/>\n\t<meta name=\"msvalidate.01\" content=\"7dfe9f3f1b24437ab69f4f2559babe99\" \/>\n\t<meta name=\"keywords\" content=\"actualidad asturias\" \/>\n\t<link rel=\"canonical\" href=\"https:\/\/www.eldigitaldeasturias.com\/noticias\/el-principado-cree-que-la-igp-chosco-de-tineo-tiene-que-incorporar-a-mas-productores\/\" \/>\n\t<meta name=\"generator\" content=\"All in One SEO Pro (AIOSEO) 4.9.6.2\" \/>\n\t\t<meta property=\"og:locale\" content=\"es_ES\" \/>\n\t\t<meta property=\"og:site_name\" content=\"El Digital de Asturias\" \/>\n\t\t<meta property=\"og:type\" content=\"article\" \/>\n\t\t<meta property=\"og:title\" content=\"El Principado cree que la IGP \u2018Chosco de Tineo\u2019 tiene que incorporar a m\u00e1s productores - El Digital de Asturias\" \/>\n\t\t<meta property=\"og:description\" content=\"La consejera de Desarrollo Rural y Recursos Naturales del Gobierno asturiano, la socialista Mar\u00eda Jes\u00fas \u00c1lvarez, ha dicho este martes que la indicaci\u00f3n geogr\u00e1fica protegida (IGP) &#039;Chosco de Tineo&#039; tiene que crecer e incorporar a m\u00e1s productores. \u00c1lvarez ha comparecido en una comisi\u00f3n parlamentaria y ha sido preguntada por las medidas hacia la IGP que\" \/>\n\t\t<meta property=\"og:url\" content=\"https:\/\/www.eldigitaldeasturias.com\/noticias\/el-principado-cree-que-la-igp-chosco-de-tineo-tiene-que-incorporar-a-mas-productores\/\" \/>\n\t\t<meta property=\"og:image\" content=\"https:\/\/www.eldigitaldeasturias.com\/noticias\/wp-content\/uploads\/2015\/11\/2015_11_12-M.J.Alvarez-en-JGPA-.jpg\" \/>\n\t\t<meta property=\"og:image:secure_url\" content=\"https:\/\/www.eldigitaldeasturias.com\/noticias\/wp-content\/uploads\/2015\/11\/2015_11_12-M.J.Alvarez-en-JGPA-.jpg\" \/>\n\t\t<meta property=\"og:image:width\" content=\"2178\" \/>\n\t\t<meta property=\"og:image:height\" content=\"3312\" \/>\n\t\t<meta property=\"article:tag\" content=\"actualidad asturias\" \/>\n\t\t<meta property=\"article:published_time\" content=\"2016-02-23T10:21:49+00:00\" \/>\n\t\t<meta property=\"article:modified_time\" content=\"2016-02-23T10:21:49+00:00\" \/>\n\t\t<meta property=\"article:publisher\" content=\"https:\/\/facebook.com\/eldigitaldeasturias\" \/>\n\t\t<meta name=\"twitter:card\" content=\"summary_large_image\" \/>\n\t\t<meta name=\"twitter:title\" content=\"El Principado cree que la IGP \u2018Chosco de Tineo\u2019 tiene que incorporar a m\u00e1s productores - El Digital de Asturias\" \/>\n\t\t<meta name=\"twitter:description\" content=\"La consejera de Desarrollo Rural y Recursos Naturales del Gobierno asturiano, la socialista Mar\u00eda Jes\u00fas \u00c1lvarez, ha dicho este martes que la indicaci\u00f3n geogr\u00e1fica protegida (IGP) &#039;Chosco de Tineo&#039; tiene que crecer e incorporar a m\u00e1s productores. \u00c1lvarez ha comparecido en una comisi\u00f3n parlamentaria y ha sido preguntada por las medidas hacia la IGP que\" \/>\n\t\t<meta name=\"twitter:image\" content=\"https:\/\/www.eldigitaldeasturias.com\/noticias\/wp-content\/uploads\/2015\/11\/2015_11_12-M.J.Alvarez-en-JGPA-.jpg\" \/>\n\t\t<meta name=\"twitter:label1\" content=\"Escrito por\" \/>\n\t\t<meta name=\"twitter:data1\" content=\"El Digital de Asturias\" \/>\n\t\t<meta name=\"twitter:label2\" content=\"Tiempo de lectura estimado\" \/>\n\t\t<meta name=\"twitter:data2\" content=\"1 minuto\" \/>\n\t\t<script type=\"application\/ld+json\" class=\"aioseo-schema\">\n\t\t\t{\"@context\":\"https:\\\/\\\/schema.org\",\"@graph\":[{\"@type\":\"BlogPosting\",\"@id\":\"https:\\\/\\\/www.eldigitaldeasturias.com\\\/noticias\\\/el-principado-cree-que-la-igp-chosco-de-tineo-tiene-que-incorporar-a-mas-productores\\\/#blogposting\",\"name\":\"El Principado cree que la IGP \\u2018Chosco de Tineo\\u2019 tiene que incorporar a m\\u00e1s productores - El Digital de Asturias\",\"headline\":\"El Principado cree que la IGP &#8216;Chosco de Tineo&#8217; tiene que incorporar a m\\u00e1s productores\",\"author\":{\"@id\":\"https:\\\/\\\/www.eldigitaldeasturias.com\\\/noticias\\\/author\\\/admin\\\/#author\"},\"publisher\":{\"@id\":\"https:\\\/\\\/www.eldigitaldeasturias.com\\\/noticias\\\/#organization\"},\"image\":{\"@type\":\"ImageObject\",\"url\":\"https:\\\/\\\/www.eldigitaldeasturias.com\\\/noticias\\\/wp-content\\\/uploads\\\/2015\\\/11\\\/2015_11_12-M.J.Alvarez-en-JGPA-.jpg\",\"width\":2178,\"height\":3312},\"datePublished\":\"2016-02-23T10:21:49+01:00\",\"dateModified\":\"2016-02-23T10:21:49+01:00\",\"inLanguage\":\"es-ES\",\"mainEntityOfPage\":{\"@id\":\"https:\\\/\\\/www.eldigitaldeasturias.com\\\/noticias\\\/el-principado-cree-que-la-igp-chosco-de-tineo-tiene-que-incorporar-a-mas-productores\\\/#webpage\"},\"isPartOf\":{\"@id\":\"https:\\\/\\\/www.eldigitaldeasturias.com\\\/noticias\\\/el-principado-cree-que-la-igp-chosco-de-tineo-tiene-que-incorporar-a-mas-productores\\\/#webpage\"},\"articleSection\":\"Actualidad Asturias\"},{\"@type\":\"BreadcrumbList\",\"@id\":\"https:\\\/\\\/www.eldigitaldeasturias.com\\\/noticias\\\/el-principado-cree-que-la-igp-chosco-de-tineo-tiene-que-incorporar-a-mas-productores\\\/#breadcrumblist\",\"itemListElement\":[{\"@type\":\"ListItem\",\"@id\":\"https:\\\/\\\/www.eldigitaldeasturias.com\\\/noticias#listItem\",\"position\":1,\"name\":\"Home\",\"item\":\"https:\\\/\\\/www.eldigitaldeasturias.com\\\/noticias\",\"nextItem\":{\"@type\":\"ListItem\",\"@id\":\"https:\\\/\\\/www.eldigitaldeasturias.com\\\/noticias\\\/category\\\/actualidad-asturias\\\/#listItem\",\"name\":\"Actualidad Asturias\"}},{\"@type\":\"ListItem\",\"@id\":\"https:\\\/\\\/www.eldigitaldeasturias.com\\\/noticias\\\/category\\\/actualidad-asturias\\\/#listItem\",\"position\":2,\"name\":\"Actualidad Asturias\",\"item\":\"https:\\\/\\\/www.eldigitaldeasturias.com\\\/noticias\\\/category\\\/actualidad-asturias\\\/\",\"nextItem\":{\"@type\":\"ListItem\",\"@id\":\"https:\\\/\\\/www.eldigitaldeasturias.com\\\/noticias\\\/el-principado-cree-que-la-igp-chosco-de-tineo-tiene-que-incorporar-a-mas-productores\\\/#listItem\",\"name\":\"El Principado cree que la IGP &#8216;Chosco de Tineo&#8217; tiene que incorporar a m\\u00e1s productores\"},\"previousItem\":{\"@type\":\"ListItem\",\"@id\":\"https:\\\/\\\/www.eldigitaldeasturias.com\\\/noticias#listItem\",\"name\":\"Home\"}},{\"@type\":\"ListItem\",\"@id\":\"https:\\\/\\\/www.eldigitaldeasturias.com\\\/noticias\\\/el-principado-cree-que-la-igp-chosco-de-tineo-tiene-que-incorporar-a-mas-productores\\\/#listItem\",\"position\":3,\"name\":\"El Principado cree que la IGP &#8216;Chosco de Tineo&#8217; tiene que incorporar a m\\u00e1s productores\",\"previousItem\":{\"@type\":\"ListItem\",\"@id\":\"https:\\\/\\\/www.eldigitaldeasturias.com\\\/noticias\\\/category\\\/actualidad-asturias\\\/#listItem\",\"name\":\"Actualidad Asturias\"}}]},{\"@type\":\"Organization\",\"@id\":\"https:\\\/\\\/www.eldigitaldeasturias.com\\\/noticias\\\/#organization\",\"name\":\"El Digital de Asturias\",\"description\":\"Hemeroteca\",\"url\":\"https:\\\/\\\/www.eldigitaldeasturias.com\\\/noticias\\\/\",\"email\":\"info@eldigitaldeasturias.com\",\"telephone\":\"+34652131393\",\"logo\":{\"@type\":\"ImageObject\",\"url\":\"https:\\\/\\\/www.eldigitaldeasturias.com\\\/noticias\\\/wp-content\\\/uploads\\\/2020\\\/12\\\/EDA.jpg\",\"@id\":\"https:\\\/\\\/www.eldigitaldeasturias.com\\\/noticias\\\/el-principado-cree-que-la-igp-chosco-de-tineo-tiene-que-incorporar-a-mas-productores\\\/#organizationLogo\",\"width\":649,\"height\":297},\"image\":{\"@id\":\"https:\\\/\\\/www.eldigitaldeasturias.com\\\/noticias\\\/el-principado-cree-que-la-igp-chosco-de-tineo-tiene-que-incorporar-a-mas-productores\\\/#organizationLogo\"},\"sameAs\":[\"https:\\\/\\\/facebook.com\\\/eldigitaldeasturias\",\"https:\\\/\\\/www.youtube.com\\\/channel\\\/UCZP-2wLEB9Rv6erhFmqVnvg\"],\"address\":{\"@id\":\"https:\\\/\\\/www.eldigitaldeasturias.com\\\/noticias\\\/#postaladdress\",\"@type\":\"PostalAddress\",\"streetAddress\":\"san antonio 4,\",\"postalCode\":\"33430\",\"addressLocality\":\"Cand\\u00e1s\",\"addressRegion\":\"Asturias\",\"addressCountry\":\"ES\"}},{\"@type\":\"Person\",\"@id\":\"https:\\\/\\\/www.eldigitaldeasturias.com\\\/noticias\\\/author\\\/admin\\\/#author\",\"url\":\"https:\\\/\\\/www.eldigitaldeasturias.com\\\/noticias\\\/author\\\/admin\\\/\",\"name\":\"El Digital de Asturias\",\"image\":{\"@type\":\"ImageObject\",\"@id\":\"https:\\\/\\\/www.eldigitaldeasturias.com\\\/noticias\\\/el-principado-cree-que-la-igp-chosco-de-tineo-tiene-que-incorporar-a-mas-productores\\\/#authorImage\",\"url\":\"https:\\\/\\\/www.eldigitaldeasturias.com\\\/noticias\\\/wp-content\\\/litespeed\\\/avatar\\\/18677e78aa0546b92d9dbf31ec7d7668.jpg?ver=1777290358\",\"width\":96,\"height\":96,\"caption\":\"El Digital de Asturias\"}},{\"@type\":\"WebPage\",\"@id\":\"https:\\\/\\\/www.eldigitaldeasturias.com\\\/noticias\\\/el-principado-cree-que-la-igp-chosco-de-tineo-tiene-que-incorporar-a-mas-productores\\\/#webpage\",\"url\":\"https:\\\/\\\/www.eldigitaldeasturias.com\\\/noticias\\\/el-principado-cree-que-la-igp-chosco-de-tineo-tiene-que-incorporar-a-mas-productores\\\/\",\"name\":\"El Principado cree que la IGP \\u2018Chosco de Tineo\\u2019 tiene que incorporar a m\\u00e1s productores - El Digital de Asturias\",\"description\":\"La consejera de Desarrollo Rural y Recursos Naturales del Gobierno asturiano, la socialista Mar\\u00eda Jes\\u00fas \\u00c1lvarez, ha dicho este martes que la indicaci\\u00f3n geogr\\u00e1fica protegida (IGP) 'Chosco de Tineo' tiene que crecer e incorporar a m\\u00e1s productores. \\u00c1lvarez ha comparecido en una comisi\\u00f3n parlamentaria y ha sido preguntada por las medidas hacia la IGP que\",\"inLanguage\":\"es-ES\",\"isPartOf\":{\"@id\":\"https:\\\/\\\/www.eldigitaldeasturias.com\\\/noticias\\\/#website\"},\"breadcrumb\":{\"@id\":\"https:\\\/\\\/www.eldigitaldeasturias.com\\\/noticias\\\/el-principado-cree-que-la-igp-chosco-de-tineo-tiene-que-incorporar-a-mas-productores\\\/#breadcrumblist\"},\"author\":{\"@id\":\"https:\\\/\\\/www.eldigitaldeasturias.com\\\/noticias\\\/author\\\/admin\\\/#author\"},\"creator\":{\"@id\":\"https:\\\/\\\/www.eldigitaldeasturias.com\\\/noticias\\\/author\\\/admin\\\/#author\"},\"image\":{\"@type\":\"ImageObject\",\"url\":\"https:\\\/\\\/www.eldigitaldeasturias.com\\\/noticias\\\/wp-content\\\/uploads\\\/2015\\\/11\\\/2015_11_12-M.J.Alvarez-en-JGPA-.jpg\",\"@id\":\"https:\\\/\\\/www.eldigitaldeasturias.com\\\/noticias\\\/el-principado-cree-que-la-igp-chosco-de-tineo-tiene-que-incorporar-a-mas-productores\\\/#mainImage\",\"width\":2178,\"height\":3312},\"primaryImageOfPage\":{\"@id\":\"https:\\\/\\\/www.eldigitaldeasturias.com\\\/noticias\\\/el-principado-cree-que-la-igp-chosco-de-tineo-tiene-que-incorporar-a-mas-productores\\\/#mainImage\"},\"datePublished\":\"2016-02-23T10:21:49+01:00\",\"dateModified\":\"2016-02-23T10:21:49+01:00\"},{\"@type\":\"WebSite\",\"@id\":\"https:\\\/\\\/www.eldigitaldeasturias.com\\\/noticias\\\/#website\",\"url\":\"https:\\\/\\\/www.eldigitaldeasturias.com\\\/noticias\\\/\",\"name\":\"El Digital de Asturias - Diario de actualidad y noticias\",\"alternateName\":\"El Digital de Asturias - Diario de actualidad y noticias\",\"description\":\"Hemeroteca\",\"inLanguage\":\"es-ES\",\"publisher\":{\"@id\":\"https:\\\/\\\/www.eldigitaldeasturias.com\\\/noticias\\\/#organization\"}}]}\n\t\t<\/script>\n\t\t<!-- All in One SEO Pro -->\r\n\t\t<title>El Principado cree que la IGP \u2018Chosco de Tineo\u2019 tiene que incorporar a m\u00e1s productores - El Digital de Asturias<\/title>\n\n","aioseo_head_json":{"title":"El Principado cree que la IGP \u2018Chosco de Tineo\u2019 tiene que incorporar a m\u00e1s productores - El Digital de Asturias","description":"La consejera de Desarrollo Rural y Recursos Naturales del Gobierno asturiano, la socialista Mar\u00eda Jes\u00fas \u00c1lvarez, ha dicho este martes que la indicaci\u00f3n geogr\u00e1fica protegida (IGP) 'Chosco de Tineo' tiene que crecer e incorporar a m\u00e1s productores. \u00c1lvarez ha comparecido en una comisi\u00f3n parlamentaria y ha sido preguntada por las medidas hacia la IGP que","canonical_url":"https:\/\/www.eldigitaldeasturias.com\/noticias\/el-principado-cree-que-la-igp-chosco-de-tineo-tiene-que-incorporar-a-mas-productores\/","robots":"max-image-preview:large","keywords":"actualidad asturias","webmasterTools":{"google-site-verification":"UA-38556648-1","msvalidate.01":"7dfe9f3f1b24437ab69f4f2559babe99","miscellaneous":""},"schema":{"@context":"https:\/\/schema.org","@graph":[{"@type":"BlogPosting","@id":"https:\/\/www.eldigitaldeasturias.com\/noticias\/el-principado-cree-que-la-igp-chosco-de-tineo-tiene-que-incorporar-a-mas-productores\/#blogposting","name":"El Principado cree que la IGP \u2018Chosco de Tineo\u2019 tiene que incorporar a m\u00e1s productores - El Digital de Asturias","headline":"El Principado cree que la IGP &#8216;Chosco de Tineo&#8217; tiene que incorporar a m\u00e1s productores","author":{"@id":"https:\/\/www.eldigitaldeasturias.com\/noticias\/author\/admin\/#author"},"publisher":{"@id":"https:\/\/www.eldigitaldeasturias.com\/noticias\/#organization"},"image":{"@type":"ImageObject","url":"https:\/\/www.eldigitaldeasturias.com\/noticias\/wp-content\/uploads\/2015\/11\/2015_11_12-M.J.Alvarez-en-JGPA-.jpg","width":2178,"height":3312},"datePublished":"2016-02-23T10:21:49+01:00","dateModified":"2016-02-23T10:21:49+01:00","inLanguage":"es-ES","mainEntityOfPage":{"@id":"https:\/\/www.eldigitaldeasturias.com\/noticias\/el-principado-cree-que-la-igp-chosco-de-tineo-tiene-que-incorporar-a-mas-productores\/#webpage"},"isPartOf":{"@id":"https:\/\/www.eldigitaldeasturias.com\/noticias\/el-principado-cree-que-la-igp-chosco-de-tineo-tiene-que-incorporar-a-mas-productores\/#webpage"},"articleSection":"Actualidad Asturias"},{"@type":"BreadcrumbList","@id":"https:\/\/www.eldigitaldeasturias.com\/noticias\/el-principado-cree-que-la-igp-chosco-de-tineo-tiene-que-incorporar-a-mas-productores\/#breadcrumblist","itemListElement":[{"@type":"ListItem","@id":"https:\/\/www.eldigitaldeasturias.com\/noticias#listItem","position":1,"name":"Home","item":"https:\/\/www.eldigitaldeasturias.com\/noticias","nextItem":{"@type":"ListItem","@id":"https:\/\/www.eldigitaldeasturias.com\/noticias\/category\/actualidad-asturias\/#listItem","name":"Actualidad Asturias"}},{"@type":"ListItem","@id":"https:\/\/www.eldigitaldeasturias.com\/noticias\/category\/actualidad-asturias\/#listItem","position":2,"name":"Actualidad Asturias","item":"https:\/\/www.eldigitaldeasturias.com\/noticias\/category\/actualidad-asturias\/","nextItem":{"@type":"ListItem","@id":"https:\/\/www.eldigitaldeasturias.com\/noticias\/el-principado-cree-que-la-igp-chosco-de-tineo-tiene-que-incorporar-a-mas-productores\/#listItem","name":"El Principado cree que la IGP &#8216;Chosco de Tineo&#8217; tiene que incorporar a m\u00e1s productores"},"previousItem":{"@type":"ListItem","@id":"https:\/\/www.eldigitaldeasturias.com\/noticias#listItem","name":"Home"}},{"@type":"ListItem","@id":"https:\/\/www.eldigitaldeasturias.com\/noticias\/el-principado-cree-que-la-igp-chosco-de-tineo-tiene-que-incorporar-a-mas-productores\/#listItem","position":3,"name":"El Principado cree que la IGP &#8216;Chosco de Tineo&#8217; tiene que incorporar a m\u00e1s productores","previousItem":{"@type":"ListItem","@id":"https:\/\/www.eldigitaldeasturias.com\/noticias\/category\/actualidad-asturias\/#listItem","name":"Actualidad Asturias"}}]},{"@type":"Organization","@id":"https:\/\/www.eldigitaldeasturias.com\/noticias\/#organization","name":"El Digital de Asturias","description":"Hemeroteca","url":"https:\/\/www.eldigitaldeasturias.com\/noticias\/","email":"info@eldigitaldeasturias.com","telephone":"+34652131393","logo":{"@type":"ImageObject","url":"https:\/\/www.eldigitaldeasturias.com\/noticias\/wp-content\/uploads\/2020\/12\/EDA.jpg","@id":"https:\/\/www.eldigitaldeasturias.com\/noticias\/el-principado-cree-que-la-igp-chosco-de-tineo-tiene-que-incorporar-a-mas-productores\/#organizationLogo","width":649,"height":297},"image":{"@id":"https:\/\/www.eldigitaldeasturias.com\/noticias\/el-principado-cree-que-la-igp-chosco-de-tineo-tiene-que-incorporar-a-mas-productores\/#organizationLogo"},"sameAs":["https:\/\/facebook.com\/eldigitaldeasturias","https:\/\/www.youtube.com\/channel\/UCZP-2wLEB9Rv6erhFmqVnvg"],"address":{"@id":"https:\/\/www.eldigitaldeasturias.com\/noticias\/#postaladdress","@type":"PostalAddress","streetAddress":"san antonio 4,","postalCode":"33430","addressLocality":"Cand\u00e1s","addressRegion":"Asturias","addressCountry":"ES"}},{"@type":"Person","@id":"https:\/\/www.eldigitaldeasturias.com\/noticias\/author\/admin\/#author","url":"https:\/\/www.eldigitaldeasturias.com\/noticias\/author\/admin\/","name":"El Digital de Asturias","image":{"@type":"ImageObject","@id":"https:\/\/www.eldigitaldeasturias.com\/noticias\/el-principado-cree-que-la-igp-chosco-de-tineo-tiene-que-incorporar-a-mas-productores\/#authorImage","url":"https:\/\/www.eldigitaldeasturias.com\/noticias\/wp-content\/litespeed\/avatar\/18677e78aa0546b92d9dbf31ec7d7668.jpg?ver=1777290358","width":96,"height":96,"caption":"El Digital de Asturias"}},{"@type":"WebPage","@id":"https:\/\/www.eldigitaldeasturias.com\/noticias\/el-principado-cree-que-la-igp-chosco-de-tineo-tiene-que-incorporar-a-mas-productores\/#webpage","url":"https:\/\/www.eldigitaldeasturias.com\/noticias\/el-principado-cree-que-la-igp-chosco-de-tineo-tiene-que-incorporar-a-mas-productores\/","name":"El Principado cree que la IGP \u2018Chosco de Tineo\u2019 tiene que incorporar a m\u00e1s productores - El Digital de Asturias","description":"La consejera de Desarrollo Rural y Recursos Naturales del Gobierno asturiano, la socialista Mar\u00eda Jes\u00fas \u00c1lvarez, ha dicho este martes que la indicaci\u00f3n geogr\u00e1fica protegida (IGP) 'Chosco de Tineo' tiene que crecer e incorporar a m\u00e1s productores. \u00c1lvarez ha comparecido en una comisi\u00f3n parlamentaria y ha sido preguntada por las medidas hacia la IGP que","inLanguage":"es-ES","isPartOf":{"@id":"https:\/\/www.eldigitaldeasturias.com\/noticias\/#website"},"breadcrumb":{"@id":"https:\/\/www.eldigitaldeasturias.com\/noticias\/el-principado-cree-que-la-igp-chosco-de-tineo-tiene-que-incorporar-a-mas-productores\/#breadcrumblist"},"author":{"@id":"https:\/\/www.eldigitaldeasturias.com\/noticias\/author\/admin\/#author"},"creator":{"@id":"https:\/\/www.eldigitaldeasturias.com\/noticias\/author\/admin\/#author"},"image":{"@type":"ImageObject","url":"https:\/\/www.eldigitaldeasturias.com\/noticias\/wp-content\/uploads\/2015\/11\/2015_11_12-M.J.Alvarez-en-JGPA-.jpg","@id":"https:\/\/www.eldigitaldeasturias.com\/noticias\/el-principado-cree-que-la-igp-chosco-de-tineo-tiene-que-incorporar-a-mas-productores\/#mainImage","width":2178,"height":3312},"primaryImageOfPage":{"@id":"https:\/\/www.eldigitaldeasturias.com\/noticias\/el-principado-cree-que-la-igp-chosco-de-tineo-tiene-que-incorporar-a-mas-productores\/#mainImage"},"datePublished":"2016-02-23T10:21:49+01:00","dateModified":"2016-02-23T10:21:49+01:00"},{"@type":"WebSite","@id":"https:\/\/www.eldigitaldeasturias.com\/noticias\/#website","url":"https:\/\/www.eldigitaldeasturias.com\/noticias\/","name":"El Digital de Asturias - Diario de actualidad y noticias","alternateName":"El Digital de Asturias - Diario de actualidad y noticias","description":"Hemeroteca","inLanguage":"es-ES","publisher":{"@id":"https:\/\/www.eldigitaldeasturias.com\/noticias\/#organization"}}]},"og:locale":"es_ES","og:site_name":"El Digital de Asturias","og:type":"article","og:title":"El Principado cree que la IGP \u2018Chosco de Tineo\u2019 tiene que incorporar a m\u00e1s productores - El Digital de Asturias","og:description":"La consejera de Desarrollo Rural y Recursos Naturales del Gobierno asturiano, la socialista Mar\u00eda Jes\u00fas \u00c1lvarez, ha dicho este martes que la indicaci\u00f3n geogr\u00e1fica protegida (IGP) 'Chosco de Tineo' tiene que crecer e incorporar a m\u00e1s productores. \u00c1lvarez ha comparecido en una comisi\u00f3n parlamentaria y ha sido preguntada por las medidas hacia la IGP que","og:url":"https:\/\/www.eldigitaldeasturias.com\/noticias\/el-principado-cree-que-la-igp-chosco-de-tineo-tiene-que-incorporar-a-mas-productores\/","og:image":"https:\/\/www.eldigitaldeasturias.com\/noticias\/wp-content\/uploads\/2015\/11\/2015_11_12-M.J.Alvarez-en-JGPA-.jpg","og:image:secure_url":"https:\/\/www.eldigitaldeasturias.com\/noticias\/wp-content\/uploads\/2015\/11\/2015_11_12-M.J.Alvarez-en-JGPA-.jpg","og:image:width":2178,"og:image:height":3312,"article:tag":["actualidad asturias"],"article:published_time":"2016-02-23T10:21:49+00:00","article:modified_time":"2016-02-23T10:21:49+00:00","article:publisher":"https:\/\/facebook.com\/eldigitaldeasturias","twitter:card":"summary_large_image","twitter:title":"El Principado cree que la IGP \u2018Chosco de Tineo\u2019 tiene que incorporar a m\u00e1s productores - El Digital de Asturias","twitter:description":"La consejera de Desarrollo Rural y Recursos Naturales del Gobierno asturiano, la socialista Mar\u00eda Jes\u00fas \u00c1lvarez, ha dicho este martes que la indicaci\u00f3n geogr\u00e1fica protegida (IGP) 'Chosco de Tineo' tiene que crecer e incorporar a m\u00e1s productores. \u00c1lvarez ha comparecido en una comisi\u00f3n parlamentaria y ha sido preguntada por las medidas hacia la IGP que","twitter:image":"https:\/\/www.eldigitaldeasturias.com\/noticias\/wp-content\/uploads\/2015\/11\/2015_11_12-M.J.Alvarez-en-JGPA-.jpg","twitter:label1":"Escrito por","twitter:data1":"El Digital de Asturias","twitter:label2":"Tiempo de lectura estimado","twitter:data2":"1 minuto"},"aioseo_meta_data":{"post_id":"861244","title":null,"description":null,"keywords":null,"keyphrases":null,"primary_term":null,"canonical_url":null,"og_title":null,"og_description":null,"og_object_type":"default","og_image_type":"default","og_image_url":null,"og_image_width":null,"og_image_height":null,"og_image_custom_url":null,"og_image_custom_fields":null,"og_video":null,"og_custom_url":null,"og_article_section":null,"og_article_tags":null,"twitter_use_og":false,"twitter_card":"default","twitter_image_type":"default","twitter_image_url":null,"twitter_image_custom_url":null,"twitter_image_custom_fields":null,"twitter_title":null,"twitter_description":null,"schema":{"blockGraphs":[],"customGraphs":[],"default":{"data":{"Article":[],"Course":[],"Dataset":[],"FAQPage":[],"Movie":[],"Person":[],"Product":[],"ProductReview":[],"Car":[],"Recipe":[],"Service":[],"SoftwareApplication":[],"WebPage":[]},"graphName":"","isEnabled":true},"graphs":[],"defaultGraph":"","defaultPostTypeGraph":""},"schema_type":null,"schema_type_options":null,"pillar_content":false,"robots_default":true,"robots_noindex":false,"robots_noarchive":false,"robots_nosnippet":false,"robots_nofollow":false,"robots_noimageindex":false,"robots_noodp":false,"robots_notranslate":false,"robots_max_snippet":null,"robots_max_videopreview":null,"robots_max_imagepreview":"large","priority":null,"frequency":null,"local_seo":null,"seo_analyzer_scan_date":"2025-12-10 20:38:13","breadcrumb_settings":null,"limit_modified_date":false,"open_ai":null,"ai":null,"created":"2021-01-22 08:08:23","updated":"2025-12-10 20:38:13"},"aioseo_breadcrumb":"<div class=\"aioseo-breadcrumbs\"><span class=\"aioseo-breadcrumb\">\n\t<a href=\"https:\/\/www.eldigitaldeasturias.com\/noticias\" title=\"Home\">Home<\/a>\n<\/span><span class=\"aioseo-breadcrumb-separator\">\u2013<\/span><span class=\"aioseo-breadcrumb\">\n\t<a href=\"https:\/\/www.eldigitaldeasturias.com\/noticias\/category\/actualidad-asturias\/\" title=\"Actualidad Asturias\">Actualidad Asturias<\/a>\n<\/span><span class=\"aioseo-breadcrumb-separator\">\u2013<\/span><span class=\"aioseo-breadcrumb\">\n\t<a href=\"https:\/\/www.eldigitaldeasturias.com\/noticias\/el-principado-cree-que-la-igp-chosco-de-tineo-tiene-que-incorporar-a-mas-productores\/\" title=\"El Principado cree que la IGP \u2018Chosco de Tineo\u2019 tiene que incorporar a m\u00e1s productores\">El Principado cree que la IGP \u2018Chosco de Tineo\u2019 tiene que incorporar a m\u00e1s productores<\/a>\n<\/span><\/div>","aioseo_breadcrumb_json":[{"label":"Home","link":"https:\/\/www.eldigitaldeasturias.com\/noticias"},{"label":"Actualidad Asturias","link":"https:\/\/www.eldigitaldeasturias.com\/noticias\/category\/actualidad-asturias\/"},{"label":"El Principado cree que la IGP &#8216;Chosco de Tineo&#8217; tiene que incorporar a m\u00e1s productores","link":"https:\/\/www.eldigitaldeasturias.com\/noticias\/el-principado-cree-que-la-igp-chosco-de-tineo-tiene-que-incorporar-a-mas-productores\/"}],"_links":{"self":[{"href":"https:\/\/www.eldigitaldeasturias.com\/noticias\/wp-json\/wp\/v2\/posts\/861244","targetHints":{"allow":["GET"]}}],"collection":[{"href":"https:\/\/www.eldigitaldeasturias.com\/noticias\/wp-json\/wp\/v2\/posts"}],"about":[{"href":"https:\/\/www.eldigitaldeasturias.com\/noticias\/wp-json\/wp\/v2\/types\/post"}],"author":[{"embeddable":true,"href":"https:\/\/www.eldigitaldeasturias.com\/noticias\/wp-json\/wp\/v2\/users\/1"}],"replies":[{"embeddable":true,"href":"https:\/\/www.eldigitaldeasturias.com\/noticias\/wp-json\/wp\/v2\/comments?post=861244"}],"version-history":[{"count":0,"href":"https:\/\/www.eldigitaldeasturias.com\/noticias\/wp-json\/wp\/v2\/posts\/861244\/revisions"}],"wp:featuredmedia":[{"embeddable":true,"href":"https:\/\/www.eldigitaldeasturias.com\/noticias\/wp-json\/wp\/v2\/media\/824034"}],"wp:attachment":[{"href":"https:\/\/www.eldigitaldeasturias.com\/noticias\/wp-json\/wp\/v2\/media?parent=861244"}],"wp:term":[{"taxonomy":"category","embeddable":true,"href":"https:\/\/www.eldigitaldeasturias.com\/noticias\/wp-json\/wp\/v2\/categories?post=861244"},{"taxonomy":"post_tag","embeddable":true,"href":"https:\/\/www.eldigitaldeasturias.com\/noticias\/wp-json\/wp\/v2\/tags?post=861244"}],"curies":[{"name":"wp","href":"https:\/\/api.w.org\/{rel}","templated":true}]}}