{"id":861235,"date":"2016-02-23T10:16:46","date_gmt":"2016-02-23T10:16:46","guid":{"rendered":"http:\/\/www.eldigitaldeasturias.com\/noticias\/?p=861235"},"modified":"2016-02-23T10:16:46","modified_gmt":"2016-02-23T10:16:46","slug":"la-seguridad-social-perdio-27-016-cotizantes-extranjeros-en-enero","status":"publish","type":"post","link":"https:\/\/www.eldigitaldeasturias.com\/noticias\/la-seguridad-social-perdio-27-016-cotizantes-extranjeros-en-enero\/","title":{"rendered":"La Seguridad Social perdi\u00f3 27.016 cotizantes extranjeros en enero"},"content":{"rendered":"<p><img loading=\"lazy\" decoding=\"async\" class=\"alignleft size-medium wp-image-861236\" src=\"https:\/\/www.eldigitaldeasturias.com\/noticias\/wp-content\/uploads\/2016\/02\/fotonoticia_20160223095509_800-360x240.jpg\" alt=\"fotonoticia_20160223095509_800\" width=\"360\" height=\"240\" srcset=\"https:\/\/www.eldigitaldeasturias.com\/noticias\/wp-content\/uploads\/2016\/02\/fotonoticia_20160223095509_800-360x240.jpg 360w, https:\/\/www.eldigitaldeasturias.com\/noticias\/wp-content\/uploads\/2016\/02\/fotonoticia_20160223095509_800-768x513.jpg 768w, https:\/\/www.eldigitaldeasturias.com\/noticias\/wp-content\/uploads\/2016\/02\/fotonoticia_20160223095509_800-650x434.jpg 650w, https:\/\/www.eldigitaldeasturias.com\/noticias\/wp-content\/uploads\/2016\/02\/fotonoticia_20160223095509_800-84x55.jpg 84w, https:\/\/www.eldigitaldeasturias.com\/noticias\/wp-content\/uploads\/2016\/02\/fotonoticia_20160223095509_800-49x32.jpg 49w, https:\/\/www.eldigitaldeasturias.com\/noticias\/wp-content\/uploads\/2016\/02\/fotonoticia_20160223095509_800.jpg 800w\" sizes=\"auto, (max-width: 360px) 100vw, 360px\" \/><\/p>\n<p>La Seguridad Social perdi\u00f3 27.016 cotizantes extranjeros en enero, un 1,6% en relaci\u00f3n al mes anterior, su mejor resultado en este mes desde 2008, seg\u00fan ha informado este martes el Ministerio de Empleo y Seguridad Social. De este modo, el n\u00famero de inmigrantes en alta se situ\u00f3 al finalizar el mes pasado en 1.600.822 ocupados.<\/p>\n<p>Empleo ha recordado que es habitual el descenso de la ocupaci\u00f3n en el primer mes del a\u00f1o por el fin de la campa\u00f1a navide\u00f1a.<\/p>\n<p>Del total de extranjeros en alta en la Seguridad Social al finalizar enero, 1.337.039 cotizaban al R\u00e9gimen General, 260.022 al de Aut\u00f3nomos, 3.521 al del Mar y 239 al del Carb\u00f3n.<\/p>\n<p>En t\u00e9rminos interanuales, el n\u00famero de afiliados extranjeros aument\u00f3 en 84.766 personas, lo que supone un 5,59% m\u00e1s que en enero de 2015, su mejor tasa interanual en este mes desde 2008.<\/p>\n<p>Todos los reg\u00edmenes, salvo el del Mar, perdieron afiliados extranjeros en enero, con descensos del 1,9% en el R\u00e9gimen General, del 0,6% en Aut\u00f3nomos y del 2,4% en el Carb\u00f3n. Por el contrario, el R\u00e9gimen del Mar elev\u00f3 la cifra de cotizantes extranjeros un 4,5% respecto al mes anterior.<\/p>\n<p>Dentro del R\u00e9gimen General, un total de 208.838 extranjeros, el 15,6%, trabajaba en la hosteler\u00eda, mientras que el 12,6% lo hac\u00eda en el comercio (169.413 afiliados), y el 7,3% en las actividades administrativas y servicios auxiliares (97.584 cotizantes).<\/p>\n<p>Asimismo, y dentro de este r\u00e9gimen, 204.485 extranjeros se encuadraban en el sistema especial agrario, un 1,6% menos que en diciembre de 2015, y 199.898 en el del hogar, con un descenso mensual del 1,1%.<\/p>\n<p>RUMANOS, LOS M\u00c1S NUMEROSOS.<\/p>\n<p>Del conjunto de inmigrantes afiliados a la Seguridad Social a cierre de enero, seis de cada diez proced\u00edan de pa\u00edses no comunitarios (941.653) y el resto (659.169) proven\u00edan de pa\u00edses miembros de la UE.<\/p>\n<p>Dentro de los pa\u00edses no comunitarios, 201.961 eran de nacionalidad marroqu\u00ed y 92.829 de nacionalidad china. Ecuador totalizaba al finalizar el mes pasado 66.265 trabajadores cotizantes, seguido de Bolivia, que cuenta con 53.330 cotizantes.<\/p>\n<p>El resto de afiliados no comunitarios se reparten entre Colombia (49.622), Ucrania (37.553), Paraguay (32.674), Per\u00fa (30.098), Pakist\u00e1n (27.851) y Argentina (27.101).<\/p>\n<p>Por su parte, de los que proceden de la UE-27, rumanos, italianos y brit\u00e1nicos son los m\u00e1s numerosos, con 285.290, 71.956 y 55.732 cotizantes, respectivamente. Les siguen b\u00falgaros y portugueses, con 51.023 y 40.202, y franceses y alemanes, con 37.883 y 36.123 afiliados.<\/p>\n<p>CATALU\u00d1A Y MADRID CONCENTRAN EL 43,5% DE LOS EXTRANJEROS.<\/p>\n<p>Por comunidades aut\u00f3nomas, Catalu\u00f1a y Madrid siguieron concentrando algo m\u00e1s de cuatro de cada diez extranjeros afiliados a la Seguridad Social a cierre de enero, al sumar entre ambas el 43,5% del total de inmigrantes ocupados. En concreto, Catalu\u00f1a contaba con 362.005 extranjeros cotizantes, mientras que en Madrid la cifra era de 334.500.<\/p>\n<p>Tras estas dos regiones se situaron Andaluc\u00eda, con 214.061 afiliados extranjeros; Comunidad Valenciana, con 178.234 ocupados; Canarias, con 81.277; Murcia, con 75.629; Baleares, con 55.609; Arag\u00f3n, con 55.284; Castilla-La Mancha, con 50.164; Pa\u00eds Vasco, con 49.355, y Castilla y Le\u00f3n, con 43.548.<\/p>\n<p>Las comunidades con menor presencia de inmigrantes en alta a la Seguridad Social al finalizar enero fueron Galicia, con 28.676 extranjeros; Navarra, con 20.521; La Rioja, con 12.891; Asturias, con 12.213; Extremadura, con 10.465; Cantabria, con 9.489, y las ciudades aut\u00f3nomas de Melilla, con 4.263, y Ceuta, con 2.637.<\/p>\n<p>La afiliaci\u00f3n de extranjeros s\u00f3lo aument\u00f3 en enero en Murcia, con un avance mensual del 0,6%, y retrocedi\u00f3 en el resto de comunidades aut\u00f3nomas, especialmente en Extremadura (-6%).<\/p>\n<p>En t\u00e9rminos interanuales, la afiliaci\u00f3n de extranjeros s\u00f3lo baj\u00f3 en Extremadura (-0,9%) y subi\u00f3 en las 16 regiones restantes, con Andaluc\u00eda a la cabeza (+11,5%).<\/p>\n","protected":false},"excerpt":{"rendered":"<p>La Seguridad Social perdi\u00f3 27.016 cotizantes extranjeros en enero, un 1,6% en relaci\u00f3n al mes anterior, su mejor resultado en este mes desde 2008, seg\u00fan ha informado este martes el Ministerio de Empleo y Seguridad Social. De este modo, el n\u00famero de inmigrantes en alta se situ\u00f3 al finalizar el mes pasado en 1.600.822 ocupados. [&hellip;]<\/p>\n","protected":false},"author":1,"featured_media":861236,"comment_status":"closed","ping_status":"closed","sticky":false,"template":"","format":"standard","meta":{"footnotes":""},"categories":[1],"tags":[],"class_list":["post-861235","post","type-post","status-publish","format-standard","has-post-thumbnail","hentry","category-actualidad"],"aioseo_notices":[],"aioseo_head":"\n\t\t<!-- All in One SEO Pro 4.9.6.2 - aioseo.com -->\n\t<meta name=\"description\" content=\"La Seguridad Social perdi\u00f3 27.016 cotizantes extranjeros en enero, un 1,6% en relaci\u00f3n al mes anterior, su mejor resultado en este mes desde 2008, seg\u00fan ha informado este martes el Ministerio de Empleo y Seguridad Social. De este modo, el n\u00famero de inmigrantes en alta se situ\u00f3 al finalizar el mes pasado en 1.600.822 ocupados.\" \/>\n\t<meta name=\"robots\" content=\"max-image-preview:large\" \/>\n\t<meta name=\"author\" content=\"El Digital de Asturias\"\/>\n\t<meta name=\"google-site-verification\" content=\"UA-38556648-1\" \/>\n\t<meta name=\"msvalidate.01\" content=\"7dfe9f3f1b24437ab69f4f2559babe99\" \/>\n\t<meta name=\"keywords\" content=\"actualidad\" \/>\n\t<link rel=\"canonical\" href=\"https:\/\/www.eldigitaldeasturias.com\/noticias\/la-seguridad-social-perdio-27-016-cotizantes-extranjeros-en-enero\/\" \/>\n\t<meta name=\"generator\" content=\"All in One SEO Pro (AIOSEO) 4.9.6.2\" \/>\n\t\t<meta property=\"og:locale\" content=\"es_ES\" \/>\n\t\t<meta property=\"og:site_name\" content=\"El Digital de Asturias\" \/>\n\t\t<meta property=\"og:type\" content=\"article\" \/>\n\t\t<meta property=\"og:title\" content=\"La Seguridad Social perdi\u00f3 27.016 cotizantes extranjeros en enero - El Digital de Asturias\" \/>\n\t\t<meta property=\"og:description\" content=\"La Seguridad Social perdi\u00f3 27.016 cotizantes extranjeros en enero, un 1,6% en relaci\u00f3n al mes anterior, su mejor resultado en este mes desde 2008, seg\u00fan ha informado este martes el Ministerio de Empleo y Seguridad Social. De este modo, el n\u00famero de inmigrantes en alta se situ\u00f3 al finalizar el mes pasado en 1.600.822 ocupados.\" \/>\n\t\t<meta property=\"og:url\" content=\"https:\/\/www.eldigitaldeasturias.com\/noticias\/la-seguridad-social-perdio-27-016-cotizantes-extranjeros-en-enero\/\" \/>\n\t\t<meta property=\"og:image\" content=\"https:\/\/www.eldigitaldeasturias.com\/noticias\/wp-content\/uploads\/2016\/02\/fotonoticia_20160223095509_800.jpg\" \/>\n\t\t<meta property=\"og:image:secure_url\" content=\"https:\/\/www.eldigitaldeasturias.com\/noticias\/wp-content\/uploads\/2016\/02\/fotonoticia_20160223095509_800.jpg\" \/>\n\t\t<meta property=\"og:image:width\" content=\"800\" \/>\n\t\t<meta property=\"og:image:height\" content=\"534\" \/>\n\t\t<meta property=\"article:tag\" content=\"actualidad\" \/>\n\t\t<meta property=\"article:published_time\" content=\"2016-02-23T10:16:46+00:00\" \/>\n\t\t<meta property=\"article:modified_time\" content=\"2016-02-23T10:16:46+00:00\" \/>\n\t\t<meta property=\"article:publisher\" content=\"https:\/\/facebook.com\/eldigitaldeasturias\" \/>\n\t\t<meta name=\"twitter:card\" content=\"summary_large_image\" \/>\n\t\t<meta name=\"twitter:title\" content=\"La Seguridad Social perdi\u00f3 27.016 cotizantes extranjeros en enero - El Digital de Asturias\" \/>\n\t\t<meta name=\"twitter:description\" content=\"La Seguridad Social perdi\u00f3 27.016 cotizantes extranjeros en enero, un 1,6% en relaci\u00f3n al mes anterior, su mejor resultado en este mes desde 2008, seg\u00fan ha informado este martes el Ministerio de Empleo y Seguridad Social. De este modo, el n\u00famero de inmigrantes en alta se situ\u00f3 al finalizar el mes pasado en 1.600.822 ocupados.\" \/>\n\t\t<meta name=\"twitter:image\" content=\"https:\/\/www.eldigitaldeasturias.com\/noticias\/wp-content\/uploads\/2016\/02\/fotonoticia_20160223095509_800.jpg\" \/>\n\t\t<meta name=\"twitter:label1\" content=\"Escrito por\" \/>\n\t\t<meta name=\"twitter:data1\" content=\"El Digital de Asturias\" \/>\n\t\t<meta name=\"twitter:label2\" content=\"Tiempo de lectura estimado\" \/>\n\t\t<meta name=\"twitter:data2\" content=\"3 minutos\" \/>\n\t\t<script type=\"application\/ld+json\" class=\"aioseo-schema\">\n\t\t\t{\"@context\":\"https:\\\/\\\/schema.org\",\"@graph\":[{\"@type\":\"BlogPosting\",\"@id\":\"https:\\\/\\\/www.eldigitaldeasturias.com\\\/noticias\\\/la-seguridad-social-perdio-27-016-cotizantes-extranjeros-en-enero\\\/#blogposting\",\"name\":\"La Seguridad Social perdi\\u00f3 27.016 cotizantes extranjeros en enero - El Digital de Asturias\",\"headline\":\"La Seguridad Social perdi\\u00f3 27.016 cotizantes extranjeros en enero\",\"author\":{\"@id\":\"https:\\\/\\\/www.eldigitaldeasturias.com\\\/noticias\\\/author\\\/admin\\\/#author\"},\"publisher\":{\"@id\":\"https:\\\/\\\/www.eldigitaldeasturias.com\\\/noticias\\\/#organization\"},\"image\":{\"@type\":\"ImageObject\",\"url\":\"https:\\\/\\\/www.eldigitaldeasturias.com\\\/noticias\\\/wp-content\\\/uploads\\\/2016\\\/02\\\/fotonoticia_20160223095509_800.jpg\",\"width\":800,\"height\":534},\"datePublished\":\"2016-02-23T10:16:46+01:00\",\"dateModified\":\"2016-02-23T10:16:46+01:00\",\"inLanguage\":\"es-ES\",\"mainEntityOfPage\":{\"@id\":\"https:\\\/\\\/www.eldigitaldeasturias.com\\\/noticias\\\/la-seguridad-social-perdio-27-016-cotizantes-extranjeros-en-enero\\\/#webpage\"},\"isPartOf\":{\"@id\":\"https:\\\/\\\/www.eldigitaldeasturias.com\\\/noticias\\\/la-seguridad-social-perdio-27-016-cotizantes-extranjeros-en-enero\\\/#webpage\"},\"articleSection\":\"Actualidad\"},{\"@type\":\"BreadcrumbList\",\"@id\":\"https:\\\/\\\/www.eldigitaldeasturias.com\\\/noticias\\\/la-seguridad-social-perdio-27-016-cotizantes-extranjeros-en-enero\\\/#breadcrumblist\",\"itemListElement\":[{\"@type\":\"ListItem\",\"@id\":\"https:\\\/\\\/www.eldigitaldeasturias.com\\\/noticias#listItem\",\"position\":1,\"name\":\"Home\",\"item\":\"https:\\\/\\\/www.eldigitaldeasturias.com\\\/noticias\",\"nextItem\":{\"@type\":\"ListItem\",\"@id\":\"https:\\\/\\\/www.eldigitaldeasturias.com\\\/noticias\\\/category\\\/actualidad\\\/#listItem\",\"name\":\"Actualidad\"}},{\"@type\":\"ListItem\",\"@id\":\"https:\\\/\\\/www.eldigitaldeasturias.com\\\/noticias\\\/category\\\/actualidad\\\/#listItem\",\"position\":2,\"name\":\"Actualidad\",\"item\":\"https:\\\/\\\/www.eldigitaldeasturias.com\\\/noticias\\\/category\\\/actualidad\\\/\",\"nextItem\":{\"@type\":\"ListItem\",\"@id\":\"https:\\\/\\\/www.eldigitaldeasturias.com\\\/noticias\\\/la-seguridad-social-perdio-27-016-cotizantes-extranjeros-en-enero\\\/#listItem\",\"name\":\"La Seguridad Social perdi\\u00f3 27.016 cotizantes extranjeros en enero\"},\"previousItem\":{\"@type\":\"ListItem\",\"@id\":\"https:\\\/\\\/www.eldigitaldeasturias.com\\\/noticias#listItem\",\"name\":\"Home\"}},{\"@type\":\"ListItem\",\"@id\":\"https:\\\/\\\/www.eldigitaldeasturias.com\\\/noticias\\\/la-seguridad-social-perdio-27-016-cotizantes-extranjeros-en-enero\\\/#listItem\",\"position\":3,\"name\":\"La Seguridad Social perdi\\u00f3 27.016 cotizantes extranjeros en enero\",\"previousItem\":{\"@type\":\"ListItem\",\"@id\":\"https:\\\/\\\/www.eldigitaldeasturias.com\\\/noticias\\\/category\\\/actualidad\\\/#listItem\",\"name\":\"Actualidad\"}}]},{\"@type\":\"Organization\",\"@id\":\"https:\\\/\\\/www.eldigitaldeasturias.com\\\/noticias\\\/#organization\",\"name\":\"El Digital de Asturias\",\"description\":\"Hemeroteca\",\"url\":\"https:\\\/\\\/www.eldigitaldeasturias.com\\\/noticias\\\/\",\"email\":\"info@eldigitaldeasturias.com\",\"telephone\":\"+34652131393\",\"logo\":{\"@type\":\"ImageObject\",\"url\":\"https:\\\/\\\/www.eldigitaldeasturias.com\\\/noticias\\\/wp-content\\\/uploads\\\/2020\\\/12\\\/EDA.jpg\",\"@id\":\"https:\\\/\\\/www.eldigitaldeasturias.com\\\/noticias\\\/la-seguridad-social-perdio-27-016-cotizantes-extranjeros-en-enero\\\/#organizationLogo\",\"width\":649,\"height\":297},\"image\":{\"@id\":\"https:\\\/\\\/www.eldigitaldeasturias.com\\\/noticias\\\/la-seguridad-social-perdio-27-016-cotizantes-extranjeros-en-enero\\\/#organizationLogo\"},\"sameAs\":[\"https:\\\/\\\/facebook.com\\\/eldigitaldeasturias\",\"https:\\\/\\\/www.youtube.com\\\/channel\\\/UCZP-2wLEB9Rv6erhFmqVnvg\"],\"address\":{\"@id\":\"https:\\\/\\\/www.eldigitaldeasturias.com\\\/noticias\\\/#postaladdress\",\"@type\":\"PostalAddress\",\"streetAddress\":\"san antonio 4,\",\"postalCode\":\"33430\",\"addressLocality\":\"Cand\\u00e1s\",\"addressRegion\":\"Asturias\",\"addressCountry\":\"ES\"}},{\"@type\":\"Person\",\"@id\":\"https:\\\/\\\/www.eldigitaldeasturias.com\\\/noticias\\\/author\\\/admin\\\/#author\",\"url\":\"https:\\\/\\\/www.eldigitaldeasturias.com\\\/noticias\\\/author\\\/admin\\\/\",\"name\":\"El Digital de Asturias\",\"image\":{\"@type\":\"ImageObject\",\"@id\":\"https:\\\/\\\/www.eldigitaldeasturias.com\\\/noticias\\\/la-seguridad-social-perdio-27-016-cotizantes-extranjeros-en-enero\\\/#authorImage\",\"url\":\"https:\\\/\\\/www.eldigitaldeasturias.com\\\/noticias\\\/wp-content\\\/litespeed\\\/avatar\\\/18677e78aa0546b92d9dbf31ec7d7668.jpg?ver=1777290358\",\"width\":96,\"height\":96,\"caption\":\"El Digital de Asturias\"}},{\"@type\":\"WebPage\",\"@id\":\"https:\\\/\\\/www.eldigitaldeasturias.com\\\/noticias\\\/la-seguridad-social-perdio-27-016-cotizantes-extranjeros-en-enero\\\/#webpage\",\"url\":\"https:\\\/\\\/www.eldigitaldeasturias.com\\\/noticias\\\/la-seguridad-social-perdio-27-016-cotizantes-extranjeros-en-enero\\\/\",\"name\":\"La Seguridad Social perdi\\u00f3 27.016 cotizantes extranjeros en enero - El Digital de Asturias\",\"description\":\"La Seguridad Social perdi\\u00f3 27.016 cotizantes extranjeros en enero, un 1,6% en relaci\\u00f3n al mes anterior, su mejor resultado en este mes desde 2008, seg\\u00fan ha informado este martes el Ministerio de Empleo y Seguridad Social. De este modo, el n\\u00famero de inmigrantes en alta se situ\\u00f3 al finalizar el mes pasado en 1.600.822 ocupados.\",\"inLanguage\":\"es-ES\",\"isPartOf\":{\"@id\":\"https:\\\/\\\/www.eldigitaldeasturias.com\\\/noticias\\\/#website\"},\"breadcrumb\":{\"@id\":\"https:\\\/\\\/www.eldigitaldeasturias.com\\\/noticias\\\/la-seguridad-social-perdio-27-016-cotizantes-extranjeros-en-enero\\\/#breadcrumblist\"},\"author\":{\"@id\":\"https:\\\/\\\/www.eldigitaldeasturias.com\\\/noticias\\\/author\\\/admin\\\/#author\"},\"creator\":{\"@id\":\"https:\\\/\\\/www.eldigitaldeasturias.com\\\/noticias\\\/author\\\/admin\\\/#author\"},\"image\":{\"@type\":\"ImageObject\",\"url\":\"https:\\\/\\\/www.eldigitaldeasturias.com\\\/noticias\\\/wp-content\\\/uploads\\\/2016\\\/02\\\/fotonoticia_20160223095509_800.jpg\",\"@id\":\"https:\\\/\\\/www.eldigitaldeasturias.com\\\/noticias\\\/la-seguridad-social-perdio-27-016-cotizantes-extranjeros-en-enero\\\/#mainImage\",\"width\":800,\"height\":534},\"primaryImageOfPage\":{\"@id\":\"https:\\\/\\\/www.eldigitaldeasturias.com\\\/noticias\\\/la-seguridad-social-perdio-27-016-cotizantes-extranjeros-en-enero\\\/#mainImage\"},\"datePublished\":\"2016-02-23T10:16:46+01:00\",\"dateModified\":\"2016-02-23T10:16:46+01:00\"},{\"@type\":\"WebSite\",\"@id\":\"https:\\\/\\\/www.eldigitaldeasturias.com\\\/noticias\\\/#website\",\"url\":\"https:\\\/\\\/www.eldigitaldeasturias.com\\\/noticias\\\/\",\"name\":\"El Digital de Asturias - Diario de actualidad y noticias\",\"alternateName\":\"El Digital de Asturias - Diario de actualidad y noticias\",\"description\":\"Hemeroteca\",\"inLanguage\":\"es-ES\",\"publisher\":{\"@id\":\"https:\\\/\\\/www.eldigitaldeasturias.com\\\/noticias\\\/#organization\"}}]}\n\t\t<\/script>\n\t\t<!-- All in One SEO Pro -->\r\n\t\t<title>La Seguridad Social perdi\u00f3 27.016 cotizantes extranjeros en enero - El Digital de Asturias<\/title>\n\n","aioseo_head_json":{"title":"La Seguridad Social perdi\u00f3 27.016 cotizantes extranjeros en enero - El Digital de Asturias","description":"La Seguridad Social perdi\u00f3 27.016 cotizantes extranjeros en enero, un 1,6% en relaci\u00f3n al mes anterior, su mejor resultado en este mes desde 2008, seg\u00fan ha informado este martes el Ministerio de Empleo y Seguridad Social. De este modo, el n\u00famero de inmigrantes en alta se situ\u00f3 al finalizar el mes pasado en 1.600.822 ocupados.","canonical_url":"https:\/\/www.eldigitaldeasturias.com\/noticias\/la-seguridad-social-perdio-27-016-cotizantes-extranjeros-en-enero\/","robots":"max-image-preview:large","keywords":"actualidad","webmasterTools":{"google-site-verification":"UA-38556648-1","msvalidate.01":"7dfe9f3f1b24437ab69f4f2559babe99","miscellaneous":""},"schema":{"@context":"https:\/\/schema.org","@graph":[{"@type":"BlogPosting","@id":"https:\/\/www.eldigitaldeasturias.com\/noticias\/la-seguridad-social-perdio-27-016-cotizantes-extranjeros-en-enero\/#blogposting","name":"La Seguridad Social perdi\u00f3 27.016 cotizantes extranjeros en enero - El Digital de Asturias","headline":"La Seguridad Social perdi\u00f3 27.016 cotizantes extranjeros en enero","author":{"@id":"https:\/\/www.eldigitaldeasturias.com\/noticias\/author\/admin\/#author"},"publisher":{"@id":"https:\/\/www.eldigitaldeasturias.com\/noticias\/#organization"},"image":{"@type":"ImageObject","url":"https:\/\/www.eldigitaldeasturias.com\/noticias\/wp-content\/uploads\/2016\/02\/fotonoticia_20160223095509_800.jpg","width":800,"height":534},"datePublished":"2016-02-23T10:16:46+01:00","dateModified":"2016-02-23T10:16:46+01:00","inLanguage":"es-ES","mainEntityOfPage":{"@id":"https:\/\/www.eldigitaldeasturias.com\/noticias\/la-seguridad-social-perdio-27-016-cotizantes-extranjeros-en-enero\/#webpage"},"isPartOf":{"@id":"https:\/\/www.eldigitaldeasturias.com\/noticias\/la-seguridad-social-perdio-27-016-cotizantes-extranjeros-en-enero\/#webpage"},"articleSection":"Actualidad"},{"@type":"BreadcrumbList","@id":"https:\/\/www.eldigitaldeasturias.com\/noticias\/la-seguridad-social-perdio-27-016-cotizantes-extranjeros-en-enero\/#breadcrumblist","itemListElement":[{"@type":"ListItem","@id":"https:\/\/www.eldigitaldeasturias.com\/noticias#listItem","position":1,"name":"Home","item":"https:\/\/www.eldigitaldeasturias.com\/noticias","nextItem":{"@type":"ListItem","@id":"https:\/\/www.eldigitaldeasturias.com\/noticias\/category\/actualidad\/#listItem","name":"Actualidad"}},{"@type":"ListItem","@id":"https:\/\/www.eldigitaldeasturias.com\/noticias\/category\/actualidad\/#listItem","position":2,"name":"Actualidad","item":"https:\/\/www.eldigitaldeasturias.com\/noticias\/category\/actualidad\/","nextItem":{"@type":"ListItem","@id":"https:\/\/www.eldigitaldeasturias.com\/noticias\/la-seguridad-social-perdio-27-016-cotizantes-extranjeros-en-enero\/#listItem","name":"La Seguridad Social perdi\u00f3 27.016 cotizantes extranjeros en enero"},"previousItem":{"@type":"ListItem","@id":"https:\/\/www.eldigitaldeasturias.com\/noticias#listItem","name":"Home"}},{"@type":"ListItem","@id":"https:\/\/www.eldigitaldeasturias.com\/noticias\/la-seguridad-social-perdio-27-016-cotizantes-extranjeros-en-enero\/#listItem","position":3,"name":"La Seguridad Social perdi\u00f3 27.016 cotizantes extranjeros en enero","previousItem":{"@type":"ListItem","@id":"https:\/\/www.eldigitaldeasturias.com\/noticias\/category\/actualidad\/#listItem","name":"Actualidad"}}]},{"@type":"Organization","@id":"https:\/\/www.eldigitaldeasturias.com\/noticias\/#organization","name":"El Digital de Asturias","description":"Hemeroteca","url":"https:\/\/www.eldigitaldeasturias.com\/noticias\/","email":"info@eldigitaldeasturias.com","telephone":"+34652131393","logo":{"@type":"ImageObject","url":"https:\/\/www.eldigitaldeasturias.com\/noticias\/wp-content\/uploads\/2020\/12\/EDA.jpg","@id":"https:\/\/www.eldigitaldeasturias.com\/noticias\/la-seguridad-social-perdio-27-016-cotizantes-extranjeros-en-enero\/#organizationLogo","width":649,"height":297},"image":{"@id":"https:\/\/www.eldigitaldeasturias.com\/noticias\/la-seguridad-social-perdio-27-016-cotizantes-extranjeros-en-enero\/#organizationLogo"},"sameAs":["https:\/\/facebook.com\/eldigitaldeasturias","https:\/\/www.youtube.com\/channel\/UCZP-2wLEB9Rv6erhFmqVnvg"],"address":{"@id":"https:\/\/www.eldigitaldeasturias.com\/noticias\/#postaladdress","@type":"PostalAddress","streetAddress":"san antonio 4,","postalCode":"33430","addressLocality":"Cand\u00e1s","addressRegion":"Asturias","addressCountry":"ES"}},{"@type":"Person","@id":"https:\/\/www.eldigitaldeasturias.com\/noticias\/author\/admin\/#author","url":"https:\/\/www.eldigitaldeasturias.com\/noticias\/author\/admin\/","name":"El Digital de Asturias","image":{"@type":"ImageObject","@id":"https:\/\/www.eldigitaldeasturias.com\/noticias\/la-seguridad-social-perdio-27-016-cotizantes-extranjeros-en-enero\/#authorImage","url":"https:\/\/www.eldigitaldeasturias.com\/noticias\/wp-content\/litespeed\/avatar\/18677e78aa0546b92d9dbf31ec7d7668.jpg?ver=1777290358","width":96,"height":96,"caption":"El Digital de Asturias"}},{"@type":"WebPage","@id":"https:\/\/www.eldigitaldeasturias.com\/noticias\/la-seguridad-social-perdio-27-016-cotizantes-extranjeros-en-enero\/#webpage","url":"https:\/\/www.eldigitaldeasturias.com\/noticias\/la-seguridad-social-perdio-27-016-cotizantes-extranjeros-en-enero\/","name":"La Seguridad Social perdi\u00f3 27.016 cotizantes extranjeros en enero - El Digital de Asturias","description":"La Seguridad Social perdi\u00f3 27.016 cotizantes extranjeros en enero, un 1,6% en relaci\u00f3n al mes anterior, su mejor resultado en este mes desde 2008, seg\u00fan ha informado este martes el Ministerio de Empleo y Seguridad Social. De este modo, el n\u00famero de inmigrantes en alta se situ\u00f3 al finalizar el mes pasado en 1.600.822 ocupados.","inLanguage":"es-ES","isPartOf":{"@id":"https:\/\/www.eldigitaldeasturias.com\/noticias\/#website"},"breadcrumb":{"@id":"https:\/\/www.eldigitaldeasturias.com\/noticias\/la-seguridad-social-perdio-27-016-cotizantes-extranjeros-en-enero\/#breadcrumblist"},"author":{"@id":"https:\/\/www.eldigitaldeasturias.com\/noticias\/author\/admin\/#author"},"creator":{"@id":"https:\/\/www.eldigitaldeasturias.com\/noticias\/author\/admin\/#author"},"image":{"@type":"ImageObject","url":"https:\/\/www.eldigitaldeasturias.com\/noticias\/wp-content\/uploads\/2016\/02\/fotonoticia_20160223095509_800.jpg","@id":"https:\/\/www.eldigitaldeasturias.com\/noticias\/la-seguridad-social-perdio-27-016-cotizantes-extranjeros-en-enero\/#mainImage","width":800,"height":534},"primaryImageOfPage":{"@id":"https:\/\/www.eldigitaldeasturias.com\/noticias\/la-seguridad-social-perdio-27-016-cotizantes-extranjeros-en-enero\/#mainImage"},"datePublished":"2016-02-23T10:16:46+01:00","dateModified":"2016-02-23T10:16:46+01:00"},{"@type":"WebSite","@id":"https:\/\/www.eldigitaldeasturias.com\/noticias\/#website","url":"https:\/\/www.eldigitaldeasturias.com\/noticias\/","name":"El Digital de Asturias - Diario de actualidad y noticias","alternateName":"El Digital de Asturias - Diario de actualidad y noticias","description":"Hemeroteca","inLanguage":"es-ES","publisher":{"@id":"https:\/\/www.eldigitaldeasturias.com\/noticias\/#organization"}}]},"og:locale":"es_ES","og:site_name":"El Digital de Asturias","og:type":"article","og:title":"La Seguridad Social perdi\u00f3 27.016 cotizantes extranjeros en enero - El Digital de Asturias","og:description":"La Seguridad Social perdi\u00f3 27.016 cotizantes extranjeros en enero, un 1,6% en relaci\u00f3n al mes anterior, su mejor resultado en este mes desde 2008, seg\u00fan ha informado este martes el Ministerio de Empleo y Seguridad Social. De este modo, el n\u00famero de inmigrantes en alta se situ\u00f3 al finalizar el mes pasado en 1.600.822 ocupados.","og:url":"https:\/\/www.eldigitaldeasturias.com\/noticias\/la-seguridad-social-perdio-27-016-cotizantes-extranjeros-en-enero\/","og:image":"https:\/\/www.eldigitaldeasturias.com\/noticias\/wp-content\/uploads\/2016\/02\/fotonoticia_20160223095509_800.jpg","og:image:secure_url":"https:\/\/www.eldigitaldeasturias.com\/noticias\/wp-content\/uploads\/2016\/02\/fotonoticia_20160223095509_800.jpg","og:image:width":800,"og:image:height":534,"article:tag":["actualidad"],"article:published_time":"2016-02-23T10:16:46+00:00","article:modified_time":"2016-02-23T10:16:46+00:00","article:publisher":"https:\/\/facebook.com\/eldigitaldeasturias","twitter:card":"summary_large_image","twitter:title":"La Seguridad Social perdi\u00f3 27.016 cotizantes extranjeros en enero - El Digital de Asturias","twitter:description":"La Seguridad Social perdi\u00f3 27.016 cotizantes extranjeros en enero, un 1,6% en relaci\u00f3n al mes anterior, su mejor resultado en este mes desde 2008, seg\u00fan ha informado este martes el Ministerio de Empleo y Seguridad Social. De este modo, el n\u00famero de inmigrantes en alta se situ\u00f3 al finalizar el mes pasado en 1.600.822 ocupados.","twitter:image":"https:\/\/www.eldigitaldeasturias.com\/noticias\/wp-content\/uploads\/2016\/02\/fotonoticia_20160223095509_800.jpg","twitter:label1":"Escrito por","twitter:data1":"El Digital de Asturias","twitter:label2":"Tiempo de lectura estimado","twitter:data2":"3 minutos"},"aioseo_meta_data":{"post_id":"861235","title":null,"description":null,"keywords":null,"keyphrases":null,"primary_term":null,"canonical_url":null,"og_title":null,"og_description":null,"og_object_type":"default","og_image_type":"default","og_image_url":null,"og_image_width":null,"og_image_height":null,"og_image_custom_url":null,"og_image_custom_fields":null,"og_video":null,"og_custom_url":null,"og_article_section":null,"og_article_tags":null,"twitter_use_og":false,"twitter_card":"default","twitter_image_type":"default","twitter_image_url":null,"twitter_image_custom_url":null,"twitter_image_custom_fields":null,"twitter_title":null,"twitter_description":null,"schema":{"blockGraphs":[],"customGraphs":[],"default":{"data":{"Article":[],"Course":[],"Dataset":[],"FAQPage":[],"Movie":[],"Person":[],"Product":[],"ProductReview":[],"Car":[],"Recipe":[],"Service":[],"SoftwareApplication":[],"WebPage":[]},"graphName":"","isEnabled":true},"graphs":[],"defaultGraph":"","defaultPostTypeGraph":""},"schema_type":null,"schema_type_options":null,"pillar_content":false,"robots_default":true,"robots_noindex":false,"robots_noarchive":false,"robots_nosnippet":false,"robots_nofollow":false,"robots_noimageindex":false,"robots_noodp":false,"robots_notranslate":false,"robots_max_snippet":null,"robots_max_videopreview":null,"robots_max_imagepreview":"large","priority":null,"frequency":null,"local_seo":null,"seo_analyzer_scan_date":"2025-12-10 20:34:04","breadcrumb_settings":null,"limit_modified_date":false,"open_ai":null,"ai":null,"created":"2021-01-23 15:00:19","updated":"2025-12-10 20:34:04"},"aioseo_breadcrumb":"<div class=\"aioseo-breadcrumbs\"><span class=\"aioseo-breadcrumb\">\n\t<a href=\"https:\/\/www.eldigitaldeasturias.com\/noticias\" title=\"Home\">Home<\/a>\n<\/span><span class=\"aioseo-breadcrumb-separator\">\u2013<\/span><span class=\"aioseo-breadcrumb\">\n\t<a href=\"https:\/\/www.eldigitaldeasturias.com\/noticias\/category\/actualidad\/\" title=\"Actualidad\">Actualidad<\/a>\n<\/span><span class=\"aioseo-breadcrumb-separator\">\u2013<\/span><span class=\"aioseo-breadcrumb\">\n\t<a href=\"https:\/\/www.eldigitaldeasturias.com\/noticias\/la-seguridad-social-perdio-27-016-cotizantes-extranjeros-en-enero\/\" title=\"La Seguridad Social perdi\u00f3 27.016 cotizantes extranjeros en enero\">La Seguridad Social perdi\u00f3 27.016 cotizantes extranjeros en enero<\/a>\n<\/span><\/div>","aioseo_breadcrumb_json":[{"label":"Home","link":"https:\/\/www.eldigitaldeasturias.com\/noticias"},{"label":"Actualidad","link":"https:\/\/www.eldigitaldeasturias.com\/noticias\/category\/actualidad\/"},{"label":"La Seguridad Social perdi\u00f3 27.016 cotizantes extranjeros en enero","link":"https:\/\/www.eldigitaldeasturias.com\/noticias\/la-seguridad-social-perdio-27-016-cotizantes-extranjeros-en-enero\/"}],"_links":{"self":[{"href":"https:\/\/www.eldigitaldeasturias.com\/noticias\/wp-json\/wp\/v2\/posts\/861235","targetHints":{"allow":["GET"]}}],"collection":[{"href":"https:\/\/www.eldigitaldeasturias.com\/noticias\/wp-json\/wp\/v2\/posts"}],"about":[{"href":"https:\/\/www.eldigitaldeasturias.com\/noticias\/wp-json\/wp\/v2\/types\/post"}],"author":[{"embeddable":true,"href":"https:\/\/www.eldigitaldeasturias.com\/noticias\/wp-json\/wp\/v2\/users\/1"}],"replies":[{"embeddable":true,"href":"https:\/\/www.eldigitaldeasturias.com\/noticias\/wp-json\/wp\/v2\/comments?post=861235"}],"version-history":[{"count":0,"href":"https:\/\/www.eldigitaldeasturias.com\/noticias\/wp-json\/wp\/v2\/posts\/861235\/revisions"}],"wp:featuredmedia":[{"embeddable":true,"href":"https:\/\/www.eldigitaldeasturias.com\/noticias\/wp-json\/wp\/v2\/media\/861236"}],"wp:attachment":[{"href":"https:\/\/www.eldigitaldeasturias.com\/noticias\/wp-json\/wp\/v2\/media?parent=861235"}],"wp:term":[{"taxonomy":"category","embeddable":true,"href":"https:\/\/www.eldigitaldeasturias.com\/noticias\/wp-json\/wp\/v2\/categories?post=861235"},{"taxonomy":"post_tag","embeddable":true,"href":"https:\/\/www.eldigitaldeasturias.com\/noticias\/wp-json\/wp\/v2\/tags?post=861235"}],"curies":[{"name":"wp","href":"https:\/\/api.w.org\/{rel}","templated":true}]}}