{"id":861226,"date":"2016-02-23T10:10:55","date_gmt":"2016-02-23T10:10:55","guid":{"rendered":"http:\/\/www.eldigitaldeasturias.com\/noticias\/?p=861226"},"modified":"2016-02-23T10:10:55","modified_gmt":"2016-02-23T10:10:55","slug":"el-ibex-35-ha-amanecido-este-martes-con-un-retroceso-del-078","status":"publish","type":"post","link":"https:\/\/www.eldigitaldeasturias.com\/noticias\/el-ibex-35-ha-amanecido-este-martes-con-un-retroceso-del-078\/","title":{"rendered":"El Ibex 35 ha amanecido este martes con un retroceso del 0,78%"},"content":{"rendered":"<p><img loading=\"lazy\" decoding=\"async\" class=\"alignleft size-medium wp-image-861227\" src=\"https:\/\/www.eldigitaldeasturias.com\/noticias\/wp-content\/uploads\/2016\/02\/fotonoticia_20160223092937_800-360x240.jpg\" alt=\"fotonoticia_20160223092937_800\" width=\"360\" height=\"240\" srcset=\"https:\/\/www.eldigitaldeasturias.com\/noticias\/wp-content\/uploads\/2016\/02\/fotonoticia_20160223092937_800-360x240.jpg 360w, https:\/\/www.eldigitaldeasturias.com\/noticias\/wp-content\/uploads\/2016\/02\/fotonoticia_20160223092937_800-768x513.jpg 768w, https:\/\/www.eldigitaldeasturias.com\/noticias\/wp-content\/uploads\/2016\/02\/fotonoticia_20160223092937_800-650x434.jpg 650w, https:\/\/www.eldigitaldeasturias.com\/noticias\/wp-content\/uploads\/2016\/02\/fotonoticia_20160223092937_800-84x55.jpg 84w, https:\/\/www.eldigitaldeasturias.com\/noticias\/wp-content\/uploads\/2016\/02\/fotonoticia_20160223092937_800-49x32.jpg 49w, https:\/\/www.eldigitaldeasturias.com\/noticias\/wp-content\/uploads\/2016\/02\/fotonoticia_20160223092937_800.jpg 800w\" sizes=\"auto, (max-width: 360px) 100vw, 360px\" \/>El Ibex 35 ha amanecido este martes con un retroceso del 0,78%, lo que ha llevado al selectivo a situarse en los 8.321,6 enteros, en una jornada marcada de por los precios del petr\u00f3leo, tras el rally alcista de ayer, por una nueva subasta del Tesoro P\u00fablico y por los resultados empresariales, entre ellos los de Endesa.<\/p>\n<p>De esta forma, el selectivo madrile\u00f1o despertaba aferrado a la cota psicol\u00f3gica de los 8.300 puntos, con el precio del crudo en descenso en el inicio de la sesi\u00f3n situ\u00e1ndose, en el caso del barril Brent, el de referencia de la eurozona, por encima de los 34 d\u00f3lares y el Texas en los 32 d\u00f3lares.<\/p>\n<p>Los inversores tambi\u00e9n han conocido este martes el dato definitivo del Producto Interior Bruto (PIB) de Alemania del \u00faltimo trimestre de 2015, con un crecimiento del 0,3%.<\/p>\n<p>En el mercado de deuda, la prima de riesgo se colocaba en 147 puntos b\u00e1sicos, con la rentabilidad del bono a diez a\u00f1os en el 1,66%. Mientras, en el mercado de divisas, el euro se intercambiaba a 1,1027 d\u00f3lares despu\u00e9s de que la libra esterlina sufriera ayer un desplome hist\u00f3rico por el miedo al &#8216;Brexit&#8217;, la salida brit\u00e1nica de la Uni\u00f3n Europea.<\/p>\n<p>En Espa\u00f1a, el Tesoro P\u00fablico volver\u00e1 este martes a los mercados con una emisi\u00f3n de letras en la que espera colocar entre 3.500 y 4.500 millones de euros.<\/p>\n<p>En concreto, subastar\u00e1 letras a 3 y 9 meses, unos papeles que no vende desde el pasado 26 de enero, cuando coloc\u00f3 2.548 millones y volvi\u00f3 a ofrecer a los inversores intereses negativos.<\/p>\n<p>En los primeros compases de la sesi\u00f3n, la mayor parte de los valores cotizaban en rojo, liderados por Repsol (-1,78%), Acerinox (-1,75%), ArcelorMittal (-1,65%), Bankia (-1,46%), Endesa (-1,45%) y T\u00e9cnicas Reunidas (-1,24%), mientras que en lado contrario se situaban Aena (+0,42%), OHL (+0,10%) y Merlin (+0,05%).<\/p>\n<p>En este contexto, el selectivo espa\u00f1ol se manten\u00eda en l\u00ednea con las principales plazas europeas, poco optimistas en la apertura: Francfort y Par\u00eds ca\u00edan un 0,8% y Londres se dejaba un 0,4%, siguendo la estela de las bolsas asi\u00e1ticas, entre ellas del Nikkei (-0,37%). Por su parte, Wall Street cerr\u00f3 la sesi\u00f3n con un alza del 1,39%, animada por el alza del precio del crudo.<\/p>\n<p>&nbsp;<\/p>\n","protected":false},"excerpt":{"rendered":"<p>El Ibex 35 ha amanecido este martes con un retroceso del 0,78%, lo que ha llevado al selectivo a situarse en los 8.321,6 enteros, en una jornada marcada de por los precios del petr\u00f3leo, tras el rally alcista de ayer, por una nueva subasta del Tesoro P\u00fablico y por los resultados empresariales, entre ellos los [&hellip;]<\/p>\n","protected":false},"author":1,"featured_media":861227,"comment_status":"closed","ping_status":"closed","sticky":false,"template":"","format":"standard","meta":{"footnotes":""},"categories":[1],"tags":[],"class_list":["post-861226","post","type-post","status-publish","format-standard","has-post-thumbnail","hentry","category-actualidad"],"aioseo_notices":[],"aioseo_head":"\n\t\t<!-- All in One SEO Pro 4.9.6.2 - aioseo.com -->\n\t<meta name=\"description\" content=\"El Ibex 35 ha amanecido este martes con un retroceso del 0,78%, lo que ha llevado al selectivo a situarse en los 8.321,6 enteros, en una jornada marcada de por los precios del petr\u00f3leo, tras el rally alcista de ayer, por una nueva subasta del Tesoro P\u00fablico y por los resultados empresariales, entre ellos los\" \/>\n\t<meta name=\"robots\" content=\"max-image-preview:large\" \/>\n\t<meta name=\"author\" content=\"El Digital de Asturias\"\/>\n\t<meta name=\"google-site-verification\" content=\"UA-38556648-1\" \/>\n\t<meta name=\"msvalidate.01\" content=\"7dfe9f3f1b24437ab69f4f2559babe99\" \/>\n\t<meta name=\"keywords\" content=\"actualidad\" \/>\n\t<link rel=\"canonical\" href=\"https:\/\/www.eldigitaldeasturias.com\/noticias\/el-ibex-35-ha-amanecido-este-martes-con-un-retroceso-del-078\/\" \/>\n\t<meta name=\"generator\" content=\"All in One SEO Pro (AIOSEO) 4.9.6.2\" \/>\n\t\t<meta property=\"og:locale\" content=\"es_ES\" \/>\n\t\t<meta property=\"og:site_name\" content=\"El Digital de Asturias\" \/>\n\t\t<meta property=\"og:type\" content=\"article\" \/>\n\t\t<meta property=\"og:title\" content=\"El Ibex 35 ha amanecido este martes con un retroceso del 0,78% - El Digital de Asturias\" \/>\n\t\t<meta property=\"og:description\" content=\"El Ibex 35 ha amanecido este martes con un retroceso del 0,78%, lo que ha llevado al selectivo a situarse en los 8.321,6 enteros, en una jornada marcada de por los precios del petr\u00f3leo, tras el rally alcista de ayer, por una nueva subasta del Tesoro P\u00fablico y por los resultados empresariales, entre ellos los\" \/>\n\t\t<meta property=\"og:url\" content=\"https:\/\/www.eldigitaldeasturias.com\/noticias\/el-ibex-35-ha-amanecido-este-martes-con-un-retroceso-del-078\/\" \/>\n\t\t<meta property=\"og:image\" content=\"https:\/\/www.eldigitaldeasturias.com\/noticias\/wp-content\/uploads\/2016\/02\/fotonoticia_20160223092937_800.jpg\" \/>\n\t\t<meta property=\"og:image:secure_url\" content=\"https:\/\/www.eldigitaldeasturias.com\/noticias\/wp-content\/uploads\/2016\/02\/fotonoticia_20160223092937_800.jpg\" \/>\n\t\t<meta property=\"og:image:width\" content=\"800\" \/>\n\t\t<meta property=\"og:image:height\" content=\"534\" \/>\n\t\t<meta property=\"article:tag\" content=\"actualidad\" \/>\n\t\t<meta property=\"article:published_time\" content=\"2016-02-23T10:10:55+00:00\" \/>\n\t\t<meta property=\"article:modified_time\" content=\"2016-02-23T10:10:55+00:00\" \/>\n\t\t<meta property=\"article:publisher\" content=\"https:\/\/facebook.com\/eldigitaldeasturias\" \/>\n\t\t<meta name=\"twitter:card\" content=\"summary_large_image\" \/>\n\t\t<meta name=\"twitter:title\" content=\"El Ibex 35 ha amanecido este martes con un retroceso del 0,78% - El Digital de Asturias\" \/>\n\t\t<meta name=\"twitter:description\" content=\"El Ibex 35 ha amanecido este martes con un retroceso del 0,78%, lo que ha llevado al selectivo a situarse en los 8.321,6 enteros, en una jornada marcada de por los precios del petr\u00f3leo, tras el rally alcista de ayer, por una nueva subasta del Tesoro P\u00fablico y por los resultados empresariales, entre ellos los\" \/>\n\t\t<meta name=\"twitter:image\" content=\"https:\/\/www.eldigitaldeasturias.com\/noticias\/wp-content\/uploads\/2016\/02\/fotonoticia_20160223092937_800.jpg\" \/>\n\t\t<meta name=\"twitter:label1\" content=\"Escrito por\" \/>\n\t\t<meta name=\"twitter:data1\" content=\"El Digital de Asturias\" \/>\n\t\t<meta name=\"twitter:label2\" content=\"Tiempo de lectura estimado\" \/>\n\t\t<meta name=\"twitter:data2\" content=\"2 minutos\" \/>\n\t\t<script type=\"application\/ld+json\" class=\"aioseo-schema\">\n\t\t\t{\"@context\":\"https:\\\/\\\/schema.org\",\"@graph\":[{\"@type\":\"BlogPosting\",\"@id\":\"https:\\\/\\\/www.eldigitaldeasturias.com\\\/noticias\\\/el-ibex-35-ha-amanecido-este-martes-con-un-retroceso-del-078\\\/#blogposting\",\"name\":\"El Ibex 35 ha amanecido este martes con un retroceso del 0,78% - El Digital de Asturias\",\"headline\":\"El Ibex 35 ha amanecido este martes con un retroceso del 0,78%\",\"author\":{\"@id\":\"https:\\\/\\\/www.eldigitaldeasturias.com\\\/noticias\\\/author\\\/admin\\\/#author\"},\"publisher\":{\"@id\":\"https:\\\/\\\/www.eldigitaldeasturias.com\\\/noticias\\\/#organization\"},\"image\":{\"@type\":\"ImageObject\",\"url\":\"https:\\\/\\\/www.eldigitaldeasturias.com\\\/noticias\\\/wp-content\\\/uploads\\\/2016\\\/02\\\/fotonoticia_20160223092937_800.jpg\",\"width\":800,\"height\":534},\"datePublished\":\"2016-02-23T10:10:55+01:00\",\"dateModified\":\"2016-02-23T10:10:55+01:00\",\"inLanguage\":\"es-ES\",\"mainEntityOfPage\":{\"@id\":\"https:\\\/\\\/www.eldigitaldeasturias.com\\\/noticias\\\/el-ibex-35-ha-amanecido-este-martes-con-un-retroceso-del-078\\\/#webpage\"},\"isPartOf\":{\"@id\":\"https:\\\/\\\/www.eldigitaldeasturias.com\\\/noticias\\\/el-ibex-35-ha-amanecido-este-martes-con-un-retroceso-del-078\\\/#webpage\"},\"articleSection\":\"Actualidad\"},{\"@type\":\"BreadcrumbList\",\"@id\":\"https:\\\/\\\/www.eldigitaldeasturias.com\\\/noticias\\\/el-ibex-35-ha-amanecido-este-martes-con-un-retroceso-del-078\\\/#breadcrumblist\",\"itemListElement\":[{\"@type\":\"ListItem\",\"@id\":\"https:\\\/\\\/www.eldigitaldeasturias.com\\\/noticias#listItem\",\"position\":1,\"name\":\"Home\",\"item\":\"https:\\\/\\\/www.eldigitaldeasturias.com\\\/noticias\",\"nextItem\":{\"@type\":\"ListItem\",\"@id\":\"https:\\\/\\\/www.eldigitaldeasturias.com\\\/noticias\\\/category\\\/actualidad\\\/#listItem\",\"name\":\"Actualidad\"}},{\"@type\":\"ListItem\",\"@id\":\"https:\\\/\\\/www.eldigitaldeasturias.com\\\/noticias\\\/category\\\/actualidad\\\/#listItem\",\"position\":2,\"name\":\"Actualidad\",\"item\":\"https:\\\/\\\/www.eldigitaldeasturias.com\\\/noticias\\\/category\\\/actualidad\\\/\",\"nextItem\":{\"@type\":\"ListItem\",\"@id\":\"https:\\\/\\\/www.eldigitaldeasturias.com\\\/noticias\\\/el-ibex-35-ha-amanecido-este-martes-con-un-retroceso-del-078\\\/#listItem\",\"name\":\"El Ibex 35 ha amanecido este martes con un retroceso del 0,78%\"},\"previousItem\":{\"@type\":\"ListItem\",\"@id\":\"https:\\\/\\\/www.eldigitaldeasturias.com\\\/noticias#listItem\",\"name\":\"Home\"}},{\"@type\":\"ListItem\",\"@id\":\"https:\\\/\\\/www.eldigitaldeasturias.com\\\/noticias\\\/el-ibex-35-ha-amanecido-este-martes-con-un-retroceso-del-078\\\/#listItem\",\"position\":3,\"name\":\"El Ibex 35 ha amanecido este martes con un retroceso del 0,78%\",\"previousItem\":{\"@type\":\"ListItem\",\"@id\":\"https:\\\/\\\/www.eldigitaldeasturias.com\\\/noticias\\\/category\\\/actualidad\\\/#listItem\",\"name\":\"Actualidad\"}}]},{\"@type\":\"Organization\",\"@id\":\"https:\\\/\\\/www.eldigitaldeasturias.com\\\/noticias\\\/#organization\",\"name\":\"El Digital de Asturias\",\"description\":\"Hemeroteca\",\"url\":\"https:\\\/\\\/www.eldigitaldeasturias.com\\\/noticias\\\/\",\"email\":\"info@eldigitaldeasturias.com\",\"telephone\":\"+34652131393\",\"logo\":{\"@type\":\"ImageObject\",\"url\":\"https:\\\/\\\/www.eldigitaldeasturias.com\\\/noticias\\\/wp-content\\\/uploads\\\/2020\\\/12\\\/EDA.jpg\",\"@id\":\"https:\\\/\\\/www.eldigitaldeasturias.com\\\/noticias\\\/el-ibex-35-ha-amanecido-este-martes-con-un-retroceso-del-078\\\/#organizationLogo\",\"width\":649,\"height\":297},\"image\":{\"@id\":\"https:\\\/\\\/www.eldigitaldeasturias.com\\\/noticias\\\/el-ibex-35-ha-amanecido-este-martes-con-un-retroceso-del-078\\\/#organizationLogo\"},\"sameAs\":[\"https:\\\/\\\/facebook.com\\\/eldigitaldeasturias\",\"https:\\\/\\\/www.youtube.com\\\/channel\\\/UCZP-2wLEB9Rv6erhFmqVnvg\"],\"address\":{\"@id\":\"https:\\\/\\\/www.eldigitaldeasturias.com\\\/noticias\\\/#postaladdress\",\"@type\":\"PostalAddress\",\"streetAddress\":\"san antonio 4,\",\"postalCode\":\"33430\",\"addressLocality\":\"Cand\\u00e1s\",\"addressRegion\":\"Asturias\",\"addressCountry\":\"ES\"}},{\"@type\":\"Person\",\"@id\":\"https:\\\/\\\/www.eldigitaldeasturias.com\\\/noticias\\\/author\\\/admin\\\/#author\",\"url\":\"https:\\\/\\\/www.eldigitaldeasturias.com\\\/noticias\\\/author\\\/admin\\\/\",\"name\":\"El Digital de Asturias\",\"image\":{\"@type\":\"ImageObject\",\"@id\":\"https:\\\/\\\/www.eldigitaldeasturias.com\\\/noticias\\\/el-ibex-35-ha-amanecido-este-martes-con-un-retroceso-del-078\\\/#authorImage\",\"url\":\"https:\\\/\\\/www.eldigitaldeasturias.com\\\/noticias\\\/wp-content\\\/litespeed\\\/avatar\\\/18677e78aa0546b92d9dbf31ec7d7668.jpg?ver=1777290358\",\"width\":96,\"height\":96,\"caption\":\"El Digital de Asturias\"}},{\"@type\":\"WebPage\",\"@id\":\"https:\\\/\\\/www.eldigitaldeasturias.com\\\/noticias\\\/el-ibex-35-ha-amanecido-este-martes-con-un-retroceso-del-078\\\/#webpage\",\"url\":\"https:\\\/\\\/www.eldigitaldeasturias.com\\\/noticias\\\/el-ibex-35-ha-amanecido-este-martes-con-un-retroceso-del-078\\\/\",\"name\":\"El Ibex 35 ha amanecido este martes con un retroceso del 0,78% - El Digital de Asturias\",\"description\":\"El Ibex 35 ha amanecido este martes con un retroceso del 0,78%, lo que ha llevado al selectivo a situarse en los 8.321,6 enteros, en una jornada marcada de por los precios del petr\\u00f3leo, tras el rally alcista de ayer, por una nueva subasta del Tesoro P\\u00fablico y por los resultados empresariales, entre ellos los\",\"inLanguage\":\"es-ES\",\"isPartOf\":{\"@id\":\"https:\\\/\\\/www.eldigitaldeasturias.com\\\/noticias\\\/#website\"},\"breadcrumb\":{\"@id\":\"https:\\\/\\\/www.eldigitaldeasturias.com\\\/noticias\\\/el-ibex-35-ha-amanecido-este-martes-con-un-retroceso-del-078\\\/#breadcrumblist\"},\"author\":{\"@id\":\"https:\\\/\\\/www.eldigitaldeasturias.com\\\/noticias\\\/author\\\/admin\\\/#author\"},\"creator\":{\"@id\":\"https:\\\/\\\/www.eldigitaldeasturias.com\\\/noticias\\\/author\\\/admin\\\/#author\"},\"image\":{\"@type\":\"ImageObject\",\"url\":\"https:\\\/\\\/www.eldigitaldeasturias.com\\\/noticias\\\/wp-content\\\/uploads\\\/2016\\\/02\\\/fotonoticia_20160223092937_800.jpg\",\"@id\":\"https:\\\/\\\/www.eldigitaldeasturias.com\\\/noticias\\\/el-ibex-35-ha-amanecido-este-martes-con-un-retroceso-del-078\\\/#mainImage\",\"width\":800,\"height\":534},\"primaryImageOfPage\":{\"@id\":\"https:\\\/\\\/www.eldigitaldeasturias.com\\\/noticias\\\/el-ibex-35-ha-amanecido-este-martes-con-un-retroceso-del-078\\\/#mainImage\"},\"datePublished\":\"2016-02-23T10:10:55+01:00\",\"dateModified\":\"2016-02-23T10:10:55+01:00\"},{\"@type\":\"WebSite\",\"@id\":\"https:\\\/\\\/www.eldigitaldeasturias.com\\\/noticias\\\/#website\",\"url\":\"https:\\\/\\\/www.eldigitaldeasturias.com\\\/noticias\\\/\",\"name\":\"El Digital de Asturias - Diario de actualidad y noticias\",\"alternateName\":\"El Digital de Asturias - Diario de actualidad y noticias\",\"description\":\"Hemeroteca\",\"inLanguage\":\"es-ES\",\"publisher\":{\"@id\":\"https:\\\/\\\/www.eldigitaldeasturias.com\\\/noticias\\\/#organization\"}}]}\n\t\t<\/script>\n\t\t<!-- All in One SEO Pro -->\r\n\t\t<title>El Ibex 35 ha amanecido este martes con un retroceso del 0,78% - El Digital de Asturias<\/title>\n\n","aioseo_head_json":{"title":"El Ibex 35 ha amanecido este martes con un retroceso del 0,78% - El Digital de Asturias","description":"El Ibex 35 ha amanecido este martes con un retroceso del 0,78%, lo que ha llevado al selectivo a situarse en los 8.321,6 enteros, en una jornada marcada de por los precios del petr\u00f3leo, tras el rally alcista de ayer, por una nueva subasta del Tesoro P\u00fablico y por los resultados empresariales, entre ellos los","canonical_url":"https:\/\/www.eldigitaldeasturias.com\/noticias\/el-ibex-35-ha-amanecido-este-martes-con-un-retroceso-del-078\/","robots":"max-image-preview:large","keywords":"actualidad","webmasterTools":{"google-site-verification":"UA-38556648-1","msvalidate.01":"7dfe9f3f1b24437ab69f4f2559babe99","miscellaneous":""},"schema":{"@context":"https:\/\/schema.org","@graph":[{"@type":"BlogPosting","@id":"https:\/\/www.eldigitaldeasturias.com\/noticias\/el-ibex-35-ha-amanecido-este-martes-con-un-retroceso-del-078\/#blogposting","name":"El Ibex 35 ha amanecido este martes con un retroceso del 0,78% - El Digital de Asturias","headline":"El Ibex 35 ha amanecido este martes con un retroceso del 0,78%","author":{"@id":"https:\/\/www.eldigitaldeasturias.com\/noticias\/author\/admin\/#author"},"publisher":{"@id":"https:\/\/www.eldigitaldeasturias.com\/noticias\/#organization"},"image":{"@type":"ImageObject","url":"https:\/\/www.eldigitaldeasturias.com\/noticias\/wp-content\/uploads\/2016\/02\/fotonoticia_20160223092937_800.jpg","width":800,"height":534},"datePublished":"2016-02-23T10:10:55+01:00","dateModified":"2016-02-23T10:10:55+01:00","inLanguage":"es-ES","mainEntityOfPage":{"@id":"https:\/\/www.eldigitaldeasturias.com\/noticias\/el-ibex-35-ha-amanecido-este-martes-con-un-retroceso-del-078\/#webpage"},"isPartOf":{"@id":"https:\/\/www.eldigitaldeasturias.com\/noticias\/el-ibex-35-ha-amanecido-este-martes-con-un-retroceso-del-078\/#webpage"},"articleSection":"Actualidad"},{"@type":"BreadcrumbList","@id":"https:\/\/www.eldigitaldeasturias.com\/noticias\/el-ibex-35-ha-amanecido-este-martes-con-un-retroceso-del-078\/#breadcrumblist","itemListElement":[{"@type":"ListItem","@id":"https:\/\/www.eldigitaldeasturias.com\/noticias#listItem","position":1,"name":"Home","item":"https:\/\/www.eldigitaldeasturias.com\/noticias","nextItem":{"@type":"ListItem","@id":"https:\/\/www.eldigitaldeasturias.com\/noticias\/category\/actualidad\/#listItem","name":"Actualidad"}},{"@type":"ListItem","@id":"https:\/\/www.eldigitaldeasturias.com\/noticias\/category\/actualidad\/#listItem","position":2,"name":"Actualidad","item":"https:\/\/www.eldigitaldeasturias.com\/noticias\/category\/actualidad\/","nextItem":{"@type":"ListItem","@id":"https:\/\/www.eldigitaldeasturias.com\/noticias\/el-ibex-35-ha-amanecido-este-martes-con-un-retroceso-del-078\/#listItem","name":"El Ibex 35 ha amanecido este martes con un retroceso del 0,78%"},"previousItem":{"@type":"ListItem","@id":"https:\/\/www.eldigitaldeasturias.com\/noticias#listItem","name":"Home"}},{"@type":"ListItem","@id":"https:\/\/www.eldigitaldeasturias.com\/noticias\/el-ibex-35-ha-amanecido-este-martes-con-un-retroceso-del-078\/#listItem","position":3,"name":"El Ibex 35 ha amanecido este martes con un retroceso del 0,78%","previousItem":{"@type":"ListItem","@id":"https:\/\/www.eldigitaldeasturias.com\/noticias\/category\/actualidad\/#listItem","name":"Actualidad"}}]},{"@type":"Organization","@id":"https:\/\/www.eldigitaldeasturias.com\/noticias\/#organization","name":"El Digital de Asturias","description":"Hemeroteca","url":"https:\/\/www.eldigitaldeasturias.com\/noticias\/","email":"info@eldigitaldeasturias.com","telephone":"+34652131393","logo":{"@type":"ImageObject","url":"https:\/\/www.eldigitaldeasturias.com\/noticias\/wp-content\/uploads\/2020\/12\/EDA.jpg","@id":"https:\/\/www.eldigitaldeasturias.com\/noticias\/el-ibex-35-ha-amanecido-este-martes-con-un-retroceso-del-078\/#organizationLogo","width":649,"height":297},"image":{"@id":"https:\/\/www.eldigitaldeasturias.com\/noticias\/el-ibex-35-ha-amanecido-este-martes-con-un-retroceso-del-078\/#organizationLogo"},"sameAs":["https:\/\/facebook.com\/eldigitaldeasturias","https:\/\/www.youtube.com\/channel\/UCZP-2wLEB9Rv6erhFmqVnvg"],"address":{"@id":"https:\/\/www.eldigitaldeasturias.com\/noticias\/#postaladdress","@type":"PostalAddress","streetAddress":"san antonio 4,","postalCode":"33430","addressLocality":"Cand\u00e1s","addressRegion":"Asturias","addressCountry":"ES"}},{"@type":"Person","@id":"https:\/\/www.eldigitaldeasturias.com\/noticias\/author\/admin\/#author","url":"https:\/\/www.eldigitaldeasturias.com\/noticias\/author\/admin\/","name":"El Digital de Asturias","image":{"@type":"ImageObject","@id":"https:\/\/www.eldigitaldeasturias.com\/noticias\/el-ibex-35-ha-amanecido-este-martes-con-un-retroceso-del-078\/#authorImage","url":"https:\/\/www.eldigitaldeasturias.com\/noticias\/wp-content\/litespeed\/avatar\/18677e78aa0546b92d9dbf31ec7d7668.jpg?ver=1777290358","width":96,"height":96,"caption":"El Digital de Asturias"}},{"@type":"WebPage","@id":"https:\/\/www.eldigitaldeasturias.com\/noticias\/el-ibex-35-ha-amanecido-este-martes-con-un-retroceso-del-078\/#webpage","url":"https:\/\/www.eldigitaldeasturias.com\/noticias\/el-ibex-35-ha-amanecido-este-martes-con-un-retroceso-del-078\/","name":"El Ibex 35 ha amanecido este martes con un retroceso del 0,78% - El Digital de Asturias","description":"El Ibex 35 ha amanecido este martes con un retroceso del 0,78%, lo que ha llevado al selectivo a situarse en los 8.321,6 enteros, en una jornada marcada de por los precios del petr\u00f3leo, tras el rally alcista de ayer, por una nueva subasta del Tesoro P\u00fablico y por los resultados empresariales, entre ellos los","inLanguage":"es-ES","isPartOf":{"@id":"https:\/\/www.eldigitaldeasturias.com\/noticias\/#website"},"breadcrumb":{"@id":"https:\/\/www.eldigitaldeasturias.com\/noticias\/el-ibex-35-ha-amanecido-este-martes-con-un-retroceso-del-078\/#breadcrumblist"},"author":{"@id":"https:\/\/www.eldigitaldeasturias.com\/noticias\/author\/admin\/#author"},"creator":{"@id":"https:\/\/www.eldigitaldeasturias.com\/noticias\/author\/admin\/#author"},"image":{"@type":"ImageObject","url":"https:\/\/www.eldigitaldeasturias.com\/noticias\/wp-content\/uploads\/2016\/02\/fotonoticia_20160223092937_800.jpg","@id":"https:\/\/www.eldigitaldeasturias.com\/noticias\/el-ibex-35-ha-amanecido-este-martes-con-un-retroceso-del-078\/#mainImage","width":800,"height":534},"primaryImageOfPage":{"@id":"https:\/\/www.eldigitaldeasturias.com\/noticias\/el-ibex-35-ha-amanecido-este-martes-con-un-retroceso-del-078\/#mainImage"},"datePublished":"2016-02-23T10:10:55+01:00","dateModified":"2016-02-23T10:10:55+01:00"},{"@type":"WebSite","@id":"https:\/\/www.eldigitaldeasturias.com\/noticias\/#website","url":"https:\/\/www.eldigitaldeasturias.com\/noticias\/","name":"El Digital de Asturias - Diario de actualidad y noticias","alternateName":"El Digital de Asturias - Diario de actualidad y noticias","description":"Hemeroteca","inLanguage":"es-ES","publisher":{"@id":"https:\/\/www.eldigitaldeasturias.com\/noticias\/#organization"}}]},"og:locale":"es_ES","og:site_name":"El Digital de Asturias","og:type":"article","og:title":"El Ibex 35 ha amanecido este martes con un retroceso del 0,78% - El Digital de Asturias","og:description":"El Ibex 35 ha amanecido este martes con un retroceso del 0,78%, lo que ha llevado al selectivo a situarse en los 8.321,6 enteros, en una jornada marcada de por los precios del petr\u00f3leo, tras el rally alcista de ayer, por una nueva subasta del Tesoro P\u00fablico y por los resultados empresariales, entre ellos los","og:url":"https:\/\/www.eldigitaldeasturias.com\/noticias\/el-ibex-35-ha-amanecido-este-martes-con-un-retroceso-del-078\/","og:image":"https:\/\/www.eldigitaldeasturias.com\/noticias\/wp-content\/uploads\/2016\/02\/fotonoticia_20160223092937_800.jpg","og:image:secure_url":"https:\/\/www.eldigitaldeasturias.com\/noticias\/wp-content\/uploads\/2016\/02\/fotonoticia_20160223092937_800.jpg","og:image:width":800,"og:image:height":534,"article:tag":["actualidad"],"article:published_time":"2016-02-23T10:10:55+00:00","article:modified_time":"2016-02-23T10:10:55+00:00","article:publisher":"https:\/\/facebook.com\/eldigitaldeasturias","twitter:card":"summary_large_image","twitter:title":"El Ibex 35 ha amanecido este martes con un retroceso del 0,78% - El Digital de Asturias","twitter:description":"El Ibex 35 ha amanecido este martes con un retroceso del 0,78%, lo que ha llevado al selectivo a situarse en los 8.321,6 enteros, en una jornada marcada de por los precios del petr\u00f3leo, tras el rally alcista de ayer, por una nueva subasta del Tesoro P\u00fablico y por los resultados empresariales, entre ellos los","twitter:image":"https:\/\/www.eldigitaldeasturias.com\/noticias\/wp-content\/uploads\/2016\/02\/fotonoticia_20160223092937_800.jpg","twitter:label1":"Escrito por","twitter:data1":"El Digital de Asturias","twitter:label2":"Tiempo de lectura estimado","twitter:data2":"2 minutos"},"aioseo_meta_data":{"post_id":"861226","title":null,"description":null,"keywords":null,"keyphrases":null,"primary_term":null,"canonical_url":null,"og_title":null,"og_description":null,"og_object_type":"default","og_image_type":"default","og_image_url":null,"og_image_width":null,"og_image_height":null,"og_image_custom_url":null,"og_image_custom_fields":null,"og_video":null,"og_custom_url":null,"og_article_section":null,"og_article_tags":null,"twitter_use_og":false,"twitter_card":"default","twitter_image_type":"default","twitter_image_url":null,"twitter_image_custom_url":null,"twitter_image_custom_fields":null,"twitter_title":null,"twitter_description":null,"schema":{"blockGraphs":[],"customGraphs":[],"default":{"data":{"Article":[],"Course":[],"Dataset":[],"FAQPage":[],"Movie":[],"Person":[],"Product":[],"ProductReview":[],"Car":[],"Recipe":[],"Service":[],"SoftwareApplication":[],"WebPage":[]},"graphName":"","isEnabled":true},"graphs":[],"defaultGraph":"","defaultPostTypeGraph":""},"schema_type":null,"schema_type_options":null,"pillar_content":false,"robots_default":true,"robots_noindex":false,"robots_noarchive":false,"robots_nosnippet":false,"robots_nofollow":false,"robots_noimageindex":false,"robots_noodp":false,"robots_notranslate":false,"robots_max_snippet":null,"robots_max_videopreview":null,"robots_max_imagepreview":"large","priority":null,"frequency":null,"local_seo":null,"seo_analyzer_scan_date":"2025-12-10 20:34:02","breadcrumb_settings":null,"limit_modified_date":false,"open_ai":null,"ai":null,"created":"2021-01-23 15:00:19","updated":"2025-12-10 20:34:02"},"aioseo_breadcrumb":"<div class=\"aioseo-breadcrumbs\"><span class=\"aioseo-breadcrumb\">\n\t<a href=\"https:\/\/www.eldigitaldeasturias.com\/noticias\" title=\"Home\">Home<\/a>\n<\/span><span class=\"aioseo-breadcrumb-separator\">\u2013<\/span><span class=\"aioseo-breadcrumb\">\n\t<a href=\"https:\/\/www.eldigitaldeasturias.com\/noticias\/category\/actualidad\/\" title=\"Actualidad\">Actualidad<\/a>\n<\/span><span class=\"aioseo-breadcrumb-separator\">\u2013<\/span><span class=\"aioseo-breadcrumb\">\n\t<a href=\"https:\/\/www.eldigitaldeasturias.com\/noticias\/el-ibex-35-ha-amanecido-este-martes-con-un-retroceso-del-078\/\" title=\"El Ibex 35 ha amanecido este martes con un retroceso del 0,78%\">El Ibex 35 ha amanecido este martes con un retroceso del 0,78%<\/a>\n<\/span><\/div>","aioseo_breadcrumb_json":[{"label":"Home","link":"https:\/\/www.eldigitaldeasturias.com\/noticias"},{"label":"Actualidad","link":"https:\/\/www.eldigitaldeasturias.com\/noticias\/category\/actualidad\/"},{"label":"El Ibex 35 ha amanecido este martes con un retroceso del 0,78%","link":"https:\/\/www.eldigitaldeasturias.com\/noticias\/el-ibex-35-ha-amanecido-este-martes-con-un-retroceso-del-078\/"}],"_links":{"self":[{"href":"https:\/\/www.eldigitaldeasturias.com\/noticias\/wp-json\/wp\/v2\/posts\/861226","targetHints":{"allow":["GET"]}}],"collection":[{"href":"https:\/\/www.eldigitaldeasturias.com\/noticias\/wp-json\/wp\/v2\/posts"}],"about":[{"href":"https:\/\/www.eldigitaldeasturias.com\/noticias\/wp-json\/wp\/v2\/types\/post"}],"author":[{"embeddable":true,"href":"https:\/\/www.eldigitaldeasturias.com\/noticias\/wp-json\/wp\/v2\/users\/1"}],"replies":[{"embeddable":true,"href":"https:\/\/www.eldigitaldeasturias.com\/noticias\/wp-json\/wp\/v2\/comments?post=861226"}],"version-history":[{"count":0,"href":"https:\/\/www.eldigitaldeasturias.com\/noticias\/wp-json\/wp\/v2\/posts\/861226\/revisions"}],"wp:featuredmedia":[{"embeddable":true,"href":"https:\/\/www.eldigitaldeasturias.com\/noticias\/wp-json\/wp\/v2\/media\/861227"}],"wp:attachment":[{"href":"https:\/\/www.eldigitaldeasturias.com\/noticias\/wp-json\/wp\/v2\/media?parent=861226"}],"wp:term":[{"taxonomy":"category","embeddable":true,"href":"https:\/\/www.eldigitaldeasturias.com\/noticias\/wp-json\/wp\/v2\/categories?post=861226"},{"taxonomy":"post_tag","embeddable":true,"href":"https:\/\/www.eldigitaldeasturias.com\/noticias\/wp-json\/wp\/v2\/tags?post=861226"}],"curies":[{"name":"wp","href":"https:\/\/api.w.org\/{rel}","templated":true}]}}