{"id":861217,"date":"2016-02-23T10:05:30","date_gmt":"2016-02-23T10:05:30","guid":{"rendered":"http:\/\/www.eldigitaldeasturias.com\/noticias\/?p=861217"},"modified":"2016-02-23T10:05:30","modified_gmt":"2016-02-23T10:05:30","slug":"la-meningitis-a-esta-casi-eliminada-en-africa-gracias-a-la-vacunacion","status":"publish","type":"post","link":"https:\/\/www.eldigitaldeasturias.com\/noticias\/la-meningitis-a-esta-casi-eliminada-en-africa-gracias-a-la-vacunacion\/","title":{"rendered":"La meningitis A est\u00e1 casi eliminada en \u00c1frica gracias a la vacunaci\u00f3n"},"content":{"rendered":"<p><img loading=\"lazy\" decoding=\"async\" class=\"alignleft size-medium wp-image-861218\" src=\"https:\/\/www.eldigitaldeasturias.com\/noticias\/wp-content\/uploads\/2016\/02\/fotonoticia_20160223071834_800-360x239.jpg\" alt=\"fotonoticia_20160223071834_800\" width=\"360\" height=\"239\" srcset=\"https:\/\/www.eldigitaldeasturias.com\/noticias\/wp-content\/uploads\/2016\/02\/fotonoticia_20160223071834_800-360x239.jpg 360w, https:\/\/www.eldigitaldeasturias.com\/noticias\/wp-content\/uploads\/2016\/02\/fotonoticia_20160223071834_800-768x510.jpg 768w, https:\/\/www.eldigitaldeasturias.com\/noticias\/wp-content\/uploads\/2016\/02\/fotonoticia_20160223071834_800-650x431.jpg 650w, https:\/\/www.eldigitaldeasturias.com\/noticias\/wp-content\/uploads\/2016\/02\/fotonoticia_20160223071834_800-84x55.jpg 84w, https:\/\/www.eldigitaldeasturias.com\/noticias\/wp-content\/uploads\/2016\/02\/fotonoticia_20160223071834_800-49x32.jpg 49w, https:\/\/www.eldigitaldeasturias.com\/noticias\/wp-content\/uploads\/2016\/02\/fotonoticia_20160223071834_800.jpg 800w\" sizes=\"auto, (max-width: 360px) 100vw, 360px\" \/>Expertos en vacunas globales y funcionarios de los 26 pa\u00edses africanos del \u00abcintur\u00f3n de la meningitis\u00bb se han reunido en Addis Abeba, Etiop\u00eda, para celebrar uno de los mayores logros de la salud p\u00fablica de \u00c1frica, la introducci\u00f3n de una vacuna, MenAfriVac, dise\u00f1ada, desarrollada y producida para su uso en \u00c1frica, que en cinco a\u00f1os de uso casi ha eliminado la enfermedad meningoc\u00f3cica del serogrupo A de pa\u00edses del cintur\u00f3n de la meningitis y ahora se est\u00e1 integrando en los programas nacionales de inmunizaci\u00f3n de rutina.<\/p>\n<p>Los casos de la enfermedad infecciosa mortal han pasado de m\u00e1s de 250.000 durante un brote en 1996 a s\u00f3lo 80 casos confirmados en 2015 entre los pa\u00edses que todav\u00eda no han realizado campa\u00f1as de inmunizaci\u00f3n en masa y entre esos no vacunados, seg\u00fan han informado cient\u00edficos en la Conferencia de Clausura del Proyecto de Vacunas contra la Meningitis (MVP, por sus siglas en ingl\u00e9s). Al mismo tiempo, se anunci\u00f3 que ocho pa\u00edses han solicitado financiaci\u00f3n para iniciar la integraci\u00f3n de esta vacuna en sus programas nacionales de inmunizaci\u00f3n de la infancia.<\/p>\n<p>\u00abNuestro gran \u00e9xito contra la meningitis A no es de ninguna manera permanente\u00bb, afirma el doctor Matshidiso Moeti, director Regional para \u00c1frica de la Organizaci\u00f3n Mundial de la Salud (OMS). \u00abPara mantener la protecci\u00f3n que ha sido conseguida hasta la fecha contra la meningitis A, todos los pa\u00edses en situaci\u00f3n de riesgo deben terminar la realizaci\u00f3n de campa\u00f1as de vacunaci\u00f3n y comenzar a incorporar la vacuna en los programas de inmunizaci\u00f3n infantil de rutina\u00bb, a\u00f1ade.<\/p>\n<p>La Conferencia de Clausura de MVP, organizada por la OMS y la organizaci\u00f3n sin \u00e1nimo de lucro sobre salud internacional PATH, se est\u00e1 celebrando justo antes de la Conferencia Ministerial de Inmunizaci\u00f3n en \u00c1frica. En respuesta a una petici\u00f3n de ayuda de los ministros de salud de \u00c1frica despu\u00e9s de una de las peores epidemias de meningitis que se hayan visto, la OMS y PATH se asociaron para formar MVP en 2001, que durante m\u00e1s de 14 a\u00f1os ha dirigido el desarrollo, la licencia y la introducci\u00f3n de una nueva vacuna contra la meningitis A.<\/p>\n<p>En 2008, la Alianza GAVI aprob\u00f3 financiar la inmunizaci\u00f3n de la poblaci\u00f3n en situaci\u00f3n de riesgo (desde 1 a\u00f1o de edad hasta los 29 a\u00f1os) en los 26 pa\u00edses del cintur\u00f3n de la meningitis con las campa\u00f1as de prevenci\u00f3n. Desde la primera campa\u00f1a, GAVI ha desembolsado 367 millones de d\u00f3lares para la meningitis A.<\/p>\n<p>Sin embargo, el proyecto de desarrollo de una vacuna ha terminado y MVP y sus socios est\u00e1n trabajando con los funcionarios de salud de los gobiernos africanos para planificar cuidadosamente los siguientes pasos para continuar desplegando &#8216;MenAfriVac&#8217;. Un modelo matem\u00e1tico determina que si no hay un programa de inmunizaci\u00f3n posterior despu\u00e9s de las grandes campa\u00f1as de vacunaci\u00f3n, los pa\u00edses podr\u00edan esperar que las epidemias se repitan dentro de 15 a\u00f1os.<\/p>\n<p>Para asegurar una protecci\u00f3n continua para la futura generaci\u00f3n, GAVI ofrece ahora apoyo financiero a los pa\u00edses para introducir la vacuna en sus programas de vacunaci\u00f3n rutinarios. \u00abHemos logrado algo realmente hist\u00f3rico con &#8216;MenAfriVac&#8217;, la creaci\u00f3n de una vacuna asequible, eficaz, hecha a medida para \u00c1frica &#8211;destaca Steve Davis, presidente y director ejecutivo de PATH&#8211;. Adem\u00e1s, la vacuna no requiere refrigeraci\u00f3n constante y es la primera vacuna que es autorizada por la OMS para su uso a temperaturas ambiente de hasta 40 \u00b0 C durante un m\u00e1ximo de cuatro d\u00edas\u00bb.<\/p>\n<p>CAMPA\u00d1AS DE VACUNACI\u00d3N EN 16 DE 26 PA\u00cdSES AFECTADOS<\/p>\n<p>La vacuna se introdujo por primera vez en Burkina Faso a finales de 2010. Desde entonces, la OMS ha informado de que 16 de los 26 pa\u00edses del cintur\u00f3n de la meningitis de \u00c1frica, que se extiende desde Senegal en el oeste hasta Etiop\u00eda en el este, han llevado a cabo campa\u00f1as de vacunaci\u00f3n masiva iniciales para proteger a su poblaci\u00f3n. Como resultado, m\u00e1s de 235 millones de ni\u00f1os y adultos j\u00f3venes (de 1 a 29 a\u00f1os de edad) han sido inmunizados y la meningitis ha desaparecido en esas \u00e1reas.<\/p>\n<p>Entre los 10 pa\u00edses que todav\u00eda no han de llevar a cabo campa\u00f1as completas, cinco est\u00e1n listos para realizar su campa\u00f1a en 2016: bien a nivel nacional (Rep\u00fablica Centroafricana, Guinea Bissau y Sud\u00e1n del Sur) o en zonas de alto riesgo (Rep\u00fablica Democr\u00e1tica del Congo y Uganda). Se espera que los cinco pa\u00edses restantes pongan en marcha campa\u00f1as masivas en zonas de alto riesgo en 2016\/17 (Burundi, Eritrea, Kenia, Ruanda y Tanzania).<\/p>\n<p>Las epidemias de meningitis meningoc\u00f3cica A, que es una infecci\u00f3n bacteriana de la membrana delgada que rodea el cerebro y la m\u00e9dula espinal, se han extendido por 26 pa\u00edses de \u00c1frica subsahariana durante un siglo, matando e inhabilitaci\u00f3n a j\u00f3venes cada a\u00f1o. La patolog\u00eda es muy temida en el continente; puede matar o causar da\u00f1o cerebral grave en una persona en cuesti\u00f3n de horas.<\/p>\n<p>Las epidemias por lo general comienzan a principios de a\u00f1o, cuando las secas arenas del desierto del Sahara comienzan a soplar hacia el sur. Antes de 2010, las epidemias eran cada vez m\u00e1s frecuentes y comunes en toda \u00c1frica, poniendo una gran carga sobre los individuos, las familias y los sistemas de salud de los pa\u00edses del cintur\u00f3n de la meningitis.<\/p>\n<p>MenAfriVac, fabricada por &#8216;Serum Institute of India Private Ltd.&#8217;, introdujo mejoras sobre las viejas vacunas de polisac\u00e1ridos, que s\u00f3lo se pueden utilizar despu\u00e9s de que las epidemias han comenzado, no protegen a los ni\u00f1os o beb\u00e9s m\u00e1s peque\u00f1os y s\u00f3lo apotan protecci\u00f3n a corto plazo. MenAfriVac tambi\u00e9n aumenta la respuesta inmunitaria protectora al t\u00e9tanos, una enfermedad bacteriana dolorosa que puede causar tensi\u00f3n muscular y espasmos involuntarios a veces lo suficientemente fuertes como para fracturar los huesos e incluso causar la muerte.<\/p>\n","protected":false},"excerpt":{"rendered":"<p>Expertos en vacunas globales y funcionarios de los 26 pa\u00edses africanos del \u00abcintur\u00f3n de la meningitis\u00bb se han reunido en Addis Abeba, Etiop\u00eda, para celebrar uno de los mayores logros de la salud p\u00fablica de \u00c1frica, la introducci\u00f3n de una vacuna, MenAfriVac, dise\u00f1ada, desarrollada y producida para su uso en \u00c1frica, que en cinco a\u00f1os [&hellip;]<\/p>\n","protected":false},"author":1,"featured_media":861218,"comment_status":"closed","ping_status":"closed","sticky":false,"template":"","format":"standard","meta":{"footnotes":""},"categories":[28],"tags":[],"class_list":["post-861217","post","type-post","status-publish","format-standard","has-post-thumbnail","hentry","category-sociedad"],"aioseo_notices":[],"aioseo_head":"\n\t\t<!-- All in One SEO Pro 4.9.6.2 - aioseo.com -->\n\t<meta name=\"description\" content=\"Expertos en vacunas globales y funcionarios de los 26 pa\u00edses africanos del &quot;cintur\u00f3n de la meningitis&quot; se han reunido en Addis Abeba, Etiop\u00eda, para celebrar uno de los mayores logros de la salud p\u00fablica de \u00c1frica, la introducci\u00f3n de una vacuna, MenAfriVac, dise\u00f1ada, desarrollada y producida para su uso en \u00c1frica, que en cinco a\u00f1os\" \/>\n\t<meta name=\"robots\" content=\"max-image-preview:large\" \/>\n\t<meta name=\"author\" content=\"El Digital de Asturias\"\/>\n\t<meta name=\"google-site-verification\" content=\"UA-38556648-1\" \/>\n\t<meta name=\"msvalidate.01\" content=\"7dfe9f3f1b24437ab69f4f2559babe99\" \/>\n\t<meta name=\"keywords\" content=\"sociedad\" \/>\n\t<link rel=\"canonical\" href=\"https:\/\/www.eldigitaldeasturias.com\/noticias\/la-meningitis-a-esta-casi-eliminada-en-africa-gracias-a-la-vacunacion\/\" \/>\n\t<meta name=\"generator\" content=\"All in One SEO Pro (AIOSEO) 4.9.6.2\" \/>\n\t\t<meta property=\"og:locale\" content=\"es_ES\" \/>\n\t\t<meta property=\"og:site_name\" content=\"El Digital de Asturias\" \/>\n\t\t<meta property=\"og:type\" content=\"article\" \/>\n\t\t<meta property=\"og:title\" content=\"La meningitis A est\u00e1 casi eliminada en \u00c1frica gracias a la vacunaci\u00f3n - El Digital de Asturias\" \/>\n\t\t<meta property=\"og:description\" content=\"Expertos en vacunas globales y funcionarios de los 26 pa\u00edses africanos del &quot;cintur\u00f3n de la meningitis&quot; se han reunido en Addis Abeba, Etiop\u00eda, para celebrar uno de los mayores logros de la salud p\u00fablica de \u00c1frica, la introducci\u00f3n de una vacuna, MenAfriVac, dise\u00f1ada, desarrollada y producida para su uso en \u00c1frica, que en cinco a\u00f1os\" \/>\n\t\t<meta property=\"og:url\" content=\"https:\/\/www.eldigitaldeasturias.com\/noticias\/la-meningitis-a-esta-casi-eliminada-en-africa-gracias-a-la-vacunacion\/\" \/>\n\t\t<meta property=\"og:image\" content=\"https:\/\/www.eldigitaldeasturias.com\/noticias\/wp-content\/uploads\/2016\/02\/fotonoticia_20160223071834_800.jpg\" \/>\n\t\t<meta property=\"og:image:secure_url\" content=\"https:\/\/www.eldigitaldeasturias.com\/noticias\/wp-content\/uploads\/2016\/02\/fotonoticia_20160223071834_800.jpg\" \/>\n\t\t<meta property=\"og:image:width\" content=\"800\" \/>\n\t\t<meta property=\"og:image:height\" content=\"531\" \/>\n\t\t<meta property=\"article:tag\" content=\"sociedad\" \/>\n\t\t<meta property=\"article:published_time\" content=\"2016-02-23T10:05:30+00:00\" \/>\n\t\t<meta property=\"article:modified_time\" content=\"2016-02-23T10:05:30+00:00\" \/>\n\t\t<meta property=\"article:publisher\" content=\"https:\/\/facebook.com\/eldigitaldeasturias\" \/>\n\t\t<meta name=\"twitter:card\" content=\"summary_large_image\" \/>\n\t\t<meta name=\"twitter:title\" content=\"La meningitis A est\u00e1 casi eliminada en \u00c1frica gracias a la vacunaci\u00f3n - El Digital de Asturias\" \/>\n\t\t<meta name=\"twitter:description\" content=\"Expertos en vacunas globales y funcionarios de los 26 pa\u00edses africanos del &quot;cintur\u00f3n de la meningitis&quot; se han reunido en Addis Abeba, Etiop\u00eda, para celebrar uno de los mayores logros de la salud p\u00fablica de \u00c1frica, la introducci\u00f3n de una vacuna, MenAfriVac, dise\u00f1ada, desarrollada y producida para su uso en \u00c1frica, que en cinco a\u00f1os\" \/>\n\t\t<meta name=\"twitter:image\" content=\"https:\/\/www.eldigitaldeasturias.com\/noticias\/wp-content\/uploads\/2016\/02\/fotonoticia_20160223071834_800.jpg\" \/>\n\t\t<meta name=\"twitter:label1\" content=\"Escrito por\" \/>\n\t\t<meta name=\"twitter:data1\" content=\"El Digital de Asturias\" \/>\n\t\t<meta name=\"twitter:label2\" content=\"Tiempo de lectura estimado\" \/>\n\t\t<meta name=\"twitter:data2\" content=\"5 minutos\" \/>\n\t\t<script type=\"application\/ld+json\" class=\"aioseo-schema\">\n\t\t\t{\"@context\":\"https:\\\/\\\/schema.org\",\"@graph\":[{\"@type\":\"BlogPosting\",\"@id\":\"https:\\\/\\\/www.eldigitaldeasturias.com\\\/noticias\\\/la-meningitis-a-esta-casi-eliminada-en-africa-gracias-a-la-vacunacion\\\/#blogposting\",\"name\":\"La meningitis A est\\u00e1 casi eliminada en \\u00c1frica gracias a la vacunaci\\u00f3n - El Digital de Asturias\",\"headline\":\"La meningitis A est\\u00e1 casi eliminada en \\u00c1frica gracias a la vacunaci\\u00f3n\",\"author\":{\"@id\":\"https:\\\/\\\/www.eldigitaldeasturias.com\\\/noticias\\\/author\\\/admin\\\/#author\"},\"publisher\":{\"@id\":\"https:\\\/\\\/www.eldigitaldeasturias.com\\\/noticias\\\/#organization\"},\"image\":{\"@type\":\"ImageObject\",\"url\":\"https:\\\/\\\/www.eldigitaldeasturias.com\\\/noticias\\\/wp-content\\\/uploads\\\/2016\\\/02\\\/fotonoticia_20160223071834_800.jpg\",\"width\":800,\"height\":531},\"datePublished\":\"2016-02-23T10:05:30+01:00\",\"dateModified\":\"2016-02-23T10:05:30+01:00\",\"inLanguage\":\"es-ES\",\"mainEntityOfPage\":{\"@id\":\"https:\\\/\\\/www.eldigitaldeasturias.com\\\/noticias\\\/la-meningitis-a-esta-casi-eliminada-en-africa-gracias-a-la-vacunacion\\\/#webpage\"},\"isPartOf\":{\"@id\":\"https:\\\/\\\/www.eldigitaldeasturias.com\\\/noticias\\\/la-meningitis-a-esta-casi-eliminada-en-africa-gracias-a-la-vacunacion\\\/#webpage\"},\"articleSection\":\"Sociedad\"},{\"@type\":\"BreadcrumbList\",\"@id\":\"https:\\\/\\\/www.eldigitaldeasturias.com\\\/noticias\\\/la-meningitis-a-esta-casi-eliminada-en-africa-gracias-a-la-vacunacion\\\/#breadcrumblist\",\"itemListElement\":[{\"@type\":\"ListItem\",\"@id\":\"https:\\\/\\\/www.eldigitaldeasturias.com\\\/noticias#listItem\",\"position\":1,\"name\":\"Home\",\"item\":\"https:\\\/\\\/www.eldigitaldeasturias.com\\\/noticias\",\"nextItem\":{\"@type\":\"ListItem\",\"@id\":\"https:\\\/\\\/www.eldigitaldeasturias.com\\\/noticias\\\/category\\\/sociedad\\\/#listItem\",\"name\":\"Sociedad\"}},{\"@type\":\"ListItem\",\"@id\":\"https:\\\/\\\/www.eldigitaldeasturias.com\\\/noticias\\\/category\\\/sociedad\\\/#listItem\",\"position\":2,\"name\":\"Sociedad\",\"item\":\"https:\\\/\\\/www.eldigitaldeasturias.com\\\/noticias\\\/category\\\/sociedad\\\/\",\"nextItem\":{\"@type\":\"ListItem\",\"@id\":\"https:\\\/\\\/www.eldigitaldeasturias.com\\\/noticias\\\/la-meningitis-a-esta-casi-eliminada-en-africa-gracias-a-la-vacunacion\\\/#listItem\",\"name\":\"La meningitis A est\\u00e1 casi eliminada en \\u00c1frica gracias a la vacunaci\\u00f3n\"},\"previousItem\":{\"@type\":\"ListItem\",\"@id\":\"https:\\\/\\\/www.eldigitaldeasturias.com\\\/noticias#listItem\",\"name\":\"Home\"}},{\"@type\":\"ListItem\",\"@id\":\"https:\\\/\\\/www.eldigitaldeasturias.com\\\/noticias\\\/la-meningitis-a-esta-casi-eliminada-en-africa-gracias-a-la-vacunacion\\\/#listItem\",\"position\":3,\"name\":\"La meningitis A est\\u00e1 casi eliminada en \\u00c1frica gracias a la vacunaci\\u00f3n\",\"previousItem\":{\"@type\":\"ListItem\",\"@id\":\"https:\\\/\\\/www.eldigitaldeasturias.com\\\/noticias\\\/category\\\/sociedad\\\/#listItem\",\"name\":\"Sociedad\"}}]},{\"@type\":\"Organization\",\"@id\":\"https:\\\/\\\/www.eldigitaldeasturias.com\\\/noticias\\\/#organization\",\"name\":\"El Digital de Asturias\",\"description\":\"Hemeroteca\",\"url\":\"https:\\\/\\\/www.eldigitaldeasturias.com\\\/noticias\\\/\",\"email\":\"info@eldigitaldeasturias.com\",\"telephone\":\"+34652131393\",\"logo\":{\"@type\":\"ImageObject\",\"url\":\"https:\\\/\\\/www.eldigitaldeasturias.com\\\/noticias\\\/wp-content\\\/uploads\\\/2020\\\/12\\\/EDA.jpg\",\"@id\":\"https:\\\/\\\/www.eldigitaldeasturias.com\\\/noticias\\\/la-meningitis-a-esta-casi-eliminada-en-africa-gracias-a-la-vacunacion\\\/#organizationLogo\",\"width\":649,\"height\":297},\"image\":{\"@id\":\"https:\\\/\\\/www.eldigitaldeasturias.com\\\/noticias\\\/la-meningitis-a-esta-casi-eliminada-en-africa-gracias-a-la-vacunacion\\\/#organizationLogo\"},\"sameAs\":[\"https:\\\/\\\/facebook.com\\\/eldigitaldeasturias\",\"https:\\\/\\\/www.youtube.com\\\/channel\\\/UCZP-2wLEB9Rv6erhFmqVnvg\"],\"address\":{\"@id\":\"https:\\\/\\\/www.eldigitaldeasturias.com\\\/noticias\\\/#postaladdress\",\"@type\":\"PostalAddress\",\"streetAddress\":\"san antonio 4,\",\"postalCode\":\"33430\",\"addressLocality\":\"Cand\\u00e1s\",\"addressRegion\":\"Asturias\",\"addressCountry\":\"ES\"}},{\"@type\":\"Person\",\"@id\":\"https:\\\/\\\/www.eldigitaldeasturias.com\\\/noticias\\\/author\\\/admin\\\/#author\",\"url\":\"https:\\\/\\\/www.eldigitaldeasturias.com\\\/noticias\\\/author\\\/admin\\\/\",\"name\":\"El Digital de Asturias\",\"image\":{\"@type\":\"ImageObject\",\"@id\":\"https:\\\/\\\/www.eldigitaldeasturias.com\\\/noticias\\\/la-meningitis-a-esta-casi-eliminada-en-africa-gracias-a-la-vacunacion\\\/#authorImage\",\"url\":\"https:\\\/\\\/www.eldigitaldeasturias.com\\\/noticias\\\/wp-content\\\/litespeed\\\/avatar\\\/18677e78aa0546b92d9dbf31ec7d7668.jpg?ver=1777290358\",\"width\":96,\"height\":96,\"caption\":\"El Digital de Asturias\"}},{\"@type\":\"WebPage\",\"@id\":\"https:\\\/\\\/www.eldigitaldeasturias.com\\\/noticias\\\/la-meningitis-a-esta-casi-eliminada-en-africa-gracias-a-la-vacunacion\\\/#webpage\",\"url\":\"https:\\\/\\\/www.eldigitaldeasturias.com\\\/noticias\\\/la-meningitis-a-esta-casi-eliminada-en-africa-gracias-a-la-vacunacion\\\/\",\"name\":\"La meningitis A est\\u00e1 casi eliminada en \\u00c1frica gracias a la vacunaci\\u00f3n - El Digital de Asturias\",\"description\":\"Expertos en vacunas globales y funcionarios de los 26 pa\\u00edses africanos del \\\"cintur\\u00f3n de la meningitis\\\" se han reunido en Addis Abeba, Etiop\\u00eda, para celebrar uno de los mayores logros de la salud p\\u00fablica de \\u00c1frica, la introducci\\u00f3n de una vacuna, MenAfriVac, dise\\u00f1ada, desarrollada y producida para su uso en \\u00c1frica, que en cinco a\\u00f1os\",\"inLanguage\":\"es-ES\",\"isPartOf\":{\"@id\":\"https:\\\/\\\/www.eldigitaldeasturias.com\\\/noticias\\\/#website\"},\"breadcrumb\":{\"@id\":\"https:\\\/\\\/www.eldigitaldeasturias.com\\\/noticias\\\/la-meningitis-a-esta-casi-eliminada-en-africa-gracias-a-la-vacunacion\\\/#breadcrumblist\"},\"author\":{\"@id\":\"https:\\\/\\\/www.eldigitaldeasturias.com\\\/noticias\\\/author\\\/admin\\\/#author\"},\"creator\":{\"@id\":\"https:\\\/\\\/www.eldigitaldeasturias.com\\\/noticias\\\/author\\\/admin\\\/#author\"},\"image\":{\"@type\":\"ImageObject\",\"url\":\"https:\\\/\\\/www.eldigitaldeasturias.com\\\/noticias\\\/wp-content\\\/uploads\\\/2016\\\/02\\\/fotonoticia_20160223071834_800.jpg\",\"@id\":\"https:\\\/\\\/www.eldigitaldeasturias.com\\\/noticias\\\/la-meningitis-a-esta-casi-eliminada-en-africa-gracias-a-la-vacunacion\\\/#mainImage\",\"width\":800,\"height\":531},\"primaryImageOfPage\":{\"@id\":\"https:\\\/\\\/www.eldigitaldeasturias.com\\\/noticias\\\/la-meningitis-a-esta-casi-eliminada-en-africa-gracias-a-la-vacunacion\\\/#mainImage\"},\"datePublished\":\"2016-02-23T10:05:30+01:00\",\"dateModified\":\"2016-02-23T10:05:30+01:00\"},{\"@type\":\"WebSite\",\"@id\":\"https:\\\/\\\/www.eldigitaldeasturias.com\\\/noticias\\\/#website\",\"url\":\"https:\\\/\\\/www.eldigitaldeasturias.com\\\/noticias\\\/\",\"name\":\"El Digital de Asturias - Diario de actualidad y noticias\",\"alternateName\":\"El Digital de Asturias - Diario de actualidad y noticias\",\"description\":\"Hemeroteca\",\"inLanguage\":\"es-ES\",\"publisher\":{\"@id\":\"https:\\\/\\\/www.eldigitaldeasturias.com\\\/noticias\\\/#organization\"}}]}\n\t\t<\/script>\n\t\t<!-- All in One SEO Pro -->\r\n\t\t<title>La meningitis A est\u00e1 casi eliminada en \u00c1frica gracias a la vacunaci\u00f3n - El Digital de Asturias<\/title>\n\n","aioseo_head_json":{"title":"La meningitis A est\u00e1 casi eliminada en \u00c1frica gracias a la vacunaci\u00f3n - El Digital de Asturias","description":"Expertos en vacunas globales y funcionarios de los 26 pa\u00edses africanos del \"cintur\u00f3n de la meningitis\" se han reunido en Addis Abeba, Etiop\u00eda, para celebrar uno de los mayores logros de la salud p\u00fablica de \u00c1frica, la introducci\u00f3n de una vacuna, MenAfriVac, dise\u00f1ada, desarrollada y producida para su uso en \u00c1frica, que en cinco a\u00f1os","canonical_url":"https:\/\/www.eldigitaldeasturias.com\/noticias\/la-meningitis-a-esta-casi-eliminada-en-africa-gracias-a-la-vacunacion\/","robots":"max-image-preview:large","keywords":"sociedad","webmasterTools":{"google-site-verification":"UA-38556648-1","msvalidate.01":"7dfe9f3f1b24437ab69f4f2559babe99","miscellaneous":""},"schema":{"@context":"https:\/\/schema.org","@graph":[{"@type":"BlogPosting","@id":"https:\/\/www.eldigitaldeasturias.com\/noticias\/la-meningitis-a-esta-casi-eliminada-en-africa-gracias-a-la-vacunacion\/#blogposting","name":"La meningitis A est\u00e1 casi eliminada en \u00c1frica gracias a la vacunaci\u00f3n - El Digital de Asturias","headline":"La meningitis A est\u00e1 casi eliminada en \u00c1frica gracias a la vacunaci\u00f3n","author":{"@id":"https:\/\/www.eldigitaldeasturias.com\/noticias\/author\/admin\/#author"},"publisher":{"@id":"https:\/\/www.eldigitaldeasturias.com\/noticias\/#organization"},"image":{"@type":"ImageObject","url":"https:\/\/www.eldigitaldeasturias.com\/noticias\/wp-content\/uploads\/2016\/02\/fotonoticia_20160223071834_800.jpg","width":800,"height":531},"datePublished":"2016-02-23T10:05:30+01:00","dateModified":"2016-02-23T10:05:30+01:00","inLanguage":"es-ES","mainEntityOfPage":{"@id":"https:\/\/www.eldigitaldeasturias.com\/noticias\/la-meningitis-a-esta-casi-eliminada-en-africa-gracias-a-la-vacunacion\/#webpage"},"isPartOf":{"@id":"https:\/\/www.eldigitaldeasturias.com\/noticias\/la-meningitis-a-esta-casi-eliminada-en-africa-gracias-a-la-vacunacion\/#webpage"},"articleSection":"Sociedad"},{"@type":"BreadcrumbList","@id":"https:\/\/www.eldigitaldeasturias.com\/noticias\/la-meningitis-a-esta-casi-eliminada-en-africa-gracias-a-la-vacunacion\/#breadcrumblist","itemListElement":[{"@type":"ListItem","@id":"https:\/\/www.eldigitaldeasturias.com\/noticias#listItem","position":1,"name":"Home","item":"https:\/\/www.eldigitaldeasturias.com\/noticias","nextItem":{"@type":"ListItem","@id":"https:\/\/www.eldigitaldeasturias.com\/noticias\/category\/sociedad\/#listItem","name":"Sociedad"}},{"@type":"ListItem","@id":"https:\/\/www.eldigitaldeasturias.com\/noticias\/category\/sociedad\/#listItem","position":2,"name":"Sociedad","item":"https:\/\/www.eldigitaldeasturias.com\/noticias\/category\/sociedad\/","nextItem":{"@type":"ListItem","@id":"https:\/\/www.eldigitaldeasturias.com\/noticias\/la-meningitis-a-esta-casi-eliminada-en-africa-gracias-a-la-vacunacion\/#listItem","name":"La meningitis A est\u00e1 casi eliminada en \u00c1frica gracias a la vacunaci\u00f3n"},"previousItem":{"@type":"ListItem","@id":"https:\/\/www.eldigitaldeasturias.com\/noticias#listItem","name":"Home"}},{"@type":"ListItem","@id":"https:\/\/www.eldigitaldeasturias.com\/noticias\/la-meningitis-a-esta-casi-eliminada-en-africa-gracias-a-la-vacunacion\/#listItem","position":3,"name":"La meningitis A est\u00e1 casi eliminada en \u00c1frica gracias a la vacunaci\u00f3n","previousItem":{"@type":"ListItem","@id":"https:\/\/www.eldigitaldeasturias.com\/noticias\/category\/sociedad\/#listItem","name":"Sociedad"}}]},{"@type":"Organization","@id":"https:\/\/www.eldigitaldeasturias.com\/noticias\/#organization","name":"El Digital de Asturias","description":"Hemeroteca","url":"https:\/\/www.eldigitaldeasturias.com\/noticias\/","email":"info@eldigitaldeasturias.com","telephone":"+34652131393","logo":{"@type":"ImageObject","url":"https:\/\/www.eldigitaldeasturias.com\/noticias\/wp-content\/uploads\/2020\/12\/EDA.jpg","@id":"https:\/\/www.eldigitaldeasturias.com\/noticias\/la-meningitis-a-esta-casi-eliminada-en-africa-gracias-a-la-vacunacion\/#organizationLogo","width":649,"height":297},"image":{"@id":"https:\/\/www.eldigitaldeasturias.com\/noticias\/la-meningitis-a-esta-casi-eliminada-en-africa-gracias-a-la-vacunacion\/#organizationLogo"},"sameAs":["https:\/\/facebook.com\/eldigitaldeasturias","https:\/\/www.youtube.com\/channel\/UCZP-2wLEB9Rv6erhFmqVnvg"],"address":{"@id":"https:\/\/www.eldigitaldeasturias.com\/noticias\/#postaladdress","@type":"PostalAddress","streetAddress":"san antonio 4,","postalCode":"33430","addressLocality":"Cand\u00e1s","addressRegion":"Asturias","addressCountry":"ES"}},{"@type":"Person","@id":"https:\/\/www.eldigitaldeasturias.com\/noticias\/author\/admin\/#author","url":"https:\/\/www.eldigitaldeasturias.com\/noticias\/author\/admin\/","name":"El Digital de Asturias","image":{"@type":"ImageObject","@id":"https:\/\/www.eldigitaldeasturias.com\/noticias\/la-meningitis-a-esta-casi-eliminada-en-africa-gracias-a-la-vacunacion\/#authorImage","url":"https:\/\/www.eldigitaldeasturias.com\/noticias\/wp-content\/litespeed\/avatar\/18677e78aa0546b92d9dbf31ec7d7668.jpg?ver=1777290358","width":96,"height":96,"caption":"El Digital de Asturias"}},{"@type":"WebPage","@id":"https:\/\/www.eldigitaldeasturias.com\/noticias\/la-meningitis-a-esta-casi-eliminada-en-africa-gracias-a-la-vacunacion\/#webpage","url":"https:\/\/www.eldigitaldeasturias.com\/noticias\/la-meningitis-a-esta-casi-eliminada-en-africa-gracias-a-la-vacunacion\/","name":"La meningitis A est\u00e1 casi eliminada en \u00c1frica gracias a la vacunaci\u00f3n - El Digital de Asturias","description":"Expertos en vacunas globales y funcionarios de los 26 pa\u00edses africanos del \"cintur\u00f3n de la meningitis\" se han reunido en Addis Abeba, Etiop\u00eda, para celebrar uno de los mayores logros de la salud p\u00fablica de \u00c1frica, la introducci\u00f3n de una vacuna, MenAfriVac, dise\u00f1ada, desarrollada y producida para su uso en \u00c1frica, que en cinco a\u00f1os","inLanguage":"es-ES","isPartOf":{"@id":"https:\/\/www.eldigitaldeasturias.com\/noticias\/#website"},"breadcrumb":{"@id":"https:\/\/www.eldigitaldeasturias.com\/noticias\/la-meningitis-a-esta-casi-eliminada-en-africa-gracias-a-la-vacunacion\/#breadcrumblist"},"author":{"@id":"https:\/\/www.eldigitaldeasturias.com\/noticias\/author\/admin\/#author"},"creator":{"@id":"https:\/\/www.eldigitaldeasturias.com\/noticias\/author\/admin\/#author"},"image":{"@type":"ImageObject","url":"https:\/\/www.eldigitaldeasturias.com\/noticias\/wp-content\/uploads\/2016\/02\/fotonoticia_20160223071834_800.jpg","@id":"https:\/\/www.eldigitaldeasturias.com\/noticias\/la-meningitis-a-esta-casi-eliminada-en-africa-gracias-a-la-vacunacion\/#mainImage","width":800,"height":531},"primaryImageOfPage":{"@id":"https:\/\/www.eldigitaldeasturias.com\/noticias\/la-meningitis-a-esta-casi-eliminada-en-africa-gracias-a-la-vacunacion\/#mainImage"},"datePublished":"2016-02-23T10:05:30+01:00","dateModified":"2016-02-23T10:05:30+01:00"},{"@type":"WebSite","@id":"https:\/\/www.eldigitaldeasturias.com\/noticias\/#website","url":"https:\/\/www.eldigitaldeasturias.com\/noticias\/","name":"El Digital de Asturias - Diario de actualidad y noticias","alternateName":"El Digital de Asturias - Diario de actualidad y noticias","description":"Hemeroteca","inLanguage":"es-ES","publisher":{"@id":"https:\/\/www.eldigitaldeasturias.com\/noticias\/#organization"}}]},"og:locale":"es_ES","og:site_name":"El Digital de Asturias","og:type":"article","og:title":"La meningitis A est\u00e1 casi eliminada en \u00c1frica gracias a la vacunaci\u00f3n - El Digital de Asturias","og:description":"Expertos en vacunas globales y funcionarios de los 26 pa\u00edses africanos del &quot;cintur\u00f3n de la meningitis&quot; se han reunido en Addis Abeba, Etiop\u00eda, para celebrar uno de los mayores logros de la salud p\u00fablica de \u00c1frica, la introducci\u00f3n de una vacuna, MenAfriVac, dise\u00f1ada, desarrollada y producida para su uso en \u00c1frica, que en cinco a\u00f1os","og:url":"https:\/\/www.eldigitaldeasturias.com\/noticias\/la-meningitis-a-esta-casi-eliminada-en-africa-gracias-a-la-vacunacion\/","og:image":"https:\/\/www.eldigitaldeasturias.com\/noticias\/wp-content\/uploads\/2016\/02\/fotonoticia_20160223071834_800.jpg","og:image:secure_url":"https:\/\/www.eldigitaldeasturias.com\/noticias\/wp-content\/uploads\/2016\/02\/fotonoticia_20160223071834_800.jpg","og:image:width":800,"og:image:height":531,"article:tag":["sociedad"],"article:published_time":"2016-02-23T10:05:30+00:00","article:modified_time":"2016-02-23T10:05:30+00:00","article:publisher":"https:\/\/facebook.com\/eldigitaldeasturias","twitter:card":"summary_large_image","twitter:title":"La meningitis A est\u00e1 casi eliminada en \u00c1frica gracias a la vacunaci\u00f3n - El Digital de Asturias","twitter:description":"Expertos en vacunas globales y funcionarios de los 26 pa\u00edses africanos del &quot;cintur\u00f3n de la meningitis&quot; se han reunido en Addis Abeba, Etiop\u00eda, para celebrar uno de los mayores logros de la salud p\u00fablica de \u00c1frica, la introducci\u00f3n de una vacuna, MenAfriVac, dise\u00f1ada, desarrollada y producida para su uso en \u00c1frica, que en cinco a\u00f1os","twitter:image":"https:\/\/www.eldigitaldeasturias.com\/noticias\/wp-content\/uploads\/2016\/02\/fotonoticia_20160223071834_800.jpg","twitter:label1":"Escrito por","twitter:data1":"El Digital de Asturias","twitter:label2":"Tiempo de lectura estimado","twitter:data2":"5 minutos"},"aioseo_meta_data":{"post_id":"861217","title":null,"description":null,"keywords":null,"keyphrases":null,"primary_term":null,"canonical_url":null,"og_title":null,"og_description":null,"og_object_type":"default","og_image_type":"default","og_image_url":null,"og_image_width":null,"og_image_height":null,"og_image_custom_url":null,"og_image_custom_fields":null,"og_video":null,"og_custom_url":null,"og_article_section":null,"og_article_tags":null,"twitter_use_og":false,"twitter_card":"default","twitter_image_type":"default","twitter_image_url":null,"twitter_image_custom_url":null,"twitter_image_custom_fields":null,"twitter_title":null,"twitter_description":null,"schema":{"blockGraphs":[],"customGraphs":[],"default":{"data":{"Article":[],"Course":[],"Dataset":[],"FAQPage":[],"Movie":[],"Person":[],"Product":[],"ProductReview":[],"Car":[],"Recipe":[],"Service":[],"SoftwareApplication":[],"WebPage":[]},"graphName":"","isEnabled":true},"graphs":[],"defaultGraph":"","defaultPostTypeGraph":""},"schema_type":null,"schema_type_options":null,"pillar_content":false,"robots_default":true,"robots_noindex":false,"robots_noarchive":false,"robots_nosnippet":false,"robots_nofollow":false,"robots_noimageindex":false,"robots_noodp":false,"robots_notranslate":false,"robots_max_snippet":null,"robots_max_videopreview":null,"robots_max_imagepreview":"large","priority":null,"frequency":null,"local_seo":null,"seo_analyzer_scan_date":"2025-12-10 20:29:19","breadcrumb_settings":null,"limit_modified_date":false,"open_ai":null,"ai":null,"created":"2021-01-23 15:00:19","updated":"2025-12-10 20:29:19"},"aioseo_breadcrumb":"<div class=\"aioseo-breadcrumbs\"><span class=\"aioseo-breadcrumb\">\n\t<a href=\"https:\/\/www.eldigitaldeasturias.com\/noticias\" title=\"Home\">Home<\/a>\n<\/span><span class=\"aioseo-breadcrumb-separator\">\u2013<\/span><span class=\"aioseo-breadcrumb\">\n\t<a href=\"https:\/\/www.eldigitaldeasturias.com\/noticias\/category\/sociedad\/\" title=\"Sociedad\">Sociedad<\/a>\n<\/span><span class=\"aioseo-breadcrumb-separator\">\u2013<\/span><span class=\"aioseo-breadcrumb\">\n\t<a href=\"https:\/\/www.eldigitaldeasturias.com\/noticias\/la-meningitis-a-esta-casi-eliminada-en-africa-gracias-a-la-vacunacion\/\" title=\"La meningitis A est\u00e1 casi eliminada en \u00c1frica gracias a la vacunaci\u00f3n\">La meningitis A est\u00e1 casi eliminada en \u00c1frica gracias a la vacunaci\u00f3n<\/a>\n<\/span><\/div>","aioseo_breadcrumb_json":[{"label":"Home","link":"https:\/\/www.eldigitaldeasturias.com\/noticias"},{"label":"Sociedad","link":"https:\/\/www.eldigitaldeasturias.com\/noticias\/category\/sociedad\/"},{"label":"La meningitis A est\u00e1 casi eliminada en \u00c1frica gracias a la vacunaci\u00f3n","link":"https:\/\/www.eldigitaldeasturias.com\/noticias\/la-meningitis-a-esta-casi-eliminada-en-africa-gracias-a-la-vacunacion\/"}],"_links":{"self":[{"href":"https:\/\/www.eldigitaldeasturias.com\/noticias\/wp-json\/wp\/v2\/posts\/861217","targetHints":{"allow":["GET"]}}],"collection":[{"href":"https:\/\/www.eldigitaldeasturias.com\/noticias\/wp-json\/wp\/v2\/posts"}],"about":[{"href":"https:\/\/www.eldigitaldeasturias.com\/noticias\/wp-json\/wp\/v2\/types\/post"}],"author":[{"embeddable":true,"href":"https:\/\/www.eldigitaldeasturias.com\/noticias\/wp-json\/wp\/v2\/users\/1"}],"replies":[{"embeddable":true,"href":"https:\/\/www.eldigitaldeasturias.com\/noticias\/wp-json\/wp\/v2\/comments?post=861217"}],"version-history":[{"count":0,"href":"https:\/\/www.eldigitaldeasturias.com\/noticias\/wp-json\/wp\/v2\/posts\/861217\/revisions"}],"wp:featuredmedia":[{"embeddable":true,"href":"https:\/\/www.eldigitaldeasturias.com\/noticias\/wp-json\/wp\/v2\/media\/861218"}],"wp:attachment":[{"href":"https:\/\/www.eldigitaldeasturias.com\/noticias\/wp-json\/wp\/v2\/media?parent=861217"}],"wp:term":[{"taxonomy":"category","embeddable":true,"href":"https:\/\/www.eldigitaldeasturias.com\/noticias\/wp-json\/wp\/v2\/categories?post=861217"},{"taxonomy":"post_tag","embeddable":true,"href":"https:\/\/www.eldigitaldeasturias.com\/noticias\/wp-json\/wp\/v2\/tags?post=861217"}],"curies":[{"name":"wp","href":"https:\/\/api.w.org\/{rel}","templated":true}]}}