{"id":861195,"date":"2016-02-23T05:58:42","date_gmt":"2016-02-23T05:58:42","guid":{"rendered":"http:\/\/www.eldigitaldeasturias.com\/noticias\/?p=861195"},"modified":"2016-02-23T05:58:42","modified_gmt":"2016-02-23T05:58:42","slug":"tecnologia-it-de-cara-al-futuro-cuatro-tendencias-que-estan-marcando-el-2016","status":"publish","type":"post","link":"https:\/\/www.eldigitaldeasturias.com\/noticias\/tecnologia-it-de-cara-al-futuro-cuatro-tendencias-que-estan-marcando-el-2016\/","title":{"rendered":"Tecnolog\u00eda IT de cara al futuro: cuatro tendencias que est\u00e1n marcando el 2016"},"content":{"rendered":"<p><img loading=\"lazy\" decoding=\"async\" class=\"alignleft size-medium wp-image-861196\" src=\"https:\/\/www.eldigitaldeasturias.com\/noticias\/wp-content\/uploads\/2016\/02\/1455873973_Daniel_Model-212x320.jpg\" alt=\"1455873973_Daniel_Model\" width=\"212\" height=\"320\" srcset=\"https:\/\/www.eldigitaldeasturias.com\/noticias\/wp-content\/uploads\/2016\/02\/1455873973_Daniel_Model-212x320.jpg 212w, https:\/\/www.eldigitaldeasturias.com\/noticias\/wp-content\/uploads\/2016\/02\/1455873973_Daniel_Model-432x650.jpg 432w, https:\/\/www.eldigitaldeasturias.com\/noticias\/wp-content\/uploads\/2016\/02\/1455873973_Daniel_Model.jpg 591w\" sizes=\"auto, (max-width: 212px) 100vw, 212px\" \/>La tecnolog\u00eda nunca deja de innovar y cada d\u00eda est\u00e1 m\u00e1s implicada en nuestra vida diaria. Objetos conectados, dispositivos m\u00f3viles inteligentes, aplicaciones creativas y de gran utilidad, c\u00e1maras cada vez m\u00e1s potentes\u2026 La innovaci\u00f3n sigue manteniendo el ritmo y nosotros estamos cambiando gradualmente nuestro comportamiento, tanto en el trabajo como en nuestro tiempo libre, a consecuencia de las nuevas tecnolog\u00edas. \u00bfCu\u00e1les son las novedades que est\u00e1n dando forma a nuestras vidas en lo que va de a\u00f1o?<\/p>\n<p>1- La tecnolog\u00eda se hace invisible y se incorpora a nuestra vida diaria<br \/>\nPara los usuarios actuales, la tecnolog\u00eda se ha convertido en su segunda naturaleza. Hemos visto la evoluci\u00f3n con los a\u00f1os y sabemos que ahora est\u00e1 en todas partes, impulsada por los m\u00f3viles, el social media y la nube. La gente ya no se sorprende por encontrar Wi-Fi en un sitio p\u00fablico. Al contrario, la ausencia de Wi-Fi se hace irritante para todos. Sin embargo, hace 10 a\u00f1os, la idea de estar siempre conectados, sobre todo tener acceso a grandes cantidades y casi ilimitadas de informaci\u00f3n, parec\u00eda imposible.<\/p>\n<p>A pesar de que los consumidores est\u00e1n familiarizados con la tecnolog\u00eda, no quieren entender los pormenores de c\u00f3mo funciona. La facilidad de uso es la prioridad del consumidor. Cualquiera que sea el \u00e1mbito, para que la tecnolog\u00eda sea ampliamente adoptada, tiene que ser f\u00e1cil de usar y presentar ventajas considerables. Esta idea tambi\u00e9n sirve para la protecci\u00f3n de datos y el uso de la nube. Los usuarios no quieren pensar en los peligros que pueden sufrir sus datos o los procesos para mantenerlos fuera de riesgo. Dispositivos m\u00f3viles robados, pirateados, borrados accidentales o incluso fallos de hardware. Los potenciales problemas son numerosos.<\/p>\n<p>Por eso, en lo que va de a\u00f1o, los profesionales del sector TIC estamos intentando acelerar la adopci\u00f3n de la tecnolog\u00eda cloud, de este modo se simplificar\u00e1 el uso de las soluciones de protecci\u00f3n de datos. Por ejemplo, en la compra de un nuevo dispositivo o el cambio de sistema operativo, las m\u00e1quinas ofrecer\u00e1n autom\u00e1ticamente un centro de backup en la nube para los datos involucrados. Al mismo tiempo, ya no se necesitan programar copias de seguridad regulares, \u00e9sta se llevar\u00e1 a cabo de forma autom\u00e1tica en funci\u00f3n de las necesidades.<\/p>\n<p>2- Una mayor cantidad de datos con necesidad de automatizaci\u00f3n<br \/>\nLa cantidad de datos que se genera est\u00e1 en constante crecimiento. Mayor calidad en las c\u00e1maras de fotos, accesorios conectados para el uso en el hogar y los dispositivos port\u00e1tiles son los responsables de la generaci\u00f3n de este gran volumen de datos que aumenta cada d\u00eda m\u00e1s. Adem\u00e1s, la adopci\u00f3n del 4G y una mayor producci\u00f3n de internet m\u00f3vil a nivel global est\u00e1n impulsando crear m\u00e1s contenidos, ya que ahora se pueden compartir al instante. La facilidad para estar en l\u00ednea tambi\u00e9n lleva a los usuarios a buscar soluciones de protecci\u00f3n de datos.<\/p>\n<p>3- Dispositivos personales y profesionales: una divisi\u00f3n difusa<br \/>\nLos smartphones y tablets est\u00e1n modificando poco a poco nuestros h\u00e1bitos profesionales, permitiendo que tengamos m\u00e1s movilidad y seamos m\u00e1s proactivos. El incremento del teletrabajo acentuar\u00e1 este fen\u00f3meno durante 2016. Es el resultado de esa difusa l\u00ednea entre dispositivos personales y profesionales: un n\u00famero creciente de trabajadores utilizan sus m\u00f3viles y port\u00e1tiles personales para gestionar los archivos de manera m\u00e1s f\u00e1cil. De esta manera, los datos relativos a la compa\u00f1\u00eda se almacenan en dispositivos personales.<\/p>\n<p>Esto representa un gran peligro para las compa\u00f1\u00edas en las que la mayor\u00eda de empleados no se toma el tiempo necesario para proteger los datos o utilizan aplicaciones poco seguras o no autorizadas. Los equipos de IT deben, por lo tanto, estar en el proceso de monitorizaci\u00f3n de datos relacionados con la actividad profesional y los trabajadores m\u00f3viles en cualquier momento e independientemente de d\u00f3nde se almacenen esos datos.<\/p>\n<p>Con este proceso de seguimiento, ellos pueden proteger el acceso a los documentos -y almacenamiento, copia de seguridad y modificaci\u00f3n de datos- asegurando que la gesti\u00f3n est\u00e1 alineada con la pol\u00edtica de seguridad de la empresa. El desaf\u00edo para los equipos IT en 2016 es ser capaces de ofrecer este nivel de examen y seguridad mientras garantizan una experiencia r\u00e1pida y sencilla a fin de no obstaculizar la productividad de los empleados.<\/p>\n<p>4- Nube: La adopci\u00f3n sigue siendo desigual en funci\u00f3n del pa\u00eds y la edad<br \/>\nSi la soluci\u00f3n cloud es hoy en d\u00eda una idea democratizada, su adopci\u00f3n sigue siendo desigual y se puede comprobar en t\u00e9rminos de diferencias geogr\u00e1ficas y generacionales. Desde un punto de vista geogr\u00e1fico, pa\u00edses como Estados Unidos, Reino Unido y Australia, fueron precursores en cuanto a la revoluci\u00f3n de la nube. Los usuarios de estos pa\u00edses est\u00e1n acostumbrados a esta tecnolog\u00eda, y ya han se han tomado su tiempo para aclimatarse y superar los miedos. La adopci\u00f3n de cloud es, por lo tanto, m\u00e1s avanzada all\u00ed.<\/p>\n<p>En Europa, la idea de una \u201cnube IT\u201d es m\u00e1s reciente y el t\u00e9rmino a\u00fan levanta suspicacias. Adem\u00e1s, culturalmente, los pa\u00edses europeos se caracterizan por tener una gran preocupaci\u00f3n por la protecci\u00f3n de su privacidad. El sistema cloud, aunque es visto como interesante, a\u00fan no ha encontrado su lugar en el mercado europeo.<\/p>\n<p>Este aspecto caracteriza el mercado global y lo que se est\u00e1 ofreciendo, por lo que algunos proveedores de diferentes nacionalidades est\u00e1n estableciendo centros de datos en varios continentes para permitir a los clientes decidir d\u00f3nde quieren almacenarlos.<\/p>\n<p>La edad tambi\u00e9n juega un papel importante. Las generaciones m\u00e1s j\u00f3venes han nacido- o crecido- conociendo Internet y muchas otras innovaciones que han surgido de ello. Los j\u00f3venes tienen mayor predisposici\u00f3n para adoptar nuevas soluciones. Por otro lado, la gente m\u00e1s mayor se ha familiarizado con Internet siendo adultos, lo que los hace m\u00e1s desconfiados con las nuevas tecnolog\u00edas.<\/p>\n<p>Para conseguir que la nube vaya ganando reconocimiento de manera gradual, todos los actores del mercado deben participar en el mismo discurso, con el fin de dar prioridad a los problemas de seguridad, y la noci\u00f3n de la naturaleza privada de datos. En realidad, la necesidad de la encriptaci\u00f3n de archivos debe ser enfatizada en los pr\u00f3ximos meses. Los datos encriptados est\u00e1n protegidos de principio a fin, y nadie tiene la clave para desencriptarlos.<\/p>\n<p>Por otra parte, la posibilidad de permitir que cada consumidor pueda elegir el centro de datos donde se alojar\u00e1n sus archivos es un importante triunfo para los mercados m\u00e1s recelosos. Los europeos pueden, de esta manera, decidir que sus datos se mantengan en su continente a fin de no estar sujetos a la legislaci\u00f3n de otros pa\u00edses. Estos dos elementos deben hacer avanzar el mercado cloud a lo largo de este 2016 y generar mayor aceptaci\u00f3n.<\/p>\n<p><strong>Sobre Acronis<\/strong><\/p>\n<p>Acronis ha establecido el est\u00e1ndar en la protecci\u00f3n de datos h\u00edbrida y cloud para la Nueva Generaci\u00f3n de Protecci\u00f3n de Datos a trav\u00e9s de sus soluciones de recuperaci\u00f3n, copias de seguridad y de acceso seguro. Impulsado por la tecnolog\u00eda Acronis AnyData Engine y diferenciada por su tecnolog\u00eda de imagen, Acronis ofrece copias de seguridad completas y seguras de todos los archivos, aplicaciones y sistemas operativos a trav\u00e9s de cualquier entorno \u2013virtual, f\u00edsico, cloud y m\u00f3vil.<\/p>\n<p>Fundado en 2003, Acronis protege los datos de unos 5 millones de usuarios y de 500.000 empresas en unos 145 pa\u00edses. Con sus m\u00e1s de 100 patentes, los productos de Acronis han sido nombrados los mejores productos del a\u00f1o y cubren una gran variedad de funciones, incluyendo migraci\u00f3n, clonaci\u00f3n y replicaci\u00f3n.<\/p>\n","protected":false},"excerpt":{"rendered":"<p>La tecnolog\u00eda nunca deja de innovar y cada d\u00eda est\u00e1 m\u00e1s implicada en nuestra vida diaria. Objetos conectados, dispositivos m\u00f3viles inteligentes, aplicaciones creativas y de gran utilidad, c\u00e1maras cada vez m\u00e1s potentes\u2026 La innovaci\u00f3n sigue manteniendo el ritmo y nosotros estamos cambiando gradualmente nuestro comportamiento, tanto en el trabajo como en nuestro tiempo libre, a [&hellip;]<\/p>\n","protected":false},"author":1,"featured_media":861196,"comment_status":"closed","ping_status":"closed","sticky":false,"template":"","format":"standard","meta":{"footnotes":""},"categories":[50],"tags":[],"class_list":["post-861195","post","type-post","status-publish","format-standard","has-post-thumbnail","hentry","category-revista-de-ocio"],"aioseo_notices":[],"aioseo_head":"\n\t\t<!-- All in One SEO Pro 4.9.6.2 - aioseo.com -->\n\t<meta name=\"description\" content=\"La tecnolog\u00eda nunca deja de innovar y cada d\u00eda est\u00e1 m\u00e1s implicada en nuestra vida diaria. Objetos conectados, dispositivos m\u00f3viles inteligentes, aplicaciones creativas y de gran utilidad, c\u00e1maras cada vez m\u00e1s potentes\u2026 La innovaci\u00f3n sigue manteniendo el ritmo y nosotros estamos cambiando gradualmente nuestro comportamiento, tanto en el trabajo como en nuestro tiempo libre, a\" \/>\n\t<meta name=\"robots\" content=\"max-image-preview:large\" \/>\n\t<meta name=\"author\" content=\"El Digital de Asturias\"\/>\n\t<meta name=\"google-site-verification\" content=\"UA-38556648-1\" \/>\n\t<meta name=\"msvalidate.01\" content=\"7dfe9f3f1b24437ab69f4f2559babe99\" \/>\n\t<meta name=\"keywords\" content=\"revista de ocio\" \/>\n\t<link rel=\"canonical\" href=\"https:\/\/www.eldigitaldeasturias.com\/noticias\/tecnologia-it-de-cara-al-futuro-cuatro-tendencias-que-estan-marcando-el-2016\/\" \/>\n\t<meta name=\"generator\" content=\"All in One SEO Pro (AIOSEO) 4.9.6.2\" \/>\n\t\t<meta property=\"og:locale\" content=\"es_ES\" \/>\n\t\t<meta property=\"og:site_name\" content=\"El Digital de Asturias\" \/>\n\t\t<meta property=\"og:type\" content=\"article\" \/>\n\t\t<meta property=\"og:title\" content=\"Tecnolog\u00eda IT de cara al futuro: cuatro tendencias que est\u00e1n marcando el 2016 - El Digital de Asturias\" \/>\n\t\t<meta property=\"og:description\" content=\"La tecnolog\u00eda nunca deja de innovar y cada d\u00eda est\u00e1 m\u00e1s implicada en nuestra vida diaria. Objetos conectados, dispositivos m\u00f3viles inteligentes, aplicaciones creativas y de gran utilidad, c\u00e1maras cada vez m\u00e1s potentes\u2026 La innovaci\u00f3n sigue manteniendo el ritmo y nosotros estamos cambiando gradualmente nuestro comportamiento, tanto en el trabajo como en nuestro tiempo libre, a\" \/>\n\t\t<meta property=\"og:url\" content=\"https:\/\/www.eldigitaldeasturias.com\/noticias\/tecnologia-it-de-cara-al-futuro-cuatro-tendencias-que-estan-marcando-el-2016\/\" \/>\n\t\t<meta property=\"og:image\" content=\"https:\/\/www.eldigitaldeasturias.com\/noticias\/wp-content\/uploads\/2016\/02\/1455873973_Daniel_Model.jpg\" \/>\n\t\t<meta property=\"og:image:secure_url\" content=\"https:\/\/www.eldigitaldeasturias.com\/noticias\/wp-content\/uploads\/2016\/02\/1455873973_Daniel_Model.jpg\" \/>\n\t\t<meta property=\"og:image:width\" content=\"591\" \/>\n\t\t<meta property=\"og:image:height\" content=\"890\" \/>\n\t\t<meta property=\"article:tag\" content=\"revista de ocio\" \/>\n\t\t<meta property=\"article:published_time\" content=\"2016-02-23T05:58:42+00:00\" \/>\n\t\t<meta property=\"article:modified_time\" content=\"2016-02-23T05:58:42+00:00\" \/>\n\t\t<meta property=\"article:publisher\" content=\"https:\/\/facebook.com\/eldigitaldeasturias\" \/>\n\t\t<meta name=\"twitter:card\" content=\"summary_large_image\" \/>\n\t\t<meta name=\"twitter:title\" content=\"Tecnolog\u00eda IT de cara al futuro: cuatro tendencias que est\u00e1n marcando el 2016 - El Digital de Asturias\" \/>\n\t\t<meta name=\"twitter:description\" content=\"La tecnolog\u00eda nunca deja de innovar y cada d\u00eda est\u00e1 m\u00e1s implicada en nuestra vida diaria. Objetos conectados, dispositivos m\u00f3viles inteligentes, aplicaciones creativas y de gran utilidad, c\u00e1maras cada vez m\u00e1s potentes\u2026 La innovaci\u00f3n sigue manteniendo el ritmo y nosotros estamos cambiando gradualmente nuestro comportamiento, tanto en el trabajo como en nuestro tiempo libre, a\" \/>\n\t\t<meta name=\"twitter:image\" content=\"https:\/\/www.eldigitaldeasturias.com\/noticias\/wp-content\/uploads\/2016\/02\/1455873973_Daniel_Model.jpg\" \/>\n\t\t<meta name=\"twitter:label1\" content=\"Escrito por\" \/>\n\t\t<meta name=\"twitter:data1\" content=\"El Digital de Asturias\" \/>\n\t\t<meta name=\"twitter:label2\" content=\"Tiempo de lectura estimado\" \/>\n\t\t<meta name=\"twitter:data2\" content=\"7 minutos\" \/>\n\t\t<script type=\"application\/ld+json\" class=\"aioseo-schema\">\n\t\t\t{\"@context\":\"https:\\\/\\\/schema.org\",\"@graph\":[{\"@type\":\"BlogPosting\",\"@id\":\"https:\\\/\\\/www.eldigitaldeasturias.com\\\/noticias\\\/tecnologia-it-de-cara-al-futuro-cuatro-tendencias-que-estan-marcando-el-2016\\\/#blogposting\",\"name\":\"Tecnolog\\u00eda IT de cara al futuro: cuatro tendencias que est\\u00e1n marcando el 2016 - El Digital de Asturias\",\"headline\":\"Tecnolog\\u00eda IT de cara al futuro: cuatro tendencias que est\\u00e1n marcando el 2016\",\"author\":{\"@id\":\"https:\\\/\\\/www.eldigitaldeasturias.com\\\/noticias\\\/author\\\/admin\\\/#author\"},\"publisher\":{\"@id\":\"https:\\\/\\\/www.eldigitaldeasturias.com\\\/noticias\\\/#organization\"},\"image\":{\"@type\":\"ImageObject\",\"url\":\"https:\\\/\\\/www.eldigitaldeasturias.com\\\/noticias\\\/wp-content\\\/uploads\\\/2016\\\/02\\\/1455873973_Daniel_Model.jpg\",\"width\":591,\"height\":890},\"datePublished\":\"2016-02-23T05:58:42+01:00\",\"dateModified\":\"2016-02-23T05:58:42+01:00\",\"inLanguage\":\"es-ES\",\"mainEntityOfPage\":{\"@id\":\"https:\\\/\\\/www.eldigitaldeasturias.com\\\/noticias\\\/tecnologia-it-de-cara-al-futuro-cuatro-tendencias-que-estan-marcando-el-2016\\\/#webpage\"},\"isPartOf\":{\"@id\":\"https:\\\/\\\/www.eldigitaldeasturias.com\\\/noticias\\\/tecnologia-it-de-cara-al-futuro-cuatro-tendencias-que-estan-marcando-el-2016\\\/#webpage\"},\"articleSection\":\"Revista de Ocio\"},{\"@type\":\"BreadcrumbList\",\"@id\":\"https:\\\/\\\/www.eldigitaldeasturias.com\\\/noticias\\\/tecnologia-it-de-cara-al-futuro-cuatro-tendencias-que-estan-marcando-el-2016\\\/#breadcrumblist\",\"itemListElement\":[{\"@type\":\"ListItem\",\"@id\":\"https:\\\/\\\/www.eldigitaldeasturias.com\\\/noticias#listItem\",\"position\":1,\"name\":\"Home\",\"item\":\"https:\\\/\\\/www.eldigitaldeasturias.com\\\/noticias\",\"nextItem\":{\"@type\":\"ListItem\",\"@id\":\"https:\\\/\\\/www.eldigitaldeasturias.com\\\/noticias\\\/category\\\/revista-de-ocio\\\/#listItem\",\"name\":\"Revista de Ocio\"}},{\"@type\":\"ListItem\",\"@id\":\"https:\\\/\\\/www.eldigitaldeasturias.com\\\/noticias\\\/category\\\/revista-de-ocio\\\/#listItem\",\"position\":2,\"name\":\"Revista de Ocio\",\"item\":\"https:\\\/\\\/www.eldigitaldeasturias.com\\\/noticias\\\/category\\\/revista-de-ocio\\\/\",\"nextItem\":{\"@type\":\"ListItem\",\"@id\":\"https:\\\/\\\/www.eldigitaldeasturias.com\\\/noticias\\\/tecnologia-it-de-cara-al-futuro-cuatro-tendencias-que-estan-marcando-el-2016\\\/#listItem\",\"name\":\"Tecnolog\\u00eda IT de cara al futuro: cuatro tendencias que est\\u00e1n marcando el 2016\"},\"previousItem\":{\"@type\":\"ListItem\",\"@id\":\"https:\\\/\\\/www.eldigitaldeasturias.com\\\/noticias#listItem\",\"name\":\"Home\"}},{\"@type\":\"ListItem\",\"@id\":\"https:\\\/\\\/www.eldigitaldeasturias.com\\\/noticias\\\/tecnologia-it-de-cara-al-futuro-cuatro-tendencias-que-estan-marcando-el-2016\\\/#listItem\",\"position\":3,\"name\":\"Tecnolog\\u00eda IT de cara al futuro: cuatro tendencias que est\\u00e1n marcando el 2016\",\"previousItem\":{\"@type\":\"ListItem\",\"@id\":\"https:\\\/\\\/www.eldigitaldeasturias.com\\\/noticias\\\/category\\\/revista-de-ocio\\\/#listItem\",\"name\":\"Revista de Ocio\"}}]},{\"@type\":\"Organization\",\"@id\":\"https:\\\/\\\/www.eldigitaldeasturias.com\\\/noticias\\\/#organization\",\"name\":\"El Digital de Asturias\",\"description\":\"Hemeroteca\",\"url\":\"https:\\\/\\\/www.eldigitaldeasturias.com\\\/noticias\\\/\",\"email\":\"info@eldigitaldeasturias.com\",\"telephone\":\"+34652131393\",\"logo\":{\"@type\":\"ImageObject\",\"url\":\"https:\\\/\\\/www.eldigitaldeasturias.com\\\/noticias\\\/wp-content\\\/uploads\\\/2020\\\/12\\\/EDA.jpg\",\"@id\":\"https:\\\/\\\/www.eldigitaldeasturias.com\\\/noticias\\\/tecnologia-it-de-cara-al-futuro-cuatro-tendencias-que-estan-marcando-el-2016\\\/#organizationLogo\",\"width\":649,\"height\":297},\"image\":{\"@id\":\"https:\\\/\\\/www.eldigitaldeasturias.com\\\/noticias\\\/tecnologia-it-de-cara-al-futuro-cuatro-tendencias-que-estan-marcando-el-2016\\\/#organizationLogo\"},\"sameAs\":[\"https:\\\/\\\/facebook.com\\\/eldigitaldeasturias\",\"https:\\\/\\\/www.youtube.com\\\/channel\\\/UCZP-2wLEB9Rv6erhFmqVnvg\"],\"address\":{\"@id\":\"https:\\\/\\\/www.eldigitaldeasturias.com\\\/noticias\\\/#postaladdress\",\"@type\":\"PostalAddress\",\"streetAddress\":\"san antonio 4,\",\"postalCode\":\"33430\",\"addressLocality\":\"Cand\\u00e1s\",\"addressRegion\":\"Asturias\",\"addressCountry\":\"ES\"}},{\"@type\":\"Person\",\"@id\":\"https:\\\/\\\/www.eldigitaldeasturias.com\\\/noticias\\\/author\\\/admin\\\/#author\",\"url\":\"https:\\\/\\\/www.eldigitaldeasturias.com\\\/noticias\\\/author\\\/admin\\\/\",\"name\":\"El Digital de Asturias\",\"image\":{\"@type\":\"ImageObject\",\"@id\":\"https:\\\/\\\/www.eldigitaldeasturias.com\\\/noticias\\\/tecnologia-it-de-cara-al-futuro-cuatro-tendencias-que-estan-marcando-el-2016\\\/#authorImage\",\"url\":\"https:\\\/\\\/www.eldigitaldeasturias.com\\\/noticias\\\/wp-content\\\/litespeed\\\/avatar\\\/18677e78aa0546b92d9dbf31ec7d7668.jpg?ver=1777290358\",\"width\":96,\"height\":96,\"caption\":\"El Digital de Asturias\"}},{\"@type\":\"WebPage\",\"@id\":\"https:\\\/\\\/www.eldigitaldeasturias.com\\\/noticias\\\/tecnologia-it-de-cara-al-futuro-cuatro-tendencias-que-estan-marcando-el-2016\\\/#webpage\",\"url\":\"https:\\\/\\\/www.eldigitaldeasturias.com\\\/noticias\\\/tecnologia-it-de-cara-al-futuro-cuatro-tendencias-que-estan-marcando-el-2016\\\/\",\"name\":\"Tecnolog\\u00eda IT de cara al futuro: cuatro tendencias que est\\u00e1n marcando el 2016 - El Digital de Asturias\",\"description\":\"La tecnolog\\u00eda nunca deja de innovar y cada d\\u00eda est\\u00e1 m\\u00e1s implicada en nuestra vida diaria. Objetos conectados, dispositivos m\\u00f3viles inteligentes, aplicaciones creativas y de gran utilidad, c\\u00e1maras cada vez m\\u00e1s potentes\\u2026 La innovaci\\u00f3n sigue manteniendo el ritmo y nosotros estamos cambiando gradualmente nuestro comportamiento, tanto en el trabajo como en nuestro tiempo libre, a\",\"inLanguage\":\"es-ES\",\"isPartOf\":{\"@id\":\"https:\\\/\\\/www.eldigitaldeasturias.com\\\/noticias\\\/#website\"},\"breadcrumb\":{\"@id\":\"https:\\\/\\\/www.eldigitaldeasturias.com\\\/noticias\\\/tecnologia-it-de-cara-al-futuro-cuatro-tendencias-que-estan-marcando-el-2016\\\/#breadcrumblist\"},\"author\":{\"@id\":\"https:\\\/\\\/www.eldigitaldeasturias.com\\\/noticias\\\/author\\\/admin\\\/#author\"},\"creator\":{\"@id\":\"https:\\\/\\\/www.eldigitaldeasturias.com\\\/noticias\\\/author\\\/admin\\\/#author\"},\"image\":{\"@type\":\"ImageObject\",\"url\":\"https:\\\/\\\/www.eldigitaldeasturias.com\\\/noticias\\\/wp-content\\\/uploads\\\/2016\\\/02\\\/1455873973_Daniel_Model.jpg\",\"@id\":\"https:\\\/\\\/www.eldigitaldeasturias.com\\\/noticias\\\/tecnologia-it-de-cara-al-futuro-cuatro-tendencias-que-estan-marcando-el-2016\\\/#mainImage\",\"width\":591,\"height\":890},\"primaryImageOfPage\":{\"@id\":\"https:\\\/\\\/www.eldigitaldeasturias.com\\\/noticias\\\/tecnologia-it-de-cara-al-futuro-cuatro-tendencias-que-estan-marcando-el-2016\\\/#mainImage\"},\"datePublished\":\"2016-02-23T05:58:42+01:00\",\"dateModified\":\"2016-02-23T05:58:42+01:00\"},{\"@type\":\"WebSite\",\"@id\":\"https:\\\/\\\/www.eldigitaldeasturias.com\\\/noticias\\\/#website\",\"url\":\"https:\\\/\\\/www.eldigitaldeasturias.com\\\/noticias\\\/\",\"name\":\"El Digital de Asturias - Diario de actualidad y noticias\",\"alternateName\":\"El Digital de Asturias - Diario de actualidad y noticias\",\"description\":\"Hemeroteca\",\"inLanguage\":\"es-ES\",\"publisher\":{\"@id\":\"https:\\\/\\\/www.eldigitaldeasturias.com\\\/noticias\\\/#organization\"}}]}\n\t\t<\/script>\n\t\t<!-- All in One SEO Pro -->\r\n\t\t<title>Tecnolog\u00eda IT de cara al futuro: cuatro tendencias que est\u00e1n marcando el 2016 - El Digital de Asturias<\/title>\n\n","aioseo_head_json":{"title":"Tecnolog\u00eda IT de cara al futuro: cuatro tendencias que est\u00e1n marcando el 2016 - El Digital de Asturias","description":"La tecnolog\u00eda nunca deja de innovar y cada d\u00eda est\u00e1 m\u00e1s implicada en nuestra vida diaria. Objetos conectados, dispositivos m\u00f3viles inteligentes, aplicaciones creativas y de gran utilidad, c\u00e1maras cada vez m\u00e1s potentes\u2026 La innovaci\u00f3n sigue manteniendo el ritmo y nosotros estamos cambiando gradualmente nuestro comportamiento, tanto en el trabajo como en nuestro tiempo libre, a","canonical_url":"https:\/\/www.eldigitaldeasturias.com\/noticias\/tecnologia-it-de-cara-al-futuro-cuatro-tendencias-que-estan-marcando-el-2016\/","robots":"max-image-preview:large","keywords":"revista de ocio","webmasterTools":{"google-site-verification":"UA-38556648-1","msvalidate.01":"7dfe9f3f1b24437ab69f4f2559babe99","miscellaneous":""},"schema":{"@context":"https:\/\/schema.org","@graph":[{"@type":"BlogPosting","@id":"https:\/\/www.eldigitaldeasturias.com\/noticias\/tecnologia-it-de-cara-al-futuro-cuatro-tendencias-que-estan-marcando-el-2016\/#blogposting","name":"Tecnolog\u00eda IT de cara al futuro: cuatro tendencias que est\u00e1n marcando el 2016 - El Digital de Asturias","headline":"Tecnolog\u00eda IT de cara al futuro: cuatro tendencias que est\u00e1n marcando el 2016","author":{"@id":"https:\/\/www.eldigitaldeasturias.com\/noticias\/author\/admin\/#author"},"publisher":{"@id":"https:\/\/www.eldigitaldeasturias.com\/noticias\/#organization"},"image":{"@type":"ImageObject","url":"https:\/\/www.eldigitaldeasturias.com\/noticias\/wp-content\/uploads\/2016\/02\/1455873973_Daniel_Model.jpg","width":591,"height":890},"datePublished":"2016-02-23T05:58:42+01:00","dateModified":"2016-02-23T05:58:42+01:00","inLanguage":"es-ES","mainEntityOfPage":{"@id":"https:\/\/www.eldigitaldeasturias.com\/noticias\/tecnologia-it-de-cara-al-futuro-cuatro-tendencias-que-estan-marcando-el-2016\/#webpage"},"isPartOf":{"@id":"https:\/\/www.eldigitaldeasturias.com\/noticias\/tecnologia-it-de-cara-al-futuro-cuatro-tendencias-que-estan-marcando-el-2016\/#webpage"},"articleSection":"Revista de Ocio"},{"@type":"BreadcrumbList","@id":"https:\/\/www.eldigitaldeasturias.com\/noticias\/tecnologia-it-de-cara-al-futuro-cuatro-tendencias-que-estan-marcando-el-2016\/#breadcrumblist","itemListElement":[{"@type":"ListItem","@id":"https:\/\/www.eldigitaldeasturias.com\/noticias#listItem","position":1,"name":"Home","item":"https:\/\/www.eldigitaldeasturias.com\/noticias","nextItem":{"@type":"ListItem","@id":"https:\/\/www.eldigitaldeasturias.com\/noticias\/category\/revista-de-ocio\/#listItem","name":"Revista de Ocio"}},{"@type":"ListItem","@id":"https:\/\/www.eldigitaldeasturias.com\/noticias\/category\/revista-de-ocio\/#listItem","position":2,"name":"Revista de Ocio","item":"https:\/\/www.eldigitaldeasturias.com\/noticias\/category\/revista-de-ocio\/","nextItem":{"@type":"ListItem","@id":"https:\/\/www.eldigitaldeasturias.com\/noticias\/tecnologia-it-de-cara-al-futuro-cuatro-tendencias-que-estan-marcando-el-2016\/#listItem","name":"Tecnolog\u00eda IT de cara al futuro: cuatro tendencias que est\u00e1n marcando el 2016"},"previousItem":{"@type":"ListItem","@id":"https:\/\/www.eldigitaldeasturias.com\/noticias#listItem","name":"Home"}},{"@type":"ListItem","@id":"https:\/\/www.eldigitaldeasturias.com\/noticias\/tecnologia-it-de-cara-al-futuro-cuatro-tendencias-que-estan-marcando-el-2016\/#listItem","position":3,"name":"Tecnolog\u00eda IT de cara al futuro: cuatro tendencias que est\u00e1n marcando el 2016","previousItem":{"@type":"ListItem","@id":"https:\/\/www.eldigitaldeasturias.com\/noticias\/category\/revista-de-ocio\/#listItem","name":"Revista de Ocio"}}]},{"@type":"Organization","@id":"https:\/\/www.eldigitaldeasturias.com\/noticias\/#organization","name":"El Digital de Asturias","description":"Hemeroteca","url":"https:\/\/www.eldigitaldeasturias.com\/noticias\/","email":"info@eldigitaldeasturias.com","telephone":"+34652131393","logo":{"@type":"ImageObject","url":"https:\/\/www.eldigitaldeasturias.com\/noticias\/wp-content\/uploads\/2020\/12\/EDA.jpg","@id":"https:\/\/www.eldigitaldeasturias.com\/noticias\/tecnologia-it-de-cara-al-futuro-cuatro-tendencias-que-estan-marcando-el-2016\/#organizationLogo","width":649,"height":297},"image":{"@id":"https:\/\/www.eldigitaldeasturias.com\/noticias\/tecnologia-it-de-cara-al-futuro-cuatro-tendencias-que-estan-marcando-el-2016\/#organizationLogo"},"sameAs":["https:\/\/facebook.com\/eldigitaldeasturias","https:\/\/www.youtube.com\/channel\/UCZP-2wLEB9Rv6erhFmqVnvg"],"address":{"@id":"https:\/\/www.eldigitaldeasturias.com\/noticias\/#postaladdress","@type":"PostalAddress","streetAddress":"san antonio 4,","postalCode":"33430","addressLocality":"Cand\u00e1s","addressRegion":"Asturias","addressCountry":"ES"}},{"@type":"Person","@id":"https:\/\/www.eldigitaldeasturias.com\/noticias\/author\/admin\/#author","url":"https:\/\/www.eldigitaldeasturias.com\/noticias\/author\/admin\/","name":"El Digital de Asturias","image":{"@type":"ImageObject","@id":"https:\/\/www.eldigitaldeasturias.com\/noticias\/tecnologia-it-de-cara-al-futuro-cuatro-tendencias-que-estan-marcando-el-2016\/#authorImage","url":"https:\/\/www.eldigitaldeasturias.com\/noticias\/wp-content\/litespeed\/avatar\/18677e78aa0546b92d9dbf31ec7d7668.jpg?ver=1777290358","width":96,"height":96,"caption":"El Digital de Asturias"}},{"@type":"WebPage","@id":"https:\/\/www.eldigitaldeasturias.com\/noticias\/tecnologia-it-de-cara-al-futuro-cuatro-tendencias-que-estan-marcando-el-2016\/#webpage","url":"https:\/\/www.eldigitaldeasturias.com\/noticias\/tecnologia-it-de-cara-al-futuro-cuatro-tendencias-que-estan-marcando-el-2016\/","name":"Tecnolog\u00eda IT de cara al futuro: cuatro tendencias que est\u00e1n marcando el 2016 - El Digital de Asturias","description":"La tecnolog\u00eda nunca deja de innovar y cada d\u00eda est\u00e1 m\u00e1s implicada en nuestra vida diaria. Objetos conectados, dispositivos m\u00f3viles inteligentes, aplicaciones creativas y de gran utilidad, c\u00e1maras cada vez m\u00e1s potentes\u2026 La innovaci\u00f3n sigue manteniendo el ritmo y nosotros estamos cambiando gradualmente nuestro comportamiento, tanto en el trabajo como en nuestro tiempo libre, a","inLanguage":"es-ES","isPartOf":{"@id":"https:\/\/www.eldigitaldeasturias.com\/noticias\/#website"},"breadcrumb":{"@id":"https:\/\/www.eldigitaldeasturias.com\/noticias\/tecnologia-it-de-cara-al-futuro-cuatro-tendencias-que-estan-marcando-el-2016\/#breadcrumblist"},"author":{"@id":"https:\/\/www.eldigitaldeasturias.com\/noticias\/author\/admin\/#author"},"creator":{"@id":"https:\/\/www.eldigitaldeasturias.com\/noticias\/author\/admin\/#author"},"image":{"@type":"ImageObject","url":"https:\/\/www.eldigitaldeasturias.com\/noticias\/wp-content\/uploads\/2016\/02\/1455873973_Daniel_Model.jpg","@id":"https:\/\/www.eldigitaldeasturias.com\/noticias\/tecnologia-it-de-cara-al-futuro-cuatro-tendencias-que-estan-marcando-el-2016\/#mainImage","width":591,"height":890},"primaryImageOfPage":{"@id":"https:\/\/www.eldigitaldeasturias.com\/noticias\/tecnologia-it-de-cara-al-futuro-cuatro-tendencias-que-estan-marcando-el-2016\/#mainImage"},"datePublished":"2016-02-23T05:58:42+01:00","dateModified":"2016-02-23T05:58:42+01:00"},{"@type":"WebSite","@id":"https:\/\/www.eldigitaldeasturias.com\/noticias\/#website","url":"https:\/\/www.eldigitaldeasturias.com\/noticias\/","name":"El Digital de Asturias - Diario de actualidad y noticias","alternateName":"El Digital de Asturias - Diario de actualidad y noticias","description":"Hemeroteca","inLanguage":"es-ES","publisher":{"@id":"https:\/\/www.eldigitaldeasturias.com\/noticias\/#organization"}}]},"og:locale":"es_ES","og:site_name":"El Digital de Asturias","og:type":"article","og:title":"Tecnolog\u00eda IT de cara al futuro: cuatro tendencias que est\u00e1n marcando el 2016 - El Digital de Asturias","og:description":"La tecnolog\u00eda nunca deja de innovar y cada d\u00eda est\u00e1 m\u00e1s implicada en nuestra vida diaria. Objetos conectados, dispositivos m\u00f3viles inteligentes, aplicaciones creativas y de gran utilidad, c\u00e1maras cada vez m\u00e1s potentes\u2026 La innovaci\u00f3n sigue manteniendo el ritmo y nosotros estamos cambiando gradualmente nuestro comportamiento, tanto en el trabajo como en nuestro tiempo libre, a","og:url":"https:\/\/www.eldigitaldeasturias.com\/noticias\/tecnologia-it-de-cara-al-futuro-cuatro-tendencias-que-estan-marcando-el-2016\/","og:image":"https:\/\/www.eldigitaldeasturias.com\/noticias\/wp-content\/uploads\/2016\/02\/1455873973_Daniel_Model.jpg","og:image:secure_url":"https:\/\/www.eldigitaldeasturias.com\/noticias\/wp-content\/uploads\/2016\/02\/1455873973_Daniel_Model.jpg","og:image:width":591,"og:image:height":890,"article:tag":["revista de ocio"],"article:published_time":"2016-02-23T05:58:42+00:00","article:modified_time":"2016-02-23T05:58:42+00:00","article:publisher":"https:\/\/facebook.com\/eldigitaldeasturias","twitter:card":"summary_large_image","twitter:title":"Tecnolog\u00eda IT de cara al futuro: cuatro tendencias que est\u00e1n marcando el 2016 - El Digital de Asturias","twitter:description":"La tecnolog\u00eda nunca deja de innovar y cada d\u00eda est\u00e1 m\u00e1s implicada en nuestra vida diaria. Objetos conectados, dispositivos m\u00f3viles inteligentes, aplicaciones creativas y de gran utilidad, c\u00e1maras cada vez m\u00e1s potentes\u2026 La innovaci\u00f3n sigue manteniendo el ritmo y nosotros estamos cambiando gradualmente nuestro comportamiento, tanto en el trabajo como en nuestro tiempo libre, a","twitter:image":"https:\/\/www.eldigitaldeasturias.com\/noticias\/wp-content\/uploads\/2016\/02\/1455873973_Daniel_Model.jpg","twitter:label1":"Escrito por","twitter:data1":"El Digital de Asturias","twitter:label2":"Tiempo de lectura estimado","twitter:data2":"7 minutos"},"aioseo_meta_data":{"post_id":"861195","title":null,"description":null,"keywords":null,"keyphrases":null,"primary_term":null,"canonical_url":null,"og_title":null,"og_description":null,"og_object_type":"default","og_image_type":"default","og_image_url":null,"og_image_width":null,"og_image_height":null,"og_image_custom_url":null,"og_image_custom_fields":null,"og_video":null,"og_custom_url":null,"og_article_section":null,"og_article_tags":null,"twitter_use_og":false,"twitter_card":"default","twitter_image_type":"default","twitter_image_url":null,"twitter_image_custom_url":null,"twitter_image_custom_fields":null,"twitter_title":null,"twitter_description":null,"schema":{"blockGraphs":[],"customGraphs":[],"default":{"data":{"Article":[],"Course":[],"Dataset":[],"FAQPage":[],"Movie":[],"Person":[],"Product":[],"ProductReview":[],"Car":[],"Recipe":[],"Service":[],"SoftwareApplication":[],"WebPage":[]},"graphName":"","isEnabled":true},"graphs":[],"defaultGraph":"","defaultPostTypeGraph":""},"schema_type":null,"schema_type_options":null,"pillar_content":false,"robots_default":true,"robots_noindex":false,"robots_noarchive":false,"robots_nosnippet":false,"robots_nofollow":false,"robots_noimageindex":false,"robots_noodp":false,"robots_notranslate":false,"robots_max_snippet":null,"robots_max_videopreview":null,"robots_max_imagepreview":"large","priority":null,"frequency":null,"local_seo":null,"seo_analyzer_scan_date":"2025-12-10 20:25:01","breadcrumb_settings":null,"limit_modified_date":false,"open_ai":null,"ai":null,"created":"2021-01-23 14:59:13","updated":"2025-12-10 20:25:01"},"aioseo_breadcrumb":"<div class=\"aioseo-breadcrumbs\"><span class=\"aioseo-breadcrumb\">\n\t<a href=\"https:\/\/www.eldigitaldeasturias.com\/noticias\" title=\"Home\">Home<\/a>\n<\/span><span class=\"aioseo-breadcrumb-separator\">\u2013<\/span><span class=\"aioseo-breadcrumb\">\n\t<a href=\"https:\/\/www.eldigitaldeasturias.com\/noticias\/category\/revista-de-ocio\/\" title=\"Revista de Ocio\">Revista de Ocio<\/a>\n<\/span><span class=\"aioseo-breadcrumb-separator\">\u2013<\/span><span class=\"aioseo-breadcrumb\">\n\t<a href=\"https:\/\/www.eldigitaldeasturias.com\/noticias\/tecnologia-it-de-cara-al-futuro-cuatro-tendencias-que-estan-marcando-el-2016\/\" title=\"Tecnolog\u00eda IT de cara al futuro: cuatro tendencias que est\u00e1n marcando el 2016\">Tecnolog\u00eda IT de cara al futuro: cuatro tendencias que est\u00e1n marcando el 2016<\/a>\n<\/span><\/div>","aioseo_breadcrumb_json":[{"label":"Home","link":"https:\/\/www.eldigitaldeasturias.com\/noticias"},{"label":"Revista de Ocio","link":"https:\/\/www.eldigitaldeasturias.com\/noticias\/category\/revista-de-ocio\/"},{"label":"Tecnolog\u00eda IT de cara al futuro: cuatro tendencias que est\u00e1n marcando el 2016","link":"https:\/\/www.eldigitaldeasturias.com\/noticias\/tecnologia-it-de-cara-al-futuro-cuatro-tendencias-que-estan-marcando-el-2016\/"}],"_links":{"self":[{"href":"https:\/\/www.eldigitaldeasturias.com\/noticias\/wp-json\/wp\/v2\/posts\/861195","targetHints":{"allow":["GET"]}}],"collection":[{"href":"https:\/\/www.eldigitaldeasturias.com\/noticias\/wp-json\/wp\/v2\/posts"}],"about":[{"href":"https:\/\/www.eldigitaldeasturias.com\/noticias\/wp-json\/wp\/v2\/types\/post"}],"author":[{"embeddable":true,"href":"https:\/\/www.eldigitaldeasturias.com\/noticias\/wp-json\/wp\/v2\/users\/1"}],"replies":[{"embeddable":true,"href":"https:\/\/www.eldigitaldeasturias.com\/noticias\/wp-json\/wp\/v2\/comments?post=861195"}],"version-history":[{"count":0,"href":"https:\/\/www.eldigitaldeasturias.com\/noticias\/wp-json\/wp\/v2\/posts\/861195\/revisions"}],"wp:featuredmedia":[{"embeddable":true,"href":"https:\/\/www.eldigitaldeasturias.com\/noticias\/wp-json\/wp\/v2\/media\/861196"}],"wp:attachment":[{"href":"https:\/\/www.eldigitaldeasturias.com\/noticias\/wp-json\/wp\/v2\/media?parent=861195"}],"wp:term":[{"taxonomy":"category","embeddable":true,"href":"https:\/\/www.eldigitaldeasturias.com\/noticias\/wp-json\/wp\/v2\/categories?post=861195"},{"taxonomy":"post_tag","embeddable":true,"href":"https:\/\/www.eldigitaldeasturias.com\/noticias\/wp-json\/wp\/v2\/tags?post=861195"}],"curies":[{"name":"wp","href":"https:\/\/api.w.org\/{rel}","templated":true}]}}