{"id":861189,"date":"2016-02-23T05:53:01","date_gmt":"2016-02-23T05:53:01","guid":{"rendered":"http:\/\/www.eldigitaldeasturias.com\/noticias\/?p=861189"},"modified":"2016-02-23T05:53:01","modified_gmt":"2016-02-23T05:53:01","slug":"esther-garcia-lopez-ha-presentado-este-fin-de-semana-yo-taba-elli","status":"publish","type":"post","link":"https:\/\/www.eldigitaldeasturias.com\/noticias\/esther-garcia-lopez-ha-presentado-este-fin-de-semana-yo-taba-elli\/","title":{"rendered":"Esther Garc\u00eda L\u00f3pez ha presentado este fin de semana &#8216;Yo taba ell\u00ed&#8217;"},"content":{"rendered":"<p><img loading=\"lazy\" decoding=\"async\" class=\"alignleft size-medium wp-image-861190\" src=\"https:\/\/www.eldigitaldeasturias.com\/noticias\/wp-content\/uploads\/2016\/02\/fotonoticia_20160222210326_800-360x270.jpg\" alt=\"fotonoticia_20160222210326_800\" width=\"360\" height=\"270\" srcset=\"https:\/\/www.eldigitaldeasturias.com\/noticias\/wp-content\/uploads\/2016\/02\/fotonoticia_20160222210326_800-360x270.jpg 360w, https:\/\/www.eldigitaldeasturias.com\/noticias\/wp-content\/uploads\/2016\/02\/fotonoticia_20160222210326_800-768x576.jpg 768w, https:\/\/www.eldigitaldeasturias.com\/noticias\/wp-content\/uploads\/2016\/02\/fotonoticia_20160222210326_800-650x488.jpg 650w, https:\/\/www.eldigitaldeasturias.com\/noticias\/wp-content\/uploads\/2016\/02\/fotonoticia_20160222210326_800-125x95.jpg 125w, https:\/\/www.eldigitaldeasturias.com\/noticias\/wp-content\/uploads\/2016\/02\/fotonoticia_20160222210326_800-100x75.jpg 100w, https:\/\/www.eldigitaldeasturias.com\/noticias\/wp-content\/uploads\/2016\/02\/fotonoticia_20160222210326_800.jpg 800w\" sizes=\"auto, (max-width: 360px) 100vw, 360px\" \/>La escritora Esther Garc\u00eda L\u00f3pez ha presentado este fin de semana &#8216;Yo taba ell\u00ed&#8217;, una recopilaci\u00f3n de cuentos de diferentes tem\u00e1ticas a los que une un mismo hilo: la presencia de la narradora en el lugar en el que transcurre la acci\u00f3n.<\/p>\n<p>Publicada con Trabe, L\u00f3pez utiliza en algunos el asturiano est\u00e1ndar y en otros la variante occidental, que es la lengua materna de la autora. Seg\u00fan la propia editorial, en aquellos relatos que retratan la vida en la Asturias rural, ya perdida pero que todav\u00eda se mantiene viva en la memoria de la que narra y de la gente del lugar, son los que alcanzan mayor profundidad psicol\u00f3gica y destreza descriptiva.<\/p>\n<p>Los relatos, de varias tem\u00e1ticas describen diferentes situaciones, tanto de la infancia de la autora, como de fiestas y actos sociales (tambi\u00e9n una velatorio). El tema de la muerte, y la diversi\u00f3n empa\u00f1ada por la soledad o la falta de seres queridos est\u00e1n bien presentes en las narraciones, as\u00ed como los amores y los desenga\u00f1os.<\/p>\n<p>Tambi\u00e9n tiene aspectos de realismo m\u00e1gico, adoptando el narrador el punto de vista de un vaso de sidra o una gaita.<\/p>\n<p>Mar\u00eda Esther Garc\u00eda L\u00f3pez (La Degol.lada, Vald\u00e9s), escritora en asturiano y castellano, tiene gran n\u00famero de obras publicadas de diferentes g\u00e9neros: did\u00e1cticas y pedag\u00f3gicas, etnogr\u00e1ficas y ling\u00fc\u00edsticas, libros de texto e infantiles. En su obra po\u00e9tica destacan los poemarios &#8216;L.luribaga&#8217; (2003), &#8216;Zamparrampa&#8217; (2004), &#8216;Tiempu d&#8217;iviernu&#8217; (2005), &#8216;Faraguyas&#8217; (Haikus) (2007) o &#8216;Pisadas&#8217; (2008).<\/p>\n<p>En narrativa destacan &#8216;El tatuaxe&#8217; (1998), &#8216;Historias de vida ya se\u00f1as de muerte&#8217; (2005) y &#8216;A la gueta l&#8217;amor&#8217; (2010). Todo este trabajo liberario le sirvi\u00f3 para conseguir varios premios, tanto en narrativa como en poes\u00eda.<\/p>\n","protected":false},"excerpt":{"rendered":"<p>La escritora Esther Garc\u00eda L\u00f3pez ha presentado este fin de semana &#8216;Yo taba ell\u00ed&#8217;, una recopilaci\u00f3n de cuentos de diferentes tem\u00e1ticas a los que une un mismo hilo: la presencia de la narradora en el lugar en el que transcurre la acci\u00f3n. Publicada con Trabe, L\u00f3pez utiliza en algunos el asturiano est\u00e1ndar y en otros [&hellip;]<\/p>\n","protected":false},"author":1,"featured_media":861190,"comment_status":"closed","ping_status":"closed","sticky":false,"template":"","format":"standard","meta":{"footnotes":""},"categories":[50],"tags":[],"class_list":["post-861189","post","type-post","status-publish","format-standard","has-post-thumbnail","hentry","category-revista-de-ocio"],"aioseo_notices":[],"aioseo_head":"\n\t\t<!-- All in One SEO Pro 4.9.6.2 - aioseo.com -->\n\t<meta name=\"description\" content=\"La escritora Esther Garc\u00eda L\u00f3pez ha presentado este fin de semana &#039;Yo taba ell\u00ed&#039;, una recopilaci\u00f3n de cuentos de diferentes tem\u00e1ticas a los que une un mismo hilo: la presencia de la narradora en el lugar en el que transcurre la acci\u00f3n. Publicada con Trabe, L\u00f3pez utiliza en algunos el asturiano est\u00e1ndar y en otros\" \/>\n\t<meta name=\"robots\" content=\"max-image-preview:large\" \/>\n\t<meta name=\"author\" content=\"El Digital de Asturias\"\/>\n\t<meta name=\"google-site-verification\" content=\"UA-38556648-1\" \/>\n\t<meta name=\"msvalidate.01\" content=\"7dfe9f3f1b24437ab69f4f2559babe99\" \/>\n\t<meta name=\"keywords\" content=\"revista de ocio\" \/>\n\t<link rel=\"canonical\" href=\"https:\/\/www.eldigitaldeasturias.com\/noticias\/esther-garcia-lopez-ha-presentado-este-fin-de-semana-yo-taba-elli\/\" \/>\n\t<meta name=\"generator\" content=\"All in One SEO Pro (AIOSEO) 4.9.6.2\" \/>\n\t\t<meta property=\"og:locale\" content=\"es_ES\" \/>\n\t\t<meta property=\"og:site_name\" content=\"El Digital de Asturias\" \/>\n\t\t<meta property=\"og:type\" content=\"article\" \/>\n\t\t<meta property=\"og:title\" content=\"Esther Garc\u00eda L\u00f3pez ha presentado este fin de semana \u2018Yo taba ell\u00ed\u2019 - El Digital de Asturias\" \/>\n\t\t<meta property=\"og:description\" content=\"La escritora Esther Garc\u00eda L\u00f3pez ha presentado este fin de semana &#039;Yo taba ell\u00ed&#039;, una recopilaci\u00f3n de cuentos de diferentes tem\u00e1ticas a los que une un mismo hilo: la presencia de la narradora en el lugar en el que transcurre la acci\u00f3n. Publicada con Trabe, L\u00f3pez utiliza en algunos el asturiano est\u00e1ndar y en otros\" \/>\n\t\t<meta property=\"og:url\" content=\"https:\/\/www.eldigitaldeasturias.com\/noticias\/esther-garcia-lopez-ha-presentado-este-fin-de-semana-yo-taba-elli\/\" \/>\n\t\t<meta property=\"og:image\" content=\"https:\/\/www.eldigitaldeasturias.com\/noticias\/wp-content\/uploads\/2016\/02\/fotonoticia_20160222210326_800.jpg\" \/>\n\t\t<meta property=\"og:image:secure_url\" content=\"https:\/\/www.eldigitaldeasturias.com\/noticias\/wp-content\/uploads\/2016\/02\/fotonoticia_20160222210326_800.jpg\" \/>\n\t\t<meta property=\"og:image:width\" content=\"800\" \/>\n\t\t<meta property=\"og:image:height\" content=\"600\" \/>\n\t\t<meta property=\"article:tag\" content=\"revista de ocio\" \/>\n\t\t<meta property=\"article:published_time\" content=\"2016-02-23T05:53:01+00:00\" \/>\n\t\t<meta property=\"article:modified_time\" content=\"2016-02-23T05:53:01+00:00\" \/>\n\t\t<meta property=\"article:publisher\" content=\"https:\/\/facebook.com\/eldigitaldeasturias\" \/>\n\t\t<meta name=\"twitter:card\" content=\"summary_large_image\" \/>\n\t\t<meta name=\"twitter:title\" content=\"Esther Garc\u00eda L\u00f3pez ha presentado este fin de semana \u2018Yo taba ell\u00ed\u2019 - El Digital de Asturias\" \/>\n\t\t<meta name=\"twitter:description\" content=\"La escritora Esther Garc\u00eda L\u00f3pez ha presentado este fin de semana &#039;Yo taba ell\u00ed&#039;, una recopilaci\u00f3n de cuentos de diferentes tem\u00e1ticas a los que une un mismo hilo: la presencia de la narradora en el lugar en el que transcurre la acci\u00f3n. Publicada con Trabe, L\u00f3pez utiliza en algunos el asturiano est\u00e1ndar y en otros\" \/>\n\t\t<meta name=\"twitter:image\" content=\"https:\/\/www.eldigitaldeasturias.com\/noticias\/wp-content\/uploads\/2016\/02\/fotonoticia_20160222210326_800.jpg\" \/>\n\t\t<meta name=\"twitter:label1\" content=\"Escrito por\" \/>\n\t\t<meta name=\"twitter:data1\" content=\"El Digital de Asturias\" \/>\n\t\t<meta name=\"twitter:label2\" content=\"Tiempo de lectura estimado\" \/>\n\t\t<meta name=\"twitter:data2\" content=\"2 minutos\" \/>\n\t\t<script type=\"application\/ld+json\" class=\"aioseo-schema\">\n\t\t\t{\"@context\":\"https:\\\/\\\/schema.org\",\"@graph\":[{\"@type\":\"BlogPosting\",\"@id\":\"https:\\\/\\\/www.eldigitaldeasturias.com\\\/noticias\\\/esther-garcia-lopez-ha-presentado-este-fin-de-semana-yo-taba-elli\\\/#blogposting\",\"name\":\"Esther Garc\\u00eda L\\u00f3pez ha presentado este fin de semana \\u2018Yo taba ell\\u00ed\\u2019 - El Digital de Asturias\",\"headline\":\"Esther Garc\\u00eda L\\u00f3pez ha presentado este fin de semana &#8216;Yo taba ell\\u00ed&#8217;\",\"author\":{\"@id\":\"https:\\\/\\\/www.eldigitaldeasturias.com\\\/noticias\\\/author\\\/admin\\\/#author\"},\"publisher\":{\"@id\":\"https:\\\/\\\/www.eldigitaldeasturias.com\\\/noticias\\\/#organization\"},\"image\":{\"@type\":\"ImageObject\",\"url\":\"https:\\\/\\\/www.eldigitaldeasturias.com\\\/noticias\\\/wp-content\\\/uploads\\\/2016\\\/02\\\/fotonoticia_20160222210326_800.jpg\",\"width\":800,\"height\":600},\"datePublished\":\"2016-02-23T05:53:01+01:00\",\"dateModified\":\"2016-02-23T05:53:01+01:00\",\"inLanguage\":\"es-ES\",\"mainEntityOfPage\":{\"@id\":\"https:\\\/\\\/www.eldigitaldeasturias.com\\\/noticias\\\/esther-garcia-lopez-ha-presentado-este-fin-de-semana-yo-taba-elli\\\/#webpage\"},\"isPartOf\":{\"@id\":\"https:\\\/\\\/www.eldigitaldeasturias.com\\\/noticias\\\/esther-garcia-lopez-ha-presentado-este-fin-de-semana-yo-taba-elli\\\/#webpage\"},\"articleSection\":\"Revista de Ocio\"},{\"@type\":\"BreadcrumbList\",\"@id\":\"https:\\\/\\\/www.eldigitaldeasturias.com\\\/noticias\\\/esther-garcia-lopez-ha-presentado-este-fin-de-semana-yo-taba-elli\\\/#breadcrumblist\",\"itemListElement\":[{\"@type\":\"ListItem\",\"@id\":\"https:\\\/\\\/www.eldigitaldeasturias.com\\\/noticias#listItem\",\"position\":1,\"name\":\"Home\",\"item\":\"https:\\\/\\\/www.eldigitaldeasturias.com\\\/noticias\",\"nextItem\":{\"@type\":\"ListItem\",\"@id\":\"https:\\\/\\\/www.eldigitaldeasturias.com\\\/noticias\\\/category\\\/revista-de-ocio\\\/#listItem\",\"name\":\"Revista de Ocio\"}},{\"@type\":\"ListItem\",\"@id\":\"https:\\\/\\\/www.eldigitaldeasturias.com\\\/noticias\\\/category\\\/revista-de-ocio\\\/#listItem\",\"position\":2,\"name\":\"Revista de Ocio\",\"item\":\"https:\\\/\\\/www.eldigitaldeasturias.com\\\/noticias\\\/category\\\/revista-de-ocio\\\/\",\"nextItem\":{\"@type\":\"ListItem\",\"@id\":\"https:\\\/\\\/www.eldigitaldeasturias.com\\\/noticias\\\/esther-garcia-lopez-ha-presentado-este-fin-de-semana-yo-taba-elli\\\/#listItem\",\"name\":\"Esther Garc\\u00eda L\\u00f3pez ha presentado este fin de semana &#8216;Yo taba ell\\u00ed&#8217;\"},\"previousItem\":{\"@type\":\"ListItem\",\"@id\":\"https:\\\/\\\/www.eldigitaldeasturias.com\\\/noticias#listItem\",\"name\":\"Home\"}},{\"@type\":\"ListItem\",\"@id\":\"https:\\\/\\\/www.eldigitaldeasturias.com\\\/noticias\\\/esther-garcia-lopez-ha-presentado-este-fin-de-semana-yo-taba-elli\\\/#listItem\",\"position\":3,\"name\":\"Esther Garc\\u00eda L\\u00f3pez ha presentado este fin de semana &#8216;Yo taba ell\\u00ed&#8217;\",\"previousItem\":{\"@type\":\"ListItem\",\"@id\":\"https:\\\/\\\/www.eldigitaldeasturias.com\\\/noticias\\\/category\\\/revista-de-ocio\\\/#listItem\",\"name\":\"Revista de Ocio\"}}]},{\"@type\":\"Organization\",\"@id\":\"https:\\\/\\\/www.eldigitaldeasturias.com\\\/noticias\\\/#organization\",\"name\":\"El Digital de Asturias\",\"description\":\"Hemeroteca\",\"url\":\"https:\\\/\\\/www.eldigitaldeasturias.com\\\/noticias\\\/\",\"email\":\"info@eldigitaldeasturias.com\",\"telephone\":\"+34652131393\",\"logo\":{\"@type\":\"ImageObject\",\"url\":\"https:\\\/\\\/www.eldigitaldeasturias.com\\\/noticias\\\/wp-content\\\/uploads\\\/2020\\\/12\\\/EDA.jpg\",\"@id\":\"https:\\\/\\\/www.eldigitaldeasturias.com\\\/noticias\\\/esther-garcia-lopez-ha-presentado-este-fin-de-semana-yo-taba-elli\\\/#organizationLogo\",\"width\":649,\"height\":297},\"image\":{\"@id\":\"https:\\\/\\\/www.eldigitaldeasturias.com\\\/noticias\\\/esther-garcia-lopez-ha-presentado-este-fin-de-semana-yo-taba-elli\\\/#organizationLogo\"},\"sameAs\":[\"https:\\\/\\\/facebook.com\\\/eldigitaldeasturias\",\"https:\\\/\\\/www.youtube.com\\\/channel\\\/UCZP-2wLEB9Rv6erhFmqVnvg\"],\"address\":{\"@id\":\"https:\\\/\\\/www.eldigitaldeasturias.com\\\/noticias\\\/#postaladdress\",\"@type\":\"PostalAddress\",\"streetAddress\":\"san antonio 4,\",\"postalCode\":\"33430\",\"addressLocality\":\"Cand\\u00e1s\",\"addressRegion\":\"Asturias\",\"addressCountry\":\"ES\"}},{\"@type\":\"Person\",\"@id\":\"https:\\\/\\\/www.eldigitaldeasturias.com\\\/noticias\\\/author\\\/admin\\\/#author\",\"url\":\"https:\\\/\\\/www.eldigitaldeasturias.com\\\/noticias\\\/author\\\/admin\\\/\",\"name\":\"El Digital de Asturias\",\"image\":{\"@type\":\"ImageObject\",\"@id\":\"https:\\\/\\\/www.eldigitaldeasturias.com\\\/noticias\\\/esther-garcia-lopez-ha-presentado-este-fin-de-semana-yo-taba-elli\\\/#authorImage\",\"url\":\"https:\\\/\\\/www.eldigitaldeasturias.com\\\/noticias\\\/wp-content\\\/litespeed\\\/avatar\\\/18677e78aa0546b92d9dbf31ec7d7668.jpg?ver=1777290358\",\"width\":96,\"height\":96,\"caption\":\"El Digital de Asturias\"}},{\"@type\":\"WebPage\",\"@id\":\"https:\\\/\\\/www.eldigitaldeasturias.com\\\/noticias\\\/esther-garcia-lopez-ha-presentado-este-fin-de-semana-yo-taba-elli\\\/#webpage\",\"url\":\"https:\\\/\\\/www.eldigitaldeasturias.com\\\/noticias\\\/esther-garcia-lopez-ha-presentado-este-fin-de-semana-yo-taba-elli\\\/\",\"name\":\"Esther Garc\\u00eda L\\u00f3pez ha presentado este fin de semana \\u2018Yo taba ell\\u00ed\\u2019 - El Digital de Asturias\",\"description\":\"La escritora Esther Garc\\u00eda L\\u00f3pez ha presentado este fin de semana 'Yo taba ell\\u00ed', una recopilaci\\u00f3n de cuentos de diferentes tem\\u00e1ticas a los que une un mismo hilo: la presencia de la narradora en el lugar en el que transcurre la acci\\u00f3n. Publicada con Trabe, L\\u00f3pez utiliza en algunos el asturiano est\\u00e1ndar y en otros\",\"inLanguage\":\"es-ES\",\"isPartOf\":{\"@id\":\"https:\\\/\\\/www.eldigitaldeasturias.com\\\/noticias\\\/#website\"},\"breadcrumb\":{\"@id\":\"https:\\\/\\\/www.eldigitaldeasturias.com\\\/noticias\\\/esther-garcia-lopez-ha-presentado-este-fin-de-semana-yo-taba-elli\\\/#breadcrumblist\"},\"author\":{\"@id\":\"https:\\\/\\\/www.eldigitaldeasturias.com\\\/noticias\\\/author\\\/admin\\\/#author\"},\"creator\":{\"@id\":\"https:\\\/\\\/www.eldigitaldeasturias.com\\\/noticias\\\/author\\\/admin\\\/#author\"},\"image\":{\"@type\":\"ImageObject\",\"url\":\"https:\\\/\\\/www.eldigitaldeasturias.com\\\/noticias\\\/wp-content\\\/uploads\\\/2016\\\/02\\\/fotonoticia_20160222210326_800.jpg\",\"@id\":\"https:\\\/\\\/www.eldigitaldeasturias.com\\\/noticias\\\/esther-garcia-lopez-ha-presentado-este-fin-de-semana-yo-taba-elli\\\/#mainImage\",\"width\":800,\"height\":600},\"primaryImageOfPage\":{\"@id\":\"https:\\\/\\\/www.eldigitaldeasturias.com\\\/noticias\\\/esther-garcia-lopez-ha-presentado-este-fin-de-semana-yo-taba-elli\\\/#mainImage\"},\"datePublished\":\"2016-02-23T05:53:01+01:00\",\"dateModified\":\"2016-02-23T05:53:01+01:00\"},{\"@type\":\"WebSite\",\"@id\":\"https:\\\/\\\/www.eldigitaldeasturias.com\\\/noticias\\\/#website\",\"url\":\"https:\\\/\\\/www.eldigitaldeasturias.com\\\/noticias\\\/\",\"name\":\"El Digital de Asturias - Diario de actualidad y noticias\",\"alternateName\":\"El Digital de Asturias - Diario de actualidad y noticias\",\"description\":\"Hemeroteca\",\"inLanguage\":\"es-ES\",\"publisher\":{\"@id\":\"https:\\\/\\\/www.eldigitaldeasturias.com\\\/noticias\\\/#organization\"}}]}\n\t\t<\/script>\n\t\t<!-- All in One SEO Pro -->\r\n\t\t<title>Esther Garc\u00eda L\u00f3pez ha presentado este fin de semana \u2018Yo taba ell\u00ed\u2019 - El Digital de Asturias<\/title>\n\n","aioseo_head_json":{"title":"Esther Garc\u00eda L\u00f3pez ha presentado este fin de semana \u2018Yo taba ell\u00ed\u2019 - El Digital de Asturias","description":"La escritora Esther Garc\u00eda L\u00f3pez ha presentado este fin de semana 'Yo taba ell\u00ed', una recopilaci\u00f3n de cuentos de diferentes tem\u00e1ticas a los que une un mismo hilo: la presencia de la narradora en el lugar en el que transcurre la acci\u00f3n. Publicada con Trabe, L\u00f3pez utiliza en algunos el asturiano est\u00e1ndar y en otros","canonical_url":"https:\/\/www.eldigitaldeasturias.com\/noticias\/esther-garcia-lopez-ha-presentado-este-fin-de-semana-yo-taba-elli\/","robots":"max-image-preview:large","keywords":"revista de ocio","webmasterTools":{"google-site-verification":"UA-38556648-1","msvalidate.01":"7dfe9f3f1b24437ab69f4f2559babe99","miscellaneous":""},"schema":{"@context":"https:\/\/schema.org","@graph":[{"@type":"BlogPosting","@id":"https:\/\/www.eldigitaldeasturias.com\/noticias\/esther-garcia-lopez-ha-presentado-este-fin-de-semana-yo-taba-elli\/#blogposting","name":"Esther Garc\u00eda L\u00f3pez ha presentado este fin de semana \u2018Yo taba ell\u00ed\u2019 - El Digital de Asturias","headline":"Esther Garc\u00eda L\u00f3pez ha presentado este fin de semana &#8216;Yo taba ell\u00ed&#8217;","author":{"@id":"https:\/\/www.eldigitaldeasturias.com\/noticias\/author\/admin\/#author"},"publisher":{"@id":"https:\/\/www.eldigitaldeasturias.com\/noticias\/#organization"},"image":{"@type":"ImageObject","url":"https:\/\/www.eldigitaldeasturias.com\/noticias\/wp-content\/uploads\/2016\/02\/fotonoticia_20160222210326_800.jpg","width":800,"height":600},"datePublished":"2016-02-23T05:53:01+01:00","dateModified":"2016-02-23T05:53:01+01:00","inLanguage":"es-ES","mainEntityOfPage":{"@id":"https:\/\/www.eldigitaldeasturias.com\/noticias\/esther-garcia-lopez-ha-presentado-este-fin-de-semana-yo-taba-elli\/#webpage"},"isPartOf":{"@id":"https:\/\/www.eldigitaldeasturias.com\/noticias\/esther-garcia-lopez-ha-presentado-este-fin-de-semana-yo-taba-elli\/#webpage"},"articleSection":"Revista de Ocio"},{"@type":"BreadcrumbList","@id":"https:\/\/www.eldigitaldeasturias.com\/noticias\/esther-garcia-lopez-ha-presentado-este-fin-de-semana-yo-taba-elli\/#breadcrumblist","itemListElement":[{"@type":"ListItem","@id":"https:\/\/www.eldigitaldeasturias.com\/noticias#listItem","position":1,"name":"Home","item":"https:\/\/www.eldigitaldeasturias.com\/noticias","nextItem":{"@type":"ListItem","@id":"https:\/\/www.eldigitaldeasturias.com\/noticias\/category\/revista-de-ocio\/#listItem","name":"Revista de Ocio"}},{"@type":"ListItem","@id":"https:\/\/www.eldigitaldeasturias.com\/noticias\/category\/revista-de-ocio\/#listItem","position":2,"name":"Revista de Ocio","item":"https:\/\/www.eldigitaldeasturias.com\/noticias\/category\/revista-de-ocio\/","nextItem":{"@type":"ListItem","@id":"https:\/\/www.eldigitaldeasturias.com\/noticias\/esther-garcia-lopez-ha-presentado-este-fin-de-semana-yo-taba-elli\/#listItem","name":"Esther Garc\u00eda L\u00f3pez ha presentado este fin de semana &#8216;Yo taba ell\u00ed&#8217;"},"previousItem":{"@type":"ListItem","@id":"https:\/\/www.eldigitaldeasturias.com\/noticias#listItem","name":"Home"}},{"@type":"ListItem","@id":"https:\/\/www.eldigitaldeasturias.com\/noticias\/esther-garcia-lopez-ha-presentado-este-fin-de-semana-yo-taba-elli\/#listItem","position":3,"name":"Esther Garc\u00eda L\u00f3pez ha presentado este fin de semana &#8216;Yo taba ell\u00ed&#8217;","previousItem":{"@type":"ListItem","@id":"https:\/\/www.eldigitaldeasturias.com\/noticias\/category\/revista-de-ocio\/#listItem","name":"Revista de Ocio"}}]},{"@type":"Organization","@id":"https:\/\/www.eldigitaldeasturias.com\/noticias\/#organization","name":"El Digital de Asturias","description":"Hemeroteca","url":"https:\/\/www.eldigitaldeasturias.com\/noticias\/","email":"info@eldigitaldeasturias.com","telephone":"+34652131393","logo":{"@type":"ImageObject","url":"https:\/\/www.eldigitaldeasturias.com\/noticias\/wp-content\/uploads\/2020\/12\/EDA.jpg","@id":"https:\/\/www.eldigitaldeasturias.com\/noticias\/esther-garcia-lopez-ha-presentado-este-fin-de-semana-yo-taba-elli\/#organizationLogo","width":649,"height":297},"image":{"@id":"https:\/\/www.eldigitaldeasturias.com\/noticias\/esther-garcia-lopez-ha-presentado-este-fin-de-semana-yo-taba-elli\/#organizationLogo"},"sameAs":["https:\/\/facebook.com\/eldigitaldeasturias","https:\/\/www.youtube.com\/channel\/UCZP-2wLEB9Rv6erhFmqVnvg"],"address":{"@id":"https:\/\/www.eldigitaldeasturias.com\/noticias\/#postaladdress","@type":"PostalAddress","streetAddress":"san antonio 4,","postalCode":"33430","addressLocality":"Cand\u00e1s","addressRegion":"Asturias","addressCountry":"ES"}},{"@type":"Person","@id":"https:\/\/www.eldigitaldeasturias.com\/noticias\/author\/admin\/#author","url":"https:\/\/www.eldigitaldeasturias.com\/noticias\/author\/admin\/","name":"El Digital de Asturias","image":{"@type":"ImageObject","@id":"https:\/\/www.eldigitaldeasturias.com\/noticias\/esther-garcia-lopez-ha-presentado-este-fin-de-semana-yo-taba-elli\/#authorImage","url":"https:\/\/www.eldigitaldeasturias.com\/noticias\/wp-content\/litespeed\/avatar\/18677e78aa0546b92d9dbf31ec7d7668.jpg?ver=1777290358","width":96,"height":96,"caption":"El Digital de Asturias"}},{"@type":"WebPage","@id":"https:\/\/www.eldigitaldeasturias.com\/noticias\/esther-garcia-lopez-ha-presentado-este-fin-de-semana-yo-taba-elli\/#webpage","url":"https:\/\/www.eldigitaldeasturias.com\/noticias\/esther-garcia-lopez-ha-presentado-este-fin-de-semana-yo-taba-elli\/","name":"Esther Garc\u00eda L\u00f3pez ha presentado este fin de semana \u2018Yo taba ell\u00ed\u2019 - El Digital de Asturias","description":"La escritora Esther Garc\u00eda L\u00f3pez ha presentado este fin de semana 'Yo taba ell\u00ed', una recopilaci\u00f3n de cuentos de diferentes tem\u00e1ticas a los que une un mismo hilo: la presencia de la narradora en el lugar en el que transcurre la acci\u00f3n. Publicada con Trabe, L\u00f3pez utiliza en algunos el asturiano est\u00e1ndar y en otros","inLanguage":"es-ES","isPartOf":{"@id":"https:\/\/www.eldigitaldeasturias.com\/noticias\/#website"},"breadcrumb":{"@id":"https:\/\/www.eldigitaldeasturias.com\/noticias\/esther-garcia-lopez-ha-presentado-este-fin-de-semana-yo-taba-elli\/#breadcrumblist"},"author":{"@id":"https:\/\/www.eldigitaldeasturias.com\/noticias\/author\/admin\/#author"},"creator":{"@id":"https:\/\/www.eldigitaldeasturias.com\/noticias\/author\/admin\/#author"},"image":{"@type":"ImageObject","url":"https:\/\/www.eldigitaldeasturias.com\/noticias\/wp-content\/uploads\/2016\/02\/fotonoticia_20160222210326_800.jpg","@id":"https:\/\/www.eldigitaldeasturias.com\/noticias\/esther-garcia-lopez-ha-presentado-este-fin-de-semana-yo-taba-elli\/#mainImage","width":800,"height":600},"primaryImageOfPage":{"@id":"https:\/\/www.eldigitaldeasturias.com\/noticias\/esther-garcia-lopez-ha-presentado-este-fin-de-semana-yo-taba-elli\/#mainImage"},"datePublished":"2016-02-23T05:53:01+01:00","dateModified":"2016-02-23T05:53:01+01:00"},{"@type":"WebSite","@id":"https:\/\/www.eldigitaldeasturias.com\/noticias\/#website","url":"https:\/\/www.eldigitaldeasturias.com\/noticias\/","name":"El Digital de Asturias - Diario de actualidad y noticias","alternateName":"El Digital de Asturias - Diario de actualidad y noticias","description":"Hemeroteca","inLanguage":"es-ES","publisher":{"@id":"https:\/\/www.eldigitaldeasturias.com\/noticias\/#organization"}}]},"og:locale":"es_ES","og:site_name":"El Digital de Asturias","og:type":"article","og:title":"Esther Garc\u00eda L\u00f3pez ha presentado este fin de semana \u2018Yo taba ell\u00ed\u2019 - El Digital de Asturias","og:description":"La escritora Esther Garc\u00eda L\u00f3pez ha presentado este fin de semana 'Yo taba ell\u00ed', una recopilaci\u00f3n de cuentos de diferentes tem\u00e1ticas a los que une un mismo hilo: la presencia de la narradora en el lugar en el que transcurre la acci\u00f3n. Publicada con Trabe, L\u00f3pez utiliza en algunos el asturiano est\u00e1ndar y en otros","og:url":"https:\/\/www.eldigitaldeasturias.com\/noticias\/esther-garcia-lopez-ha-presentado-este-fin-de-semana-yo-taba-elli\/","og:image":"https:\/\/www.eldigitaldeasturias.com\/noticias\/wp-content\/uploads\/2016\/02\/fotonoticia_20160222210326_800.jpg","og:image:secure_url":"https:\/\/www.eldigitaldeasturias.com\/noticias\/wp-content\/uploads\/2016\/02\/fotonoticia_20160222210326_800.jpg","og:image:width":800,"og:image:height":600,"article:tag":["revista de ocio"],"article:published_time":"2016-02-23T05:53:01+00:00","article:modified_time":"2016-02-23T05:53:01+00:00","article:publisher":"https:\/\/facebook.com\/eldigitaldeasturias","twitter:card":"summary_large_image","twitter:title":"Esther Garc\u00eda L\u00f3pez ha presentado este fin de semana \u2018Yo taba ell\u00ed\u2019 - El Digital de Asturias","twitter:description":"La escritora Esther Garc\u00eda L\u00f3pez ha presentado este fin de semana 'Yo taba ell\u00ed', una recopilaci\u00f3n de cuentos de diferentes tem\u00e1ticas a los que une un mismo hilo: la presencia de la narradora en el lugar en el que transcurre la acci\u00f3n. Publicada con Trabe, L\u00f3pez utiliza en algunos el asturiano est\u00e1ndar y en otros","twitter:image":"https:\/\/www.eldigitaldeasturias.com\/noticias\/wp-content\/uploads\/2016\/02\/fotonoticia_20160222210326_800.jpg","twitter:label1":"Escrito por","twitter:data1":"El Digital de Asturias","twitter:label2":"Tiempo de lectura estimado","twitter:data2":"2 minutos"},"aioseo_meta_data":{"post_id":"861189","title":null,"description":null,"keywords":null,"keyphrases":null,"primary_term":null,"canonical_url":null,"og_title":null,"og_description":null,"og_object_type":"default","og_image_type":"default","og_image_url":null,"og_image_width":null,"og_image_height":null,"og_image_custom_url":null,"og_image_custom_fields":null,"og_video":null,"og_custom_url":null,"og_article_section":null,"og_article_tags":null,"twitter_use_og":false,"twitter_card":"default","twitter_image_type":"default","twitter_image_url":null,"twitter_image_custom_url":null,"twitter_image_custom_fields":null,"twitter_title":null,"twitter_description":null,"schema":{"blockGraphs":[],"customGraphs":[],"default":{"data":{"Article":[],"Course":[],"Dataset":[],"FAQPage":[],"Movie":[],"Person":[],"Product":[],"ProductReview":[],"Car":[],"Recipe":[],"Service":[],"SoftwareApplication":[],"WebPage":[]},"graphName":"","isEnabled":true},"graphs":[],"defaultGraph":"","defaultPostTypeGraph":""},"schema_type":null,"schema_type_options":null,"pillar_content":false,"robots_default":true,"robots_noindex":false,"robots_noarchive":false,"robots_nosnippet":false,"robots_nofollow":false,"robots_noimageindex":false,"robots_noodp":false,"robots_notranslate":false,"robots_max_snippet":null,"robots_max_videopreview":null,"robots_max_imagepreview":"large","priority":null,"frequency":null,"local_seo":null,"seo_analyzer_scan_date":"2025-12-10 20:25:00","breadcrumb_settings":null,"limit_modified_date":false,"open_ai":null,"ai":null,"created":"2021-01-23 14:59:13","updated":"2025-12-10 20:25:00"},"aioseo_breadcrumb":"<div class=\"aioseo-breadcrumbs\"><span class=\"aioseo-breadcrumb\">\n\t<a href=\"https:\/\/www.eldigitaldeasturias.com\/noticias\" title=\"Home\">Home<\/a>\n<\/span><span class=\"aioseo-breadcrumb-separator\">\u2013<\/span><span class=\"aioseo-breadcrumb\">\n\t<a href=\"https:\/\/www.eldigitaldeasturias.com\/noticias\/category\/revista-de-ocio\/\" title=\"Revista de Ocio\">Revista de Ocio<\/a>\n<\/span><span class=\"aioseo-breadcrumb-separator\">\u2013<\/span><span class=\"aioseo-breadcrumb\">\n\t<a href=\"https:\/\/www.eldigitaldeasturias.com\/noticias\/esther-garcia-lopez-ha-presentado-este-fin-de-semana-yo-taba-elli\/\" title=\"Esther Garc\u00eda L\u00f3pez ha presentado este fin de semana \u2018Yo taba ell\u00ed\u2019\">Esther Garc\u00eda L\u00f3pez ha presentado este fin de semana \u2018Yo taba ell\u00ed\u2019<\/a>\n<\/span><\/div>","aioseo_breadcrumb_json":[{"label":"Home","link":"https:\/\/www.eldigitaldeasturias.com\/noticias"},{"label":"Revista de Ocio","link":"https:\/\/www.eldigitaldeasturias.com\/noticias\/category\/revista-de-ocio\/"},{"label":"Esther Garc\u00eda L\u00f3pez ha presentado este fin de semana &#8216;Yo taba ell\u00ed&#8217;","link":"https:\/\/www.eldigitaldeasturias.com\/noticias\/esther-garcia-lopez-ha-presentado-este-fin-de-semana-yo-taba-elli\/"}],"_links":{"self":[{"href":"https:\/\/www.eldigitaldeasturias.com\/noticias\/wp-json\/wp\/v2\/posts\/861189","targetHints":{"allow":["GET"]}}],"collection":[{"href":"https:\/\/www.eldigitaldeasturias.com\/noticias\/wp-json\/wp\/v2\/posts"}],"about":[{"href":"https:\/\/www.eldigitaldeasturias.com\/noticias\/wp-json\/wp\/v2\/types\/post"}],"author":[{"embeddable":true,"href":"https:\/\/www.eldigitaldeasturias.com\/noticias\/wp-json\/wp\/v2\/users\/1"}],"replies":[{"embeddable":true,"href":"https:\/\/www.eldigitaldeasturias.com\/noticias\/wp-json\/wp\/v2\/comments?post=861189"}],"version-history":[{"count":0,"href":"https:\/\/www.eldigitaldeasturias.com\/noticias\/wp-json\/wp\/v2\/posts\/861189\/revisions"}],"wp:featuredmedia":[{"embeddable":true,"href":"https:\/\/www.eldigitaldeasturias.com\/noticias\/wp-json\/wp\/v2\/media\/861190"}],"wp:attachment":[{"href":"https:\/\/www.eldigitaldeasturias.com\/noticias\/wp-json\/wp\/v2\/media?parent=861189"}],"wp:term":[{"taxonomy":"category","embeddable":true,"href":"https:\/\/www.eldigitaldeasturias.com\/noticias\/wp-json\/wp\/v2\/categories?post=861189"},{"taxonomy":"post_tag","embeddable":true,"href":"https:\/\/www.eldigitaldeasturias.com\/noticias\/wp-json\/wp\/v2\/tags?post=861189"}],"curies":[{"name":"wp","href":"https:\/\/api.w.org\/{rel}","templated":true}]}}