{"id":861180,"date":"2016-02-23T05:45:50","date_gmt":"2016-02-23T05:45:50","guid":{"rendered":"http:\/\/www.eldigitaldeasturias.com\/noticias\/?p=861180"},"modified":"2016-02-23T05:45:50","modified_gmt":"2016-02-23T05:45:50","slug":"ciudadanos-pide-una-solucion-a-la-gestion-de-la-lonja-de-aviles","status":"publish","type":"post","link":"https:\/\/www.eldigitaldeasturias.com\/noticias\/ciudadanos-pide-una-solucion-a-la-gestion-de-la-lonja-de-aviles\/","title":{"rendered":"Ciudadanos pide una soluci\u00f3n a la gesti\u00f3n de la lonja de Avil\u00e9s"},"content":{"rendered":"<p><img loading=\"lazy\" decoding=\"async\" class=\"alignleft size-medium wp-image-798326\" src=\"https:\/\/www.eldigitaldeasturias.com\/noticias\/wp-content\/uploads\/2015\/07\/Nicanor-CS-360x270.jpg\" alt=\"Nicanor CS\" width=\"360\" height=\"270\" srcset=\"https:\/\/www.eldigitaldeasturias.com\/noticias\/wp-content\/uploads\/2015\/07\/Nicanor-CS-360x270.jpg 360w, https:\/\/www.eldigitaldeasturias.com\/noticias\/wp-content\/uploads\/2015\/07\/Nicanor-CS-650x488.jpg 650w, https:\/\/www.eldigitaldeasturias.com\/noticias\/wp-content\/uploads\/2015\/07\/Nicanor-CS-100x75.jpg 100w, https:\/\/www.eldigitaldeasturias.com\/noticias\/wp-content\/uploads\/2015\/07\/Nicanor-CS.jpg 800w\" sizes=\"auto, (max-width: 360px) 100vw, 360px\" \/>El portavoz de Ciudadanos en la Junta del Principado, Nicanor Garc\u00eda, ha pedido una soluci\u00f3n a la gesti\u00f3n de la lonja de Avil\u00e9s para que \u00abel beneficio no quede en manos de terceros\u00bb. Lo ha dicho en declaraciones a los periodistas este lunes tras reunirse con representantes de la Cofrad\u00eda de Pescadores Virgen de las Mareas, que ha mostrado su intenci\u00f3n de asumir la gesti\u00f3n.<\/p>\n<p>Garc\u00eda ha asegurado que ser\u00eda \u00abinteresante que se unieran todos los procesos\u00bb en la gesti\u00f3n de la rula aludiendo a la comercializaci\u00f3n que \u00e9sta lleva, as\u00ed como a los otros procesos del sector pesquero. Ha asegurado que la comercializaci\u00f3n \u00abes important\u00edsima\u00bb.<\/p>\n<p>En la reuni\u00f3n Garc\u00eda ha estado acompa\u00f1ado por el portavoz municipal de Ciudadanos en Avil\u00e9s, Juan Cuesta, quien ha defendido que el accionariado de la lonja sea privado, \u00abno entramos en si de la cofrad\u00eda u otros\u00bb.<\/p>\n<p>Los representantes de Ciudadanos tambi\u00e9n han presentado a la cofrad\u00eda una proposici\u00f3n no de ley que llevar\u00e1n a la Junta defendiendo la cuota de la flota asturiana. \u00abEsperamos que con el nuevo gobierno de Espa\u00f1a se pueda cambiar el criterio y Asturias tenga m\u00e1s cuota\u00bb, ha dicho Garc\u00eda.<\/p>\n<p>La reuni\u00f3n de la cofrad\u00eda de pescadores con Ciudadanos se enmarca en la ronda que la entidad est\u00e1 teniendo con los partidos pol\u00edticos para presentar su propuesta de gesti\u00f3n de la lonja. Ya han tenido encuentros con PP, Podemos y Foro y est\u00e1n programando otro con IU. A la consejera de Agroganader\u00eda y Pesca, Mar\u00eda Jes\u00fas \u00c1lvarez, se la entregaron por escrito, seg\u00fan ha dicho el patr\u00f3n mayor, Fidel \u00c1lvarez.<\/p>\n","protected":false},"excerpt":{"rendered":"<p>El portavoz de Ciudadanos en la Junta del Principado, Nicanor Garc\u00eda, ha pedido una soluci\u00f3n a la gesti\u00f3n de la lonja de Avil\u00e9s para que \u00abel beneficio no quede en manos de terceros\u00bb. Lo ha dicho en declaraciones a los periodistas este lunes tras reunirse con representantes de la Cofrad\u00eda de Pescadores Virgen de las [&hellip;]<\/p>\n","protected":false},"author":1,"featured_media":798326,"comment_status":"closed","ping_status":"closed","sticky":false,"template":"","format":"standard","meta":{"footnotes":""},"categories":[12],"tags":[],"class_list":["post-861180","post","type-post","status-publish","format-standard","has-post-thumbnail","hentry","category-actualidad-asturias"],"aioseo_notices":[],"aioseo_head":"\n\t\t<!-- All in One SEO Pro 4.9.6.2 - aioseo.com -->\n\t<meta name=\"description\" content=\"El portavoz de Ciudadanos en la Junta del Principado, Nicanor Garc\u00eda, ha pedido una soluci\u00f3n a la gesti\u00f3n de la lonja de Avil\u00e9s para que &quot;el beneficio no quede en manos de terceros&quot;. Lo ha dicho en declaraciones a los periodistas este lunes tras reunirse con representantes de la Cofrad\u00eda de Pescadores Virgen de las\" \/>\n\t<meta name=\"robots\" content=\"max-image-preview:large\" \/>\n\t<meta name=\"author\" content=\"El Digital de Asturias\"\/>\n\t<meta name=\"google-site-verification\" content=\"UA-38556648-1\" \/>\n\t<meta name=\"msvalidate.01\" content=\"7dfe9f3f1b24437ab69f4f2559babe99\" \/>\n\t<meta name=\"keywords\" content=\"actualidad asturias\" \/>\n\t<link rel=\"canonical\" href=\"https:\/\/www.eldigitaldeasturias.com\/noticias\/ciudadanos-pide-una-solucion-a-la-gestion-de-la-lonja-de-aviles\/\" \/>\n\t<meta name=\"generator\" content=\"All in One SEO Pro (AIOSEO) 4.9.6.2\" \/>\n\t\t<meta property=\"og:locale\" content=\"es_ES\" \/>\n\t\t<meta property=\"og:site_name\" content=\"El Digital de Asturias\" \/>\n\t\t<meta property=\"og:type\" content=\"article\" \/>\n\t\t<meta property=\"og:title\" content=\"Ciudadanos pide una soluci\u00f3n a la gesti\u00f3n de la lonja de Avil\u00e9s - El Digital de Asturias\" \/>\n\t\t<meta property=\"og:description\" content=\"El portavoz de Ciudadanos en la Junta del Principado, Nicanor Garc\u00eda, ha pedido una soluci\u00f3n a la gesti\u00f3n de la lonja de Avil\u00e9s para que &quot;el beneficio no quede en manos de terceros&quot;. Lo ha dicho en declaraciones a los periodistas este lunes tras reunirse con representantes de la Cofrad\u00eda de Pescadores Virgen de las\" \/>\n\t\t<meta property=\"og:url\" content=\"https:\/\/www.eldigitaldeasturias.com\/noticias\/ciudadanos-pide-una-solucion-a-la-gestion-de-la-lonja-de-aviles\/\" \/>\n\t\t<meta property=\"og:image\" content=\"https:\/\/www.eldigitaldeasturias.com\/noticias\/wp-content\/uploads\/2015\/07\/Nicanor-CS.jpg\" \/>\n\t\t<meta property=\"og:image:secure_url\" content=\"https:\/\/www.eldigitaldeasturias.com\/noticias\/wp-content\/uploads\/2015\/07\/Nicanor-CS.jpg\" \/>\n\t\t<meta property=\"og:image:width\" content=\"800\" \/>\n\t\t<meta property=\"og:image:height\" content=\"600\" \/>\n\t\t<meta property=\"article:tag\" content=\"actualidad asturias\" \/>\n\t\t<meta property=\"article:published_time\" content=\"2016-02-23T05:45:50+00:00\" \/>\n\t\t<meta property=\"article:modified_time\" content=\"2016-02-23T05:45:50+00:00\" \/>\n\t\t<meta property=\"article:publisher\" content=\"https:\/\/facebook.com\/eldigitaldeasturias\" \/>\n\t\t<meta name=\"twitter:card\" content=\"summary_large_image\" \/>\n\t\t<meta name=\"twitter:title\" content=\"Ciudadanos pide una soluci\u00f3n a la gesti\u00f3n de la lonja de Avil\u00e9s - El Digital de Asturias\" \/>\n\t\t<meta name=\"twitter:description\" content=\"El portavoz de Ciudadanos en la Junta del Principado, Nicanor Garc\u00eda, ha pedido una soluci\u00f3n a la gesti\u00f3n de la lonja de Avil\u00e9s para que &quot;el beneficio no quede en manos de terceros&quot;. Lo ha dicho en declaraciones a los periodistas este lunes tras reunirse con representantes de la Cofrad\u00eda de Pescadores Virgen de las\" \/>\n\t\t<meta name=\"twitter:image\" content=\"https:\/\/www.eldigitaldeasturias.com\/noticias\/wp-content\/uploads\/2015\/07\/Nicanor-CS.jpg\" \/>\n\t\t<meta name=\"twitter:label1\" content=\"Escrito por\" \/>\n\t\t<meta name=\"twitter:data1\" content=\"El Digital de Asturias\" \/>\n\t\t<meta name=\"twitter:label2\" content=\"Tiempo de lectura estimado\" \/>\n\t\t<meta name=\"twitter:data2\" content=\"1 minuto\" \/>\n\t\t<script type=\"application\/ld+json\" class=\"aioseo-schema\">\n\t\t\t{\"@context\":\"https:\\\/\\\/schema.org\",\"@graph\":[{\"@type\":\"BlogPosting\",\"@id\":\"https:\\\/\\\/www.eldigitaldeasturias.com\\\/noticias\\\/ciudadanos-pide-una-solucion-a-la-gestion-de-la-lonja-de-aviles\\\/#blogposting\",\"name\":\"Ciudadanos pide una soluci\\u00f3n a la gesti\\u00f3n de la lonja de Avil\\u00e9s - El Digital de Asturias\",\"headline\":\"Ciudadanos pide una soluci\\u00f3n a la gesti\\u00f3n de la lonja de Avil\\u00e9s\",\"author\":{\"@id\":\"https:\\\/\\\/www.eldigitaldeasturias.com\\\/noticias\\\/author\\\/admin\\\/#author\"},\"publisher\":{\"@id\":\"https:\\\/\\\/www.eldigitaldeasturias.com\\\/noticias\\\/#organization\"},\"image\":{\"@type\":\"ImageObject\",\"url\":\"https:\\\/\\\/www.eldigitaldeasturias.com\\\/noticias\\\/wp-content\\\/uploads\\\/2015\\\/07\\\/Nicanor-CS.jpg\",\"width\":800,\"height\":600},\"datePublished\":\"2016-02-23T05:45:50+01:00\",\"dateModified\":\"2016-02-23T05:45:50+01:00\",\"inLanguage\":\"es-ES\",\"mainEntityOfPage\":{\"@id\":\"https:\\\/\\\/www.eldigitaldeasturias.com\\\/noticias\\\/ciudadanos-pide-una-solucion-a-la-gestion-de-la-lonja-de-aviles\\\/#webpage\"},\"isPartOf\":{\"@id\":\"https:\\\/\\\/www.eldigitaldeasturias.com\\\/noticias\\\/ciudadanos-pide-una-solucion-a-la-gestion-de-la-lonja-de-aviles\\\/#webpage\"},\"articleSection\":\"Actualidad Asturias\"},{\"@type\":\"BreadcrumbList\",\"@id\":\"https:\\\/\\\/www.eldigitaldeasturias.com\\\/noticias\\\/ciudadanos-pide-una-solucion-a-la-gestion-de-la-lonja-de-aviles\\\/#breadcrumblist\",\"itemListElement\":[{\"@type\":\"ListItem\",\"@id\":\"https:\\\/\\\/www.eldigitaldeasturias.com\\\/noticias#listItem\",\"position\":1,\"name\":\"Home\",\"item\":\"https:\\\/\\\/www.eldigitaldeasturias.com\\\/noticias\",\"nextItem\":{\"@type\":\"ListItem\",\"@id\":\"https:\\\/\\\/www.eldigitaldeasturias.com\\\/noticias\\\/category\\\/actualidad-asturias\\\/#listItem\",\"name\":\"Actualidad Asturias\"}},{\"@type\":\"ListItem\",\"@id\":\"https:\\\/\\\/www.eldigitaldeasturias.com\\\/noticias\\\/category\\\/actualidad-asturias\\\/#listItem\",\"position\":2,\"name\":\"Actualidad Asturias\",\"item\":\"https:\\\/\\\/www.eldigitaldeasturias.com\\\/noticias\\\/category\\\/actualidad-asturias\\\/\",\"nextItem\":{\"@type\":\"ListItem\",\"@id\":\"https:\\\/\\\/www.eldigitaldeasturias.com\\\/noticias\\\/ciudadanos-pide-una-solucion-a-la-gestion-de-la-lonja-de-aviles\\\/#listItem\",\"name\":\"Ciudadanos pide una soluci\\u00f3n a la gesti\\u00f3n de la lonja de Avil\\u00e9s\"},\"previousItem\":{\"@type\":\"ListItem\",\"@id\":\"https:\\\/\\\/www.eldigitaldeasturias.com\\\/noticias#listItem\",\"name\":\"Home\"}},{\"@type\":\"ListItem\",\"@id\":\"https:\\\/\\\/www.eldigitaldeasturias.com\\\/noticias\\\/ciudadanos-pide-una-solucion-a-la-gestion-de-la-lonja-de-aviles\\\/#listItem\",\"position\":3,\"name\":\"Ciudadanos pide una soluci\\u00f3n a la gesti\\u00f3n de la lonja de Avil\\u00e9s\",\"previousItem\":{\"@type\":\"ListItem\",\"@id\":\"https:\\\/\\\/www.eldigitaldeasturias.com\\\/noticias\\\/category\\\/actualidad-asturias\\\/#listItem\",\"name\":\"Actualidad Asturias\"}}]},{\"@type\":\"Organization\",\"@id\":\"https:\\\/\\\/www.eldigitaldeasturias.com\\\/noticias\\\/#organization\",\"name\":\"El Digital de Asturias\",\"description\":\"Hemeroteca\",\"url\":\"https:\\\/\\\/www.eldigitaldeasturias.com\\\/noticias\\\/\",\"email\":\"info@eldigitaldeasturias.com\",\"telephone\":\"+34652131393\",\"logo\":{\"@type\":\"ImageObject\",\"url\":\"https:\\\/\\\/www.eldigitaldeasturias.com\\\/noticias\\\/wp-content\\\/uploads\\\/2020\\\/12\\\/EDA.jpg\",\"@id\":\"https:\\\/\\\/www.eldigitaldeasturias.com\\\/noticias\\\/ciudadanos-pide-una-solucion-a-la-gestion-de-la-lonja-de-aviles\\\/#organizationLogo\",\"width\":649,\"height\":297},\"image\":{\"@id\":\"https:\\\/\\\/www.eldigitaldeasturias.com\\\/noticias\\\/ciudadanos-pide-una-solucion-a-la-gestion-de-la-lonja-de-aviles\\\/#organizationLogo\"},\"sameAs\":[\"https:\\\/\\\/facebook.com\\\/eldigitaldeasturias\",\"https:\\\/\\\/www.youtube.com\\\/channel\\\/UCZP-2wLEB9Rv6erhFmqVnvg\"],\"address\":{\"@id\":\"https:\\\/\\\/www.eldigitaldeasturias.com\\\/noticias\\\/#postaladdress\",\"@type\":\"PostalAddress\",\"streetAddress\":\"san antonio 4,\",\"postalCode\":\"33430\",\"addressLocality\":\"Cand\\u00e1s\",\"addressRegion\":\"Asturias\",\"addressCountry\":\"ES\"}},{\"@type\":\"Person\",\"@id\":\"https:\\\/\\\/www.eldigitaldeasturias.com\\\/noticias\\\/author\\\/admin\\\/#author\",\"url\":\"https:\\\/\\\/www.eldigitaldeasturias.com\\\/noticias\\\/author\\\/admin\\\/\",\"name\":\"El Digital de Asturias\",\"image\":{\"@type\":\"ImageObject\",\"@id\":\"https:\\\/\\\/www.eldigitaldeasturias.com\\\/noticias\\\/ciudadanos-pide-una-solucion-a-la-gestion-de-la-lonja-de-aviles\\\/#authorImage\",\"url\":\"https:\\\/\\\/www.eldigitaldeasturias.com\\\/noticias\\\/wp-content\\\/litespeed\\\/avatar\\\/18677e78aa0546b92d9dbf31ec7d7668.jpg?ver=1777290358\",\"width\":96,\"height\":96,\"caption\":\"El Digital de Asturias\"}},{\"@type\":\"WebPage\",\"@id\":\"https:\\\/\\\/www.eldigitaldeasturias.com\\\/noticias\\\/ciudadanos-pide-una-solucion-a-la-gestion-de-la-lonja-de-aviles\\\/#webpage\",\"url\":\"https:\\\/\\\/www.eldigitaldeasturias.com\\\/noticias\\\/ciudadanos-pide-una-solucion-a-la-gestion-de-la-lonja-de-aviles\\\/\",\"name\":\"Ciudadanos pide una soluci\\u00f3n a la gesti\\u00f3n de la lonja de Avil\\u00e9s - El Digital de Asturias\",\"description\":\"El portavoz de Ciudadanos en la Junta del Principado, Nicanor Garc\\u00eda, ha pedido una soluci\\u00f3n a la gesti\\u00f3n de la lonja de Avil\\u00e9s para que \\\"el beneficio no quede en manos de terceros\\\". Lo ha dicho en declaraciones a los periodistas este lunes tras reunirse con representantes de la Cofrad\\u00eda de Pescadores Virgen de las\",\"inLanguage\":\"es-ES\",\"isPartOf\":{\"@id\":\"https:\\\/\\\/www.eldigitaldeasturias.com\\\/noticias\\\/#website\"},\"breadcrumb\":{\"@id\":\"https:\\\/\\\/www.eldigitaldeasturias.com\\\/noticias\\\/ciudadanos-pide-una-solucion-a-la-gestion-de-la-lonja-de-aviles\\\/#breadcrumblist\"},\"author\":{\"@id\":\"https:\\\/\\\/www.eldigitaldeasturias.com\\\/noticias\\\/author\\\/admin\\\/#author\"},\"creator\":{\"@id\":\"https:\\\/\\\/www.eldigitaldeasturias.com\\\/noticias\\\/author\\\/admin\\\/#author\"},\"image\":{\"@type\":\"ImageObject\",\"url\":\"https:\\\/\\\/www.eldigitaldeasturias.com\\\/noticias\\\/wp-content\\\/uploads\\\/2015\\\/07\\\/Nicanor-CS.jpg\",\"@id\":\"https:\\\/\\\/www.eldigitaldeasturias.com\\\/noticias\\\/ciudadanos-pide-una-solucion-a-la-gestion-de-la-lonja-de-aviles\\\/#mainImage\",\"width\":800,\"height\":600},\"primaryImageOfPage\":{\"@id\":\"https:\\\/\\\/www.eldigitaldeasturias.com\\\/noticias\\\/ciudadanos-pide-una-solucion-a-la-gestion-de-la-lonja-de-aviles\\\/#mainImage\"},\"datePublished\":\"2016-02-23T05:45:50+01:00\",\"dateModified\":\"2016-02-23T05:45:50+01:00\"},{\"@type\":\"WebSite\",\"@id\":\"https:\\\/\\\/www.eldigitaldeasturias.com\\\/noticias\\\/#website\",\"url\":\"https:\\\/\\\/www.eldigitaldeasturias.com\\\/noticias\\\/\",\"name\":\"El Digital de Asturias - Diario de actualidad y noticias\",\"alternateName\":\"El Digital de Asturias - Diario de actualidad y noticias\",\"description\":\"Hemeroteca\",\"inLanguage\":\"es-ES\",\"publisher\":{\"@id\":\"https:\\\/\\\/www.eldigitaldeasturias.com\\\/noticias\\\/#organization\"}}]}\n\t\t<\/script>\n\t\t<!-- All in One SEO Pro -->\r\n\t\t<title>Ciudadanos pide una soluci\u00f3n a la gesti\u00f3n de la lonja de Avil\u00e9s - El Digital de Asturias<\/title>\n\n","aioseo_head_json":{"title":"Ciudadanos pide una soluci\u00f3n a la gesti\u00f3n de la lonja de Avil\u00e9s - El Digital de Asturias","description":"El portavoz de Ciudadanos en la Junta del Principado, Nicanor Garc\u00eda, ha pedido una soluci\u00f3n a la gesti\u00f3n de la lonja de Avil\u00e9s para que \"el beneficio no quede en manos de terceros\". Lo ha dicho en declaraciones a los periodistas este lunes tras reunirse con representantes de la Cofrad\u00eda de Pescadores Virgen de las","canonical_url":"https:\/\/www.eldigitaldeasturias.com\/noticias\/ciudadanos-pide-una-solucion-a-la-gestion-de-la-lonja-de-aviles\/","robots":"max-image-preview:large","keywords":"actualidad asturias","webmasterTools":{"google-site-verification":"UA-38556648-1","msvalidate.01":"7dfe9f3f1b24437ab69f4f2559babe99","miscellaneous":""},"schema":{"@context":"https:\/\/schema.org","@graph":[{"@type":"BlogPosting","@id":"https:\/\/www.eldigitaldeasturias.com\/noticias\/ciudadanos-pide-una-solucion-a-la-gestion-de-la-lonja-de-aviles\/#blogposting","name":"Ciudadanos pide una soluci\u00f3n a la gesti\u00f3n de la lonja de Avil\u00e9s - El Digital de Asturias","headline":"Ciudadanos pide una soluci\u00f3n a la gesti\u00f3n de la lonja de Avil\u00e9s","author":{"@id":"https:\/\/www.eldigitaldeasturias.com\/noticias\/author\/admin\/#author"},"publisher":{"@id":"https:\/\/www.eldigitaldeasturias.com\/noticias\/#organization"},"image":{"@type":"ImageObject","url":"https:\/\/www.eldigitaldeasturias.com\/noticias\/wp-content\/uploads\/2015\/07\/Nicanor-CS.jpg","width":800,"height":600},"datePublished":"2016-02-23T05:45:50+01:00","dateModified":"2016-02-23T05:45:50+01:00","inLanguage":"es-ES","mainEntityOfPage":{"@id":"https:\/\/www.eldigitaldeasturias.com\/noticias\/ciudadanos-pide-una-solucion-a-la-gestion-de-la-lonja-de-aviles\/#webpage"},"isPartOf":{"@id":"https:\/\/www.eldigitaldeasturias.com\/noticias\/ciudadanos-pide-una-solucion-a-la-gestion-de-la-lonja-de-aviles\/#webpage"},"articleSection":"Actualidad Asturias"},{"@type":"BreadcrumbList","@id":"https:\/\/www.eldigitaldeasturias.com\/noticias\/ciudadanos-pide-una-solucion-a-la-gestion-de-la-lonja-de-aviles\/#breadcrumblist","itemListElement":[{"@type":"ListItem","@id":"https:\/\/www.eldigitaldeasturias.com\/noticias#listItem","position":1,"name":"Home","item":"https:\/\/www.eldigitaldeasturias.com\/noticias","nextItem":{"@type":"ListItem","@id":"https:\/\/www.eldigitaldeasturias.com\/noticias\/category\/actualidad-asturias\/#listItem","name":"Actualidad Asturias"}},{"@type":"ListItem","@id":"https:\/\/www.eldigitaldeasturias.com\/noticias\/category\/actualidad-asturias\/#listItem","position":2,"name":"Actualidad Asturias","item":"https:\/\/www.eldigitaldeasturias.com\/noticias\/category\/actualidad-asturias\/","nextItem":{"@type":"ListItem","@id":"https:\/\/www.eldigitaldeasturias.com\/noticias\/ciudadanos-pide-una-solucion-a-la-gestion-de-la-lonja-de-aviles\/#listItem","name":"Ciudadanos pide una soluci\u00f3n a la gesti\u00f3n de la lonja de Avil\u00e9s"},"previousItem":{"@type":"ListItem","@id":"https:\/\/www.eldigitaldeasturias.com\/noticias#listItem","name":"Home"}},{"@type":"ListItem","@id":"https:\/\/www.eldigitaldeasturias.com\/noticias\/ciudadanos-pide-una-solucion-a-la-gestion-de-la-lonja-de-aviles\/#listItem","position":3,"name":"Ciudadanos pide una soluci\u00f3n a la gesti\u00f3n de la lonja de Avil\u00e9s","previousItem":{"@type":"ListItem","@id":"https:\/\/www.eldigitaldeasturias.com\/noticias\/category\/actualidad-asturias\/#listItem","name":"Actualidad Asturias"}}]},{"@type":"Organization","@id":"https:\/\/www.eldigitaldeasturias.com\/noticias\/#organization","name":"El Digital de Asturias","description":"Hemeroteca","url":"https:\/\/www.eldigitaldeasturias.com\/noticias\/","email":"info@eldigitaldeasturias.com","telephone":"+34652131393","logo":{"@type":"ImageObject","url":"https:\/\/www.eldigitaldeasturias.com\/noticias\/wp-content\/uploads\/2020\/12\/EDA.jpg","@id":"https:\/\/www.eldigitaldeasturias.com\/noticias\/ciudadanos-pide-una-solucion-a-la-gestion-de-la-lonja-de-aviles\/#organizationLogo","width":649,"height":297},"image":{"@id":"https:\/\/www.eldigitaldeasturias.com\/noticias\/ciudadanos-pide-una-solucion-a-la-gestion-de-la-lonja-de-aviles\/#organizationLogo"},"sameAs":["https:\/\/facebook.com\/eldigitaldeasturias","https:\/\/www.youtube.com\/channel\/UCZP-2wLEB9Rv6erhFmqVnvg"],"address":{"@id":"https:\/\/www.eldigitaldeasturias.com\/noticias\/#postaladdress","@type":"PostalAddress","streetAddress":"san antonio 4,","postalCode":"33430","addressLocality":"Cand\u00e1s","addressRegion":"Asturias","addressCountry":"ES"}},{"@type":"Person","@id":"https:\/\/www.eldigitaldeasturias.com\/noticias\/author\/admin\/#author","url":"https:\/\/www.eldigitaldeasturias.com\/noticias\/author\/admin\/","name":"El Digital de Asturias","image":{"@type":"ImageObject","@id":"https:\/\/www.eldigitaldeasturias.com\/noticias\/ciudadanos-pide-una-solucion-a-la-gestion-de-la-lonja-de-aviles\/#authorImage","url":"https:\/\/www.eldigitaldeasturias.com\/noticias\/wp-content\/litespeed\/avatar\/18677e78aa0546b92d9dbf31ec7d7668.jpg?ver=1777290358","width":96,"height":96,"caption":"El Digital de Asturias"}},{"@type":"WebPage","@id":"https:\/\/www.eldigitaldeasturias.com\/noticias\/ciudadanos-pide-una-solucion-a-la-gestion-de-la-lonja-de-aviles\/#webpage","url":"https:\/\/www.eldigitaldeasturias.com\/noticias\/ciudadanos-pide-una-solucion-a-la-gestion-de-la-lonja-de-aviles\/","name":"Ciudadanos pide una soluci\u00f3n a la gesti\u00f3n de la lonja de Avil\u00e9s - El Digital de Asturias","description":"El portavoz de Ciudadanos en la Junta del Principado, Nicanor Garc\u00eda, ha pedido una soluci\u00f3n a la gesti\u00f3n de la lonja de Avil\u00e9s para que \"el beneficio no quede en manos de terceros\". Lo ha dicho en declaraciones a los periodistas este lunes tras reunirse con representantes de la Cofrad\u00eda de Pescadores Virgen de las","inLanguage":"es-ES","isPartOf":{"@id":"https:\/\/www.eldigitaldeasturias.com\/noticias\/#website"},"breadcrumb":{"@id":"https:\/\/www.eldigitaldeasturias.com\/noticias\/ciudadanos-pide-una-solucion-a-la-gestion-de-la-lonja-de-aviles\/#breadcrumblist"},"author":{"@id":"https:\/\/www.eldigitaldeasturias.com\/noticias\/author\/admin\/#author"},"creator":{"@id":"https:\/\/www.eldigitaldeasturias.com\/noticias\/author\/admin\/#author"},"image":{"@type":"ImageObject","url":"https:\/\/www.eldigitaldeasturias.com\/noticias\/wp-content\/uploads\/2015\/07\/Nicanor-CS.jpg","@id":"https:\/\/www.eldigitaldeasturias.com\/noticias\/ciudadanos-pide-una-solucion-a-la-gestion-de-la-lonja-de-aviles\/#mainImage","width":800,"height":600},"primaryImageOfPage":{"@id":"https:\/\/www.eldigitaldeasturias.com\/noticias\/ciudadanos-pide-una-solucion-a-la-gestion-de-la-lonja-de-aviles\/#mainImage"},"datePublished":"2016-02-23T05:45:50+01:00","dateModified":"2016-02-23T05:45:50+01:00"},{"@type":"WebSite","@id":"https:\/\/www.eldigitaldeasturias.com\/noticias\/#website","url":"https:\/\/www.eldigitaldeasturias.com\/noticias\/","name":"El Digital de Asturias - Diario de actualidad y noticias","alternateName":"El Digital de Asturias - Diario de actualidad y noticias","description":"Hemeroteca","inLanguage":"es-ES","publisher":{"@id":"https:\/\/www.eldigitaldeasturias.com\/noticias\/#organization"}}]},"og:locale":"es_ES","og:site_name":"El Digital de Asturias","og:type":"article","og:title":"Ciudadanos pide una soluci\u00f3n a la gesti\u00f3n de la lonja de Avil\u00e9s - El Digital de Asturias","og:description":"El portavoz de Ciudadanos en la Junta del Principado, Nicanor Garc\u00eda, ha pedido una soluci\u00f3n a la gesti\u00f3n de la lonja de Avil\u00e9s para que &quot;el beneficio no quede en manos de terceros&quot;. Lo ha dicho en declaraciones a los periodistas este lunes tras reunirse con representantes de la Cofrad\u00eda de Pescadores Virgen de las","og:url":"https:\/\/www.eldigitaldeasturias.com\/noticias\/ciudadanos-pide-una-solucion-a-la-gestion-de-la-lonja-de-aviles\/","og:image":"https:\/\/www.eldigitaldeasturias.com\/noticias\/wp-content\/uploads\/2015\/07\/Nicanor-CS.jpg","og:image:secure_url":"https:\/\/www.eldigitaldeasturias.com\/noticias\/wp-content\/uploads\/2015\/07\/Nicanor-CS.jpg","og:image:width":800,"og:image:height":600,"article:tag":["actualidad asturias"],"article:published_time":"2016-02-23T05:45:50+00:00","article:modified_time":"2016-02-23T05:45:50+00:00","article:publisher":"https:\/\/facebook.com\/eldigitaldeasturias","twitter:card":"summary_large_image","twitter:title":"Ciudadanos pide una soluci\u00f3n a la gesti\u00f3n de la lonja de Avil\u00e9s - El Digital de Asturias","twitter:description":"El portavoz de Ciudadanos en la Junta del Principado, Nicanor Garc\u00eda, ha pedido una soluci\u00f3n a la gesti\u00f3n de la lonja de Avil\u00e9s para que &quot;el beneficio no quede en manos de terceros&quot;. Lo ha dicho en declaraciones a los periodistas este lunes tras reunirse con representantes de la Cofrad\u00eda de Pescadores Virgen de las","twitter:image":"https:\/\/www.eldigitaldeasturias.com\/noticias\/wp-content\/uploads\/2015\/07\/Nicanor-CS.jpg","twitter:label1":"Escrito por","twitter:data1":"El Digital de Asturias","twitter:label2":"Tiempo de lectura estimado","twitter:data2":"1 minuto"},"aioseo_meta_data":{"post_id":"861180","title":null,"description":null,"keywords":null,"keyphrases":null,"primary_term":null,"canonical_url":null,"og_title":null,"og_description":null,"og_object_type":"default","og_image_type":"default","og_image_url":null,"og_image_width":null,"og_image_height":null,"og_image_custom_url":null,"og_image_custom_fields":null,"og_video":null,"og_custom_url":null,"og_article_section":null,"og_article_tags":null,"twitter_use_og":false,"twitter_card":"default","twitter_image_type":"default","twitter_image_url":null,"twitter_image_custom_url":null,"twitter_image_custom_fields":null,"twitter_title":null,"twitter_description":null,"schema":{"blockGraphs":[],"customGraphs":[],"default":{"data":{"Article":[],"Course":[],"Dataset":[],"FAQPage":[],"Movie":[],"Person":[],"Product":[],"ProductReview":[],"Car":[],"Recipe":[],"Service":[],"SoftwareApplication":[],"WebPage":[]},"graphName":"","isEnabled":true},"graphs":[],"defaultGraph":"","defaultPostTypeGraph":""},"schema_type":null,"schema_type_options":null,"pillar_content":false,"robots_default":true,"robots_noindex":false,"robots_noarchive":false,"robots_nosnippet":false,"robots_nofollow":false,"robots_noimageindex":false,"robots_noodp":false,"robots_notranslate":false,"robots_max_snippet":null,"robots_max_videopreview":null,"robots_max_imagepreview":"large","priority":null,"frequency":null,"local_seo":null,"seo_analyzer_scan_date":"2025-12-10 20:22:54","breadcrumb_settings":null,"limit_modified_date":false,"open_ai":null,"ai":null,"created":"2021-01-22 01:42:42","updated":"2025-12-10 20:22:54"},"aioseo_breadcrumb":"<div class=\"aioseo-breadcrumbs\"><span class=\"aioseo-breadcrumb\">\n\t<a href=\"https:\/\/www.eldigitaldeasturias.com\/noticias\" title=\"Home\">Home<\/a>\n<\/span><span class=\"aioseo-breadcrumb-separator\">\u2013<\/span><span class=\"aioseo-breadcrumb\">\n\t<a href=\"https:\/\/www.eldigitaldeasturias.com\/noticias\/category\/actualidad-asturias\/\" title=\"Actualidad Asturias\">Actualidad Asturias<\/a>\n<\/span><span class=\"aioseo-breadcrumb-separator\">\u2013<\/span><span class=\"aioseo-breadcrumb\">\n\t<a href=\"https:\/\/www.eldigitaldeasturias.com\/noticias\/ciudadanos-pide-una-solucion-a-la-gestion-de-la-lonja-de-aviles\/\" title=\"Ciudadanos pide una soluci\u00f3n a la gesti\u00f3n de la lonja de Avil\u00e9s\">Ciudadanos pide una soluci\u00f3n a la gesti\u00f3n de la lonja de Avil\u00e9s<\/a>\n<\/span><\/div>","aioseo_breadcrumb_json":[{"label":"Home","link":"https:\/\/www.eldigitaldeasturias.com\/noticias"},{"label":"Actualidad Asturias","link":"https:\/\/www.eldigitaldeasturias.com\/noticias\/category\/actualidad-asturias\/"},{"label":"Ciudadanos pide una soluci\u00f3n a la gesti\u00f3n de la lonja de Avil\u00e9s","link":"https:\/\/www.eldigitaldeasturias.com\/noticias\/ciudadanos-pide-una-solucion-a-la-gestion-de-la-lonja-de-aviles\/"}],"_links":{"self":[{"href":"https:\/\/www.eldigitaldeasturias.com\/noticias\/wp-json\/wp\/v2\/posts\/861180","targetHints":{"allow":["GET"]}}],"collection":[{"href":"https:\/\/www.eldigitaldeasturias.com\/noticias\/wp-json\/wp\/v2\/posts"}],"about":[{"href":"https:\/\/www.eldigitaldeasturias.com\/noticias\/wp-json\/wp\/v2\/types\/post"}],"author":[{"embeddable":true,"href":"https:\/\/www.eldigitaldeasturias.com\/noticias\/wp-json\/wp\/v2\/users\/1"}],"replies":[{"embeddable":true,"href":"https:\/\/www.eldigitaldeasturias.com\/noticias\/wp-json\/wp\/v2\/comments?post=861180"}],"version-history":[{"count":0,"href":"https:\/\/www.eldigitaldeasturias.com\/noticias\/wp-json\/wp\/v2\/posts\/861180\/revisions"}],"wp:featuredmedia":[{"embeddable":true,"href":"https:\/\/www.eldigitaldeasturias.com\/noticias\/wp-json\/wp\/v2\/media\/798326"}],"wp:attachment":[{"href":"https:\/\/www.eldigitaldeasturias.com\/noticias\/wp-json\/wp\/v2\/media?parent=861180"}],"wp:term":[{"taxonomy":"category","embeddable":true,"href":"https:\/\/www.eldigitaldeasturias.com\/noticias\/wp-json\/wp\/v2\/categories?post=861180"},{"taxonomy":"post_tag","embeddable":true,"href":"https:\/\/www.eldigitaldeasturias.com\/noticias\/wp-json\/wp\/v2\/tags?post=861180"}],"curies":[{"name":"wp","href":"https:\/\/api.w.org\/{rel}","templated":true}]}}