{"id":861178,"date":"2016-02-23T05:44:09","date_gmt":"2016-02-23T05:44:09","guid":{"rendered":"http:\/\/www.eldigitaldeasturias.com\/noticias\/?p=861178"},"modified":"2016-02-23T05:44:09","modified_gmt":"2016-02-23T05:44:09","slug":"podemos-no-permitira-ningun-cierre-de-mina-sin-alternativa-fehaciente-y-real","status":"publish","type":"post","link":"https:\/\/www.eldigitaldeasturias.com\/noticias\/podemos-no-permitira-ningun-cierre-de-mina-sin-alternativa-fehaciente-y-real\/","title":{"rendered":"Podemos no permitir\u00e1 \u00abningun cierre de mina sin alternativa fehaciente y real\u00bb"},"content":{"rendered":"<p><img loading=\"lazy\" decoding=\"async\" class=\"alignleft size-medium wp-image-1018\" src=\"https:\/\/www.eldigitaldeasturias.com\/noticias\/wp-content\/uploads\/2013\/09\/carbon_20130920131909_800-360x240.jpg\" alt=\"carbon_20130920131909_800\" width=\"360\" height=\"240\" srcset=\"https:\/\/www.eldigitaldeasturias.com\/noticias\/wp-content\/uploads\/2013\/09\/carbon_20130920131909_800-360x240.jpg 360w, https:\/\/www.eldigitaldeasturias.com\/noticias\/wp-content\/uploads\/2013\/09\/carbon_20130920131909_800-650x433.jpg 650w, https:\/\/www.eldigitaldeasturias.com\/noticias\/wp-content\/uploads\/2013\/09\/carbon_20130920131909_800-84x55.jpg 84w, https:\/\/www.eldigitaldeasturias.com\/noticias\/wp-content\/uploads\/2013\/09\/carbon_20130920131909_800-49x32.jpg 49w, https:\/\/www.eldigitaldeasturias.com\/noticias\/wp-content\/uploads\/2013\/09\/carbon_20130920131909_800.jpg 750w\" sizes=\"auto, (max-width: 360px) 100vw, 360px\" \/>Podemos ha advertido este lunes que no permitir\u00e1 \u00abning\u00fan cierre de mina sin alterantiva fehaciente y real\u00bb, y defiende que \u00abmientras se necesite quemar carb\u00f3n, se use carb\u00f3n aut\u00f3ctono, y esto se puede hacer en paralelo con la transici\u00f3n energ\u00e9tica que tanto se necesita\u00bb.<\/p>\n<p>As\u00ed se ha exlicado la eurodiputada de Podemos, la asturiana Estefan\u00eda Torres en una nota de prensa. La formaci\u00f3n ha remitido este lunes una pregunta a la Comisi\u00f3n Europea en la que le reclama saber si el Gobierno de Espa\u00f1a le ha remitido el plan del carb\u00f3n.<\/p>\n<p>\u00ab\u00bfHa recibido la Comisi\u00f3n alguna comunicaci\u00f3n formal relativa al Plan del Carb\u00f3n acordado entre el gobierno espa\u00f1ol y el sector minero, que deb\u00eda aplicarse de 2015 en adelante? Y, en caso afirmativo, \u00bfcu\u00e1l es la valoraci\u00f3n que hace la Comisi\u00f3n del mismo?\u00bb, pregunta Podemos a esta instituci\u00f3n europea.<\/p>\n<p>Podemos recuerda que el \u00abGobierno espa\u00f1ol se comprometi\u00f3 en 2013 con el sector minero a establecer un nuevo marco de actuaci\u00f3n que habr\u00eda de aplicarse desde el 1 de enero de 2015\u00bb, recuerda la pregunta, para lo cual, a\u00f1ade, \u00abel gobierno deb\u00eda enviar la orden ministerial correspondiente a la Comisi\u00f3n Europea\u00bb. Sin embargo, advierte Podemos a la Comisi\u00f3n, \u00abparece que no ha sido as\u00ed porque tanto la Asociaci\u00f3n de Comarcas Mineras (Acom) como la patronal del sector (Carbuni\u00f3n) han denunciado recientemente que el gobierno no ha hecho dicha gesti\u00f3n\u00bb.<\/p>\n<p>TRANSICI\u00d3N SOSTENIBLE<\/p>\n<p>Al respecto, Torres ha insistido que Podemos defiende \u00abuna transici\u00f3n energ\u00e9tica sostenible que mantenga los puestos de trabajo\u00bb. Asegura en este l\u00ednea que desde Podemos se apuesta \u00abpor un nuevo modelo energ\u00e9tico m\u00e1s sostenible y comprometido con el medioambiente\u00bb. \u00abCon todo, tenemos muy claro que nuestra prioridad es la gente: sus condiciones de vida y sus oportunidades de trabajo. Las alternativas laborales pueden ser muchas y requieren de una planificaci\u00f3n pol\u00edtica seria y comprometida y, sobre todo, que repensemos el modelo productivo y que limpiemos de corrupci\u00f3n las instituciones\u00bb, ha a\u00f1adido.<\/p>\n<p>La pregunta recuerda que \u00aben diciembre de 2010, el Consejo Europeo adopt\u00f3 la Decisi\u00f3n relativa a las ayudas estatales destinadas a facilitar el cierre de minas de carb\u00f3n no competitivas\u00bb, una decisi\u00f3n que \u00absupone el cierre de las minas no competitivas hasta 2018 como muy tarde\u00bb.<\/p>\n<p>El gobierno espa\u00f1ol se comprometi\u00f3 en 2010 a establecer \u00abuna serie de mecanismos para mantener la actividad minera e industrial relacionada a medio plazo y reducir el grave impacto socioecon\u00f3mico en las regiones mineras derivado del cierre de explotaciones\u00bb, asegura la eurodiputada y portavoz de Podemos en la Euroc\u00e1mara Tania Gonz\u00e1lez Pe\u00f1as.<\/p>\n<p>\u00abLa gente de las cuencas mineras sabe que quienes han acabado con la miner\u00eda y han robado o malgastado cientos de millones de euros y una gran oportunidad para Asturias con los fondos mineros, han sido el PSOE y el PP\u00bb, a\u00f1ade Gonz\u00e1lez Pe\u00f1as.<\/p>\n","protected":false},"excerpt":{"rendered":"<p>Podemos ha advertido este lunes que no permitir\u00e1 \u00abning\u00fan cierre de mina sin alterantiva fehaciente y real\u00bb, y defiende que \u00abmientras se necesite quemar carb\u00f3n, se use carb\u00f3n aut\u00f3ctono, y esto se puede hacer en paralelo con la transici\u00f3n energ\u00e9tica que tanto se necesita\u00bb. As\u00ed se ha exlicado la eurodiputada de Podemos, la asturiana Estefan\u00eda [&hellip;]<\/p>\n","protected":false},"author":1,"featured_media":1018,"comment_status":"closed","ping_status":"closed","sticky":false,"template":"","format":"standard","meta":{"footnotes":""},"categories":[12],"tags":[],"class_list":["post-861178","post","type-post","status-publish","format-standard","has-post-thumbnail","hentry","category-actualidad-asturias"],"aioseo_notices":[],"aioseo_head":"\n\t\t<!-- All in One SEO Pro 4.9.6.2 - aioseo.com -->\n\t<meta name=\"description\" content=\"Podemos ha advertido este lunes que no permitir\u00e1 &quot;ning\u00fan cierre de mina sin alterantiva fehaciente y real&quot;, y defiende que &quot;mientras se necesite quemar carb\u00f3n, se use carb\u00f3n aut\u00f3ctono, y esto se puede hacer en paralelo con la transici\u00f3n energ\u00e9tica que tanto se necesita&quot;. As\u00ed se ha exlicado la eurodiputada de Podemos, la asturiana Estefan\u00eda\" \/>\n\t<meta name=\"robots\" content=\"max-image-preview:large\" \/>\n\t<meta name=\"author\" content=\"El Digital de Asturias\"\/>\n\t<meta name=\"google-site-verification\" content=\"UA-38556648-1\" \/>\n\t<meta name=\"msvalidate.01\" content=\"7dfe9f3f1b24437ab69f4f2559babe99\" \/>\n\t<meta name=\"keywords\" content=\"actualidad asturias\" \/>\n\t<link rel=\"canonical\" href=\"https:\/\/www.eldigitaldeasturias.com\/noticias\/podemos-no-permitira-ningun-cierre-de-mina-sin-alternativa-fehaciente-y-real\/\" \/>\n\t<meta name=\"generator\" content=\"All in One SEO Pro (AIOSEO) 4.9.6.2\" \/>\n\t\t<meta property=\"og:locale\" content=\"es_ES\" \/>\n\t\t<meta property=\"og:site_name\" content=\"El Digital de Asturias\" \/>\n\t\t<meta property=\"og:type\" content=\"article\" \/>\n\t\t<meta property=\"og:title\" content=\"Podemos no permitir\u00e1 \u00abningun cierre de mina sin alternativa fehaciente y real\u00bb - El Digital de Asturias\" \/>\n\t\t<meta property=\"og:description\" content=\"Podemos ha advertido este lunes que no permitir\u00e1 &quot;ning\u00fan cierre de mina sin alterantiva fehaciente y real&quot;, y defiende que &quot;mientras se necesite quemar carb\u00f3n, se use carb\u00f3n aut\u00f3ctono, y esto se puede hacer en paralelo con la transici\u00f3n energ\u00e9tica que tanto se necesita&quot;. As\u00ed se ha exlicado la eurodiputada de Podemos, la asturiana Estefan\u00eda\" \/>\n\t\t<meta property=\"og:url\" content=\"https:\/\/www.eldigitaldeasturias.com\/noticias\/podemos-no-permitira-ningun-cierre-de-mina-sin-alternativa-fehaciente-y-real\/\" \/>\n\t\t<meta property=\"og:image\" content=\"https:\/\/www.eldigitaldeasturias.com\/noticias\/wp-content\/uploads\/2013\/09\/carbon_20130920131909_800.jpg\" \/>\n\t\t<meta property=\"og:image:secure_url\" content=\"https:\/\/www.eldigitaldeasturias.com\/noticias\/wp-content\/uploads\/2013\/09\/carbon_20130920131909_800.jpg\" \/>\n\t\t<meta property=\"og:image:width\" content=\"750\" \/>\n\t\t<meta property=\"og:image:height\" content=\"500\" \/>\n\t\t<meta property=\"article:tag\" content=\"actualidad asturias\" \/>\n\t\t<meta property=\"article:published_time\" content=\"2016-02-23T05:44:09+00:00\" \/>\n\t\t<meta property=\"article:modified_time\" content=\"2016-02-23T05:44:09+00:00\" \/>\n\t\t<meta property=\"article:publisher\" content=\"https:\/\/facebook.com\/eldigitaldeasturias\" \/>\n\t\t<meta name=\"twitter:card\" content=\"summary_large_image\" \/>\n\t\t<meta name=\"twitter:title\" content=\"Podemos no permitir\u00e1 \u00abningun cierre de mina sin alternativa fehaciente y real\u00bb - El Digital de Asturias\" \/>\n\t\t<meta name=\"twitter:description\" content=\"Podemos ha advertido este lunes que no permitir\u00e1 &quot;ning\u00fan cierre de mina sin alterantiva fehaciente y real&quot;, y defiende que &quot;mientras se necesite quemar carb\u00f3n, se use carb\u00f3n aut\u00f3ctono, y esto se puede hacer en paralelo con la transici\u00f3n energ\u00e9tica que tanto se necesita&quot;. As\u00ed se ha exlicado la eurodiputada de Podemos, la asturiana Estefan\u00eda\" \/>\n\t\t<meta name=\"twitter:image\" content=\"https:\/\/www.eldigitaldeasturias.com\/noticias\/wp-content\/uploads\/2013\/09\/carbon_20130920131909_800.jpg\" \/>\n\t\t<meta name=\"twitter:label1\" content=\"Escrito por\" \/>\n\t\t<meta name=\"twitter:data1\" content=\"El Digital de Asturias\" \/>\n\t\t<meta name=\"twitter:label2\" content=\"Tiempo de lectura estimado\" \/>\n\t\t<meta name=\"twitter:data2\" content=\"3 minutos\" \/>\n\t\t<script type=\"application\/ld+json\" class=\"aioseo-schema\">\n\t\t\t{\"@context\":\"https:\\\/\\\/schema.org\",\"@graph\":[{\"@type\":\"BlogPosting\",\"@id\":\"https:\\\/\\\/www.eldigitaldeasturias.com\\\/noticias\\\/podemos-no-permitira-ningun-cierre-de-mina-sin-alternativa-fehaciente-y-real\\\/#blogposting\",\"name\":\"Podemos no permitir\\u00e1 \\u00abningun cierre de mina sin alternativa fehaciente y real\\u00bb - El Digital de Asturias\",\"headline\":\"Podemos no permitir\\u00e1 \\u00abningun cierre de mina sin alternativa fehaciente y real\\u00bb\",\"author\":{\"@id\":\"https:\\\/\\\/www.eldigitaldeasturias.com\\\/noticias\\\/author\\\/admin\\\/#author\"},\"publisher\":{\"@id\":\"https:\\\/\\\/www.eldigitaldeasturias.com\\\/noticias\\\/#organization\"},\"image\":{\"@type\":\"ImageObject\",\"url\":\"https:\\\/\\\/www.eldigitaldeasturias.com\\\/noticias\\\/wp-content\\\/uploads\\\/2013\\\/09\\\/carbon_20130920131909_800.jpg\",\"width\":750,\"height\":500},\"datePublished\":\"2016-02-23T05:44:09+01:00\",\"dateModified\":\"2016-02-23T05:44:09+01:00\",\"inLanguage\":\"es-ES\",\"mainEntityOfPage\":{\"@id\":\"https:\\\/\\\/www.eldigitaldeasturias.com\\\/noticias\\\/podemos-no-permitira-ningun-cierre-de-mina-sin-alternativa-fehaciente-y-real\\\/#webpage\"},\"isPartOf\":{\"@id\":\"https:\\\/\\\/www.eldigitaldeasturias.com\\\/noticias\\\/podemos-no-permitira-ningun-cierre-de-mina-sin-alternativa-fehaciente-y-real\\\/#webpage\"},\"articleSection\":\"Actualidad Asturias\"},{\"@type\":\"BreadcrumbList\",\"@id\":\"https:\\\/\\\/www.eldigitaldeasturias.com\\\/noticias\\\/podemos-no-permitira-ningun-cierre-de-mina-sin-alternativa-fehaciente-y-real\\\/#breadcrumblist\",\"itemListElement\":[{\"@type\":\"ListItem\",\"@id\":\"https:\\\/\\\/www.eldigitaldeasturias.com\\\/noticias#listItem\",\"position\":1,\"name\":\"Home\",\"item\":\"https:\\\/\\\/www.eldigitaldeasturias.com\\\/noticias\",\"nextItem\":{\"@type\":\"ListItem\",\"@id\":\"https:\\\/\\\/www.eldigitaldeasturias.com\\\/noticias\\\/category\\\/actualidad-asturias\\\/#listItem\",\"name\":\"Actualidad Asturias\"}},{\"@type\":\"ListItem\",\"@id\":\"https:\\\/\\\/www.eldigitaldeasturias.com\\\/noticias\\\/category\\\/actualidad-asturias\\\/#listItem\",\"position\":2,\"name\":\"Actualidad Asturias\",\"item\":\"https:\\\/\\\/www.eldigitaldeasturias.com\\\/noticias\\\/category\\\/actualidad-asturias\\\/\",\"nextItem\":{\"@type\":\"ListItem\",\"@id\":\"https:\\\/\\\/www.eldigitaldeasturias.com\\\/noticias\\\/podemos-no-permitira-ningun-cierre-de-mina-sin-alternativa-fehaciente-y-real\\\/#listItem\",\"name\":\"Podemos no permitir\\u00e1 \\u00abningun cierre de mina sin alternativa fehaciente y real\\u00bb\"},\"previousItem\":{\"@type\":\"ListItem\",\"@id\":\"https:\\\/\\\/www.eldigitaldeasturias.com\\\/noticias#listItem\",\"name\":\"Home\"}},{\"@type\":\"ListItem\",\"@id\":\"https:\\\/\\\/www.eldigitaldeasturias.com\\\/noticias\\\/podemos-no-permitira-ningun-cierre-de-mina-sin-alternativa-fehaciente-y-real\\\/#listItem\",\"position\":3,\"name\":\"Podemos no permitir\\u00e1 \\u00abningun cierre de mina sin alternativa fehaciente y real\\u00bb\",\"previousItem\":{\"@type\":\"ListItem\",\"@id\":\"https:\\\/\\\/www.eldigitaldeasturias.com\\\/noticias\\\/category\\\/actualidad-asturias\\\/#listItem\",\"name\":\"Actualidad Asturias\"}}]},{\"@type\":\"Organization\",\"@id\":\"https:\\\/\\\/www.eldigitaldeasturias.com\\\/noticias\\\/#organization\",\"name\":\"El Digital de Asturias\",\"description\":\"Hemeroteca\",\"url\":\"https:\\\/\\\/www.eldigitaldeasturias.com\\\/noticias\\\/\",\"email\":\"info@eldigitaldeasturias.com\",\"telephone\":\"+34652131393\",\"logo\":{\"@type\":\"ImageObject\",\"url\":\"https:\\\/\\\/www.eldigitaldeasturias.com\\\/noticias\\\/wp-content\\\/uploads\\\/2020\\\/12\\\/EDA.jpg\",\"@id\":\"https:\\\/\\\/www.eldigitaldeasturias.com\\\/noticias\\\/podemos-no-permitira-ningun-cierre-de-mina-sin-alternativa-fehaciente-y-real\\\/#organizationLogo\",\"width\":649,\"height\":297},\"image\":{\"@id\":\"https:\\\/\\\/www.eldigitaldeasturias.com\\\/noticias\\\/podemos-no-permitira-ningun-cierre-de-mina-sin-alternativa-fehaciente-y-real\\\/#organizationLogo\"},\"sameAs\":[\"https:\\\/\\\/facebook.com\\\/eldigitaldeasturias\",\"https:\\\/\\\/www.youtube.com\\\/channel\\\/UCZP-2wLEB9Rv6erhFmqVnvg\"],\"address\":{\"@id\":\"https:\\\/\\\/www.eldigitaldeasturias.com\\\/noticias\\\/#postaladdress\",\"@type\":\"PostalAddress\",\"streetAddress\":\"san antonio 4,\",\"postalCode\":\"33430\",\"addressLocality\":\"Cand\\u00e1s\",\"addressRegion\":\"Asturias\",\"addressCountry\":\"ES\"}},{\"@type\":\"Person\",\"@id\":\"https:\\\/\\\/www.eldigitaldeasturias.com\\\/noticias\\\/author\\\/admin\\\/#author\",\"url\":\"https:\\\/\\\/www.eldigitaldeasturias.com\\\/noticias\\\/author\\\/admin\\\/\",\"name\":\"El Digital de Asturias\",\"image\":{\"@type\":\"ImageObject\",\"@id\":\"https:\\\/\\\/www.eldigitaldeasturias.com\\\/noticias\\\/podemos-no-permitira-ningun-cierre-de-mina-sin-alternativa-fehaciente-y-real\\\/#authorImage\",\"url\":\"https:\\\/\\\/www.eldigitaldeasturias.com\\\/noticias\\\/wp-content\\\/litespeed\\\/avatar\\\/18677e78aa0546b92d9dbf31ec7d7668.jpg?ver=1777290358\",\"width\":96,\"height\":96,\"caption\":\"El Digital de Asturias\"}},{\"@type\":\"WebPage\",\"@id\":\"https:\\\/\\\/www.eldigitaldeasturias.com\\\/noticias\\\/podemos-no-permitira-ningun-cierre-de-mina-sin-alternativa-fehaciente-y-real\\\/#webpage\",\"url\":\"https:\\\/\\\/www.eldigitaldeasturias.com\\\/noticias\\\/podemos-no-permitira-ningun-cierre-de-mina-sin-alternativa-fehaciente-y-real\\\/\",\"name\":\"Podemos no permitir\\u00e1 \\u00abningun cierre de mina sin alternativa fehaciente y real\\u00bb - El Digital de Asturias\",\"description\":\"Podemos ha advertido este lunes que no permitir\\u00e1 \\\"ning\\u00fan cierre de mina sin alterantiva fehaciente y real\\\", y defiende que \\\"mientras se necesite quemar carb\\u00f3n, se use carb\\u00f3n aut\\u00f3ctono, y esto se puede hacer en paralelo con la transici\\u00f3n energ\\u00e9tica que tanto se necesita\\\". As\\u00ed se ha exlicado la eurodiputada de Podemos, la asturiana Estefan\\u00eda\",\"inLanguage\":\"es-ES\",\"isPartOf\":{\"@id\":\"https:\\\/\\\/www.eldigitaldeasturias.com\\\/noticias\\\/#website\"},\"breadcrumb\":{\"@id\":\"https:\\\/\\\/www.eldigitaldeasturias.com\\\/noticias\\\/podemos-no-permitira-ningun-cierre-de-mina-sin-alternativa-fehaciente-y-real\\\/#breadcrumblist\"},\"author\":{\"@id\":\"https:\\\/\\\/www.eldigitaldeasturias.com\\\/noticias\\\/author\\\/admin\\\/#author\"},\"creator\":{\"@id\":\"https:\\\/\\\/www.eldigitaldeasturias.com\\\/noticias\\\/author\\\/admin\\\/#author\"},\"image\":{\"@type\":\"ImageObject\",\"url\":\"https:\\\/\\\/www.eldigitaldeasturias.com\\\/noticias\\\/wp-content\\\/uploads\\\/2013\\\/09\\\/carbon_20130920131909_800.jpg\",\"@id\":\"https:\\\/\\\/www.eldigitaldeasturias.com\\\/noticias\\\/podemos-no-permitira-ningun-cierre-de-mina-sin-alternativa-fehaciente-y-real\\\/#mainImage\",\"width\":750,\"height\":500},\"primaryImageOfPage\":{\"@id\":\"https:\\\/\\\/www.eldigitaldeasturias.com\\\/noticias\\\/podemos-no-permitira-ningun-cierre-de-mina-sin-alternativa-fehaciente-y-real\\\/#mainImage\"},\"datePublished\":\"2016-02-23T05:44:09+01:00\",\"dateModified\":\"2016-02-23T05:44:09+01:00\"},{\"@type\":\"WebSite\",\"@id\":\"https:\\\/\\\/www.eldigitaldeasturias.com\\\/noticias\\\/#website\",\"url\":\"https:\\\/\\\/www.eldigitaldeasturias.com\\\/noticias\\\/\",\"name\":\"El Digital de Asturias - Diario de actualidad y noticias\",\"alternateName\":\"El Digital de Asturias - Diario de actualidad y noticias\",\"description\":\"Hemeroteca\",\"inLanguage\":\"es-ES\",\"publisher\":{\"@id\":\"https:\\\/\\\/www.eldigitaldeasturias.com\\\/noticias\\\/#organization\"}}]}\n\t\t<\/script>\n\t\t<!-- All in One SEO Pro -->\r\n\t\t<title>Podemos no permitir\u00e1 \u00abningun cierre de mina sin alternativa fehaciente y real\u00bb - El Digital de Asturias<\/title>\n\n","aioseo_head_json":{"title":"Podemos no permitir\u00e1 \u00abningun cierre de mina sin alternativa fehaciente y real\u00bb - El Digital de Asturias","description":"Podemos ha advertido este lunes que no permitir\u00e1 \"ning\u00fan cierre de mina sin alterantiva fehaciente y real\", y defiende que \"mientras se necesite quemar carb\u00f3n, se use carb\u00f3n aut\u00f3ctono, y esto se puede hacer en paralelo con la transici\u00f3n energ\u00e9tica que tanto se necesita\". As\u00ed se ha exlicado la eurodiputada de Podemos, la asturiana Estefan\u00eda","canonical_url":"https:\/\/www.eldigitaldeasturias.com\/noticias\/podemos-no-permitira-ningun-cierre-de-mina-sin-alternativa-fehaciente-y-real\/","robots":"max-image-preview:large","keywords":"actualidad asturias","webmasterTools":{"google-site-verification":"UA-38556648-1","msvalidate.01":"7dfe9f3f1b24437ab69f4f2559babe99","miscellaneous":""},"schema":{"@context":"https:\/\/schema.org","@graph":[{"@type":"BlogPosting","@id":"https:\/\/www.eldigitaldeasturias.com\/noticias\/podemos-no-permitira-ningun-cierre-de-mina-sin-alternativa-fehaciente-y-real\/#blogposting","name":"Podemos no permitir\u00e1 \u00abningun cierre de mina sin alternativa fehaciente y real\u00bb - El Digital de Asturias","headline":"Podemos no permitir\u00e1 \u00abningun cierre de mina sin alternativa fehaciente y real\u00bb","author":{"@id":"https:\/\/www.eldigitaldeasturias.com\/noticias\/author\/admin\/#author"},"publisher":{"@id":"https:\/\/www.eldigitaldeasturias.com\/noticias\/#organization"},"image":{"@type":"ImageObject","url":"https:\/\/www.eldigitaldeasturias.com\/noticias\/wp-content\/uploads\/2013\/09\/carbon_20130920131909_800.jpg","width":750,"height":500},"datePublished":"2016-02-23T05:44:09+01:00","dateModified":"2016-02-23T05:44:09+01:00","inLanguage":"es-ES","mainEntityOfPage":{"@id":"https:\/\/www.eldigitaldeasturias.com\/noticias\/podemos-no-permitira-ningun-cierre-de-mina-sin-alternativa-fehaciente-y-real\/#webpage"},"isPartOf":{"@id":"https:\/\/www.eldigitaldeasturias.com\/noticias\/podemos-no-permitira-ningun-cierre-de-mina-sin-alternativa-fehaciente-y-real\/#webpage"},"articleSection":"Actualidad Asturias"},{"@type":"BreadcrumbList","@id":"https:\/\/www.eldigitaldeasturias.com\/noticias\/podemos-no-permitira-ningun-cierre-de-mina-sin-alternativa-fehaciente-y-real\/#breadcrumblist","itemListElement":[{"@type":"ListItem","@id":"https:\/\/www.eldigitaldeasturias.com\/noticias#listItem","position":1,"name":"Home","item":"https:\/\/www.eldigitaldeasturias.com\/noticias","nextItem":{"@type":"ListItem","@id":"https:\/\/www.eldigitaldeasturias.com\/noticias\/category\/actualidad-asturias\/#listItem","name":"Actualidad Asturias"}},{"@type":"ListItem","@id":"https:\/\/www.eldigitaldeasturias.com\/noticias\/category\/actualidad-asturias\/#listItem","position":2,"name":"Actualidad Asturias","item":"https:\/\/www.eldigitaldeasturias.com\/noticias\/category\/actualidad-asturias\/","nextItem":{"@type":"ListItem","@id":"https:\/\/www.eldigitaldeasturias.com\/noticias\/podemos-no-permitira-ningun-cierre-de-mina-sin-alternativa-fehaciente-y-real\/#listItem","name":"Podemos no permitir\u00e1 \u00abningun cierre de mina sin alternativa fehaciente y real\u00bb"},"previousItem":{"@type":"ListItem","@id":"https:\/\/www.eldigitaldeasturias.com\/noticias#listItem","name":"Home"}},{"@type":"ListItem","@id":"https:\/\/www.eldigitaldeasturias.com\/noticias\/podemos-no-permitira-ningun-cierre-de-mina-sin-alternativa-fehaciente-y-real\/#listItem","position":3,"name":"Podemos no permitir\u00e1 \u00abningun cierre de mina sin alternativa fehaciente y real\u00bb","previousItem":{"@type":"ListItem","@id":"https:\/\/www.eldigitaldeasturias.com\/noticias\/category\/actualidad-asturias\/#listItem","name":"Actualidad Asturias"}}]},{"@type":"Organization","@id":"https:\/\/www.eldigitaldeasturias.com\/noticias\/#organization","name":"El Digital de Asturias","description":"Hemeroteca","url":"https:\/\/www.eldigitaldeasturias.com\/noticias\/","email":"info@eldigitaldeasturias.com","telephone":"+34652131393","logo":{"@type":"ImageObject","url":"https:\/\/www.eldigitaldeasturias.com\/noticias\/wp-content\/uploads\/2020\/12\/EDA.jpg","@id":"https:\/\/www.eldigitaldeasturias.com\/noticias\/podemos-no-permitira-ningun-cierre-de-mina-sin-alternativa-fehaciente-y-real\/#organizationLogo","width":649,"height":297},"image":{"@id":"https:\/\/www.eldigitaldeasturias.com\/noticias\/podemos-no-permitira-ningun-cierre-de-mina-sin-alternativa-fehaciente-y-real\/#organizationLogo"},"sameAs":["https:\/\/facebook.com\/eldigitaldeasturias","https:\/\/www.youtube.com\/channel\/UCZP-2wLEB9Rv6erhFmqVnvg"],"address":{"@id":"https:\/\/www.eldigitaldeasturias.com\/noticias\/#postaladdress","@type":"PostalAddress","streetAddress":"san antonio 4,","postalCode":"33430","addressLocality":"Cand\u00e1s","addressRegion":"Asturias","addressCountry":"ES"}},{"@type":"Person","@id":"https:\/\/www.eldigitaldeasturias.com\/noticias\/author\/admin\/#author","url":"https:\/\/www.eldigitaldeasturias.com\/noticias\/author\/admin\/","name":"El Digital de Asturias","image":{"@type":"ImageObject","@id":"https:\/\/www.eldigitaldeasturias.com\/noticias\/podemos-no-permitira-ningun-cierre-de-mina-sin-alternativa-fehaciente-y-real\/#authorImage","url":"https:\/\/www.eldigitaldeasturias.com\/noticias\/wp-content\/litespeed\/avatar\/18677e78aa0546b92d9dbf31ec7d7668.jpg?ver=1777290358","width":96,"height":96,"caption":"El Digital de Asturias"}},{"@type":"WebPage","@id":"https:\/\/www.eldigitaldeasturias.com\/noticias\/podemos-no-permitira-ningun-cierre-de-mina-sin-alternativa-fehaciente-y-real\/#webpage","url":"https:\/\/www.eldigitaldeasturias.com\/noticias\/podemos-no-permitira-ningun-cierre-de-mina-sin-alternativa-fehaciente-y-real\/","name":"Podemos no permitir\u00e1 \u00abningun cierre de mina sin alternativa fehaciente y real\u00bb - El Digital de Asturias","description":"Podemos ha advertido este lunes que no permitir\u00e1 \"ning\u00fan cierre de mina sin alterantiva fehaciente y real\", y defiende que \"mientras se necesite quemar carb\u00f3n, se use carb\u00f3n aut\u00f3ctono, y esto se puede hacer en paralelo con la transici\u00f3n energ\u00e9tica que tanto se necesita\". As\u00ed se ha exlicado la eurodiputada de Podemos, la asturiana Estefan\u00eda","inLanguage":"es-ES","isPartOf":{"@id":"https:\/\/www.eldigitaldeasturias.com\/noticias\/#website"},"breadcrumb":{"@id":"https:\/\/www.eldigitaldeasturias.com\/noticias\/podemos-no-permitira-ningun-cierre-de-mina-sin-alternativa-fehaciente-y-real\/#breadcrumblist"},"author":{"@id":"https:\/\/www.eldigitaldeasturias.com\/noticias\/author\/admin\/#author"},"creator":{"@id":"https:\/\/www.eldigitaldeasturias.com\/noticias\/author\/admin\/#author"},"image":{"@type":"ImageObject","url":"https:\/\/www.eldigitaldeasturias.com\/noticias\/wp-content\/uploads\/2013\/09\/carbon_20130920131909_800.jpg","@id":"https:\/\/www.eldigitaldeasturias.com\/noticias\/podemos-no-permitira-ningun-cierre-de-mina-sin-alternativa-fehaciente-y-real\/#mainImage","width":750,"height":500},"primaryImageOfPage":{"@id":"https:\/\/www.eldigitaldeasturias.com\/noticias\/podemos-no-permitira-ningun-cierre-de-mina-sin-alternativa-fehaciente-y-real\/#mainImage"},"datePublished":"2016-02-23T05:44:09+01:00","dateModified":"2016-02-23T05:44:09+01:00"},{"@type":"WebSite","@id":"https:\/\/www.eldigitaldeasturias.com\/noticias\/#website","url":"https:\/\/www.eldigitaldeasturias.com\/noticias\/","name":"El Digital de Asturias - Diario de actualidad y noticias","alternateName":"El Digital de Asturias - Diario de actualidad y noticias","description":"Hemeroteca","inLanguage":"es-ES","publisher":{"@id":"https:\/\/www.eldigitaldeasturias.com\/noticias\/#organization"}}]},"og:locale":"es_ES","og:site_name":"El Digital de Asturias","og:type":"article","og:title":"Podemos no permitir\u00e1 \u00abningun cierre de mina sin alternativa fehaciente y real\u00bb - El Digital de Asturias","og:description":"Podemos ha advertido este lunes que no permitir\u00e1 &quot;ning\u00fan cierre de mina sin alterantiva fehaciente y real&quot;, y defiende que &quot;mientras se necesite quemar carb\u00f3n, se use carb\u00f3n aut\u00f3ctono, y esto se puede hacer en paralelo con la transici\u00f3n energ\u00e9tica que tanto se necesita&quot;. As\u00ed se ha exlicado la eurodiputada de Podemos, la asturiana Estefan\u00eda","og:url":"https:\/\/www.eldigitaldeasturias.com\/noticias\/podemos-no-permitira-ningun-cierre-de-mina-sin-alternativa-fehaciente-y-real\/","og:image":"https:\/\/www.eldigitaldeasturias.com\/noticias\/wp-content\/uploads\/2013\/09\/carbon_20130920131909_800.jpg","og:image:secure_url":"https:\/\/www.eldigitaldeasturias.com\/noticias\/wp-content\/uploads\/2013\/09\/carbon_20130920131909_800.jpg","og:image:width":750,"og:image:height":500,"article:tag":["actualidad asturias"],"article:published_time":"2016-02-23T05:44:09+00:00","article:modified_time":"2016-02-23T05:44:09+00:00","article:publisher":"https:\/\/facebook.com\/eldigitaldeasturias","twitter:card":"summary_large_image","twitter:title":"Podemos no permitir\u00e1 \u00abningun cierre de mina sin alternativa fehaciente y real\u00bb - El Digital de Asturias","twitter:description":"Podemos ha advertido este lunes que no permitir\u00e1 &quot;ning\u00fan cierre de mina sin alterantiva fehaciente y real&quot;, y defiende que &quot;mientras se necesite quemar carb\u00f3n, se use carb\u00f3n aut\u00f3ctono, y esto se puede hacer en paralelo con la transici\u00f3n energ\u00e9tica que tanto se necesita&quot;. As\u00ed se ha exlicado la eurodiputada de Podemos, la asturiana Estefan\u00eda","twitter:image":"https:\/\/www.eldigitaldeasturias.com\/noticias\/wp-content\/uploads\/2013\/09\/carbon_20130920131909_800.jpg","twitter:label1":"Escrito por","twitter:data1":"El Digital de Asturias","twitter:label2":"Tiempo de lectura estimado","twitter:data2":"3 minutos"},"aioseo_meta_data":{"post_id":"861178","title":null,"description":null,"keywords":null,"keyphrases":null,"primary_term":null,"canonical_url":null,"og_title":null,"og_description":null,"og_object_type":"default","og_image_type":"default","og_image_url":null,"og_image_width":null,"og_image_height":null,"og_image_custom_url":null,"og_image_custom_fields":null,"og_video":null,"og_custom_url":null,"og_article_section":null,"og_article_tags":null,"twitter_use_og":false,"twitter_card":"default","twitter_image_type":"default","twitter_image_url":null,"twitter_image_custom_url":null,"twitter_image_custom_fields":null,"twitter_title":null,"twitter_description":null,"schema":{"blockGraphs":[],"customGraphs":[],"default":{"data":{"Article":[],"Course":[],"Dataset":[],"FAQPage":[],"Movie":[],"Person":[],"Product":[],"ProductReview":[],"Car":[],"Recipe":[],"Service":[],"SoftwareApplication":[],"WebPage":[]},"graphName":"","isEnabled":true},"graphs":[],"defaultGraph":"","defaultPostTypeGraph":""},"schema_type":null,"schema_type_options":null,"pillar_content":false,"robots_default":true,"robots_noindex":false,"robots_noarchive":false,"robots_nosnippet":false,"robots_nofollow":false,"robots_noimageindex":false,"robots_noodp":false,"robots_notranslate":false,"robots_max_snippet":null,"robots_max_videopreview":null,"robots_max_imagepreview":"large","priority":null,"frequency":null,"local_seo":null,"seo_analyzer_scan_date":"2025-12-10 20:19:12","breadcrumb_settings":null,"limit_modified_date":false,"open_ai":null,"ai":null,"created":"2021-01-23 14:59:13","updated":"2025-12-10 20:19:12"},"aioseo_breadcrumb":"<div class=\"aioseo-breadcrumbs\"><span class=\"aioseo-breadcrumb\">\n\t<a href=\"https:\/\/www.eldigitaldeasturias.com\/noticias\" title=\"Home\">Home<\/a>\n<\/span><span class=\"aioseo-breadcrumb-separator\">\u2013<\/span><span class=\"aioseo-breadcrumb\">\n\t<a href=\"https:\/\/www.eldigitaldeasturias.com\/noticias\/category\/actualidad-asturias\/\" title=\"Actualidad Asturias\">Actualidad Asturias<\/a>\n<\/span><span class=\"aioseo-breadcrumb-separator\">\u2013<\/span><span class=\"aioseo-breadcrumb\">\n\t<a href=\"https:\/\/www.eldigitaldeasturias.com\/noticias\/podemos-no-permitira-ningun-cierre-de-mina-sin-alternativa-fehaciente-y-real\/\" title=\"Podemos no permitir\u00e1 \u00abningun cierre de mina sin alternativa fehaciente y real\u00bb\">Podemos no permitir\u00e1 \u00abningun cierre de mina sin alternativa fehaciente y real\u00bb<\/a>\n<\/span><\/div>","aioseo_breadcrumb_json":[{"label":"Home","link":"https:\/\/www.eldigitaldeasturias.com\/noticias"},{"label":"Actualidad Asturias","link":"https:\/\/www.eldigitaldeasturias.com\/noticias\/category\/actualidad-asturias\/"},{"label":"Podemos no permitir\u00e1 \u00abningun cierre de mina sin alternativa fehaciente y real\u00bb","link":"https:\/\/www.eldigitaldeasturias.com\/noticias\/podemos-no-permitira-ningun-cierre-de-mina-sin-alternativa-fehaciente-y-real\/"}],"_links":{"self":[{"href":"https:\/\/www.eldigitaldeasturias.com\/noticias\/wp-json\/wp\/v2\/posts\/861178","targetHints":{"allow":["GET"]}}],"collection":[{"href":"https:\/\/www.eldigitaldeasturias.com\/noticias\/wp-json\/wp\/v2\/posts"}],"about":[{"href":"https:\/\/www.eldigitaldeasturias.com\/noticias\/wp-json\/wp\/v2\/types\/post"}],"author":[{"embeddable":true,"href":"https:\/\/www.eldigitaldeasturias.com\/noticias\/wp-json\/wp\/v2\/users\/1"}],"replies":[{"embeddable":true,"href":"https:\/\/www.eldigitaldeasturias.com\/noticias\/wp-json\/wp\/v2\/comments?post=861178"}],"version-history":[{"count":0,"href":"https:\/\/www.eldigitaldeasturias.com\/noticias\/wp-json\/wp\/v2\/posts\/861178\/revisions"}],"wp:featuredmedia":[{"embeddable":true,"href":"https:\/\/www.eldigitaldeasturias.com\/noticias\/wp-json\/wp\/v2\/media\/1018"}],"wp:attachment":[{"href":"https:\/\/www.eldigitaldeasturias.com\/noticias\/wp-json\/wp\/v2\/media?parent=861178"}],"wp:term":[{"taxonomy":"category","embeddable":true,"href":"https:\/\/www.eldigitaldeasturias.com\/noticias\/wp-json\/wp\/v2\/categories?post=861178"},{"taxonomy":"post_tag","embeddable":true,"href":"https:\/\/www.eldigitaldeasturias.com\/noticias\/wp-json\/wp\/v2\/tags?post=861178"}],"curies":[{"name":"wp","href":"https:\/\/api.w.org\/{rel}","templated":true}]}}