{"id":861170,"date":"2016-02-23T05:37:33","date_gmt":"2016-02-23T05:37:33","guid":{"rendered":"http:\/\/www.eldigitaldeasturias.com\/noticias\/?p=861170"},"modified":"2016-02-23T05:37:33","modified_gmt":"2016-02-23T05:37:33","slug":"detenidas-dos-personas-por-robar-varias-videoconsolas-en-parque-astur","status":"publish","type":"post","link":"https:\/\/www.eldigitaldeasturias.com\/noticias\/detenidas-dos-personas-por-robar-varias-videoconsolas-en-parque-astur\/","title":{"rendered":"Detenidas dos personas por robar varias videoconsolas en Parque Astur"},"content":{"rendered":"<p><img loading=\"lazy\" decoding=\"async\" class=\"alignleft size-medium wp-image-523252\" src=\"https:\/\/www.eldigitaldeasturias.com\/noticias\/wp-content\/uploads\/2014\/04\/6184559w-360x240.jpg\" alt=\"6184559wcivil\" width=\"360\" height=\"240\" srcset=\"https:\/\/www.eldigitaldeasturias.com\/noticias\/wp-content\/uploads\/2014\/04\/6184559w-360x240.jpg 360w, https:\/\/www.eldigitaldeasturias.com\/noticias\/wp-content\/uploads\/2014\/04\/6184559w-768x512.jpg 768w, https:\/\/www.eldigitaldeasturias.com\/noticias\/wp-content\/uploads\/2014\/04\/6184559w-650x433.jpg 650w, https:\/\/www.eldigitaldeasturias.com\/noticias\/wp-content\/uploads\/2014\/04\/6184559w.jpg 800w\" sizes=\"auto, (max-width: 360px) 100vw, 360px\" \/>La Guardia Civil ha detenido a dos personas e investiga a otras dos por el robo de varios objetos, entre los que se encontraban varias tablets y videoconsolas, en el Centro Comercial de Parque Astur.<\/p>\n<p>Seg\u00fan indican las Fuerzas y Cuerpos de Seguridad en una nota de prensa, los hechos ocurrieron el pasado martes a las 18.50 horas, cuando la Guardia Civil recibi\u00f3 el aviso de la existencia de dos personas sospechosas de estar sustrayendo videoconsolas del interior del recinto.<\/p>\n<p>Acto seguido, los agentes se desplazaron hasta Parque Astur y una vez all\u00ed procedieron su identificaci\u00f3n y localizaron en el veh\u00edculo de uno de ellos otra videoconsola que hab\u00eda sido sustra\u00edda d\u00edas antes, seg\u00fan manifestaron los servicios de vigilancia.<\/p>\n<p>El modus operandi utilizado en ambas ocasiones era el mismo. Primero, uno de ellos seleccionaba el producto, posteriormente se hac\u00edan un intercambio de carritos, tras lo cual este \u00faltimo, extra\u00eda la consola de la caja dej\u00e1ndola abandonada, le quitaba la alarma a la videoconsola y la escond\u00eda entre la ropa que llevaba. Una vez ocultado el sistema electr\u00f3nico los detenidos pasaban por caja para pagar la compra que llevaba en el carrito, mientras que el primero le esperaba fueran de la l\u00ednea de cajas.<\/p>\n<p>Finalmente, en la ma\u00f1ana del d\u00eda 19, la Guardia Civil procedi\u00f3 a la detenci\u00f3n de estas personas, trat\u00e1ndose de C.A., de 52 a\u00f1os y de A.R.A., de 23 a\u00f1os, ambos vecinos de Cantabria.<\/p>\n<p>ROBO DE TABLETS<\/p>\n<p>S\u00f3lo en lo que va de a\u00f1o, la Guardia Civil de la Comandancia de Gij\u00f3n, lleva un total de 16 personas investigadas y 2 detenidos por hurtos cometidos en centros comerciales de la comunidad. Tan s\u00f3lo un d\u00eda antes, los agentes de Cancienes procedieron a la toma de manifestaci\u00f3n como investigados de otras dos personas que, hab\u00edan sustra\u00eddo del mismo centro comercial dos tablets, valoradas en unos 400 euros.<\/p>\n<p>Los investigados en este caso resultaron ser V.G.L, de 23 a\u00f1os y F.D. de 24 a\u00f1os, ambos sin domicilio conocido. Despu\u00e9s de tomarles declaraci\u00f3n, los detenidos fueron puestos en libertad y las diligencias fueron entregadas en el Juzgado de Guardia de Avil\u00e9s.<\/p>\n","protected":false},"excerpt":{"rendered":"<p>La Guardia Civil ha detenido a dos personas e investiga a otras dos por el robo de varios objetos, entre los que se encontraban varias tablets y videoconsolas, en el Centro Comercial de Parque Astur. Seg\u00fan indican las Fuerzas y Cuerpos de Seguridad en una nota de prensa, los hechos ocurrieron el pasado martes a [&hellip;]<\/p>\n","protected":false},"author":1,"featured_media":523252,"comment_status":"closed","ping_status":"closed","sticky":false,"template":"","format":"standard","meta":{"footnotes":""},"categories":[5],"tags":[],"class_list":["post-861170","post","type-post","status-publish","format-standard","has-post-thumbnail","hentry","category-sucesos"],"aioseo_notices":[],"aioseo_head":"\n\t\t<!-- All in One SEO Pro 4.9.6.2 - aioseo.com -->\n\t<meta name=\"description\" content=\"La Guardia Civil ha detenido a dos personas e investiga a otras dos por el robo de varios objetos, entre los que se encontraban varias tablets y videoconsolas, en el Centro Comercial de Parque Astur. Seg\u00fan indican las Fuerzas y Cuerpos de Seguridad en una nota de prensa, los hechos ocurrieron el pasado martes a\" \/>\n\t<meta name=\"robots\" content=\"max-image-preview:large\" \/>\n\t<meta name=\"author\" content=\"El Digital de Asturias\"\/>\n\t<meta name=\"google-site-verification\" content=\"UA-38556648-1\" \/>\n\t<meta name=\"msvalidate.01\" content=\"7dfe9f3f1b24437ab69f4f2559babe99\" \/>\n\t<meta name=\"keywords\" content=\"sucesos\" \/>\n\t<link rel=\"canonical\" href=\"https:\/\/www.eldigitaldeasturias.com\/noticias\/detenidas-dos-personas-por-robar-varias-videoconsolas-en-parque-astur\/\" \/>\n\t<meta name=\"generator\" content=\"All in One SEO Pro (AIOSEO) 4.9.6.2\" \/>\n\t\t<meta property=\"og:locale\" content=\"es_ES\" \/>\n\t\t<meta property=\"og:site_name\" content=\"El Digital de Asturias\" \/>\n\t\t<meta property=\"og:type\" content=\"article\" \/>\n\t\t<meta property=\"og:title\" content=\"Detenidas dos personas por robar varias videoconsolas en Parque Astur - El Digital de Asturias\" \/>\n\t\t<meta property=\"og:description\" content=\"La Guardia Civil ha detenido a dos personas e investiga a otras dos por el robo de varios objetos, entre los que se encontraban varias tablets y videoconsolas, en el Centro Comercial de Parque Astur. Seg\u00fan indican las Fuerzas y Cuerpos de Seguridad en una nota de prensa, los hechos ocurrieron el pasado martes a\" \/>\n\t\t<meta property=\"og:url\" content=\"https:\/\/www.eldigitaldeasturias.com\/noticias\/detenidas-dos-personas-por-robar-varias-videoconsolas-en-parque-astur\/\" \/>\n\t\t<meta property=\"og:image\" content=\"https:\/\/www.eldigitaldeasturias.com\/noticias\/wp-content\/uploads\/2014\/04\/6184559w.jpg\" \/>\n\t\t<meta property=\"og:image:secure_url\" content=\"https:\/\/www.eldigitaldeasturias.com\/noticias\/wp-content\/uploads\/2014\/04\/6184559w.jpg\" \/>\n\t\t<meta property=\"og:image:width\" content=\"800\" \/>\n\t\t<meta property=\"og:image:height\" content=\"533\" \/>\n\t\t<meta property=\"article:tag\" content=\"sucesos\" \/>\n\t\t<meta property=\"article:published_time\" content=\"2016-02-23T05:37:33+00:00\" \/>\n\t\t<meta property=\"article:modified_time\" content=\"2016-02-23T05:37:33+00:00\" \/>\n\t\t<meta property=\"article:publisher\" content=\"https:\/\/facebook.com\/eldigitaldeasturias\" \/>\n\t\t<meta name=\"twitter:card\" content=\"summary_large_image\" \/>\n\t\t<meta name=\"twitter:title\" content=\"Detenidas dos personas por robar varias videoconsolas en Parque Astur - El Digital de Asturias\" \/>\n\t\t<meta name=\"twitter:description\" content=\"La Guardia Civil ha detenido a dos personas e investiga a otras dos por el robo de varios objetos, entre los que se encontraban varias tablets y videoconsolas, en el Centro Comercial de Parque Astur. Seg\u00fan indican las Fuerzas y Cuerpos de Seguridad en una nota de prensa, los hechos ocurrieron el pasado martes a\" \/>\n\t\t<meta name=\"twitter:image\" content=\"https:\/\/www.eldigitaldeasturias.com\/noticias\/wp-content\/uploads\/2014\/04\/6184559w.jpg\" \/>\n\t\t<meta name=\"twitter:label1\" content=\"Escrito por\" \/>\n\t\t<meta name=\"twitter:data1\" content=\"El Digital de Asturias\" \/>\n\t\t<meta name=\"twitter:label2\" content=\"Tiempo de lectura estimado\" \/>\n\t\t<meta name=\"twitter:data2\" content=\"2 minutos\" \/>\n\t\t<script type=\"application\/ld+json\" class=\"aioseo-schema\">\n\t\t\t{\"@context\":\"https:\\\/\\\/schema.org\",\"@graph\":[{\"@type\":\"BlogPosting\",\"@id\":\"https:\\\/\\\/www.eldigitaldeasturias.com\\\/noticias\\\/detenidas-dos-personas-por-robar-varias-videoconsolas-en-parque-astur\\\/#blogposting\",\"name\":\"Detenidas dos personas por robar varias videoconsolas en Parque Astur - El Digital de Asturias\",\"headline\":\"Detenidas dos personas por robar varias videoconsolas en Parque Astur\",\"author\":{\"@id\":\"https:\\\/\\\/www.eldigitaldeasturias.com\\\/noticias\\\/author\\\/admin\\\/#author\"},\"publisher\":{\"@id\":\"https:\\\/\\\/www.eldigitaldeasturias.com\\\/noticias\\\/#organization\"},\"image\":{\"@type\":\"ImageObject\",\"url\":\"https:\\\/\\\/www.eldigitaldeasturias.com\\\/noticias\\\/wp-content\\\/uploads\\\/2014\\\/04\\\/6184559w.jpg\",\"width\":800,\"height\":533},\"datePublished\":\"2016-02-23T05:37:33+01:00\",\"dateModified\":\"2016-02-23T05:37:33+01:00\",\"inLanguage\":\"es-ES\",\"mainEntityOfPage\":{\"@id\":\"https:\\\/\\\/www.eldigitaldeasturias.com\\\/noticias\\\/detenidas-dos-personas-por-robar-varias-videoconsolas-en-parque-astur\\\/#webpage\"},\"isPartOf\":{\"@id\":\"https:\\\/\\\/www.eldigitaldeasturias.com\\\/noticias\\\/detenidas-dos-personas-por-robar-varias-videoconsolas-en-parque-astur\\\/#webpage\"},\"articleSection\":\"Sucesos\"},{\"@type\":\"BreadcrumbList\",\"@id\":\"https:\\\/\\\/www.eldigitaldeasturias.com\\\/noticias\\\/detenidas-dos-personas-por-robar-varias-videoconsolas-en-parque-astur\\\/#breadcrumblist\",\"itemListElement\":[{\"@type\":\"ListItem\",\"@id\":\"https:\\\/\\\/www.eldigitaldeasturias.com\\\/noticias#listItem\",\"position\":1,\"name\":\"Home\",\"item\":\"https:\\\/\\\/www.eldigitaldeasturias.com\\\/noticias\",\"nextItem\":{\"@type\":\"ListItem\",\"@id\":\"https:\\\/\\\/www.eldigitaldeasturias.com\\\/noticias\\\/category\\\/sucesos\\\/#listItem\",\"name\":\"Sucesos\"}},{\"@type\":\"ListItem\",\"@id\":\"https:\\\/\\\/www.eldigitaldeasturias.com\\\/noticias\\\/category\\\/sucesos\\\/#listItem\",\"position\":2,\"name\":\"Sucesos\",\"item\":\"https:\\\/\\\/www.eldigitaldeasturias.com\\\/noticias\\\/category\\\/sucesos\\\/\",\"nextItem\":{\"@type\":\"ListItem\",\"@id\":\"https:\\\/\\\/www.eldigitaldeasturias.com\\\/noticias\\\/detenidas-dos-personas-por-robar-varias-videoconsolas-en-parque-astur\\\/#listItem\",\"name\":\"Detenidas dos personas por robar varias videoconsolas en Parque Astur\"},\"previousItem\":{\"@type\":\"ListItem\",\"@id\":\"https:\\\/\\\/www.eldigitaldeasturias.com\\\/noticias#listItem\",\"name\":\"Home\"}},{\"@type\":\"ListItem\",\"@id\":\"https:\\\/\\\/www.eldigitaldeasturias.com\\\/noticias\\\/detenidas-dos-personas-por-robar-varias-videoconsolas-en-parque-astur\\\/#listItem\",\"position\":3,\"name\":\"Detenidas dos personas por robar varias videoconsolas en Parque Astur\",\"previousItem\":{\"@type\":\"ListItem\",\"@id\":\"https:\\\/\\\/www.eldigitaldeasturias.com\\\/noticias\\\/category\\\/sucesos\\\/#listItem\",\"name\":\"Sucesos\"}}]},{\"@type\":\"Organization\",\"@id\":\"https:\\\/\\\/www.eldigitaldeasturias.com\\\/noticias\\\/#organization\",\"name\":\"El Digital de Asturias\",\"description\":\"Hemeroteca\",\"url\":\"https:\\\/\\\/www.eldigitaldeasturias.com\\\/noticias\\\/\",\"email\":\"info@eldigitaldeasturias.com\",\"telephone\":\"+34652131393\",\"logo\":{\"@type\":\"ImageObject\",\"url\":\"https:\\\/\\\/www.eldigitaldeasturias.com\\\/noticias\\\/wp-content\\\/uploads\\\/2020\\\/12\\\/EDA.jpg\",\"@id\":\"https:\\\/\\\/www.eldigitaldeasturias.com\\\/noticias\\\/detenidas-dos-personas-por-robar-varias-videoconsolas-en-parque-astur\\\/#organizationLogo\",\"width\":649,\"height\":297},\"image\":{\"@id\":\"https:\\\/\\\/www.eldigitaldeasturias.com\\\/noticias\\\/detenidas-dos-personas-por-robar-varias-videoconsolas-en-parque-astur\\\/#organizationLogo\"},\"sameAs\":[\"https:\\\/\\\/facebook.com\\\/eldigitaldeasturias\",\"https:\\\/\\\/www.youtube.com\\\/channel\\\/UCZP-2wLEB9Rv6erhFmqVnvg\"],\"address\":{\"@id\":\"https:\\\/\\\/www.eldigitaldeasturias.com\\\/noticias\\\/#postaladdress\",\"@type\":\"PostalAddress\",\"streetAddress\":\"san antonio 4,\",\"postalCode\":\"33430\",\"addressLocality\":\"Cand\\u00e1s\",\"addressRegion\":\"Asturias\",\"addressCountry\":\"ES\"}},{\"@type\":\"Person\",\"@id\":\"https:\\\/\\\/www.eldigitaldeasturias.com\\\/noticias\\\/author\\\/admin\\\/#author\",\"url\":\"https:\\\/\\\/www.eldigitaldeasturias.com\\\/noticias\\\/author\\\/admin\\\/\",\"name\":\"El Digital de Asturias\",\"image\":{\"@type\":\"ImageObject\",\"@id\":\"https:\\\/\\\/www.eldigitaldeasturias.com\\\/noticias\\\/detenidas-dos-personas-por-robar-varias-videoconsolas-en-parque-astur\\\/#authorImage\",\"url\":\"https:\\\/\\\/www.eldigitaldeasturias.com\\\/noticias\\\/wp-content\\\/litespeed\\\/avatar\\\/18677e78aa0546b92d9dbf31ec7d7668.jpg?ver=1777290358\",\"width\":96,\"height\":96,\"caption\":\"El Digital de Asturias\"}},{\"@type\":\"WebPage\",\"@id\":\"https:\\\/\\\/www.eldigitaldeasturias.com\\\/noticias\\\/detenidas-dos-personas-por-robar-varias-videoconsolas-en-parque-astur\\\/#webpage\",\"url\":\"https:\\\/\\\/www.eldigitaldeasturias.com\\\/noticias\\\/detenidas-dos-personas-por-robar-varias-videoconsolas-en-parque-astur\\\/\",\"name\":\"Detenidas dos personas por robar varias videoconsolas en Parque Astur - El Digital de Asturias\",\"description\":\"La Guardia Civil ha detenido a dos personas e investiga a otras dos por el robo de varios objetos, entre los que se encontraban varias tablets y videoconsolas, en el Centro Comercial de Parque Astur. Seg\\u00fan indican las Fuerzas y Cuerpos de Seguridad en una nota de prensa, los hechos ocurrieron el pasado martes a\",\"inLanguage\":\"es-ES\",\"isPartOf\":{\"@id\":\"https:\\\/\\\/www.eldigitaldeasturias.com\\\/noticias\\\/#website\"},\"breadcrumb\":{\"@id\":\"https:\\\/\\\/www.eldigitaldeasturias.com\\\/noticias\\\/detenidas-dos-personas-por-robar-varias-videoconsolas-en-parque-astur\\\/#breadcrumblist\"},\"author\":{\"@id\":\"https:\\\/\\\/www.eldigitaldeasturias.com\\\/noticias\\\/author\\\/admin\\\/#author\"},\"creator\":{\"@id\":\"https:\\\/\\\/www.eldigitaldeasturias.com\\\/noticias\\\/author\\\/admin\\\/#author\"},\"image\":{\"@type\":\"ImageObject\",\"url\":\"https:\\\/\\\/www.eldigitaldeasturias.com\\\/noticias\\\/wp-content\\\/uploads\\\/2014\\\/04\\\/6184559w.jpg\",\"@id\":\"https:\\\/\\\/www.eldigitaldeasturias.com\\\/noticias\\\/detenidas-dos-personas-por-robar-varias-videoconsolas-en-parque-astur\\\/#mainImage\",\"width\":800,\"height\":533},\"primaryImageOfPage\":{\"@id\":\"https:\\\/\\\/www.eldigitaldeasturias.com\\\/noticias\\\/detenidas-dos-personas-por-robar-varias-videoconsolas-en-parque-astur\\\/#mainImage\"},\"datePublished\":\"2016-02-23T05:37:33+01:00\",\"dateModified\":\"2016-02-23T05:37:33+01:00\"},{\"@type\":\"WebSite\",\"@id\":\"https:\\\/\\\/www.eldigitaldeasturias.com\\\/noticias\\\/#website\",\"url\":\"https:\\\/\\\/www.eldigitaldeasturias.com\\\/noticias\\\/\",\"name\":\"El Digital de Asturias - Diario de actualidad y noticias\",\"alternateName\":\"El Digital de Asturias - Diario de actualidad y noticias\",\"description\":\"Hemeroteca\",\"inLanguage\":\"es-ES\",\"publisher\":{\"@id\":\"https:\\\/\\\/www.eldigitaldeasturias.com\\\/noticias\\\/#organization\"}}]}\n\t\t<\/script>\n\t\t<!-- All in One SEO Pro -->\r\n\t\t<title>Detenidas dos personas por robar varias videoconsolas en Parque Astur - El Digital de Asturias<\/title>\n\n","aioseo_head_json":{"title":"Detenidas dos personas por robar varias videoconsolas en Parque Astur - El Digital de Asturias","description":"La Guardia Civil ha detenido a dos personas e investiga a otras dos por el robo de varios objetos, entre los que se encontraban varias tablets y videoconsolas, en el Centro Comercial de Parque Astur. Seg\u00fan indican las Fuerzas y Cuerpos de Seguridad en una nota de prensa, los hechos ocurrieron el pasado martes a","canonical_url":"https:\/\/www.eldigitaldeasturias.com\/noticias\/detenidas-dos-personas-por-robar-varias-videoconsolas-en-parque-astur\/","robots":"max-image-preview:large","keywords":"sucesos","webmasterTools":{"google-site-verification":"UA-38556648-1","msvalidate.01":"7dfe9f3f1b24437ab69f4f2559babe99","miscellaneous":""},"schema":{"@context":"https:\/\/schema.org","@graph":[{"@type":"BlogPosting","@id":"https:\/\/www.eldigitaldeasturias.com\/noticias\/detenidas-dos-personas-por-robar-varias-videoconsolas-en-parque-astur\/#blogposting","name":"Detenidas dos personas por robar varias videoconsolas en Parque Astur - El Digital de Asturias","headline":"Detenidas dos personas por robar varias videoconsolas en Parque Astur","author":{"@id":"https:\/\/www.eldigitaldeasturias.com\/noticias\/author\/admin\/#author"},"publisher":{"@id":"https:\/\/www.eldigitaldeasturias.com\/noticias\/#organization"},"image":{"@type":"ImageObject","url":"https:\/\/www.eldigitaldeasturias.com\/noticias\/wp-content\/uploads\/2014\/04\/6184559w.jpg","width":800,"height":533},"datePublished":"2016-02-23T05:37:33+01:00","dateModified":"2016-02-23T05:37:33+01:00","inLanguage":"es-ES","mainEntityOfPage":{"@id":"https:\/\/www.eldigitaldeasturias.com\/noticias\/detenidas-dos-personas-por-robar-varias-videoconsolas-en-parque-astur\/#webpage"},"isPartOf":{"@id":"https:\/\/www.eldigitaldeasturias.com\/noticias\/detenidas-dos-personas-por-robar-varias-videoconsolas-en-parque-astur\/#webpage"},"articleSection":"Sucesos"},{"@type":"BreadcrumbList","@id":"https:\/\/www.eldigitaldeasturias.com\/noticias\/detenidas-dos-personas-por-robar-varias-videoconsolas-en-parque-astur\/#breadcrumblist","itemListElement":[{"@type":"ListItem","@id":"https:\/\/www.eldigitaldeasturias.com\/noticias#listItem","position":1,"name":"Home","item":"https:\/\/www.eldigitaldeasturias.com\/noticias","nextItem":{"@type":"ListItem","@id":"https:\/\/www.eldigitaldeasturias.com\/noticias\/category\/sucesos\/#listItem","name":"Sucesos"}},{"@type":"ListItem","@id":"https:\/\/www.eldigitaldeasturias.com\/noticias\/category\/sucesos\/#listItem","position":2,"name":"Sucesos","item":"https:\/\/www.eldigitaldeasturias.com\/noticias\/category\/sucesos\/","nextItem":{"@type":"ListItem","@id":"https:\/\/www.eldigitaldeasturias.com\/noticias\/detenidas-dos-personas-por-robar-varias-videoconsolas-en-parque-astur\/#listItem","name":"Detenidas dos personas por robar varias videoconsolas en Parque Astur"},"previousItem":{"@type":"ListItem","@id":"https:\/\/www.eldigitaldeasturias.com\/noticias#listItem","name":"Home"}},{"@type":"ListItem","@id":"https:\/\/www.eldigitaldeasturias.com\/noticias\/detenidas-dos-personas-por-robar-varias-videoconsolas-en-parque-astur\/#listItem","position":3,"name":"Detenidas dos personas por robar varias videoconsolas en Parque Astur","previousItem":{"@type":"ListItem","@id":"https:\/\/www.eldigitaldeasturias.com\/noticias\/category\/sucesos\/#listItem","name":"Sucesos"}}]},{"@type":"Organization","@id":"https:\/\/www.eldigitaldeasturias.com\/noticias\/#organization","name":"El Digital de Asturias","description":"Hemeroteca","url":"https:\/\/www.eldigitaldeasturias.com\/noticias\/","email":"info@eldigitaldeasturias.com","telephone":"+34652131393","logo":{"@type":"ImageObject","url":"https:\/\/www.eldigitaldeasturias.com\/noticias\/wp-content\/uploads\/2020\/12\/EDA.jpg","@id":"https:\/\/www.eldigitaldeasturias.com\/noticias\/detenidas-dos-personas-por-robar-varias-videoconsolas-en-parque-astur\/#organizationLogo","width":649,"height":297},"image":{"@id":"https:\/\/www.eldigitaldeasturias.com\/noticias\/detenidas-dos-personas-por-robar-varias-videoconsolas-en-parque-astur\/#organizationLogo"},"sameAs":["https:\/\/facebook.com\/eldigitaldeasturias","https:\/\/www.youtube.com\/channel\/UCZP-2wLEB9Rv6erhFmqVnvg"],"address":{"@id":"https:\/\/www.eldigitaldeasturias.com\/noticias\/#postaladdress","@type":"PostalAddress","streetAddress":"san antonio 4,","postalCode":"33430","addressLocality":"Cand\u00e1s","addressRegion":"Asturias","addressCountry":"ES"}},{"@type":"Person","@id":"https:\/\/www.eldigitaldeasturias.com\/noticias\/author\/admin\/#author","url":"https:\/\/www.eldigitaldeasturias.com\/noticias\/author\/admin\/","name":"El Digital de Asturias","image":{"@type":"ImageObject","@id":"https:\/\/www.eldigitaldeasturias.com\/noticias\/detenidas-dos-personas-por-robar-varias-videoconsolas-en-parque-astur\/#authorImage","url":"https:\/\/www.eldigitaldeasturias.com\/noticias\/wp-content\/litespeed\/avatar\/18677e78aa0546b92d9dbf31ec7d7668.jpg?ver=1777290358","width":96,"height":96,"caption":"El Digital de Asturias"}},{"@type":"WebPage","@id":"https:\/\/www.eldigitaldeasturias.com\/noticias\/detenidas-dos-personas-por-robar-varias-videoconsolas-en-parque-astur\/#webpage","url":"https:\/\/www.eldigitaldeasturias.com\/noticias\/detenidas-dos-personas-por-robar-varias-videoconsolas-en-parque-astur\/","name":"Detenidas dos personas por robar varias videoconsolas en Parque Astur - El Digital de Asturias","description":"La Guardia Civil ha detenido a dos personas e investiga a otras dos por el robo de varios objetos, entre los que se encontraban varias tablets y videoconsolas, en el Centro Comercial de Parque Astur. Seg\u00fan indican las Fuerzas y Cuerpos de Seguridad en una nota de prensa, los hechos ocurrieron el pasado martes a","inLanguage":"es-ES","isPartOf":{"@id":"https:\/\/www.eldigitaldeasturias.com\/noticias\/#website"},"breadcrumb":{"@id":"https:\/\/www.eldigitaldeasturias.com\/noticias\/detenidas-dos-personas-por-robar-varias-videoconsolas-en-parque-astur\/#breadcrumblist"},"author":{"@id":"https:\/\/www.eldigitaldeasturias.com\/noticias\/author\/admin\/#author"},"creator":{"@id":"https:\/\/www.eldigitaldeasturias.com\/noticias\/author\/admin\/#author"},"image":{"@type":"ImageObject","url":"https:\/\/www.eldigitaldeasturias.com\/noticias\/wp-content\/uploads\/2014\/04\/6184559w.jpg","@id":"https:\/\/www.eldigitaldeasturias.com\/noticias\/detenidas-dos-personas-por-robar-varias-videoconsolas-en-parque-astur\/#mainImage","width":800,"height":533},"primaryImageOfPage":{"@id":"https:\/\/www.eldigitaldeasturias.com\/noticias\/detenidas-dos-personas-por-robar-varias-videoconsolas-en-parque-astur\/#mainImage"},"datePublished":"2016-02-23T05:37:33+01:00","dateModified":"2016-02-23T05:37:33+01:00"},{"@type":"WebSite","@id":"https:\/\/www.eldigitaldeasturias.com\/noticias\/#website","url":"https:\/\/www.eldigitaldeasturias.com\/noticias\/","name":"El Digital de Asturias - Diario de actualidad y noticias","alternateName":"El Digital de Asturias - Diario de actualidad y noticias","description":"Hemeroteca","inLanguage":"es-ES","publisher":{"@id":"https:\/\/www.eldigitaldeasturias.com\/noticias\/#organization"}}]},"og:locale":"es_ES","og:site_name":"El Digital de Asturias","og:type":"article","og:title":"Detenidas dos personas por robar varias videoconsolas en Parque Astur - El Digital de Asturias","og:description":"La Guardia Civil ha detenido a dos personas e investiga a otras dos por el robo de varios objetos, entre los que se encontraban varias tablets y videoconsolas, en el Centro Comercial de Parque Astur. Seg\u00fan indican las Fuerzas y Cuerpos de Seguridad en una nota de prensa, los hechos ocurrieron el pasado martes a","og:url":"https:\/\/www.eldigitaldeasturias.com\/noticias\/detenidas-dos-personas-por-robar-varias-videoconsolas-en-parque-astur\/","og:image":"https:\/\/www.eldigitaldeasturias.com\/noticias\/wp-content\/uploads\/2014\/04\/6184559w.jpg","og:image:secure_url":"https:\/\/www.eldigitaldeasturias.com\/noticias\/wp-content\/uploads\/2014\/04\/6184559w.jpg","og:image:width":800,"og:image:height":533,"article:tag":["sucesos"],"article:published_time":"2016-02-23T05:37:33+00:00","article:modified_time":"2016-02-23T05:37:33+00:00","article:publisher":"https:\/\/facebook.com\/eldigitaldeasturias","twitter:card":"summary_large_image","twitter:title":"Detenidas dos personas por robar varias videoconsolas en Parque Astur - El Digital de Asturias","twitter:description":"La Guardia Civil ha detenido a dos personas e investiga a otras dos por el robo de varios objetos, entre los que se encontraban varias tablets y videoconsolas, en el Centro Comercial de Parque Astur. Seg\u00fan indican las Fuerzas y Cuerpos de Seguridad en una nota de prensa, los hechos ocurrieron el pasado martes a","twitter:image":"https:\/\/www.eldigitaldeasturias.com\/noticias\/wp-content\/uploads\/2014\/04\/6184559w.jpg","twitter:label1":"Escrito por","twitter:data1":"El Digital de Asturias","twitter:label2":"Tiempo de lectura estimado","twitter:data2":"2 minutos"},"aioseo_meta_data":{"post_id":"861170","title":null,"description":null,"keywords":null,"keyphrases":null,"primary_term":null,"canonical_url":null,"og_title":null,"og_description":null,"og_object_type":"default","og_image_type":"default","og_image_url":null,"og_image_width":null,"og_image_height":null,"og_image_custom_url":null,"og_image_custom_fields":null,"og_video":null,"og_custom_url":null,"og_article_section":null,"og_article_tags":null,"twitter_use_og":false,"twitter_card":"default","twitter_image_type":"default","twitter_image_url":null,"twitter_image_custom_url":null,"twitter_image_custom_fields":null,"twitter_title":null,"twitter_description":null,"schema":{"blockGraphs":[],"customGraphs":[],"default":{"data":{"Article":[],"Course":[],"Dataset":[],"FAQPage":[],"Movie":[],"Person":[],"Product":[],"ProductReview":[],"Car":[],"Recipe":[],"Service":[],"SoftwareApplication":[],"WebPage":[]},"graphName":"","isEnabled":true},"graphs":[],"defaultGraph":"","defaultPostTypeGraph":""},"schema_type":null,"schema_type_options":null,"pillar_content":false,"robots_default":true,"robots_noindex":false,"robots_noarchive":false,"robots_nosnippet":false,"robots_nofollow":false,"robots_noimageindex":false,"robots_noodp":false,"robots_notranslate":false,"robots_max_snippet":null,"robots_max_videopreview":null,"robots_max_imagepreview":"large","priority":null,"frequency":null,"local_seo":null,"seo_analyzer_scan_date":"2025-12-10 20:17:11","breadcrumb_settings":null,"limit_modified_date":false,"open_ai":null,"ai":null,"created":"2021-01-23 13:22:30","updated":"2025-12-10 20:17:11"},"aioseo_breadcrumb":"<div class=\"aioseo-breadcrumbs\"><span class=\"aioseo-breadcrumb\">\n\t<a href=\"https:\/\/www.eldigitaldeasturias.com\/noticias\" title=\"Home\">Home<\/a>\n<\/span><span class=\"aioseo-breadcrumb-separator\">\u2013<\/span><span class=\"aioseo-breadcrumb\">\n\t<a href=\"https:\/\/www.eldigitaldeasturias.com\/noticias\/category\/sucesos\/\" title=\"Sucesos\">Sucesos<\/a>\n<\/span><span class=\"aioseo-breadcrumb-separator\">\u2013<\/span><span class=\"aioseo-breadcrumb\">\n\t<a href=\"https:\/\/www.eldigitaldeasturias.com\/noticias\/detenidas-dos-personas-por-robar-varias-videoconsolas-en-parque-astur\/\" title=\"Detenidas dos personas por robar varias videoconsolas en Parque Astur\">Detenidas dos personas por robar varias videoconsolas en Parque Astur<\/a>\n<\/span><\/div>","aioseo_breadcrumb_json":[{"label":"Home","link":"https:\/\/www.eldigitaldeasturias.com\/noticias"},{"label":"Sucesos","link":"https:\/\/www.eldigitaldeasturias.com\/noticias\/category\/sucesos\/"},{"label":"Detenidas dos personas por robar varias videoconsolas en Parque Astur","link":"https:\/\/www.eldigitaldeasturias.com\/noticias\/detenidas-dos-personas-por-robar-varias-videoconsolas-en-parque-astur\/"}],"_links":{"self":[{"href":"https:\/\/www.eldigitaldeasturias.com\/noticias\/wp-json\/wp\/v2\/posts\/861170","targetHints":{"allow":["GET"]}}],"collection":[{"href":"https:\/\/www.eldigitaldeasturias.com\/noticias\/wp-json\/wp\/v2\/posts"}],"about":[{"href":"https:\/\/www.eldigitaldeasturias.com\/noticias\/wp-json\/wp\/v2\/types\/post"}],"author":[{"embeddable":true,"href":"https:\/\/www.eldigitaldeasturias.com\/noticias\/wp-json\/wp\/v2\/users\/1"}],"replies":[{"embeddable":true,"href":"https:\/\/www.eldigitaldeasturias.com\/noticias\/wp-json\/wp\/v2\/comments?post=861170"}],"version-history":[{"count":0,"href":"https:\/\/www.eldigitaldeasturias.com\/noticias\/wp-json\/wp\/v2\/posts\/861170\/revisions"}],"wp:featuredmedia":[{"embeddable":true,"href":"https:\/\/www.eldigitaldeasturias.com\/noticias\/wp-json\/wp\/v2\/media\/523252"}],"wp:attachment":[{"href":"https:\/\/www.eldigitaldeasturias.com\/noticias\/wp-json\/wp\/v2\/media?parent=861170"}],"wp:term":[{"taxonomy":"category","embeddable":true,"href":"https:\/\/www.eldigitaldeasturias.com\/noticias\/wp-json\/wp\/v2\/categories?post=861170"},{"taxonomy":"post_tag","embeddable":true,"href":"https:\/\/www.eldigitaldeasturias.com\/noticias\/wp-json\/wp\/v2\/tags?post=861170"}],"curies":[{"name":"wp","href":"https:\/\/api.w.org\/{rel}","templated":true}]}}