{"id":861162,"date":"2016-02-23T05:32:43","date_gmt":"2016-02-23T05:32:43","guid":{"rendered":"http:\/\/www.eldigitaldeasturias.com\/noticias\/?p=861162"},"modified":"2016-02-23T05:32:43","modified_gmt":"2016-02-23T05:32:43","slug":"el-pp-asturiano-deja-claro-que-su-candidato-es-mariano-rajoy","status":"publish","type":"post","link":"https:\/\/www.eldigitaldeasturias.com\/noticias\/el-pp-asturiano-deja-claro-que-su-candidato-es-mariano-rajoy\/","title":{"rendered":"El PP asturiano deja claro que su candidato es Mariano Rajoy"},"content":{"rendered":"<p><img loading=\"lazy\" decoding=\"async\" class=\"alignleft size-medium wp-image-861163\" src=\"https:\/\/www.eldigitaldeasturias.com\/noticias\/wp-content\/uploads\/2016\/02\/fotonoticia_20160222141315_800-360x270.jpg\" alt=\"fotonoticia_20160222141315_800\" width=\"360\" height=\"270\" srcset=\"https:\/\/www.eldigitaldeasturias.com\/noticias\/wp-content\/uploads\/2016\/02\/fotonoticia_20160222141315_800-360x270.jpg 360w, https:\/\/www.eldigitaldeasturias.com\/noticias\/wp-content\/uploads\/2016\/02\/fotonoticia_20160222141315_800-768x576.jpg 768w, https:\/\/www.eldigitaldeasturias.com\/noticias\/wp-content\/uploads\/2016\/02\/fotonoticia_20160222141315_800-650x488.jpg 650w, https:\/\/www.eldigitaldeasturias.com\/noticias\/wp-content\/uploads\/2016\/02\/fotonoticia_20160222141315_800-125x95.jpg 125w, https:\/\/www.eldigitaldeasturias.com\/noticias\/wp-content\/uploads\/2016\/02\/fotonoticia_20160222141315_800-100x75.jpg 100w, https:\/\/www.eldigitaldeasturias.com\/noticias\/wp-content\/uploads\/2016\/02\/fotonoticia_20160222141315_800.jpg 800w\" sizes=\"auto, (max-width: 360px) 100vw, 360px\" \/>La presidenta del PP de Asturias, Mercedes Fern\u00e1ndez, ha dejado este lunes claro que la posici\u00f3n de su formaci\u00f3n es la de total respaldo a Mariano Rajoy como candidato de su formaci\u00f3n a la presidencia del Gobierno.<\/p>\n<p>Las declaraciones de Fern\u00e1ndez, realizadas en Madrid tras la celebraci\u00f3n del Comit\u00e9 Ejecutivo, llegan horas despu\u00e9s de que el vicesecretario de Transparencia del PP de Asturias, Jos\u00e9 Ram\u00f3n Fern\u00e1ndez, haya dicho en Facebook que con la actual presidenta del partido en Madrid, Cristina Cifuentes, el partido \u00ablo har\u00eda mucho mejor en unas nuevas elecciones\u00bb.<\/p>\n<p>Mercedes Fern\u00e1ndez ha querido aclarar, sin embargo, que es ella la que porta la opini\u00f3n del conjunto del PP de Asturias de forma \u00abcoordinada y cohesionada\u00bb. As\u00ed, ha situado otro tipo de opiniones en el marco de lo personal. \u00abNuestro candidato es Mariano Rajoy, nuestra opci\u00f3n es Mariano Rajoy y quien ha ganado las elecciones es Mariano Rajoy\u00bb, ha insistido.<\/p>\n<p>\u00abCualquier otra opini\u00f3n o tendencia es estrictamente personal y no obedece a lo que piensa el PP de Asturias en su conjunto que lo hemos definido muchas veces en los comit\u00e9s ejecutivos\u00bb, ha explicado.<\/p>\n<p>El asunto tambi\u00e9n ha sido objeto de atenci\u00f3n en Asturias. Tras la reuni\u00f3n de la Junta de Portavoces ha sido preguntado por el tema el diputado regional Jos\u00e9 Agust\u00edn Cuervas Mons, quien ha considerado este lunes \u00abuna frivolidad\u00bb hablar ahora de que Mariano Rajoy no repita como candidato del PP en caso de nuevas elecciones.<\/p>\n<p>\u00abCreo que es una frivolidad hablar ahora de eso. Respeto todas las opiniones pero esa no es en absoluto la del PP de Asturias\u00bb, ha dicho Cuervas Mons, que ha indicado que no se debe olvidar que el PP ha sido el partido que ha ganado las elecciones y Rajoy su candidato.<\/p>\n","protected":false},"excerpt":{"rendered":"<p>La presidenta del PP de Asturias, Mercedes Fern\u00e1ndez, ha dejado este lunes claro que la posici\u00f3n de su formaci\u00f3n es la de total respaldo a Mariano Rajoy como candidato de su formaci\u00f3n a la presidencia del Gobierno. Las declaraciones de Fern\u00e1ndez, realizadas en Madrid tras la celebraci\u00f3n del Comit\u00e9 Ejecutivo, llegan horas despu\u00e9s de que [&hellip;]<\/p>\n","protected":false},"author":1,"featured_media":861163,"comment_status":"closed","ping_status":"closed","sticky":false,"template":"","format":"standard","meta":{"footnotes":""},"categories":[12],"tags":[],"class_list":["post-861162","post","type-post","status-publish","format-standard","has-post-thumbnail","hentry","category-actualidad-asturias"],"aioseo_notices":[],"aioseo_head":"\n\t\t<!-- All in One SEO Pro 4.9.6.2 - aioseo.com -->\n\t<meta name=\"description\" content=\"La presidenta del PP de Asturias, Mercedes Fern\u00e1ndez, ha dejado este lunes claro que la posici\u00f3n de su formaci\u00f3n es la de total respaldo a Mariano Rajoy como candidato de su formaci\u00f3n a la presidencia del Gobierno. Las declaraciones de Fern\u00e1ndez, realizadas en Madrid tras la celebraci\u00f3n del Comit\u00e9 Ejecutivo, llegan horas despu\u00e9s de que\" \/>\n\t<meta name=\"robots\" content=\"max-image-preview:large\" \/>\n\t<meta name=\"author\" content=\"El Digital de Asturias\"\/>\n\t<meta name=\"google-site-verification\" content=\"UA-38556648-1\" \/>\n\t<meta name=\"msvalidate.01\" content=\"7dfe9f3f1b24437ab69f4f2559babe99\" \/>\n\t<meta name=\"keywords\" content=\"actualidad asturias\" \/>\n\t<link rel=\"canonical\" href=\"https:\/\/www.eldigitaldeasturias.com\/noticias\/el-pp-asturiano-deja-claro-que-su-candidato-es-mariano-rajoy\/\" \/>\n\t<meta name=\"generator\" content=\"All in One SEO Pro (AIOSEO) 4.9.6.2\" \/>\n\t\t<meta property=\"og:locale\" content=\"es_ES\" \/>\n\t\t<meta property=\"og:site_name\" content=\"El Digital de Asturias\" \/>\n\t\t<meta property=\"og:type\" content=\"article\" \/>\n\t\t<meta property=\"og:title\" content=\"El PP asturiano deja claro que su candidato es Mariano Rajoy - El Digital de Asturias\" \/>\n\t\t<meta property=\"og:description\" content=\"La presidenta del PP de Asturias, Mercedes Fern\u00e1ndez, ha dejado este lunes claro que la posici\u00f3n de su formaci\u00f3n es la de total respaldo a Mariano Rajoy como candidato de su formaci\u00f3n a la presidencia del Gobierno. Las declaraciones de Fern\u00e1ndez, realizadas en Madrid tras la celebraci\u00f3n del Comit\u00e9 Ejecutivo, llegan horas despu\u00e9s de que\" \/>\n\t\t<meta property=\"og:url\" content=\"https:\/\/www.eldigitaldeasturias.com\/noticias\/el-pp-asturiano-deja-claro-que-su-candidato-es-mariano-rajoy\/\" \/>\n\t\t<meta property=\"og:image\" content=\"https:\/\/www.eldigitaldeasturias.com\/noticias\/wp-content\/uploads\/2016\/02\/fotonoticia_20160222141315_800.jpg\" \/>\n\t\t<meta property=\"og:image:secure_url\" content=\"https:\/\/www.eldigitaldeasturias.com\/noticias\/wp-content\/uploads\/2016\/02\/fotonoticia_20160222141315_800.jpg\" \/>\n\t\t<meta property=\"og:image:width\" content=\"800\" \/>\n\t\t<meta property=\"og:image:height\" content=\"600\" \/>\n\t\t<meta property=\"article:tag\" content=\"actualidad asturias\" \/>\n\t\t<meta property=\"article:published_time\" content=\"2016-02-23T05:32:43+00:00\" \/>\n\t\t<meta property=\"article:modified_time\" content=\"2016-02-23T05:32:43+00:00\" \/>\n\t\t<meta property=\"article:publisher\" content=\"https:\/\/facebook.com\/eldigitaldeasturias\" \/>\n\t\t<meta name=\"twitter:card\" content=\"summary_large_image\" \/>\n\t\t<meta name=\"twitter:title\" content=\"El PP asturiano deja claro que su candidato es Mariano Rajoy - El Digital de Asturias\" \/>\n\t\t<meta name=\"twitter:description\" content=\"La presidenta del PP de Asturias, Mercedes Fern\u00e1ndez, ha dejado este lunes claro que la posici\u00f3n de su formaci\u00f3n es la de total respaldo a Mariano Rajoy como candidato de su formaci\u00f3n a la presidencia del Gobierno. Las declaraciones de Fern\u00e1ndez, realizadas en Madrid tras la celebraci\u00f3n del Comit\u00e9 Ejecutivo, llegan horas despu\u00e9s de que\" \/>\n\t\t<meta name=\"twitter:image\" content=\"https:\/\/www.eldigitaldeasturias.com\/noticias\/wp-content\/uploads\/2016\/02\/fotonoticia_20160222141315_800.jpg\" \/>\n\t\t<meta name=\"twitter:label1\" content=\"Escrito por\" \/>\n\t\t<meta name=\"twitter:data1\" content=\"El Digital de Asturias\" \/>\n\t\t<meta name=\"twitter:label2\" content=\"Tiempo de lectura estimado\" \/>\n\t\t<meta name=\"twitter:data2\" content=\"2 minutos\" \/>\n\t\t<script type=\"application\/ld+json\" class=\"aioseo-schema\">\n\t\t\t{\"@context\":\"https:\\\/\\\/schema.org\",\"@graph\":[{\"@type\":\"BlogPosting\",\"@id\":\"https:\\\/\\\/www.eldigitaldeasturias.com\\\/noticias\\\/el-pp-asturiano-deja-claro-que-su-candidato-es-mariano-rajoy\\\/#blogposting\",\"name\":\"El PP asturiano deja claro que su candidato es Mariano Rajoy - El Digital de Asturias\",\"headline\":\"El PP asturiano deja claro que su candidato es Mariano Rajoy\",\"author\":{\"@id\":\"https:\\\/\\\/www.eldigitaldeasturias.com\\\/noticias\\\/author\\\/admin\\\/#author\"},\"publisher\":{\"@id\":\"https:\\\/\\\/www.eldigitaldeasturias.com\\\/noticias\\\/#organization\"},\"image\":{\"@type\":\"ImageObject\",\"url\":\"https:\\\/\\\/www.eldigitaldeasturias.com\\\/noticias\\\/wp-content\\\/uploads\\\/2016\\\/02\\\/fotonoticia_20160222141315_800.jpg\",\"width\":800,\"height\":600},\"datePublished\":\"2016-02-23T05:32:43+01:00\",\"dateModified\":\"2016-02-23T05:32:43+01:00\",\"inLanguage\":\"es-ES\",\"mainEntityOfPage\":{\"@id\":\"https:\\\/\\\/www.eldigitaldeasturias.com\\\/noticias\\\/el-pp-asturiano-deja-claro-que-su-candidato-es-mariano-rajoy\\\/#webpage\"},\"isPartOf\":{\"@id\":\"https:\\\/\\\/www.eldigitaldeasturias.com\\\/noticias\\\/el-pp-asturiano-deja-claro-que-su-candidato-es-mariano-rajoy\\\/#webpage\"},\"articleSection\":\"Actualidad Asturias\"},{\"@type\":\"BreadcrumbList\",\"@id\":\"https:\\\/\\\/www.eldigitaldeasturias.com\\\/noticias\\\/el-pp-asturiano-deja-claro-que-su-candidato-es-mariano-rajoy\\\/#breadcrumblist\",\"itemListElement\":[{\"@type\":\"ListItem\",\"@id\":\"https:\\\/\\\/www.eldigitaldeasturias.com\\\/noticias#listItem\",\"position\":1,\"name\":\"Home\",\"item\":\"https:\\\/\\\/www.eldigitaldeasturias.com\\\/noticias\",\"nextItem\":{\"@type\":\"ListItem\",\"@id\":\"https:\\\/\\\/www.eldigitaldeasturias.com\\\/noticias\\\/category\\\/actualidad-asturias\\\/#listItem\",\"name\":\"Actualidad Asturias\"}},{\"@type\":\"ListItem\",\"@id\":\"https:\\\/\\\/www.eldigitaldeasturias.com\\\/noticias\\\/category\\\/actualidad-asturias\\\/#listItem\",\"position\":2,\"name\":\"Actualidad Asturias\",\"item\":\"https:\\\/\\\/www.eldigitaldeasturias.com\\\/noticias\\\/category\\\/actualidad-asturias\\\/\",\"nextItem\":{\"@type\":\"ListItem\",\"@id\":\"https:\\\/\\\/www.eldigitaldeasturias.com\\\/noticias\\\/el-pp-asturiano-deja-claro-que-su-candidato-es-mariano-rajoy\\\/#listItem\",\"name\":\"El PP asturiano deja claro que su candidato es Mariano Rajoy\"},\"previousItem\":{\"@type\":\"ListItem\",\"@id\":\"https:\\\/\\\/www.eldigitaldeasturias.com\\\/noticias#listItem\",\"name\":\"Home\"}},{\"@type\":\"ListItem\",\"@id\":\"https:\\\/\\\/www.eldigitaldeasturias.com\\\/noticias\\\/el-pp-asturiano-deja-claro-que-su-candidato-es-mariano-rajoy\\\/#listItem\",\"position\":3,\"name\":\"El PP asturiano deja claro que su candidato es Mariano Rajoy\",\"previousItem\":{\"@type\":\"ListItem\",\"@id\":\"https:\\\/\\\/www.eldigitaldeasturias.com\\\/noticias\\\/category\\\/actualidad-asturias\\\/#listItem\",\"name\":\"Actualidad Asturias\"}}]},{\"@type\":\"Organization\",\"@id\":\"https:\\\/\\\/www.eldigitaldeasturias.com\\\/noticias\\\/#organization\",\"name\":\"El Digital de Asturias\",\"description\":\"Hemeroteca\",\"url\":\"https:\\\/\\\/www.eldigitaldeasturias.com\\\/noticias\\\/\",\"email\":\"info@eldigitaldeasturias.com\",\"telephone\":\"+34652131393\",\"logo\":{\"@type\":\"ImageObject\",\"url\":\"https:\\\/\\\/www.eldigitaldeasturias.com\\\/noticias\\\/wp-content\\\/uploads\\\/2020\\\/12\\\/EDA.jpg\",\"@id\":\"https:\\\/\\\/www.eldigitaldeasturias.com\\\/noticias\\\/el-pp-asturiano-deja-claro-que-su-candidato-es-mariano-rajoy\\\/#organizationLogo\",\"width\":649,\"height\":297},\"image\":{\"@id\":\"https:\\\/\\\/www.eldigitaldeasturias.com\\\/noticias\\\/el-pp-asturiano-deja-claro-que-su-candidato-es-mariano-rajoy\\\/#organizationLogo\"},\"sameAs\":[\"https:\\\/\\\/facebook.com\\\/eldigitaldeasturias\",\"https:\\\/\\\/www.youtube.com\\\/channel\\\/UCZP-2wLEB9Rv6erhFmqVnvg\"],\"address\":{\"@id\":\"https:\\\/\\\/www.eldigitaldeasturias.com\\\/noticias\\\/#postaladdress\",\"@type\":\"PostalAddress\",\"streetAddress\":\"san antonio 4,\",\"postalCode\":\"33430\",\"addressLocality\":\"Cand\\u00e1s\",\"addressRegion\":\"Asturias\",\"addressCountry\":\"ES\"}},{\"@type\":\"Person\",\"@id\":\"https:\\\/\\\/www.eldigitaldeasturias.com\\\/noticias\\\/author\\\/admin\\\/#author\",\"url\":\"https:\\\/\\\/www.eldigitaldeasturias.com\\\/noticias\\\/author\\\/admin\\\/\",\"name\":\"El Digital de Asturias\",\"image\":{\"@type\":\"ImageObject\",\"@id\":\"https:\\\/\\\/www.eldigitaldeasturias.com\\\/noticias\\\/el-pp-asturiano-deja-claro-que-su-candidato-es-mariano-rajoy\\\/#authorImage\",\"url\":\"https:\\\/\\\/www.eldigitaldeasturias.com\\\/noticias\\\/wp-content\\\/litespeed\\\/avatar\\\/18677e78aa0546b92d9dbf31ec7d7668.jpg?ver=1777290358\",\"width\":96,\"height\":96,\"caption\":\"El Digital de Asturias\"}},{\"@type\":\"WebPage\",\"@id\":\"https:\\\/\\\/www.eldigitaldeasturias.com\\\/noticias\\\/el-pp-asturiano-deja-claro-que-su-candidato-es-mariano-rajoy\\\/#webpage\",\"url\":\"https:\\\/\\\/www.eldigitaldeasturias.com\\\/noticias\\\/el-pp-asturiano-deja-claro-que-su-candidato-es-mariano-rajoy\\\/\",\"name\":\"El PP asturiano deja claro que su candidato es Mariano Rajoy - El Digital de Asturias\",\"description\":\"La presidenta del PP de Asturias, Mercedes Fern\\u00e1ndez, ha dejado este lunes claro que la posici\\u00f3n de su formaci\\u00f3n es la de total respaldo a Mariano Rajoy como candidato de su formaci\\u00f3n a la presidencia del Gobierno. Las declaraciones de Fern\\u00e1ndez, realizadas en Madrid tras la celebraci\\u00f3n del Comit\\u00e9 Ejecutivo, llegan horas despu\\u00e9s de que\",\"inLanguage\":\"es-ES\",\"isPartOf\":{\"@id\":\"https:\\\/\\\/www.eldigitaldeasturias.com\\\/noticias\\\/#website\"},\"breadcrumb\":{\"@id\":\"https:\\\/\\\/www.eldigitaldeasturias.com\\\/noticias\\\/el-pp-asturiano-deja-claro-que-su-candidato-es-mariano-rajoy\\\/#breadcrumblist\"},\"author\":{\"@id\":\"https:\\\/\\\/www.eldigitaldeasturias.com\\\/noticias\\\/author\\\/admin\\\/#author\"},\"creator\":{\"@id\":\"https:\\\/\\\/www.eldigitaldeasturias.com\\\/noticias\\\/author\\\/admin\\\/#author\"},\"image\":{\"@type\":\"ImageObject\",\"url\":\"https:\\\/\\\/www.eldigitaldeasturias.com\\\/noticias\\\/wp-content\\\/uploads\\\/2016\\\/02\\\/fotonoticia_20160222141315_800.jpg\",\"@id\":\"https:\\\/\\\/www.eldigitaldeasturias.com\\\/noticias\\\/el-pp-asturiano-deja-claro-que-su-candidato-es-mariano-rajoy\\\/#mainImage\",\"width\":800,\"height\":600},\"primaryImageOfPage\":{\"@id\":\"https:\\\/\\\/www.eldigitaldeasturias.com\\\/noticias\\\/el-pp-asturiano-deja-claro-que-su-candidato-es-mariano-rajoy\\\/#mainImage\"},\"datePublished\":\"2016-02-23T05:32:43+01:00\",\"dateModified\":\"2016-02-23T05:32:43+01:00\"},{\"@type\":\"WebSite\",\"@id\":\"https:\\\/\\\/www.eldigitaldeasturias.com\\\/noticias\\\/#website\",\"url\":\"https:\\\/\\\/www.eldigitaldeasturias.com\\\/noticias\\\/\",\"name\":\"El Digital de Asturias - Diario de actualidad y noticias\",\"alternateName\":\"El Digital de Asturias - Diario de actualidad y noticias\",\"description\":\"Hemeroteca\",\"inLanguage\":\"es-ES\",\"publisher\":{\"@id\":\"https:\\\/\\\/www.eldigitaldeasturias.com\\\/noticias\\\/#organization\"}}]}\n\t\t<\/script>\n\t\t<!-- All in One SEO Pro -->\r\n\t\t<title>El PP asturiano deja claro que su candidato es Mariano Rajoy - El Digital de Asturias<\/title>\n\n","aioseo_head_json":{"title":"El PP asturiano deja claro que su candidato es Mariano Rajoy - El Digital de Asturias","description":"La presidenta del PP de Asturias, Mercedes Fern\u00e1ndez, ha dejado este lunes claro que la posici\u00f3n de su formaci\u00f3n es la de total respaldo a Mariano Rajoy como candidato de su formaci\u00f3n a la presidencia del Gobierno. Las declaraciones de Fern\u00e1ndez, realizadas en Madrid tras la celebraci\u00f3n del Comit\u00e9 Ejecutivo, llegan horas despu\u00e9s de que","canonical_url":"https:\/\/www.eldigitaldeasturias.com\/noticias\/el-pp-asturiano-deja-claro-que-su-candidato-es-mariano-rajoy\/","robots":"max-image-preview:large","keywords":"actualidad asturias","webmasterTools":{"google-site-verification":"UA-38556648-1","msvalidate.01":"7dfe9f3f1b24437ab69f4f2559babe99","miscellaneous":""},"schema":{"@context":"https:\/\/schema.org","@graph":[{"@type":"BlogPosting","@id":"https:\/\/www.eldigitaldeasturias.com\/noticias\/el-pp-asturiano-deja-claro-que-su-candidato-es-mariano-rajoy\/#blogposting","name":"El PP asturiano deja claro que su candidato es Mariano Rajoy - El Digital de Asturias","headline":"El PP asturiano deja claro que su candidato es Mariano Rajoy","author":{"@id":"https:\/\/www.eldigitaldeasturias.com\/noticias\/author\/admin\/#author"},"publisher":{"@id":"https:\/\/www.eldigitaldeasturias.com\/noticias\/#organization"},"image":{"@type":"ImageObject","url":"https:\/\/www.eldigitaldeasturias.com\/noticias\/wp-content\/uploads\/2016\/02\/fotonoticia_20160222141315_800.jpg","width":800,"height":600},"datePublished":"2016-02-23T05:32:43+01:00","dateModified":"2016-02-23T05:32:43+01:00","inLanguage":"es-ES","mainEntityOfPage":{"@id":"https:\/\/www.eldigitaldeasturias.com\/noticias\/el-pp-asturiano-deja-claro-que-su-candidato-es-mariano-rajoy\/#webpage"},"isPartOf":{"@id":"https:\/\/www.eldigitaldeasturias.com\/noticias\/el-pp-asturiano-deja-claro-que-su-candidato-es-mariano-rajoy\/#webpage"},"articleSection":"Actualidad Asturias"},{"@type":"BreadcrumbList","@id":"https:\/\/www.eldigitaldeasturias.com\/noticias\/el-pp-asturiano-deja-claro-que-su-candidato-es-mariano-rajoy\/#breadcrumblist","itemListElement":[{"@type":"ListItem","@id":"https:\/\/www.eldigitaldeasturias.com\/noticias#listItem","position":1,"name":"Home","item":"https:\/\/www.eldigitaldeasturias.com\/noticias","nextItem":{"@type":"ListItem","@id":"https:\/\/www.eldigitaldeasturias.com\/noticias\/category\/actualidad-asturias\/#listItem","name":"Actualidad Asturias"}},{"@type":"ListItem","@id":"https:\/\/www.eldigitaldeasturias.com\/noticias\/category\/actualidad-asturias\/#listItem","position":2,"name":"Actualidad Asturias","item":"https:\/\/www.eldigitaldeasturias.com\/noticias\/category\/actualidad-asturias\/","nextItem":{"@type":"ListItem","@id":"https:\/\/www.eldigitaldeasturias.com\/noticias\/el-pp-asturiano-deja-claro-que-su-candidato-es-mariano-rajoy\/#listItem","name":"El PP asturiano deja claro que su candidato es Mariano Rajoy"},"previousItem":{"@type":"ListItem","@id":"https:\/\/www.eldigitaldeasturias.com\/noticias#listItem","name":"Home"}},{"@type":"ListItem","@id":"https:\/\/www.eldigitaldeasturias.com\/noticias\/el-pp-asturiano-deja-claro-que-su-candidato-es-mariano-rajoy\/#listItem","position":3,"name":"El PP asturiano deja claro que su candidato es Mariano Rajoy","previousItem":{"@type":"ListItem","@id":"https:\/\/www.eldigitaldeasturias.com\/noticias\/category\/actualidad-asturias\/#listItem","name":"Actualidad Asturias"}}]},{"@type":"Organization","@id":"https:\/\/www.eldigitaldeasturias.com\/noticias\/#organization","name":"El Digital de Asturias","description":"Hemeroteca","url":"https:\/\/www.eldigitaldeasturias.com\/noticias\/","email":"info@eldigitaldeasturias.com","telephone":"+34652131393","logo":{"@type":"ImageObject","url":"https:\/\/www.eldigitaldeasturias.com\/noticias\/wp-content\/uploads\/2020\/12\/EDA.jpg","@id":"https:\/\/www.eldigitaldeasturias.com\/noticias\/el-pp-asturiano-deja-claro-que-su-candidato-es-mariano-rajoy\/#organizationLogo","width":649,"height":297},"image":{"@id":"https:\/\/www.eldigitaldeasturias.com\/noticias\/el-pp-asturiano-deja-claro-que-su-candidato-es-mariano-rajoy\/#organizationLogo"},"sameAs":["https:\/\/facebook.com\/eldigitaldeasturias","https:\/\/www.youtube.com\/channel\/UCZP-2wLEB9Rv6erhFmqVnvg"],"address":{"@id":"https:\/\/www.eldigitaldeasturias.com\/noticias\/#postaladdress","@type":"PostalAddress","streetAddress":"san antonio 4,","postalCode":"33430","addressLocality":"Cand\u00e1s","addressRegion":"Asturias","addressCountry":"ES"}},{"@type":"Person","@id":"https:\/\/www.eldigitaldeasturias.com\/noticias\/author\/admin\/#author","url":"https:\/\/www.eldigitaldeasturias.com\/noticias\/author\/admin\/","name":"El Digital de Asturias","image":{"@type":"ImageObject","@id":"https:\/\/www.eldigitaldeasturias.com\/noticias\/el-pp-asturiano-deja-claro-que-su-candidato-es-mariano-rajoy\/#authorImage","url":"https:\/\/www.eldigitaldeasturias.com\/noticias\/wp-content\/litespeed\/avatar\/18677e78aa0546b92d9dbf31ec7d7668.jpg?ver=1777290358","width":96,"height":96,"caption":"El Digital de Asturias"}},{"@type":"WebPage","@id":"https:\/\/www.eldigitaldeasturias.com\/noticias\/el-pp-asturiano-deja-claro-que-su-candidato-es-mariano-rajoy\/#webpage","url":"https:\/\/www.eldigitaldeasturias.com\/noticias\/el-pp-asturiano-deja-claro-que-su-candidato-es-mariano-rajoy\/","name":"El PP asturiano deja claro que su candidato es Mariano Rajoy - El Digital de Asturias","description":"La presidenta del PP de Asturias, Mercedes Fern\u00e1ndez, ha dejado este lunes claro que la posici\u00f3n de su formaci\u00f3n es la de total respaldo a Mariano Rajoy como candidato de su formaci\u00f3n a la presidencia del Gobierno. Las declaraciones de Fern\u00e1ndez, realizadas en Madrid tras la celebraci\u00f3n del Comit\u00e9 Ejecutivo, llegan horas despu\u00e9s de que","inLanguage":"es-ES","isPartOf":{"@id":"https:\/\/www.eldigitaldeasturias.com\/noticias\/#website"},"breadcrumb":{"@id":"https:\/\/www.eldigitaldeasturias.com\/noticias\/el-pp-asturiano-deja-claro-que-su-candidato-es-mariano-rajoy\/#breadcrumblist"},"author":{"@id":"https:\/\/www.eldigitaldeasturias.com\/noticias\/author\/admin\/#author"},"creator":{"@id":"https:\/\/www.eldigitaldeasturias.com\/noticias\/author\/admin\/#author"},"image":{"@type":"ImageObject","url":"https:\/\/www.eldigitaldeasturias.com\/noticias\/wp-content\/uploads\/2016\/02\/fotonoticia_20160222141315_800.jpg","@id":"https:\/\/www.eldigitaldeasturias.com\/noticias\/el-pp-asturiano-deja-claro-que-su-candidato-es-mariano-rajoy\/#mainImage","width":800,"height":600},"primaryImageOfPage":{"@id":"https:\/\/www.eldigitaldeasturias.com\/noticias\/el-pp-asturiano-deja-claro-que-su-candidato-es-mariano-rajoy\/#mainImage"},"datePublished":"2016-02-23T05:32:43+01:00","dateModified":"2016-02-23T05:32:43+01:00"},{"@type":"WebSite","@id":"https:\/\/www.eldigitaldeasturias.com\/noticias\/#website","url":"https:\/\/www.eldigitaldeasturias.com\/noticias\/","name":"El Digital de Asturias - Diario de actualidad y noticias","alternateName":"El Digital de Asturias - Diario de actualidad y noticias","description":"Hemeroteca","inLanguage":"es-ES","publisher":{"@id":"https:\/\/www.eldigitaldeasturias.com\/noticias\/#organization"}}]},"og:locale":"es_ES","og:site_name":"El Digital de Asturias","og:type":"article","og:title":"El PP asturiano deja claro que su candidato es Mariano Rajoy - El Digital de Asturias","og:description":"La presidenta del PP de Asturias, Mercedes Fern\u00e1ndez, ha dejado este lunes claro que la posici\u00f3n de su formaci\u00f3n es la de total respaldo a Mariano Rajoy como candidato de su formaci\u00f3n a la presidencia del Gobierno. Las declaraciones de Fern\u00e1ndez, realizadas en Madrid tras la celebraci\u00f3n del Comit\u00e9 Ejecutivo, llegan horas despu\u00e9s de que","og:url":"https:\/\/www.eldigitaldeasturias.com\/noticias\/el-pp-asturiano-deja-claro-que-su-candidato-es-mariano-rajoy\/","og:image":"https:\/\/www.eldigitaldeasturias.com\/noticias\/wp-content\/uploads\/2016\/02\/fotonoticia_20160222141315_800.jpg","og:image:secure_url":"https:\/\/www.eldigitaldeasturias.com\/noticias\/wp-content\/uploads\/2016\/02\/fotonoticia_20160222141315_800.jpg","og:image:width":800,"og:image:height":600,"article:tag":["actualidad asturias"],"article:published_time":"2016-02-23T05:32:43+00:00","article:modified_time":"2016-02-23T05:32:43+00:00","article:publisher":"https:\/\/facebook.com\/eldigitaldeasturias","twitter:card":"summary_large_image","twitter:title":"El PP asturiano deja claro que su candidato es Mariano Rajoy - El Digital de Asturias","twitter:description":"La presidenta del PP de Asturias, Mercedes Fern\u00e1ndez, ha dejado este lunes claro que la posici\u00f3n de su formaci\u00f3n es la de total respaldo a Mariano Rajoy como candidato de su formaci\u00f3n a la presidencia del Gobierno. Las declaraciones de Fern\u00e1ndez, realizadas en Madrid tras la celebraci\u00f3n del Comit\u00e9 Ejecutivo, llegan horas despu\u00e9s de que","twitter:image":"https:\/\/www.eldigitaldeasturias.com\/noticias\/wp-content\/uploads\/2016\/02\/fotonoticia_20160222141315_800.jpg","twitter:label1":"Escrito por","twitter:data1":"El Digital de Asturias","twitter:label2":"Tiempo de lectura estimado","twitter:data2":"2 minutos"},"aioseo_meta_data":{"post_id":"861162","title":null,"description":null,"keywords":null,"keyphrases":null,"primary_term":null,"canonical_url":null,"og_title":null,"og_description":null,"og_object_type":"default","og_image_type":"default","og_image_url":null,"og_image_width":null,"og_image_height":null,"og_image_custom_url":null,"og_image_custom_fields":null,"og_video":null,"og_custom_url":null,"og_article_section":null,"og_article_tags":null,"twitter_use_og":false,"twitter_card":"default","twitter_image_type":"default","twitter_image_url":null,"twitter_image_custom_url":null,"twitter_image_custom_fields":null,"twitter_title":null,"twitter_description":null,"schema":{"blockGraphs":[],"customGraphs":[],"default":{"data":{"Article":[],"Course":[],"Dataset":[],"FAQPage":[],"Movie":[],"Person":[],"Product":[],"ProductReview":[],"Car":[],"Recipe":[],"Service":[],"SoftwareApplication":[],"WebPage":[]},"graphName":"","isEnabled":true},"graphs":[],"defaultGraph":"","defaultPostTypeGraph":""},"schema_type":null,"schema_type_options":null,"pillar_content":false,"robots_default":true,"robots_noindex":false,"robots_noarchive":false,"robots_nosnippet":false,"robots_nofollow":false,"robots_noimageindex":false,"robots_noodp":false,"robots_notranslate":false,"robots_max_snippet":null,"robots_max_videopreview":null,"robots_max_imagepreview":"large","priority":null,"frequency":null,"local_seo":null,"seo_analyzer_scan_date":"2025-12-10 20:17:09","breadcrumb_settings":null,"limit_modified_date":false,"open_ai":null,"ai":null,"created":"2021-01-23 14:59:12","updated":"2025-12-10 20:17:09"},"aioseo_breadcrumb":"<div class=\"aioseo-breadcrumbs\"><span class=\"aioseo-breadcrumb\">\n\t<a href=\"https:\/\/www.eldigitaldeasturias.com\/noticias\" title=\"Home\">Home<\/a>\n<\/span><span class=\"aioseo-breadcrumb-separator\">\u2013<\/span><span class=\"aioseo-breadcrumb\">\n\t<a href=\"https:\/\/www.eldigitaldeasturias.com\/noticias\/category\/actualidad-asturias\/\" title=\"Actualidad Asturias\">Actualidad Asturias<\/a>\n<\/span><span class=\"aioseo-breadcrumb-separator\">\u2013<\/span><span class=\"aioseo-breadcrumb\">\n\t<a href=\"https:\/\/www.eldigitaldeasturias.com\/noticias\/el-pp-asturiano-deja-claro-que-su-candidato-es-mariano-rajoy\/\" title=\"El PP asturiano deja claro que su candidato es Mariano Rajoy\">El PP asturiano deja claro que su candidato es Mariano Rajoy<\/a>\n<\/span><\/div>","aioseo_breadcrumb_json":[{"label":"Home","link":"https:\/\/www.eldigitaldeasturias.com\/noticias"},{"label":"Actualidad Asturias","link":"https:\/\/www.eldigitaldeasturias.com\/noticias\/category\/actualidad-asturias\/"},{"label":"El PP asturiano deja claro que su candidato es Mariano Rajoy","link":"https:\/\/www.eldigitaldeasturias.com\/noticias\/el-pp-asturiano-deja-claro-que-su-candidato-es-mariano-rajoy\/"}],"_links":{"self":[{"href":"https:\/\/www.eldigitaldeasturias.com\/noticias\/wp-json\/wp\/v2\/posts\/861162","targetHints":{"allow":["GET"]}}],"collection":[{"href":"https:\/\/www.eldigitaldeasturias.com\/noticias\/wp-json\/wp\/v2\/posts"}],"about":[{"href":"https:\/\/www.eldigitaldeasturias.com\/noticias\/wp-json\/wp\/v2\/types\/post"}],"author":[{"embeddable":true,"href":"https:\/\/www.eldigitaldeasturias.com\/noticias\/wp-json\/wp\/v2\/users\/1"}],"replies":[{"embeddable":true,"href":"https:\/\/www.eldigitaldeasturias.com\/noticias\/wp-json\/wp\/v2\/comments?post=861162"}],"version-history":[{"count":0,"href":"https:\/\/www.eldigitaldeasturias.com\/noticias\/wp-json\/wp\/v2\/posts\/861162\/revisions"}],"wp:featuredmedia":[{"embeddable":true,"href":"https:\/\/www.eldigitaldeasturias.com\/noticias\/wp-json\/wp\/v2\/media\/861163"}],"wp:attachment":[{"href":"https:\/\/www.eldigitaldeasturias.com\/noticias\/wp-json\/wp\/v2\/media?parent=861162"}],"wp:term":[{"taxonomy":"category","embeddable":true,"href":"https:\/\/www.eldigitaldeasturias.com\/noticias\/wp-json\/wp\/v2\/categories?post=861162"},{"taxonomy":"post_tag","embeddable":true,"href":"https:\/\/www.eldigitaldeasturias.com\/noticias\/wp-json\/wp\/v2\/tags?post=861162"}],"curies":[{"name":"wp","href":"https:\/\/api.w.org\/{rel}","templated":true}]}}