{"id":861160,"date":"2016-02-23T05:31:28","date_gmt":"2016-02-23T05:31:28","guid":{"rendered":"http:\/\/www.eldigitaldeasturias.com\/noticias\/?p=861160"},"modified":"2016-02-23T05:31:28","modified_gmt":"2016-02-23T05:31:28","slug":"asturias-acoge-una-reunion-de-la-reseo-para-buscar-respuestas-al-desafio-demografico","status":"publish","type":"post","link":"https:\/\/www.eldigitaldeasturias.com\/noticias\/asturias-acoge-una-reunion-de-la-reseo-para-buscar-respuestas-al-desafio-demografico\/","title":{"rendered":"Asturias acoge una reuni\u00f3n de la RESEO para buscar respuestas al desaf\u00edo demogr\u00e1fico"},"content":{"rendered":"<p><img loading=\"lazy\" decoding=\"async\" class=\"alignleft size-medium wp-image-659697\" src=\"https:\/\/www.eldigitaldeasturias.com\/noticias\/wp-content\/uploads\/2014\/10\/6837097w-215x320.jpg\" alt=\"gente\" width=\"215\" height=\"320\" srcset=\"https:\/\/www.eldigitaldeasturias.com\/noticias\/wp-content\/uploads\/2014\/10\/6837097w-215x320.jpg 215w, https:\/\/www.eldigitaldeasturias.com\/noticias\/wp-content\/uploads\/2014\/10\/6837097w-436x650.jpg 436w, https:\/\/www.eldigitaldeasturias.com\/noticias\/wp-content\/uploads\/2014\/10\/6837097w.jpg 700w\" sizes=\"auto, (max-width: 215px) 100vw, 215px\" \/>Oviedo acoger\u00e1 ma\u00f1ana una reuni\u00f3n del grupo de trabajo sobre demograf\u00eda y envejecimiento de la Macrorregi\u00f3n del Sudoeste Europeo (RESOE), que integra a las regiones Norte y Centro de Portugal, Castilla y Le\u00f3n, Galicia y Asturias.<\/p>\n<p>Seg\u00fan informa el Principado en una nota de prensa, el encuentro, que tendr\u00e1 lugar en la sede de Presidencia, servir\u00e1 para hacer un balance de las actividades desarrolladas por este grupo en su primer a\u00f1o de actividad y dise\u00f1ar un programa de trabajo para los pr\u00f3ximos meses que permita hacer frente a desaf\u00edos conjuntos, como la ca\u00edda de la natalidad y la p\u00e9rdida de poblaci\u00f3n.<\/p>\n<p>La reuni\u00f3n contar\u00e1 con la presencia, entre otros, del coordinador de la Oficina de Gesti\u00f3n de Proyectos del Polo de Ciencias de la Salud de la Universidad de Coimbra (regi\u00f3n Centro de Portugal, Jo\u00e3o Malva, el presidente del Consejo Cient\u00edfico de la Escuela de Ciencias del Medio Ambiente (regi\u00f3n Norte de Portugal), Victor Machado Reis, la directora general de Familia, Infancia y Dinamizaci\u00f3n Demogr\u00e1fica de la Xunta de Galicia, Amparo Gonz\u00e1lez, adem\u00e1s de representantes de las consejer\u00edas de Presidencia y Participaci\u00f3n Ciudadana y Servicios y Derechos Sociales del Gobierno de Asturias.<\/p>\n<p>Asimismo, por la tarde &#8212; a las 16.30 horas&#8211; habr\u00e1 un taller en la sede de la Fundaci\u00f3n CTIC, en el Parque Cient\u00edfico y Tecnol\u00f3gico de Gij\u00f3n, sobre la integraci\u00f3n de las tecnolog\u00edas en los modelos p\u00fablicos de atenci\u00f3n a las personas mayores, con el objetivo de promover su autonom\u00eda.<\/p>\n<p>Asturias se adhiri\u00f3 a la red RESOE el 9 de mayo de 2014. Esta alianza econ\u00f3mico-jur\u00eddica pretende obtener m\u00e1s recursos comunitarios de los cinco territorios en el marco de los objetivos de la Estrategia 2020, crear un \u00e1rea de expansi\u00f3n econ\u00f3mica, fomentar la cooperaci\u00f3n empresarial e impulsar la colaboraci\u00f3n institucional para ahorrar costes y mejorar la prestaci\u00f3n de servicios a los ciudadanos.<\/p>\n<p>La macrorregi\u00f3n supone un 30,7 por ciento de la superficie de la Pen\u00ednsula Ib\u00e9rica, suma m\u00e1s de doce millones de habitantes y cuenta con una importante red de enclaves log\u00edsticos y mar\u00edtimos, empresas competitivas del sector industrial y centros dedicados a la investigaci\u00f3n y la excelencia universitaria.<\/p>\n<p>Entre otras medidas, en el \u00faltimo a\u00f1o ha acordado promover el Camino de Santiago como recurso tur\u00edstico com\u00fan sobre el que girar\u00e1 la promoci\u00f3n conjunta de las cinco regiones y fijar una estrategia para el desarrollo log\u00edstico de la pen\u00ednsula a trav\u00e9s del corredor atl\u00e1ntico.<\/p>\n<p>La alianza macrorregional tambi\u00e9n incide en la importancia de la educaci\u00f3n superior. Entre los \u00e1mbitos prioritarios figuran la creaci\u00f3n de un \u00e1rea de excelencia que implique a todas las universidades y tenga un peso espec\u00edfico y relevante en el \u00e1mbito del Espacio Europeo de Educaci\u00f3n Superior y en el Espacio Europeo de la Investigaci\u00f3n, para posibilitar una mayor movilidad de estudiantes y profesores, el desarrollo de programas interuniversitarios y convenios de colaboraci\u00f3n en el \u00e1mbito docente.<\/p>\n","protected":false},"excerpt":{"rendered":"<p>Oviedo acoger\u00e1 ma\u00f1ana una reuni\u00f3n del grupo de trabajo sobre demograf\u00eda y envejecimiento de la Macrorregi\u00f3n del Sudoeste Europeo (RESOE), que integra a las regiones Norte y Centro de Portugal, Castilla y Le\u00f3n, Galicia y Asturias. Seg\u00fan informa el Principado en una nota de prensa, el encuentro, que tendr\u00e1 lugar en la sede de Presidencia, [&hellip;]<\/p>\n","protected":false},"author":1,"featured_media":659697,"comment_status":"closed","ping_status":"closed","sticky":false,"template":"","format":"standard","meta":{"footnotes":""},"categories":[12],"tags":[],"class_list":["post-861160","post","type-post","status-publish","format-standard","has-post-thumbnail","hentry","category-actualidad-asturias"],"aioseo_notices":[],"aioseo_head":"\n\t\t<!-- All in One SEO Pro 4.9.6.2 - aioseo.com -->\n\t<meta name=\"description\" content=\"Oviedo acoger\u00e1 ma\u00f1ana una reuni\u00f3n del grupo de trabajo sobre demograf\u00eda y envejecimiento de la Macrorregi\u00f3n del Sudoeste Europeo (RESOE), que integra a las regiones Norte y Centro de Portugal, Castilla y Le\u00f3n, Galicia y Asturias. Seg\u00fan informa el Principado en una nota de prensa, el encuentro, que tendr\u00e1 lugar en la sede de Presidencia,\" \/>\n\t<meta name=\"robots\" content=\"max-image-preview:large\" \/>\n\t<meta name=\"author\" content=\"El Digital de Asturias\"\/>\n\t<meta name=\"google-site-verification\" content=\"UA-38556648-1\" \/>\n\t<meta name=\"msvalidate.01\" content=\"7dfe9f3f1b24437ab69f4f2559babe99\" \/>\n\t<meta name=\"keywords\" content=\"actualidad asturias\" \/>\n\t<link rel=\"canonical\" href=\"https:\/\/www.eldigitaldeasturias.com\/noticias\/asturias-acoge-una-reunion-de-la-reseo-para-buscar-respuestas-al-desafio-demografico\/\" \/>\n\t<meta name=\"generator\" content=\"All in One SEO Pro (AIOSEO) 4.9.6.2\" \/>\n\t\t<meta property=\"og:locale\" content=\"es_ES\" \/>\n\t\t<meta property=\"og:site_name\" content=\"El Digital de Asturias\" \/>\n\t\t<meta property=\"og:type\" content=\"article\" \/>\n\t\t<meta property=\"og:title\" content=\"Asturias acoge una reuni\u00f3n de la RESEO para buscar respuestas al desaf\u00edo demogr\u00e1fico - El Digital de Asturias\" \/>\n\t\t<meta property=\"og:description\" content=\"Oviedo acoger\u00e1 ma\u00f1ana una reuni\u00f3n del grupo de trabajo sobre demograf\u00eda y envejecimiento de la Macrorregi\u00f3n del Sudoeste Europeo (RESOE), que integra a las regiones Norte y Centro de Portugal, Castilla y Le\u00f3n, Galicia y Asturias. Seg\u00fan informa el Principado en una nota de prensa, el encuentro, que tendr\u00e1 lugar en la sede de Presidencia,\" \/>\n\t\t<meta property=\"og:url\" content=\"https:\/\/www.eldigitaldeasturias.com\/noticias\/asturias-acoge-una-reunion-de-la-reseo-para-buscar-respuestas-al-desafio-demografico\/\" \/>\n\t\t<meta property=\"og:image\" content=\"https:\/\/www.eldigitaldeasturias.com\/noticias\/wp-content\/uploads\/2014\/10\/6837097w.jpg\" \/>\n\t\t<meta property=\"og:image:secure_url\" content=\"https:\/\/www.eldigitaldeasturias.com\/noticias\/wp-content\/uploads\/2014\/10\/6837097w.jpg\" \/>\n\t\t<meta property=\"og:image:width\" content=\"700\" \/>\n\t\t<meta property=\"og:image:height\" content=\"1044\" \/>\n\t\t<meta property=\"article:tag\" content=\"actualidad asturias\" \/>\n\t\t<meta property=\"article:published_time\" content=\"2016-02-23T05:31:28+00:00\" \/>\n\t\t<meta property=\"article:modified_time\" content=\"2016-02-23T05:31:28+00:00\" \/>\n\t\t<meta property=\"article:publisher\" content=\"https:\/\/facebook.com\/eldigitaldeasturias\" \/>\n\t\t<meta name=\"twitter:card\" content=\"summary_large_image\" \/>\n\t\t<meta name=\"twitter:title\" content=\"Asturias acoge una reuni\u00f3n de la RESEO para buscar respuestas al desaf\u00edo demogr\u00e1fico - El Digital de Asturias\" \/>\n\t\t<meta name=\"twitter:description\" content=\"Oviedo acoger\u00e1 ma\u00f1ana una reuni\u00f3n del grupo de trabajo sobre demograf\u00eda y envejecimiento de la Macrorregi\u00f3n del Sudoeste Europeo (RESOE), que integra a las regiones Norte y Centro de Portugal, Castilla y Le\u00f3n, Galicia y Asturias. Seg\u00fan informa el Principado en una nota de prensa, el encuentro, que tendr\u00e1 lugar en la sede de Presidencia,\" \/>\n\t\t<meta name=\"twitter:image\" content=\"https:\/\/www.eldigitaldeasturias.com\/noticias\/wp-content\/uploads\/2014\/10\/6837097w.jpg\" \/>\n\t\t<meta name=\"twitter:label1\" content=\"Escrito por\" \/>\n\t\t<meta name=\"twitter:data1\" content=\"El Digital de Asturias\" \/>\n\t\t<meta name=\"twitter:label2\" content=\"Tiempo de lectura estimado\" \/>\n\t\t<meta name=\"twitter:data2\" content=\"3 minutos\" \/>\n\t\t<script type=\"application\/ld+json\" class=\"aioseo-schema\">\n\t\t\t{\"@context\":\"https:\\\/\\\/schema.org\",\"@graph\":[{\"@type\":\"BlogPosting\",\"@id\":\"https:\\\/\\\/www.eldigitaldeasturias.com\\\/noticias\\\/asturias-acoge-una-reunion-de-la-reseo-para-buscar-respuestas-al-desafio-demografico\\\/#blogposting\",\"name\":\"Asturias acoge una reuni\\u00f3n de la RESEO para buscar respuestas al desaf\\u00edo demogr\\u00e1fico - El Digital de Asturias\",\"headline\":\"Asturias acoge una reuni\\u00f3n de la RESEO para buscar respuestas al desaf\\u00edo demogr\\u00e1fico\",\"author\":{\"@id\":\"https:\\\/\\\/www.eldigitaldeasturias.com\\\/noticias\\\/author\\\/admin\\\/#author\"},\"publisher\":{\"@id\":\"https:\\\/\\\/www.eldigitaldeasturias.com\\\/noticias\\\/#organization\"},\"image\":{\"@type\":\"ImageObject\",\"url\":\"https:\\\/\\\/www.eldigitaldeasturias.com\\\/noticias\\\/wp-content\\\/uploads\\\/2014\\\/10\\\/6837097w.jpg\",\"width\":700,\"height\":1044},\"datePublished\":\"2016-02-23T05:31:28+01:00\",\"dateModified\":\"2016-02-23T05:31:28+01:00\",\"inLanguage\":\"es-ES\",\"mainEntityOfPage\":{\"@id\":\"https:\\\/\\\/www.eldigitaldeasturias.com\\\/noticias\\\/asturias-acoge-una-reunion-de-la-reseo-para-buscar-respuestas-al-desafio-demografico\\\/#webpage\"},\"isPartOf\":{\"@id\":\"https:\\\/\\\/www.eldigitaldeasturias.com\\\/noticias\\\/asturias-acoge-una-reunion-de-la-reseo-para-buscar-respuestas-al-desafio-demografico\\\/#webpage\"},\"articleSection\":\"Actualidad Asturias\"},{\"@type\":\"BreadcrumbList\",\"@id\":\"https:\\\/\\\/www.eldigitaldeasturias.com\\\/noticias\\\/asturias-acoge-una-reunion-de-la-reseo-para-buscar-respuestas-al-desafio-demografico\\\/#breadcrumblist\",\"itemListElement\":[{\"@type\":\"ListItem\",\"@id\":\"https:\\\/\\\/www.eldigitaldeasturias.com\\\/noticias#listItem\",\"position\":1,\"name\":\"Home\",\"item\":\"https:\\\/\\\/www.eldigitaldeasturias.com\\\/noticias\",\"nextItem\":{\"@type\":\"ListItem\",\"@id\":\"https:\\\/\\\/www.eldigitaldeasturias.com\\\/noticias\\\/category\\\/actualidad-asturias\\\/#listItem\",\"name\":\"Actualidad Asturias\"}},{\"@type\":\"ListItem\",\"@id\":\"https:\\\/\\\/www.eldigitaldeasturias.com\\\/noticias\\\/category\\\/actualidad-asturias\\\/#listItem\",\"position\":2,\"name\":\"Actualidad Asturias\",\"item\":\"https:\\\/\\\/www.eldigitaldeasturias.com\\\/noticias\\\/category\\\/actualidad-asturias\\\/\",\"nextItem\":{\"@type\":\"ListItem\",\"@id\":\"https:\\\/\\\/www.eldigitaldeasturias.com\\\/noticias\\\/asturias-acoge-una-reunion-de-la-reseo-para-buscar-respuestas-al-desafio-demografico\\\/#listItem\",\"name\":\"Asturias acoge una reuni\\u00f3n de la RESEO para buscar respuestas al desaf\\u00edo demogr\\u00e1fico\"},\"previousItem\":{\"@type\":\"ListItem\",\"@id\":\"https:\\\/\\\/www.eldigitaldeasturias.com\\\/noticias#listItem\",\"name\":\"Home\"}},{\"@type\":\"ListItem\",\"@id\":\"https:\\\/\\\/www.eldigitaldeasturias.com\\\/noticias\\\/asturias-acoge-una-reunion-de-la-reseo-para-buscar-respuestas-al-desafio-demografico\\\/#listItem\",\"position\":3,\"name\":\"Asturias acoge una reuni\\u00f3n de la RESEO para buscar respuestas al desaf\\u00edo demogr\\u00e1fico\",\"previousItem\":{\"@type\":\"ListItem\",\"@id\":\"https:\\\/\\\/www.eldigitaldeasturias.com\\\/noticias\\\/category\\\/actualidad-asturias\\\/#listItem\",\"name\":\"Actualidad Asturias\"}}]},{\"@type\":\"Organization\",\"@id\":\"https:\\\/\\\/www.eldigitaldeasturias.com\\\/noticias\\\/#organization\",\"name\":\"El Digital de Asturias\",\"description\":\"Hemeroteca\",\"url\":\"https:\\\/\\\/www.eldigitaldeasturias.com\\\/noticias\\\/\",\"email\":\"info@eldigitaldeasturias.com\",\"telephone\":\"+34652131393\",\"logo\":{\"@type\":\"ImageObject\",\"url\":\"https:\\\/\\\/www.eldigitaldeasturias.com\\\/noticias\\\/wp-content\\\/uploads\\\/2020\\\/12\\\/EDA.jpg\",\"@id\":\"https:\\\/\\\/www.eldigitaldeasturias.com\\\/noticias\\\/asturias-acoge-una-reunion-de-la-reseo-para-buscar-respuestas-al-desafio-demografico\\\/#organizationLogo\",\"width\":649,\"height\":297},\"image\":{\"@id\":\"https:\\\/\\\/www.eldigitaldeasturias.com\\\/noticias\\\/asturias-acoge-una-reunion-de-la-reseo-para-buscar-respuestas-al-desafio-demografico\\\/#organizationLogo\"},\"sameAs\":[\"https:\\\/\\\/facebook.com\\\/eldigitaldeasturias\",\"https:\\\/\\\/www.youtube.com\\\/channel\\\/UCZP-2wLEB9Rv6erhFmqVnvg\"],\"address\":{\"@id\":\"https:\\\/\\\/www.eldigitaldeasturias.com\\\/noticias\\\/#postaladdress\",\"@type\":\"PostalAddress\",\"streetAddress\":\"san antonio 4,\",\"postalCode\":\"33430\",\"addressLocality\":\"Cand\\u00e1s\",\"addressRegion\":\"Asturias\",\"addressCountry\":\"ES\"}},{\"@type\":\"Person\",\"@id\":\"https:\\\/\\\/www.eldigitaldeasturias.com\\\/noticias\\\/author\\\/admin\\\/#author\",\"url\":\"https:\\\/\\\/www.eldigitaldeasturias.com\\\/noticias\\\/author\\\/admin\\\/\",\"name\":\"El Digital de Asturias\",\"image\":{\"@type\":\"ImageObject\",\"@id\":\"https:\\\/\\\/www.eldigitaldeasturias.com\\\/noticias\\\/asturias-acoge-una-reunion-de-la-reseo-para-buscar-respuestas-al-desafio-demografico\\\/#authorImage\",\"url\":\"https:\\\/\\\/www.eldigitaldeasturias.com\\\/noticias\\\/wp-content\\\/litespeed\\\/avatar\\\/18677e78aa0546b92d9dbf31ec7d7668.jpg?ver=1777290358\",\"width\":96,\"height\":96,\"caption\":\"El Digital de Asturias\"}},{\"@type\":\"WebPage\",\"@id\":\"https:\\\/\\\/www.eldigitaldeasturias.com\\\/noticias\\\/asturias-acoge-una-reunion-de-la-reseo-para-buscar-respuestas-al-desafio-demografico\\\/#webpage\",\"url\":\"https:\\\/\\\/www.eldigitaldeasturias.com\\\/noticias\\\/asturias-acoge-una-reunion-de-la-reseo-para-buscar-respuestas-al-desafio-demografico\\\/\",\"name\":\"Asturias acoge una reuni\\u00f3n de la RESEO para buscar respuestas al desaf\\u00edo demogr\\u00e1fico - El Digital de Asturias\",\"description\":\"Oviedo acoger\\u00e1 ma\\u00f1ana una reuni\\u00f3n del grupo de trabajo sobre demograf\\u00eda y envejecimiento de la Macrorregi\\u00f3n del Sudoeste Europeo (RESOE), que integra a las regiones Norte y Centro de Portugal, Castilla y Le\\u00f3n, Galicia y Asturias. Seg\\u00fan informa el Principado en una nota de prensa, el encuentro, que tendr\\u00e1 lugar en la sede de Presidencia,\",\"inLanguage\":\"es-ES\",\"isPartOf\":{\"@id\":\"https:\\\/\\\/www.eldigitaldeasturias.com\\\/noticias\\\/#website\"},\"breadcrumb\":{\"@id\":\"https:\\\/\\\/www.eldigitaldeasturias.com\\\/noticias\\\/asturias-acoge-una-reunion-de-la-reseo-para-buscar-respuestas-al-desafio-demografico\\\/#breadcrumblist\"},\"author\":{\"@id\":\"https:\\\/\\\/www.eldigitaldeasturias.com\\\/noticias\\\/author\\\/admin\\\/#author\"},\"creator\":{\"@id\":\"https:\\\/\\\/www.eldigitaldeasturias.com\\\/noticias\\\/author\\\/admin\\\/#author\"},\"image\":{\"@type\":\"ImageObject\",\"url\":\"https:\\\/\\\/www.eldigitaldeasturias.com\\\/noticias\\\/wp-content\\\/uploads\\\/2014\\\/10\\\/6837097w.jpg\",\"@id\":\"https:\\\/\\\/www.eldigitaldeasturias.com\\\/noticias\\\/asturias-acoge-una-reunion-de-la-reseo-para-buscar-respuestas-al-desafio-demografico\\\/#mainImage\",\"width\":700,\"height\":1044},\"primaryImageOfPage\":{\"@id\":\"https:\\\/\\\/www.eldigitaldeasturias.com\\\/noticias\\\/asturias-acoge-una-reunion-de-la-reseo-para-buscar-respuestas-al-desafio-demografico\\\/#mainImage\"},\"datePublished\":\"2016-02-23T05:31:28+01:00\",\"dateModified\":\"2016-02-23T05:31:28+01:00\"},{\"@type\":\"WebSite\",\"@id\":\"https:\\\/\\\/www.eldigitaldeasturias.com\\\/noticias\\\/#website\",\"url\":\"https:\\\/\\\/www.eldigitaldeasturias.com\\\/noticias\\\/\",\"name\":\"El Digital de Asturias - Diario de actualidad y noticias\",\"alternateName\":\"El Digital de Asturias - Diario de actualidad y noticias\",\"description\":\"Hemeroteca\",\"inLanguage\":\"es-ES\",\"publisher\":{\"@id\":\"https:\\\/\\\/www.eldigitaldeasturias.com\\\/noticias\\\/#organization\"}}]}\n\t\t<\/script>\n\t\t<!-- All in One SEO Pro -->\r\n\t\t<title>Asturias acoge una reuni\u00f3n de la RESEO para buscar respuestas al desaf\u00edo demogr\u00e1fico - El Digital de Asturias<\/title>\n\n","aioseo_head_json":{"title":"Asturias acoge una reuni\u00f3n de la RESEO para buscar respuestas al desaf\u00edo demogr\u00e1fico - El Digital de Asturias","description":"Oviedo acoger\u00e1 ma\u00f1ana una reuni\u00f3n del grupo de trabajo sobre demograf\u00eda y envejecimiento de la Macrorregi\u00f3n del Sudoeste Europeo (RESOE), que integra a las regiones Norte y Centro de Portugal, Castilla y Le\u00f3n, Galicia y Asturias. Seg\u00fan informa el Principado en una nota de prensa, el encuentro, que tendr\u00e1 lugar en la sede de Presidencia,","canonical_url":"https:\/\/www.eldigitaldeasturias.com\/noticias\/asturias-acoge-una-reunion-de-la-reseo-para-buscar-respuestas-al-desafio-demografico\/","robots":"max-image-preview:large","keywords":"actualidad asturias","webmasterTools":{"google-site-verification":"UA-38556648-1","msvalidate.01":"7dfe9f3f1b24437ab69f4f2559babe99","miscellaneous":""},"schema":{"@context":"https:\/\/schema.org","@graph":[{"@type":"BlogPosting","@id":"https:\/\/www.eldigitaldeasturias.com\/noticias\/asturias-acoge-una-reunion-de-la-reseo-para-buscar-respuestas-al-desafio-demografico\/#blogposting","name":"Asturias acoge una reuni\u00f3n de la RESEO para buscar respuestas al desaf\u00edo demogr\u00e1fico - El Digital de Asturias","headline":"Asturias acoge una reuni\u00f3n de la RESEO para buscar respuestas al desaf\u00edo demogr\u00e1fico","author":{"@id":"https:\/\/www.eldigitaldeasturias.com\/noticias\/author\/admin\/#author"},"publisher":{"@id":"https:\/\/www.eldigitaldeasturias.com\/noticias\/#organization"},"image":{"@type":"ImageObject","url":"https:\/\/www.eldigitaldeasturias.com\/noticias\/wp-content\/uploads\/2014\/10\/6837097w.jpg","width":700,"height":1044},"datePublished":"2016-02-23T05:31:28+01:00","dateModified":"2016-02-23T05:31:28+01:00","inLanguage":"es-ES","mainEntityOfPage":{"@id":"https:\/\/www.eldigitaldeasturias.com\/noticias\/asturias-acoge-una-reunion-de-la-reseo-para-buscar-respuestas-al-desafio-demografico\/#webpage"},"isPartOf":{"@id":"https:\/\/www.eldigitaldeasturias.com\/noticias\/asturias-acoge-una-reunion-de-la-reseo-para-buscar-respuestas-al-desafio-demografico\/#webpage"},"articleSection":"Actualidad Asturias"},{"@type":"BreadcrumbList","@id":"https:\/\/www.eldigitaldeasturias.com\/noticias\/asturias-acoge-una-reunion-de-la-reseo-para-buscar-respuestas-al-desafio-demografico\/#breadcrumblist","itemListElement":[{"@type":"ListItem","@id":"https:\/\/www.eldigitaldeasturias.com\/noticias#listItem","position":1,"name":"Home","item":"https:\/\/www.eldigitaldeasturias.com\/noticias","nextItem":{"@type":"ListItem","@id":"https:\/\/www.eldigitaldeasturias.com\/noticias\/category\/actualidad-asturias\/#listItem","name":"Actualidad Asturias"}},{"@type":"ListItem","@id":"https:\/\/www.eldigitaldeasturias.com\/noticias\/category\/actualidad-asturias\/#listItem","position":2,"name":"Actualidad Asturias","item":"https:\/\/www.eldigitaldeasturias.com\/noticias\/category\/actualidad-asturias\/","nextItem":{"@type":"ListItem","@id":"https:\/\/www.eldigitaldeasturias.com\/noticias\/asturias-acoge-una-reunion-de-la-reseo-para-buscar-respuestas-al-desafio-demografico\/#listItem","name":"Asturias acoge una reuni\u00f3n de la RESEO para buscar respuestas al desaf\u00edo demogr\u00e1fico"},"previousItem":{"@type":"ListItem","@id":"https:\/\/www.eldigitaldeasturias.com\/noticias#listItem","name":"Home"}},{"@type":"ListItem","@id":"https:\/\/www.eldigitaldeasturias.com\/noticias\/asturias-acoge-una-reunion-de-la-reseo-para-buscar-respuestas-al-desafio-demografico\/#listItem","position":3,"name":"Asturias acoge una reuni\u00f3n de la RESEO para buscar respuestas al desaf\u00edo demogr\u00e1fico","previousItem":{"@type":"ListItem","@id":"https:\/\/www.eldigitaldeasturias.com\/noticias\/category\/actualidad-asturias\/#listItem","name":"Actualidad Asturias"}}]},{"@type":"Organization","@id":"https:\/\/www.eldigitaldeasturias.com\/noticias\/#organization","name":"El Digital de Asturias","description":"Hemeroteca","url":"https:\/\/www.eldigitaldeasturias.com\/noticias\/","email":"info@eldigitaldeasturias.com","telephone":"+34652131393","logo":{"@type":"ImageObject","url":"https:\/\/www.eldigitaldeasturias.com\/noticias\/wp-content\/uploads\/2020\/12\/EDA.jpg","@id":"https:\/\/www.eldigitaldeasturias.com\/noticias\/asturias-acoge-una-reunion-de-la-reseo-para-buscar-respuestas-al-desafio-demografico\/#organizationLogo","width":649,"height":297},"image":{"@id":"https:\/\/www.eldigitaldeasturias.com\/noticias\/asturias-acoge-una-reunion-de-la-reseo-para-buscar-respuestas-al-desafio-demografico\/#organizationLogo"},"sameAs":["https:\/\/facebook.com\/eldigitaldeasturias","https:\/\/www.youtube.com\/channel\/UCZP-2wLEB9Rv6erhFmqVnvg"],"address":{"@id":"https:\/\/www.eldigitaldeasturias.com\/noticias\/#postaladdress","@type":"PostalAddress","streetAddress":"san antonio 4,","postalCode":"33430","addressLocality":"Cand\u00e1s","addressRegion":"Asturias","addressCountry":"ES"}},{"@type":"Person","@id":"https:\/\/www.eldigitaldeasturias.com\/noticias\/author\/admin\/#author","url":"https:\/\/www.eldigitaldeasturias.com\/noticias\/author\/admin\/","name":"El Digital de Asturias","image":{"@type":"ImageObject","@id":"https:\/\/www.eldigitaldeasturias.com\/noticias\/asturias-acoge-una-reunion-de-la-reseo-para-buscar-respuestas-al-desafio-demografico\/#authorImage","url":"https:\/\/www.eldigitaldeasturias.com\/noticias\/wp-content\/litespeed\/avatar\/18677e78aa0546b92d9dbf31ec7d7668.jpg?ver=1777290358","width":96,"height":96,"caption":"El Digital de Asturias"}},{"@type":"WebPage","@id":"https:\/\/www.eldigitaldeasturias.com\/noticias\/asturias-acoge-una-reunion-de-la-reseo-para-buscar-respuestas-al-desafio-demografico\/#webpage","url":"https:\/\/www.eldigitaldeasturias.com\/noticias\/asturias-acoge-una-reunion-de-la-reseo-para-buscar-respuestas-al-desafio-demografico\/","name":"Asturias acoge una reuni\u00f3n de la RESEO para buscar respuestas al desaf\u00edo demogr\u00e1fico - El Digital de Asturias","description":"Oviedo acoger\u00e1 ma\u00f1ana una reuni\u00f3n del grupo de trabajo sobre demograf\u00eda y envejecimiento de la Macrorregi\u00f3n del Sudoeste Europeo (RESOE), que integra a las regiones Norte y Centro de Portugal, Castilla y Le\u00f3n, Galicia y Asturias. Seg\u00fan informa el Principado en una nota de prensa, el encuentro, que tendr\u00e1 lugar en la sede de Presidencia,","inLanguage":"es-ES","isPartOf":{"@id":"https:\/\/www.eldigitaldeasturias.com\/noticias\/#website"},"breadcrumb":{"@id":"https:\/\/www.eldigitaldeasturias.com\/noticias\/asturias-acoge-una-reunion-de-la-reseo-para-buscar-respuestas-al-desafio-demografico\/#breadcrumblist"},"author":{"@id":"https:\/\/www.eldigitaldeasturias.com\/noticias\/author\/admin\/#author"},"creator":{"@id":"https:\/\/www.eldigitaldeasturias.com\/noticias\/author\/admin\/#author"},"image":{"@type":"ImageObject","url":"https:\/\/www.eldigitaldeasturias.com\/noticias\/wp-content\/uploads\/2014\/10\/6837097w.jpg","@id":"https:\/\/www.eldigitaldeasturias.com\/noticias\/asturias-acoge-una-reunion-de-la-reseo-para-buscar-respuestas-al-desafio-demografico\/#mainImage","width":700,"height":1044},"primaryImageOfPage":{"@id":"https:\/\/www.eldigitaldeasturias.com\/noticias\/asturias-acoge-una-reunion-de-la-reseo-para-buscar-respuestas-al-desafio-demografico\/#mainImage"},"datePublished":"2016-02-23T05:31:28+01:00","dateModified":"2016-02-23T05:31:28+01:00"},{"@type":"WebSite","@id":"https:\/\/www.eldigitaldeasturias.com\/noticias\/#website","url":"https:\/\/www.eldigitaldeasturias.com\/noticias\/","name":"El Digital de Asturias - Diario de actualidad y noticias","alternateName":"El Digital de Asturias - Diario de actualidad y noticias","description":"Hemeroteca","inLanguage":"es-ES","publisher":{"@id":"https:\/\/www.eldigitaldeasturias.com\/noticias\/#organization"}}]},"og:locale":"es_ES","og:site_name":"El Digital de Asturias","og:type":"article","og:title":"Asturias acoge una reuni\u00f3n de la RESEO para buscar respuestas al desaf\u00edo demogr\u00e1fico - El Digital de Asturias","og:description":"Oviedo acoger\u00e1 ma\u00f1ana una reuni\u00f3n del grupo de trabajo sobre demograf\u00eda y envejecimiento de la Macrorregi\u00f3n del Sudoeste Europeo (RESOE), que integra a las regiones Norte y Centro de Portugal, Castilla y Le\u00f3n, Galicia y Asturias. Seg\u00fan informa el Principado en una nota de prensa, el encuentro, que tendr\u00e1 lugar en la sede de Presidencia,","og:url":"https:\/\/www.eldigitaldeasturias.com\/noticias\/asturias-acoge-una-reunion-de-la-reseo-para-buscar-respuestas-al-desafio-demografico\/","og:image":"https:\/\/www.eldigitaldeasturias.com\/noticias\/wp-content\/uploads\/2014\/10\/6837097w.jpg","og:image:secure_url":"https:\/\/www.eldigitaldeasturias.com\/noticias\/wp-content\/uploads\/2014\/10\/6837097w.jpg","og:image:width":700,"og:image:height":1044,"article:tag":["actualidad asturias"],"article:published_time":"2016-02-23T05:31:28+00:00","article:modified_time":"2016-02-23T05:31:28+00:00","article:publisher":"https:\/\/facebook.com\/eldigitaldeasturias","twitter:card":"summary_large_image","twitter:title":"Asturias acoge una reuni\u00f3n de la RESEO para buscar respuestas al desaf\u00edo demogr\u00e1fico - El Digital de Asturias","twitter:description":"Oviedo acoger\u00e1 ma\u00f1ana una reuni\u00f3n del grupo de trabajo sobre demograf\u00eda y envejecimiento de la Macrorregi\u00f3n del Sudoeste Europeo (RESOE), que integra a las regiones Norte y Centro de Portugal, Castilla y Le\u00f3n, Galicia y Asturias. Seg\u00fan informa el Principado en una nota de prensa, el encuentro, que tendr\u00e1 lugar en la sede de Presidencia,","twitter:image":"https:\/\/www.eldigitaldeasturias.com\/noticias\/wp-content\/uploads\/2014\/10\/6837097w.jpg","twitter:label1":"Escrito por","twitter:data1":"El Digital de Asturias","twitter:label2":"Tiempo de lectura estimado","twitter:data2":"3 minutos"},"aioseo_meta_data":{"post_id":"861160","title":null,"description":null,"keywords":null,"keyphrases":null,"primary_term":null,"canonical_url":null,"og_title":null,"og_description":null,"og_object_type":"default","og_image_type":"default","og_image_url":null,"og_image_width":null,"og_image_height":null,"og_image_custom_url":null,"og_image_custom_fields":null,"og_video":null,"og_custom_url":null,"og_article_section":null,"og_article_tags":null,"twitter_use_og":false,"twitter_card":"default","twitter_image_type":"default","twitter_image_url":null,"twitter_image_custom_url":null,"twitter_image_custom_fields":null,"twitter_title":null,"twitter_description":null,"schema":{"blockGraphs":[],"customGraphs":[],"default":{"data":{"Article":[],"Course":[],"Dataset":[],"FAQPage":[],"Movie":[],"Person":[],"Product":[],"ProductReview":[],"Car":[],"Recipe":[],"Service":[],"SoftwareApplication":[],"WebPage":[]},"graphName":"","isEnabled":true},"graphs":[],"defaultGraph":"","defaultPostTypeGraph":""},"schema_type":null,"schema_type_options":null,"pillar_content":false,"robots_default":true,"robots_noindex":false,"robots_noarchive":false,"robots_nosnippet":false,"robots_nofollow":false,"robots_noimageindex":false,"robots_noodp":false,"robots_notranslate":false,"robots_max_snippet":null,"robots_max_videopreview":null,"robots_max_imagepreview":"large","priority":null,"frequency":null,"local_seo":null,"seo_analyzer_scan_date":"2025-12-10 20:15:08","breadcrumb_settings":null,"limit_modified_date":false,"open_ai":null,"ai":null,"created":"2021-01-23 14:59:12","updated":"2025-12-10 20:15:08"},"aioseo_breadcrumb":"<div class=\"aioseo-breadcrumbs\"><span class=\"aioseo-breadcrumb\">\n\t<a href=\"https:\/\/www.eldigitaldeasturias.com\/noticias\" title=\"Home\">Home<\/a>\n<\/span><span class=\"aioseo-breadcrumb-separator\">\u2013<\/span><span class=\"aioseo-breadcrumb\">\n\t<a href=\"https:\/\/www.eldigitaldeasturias.com\/noticias\/category\/actualidad-asturias\/\" title=\"Actualidad Asturias\">Actualidad Asturias<\/a>\n<\/span><span class=\"aioseo-breadcrumb-separator\">\u2013<\/span><span class=\"aioseo-breadcrumb\">\n\t<a href=\"https:\/\/www.eldigitaldeasturias.com\/noticias\/asturias-acoge-una-reunion-de-la-reseo-para-buscar-respuestas-al-desafio-demografico\/\" title=\"Asturias acoge una reuni\u00f3n de la RESEO para buscar respuestas al desaf\u00edo demogr\u00e1fico\">Asturias acoge una reuni\u00f3n de la RESEO para buscar respuestas al desaf\u00edo demogr\u00e1fico<\/a>\n<\/span><\/div>","aioseo_breadcrumb_json":[{"label":"Home","link":"https:\/\/www.eldigitaldeasturias.com\/noticias"},{"label":"Actualidad Asturias","link":"https:\/\/www.eldigitaldeasturias.com\/noticias\/category\/actualidad-asturias\/"},{"label":"Asturias acoge una reuni\u00f3n de la RESEO para buscar respuestas al desaf\u00edo demogr\u00e1fico","link":"https:\/\/www.eldigitaldeasturias.com\/noticias\/asturias-acoge-una-reunion-de-la-reseo-para-buscar-respuestas-al-desafio-demografico\/"}],"_links":{"self":[{"href":"https:\/\/www.eldigitaldeasturias.com\/noticias\/wp-json\/wp\/v2\/posts\/861160","targetHints":{"allow":["GET"]}}],"collection":[{"href":"https:\/\/www.eldigitaldeasturias.com\/noticias\/wp-json\/wp\/v2\/posts"}],"about":[{"href":"https:\/\/www.eldigitaldeasturias.com\/noticias\/wp-json\/wp\/v2\/types\/post"}],"author":[{"embeddable":true,"href":"https:\/\/www.eldigitaldeasturias.com\/noticias\/wp-json\/wp\/v2\/users\/1"}],"replies":[{"embeddable":true,"href":"https:\/\/www.eldigitaldeasturias.com\/noticias\/wp-json\/wp\/v2\/comments?post=861160"}],"version-history":[{"count":0,"href":"https:\/\/www.eldigitaldeasturias.com\/noticias\/wp-json\/wp\/v2\/posts\/861160\/revisions"}],"wp:featuredmedia":[{"embeddable":true,"href":"https:\/\/www.eldigitaldeasturias.com\/noticias\/wp-json\/wp\/v2\/media\/659697"}],"wp:attachment":[{"href":"https:\/\/www.eldigitaldeasturias.com\/noticias\/wp-json\/wp\/v2\/media?parent=861160"}],"wp:term":[{"taxonomy":"category","embeddable":true,"href":"https:\/\/www.eldigitaldeasturias.com\/noticias\/wp-json\/wp\/v2\/categories?post=861160"},{"taxonomy":"post_tag","embeddable":true,"href":"https:\/\/www.eldigitaldeasturias.com\/noticias\/wp-json\/wp\/v2\/tags?post=861160"}],"curies":[{"name":"wp","href":"https:\/\/api.w.org\/{rel}","templated":true}]}}