{"id":861155,"date":"2016-02-23T05:27:37","date_gmt":"2016-02-23T05:27:37","guid":{"rendered":"http:\/\/www.eldigitaldeasturias.com\/noticias\/?p=861155"},"modified":"2016-02-23T05:27:37","modified_gmt":"2016-02-23T05:27:37","slug":"la-ema-aprueba-el-proyecto-de-limpieza-de-las-margenes-y-fondo-del-anillo-navegable-de-las-mestas","status":"publish","type":"post","link":"https:\/\/www.eldigitaldeasturias.com\/noticias\/la-ema-aprueba-el-proyecto-de-limpieza-de-las-margenes-y-fondo-del-anillo-navegable-de-las-mestas\/","title":{"rendered":"La EMA aprueba el proyecto de limpieza de las m\u00e1rgenes y fondo del anillo navegable de Las Mestas"},"content":{"rendered":"<p><img loading=\"lazy\" decoding=\"async\" class=\"alignleft size-medium wp-image-805\" src=\"https:\/\/www.eldigitaldeasturias.com\/noticias\/wp-content\/uploads\/2013\/09\/gijon1-360x270.jpg\" alt=\"gijon\" width=\"360\" height=\"270\" \/>El Consejo de Administraci\u00f3n de la Empresa Municipal de Agua (EMA) ha aprobado el proyecto para la limpieza de las m\u00e1rgenes y fondo del cauce del anillo navegable de Las Mestas, por un presupuesto m\u00e1ximo de licitaci\u00f3n de 109.738,12 euros, m\u00e1s IVA.<\/p>\n<p>Asimismo, el plazo de ejecuci\u00f3n ser\u00e1 de un mes. No se incluye el canon que cobra Cogersa por el vertido de los residuos procedentes del dragado. Para abaratar el coste de gesti\u00f3n de residuos se ha extra\u00eddo esta partida del proyecto, siendo \u00e9stos gestionados directamente por EMASA. El presupuesto para el dep\u00f3sito de los lodos asciende a 238.266,15 euros m\u00e1s IVA, seg\u00fan una nota de prensa de la EMA.<\/p>\n<p>Cabe recordar que en 2003, entr\u00f3 en servicio el &#8216;Proyecto de aprovechamiento deportivo de los r\u00edos Piles y Pe\u00f1afrancia&#8217;, por el que se cre\u00f3 un anillo alrededor de las instalaciones deportivas de Las Mestas, con la instalaci\u00f3n de dos compuertas que garantizan un calado m\u00ednimo para la pr\u00e1ctica deportiva. Esta barrera artificial al curso normal del r\u00edo, provoca una sedimentaci\u00f3n de lodos en el fondo como consecuencia del remanso provocado, que peri\u00f3dicamente deben ser retirados. La \u00faltima limpieza se realiz\u00f3 en 2007.<\/p>\n<p>En este sentido, las obras consisten en dragar el cauce del anillo navegable en la confluencia de los r\u00edos Piles y Pe\u00f1afrancia, desde el interior del anillo, as\u00ed como la reposici\u00f3n de la parcela a su estado original.<\/p>\n","protected":false},"excerpt":{"rendered":"<p>El Consejo de Administraci\u00f3n de la Empresa Municipal de Agua (EMA) ha aprobado el proyecto para la limpieza de las m\u00e1rgenes y fondo del cauce del anillo navegable de Las Mestas, por un presupuesto m\u00e1ximo de licitaci\u00f3n de 109.738,12 euros, m\u00e1s IVA. Asimismo, el plazo de ejecuci\u00f3n ser\u00e1 de un mes. No se incluye el [&hellip;]<\/p>\n","protected":false},"author":1,"featured_media":805,"comment_status":"closed","ping_status":"closed","sticky":false,"template":"","format":"standard","meta":{"footnotes":""},"categories":[12],"tags":[],"class_list":["post-861155","post","type-post","status-publish","format-standard","has-post-thumbnail","hentry","category-actualidad-asturias"],"aioseo_notices":[],"aioseo_head":"\n\t\t<!-- All in One SEO Pro 4.9.6.2 - aioseo.com -->\n\t<meta name=\"description\" content=\"El Consejo de Administraci\u00f3n de la Empresa Municipal de Agua (EMA) ha aprobado el proyecto para la limpieza de las m\u00e1rgenes y fondo del cauce del anillo navegable de Las Mestas, por un presupuesto m\u00e1ximo de licitaci\u00f3n de 109.738,12 euros, m\u00e1s IVA. Asimismo, el plazo de ejecuci\u00f3n ser\u00e1 de un mes. No se incluye el\" \/>\n\t<meta name=\"robots\" content=\"max-image-preview:large\" \/>\n\t<meta name=\"author\" content=\"El Digital de Asturias\"\/>\n\t<meta name=\"google-site-verification\" content=\"UA-38556648-1\" \/>\n\t<meta name=\"msvalidate.01\" content=\"7dfe9f3f1b24437ab69f4f2559babe99\" \/>\n\t<meta name=\"keywords\" content=\"actualidad asturias\" \/>\n\t<link rel=\"canonical\" href=\"https:\/\/www.eldigitaldeasturias.com\/noticias\/la-ema-aprueba-el-proyecto-de-limpieza-de-las-margenes-y-fondo-del-anillo-navegable-de-las-mestas\/\" \/>\n\t<meta name=\"generator\" content=\"All in One SEO Pro (AIOSEO) 4.9.6.2\" \/>\n\t\t<meta property=\"og:locale\" content=\"es_ES\" \/>\n\t\t<meta property=\"og:site_name\" content=\"El Digital de Asturias\" \/>\n\t\t<meta property=\"og:type\" content=\"article\" \/>\n\t\t<meta property=\"og:title\" content=\"La EMA aprueba el proyecto de limpieza de las m\u00e1rgenes y fondo del anillo navegable de Las Mestas - El Digital de Asturias\" \/>\n\t\t<meta property=\"og:description\" content=\"El Consejo de Administraci\u00f3n de la Empresa Municipal de Agua (EMA) ha aprobado el proyecto para la limpieza de las m\u00e1rgenes y fondo del cauce del anillo navegable de Las Mestas, por un presupuesto m\u00e1ximo de licitaci\u00f3n de 109.738,12 euros, m\u00e1s IVA. Asimismo, el plazo de ejecuci\u00f3n ser\u00e1 de un mes. No se incluye el\" \/>\n\t\t<meta property=\"og:url\" content=\"https:\/\/www.eldigitaldeasturias.com\/noticias\/la-ema-aprueba-el-proyecto-de-limpieza-de-las-margenes-y-fondo-del-anillo-navegable-de-las-mestas\/\" \/>\n\t\t<meta property=\"og:image\" content=\"https:\/\/www.eldigitaldeasturias.com\/noticias\/wp-content\/uploads\/2013\/09\/gijon1.jpg\" \/>\n\t\t<meta property=\"og:image:secure_url\" content=\"https:\/\/www.eldigitaldeasturias.com\/noticias\/wp-content\/uploads\/2013\/09\/gijon1.jpg\" \/>\n\t\t<meta property=\"article:tag\" content=\"actualidad asturias\" \/>\n\t\t<meta property=\"article:published_time\" content=\"2016-02-23T05:27:37+00:00\" \/>\n\t\t<meta property=\"article:modified_time\" content=\"2016-02-23T05:27:37+00:00\" \/>\n\t\t<meta property=\"article:publisher\" content=\"https:\/\/facebook.com\/eldigitaldeasturias\" \/>\n\t\t<meta name=\"twitter:card\" content=\"summary_large_image\" \/>\n\t\t<meta name=\"twitter:title\" content=\"La EMA aprueba el proyecto de limpieza de las m\u00e1rgenes y fondo del anillo navegable de Las Mestas - El Digital de Asturias\" \/>\n\t\t<meta name=\"twitter:description\" content=\"El Consejo de Administraci\u00f3n de la Empresa Municipal de Agua (EMA) ha aprobado el proyecto para la limpieza de las m\u00e1rgenes y fondo del cauce del anillo navegable de Las Mestas, por un presupuesto m\u00e1ximo de licitaci\u00f3n de 109.738,12 euros, m\u00e1s IVA. Asimismo, el plazo de ejecuci\u00f3n ser\u00e1 de un mes. No se incluye el\" \/>\n\t\t<meta name=\"twitter:image\" content=\"https:\/\/www.eldigitaldeasturias.com\/noticias\/wp-content\/uploads\/2013\/09\/gijon1.jpg\" \/>\n\t\t<meta name=\"twitter:label1\" content=\"Escrito por\" \/>\n\t\t<meta name=\"twitter:data1\" content=\"El Digital de Asturias\" \/>\n\t\t<meta name=\"twitter:label2\" content=\"Tiempo de lectura estimado\" \/>\n\t\t<meta name=\"twitter:data2\" content=\"1 minuto\" \/>\n\t\t<script type=\"application\/ld+json\" class=\"aioseo-schema\">\n\t\t\t{\"@context\":\"https:\\\/\\\/schema.org\",\"@graph\":[{\"@type\":\"BlogPosting\",\"@id\":\"https:\\\/\\\/www.eldigitaldeasturias.com\\\/noticias\\\/la-ema-aprueba-el-proyecto-de-limpieza-de-las-margenes-y-fondo-del-anillo-navegable-de-las-mestas\\\/#blogposting\",\"name\":\"La EMA aprueba el proyecto de limpieza de las m\\u00e1rgenes y fondo del anillo navegable de Las Mestas - El Digital de Asturias\",\"headline\":\"La EMA aprueba el proyecto de limpieza de las m\\u00e1rgenes y fondo del anillo navegable de Las Mestas\",\"author\":{\"@id\":\"https:\\\/\\\/www.eldigitaldeasturias.com\\\/noticias\\\/author\\\/admin\\\/#author\"},\"publisher\":{\"@id\":\"https:\\\/\\\/www.eldigitaldeasturias.com\\\/noticias\\\/#organization\"},\"image\":{\"@type\":\"ImageObject\",\"url\":\"https:\\\/\\\/www.eldigitaldeasturias.com\\\/noticias\\\/wp-content\\\/uploads\\\/2013\\\/09\\\/gijon1.jpg\"},\"datePublished\":\"2016-02-23T05:27:37+01:00\",\"dateModified\":\"2016-02-23T05:27:37+01:00\",\"inLanguage\":\"es-ES\",\"mainEntityOfPage\":{\"@id\":\"https:\\\/\\\/www.eldigitaldeasturias.com\\\/noticias\\\/la-ema-aprueba-el-proyecto-de-limpieza-de-las-margenes-y-fondo-del-anillo-navegable-de-las-mestas\\\/#webpage\"},\"isPartOf\":{\"@id\":\"https:\\\/\\\/www.eldigitaldeasturias.com\\\/noticias\\\/la-ema-aprueba-el-proyecto-de-limpieza-de-las-margenes-y-fondo-del-anillo-navegable-de-las-mestas\\\/#webpage\"},\"articleSection\":\"Actualidad Asturias\"},{\"@type\":\"BreadcrumbList\",\"@id\":\"https:\\\/\\\/www.eldigitaldeasturias.com\\\/noticias\\\/la-ema-aprueba-el-proyecto-de-limpieza-de-las-margenes-y-fondo-del-anillo-navegable-de-las-mestas\\\/#breadcrumblist\",\"itemListElement\":[{\"@type\":\"ListItem\",\"@id\":\"https:\\\/\\\/www.eldigitaldeasturias.com\\\/noticias#listItem\",\"position\":1,\"name\":\"Home\",\"item\":\"https:\\\/\\\/www.eldigitaldeasturias.com\\\/noticias\",\"nextItem\":{\"@type\":\"ListItem\",\"@id\":\"https:\\\/\\\/www.eldigitaldeasturias.com\\\/noticias\\\/category\\\/actualidad-asturias\\\/#listItem\",\"name\":\"Actualidad Asturias\"}},{\"@type\":\"ListItem\",\"@id\":\"https:\\\/\\\/www.eldigitaldeasturias.com\\\/noticias\\\/category\\\/actualidad-asturias\\\/#listItem\",\"position\":2,\"name\":\"Actualidad Asturias\",\"item\":\"https:\\\/\\\/www.eldigitaldeasturias.com\\\/noticias\\\/category\\\/actualidad-asturias\\\/\",\"nextItem\":{\"@type\":\"ListItem\",\"@id\":\"https:\\\/\\\/www.eldigitaldeasturias.com\\\/noticias\\\/la-ema-aprueba-el-proyecto-de-limpieza-de-las-margenes-y-fondo-del-anillo-navegable-de-las-mestas\\\/#listItem\",\"name\":\"La EMA aprueba el proyecto de limpieza de las m\\u00e1rgenes y fondo del anillo navegable de Las Mestas\"},\"previousItem\":{\"@type\":\"ListItem\",\"@id\":\"https:\\\/\\\/www.eldigitaldeasturias.com\\\/noticias#listItem\",\"name\":\"Home\"}},{\"@type\":\"ListItem\",\"@id\":\"https:\\\/\\\/www.eldigitaldeasturias.com\\\/noticias\\\/la-ema-aprueba-el-proyecto-de-limpieza-de-las-margenes-y-fondo-del-anillo-navegable-de-las-mestas\\\/#listItem\",\"position\":3,\"name\":\"La EMA aprueba el proyecto de limpieza de las m\\u00e1rgenes y fondo del anillo navegable de Las Mestas\",\"previousItem\":{\"@type\":\"ListItem\",\"@id\":\"https:\\\/\\\/www.eldigitaldeasturias.com\\\/noticias\\\/category\\\/actualidad-asturias\\\/#listItem\",\"name\":\"Actualidad Asturias\"}}]},{\"@type\":\"Organization\",\"@id\":\"https:\\\/\\\/www.eldigitaldeasturias.com\\\/noticias\\\/#organization\",\"name\":\"El Digital de Asturias\",\"description\":\"Hemeroteca\",\"url\":\"https:\\\/\\\/www.eldigitaldeasturias.com\\\/noticias\\\/\",\"email\":\"info@eldigitaldeasturias.com\",\"telephone\":\"+34652131393\",\"logo\":{\"@type\":\"ImageObject\",\"url\":\"https:\\\/\\\/www.eldigitaldeasturias.com\\\/noticias\\\/wp-content\\\/uploads\\\/2020\\\/12\\\/EDA.jpg\",\"@id\":\"https:\\\/\\\/www.eldigitaldeasturias.com\\\/noticias\\\/la-ema-aprueba-el-proyecto-de-limpieza-de-las-margenes-y-fondo-del-anillo-navegable-de-las-mestas\\\/#organizationLogo\",\"width\":649,\"height\":297},\"image\":{\"@id\":\"https:\\\/\\\/www.eldigitaldeasturias.com\\\/noticias\\\/la-ema-aprueba-el-proyecto-de-limpieza-de-las-margenes-y-fondo-del-anillo-navegable-de-las-mestas\\\/#organizationLogo\"},\"sameAs\":[\"https:\\\/\\\/facebook.com\\\/eldigitaldeasturias\",\"https:\\\/\\\/www.youtube.com\\\/channel\\\/UCZP-2wLEB9Rv6erhFmqVnvg\"],\"address\":{\"@id\":\"https:\\\/\\\/www.eldigitaldeasturias.com\\\/noticias\\\/#postaladdress\",\"@type\":\"PostalAddress\",\"streetAddress\":\"san antonio 4,\",\"postalCode\":\"33430\",\"addressLocality\":\"Cand\\u00e1s\",\"addressRegion\":\"Asturias\",\"addressCountry\":\"ES\"}},{\"@type\":\"Person\",\"@id\":\"https:\\\/\\\/www.eldigitaldeasturias.com\\\/noticias\\\/author\\\/admin\\\/#author\",\"url\":\"https:\\\/\\\/www.eldigitaldeasturias.com\\\/noticias\\\/author\\\/admin\\\/\",\"name\":\"El Digital de Asturias\",\"image\":{\"@type\":\"ImageObject\",\"@id\":\"https:\\\/\\\/www.eldigitaldeasturias.com\\\/noticias\\\/la-ema-aprueba-el-proyecto-de-limpieza-de-las-margenes-y-fondo-del-anillo-navegable-de-las-mestas\\\/#authorImage\",\"url\":\"https:\\\/\\\/www.eldigitaldeasturias.com\\\/noticias\\\/wp-content\\\/litespeed\\\/avatar\\\/18677e78aa0546b92d9dbf31ec7d7668.jpg?ver=1777290358\",\"width\":96,\"height\":96,\"caption\":\"El Digital de Asturias\"}},{\"@type\":\"WebPage\",\"@id\":\"https:\\\/\\\/www.eldigitaldeasturias.com\\\/noticias\\\/la-ema-aprueba-el-proyecto-de-limpieza-de-las-margenes-y-fondo-del-anillo-navegable-de-las-mestas\\\/#webpage\",\"url\":\"https:\\\/\\\/www.eldigitaldeasturias.com\\\/noticias\\\/la-ema-aprueba-el-proyecto-de-limpieza-de-las-margenes-y-fondo-del-anillo-navegable-de-las-mestas\\\/\",\"name\":\"La EMA aprueba el proyecto de limpieza de las m\\u00e1rgenes y fondo del anillo navegable de Las Mestas - El Digital de Asturias\",\"description\":\"El Consejo de Administraci\\u00f3n de la Empresa Municipal de Agua (EMA) ha aprobado el proyecto para la limpieza de las m\\u00e1rgenes y fondo del cauce del anillo navegable de Las Mestas, por un presupuesto m\\u00e1ximo de licitaci\\u00f3n de 109.738,12 euros, m\\u00e1s IVA. Asimismo, el plazo de ejecuci\\u00f3n ser\\u00e1 de un mes. No se incluye el\",\"inLanguage\":\"es-ES\",\"isPartOf\":{\"@id\":\"https:\\\/\\\/www.eldigitaldeasturias.com\\\/noticias\\\/#website\"},\"breadcrumb\":{\"@id\":\"https:\\\/\\\/www.eldigitaldeasturias.com\\\/noticias\\\/la-ema-aprueba-el-proyecto-de-limpieza-de-las-margenes-y-fondo-del-anillo-navegable-de-las-mestas\\\/#breadcrumblist\"},\"author\":{\"@id\":\"https:\\\/\\\/www.eldigitaldeasturias.com\\\/noticias\\\/author\\\/admin\\\/#author\"},\"creator\":{\"@id\":\"https:\\\/\\\/www.eldigitaldeasturias.com\\\/noticias\\\/author\\\/admin\\\/#author\"},\"image\":{\"@type\":\"ImageObject\",\"url\":\"https:\\\/\\\/www.eldigitaldeasturias.com\\\/noticias\\\/wp-content\\\/uploads\\\/2013\\\/09\\\/gijon1.jpg\",\"@id\":\"https:\\\/\\\/www.eldigitaldeasturias.com\\\/noticias\\\/la-ema-aprueba-el-proyecto-de-limpieza-de-las-margenes-y-fondo-del-anillo-navegable-de-las-mestas\\\/#mainImage\"},\"primaryImageOfPage\":{\"@id\":\"https:\\\/\\\/www.eldigitaldeasturias.com\\\/noticias\\\/la-ema-aprueba-el-proyecto-de-limpieza-de-las-margenes-y-fondo-del-anillo-navegable-de-las-mestas\\\/#mainImage\"},\"datePublished\":\"2016-02-23T05:27:37+01:00\",\"dateModified\":\"2016-02-23T05:27:37+01:00\"},{\"@type\":\"WebSite\",\"@id\":\"https:\\\/\\\/www.eldigitaldeasturias.com\\\/noticias\\\/#website\",\"url\":\"https:\\\/\\\/www.eldigitaldeasturias.com\\\/noticias\\\/\",\"name\":\"El Digital de Asturias - Diario de actualidad y noticias\",\"alternateName\":\"El Digital de Asturias - Diario de actualidad y noticias\",\"description\":\"Hemeroteca\",\"inLanguage\":\"es-ES\",\"publisher\":{\"@id\":\"https:\\\/\\\/www.eldigitaldeasturias.com\\\/noticias\\\/#organization\"}}]}\n\t\t<\/script>\n\t\t<!-- All in One SEO Pro -->\r\n\t\t<title>La EMA aprueba el proyecto de limpieza de las m\u00e1rgenes y fondo del anillo navegable de Las Mestas - El Digital de Asturias<\/title>\n\n","aioseo_head_json":{"title":"La EMA aprueba el proyecto de limpieza de las m\u00e1rgenes y fondo del anillo navegable de Las Mestas - El Digital de Asturias","description":"El Consejo de Administraci\u00f3n de la Empresa Municipal de Agua (EMA) ha aprobado el proyecto para la limpieza de las m\u00e1rgenes y fondo del cauce del anillo navegable de Las Mestas, por un presupuesto m\u00e1ximo de licitaci\u00f3n de 109.738,12 euros, m\u00e1s IVA. Asimismo, el plazo de ejecuci\u00f3n ser\u00e1 de un mes. No se incluye el","canonical_url":"https:\/\/www.eldigitaldeasturias.com\/noticias\/la-ema-aprueba-el-proyecto-de-limpieza-de-las-margenes-y-fondo-del-anillo-navegable-de-las-mestas\/","robots":"max-image-preview:large","keywords":"actualidad asturias","webmasterTools":{"google-site-verification":"UA-38556648-1","msvalidate.01":"7dfe9f3f1b24437ab69f4f2559babe99","miscellaneous":""},"schema":{"@context":"https:\/\/schema.org","@graph":[{"@type":"BlogPosting","@id":"https:\/\/www.eldigitaldeasturias.com\/noticias\/la-ema-aprueba-el-proyecto-de-limpieza-de-las-margenes-y-fondo-del-anillo-navegable-de-las-mestas\/#blogposting","name":"La EMA aprueba el proyecto de limpieza de las m\u00e1rgenes y fondo del anillo navegable de Las Mestas - El Digital de Asturias","headline":"La EMA aprueba el proyecto de limpieza de las m\u00e1rgenes y fondo del anillo navegable de Las Mestas","author":{"@id":"https:\/\/www.eldigitaldeasturias.com\/noticias\/author\/admin\/#author"},"publisher":{"@id":"https:\/\/www.eldigitaldeasturias.com\/noticias\/#organization"},"image":{"@type":"ImageObject","url":"https:\/\/www.eldigitaldeasturias.com\/noticias\/wp-content\/uploads\/2013\/09\/gijon1.jpg"},"datePublished":"2016-02-23T05:27:37+01:00","dateModified":"2016-02-23T05:27:37+01:00","inLanguage":"es-ES","mainEntityOfPage":{"@id":"https:\/\/www.eldigitaldeasturias.com\/noticias\/la-ema-aprueba-el-proyecto-de-limpieza-de-las-margenes-y-fondo-del-anillo-navegable-de-las-mestas\/#webpage"},"isPartOf":{"@id":"https:\/\/www.eldigitaldeasturias.com\/noticias\/la-ema-aprueba-el-proyecto-de-limpieza-de-las-margenes-y-fondo-del-anillo-navegable-de-las-mestas\/#webpage"},"articleSection":"Actualidad Asturias"},{"@type":"BreadcrumbList","@id":"https:\/\/www.eldigitaldeasturias.com\/noticias\/la-ema-aprueba-el-proyecto-de-limpieza-de-las-margenes-y-fondo-del-anillo-navegable-de-las-mestas\/#breadcrumblist","itemListElement":[{"@type":"ListItem","@id":"https:\/\/www.eldigitaldeasturias.com\/noticias#listItem","position":1,"name":"Home","item":"https:\/\/www.eldigitaldeasturias.com\/noticias","nextItem":{"@type":"ListItem","@id":"https:\/\/www.eldigitaldeasturias.com\/noticias\/category\/actualidad-asturias\/#listItem","name":"Actualidad Asturias"}},{"@type":"ListItem","@id":"https:\/\/www.eldigitaldeasturias.com\/noticias\/category\/actualidad-asturias\/#listItem","position":2,"name":"Actualidad Asturias","item":"https:\/\/www.eldigitaldeasturias.com\/noticias\/category\/actualidad-asturias\/","nextItem":{"@type":"ListItem","@id":"https:\/\/www.eldigitaldeasturias.com\/noticias\/la-ema-aprueba-el-proyecto-de-limpieza-de-las-margenes-y-fondo-del-anillo-navegable-de-las-mestas\/#listItem","name":"La EMA aprueba el proyecto de limpieza de las m\u00e1rgenes y fondo del anillo navegable de Las Mestas"},"previousItem":{"@type":"ListItem","@id":"https:\/\/www.eldigitaldeasturias.com\/noticias#listItem","name":"Home"}},{"@type":"ListItem","@id":"https:\/\/www.eldigitaldeasturias.com\/noticias\/la-ema-aprueba-el-proyecto-de-limpieza-de-las-margenes-y-fondo-del-anillo-navegable-de-las-mestas\/#listItem","position":3,"name":"La EMA aprueba el proyecto de limpieza de las m\u00e1rgenes y fondo del anillo navegable de Las Mestas","previousItem":{"@type":"ListItem","@id":"https:\/\/www.eldigitaldeasturias.com\/noticias\/category\/actualidad-asturias\/#listItem","name":"Actualidad Asturias"}}]},{"@type":"Organization","@id":"https:\/\/www.eldigitaldeasturias.com\/noticias\/#organization","name":"El Digital de Asturias","description":"Hemeroteca","url":"https:\/\/www.eldigitaldeasturias.com\/noticias\/","email":"info@eldigitaldeasturias.com","telephone":"+34652131393","logo":{"@type":"ImageObject","url":"https:\/\/www.eldigitaldeasturias.com\/noticias\/wp-content\/uploads\/2020\/12\/EDA.jpg","@id":"https:\/\/www.eldigitaldeasturias.com\/noticias\/la-ema-aprueba-el-proyecto-de-limpieza-de-las-margenes-y-fondo-del-anillo-navegable-de-las-mestas\/#organizationLogo","width":649,"height":297},"image":{"@id":"https:\/\/www.eldigitaldeasturias.com\/noticias\/la-ema-aprueba-el-proyecto-de-limpieza-de-las-margenes-y-fondo-del-anillo-navegable-de-las-mestas\/#organizationLogo"},"sameAs":["https:\/\/facebook.com\/eldigitaldeasturias","https:\/\/www.youtube.com\/channel\/UCZP-2wLEB9Rv6erhFmqVnvg"],"address":{"@id":"https:\/\/www.eldigitaldeasturias.com\/noticias\/#postaladdress","@type":"PostalAddress","streetAddress":"san antonio 4,","postalCode":"33430","addressLocality":"Cand\u00e1s","addressRegion":"Asturias","addressCountry":"ES"}},{"@type":"Person","@id":"https:\/\/www.eldigitaldeasturias.com\/noticias\/author\/admin\/#author","url":"https:\/\/www.eldigitaldeasturias.com\/noticias\/author\/admin\/","name":"El Digital de Asturias","image":{"@type":"ImageObject","@id":"https:\/\/www.eldigitaldeasturias.com\/noticias\/la-ema-aprueba-el-proyecto-de-limpieza-de-las-margenes-y-fondo-del-anillo-navegable-de-las-mestas\/#authorImage","url":"https:\/\/www.eldigitaldeasturias.com\/noticias\/wp-content\/litespeed\/avatar\/18677e78aa0546b92d9dbf31ec7d7668.jpg?ver=1777290358","width":96,"height":96,"caption":"El Digital de Asturias"}},{"@type":"WebPage","@id":"https:\/\/www.eldigitaldeasturias.com\/noticias\/la-ema-aprueba-el-proyecto-de-limpieza-de-las-margenes-y-fondo-del-anillo-navegable-de-las-mestas\/#webpage","url":"https:\/\/www.eldigitaldeasturias.com\/noticias\/la-ema-aprueba-el-proyecto-de-limpieza-de-las-margenes-y-fondo-del-anillo-navegable-de-las-mestas\/","name":"La EMA aprueba el proyecto de limpieza de las m\u00e1rgenes y fondo del anillo navegable de Las Mestas - El Digital de Asturias","description":"El Consejo de Administraci\u00f3n de la Empresa Municipal de Agua (EMA) ha aprobado el proyecto para la limpieza de las m\u00e1rgenes y fondo del cauce del anillo navegable de Las Mestas, por un presupuesto m\u00e1ximo de licitaci\u00f3n de 109.738,12 euros, m\u00e1s IVA. Asimismo, el plazo de ejecuci\u00f3n ser\u00e1 de un mes. No se incluye el","inLanguage":"es-ES","isPartOf":{"@id":"https:\/\/www.eldigitaldeasturias.com\/noticias\/#website"},"breadcrumb":{"@id":"https:\/\/www.eldigitaldeasturias.com\/noticias\/la-ema-aprueba-el-proyecto-de-limpieza-de-las-margenes-y-fondo-del-anillo-navegable-de-las-mestas\/#breadcrumblist"},"author":{"@id":"https:\/\/www.eldigitaldeasturias.com\/noticias\/author\/admin\/#author"},"creator":{"@id":"https:\/\/www.eldigitaldeasturias.com\/noticias\/author\/admin\/#author"},"image":{"@type":"ImageObject","url":"https:\/\/www.eldigitaldeasturias.com\/noticias\/wp-content\/uploads\/2013\/09\/gijon1.jpg","@id":"https:\/\/www.eldigitaldeasturias.com\/noticias\/la-ema-aprueba-el-proyecto-de-limpieza-de-las-margenes-y-fondo-del-anillo-navegable-de-las-mestas\/#mainImage"},"primaryImageOfPage":{"@id":"https:\/\/www.eldigitaldeasturias.com\/noticias\/la-ema-aprueba-el-proyecto-de-limpieza-de-las-margenes-y-fondo-del-anillo-navegable-de-las-mestas\/#mainImage"},"datePublished":"2016-02-23T05:27:37+01:00","dateModified":"2016-02-23T05:27:37+01:00"},{"@type":"WebSite","@id":"https:\/\/www.eldigitaldeasturias.com\/noticias\/#website","url":"https:\/\/www.eldigitaldeasturias.com\/noticias\/","name":"El Digital de Asturias - Diario de actualidad y noticias","alternateName":"El Digital de Asturias - Diario de actualidad y noticias","description":"Hemeroteca","inLanguage":"es-ES","publisher":{"@id":"https:\/\/www.eldigitaldeasturias.com\/noticias\/#organization"}}]},"og:locale":"es_ES","og:site_name":"El Digital de Asturias","og:type":"article","og:title":"La EMA aprueba el proyecto de limpieza de las m\u00e1rgenes y fondo del anillo navegable de Las Mestas - El Digital de Asturias","og:description":"El Consejo de Administraci\u00f3n de la Empresa Municipal de Agua (EMA) ha aprobado el proyecto para la limpieza de las m\u00e1rgenes y fondo del cauce del anillo navegable de Las Mestas, por un presupuesto m\u00e1ximo de licitaci\u00f3n de 109.738,12 euros, m\u00e1s IVA. Asimismo, el plazo de ejecuci\u00f3n ser\u00e1 de un mes. No se incluye el","og:url":"https:\/\/www.eldigitaldeasturias.com\/noticias\/la-ema-aprueba-el-proyecto-de-limpieza-de-las-margenes-y-fondo-del-anillo-navegable-de-las-mestas\/","og:image":"https:\/\/www.eldigitaldeasturias.com\/noticias\/wp-content\/uploads\/2013\/09\/gijon1.jpg","og:image:secure_url":"https:\/\/www.eldigitaldeasturias.com\/noticias\/wp-content\/uploads\/2013\/09\/gijon1.jpg","article:tag":["actualidad asturias"],"article:published_time":"2016-02-23T05:27:37+00:00","article:modified_time":"2016-02-23T05:27:37+00:00","article:publisher":"https:\/\/facebook.com\/eldigitaldeasturias","twitter:card":"summary_large_image","twitter:title":"La EMA aprueba el proyecto de limpieza de las m\u00e1rgenes y fondo del anillo navegable de Las Mestas - El Digital de Asturias","twitter:description":"El Consejo de Administraci\u00f3n de la Empresa Municipal de Agua (EMA) ha aprobado el proyecto para la limpieza de las m\u00e1rgenes y fondo del cauce del anillo navegable de Las Mestas, por un presupuesto m\u00e1ximo de licitaci\u00f3n de 109.738,12 euros, m\u00e1s IVA. Asimismo, el plazo de ejecuci\u00f3n ser\u00e1 de un mes. No se incluye el","twitter:image":"https:\/\/www.eldigitaldeasturias.com\/noticias\/wp-content\/uploads\/2013\/09\/gijon1.jpg","twitter:label1":"Escrito por","twitter:data1":"El Digital de Asturias","twitter:label2":"Tiempo de lectura estimado","twitter:data2":"1 minuto"},"aioseo_meta_data":{"post_id":"861155","title":null,"description":null,"keywords":null,"keyphrases":null,"primary_term":null,"canonical_url":null,"og_title":null,"og_description":null,"og_object_type":"default","og_image_type":"default","og_image_url":null,"og_image_width":null,"og_image_height":null,"og_image_custom_url":null,"og_image_custom_fields":null,"og_video":null,"og_custom_url":null,"og_article_section":null,"og_article_tags":null,"twitter_use_og":false,"twitter_card":"default","twitter_image_type":"default","twitter_image_url":null,"twitter_image_custom_url":null,"twitter_image_custom_fields":null,"twitter_title":null,"twitter_description":null,"schema":{"blockGraphs":[],"customGraphs":[],"default":{"data":{"Article":[],"Course":[],"Dataset":[],"FAQPage":[],"Movie":[],"Person":[],"Product":[],"ProductReview":[],"Car":[],"Recipe":[],"Service":[],"SoftwareApplication":[],"WebPage":[]},"graphName":"","isEnabled":true},"graphs":[],"defaultGraph":"","defaultPostTypeGraph":""},"schema_type":null,"schema_type_options":null,"pillar_content":false,"robots_default":true,"robots_noindex":false,"robots_noarchive":false,"robots_nosnippet":false,"robots_nofollow":false,"robots_noimageindex":false,"robots_noodp":false,"robots_notranslate":false,"robots_max_snippet":null,"robots_max_videopreview":null,"robots_max_imagepreview":"large","priority":null,"frequency":null,"local_seo":null,"seo_analyzer_scan_date":"2025-12-10 20:15:06","breadcrumb_settings":null,"limit_modified_date":false,"open_ai":null,"ai":null,"created":"2021-01-22 22:22:44","updated":"2025-12-10 20:15:06"},"aioseo_breadcrumb":"<div class=\"aioseo-breadcrumbs\"><span class=\"aioseo-breadcrumb\">\n\t<a href=\"https:\/\/www.eldigitaldeasturias.com\/noticias\" title=\"Home\">Home<\/a>\n<\/span><span class=\"aioseo-breadcrumb-separator\">\u2013<\/span><span class=\"aioseo-breadcrumb\">\n\t<a href=\"https:\/\/www.eldigitaldeasturias.com\/noticias\/category\/actualidad-asturias\/\" title=\"Actualidad Asturias\">Actualidad Asturias<\/a>\n<\/span><span class=\"aioseo-breadcrumb-separator\">\u2013<\/span><span class=\"aioseo-breadcrumb\">\n\t<a href=\"https:\/\/www.eldigitaldeasturias.com\/noticias\/la-ema-aprueba-el-proyecto-de-limpieza-de-las-margenes-y-fondo-del-anillo-navegable-de-las-mestas\/\" title=\"La EMA aprueba el proyecto de limpieza de las m\u00e1rgenes y fondo del anillo navegable de Las Mestas\">La EMA aprueba el proyecto de limpieza de las m\u00e1rgenes y fondo del anillo navegable de Las Mestas<\/a>\n<\/span><\/div>","aioseo_breadcrumb_json":[{"label":"Home","link":"https:\/\/www.eldigitaldeasturias.com\/noticias"},{"label":"Actualidad Asturias","link":"https:\/\/www.eldigitaldeasturias.com\/noticias\/category\/actualidad-asturias\/"},{"label":"La EMA aprueba el proyecto de limpieza de las m\u00e1rgenes y fondo del anillo navegable de Las Mestas","link":"https:\/\/www.eldigitaldeasturias.com\/noticias\/la-ema-aprueba-el-proyecto-de-limpieza-de-las-margenes-y-fondo-del-anillo-navegable-de-las-mestas\/"}],"_links":{"self":[{"href":"https:\/\/www.eldigitaldeasturias.com\/noticias\/wp-json\/wp\/v2\/posts\/861155","targetHints":{"allow":["GET"]}}],"collection":[{"href":"https:\/\/www.eldigitaldeasturias.com\/noticias\/wp-json\/wp\/v2\/posts"}],"about":[{"href":"https:\/\/www.eldigitaldeasturias.com\/noticias\/wp-json\/wp\/v2\/types\/post"}],"author":[{"embeddable":true,"href":"https:\/\/www.eldigitaldeasturias.com\/noticias\/wp-json\/wp\/v2\/users\/1"}],"replies":[{"embeddable":true,"href":"https:\/\/www.eldigitaldeasturias.com\/noticias\/wp-json\/wp\/v2\/comments?post=861155"}],"version-history":[{"count":0,"href":"https:\/\/www.eldigitaldeasturias.com\/noticias\/wp-json\/wp\/v2\/posts\/861155\/revisions"}],"wp:featuredmedia":[{"embeddable":true,"href":"https:\/\/www.eldigitaldeasturias.com\/noticias\/wp-json\/wp\/v2\/media\/805"}],"wp:attachment":[{"href":"https:\/\/www.eldigitaldeasturias.com\/noticias\/wp-json\/wp\/v2\/media?parent=861155"}],"wp:term":[{"taxonomy":"category","embeddable":true,"href":"https:\/\/www.eldigitaldeasturias.com\/noticias\/wp-json\/wp\/v2\/categories?post=861155"},{"taxonomy":"post_tag","embeddable":true,"href":"https:\/\/www.eldigitaldeasturias.com\/noticias\/wp-json\/wp\/v2\/tags?post=861155"}],"curies":[{"name":"wp","href":"https:\/\/api.w.org\/{rel}","templated":true}]}}