{"id":861152,"date":"2016-02-23T05:26:02","date_gmt":"2016-02-23T05:26:02","guid":{"rendered":"http:\/\/www.eldigitaldeasturias.com\/noticias\/?p=861152"},"modified":"2016-02-23T05:26:02","modified_gmt":"2016-02-23T05:26:02","slug":"xsp-defiende-ante-la-gestora-del-psoe-del-no-a-todo-que-su-grupo-no-esta-a-la-venta","status":"publish","type":"post","link":"https:\/\/www.eldigitaldeasturias.com\/noticias\/xsp-defiende-ante-la-gestora-del-psoe-del-no-a-todo-que-su-grupo-no-esta-a-la-venta\/","title":{"rendered":"XSP defiende ante la gestora del PSOE \u00abdel no a todo\u00bb que su Grupo \u00abno est\u00e1 a la venta\u00bb"},"content":{"rendered":"<p><img loading=\"lazy\" decoding=\"async\" class=\"alignleft size-medium wp-image-861153\" src=\"https:\/\/www.eldigitaldeasturias.com\/noticias\/wp-content\/uploads\/2016\/02\/fotonoticia_20160222133601_800-240x320.jpg\" alt=\"fotonoticia_20160222133601_800\" width=\"240\" height=\"320\" srcset=\"https:\/\/www.eldigitaldeasturias.com\/noticias\/wp-content\/uploads\/2016\/02\/fotonoticia_20160222133601_800-240x320.jpg 240w, https:\/\/www.eldigitaldeasturias.com\/noticias\/wp-content\/uploads\/2016\/02\/fotonoticia_20160222133601_800-768x1024.jpg 768w, https:\/\/www.eldigitaldeasturias.com\/noticias\/wp-content\/uploads\/2016\/02\/fotonoticia_20160222133601_800-487x650.jpg 487w, https:\/\/www.eldigitaldeasturias.com\/noticias\/wp-content\/uploads\/2016\/02\/fotonoticia_20160222133601_800.jpg 800w\" sizes=\"auto, (max-width: 240px) 100vw, 240px\" \/>El portavoz del Grupo Municipal de Xix\u00f3n S\u00ed Puede (XSP) en el Ayuntamiento de Gij\u00f3n, Mario Su\u00e1rez, ha ratificado este lunes el apoyo de su formaci\u00f3n al documento de aprobaci\u00f3n inicial del Plan General de Ordenaci\u00f3n (PGO) y ha recalcado que \u00abno tiene precio ni est\u00e1 a la venta del mercado\u00bb. \u00abEstamos \u00fanica y exclusivamente al servicio de la ciudadan\u00eda\u00bb, ha apuntado frente a la gestora del PSOE, \u00abdel no a todo\u00bb, ha sostenido.<\/p>\n<p>Su\u00e1rez, en rueda de prensa en el Consistorio, ha remarcado que cuando se negoci\u00f3 con el PSOE un posible acuerdo de Gobierno en Gij\u00f3n tras las elecciones municipales, hab\u00eda dos temas que hac\u00edan que el consenso no fuera posible, como los problemas de corrupci\u00f3n, que, a su juicio, siguen sin resolverse, y el planteamiento acerca del PGO.<\/p>\n<p>Ha incidido, asimismo, en que XSP ha hecho un esfuerzo por hacer \u00abde pegamento\u00bb, aunar posicones y que fuera el PGO de todos los gijoneses, a lo que ha a\u00f1adido que, en cambio, se encuentran con que hay gente que cree que si el Plan no es realizado por ellos no es el de la ciudad. Ha insistido, adem\u00e1s, en que estamos ante una gestora del PSOE que no sabe encajar la nueva situaci\u00f3n pol\u00edtica.<\/p>\n<p>Y ante la queja socialista respecto a los equipamientos nuevos en este Plan, ha se\u00f1alado que s\u00ed est\u00e1n contemplados. Su\u00e1rez, en este sentido, ha resaltado que es dif\u00edcil entender que quien ha recortado junto al PP servicios p\u00fablicos d\u00e9 lecciones de lo que debe de ser sanidad y educaci\u00f3n. Tambi\u00e9n ha apuntado que en Gij\u00f3n hay pisos libres, pero los j\u00f3venes no se pueden emancipar y se han tenido que marchar muchos a buscar trabajo fuera.<\/p>\n<p>En cuanto al PGO, ha justificado el apoyo de XSP por incluir la mayor\u00eda de sus propuestas o concepciones urban\u00edsticas, como el establecer zonas ambientalmente protegidas para hacer una ciudad m\u00e1s habitable, una playa verde en el Rincon\u00edn frente a \u00aba la especulaci\u00f3n\u00bb prevista en el anterior Plan y porque se mantienen el solar de los astilleros para zona industrial.<\/p>\n<p>S\u00ed ha reconocido que la soluci\u00f3n dada al Plan Parcial de Cabue\u00f1es no es un tema del que se encuentren \u00ababsolutamente satisfechos\u00bb, pero ha apreciado que es \u00abmucho menor\u00bb el perjuicio que se va a crear respecto a planes anteriores. A\u00fan as\u00ed, ha apuntado que tratar\u00e1n de paliar al m\u00ednimo los resultados negativos para Cabue\u00f1es de este Plan, a lo que ha esperado que los vecinos valoren lo que se avanz\u00f3, al reducir volumetr\u00edas y espacios a edificar.<\/p>\n<p>Respecto a la reuni\u00f3n informativa de este lunes, a las 19.00 horas, en la Biblioteca Municipal Jovellanos, ha explicado que asistir\u00e1n los seis ediles, aunque ser\u00e1 David Alonso el que expondr\u00e1 los aspectos generales del PGO, y a partir de ese momento abrir un debate para discutir sobre el asunto y recoger el sentir de toda la gente. Su\u00e1rez ha recalcado que es un primer paso de un planteamiento de participaci\u00f3n sobre el PGO.<\/p>\n","protected":false},"excerpt":{"rendered":"<p>El portavoz del Grupo Municipal de Xix\u00f3n S\u00ed Puede (XSP) en el Ayuntamiento de Gij\u00f3n, Mario Su\u00e1rez, ha ratificado este lunes el apoyo de su formaci\u00f3n al documento de aprobaci\u00f3n inicial del Plan General de Ordenaci\u00f3n (PGO) y ha recalcado que \u00abno tiene precio ni est\u00e1 a la venta del mercado\u00bb. \u00abEstamos \u00fanica y exclusivamente [&hellip;]<\/p>\n","protected":false},"author":1,"featured_media":861153,"comment_status":"closed","ping_status":"closed","sticky":false,"template":"","format":"standard","meta":{"footnotes":""},"categories":[12],"tags":[],"class_list":["post-861152","post","type-post","status-publish","format-standard","has-post-thumbnail","hentry","category-actualidad-asturias"],"aioseo_notices":[],"aioseo_head":"\n\t\t<!-- All in One SEO Pro 4.9.6.2 - aioseo.com -->\n\t<meta name=\"description\" content=\"El portavoz del Grupo Municipal de Xix\u00f3n S\u00ed Puede (XSP) en el Ayuntamiento de Gij\u00f3n, Mario Su\u00e1rez, ha ratificado este lunes el apoyo de su formaci\u00f3n al documento de aprobaci\u00f3n inicial del Plan General de Ordenaci\u00f3n (PGO) y ha recalcado que &quot;no tiene precio ni est\u00e1 a la venta del mercado&quot;. &quot;Estamos \u00fanica y exclusivamente\" \/>\n\t<meta name=\"robots\" content=\"max-image-preview:large\" \/>\n\t<meta name=\"author\" content=\"El Digital de Asturias\"\/>\n\t<meta name=\"google-site-verification\" content=\"UA-38556648-1\" \/>\n\t<meta name=\"msvalidate.01\" content=\"7dfe9f3f1b24437ab69f4f2559babe99\" \/>\n\t<meta name=\"keywords\" content=\"actualidad asturias\" \/>\n\t<link rel=\"canonical\" href=\"https:\/\/www.eldigitaldeasturias.com\/noticias\/xsp-defiende-ante-la-gestora-del-psoe-del-no-a-todo-que-su-grupo-no-esta-a-la-venta\/\" \/>\n\t<meta name=\"generator\" content=\"All in One SEO Pro (AIOSEO) 4.9.6.2\" \/>\n\t\t<meta property=\"og:locale\" content=\"es_ES\" \/>\n\t\t<meta property=\"og:site_name\" content=\"El Digital de Asturias\" \/>\n\t\t<meta property=\"og:type\" content=\"article\" \/>\n\t\t<meta property=\"og:title\" content=\"XSP defiende ante la gestora del PSOE \u00abdel no a todo\u00bb que su Grupo \u00abno est\u00e1 a la venta\u00bb - El Digital de Asturias\" \/>\n\t\t<meta property=\"og:description\" content=\"El portavoz del Grupo Municipal de Xix\u00f3n S\u00ed Puede (XSP) en el Ayuntamiento de Gij\u00f3n, Mario Su\u00e1rez, ha ratificado este lunes el apoyo de su formaci\u00f3n al documento de aprobaci\u00f3n inicial del Plan General de Ordenaci\u00f3n (PGO) y ha recalcado que &quot;no tiene precio ni est\u00e1 a la venta del mercado&quot;. &quot;Estamos \u00fanica y exclusivamente\" \/>\n\t\t<meta property=\"og:url\" content=\"https:\/\/www.eldigitaldeasturias.com\/noticias\/xsp-defiende-ante-la-gestora-del-psoe-del-no-a-todo-que-su-grupo-no-esta-a-la-venta\/\" \/>\n\t\t<meta property=\"og:image\" content=\"https:\/\/www.eldigitaldeasturias.com\/noticias\/wp-content\/uploads\/2016\/02\/fotonoticia_20160222133601_800.jpg\" \/>\n\t\t<meta property=\"og:image:secure_url\" content=\"https:\/\/www.eldigitaldeasturias.com\/noticias\/wp-content\/uploads\/2016\/02\/fotonoticia_20160222133601_800.jpg\" \/>\n\t\t<meta property=\"og:image:width\" content=\"800\" \/>\n\t\t<meta property=\"og:image:height\" content=\"1067\" \/>\n\t\t<meta property=\"article:tag\" content=\"actualidad asturias\" \/>\n\t\t<meta property=\"article:published_time\" content=\"2016-02-23T05:26:02+00:00\" \/>\n\t\t<meta property=\"article:modified_time\" content=\"2016-02-23T05:26:02+00:00\" \/>\n\t\t<meta property=\"article:publisher\" content=\"https:\/\/facebook.com\/eldigitaldeasturias\" \/>\n\t\t<meta name=\"twitter:card\" content=\"summary_large_image\" \/>\n\t\t<meta name=\"twitter:title\" content=\"XSP defiende ante la gestora del PSOE \u00abdel no a todo\u00bb que su Grupo \u00abno est\u00e1 a la venta\u00bb - El Digital de Asturias\" \/>\n\t\t<meta name=\"twitter:description\" content=\"El portavoz del Grupo Municipal de Xix\u00f3n S\u00ed Puede (XSP) en el Ayuntamiento de Gij\u00f3n, Mario Su\u00e1rez, ha ratificado este lunes el apoyo de su formaci\u00f3n al documento de aprobaci\u00f3n inicial del Plan General de Ordenaci\u00f3n (PGO) y ha recalcado que &quot;no tiene precio ni est\u00e1 a la venta del mercado&quot;. &quot;Estamos \u00fanica y exclusivamente\" \/>\n\t\t<meta name=\"twitter:image\" content=\"https:\/\/www.eldigitaldeasturias.com\/noticias\/wp-content\/uploads\/2016\/02\/fotonoticia_20160222133601_800.jpg\" \/>\n\t\t<meta name=\"twitter:label1\" content=\"Escrito por\" \/>\n\t\t<meta name=\"twitter:data1\" content=\"El Digital de Asturias\" \/>\n\t\t<meta name=\"twitter:label2\" content=\"Tiempo de lectura estimado\" \/>\n\t\t<meta name=\"twitter:data2\" content=\"3 minutos\" \/>\n\t\t<script type=\"application\/ld+json\" class=\"aioseo-schema\">\n\t\t\t{\"@context\":\"https:\\\/\\\/schema.org\",\"@graph\":[{\"@type\":\"BlogPosting\",\"@id\":\"https:\\\/\\\/www.eldigitaldeasturias.com\\\/noticias\\\/xsp-defiende-ante-la-gestora-del-psoe-del-no-a-todo-que-su-grupo-no-esta-a-la-venta\\\/#blogposting\",\"name\":\"XSP defiende ante la gestora del PSOE \\u00abdel no a todo\\u00bb que su Grupo \\u00abno est\\u00e1 a la venta\\u00bb - El Digital de Asturias\",\"headline\":\"XSP defiende ante la gestora del PSOE \\u00abdel no a todo\\u00bb que su Grupo \\u00abno est\\u00e1 a la venta\\u00bb\",\"author\":{\"@id\":\"https:\\\/\\\/www.eldigitaldeasturias.com\\\/noticias\\\/author\\\/admin\\\/#author\"},\"publisher\":{\"@id\":\"https:\\\/\\\/www.eldigitaldeasturias.com\\\/noticias\\\/#organization\"},\"image\":{\"@type\":\"ImageObject\",\"url\":\"https:\\\/\\\/www.eldigitaldeasturias.com\\\/noticias\\\/wp-content\\\/uploads\\\/2016\\\/02\\\/fotonoticia_20160222133601_800.jpg\",\"width\":800,\"height\":1067},\"datePublished\":\"2016-02-23T05:26:02+01:00\",\"dateModified\":\"2016-02-23T05:26:02+01:00\",\"inLanguage\":\"es-ES\",\"mainEntityOfPage\":{\"@id\":\"https:\\\/\\\/www.eldigitaldeasturias.com\\\/noticias\\\/xsp-defiende-ante-la-gestora-del-psoe-del-no-a-todo-que-su-grupo-no-esta-a-la-venta\\\/#webpage\"},\"isPartOf\":{\"@id\":\"https:\\\/\\\/www.eldigitaldeasturias.com\\\/noticias\\\/xsp-defiende-ante-la-gestora-del-psoe-del-no-a-todo-que-su-grupo-no-esta-a-la-venta\\\/#webpage\"},\"articleSection\":\"Actualidad Asturias\"},{\"@type\":\"BreadcrumbList\",\"@id\":\"https:\\\/\\\/www.eldigitaldeasturias.com\\\/noticias\\\/xsp-defiende-ante-la-gestora-del-psoe-del-no-a-todo-que-su-grupo-no-esta-a-la-venta\\\/#breadcrumblist\",\"itemListElement\":[{\"@type\":\"ListItem\",\"@id\":\"https:\\\/\\\/www.eldigitaldeasturias.com\\\/noticias#listItem\",\"position\":1,\"name\":\"Home\",\"item\":\"https:\\\/\\\/www.eldigitaldeasturias.com\\\/noticias\",\"nextItem\":{\"@type\":\"ListItem\",\"@id\":\"https:\\\/\\\/www.eldigitaldeasturias.com\\\/noticias\\\/category\\\/actualidad-asturias\\\/#listItem\",\"name\":\"Actualidad Asturias\"}},{\"@type\":\"ListItem\",\"@id\":\"https:\\\/\\\/www.eldigitaldeasturias.com\\\/noticias\\\/category\\\/actualidad-asturias\\\/#listItem\",\"position\":2,\"name\":\"Actualidad Asturias\",\"item\":\"https:\\\/\\\/www.eldigitaldeasturias.com\\\/noticias\\\/category\\\/actualidad-asturias\\\/\",\"nextItem\":{\"@type\":\"ListItem\",\"@id\":\"https:\\\/\\\/www.eldigitaldeasturias.com\\\/noticias\\\/xsp-defiende-ante-la-gestora-del-psoe-del-no-a-todo-que-su-grupo-no-esta-a-la-venta\\\/#listItem\",\"name\":\"XSP defiende ante la gestora del PSOE \\u00abdel no a todo\\u00bb que su Grupo \\u00abno est\\u00e1 a la venta\\u00bb\"},\"previousItem\":{\"@type\":\"ListItem\",\"@id\":\"https:\\\/\\\/www.eldigitaldeasturias.com\\\/noticias#listItem\",\"name\":\"Home\"}},{\"@type\":\"ListItem\",\"@id\":\"https:\\\/\\\/www.eldigitaldeasturias.com\\\/noticias\\\/xsp-defiende-ante-la-gestora-del-psoe-del-no-a-todo-que-su-grupo-no-esta-a-la-venta\\\/#listItem\",\"position\":3,\"name\":\"XSP defiende ante la gestora del PSOE \\u00abdel no a todo\\u00bb que su Grupo \\u00abno est\\u00e1 a la venta\\u00bb\",\"previousItem\":{\"@type\":\"ListItem\",\"@id\":\"https:\\\/\\\/www.eldigitaldeasturias.com\\\/noticias\\\/category\\\/actualidad-asturias\\\/#listItem\",\"name\":\"Actualidad Asturias\"}}]},{\"@type\":\"Organization\",\"@id\":\"https:\\\/\\\/www.eldigitaldeasturias.com\\\/noticias\\\/#organization\",\"name\":\"El Digital de Asturias\",\"description\":\"Hemeroteca\",\"url\":\"https:\\\/\\\/www.eldigitaldeasturias.com\\\/noticias\\\/\",\"email\":\"info@eldigitaldeasturias.com\",\"telephone\":\"+34652131393\",\"logo\":{\"@type\":\"ImageObject\",\"url\":\"https:\\\/\\\/www.eldigitaldeasturias.com\\\/noticias\\\/wp-content\\\/uploads\\\/2020\\\/12\\\/EDA.jpg\",\"@id\":\"https:\\\/\\\/www.eldigitaldeasturias.com\\\/noticias\\\/xsp-defiende-ante-la-gestora-del-psoe-del-no-a-todo-que-su-grupo-no-esta-a-la-venta\\\/#organizationLogo\",\"width\":649,\"height\":297},\"image\":{\"@id\":\"https:\\\/\\\/www.eldigitaldeasturias.com\\\/noticias\\\/xsp-defiende-ante-la-gestora-del-psoe-del-no-a-todo-que-su-grupo-no-esta-a-la-venta\\\/#organizationLogo\"},\"sameAs\":[\"https:\\\/\\\/facebook.com\\\/eldigitaldeasturias\",\"https:\\\/\\\/www.youtube.com\\\/channel\\\/UCZP-2wLEB9Rv6erhFmqVnvg\"],\"address\":{\"@id\":\"https:\\\/\\\/www.eldigitaldeasturias.com\\\/noticias\\\/#postaladdress\",\"@type\":\"PostalAddress\",\"streetAddress\":\"san antonio 4,\",\"postalCode\":\"33430\",\"addressLocality\":\"Cand\\u00e1s\",\"addressRegion\":\"Asturias\",\"addressCountry\":\"ES\"}},{\"@type\":\"Person\",\"@id\":\"https:\\\/\\\/www.eldigitaldeasturias.com\\\/noticias\\\/author\\\/admin\\\/#author\",\"url\":\"https:\\\/\\\/www.eldigitaldeasturias.com\\\/noticias\\\/author\\\/admin\\\/\",\"name\":\"El Digital de Asturias\",\"image\":{\"@type\":\"ImageObject\",\"@id\":\"https:\\\/\\\/www.eldigitaldeasturias.com\\\/noticias\\\/xsp-defiende-ante-la-gestora-del-psoe-del-no-a-todo-que-su-grupo-no-esta-a-la-venta\\\/#authorImage\",\"url\":\"https:\\\/\\\/www.eldigitaldeasturias.com\\\/noticias\\\/wp-content\\\/litespeed\\\/avatar\\\/18677e78aa0546b92d9dbf31ec7d7668.jpg?ver=1777290358\",\"width\":96,\"height\":96,\"caption\":\"El Digital de Asturias\"}},{\"@type\":\"WebPage\",\"@id\":\"https:\\\/\\\/www.eldigitaldeasturias.com\\\/noticias\\\/xsp-defiende-ante-la-gestora-del-psoe-del-no-a-todo-que-su-grupo-no-esta-a-la-venta\\\/#webpage\",\"url\":\"https:\\\/\\\/www.eldigitaldeasturias.com\\\/noticias\\\/xsp-defiende-ante-la-gestora-del-psoe-del-no-a-todo-que-su-grupo-no-esta-a-la-venta\\\/\",\"name\":\"XSP defiende ante la gestora del PSOE \\u00abdel no a todo\\u00bb que su Grupo \\u00abno est\\u00e1 a la venta\\u00bb - El Digital de Asturias\",\"description\":\"El portavoz del Grupo Municipal de Xix\\u00f3n S\\u00ed Puede (XSP) en el Ayuntamiento de Gij\\u00f3n, Mario Su\\u00e1rez, ha ratificado este lunes el apoyo de su formaci\\u00f3n al documento de aprobaci\\u00f3n inicial del Plan General de Ordenaci\\u00f3n (PGO) y ha recalcado que \\\"no tiene precio ni est\\u00e1 a la venta del mercado\\\". \\\"Estamos \\u00fanica y exclusivamente\",\"inLanguage\":\"es-ES\",\"isPartOf\":{\"@id\":\"https:\\\/\\\/www.eldigitaldeasturias.com\\\/noticias\\\/#website\"},\"breadcrumb\":{\"@id\":\"https:\\\/\\\/www.eldigitaldeasturias.com\\\/noticias\\\/xsp-defiende-ante-la-gestora-del-psoe-del-no-a-todo-que-su-grupo-no-esta-a-la-venta\\\/#breadcrumblist\"},\"author\":{\"@id\":\"https:\\\/\\\/www.eldigitaldeasturias.com\\\/noticias\\\/author\\\/admin\\\/#author\"},\"creator\":{\"@id\":\"https:\\\/\\\/www.eldigitaldeasturias.com\\\/noticias\\\/author\\\/admin\\\/#author\"},\"image\":{\"@type\":\"ImageObject\",\"url\":\"https:\\\/\\\/www.eldigitaldeasturias.com\\\/noticias\\\/wp-content\\\/uploads\\\/2016\\\/02\\\/fotonoticia_20160222133601_800.jpg\",\"@id\":\"https:\\\/\\\/www.eldigitaldeasturias.com\\\/noticias\\\/xsp-defiende-ante-la-gestora-del-psoe-del-no-a-todo-que-su-grupo-no-esta-a-la-venta\\\/#mainImage\",\"width\":800,\"height\":1067},\"primaryImageOfPage\":{\"@id\":\"https:\\\/\\\/www.eldigitaldeasturias.com\\\/noticias\\\/xsp-defiende-ante-la-gestora-del-psoe-del-no-a-todo-que-su-grupo-no-esta-a-la-venta\\\/#mainImage\"},\"datePublished\":\"2016-02-23T05:26:02+01:00\",\"dateModified\":\"2016-02-23T05:26:02+01:00\"},{\"@type\":\"WebSite\",\"@id\":\"https:\\\/\\\/www.eldigitaldeasturias.com\\\/noticias\\\/#website\",\"url\":\"https:\\\/\\\/www.eldigitaldeasturias.com\\\/noticias\\\/\",\"name\":\"El Digital de Asturias - Diario de actualidad y noticias\",\"alternateName\":\"El Digital de Asturias - Diario de actualidad y noticias\",\"description\":\"Hemeroteca\",\"inLanguage\":\"es-ES\",\"publisher\":{\"@id\":\"https:\\\/\\\/www.eldigitaldeasturias.com\\\/noticias\\\/#organization\"}}]}\n\t\t<\/script>\n\t\t<!-- All in One SEO Pro -->\r\n\t\t<title>XSP defiende ante la gestora del PSOE \u00abdel no a todo\u00bb que su Grupo \u00abno est\u00e1 a la venta\u00bb - El Digital de Asturias<\/title>\n\n","aioseo_head_json":{"title":"XSP defiende ante la gestora del PSOE \u00abdel no a todo\u00bb que su Grupo \u00abno est\u00e1 a la venta\u00bb - El Digital de Asturias","description":"El portavoz del Grupo Municipal de Xix\u00f3n S\u00ed Puede (XSP) en el Ayuntamiento de Gij\u00f3n, Mario Su\u00e1rez, ha ratificado este lunes el apoyo de su formaci\u00f3n al documento de aprobaci\u00f3n inicial del Plan General de Ordenaci\u00f3n (PGO) y ha recalcado que \"no tiene precio ni est\u00e1 a la venta del mercado\". \"Estamos \u00fanica y exclusivamente","canonical_url":"https:\/\/www.eldigitaldeasturias.com\/noticias\/xsp-defiende-ante-la-gestora-del-psoe-del-no-a-todo-que-su-grupo-no-esta-a-la-venta\/","robots":"max-image-preview:large","keywords":"actualidad asturias","webmasterTools":{"google-site-verification":"UA-38556648-1","msvalidate.01":"7dfe9f3f1b24437ab69f4f2559babe99","miscellaneous":""},"schema":{"@context":"https:\/\/schema.org","@graph":[{"@type":"BlogPosting","@id":"https:\/\/www.eldigitaldeasturias.com\/noticias\/xsp-defiende-ante-la-gestora-del-psoe-del-no-a-todo-que-su-grupo-no-esta-a-la-venta\/#blogposting","name":"XSP defiende ante la gestora del PSOE \u00abdel no a todo\u00bb que su Grupo \u00abno est\u00e1 a la venta\u00bb - El Digital de Asturias","headline":"XSP defiende ante la gestora del PSOE \u00abdel no a todo\u00bb que su Grupo \u00abno est\u00e1 a la venta\u00bb","author":{"@id":"https:\/\/www.eldigitaldeasturias.com\/noticias\/author\/admin\/#author"},"publisher":{"@id":"https:\/\/www.eldigitaldeasturias.com\/noticias\/#organization"},"image":{"@type":"ImageObject","url":"https:\/\/www.eldigitaldeasturias.com\/noticias\/wp-content\/uploads\/2016\/02\/fotonoticia_20160222133601_800.jpg","width":800,"height":1067},"datePublished":"2016-02-23T05:26:02+01:00","dateModified":"2016-02-23T05:26:02+01:00","inLanguage":"es-ES","mainEntityOfPage":{"@id":"https:\/\/www.eldigitaldeasturias.com\/noticias\/xsp-defiende-ante-la-gestora-del-psoe-del-no-a-todo-que-su-grupo-no-esta-a-la-venta\/#webpage"},"isPartOf":{"@id":"https:\/\/www.eldigitaldeasturias.com\/noticias\/xsp-defiende-ante-la-gestora-del-psoe-del-no-a-todo-que-su-grupo-no-esta-a-la-venta\/#webpage"},"articleSection":"Actualidad Asturias"},{"@type":"BreadcrumbList","@id":"https:\/\/www.eldigitaldeasturias.com\/noticias\/xsp-defiende-ante-la-gestora-del-psoe-del-no-a-todo-que-su-grupo-no-esta-a-la-venta\/#breadcrumblist","itemListElement":[{"@type":"ListItem","@id":"https:\/\/www.eldigitaldeasturias.com\/noticias#listItem","position":1,"name":"Home","item":"https:\/\/www.eldigitaldeasturias.com\/noticias","nextItem":{"@type":"ListItem","@id":"https:\/\/www.eldigitaldeasturias.com\/noticias\/category\/actualidad-asturias\/#listItem","name":"Actualidad Asturias"}},{"@type":"ListItem","@id":"https:\/\/www.eldigitaldeasturias.com\/noticias\/category\/actualidad-asturias\/#listItem","position":2,"name":"Actualidad Asturias","item":"https:\/\/www.eldigitaldeasturias.com\/noticias\/category\/actualidad-asturias\/","nextItem":{"@type":"ListItem","@id":"https:\/\/www.eldigitaldeasturias.com\/noticias\/xsp-defiende-ante-la-gestora-del-psoe-del-no-a-todo-que-su-grupo-no-esta-a-la-venta\/#listItem","name":"XSP defiende ante la gestora del PSOE \u00abdel no a todo\u00bb que su Grupo \u00abno est\u00e1 a la venta\u00bb"},"previousItem":{"@type":"ListItem","@id":"https:\/\/www.eldigitaldeasturias.com\/noticias#listItem","name":"Home"}},{"@type":"ListItem","@id":"https:\/\/www.eldigitaldeasturias.com\/noticias\/xsp-defiende-ante-la-gestora-del-psoe-del-no-a-todo-que-su-grupo-no-esta-a-la-venta\/#listItem","position":3,"name":"XSP defiende ante la gestora del PSOE \u00abdel no a todo\u00bb que su Grupo \u00abno est\u00e1 a la venta\u00bb","previousItem":{"@type":"ListItem","@id":"https:\/\/www.eldigitaldeasturias.com\/noticias\/category\/actualidad-asturias\/#listItem","name":"Actualidad Asturias"}}]},{"@type":"Organization","@id":"https:\/\/www.eldigitaldeasturias.com\/noticias\/#organization","name":"El Digital de Asturias","description":"Hemeroteca","url":"https:\/\/www.eldigitaldeasturias.com\/noticias\/","email":"info@eldigitaldeasturias.com","telephone":"+34652131393","logo":{"@type":"ImageObject","url":"https:\/\/www.eldigitaldeasturias.com\/noticias\/wp-content\/uploads\/2020\/12\/EDA.jpg","@id":"https:\/\/www.eldigitaldeasturias.com\/noticias\/xsp-defiende-ante-la-gestora-del-psoe-del-no-a-todo-que-su-grupo-no-esta-a-la-venta\/#organizationLogo","width":649,"height":297},"image":{"@id":"https:\/\/www.eldigitaldeasturias.com\/noticias\/xsp-defiende-ante-la-gestora-del-psoe-del-no-a-todo-que-su-grupo-no-esta-a-la-venta\/#organizationLogo"},"sameAs":["https:\/\/facebook.com\/eldigitaldeasturias","https:\/\/www.youtube.com\/channel\/UCZP-2wLEB9Rv6erhFmqVnvg"],"address":{"@id":"https:\/\/www.eldigitaldeasturias.com\/noticias\/#postaladdress","@type":"PostalAddress","streetAddress":"san antonio 4,","postalCode":"33430","addressLocality":"Cand\u00e1s","addressRegion":"Asturias","addressCountry":"ES"}},{"@type":"Person","@id":"https:\/\/www.eldigitaldeasturias.com\/noticias\/author\/admin\/#author","url":"https:\/\/www.eldigitaldeasturias.com\/noticias\/author\/admin\/","name":"El Digital de Asturias","image":{"@type":"ImageObject","@id":"https:\/\/www.eldigitaldeasturias.com\/noticias\/xsp-defiende-ante-la-gestora-del-psoe-del-no-a-todo-que-su-grupo-no-esta-a-la-venta\/#authorImage","url":"https:\/\/www.eldigitaldeasturias.com\/noticias\/wp-content\/litespeed\/avatar\/18677e78aa0546b92d9dbf31ec7d7668.jpg?ver=1777290358","width":96,"height":96,"caption":"El Digital de Asturias"}},{"@type":"WebPage","@id":"https:\/\/www.eldigitaldeasturias.com\/noticias\/xsp-defiende-ante-la-gestora-del-psoe-del-no-a-todo-que-su-grupo-no-esta-a-la-venta\/#webpage","url":"https:\/\/www.eldigitaldeasturias.com\/noticias\/xsp-defiende-ante-la-gestora-del-psoe-del-no-a-todo-que-su-grupo-no-esta-a-la-venta\/","name":"XSP defiende ante la gestora del PSOE \u00abdel no a todo\u00bb que su Grupo \u00abno est\u00e1 a la venta\u00bb - El Digital de Asturias","description":"El portavoz del Grupo Municipal de Xix\u00f3n S\u00ed Puede (XSP) en el Ayuntamiento de Gij\u00f3n, Mario Su\u00e1rez, ha ratificado este lunes el apoyo de su formaci\u00f3n al documento de aprobaci\u00f3n inicial del Plan General de Ordenaci\u00f3n (PGO) y ha recalcado que \"no tiene precio ni est\u00e1 a la venta del mercado\". \"Estamos \u00fanica y exclusivamente","inLanguage":"es-ES","isPartOf":{"@id":"https:\/\/www.eldigitaldeasturias.com\/noticias\/#website"},"breadcrumb":{"@id":"https:\/\/www.eldigitaldeasturias.com\/noticias\/xsp-defiende-ante-la-gestora-del-psoe-del-no-a-todo-que-su-grupo-no-esta-a-la-venta\/#breadcrumblist"},"author":{"@id":"https:\/\/www.eldigitaldeasturias.com\/noticias\/author\/admin\/#author"},"creator":{"@id":"https:\/\/www.eldigitaldeasturias.com\/noticias\/author\/admin\/#author"},"image":{"@type":"ImageObject","url":"https:\/\/www.eldigitaldeasturias.com\/noticias\/wp-content\/uploads\/2016\/02\/fotonoticia_20160222133601_800.jpg","@id":"https:\/\/www.eldigitaldeasturias.com\/noticias\/xsp-defiende-ante-la-gestora-del-psoe-del-no-a-todo-que-su-grupo-no-esta-a-la-venta\/#mainImage","width":800,"height":1067},"primaryImageOfPage":{"@id":"https:\/\/www.eldigitaldeasturias.com\/noticias\/xsp-defiende-ante-la-gestora-del-psoe-del-no-a-todo-que-su-grupo-no-esta-a-la-venta\/#mainImage"},"datePublished":"2016-02-23T05:26:02+01:00","dateModified":"2016-02-23T05:26:02+01:00"},{"@type":"WebSite","@id":"https:\/\/www.eldigitaldeasturias.com\/noticias\/#website","url":"https:\/\/www.eldigitaldeasturias.com\/noticias\/","name":"El Digital de Asturias - Diario de actualidad y noticias","alternateName":"El Digital de Asturias - Diario de actualidad y noticias","description":"Hemeroteca","inLanguage":"es-ES","publisher":{"@id":"https:\/\/www.eldigitaldeasturias.com\/noticias\/#organization"}}]},"og:locale":"es_ES","og:site_name":"El Digital de Asturias","og:type":"article","og:title":"XSP defiende ante la gestora del PSOE \u00abdel no a todo\u00bb que su Grupo \u00abno est\u00e1 a la venta\u00bb - El Digital de Asturias","og:description":"El portavoz del Grupo Municipal de Xix\u00f3n S\u00ed Puede (XSP) en el Ayuntamiento de Gij\u00f3n, Mario Su\u00e1rez, ha ratificado este lunes el apoyo de su formaci\u00f3n al documento de aprobaci\u00f3n inicial del Plan General de Ordenaci\u00f3n (PGO) y ha recalcado que &quot;no tiene precio ni est\u00e1 a la venta del mercado&quot;. &quot;Estamos \u00fanica y exclusivamente","og:url":"https:\/\/www.eldigitaldeasturias.com\/noticias\/xsp-defiende-ante-la-gestora-del-psoe-del-no-a-todo-que-su-grupo-no-esta-a-la-venta\/","og:image":"https:\/\/www.eldigitaldeasturias.com\/noticias\/wp-content\/uploads\/2016\/02\/fotonoticia_20160222133601_800.jpg","og:image:secure_url":"https:\/\/www.eldigitaldeasturias.com\/noticias\/wp-content\/uploads\/2016\/02\/fotonoticia_20160222133601_800.jpg","og:image:width":800,"og:image:height":1067,"article:tag":["actualidad asturias"],"article:published_time":"2016-02-23T05:26:02+00:00","article:modified_time":"2016-02-23T05:26:02+00:00","article:publisher":"https:\/\/facebook.com\/eldigitaldeasturias","twitter:card":"summary_large_image","twitter:title":"XSP defiende ante la gestora del PSOE \u00abdel no a todo\u00bb que su Grupo \u00abno est\u00e1 a la venta\u00bb - El Digital de Asturias","twitter:description":"El portavoz del Grupo Municipal de Xix\u00f3n S\u00ed Puede (XSP) en el Ayuntamiento de Gij\u00f3n, Mario Su\u00e1rez, ha ratificado este lunes el apoyo de su formaci\u00f3n al documento de aprobaci\u00f3n inicial del Plan General de Ordenaci\u00f3n (PGO) y ha recalcado que &quot;no tiene precio ni est\u00e1 a la venta del mercado&quot;. &quot;Estamos \u00fanica y exclusivamente","twitter:image":"https:\/\/www.eldigitaldeasturias.com\/noticias\/wp-content\/uploads\/2016\/02\/fotonoticia_20160222133601_800.jpg","twitter:label1":"Escrito por","twitter:data1":"El Digital de Asturias","twitter:label2":"Tiempo de lectura estimado","twitter:data2":"3 minutos"},"aioseo_meta_data":{"post_id":"861152","title":null,"description":null,"keywords":null,"keyphrases":null,"primary_term":null,"canonical_url":null,"og_title":null,"og_description":null,"og_object_type":"default","og_image_type":"default","og_image_url":null,"og_image_width":null,"og_image_height":null,"og_image_custom_url":null,"og_image_custom_fields":null,"og_video":null,"og_custom_url":null,"og_article_section":null,"og_article_tags":null,"twitter_use_og":false,"twitter_card":"default","twitter_image_type":"default","twitter_image_url":null,"twitter_image_custom_url":null,"twitter_image_custom_fields":null,"twitter_title":null,"twitter_description":null,"schema":{"blockGraphs":[],"customGraphs":[],"default":{"data":{"Article":[],"Course":[],"Dataset":[],"FAQPage":[],"Movie":[],"Person":[],"Product":[],"ProductReview":[],"Car":[],"Recipe":[],"Service":[],"SoftwareApplication":[],"WebPage":[]},"graphName":"","isEnabled":true},"graphs":[],"defaultGraph":"","defaultPostTypeGraph":""},"schema_type":null,"schema_type_options":null,"pillar_content":false,"robots_default":true,"robots_noindex":false,"robots_noarchive":false,"robots_nosnippet":false,"robots_nofollow":false,"robots_noimageindex":false,"robots_noodp":false,"robots_notranslate":false,"robots_max_snippet":null,"robots_max_videopreview":null,"robots_max_imagepreview":"large","priority":null,"frequency":null,"local_seo":null,"seo_analyzer_scan_date":"2025-12-10 20:15:05","breadcrumb_settings":null,"limit_modified_date":false,"open_ai":null,"ai":null,"created":"2021-01-23 14:59:12","updated":"2025-12-10 20:15:05"},"aioseo_breadcrumb":"<div class=\"aioseo-breadcrumbs\"><span class=\"aioseo-breadcrumb\">\n\t<a href=\"https:\/\/www.eldigitaldeasturias.com\/noticias\" title=\"Home\">Home<\/a>\n<\/span><span class=\"aioseo-breadcrumb-separator\">\u2013<\/span><span class=\"aioseo-breadcrumb\">\n\t<a href=\"https:\/\/www.eldigitaldeasturias.com\/noticias\/category\/actualidad-asturias\/\" title=\"Actualidad Asturias\">Actualidad Asturias<\/a>\n<\/span><span class=\"aioseo-breadcrumb-separator\">\u2013<\/span><span class=\"aioseo-breadcrumb\">\n\t<a href=\"https:\/\/www.eldigitaldeasturias.com\/noticias\/xsp-defiende-ante-la-gestora-del-psoe-del-no-a-todo-que-su-grupo-no-esta-a-la-venta\/\" title=\"XSP defiende ante la gestora del PSOE \u00abdel no a todo\u00bb que su Grupo \u00abno est\u00e1 a la venta\u00bb\">XSP defiende ante la gestora del PSOE \u00abdel no a todo\u00bb que su Grupo \u00abno est\u00e1 a la venta\u00bb<\/a>\n<\/span><\/div>","aioseo_breadcrumb_json":[{"label":"Home","link":"https:\/\/www.eldigitaldeasturias.com\/noticias"},{"label":"Actualidad Asturias","link":"https:\/\/www.eldigitaldeasturias.com\/noticias\/category\/actualidad-asturias\/"},{"label":"XSP defiende ante la gestora del PSOE \u00abdel no a todo\u00bb que su Grupo \u00abno est\u00e1 a la venta\u00bb","link":"https:\/\/www.eldigitaldeasturias.com\/noticias\/xsp-defiende-ante-la-gestora-del-psoe-del-no-a-todo-que-su-grupo-no-esta-a-la-venta\/"}],"_links":{"self":[{"href":"https:\/\/www.eldigitaldeasturias.com\/noticias\/wp-json\/wp\/v2\/posts\/861152","targetHints":{"allow":["GET"]}}],"collection":[{"href":"https:\/\/www.eldigitaldeasturias.com\/noticias\/wp-json\/wp\/v2\/posts"}],"about":[{"href":"https:\/\/www.eldigitaldeasturias.com\/noticias\/wp-json\/wp\/v2\/types\/post"}],"author":[{"embeddable":true,"href":"https:\/\/www.eldigitaldeasturias.com\/noticias\/wp-json\/wp\/v2\/users\/1"}],"replies":[{"embeddable":true,"href":"https:\/\/www.eldigitaldeasturias.com\/noticias\/wp-json\/wp\/v2\/comments?post=861152"}],"version-history":[{"count":0,"href":"https:\/\/www.eldigitaldeasturias.com\/noticias\/wp-json\/wp\/v2\/posts\/861152\/revisions"}],"wp:featuredmedia":[{"embeddable":true,"href":"https:\/\/www.eldigitaldeasturias.com\/noticias\/wp-json\/wp\/v2\/media\/861153"}],"wp:attachment":[{"href":"https:\/\/www.eldigitaldeasturias.com\/noticias\/wp-json\/wp\/v2\/media?parent=861152"}],"wp:term":[{"taxonomy":"category","embeddable":true,"href":"https:\/\/www.eldigitaldeasturias.com\/noticias\/wp-json\/wp\/v2\/categories?post=861152"},{"taxonomy":"post_tag","embeddable":true,"href":"https:\/\/www.eldigitaldeasturias.com\/noticias\/wp-json\/wp\/v2\/tags?post=861152"}],"curies":[{"name":"wp","href":"https:\/\/api.w.org\/{rel}","templated":true}]}}