{"id":861145,"date":"2016-02-23T05:21:06","date_gmt":"2016-02-23T05:21:06","guid":{"rendered":"http:\/\/www.eldigitaldeasturias.com\/noticias\/?p=861145"},"modified":"2016-02-23T05:21:06","modified_gmt":"2016-02-23T05:21:06","slug":"el-uso-del-asturiano-en-el-parlamento-sigue-dividiendo-a-los-grupos","status":"publish","type":"post","link":"https:\/\/www.eldigitaldeasturias.com\/noticias\/el-uso-del-asturiano-en-el-parlamento-sigue-dividiendo-a-los-grupos\/","title":{"rendered":"El uso del asturiano en el Parlamento sigue dividiendo a los grupos"},"content":{"rendered":"<p><img loading=\"lazy\" decoding=\"async\" class=\"alignleft size-medium wp-image-772035\" src=\"https:\/\/www.eldigitaldeasturias.com\/noticias\/wp-content\/uploads\/2015\/03\/2015_03_13-Presidente-Principado-en-la-JGPA-1-360x272.jpg\" alt=\"2015_03_13 Presidente Principado en la JGPA 1\" width=\"360\" height=\"272\" srcset=\"https:\/\/www.eldigitaldeasturias.com\/noticias\/wp-content\/uploads\/2015\/03\/2015_03_13-Presidente-Principado-en-la-JGPA-1-360x272.jpg 360w, https:\/\/www.eldigitaldeasturias.com\/noticias\/wp-content\/uploads\/2015\/03\/2015_03_13-Presidente-Principado-en-la-JGPA-1-768x580.jpg 768w, https:\/\/www.eldigitaldeasturias.com\/noticias\/wp-content\/uploads\/2015\/03\/2015_03_13-Presidente-Principado-en-la-JGPA-1-650x491.jpg 650w, https:\/\/www.eldigitaldeasturias.com\/noticias\/wp-content\/uploads\/2015\/03\/2015_03_13-Presidente-Principado-en-la-JGPA-1-125x95.jpg 125w, https:\/\/www.eldigitaldeasturias.com\/noticias\/wp-content\/uploads\/2015\/03\/2015_03_13-Presidente-Principado-en-la-JGPA-1-100x75.jpg 100w\" sizes=\"auto, (max-width: 360px) 100vw, 360px\" \/>Un fallo inform\u00e1tico ha impedido a la Junta de Portavoces de este lunes abordar el informe del Letrado sobre el uso del asturiano en el Parlamento al no haber podido conocer el texto con el tiempo suficiente. No obstante los diferentes grupos han mostrado sus diferencias al respecto y sus distintas interpretaciones de dicho informe.<\/p>\n<p>As\u00ed, seg\u00fan han indicado los diferentes portavoces, el informe elaborado por los servicios de la C\u00e1mara refleja la necesidad de una reforma del Reglamento para poder utilizar el asturiano en las convocatorias parlamentarias para que las mismas tuviesen soporte jur\u00eddico.<\/p>\n<p>La pol\u00e9mica sobre el uso del asturiano ha surgido a ra\u00edz de la Comisi\u00f3n Especial de Estudio sobre el R\u00e9gimen de Promoci\u00f3n y Protecci\u00f3n del Asturiano y la prohibici\u00f3n de realizar convocatorias sobre la misma biling\u00fces, utilizando la lengua aut\u00f3ctona junto al castellano.<\/p>\n<p>El portavoz del PSOE, Fernando Lastra, ha insistido en que los diputados ya llevan tiempo utilizando con normalidad y sin problema el asturiano en la C\u00e1mara. Adem\u00e1s ha vuelto dejar claro que el PSOE no es partidario de la oficialidad del asturiano sino de su promoci\u00f3n y uso en los t\u00e9rminos ya establecidos.<\/p>\n<p>\u00abNuestra posici\u00f3n es clara. Hubi\u00e9semos aceptado de manera consensuada que se hubiese llevado a cabo la convocatoria en asturiano y castellano para esta comisi\u00f3n en concreto, eso lo hubi\u00e9semos aceptado. Lo que no queremos es un conflicto jur\u00eddico acerca de un asunto que debe seguir siendo pac\u00edfico\u00bb, ha dicho Lastra, que \u00abno ve que realmente haya dificultades para usar el asturiano en la C\u00e1mara\u00bb.<\/p>\n<p>Para IU, seg\u00fan Gaspar Llamazares, independientemente de que se reforme el Reglamento, deber\u00eda ser una interpretaci\u00f3n del presidente de la C\u00e1mara y los grupos que la normalizaci\u00f3n del asturiano sea una realidad en el Parlamento asturiano.<\/p>\n<p>As\u00ed ha recordado que a trav\u00e9s de una resoluci\u00f3n del presidente de la C\u00e1mara se pueden poner en marcha soluciones a los problemas concretos, sobre todo si lo que significa es aplicar la ley del asturiano en el Parlamento.<\/p>\n<p>\u00abNo s\u00f3lo hay una v\u00eda a medio plazo como es la reforma del reglamento sino que a corto plazo hay otra v\u00eda que es que el presidente mediante resoluci\u00f3n lo establezca, como se hace con las preguntas del presidente\u00bb, ha dicho Llamazares, que ha a\u00f1adido que \u00absi se utilizase el asturiano en la Junta con normalidad no hubiese pasado esto\u00bb.<\/p>\n<p>La preocupaci\u00f3n por este asunto por parte de IU le lleva a preguntar esta semana en el Pleno al consejo de Gobierno sobre las medidas que lleva a cabo para la normalizaci\u00f3n y uso del asturiano.<\/p>\n<p>Por su parte desde Podemos, Emilio Le\u00f3n, ha manifestado que el uso del asturiano en el parlamento \u00abse tiene que normalizar\u00bb y ha indicado que su grupo no entiende que el PP se empe\u00f1e en hablar de este asunto y no de otros como explicar sus casos de corrupci\u00f3n.<\/p>\n<p>La portavoz de Foro, Cristina Coto, ha reiterado que su grupo apoyar\u00e1, siempre y cuando se den las circunstancias pol\u00edticas y el consenso social la reforma del estatuto, pero \u00abno parece que ahora se den esas circunstancias\u00bb.<\/p>\n<p>Ha a\u00f1adido que en el uso del asturiano en el Parlamento la legislaci\u00f3n es clara y su grupo no apoyar\u00e1 ninguna postura que no tenga base legal.<\/p>\n<p>Mientras, el portavoz de Ciudadanos, Nicanor Garc\u00eda, ha indicado que su grupo considera que en el seno de esa comisi\u00f3n se deben utilizar las dos lenguas tanto en las comunicaciones orales como escritas. As\u00ed mismo Ciudadanos se mostrar\u00eda dispuesto a la modificaci\u00f3n del Reglamento.<\/p>\n<p>NEGATIVA DEL PP<\/p>\n<p>Por su parte el diputado del PP, Jos\u00e9 Agust\u00edn Cuervas Mons ha indicado que su grupo no ha podido analizar el informe del Letrado. Al margen de dicho informe ha insistido en que la postura del PP sigue siendo la misma, que pasa por el uso del castellano en las convocatorias oficiales.<\/p>\n","protected":false},"excerpt":{"rendered":"<p>Un fallo inform\u00e1tico ha impedido a la Junta de Portavoces de este lunes abordar el informe del Letrado sobre el uso del asturiano en el Parlamento al no haber podido conocer el texto con el tiempo suficiente. No obstante los diferentes grupos han mostrado sus diferencias al respecto y sus distintas interpretaciones de dicho informe. [&hellip;]<\/p>\n","protected":false},"author":1,"featured_media":772035,"comment_status":"closed","ping_status":"closed","sticky":false,"template":"","format":"standard","meta":{"footnotes":""},"categories":[12],"tags":[],"class_list":["post-861145","post","type-post","status-publish","format-standard","has-post-thumbnail","hentry","category-actualidad-asturias"],"aioseo_notices":[],"aioseo_head":"\n\t\t<!-- All in One SEO Pro 4.9.6.2 - aioseo.com -->\n\t<meta name=\"description\" content=\"Un fallo inform\u00e1tico ha impedido a la Junta de Portavoces de este lunes abordar el informe del Letrado sobre el uso del asturiano en el Parlamento al no haber podido conocer el texto con el tiempo suficiente. No obstante los diferentes grupos han mostrado sus diferencias al respecto y sus distintas interpretaciones de dicho informe.\" \/>\n\t<meta name=\"robots\" content=\"max-image-preview:large\" \/>\n\t<meta name=\"author\" content=\"El Digital de Asturias\"\/>\n\t<meta name=\"google-site-verification\" content=\"UA-38556648-1\" \/>\n\t<meta name=\"msvalidate.01\" content=\"7dfe9f3f1b24437ab69f4f2559babe99\" \/>\n\t<meta name=\"keywords\" content=\"actualidad asturias\" \/>\n\t<link rel=\"canonical\" href=\"https:\/\/www.eldigitaldeasturias.com\/noticias\/el-uso-del-asturiano-en-el-parlamento-sigue-dividiendo-a-los-grupos\/\" \/>\n\t<meta name=\"generator\" content=\"All in One SEO Pro (AIOSEO) 4.9.6.2\" \/>\n\t\t<meta property=\"og:locale\" content=\"es_ES\" \/>\n\t\t<meta property=\"og:site_name\" content=\"El Digital de Asturias\" \/>\n\t\t<meta property=\"og:type\" content=\"article\" \/>\n\t\t<meta property=\"og:title\" content=\"El uso del asturiano en el Parlamento sigue dividiendo a los grupos - El Digital de Asturias\" \/>\n\t\t<meta property=\"og:description\" content=\"Un fallo inform\u00e1tico ha impedido a la Junta de Portavoces de este lunes abordar el informe del Letrado sobre el uso del asturiano en el Parlamento al no haber podido conocer el texto con el tiempo suficiente. No obstante los diferentes grupos han mostrado sus diferencias al respecto y sus distintas interpretaciones de dicho informe.\" \/>\n\t\t<meta property=\"og:url\" content=\"https:\/\/www.eldigitaldeasturias.com\/noticias\/el-uso-del-asturiano-en-el-parlamento-sigue-dividiendo-a-los-grupos\/\" \/>\n\t\t<meta property=\"og:image\" content=\"https:\/\/www.eldigitaldeasturias.com\/noticias\/wp-content\/uploads\/2015\/03\/2015_03_13-Presidente-Principado-en-la-JGPA-1.jpg\" \/>\n\t\t<meta property=\"og:image:secure_url\" content=\"https:\/\/www.eldigitaldeasturias.com\/noticias\/wp-content\/uploads\/2015\/03\/2015_03_13-Presidente-Principado-en-la-JGPA-1.jpg\" \/>\n\t\t<meta property=\"og:image:width\" content=\"2560\" \/>\n\t\t<meta property=\"og:image:height\" content=\"1933\" \/>\n\t\t<meta property=\"article:tag\" content=\"actualidad asturias\" \/>\n\t\t<meta property=\"article:published_time\" content=\"2016-02-23T05:21:06+00:00\" \/>\n\t\t<meta property=\"article:modified_time\" content=\"2016-02-23T05:21:06+00:00\" \/>\n\t\t<meta property=\"article:publisher\" content=\"https:\/\/facebook.com\/eldigitaldeasturias\" \/>\n\t\t<meta name=\"twitter:card\" content=\"summary_large_image\" \/>\n\t\t<meta name=\"twitter:title\" content=\"El uso del asturiano en el Parlamento sigue dividiendo a los grupos - El Digital de Asturias\" \/>\n\t\t<meta name=\"twitter:description\" content=\"Un fallo inform\u00e1tico ha impedido a la Junta de Portavoces de este lunes abordar el informe del Letrado sobre el uso del asturiano en el Parlamento al no haber podido conocer el texto con el tiempo suficiente. No obstante los diferentes grupos han mostrado sus diferencias al respecto y sus distintas interpretaciones de dicho informe.\" \/>\n\t\t<meta name=\"twitter:image\" content=\"https:\/\/www.eldigitaldeasturias.com\/noticias\/wp-content\/uploads\/2015\/03\/2015_03_13-Presidente-Principado-en-la-JGPA-1.jpg\" \/>\n\t\t<meta name=\"twitter:label1\" content=\"Escrito por\" \/>\n\t\t<meta name=\"twitter:data1\" content=\"El Digital de Asturias\" \/>\n\t\t<meta name=\"twitter:label2\" content=\"Tiempo de lectura estimado\" \/>\n\t\t<meta name=\"twitter:data2\" content=\"3 minutos\" \/>\n\t\t<script type=\"application\/ld+json\" class=\"aioseo-schema\">\n\t\t\t{\"@context\":\"https:\\\/\\\/schema.org\",\"@graph\":[{\"@type\":\"BlogPosting\",\"@id\":\"https:\\\/\\\/www.eldigitaldeasturias.com\\\/noticias\\\/el-uso-del-asturiano-en-el-parlamento-sigue-dividiendo-a-los-grupos\\\/#blogposting\",\"name\":\"El uso del asturiano en el Parlamento sigue dividiendo a los grupos - El Digital de Asturias\",\"headline\":\"El uso del asturiano en el Parlamento sigue dividiendo a los grupos\",\"author\":{\"@id\":\"https:\\\/\\\/www.eldigitaldeasturias.com\\\/noticias\\\/author\\\/admin\\\/#author\"},\"publisher\":{\"@id\":\"https:\\\/\\\/www.eldigitaldeasturias.com\\\/noticias\\\/#organization\"},\"image\":{\"@type\":\"ImageObject\",\"url\":\"https:\\\/\\\/www.eldigitaldeasturias.com\\\/noticias\\\/wp-content\\\/uploads\\\/2015\\\/03\\\/2015_03_13-Presidente-Principado-en-la-JGPA-1.jpg\",\"width\":2560,\"height\":1933},\"datePublished\":\"2016-02-23T05:21:06+01:00\",\"dateModified\":\"2016-02-23T05:21:06+01:00\",\"inLanguage\":\"es-ES\",\"mainEntityOfPage\":{\"@id\":\"https:\\\/\\\/www.eldigitaldeasturias.com\\\/noticias\\\/el-uso-del-asturiano-en-el-parlamento-sigue-dividiendo-a-los-grupos\\\/#webpage\"},\"isPartOf\":{\"@id\":\"https:\\\/\\\/www.eldigitaldeasturias.com\\\/noticias\\\/el-uso-del-asturiano-en-el-parlamento-sigue-dividiendo-a-los-grupos\\\/#webpage\"},\"articleSection\":\"Actualidad Asturias\"},{\"@type\":\"BreadcrumbList\",\"@id\":\"https:\\\/\\\/www.eldigitaldeasturias.com\\\/noticias\\\/el-uso-del-asturiano-en-el-parlamento-sigue-dividiendo-a-los-grupos\\\/#breadcrumblist\",\"itemListElement\":[{\"@type\":\"ListItem\",\"@id\":\"https:\\\/\\\/www.eldigitaldeasturias.com\\\/noticias#listItem\",\"position\":1,\"name\":\"Home\",\"item\":\"https:\\\/\\\/www.eldigitaldeasturias.com\\\/noticias\",\"nextItem\":{\"@type\":\"ListItem\",\"@id\":\"https:\\\/\\\/www.eldigitaldeasturias.com\\\/noticias\\\/category\\\/actualidad-asturias\\\/#listItem\",\"name\":\"Actualidad Asturias\"}},{\"@type\":\"ListItem\",\"@id\":\"https:\\\/\\\/www.eldigitaldeasturias.com\\\/noticias\\\/category\\\/actualidad-asturias\\\/#listItem\",\"position\":2,\"name\":\"Actualidad Asturias\",\"item\":\"https:\\\/\\\/www.eldigitaldeasturias.com\\\/noticias\\\/category\\\/actualidad-asturias\\\/\",\"nextItem\":{\"@type\":\"ListItem\",\"@id\":\"https:\\\/\\\/www.eldigitaldeasturias.com\\\/noticias\\\/el-uso-del-asturiano-en-el-parlamento-sigue-dividiendo-a-los-grupos\\\/#listItem\",\"name\":\"El uso del asturiano en el Parlamento sigue dividiendo a los grupos\"},\"previousItem\":{\"@type\":\"ListItem\",\"@id\":\"https:\\\/\\\/www.eldigitaldeasturias.com\\\/noticias#listItem\",\"name\":\"Home\"}},{\"@type\":\"ListItem\",\"@id\":\"https:\\\/\\\/www.eldigitaldeasturias.com\\\/noticias\\\/el-uso-del-asturiano-en-el-parlamento-sigue-dividiendo-a-los-grupos\\\/#listItem\",\"position\":3,\"name\":\"El uso del asturiano en el Parlamento sigue dividiendo a los grupos\",\"previousItem\":{\"@type\":\"ListItem\",\"@id\":\"https:\\\/\\\/www.eldigitaldeasturias.com\\\/noticias\\\/category\\\/actualidad-asturias\\\/#listItem\",\"name\":\"Actualidad Asturias\"}}]},{\"@type\":\"Organization\",\"@id\":\"https:\\\/\\\/www.eldigitaldeasturias.com\\\/noticias\\\/#organization\",\"name\":\"El Digital de Asturias\",\"description\":\"Hemeroteca\",\"url\":\"https:\\\/\\\/www.eldigitaldeasturias.com\\\/noticias\\\/\",\"email\":\"info@eldigitaldeasturias.com\",\"telephone\":\"+34652131393\",\"logo\":{\"@type\":\"ImageObject\",\"url\":\"https:\\\/\\\/www.eldigitaldeasturias.com\\\/noticias\\\/wp-content\\\/uploads\\\/2020\\\/12\\\/EDA.jpg\",\"@id\":\"https:\\\/\\\/www.eldigitaldeasturias.com\\\/noticias\\\/el-uso-del-asturiano-en-el-parlamento-sigue-dividiendo-a-los-grupos\\\/#organizationLogo\",\"width\":649,\"height\":297},\"image\":{\"@id\":\"https:\\\/\\\/www.eldigitaldeasturias.com\\\/noticias\\\/el-uso-del-asturiano-en-el-parlamento-sigue-dividiendo-a-los-grupos\\\/#organizationLogo\"},\"sameAs\":[\"https:\\\/\\\/facebook.com\\\/eldigitaldeasturias\",\"https:\\\/\\\/www.youtube.com\\\/channel\\\/UCZP-2wLEB9Rv6erhFmqVnvg\"],\"address\":{\"@id\":\"https:\\\/\\\/www.eldigitaldeasturias.com\\\/noticias\\\/#postaladdress\",\"@type\":\"PostalAddress\",\"streetAddress\":\"san antonio 4,\",\"postalCode\":\"33430\",\"addressLocality\":\"Cand\\u00e1s\",\"addressRegion\":\"Asturias\",\"addressCountry\":\"ES\"}},{\"@type\":\"Person\",\"@id\":\"https:\\\/\\\/www.eldigitaldeasturias.com\\\/noticias\\\/author\\\/admin\\\/#author\",\"url\":\"https:\\\/\\\/www.eldigitaldeasturias.com\\\/noticias\\\/author\\\/admin\\\/\",\"name\":\"El Digital de Asturias\",\"image\":{\"@type\":\"ImageObject\",\"@id\":\"https:\\\/\\\/www.eldigitaldeasturias.com\\\/noticias\\\/el-uso-del-asturiano-en-el-parlamento-sigue-dividiendo-a-los-grupos\\\/#authorImage\",\"url\":\"https:\\\/\\\/www.eldigitaldeasturias.com\\\/noticias\\\/wp-content\\\/litespeed\\\/avatar\\\/18677e78aa0546b92d9dbf31ec7d7668.jpg?ver=1777290358\",\"width\":96,\"height\":96,\"caption\":\"El Digital de Asturias\"}},{\"@type\":\"WebPage\",\"@id\":\"https:\\\/\\\/www.eldigitaldeasturias.com\\\/noticias\\\/el-uso-del-asturiano-en-el-parlamento-sigue-dividiendo-a-los-grupos\\\/#webpage\",\"url\":\"https:\\\/\\\/www.eldigitaldeasturias.com\\\/noticias\\\/el-uso-del-asturiano-en-el-parlamento-sigue-dividiendo-a-los-grupos\\\/\",\"name\":\"El uso del asturiano en el Parlamento sigue dividiendo a los grupos - El Digital de Asturias\",\"description\":\"Un fallo inform\\u00e1tico ha impedido a la Junta de Portavoces de este lunes abordar el informe del Letrado sobre el uso del asturiano en el Parlamento al no haber podido conocer el texto con el tiempo suficiente. No obstante los diferentes grupos han mostrado sus diferencias al respecto y sus distintas interpretaciones de dicho informe.\",\"inLanguage\":\"es-ES\",\"isPartOf\":{\"@id\":\"https:\\\/\\\/www.eldigitaldeasturias.com\\\/noticias\\\/#website\"},\"breadcrumb\":{\"@id\":\"https:\\\/\\\/www.eldigitaldeasturias.com\\\/noticias\\\/el-uso-del-asturiano-en-el-parlamento-sigue-dividiendo-a-los-grupos\\\/#breadcrumblist\"},\"author\":{\"@id\":\"https:\\\/\\\/www.eldigitaldeasturias.com\\\/noticias\\\/author\\\/admin\\\/#author\"},\"creator\":{\"@id\":\"https:\\\/\\\/www.eldigitaldeasturias.com\\\/noticias\\\/author\\\/admin\\\/#author\"},\"image\":{\"@type\":\"ImageObject\",\"url\":\"https:\\\/\\\/www.eldigitaldeasturias.com\\\/noticias\\\/wp-content\\\/uploads\\\/2015\\\/03\\\/2015_03_13-Presidente-Principado-en-la-JGPA-1.jpg\",\"@id\":\"https:\\\/\\\/www.eldigitaldeasturias.com\\\/noticias\\\/el-uso-del-asturiano-en-el-parlamento-sigue-dividiendo-a-los-grupos\\\/#mainImage\",\"width\":2560,\"height\":1933},\"primaryImageOfPage\":{\"@id\":\"https:\\\/\\\/www.eldigitaldeasturias.com\\\/noticias\\\/el-uso-del-asturiano-en-el-parlamento-sigue-dividiendo-a-los-grupos\\\/#mainImage\"},\"datePublished\":\"2016-02-23T05:21:06+01:00\",\"dateModified\":\"2016-02-23T05:21:06+01:00\"},{\"@type\":\"WebSite\",\"@id\":\"https:\\\/\\\/www.eldigitaldeasturias.com\\\/noticias\\\/#website\",\"url\":\"https:\\\/\\\/www.eldigitaldeasturias.com\\\/noticias\\\/\",\"name\":\"El Digital de Asturias - Diario de actualidad y noticias\",\"alternateName\":\"El Digital de Asturias - Diario de actualidad y noticias\",\"description\":\"Hemeroteca\",\"inLanguage\":\"es-ES\",\"publisher\":{\"@id\":\"https:\\\/\\\/www.eldigitaldeasturias.com\\\/noticias\\\/#organization\"}}]}\n\t\t<\/script>\n\t\t<!-- All in One SEO Pro -->\r\n\t\t<title>El uso del asturiano en el Parlamento sigue dividiendo a los grupos - El Digital de Asturias<\/title>\n\n","aioseo_head_json":{"title":"El uso del asturiano en el Parlamento sigue dividiendo a los grupos - El Digital de Asturias","description":"Un fallo inform\u00e1tico ha impedido a la Junta de Portavoces de este lunes abordar el informe del Letrado sobre el uso del asturiano en el Parlamento al no haber podido conocer el texto con el tiempo suficiente. No obstante los diferentes grupos han mostrado sus diferencias al respecto y sus distintas interpretaciones de dicho informe.","canonical_url":"https:\/\/www.eldigitaldeasturias.com\/noticias\/el-uso-del-asturiano-en-el-parlamento-sigue-dividiendo-a-los-grupos\/","robots":"max-image-preview:large","keywords":"actualidad asturias","webmasterTools":{"google-site-verification":"UA-38556648-1","msvalidate.01":"7dfe9f3f1b24437ab69f4f2559babe99","miscellaneous":""},"schema":{"@context":"https:\/\/schema.org","@graph":[{"@type":"BlogPosting","@id":"https:\/\/www.eldigitaldeasturias.com\/noticias\/el-uso-del-asturiano-en-el-parlamento-sigue-dividiendo-a-los-grupos\/#blogposting","name":"El uso del asturiano en el Parlamento sigue dividiendo a los grupos - El Digital de Asturias","headline":"El uso del asturiano en el Parlamento sigue dividiendo a los grupos","author":{"@id":"https:\/\/www.eldigitaldeasturias.com\/noticias\/author\/admin\/#author"},"publisher":{"@id":"https:\/\/www.eldigitaldeasturias.com\/noticias\/#organization"},"image":{"@type":"ImageObject","url":"https:\/\/www.eldigitaldeasturias.com\/noticias\/wp-content\/uploads\/2015\/03\/2015_03_13-Presidente-Principado-en-la-JGPA-1.jpg","width":2560,"height":1933},"datePublished":"2016-02-23T05:21:06+01:00","dateModified":"2016-02-23T05:21:06+01:00","inLanguage":"es-ES","mainEntityOfPage":{"@id":"https:\/\/www.eldigitaldeasturias.com\/noticias\/el-uso-del-asturiano-en-el-parlamento-sigue-dividiendo-a-los-grupos\/#webpage"},"isPartOf":{"@id":"https:\/\/www.eldigitaldeasturias.com\/noticias\/el-uso-del-asturiano-en-el-parlamento-sigue-dividiendo-a-los-grupos\/#webpage"},"articleSection":"Actualidad Asturias"},{"@type":"BreadcrumbList","@id":"https:\/\/www.eldigitaldeasturias.com\/noticias\/el-uso-del-asturiano-en-el-parlamento-sigue-dividiendo-a-los-grupos\/#breadcrumblist","itemListElement":[{"@type":"ListItem","@id":"https:\/\/www.eldigitaldeasturias.com\/noticias#listItem","position":1,"name":"Home","item":"https:\/\/www.eldigitaldeasturias.com\/noticias","nextItem":{"@type":"ListItem","@id":"https:\/\/www.eldigitaldeasturias.com\/noticias\/category\/actualidad-asturias\/#listItem","name":"Actualidad Asturias"}},{"@type":"ListItem","@id":"https:\/\/www.eldigitaldeasturias.com\/noticias\/category\/actualidad-asturias\/#listItem","position":2,"name":"Actualidad Asturias","item":"https:\/\/www.eldigitaldeasturias.com\/noticias\/category\/actualidad-asturias\/","nextItem":{"@type":"ListItem","@id":"https:\/\/www.eldigitaldeasturias.com\/noticias\/el-uso-del-asturiano-en-el-parlamento-sigue-dividiendo-a-los-grupos\/#listItem","name":"El uso del asturiano en el Parlamento sigue dividiendo a los grupos"},"previousItem":{"@type":"ListItem","@id":"https:\/\/www.eldigitaldeasturias.com\/noticias#listItem","name":"Home"}},{"@type":"ListItem","@id":"https:\/\/www.eldigitaldeasturias.com\/noticias\/el-uso-del-asturiano-en-el-parlamento-sigue-dividiendo-a-los-grupos\/#listItem","position":3,"name":"El uso del asturiano en el Parlamento sigue dividiendo a los grupos","previousItem":{"@type":"ListItem","@id":"https:\/\/www.eldigitaldeasturias.com\/noticias\/category\/actualidad-asturias\/#listItem","name":"Actualidad Asturias"}}]},{"@type":"Organization","@id":"https:\/\/www.eldigitaldeasturias.com\/noticias\/#organization","name":"El Digital de Asturias","description":"Hemeroteca","url":"https:\/\/www.eldigitaldeasturias.com\/noticias\/","email":"info@eldigitaldeasturias.com","telephone":"+34652131393","logo":{"@type":"ImageObject","url":"https:\/\/www.eldigitaldeasturias.com\/noticias\/wp-content\/uploads\/2020\/12\/EDA.jpg","@id":"https:\/\/www.eldigitaldeasturias.com\/noticias\/el-uso-del-asturiano-en-el-parlamento-sigue-dividiendo-a-los-grupos\/#organizationLogo","width":649,"height":297},"image":{"@id":"https:\/\/www.eldigitaldeasturias.com\/noticias\/el-uso-del-asturiano-en-el-parlamento-sigue-dividiendo-a-los-grupos\/#organizationLogo"},"sameAs":["https:\/\/facebook.com\/eldigitaldeasturias","https:\/\/www.youtube.com\/channel\/UCZP-2wLEB9Rv6erhFmqVnvg"],"address":{"@id":"https:\/\/www.eldigitaldeasturias.com\/noticias\/#postaladdress","@type":"PostalAddress","streetAddress":"san antonio 4,","postalCode":"33430","addressLocality":"Cand\u00e1s","addressRegion":"Asturias","addressCountry":"ES"}},{"@type":"Person","@id":"https:\/\/www.eldigitaldeasturias.com\/noticias\/author\/admin\/#author","url":"https:\/\/www.eldigitaldeasturias.com\/noticias\/author\/admin\/","name":"El Digital de Asturias","image":{"@type":"ImageObject","@id":"https:\/\/www.eldigitaldeasturias.com\/noticias\/el-uso-del-asturiano-en-el-parlamento-sigue-dividiendo-a-los-grupos\/#authorImage","url":"https:\/\/www.eldigitaldeasturias.com\/noticias\/wp-content\/litespeed\/avatar\/18677e78aa0546b92d9dbf31ec7d7668.jpg?ver=1777290358","width":96,"height":96,"caption":"El Digital de Asturias"}},{"@type":"WebPage","@id":"https:\/\/www.eldigitaldeasturias.com\/noticias\/el-uso-del-asturiano-en-el-parlamento-sigue-dividiendo-a-los-grupos\/#webpage","url":"https:\/\/www.eldigitaldeasturias.com\/noticias\/el-uso-del-asturiano-en-el-parlamento-sigue-dividiendo-a-los-grupos\/","name":"El uso del asturiano en el Parlamento sigue dividiendo a los grupos - El Digital de Asturias","description":"Un fallo inform\u00e1tico ha impedido a la Junta de Portavoces de este lunes abordar el informe del Letrado sobre el uso del asturiano en el Parlamento al no haber podido conocer el texto con el tiempo suficiente. No obstante los diferentes grupos han mostrado sus diferencias al respecto y sus distintas interpretaciones de dicho informe.","inLanguage":"es-ES","isPartOf":{"@id":"https:\/\/www.eldigitaldeasturias.com\/noticias\/#website"},"breadcrumb":{"@id":"https:\/\/www.eldigitaldeasturias.com\/noticias\/el-uso-del-asturiano-en-el-parlamento-sigue-dividiendo-a-los-grupos\/#breadcrumblist"},"author":{"@id":"https:\/\/www.eldigitaldeasturias.com\/noticias\/author\/admin\/#author"},"creator":{"@id":"https:\/\/www.eldigitaldeasturias.com\/noticias\/author\/admin\/#author"},"image":{"@type":"ImageObject","url":"https:\/\/www.eldigitaldeasturias.com\/noticias\/wp-content\/uploads\/2015\/03\/2015_03_13-Presidente-Principado-en-la-JGPA-1.jpg","@id":"https:\/\/www.eldigitaldeasturias.com\/noticias\/el-uso-del-asturiano-en-el-parlamento-sigue-dividiendo-a-los-grupos\/#mainImage","width":2560,"height":1933},"primaryImageOfPage":{"@id":"https:\/\/www.eldigitaldeasturias.com\/noticias\/el-uso-del-asturiano-en-el-parlamento-sigue-dividiendo-a-los-grupos\/#mainImage"},"datePublished":"2016-02-23T05:21:06+01:00","dateModified":"2016-02-23T05:21:06+01:00"},{"@type":"WebSite","@id":"https:\/\/www.eldigitaldeasturias.com\/noticias\/#website","url":"https:\/\/www.eldigitaldeasturias.com\/noticias\/","name":"El Digital de Asturias - Diario de actualidad y noticias","alternateName":"El Digital de Asturias - Diario de actualidad y noticias","description":"Hemeroteca","inLanguage":"es-ES","publisher":{"@id":"https:\/\/www.eldigitaldeasturias.com\/noticias\/#organization"}}]},"og:locale":"es_ES","og:site_name":"El Digital de Asturias","og:type":"article","og:title":"El uso del asturiano en el Parlamento sigue dividiendo a los grupos - El Digital de Asturias","og:description":"Un fallo inform\u00e1tico ha impedido a la Junta de Portavoces de este lunes abordar el informe del Letrado sobre el uso del asturiano en el Parlamento al no haber podido conocer el texto con el tiempo suficiente. No obstante los diferentes grupos han mostrado sus diferencias al respecto y sus distintas interpretaciones de dicho informe.","og:url":"https:\/\/www.eldigitaldeasturias.com\/noticias\/el-uso-del-asturiano-en-el-parlamento-sigue-dividiendo-a-los-grupos\/","og:image":"https:\/\/www.eldigitaldeasturias.com\/noticias\/wp-content\/uploads\/2015\/03\/2015_03_13-Presidente-Principado-en-la-JGPA-1.jpg","og:image:secure_url":"https:\/\/www.eldigitaldeasturias.com\/noticias\/wp-content\/uploads\/2015\/03\/2015_03_13-Presidente-Principado-en-la-JGPA-1.jpg","og:image:width":2560,"og:image:height":1933,"article:tag":["actualidad asturias"],"article:published_time":"2016-02-23T05:21:06+00:00","article:modified_time":"2016-02-23T05:21:06+00:00","article:publisher":"https:\/\/facebook.com\/eldigitaldeasturias","twitter:card":"summary_large_image","twitter:title":"El uso del asturiano en el Parlamento sigue dividiendo a los grupos - El Digital de Asturias","twitter:description":"Un fallo inform\u00e1tico ha impedido a la Junta de Portavoces de este lunes abordar el informe del Letrado sobre el uso del asturiano en el Parlamento al no haber podido conocer el texto con el tiempo suficiente. No obstante los diferentes grupos han mostrado sus diferencias al respecto y sus distintas interpretaciones de dicho informe.","twitter:image":"https:\/\/www.eldigitaldeasturias.com\/noticias\/wp-content\/uploads\/2015\/03\/2015_03_13-Presidente-Principado-en-la-JGPA-1.jpg","twitter:label1":"Escrito por","twitter:data1":"El Digital de Asturias","twitter:label2":"Tiempo de lectura estimado","twitter:data2":"3 minutos"},"aioseo_meta_data":{"post_id":"861145","title":null,"description":null,"keywords":null,"keyphrases":null,"primary_term":null,"canonical_url":null,"og_title":null,"og_description":null,"og_object_type":"default","og_image_type":"default","og_image_url":null,"og_image_width":null,"og_image_height":null,"og_image_custom_url":null,"og_image_custom_fields":null,"og_video":null,"og_custom_url":null,"og_article_section":null,"og_article_tags":null,"twitter_use_og":false,"twitter_card":"default","twitter_image_type":"default","twitter_image_url":null,"twitter_image_custom_url":null,"twitter_image_custom_fields":null,"twitter_title":null,"twitter_description":null,"schema":{"blockGraphs":[],"customGraphs":[],"default":{"data":{"Article":[],"Course":[],"Dataset":[],"FAQPage":[],"Movie":[],"Person":[],"Product":[],"ProductReview":[],"Car":[],"Recipe":[],"Service":[],"SoftwareApplication":[],"WebPage":[]},"graphName":"","isEnabled":true},"graphs":[],"defaultGraph":"","defaultPostTypeGraph":""},"schema_type":null,"schema_type_options":null,"pillar_content":false,"robots_default":true,"robots_noindex":false,"robots_noarchive":false,"robots_nosnippet":false,"robots_nofollow":false,"robots_noimageindex":false,"robots_noodp":false,"robots_notranslate":false,"robots_max_snippet":null,"robots_max_videopreview":null,"robots_max_imagepreview":"large","priority":null,"frequency":null,"local_seo":null,"seo_analyzer_scan_date":"2025-12-10 20:13:05","breadcrumb_settings":null,"limit_modified_date":false,"open_ai":null,"ai":null,"created":"2021-01-23 14:59:12","updated":"2025-12-10 20:13:05"},"aioseo_breadcrumb":"<div class=\"aioseo-breadcrumbs\"><span class=\"aioseo-breadcrumb\">\n\t<a href=\"https:\/\/www.eldigitaldeasturias.com\/noticias\" title=\"Home\">Home<\/a>\n<\/span><span class=\"aioseo-breadcrumb-separator\">\u2013<\/span><span class=\"aioseo-breadcrumb\">\n\t<a href=\"https:\/\/www.eldigitaldeasturias.com\/noticias\/category\/actualidad-asturias\/\" title=\"Actualidad Asturias\">Actualidad Asturias<\/a>\n<\/span><span class=\"aioseo-breadcrumb-separator\">\u2013<\/span><span class=\"aioseo-breadcrumb\">\n\t<a href=\"https:\/\/www.eldigitaldeasturias.com\/noticias\/el-uso-del-asturiano-en-el-parlamento-sigue-dividiendo-a-los-grupos\/\" title=\"El uso del asturiano en el Parlamento sigue dividiendo a los grupos\">El uso del asturiano en el Parlamento sigue dividiendo a los grupos<\/a>\n<\/span><\/div>","aioseo_breadcrumb_json":[{"label":"Home","link":"https:\/\/www.eldigitaldeasturias.com\/noticias"},{"label":"Actualidad Asturias","link":"https:\/\/www.eldigitaldeasturias.com\/noticias\/category\/actualidad-asturias\/"},{"label":"El uso del asturiano en el Parlamento sigue dividiendo a los grupos","link":"https:\/\/www.eldigitaldeasturias.com\/noticias\/el-uso-del-asturiano-en-el-parlamento-sigue-dividiendo-a-los-grupos\/"}],"_links":{"self":[{"href":"https:\/\/www.eldigitaldeasturias.com\/noticias\/wp-json\/wp\/v2\/posts\/861145","targetHints":{"allow":["GET"]}}],"collection":[{"href":"https:\/\/www.eldigitaldeasturias.com\/noticias\/wp-json\/wp\/v2\/posts"}],"about":[{"href":"https:\/\/www.eldigitaldeasturias.com\/noticias\/wp-json\/wp\/v2\/types\/post"}],"author":[{"embeddable":true,"href":"https:\/\/www.eldigitaldeasturias.com\/noticias\/wp-json\/wp\/v2\/users\/1"}],"replies":[{"embeddable":true,"href":"https:\/\/www.eldigitaldeasturias.com\/noticias\/wp-json\/wp\/v2\/comments?post=861145"}],"version-history":[{"count":0,"href":"https:\/\/www.eldigitaldeasturias.com\/noticias\/wp-json\/wp\/v2\/posts\/861145\/revisions"}],"wp:featuredmedia":[{"embeddable":true,"href":"https:\/\/www.eldigitaldeasturias.com\/noticias\/wp-json\/wp\/v2\/media\/772035"}],"wp:attachment":[{"href":"https:\/\/www.eldigitaldeasturias.com\/noticias\/wp-json\/wp\/v2\/media?parent=861145"}],"wp:term":[{"taxonomy":"category","embeddable":true,"href":"https:\/\/www.eldigitaldeasturias.com\/noticias\/wp-json\/wp\/v2\/categories?post=861145"},{"taxonomy":"post_tag","embeddable":true,"href":"https:\/\/www.eldigitaldeasturias.com\/noticias\/wp-json\/wp\/v2\/tags?post=861145"}],"curies":[{"name":"wp","href":"https:\/\/api.w.org\/{rel}","templated":true}]}}